




{"id":37608,"date":"2013-05-20T23:39:00","date_gmt":"2013-05-20T20:39:00","guid":{"rendered":"http:\/\/qtmm.org\/?p=37608"},"modified":"2022-01-23T23:39:39","modified_gmt":"2022-01-23T20:39:39","slug":"laheyde-mayis-18-surgun-qurbanlarinin-hatirasi-anildi-ve-mogilovga-naraziliq-bildirildi","status":"publish","type":"post","link":"https:\/\/qtmm.org\/qt\/laheyde-mayis-18-surgun-qurbanlarinin-hatirasi-anildi-ve-mogilovga-naraziliq-bildirildi\/","title":{"rendered":"Laheyde mayis 18 s\u00fcrg\u00fcn qurbanlarini\u00f1 hatirasi a\u00f1ildi ve Mogil\u00f6v\u011fa naraziliq bildirildi"},"content":{"rendered":"\n<p>Avropan\u0131\u00f1 diger merkezlerinden kelgen vekiller ile beraber Hollandada ilk kere miting te\u015fkil\u00e2tland\u0131r\u0131ld\u0131.<\/p>\n\n\n\n<p>Naraz\u0131l\u0131q mitinginde Hollanda Musulman Paltformas\u0131n\u0131\u00f1 ba\u015f\u0131 Ebubekir \u00d6zt\u0171re, Avropal\u0131 T\u0171rk Demokratlar Birligi Hollanda Ba\u015fqan\u0131 Veyis G\u0171ng\u0151r, Hollanda T\u0171rk \u0130slam K\u0171lt\u0171r Dernekleri Federatsiyas\u0131n\u0131\u00f1 ba\u015f\u0131 Arif Yak\u0131\u015f\u0131r, Hollanda T\u00fcrk Federatsiyas\u0131 Gen\u00e7lik Qollar\u0131 Ba\u015fqan\u0131 Ahmet \u00c7\u00f6mlek\u00e7i, Mozaik K\u0171lt\u0171r ve Sanat Ba\u015fqan\u0131 Ali \u0130hsan \u00dcnal da qat\u0131laraq destek berdiler.<\/p>\n\n\n\n<p>Ayr\u0131ca a\u00f1ma merasiminde Qazan Tatarlarn\u0131 temsil etken G\u00fcl Sultaneva da bulund\u0131. Laheyde yap\u0131l\u011fan tedbir munasebetinen Avropa Parlamentinde Hollanda milletvekili Emine Bozqurt da q\u0131r\u0131mtatar halq\u0131 Meclisini\u00f1 Ba\u015fqanl\u0131\u011f\u0131na h\u0131taben bir mekt\u00fcp yazaraq, Q\u0131r\u0131m ba\u015f naziri A. Mogil\u00f6vn\u0131\u00f1 q\u0131r\u0131mtatarlar\u0131na nisbeten al\u0131p bar\u011fan adaletsiz siyaseti sebetinden tel\u00e2\u015f\u0131n\u0131 bildirdi.<\/p>\n\n\n\n<p>Ba\u015fta 1944 senesi s\u00fcrg\u00fcnlik, so\u00f1ra b\u00fct\u00fcn \u015feitlerni\u00f1 hat\u0131ras\u0131na ba\u011f\u0131\u015flan\u011fan say\u011f\u0131 turu\u015f\u0131 il\u00e2n etildi, Qurandan sureler oquld\u0131 ve milliy mar\u015f icra etildi.<\/p>\n\n\n\n<p>A\u00f1ma programmas\u0131nda \u00e7\u0131q\u0131\u015fta bulun\u011fan Meclisni\u00f1 Hollandada temsilcisi Dr.Mehmet T\u00fct\u00fcnci c\u00fcmleden b\u00f6yle dedi: &#8220;Bundan 69 y\u0131l evelsi 1944 senesi may\u0131s 18-de q\u0131r\u0131mtatarlar tarihiy yurtlar\u0131 Q\u0131r\u0131mdan vah\u015fiyane quvul\u0131p, ayvan ta\u015f\u0131\u011fan vagonlarda Sibir ve Orta Asiya \u00e7\u00f6llerine s\u00fcrg\u00fcn etildiler. Sovet rejimi taraf\u0131ndan s\u00fcrg\u00fcn etilgen 423 bi\u00f1 q\u0131r\u0131mtatarlarn\u0131\u00f1 46 fay\u0131z\u0131 22 k\u00fcn devam etken me\u015faqatl\u0131 yolcul\u0131q, so\u00f1ra a\u00e7l\u0131q, hastal\u0131qtan \u00f6ldiler. \u015eeitlerimizge Alla rahmet eylesin. Unutmad\u0131q, unutt\u0131rmam\u0131z&#8221;.<\/p>\n\n\n\n<p>Q\u0131r\u0131mtatar Milliy Meclisini\u00f1 Hollandada Temsilcisi Mehmet T\u00fct\u00fcnc\u00fc q\u0131r\u0131mtatarlarn\u0131\u00f1 soyq\u0131r\u0131m\u0131 qurbanlar\u0131n\u0131\u00f1 hat\u0131ras\u0131n\u0131 a\u00f1maq i\u00e7\u00fcn bu yerde toplan\u011fanlar\u0131n\u0131 s\u00f6yledi. Bun\u0131\u00f1 kibi de Q\u0131r\u0131m Ba\u015f naziri Mogil\u00f6vn\u0131\u00f1 q\u0131r\u0131mtatarlar\u011fa qar\u015f\u0131 davran\u0131\u015flar\u0131na naraz\u0131l\u0131q bildirerek, Ukraina \u00fck\u00fcmetinden tedbirler almas\u0131n\u0131 beklegenlerini aytt\u0131. Ukraina el\u00e7iligine naraz\u0131l\u0131q mekt\u00fcbini berirken, q\u0131r\u0131mtatarlarn\u0131\u00f1 bug\u00fcn Ukrainadaki vaziyetini t\u00fczetmek ricas\u0131 yaz\u0131l\u011fan\u0131n\u0131 bildirdi.<\/p>\n\n\n\n<p>Mogil\u00f6v ve yolba\u015f\u00e7\u0131l\u0131\u011f\u0131ndaki \u00fck\u00fcmet s\u00fcrg\u00fcn ve soyq\u0131r\u0131m qurbanlar\u0131n\u0131 a\u00f1ma\u011fa izin bermeyip, s\u00fcrg\u00fcnni\u00f1 qurbanlar\u0131n\u0131 unutt\u0131rma\u011fa t\u0131r\u0131\u015fqanlar\u0131n\u0131 s\u00f6ylep: &#8220;Biz bun\u0131 i\u00e7 bir \u015fekilde qabul etmemiz&#8221; &#8211; dedi. Tatarlarn\u0131\u00f1 daa da ma\u011frur olmalar\u0131 i\u00e7\u00fcn er angi yard\u0131mn\u0131 bermek kerekligini aytqan Mehmet T\u00fct\u00fcnci Hollanda Q\u0131r\u0131m Vaquf\u0131n\u0131\u00f1 ba\u015f\u0131 Mehmet Pekcan ile birlikte naraz\u0131l\u0131q mekt\u00fcbini el\u00e7ihaneni\u00f1 po\u00e7tas\u0131na ta\u015flad\u0131lar.<\/p>\n\n\n\n<p>Q\u0131r\u0131mtatar Meclisini\u00f1 Hollandada Temsilcisi Dr. Mehmet T\u00fct\u00fcnci ile k\u00f6r\u00fc\u015fken Ukraina B\u00fcy\u00fck el\u00e7isi \u00d6leksandr Horin ise yap\u0131l\u011fan a\u00f1ma t\u00f6renine New Yorkta oldu\u011fu i\u00e7\u00fcn qat\u0131lamaad\u0131, ancaq kelecek y\u0131l Ukraina El\u00e7iligi olaraq ortaq birmerasim ke\u00e7irmek teklifinde bulund\u0131.<\/p>\n","protected":false},"excerpt":{"rendered":"<p>Avropan\u0131\u00f1 diger merkezlerinden kelgen vekiller ile beraber Hollandada ilk kere miting te\u015fkil\u00e2tland\u0131r\u0131ld\u0131. Naraz\u0131l\u0131q mitinginde Hollanda Musulman Paltformas\u0131n\u0131\u00f1 ba\u015f\u0131 Ebubekir \u00d6zt\u0171re, Avropal\u0131 T\u0171rk Demokratlar Birligi Hollanda Ba\u015fqan\u0131 Veyis G\u0171ng\u0151r, Hollanda T\u0171rk \u0130slam K\u0171lt\u0171r Dernekleri Federatsiyas\u0131n\u0131\u00f1 ba\u015f\u0131 Arif Yak\u0131\u015f\u0131r, Hollanda T\u00fcrk Federatsiyas\u0131 Gen\u00e7lik Qollar\u0131 Ba\u015fqan\u0131 Ahmet \u00c7\u00f6mlek\u00e7i, Mozaik K\u0171lt\u0171r ve Sanat Ba\u015fqan\u0131 Ali \u0130hsan \u00dcnal da qat\u0131laraq [&hellip;]<\/p>\n","protected":false},"author":1,"featured_media":0,"comment_status":"open","ping_status":"open","sticky":false,"template":"","format":"standard","meta":{"inline_featured_image":false,"footnotes":""},"categories":[265],"tags":[],"class_list":["post-37608","post","type-post","status-publish","format-standard","hentry","category-haberler"],"acf":[],"yoast_head":"<!-- This site is optimized with the Yoast SEO plugin v27.4 - https:\/\/yoast.com\/product\/yoast-seo-wordpress\/ -->\n<title>Laheyde mayis 18 s\u00fcrg\u00fcn qurbanlarini\u00f1 hatirasi a\u00f1ildi ve Mogil\u00f6v\u011fa naraziliq bildirildi - \u041c\u0435\u0434\u0436\u043b\u0456\u0441<\/title>\n<meta name=\"robots\" content=\"index, follow, max-snippet:-1, max-image-preview:large, max-video-preview:-1\" \/>\n<link rel=\"canonical\" href=\"https:\/\/qtmm.org\/qt\/laheyde-mayis-18-surgun-qurbanlarinin-hatirasi-anildi-ve-mogilovga-naraziliq-bildirildi\/\" \/>\n<meta property=\"og:locale\" content=\"en_US\" \/>\n<meta property=\"og:type\" content=\"article\" \/>\n<meta property=\"og:title\" content=\"Laheyde mayis 18 s\u00fcrg\u00fcn qurbanlarini\u00f1 hatirasi a\u00f1ildi ve Mogil\u00f6v\u011fa naraziliq bildirildi - \u041c\u0435\u0434\u0436\u043b\u0456\u0441\" \/>\n<meta property=\"og:description\" content=\"Avropan\u0131\u00f1 diger merkezlerinden kelgen vekiller ile beraber Hollandada ilk kere miting te\u015fkil\u00e2tland\u0131r\u0131ld\u0131. Naraz\u0131l\u0131q mitinginde Hollanda Musulman Paltformas\u0131n\u0131\u00f1 ba\u015f\u0131 Ebubekir \u00d6zt\u0171re, Avropal\u0131 T\u0171rk Demokratlar Birligi Hollanda Ba\u015fqan\u0131 Veyis G\u0171ng\u0151r, Hollanda T\u0171rk \u0130slam K\u0171lt\u0171r Dernekleri Federatsiyas\u0131n\u0131\u00f1 ba\u015f\u0131 Arif Yak\u0131\u015f\u0131r, Hollanda T\u00fcrk Federatsiyas\u0131 Gen\u00e7lik Qollar\u0131 Ba\u015fqan\u0131 Ahmet \u00c7\u00f6mlek\u00e7i, Mozaik K\u0171lt\u0171r ve Sanat Ba\u015fqan\u0131 Ali \u0130hsan \u00dcnal da qat\u0131laraq [&hellip;]\" \/>\n<meta property=\"og:url\" content=\"https:\/\/qtmm.org\/qt\/laheyde-mayis-18-surgun-qurbanlarinin-hatirasi-anildi-ve-mogilovga-naraziliq-bildirildi\/\" \/>\n<meta property=\"og:site_name\" content=\"\u041c\u0435\u0434\u0436\u043b\u0456\u0441\" \/>\n<meta property=\"article:publisher\" content=\"https:\/\/www.facebook.com\/qtmm.info\/\" \/>\n<meta property=\"article:published_time\" content=\"2013-05-20T20:39:00+00:00\" \/>\n<meta property=\"article:modified_time\" content=\"2022-01-23T20:39:39+00:00\" \/>\n<meta name=\"author\" content=\"Developer\" \/>\n<meta name=\"twitter:card\" content=\"summary_large_image\" \/>\n<meta name=\"twitter:label1\" content=\"Written by\" \/>\n\t<meta name=\"twitter:data1\" content=\"Developer\" \/>\n\t<meta name=\"twitter:label2\" content=\"Est. reading time\" \/>\n\t<meta name=\"twitter:data2\" content=\"2 minutes\" \/>\n<script type=\"application\/ld+json\" class=\"yoast-schema-graph\">{\"@context\":\"https:\\\/\\\/schema.org\",\"@graph\":[{\"@type\":\"Article\",\"@id\":\"https:\\\/\\\/qtmm.org\\\/qt\\\/laheyde-mayis-18-surgun-qurbanlarinin-hatirasi-anildi-ve-mogilovga-naraziliq-bildirildi\\\/#article\",\"isPartOf\":{\"@id\":\"https:\\\/\\\/qtmm.org\\\/qt\\\/laheyde-mayis-18-surgun-qurbanlarinin-hatirasi-anildi-ve-mogilovga-naraziliq-bildirildi\\\/\"},\"author\":{\"name\":\"Developer\",\"@id\":\"https:\\\/\\\/qtmm.org\\\/qt\\\/#\\\/schema\\\/person\\\/de562469f971dec226ac06e60bbf74a7\"},\"headline\":\"Laheyde mayis 18 s\u00fcrg\u00fcn qurbanlarini\u00f1 hatirasi a\u00f1ildi ve Mogil\u00f6v\u011fa naraziliq bildirildi\",\"datePublished\":\"2013-05-20T20:39:00+00:00\",\"dateModified\":\"2022-01-23T20:39:39+00:00\",\"mainEntityOfPage\":{\"@id\":\"https:\\\/\\\/qtmm.org\\\/qt\\\/laheyde-mayis-18-surgun-qurbanlarinin-hatirasi-anildi-ve-mogilovga-naraziliq-bildirildi\\\/\"},\"wordCount\":513,\"commentCount\":0,\"publisher\":{\"@id\":\"https:\\\/\\\/qtmm.org\\\/qt\\\/#organization\"},\"articleSection\":[\"Haberler\"],\"inLanguage\":\"qt\",\"potentialAction\":[{\"@type\":\"CommentAction\",\"name\":\"Comment\",\"target\":[\"https:\\\/\\\/qtmm.org\\\/qt\\\/laheyde-mayis-18-surgun-qurbanlarinin-hatirasi-anildi-ve-mogilovga-naraziliq-bildirildi\\\/#respond\"]}]},{\"@type\":\"WebPage\",\"@id\":\"https:\\\/\\\/qtmm.org\\\/qt\\\/laheyde-mayis-18-surgun-qurbanlarinin-hatirasi-anildi-ve-mogilovga-naraziliq-bildirildi\\\/\",\"url\":\"https:\\\/\\\/qtmm.org\\\/qt\\\/laheyde-mayis-18-surgun-qurbanlarinin-hatirasi-anildi-ve-mogilovga-naraziliq-bildirildi\\\/\",\"name\":\"Laheyde mayis 18 s\u00fcrg\u00fcn qurbanlarini\u00f1 hatirasi a\u00f1ildi ve Mogil\u00f6v\u011fa naraziliq bildirildi - \u041c\u0435\u0434\u0436\u043b\u0456\u0441\",\"isPartOf\":{\"@id\":\"https:\\\/\\\/qtmm.org\\\/qt\\\/#website\"},\"datePublished\":\"2013-05-20T20:39:00+00:00\",\"dateModified\":\"2022-01-23T20:39:39+00:00\",\"breadcrumb\":{\"@id\":\"https:\\\/\\\/qtmm.org\\\/qt\\\/laheyde-mayis-18-surgun-qurbanlarinin-hatirasi-anildi-ve-mogilovga-naraziliq-bildirildi\\\/#breadcrumb\"},\"inLanguage\":\"qt\",\"potentialAction\":[{\"@type\":\"ReadAction\",\"target\":[\"https:\\\/\\\/qtmm.org\\\/qt\\\/laheyde-mayis-18-surgun-qurbanlarinin-hatirasi-anildi-ve-mogilovga-naraziliq-bildirildi\\\/\"]}]},{\"@type\":\"BreadcrumbList\",\"@id\":\"https:\\\/\\\/qtmm.org\\\/qt\\\/laheyde-mayis-18-surgun-qurbanlarinin-hatirasi-anildi-ve-mogilovga-naraziliq-bildirildi\\\/#breadcrumb\",\"itemListElement\":[{\"@type\":\"ListItem\",\"position\":1,\"name\":\"\u0413\u043e\u043b\u043e\u0432\u043d\u0430\",\"item\":\"https:\\\/\\\/qtmm.org\\\/qt\\\/\"},{\"@type\":\"ListItem\",\"position\":2,\"name\":\"Laheyde mayis 18 s\u00fcrg\u00fcn qurbanlarini\u00f1 hatirasi a\u00f1ildi ve Mogil\u00f6v\u011fa naraziliq bildirildi\"}]},{\"@type\":\"WebSite\",\"@id\":\"https:\\\/\\\/qtmm.org\\\/qt\\\/#website\",\"url\":\"https:\\\/\\\/qtmm.org\\\/qt\\\/\",\"name\":\"\u041c\u0435\u0434\u0436\u043b\u0456\u0441\",\"description\":\"\",\"publisher\":{\"@id\":\"https:\\\/\\\/qtmm.org\\\/qt\\\/#organization\"},\"potentialAction\":[{\"@type\":\"SearchAction\",\"target\":{\"@type\":\"EntryPoint\",\"urlTemplate\":\"https:\\\/\\\/qtmm.org\\\/qt\\\/?s={search_term_string}\"},\"query-input\":{\"@type\":\"PropertyValueSpecification\",\"valueRequired\":true,\"valueName\":\"search_term_string\"}}],\"inLanguage\":\"qt\"},{\"@type\":\"Organization\",\"@id\":\"https:\\\/\\\/qtmm.org\\\/qt\\\/#organization\",\"name\":\"\u041c\u0435\u0434\u0436\u043b\u0456\u0441\",\"url\":\"https:\\\/\\\/qtmm.org\\\/qt\\\/\",\"logo\":{\"@type\":\"ImageObject\",\"inLanguage\":\"qt\",\"@id\":\"https:\\\/\\\/qtmm.org\\\/qt\\\/#\\\/schema\\\/logo\\\/image\\\/\",\"url\":\"https:\\\/\\\/qtmm.org\\\/wp-content\\\/uploads\\\/2024\\\/12\\\/ua-mejlis-logo-rgb.svg\",\"contentUrl\":\"https:\\\/\\\/qtmm.org\\\/wp-content\\\/uploads\\\/2024\\\/12\\\/ua-mejlis-logo-rgb.svg\",\"caption\":\"\u041c\u0435\u0434\u0436\u043b\u0456\u0441\"},\"image\":{\"@id\":\"https:\\\/\\\/qtmm.org\\\/qt\\\/#\\\/schema\\\/logo\\\/image\\\/\"},\"sameAs\":[\"https:\\\/\\\/www.facebook.com\\\/qtmm.info\\\/\"]},{\"@type\":\"Person\",\"@id\":\"https:\\\/\\\/qtmm.org\\\/qt\\\/#\\\/schema\\\/person\\\/de562469f971dec226ac06e60bbf74a7\",\"name\":\"Developer\",\"image\":{\"@type\":\"ImageObject\",\"inLanguage\":\"qt\",\"@id\":\"https:\\\/\\\/secure.gravatar.com\\\/avatar\\\/392b4cc8fbfeb00b39dfeeab4ee6edded39ffd48e25858637e4765810300227e?s=96&d=mm&r=g\",\"url\":\"https:\\\/\\\/secure.gravatar.com\\\/avatar\\\/392b4cc8fbfeb00b39dfeeab4ee6edded39ffd48e25858637e4765810300227e?s=96&d=mm&r=g\",\"contentUrl\":\"https:\\\/\\\/secure.gravatar.com\\\/avatar\\\/392b4cc8fbfeb00b39dfeeab4ee6edded39ffd48e25858637e4765810300227e?s=96&d=mm&r=g\",\"caption\":\"Developer\"},\"url\":\"https:\\\/\\\/qtmm.org\\\/qt\\\/author\\\/Developer\\\/\"}]}<\/script>\n<!-- \/ Yoast SEO plugin. -->","yoast_head_json":{"title":"Laheyde mayis 18 s\u00fcrg\u00fcn qurbanlarini\u00f1 hatirasi a\u00f1ildi ve Mogil\u00f6v\u011fa naraziliq bildirildi - \u041c\u0435\u0434\u0436\u043b\u0456\u0441","robots":{"index":"index","follow":"follow","max-snippet":"max-snippet:-1","max-image-preview":"max-image-preview:large","max-video-preview":"max-video-preview:-1"},"canonical":"https:\/\/qtmm.org\/qt\/laheyde-mayis-18-surgun-qurbanlarinin-hatirasi-anildi-ve-mogilovga-naraziliq-bildirildi\/","og_locale":"en_US","og_type":"article","og_title":"Laheyde mayis 18 s\u00fcrg\u00fcn qurbanlarini\u00f1 hatirasi a\u00f1ildi ve Mogil\u00f6v\u011fa naraziliq bildirildi - \u041c\u0435\u0434\u0436\u043b\u0456\u0441","og_description":"Avropan\u0131\u00f1 diger merkezlerinden kelgen vekiller ile beraber Hollandada ilk kere miting te\u015fkil\u00e2tland\u0131r\u0131ld\u0131. Naraz\u0131l\u0131q mitinginde Hollanda Musulman Paltformas\u0131n\u0131\u00f1 ba\u015f\u0131 Ebubekir \u00d6zt\u0171re, Avropal\u0131 T\u0171rk Demokratlar Birligi Hollanda Ba\u015fqan\u0131 Veyis G\u0171ng\u0151r, Hollanda T\u0171rk \u0130slam K\u0171lt\u0171r Dernekleri Federatsiyas\u0131n\u0131\u00f1 ba\u015f\u0131 Arif Yak\u0131\u015f\u0131r, Hollanda T\u00fcrk Federatsiyas\u0131 Gen\u00e7lik Qollar\u0131 Ba\u015fqan\u0131 Ahmet \u00c7\u00f6mlek\u00e7i, Mozaik K\u0171lt\u0171r ve Sanat Ba\u015fqan\u0131 Ali \u0130hsan \u00dcnal da qat\u0131laraq [&hellip;]","og_url":"https:\/\/qtmm.org\/qt\/laheyde-mayis-18-surgun-qurbanlarinin-hatirasi-anildi-ve-mogilovga-naraziliq-bildirildi\/","og_site_name":"\u041c\u0435\u0434\u0436\u043b\u0456\u0441","article_publisher":"https:\/\/www.facebook.com\/qtmm.info\/","article_published_time":"2013-05-20T20:39:00+00:00","article_modified_time":"2022-01-23T20:39:39+00:00","author":"Developer","twitter_card":"summary_large_image","twitter_misc":{"Written by":"Developer","Est. reading time":"2 minutes"},"schema":{"@context":"https:\/\/schema.org","@graph":[{"@type":"Article","@id":"https:\/\/qtmm.org\/qt\/laheyde-mayis-18-surgun-qurbanlarinin-hatirasi-anildi-ve-mogilovga-naraziliq-bildirildi\/#article","isPartOf":{"@id":"https:\/\/qtmm.org\/qt\/laheyde-mayis-18-surgun-qurbanlarinin-hatirasi-anildi-ve-mogilovga-naraziliq-bildirildi\/"},"author":{"name":"Developer","@id":"https:\/\/qtmm.org\/qt\/#\/schema\/person\/de562469f971dec226ac06e60bbf74a7"},"headline":"Laheyde mayis 18 s\u00fcrg\u00fcn qurbanlarini\u00f1 hatirasi a\u00f1ildi ve Mogil\u00f6v\u011fa naraziliq bildirildi","datePublished":"2013-05-20T20:39:00+00:00","dateModified":"2022-01-23T20:39:39+00:00","mainEntityOfPage":{"@id":"https:\/\/qtmm.org\/qt\/laheyde-mayis-18-surgun-qurbanlarinin-hatirasi-anildi-ve-mogilovga-naraziliq-bildirildi\/"},"wordCount":513,"commentCount":0,"publisher":{"@id":"https:\/\/qtmm.org\/qt\/#organization"},"articleSection":["Haberler"],"inLanguage":"qt","potentialAction":[{"@type":"CommentAction","name":"Comment","target":["https:\/\/qtmm.org\/qt\/laheyde-mayis-18-surgun-qurbanlarinin-hatirasi-anildi-ve-mogilovga-naraziliq-bildirildi\/#respond"]}]},{"@type":"WebPage","@id":"https:\/\/qtmm.org\/qt\/laheyde-mayis-18-surgun-qurbanlarinin-hatirasi-anildi-ve-mogilovga-naraziliq-bildirildi\/","url":"https:\/\/qtmm.org\/qt\/laheyde-mayis-18-surgun-qurbanlarinin-hatirasi-anildi-ve-mogilovga-naraziliq-bildirildi\/","name":"Laheyde mayis 18 s\u00fcrg\u00fcn qurbanlarini\u00f1 hatirasi a\u00f1ildi ve Mogil\u00f6v\u011fa naraziliq bildirildi - \u041c\u0435\u0434\u0436\u043b\u0456\u0441","isPartOf":{"@id":"https:\/\/qtmm.org\/qt\/#website"},"datePublished":"2013-05-20T20:39:00+00:00","dateModified":"2022-01-23T20:39:39+00:00","breadcrumb":{"@id":"https:\/\/qtmm.org\/qt\/laheyde-mayis-18-surgun-qurbanlarinin-hatirasi-anildi-ve-mogilovga-naraziliq-bildirildi\/#breadcrumb"},"inLanguage":"qt","potentialAction":[{"@type":"ReadAction","target":["https:\/\/qtmm.org\/qt\/laheyde-mayis-18-surgun-qurbanlarinin-hatirasi-anildi-ve-mogilovga-naraziliq-bildirildi\/"]}]},{"@type":"BreadcrumbList","@id":"https:\/\/qtmm.org\/qt\/laheyde-mayis-18-surgun-qurbanlarinin-hatirasi-anildi-ve-mogilovga-naraziliq-bildirildi\/#breadcrumb","itemListElement":[{"@type":"ListItem","position":1,"name":"\u0413\u043e\u043b\u043e\u0432\u043d\u0430","item":"https:\/\/qtmm.org\/qt\/"},{"@type":"ListItem","position":2,"name":"Laheyde mayis 18 s\u00fcrg\u00fcn qurbanlarini\u00f1 hatirasi a\u00f1ildi ve Mogil\u00f6v\u011fa naraziliq bildirildi"}]},{"@type":"WebSite","@id":"https:\/\/qtmm.org\/qt\/#website","url":"https:\/\/qtmm.org\/qt\/","name":"\u041c\u0435\u0434\u0436\u043b\u0456\u0441","description":"","publisher":{"@id":"https:\/\/qtmm.org\/qt\/#organization"},"potentialAction":[{"@type":"SearchAction","target":{"@type":"EntryPoint","urlTemplate":"https:\/\/qtmm.org\/qt\/?s={search_term_string}"},"query-input":{"@type":"PropertyValueSpecification","valueRequired":true,"valueName":"search_term_string"}}],"inLanguage":"qt"},{"@type":"Organization","@id":"https:\/\/qtmm.org\/qt\/#organization","name":"\u041c\u0435\u0434\u0436\u043b\u0456\u0441","url":"https:\/\/qtmm.org\/qt\/","logo":{"@type":"ImageObject","inLanguage":"qt","@id":"https:\/\/qtmm.org\/qt\/#\/schema\/logo\/image\/","url":"https:\/\/qtmm.org\/wp-content\/uploads\/2024\/12\/ua-mejlis-logo-rgb.svg","contentUrl":"https:\/\/qtmm.org\/wp-content\/uploads\/2024\/12\/ua-mejlis-logo-rgb.svg","caption":"\u041c\u0435\u0434\u0436\u043b\u0456\u0441"},"image":{"@id":"https:\/\/qtmm.org\/qt\/#\/schema\/logo\/image\/"},"sameAs":["https:\/\/www.facebook.com\/qtmm.info\/"]},{"@type":"Person","@id":"https:\/\/qtmm.org\/qt\/#\/schema\/person\/de562469f971dec226ac06e60bbf74a7","name":"Developer","image":{"@type":"ImageObject","inLanguage":"qt","@id":"https:\/\/secure.gravatar.com\/avatar\/392b4cc8fbfeb00b39dfeeab4ee6edded39ffd48e25858637e4765810300227e?s=96&d=mm&r=g","url":"https:\/\/secure.gravatar.com\/avatar\/392b4cc8fbfeb00b39dfeeab4ee6edded39ffd48e25858637e4765810300227e?s=96&d=mm&r=g","contentUrl":"https:\/\/secure.gravatar.com\/avatar\/392b4cc8fbfeb00b39dfeeab4ee6edded39ffd48e25858637e4765810300227e?s=96&d=mm&r=g","caption":"Developer"},"url":"https:\/\/qtmm.org\/qt\/author\/Developer\/"}]}},"_links":{"self":[{"href":"https:\/\/qtmm.org\/qt\/wp-json\/wp\/v2\/posts\/37608","targetHints":{"allow":["GET"]}}],"collection":[{"href":"https:\/\/qtmm.org\/qt\/wp-json\/wp\/v2\/posts"}],"about":[{"href":"https:\/\/qtmm.org\/qt\/wp-json\/wp\/v2\/types\/post"}],"author":[{"embeddable":true,"href":"https:\/\/qtmm.org\/qt\/wp-json\/wp\/v2\/users\/1"}],"replies":[{"embeddable":true,"href":"https:\/\/qtmm.org\/qt\/wp-json\/wp\/v2\/comments?post=37608"}],"version-history":[{"count":1,"href":"https:\/\/qtmm.org\/qt\/wp-json\/wp\/v2\/posts\/37608\/revisions"}],"predecessor-version":[{"id":37609,"href":"https:\/\/qtmm.org\/qt\/wp-json\/wp\/v2\/posts\/37608\/revisions\/37609"}],"wp:attachment":[{"href":"https:\/\/qtmm.org\/qt\/wp-json\/wp\/v2\/media?parent=37608"}],"wp:term":[{"taxonomy":"category","embeddable":true,"href":"https:\/\/qtmm.org\/qt\/wp-json\/wp\/v2\/categories?post=37608"},{"taxonomy":"post_tag","embeddable":true,"href":"https:\/\/qtmm.org\/qt\/wp-json\/wp\/v2\/tags?post=37608"}],"curies":[{"name":"wp","href":"https:\/\/api.w.org\/{rel}","templated":true}]}}