




{"id":37602,"date":"2013-05-18T23:38:00","date_gmt":"2013-05-18T20:38:00","guid":{"rendered":"http:\/\/qtmm.org\/?p=37602"},"modified":"2022-01-23T23:39:03","modified_gmt":"2022-01-23T20:39:03","slug":"avropa-parlamentinin-deputati-emine-bozqurt-1944-senesi-mayis-18-surgunligi-aqqinda-brusselde-soyledi","status":"publish","type":"post","link":"https:\/\/qtmm.org\/qt\/avropa-parlamentinin-deputati-emine-bozqurt-1944-senesi-mayis-18-surgunligi-aqqinda-brusselde-soyledi\/","title":{"rendered":"Avropa Parlamentini\u00f1 deputat\u0131 Emine Bozqurt 1944 senesi may\u0131s 18 s\u00fcrg\u00fcnligi aqq\u0131nda Br\u00fcsselde s\u00f6yledi"},"content":{"rendered":"\n<p>2013 senesi may\u0131s 18 k\u00fcn\u00fc Q\u0131r\u0131mtatar halq\u0131 Q\u0131r\u0131mdan s\u00fcrg\u00fcn etilgenini\u00f1 69 y\u0131ll\u0131\u011f\u0131 munasebetinen Aqmescitte ke\u00e7irilgen 40 bi\u00f1den ziyade insan i\u015ftirak etti. Milliy Meclis reisini\u00f1 birinci muavini Refat \u00c7ubarov Avropa Parlamentini\u00f1 deputat\u0131 Emine Bozqurtn\u0131\u00f1 B\u00fct\u00fcnq\u0131r\u0131m mitingi i\u015ftirak\u00e7ilerine muracaat\u0131n\u0131 oqud\u0131. Tam\u0131rlar\u0131 q\u0131r\u0131ml\u0131 ol\u011fan Emine Bozqurt 2013 senesi may\u0131s 18 k\u00fcn\u00fc Avropa parlamentindeki \u00e7\u0131q\u0131\u015f\u0131nda q\u0131r\u0131mtatar halq\u0131n\u0131\u00f1 e\u00f1 b\u00fcy\u00fck facias\u0131 aqq\u0131nda ik\u00e2ye etti.<\/p>\n\n\n\n<p>&#8220;S\u00fcrg\u00fcnlik qurbanlar\u0131n\u0131\u00f1 hat\u0131ras\u0131 b\u00fct\u00fcn Avropa boylap matem merasimleri ke\u00e7irilgen bir vaq\u0131tta sizlerni sel\u00e2mlamaq men i\u00e7\u00fcn b\u00fcy\u00fck \u015fereftir. Bir q\u0131r\u0131mtatar ailesini\u00f1 q\u0131z\u0131 olaraq men daima siz ile beraber olmaqtam ve Avropa Parlamentinde q\u0131r\u0131mtatarlar aqq\u0131nda s\u00f6yleyim.<\/p>\n\n\n\n<p>S\u00fcrg\u00fcnlikote azap-uqubetler \u00e7ekken q\u0131r\u0131mtatarlar k\u00fcre\u015flerini ep devam etmekteler. Q\u0131r\u0131mtatarlar Ukraina\u011fa ve b\u00fct\u00fcn d\u00fcnya\u011fa &#8220;Biz de insanm\u0131z, biz de m\u0131nda ya\u015faym\u0131z&#8221; demek, \u00f6z medeniyeti ve aqlar\u0131n\u0131 qor\u00e7alamaq i\u00e7\u00fcn ep k\u00fcre\u015fmekteler. Bu k\u00fcre\u015f ma\u00f1a siltem, k\u00fc\u00e7-quvet bermekte. Avropa Birligi q\u0131r\u0131mtatarlar\u011fa qoltutqan\u0131 pek m\u00fcimdir. C\u00fcmleden, Ukrainan\u0131\u00f1 Avropa Birligi ile munasebetleri \u00e7er\u00e7ivesinde biz Ukrainada insan aqlar\u0131na say\u011f\u0131 k\u00f6sterilmesine \u00fcm\u00fct etemiz. So\u00f1ki aylar i\u00e7inde Avropa parlamenti Ukraina vatanda\u015flar\u0131 i\u00e7\u00fcn viza almaqn\u0131 qolayla\u015ft\u0131r\u011fan qarar ald\u0131. Bun\u0131\u00f1nen biz Ukrainada insan aqlar\u0131 qor\u00e7alanmas\u0131 ve demokratiyan\u0131\u00f1 inki\u015faf\u0131 saas\u0131nda ilerilevlerni k\u00f6rmege istegenimizni ve devletni\u00f1 bu saadaki areketlerine qoltutaca\u011f\u0131m\u0131zn\u0131 numay\u0131\u015f etemiz. Demek, devlette \u00e7e\u015fit milletlerni\u00f1 medeniyetine say\u011f\u0131 k\u00f6sterilmeli. Q\u0131r\u0131mtatarlarn\u0131\u00f1 soyq\u0131r\u0131m\u0131 tan\u0131lmas\u0131 kerek ki, yaralar\u0131 savu\u015fs\u0131n. \u00d6yle olmal\u0131 ki, q\u0131r\u0131mtatarlar d\u00fcnyan\u0131\u00f1 neresinde ya\u015famas\u0131nlar, \u00f6z medeniyetini inki\u015faf ettirmek imk\u00e2n\u0131na malik olsunlar, kelecekke \u00fcm\u00fctnen baqs\u0131nlar&#8221;<\/p>\n","protected":false},"excerpt":{"rendered":"<p>2013 senesi may\u0131s 18 k\u00fcn\u00fc Q\u0131r\u0131mtatar halq\u0131 Q\u0131r\u0131mdan s\u00fcrg\u00fcn etilgenini\u00f1 69 y\u0131ll\u0131\u011f\u0131 munasebetinen Aqmescitte ke\u00e7irilgen 40 bi\u00f1den ziyade insan i\u015ftirak etti. Milliy Meclis reisini\u00f1 birinci muavini Refat \u00c7ubarov Avropa Parlamentini\u00f1 deputat\u0131 Emine Bozqurtn\u0131\u00f1 B\u00fct\u00fcnq\u0131r\u0131m mitingi i\u015ftirak\u00e7ilerine muracaat\u0131n\u0131 oqud\u0131. Tam\u0131rlar\u0131 q\u0131r\u0131ml\u0131 ol\u011fan Emine Bozqurt 2013 senesi may\u0131s 18 k\u00fcn\u00fc Avropa parlamentindeki \u00e7\u0131q\u0131\u015f\u0131nda q\u0131r\u0131mtatar halq\u0131n\u0131\u00f1 e\u00f1 b\u00fcy\u00fck [&hellip;]<\/p>\n","protected":false},"author":1,"featured_media":37603,"comment_status":"open","ping_status":"open","sticky":false,"template":"","format":"standard","meta":{"inline_featured_image":false,"footnotes":""},"categories":[265],"tags":[],"class_list":["post-37602","post","type-post","status-publish","format-standard","has-post-thumbnail","hentry","category-haberler"],"acf":[],"yoast_head":"<!-- This site is optimized with the Yoast SEO plugin v27.4 - https:\/\/yoast.com\/product\/yoast-seo-wordpress\/ -->\n<title>Avropa Parlamentini\u00f1 deputat\u0131 Emine Bozqurt 1944 senesi may\u0131s 18 s\u00fcrg\u00fcnligi aqq\u0131nda Br\u00fcsselde s\u00f6yledi - \u041c\u0435\u0434\u0436\u043b\u0456\u0441<\/title>\n<meta name=\"robots\" content=\"index, follow, max-snippet:-1, max-image-preview:large, max-video-preview:-1\" \/>\n<link rel=\"canonical\" href=\"https:\/\/qtmm.org\/qt\/avropa-parlamentinin-deputati-emine-bozqurt-1944-senesi-mayis-18-surgunligi-aqqinda-brusselde-soyledi\/\" \/>\n<meta property=\"og:locale\" content=\"en_US\" \/>\n<meta property=\"og:type\" content=\"article\" \/>\n<meta property=\"og:title\" content=\"Avropa Parlamentini\u00f1 deputat\u0131 Emine Bozqurt 1944 senesi may\u0131s 18 s\u00fcrg\u00fcnligi aqq\u0131nda Br\u00fcsselde s\u00f6yledi - \u041c\u0435\u0434\u0436\u043b\u0456\u0441\" \/>\n<meta property=\"og:description\" content=\"2013 senesi may\u0131s 18 k\u00fcn\u00fc Q\u0131r\u0131mtatar halq\u0131 Q\u0131r\u0131mdan s\u00fcrg\u00fcn etilgenini\u00f1 69 y\u0131ll\u0131\u011f\u0131 munasebetinen Aqmescitte ke\u00e7irilgen 40 bi\u00f1den ziyade insan i\u015ftirak etti. Milliy Meclis reisini\u00f1 birinci muavini Refat \u00c7ubarov Avropa Parlamentini\u00f1 deputat\u0131 Emine Bozqurtn\u0131\u00f1 B\u00fct\u00fcnq\u0131r\u0131m mitingi i\u015ftirak\u00e7ilerine muracaat\u0131n\u0131 oqud\u0131. Tam\u0131rlar\u0131 q\u0131r\u0131ml\u0131 ol\u011fan Emine Bozqurt 2013 senesi may\u0131s 18 k\u00fcn\u00fc Avropa parlamentindeki \u00e7\u0131q\u0131\u015f\u0131nda q\u0131r\u0131mtatar halq\u0131n\u0131\u00f1 e\u00f1 b\u00fcy\u00fck [&hellip;]\" \/>\n<meta property=\"og:url\" content=\"https:\/\/qtmm.org\/qt\/avropa-parlamentinin-deputati-emine-bozqurt-1944-senesi-mayis-18-surgunligi-aqqinda-brusselde-soyledi\/\" \/>\n<meta property=\"og:site_name\" content=\"\u041c\u0435\u0434\u0436\u043b\u0456\u0441\" \/>\n<meta property=\"article:publisher\" content=\"https:\/\/www.facebook.com\/qtmm.info\/\" \/>\n<meta property=\"article:published_time\" content=\"2013-05-18T20:38:00+00:00\" \/>\n<meta property=\"article:modified_time\" content=\"2022-01-23T20:39:03+00:00\" \/>\n<meta property=\"og:image\" content=\"https:\/\/qtmm.org\/wp-content\/uploads\/2022\/01\/k_r_m_demo_aciklama_ap_milletvekili_emine_bozkurt_kr_moglu_karanlik_arsiv.png\" \/>\n\t<meta property=\"og:image:width\" content=\"700\" \/>\n\t<meta property=\"og:image:height\" content=\"514\" \/>\n\t<meta property=\"og:image:type\" content=\"image\/png\" \/>\n<meta name=\"author\" content=\"Developer\" \/>\n<meta name=\"twitter:card\" content=\"summary_large_image\" \/>\n<meta name=\"twitter:label1\" content=\"Written by\" \/>\n\t<meta name=\"twitter:data1\" content=\"Developer\" \/>\n\t<meta name=\"twitter:label2\" content=\"Est. reading time\" \/>\n\t<meta name=\"twitter:data2\" content=\"2 minutes\" \/>\n<script type=\"application\/ld+json\" class=\"yoast-schema-graph\">{\"@context\":\"https:\\\/\\\/schema.org\",\"@graph\":[{\"@type\":\"Article\",\"@id\":\"https:\\\/\\\/qtmm.org\\\/qt\\\/avropa-parlamentinin-deputati-emine-bozqurt-1944-senesi-mayis-18-surgunligi-aqqinda-brusselde-soyledi\\\/#article\",\"isPartOf\":{\"@id\":\"https:\\\/\\\/qtmm.org\\\/qt\\\/avropa-parlamentinin-deputati-emine-bozqurt-1944-senesi-mayis-18-surgunligi-aqqinda-brusselde-soyledi\\\/\"},\"author\":{\"name\":\"Developer\",\"@id\":\"https:\\\/\\\/qtmm.org\\\/qt\\\/#\\\/schema\\\/person\\\/de562469f971dec226ac06e60bbf74a7\"},\"headline\":\"Avropa Parlamentini\u00f1 deputat\u0131 Emine Bozqurt 1944 senesi may\u0131s 18 s\u00fcrg\u00fcnligi aqq\u0131nda Br\u00fcsselde s\u00f6yledi\",\"datePublished\":\"2013-05-18T20:38:00+00:00\",\"dateModified\":\"2022-01-23T20:39:03+00:00\",\"mainEntityOfPage\":{\"@id\":\"https:\\\/\\\/qtmm.org\\\/qt\\\/avropa-parlamentinin-deputati-emine-bozqurt-1944-senesi-mayis-18-surgunligi-aqqinda-brusselde-soyledi\\\/\"},\"wordCount\":344,\"commentCount\":0,\"publisher\":{\"@id\":\"https:\\\/\\\/qtmm.org\\\/qt\\\/#organization\"},\"image\":{\"@id\":\"https:\\\/\\\/qtmm.org\\\/qt\\\/avropa-parlamentinin-deputati-emine-bozqurt-1944-senesi-mayis-18-surgunligi-aqqinda-brusselde-soyledi\\\/#primaryimage\"},\"thumbnailUrl\":\"https:\\\/\\\/qtmm.org\\\/wp-content\\\/uploads\\\/2022\\\/01\\\/k_r_m_demo_aciklama_ap_milletvekili_emine_bozkurt_kr_moglu_karanlik_arsiv.png\",\"articleSection\":[\"Haberler\"],\"inLanguage\":\"qt\",\"potentialAction\":[{\"@type\":\"CommentAction\",\"name\":\"Comment\",\"target\":[\"https:\\\/\\\/qtmm.org\\\/qt\\\/avropa-parlamentinin-deputati-emine-bozqurt-1944-senesi-mayis-18-surgunligi-aqqinda-brusselde-soyledi\\\/#respond\"]}]},{\"@type\":\"WebPage\",\"@id\":\"https:\\\/\\\/qtmm.org\\\/qt\\\/avropa-parlamentinin-deputati-emine-bozqurt-1944-senesi-mayis-18-surgunligi-aqqinda-brusselde-soyledi\\\/\",\"url\":\"https:\\\/\\\/qtmm.org\\\/qt\\\/avropa-parlamentinin-deputati-emine-bozqurt-1944-senesi-mayis-18-surgunligi-aqqinda-brusselde-soyledi\\\/\",\"name\":\"Avropa Parlamentini\u00f1 deputat\u0131 Emine Bozqurt 1944 senesi may\u0131s 18 s\u00fcrg\u00fcnligi aqq\u0131nda Br\u00fcsselde s\u00f6yledi - \u041c\u0435\u0434\u0436\u043b\u0456\u0441\",\"isPartOf\":{\"@id\":\"https:\\\/\\\/qtmm.org\\\/qt\\\/#website\"},\"primaryImageOfPage\":{\"@id\":\"https:\\\/\\\/qtmm.org\\\/qt\\\/avropa-parlamentinin-deputati-emine-bozqurt-1944-senesi-mayis-18-surgunligi-aqqinda-brusselde-soyledi\\\/#primaryimage\"},\"image\":{\"@id\":\"https:\\\/\\\/qtmm.org\\\/qt\\\/avropa-parlamentinin-deputati-emine-bozqurt-1944-senesi-mayis-18-surgunligi-aqqinda-brusselde-soyledi\\\/#primaryimage\"},\"thumbnailUrl\":\"https:\\\/\\\/qtmm.org\\\/wp-content\\\/uploads\\\/2022\\\/01\\\/k_r_m_demo_aciklama_ap_milletvekili_emine_bozkurt_kr_moglu_karanlik_arsiv.png\",\"datePublished\":\"2013-05-18T20:38:00+00:00\",\"dateModified\":\"2022-01-23T20:39:03+00:00\",\"breadcrumb\":{\"@id\":\"https:\\\/\\\/qtmm.org\\\/qt\\\/avropa-parlamentinin-deputati-emine-bozqurt-1944-senesi-mayis-18-surgunligi-aqqinda-brusselde-soyledi\\\/#breadcrumb\"},\"inLanguage\":\"qt\",\"potentialAction\":[{\"@type\":\"ReadAction\",\"target\":[\"https:\\\/\\\/qtmm.org\\\/qt\\\/avropa-parlamentinin-deputati-emine-bozqurt-1944-senesi-mayis-18-surgunligi-aqqinda-brusselde-soyledi\\\/\"]}]},{\"@type\":\"ImageObject\",\"inLanguage\":\"qt\",\"@id\":\"https:\\\/\\\/qtmm.org\\\/qt\\\/avropa-parlamentinin-deputati-emine-bozqurt-1944-senesi-mayis-18-surgunligi-aqqinda-brusselde-soyledi\\\/#primaryimage\",\"url\":\"https:\\\/\\\/qtmm.org\\\/wp-content\\\/uploads\\\/2022\\\/01\\\/k_r_m_demo_aciklama_ap_milletvekili_emine_bozkurt_kr_moglu_karanlik_arsiv.png\",\"contentUrl\":\"https:\\\/\\\/qtmm.org\\\/wp-content\\\/uploads\\\/2022\\\/01\\\/k_r_m_demo_aciklama_ap_milletvekili_emine_bozkurt_kr_moglu_karanlik_arsiv.png\",\"width\":700,\"height\":514},{\"@type\":\"BreadcrumbList\",\"@id\":\"https:\\\/\\\/qtmm.org\\\/qt\\\/avropa-parlamentinin-deputati-emine-bozqurt-1944-senesi-mayis-18-surgunligi-aqqinda-brusselde-soyledi\\\/#breadcrumb\",\"itemListElement\":[{\"@type\":\"ListItem\",\"position\":1,\"name\":\"\u0413\u043e\u043b\u043e\u0432\u043d\u0430\",\"item\":\"https:\\\/\\\/qtmm.org\\\/qt\\\/\"},{\"@type\":\"ListItem\",\"position\":2,\"name\":\"Avropa Parlamentini\u00f1 deputat\u0131 Emine Bozqurt 1944 senesi may\u0131s 18 s\u00fcrg\u00fcnligi aqq\u0131nda Br\u00fcsselde s\u00f6yledi\"}]},{\"@type\":\"WebSite\",\"@id\":\"https:\\\/\\\/qtmm.org\\\/qt\\\/#website\",\"url\":\"https:\\\/\\\/qtmm.org\\\/qt\\\/\",\"name\":\"\u041c\u0435\u0434\u0436\u043b\u0456\u0441\",\"description\":\"\",\"publisher\":{\"@id\":\"https:\\\/\\\/qtmm.org\\\/qt\\\/#organization\"},\"potentialAction\":[{\"@type\":\"SearchAction\",\"target\":{\"@type\":\"EntryPoint\",\"urlTemplate\":\"https:\\\/\\\/qtmm.org\\\/qt\\\/?s={search_term_string}\"},\"query-input\":{\"@type\":\"PropertyValueSpecification\",\"valueRequired\":true,\"valueName\":\"search_term_string\"}}],\"inLanguage\":\"qt\"},{\"@type\":\"Organization\",\"@id\":\"https:\\\/\\\/qtmm.org\\\/qt\\\/#organization\",\"name\":\"\u041c\u0435\u0434\u0436\u043b\u0456\u0441\",\"url\":\"https:\\\/\\\/qtmm.org\\\/qt\\\/\",\"logo\":{\"@type\":\"ImageObject\",\"inLanguage\":\"qt\",\"@id\":\"https:\\\/\\\/qtmm.org\\\/qt\\\/#\\\/schema\\\/logo\\\/image\\\/\",\"url\":\"https:\\\/\\\/qtmm.org\\\/wp-content\\\/uploads\\\/2024\\\/12\\\/ua-mejlis-logo-rgb.svg\",\"contentUrl\":\"https:\\\/\\\/qtmm.org\\\/wp-content\\\/uploads\\\/2024\\\/12\\\/ua-mejlis-logo-rgb.svg\",\"caption\":\"\u041c\u0435\u0434\u0436\u043b\u0456\u0441\"},\"image\":{\"@id\":\"https:\\\/\\\/qtmm.org\\\/qt\\\/#\\\/schema\\\/logo\\\/image\\\/\"},\"sameAs\":[\"https:\\\/\\\/www.facebook.com\\\/qtmm.info\\\/\"]},{\"@type\":\"Person\",\"@id\":\"https:\\\/\\\/qtmm.org\\\/qt\\\/#\\\/schema\\\/person\\\/de562469f971dec226ac06e60bbf74a7\",\"name\":\"Developer\",\"image\":{\"@type\":\"ImageObject\",\"inLanguage\":\"qt\",\"@id\":\"https:\\\/\\\/secure.gravatar.com\\\/avatar\\\/392b4cc8fbfeb00b39dfeeab4ee6edded39ffd48e25858637e4765810300227e?s=96&d=mm&r=g\",\"url\":\"https:\\\/\\\/secure.gravatar.com\\\/avatar\\\/392b4cc8fbfeb00b39dfeeab4ee6edded39ffd48e25858637e4765810300227e?s=96&d=mm&r=g\",\"contentUrl\":\"https:\\\/\\\/secure.gravatar.com\\\/avatar\\\/392b4cc8fbfeb00b39dfeeab4ee6edded39ffd48e25858637e4765810300227e?s=96&d=mm&r=g\",\"caption\":\"Developer\"},\"url\":\"https:\\\/\\\/qtmm.org\\\/qt\\\/author\\\/Developer\\\/\"}]}<\/script>\n<!-- \/ Yoast SEO plugin. -->","yoast_head_json":{"title":"Avropa Parlamentini\u00f1 deputat\u0131 Emine Bozqurt 1944 senesi may\u0131s 18 s\u00fcrg\u00fcnligi aqq\u0131nda Br\u00fcsselde s\u00f6yledi - \u041c\u0435\u0434\u0436\u043b\u0456\u0441","robots":{"index":"index","follow":"follow","max-snippet":"max-snippet:-1","max-image-preview":"max-image-preview:large","max-video-preview":"max-video-preview:-1"},"canonical":"https:\/\/qtmm.org\/qt\/avropa-parlamentinin-deputati-emine-bozqurt-1944-senesi-mayis-18-surgunligi-aqqinda-brusselde-soyledi\/","og_locale":"en_US","og_type":"article","og_title":"Avropa Parlamentini\u00f1 deputat\u0131 Emine Bozqurt 1944 senesi may\u0131s 18 s\u00fcrg\u00fcnligi aqq\u0131nda Br\u00fcsselde s\u00f6yledi - \u041c\u0435\u0434\u0436\u043b\u0456\u0441","og_description":"2013 senesi may\u0131s 18 k\u00fcn\u00fc Q\u0131r\u0131mtatar halq\u0131 Q\u0131r\u0131mdan s\u00fcrg\u00fcn etilgenini\u00f1 69 y\u0131ll\u0131\u011f\u0131 munasebetinen Aqmescitte ke\u00e7irilgen 40 bi\u00f1den ziyade insan i\u015ftirak etti. Milliy Meclis reisini\u00f1 birinci muavini Refat \u00c7ubarov Avropa Parlamentini\u00f1 deputat\u0131 Emine Bozqurtn\u0131\u00f1 B\u00fct\u00fcnq\u0131r\u0131m mitingi i\u015ftirak\u00e7ilerine muracaat\u0131n\u0131 oqud\u0131. Tam\u0131rlar\u0131 q\u0131r\u0131ml\u0131 ol\u011fan Emine Bozqurt 2013 senesi may\u0131s 18 k\u00fcn\u00fc Avropa parlamentindeki \u00e7\u0131q\u0131\u015f\u0131nda q\u0131r\u0131mtatar halq\u0131n\u0131\u00f1 e\u00f1 b\u00fcy\u00fck [&hellip;]","og_url":"https:\/\/qtmm.org\/qt\/avropa-parlamentinin-deputati-emine-bozqurt-1944-senesi-mayis-18-surgunligi-aqqinda-brusselde-soyledi\/","og_site_name":"\u041c\u0435\u0434\u0436\u043b\u0456\u0441","article_publisher":"https:\/\/www.facebook.com\/qtmm.info\/","article_published_time":"2013-05-18T20:38:00+00:00","article_modified_time":"2022-01-23T20:39:03+00:00","og_image":[{"width":700,"height":514,"url":"https:\/\/qtmm.org\/wp-content\/uploads\/2022\/01\/k_r_m_demo_aciklama_ap_milletvekili_emine_bozkurt_kr_moglu_karanlik_arsiv.png","type":"image\/png"}],"author":"Developer","twitter_card":"summary_large_image","twitter_misc":{"Written by":"Developer","Est. reading time":"2 minutes"},"schema":{"@context":"https:\/\/schema.org","@graph":[{"@type":"Article","@id":"https:\/\/qtmm.org\/qt\/avropa-parlamentinin-deputati-emine-bozqurt-1944-senesi-mayis-18-surgunligi-aqqinda-brusselde-soyledi\/#article","isPartOf":{"@id":"https:\/\/qtmm.org\/qt\/avropa-parlamentinin-deputati-emine-bozqurt-1944-senesi-mayis-18-surgunligi-aqqinda-brusselde-soyledi\/"},"author":{"name":"Developer","@id":"https:\/\/qtmm.org\/qt\/#\/schema\/person\/de562469f971dec226ac06e60bbf74a7"},"headline":"Avropa Parlamentini\u00f1 deputat\u0131 Emine Bozqurt 1944 senesi may\u0131s 18 s\u00fcrg\u00fcnligi aqq\u0131nda Br\u00fcsselde s\u00f6yledi","datePublished":"2013-05-18T20:38:00+00:00","dateModified":"2022-01-23T20:39:03+00:00","mainEntityOfPage":{"@id":"https:\/\/qtmm.org\/qt\/avropa-parlamentinin-deputati-emine-bozqurt-1944-senesi-mayis-18-surgunligi-aqqinda-brusselde-soyledi\/"},"wordCount":344,"commentCount":0,"publisher":{"@id":"https:\/\/qtmm.org\/qt\/#organization"},"image":{"@id":"https:\/\/qtmm.org\/qt\/avropa-parlamentinin-deputati-emine-bozqurt-1944-senesi-mayis-18-surgunligi-aqqinda-brusselde-soyledi\/#primaryimage"},"thumbnailUrl":"https:\/\/qtmm.org\/wp-content\/uploads\/2022\/01\/k_r_m_demo_aciklama_ap_milletvekili_emine_bozkurt_kr_moglu_karanlik_arsiv.png","articleSection":["Haberler"],"inLanguage":"qt","potentialAction":[{"@type":"CommentAction","name":"Comment","target":["https:\/\/qtmm.org\/qt\/avropa-parlamentinin-deputati-emine-bozqurt-1944-senesi-mayis-18-surgunligi-aqqinda-brusselde-soyledi\/#respond"]}]},{"@type":"WebPage","@id":"https:\/\/qtmm.org\/qt\/avropa-parlamentinin-deputati-emine-bozqurt-1944-senesi-mayis-18-surgunligi-aqqinda-brusselde-soyledi\/","url":"https:\/\/qtmm.org\/qt\/avropa-parlamentinin-deputati-emine-bozqurt-1944-senesi-mayis-18-surgunligi-aqqinda-brusselde-soyledi\/","name":"Avropa Parlamentini\u00f1 deputat\u0131 Emine Bozqurt 1944 senesi may\u0131s 18 s\u00fcrg\u00fcnligi aqq\u0131nda Br\u00fcsselde s\u00f6yledi - \u041c\u0435\u0434\u0436\u043b\u0456\u0441","isPartOf":{"@id":"https:\/\/qtmm.org\/qt\/#website"},"primaryImageOfPage":{"@id":"https:\/\/qtmm.org\/qt\/avropa-parlamentinin-deputati-emine-bozqurt-1944-senesi-mayis-18-surgunligi-aqqinda-brusselde-soyledi\/#primaryimage"},"image":{"@id":"https:\/\/qtmm.org\/qt\/avropa-parlamentinin-deputati-emine-bozqurt-1944-senesi-mayis-18-surgunligi-aqqinda-brusselde-soyledi\/#primaryimage"},"thumbnailUrl":"https:\/\/qtmm.org\/wp-content\/uploads\/2022\/01\/k_r_m_demo_aciklama_ap_milletvekili_emine_bozkurt_kr_moglu_karanlik_arsiv.png","datePublished":"2013-05-18T20:38:00+00:00","dateModified":"2022-01-23T20:39:03+00:00","breadcrumb":{"@id":"https:\/\/qtmm.org\/qt\/avropa-parlamentinin-deputati-emine-bozqurt-1944-senesi-mayis-18-surgunligi-aqqinda-brusselde-soyledi\/#breadcrumb"},"inLanguage":"qt","potentialAction":[{"@type":"ReadAction","target":["https:\/\/qtmm.org\/qt\/avropa-parlamentinin-deputati-emine-bozqurt-1944-senesi-mayis-18-surgunligi-aqqinda-brusselde-soyledi\/"]}]},{"@type":"ImageObject","inLanguage":"qt","@id":"https:\/\/qtmm.org\/qt\/avropa-parlamentinin-deputati-emine-bozqurt-1944-senesi-mayis-18-surgunligi-aqqinda-brusselde-soyledi\/#primaryimage","url":"https:\/\/qtmm.org\/wp-content\/uploads\/2022\/01\/k_r_m_demo_aciklama_ap_milletvekili_emine_bozkurt_kr_moglu_karanlik_arsiv.png","contentUrl":"https:\/\/qtmm.org\/wp-content\/uploads\/2022\/01\/k_r_m_demo_aciklama_ap_milletvekili_emine_bozkurt_kr_moglu_karanlik_arsiv.png","width":700,"height":514},{"@type":"BreadcrumbList","@id":"https:\/\/qtmm.org\/qt\/avropa-parlamentinin-deputati-emine-bozqurt-1944-senesi-mayis-18-surgunligi-aqqinda-brusselde-soyledi\/#breadcrumb","itemListElement":[{"@type":"ListItem","position":1,"name":"\u0413\u043e\u043b\u043e\u0432\u043d\u0430","item":"https:\/\/qtmm.org\/qt\/"},{"@type":"ListItem","position":2,"name":"Avropa Parlamentini\u00f1 deputat\u0131 Emine Bozqurt 1944 senesi may\u0131s 18 s\u00fcrg\u00fcnligi aqq\u0131nda Br\u00fcsselde s\u00f6yledi"}]},{"@type":"WebSite","@id":"https:\/\/qtmm.org\/qt\/#website","url":"https:\/\/qtmm.org\/qt\/","name":"\u041c\u0435\u0434\u0436\u043b\u0456\u0441","description":"","publisher":{"@id":"https:\/\/qtmm.org\/qt\/#organization"},"potentialAction":[{"@type":"SearchAction","target":{"@type":"EntryPoint","urlTemplate":"https:\/\/qtmm.org\/qt\/?s={search_term_string}"},"query-input":{"@type":"PropertyValueSpecification","valueRequired":true,"valueName":"search_term_string"}}],"inLanguage":"qt"},{"@type":"Organization","@id":"https:\/\/qtmm.org\/qt\/#organization","name":"\u041c\u0435\u0434\u0436\u043b\u0456\u0441","url":"https:\/\/qtmm.org\/qt\/","logo":{"@type":"ImageObject","inLanguage":"qt","@id":"https:\/\/qtmm.org\/qt\/#\/schema\/logo\/image\/","url":"https:\/\/qtmm.org\/wp-content\/uploads\/2024\/12\/ua-mejlis-logo-rgb.svg","contentUrl":"https:\/\/qtmm.org\/wp-content\/uploads\/2024\/12\/ua-mejlis-logo-rgb.svg","caption":"\u041c\u0435\u0434\u0436\u043b\u0456\u0441"},"image":{"@id":"https:\/\/qtmm.org\/qt\/#\/schema\/logo\/image\/"},"sameAs":["https:\/\/www.facebook.com\/qtmm.info\/"]},{"@type":"Person","@id":"https:\/\/qtmm.org\/qt\/#\/schema\/person\/de562469f971dec226ac06e60bbf74a7","name":"Developer","image":{"@type":"ImageObject","inLanguage":"qt","@id":"https:\/\/secure.gravatar.com\/avatar\/392b4cc8fbfeb00b39dfeeab4ee6edded39ffd48e25858637e4765810300227e?s=96&d=mm&r=g","url":"https:\/\/secure.gravatar.com\/avatar\/392b4cc8fbfeb00b39dfeeab4ee6edded39ffd48e25858637e4765810300227e?s=96&d=mm&r=g","contentUrl":"https:\/\/secure.gravatar.com\/avatar\/392b4cc8fbfeb00b39dfeeab4ee6edded39ffd48e25858637e4765810300227e?s=96&d=mm&r=g","caption":"Developer"},"url":"https:\/\/qtmm.org\/qt\/author\/Developer\/"}]}},"_links":{"self":[{"href":"https:\/\/qtmm.org\/qt\/wp-json\/wp\/v2\/posts\/37602","targetHints":{"allow":["GET"]}}],"collection":[{"href":"https:\/\/qtmm.org\/qt\/wp-json\/wp\/v2\/posts"}],"about":[{"href":"https:\/\/qtmm.org\/qt\/wp-json\/wp\/v2\/types\/post"}],"author":[{"embeddable":true,"href":"https:\/\/qtmm.org\/qt\/wp-json\/wp\/v2\/users\/1"}],"replies":[{"embeddable":true,"href":"https:\/\/qtmm.org\/qt\/wp-json\/wp\/v2\/comments?post=37602"}],"version-history":[{"count":1,"href":"https:\/\/qtmm.org\/qt\/wp-json\/wp\/v2\/posts\/37602\/revisions"}],"predecessor-version":[{"id":37607,"href":"https:\/\/qtmm.org\/qt\/wp-json\/wp\/v2\/posts\/37602\/revisions\/37607"}],"wp:featuredmedia":[{"embeddable":true,"href":"https:\/\/qtmm.org\/qt\/wp-json\/wp\/v2\/media\/37603"}],"wp:attachment":[{"href":"https:\/\/qtmm.org\/qt\/wp-json\/wp\/v2\/media?parent=37602"}],"wp:term":[{"taxonomy":"category","embeddable":true,"href":"https:\/\/qtmm.org\/qt\/wp-json\/wp\/v2\/categories?post=37602"},{"taxonomy":"post_tag","embeddable":true,"href":"https:\/\/qtmm.org\/qt\/wp-json\/wp\/v2\/tags?post=37602"}],"curies":[{"name":"wp","href":"https:\/\/api.w.org\/{rel}","templated":true}]}}