




{"id":37588,"date":"2013-05-18T23:36:00","date_gmt":"2013-05-18T20:36:00","guid":{"rendered":"http:\/\/qtmm.org\/?p=37588"},"modified":"2022-01-23T23:37:56","modified_gmt":"2022-01-23T20:37:56","slug":"turkiyede-qirimtatar-halqi-soyqirimi-qurbanlarinin-hatirasi-anildi","status":"publish","type":"post","link":"https:\/\/qtmm.org\/qt\/turkiyede-qirimtatar-halqi-soyqirimi-qurbanlarinin-hatirasi-anildi\/","title":{"rendered":"T\u00fcrkiyede q\u0131r\u0131mtatar halq\u0131 soyq\u0131r\u0131m\u0131 qurbanlar\u0131n\u0131\u00f1 hat\u0131ras\u0131 a\u00f1\u0131ld\u0131"},"content":{"rendered":"\n<p>2013 senesi may\u0131s 18 \u0130stanbulda Ukraina ba\u015f konsull\u0131\u011f\u0131 binas\u0131n\u0131\u00f1 qar\u015f\u0131s\u0131nda q\u0131r\u0131mtatar halq\u0131 tarihiy Vatan\u0131 Q\u0131r\u0131mdan s\u00fcrg\u00fcn etilgenini\u00f1 69 y\u0131ll\u0131\u011f\u0131 munasebetinen miting \u00f6tkerildi.<\/p>\n\n\n\n<p>Tedbirni T\u00fcrkiye Q\u0131r\u0131m dernegini\u00f1 \u0130stanbul \u015f\u00fcbesi te\u015fkil\u00e2tland\u0131rd\u0131. Bu aqta \u0130stanbul Q\u0131r\u0131m t\u00fcrkleri medeniy ve yarl\u0131mla\u015fma dernegini\u00f1 ba\u015f\u0131 Cel\u00e2l \u0130\u00e7ten bildirdi.<\/p>\n\n\n\n<p>500 insan i\u015ftirakinde ke\u00e7ken miting q\u0131r\u0131mtatarlarn\u0131\u00f1 milliy gimni ve T\u00fcrkiye Cumhuriyetini\u00f1 devlet gimninden ba\u015fland\u0131.<\/p>\n\n\n\n<figure class=\"wp-block-image size-full\"><img loading=\"lazy\" decoding=\"async\" width=\"700\" height=\"933\" src=\"http:\/\/qtmm.org\/wp-content\/uploads\/2022\/01\/2_109.jpeg\" alt=\"\" class=\"wp-image-37593\" srcset=\"https:\/\/qtmm.org\/wp-content\/uploads\/2022\/01\/2_109.jpeg 700w, https:\/\/qtmm.org\/wp-content\/uploads\/2022\/01\/2_109-225x300.jpeg 225w\" sizes=\"auto, (max-width: 700px) 100vw, 700px\" \/><\/figure>\n\n\n\n<p>\u0130stanbul Q\u0131r\u0131m t\u00fcrkleri medeniy ve yard\u0131mla\u015fma dernegini\u00f1 ba\u015f\u0131 Cel\u00e2l \u0130\u00e7ten q\u0131r\u0131mtatarlarn\u0131\u00f1 Ukraina akimiyeti \u00f6g\u00fcnde qoy\u011fan talaplarn\u0131 oqup e\u015fittirdi:<\/p>\n\n\n\n<p>&#8211; q\u0131r\u0131mtatarlar aqlar\u0131n\u0131\u00f1 qor\u00e7alanmas\u0131n\u0131 teminlemek;<\/p>\n\n\n\n<p>&#8211; q\u0131r\u0131mtatar halq\u0131n\u0131\u00f1 Ukrainada tel\u00fckesizligini ve inki\u015faf etmesini teminlemek, aqlar\u0131n\u0131 qor\u00e7alamaq i\u00e7\u00fcn OSCE qoltutuv\u0131nda Halqara forumn\u0131 2014 senesini\u00f1 so\u00f1una qadar ke\u00e7irmek;<\/p>\n\n\n\n<p>&#8211; oquv m\u00fcessiselerinde q\u0131r\u0131mtatar tilinde oquvn\u0131\u00f1 inki\u015faf etmesine qoltutmaq, q\u0131r\u0131mtatar tilinde Q\u0131r\u0131mda resmiy til status\u0131n\u0131 bermek;<\/p>\n\n\n\n<p>&#8211; s\u00fcrg\u00fcnlik yerlerinde qal\u011fan q\u0131r\u0131mtatarlarn\u0131 Q\u0131r\u0131m\u011fa qaytarmaq, qaytqanlarn\u0131 ise topraqnen teminlemek;<br><br>&#8211; akimiyet organlar\u0131ndan q\u0131r\u0131mtatarlarn\u0131\u00f1 i\u015ften bo\u015fat\u0131lmas\u0131n\u0131 toqtatmaq;<br><br>&#8211; Q\u0131r\u0131mtatar halq\u0131 Qurultay\u0131n\u0131\u00f1 icra organ\u0131 ol\u011fan Milliy Meclisni tan\u0131maq;<\/p>\n\n\n\n<p>&#8211; 1944 senesi s\u00fcrg\u00fcnlikten so\u00f1 Q\u0131r\u0131mn\u0131\u00f1 adlar\u0131 de\u00f1i\u015ftirilgen \u015feer ve k\u00f6ylerine tarihiy adlar\u0131n\u0131 qaytarmaq;<br><br>B\u00fct\u00fcn bu talaplar yazma \u015fekilde Ukrainan\u0131\u00f1 \u0130stanbuldaki Ba\u015f konsull\u0131\u011f\u0131na berildi. Konsull\u0131qn\u0131\u00f1 yan\u0131na &#8220;Unutmad\u0131q, unutmaycam\u0131z ve unutt\u0131rmayacam\u0131z&#8221; degen s\u00f6zler yaz\u0131l\u0131 g\u00fcl\u00e7ember qoyuld\u0131.<\/p>\n\n\n\n<p>Bun\u0131\u00f1 kibi de 1944 senesi s\u00fcrg\u00fcnligi qurbanlar\u0131n\u0131\u00f1 ruhuna dua oquld\u0131. Matem mitingi i\u015ftirak\u00e7ileri Konsull\u0131qn\u0131\u00f1 binas\u0131ndan ta demir\u00f6l vokzal\u0131na qadar y\u00fcrip bard\u0131lar ve anda da \u00e7e\u00e7ek qoyd\u0131lar.<\/p>\n\n\n\n<figure class=\"wp-block-image size-full\"><img loading=\"lazy\" decoding=\"async\" width=\"700\" height=\"393\" src=\"http:\/\/qtmm.org\/wp-content\/uploads\/2022\/01\/966103_10151602443174645_1228378503_o_1.jpeg\" alt=\"\" class=\"wp-image-37597\" srcset=\"https:\/\/qtmm.org\/wp-content\/uploads\/2022\/01\/966103_10151602443174645_1228378503_o_1.jpeg 700w, https:\/\/qtmm.org\/wp-content\/uploads\/2022\/01\/966103_10151602443174645_1228378503_o_1-300x168.jpeg 300w\" sizes=\"auto, (max-width: 700px) 100vw, 700px\" \/><\/figure>\n","protected":false},"excerpt":{"rendered":"<p>2013 senesi may\u0131s 18 \u0130stanbulda Ukraina ba\u015f konsull\u0131\u011f\u0131 binas\u0131n\u0131\u00f1 qar\u015f\u0131s\u0131nda q\u0131r\u0131mtatar halq\u0131 tarihiy Vatan\u0131 Q\u0131r\u0131mdan s\u00fcrg\u00fcn etilgenini\u00f1 69 y\u0131ll\u0131\u011f\u0131 munasebetinen miting \u00f6tkerildi. Tedbirni T\u00fcrkiye Q\u0131r\u0131m dernegini\u00f1 \u0130stanbul \u015f\u00fcbesi te\u015fkil\u00e2tland\u0131rd\u0131. Bu aqta \u0130stanbul Q\u0131r\u0131m t\u00fcrkleri medeniy ve yarl\u0131mla\u015fma dernegini\u00f1 ba\u015f\u0131 Cel\u00e2l \u0130\u00e7ten bildirdi. 500 insan i\u015ftirakinde ke\u00e7ken miting q\u0131r\u0131mtatarlarn\u0131\u00f1 milliy gimni ve T\u00fcrkiye Cumhuriyetini\u00f1 devlet gimninden [&hellip;]<\/p>\n","protected":false},"author":1,"featured_media":37589,"comment_status":"open","ping_status":"open","sticky":false,"template":"","format":"standard","meta":{"inline_featured_image":false,"footnotes":""},"categories":[265],"tags":[],"class_list":["post-37588","post","type-post","status-publish","format-standard","has-post-thumbnail","hentry","category-haberler"],"acf":[],"yoast_head":"<!-- This site is optimized with the Yoast SEO plugin v27.4 - https:\/\/yoast.com\/product\/yoast-seo-wordpress\/ -->\n<title>T\u00fcrkiyede q\u0131r\u0131mtatar halq\u0131 soyq\u0131r\u0131m\u0131 qurbanlar\u0131n\u0131\u00f1 hat\u0131ras\u0131 a\u00f1\u0131ld\u0131 - \u041c\u0435\u0434\u0436\u043b\u0456\u0441<\/title>\n<meta name=\"robots\" content=\"index, follow, max-snippet:-1, max-image-preview:large, max-video-preview:-1\" \/>\n<link rel=\"canonical\" href=\"https:\/\/qtmm.org\/qt\/turkiyede-qirimtatar-halqi-soyqirimi-qurbanlarinin-hatirasi-anildi\/\" \/>\n<meta property=\"og:locale\" content=\"en_US\" \/>\n<meta property=\"og:type\" content=\"article\" \/>\n<meta property=\"og:title\" content=\"T\u00fcrkiyede q\u0131r\u0131mtatar halq\u0131 soyq\u0131r\u0131m\u0131 qurbanlar\u0131n\u0131\u00f1 hat\u0131ras\u0131 a\u00f1\u0131ld\u0131 - \u041c\u0435\u0434\u0436\u043b\u0456\u0441\" \/>\n<meta property=\"og:description\" content=\"2013 senesi may\u0131s 18 \u0130stanbulda Ukraina ba\u015f konsull\u0131\u011f\u0131 binas\u0131n\u0131\u00f1 qar\u015f\u0131s\u0131nda q\u0131r\u0131mtatar halq\u0131 tarihiy Vatan\u0131 Q\u0131r\u0131mdan s\u00fcrg\u00fcn etilgenini\u00f1 69 y\u0131ll\u0131\u011f\u0131 munasebetinen miting \u00f6tkerildi. Tedbirni T\u00fcrkiye Q\u0131r\u0131m dernegini\u00f1 \u0130stanbul \u015f\u00fcbesi te\u015fkil\u00e2tland\u0131rd\u0131. Bu aqta \u0130stanbul Q\u0131r\u0131m t\u00fcrkleri medeniy ve yarl\u0131mla\u015fma dernegini\u00f1 ba\u015f\u0131 Cel\u00e2l \u0130\u00e7ten bildirdi. 500 insan i\u015ftirakinde ke\u00e7ken miting q\u0131r\u0131mtatarlarn\u0131\u00f1 milliy gimni ve T\u00fcrkiye Cumhuriyetini\u00f1 devlet gimninden [&hellip;]\" \/>\n<meta property=\"og:url\" content=\"https:\/\/qtmm.org\/qt\/turkiyede-qirimtatar-halqi-soyqirimi-qurbanlarinin-hatirasi-anildi\/\" \/>\n<meta property=\"og:site_name\" content=\"\u041c\u0435\u0434\u0436\u043b\u0456\u0441\" \/>\n<meta property=\"article:publisher\" content=\"https:\/\/www.facebook.com\/qtmm.info\/\" \/>\n<meta property=\"article:published_time\" content=\"2013-05-18T20:36:00+00:00\" \/>\n<meta property=\"article:modified_time\" content=\"2022-01-23T20:37:56+00:00\" \/>\n<meta property=\"og:image\" content=\"https:\/\/qtmm.org\/wp-content\/uploads\/2022\/01\/184521_10151602442789645_108484220_n.jpeg\" \/>\n\t<meta property=\"og:image:width\" content=\"700\" \/>\n\t<meta property=\"og:image:height\" content=\"393\" \/>\n\t<meta property=\"og:image:type\" content=\"image\/jpeg\" \/>\n<meta name=\"author\" content=\"Developer\" \/>\n<meta name=\"twitter:card\" content=\"summary_large_image\" \/>\n<meta name=\"twitter:label1\" content=\"Written by\" \/>\n\t<meta name=\"twitter:data1\" content=\"Developer\" \/>\n\t<meta name=\"twitter:label2\" content=\"Est. reading time\" \/>\n\t<meta name=\"twitter:data2\" content=\"2 minutes\" \/>\n<script type=\"application\/ld+json\" class=\"yoast-schema-graph\">{\"@context\":\"https:\\\/\\\/schema.org\",\"@graph\":[{\"@type\":\"Article\",\"@id\":\"https:\\\/\\\/qtmm.org\\\/qt\\\/turkiyede-qirimtatar-halqi-soyqirimi-qurbanlarinin-hatirasi-anildi\\\/#article\",\"isPartOf\":{\"@id\":\"https:\\\/\\\/qtmm.org\\\/qt\\\/turkiyede-qirimtatar-halqi-soyqirimi-qurbanlarinin-hatirasi-anildi\\\/\"},\"author\":{\"name\":\"Developer\",\"@id\":\"https:\\\/\\\/qtmm.org\\\/qt\\\/#\\\/schema\\\/person\\\/de562469f971dec226ac06e60bbf74a7\"},\"headline\":\"T\u00fcrkiyede q\u0131r\u0131mtatar halq\u0131 soyq\u0131r\u0131m\u0131 qurbanlar\u0131n\u0131\u00f1 hat\u0131ras\u0131 a\u00f1\u0131ld\u0131\",\"datePublished\":\"2013-05-18T20:36:00+00:00\",\"dateModified\":\"2022-01-23T20:37:56+00:00\",\"mainEntityOfPage\":{\"@id\":\"https:\\\/\\\/qtmm.org\\\/qt\\\/turkiyede-qirimtatar-halqi-soyqirimi-qurbanlarinin-hatirasi-anildi\\\/\"},\"wordCount\":332,\"commentCount\":0,\"publisher\":{\"@id\":\"https:\\\/\\\/qtmm.org\\\/qt\\\/#organization\"},\"image\":{\"@id\":\"https:\\\/\\\/qtmm.org\\\/qt\\\/turkiyede-qirimtatar-halqi-soyqirimi-qurbanlarinin-hatirasi-anildi\\\/#primaryimage\"},\"thumbnailUrl\":\"https:\\\/\\\/qtmm.org\\\/wp-content\\\/uploads\\\/2022\\\/01\\\/184521_10151602442789645_108484220_n.jpeg\",\"articleSection\":[\"Haberler\"],\"inLanguage\":\"qt\",\"potentialAction\":[{\"@type\":\"CommentAction\",\"name\":\"Comment\",\"target\":[\"https:\\\/\\\/qtmm.org\\\/qt\\\/turkiyede-qirimtatar-halqi-soyqirimi-qurbanlarinin-hatirasi-anildi\\\/#respond\"]}]},{\"@type\":\"WebPage\",\"@id\":\"https:\\\/\\\/qtmm.org\\\/qt\\\/turkiyede-qirimtatar-halqi-soyqirimi-qurbanlarinin-hatirasi-anildi\\\/\",\"url\":\"https:\\\/\\\/qtmm.org\\\/qt\\\/turkiyede-qirimtatar-halqi-soyqirimi-qurbanlarinin-hatirasi-anildi\\\/\",\"name\":\"T\u00fcrkiyede q\u0131r\u0131mtatar halq\u0131 soyq\u0131r\u0131m\u0131 qurbanlar\u0131n\u0131\u00f1 hat\u0131ras\u0131 a\u00f1\u0131ld\u0131 - \u041c\u0435\u0434\u0436\u043b\u0456\u0441\",\"isPartOf\":{\"@id\":\"https:\\\/\\\/qtmm.org\\\/qt\\\/#website\"},\"primaryImageOfPage\":{\"@id\":\"https:\\\/\\\/qtmm.org\\\/qt\\\/turkiyede-qirimtatar-halqi-soyqirimi-qurbanlarinin-hatirasi-anildi\\\/#primaryimage\"},\"image\":{\"@id\":\"https:\\\/\\\/qtmm.org\\\/qt\\\/turkiyede-qirimtatar-halqi-soyqirimi-qurbanlarinin-hatirasi-anildi\\\/#primaryimage\"},\"thumbnailUrl\":\"https:\\\/\\\/qtmm.org\\\/wp-content\\\/uploads\\\/2022\\\/01\\\/184521_10151602442789645_108484220_n.jpeg\",\"datePublished\":\"2013-05-18T20:36:00+00:00\",\"dateModified\":\"2022-01-23T20:37:56+00:00\",\"breadcrumb\":{\"@id\":\"https:\\\/\\\/qtmm.org\\\/qt\\\/turkiyede-qirimtatar-halqi-soyqirimi-qurbanlarinin-hatirasi-anildi\\\/#breadcrumb\"},\"inLanguage\":\"qt\",\"potentialAction\":[{\"@type\":\"ReadAction\",\"target\":[\"https:\\\/\\\/qtmm.org\\\/qt\\\/turkiyede-qirimtatar-halqi-soyqirimi-qurbanlarinin-hatirasi-anildi\\\/\"]}]},{\"@type\":\"ImageObject\",\"inLanguage\":\"qt\",\"@id\":\"https:\\\/\\\/qtmm.org\\\/qt\\\/turkiyede-qirimtatar-halqi-soyqirimi-qurbanlarinin-hatirasi-anildi\\\/#primaryimage\",\"url\":\"https:\\\/\\\/qtmm.org\\\/wp-content\\\/uploads\\\/2022\\\/01\\\/184521_10151602442789645_108484220_n.jpeg\",\"contentUrl\":\"https:\\\/\\\/qtmm.org\\\/wp-content\\\/uploads\\\/2022\\\/01\\\/184521_10151602442789645_108484220_n.jpeg\",\"width\":700,\"height\":393},{\"@type\":\"BreadcrumbList\",\"@id\":\"https:\\\/\\\/qtmm.org\\\/qt\\\/turkiyede-qirimtatar-halqi-soyqirimi-qurbanlarinin-hatirasi-anildi\\\/#breadcrumb\",\"itemListElement\":[{\"@type\":\"ListItem\",\"position\":1,\"name\":\"\u0413\u043e\u043b\u043e\u0432\u043d\u0430\",\"item\":\"https:\\\/\\\/qtmm.org\\\/qt\\\/\"},{\"@type\":\"ListItem\",\"position\":2,\"name\":\"T\u00fcrkiyede q\u0131r\u0131mtatar halq\u0131 soyq\u0131r\u0131m\u0131 qurbanlar\u0131n\u0131\u00f1 hat\u0131ras\u0131 a\u00f1\u0131ld\u0131\"}]},{\"@type\":\"WebSite\",\"@id\":\"https:\\\/\\\/qtmm.org\\\/qt\\\/#website\",\"url\":\"https:\\\/\\\/qtmm.org\\\/qt\\\/\",\"name\":\"\u041c\u0435\u0434\u0436\u043b\u0456\u0441\",\"description\":\"\",\"publisher\":{\"@id\":\"https:\\\/\\\/qtmm.org\\\/qt\\\/#organization\"},\"potentialAction\":[{\"@type\":\"SearchAction\",\"target\":{\"@type\":\"EntryPoint\",\"urlTemplate\":\"https:\\\/\\\/qtmm.org\\\/qt\\\/?s={search_term_string}\"},\"query-input\":{\"@type\":\"PropertyValueSpecification\",\"valueRequired\":true,\"valueName\":\"search_term_string\"}}],\"inLanguage\":\"qt\"},{\"@type\":\"Organization\",\"@id\":\"https:\\\/\\\/qtmm.org\\\/qt\\\/#organization\",\"name\":\"\u041c\u0435\u0434\u0436\u043b\u0456\u0441\",\"url\":\"https:\\\/\\\/qtmm.org\\\/qt\\\/\",\"logo\":{\"@type\":\"ImageObject\",\"inLanguage\":\"qt\",\"@id\":\"https:\\\/\\\/qtmm.org\\\/qt\\\/#\\\/schema\\\/logo\\\/image\\\/\",\"url\":\"https:\\\/\\\/qtmm.org\\\/wp-content\\\/uploads\\\/2024\\\/12\\\/ua-mejlis-logo-rgb.svg\",\"contentUrl\":\"https:\\\/\\\/qtmm.org\\\/wp-content\\\/uploads\\\/2024\\\/12\\\/ua-mejlis-logo-rgb.svg\",\"caption\":\"\u041c\u0435\u0434\u0436\u043b\u0456\u0441\"},\"image\":{\"@id\":\"https:\\\/\\\/qtmm.org\\\/qt\\\/#\\\/schema\\\/logo\\\/image\\\/\"},\"sameAs\":[\"https:\\\/\\\/www.facebook.com\\\/qtmm.info\\\/\"]},{\"@type\":\"Person\",\"@id\":\"https:\\\/\\\/qtmm.org\\\/qt\\\/#\\\/schema\\\/person\\\/de562469f971dec226ac06e60bbf74a7\",\"name\":\"Developer\",\"image\":{\"@type\":\"ImageObject\",\"inLanguage\":\"qt\",\"@id\":\"https:\\\/\\\/secure.gravatar.com\\\/avatar\\\/392b4cc8fbfeb00b39dfeeab4ee6edded39ffd48e25858637e4765810300227e?s=96&d=mm&r=g\",\"url\":\"https:\\\/\\\/secure.gravatar.com\\\/avatar\\\/392b4cc8fbfeb00b39dfeeab4ee6edded39ffd48e25858637e4765810300227e?s=96&d=mm&r=g\",\"contentUrl\":\"https:\\\/\\\/secure.gravatar.com\\\/avatar\\\/392b4cc8fbfeb00b39dfeeab4ee6edded39ffd48e25858637e4765810300227e?s=96&d=mm&r=g\",\"caption\":\"Developer\"},\"url\":\"https:\\\/\\\/qtmm.org\\\/qt\\\/author\\\/Developer\\\/\"}]}<\/script>\n<!-- \/ Yoast SEO plugin. -->","yoast_head_json":{"title":"T\u00fcrkiyede q\u0131r\u0131mtatar halq\u0131 soyq\u0131r\u0131m\u0131 qurbanlar\u0131n\u0131\u00f1 hat\u0131ras\u0131 a\u00f1\u0131ld\u0131 - \u041c\u0435\u0434\u0436\u043b\u0456\u0441","robots":{"index":"index","follow":"follow","max-snippet":"max-snippet:-1","max-image-preview":"max-image-preview:large","max-video-preview":"max-video-preview:-1"},"canonical":"https:\/\/qtmm.org\/qt\/turkiyede-qirimtatar-halqi-soyqirimi-qurbanlarinin-hatirasi-anildi\/","og_locale":"en_US","og_type":"article","og_title":"T\u00fcrkiyede q\u0131r\u0131mtatar halq\u0131 soyq\u0131r\u0131m\u0131 qurbanlar\u0131n\u0131\u00f1 hat\u0131ras\u0131 a\u00f1\u0131ld\u0131 - \u041c\u0435\u0434\u0436\u043b\u0456\u0441","og_description":"2013 senesi may\u0131s 18 \u0130stanbulda Ukraina ba\u015f konsull\u0131\u011f\u0131 binas\u0131n\u0131\u00f1 qar\u015f\u0131s\u0131nda q\u0131r\u0131mtatar halq\u0131 tarihiy Vatan\u0131 Q\u0131r\u0131mdan s\u00fcrg\u00fcn etilgenini\u00f1 69 y\u0131ll\u0131\u011f\u0131 munasebetinen miting \u00f6tkerildi. Tedbirni T\u00fcrkiye Q\u0131r\u0131m dernegini\u00f1 \u0130stanbul \u015f\u00fcbesi te\u015fkil\u00e2tland\u0131rd\u0131. Bu aqta \u0130stanbul Q\u0131r\u0131m t\u00fcrkleri medeniy ve yarl\u0131mla\u015fma dernegini\u00f1 ba\u015f\u0131 Cel\u00e2l \u0130\u00e7ten bildirdi. 500 insan i\u015ftirakinde ke\u00e7ken miting q\u0131r\u0131mtatarlarn\u0131\u00f1 milliy gimni ve T\u00fcrkiye Cumhuriyetini\u00f1 devlet gimninden [&hellip;]","og_url":"https:\/\/qtmm.org\/qt\/turkiyede-qirimtatar-halqi-soyqirimi-qurbanlarinin-hatirasi-anildi\/","og_site_name":"\u041c\u0435\u0434\u0436\u043b\u0456\u0441","article_publisher":"https:\/\/www.facebook.com\/qtmm.info\/","article_published_time":"2013-05-18T20:36:00+00:00","article_modified_time":"2022-01-23T20:37:56+00:00","og_image":[{"width":700,"height":393,"url":"https:\/\/qtmm.org\/wp-content\/uploads\/2022\/01\/184521_10151602442789645_108484220_n.jpeg","type":"image\/jpeg"}],"author":"Developer","twitter_card":"summary_large_image","twitter_misc":{"Written by":"Developer","Est. reading time":"2 minutes"},"schema":{"@context":"https:\/\/schema.org","@graph":[{"@type":"Article","@id":"https:\/\/qtmm.org\/qt\/turkiyede-qirimtatar-halqi-soyqirimi-qurbanlarinin-hatirasi-anildi\/#article","isPartOf":{"@id":"https:\/\/qtmm.org\/qt\/turkiyede-qirimtatar-halqi-soyqirimi-qurbanlarinin-hatirasi-anildi\/"},"author":{"name":"Developer","@id":"https:\/\/qtmm.org\/qt\/#\/schema\/person\/de562469f971dec226ac06e60bbf74a7"},"headline":"T\u00fcrkiyede q\u0131r\u0131mtatar halq\u0131 soyq\u0131r\u0131m\u0131 qurbanlar\u0131n\u0131\u00f1 hat\u0131ras\u0131 a\u00f1\u0131ld\u0131","datePublished":"2013-05-18T20:36:00+00:00","dateModified":"2022-01-23T20:37:56+00:00","mainEntityOfPage":{"@id":"https:\/\/qtmm.org\/qt\/turkiyede-qirimtatar-halqi-soyqirimi-qurbanlarinin-hatirasi-anildi\/"},"wordCount":332,"commentCount":0,"publisher":{"@id":"https:\/\/qtmm.org\/qt\/#organization"},"image":{"@id":"https:\/\/qtmm.org\/qt\/turkiyede-qirimtatar-halqi-soyqirimi-qurbanlarinin-hatirasi-anildi\/#primaryimage"},"thumbnailUrl":"https:\/\/qtmm.org\/wp-content\/uploads\/2022\/01\/184521_10151602442789645_108484220_n.jpeg","articleSection":["Haberler"],"inLanguage":"qt","potentialAction":[{"@type":"CommentAction","name":"Comment","target":["https:\/\/qtmm.org\/qt\/turkiyede-qirimtatar-halqi-soyqirimi-qurbanlarinin-hatirasi-anildi\/#respond"]}]},{"@type":"WebPage","@id":"https:\/\/qtmm.org\/qt\/turkiyede-qirimtatar-halqi-soyqirimi-qurbanlarinin-hatirasi-anildi\/","url":"https:\/\/qtmm.org\/qt\/turkiyede-qirimtatar-halqi-soyqirimi-qurbanlarinin-hatirasi-anildi\/","name":"T\u00fcrkiyede q\u0131r\u0131mtatar halq\u0131 soyq\u0131r\u0131m\u0131 qurbanlar\u0131n\u0131\u00f1 hat\u0131ras\u0131 a\u00f1\u0131ld\u0131 - \u041c\u0435\u0434\u0436\u043b\u0456\u0441","isPartOf":{"@id":"https:\/\/qtmm.org\/qt\/#website"},"primaryImageOfPage":{"@id":"https:\/\/qtmm.org\/qt\/turkiyede-qirimtatar-halqi-soyqirimi-qurbanlarinin-hatirasi-anildi\/#primaryimage"},"image":{"@id":"https:\/\/qtmm.org\/qt\/turkiyede-qirimtatar-halqi-soyqirimi-qurbanlarinin-hatirasi-anildi\/#primaryimage"},"thumbnailUrl":"https:\/\/qtmm.org\/wp-content\/uploads\/2022\/01\/184521_10151602442789645_108484220_n.jpeg","datePublished":"2013-05-18T20:36:00+00:00","dateModified":"2022-01-23T20:37:56+00:00","breadcrumb":{"@id":"https:\/\/qtmm.org\/qt\/turkiyede-qirimtatar-halqi-soyqirimi-qurbanlarinin-hatirasi-anildi\/#breadcrumb"},"inLanguage":"qt","potentialAction":[{"@type":"ReadAction","target":["https:\/\/qtmm.org\/qt\/turkiyede-qirimtatar-halqi-soyqirimi-qurbanlarinin-hatirasi-anildi\/"]}]},{"@type":"ImageObject","inLanguage":"qt","@id":"https:\/\/qtmm.org\/qt\/turkiyede-qirimtatar-halqi-soyqirimi-qurbanlarinin-hatirasi-anildi\/#primaryimage","url":"https:\/\/qtmm.org\/wp-content\/uploads\/2022\/01\/184521_10151602442789645_108484220_n.jpeg","contentUrl":"https:\/\/qtmm.org\/wp-content\/uploads\/2022\/01\/184521_10151602442789645_108484220_n.jpeg","width":700,"height":393},{"@type":"BreadcrumbList","@id":"https:\/\/qtmm.org\/qt\/turkiyede-qirimtatar-halqi-soyqirimi-qurbanlarinin-hatirasi-anildi\/#breadcrumb","itemListElement":[{"@type":"ListItem","position":1,"name":"\u0413\u043e\u043b\u043e\u0432\u043d\u0430","item":"https:\/\/qtmm.org\/qt\/"},{"@type":"ListItem","position":2,"name":"T\u00fcrkiyede q\u0131r\u0131mtatar halq\u0131 soyq\u0131r\u0131m\u0131 qurbanlar\u0131n\u0131\u00f1 hat\u0131ras\u0131 a\u00f1\u0131ld\u0131"}]},{"@type":"WebSite","@id":"https:\/\/qtmm.org\/qt\/#website","url":"https:\/\/qtmm.org\/qt\/","name":"\u041c\u0435\u0434\u0436\u043b\u0456\u0441","description":"","publisher":{"@id":"https:\/\/qtmm.org\/qt\/#organization"},"potentialAction":[{"@type":"SearchAction","target":{"@type":"EntryPoint","urlTemplate":"https:\/\/qtmm.org\/qt\/?s={search_term_string}"},"query-input":{"@type":"PropertyValueSpecification","valueRequired":true,"valueName":"search_term_string"}}],"inLanguage":"qt"},{"@type":"Organization","@id":"https:\/\/qtmm.org\/qt\/#organization","name":"\u041c\u0435\u0434\u0436\u043b\u0456\u0441","url":"https:\/\/qtmm.org\/qt\/","logo":{"@type":"ImageObject","inLanguage":"qt","@id":"https:\/\/qtmm.org\/qt\/#\/schema\/logo\/image\/","url":"https:\/\/qtmm.org\/wp-content\/uploads\/2024\/12\/ua-mejlis-logo-rgb.svg","contentUrl":"https:\/\/qtmm.org\/wp-content\/uploads\/2024\/12\/ua-mejlis-logo-rgb.svg","caption":"\u041c\u0435\u0434\u0436\u043b\u0456\u0441"},"image":{"@id":"https:\/\/qtmm.org\/qt\/#\/schema\/logo\/image\/"},"sameAs":["https:\/\/www.facebook.com\/qtmm.info\/"]},{"@type":"Person","@id":"https:\/\/qtmm.org\/qt\/#\/schema\/person\/de562469f971dec226ac06e60bbf74a7","name":"Developer","image":{"@type":"ImageObject","inLanguage":"qt","@id":"https:\/\/secure.gravatar.com\/avatar\/392b4cc8fbfeb00b39dfeeab4ee6edded39ffd48e25858637e4765810300227e?s=96&d=mm&r=g","url":"https:\/\/secure.gravatar.com\/avatar\/392b4cc8fbfeb00b39dfeeab4ee6edded39ffd48e25858637e4765810300227e?s=96&d=mm&r=g","contentUrl":"https:\/\/secure.gravatar.com\/avatar\/392b4cc8fbfeb00b39dfeeab4ee6edded39ffd48e25858637e4765810300227e?s=96&d=mm&r=g","caption":"Developer"},"url":"https:\/\/qtmm.org\/qt\/author\/Developer\/"}]}},"_links":{"self":[{"href":"https:\/\/qtmm.org\/qt\/wp-json\/wp\/v2\/posts\/37588","targetHints":{"allow":["GET"]}}],"collection":[{"href":"https:\/\/qtmm.org\/qt\/wp-json\/wp\/v2\/posts"}],"about":[{"href":"https:\/\/qtmm.org\/qt\/wp-json\/wp\/v2\/types\/post"}],"author":[{"embeddable":true,"href":"https:\/\/qtmm.org\/qt\/wp-json\/wp\/v2\/users\/1"}],"replies":[{"embeddable":true,"href":"https:\/\/qtmm.org\/qt\/wp-json\/wp\/v2\/comments?post=37588"}],"version-history":[{"count":1,"href":"https:\/\/qtmm.org\/qt\/wp-json\/wp\/v2\/posts\/37588\/revisions"}],"predecessor-version":[{"id":37601,"href":"https:\/\/qtmm.org\/qt\/wp-json\/wp\/v2\/posts\/37588\/revisions\/37601"}],"wp:featuredmedia":[{"embeddable":true,"href":"https:\/\/qtmm.org\/qt\/wp-json\/wp\/v2\/media\/37589"}],"wp:attachment":[{"href":"https:\/\/qtmm.org\/qt\/wp-json\/wp\/v2\/media?parent=37588"}],"wp:term":[{"taxonomy":"category","embeddable":true,"href":"https:\/\/qtmm.org\/qt\/wp-json\/wp\/v2\/categories?post=37588"},{"taxonomy":"post_tag","embeddable":true,"href":"https:\/\/qtmm.org\/qt\/wp-json\/wp\/v2\/tags?post=37588"}],"curies":[{"name":"wp","href":"https:\/\/api.w.org\/{rel}","templated":true}]}}