




{"id":37490,"date":"2013-05-18T23:29:00","date_gmt":"2013-05-18T20:29:00","guid":{"rendered":"http:\/\/qtmm.org\/?p=37490"},"modified":"2022-01-23T23:36:10","modified_gmt":"2022-01-23T20:36:10","slug":"qirimtatarlar-surgunliginin-69-yilligi-munasebetinen-otkerilgen-butunqirim-matem-mitinginde-40-binden-ziyade-adam-istirak-etti","status":"publish","type":"post","link":"https:\/\/qtmm.org\/qt\/qirimtatarlar-surgunliginin-69-yilligi-munasebetinen-otkerilgen-butunqirim-matem-mitinginde-40-binden-ziyade-adam-istirak-etti\/","title":{"rendered":"Q\u0131r\u0131mtatarlar s\u00fcrg\u00fcnligini\u00f1 69 y\u0131ll\u0131\u011f\u0131 munasebetinen \u00f6tkerilgen B\u00fct\u00fcnq\u0131r\u0131m matem mitinginde 40 bi\u00f1den ziyade adam i\u015ftirak etti"},"content":{"rendered":"\n<p>May\u0131s 18 k\u00fcn\u00fc Q\u0131r\u0131mtatarlar s\u00fcrg\u00fcnligini\u00f1 69 y\u0131ll\u0131\u011f\u0131 munasebetinen \u00f6tkerilgen B\u00fct\u00fcnq\u0131r\u0131m matem mitinginde 40 bi\u00f1den ziyade adam i\u015ftirak etti.<\/p>\n\n\n\n<p>Q\u0131r\u0131mtatarlar \u00e7oq ya\u015fa\u011fan Q\u0131r\u0131m, Herson ve Zaporojye vil\u00e2yetlerinde may\u0131s 18 k\u00fcn\u00fc saba yerli matem mitingleri ke\u00e7irilip, s\u00fcrg\u00fcnlik yerlerinde el\u00e2k ol\u011fanlarn\u0131\u00f1.<\/p>\n\n\n\n<figure class=\"wp-block-image size-full\"><img loading=\"lazy\" decoding=\"async\" width=\"700\" height=\"394\" src=\"http:\/\/qtmm.org\/wp-content\/uploads\/2022\/01\/lok_miting.jpeg\" alt=\"\" class=\"wp-image-37491\" srcset=\"https:\/\/qtmm.org\/wp-content\/uploads\/2022\/01\/lok_miting.jpeg 700w, https:\/\/qtmm.org\/wp-content\/uploads\/2022\/01\/lok_miting-300x169.jpeg 300w\" sizes=\"auto, (max-width: 700px) 100vw, 700px\" \/><\/figure>\n\n\n\n<p>Ruhuna dualar oquld\u0131. Bundan da \u011fayr\u0131, Ukrainan\u0131\u00f1 Br\u00fcssel, Gaaga, Berlin, Vena, Parij, Var\u015fava, Bernde ve Avropa Birligi azalar\u0131 ol\u011fan diger devletlerde, bun\u0131\u00f1 kibi de T\u00fcrkiyeni\u00f1 Anqara ve \u0130stanbul \u015feerlerindeki el\u00e7ihanelerini\u00f1 qar\u015f\u0131s\u0131nda q\u0131r\u0131mtatar halq\u0131 soyq\u0131r\u0131m\u0131 qurbanlar\u0131n\u0131\u00f1 hat\u0131ras\u0131na ba\u011f\u0131\u015flan\u011fan dualar oquld\u0131.<\/p>\n\n\n\n<figure class=\"wp-block-image size-full\"><img loading=\"lazy\" decoding=\"async\" width=\"700\" height=\"393\" src=\"http:\/\/qtmm.org\/wp-content\/uploads\/2022\/01\/diaspora_mogilev.jpeg\" alt=\"\" class=\"wp-image-37495\" srcset=\"https:\/\/qtmm.org\/wp-content\/uploads\/2022\/01\/diaspora_mogilev.jpeg 700w, https:\/\/qtmm.org\/wp-content\/uploads\/2022\/01\/diaspora_mogilev-300x168.jpeg 300w\" sizes=\"auto, (max-width: 700px) 100vw, 700px\" \/><\/figure>\n\n\n\n<p>Sabadan hat\u0131ra ta\u015flar\u0131 ve abidelerine \u00e7e\u00e7ekler qoyuld\u0131 ve matem merasimleri ke\u00e7irildi.<\/p>\n\n\n\n<p>Matem mitingi i\u015ftirak\u00e7ileri demir\u00f6l vokzal\u0131, Sal\u011f\u0131r ba\u011f\u00e7as\u0131. Zapadnaya avtostantsiyas\u0131, Pobeda caddesi ve M. Jukov mikrorayon\u0131ndan be\u015f kolonna ol\u0131p Aqmescitni\u00f1 merkeziy meydan\u0131na keldiler.<\/p>\n\n\n\n<figure class=\"wp-block-image size-full\"><img loading=\"lazy\" decoding=\"async\" width=\"700\" height=\"525\" src=\"http:\/\/qtmm.org\/wp-content\/uploads\/2022\/01\/zhd1.jpeg\" alt=\"\" class=\"wp-image-37503\" srcset=\"https:\/\/qtmm.org\/wp-content\/uploads\/2022\/01\/zhd1.jpeg 700w, https:\/\/qtmm.org\/wp-content\/uploads\/2022\/01\/zhd1-300x225.jpeg 300w\" sizes=\"auto, (max-width: 700px) 100vw, 700px\" \/><\/figure>\n\n\n\n<figure class=\"wp-block-image size-full\"><img loading=\"lazy\" decoding=\"async\" width=\"700\" height=\"525\" src=\"http:\/\/qtmm.org\/wp-content\/uploads\/2022\/01\/zhd2.jpeg\" alt=\"\" class=\"wp-image-37507\" srcset=\"https:\/\/qtmm.org\/wp-content\/uploads\/2022\/01\/zhd2.jpeg 700w, https:\/\/qtmm.org\/wp-content\/uploads\/2022\/01\/zhd2-300x225.jpeg 300w\" sizes=\"auto, (max-width: 700px) 100vw, 700px\" \/><\/figure>\n\n\n\n<figure class=\"wp-block-image size-full\"><img loading=\"lazy\" decoding=\"async\" width=\"700\" height=\"525\" src=\"http:\/\/qtmm.org\/wp-content\/uploads\/2022\/01\/salgirka.jpeg\" alt=\"\" class=\"wp-image-37511\" srcset=\"https:\/\/qtmm.org\/wp-content\/uploads\/2022\/01\/salgirka.jpeg 700w, https:\/\/qtmm.org\/wp-content\/uploads\/2022\/01\/salgirka-300x225.jpeg 300w\" sizes=\"auto, (max-width: 700px) 100vw, 700px\" \/><\/figure>\n\n\n\n<figure class=\"wp-block-image size-full\"><img loading=\"lazy\" decoding=\"async\" width=\"700\" height=\"525\" src=\"http:\/\/qtmm.org\/wp-content\/uploads\/2022\/01\/salgirka2.jpeg\" alt=\"\" class=\"wp-image-37515\" srcset=\"https:\/\/qtmm.org\/wp-content\/uploads\/2022\/01\/salgirka2.jpeg 700w, https:\/\/qtmm.org\/wp-content\/uploads\/2022\/01\/salgirka2-300x225.jpeg 300w\" sizes=\"auto, (max-width: 700px) 100vw, 700px\" \/><\/figure>\n\n\n\n<p>\u00dcyle namaz\u0131 vaqt\u0131nda Q\u0131r\u0131m musulmanlar\u0131 diniy idaresini\u00f1 vekilleri ezan \u00e7a\u011f\u0131r\u0131p namaz q\u0131lma\u011fa davet ettiler.<\/p>\n\n\n\n<figure class=\"wp-block-image size-full\"><img loading=\"lazy\" decoding=\"async\" width=\"700\" height=\"525\" src=\"http:\/\/qtmm.org\/wp-content\/uploads\/2022\/01\/moleben.jpeg\" alt=\"\" class=\"wp-image-37519\" srcset=\"https:\/\/qtmm.org\/wp-content\/uploads\/2022\/01\/moleben.jpeg 700w, https:\/\/qtmm.org\/wp-content\/uploads\/2022\/01\/moleben-300x225.jpeg 300w\" sizes=\"auto, (max-width: 700px) 100vw, 700px\" \/><\/figure>\n\n\n\n<p>Yerli vaq\u0131tnen saat 12-de &#8220;Qay\u011f\u0131 ve birlik daqqas\u0131&#8221; halqara aktsiya ke\u00e7irildi. Aktsiya i\u015ftirak\u00e7ileri qayerde bulunmas\u0131nlar, bir daqqa\u011fa toqtal\u0131p ba\u015flar\u0131n\u0131 eggenleri alda Vatan\u011fa qayt\u0131p kelmegenlerni\u00f1 ruhuna dualar oqup, bug\u00fcn epimiz birlikte \u00f6z topar\u011f\u0131m\u0131zda ol\u011fan\u0131m\u0131z i\u00e7\u00fcn Allahqa \u015f\u00fck\u00fcr ketirdiler.<\/p>\n\n\n\n<figure class=\"wp-block-image size-full\"><img loading=\"lazy\" decoding=\"async\" width=\"700\" height=\"525\" src=\"http:\/\/qtmm.org\/wp-content\/uploads\/2022\/01\/obschiy_fon.jpeg\" alt=\"\" class=\"wp-image-37523\" srcset=\"https:\/\/qtmm.org\/wp-content\/uploads\/2022\/01\/obschiy_fon.jpeg 700w, https:\/\/qtmm.org\/wp-content\/uploads\/2022\/01\/obschiy_fon-300x225.jpeg 300w\" sizes=\"auto, (max-width: 700px) 100vw, 700px\" \/><\/figure>\n\n\n\n<p>Bu k\u00fcn\u00fc &#8220;Qay\u011f\u0131 ve birlik daqqas\u0131&#8221; vaqt\u0131nda Kiyevde &#8220;Biz avropal\u0131larm\u0131z&#8221; areketi i\u015ftirak\u00e7ileri, &#8220;Ukrainada vatanda\u015fl\u0131q cemiyeti&#8221; halqara konferentsiyan\u0131\u00f1 Ukraina ve Q\u0131r\u0131mn\u0131\u00f1 \u00e7e\u015fit yerlerinden kelgen 50-den ziyade i\u015ftirak\u00e7isi, q\u0131r\u0131mtatar halq\u0131n\u0131\u00f1 \u00e7oqtan-\u00e7oq dostlar\u0131 birlikte ediler.<\/p>\n\n\n\n<p>B\u00fct\u00fcnq\u0131r\u0131m matem mitingini Meclis reisini\u00f1 birinci muavini, B\u00fct\u00fcnd\u00fcnya q\u0131r\u0131mtatarlar kongressini\u00f1 prezidenti Refat \u00c7ubarov a\u00e7t\u0131.<\/p>\n\n\n\n<figure class=\"wp-block-image size-full\"><img loading=\"lazy\" decoding=\"async\" width=\"700\" height=\"525\" src=\"http:\/\/qtmm.org\/wp-content\/uploads\/2022\/01\/rch.jpeg\" alt=\"\" class=\"wp-image-37527\" srcset=\"https:\/\/qtmm.org\/wp-content\/uploads\/2022\/01\/rch.jpeg 700w, https:\/\/qtmm.org\/wp-content\/uploads\/2022\/01\/rch-300x225.jpeg 300w\" sizes=\"auto, (max-width: 700px) 100vw, 700px\" \/><\/figure>\n\n\n\n<p>Aqmescitni\u00f1 merkeziy meydan\u0131nda tur\u011fan B\u00fct\u00fcnq\u0131r\u0131m matem mitingini\u00f1 i\u015ftirak\u00e7ileri ellerinde milliy q\u0131r\u0131mtatar, Ukraina devleti bayraqlar\u0131n\u0131, bun\u0131\u00f1 kibi de &#8220;Mogil\u00f6v, Q\u0131r\u0131mdan ket ve \u00f6z\u00fc\u00f1nen beraber &#8220;Aq\u015faqallar ke\u00f1e\u015fi 2 taq\u0131m\u0131n\u0131 da al\u0131p ket&#8221;, &#8220;Biz \u00f6z topra\u011f\u0131m\u0131zdam\u0131z!&#8221;, &#8220;Q\u0131r\u0131mtatarlar\u011fa tam\u0131r halq\u0131 status\u0131 berilsin!&#8221;, &#8220;Bi\u015fkek a\u00f1la\u015fmas\u0131 devam ettirilsin!&#8221;, &#8220;Q\u0131r\u0131mtatar halq\u0131 soyq\u0131r\u0131m\u0131 qurbanlar\u0131 ebediy hat\u0131ram\u0131zda&#8221; ve diger \u015fiarlar yaz\u0131l\u011fan transparantlar bar edi.<\/p>\n\n\n\n<figure class=\"wp-block-image size-full\"><img loading=\"lazy\" decoding=\"async\" width=\"700\" height=\"525\" src=\"http:\/\/qtmm.org\/wp-content\/uploads\/2022\/01\/lozungi.jpeg\" alt=\"\" class=\"wp-image-37531\" srcset=\"https:\/\/qtmm.org\/wp-content\/uploads\/2022\/01\/lozungi.jpeg 700w, https:\/\/qtmm.org\/wp-content\/uploads\/2022\/01\/lozungi-300x225.jpeg 300w\" sizes=\"auto, (max-width: 700px) 100vw, 700px\" \/><\/figure>\n\n\n\n<p>Ukraina devlet gimni ve q\u0131r\u0131mtatar milliy gimni ya\u00f1\u011f\u0131ra\u011fan so\u00f1 Q\u0131r\u0131pm musulmanlar\u0131n\u0131\u00f1 m\u00fcftisi hac\u0131 Emirali Ablayev s\u00fcrg\u00fcnlikte ve \u011furbet topraqlarda \u00f6lgenlerni\u00f1 ruhuna dua oqud\u0131.<\/p>\n\n\n\n<p>So\u00f1ra B\u00fct\u00fcnq\u0131r\u0131m matem mitingi i\u015ftirak\u00e7ilerini\u00f1 \u00f6g\u00fcnde Ukraina Yuqar\u0131 \u015euras\u0131 \u0130nsan, milliy azl\u0131qlar aqlar\u0131 ve milletlerara munasebetler komitetini\u00f1 ba\u015f\u0131 Valeriy Patskan \u00e7\u0131q\u0131\u015fta bulund\u0131.<\/p>\n\n\n\n<figure class=\"wp-block-image size-full\"><img loading=\"lazy\" decoding=\"async\" width=\"700\" height=\"525\" src=\"http:\/\/qtmm.org\/wp-content\/uploads\/2022\/01\/packan.jpeg\" alt=\"\" class=\"wp-image-37535\" srcset=\"https:\/\/qtmm.org\/wp-content\/uploads\/2022\/01\/packan.jpeg 700w, https:\/\/qtmm.org\/wp-content\/uploads\/2022\/01\/packan-300x225.jpeg 300w\" sizes=\"auto, (max-width: 700px) 100vw, 700px\" \/><\/figure>\n\n\n\n<p>&#8220;B\u00fct\u00fcn bir halqqa qar\u015f\u0131 yap\u0131l\u011fan cinayet insan aqlar\u0131na riayet et\u00fcvge z\u0131t old\u0131, &#8211; dedi V. Patskan. &#8211; S\u00fcrg\u00fcn etilgen insanlarn\u0131\u00f1 siyasiy, uquqiy, i\u00e7timaiy-iqtisadiy problemleri al\u00e2 daa \u00e7ezilmegenini adaletten degil, dep sayam\u0131z. Biz bu meselelerni\u00f1 \u00e7ezimi, q\u0131r\u0131mtatar halq\u0131na nisbeten adalet tiklenmesi, Vatanda ya\u015famaq aqq\u0131na nail olunmas\u0131n\u0131 zarur, dep bilemiz. Bu ise Ukraina ve Q\u0131r\u0131m akimiyetinden ameliy ad\u0131mlarn\u0131 bekley&#8221;.<br><br>Valeriy Patskan on\u0131\u00f1 reberligindeki komitet milliy mens\u00fcpligine k\u00f6re s\u00fcrg\u00fcn etilgen insanlarn\u0131\u00f1 aqlar\u0131n\u0131 tiklev boyunca Qanunn\u0131\u00f1 qabul etilmesi i\u00e7\u00fcn b\u00fct\u00fcn imk\u00e2nlar\u0131n\u0131 i\u015fke qoyaca\u011f\u0131n\u0131 i\u015fand\u0131rd\u0131.<\/p>\n\n\n\n<p>Komitet reisi q\u0131r\u0131mtatar halq\u0131n\u0131\u00f1 qaytuv ve yerle\u015f\u00fcv meselesi ile bir s\u0131rada devlet akimiyeti organlar\u0131 Q\u0131r\u0131mtatar halq\u0131 milliy institutlar\u0131 Qurultay ve Meclisni\u00f1 yaq\u0131nla\u015fmas\u0131ndad\u0131r.<\/p>\n\n\n\n<figure class=\"wp-block-image size-full\"><img loading=\"lazy\" decoding=\"async\" width=\"700\" height=\"525\" src=\"http:\/\/qtmm.org\/wp-content\/uploads\/2022\/01\/rumyn_1.jpeg\" alt=\"\" class=\"wp-image-37539\" srcset=\"https:\/\/qtmm.org\/wp-content\/uploads\/2022\/01\/rumyn_1.jpeg 700w, https:\/\/qtmm.org\/wp-content\/uploads\/2022\/01\/rumyn_1-300x225.jpeg 300w\" sizes=\"auto, (max-width: 700px) 100vw, 700px\" \/><\/figure>\n\n\n\n<p>Matem k\u00fcn\u00fc Q\u0131r\u0131mtatar halq\u0131nen g\u00f6\u00f1\u00fclde\u015f ol\u011fan\u0131n\u0131 \u00e7\u0131q\u0131\u015fta bulun\u011fan Romaniya musulman t\u00fcrk-tatar demokratik birligini\u00f1 reisi Celil Esercep,<\/p>\n\n\n\n<figure class=\"wp-block-image size-full\"><img loading=\"lazy\" decoding=\"async\" width=\"700\" height=\"525\" src=\"http:\/\/qtmm.org\/wp-content\/uploads\/2022\/01\/varol.jpeg\" alt=\"\" class=\"wp-image-37543\" srcset=\"https:\/\/qtmm.org\/wp-content\/uploads\/2022\/01\/varol.jpeg 700w, https:\/\/qtmm.org\/wp-content\/uploads\/2022\/01\/varol-300x225.jpeg 300w\" sizes=\"auto, (max-width: 700px) 100vw, 700px\" \/><\/figure>\n\n\n\n<p>B\u00fct\u00fcnd\u00fcnya q\u0131r\u0131mtatarlapr kongressi \u0130cra komitetini\u00f1 azas\u0131 Amet Varol,<\/p>\n\n\n\n<figure class=\"wp-block-image size-full\"><img loading=\"lazy\" decoding=\"async\" width=\"700\" height=\"525\" src=\"http:\/\/qtmm.org\/wp-content\/uploads\/2022\/01\/esenkal.jpeg\" alt=\"\" class=\"wp-image-37547\" srcset=\"https:\/\/qtmm.org\/wp-content\/uploads\/2022\/01\/esenkal.jpeg 700w, https:\/\/qtmm.org\/wp-content\/uploads\/2022\/01\/esenkal-300x225.jpeg 300w\" sizes=\"auto, (max-width: 700px) 100vw, 700px\" \/><\/figure>\n\n\n\n<p>&#8220;Q\u0131r\u0131m&#8221; vaquf\u0131n\u0131\u00f1(T\u00fcrkiye) ba\u015f\u0131 Murtaza Essenqal,<\/p>\n\n\n\n<figure class=\"wp-block-image size-full\"><img loading=\"lazy\" decoding=\"async\" width=\"700\" height=\"525\" src=\"http:\/\/qtmm.org\/wp-content\/uploads\/2022\/01\/deniz.jpeg\" alt=\"\" class=\"wp-image-37551\" srcset=\"https:\/\/qtmm.org\/wp-content\/uploads\/2022\/01\/deniz.jpeg 700w, https:\/\/qtmm.org\/wp-content\/uploads\/2022\/01\/deniz-300x225.jpeg 300w\" sizes=\"auto, (max-width: 700px) 100vw, 700px\" \/><\/figure>\n\n\n\n<p>Q\u0131r\u0131m dernegi umumiy merkezini\u00f1 ba\u015f k\u00e2tibi De\u00f1iz \u015eahin,<\/p>\n\n\n\n<figure class=\"wp-block-image size-full\"><img loading=\"lazy\" decoding=\"async\" width=\"700\" height=\"525\" src=\"http:\/\/qtmm.org\/wp-content\/uploads\/2022\/01\/zissels.jpeg\" alt=\"\" class=\"wp-image-37555\" srcset=\"https:\/\/qtmm.org\/wp-content\/uploads\/2022\/01\/zissels.jpeg 700w, https:\/\/qtmm.org\/wp-content\/uploads\/2022\/01\/zissels-300x225.jpeg 300w\" sizes=\"auto, (max-width: 700px) 100vw, 700px\" \/><\/figure>\n\n\n\n<p>Ukoraina milliy cemiyetler kongressinini reisi, sovet dissidenti \u0130olsif Zissels,<\/p>\n\n\n\n<figure class=\"wp-block-image size-full\"><img loading=\"lazy\" decoding=\"async\" width=\"700\" height=\"525\" src=\"http:\/\/qtmm.org\/wp-content\/uploads\/2022\/01\/seytmuratova.jpeg\" alt=\"\" class=\"wp-image-37559\" srcset=\"https:\/\/qtmm.org\/wp-content\/uploads\/2022\/01\/seytmuratova.jpeg 700w, https:\/\/qtmm.org\/wp-content\/uploads\/2022\/01\/seytmuratova-300x225.jpeg 300w\" sizes=\"auto, (max-width: 700px) 100vw, 700px\" \/><\/figure>\n\n\n\n<p>Q\u0131r\u0131mtatar halq\u0131 milliy areketini\u00f1 veteran\u0131, sovet kamplar\u0131n\u0131\u00f1 mahb\u00fcsi Ay\u015fe Seytmuratova,<\/p>\n\n\n\n<figure class=\"wp-block-image size-full\"><img loading=\"lazy\" decoding=\"async\" width=\"700\" height=\"525\" src=\"http:\/\/qtmm.org\/wp-content\/uploads\/2022\/01\/mochkov.jpeg\" alt=\"\" class=\"wp-image-37563\" srcset=\"https:\/\/qtmm.org\/wp-content\/uploads\/2022\/01\/mochkov.jpeg 700w, https:\/\/qtmm.org\/wp-content\/uploads\/2022\/01\/mochkov-300x225.jpeg 300w\" sizes=\"auto, (max-width: 700px) 100vw, 700px\" \/><\/figure>\n\n\n\n<p>&#8220;Udar&#8221; partiyas\u0131n\u0131\u00f1 vekili, Ukraina halq deputat\u0131 Aleksandr Mo\u00e7kov bildirdiler.<br><br>May\u0131s 18 k\u00fcn\u00fc B\u00fct\u00fcnq\u0131r\u0131m mitinginde &#8220;Svoboda&#8221; birle\u015fmesinden Ukraina halq deputat\u0131 Eduard Leonov da \u00e7\u0131q\u0131\u015ft\u0131 bulund\u0131. &#8220;Say\u011f\u0131l\u0131 q\u0131r\u0131mtatarlar, men milliy degerligi\u00f1izni qor\u00e7ala\u011fan\u0131\u00f1\u0131z, haqlar\u0131\u00f1\u0131zn\u0131, bala ve torunlar\u0131\u00f1\u0131zn\u0131\u00f1 kelecegini qay\u011f\u0131r\u011fan\u0131\u00f1\u0131znen sizni tebrik etem. Sizi\u00f1 \u00e7oq azaplar k\u00f6rgen halq\u0131\u00f1\u0131z yek\u00e2ne qudretli Ukrainan\u0131\u00f1 s\u0131\u00f1\u0131rlar\u0131nda \u00f6z-\u00f6z\u00fcni belgilev aqq\u0131na malik olmas\u0131 i\u00e7\u00fcn &#8220;Svoboda&#8221; birle\u015fmesi elinden kelgenini yapar. \u00c7\u00fcnki biz \u00e7oq y\u0131llar devam\u0131nda yan-yana\u015fa \u00f6z mustaqilligimiz i\u00e7\u00fcn \u00e7e\u015fit basq\u0131nc\u0131larnen k\u00fcre\u015ftik. Bizim tarih\u0131m\u0131z bir, Allahn\u0131\u00f1 bizge bergen topra\u011f\u0131m\u0131zda nas\u0131l tertip-nizam qoyaca\u011f\u0131m\u0131zn\u0131 \u00f6z\u00fcmiz bilemiz, basq\u0131nc\u0131larn\u0131\u00f1 asl\u0131 da keregi yoqt\u0131r&#8221;.<\/p>\n\n\n\n<p>Ukraina parlamentinde &#8220;Svoboda&#8221; birle\u015fmesini temsil etken siyaset\u00e7i q\u0131r\u0131mtatar halq\u0131na h\u0131tap eterek Q\u0131r\u0131mtatar halq\u0131n\u0131\u00f1 Meclisi yerli idare organ\u0131 olmaq, q\u0131r\u0131mtatar halq\u0131na ise vek\u00e2letli ve icra organlarda zarur kvotalar berilmeli, dedi. . Bizim k\u00fc\u00e7\u00fcmiz \u2013 biriligimizde.<\/p>\n\n\n\n<figure class=\"wp-block-image size-full\"><img loading=\"lazy\" decoding=\"async\" width=\"700\" height=\"525\" src=\"http:\/\/qtmm.org\/wp-content\/uploads\/2022\/01\/svoboda.jpeg\" alt=\"\" class=\"wp-image-37567\" srcset=\"https:\/\/qtmm.org\/wp-content\/uploads\/2022\/01\/svoboda.jpeg 700w, https:\/\/qtmm.org\/wp-content\/uploads\/2022\/01\/svoboda-300x225.jpeg 300w\" sizes=\"auto, (max-width: 700px) 100vw, 700px\" \/><\/figure>\n\n\n\n<p>&#8220;Biz Allahn\u0131\u00f1 nimeti ol\u011fan topraqn\u0131\u00f1 saiplerimiz. Balalar\u0131m\u0131zn\u0131 nas\u0131l terbiyeleycekmiz, devletni nas\u0131l idare etecekmiz \u2013 bun\u0131 tek biz \u2013 q\u0131r\u0131mtatarlar ve ukrainler \u00f6z\u00fcmiz \u00e7ezmek kerekmiz&#8221;, &#8211; dedi Eduard Leonov.<\/p>\n\n\n\n<p>B\u00fct\u00fcnq\u0131r\u0131m matem mitinginde Q\u0131r\u0131m Nazirler \u015furas\u0131 reisinini muavini Aziz Abdullayev, BMT Belarus, Ukraina ve Moldolva cumhuriyetlerinde qa\u00e7aqlarn\u0131\u00f1 i\u015fleri boyunca Aliy komissar idaresini\u00f1 regional temsilcisi Oldrih Andr\u0131sek, Almaniyan\u0131\u00f1 Q\u0131r\u0131mda ba\u015f konsul\u0131 \u0130gor \u00d6gorodnik, Ukrainada \u00c7ehiya el\u00e7iligini\u00f1 mesleat\u00e7\u0131s\u0131 L\u00fcbo\u015f Veselu, Romani, T\u00fcrkiye,Rusiye diasporas\u0131n\u0131\u00f1 vekilleri, Ukraina siyasiy ve cemaat te\u015fkil\u00e2tlarn\u0131\u00f1 vekilleri i\u015ftirak ettiler.<br><br>B\u00fct\u00fcnq\u0131r\u0131m mitingde \u00e7\u0131q\u0131\u015fta bulun\u011fan Milliy Meclis reisi Mustafa Cemilev miting i\u015ftirak\u00e7ilerine muracaat eterek ke\u00e7ken 2012 senesini\u00f1 neticelerine yek\u00fcn \u00e7ekti ve q\u0131r\u0131mtatar halq\u0131n\u0131\u00f1 taqdirine dair m\u00fcim vaqialar aqq\u0131nda aytt\u0131. Meclis reisi q\u0131r\u0131mtatarlarn\u0131\u00f1 aqlar\u0131 tiklenilmesi akimiyet mania ol\u011fanda daima halqn\u0131 b\u00f6lmek o\u011frunda \u00e7al\u0131\u015facaq \u00e7e\u015fit gruppalar ve siyasiy aq\u0131mlarn\u0131 meydan\u011fa ketirip, olar\u011fa destek berip kelmekte, dedi.<\/p>\n\n\n\n<figure class=\"wp-block-image size-full\"><img loading=\"lazy\" decoding=\"async\" width=\"700\" height=\"525\" src=\"http:\/\/qtmm.org\/wp-content\/uploads\/2022\/01\/img_1723_4.jpeg\" alt=\"\" class=\"wp-image-37571\" srcset=\"https:\/\/qtmm.org\/wp-content\/uploads\/2022\/01\/img_1723_4.jpeg 700w, https:\/\/qtmm.org\/wp-content\/uploads\/2022\/01\/img_1723_4-300x225.jpeg 300w\" sizes=\"auto, (max-width: 700px) 100vw, 700px\" \/><\/figure>\n\n\n\n<p>B\u00f6yleliknen, b\u00fct\u00fcn milliy areketni bast\u0131rmaq q\u0131y\u0131n, amma on\u0131 zay\u0131fla\u015ft\u0131rmaq, k\u00fc\u00e7s\u00fcz yapmaqn\u0131\u00f1 yol ve usullar\u0131 bar. Bu ta Rusiye Q\u0131r\u0131mn\u0131 i\u015f\u011fal etkenini\u00f1 birinci k\u00fcnlerinden ba\u015flan\u0131p, so\u00f1ra sovetler devrinde ve teess\u00fcf ki, \u015fimdiki zamanda, k\u00f6zetilmekte, &#8211; dedi Cemilev. \u2013 Ukraina mustaqilligi il\u00e2n etilgenden berli, 1994- 1995 senelerde &#8220;prezidentlik&#8221; yapqan Yuriy Me\u015fkov devirde bile q\u0131r\u0131mtatarlar\u011fa nisbeten b\u00f6yle a\u00e7\u0131q\u00e7as\u0131na a\u00e7\u0131qtan-a\u00e7\u0131q provokatsion siyaset ao\u0131p bar\u0131lma\u011fan edi. &#8220;Prezident&#8221; Yu. Me\u015fkovn\u0131\u00f1 karyeras\u0131 nenen bitkenini bilemiz. Q\u0131r\u0131m ba\u015f naziri Anatoliy Mogil\u00f6v ayn\u0131 b\u00f6yle al\u011fa\u0131 qalaca\u011f\u0131 \u015f\u00fcbesiz. On\u0131\u00f1 Q\u0131r\u0131m \u00fck\u00fcmetini\u00f1 reisi olaraq \u00e7al\u0131\u015fqan er k\u00fcn\u00fc \u2013 bu Q\u0131r\u0131mda stabillik ve bar\u0131\u015f\u0131ql\u0131qqa zarar ketire&#8221;<\/p>\n\n\n\n<p>Meclis reisi Mustafa Cemilev Q\u0131r\u0131m \u00fck\u00fcmetini\u00f1 ba\u015f naziri Anatoliy Mogil\u00f6v vazifesinden bo\u015fat\u0131lmas\u0131n\u0131 talap etkenini bildirip, Mogil\u00f6vn\u0131\u00f1 fesat\u00e7\u0131, \u015fovinist\u00e7esine faaliyeti prokuratura taraf\u0131ndan baq\u0131lmas\u0131n\u0131, siyasiy ve milliy sebepler boyunca i\u015ften aqs\u0131z bo\u015fat\u0131l\u011fanlarn\u0131\u00f1 \u011fayr\u0131dan i\u015fke qaytar\u0131lmas\u0131n\u0131 talap etti.<\/p>\n\n\n\n<figure class=\"wp-block-image size-full\"><img loading=\"lazy\" decoding=\"async\" width=\"720\" height=\"960\" src=\"http:\/\/qtmm.org\/wp-content\/uploads\/2022\/01\/2_108.jpeg\" alt=\"\" class=\"wp-image-37575\" srcset=\"https:\/\/qtmm.org\/wp-content\/uploads\/2022\/01\/2_108.jpeg 720w, https:\/\/qtmm.org\/wp-content\/uploads\/2022\/01\/2_108-225x300.jpeg 225w\" sizes=\"auto, (max-width: 720px) 100vw, 720px\" \/><\/figure>\n\n\n\n<figure class=\"wp-block-image size-large\"><img loading=\"lazy\" decoding=\"async\" width=\"1024\" height=\"576\" src=\"http:\/\/qtmm.org\/wp-content\/uploads\/2022\/01\/966103_10151602443174645_1228378503_o-1024x576.jpeg\" alt=\"\" class=\"wp-image-37579\" srcset=\"https:\/\/qtmm.org\/wp-content\/uploads\/2022\/01\/966103_10151602443174645_1228378503_o-1024x576.jpeg 1024w, https:\/\/qtmm.org\/wp-content\/uploads\/2022\/01\/966103_10151602443174645_1228378503_o-300x169.jpeg 300w, https:\/\/qtmm.org\/wp-content\/uploads\/2022\/01\/966103_10151602443174645_1228378503_o-768x432.jpeg 768w, https:\/\/qtmm.org\/wp-content\/uploads\/2022\/01\/966103_10151602443174645_1228378503_o-1536x864.jpeg 1536w, https:\/\/qtmm.org\/wp-content\/uploads\/2022\/01\/966103_10151602443174645_1228378503_o.jpeg 2048w\" sizes=\"auto, (max-width: 1024px) 100vw, 1024px\" \/><\/figure>\n\n\n\n<p>&#8220;Bizim talaplar\u0131m\u0131z bug\u00fcn, diasporam\u0131z ise \u015fu saatlerde Ukrainan\u0131\u00f1 Avropa Birligi devletlerinde Avropa Birligi ve Avropa parlamentine berilecek, &#8211; dedi Meclis reisi M. Cemilev.<\/p>\n\n\n\n<p>Bundan so\u00f1 Meclis k\u00e2tibiyetini\u00f1 ba\u015f\u0131 Zair Smedl\u00e2yev may\u0131s 18 b\u00fct\u00fcnq\u0131r\u0131m mitingini\u00f1 i\u015ftirak\u00e7ilerine B\u00fct\u00fcnq\u0131r\u0131m matem mitingini\u00f1 Qarar\u0131 leyhas\u0131n\u0131 oqup e\u015fittirdi.2013 senesi may\u0131s 18 B\u00fct\u00fcnq\u0131r\u0131m matem mitingini\u00f1 40 bi\u00f1 i\u015ftirak\u00e7ileri Qararn\u0131 qabul ettiler.<\/p>\n\n\n\n<figure class=\"wp-block-image size-full\"><img loading=\"lazy\" decoding=\"async\" width=\"700\" height=\"525\" src=\"http:\/\/qtmm.org\/wp-content\/uploads\/2022\/01\/img_0114.jpeg\" alt=\"\" class=\"wp-image-37583\" srcset=\"https:\/\/qtmm.org\/wp-content\/uploads\/2022\/01\/img_0114.jpeg 700w, https:\/\/qtmm.org\/wp-content\/uploads\/2022\/01\/img_0114-300x225.jpeg 300w\" sizes=\"auto, (max-width: 700px) 100vw, 700px\" \/><\/figure>\n","protected":false},"excerpt":{"rendered":"<p>May\u0131s 18 k\u00fcn\u00fc Q\u0131r\u0131mtatarlar s\u00fcrg\u00fcnligini\u00f1 69 y\u0131ll\u0131\u011f\u0131 munasebetinen \u00f6tkerilgen B\u00fct\u00fcnq\u0131r\u0131m matem mitinginde 40 bi\u00f1den ziyade adam i\u015ftirak etti. Q\u0131r\u0131mtatarlar \u00e7oq ya\u015fa\u011fan Q\u0131r\u0131m, Herson ve Zaporojye vil\u00e2yetlerinde may\u0131s 18 k\u00fcn\u00fc saba yerli matem mitingleri ke\u00e7irilip, s\u00fcrg\u00fcnlik yerlerinde el\u00e2k ol\u011fanlarn\u0131\u00f1. Ruhuna dualar oquld\u0131. Bundan da \u011fayr\u0131, Ukrainan\u0131\u00f1 Br\u00fcssel, Gaaga, Berlin, Vena, Parij, Var\u015fava, Bernde ve Avropa Birligi [&hellip;]<\/p>\n","protected":false},"author":1,"featured_media":37499,"comment_status":"open","ping_status":"open","sticky":false,"template":"","format":"standard","meta":{"inline_featured_image":false,"footnotes":""},"categories":[265],"tags":[],"class_list":["post-37490","post","type-post","status-publish","format-standard","has-post-thumbnail","hentry","category-haberler"],"acf":[],"yoast_head":"<!-- This site is optimized with the Yoast SEO plugin v27.4 - https:\/\/yoast.com\/product\/yoast-seo-wordpress\/ -->\n<title>Q\u0131r\u0131mtatarlar s\u00fcrg\u00fcnligini\u00f1 69 y\u0131ll\u0131\u011f\u0131 munasebetinen \u00f6tkerilgen B\u00fct\u00fcnq\u0131r\u0131m matem mitinginde 40 bi\u00f1den ziyade adam i\u015ftirak etti - \u041c\u0435\u0434\u0436\u043b\u0456\u0441<\/title>\n<meta name=\"robots\" content=\"index, follow, max-snippet:-1, max-image-preview:large, max-video-preview:-1\" \/>\n<link rel=\"canonical\" href=\"https:\/\/qtmm.org\/qt\/qirimtatarlar-surgunliginin-69-yilligi-munasebetinen-otkerilgen-butunqirim-matem-mitinginde-40-binden-ziyade-adam-istirak-etti\/\" \/>\n<meta property=\"og:locale\" content=\"en_US\" \/>\n<meta property=\"og:type\" content=\"article\" \/>\n<meta property=\"og:title\" content=\"Q\u0131r\u0131mtatarlar s\u00fcrg\u00fcnligini\u00f1 69 y\u0131ll\u0131\u011f\u0131 munasebetinen \u00f6tkerilgen B\u00fct\u00fcnq\u0131r\u0131m matem mitinginde 40 bi\u00f1den ziyade adam i\u015ftirak etti - \u041c\u0435\u0434\u0436\u043b\u0456\u0441\" \/>\n<meta property=\"og:description\" content=\"May\u0131s 18 k\u00fcn\u00fc Q\u0131r\u0131mtatarlar s\u00fcrg\u00fcnligini\u00f1 69 y\u0131ll\u0131\u011f\u0131 munasebetinen \u00f6tkerilgen B\u00fct\u00fcnq\u0131r\u0131m matem mitinginde 40 bi\u00f1den ziyade adam i\u015ftirak etti. Q\u0131r\u0131mtatarlar \u00e7oq ya\u015fa\u011fan Q\u0131r\u0131m, Herson ve Zaporojye vil\u00e2yetlerinde may\u0131s 18 k\u00fcn\u00fc saba yerli matem mitingleri ke\u00e7irilip, s\u00fcrg\u00fcnlik yerlerinde el\u00e2k ol\u011fanlarn\u0131\u00f1. Ruhuna dualar oquld\u0131. Bundan da \u011fayr\u0131, Ukrainan\u0131\u00f1 Br\u00fcssel, Gaaga, Berlin, Vena, Parij, Var\u015fava, Bernde ve Avropa Birligi [&hellip;]\" \/>\n<meta property=\"og:url\" content=\"https:\/\/qtmm.org\/qt\/qirimtatarlar-surgunliginin-69-yilligi-munasebetinen-otkerilgen-butunqirim-matem-mitinginde-40-binden-ziyade-adam-istirak-etti\/\" \/>\n<meta property=\"og:site_name\" content=\"\u041c\u0435\u0434\u0436\u043b\u0456\u0441\" \/>\n<meta property=\"article:publisher\" content=\"https:\/\/www.facebook.com\/qtmm.info\/\" \/>\n<meta property=\"article:published_time\" content=\"2013-05-18T20:29:00+00:00\" \/>\n<meta property=\"article:modified_time\" content=\"2022-01-23T20:36:10+00:00\" \/>\n<meta property=\"og:image\" content=\"https:\/\/qtmm.org\/wp-content\/uploads\/2022\/01\/kolonna.jpeg\" \/>\n\t<meta property=\"og:image:width\" content=\"700\" \/>\n\t<meta property=\"og:image:height\" content=\"525\" \/>\n\t<meta property=\"og:image:type\" content=\"image\/jpeg\" \/>\n<meta name=\"author\" content=\"Developer\" \/>\n<meta name=\"twitter:card\" content=\"summary_large_image\" \/>\n<meta name=\"twitter:label1\" content=\"Written by\" \/>\n\t<meta name=\"twitter:data1\" content=\"Developer\" \/>\n\t<meta name=\"twitter:label2\" content=\"Est. reading time\" \/>\n\t<meta name=\"twitter:data2\" content=\"7 minutes\" \/>\n<script type=\"application\/ld+json\" class=\"yoast-schema-graph\">{\"@context\":\"https:\\\/\\\/schema.org\",\"@graph\":[{\"@type\":\"Article\",\"@id\":\"https:\\\/\\\/qtmm.org\\\/qt\\\/qirimtatarlar-surgunliginin-69-yilligi-munasebetinen-otkerilgen-butunqirim-matem-mitinginde-40-binden-ziyade-adam-istirak-etti\\\/#article\",\"isPartOf\":{\"@id\":\"https:\\\/\\\/qtmm.org\\\/qt\\\/qirimtatarlar-surgunliginin-69-yilligi-munasebetinen-otkerilgen-butunqirim-matem-mitinginde-40-binden-ziyade-adam-istirak-etti\\\/\"},\"author\":{\"name\":\"Developer\",\"@id\":\"https:\\\/\\\/qtmm.org\\\/qt\\\/#\\\/schema\\\/person\\\/de562469f971dec226ac06e60bbf74a7\"},\"headline\":\"Q\u0131r\u0131mtatarlar s\u00fcrg\u00fcnligini\u00f1 69 y\u0131ll\u0131\u011f\u0131 munasebetinen \u00f6tkerilgen B\u00fct\u00fcnq\u0131r\u0131m matem mitinginde 40 bi\u00f1den ziyade adam i\u015ftirak etti\",\"datePublished\":\"2013-05-18T20:29:00+00:00\",\"dateModified\":\"2022-01-23T20:36:10+00:00\",\"mainEntityOfPage\":{\"@id\":\"https:\\\/\\\/qtmm.org\\\/qt\\\/qirimtatarlar-surgunliginin-69-yilligi-munasebetinen-otkerilgen-butunqirim-matem-mitinginde-40-binden-ziyade-adam-istirak-etti\\\/\"},\"wordCount\":1364,\"commentCount\":0,\"publisher\":{\"@id\":\"https:\\\/\\\/qtmm.org\\\/qt\\\/#organization\"},\"image\":{\"@id\":\"https:\\\/\\\/qtmm.org\\\/qt\\\/qirimtatarlar-surgunliginin-69-yilligi-munasebetinen-otkerilgen-butunqirim-matem-mitinginde-40-binden-ziyade-adam-istirak-etti\\\/#primaryimage\"},\"thumbnailUrl\":\"https:\\\/\\\/qtmm.org\\\/wp-content\\\/uploads\\\/2022\\\/01\\\/kolonna.jpeg\",\"articleSection\":[\"Haberler\"],\"inLanguage\":\"qt\",\"potentialAction\":[{\"@type\":\"CommentAction\",\"name\":\"Comment\",\"target\":[\"https:\\\/\\\/qtmm.org\\\/qt\\\/qirimtatarlar-surgunliginin-69-yilligi-munasebetinen-otkerilgen-butunqirim-matem-mitinginde-40-binden-ziyade-adam-istirak-etti\\\/#respond\"]}]},{\"@type\":\"WebPage\",\"@id\":\"https:\\\/\\\/qtmm.org\\\/qt\\\/qirimtatarlar-surgunliginin-69-yilligi-munasebetinen-otkerilgen-butunqirim-matem-mitinginde-40-binden-ziyade-adam-istirak-etti\\\/\",\"url\":\"https:\\\/\\\/qtmm.org\\\/qt\\\/qirimtatarlar-surgunliginin-69-yilligi-munasebetinen-otkerilgen-butunqirim-matem-mitinginde-40-binden-ziyade-adam-istirak-etti\\\/\",\"name\":\"Q\u0131r\u0131mtatarlar s\u00fcrg\u00fcnligini\u00f1 69 y\u0131ll\u0131\u011f\u0131 munasebetinen \u00f6tkerilgen B\u00fct\u00fcnq\u0131r\u0131m matem mitinginde 40 bi\u00f1den ziyade adam i\u015ftirak etti - \u041c\u0435\u0434\u0436\u043b\u0456\u0441\",\"isPartOf\":{\"@id\":\"https:\\\/\\\/qtmm.org\\\/qt\\\/#website\"},\"primaryImageOfPage\":{\"@id\":\"https:\\\/\\\/qtmm.org\\\/qt\\\/qirimtatarlar-surgunliginin-69-yilligi-munasebetinen-otkerilgen-butunqirim-matem-mitinginde-40-binden-ziyade-adam-istirak-etti\\\/#primaryimage\"},\"image\":{\"@id\":\"https:\\\/\\\/qtmm.org\\\/qt\\\/qirimtatarlar-surgunliginin-69-yilligi-munasebetinen-otkerilgen-butunqirim-matem-mitinginde-40-binden-ziyade-adam-istirak-etti\\\/#primaryimage\"},\"thumbnailUrl\":\"https:\\\/\\\/qtmm.org\\\/wp-content\\\/uploads\\\/2022\\\/01\\\/kolonna.jpeg\",\"datePublished\":\"2013-05-18T20:29:00+00:00\",\"dateModified\":\"2022-01-23T20:36:10+00:00\",\"breadcrumb\":{\"@id\":\"https:\\\/\\\/qtmm.org\\\/qt\\\/qirimtatarlar-surgunliginin-69-yilligi-munasebetinen-otkerilgen-butunqirim-matem-mitinginde-40-binden-ziyade-adam-istirak-etti\\\/#breadcrumb\"},\"inLanguage\":\"qt\",\"potentialAction\":[{\"@type\":\"ReadAction\",\"target\":[\"https:\\\/\\\/qtmm.org\\\/qt\\\/qirimtatarlar-surgunliginin-69-yilligi-munasebetinen-otkerilgen-butunqirim-matem-mitinginde-40-binden-ziyade-adam-istirak-etti\\\/\"]}]},{\"@type\":\"ImageObject\",\"inLanguage\":\"qt\",\"@id\":\"https:\\\/\\\/qtmm.org\\\/qt\\\/qirimtatarlar-surgunliginin-69-yilligi-munasebetinen-otkerilgen-butunqirim-matem-mitinginde-40-binden-ziyade-adam-istirak-etti\\\/#primaryimage\",\"url\":\"https:\\\/\\\/qtmm.org\\\/wp-content\\\/uploads\\\/2022\\\/01\\\/kolonna.jpeg\",\"contentUrl\":\"https:\\\/\\\/qtmm.org\\\/wp-content\\\/uploads\\\/2022\\\/01\\\/kolonna.jpeg\",\"width\":700,\"height\":525},{\"@type\":\"BreadcrumbList\",\"@id\":\"https:\\\/\\\/qtmm.org\\\/qt\\\/qirimtatarlar-surgunliginin-69-yilligi-munasebetinen-otkerilgen-butunqirim-matem-mitinginde-40-binden-ziyade-adam-istirak-etti\\\/#breadcrumb\",\"itemListElement\":[{\"@type\":\"ListItem\",\"position\":1,\"name\":\"\u0413\u043e\u043b\u043e\u0432\u043d\u0430\",\"item\":\"https:\\\/\\\/qtmm.org\\\/qt\\\/\"},{\"@type\":\"ListItem\",\"position\":2,\"name\":\"Q\u0131r\u0131mtatarlar s\u00fcrg\u00fcnligini\u00f1 69 y\u0131ll\u0131\u011f\u0131 munasebetinen \u00f6tkerilgen B\u00fct\u00fcnq\u0131r\u0131m matem mitinginde 40 bi\u00f1den ziyade adam i\u015ftirak etti\"}]},{\"@type\":\"WebSite\",\"@id\":\"https:\\\/\\\/qtmm.org\\\/qt\\\/#website\",\"url\":\"https:\\\/\\\/qtmm.org\\\/qt\\\/\",\"name\":\"\u041c\u0435\u0434\u0436\u043b\u0456\u0441\",\"description\":\"\",\"publisher\":{\"@id\":\"https:\\\/\\\/qtmm.org\\\/qt\\\/#organization\"},\"potentialAction\":[{\"@type\":\"SearchAction\",\"target\":{\"@type\":\"EntryPoint\",\"urlTemplate\":\"https:\\\/\\\/qtmm.org\\\/qt\\\/?s={search_term_string}\"},\"query-input\":{\"@type\":\"PropertyValueSpecification\",\"valueRequired\":true,\"valueName\":\"search_term_string\"}}],\"inLanguage\":\"qt\"},{\"@type\":\"Organization\",\"@id\":\"https:\\\/\\\/qtmm.org\\\/qt\\\/#organization\",\"name\":\"\u041c\u0435\u0434\u0436\u043b\u0456\u0441\",\"url\":\"https:\\\/\\\/qtmm.org\\\/qt\\\/\",\"logo\":{\"@type\":\"ImageObject\",\"inLanguage\":\"qt\",\"@id\":\"https:\\\/\\\/qtmm.org\\\/qt\\\/#\\\/schema\\\/logo\\\/image\\\/\",\"url\":\"https:\\\/\\\/qtmm.org\\\/wp-content\\\/uploads\\\/2024\\\/12\\\/ua-mejlis-logo-rgb.svg\",\"contentUrl\":\"https:\\\/\\\/qtmm.org\\\/wp-content\\\/uploads\\\/2024\\\/12\\\/ua-mejlis-logo-rgb.svg\",\"caption\":\"\u041c\u0435\u0434\u0436\u043b\u0456\u0441\"},\"image\":{\"@id\":\"https:\\\/\\\/qtmm.org\\\/qt\\\/#\\\/schema\\\/logo\\\/image\\\/\"},\"sameAs\":[\"https:\\\/\\\/www.facebook.com\\\/qtmm.info\\\/\"]},{\"@type\":\"Person\",\"@id\":\"https:\\\/\\\/qtmm.org\\\/qt\\\/#\\\/schema\\\/person\\\/de562469f971dec226ac06e60bbf74a7\",\"name\":\"Developer\",\"image\":{\"@type\":\"ImageObject\",\"inLanguage\":\"qt\",\"@id\":\"https:\\\/\\\/secure.gravatar.com\\\/avatar\\\/392b4cc8fbfeb00b39dfeeab4ee6edded39ffd48e25858637e4765810300227e?s=96&d=mm&r=g\",\"url\":\"https:\\\/\\\/secure.gravatar.com\\\/avatar\\\/392b4cc8fbfeb00b39dfeeab4ee6edded39ffd48e25858637e4765810300227e?s=96&d=mm&r=g\",\"contentUrl\":\"https:\\\/\\\/secure.gravatar.com\\\/avatar\\\/392b4cc8fbfeb00b39dfeeab4ee6edded39ffd48e25858637e4765810300227e?s=96&d=mm&r=g\",\"caption\":\"Developer\"},\"url\":\"https:\\\/\\\/qtmm.org\\\/qt\\\/author\\\/Developer\\\/\"}]}<\/script>\n<!-- \/ Yoast SEO plugin. -->","yoast_head_json":{"title":"Q\u0131r\u0131mtatarlar s\u00fcrg\u00fcnligini\u00f1 69 y\u0131ll\u0131\u011f\u0131 munasebetinen \u00f6tkerilgen B\u00fct\u00fcnq\u0131r\u0131m matem mitinginde 40 bi\u00f1den ziyade adam i\u015ftirak etti - \u041c\u0435\u0434\u0436\u043b\u0456\u0441","robots":{"index":"index","follow":"follow","max-snippet":"max-snippet:-1","max-image-preview":"max-image-preview:large","max-video-preview":"max-video-preview:-1"},"canonical":"https:\/\/qtmm.org\/qt\/qirimtatarlar-surgunliginin-69-yilligi-munasebetinen-otkerilgen-butunqirim-matem-mitinginde-40-binden-ziyade-adam-istirak-etti\/","og_locale":"en_US","og_type":"article","og_title":"Q\u0131r\u0131mtatarlar s\u00fcrg\u00fcnligini\u00f1 69 y\u0131ll\u0131\u011f\u0131 munasebetinen \u00f6tkerilgen B\u00fct\u00fcnq\u0131r\u0131m matem mitinginde 40 bi\u00f1den ziyade adam i\u015ftirak etti - \u041c\u0435\u0434\u0436\u043b\u0456\u0441","og_description":"May\u0131s 18 k\u00fcn\u00fc Q\u0131r\u0131mtatarlar s\u00fcrg\u00fcnligini\u00f1 69 y\u0131ll\u0131\u011f\u0131 munasebetinen \u00f6tkerilgen B\u00fct\u00fcnq\u0131r\u0131m matem mitinginde 40 bi\u00f1den ziyade adam i\u015ftirak etti. Q\u0131r\u0131mtatarlar \u00e7oq ya\u015fa\u011fan Q\u0131r\u0131m, Herson ve Zaporojye vil\u00e2yetlerinde may\u0131s 18 k\u00fcn\u00fc saba yerli matem mitingleri ke\u00e7irilip, s\u00fcrg\u00fcnlik yerlerinde el\u00e2k ol\u011fanlarn\u0131\u00f1. Ruhuna dualar oquld\u0131. Bundan da \u011fayr\u0131, Ukrainan\u0131\u00f1 Br\u00fcssel, Gaaga, Berlin, Vena, Parij, Var\u015fava, Bernde ve Avropa Birligi [&hellip;]","og_url":"https:\/\/qtmm.org\/qt\/qirimtatarlar-surgunliginin-69-yilligi-munasebetinen-otkerilgen-butunqirim-matem-mitinginde-40-binden-ziyade-adam-istirak-etti\/","og_site_name":"\u041c\u0435\u0434\u0436\u043b\u0456\u0441","article_publisher":"https:\/\/www.facebook.com\/qtmm.info\/","article_published_time":"2013-05-18T20:29:00+00:00","article_modified_time":"2022-01-23T20:36:10+00:00","og_image":[{"width":700,"height":525,"url":"https:\/\/qtmm.org\/wp-content\/uploads\/2022\/01\/kolonna.jpeg","type":"image\/jpeg"}],"author":"Developer","twitter_card":"summary_large_image","twitter_misc":{"Written by":"Developer","Est. reading time":"7 minutes"},"schema":{"@context":"https:\/\/schema.org","@graph":[{"@type":"Article","@id":"https:\/\/qtmm.org\/qt\/qirimtatarlar-surgunliginin-69-yilligi-munasebetinen-otkerilgen-butunqirim-matem-mitinginde-40-binden-ziyade-adam-istirak-etti\/#article","isPartOf":{"@id":"https:\/\/qtmm.org\/qt\/qirimtatarlar-surgunliginin-69-yilligi-munasebetinen-otkerilgen-butunqirim-matem-mitinginde-40-binden-ziyade-adam-istirak-etti\/"},"author":{"name":"Developer","@id":"https:\/\/qtmm.org\/qt\/#\/schema\/person\/de562469f971dec226ac06e60bbf74a7"},"headline":"Q\u0131r\u0131mtatarlar s\u00fcrg\u00fcnligini\u00f1 69 y\u0131ll\u0131\u011f\u0131 munasebetinen \u00f6tkerilgen B\u00fct\u00fcnq\u0131r\u0131m matem mitinginde 40 bi\u00f1den ziyade adam i\u015ftirak etti","datePublished":"2013-05-18T20:29:00+00:00","dateModified":"2022-01-23T20:36:10+00:00","mainEntityOfPage":{"@id":"https:\/\/qtmm.org\/qt\/qirimtatarlar-surgunliginin-69-yilligi-munasebetinen-otkerilgen-butunqirim-matem-mitinginde-40-binden-ziyade-adam-istirak-etti\/"},"wordCount":1364,"commentCount":0,"publisher":{"@id":"https:\/\/qtmm.org\/qt\/#organization"},"image":{"@id":"https:\/\/qtmm.org\/qt\/qirimtatarlar-surgunliginin-69-yilligi-munasebetinen-otkerilgen-butunqirim-matem-mitinginde-40-binden-ziyade-adam-istirak-etti\/#primaryimage"},"thumbnailUrl":"https:\/\/qtmm.org\/wp-content\/uploads\/2022\/01\/kolonna.jpeg","articleSection":["Haberler"],"inLanguage":"qt","potentialAction":[{"@type":"CommentAction","name":"Comment","target":["https:\/\/qtmm.org\/qt\/qirimtatarlar-surgunliginin-69-yilligi-munasebetinen-otkerilgen-butunqirim-matem-mitinginde-40-binden-ziyade-adam-istirak-etti\/#respond"]}]},{"@type":"WebPage","@id":"https:\/\/qtmm.org\/qt\/qirimtatarlar-surgunliginin-69-yilligi-munasebetinen-otkerilgen-butunqirim-matem-mitinginde-40-binden-ziyade-adam-istirak-etti\/","url":"https:\/\/qtmm.org\/qt\/qirimtatarlar-surgunliginin-69-yilligi-munasebetinen-otkerilgen-butunqirim-matem-mitinginde-40-binden-ziyade-adam-istirak-etti\/","name":"Q\u0131r\u0131mtatarlar s\u00fcrg\u00fcnligini\u00f1 69 y\u0131ll\u0131\u011f\u0131 munasebetinen \u00f6tkerilgen B\u00fct\u00fcnq\u0131r\u0131m matem mitinginde 40 bi\u00f1den ziyade adam i\u015ftirak etti - \u041c\u0435\u0434\u0436\u043b\u0456\u0441","isPartOf":{"@id":"https:\/\/qtmm.org\/qt\/#website"},"primaryImageOfPage":{"@id":"https:\/\/qtmm.org\/qt\/qirimtatarlar-surgunliginin-69-yilligi-munasebetinen-otkerilgen-butunqirim-matem-mitinginde-40-binden-ziyade-adam-istirak-etti\/#primaryimage"},"image":{"@id":"https:\/\/qtmm.org\/qt\/qirimtatarlar-surgunliginin-69-yilligi-munasebetinen-otkerilgen-butunqirim-matem-mitinginde-40-binden-ziyade-adam-istirak-etti\/#primaryimage"},"thumbnailUrl":"https:\/\/qtmm.org\/wp-content\/uploads\/2022\/01\/kolonna.jpeg","datePublished":"2013-05-18T20:29:00+00:00","dateModified":"2022-01-23T20:36:10+00:00","breadcrumb":{"@id":"https:\/\/qtmm.org\/qt\/qirimtatarlar-surgunliginin-69-yilligi-munasebetinen-otkerilgen-butunqirim-matem-mitinginde-40-binden-ziyade-adam-istirak-etti\/#breadcrumb"},"inLanguage":"qt","potentialAction":[{"@type":"ReadAction","target":["https:\/\/qtmm.org\/qt\/qirimtatarlar-surgunliginin-69-yilligi-munasebetinen-otkerilgen-butunqirim-matem-mitinginde-40-binden-ziyade-adam-istirak-etti\/"]}]},{"@type":"ImageObject","inLanguage":"qt","@id":"https:\/\/qtmm.org\/qt\/qirimtatarlar-surgunliginin-69-yilligi-munasebetinen-otkerilgen-butunqirim-matem-mitinginde-40-binden-ziyade-adam-istirak-etti\/#primaryimage","url":"https:\/\/qtmm.org\/wp-content\/uploads\/2022\/01\/kolonna.jpeg","contentUrl":"https:\/\/qtmm.org\/wp-content\/uploads\/2022\/01\/kolonna.jpeg","width":700,"height":525},{"@type":"BreadcrumbList","@id":"https:\/\/qtmm.org\/qt\/qirimtatarlar-surgunliginin-69-yilligi-munasebetinen-otkerilgen-butunqirim-matem-mitinginde-40-binden-ziyade-adam-istirak-etti\/#breadcrumb","itemListElement":[{"@type":"ListItem","position":1,"name":"\u0413\u043e\u043b\u043e\u0432\u043d\u0430","item":"https:\/\/qtmm.org\/qt\/"},{"@type":"ListItem","position":2,"name":"Q\u0131r\u0131mtatarlar s\u00fcrg\u00fcnligini\u00f1 69 y\u0131ll\u0131\u011f\u0131 munasebetinen \u00f6tkerilgen B\u00fct\u00fcnq\u0131r\u0131m matem mitinginde 40 bi\u00f1den ziyade adam i\u015ftirak etti"}]},{"@type":"WebSite","@id":"https:\/\/qtmm.org\/qt\/#website","url":"https:\/\/qtmm.org\/qt\/","name":"\u041c\u0435\u0434\u0436\u043b\u0456\u0441","description":"","publisher":{"@id":"https:\/\/qtmm.org\/qt\/#organization"},"potentialAction":[{"@type":"SearchAction","target":{"@type":"EntryPoint","urlTemplate":"https:\/\/qtmm.org\/qt\/?s={search_term_string}"},"query-input":{"@type":"PropertyValueSpecification","valueRequired":true,"valueName":"search_term_string"}}],"inLanguage":"qt"},{"@type":"Organization","@id":"https:\/\/qtmm.org\/qt\/#organization","name":"\u041c\u0435\u0434\u0436\u043b\u0456\u0441","url":"https:\/\/qtmm.org\/qt\/","logo":{"@type":"ImageObject","inLanguage":"qt","@id":"https:\/\/qtmm.org\/qt\/#\/schema\/logo\/image\/","url":"https:\/\/qtmm.org\/wp-content\/uploads\/2024\/12\/ua-mejlis-logo-rgb.svg","contentUrl":"https:\/\/qtmm.org\/wp-content\/uploads\/2024\/12\/ua-mejlis-logo-rgb.svg","caption":"\u041c\u0435\u0434\u0436\u043b\u0456\u0441"},"image":{"@id":"https:\/\/qtmm.org\/qt\/#\/schema\/logo\/image\/"},"sameAs":["https:\/\/www.facebook.com\/qtmm.info\/"]},{"@type":"Person","@id":"https:\/\/qtmm.org\/qt\/#\/schema\/person\/de562469f971dec226ac06e60bbf74a7","name":"Developer","image":{"@type":"ImageObject","inLanguage":"qt","@id":"https:\/\/secure.gravatar.com\/avatar\/392b4cc8fbfeb00b39dfeeab4ee6edded39ffd48e25858637e4765810300227e?s=96&d=mm&r=g","url":"https:\/\/secure.gravatar.com\/avatar\/392b4cc8fbfeb00b39dfeeab4ee6edded39ffd48e25858637e4765810300227e?s=96&d=mm&r=g","contentUrl":"https:\/\/secure.gravatar.com\/avatar\/392b4cc8fbfeb00b39dfeeab4ee6edded39ffd48e25858637e4765810300227e?s=96&d=mm&r=g","caption":"Developer"},"url":"https:\/\/qtmm.org\/qt\/author\/Developer\/"}]}},"_links":{"self":[{"href":"https:\/\/qtmm.org\/qt\/wp-json\/wp\/v2\/posts\/37490","targetHints":{"allow":["GET"]}}],"collection":[{"href":"https:\/\/qtmm.org\/qt\/wp-json\/wp\/v2\/posts"}],"about":[{"href":"https:\/\/qtmm.org\/qt\/wp-json\/wp\/v2\/types\/post"}],"author":[{"embeddable":true,"href":"https:\/\/qtmm.org\/qt\/wp-json\/wp\/v2\/users\/1"}],"replies":[{"embeddable":true,"href":"https:\/\/qtmm.org\/qt\/wp-json\/wp\/v2\/comments?post=37490"}],"version-history":[{"count":1,"href":"https:\/\/qtmm.org\/qt\/wp-json\/wp\/v2\/posts\/37490\/revisions"}],"predecessor-version":[{"id":37587,"href":"https:\/\/qtmm.org\/qt\/wp-json\/wp\/v2\/posts\/37490\/revisions\/37587"}],"wp:featuredmedia":[{"embeddable":true,"href":"https:\/\/qtmm.org\/qt\/wp-json\/wp\/v2\/media\/37499"}],"wp:attachment":[{"href":"https:\/\/qtmm.org\/qt\/wp-json\/wp\/v2\/media?parent=37490"}],"wp:term":[{"taxonomy":"category","embeddable":true,"href":"https:\/\/qtmm.org\/qt\/wp-json\/wp\/v2\/categories?post=37490"},{"taxonomy":"post_tag","embeddable":true,"href":"https:\/\/qtmm.org\/qt\/wp-json\/wp\/v2\/tags?post=37490"}],"curies":[{"name":"wp","href":"https:\/\/api.w.org\/{rel}","templated":true}]}}