




{"id":37476,"date":"2013-05-18T23:27:00","date_gmt":"2013-05-18T20:27:00","guid":{"rendered":"http:\/\/qtmm.org\/?p=37476"},"modified":"2022-01-23T23:29:04","modified_gmt":"2022-01-23T20:29:04","slug":"qirim-tatar-milli-meclis-reisi-mustafa-cemilevnin-18-mayis-2013-qonusmasi","status":"publish","type":"post","link":"https:\/\/qtmm.org\/qt\/qirim-tatar-milli-meclis-reisi-mustafa-cemilevnin-18-mayis-2013-qonusmasi\/","title":{"rendered":"Q\u0131r\u0131m Tatar Milli Meclis Reisi Mustafa Cemilevni\u00f1 18 May\u0131s 2013 qonu\u015fmas\u0131"},"content":{"rendered":"\n<p><strong>Say\u011f\u0131l\u0131 vatanda\u015flar\u0131m\u0131z, uzaq ve yaq\u0131n memleketlerden kelgen q\u0131ymetli misafirlerimiz!<\/strong><\/p>\n\n\n\n<p>Halq\u0131m\u0131z\u0131n s\u00fcrg\u00fcn\u00fc ve soyq\u0131r\u0131m\u0131n\u0131n y\u0131ld\u00f6n\u00fcm\u00fc m\u00fcnasebet Q\u0131r\u0131m Tatar Milli Meclisi\u2019nin qonu\u015fmas\u0131nda adet olaraq\u00a0 o vah\u015fi cinayetin neticelerini\u00a0 \u015fimdiye qadar ne derecede silip olduq, bu alanda daha neler yap\u0131lmas\u0131 kerek oldu\u011fu husuta s\u00f6z y\u00fcr\u00fct\u00fcle\u00a0 ve t\u00f6renimizin neticesi olaraq meydanda toplan\u0131l\u011fan insanlar\u0131n diqatine kerekli maqamlar\u011fa yollan\u0131lmas\u0131 i\u00e7in\u00a0 haz\u0131rlan\u011fan nas\u0131ld\u0131r m\u00fcracaat veya miting rezol\u00fctsiyas\u0131n\u0131n tasar\u0131s\u0131 teklif etile.<\/p>\n\n\n\n<p>Elbette, g\u00f6n\u00fcl \u00e7oq isterdi ki, bu halk\u0131m\u0131z i\u00e7in en manal\u0131 ve bu meydanda en \u00e7oq insan topland\u0131\u011f\u0131 k\u00fcnde&nbsp; devlet veya otonom cumhuriyetin y\u00fcnetimi taraf\u0131ndan&nbsp; haq huquqlar\u0131m\u0131z&nbsp; iade etilmesi yolunda yap\u0131l\u011fan \u00f6nemli ad\u0131mlar haqq\u0131nda haberler&nbsp; vermek.&nbsp; Ama, maallesef, ne devlet ve ne de otonom cumhuriyeti taraf\u0131ndan&nbsp; sonki 3 y\u0131l devam\u0131nda bu yolda yap\u0131l\u011fan ciddi ad\u0131mlar haqq\u0131nda s\u00f6z y\u00fcr\u00fctmeye s\u0131ra kelmey. Tam tersine, bu yolda sonki 3 y\u0131l i\u00e7erisinde geri ad\u0131mlar yap\u0131ld\u0131 demek m\u00fcmk\u00fcn.<\/p>\n\n\n\n<p>Halq\u0131m\u0131z\u0131n sorunlar\u0131n \u00e7\u00f6z\u00fcm\u00fc, mal\u00fcm oldu\u011fu gibi, b\u00fcy\u00fck derecede devlet iqtidar\u0131nda nas\u0131n siyasi quvvetler ve asl\u0131na devlet nas\u0131l oldu\u011funa ba\u011fl\u0131d\u0131r. Yani, bu devlet demokratik, Avropa Birli\u011fine y\u00f6netilgen, burada ya\u015fa\u011fan adamlar\u0131n milli ve insan haqlar\u0131na say\u011f\u0131s\u0131 ol\u011fan devlet mi, yoqsa ne insanlar\u0131n, halq\u0131n&nbsp; ve ne de devletin menfaatlar\u0131n\u0131 hesapqa alma\u011fan nas\u0131ld\u0131r mafya klanlar\u0131 taraf\u0131ndan y\u00fct\u00fct\u00fclecek bir devlet olacaq m\u0131.&nbsp; Onun i\u00e7in Ukrayna devleti ba\u011f\u0131ms\u0131zl\u0131\u011f\u0131n\u0131 qazand\u0131\u011f\u0131ndan bu k\u00fcnge qadar biz bu memleketin milli-demokratik quvvetlerinen beraber olma\u011fa \u00e7al\u0131it\u0131k. Onun i\u00e7in Ukrayna devleti ba\u011f\u0131ms\u0131zl\u0131\u011f\u0131n\u0131 qazand\u0131\u011f\u0131ndan bu k\u00fcnge qadar olup ke\u00e7ken hep saylavlarda&nbsp; Milli Qurultay\u0131m\u0131z\u0131n tavsiyesinen halq\u0131m\u0131z\u0131n b\u00fcy\u00fck \u00e7o\u011funlu\u011fu oylar\u0131n\u0131 bu siyasi quvvetlere verdiler. \u0130\u015fte bu sebepten ve 23 y\u0131l \u00f6nce demokratik \u015fekilde qurdu\u00fcumuz Qurultay\u2019\u0131n sayesinde Q\u0131r\u0131m Tatarlar\u0131, say\u0131lar\u0131 az oldu\u011funa ra\u011fmen, hem Q\u0131r\u0131m yar\u0131madas\u0131nda ve hem de Ukrayna \u00e7ap\u0131nda \u00f6nemli bir siyasi quvvet oldular, olarn\u0131n temsil etken organa qar\u015f\u0131 say\u011f\u0131 ise devletin d\u0131\u015far\u0131s\u0131nda da b\u00fcy\u00fckt\u00fcr.&nbsp;<\/p>\n\n\n\n<p>Elbet,&nbsp; biz destekledi\u011fimiz siyasi quvvetler taraf\u0131ndan, olar iqtidar ba\u015f\u0131na keldikleri zamanlar bile ayni \u00f6l\u00e7\u00fcde biz halq\u0131m\u0131z\u0131n haql\u0131 taleplerine destek k\u00f6rmedik. Ama nas\u0131l da olsa, biz ald\u0131\u011f\u0131m\u0131z qararlardan hi\u00e7 pe\u015fman olmad\u0131q ve olmayacaqm\u0131z, \u00e7\u00fcnki biz daima kendi demokratik prensiplerimize k\u00f6re davrand\u0131q. Ama biz desteklemedi\u011fimiz siyasi quvvetler iqtidara keldi\u011fi zaman halq\u0131m\u0131z daha zor vaziyette qala, \u00e7\u00fcnki olarda siyasi medeniyet ve siyasi terbiye de\u011fen \u015feyler yoq ve olar, halqqa daha ziyade hizmet etip onun sempatisini ve kelecek saylavlar\u011fa deste\u011fini qazanmaq yerine, devlet qanunlar\u0131n\u0131 taptay\u0131p bizden intiqam alma\u011fa t\u0131r\u0131\u015falar.<\/p>\n\n\n\n<p>Her zaman, e\u011fer devlet bir toplumun, bir milletin haq-huquqlar\u0131na tan\u0131ma\u011fa istemey olsa, milletni par\u00e7alama\u011fa, o milletin i\u00e7inde bir birlerine qar\u015f\u0131 ol\u011fan \u00e7e\u015fit t\u00fcrl\u00fc siiyasi gruplar ve aq\u0131nt\u0131lar yaratma\u011fa t\u0131r\u0131\u015fa tur\u011fan. Bu gruplar\u0131n ve aq\u0131nt\u0131lar\u0131n esas maqsatlar\u0131 milletin aras\u0131nda d\u00fc\u015fmanl\u0131q yaratmaq&nbsp; ve b\u00f6ylelikle milli hareketni tamamile yoq etmeyecek olsa bile, hi\u00e7 olmad\u0131qta onu zay\u0131flatmaq, ipratmaq ve beceriksiz vaziyetke ketirmektir. Bizim halq\u0131m\u0131z\u011fa qar\u015f\u0131 b\u00f6yle siyaset&nbsp; ta Q\u0131r\u0131m yar\u0131madas\u0131 Rusya taraf\u0131ndan i\u015f\u011fal etildikten sonra ba\u015fland\u0131, Sovyet zaman\u0131nda devam etti ve, ne yaz\u0131q ki, Ukrayna ba\u011f\u0131ms\u0131zl\u0131\u011f\u0131n\u0131 qazand\u0131ktan sonra da ve b\u00fcy\u00fck \u00f6l\u00e7\u00fcde sonki 3 y\u0131l evvel devam etmektedir.<\/p>\n\n\n\n<p>Ke\u00e7ken y\u00fczy\u0131l\u0131n 60-ci y\u0131llar\u0131nda me\u015fhur 17 hainlerim halq\u0131m\u0131z\u011fa pis m\u00fcracaat\u0131, sahte Q\u0131r\u0131m Tatar ayd\u0131nlar\u0131n (\u2018\u0131ntell\u0131gentlerin\u2019) ve baz\u0131 Q\u0131r\u0131m Tatar \u00e7inovniklerin ad\u0131ndan KGB taraf\u0131ndan posta vas\u0131tas\u0131nen darqat\u0131l\u011fan milli hareketimizge qar\u015f\u0131 \u2018a\u00e7\u0131q mektupler\u2019 ve m\u00fcracaatlar\u0131n\u0131 halq\u0131m\u0131z\u0131n ya\u015fl\u0131 insanlar\u0131 daha unutma\u011fand\u0131rlar. O m\u00fcracaatlar\u0131n esas m\u00fcndereceleri \u2013 biz s\u00fcrg\u00fcnl\u00fckte \u00e7oq bahtl\u0131 ya\u015fay, di\u011fer karde\u015f sovyet halqlar\u0131nen beraber kom\u00fcnizm qurmaq yolunda ekenmiz ve yaln\u0131z halqtan uzaq ol\u011fan kimseler, yabanci memleketlerin ajanlar\u0131,\u00a0 \u00e7e\u015f\u00fct t\u00fcrl\u00fc \u2018avtonomistler\u2019, milletciler, antisovet d\u00fc\u015f\u00fcnceli halq d\u00fc\u015fmanlar\u0131 Q\u0131r\u0131m\u2019ga qaytmaq meselesini qoz\u011falay ekenmi\u015f. Milli hareketimizge qar\u015f\u0131 parallel ve sahte \u2018milli hareket\u2019 gruplar\u0131n\u0131 bile yaratkan ediler. O gruplar da formal olaraq milli davam\u0131z\u011fa hizmet etmek edi, ama olar\u0131n esas vazifeleri\u00a0 halq\u0131m\u0131zn\u0131 b\u00f6lmek, Milli hareketimizin aktif i\u015ftiraq\u00e7ilerni antisovyetlikle ve \u2018Bat\u0131 devletlerine\u2019 hizmet etmekle su\u00e7lamaqtan ibaret edi.<\/p>\n\n\n\n<figure class=\"wp-block-image size-full\"><img loading=\"lazy\" decoding=\"async\" width=\"700\" height=\"525\" src=\"http:\/\/qtmm.org\/wp-content\/uploads\/2022\/01\/img_1723_1.jpeg\" alt=\"\" class=\"wp-image-37481\" srcset=\"https:\/\/qtmm.org\/wp-content\/uploads\/2022\/01\/img_1723_1.jpeg 700w, https:\/\/qtmm.org\/wp-content\/uploads\/2022\/01\/img_1723_1-300x225.jpeg 300w\" sizes=\"auto, (max-width: 700px) 100vw, 700px\" \/><\/figure>\n\n\n\n<p>1991 y\u0131l\u0131nda, daha Sovyetler Birli\u011fi da\u011f\u0131lmad\u0131qtan \u00f6nce&nbsp; halq\u0131m\u0131z taraf\u0131ndan demokratik se\u00e7imler ke\u00e7irip yeniden Qurultay sistemizi canland\u0131rmas\u0131 ve bu Qurultay\u2019da t\u00fcm milletimizni temsil etme\u011fe haqq\u0131 ol\u011fan siyasi struktur \u2013 Q\u0131r\u0131m Tatar Milli Meclisi qurulmas\u0131&nbsp; bizim d\u00fc\u015fmanlar\u0131m\u0131z\u011fa \u00e7e\u015fit t\u00fcrl\u00fc te\u015fkilatlarnen manipulasyonlar yap\u0131p kendilerine uy\u011fun ol\u011fan Q\u0131r\u0131mtatar&nbsp; grubunu&nbsp; qurma\u011fa ve b\u00f6ylelikle kendi isteklerini halq\u0131m\u0131z\u0131n ad\u0131ndan yerine ketirme\u011fe imkan qald\u0131rmad\u0131. Ve bundan sonra onlar\u0131m b\u00fct\u00fcn zeheri ve iftiralar\u0131 elbette esas olaraq Q\u0131r\u0131m Tatar Milli Meclisine qar\u015f\u0131 oldu. Olar\u0131n ta 1991 y\u0131l\u0131ndan bu k\u00fcnge qadar esas iddialar\u0131 \u2013 Q\u0131r\u0131m Tatar Milli Meclisi qanun\u011fa ayq\u0131r\u0131 bir qurulu\u015f imi\u015f, \u00e7\u00fcnki o bir te\u015fkilat olaraq adliye baqanl\u0131\u011f\u0131nda qay\u0131t olmad\u0131. Yani, bunlar\u0131n istegi Milli Meclisimiz\u2019ni de Q\u0131r\u0131m\u2019daki say\u0131s\u0131 y\u00fczlerce ol\u011fan te\u015fkilatlar\u0131n aras\u0131nda soqmaq ve olar\u011fa oyunlar\u0131n\u0131 devam etmektir.<\/p>\n\n\n\n<p>2010 y\u0131l\u0131n cumhurba\u015fkan\u0131 se\u00e7imlerinden sonra halq\u0131m\u0131zn\u0131 temsil etken siyasi struktur\u011fa qar\u015f\u0131 hareketler daha ziyade oldu ve k\u00fcn-k\u00fcnge bu qanunsuz, \u00e7irkin ve mant\u0131qs\u0131z hareketler devam etmektedir.<\/p>\n\n\n\n<p>Mal\u00fcm oldu\u011fu kibi, halq\u0131m\u0131z\u0131n talebini yerine ketirmek ve Q\u0131r\u0131m Tatar Milli Meclisini resmen tan\u0131lmas\u0131 yolunda eski cumhurba\u015fkan\u0131 L.Ku\u00e7ma \u00e7oq isabetli bir ad\u0131m yapqan edi. Onun 18 May\u0131s 1999 tarihinde imzalad\u0131\u011f\u0131 qarar\u011fa k\u00f6re \u2018Q\u0131r\u0131m Tatar halk\u0131n tems\u015flcileri \u015euras\u0131\u2019 quruldu edi ve bu \u015fura\u011fa yaln\u0131z halq\u0131n taraf\u0131ndan se\u00e7ilgen Milli Meclis azalar\u0131 kirebilirdi. B\u00f6ylelikle halq\u0131m\u0131z\u0131n temsilcileri ve cumhurba\u015fkan\u0131 aras\u0131nda dialog qurma\u011fa ve meselelerimizni, taleplerimizni m\u00fczakere etme\u011fe imkan yarat\u0131l\u011fand\u0131. \u015eimdi ise&nbsp; yeni cumhurba\u015fkan\u0131n karar\u0131nen halq taraftan saylan\u011fan insanlar\u0131n yerine bu \u2018temsilciler \u015furas\u0131na\u2019 \u00e7o\u011funluq olaraq&nbsp; hi\u00e7 kimse taraftan saylanma\u011fan ve kendilerinden \u011fayr\u0131 hi\u00e7 kimseni temsil etme\u011fen \u015fahslar&nbsp; tay\u0131n etildi. Yani \u2018temsilciler \u015furas\u0131\u2019 yoq etildi demek m\u00fcmk\u00fcn, \u00e7unki tayin etilgen kimseler d\u00fcnyan\u0131n hi\u00e7bir yerinde \u2018halq temsilc\u015fleri\u2019 olamazlar. Cumhurba\u015fkan\u0131n bu qarar\u0131 Birle\u015fik Devletler Te\u015fkilat\u0131 taraf\u0131ndan 2007 senesi \u2018Tam\u0131r halqlar\u0131n haq-huquqlar\u0131 hususta deklarasyonun 18 maddesine ayq\u0131r\u0131d\u0131r&nbsp; ve ayni zaman milletimizin onuruna ve \u015ferefine qar\u015f\u0131 by\u00fck haqarettir.<\/p>\n\n\n\n<p>Onun i\u00e7in \u015fimdi bizim esas taleplerimizden birisi \u2013 devlet hald\u0131m\u0131z taraftan saylan\u011fan milli qurulu\u015fumuzu resmen tan\u0131mal\u0131d\u0131r. Tayin etilgen qoqla \u2018temsilciler \u015furas\u0131\u2019 veya di\u011fer, mesela, L.Gra\u00e7 zaman\u0131nda Milli Meclisimizge qar\u015f\u0131 yarat\u0131l\u011fan \u2018Aq\u015fakallar \u015furas\u0131\u2019 kibi qurulu\u015flar halq\u0131m\u0131z taraf\u0131ndan hi\u00e7 zaman tan\u0131lmayacaqt\u0131r.<\/p>\n\n\n\n<p>2010 y\u0131l\u0131n cumhurba\u015fkan\u0131 se\u00e7imlerinden sonra Q\u0131r\u0131m otonom cumhuriyetin ba\u015fbaqan\u0131 olarak Donetsk\u2019ten yollan\u0131l\u011fan V.Cart\u0131\u2019n\u0131n \u00f6l\u00fcm\u00fcn ard\u0131ndan burada ba\u015fbaqan olaraq, 2011 y\u0131l\u0131n son aylar\u0131nda eski militsiya m\u00fcd\u00fcr\u00fc A.Mogil\u00f6v tay\u0131n etildi. Yan\u0131 halq\u0131m\u0131zn\u0131 qorqutmaq i\u00e7in 2007 y\u0131l\u0131n Noyabr ay\u0131nda Ay-Petr\u0131\u2019deki 48 vatanda\u015flar\u0131m\u0131z\u011fa qar\u015f\u0131 binlerce asker, y\u00fczlerce z\u0131rhl\u0131 bronetransport\u00f6rlar yolla\u011fan, silahs\u0131z insanlar\u011fa qar\u015f\u0131 ate\u015f a\u00e7ma\u011fa emir vergen ve, en \u00f6nemlisi, gazetelerde a\u00e7\u0131qtan a\u00e7\u0131q Stalin\u2019in 1944 y\u0131l\u0131 Q\u0131r\u0131m Tatarlar\u0131n ve daha birqa\u00e7 milletlerin s\u00fcrg\u00fcn emrini do\u011fru sayd\u0131\u011f\u0131n\u0131 ilan etken, Stalin zamanlar\u0131n propagandas\u0131 \u015feklinde Q\u0131r\u0131m Tatar halq\u0131na qar\u015f\u0131 \u2018hainler\u2019 kelimesini qullan\u011fan herif art\u0131q Q\u0131r\u0131m ba\u015fbaqan\u0131 oldu. Ne sebepten b\u00f6yle qarar al\u0131nd\u0131? Aceba Cumhurba\u015fqan\u0131n komandas\u0131nda ba\u015fqa adam tap\u0131lmad\u0131 da, bu herifni bizge layiq k\u00f6rd\u00fcler? Daha bir kere bizim halq\u0131m\u0131zn\u0131 a\u015fa\u011falamaq istediler mi? Yoqsa niyetleri burada qar\u011fa\u015falar ve \u00e7at\u0131\u015fmalar \u00e7\u0131qarmaq edi mi?<\/p>\n\n\n\n<p>Ama, nas\u0131l da olsa, madem ki onu cumhurba\u015fqan\u0131 yollad\u0131, Mogil\u00f6v\u2019\u011fa qar\u015f\u0131 keskin a\u00e7\u0131qlamalar yapmad\u0131q, eskiden yapt\u0131\u011f\u0131 hiyanetliklerini ve haqaretlerini ona hat\u0131rlatmat\u0131q, halq\u0131m\u0131z\u0131n meseleleri \u00e7\u00f6z\u00fcm\u00fc etraf\u0131nda onunla i\u015fbirlik yapma\u011fa t\u0131r\u0131\u015ft\u0131q. \u00dcmit ettik ki, bu adam, biraz namusu var ise, aql\u0131n\u0131 ve cesaretini toplar da, halq\u0131m\u0131zdan \u00f6z\u00fcr diler. Ama beklentilerimiz ker\u00e7ekle\u015fmedi.<\/p>\n\n\n\n<p>2010 y\u0131l\u0131nda Q\u0131r\u0131m Otonom Cumhuriyetinin y\u00f6netiminde ba\u015flan\u011fan devlet strukturalar\u0131nda \u2018etnik temizlemeler\u2019, yani Q\u0131r\u0131m Tatarlar\u0131n\u0131 ve birinci olaraq Meclis taraf\u0131ndan teklif etilgen adamlarn\u0131 i\u015ften \u00e7\u0131qar\u0131p olar\u0131n yer\u015fne Donetsk b\u00f6lges\u015fnden ketirilgen insanlar\u0131 yerle\u015ftirme hareketi Mogil\u00f6v zaman\u0131nda daha intensiv \u015fekilde devam etti.&nbsp; Ve \u015fimdi Q\u0131r\u0131m Tatar halq\u0131n\u0131n Q\u0131r\u0131m\u2019da n\u00fcf\u00fcz oran\u0131 y\u00fczde 13 oldu\u011funa ra\u011fmen cumhuriyetin y\u00f6netim sisteminde olar\u0131n temsilcileri y\u00fczden 3 raqamdan fazla de\u011fil. Bir milletke qar\u015f\u0131, hem de o topra\u011f\u0131n tam\u0131r halq\u0131na qar\u015f\u0131 bu seviyede ayr\u0131nt\u0131c\u0131l\u0131q, bu seviyede diskiminasyon&nbsp; \u015fimdiki d\u00fcnyan\u0131n hi\u00e7bir k\u00f6\u015fesinde rastkelmek m\u00fcmk\u00fcn de\u011fildir.<\/p>\n\n\n\n<p>Hem de kendi a\u00e7\u0131qtan a\u00e7\u0131q \u015fovenist siyasetlerini, tam Sovyetler zaman\u0131nda oldu\u011fu kibi, bunlar primitiv yalannen qapatmaq isteyler. S\u00f6ylediklerine k\u00f6re, devlet i\u015flerine qab\u00fcl ettikleri zaman adam nas\u0131l milletten oldu\u011funa hi\u00e7 baqmay\u0131p yaln\u0131z adaman\u0131n ne derecede professional oldu\u011funa baqa ekennermi\u015f. Ama nas\u0131l \u2018professionallarn\u0131\u2019 olar devlet vazifelerine ald\u0131qlar\u0131n\u0131 sonk\u00fc t\u00fcm milletin k\u00f6zlerin \u00f6n\u00fcnde olup ke\u00e7ken vakia \u00e7oq an\u0131q k\u00f6sterdi. Aram\u0131zdan bir pislik \u00e7\u0131kt\u0131 ve Mogil\u00f6v\u2019\u0131n k\u00f6z\u00fcne kirmek i\u00e7in utanmay\u0131p televizyonda, Mogil\u00f6v&nbsp; kendisi&nbsp; gazetelerde yazd\u0131\u011f\u0131 \u015fekilde, 1944 y\u0131l\u0131n s\u00fcr\u015f\u00fcn\u00fcnde Q\u0131r\u0131m Tatarlar\u0131 kendileri de qabayatl\u0131 olduqlar\u0131n\u0131 ve Q\u0131r\u0131m Tatar Milli Meclisi Reginal Partinen beraber olmaq kerek oldu\u011fu&nbsp; hususta birqa\u00e7 sa\u00e7ma s\u00f6zler s\u00f6yledi ve tam ertesi k\u00fcn\u00fc bu erifni Q\u0131r\u0131m Yukar\u0131 \u015euras\u0131n\u0131n milletleraras\u0131 komissias\u0131n\u0131n reisi Remzi \u0130lyasov i\u015ften \u00e7\u0131qar\u0131l\u0131p onun yerine tayin etilmesi hususta emir vere.<\/p>\n\n\n\n<p>\u015eimdi halq\u0131m\u0131zn\u0131 bir birine z\u0131t ve d\u00fc\u015fman gruplara b\u00f6lmek i\u00e7in b\u00fcy\u00fck \u00f6l\u00e7\u00fcde devlet imkanlar\u0131 (yani, \u2018administrativ resurs\u2019) qullan\u0131lmaqtad\u0131r. Bu pis maqsatlar i\u00e7in hi\u00e7 utanmay\u0131p topraq meselesini de qullanma\u011fa t\u0131r\u0131\u015falar. Yaq\u0131n zamanlarda qoqla \u2018Q\u0131r\u0131m Tatar halq\u0131n temsilcileri \u015furas\u0131\u2019 ad\u0131ndan bir gizli talimat imzaland\u0131 ve bu talimatqa k\u00f6re topraq yaln\u0131z Mogil\u00f6v\u2019n\u0131 ve bu sahte \u2018temsilciler \u015furas\u0131n\u0131\u2019 taraftar\u0131 ol\u011fan kimselerge verilecek, ama y\u0131llarca o \u2018samostroylarda\u2019 turup o topraqlarn\u0131 qanunla\u015fturmas\u0131n\u0131 beklegen vatanda\u015flar\u0131m\u0131z\u011fa Milli Meclisimizni destekledikleri i\u00e7in verilmeyecekmi\u015f.<\/p>\n\n\n\n<p>Halq\u0131m\u0131z\u2019\u0131n abidelerine, camilerine, mezarl\u0131klar\u0131m\u0131z\u011fa qar\u015f\u0131 vandalizm hareketleri, \u2018samostroy\u2019lar\u0131m\u0131z\u011fa qar\u015f\u0131 \u015fovenist gruplar\u0131n ve \u2018kazarlar\u0131n\u2019 hucumlar\u0131 Mogil\u00f6v\u2019\u0131n zaman\u0131nda daha ziyade artt\u0131. Bunun sebebimini anlamaq \u00e7oq qolay, \u00e7\u00fcnki e\u011fer huk\u00fcmet ba\u015f\u0131nda Q\u0131r\u0131m Tatar halq\u0131na qar\u015f\u0131 o qadar d\u00fc\u015fmanl\u0131q k\u00f6stergen kimse tura ise, bizim k\u00fclt\u00fcr varl\u0131qlar\u0131m\u0131z\u011fa gecelerinen huc\u00fcm etken pislikler neden saq\u0131acaqkar? Elbette cezas\u0131z qalacaqlar\u0131ndan olar eminler.&nbsp; Ve hem ger\u00e7ekten de bu cinayrtleri yapqan kimselerden hi\u00e7 biri tutuqlanmad\u0131 ve cezaland\u0131r\u0131lmad\u0131.&nbsp; Asl\u0131nda Q\u0131r\u0131m yar\u0131madas\u0131nda cinayet\u00e7il\u0131k seviyesi Mogil\u00f6v\u2019\u0131n ba\u015fqanl\u0131\u011f\u0131 zamam\u0131nda umumen \u00e7oq artt\u0131 ve \u015fimdi Q\u0131r\u0131m yar\u0131madas\u0131 Ukrayna\u2019da en \u00e7oq cinayet i\u015flenilgen bir b\u00f6lge vaziyetine keldi.&nbsp;<\/p>\n\n\n\n<p>E\u011fer 1994-95 y\u0131llar\u0131ndaki Y.Me\u015fkov\u2019\u0131n q\u0131sqa \u2018prezidentlik\u2019 zaman\u0131n\u0131 hesapqa almasaq, Ukrayna ba\u011f\u0131ms\u0131zl\u0131\u011f\u0131n\u0131 qazand\u0131qtan sonra hi\u00e7 zaman \u015fimdiki kibi burada Q\u0131r\u0131m Tatarlar\u0131na qar\u015f\u0131 bu qadar \u015fovenist, aq\u0131ls\u0131z, basiretsiz ve mant\u0131qs\u0131z davran\u0131\u015flar olma\u011fan edi. Me\u015fkov\u2019un aqibeti herkeske belli \u2013 o sonunda Moskova\u2019ya kendi sahiplerin yan\u0131na qa\u00e7\u0131p ketti. Hi\u00e7 \u015fuphesis ki, Mogil\u00f6v\u2019\u0131n aqibeti de ayni olacaqt\u0131r. Ama onun o burada ne qadar \u00e7oq qalacaq olsa, o qadar Ukrayna devletinin prestiji ve menfaatlar\u0131na, Q\u0131r\u0131m\u2019daki istiqrar ve milletleraras\u0131 m\u00fcnasebetlerine zarar olacaqt\u0131r.<\/p>\n\n\n\n<p>Onun i\u00e7in biz bu adam\u0131n derhal vazifeden istifa etilmesini, onun burada yapt\u0131\u011f\u0131 provokasyon ve \u015foven\u015fst hareketlerinin prokuratura taraf\u0131ndan ara\u015ft\u0131r\u0131lmas\u0131n\u0131, siyasi sebeplerden veya sadece Q\u0131r\u0131m Tatarlar\u0131 olduqlar\u0131 sebebinden i\u015ften \u00e7\u0131qar\u0131l\u011fan arqada\u015flar\u0131m\u0131zn\u0131 eski vazifelerine tayin etilmelerini ve olar\u011fa yap\u0131l\u011fan maddi ve manevi zararlar tazmin etilmesini talap etemiz.<\/p>\n\n\n\n<p>Bizim bu taleplerimiz bug\u00fcn, bu saatlerde diasporam\u0131z taraf\u0131ndan bir\u00e7oq Avropa memleketlerinde, T\u00fcrkiye ve Amerika\u2019da Ukrayna el\u00e7iliklerine, Avrupa Birli\u011fine ve Avrupa Parlamentosuna da teslim etilecektir. Mogil\u00f6v buradan defolsun!<\/p>\n\n\n\n<p>Sonki 3 y\u0131l devam\u0131nda devlet taraf\u0131ndan halk\u0131m\u0131zn\u0131n sosyal problemlerin \u00e7oz\u00fcm\u00fc i\u00e7in ayr\u0131l\u011fan maaliyet miqtar\u0131 o qadar azald\u0131 ki, pratik olaraq s\u0131f\u0131ra indi demek m\u00fcmk\u00fcnd\u00fcr. Mesela, ke\u00e7ken sene bu proram i\u00e7in 2010 senesinen q\u0131yas etilecek ise 10 kere az ayr\u0131d\u0131, bu sene i\u00e7in ise ke\u00e7ken seneden daha iki kere az miqtar planla\u015ft\u0131r\u0131ld\u0131. Bu vatanda\u015flar\u0131m\u0131z taraf\u0131ndan devlet b\u00fct\u00e7esine vergi (nalog) olaraq \u00f6dedi\u011fi&nbsp; paralardan onlarca-y\u00fczlerce kere azd\u0131r. Neticede halq\u0131m\u0131z\u0131n sosyal problemlerin \u00e7\u00f6z\u00fcm\u00fc, ayr\u0131ca ana tilimizde mektepler qurulmas\u0131, 300 y\u00fczden fazla yeni qurul\u011fan k\u00f6y-qasabalar\u0131m\u0131z\u0131n vaziyeti kritik durumdad\u0131r.<\/p>\n\n\n\n<p>Hep bunlar\u0131\u0131 ve huquqi meselelerimiz \u00e7oq y\u0131llardan beri \u00e7oz\u00fclmedi\u011fini, Ukrayna devletinin bu meseleleri tek ba\u015f\u0131na \u00e7\u00f6zmeye imkan\u0131 veya iradesi olmad\u0131\u011f\u0131n\u0131&nbsp; k\u00f6ze alaraq biz daha 2010 y\u0131l\u0131n Qurultay toplant\u0131s\u0131nda&nbsp; bu meseleleri m\u00fczakere etilmesi, bu meseleye d\u00fcnyan\u0131n diqat\u0131n\u0131 \u00e7ekmek i\u00e7in bir uluslaras\u0131 forum toplanmas\u0131 hususta qarar al\u011fan edik.<\/p>\n\n\n\n<p>&nbsp;Ke\u00e7ken 3 y\u0131l devam\u0131nda bu qararn\u0131 ker\u00e7ekle\u015ftirmek i\u00e7in \u00e7ok hareketler yap\u0131ld\u0131 \u2013 bir\u00e7oq konferanslar, \u00e7e\u015fit memleketlerin devlet adamlar\u0131 ve diplomatlar\u0131nen k\u00e7r\u00fc\u015fmeler ke\u00e7irildi. B\u00f6yle forum Avrupa G\u00fcvensizlik ve \u0130\u015fbirlik Te\u015fkilat\u0131 himayesinde ke\u00e7ir\u015flmesi fikrini hemen hemen hep Ukrayna\u2019nen diplmatik ili\u015fkileri ol\u011fan Avrupa devletlerin, Avrupa Birli\u011finin, Amerika ve Kanada el\u00e7ileri desteklediler.&nbsp; Avrupa G\u00fcvensizlik ve \u0130\u015fbirlik te\u015fkilat\u0131n\u0131n inisiativinen Q\u0131r\u0131m Tatar Millli meselesinin hep aspektlerini incelemek ve \u00e7\u00f6zim yollar\u0131n\u0131 teklif etmek i\u00e7in 6 tane y\u00fcksek seviyeli mutehasislrden olu\u015fturul\u011fan&nbsp; ara\u015ft\u0131rma grubu quruldu. Avrupa G\u00fcvensizlik ve \u0130birlik Te\u015fkilat\u0131n\u0131n Milli az\u0131l\u0131qlar boyunca Y\u00fcksek Komisarl\u0131\u011f\u0131 taraf\u0131ndan&nbsp; ke\u00e7irelecek forumun kontseptsiyas\u0131 da yaz\u0131l\u0131p&nbsp; Ukrayna cumhurba\u015fkan\u0131na yollan\u0131ld\u0131. Bu konseptsiyada forumun neticesinde Q\u0131r\u0131m Tatar halq\u0131n\u0131n sosyal meselelerini \u00e7\u00f6zmek i\u00e7in mahsus uluslararas\u0131 fon da qurulabilece\u011fi haber etildi.<\/p>\n\n\n\n<p>&nbsp;Ama bu k\u00fcnge qadar Ukrayna taraf\u0131ndan bu forumda i\u015ftiraq etecek mi yoq mu hususta hi\u00e7 cevap yoqtur. Yani, uluslararas\u0131 taraf\u0131ndan uzat\u0131l\u011fan yard\u0131m eli havada qald\u0131. Ukrayna i\u00e7in o qadar \u00f6nemli problemnin \u00e7\u00f6z\u00fcm\u00fcne yard\u0131m vermeye haz\u0131r ol\u011fan d\u00fcnya cemaat\u0131na minnetdarl\u0131q bildirmek yerine otonom cumhuriyetinin ba\u015fbaqan\u0131 qar\u015f\u0131l\u0131q olaraq orta\u011fa bir g\u00fcl\u00fcn\u00e7 ve mant\u0131qs\u0131z kontrteklif b\u0131raqa. Onun teklifine k\u00f6re, biz talep etti\u011fimiz ve hep haz\u0131rl\u0131qlar\u0131 yap\u0131l\u011fan, pratik meselelerin \u00e7\u00f6z\u00fcm\u00fcne y\u00f6net\u015flgen&nbsp; uluslararas\u0131 forum yerine&nbsp; \u2018Q\u0131r\u0131m halqlar\u0131n\u0131n forumu\u2019 ke\u00e7irilmesi kerek emi\u015f. Yani Sovyet zamanlar\u0131ndaki gibi \u2018halqlar dostlu\u011fu\u2019 festivali kibi bir \u015fey.<\/p>\n\n\n\n<p>Onun i\u00e7in, bug\u00fcnki matem mitingimiznin taleplerinden daha birisi \u2013 Ukrayna y\u00f6netimi Avrupa G\u00fcvensizlik ve \u0130\u015fbirlik Te\u015fkilat\u0131n\u0131n Q\u0131r\u0131m Tatarlar\u0131 ve di\u011fer s\u00fcrg\u00fcnl\u00fckke u\u011frat\u0131lan toplumlar\u0131n problemleri hususta Uluslararas\u0131 forum ke\u00e7irilmesine derhal m\u00fcspet cevab\u0131n\u0131 vermelidir.<\/p>\n\n\n\n<p>Halq\u0131m\u0131z\u0131n haq-huquqlar\u0131 tamamile iade etilmesi, milletimizin \u00f6z topra\u011f\u0131na sahip olmas\u0131 belki daha bir\u00e7oq y\u0131llar alacaqt\u0131r. Milletin kelece\u011fi b\u00fcy\u00fck derecede bug\u00fcnki bizim evlatlar\u0131m\u0131z, torunlar\u0131m\u0131z nas\u0131l adamlar olaca\u011f\u0131na ba\u011fl\u0131d\u0131r. Onlar bizim milli&nbsp; davam\u0131zdan ve \u011fayelermizden, babalar\u0131n-dedelerin s\u00fcrg\u00fcnl\u00fckten \u00f6z vatanlar\u0131na qayt\u0131p kelmek i\u00e7in orta\u011fa hayatlar\u0131n\u0131, varl\u0131qlar\u0131n\u0131 b\u0131raq\u0131p nas\u0131l hareketler, fedakarl\u0131qlar yapt\u0131qlar\u0131ndan haberdar olmalar\u0131, olar\u0131n hareketlerini devam etmeye haz\u0131r olmalar\u0131&nbsp; kerek.<\/p>\n\n\n\n<p>Bir misal ketirmek isteyim. Bildi\u011finiz kibi sonki iki y\u0131l devam\u0131nda Q\u0131r\u0131m Tatar Milli Meclisimizge qar\u015f\u0131 ard\u0131-s\u0131ra protrsto hareketleri yapqan vatanda\u015flar\u0131m\u0131z\u0131n gruplar\u0131 heydah oldu. Olar Milli Meclis\u2019in binas\u0131n\u0131n veya Q\u0131r\u0131mtatar teatrosunun duvarlar\u0131na Meclis\u2019ke qar\u015f\u0131 pis laflar yazalar, Qurultay \u00e7al\u0131\u015fmalar\u0131 k\u00fcnlerinde Meclis\u2019ke ve Qurultay\u0131m\u0131z\u011fa qar\u015f\u0131 hakaretli sloganlarnen \u00e7\u0131qalar ve sayire. Biz bunlara \u00e7oq ehemiyet vermeymiz, demokratiya i\u015fte, herkesni y\u00fczde y\u00fcz memnun etmek m\u00fcmk\u00fcn de\u011fil, deymiz.<\/p>\n\n\n\n<p>Sonki b\u00f6yle numayi\u015f V Qurultay\u0131n sonki sessiyas\u0131n\u0131n a\u00e7\u0131l\u0131\u015f k\u00fcn\u00fcnde ol\u011fan edi.&nbsp; \u0130\u015fte bu protesto numayi\u015finden b\u0131rbu\u00e7uq hafta sonra onun birqa\u00e7 i\u015ftiraq\u00e7ileri Milli Meclis\u2019in qorumas\u0131na m\u00fcracaat ettiler. \u2018Yard\u0131m etiniz, bize helal qazan\u011fan paralarm\u0131zn\u0131 vermeyler\u2019, &#8211; dediler. Anlatt\u0131qlar\u0131na k\u00f6re, bunlara protesto numayi\u015finde i\u015ftiraq ettikleri i\u00e7in adam ba\u015f\u0131na 150 grivnadan vermeye vadetkenler, ama baz\u0131lar\u0131na yaln\u0131z yar\u0131s\u0131n\u0131 vergenler, baz\u0131lar\u0131na ise, numayi\u015fte kerekli derecede aktif olmad\u0131qlar\u0131 ve Qurultay vekillerine qar\u015f\u0131 pis laflar atmad\u0131qlar\u0131 i\u00e7in, bir quru\u015f bile verme\u011fenler. Bizim arqada\u015flar\u0131m\u0131z dediler ki, tamam, yard\u0131m eteriz, ama siz bu anlatt\u0131\u011f\u0131n\u0131z vaqian\u0131 televiyonda da s\u00f6yleyebilirsiniz mi?&nbsp; Bunlar \u2018Elbette televizyonda da s\u00f6yleriz, ama ne qadar para vereceksiniz?\u2019, diye sordular. Gen\u00e7 20-25 ya\u015flar\u0131nda o\u011flanlar, ana tilimizde konu\u015fmaylar ve anlamaylar bile, Meclis ve Qurultay ne oldu\u011fundan da \u00e7oq haberleri yoq, ve elbet, ne sebeptem Meclis\u2019ten memnun olmad\u0131qlar\u0131 ve ona qar\u015f\u0131 numat\u0131\u015fqa \u00e7\u0131qt\u0131qlar\u0131 hususta da haberleri yoq. Olarn\u0131 meraqlad\u0131rd\u0131\u011f\u0131 tek \u015fey \u2013 ne qadar para verecekler.<\/p>\n\n\n\n<p>Anla\u015f\u0131ld\u0131 ki, bu gen\u00e7ler\u0131n qorantalar\u0131nda ne milli meselemiz haqq\u0131nda laf ola, ne de olarn\u0131 ana tilimiz yoq olup ketmesi&nbsp; tehlikesi rahats\u0131zlay, olar kendi biolojik ihtiyaclar\u0131ndan \u011fayr\u0131 bir \u015feynen meraqlanmaylar. E\u011fer b\u00f6yle ailelerin say\u0131s\u0131 \u00e7o\u011falsa, emin olunuz ki, yaq\u0131n zamanlarda ortal\u0131\u011fta daha \u00e7oq \u2018lentunlar\u2019 peydah olacaqlar. \u0130\u015fte bu kibi kimselerin aras\u0131ndan kendi menfaatlar\u0131 i\u00e7in halq\u0131m\u0131z\u0131n en b\u00fcy\u00fck facias\u0131n\u0131, halq\u0131m\u0131z\u011fa qar\u015f\u0131 1944 y\u0131l\u0131nda yap\u0131l\u011fan en b\u00fcy\u00fck \u00e7inayetni bile aqlamaya haz\u0131r olan, qabayatn\u0131 \u00f6z milletin \u00fcst\u00fcne b\u0131raqma\u011fa haz\u0131r ol\u011fan pislikler \u00e7\u0131qalar.<\/p>\n\n\n\n<p>Say\u011f\u0131l\u0131 vatanda\u015flar\u0131m\u0131z!<\/p>\n\n\n\n<p>Her y\u0131l, 20 y\u0131ldan ziyade halq\u0131m\u0131z\u0131n s\u00fcrg\u00fcn\u00fc ve soyq\u0131r\u0131m\u0131 y\u0131ld\u00f6n\u00fcmlerinde men qar\u015f\u0131n\u0131z\u011fa \u00e7\u0131q\u0131p qonu\u015fma yapaman.&nbsp; B\u00fcg\u00fcnk\u00fc qonu\u015fmam Q\u0131r\u0131m Tatar Milli Mecliini reisi s\u0131fat\u0131nda sonki qonu\u015fmamd\u0131r. Bu k\u00fcnlerde uluslararas\u0131 te\u015fkilatlar\u0131n g\u00f6zlemcileri nezaretinde yeni, art\u0131q V1 ci Qurultay\u0131n vekilleri se\u00e7ilmektedir. Bu se\u00e7imler tamamland\u0131qtan dir ay sonra biz Qurultay toplant\u0131s\u0131n\u0131 ke\u00e7irecekmiz ve o Qurultay\u2019da yeni Meclis azalar\u0131n\u0131 ve yeni Milli Meclis reisini se\u00e7ecekmiz. Hep bu y\u0131llar devam\u0131na Milli Meclisimizge ve \u015fahsen onun reisine k\u00f6sterdi\u011finiz say\u011f\u0131 ve itimad\u0131n\u0131z i\u00e7in men \u00e7oq minnetdar\u0131m. \u00dcmit eterim ki, yeni Meclis\u2019ke ve onun yeni reisine de sizin say\u011f\u0131n\u0131z ve deste\u011finiz evelkisinden eksik olmayacaqt\u0131r. Bu \u00e7oq \u00f6nemli, \u00e7\u00fcnki bu bizim milli birli\u011fimizin temelidir.<\/p>\n\n\n\n<p>Bu k\u00fcnlerde ke\u00e7ken heyecanl\u0131 ve tart\u0131\u015fmal\u0131 Qurultay vekillerin saylavlarda bizleri en sevindiren \u015fu ki, halq\u0131m\u0131z bu saylavlarda \u00e7oq aktif i\u015ftiraq etmesidir. Q\u0131r\u0131m Tatat Milli Qurultay vekilinin, Ukrayna milletvekillerininde oldu\u011fu kibi y\u00fcksek ayl\u0131qlar, bedava tren ve u\u00e7aqlar, doqunmazs\u0131sl\u0131q kibi imtiyazlar\u0131 olmasa bile, en ufaq ayl\u0131qlar\u0131 olmasa bile, bu saylavlardaki yar\u0131\u015fmalar ve heyecan Ukrayna parlanentosuna milletvekillerin veya Ukrayna cumhurba\u015fkan\u0131n saylavlar\u0131ndan\u00a0 eksik de\u011fil. Ve e\u011fer biz en lay\u0131q Qurultay vekillerini ve Milli Melis azalar\u0131n\u0131 se\u00e7ersek, se\u00e7ti\u011fimiz milli qurulu\u015flar\u0131m\u0131z\u011fa yeterli seviyede destek versek, o qurulu\u015flar ald\u0131\u011f\u0131 qararlar\u011fa k\u00f6re davransaq, eminim ki, hi\u00e7bir g\u00fc\u00e7 bizim milli birli\u011fimizni sars\u0131p olamaz.<\/p>\n\n\n\n<figure class=\"wp-block-image size-full\"><img loading=\"lazy\" decoding=\"async\" width=\"700\" height=\"525\" src=\"http:\/\/qtmm.org\/wp-content\/uploads\/2022\/01\/img_1571.jpeg\" alt=\"\" class=\"wp-image-37485\" srcset=\"https:\/\/qtmm.org\/wp-content\/uploads\/2022\/01\/img_1571.jpeg 700w, https:\/\/qtmm.org\/wp-content\/uploads\/2022\/01\/img_1571-300x225.jpeg 300w\" sizes=\"auto, (max-width: 700px) 100vw, 700px\" \/><\/figure>\n\n\n\n<p>Ad\u0131m ad\u0131m biz mutlaqa heq haq-huquqlar\u0131m\u0131z\u0131 elde eteriz, \u00f6z vatan\u0131m\u0131z\u0131n sahibi oluruz. Ve en \u00f6nemlisi, bizim milli davam\u0131z temel prensiplerimizge k\u00f6re \u2013 hi\u00e7 zor qullanmazdan, demokratik \u00fcs\u00fcllerge k\u00f6re, topra\u011f\u0131m\u0131zda ya\u015fa\u011fan di\u011fer milli az\u0131l\u0131nqlar\u0131n haq-huquqlr\u0131na say\u011f\u0131 k\u00f6stermekle devam etecektir. Hi\u00e7 \u015f\u00fcphesiz ki, bizim haql\u0131 hareketlerimiz ayni zaman Ukrayna devletinin b\u00fct\u00fcnl\u00fcg\u00fcn\u00fc saqlamas\u0131na ve bu devlet nihayet demokratik bir \u00fclke olmas\u0131na da \u00f6nemli qatq\u0131s\u0131 olacaqt\u0131r.<\/p>\n\n\n\n<p class=\"has-text-align-center\"><strong>Say\u011f\u0131l\u0131 vatanda\u015flar, bu s\u0131caq havaya baqmadan menim o qadar uzun qonu\u015fa\u0131 saburla d\u015fnled\u015fniz i\u00e7in sa\u011f olunuz.<\/strong><\/p>\n","protected":false},"excerpt":{"rendered":"<p>Say\u011f\u0131l\u0131 vatanda\u015flar\u0131m\u0131z, uzaq ve yaq\u0131n memleketlerden kelgen q\u0131ymetli misafirlerimiz! Halq\u0131m\u0131z\u0131n s\u00fcrg\u00fcn\u00fc ve soyq\u0131r\u0131m\u0131n\u0131n y\u0131ld\u00f6n\u00fcm\u00fc m\u00fcnasebet Q\u0131r\u0131m Tatar Milli Meclisi\u2019nin qonu\u015fmas\u0131nda adet olaraq\u00a0 o vah\u015fi cinayetin neticelerini\u00a0 \u015fimdiye qadar ne derecede silip olduq, bu alanda daha neler yap\u0131lmas\u0131 kerek oldu\u011fu husuta s\u00f6z y\u00fcr\u00fct\u00fcle\u00a0 ve t\u00f6renimizin neticesi olaraq meydanda toplan\u0131l\u011fan insanlar\u0131n diqatine kerekli maqamlar\u011fa yollan\u0131lmas\u0131 i\u00e7in\u00a0 haz\u0131rlan\u011fan [&hellip;]<\/p>\n","protected":false},"author":1,"featured_media":37477,"comment_status":"open","ping_status":"open","sticky":false,"template":"","format":"standard","meta":{"inline_featured_image":false,"footnotes":""},"categories":[265],"tags":[],"class_list":["post-37476","post","type-post","status-publish","format-standard","has-post-thumbnail","hentry","category-haberler"],"acf":[],"yoast_head":"<!-- This site is optimized with the Yoast SEO plugin v27.4 - https:\/\/yoast.com\/product\/yoast-seo-wordpress\/ -->\n<title>Q\u0131r\u0131m Tatar Milli Meclis Reisi Mustafa Cemilevni\u00f1 18 May\u0131s 2013 qonu\u015fmas\u0131 - \u041c\u0435\u0434\u0436\u043b\u0456\u0441<\/title>\n<meta name=\"robots\" content=\"index, follow, max-snippet:-1, max-image-preview:large, max-video-preview:-1\" \/>\n<link rel=\"canonical\" href=\"https:\/\/qtmm.org\/qt\/qirim-tatar-milli-meclis-reisi-mustafa-cemilevnin-18-mayis-2013-qonusmasi\/\" \/>\n<meta property=\"og:locale\" content=\"en_US\" \/>\n<meta property=\"og:type\" content=\"article\" \/>\n<meta property=\"og:title\" content=\"Q\u0131r\u0131m Tatar Milli Meclis Reisi Mustafa Cemilevni\u00f1 18 May\u0131s 2013 qonu\u015fmas\u0131 - \u041c\u0435\u0434\u0436\u043b\u0456\u0441\" \/>\n<meta property=\"og:description\" content=\"Say\u011f\u0131l\u0131 vatanda\u015flar\u0131m\u0131z, uzaq ve yaq\u0131n memleketlerden kelgen q\u0131ymetli misafirlerimiz! Halq\u0131m\u0131z\u0131n s\u00fcrg\u00fcn\u00fc ve soyq\u0131r\u0131m\u0131n\u0131n y\u0131ld\u00f6n\u00fcm\u00fc m\u00fcnasebet Q\u0131r\u0131m Tatar Milli Meclisi\u2019nin qonu\u015fmas\u0131nda adet olaraq\u00a0 o vah\u015fi cinayetin neticelerini\u00a0 \u015fimdiye qadar ne derecede silip olduq, bu alanda daha neler yap\u0131lmas\u0131 kerek oldu\u011fu husuta s\u00f6z y\u00fcr\u00fct\u00fcle\u00a0 ve t\u00f6renimizin neticesi olaraq meydanda toplan\u0131l\u011fan insanlar\u0131n diqatine kerekli maqamlar\u011fa yollan\u0131lmas\u0131 i\u00e7in\u00a0 haz\u0131rlan\u011fan [&hellip;]\" \/>\n<meta property=\"og:url\" content=\"https:\/\/qtmm.org\/qt\/qirim-tatar-milli-meclis-reisi-mustafa-cemilevnin-18-mayis-2013-qonusmasi\/\" \/>\n<meta property=\"og:site_name\" content=\"\u041c\u0435\u0434\u0436\u043b\u0456\u0441\" \/>\n<meta property=\"article:publisher\" content=\"https:\/\/www.facebook.com\/qtmm.info\/\" \/>\n<meta property=\"article:published_time\" content=\"2013-05-18T20:27:00+00:00\" \/>\n<meta property=\"article:modified_time\" content=\"2022-01-23T20:29:04+00:00\" \/>\n<meta property=\"og:image\" content=\"https:\/\/qtmm.org\/wp-content\/uploads\/2022\/01\/img_0109.jpeg\" \/>\n\t<meta property=\"og:image:width\" content=\"700\" \/>\n\t<meta property=\"og:image:height\" content=\"525\" \/>\n\t<meta property=\"og:image:type\" content=\"image\/jpeg\" \/>\n<meta name=\"author\" content=\"Developer\" \/>\n<meta name=\"twitter:card\" content=\"summary_large_image\" \/>\n<meta name=\"twitter:label1\" content=\"Written by\" \/>\n\t<meta name=\"twitter:data1\" content=\"Developer\" \/>\n\t<meta name=\"twitter:label2\" content=\"Est. reading time\" \/>\n\t<meta name=\"twitter:data2\" content=\"19 minutes\" \/>\n<script type=\"application\/ld+json\" class=\"yoast-schema-graph\">{\"@context\":\"https:\\\/\\\/schema.org\",\"@graph\":[{\"@type\":\"Article\",\"@id\":\"https:\\\/\\\/qtmm.org\\\/qt\\\/qirim-tatar-milli-meclis-reisi-mustafa-cemilevnin-18-mayis-2013-qonusmasi\\\/#article\",\"isPartOf\":{\"@id\":\"https:\\\/\\\/qtmm.org\\\/qt\\\/qirim-tatar-milli-meclis-reisi-mustafa-cemilevnin-18-mayis-2013-qonusmasi\\\/\"},\"author\":{\"name\":\"Developer\",\"@id\":\"https:\\\/\\\/qtmm.org\\\/qt\\\/#\\\/schema\\\/person\\\/de562469f971dec226ac06e60bbf74a7\"},\"headline\":\"Q\u0131r\u0131m Tatar Milli Meclis Reisi Mustafa Cemilevni\u00f1 18 May\u0131s 2013 qonu\u015fmas\u0131\",\"datePublished\":\"2013-05-18T20:27:00+00:00\",\"dateModified\":\"2022-01-23T20:29:04+00:00\",\"mainEntityOfPage\":{\"@id\":\"https:\\\/\\\/qtmm.org\\\/qt\\\/qirim-tatar-milli-meclis-reisi-mustafa-cemilevnin-18-mayis-2013-qonusmasi\\\/\"},\"wordCount\":3872,\"commentCount\":0,\"publisher\":{\"@id\":\"https:\\\/\\\/qtmm.org\\\/qt\\\/#organization\"},\"image\":{\"@id\":\"https:\\\/\\\/qtmm.org\\\/qt\\\/qirim-tatar-milli-meclis-reisi-mustafa-cemilevnin-18-mayis-2013-qonusmasi\\\/#primaryimage\"},\"thumbnailUrl\":\"https:\\\/\\\/qtmm.org\\\/wp-content\\\/uploads\\\/2022\\\/01\\\/img_0109.jpeg\",\"articleSection\":[\"Haberler\"],\"inLanguage\":\"qt\",\"potentialAction\":[{\"@type\":\"CommentAction\",\"name\":\"Comment\",\"target\":[\"https:\\\/\\\/qtmm.org\\\/qt\\\/qirim-tatar-milli-meclis-reisi-mustafa-cemilevnin-18-mayis-2013-qonusmasi\\\/#respond\"]}]},{\"@type\":\"WebPage\",\"@id\":\"https:\\\/\\\/qtmm.org\\\/qt\\\/qirim-tatar-milli-meclis-reisi-mustafa-cemilevnin-18-mayis-2013-qonusmasi\\\/\",\"url\":\"https:\\\/\\\/qtmm.org\\\/qt\\\/qirim-tatar-milli-meclis-reisi-mustafa-cemilevnin-18-mayis-2013-qonusmasi\\\/\",\"name\":\"Q\u0131r\u0131m Tatar Milli Meclis Reisi Mustafa Cemilevni\u00f1 18 May\u0131s 2013 qonu\u015fmas\u0131 - \u041c\u0435\u0434\u0436\u043b\u0456\u0441\",\"isPartOf\":{\"@id\":\"https:\\\/\\\/qtmm.org\\\/qt\\\/#website\"},\"primaryImageOfPage\":{\"@id\":\"https:\\\/\\\/qtmm.org\\\/qt\\\/qirim-tatar-milli-meclis-reisi-mustafa-cemilevnin-18-mayis-2013-qonusmasi\\\/#primaryimage\"},\"image\":{\"@id\":\"https:\\\/\\\/qtmm.org\\\/qt\\\/qirim-tatar-milli-meclis-reisi-mustafa-cemilevnin-18-mayis-2013-qonusmasi\\\/#primaryimage\"},\"thumbnailUrl\":\"https:\\\/\\\/qtmm.org\\\/wp-content\\\/uploads\\\/2022\\\/01\\\/img_0109.jpeg\",\"datePublished\":\"2013-05-18T20:27:00+00:00\",\"dateModified\":\"2022-01-23T20:29:04+00:00\",\"breadcrumb\":{\"@id\":\"https:\\\/\\\/qtmm.org\\\/qt\\\/qirim-tatar-milli-meclis-reisi-mustafa-cemilevnin-18-mayis-2013-qonusmasi\\\/#breadcrumb\"},\"inLanguage\":\"qt\",\"potentialAction\":[{\"@type\":\"ReadAction\",\"target\":[\"https:\\\/\\\/qtmm.org\\\/qt\\\/qirim-tatar-milli-meclis-reisi-mustafa-cemilevnin-18-mayis-2013-qonusmasi\\\/\"]}]},{\"@type\":\"ImageObject\",\"inLanguage\":\"qt\",\"@id\":\"https:\\\/\\\/qtmm.org\\\/qt\\\/qirim-tatar-milli-meclis-reisi-mustafa-cemilevnin-18-mayis-2013-qonusmasi\\\/#primaryimage\",\"url\":\"https:\\\/\\\/qtmm.org\\\/wp-content\\\/uploads\\\/2022\\\/01\\\/img_0109.jpeg\",\"contentUrl\":\"https:\\\/\\\/qtmm.org\\\/wp-content\\\/uploads\\\/2022\\\/01\\\/img_0109.jpeg\",\"width\":700,\"height\":525},{\"@type\":\"BreadcrumbList\",\"@id\":\"https:\\\/\\\/qtmm.org\\\/qt\\\/qirim-tatar-milli-meclis-reisi-mustafa-cemilevnin-18-mayis-2013-qonusmasi\\\/#breadcrumb\",\"itemListElement\":[{\"@type\":\"ListItem\",\"position\":1,\"name\":\"\u0413\u043e\u043b\u043e\u0432\u043d\u0430\",\"item\":\"https:\\\/\\\/qtmm.org\\\/qt\\\/\"},{\"@type\":\"ListItem\",\"position\":2,\"name\":\"Q\u0131r\u0131m Tatar Milli Meclis Reisi Mustafa Cemilevni\u00f1 18 May\u0131s 2013 qonu\u015fmas\u0131\"}]},{\"@type\":\"WebSite\",\"@id\":\"https:\\\/\\\/qtmm.org\\\/qt\\\/#website\",\"url\":\"https:\\\/\\\/qtmm.org\\\/qt\\\/\",\"name\":\"\u041c\u0435\u0434\u0436\u043b\u0456\u0441\",\"description\":\"\",\"publisher\":{\"@id\":\"https:\\\/\\\/qtmm.org\\\/qt\\\/#organization\"},\"potentialAction\":[{\"@type\":\"SearchAction\",\"target\":{\"@type\":\"EntryPoint\",\"urlTemplate\":\"https:\\\/\\\/qtmm.org\\\/qt\\\/?s={search_term_string}\"},\"query-input\":{\"@type\":\"PropertyValueSpecification\",\"valueRequired\":true,\"valueName\":\"search_term_string\"}}],\"inLanguage\":\"qt\"},{\"@type\":\"Organization\",\"@id\":\"https:\\\/\\\/qtmm.org\\\/qt\\\/#organization\",\"name\":\"\u041c\u0435\u0434\u0436\u043b\u0456\u0441\",\"url\":\"https:\\\/\\\/qtmm.org\\\/qt\\\/\",\"logo\":{\"@type\":\"ImageObject\",\"inLanguage\":\"qt\",\"@id\":\"https:\\\/\\\/qtmm.org\\\/qt\\\/#\\\/schema\\\/logo\\\/image\\\/\",\"url\":\"https:\\\/\\\/qtmm.org\\\/wp-content\\\/uploads\\\/2024\\\/12\\\/ua-mejlis-logo-rgb.svg\",\"contentUrl\":\"https:\\\/\\\/qtmm.org\\\/wp-content\\\/uploads\\\/2024\\\/12\\\/ua-mejlis-logo-rgb.svg\",\"caption\":\"\u041c\u0435\u0434\u0436\u043b\u0456\u0441\"},\"image\":{\"@id\":\"https:\\\/\\\/qtmm.org\\\/qt\\\/#\\\/schema\\\/logo\\\/image\\\/\"},\"sameAs\":[\"https:\\\/\\\/www.facebook.com\\\/qtmm.info\\\/\"]},{\"@type\":\"Person\",\"@id\":\"https:\\\/\\\/qtmm.org\\\/qt\\\/#\\\/schema\\\/person\\\/de562469f971dec226ac06e60bbf74a7\",\"name\":\"Developer\",\"image\":{\"@type\":\"ImageObject\",\"inLanguage\":\"qt\",\"@id\":\"https:\\\/\\\/secure.gravatar.com\\\/avatar\\\/392b4cc8fbfeb00b39dfeeab4ee6edded39ffd48e25858637e4765810300227e?s=96&d=mm&r=g\",\"url\":\"https:\\\/\\\/secure.gravatar.com\\\/avatar\\\/392b4cc8fbfeb00b39dfeeab4ee6edded39ffd48e25858637e4765810300227e?s=96&d=mm&r=g\",\"contentUrl\":\"https:\\\/\\\/secure.gravatar.com\\\/avatar\\\/392b4cc8fbfeb00b39dfeeab4ee6edded39ffd48e25858637e4765810300227e?s=96&d=mm&r=g\",\"caption\":\"Developer\"},\"url\":\"https:\\\/\\\/qtmm.org\\\/qt\\\/author\\\/Developer\\\/\"}]}<\/script>\n<!-- \/ Yoast SEO plugin. -->","yoast_head_json":{"title":"Q\u0131r\u0131m Tatar Milli Meclis Reisi Mustafa Cemilevni\u00f1 18 May\u0131s 2013 qonu\u015fmas\u0131 - \u041c\u0435\u0434\u0436\u043b\u0456\u0441","robots":{"index":"index","follow":"follow","max-snippet":"max-snippet:-1","max-image-preview":"max-image-preview:large","max-video-preview":"max-video-preview:-1"},"canonical":"https:\/\/qtmm.org\/qt\/qirim-tatar-milli-meclis-reisi-mustafa-cemilevnin-18-mayis-2013-qonusmasi\/","og_locale":"en_US","og_type":"article","og_title":"Q\u0131r\u0131m Tatar Milli Meclis Reisi Mustafa Cemilevni\u00f1 18 May\u0131s 2013 qonu\u015fmas\u0131 - \u041c\u0435\u0434\u0436\u043b\u0456\u0441","og_description":"Say\u011f\u0131l\u0131 vatanda\u015flar\u0131m\u0131z, uzaq ve yaq\u0131n memleketlerden kelgen q\u0131ymetli misafirlerimiz! Halq\u0131m\u0131z\u0131n s\u00fcrg\u00fcn\u00fc ve soyq\u0131r\u0131m\u0131n\u0131n y\u0131ld\u00f6n\u00fcm\u00fc m\u00fcnasebet Q\u0131r\u0131m Tatar Milli Meclisi\u2019nin qonu\u015fmas\u0131nda adet olaraq\u00a0 o vah\u015fi cinayetin neticelerini\u00a0 \u015fimdiye qadar ne derecede silip olduq, bu alanda daha neler yap\u0131lmas\u0131 kerek oldu\u011fu husuta s\u00f6z y\u00fcr\u00fct\u00fcle\u00a0 ve t\u00f6renimizin neticesi olaraq meydanda toplan\u0131l\u011fan insanlar\u0131n diqatine kerekli maqamlar\u011fa yollan\u0131lmas\u0131 i\u00e7in\u00a0 haz\u0131rlan\u011fan [&hellip;]","og_url":"https:\/\/qtmm.org\/qt\/qirim-tatar-milli-meclis-reisi-mustafa-cemilevnin-18-mayis-2013-qonusmasi\/","og_site_name":"\u041c\u0435\u0434\u0436\u043b\u0456\u0441","article_publisher":"https:\/\/www.facebook.com\/qtmm.info\/","article_published_time":"2013-05-18T20:27:00+00:00","article_modified_time":"2022-01-23T20:29:04+00:00","og_image":[{"width":700,"height":525,"url":"https:\/\/qtmm.org\/wp-content\/uploads\/2022\/01\/img_0109.jpeg","type":"image\/jpeg"}],"author":"Developer","twitter_card":"summary_large_image","twitter_misc":{"Written by":"Developer","Est. reading time":"19 minutes"},"schema":{"@context":"https:\/\/schema.org","@graph":[{"@type":"Article","@id":"https:\/\/qtmm.org\/qt\/qirim-tatar-milli-meclis-reisi-mustafa-cemilevnin-18-mayis-2013-qonusmasi\/#article","isPartOf":{"@id":"https:\/\/qtmm.org\/qt\/qirim-tatar-milli-meclis-reisi-mustafa-cemilevnin-18-mayis-2013-qonusmasi\/"},"author":{"name":"Developer","@id":"https:\/\/qtmm.org\/qt\/#\/schema\/person\/de562469f971dec226ac06e60bbf74a7"},"headline":"Q\u0131r\u0131m Tatar Milli Meclis Reisi Mustafa Cemilevni\u00f1 18 May\u0131s 2013 qonu\u015fmas\u0131","datePublished":"2013-05-18T20:27:00+00:00","dateModified":"2022-01-23T20:29:04+00:00","mainEntityOfPage":{"@id":"https:\/\/qtmm.org\/qt\/qirim-tatar-milli-meclis-reisi-mustafa-cemilevnin-18-mayis-2013-qonusmasi\/"},"wordCount":3872,"commentCount":0,"publisher":{"@id":"https:\/\/qtmm.org\/qt\/#organization"},"image":{"@id":"https:\/\/qtmm.org\/qt\/qirim-tatar-milli-meclis-reisi-mustafa-cemilevnin-18-mayis-2013-qonusmasi\/#primaryimage"},"thumbnailUrl":"https:\/\/qtmm.org\/wp-content\/uploads\/2022\/01\/img_0109.jpeg","articleSection":["Haberler"],"inLanguage":"qt","potentialAction":[{"@type":"CommentAction","name":"Comment","target":["https:\/\/qtmm.org\/qt\/qirim-tatar-milli-meclis-reisi-mustafa-cemilevnin-18-mayis-2013-qonusmasi\/#respond"]}]},{"@type":"WebPage","@id":"https:\/\/qtmm.org\/qt\/qirim-tatar-milli-meclis-reisi-mustafa-cemilevnin-18-mayis-2013-qonusmasi\/","url":"https:\/\/qtmm.org\/qt\/qirim-tatar-milli-meclis-reisi-mustafa-cemilevnin-18-mayis-2013-qonusmasi\/","name":"Q\u0131r\u0131m Tatar Milli Meclis Reisi Mustafa Cemilevni\u00f1 18 May\u0131s 2013 qonu\u015fmas\u0131 - \u041c\u0435\u0434\u0436\u043b\u0456\u0441","isPartOf":{"@id":"https:\/\/qtmm.org\/qt\/#website"},"primaryImageOfPage":{"@id":"https:\/\/qtmm.org\/qt\/qirim-tatar-milli-meclis-reisi-mustafa-cemilevnin-18-mayis-2013-qonusmasi\/#primaryimage"},"image":{"@id":"https:\/\/qtmm.org\/qt\/qirim-tatar-milli-meclis-reisi-mustafa-cemilevnin-18-mayis-2013-qonusmasi\/#primaryimage"},"thumbnailUrl":"https:\/\/qtmm.org\/wp-content\/uploads\/2022\/01\/img_0109.jpeg","datePublished":"2013-05-18T20:27:00+00:00","dateModified":"2022-01-23T20:29:04+00:00","breadcrumb":{"@id":"https:\/\/qtmm.org\/qt\/qirim-tatar-milli-meclis-reisi-mustafa-cemilevnin-18-mayis-2013-qonusmasi\/#breadcrumb"},"inLanguage":"qt","potentialAction":[{"@type":"ReadAction","target":["https:\/\/qtmm.org\/qt\/qirim-tatar-milli-meclis-reisi-mustafa-cemilevnin-18-mayis-2013-qonusmasi\/"]}]},{"@type":"ImageObject","inLanguage":"qt","@id":"https:\/\/qtmm.org\/qt\/qirim-tatar-milli-meclis-reisi-mustafa-cemilevnin-18-mayis-2013-qonusmasi\/#primaryimage","url":"https:\/\/qtmm.org\/wp-content\/uploads\/2022\/01\/img_0109.jpeg","contentUrl":"https:\/\/qtmm.org\/wp-content\/uploads\/2022\/01\/img_0109.jpeg","width":700,"height":525},{"@type":"BreadcrumbList","@id":"https:\/\/qtmm.org\/qt\/qirim-tatar-milli-meclis-reisi-mustafa-cemilevnin-18-mayis-2013-qonusmasi\/#breadcrumb","itemListElement":[{"@type":"ListItem","position":1,"name":"\u0413\u043e\u043b\u043e\u0432\u043d\u0430","item":"https:\/\/qtmm.org\/qt\/"},{"@type":"ListItem","position":2,"name":"Q\u0131r\u0131m Tatar Milli Meclis Reisi Mustafa Cemilevni\u00f1 18 May\u0131s 2013 qonu\u015fmas\u0131"}]},{"@type":"WebSite","@id":"https:\/\/qtmm.org\/qt\/#website","url":"https:\/\/qtmm.org\/qt\/","name":"\u041c\u0435\u0434\u0436\u043b\u0456\u0441","description":"","publisher":{"@id":"https:\/\/qtmm.org\/qt\/#organization"},"potentialAction":[{"@type":"SearchAction","target":{"@type":"EntryPoint","urlTemplate":"https:\/\/qtmm.org\/qt\/?s={search_term_string}"},"query-input":{"@type":"PropertyValueSpecification","valueRequired":true,"valueName":"search_term_string"}}],"inLanguage":"qt"},{"@type":"Organization","@id":"https:\/\/qtmm.org\/qt\/#organization","name":"\u041c\u0435\u0434\u0436\u043b\u0456\u0441","url":"https:\/\/qtmm.org\/qt\/","logo":{"@type":"ImageObject","inLanguage":"qt","@id":"https:\/\/qtmm.org\/qt\/#\/schema\/logo\/image\/","url":"https:\/\/qtmm.org\/wp-content\/uploads\/2024\/12\/ua-mejlis-logo-rgb.svg","contentUrl":"https:\/\/qtmm.org\/wp-content\/uploads\/2024\/12\/ua-mejlis-logo-rgb.svg","caption":"\u041c\u0435\u0434\u0436\u043b\u0456\u0441"},"image":{"@id":"https:\/\/qtmm.org\/qt\/#\/schema\/logo\/image\/"},"sameAs":["https:\/\/www.facebook.com\/qtmm.info\/"]},{"@type":"Person","@id":"https:\/\/qtmm.org\/qt\/#\/schema\/person\/de562469f971dec226ac06e60bbf74a7","name":"Developer","image":{"@type":"ImageObject","inLanguage":"qt","@id":"https:\/\/secure.gravatar.com\/avatar\/392b4cc8fbfeb00b39dfeeab4ee6edded39ffd48e25858637e4765810300227e?s=96&d=mm&r=g","url":"https:\/\/secure.gravatar.com\/avatar\/392b4cc8fbfeb00b39dfeeab4ee6edded39ffd48e25858637e4765810300227e?s=96&d=mm&r=g","contentUrl":"https:\/\/secure.gravatar.com\/avatar\/392b4cc8fbfeb00b39dfeeab4ee6edded39ffd48e25858637e4765810300227e?s=96&d=mm&r=g","caption":"Developer"},"url":"https:\/\/qtmm.org\/qt\/author\/Developer\/"}]}},"_links":{"self":[{"href":"https:\/\/qtmm.org\/qt\/wp-json\/wp\/v2\/posts\/37476","targetHints":{"allow":["GET"]}}],"collection":[{"href":"https:\/\/qtmm.org\/qt\/wp-json\/wp\/v2\/posts"}],"about":[{"href":"https:\/\/qtmm.org\/qt\/wp-json\/wp\/v2\/types\/post"}],"author":[{"embeddable":true,"href":"https:\/\/qtmm.org\/qt\/wp-json\/wp\/v2\/users\/1"}],"replies":[{"embeddable":true,"href":"https:\/\/qtmm.org\/qt\/wp-json\/wp\/v2\/comments?post=37476"}],"version-history":[{"count":1,"href":"https:\/\/qtmm.org\/qt\/wp-json\/wp\/v2\/posts\/37476\/revisions"}],"predecessor-version":[{"id":37489,"href":"https:\/\/qtmm.org\/qt\/wp-json\/wp\/v2\/posts\/37476\/revisions\/37489"}],"wp:featuredmedia":[{"embeddable":true,"href":"https:\/\/qtmm.org\/qt\/wp-json\/wp\/v2\/media\/37477"}],"wp:attachment":[{"href":"https:\/\/qtmm.org\/qt\/wp-json\/wp\/v2\/media?parent=37476"}],"wp:term":[{"taxonomy":"category","embeddable":true,"href":"https:\/\/qtmm.org\/qt\/wp-json\/wp\/v2\/categories?post=37476"},{"taxonomy":"post_tag","embeddable":true,"href":"https:\/\/qtmm.org\/qt\/wp-json\/wp\/v2\/tags?post=37476"}],"curies":[{"name":"wp","href":"https:\/\/api.w.org\/{rel}","templated":true}]}}