




{"id":37474,"date":"2013-05-18T23:26:00","date_gmt":"2013-05-18T20:26:00","guid":{"rendered":"http:\/\/qtmm.org\/?p=37474"},"modified":"2022-01-23T23:27:09","modified_gmt":"2022-01-23T20:27:09","slug":"qirimdan-qirimtatar-halqi-ve-diger-milletler-surgun-etilgeninin-69-yilligi-munasebetinen-ukraina-prezidentinin-ukraina-halqina-muracaati","status":"publish","type":"post","link":"https:\/\/qtmm.org\/qt\/qirimdan-qirimtatar-halqi-ve-diger-milletler-surgun-etilgeninin-69-yilligi-munasebetinen-ukraina-prezidentinin-ukraina-halqina-muracaati\/","title":{"rendered":"Q\u0131r\u0131mdan q\u0131r\u0131mtatar halq\u0131 ve diger milletler s\u00fcrg\u00fcn etilgenini\u00f1 69 y\u0131ll\u0131\u011f\u0131 munasebetinen Ukraina Prezidentini\u00f1 Ukraina halq\u0131na muracaat\u0131"},"content":{"rendered":"\n<p class=\"has-text-align-center\"><strong>\u00dcrmetli semetde\u015fler!<\/strong><\/p>\n\n\n\n<p>Er y\u0131l\u0131 may\u0131s 18 k\u00fcn\u00fc Ukraina halq\u0131 Q\u0131r\u0131mdan s\u00fcrg\u00fcn etilgen qurbanlarn\u0131\u00f1 hat\u0131ras\u0131n\u0131 a\u00f1a. Aman-aman yetmi\u015f y\u0131l evelsi totalitar rejim q\u0131r\u0131mtatarlar\u011fa qar\u015f\u0131 qatt\u0131 cinayetke qol urd\u0131. Q\u0131r\u0131mtatarlar zorbal\u0131qnen Orta Asiya, Sibir ve Ural\u011fa s\u00fcrg\u00fcn etildiler. Q\u0131r\u0131m yar\u0131madas\u0131nda ya\u015fa\u011fan ermeni, urum, bul\u011far ve nemseler de ayn\u0131 b\u00f6yle ceza\u011fa o\u011frat\u0131ld\u0131lar.<\/p>\n\n\n\n<p>S\u00fcrg\u00fcnlikni\u00f1 a\u011f\u0131r \u015faraitlerinde bu insanlar \u00f6zg\u00fcnligi, medeniyeti ve tilini qor\u00e7alap old\u0131lar. Nice-nice horluq, q\u0131y\u0131nl\u0131qlarn\u0131 \u00e7ekip, Vatan\u011fa qaytuvn\u0131 t\u00fc\u015f\u00fcndiler. Biz bug\u00fcn s\u00fcrg\u00fcnlik qurbanlar\u0131n\u0131\u00f1 hat\u0131ras\u0131 \u00f6g\u00fcnde secde etemiz.<\/p>\n\n\n\n<p>B\u00fct\u00fcn bu y\u0131llar devam\u0131nda tarihiy adaletni tiklev o\u011frunda k\u00fcre\u015fken semetde\u015flerimiznen \u011fururlanam\u0131z.<\/p>\n\n\n\n<p>Ukraina devleti iqtisadiy q\u0131y\u0131nl\u0131qlar\u011fa baqmadan s\u00fcrg\u00fcnden qaytqanlar ve olarn\u0131\u00f1 nesillerini yerle\u015ftir\u00fcv meselelerini kelecekte de \u00e7ezmekni devam etecek.<\/p>\n\n\n\n<p>Faqat birlik ol\u0131p, milletlerara bar\u0131\u015f\u0131ql\u0131\u011f\u0131m\u0131zn\u0131 pekiterek k\u00fc\u00e7l\u00fc ve demokratik Ukrainan\u0131 qurabilirmiz, Q\u0131r\u0131m topra\u011f\u0131n\u0131 \u00e7e\u00e7eklendirirmiz.<br>&nbsp;<\/p>\n\n\n\n<p><strong>Ukraina Prezidenti&nbsp;&nbsp;&nbsp; &nbsp; &nbsp; Viktor Yanukovi\u00e7<br><br>2013 senesi may\u0131s 18<\/strong><\/p>\n","protected":false},"excerpt":{"rendered":"<p>\u00dcrmetli semetde\u015fler! Er y\u0131l\u0131 may\u0131s 18 k\u00fcn\u00fc Ukraina halq\u0131 Q\u0131r\u0131mdan s\u00fcrg\u00fcn etilgen qurbanlarn\u0131\u00f1 hat\u0131ras\u0131n\u0131 a\u00f1a. Aman-aman yetmi\u015f y\u0131l evelsi totalitar rejim q\u0131r\u0131mtatarlar\u011fa qar\u015f\u0131 qatt\u0131 cinayetke qol urd\u0131. Q\u0131r\u0131mtatarlar zorbal\u0131qnen Orta Asiya, Sibir ve Ural\u011fa s\u00fcrg\u00fcn etildiler. Q\u0131r\u0131m yar\u0131madas\u0131nda ya\u015fa\u011fan ermeni, urum, bul\u011far ve nemseler de ayn\u0131 b\u00f6yle ceza\u011fa o\u011frat\u0131ld\u0131lar. S\u00fcrg\u00fcnlikni\u00f1 a\u011f\u0131r \u015faraitlerinde bu insanlar \u00f6zg\u00fcnligi, [&hellip;]<\/p>\n","protected":false},"author":1,"featured_media":0,"comment_status":"open","ping_status":"open","sticky":false,"template":"","format":"standard","meta":{"inline_featured_image":false,"footnotes":""},"categories":[265],"tags":[],"class_list":["post-37474","post","type-post","status-publish","format-standard","hentry","category-haberler"],"acf":[],"yoast_head":"<!-- This site is optimized with the Yoast SEO plugin v27.4 - https:\/\/yoast.com\/product\/yoast-seo-wordpress\/ -->\n<title>Q\u0131r\u0131mdan q\u0131r\u0131mtatar halq\u0131 ve diger milletler s\u00fcrg\u00fcn etilgenini\u00f1 69 y\u0131ll\u0131\u011f\u0131 munasebetinen Ukraina Prezidentini\u00f1 Ukraina halq\u0131na muracaat\u0131 - \u041c\u0435\u0434\u0436\u043b\u0456\u0441<\/title>\n<meta name=\"robots\" content=\"index, follow, max-snippet:-1, max-image-preview:large, max-video-preview:-1\" \/>\n<link rel=\"canonical\" href=\"https:\/\/qtmm.org\/qt\/qirimdan-qirimtatar-halqi-ve-diger-milletler-surgun-etilgeninin-69-yilligi-munasebetinen-ukraina-prezidentinin-ukraina-halqina-muracaati\/\" \/>\n<meta property=\"og:locale\" content=\"en_US\" \/>\n<meta property=\"og:type\" content=\"article\" \/>\n<meta property=\"og:title\" content=\"Q\u0131r\u0131mdan q\u0131r\u0131mtatar halq\u0131 ve diger milletler s\u00fcrg\u00fcn etilgenini\u00f1 69 y\u0131ll\u0131\u011f\u0131 munasebetinen Ukraina Prezidentini\u00f1 Ukraina halq\u0131na muracaat\u0131 - \u041c\u0435\u0434\u0436\u043b\u0456\u0441\" \/>\n<meta property=\"og:description\" content=\"\u00dcrmetli semetde\u015fler! Er y\u0131l\u0131 may\u0131s 18 k\u00fcn\u00fc Ukraina halq\u0131 Q\u0131r\u0131mdan s\u00fcrg\u00fcn etilgen qurbanlarn\u0131\u00f1 hat\u0131ras\u0131n\u0131 a\u00f1a. Aman-aman yetmi\u015f y\u0131l evelsi totalitar rejim q\u0131r\u0131mtatarlar\u011fa qar\u015f\u0131 qatt\u0131 cinayetke qol urd\u0131. Q\u0131r\u0131mtatarlar zorbal\u0131qnen Orta Asiya, Sibir ve Ural\u011fa s\u00fcrg\u00fcn etildiler. Q\u0131r\u0131m yar\u0131madas\u0131nda ya\u015fa\u011fan ermeni, urum, bul\u011far ve nemseler de ayn\u0131 b\u00f6yle ceza\u011fa o\u011frat\u0131ld\u0131lar. S\u00fcrg\u00fcnlikni\u00f1 a\u011f\u0131r \u015faraitlerinde bu insanlar \u00f6zg\u00fcnligi, [&hellip;]\" \/>\n<meta property=\"og:url\" content=\"https:\/\/qtmm.org\/qt\/qirimdan-qirimtatar-halqi-ve-diger-milletler-surgun-etilgeninin-69-yilligi-munasebetinen-ukraina-prezidentinin-ukraina-halqina-muracaati\/\" \/>\n<meta property=\"og:site_name\" content=\"\u041c\u0435\u0434\u0436\u043b\u0456\u0441\" \/>\n<meta property=\"article:publisher\" content=\"https:\/\/www.facebook.com\/qtmm.info\/\" \/>\n<meta property=\"article:published_time\" content=\"2013-05-18T20:26:00+00:00\" \/>\n<meta property=\"article:modified_time\" content=\"2022-01-23T20:27:09+00:00\" \/>\n<meta name=\"author\" content=\"Developer\" \/>\n<meta name=\"twitter:card\" content=\"summary_large_image\" \/>\n<meta name=\"twitter:label1\" content=\"Written by\" \/>\n\t<meta name=\"twitter:data1\" content=\"Developer\" \/>\n\t<meta name=\"twitter:label2\" content=\"Est. reading time\" \/>\n\t<meta name=\"twitter:data2\" content=\"1 minute\" \/>\n<script type=\"application\/ld+json\" class=\"yoast-schema-graph\">{\"@context\":\"https:\\\/\\\/schema.org\",\"@graph\":[{\"@type\":\"Article\",\"@id\":\"https:\\\/\\\/qtmm.org\\\/qt\\\/qirimdan-qirimtatar-halqi-ve-diger-milletler-surgun-etilgeninin-69-yilligi-munasebetinen-ukraina-prezidentinin-ukraina-halqina-muracaati\\\/#article\",\"isPartOf\":{\"@id\":\"https:\\\/\\\/qtmm.org\\\/qt\\\/qirimdan-qirimtatar-halqi-ve-diger-milletler-surgun-etilgeninin-69-yilligi-munasebetinen-ukraina-prezidentinin-ukraina-halqina-muracaati\\\/\"},\"author\":{\"name\":\"Developer\",\"@id\":\"https:\\\/\\\/qtmm.org\\\/qt\\\/#\\\/schema\\\/person\\\/de562469f971dec226ac06e60bbf74a7\"},\"headline\":\"Q\u0131r\u0131mdan q\u0131r\u0131mtatar halq\u0131 ve diger milletler s\u00fcrg\u00fcn etilgenini\u00f1 69 y\u0131ll\u0131\u011f\u0131 munasebetinen Ukraina Prezidentini\u00f1 Ukraina halq\u0131na muracaat\u0131\",\"datePublished\":\"2013-05-18T20:26:00+00:00\",\"dateModified\":\"2022-01-23T20:27:09+00:00\",\"mainEntityOfPage\":{\"@id\":\"https:\\\/\\\/qtmm.org\\\/qt\\\/qirimdan-qirimtatar-halqi-ve-diger-milletler-surgun-etilgeninin-69-yilligi-munasebetinen-ukraina-prezidentinin-ukraina-halqina-muracaati\\\/\"},\"wordCount\":228,\"commentCount\":0,\"publisher\":{\"@id\":\"https:\\\/\\\/qtmm.org\\\/qt\\\/#organization\"},\"articleSection\":[\"Haberler\"],\"inLanguage\":\"qt\",\"potentialAction\":[{\"@type\":\"CommentAction\",\"name\":\"Comment\",\"target\":[\"https:\\\/\\\/qtmm.org\\\/qt\\\/qirimdan-qirimtatar-halqi-ve-diger-milletler-surgun-etilgeninin-69-yilligi-munasebetinen-ukraina-prezidentinin-ukraina-halqina-muracaati\\\/#respond\"]}]},{\"@type\":\"WebPage\",\"@id\":\"https:\\\/\\\/qtmm.org\\\/qt\\\/qirimdan-qirimtatar-halqi-ve-diger-milletler-surgun-etilgeninin-69-yilligi-munasebetinen-ukraina-prezidentinin-ukraina-halqina-muracaati\\\/\",\"url\":\"https:\\\/\\\/qtmm.org\\\/qt\\\/qirimdan-qirimtatar-halqi-ve-diger-milletler-surgun-etilgeninin-69-yilligi-munasebetinen-ukraina-prezidentinin-ukraina-halqina-muracaati\\\/\",\"name\":\"Q\u0131r\u0131mdan q\u0131r\u0131mtatar halq\u0131 ve diger milletler s\u00fcrg\u00fcn etilgenini\u00f1 69 y\u0131ll\u0131\u011f\u0131 munasebetinen Ukraina Prezidentini\u00f1 Ukraina halq\u0131na muracaat\u0131 - \u041c\u0435\u0434\u0436\u043b\u0456\u0441\",\"isPartOf\":{\"@id\":\"https:\\\/\\\/qtmm.org\\\/qt\\\/#website\"},\"datePublished\":\"2013-05-18T20:26:00+00:00\",\"dateModified\":\"2022-01-23T20:27:09+00:00\",\"breadcrumb\":{\"@id\":\"https:\\\/\\\/qtmm.org\\\/qt\\\/qirimdan-qirimtatar-halqi-ve-diger-milletler-surgun-etilgeninin-69-yilligi-munasebetinen-ukraina-prezidentinin-ukraina-halqina-muracaati\\\/#breadcrumb\"},\"inLanguage\":\"qt\",\"potentialAction\":[{\"@type\":\"ReadAction\",\"target\":[\"https:\\\/\\\/qtmm.org\\\/qt\\\/qirimdan-qirimtatar-halqi-ve-diger-milletler-surgun-etilgeninin-69-yilligi-munasebetinen-ukraina-prezidentinin-ukraina-halqina-muracaati\\\/\"]}]},{\"@type\":\"BreadcrumbList\",\"@id\":\"https:\\\/\\\/qtmm.org\\\/qt\\\/qirimdan-qirimtatar-halqi-ve-diger-milletler-surgun-etilgeninin-69-yilligi-munasebetinen-ukraina-prezidentinin-ukraina-halqina-muracaati\\\/#breadcrumb\",\"itemListElement\":[{\"@type\":\"ListItem\",\"position\":1,\"name\":\"\u0413\u043e\u043b\u043e\u0432\u043d\u0430\",\"item\":\"https:\\\/\\\/qtmm.org\\\/qt\\\/\"},{\"@type\":\"ListItem\",\"position\":2,\"name\":\"Q\u0131r\u0131mdan q\u0131r\u0131mtatar halq\u0131 ve diger milletler s\u00fcrg\u00fcn etilgenini\u00f1 69 y\u0131ll\u0131\u011f\u0131 munasebetinen Ukraina Prezidentini\u00f1 Ukraina halq\u0131na muracaat\u0131\"}]},{\"@type\":\"WebSite\",\"@id\":\"https:\\\/\\\/qtmm.org\\\/qt\\\/#website\",\"url\":\"https:\\\/\\\/qtmm.org\\\/qt\\\/\",\"name\":\"\u041c\u0435\u0434\u0436\u043b\u0456\u0441\",\"description\":\"\",\"publisher\":{\"@id\":\"https:\\\/\\\/qtmm.org\\\/qt\\\/#organization\"},\"potentialAction\":[{\"@type\":\"SearchAction\",\"target\":{\"@type\":\"EntryPoint\",\"urlTemplate\":\"https:\\\/\\\/qtmm.org\\\/qt\\\/?s={search_term_string}\"},\"query-input\":{\"@type\":\"PropertyValueSpecification\",\"valueRequired\":true,\"valueName\":\"search_term_string\"}}],\"inLanguage\":\"qt\"},{\"@type\":\"Organization\",\"@id\":\"https:\\\/\\\/qtmm.org\\\/qt\\\/#organization\",\"name\":\"\u041c\u0435\u0434\u0436\u043b\u0456\u0441\",\"url\":\"https:\\\/\\\/qtmm.org\\\/qt\\\/\",\"logo\":{\"@type\":\"ImageObject\",\"inLanguage\":\"qt\",\"@id\":\"https:\\\/\\\/qtmm.org\\\/qt\\\/#\\\/schema\\\/logo\\\/image\\\/\",\"url\":\"https:\\\/\\\/qtmm.org\\\/wp-content\\\/uploads\\\/2024\\\/12\\\/ua-mejlis-logo-rgb.svg\",\"contentUrl\":\"https:\\\/\\\/qtmm.org\\\/wp-content\\\/uploads\\\/2024\\\/12\\\/ua-mejlis-logo-rgb.svg\",\"caption\":\"\u041c\u0435\u0434\u0436\u043b\u0456\u0441\"},\"image\":{\"@id\":\"https:\\\/\\\/qtmm.org\\\/qt\\\/#\\\/schema\\\/logo\\\/image\\\/\"},\"sameAs\":[\"https:\\\/\\\/www.facebook.com\\\/qtmm.info\\\/\"]},{\"@type\":\"Person\",\"@id\":\"https:\\\/\\\/qtmm.org\\\/qt\\\/#\\\/schema\\\/person\\\/de562469f971dec226ac06e60bbf74a7\",\"name\":\"Developer\",\"image\":{\"@type\":\"ImageObject\",\"inLanguage\":\"qt\",\"@id\":\"https:\\\/\\\/secure.gravatar.com\\\/avatar\\\/392b4cc8fbfeb00b39dfeeab4ee6edded39ffd48e25858637e4765810300227e?s=96&d=mm&r=g\",\"url\":\"https:\\\/\\\/secure.gravatar.com\\\/avatar\\\/392b4cc8fbfeb00b39dfeeab4ee6edded39ffd48e25858637e4765810300227e?s=96&d=mm&r=g\",\"contentUrl\":\"https:\\\/\\\/secure.gravatar.com\\\/avatar\\\/392b4cc8fbfeb00b39dfeeab4ee6edded39ffd48e25858637e4765810300227e?s=96&d=mm&r=g\",\"caption\":\"Developer\"},\"url\":\"https:\\\/\\\/qtmm.org\\\/qt\\\/author\\\/Developer\\\/\"}]}<\/script>\n<!-- \/ Yoast SEO plugin. -->","yoast_head_json":{"title":"Q\u0131r\u0131mdan q\u0131r\u0131mtatar halq\u0131 ve diger milletler s\u00fcrg\u00fcn etilgenini\u00f1 69 y\u0131ll\u0131\u011f\u0131 munasebetinen Ukraina Prezidentini\u00f1 Ukraina halq\u0131na muracaat\u0131 - \u041c\u0435\u0434\u0436\u043b\u0456\u0441","robots":{"index":"index","follow":"follow","max-snippet":"max-snippet:-1","max-image-preview":"max-image-preview:large","max-video-preview":"max-video-preview:-1"},"canonical":"https:\/\/qtmm.org\/qt\/qirimdan-qirimtatar-halqi-ve-diger-milletler-surgun-etilgeninin-69-yilligi-munasebetinen-ukraina-prezidentinin-ukraina-halqina-muracaati\/","og_locale":"en_US","og_type":"article","og_title":"Q\u0131r\u0131mdan q\u0131r\u0131mtatar halq\u0131 ve diger milletler s\u00fcrg\u00fcn etilgenini\u00f1 69 y\u0131ll\u0131\u011f\u0131 munasebetinen Ukraina Prezidentini\u00f1 Ukraina halq\u0131na muracaat\u0131 - \u041c\u0435\u0434\u0436\u043b\u0456\u0441","og_description":"\u00dcrmetli semetde\u015fler! Er y\u0131l\u0131 may\u0131s 18 k\u00fcn\u00fc Ukraina halq\u0131 Q\u0131r\u0131mdan s\u00fcrg\u00fcn etilgen qurbanlarn\u0131\u00f1 hat\u0131ras\u0131n\u0131 a\u00f1a. Aman-aman yetmi\u015f y\u0131l evelsi totalitar rejim q\u0131r\u0131mtatarlar\u011fa qar\u015f\u0131 qatt\u0131 cinayetke qol urd\u0131. Q\u0131r\u0131mtatarlar zorbal\u0131qnen Orta Asiya, Sibir ve Ural\u011fa s\u00fcrg\u00fcn etildiler. Q\u0131r\u0131m yar\u0131madas\u0131nda ya\u015fa\u011fan ermeni, urum, bul\u011far ve nemseler de ayn\u0131 b\u00f6yle ceza\u011fa o\u011frat\u0131ld\u0131lar. S\u00fcrg\u00fcnlikni\u00f1 a\u011f\u0131r \u015faraitlerinde bu insanlar \u00f6zg\u00fcnligi, [&hellip;]","og_url":"https:\/\/qtmm.org\/qt\/qirimdan-qirimtatar-halqi-ve-diger-milletler-surgun-etilgeninin-69-yilligi-munasebetinen-ukraina-prezidentinin-ukraina-halqina-muracaati\/","og_site_name":"\u041c\u0435\u0434\u0436\u043b\u0456\u0441","article_publisher":"https:\/\/www.facebook.com\/qtmm.info\/","article_published_time":"2013-05-18T20:26:00+00:00","article_modified_time":"2022-01-23T20:27:09+00:00","author":"Developer","twitter_card":"summary_large_image","twitter_misc":{"Written by":"Developer","Est. reading time":"1 minute"},"schema":{"@context":"https:\/\/schema.org","@graph":[{"@type":"Article","@id":"https:\/\/qtmm.org\/qt\/qirimdan-qirimtatar-halqi-ve-diger-milletler-surgun-etilgeninin-69-yilligi-munasebetinen-ukraina-prezidentinin-ukraina-halqina-muracaati\/#article","isPartOf":{"@id":"https:\/\/qtmm.org\/qt\/qirimdan-qirimtatar-halqi-ve-diger-milletler-surgun-etilgeninin-69-yilligi-munasebetinen-ukraina-prezidentinin-ukraina-halqina-muracaati\/"},"author":{"name":"Developer","@id":"https:\/\/qtmm.org\/qt\/#\/schema\/person\/de562469f971dec226ac06e60bbf74a7"},"headline":"Q\u0131r\u0131mdan q\u0131r\u0131mtatar halq\u0131 ve diger milletler s\u00fcrg\u00fcn etilgenini\u00f1 69 y\u0131ll\u0131\u011f\u0131 munasebetinen Ukraina Prezidentini\u00f1 Ukraina halq\u0131na muracaat\u0131","datePublished":"2013-05-18T20:26:00+00:00","dateModified":"2022-01-23T20:27:09+00:00","mainEntityOfPage":{"@id":"https:\/\/qtmm.org\/qt\/qirimdan-qirimtatar-halqi-ve-diger-milletler-surgun-etilgeninin-69-yilligi-munasebetinen-ukraina-prezidentinin-ukraina-halqina-muracaati\/"},"wordCount":228,"commentCount":0,"publisher":{"@id":"https:\/\/qtmm.org\/qt\/#organization"},"articleSection":["Haberler"],"inLanguage":"qt","potentialAction":[{"@type":"CommentAction","name":"Comment","target":["https:\/\/qtmm.org\/qt\/qirimdan-qirimtatar-halqi-ve-diger-milletler-surgun-etilgeninin-69-yilligi-munasebetinen-ukraina-prezidentinin-ukraina-halqina-muracaati\/#respond"]}]},{"@type":"WebPage","@id":"https:\/\/qtmm.org\/qt\/qirimdan-qirimtatar-halqi-ve-diger-milletler-surgun-etilgeninin-69-yilligi-munasebetinen-ukraina-prezidentinin-ukraina-halqina-muracaati\/","url":"https:\/\/qtmm.org\/qt\/qirimdan-qirimtatar-halqi-ve-diger-milletler-surgun-etilgeninin-69-yilligi-munasebetinen-ukraina-prezidentinin-ukraina-halqina-muracaati\/","name":"Q\u0131r\u0131mdan q\u0131r\u0131mtatar halq\u0131 ve diger milletler s\u00fcrg\u00fcn etilgenini\u00f1 69 y\u0131ll\u0131\u011f\u0131 munasebetinen Ukraina Prezidentini\u00f1 Ukraina halq\u0131na muracaat\u0131 - \u041c\u0435\u0434\u0436\u043b\u0456\u0441","isPartOf":{"@id":"https:\/\/qtmm.org\/qt\/#website"},"datePublished":"2013-05-18T20:26:00+00:00","dateModified":"2022-01-23T20:27:09+00:00","breadcrumb":{"@id":"https:\/\/qtmm.org\/qt\/qirimdan-qirimtatar-halqi-ve-diger-milletler-surgun-etilgeninin-69-yilligi-munasebetinen-ukraina-prezidentinin-ukraina-halqina-muracaati\/#breadcrumb"},"inLanguage":"qt","potentialAction":[{"@type":"ReadAction","target":["https:\/\/qtmm.org\/qt\/qirimdan-qirimtatar-halqi-ve-diger-milletler-surgun-etilgeninin-69-yilligi-munasebetinen-ukraina-prezidentinin-ukraina-halqina-muracaati\/"]}]},{"@type":"BreadcrumbList","@id":"https:\/\/qtmm.org\/qt\/qirimdan-qirimtatar-halqi-ve-diger-milletler-surgun-etilgeninin-69-yilligi-munasebetinen-ukraina-prezidentinin-ukraina-halqina-muracaati\/#breadcrumb","itemListElement":[{"@type":"ListItem","position":1,"name":"\u0413\u043e\u043b\u043e\u0432\u043d\u0430","item":"https:\/\/qtmm.org\/qt\/"},{"@type":"ListItem","position":2,"name":"Q\u0131r\u0131mdan q\u0131r\u0131mtatar halq\u0131 ve diger milletler s\u00fcrg\u00fcn etilgenini\u00f1 69 y\u0131ll\u0131\u011f\u0131 munasebetinen Ukraina Prezidentini\u00f1 Ukraina halq\u0131na muracaat\u0131"}]},{"@type":"WebSite","@id":"https:\/\/qtmm.org\/qt\/#website","url":"https:\/\/qtmm.org\/qt\/","name":"\u041c\u0435\u0434\u0436\u043b\u0456\u0441","description":"","publisher":{"@id":"https:\/\/qtmm.org\/qt\/#organization"},"potentialAction":[{"@type":"SearchAction","target":{"@type":"EntryPoint","urlTemplate":"https:\/\/qtmm.org\/qt\/?s={search_term_string}"},"query-input":{"@type":"PropertyValueSpecification","valueRequired":true,"valueName":"search_term_string"}}],"inLanguage":"qt"},{"@type":"Organization","@id":"https:\/\/qtmm.org\/qt\/#organization","name":"\u041c\u0435\u0434\u0436\u043b\u0456\u0441","url":"https:\/\/qtmm.org\/qt\/","logo":{"@type":"ImageObject","inLanguage":"qt","@id":"https:\/\/qtmm.org\/qt\/#\/schema\/logo\/image\/","url":"https:\/\/qtmm.org\/wp-content\/uploads\/2024\/12\/ua-mejlis-logo-rgb.svg","contentUrl":"https:\/\/qtmm.org\/wp-content\/uploads\/2024\/12\/ua-mejlis-logo-rgb.svg","caption":"\u041c\u0435\u0434\u0436\u043b\u0456\u0441"},"image":{"@id":"https:\/\/qtmm.org\/qt\/#\/schema\/logo\/image\/"},"sameAs":["https:\/\/www.facebook.com\/qtmm.info\/"]},{"@type":"Person","@id":"https:\/\/qtmm.org\/qt\/#\/schema\/person\/de562469f971dec226ac06e60bbf74a7","name":"Developer","image":{"@type":"ImageObject","inLanguage":"qt","@id":"https:\/\/secure.gravatar.com\/avatar\/392b4cc8fbfeb00b39dfeeab4ee6edded39ffd48e25858637e4765810300227e?s=96&d=mm&r=g","url":"https:\/\/secure.gravatar.com\/avatar\/392b4cc8fbfeb00b39dfeeab4ee6edded39ffd48e25858637e4765810300227e?s=96&d=mm&r=g","contentUrl":"https:\/\/secure.gravatar.com\/avatar\/392b4cc8fbfeb00b39dfeeab4ee6edded39ffd48e25858637e4765810300227e?s=96&d=mm&r=g","caption":"Developer"},"url":"https:\/\/qtmm.org\/qt\/author\/Developer\/"}]}},"_links":{"self":[{"href":"https:\/\/qtmm.org\/qt\/wp-json\/wp\/v2\/posts\/37474","targetHints":{"allow":["GET"]}}],"collection":[{"href":"https:\/\/qtmm.org\/qt\/wp-json\/wp\/v2\/posts"}],"about":[{"href":"https:\/\/qtmm.org\/qt\/wp-json\/wp\/v2\/types\/post"}],"author":[{"embeddable":true,"href":"https:\/\/qtmm.org\/qt\/wp-json\/wp\/v2\/users\/1"}],"replies":[{"embeddable":true,"href":"https:\/\/qtmm.org\/qt\/wp-json\/wp\/v2\/comments?post=37474"}],"version-history":[{"count":1,"href":"https:\/\/qtmm.org\/qt\/wp-json\/wp\/v2\/posts\/37474\/revisions"}],"predecessor-version":[{"id":37475,"href":"https:\/\/qtmm.org\/qt\/wp-json\/wp\/v2\/posts\/37474\/revisions\/37475"}],"wp:attachment":[{"href":"https:\/\/qtmm.org\/qt\/wp-json\/wp\/v2\/media?parent=37474"}],"wp:term":[{"taxonomy":"category","embeddable":true,"href":"https:\/\/qtmm.org\/qt\/wp-json\/wp\/v2\/categories?post=37474"},{"taxonomy":"post_tag","embeddable":true,"href":"https:\/\/qtmm.org\/qt\/wp-json\/wp\/v2\/tags?post=37474"}],"curies":[{"name":"wp","href":"https:\/\/api.w.org\/{rel}","templated":true}]}}