




{"id":37472,"date":"2013-05-18T23:25:00","date_gmt":"2013-05-18T20:25:00","guid":{"rendered":"http:\/\/qtmm.org\/?p=37472"},"modified":"2022-01-23T23:26:26","modified_gmt":"2022-01-23T20:26:26","slug":"surgunliknin-69-yilligi-munasebetinen-rusiyenin-surgun-etilgen-halklar-birliginin-qirimtatar-halqina-muracaati","status":"publish","type":"post","link":"https:\/\/qtmm.org\/qt\/surgunliknin-69-yilligi-munasebetinen-rusiyenin-surgun-etilgen-halklar-birliginin-qirimtatar-halqina-muracaati\/","title":{"rendered":"S\u00fcrg\u00fcnlikni\u00f1 69 y\u0131ll\u0131\u011f\u0131 munasebetinen \u00abRusiyeni\u00f1 S\u00fcrg\u00fcn etilgen halklar birligi\u00bbni\u00f1 q\u0131r\u0131mtatar halq\u0131na muracaat\u0131"},"content":{"rendered":"\n<p class=\"has-text-align-center\"><strong>Say\u011f\u0131l\u0131 q\u0131r\u0131mtatar qarda\u015flar\u0131m\u0131z!<\/strong><br><br>Bug\u00fcn 2013 senesi may\u0131s 18 k\u00fcn\u00fc q\u0131r\u0131mtatar halq\u0131n\u0131\u00f1 s\u00fcrg\u00fcn etilgenine, soyq\u0131r\u0131m\u011fa o\u011frat\u0131l\u011fan\u0131na 69 y\u0131l tolmaqta. On bi\u00f1lernen g\u00fcnahs\u0131z qurbanlarn\u0131 al\u0131p ketken, tuv\u011fan topraqtan mahrum etken, aqs\u0131z aqaretlerge o\u011fratqan facian\u0131\u00f1 de\u015fetini s\u00f6zlernen ifade etmek m\u00fcmk\u00fcn degil.<\/p>\n\n\n\n<p>Bir baqqanda vaq\u0131t o yaralarn\u0131 savu\u015ft\u0131rmaq, devlet ise tarihiy adaletsizlikni tiklemek kerek edi. Amma aradan 70 y\u0131l ke\u00e7kenine baqmadan bizim halqlar\u0131m\u0131z\u011fa nisbeten soyq\u0131r\u0131m devam etkeni ve atta o ep beterle\u015fkenini eminliknen ayta bilemiz.<\/p>\n\n\n\n<p>Sab\u0131q SSSRni\u00f1 s\u00fcrg\u00fcn etilgen halqlarn\u0131 bir acc\u0131, bir facia birle\u015ftirmekte! Bun\u0131\u00f1 kibi de bizni adalet duy\u011fus\u0131 ve kommunist rejimi m\u0131tlaqa mahk\u00fcm etilecegine i\u015fan\u00e7 da birle\u015ftirmekte.<\/p>\n\n\n\n<p>Sibir, Qazahistan ve Orta Asiyan\u0131\u00f1 s\u0131\u00f1\u0131rs\u0131z topraqlar\u0131nda ebediyen qal\u0131p ketken yaq\u0131nlar\u0131m\u0131zn\u0131\u00f1 ruhun\u0131 \u015fad etmekni\u00f1 bir yolu bizim aqlar\u0131m\u0131zn\u0131\u00f1 tiklenmesi olur edi.<\/p>\n\n\n\n<p>Bu \u2013 territorial, medeniy, i\u00e7timaiy ve psihologik reabilitatsiya olacaq.<br>Q\u0131r\u0131mtatar halq\u0131 i\u00e7\u00fcn bu yasl\u0131 k\u00fcnde biz sizlerge ba\u015fsa\u011fl\u0131\u011f\u0131 tilep, g\u00f6\u00f1\u00fcllerimiz siznen ol\u011fan\u0131n\u0131 bildiremiz.<br>&nbsp;<\/p>\n\n\n\n<p class=\"has-text-align-center\"><strong>&#8220;Rusiyeni\u00f1 S\u00fcrg\u00fcn etilgen halklar birligi&#8221;ni\u00f1 reisi<br>Arkadiy Gor\u00e2yev<\/strong><\/p>\n","protected":false},"excerpt":{"rendered":"<p>Say\u011f\u0131l\u0131 q\u0131r\u0131mtatar qarda\u015flar\u0131m\u0131z! Bug\u00fcn 2013 senesi may\u0131s 18 k\u00fcn\u00fc q\u0131r\u0131mtatar halq\u0131n\u0131\u00f1 s\u00fcrg\u00fcn etilgenine, soyq\u0131r\u0131m\u011fa o\u011frat\u0131l\u011fan\u0131na 69 y\u0131l tolmaqta. On bi\u00f1lernen g\u00fcnahs\u0131z qurbanlarn\u0131 al\u0131p ketken, tuv\u011fan topraqtan mahrum etken, aqs\u0131z aqaretlerge o\u011fratqan facian\u0131\u00f1 de\u015fetini s\u00f6zlernen ifade etmek m\u00fcmk\u00fcn degil. Bir baqqanda vaq\u0131t o yaralarn\u0131 savu\u015ft\u0131rmaq, devlet ise tarihiy adaletsizlikni tiklemek kerek edi. Amma aradan 70 y\u0131l [&hellip;]<\/p>\n","protected":false},"author":1,"featured_media":0,"comment_status":"open","ping_status":"open","sticky":false,"template":"","format":"standard","meta":{"inline_featured_image":false,"footnotes":""},"categories":[265],"tags":[],"class_list":["post-37472","post","type-post","status-publish","format-standard","hentry","category-haberler"],"acf":[],"yoast_head":"<!-- This site is optimized with the Yoast SEO plugin v27.4 - https:\/\/yoast.com\/product\/yoast-seo-wordpress\/ -->\n<title>S\u00fcrg\u00fcnlikni\u00f1 69 y\u0131ll\u0131\u011f\u0131 munasebetinen \u00abRusiyeni\u00f1 S\u00fcrg\u00fcn etilgen halklar birligi\u00bbni\u00f1 q\u0131r\u0131mtatar halq\u0131na muracaat\u0131 - \u041c\u0435\u0434\u0436\u043b\u0456\u0441<\/title>\n<meta name=\"robots\" content=\"index, follow, max-snippet:-1, max-image-preview:large, max-video-preview:-1\" \/>\n<link rel=\"canonical\" href=\"https:\/\/qtmm.org\/qt\/surgunliknin-69-yilligi-munasebetinen-rusiyenin-surgun-etilgen-halklar-birliginin-qirimtatar-halqina-muracaati\/\" \/>\n<meta property=\"og:locale\" content=\"en_US\" \/>\n<meta property=\"og:type\" content=\"article\" \/>\n<meta property=\"og:title\" content=\"S\u00fcrg\u00fcnlikni\u00f1 69 y\u0131ll\u0131\u011f\u0131 munasebetinen \u00abRusiyeni\u00f1 S\u00fcrg\u00fcn etilgen halklar birligi\u00bbni\u00f1 q\u0131r\u0131mtatar halq\u0131na muracaat\u0131 - \u041c\u0435\u0434\u0436\u043b\u0456\u0441\" \/>\n<meta property=\"og:description\" content=\"Say\u011f\u0131l\u0131 q\u0131r\u0131mtatar qarda\u015flar\u0131m\u0131z! Bug\u00fcn 2013 senesi may\u0131s 18 k\u00fcn\u00fc q\u0131r\u0131mtatar halq\u0131n\u0131\u00f1 s\u00fcrg\u00fcn etilgenine, soyq\u0131r\u0131m\u011fa o\u011frat\u0131l\u011fan\u0131na 69 y\u0131l tolmaqta. On bi\u00f1lernen g\u00fcnahs\u0131z qurbanlarn\u0131 al\u0131p ketken, tuv\u011fan topraqtan mahrum etken, aqs\u0131z aqaretlerge o\u011fratqan facian\u0131\u00f1 de\u015fetini s\u00f6zlernen ifade etmek m\u00fcmk\u00fcn degil. Bir baqqanda vaq\u0131t o yaralarn\u0131 savu\u015ft\u0131rmaq, devlet ise tarihiy adaletsizlikni tiklemek kerek edi. Amma aradan 70 y\u0131l [&hellip;]\" \/>\n<meta property=\"og:url\" content=\"https:\/\/qtmm.org\/qt\/surgunliknin-69-yilligi-munasebetinen-rusiyenin-surgun-etilgen-halklar-birliginin-qirimtatar-halqina-muracaati\/\" \/>\n<meta property=\"og:site_name\" content=\"\u041c\u0435\u0434\u0436\u043b\u0456\u0441\" \/>\n<meta property=\"article:publisher\" content=\"https:\/\/www.facebook.com\/qtmm.info\/\" \/>\n<meta property=\"article:published_time\" content=\"2013-05-18T20:25:00+00:00\" \/>\n<meta property=\"article:modified_time\" content=\"2022-01-23T20:26:26+00:00\" \/>\n<meta name=\"author\" content=\"Developer\" \/>\n<meta name=\"twitter:card\" content=\"summary_large_image\" \/>\n<meta name=\"twitter:label1\" content=\"Written by\" \/>\n\t<meta name=\"twitter:data1\" content=\"Developer\" \/>\n\t<meta name=\"twitter:label2\" content=\"Est. reading time\" \/>\n\t<meta name=\"twitter:data2\" content=\"1 minute\" \/>\n<script type=\"application\/ld+json\" class=\"yoast-schema-graph\">{\"@context\":\"https:\\\/\\\/schema.org\",\"@graph\":[{\"@type\":\"Article\",\"@id\":\"https:\\\/\\\/qtmm.org\\\/qt\\\/surgunliknin-69-yilligi-munasebetinen-rusiyenin-surgun-etilgen-halklar-birliginin-qirimtatar-halqina-muracaati\\\/#article\",\"isPartOf\":{\"@id\":\"https:\\\/\\\/qtmm.org\\\/qt\\\/surgunliknin-69-yilligi-munasebetinen-rusiyenin-surgun-etilgen-halklar-birliginin-qirimtatar-halqina-muracaati\\\/\"},\"author\":{\"name\":\"Developer\",\"@id\":\"https:\\\/\\\/qtmm.org\\\/qt\\\/#\\\/schema\\\/person\\\/de562469f971dec226ac06e60bbf74a7\"},\"headline\":\"S\u00fcrg\u00fcnlikni\u00f1 69 y\u0131ll\u0131\u011f\u0131 munasebetinen \u00abRusiyeni\u00f1 S\u00fcrg\u00fcn etilgen halklar birligi\u00bbni\u00f1 q\u0131r\u0131mtatar halq\u0131na muracaat\u0131\",\"datePublished\":\"2013-05-18T20:25:00+00:00\",\"dateModified\":\"2022-01-23T20:26:26+00:00\",\"mainEntityOfPage\":{\"@id\":\"https:\\\/\\\/qtmm.org\\\/qt\\\/surgunliknin-69-yilligi-munasebetinen-rusiyenin-surgun-etilgen-halklar-birliginin-qirimtatar-halqina-muracaati\\\/\"},\"wordCount\":239,\"commentCount\":0,\"publisher\":{\"@id\":\"https:\\\/\\\/qtmm.org\\\/qt\\\/#organization\"},\"articleSection\":[\"Haberler\"],\"inLanguage\":\"qt\",\"potentialAction\":[{\"@type\":\"CommentAction\",\"name\":\"Comment\",\"target\":[\"https:\\\/\\\/qtmm.org\\\/qt\\\/surgunliknin-69-yilligi-munasebetinen-rusiyenin-surgun-etilgen-halklar-birliginin-qirimtatar-halqina-muracaati\\\/#respond\"]}]},{\"@type\":\"WebPage\",\"@id\":\"https:\\\/\\\/qtmm.org\\\/qt\\\/surgunliknin-69-yilligi-munasebetinen-rusiyenin-surgun-etilgen-halklar-birliginin-qirimtatar-halqina-muracaati\\\/\",\"url\":\"https:\\\/\\\/qtmm.org\\\/qt\\\/surgunliknin-69-yilligi-munasebetinen-rusiyenin-surgun-etilgen-halklar-birliginin-qirimtatar-halqina-muracaati\\\/\",\"name\":\"S\u00fcrg\u00fcnlikni\u00f1 69 y\u0131ll\u0131\u011f\u0131 munasebetinen \u00abRusiyeni\u00f1 S\u00fcrg\u00fcn etilgen halklar birligi\u00bbni\u00f1 q\u0131r\u0131mtatar halq\u0131na muracaat\u0131 - \u041c\u0435\u0434\u0436\u043b\u0456\u0441\",\"isPartOf\":{\"@id\":\"https:\\\/\\\/qtmm.org\\\/qt\\\/#website\"},\"datePublished\":\"2013-05-18T20:25:00+00:00\",\"dateModified\":\"2022-01-23T20:26:26+00:00\",\"breadcrumb\":{\"@id\":\"https:\\\/\\\/qtmm.org\\\/qt\\\/surgunliknin-69-yilligi-munasebetinen-rusiyenin-surgun-etilgen-halklar-birliginin-qirimtatar-halqina-muracaati\\\/#breadcrumb\"},\"inLanguage\":\"qt\",\"potentialAction\":[{\"@type\":\"ReadAction\",\"target\":[\"https:\\\/\\\/qtmm.org\\\/qt\\\/surgunliknin-69-yilligi-munasebetinen-rusiyenin-surgun-etilgen-halklar-birliginin-qirimtatar-halqina-muracaati\\\/\"]}]},{\"@type\":\"BreadcrumbList\",\"@id\":\"https:\\\/\\\/qtmm.org\\\/qt\\\/surgunliknin-69-yilligi-munasebetinen-rusiyenin-surgun-etilgen-halklar-birliginin-qirimtatar-halqina-muracaati\\\/#breadcrumb\",\"itemListElement\":[{\"@type\":\"ListItem\",\"position\":1,\"name\":\"\u0413\u043e\u043b\u043e\u0432\u043d\u0430\",\"item\":\"https:\\\/\\\/qtmm.org\\\/qt\\\/\"},{\"@type\":\"ListItem\",\"position\":2,\"name\":\"S\u00fcrg\u00fcnlikni\u00f1 69 y\u0131ll\u0131\u011f\u0131 munasebetinen \u00abRusiyeni\u00f1 S\u00fcrg\u00fcn etilgen halklar birligi\u00bbni\u00f1 q\u0131r\u0131mtatar halq\u0131na muracaat\u0131\"}]},{\"@type\":\"WebSite\",\"@id\":\"https:\\\/\\\/qtmm.org\\\/qt\\\/#website\",\"url\":\"https:\\\/\\\/qtmm.org\\\/qt\\\/\",\"name\":\"\u041c\u0435\u0434\u0436\u043b\u0456\u0441\",\"description\":\"\",\"publisher\":{\"@id\":\"https:\\\/\\\/qtmm.org\\\/qt\\\/#organization\"},\"potentialAction\":[{\"@type\":\"SearchAction\",\"target\":{\"@type\":\"EntryPoint\",\"urlTemplate\":\"https:\\\/\\\/qtmm.org\\\/qt\\\/?s={search_term_string}\"},\"query-input\":{\"@type\":\"PropertyValueSpecification\",\"valueRequired\":true,\"valueName\":\"search_term_string\"}}],\"inLanguage\":\"qt\"},{\"@type\":\"Organization\",\"@id\":\"https:\\\/\\\/qtmm.org\\\/qt\\\/#organization\",\"name\":\"\u041c\u0435\u0434\u0436\u043b\u0456\u0441\",\"url\":\"https:\\\/\\\/qtmm.org\\\/qt\\\/\",\"logo\":{\"@type\":\"ImageObject\",\"inLanguage\":\"qt\",\"@id\":\"https:\\\/\\\/qtmm.org\\\/qt\\\/#\\\/schema\\\/logo\\\/image\\\/\",\"url\":\"https:\\\/\\\/qtmm.org\\\/wp-content\\\/uploads\\\/2024\\\/12\\\/ua-mejlis-logo-rgb.svg\",\"contentUrl\":\"https:\\\/\\\/qtmm.org\\\/wp-content\\\/uploads\\\/2024\\\/12\\\/ua-mejlis-logo-rgb.svg\",\"caption\":\"\u041c\u0435\u0434\u0436\u043b\u0456\u0441\"},\"image\":{\"@id\":\"https:\\\/\\\/qtmm.org\\\/qt\\\/#\\\/schema\\\/logo\\\/image\\\/\"},\"sameAs\":[\"https:\\\/\\\/www.facebook.com\\\/qtmm.info\\\/\"]},{\"@type\":\"Person\",\"@id\":\"https:\\\/\\\/qtmm.org\\\/qt\\\/#\\\/schema\\\/person\\\/de562469f971dec226ac06e60bbf74a7\",\"name\":\"Developer\",\"image\":{\"@type\":\"ImageObject\",\"inLanguage\":\"qt\",\"@id\":\"https:\\\/\\\/secure.gravatar.com\\\/avatar\\\/392b4cc8fbfeb00b39dfeeab4ee6edded39ffd48e25858637e4765810300227e?s=96&d=mm&r=g\",\"url\":\"https:\\\/\\\/secure.gravatar.com\\\/avatar\\\/392b4cc8fbfeb00b39dfeeab4ee6edded39ffd48e25858637e4765810300227e?s=96&d=mm&r=g\",\"contentUrl\":\"https:\\\/\\\/secure.gravatar.com\\\/avatar\\\/392b4cc8fbfeb00b39dfeeab4ee6edded39ffd48e25858637e4765810300227e?s=96&d=mm&r=g\",\"caption\":\"Developer\"},\"url\":\"https:\\\/\\\/qtmm.org\\\/qt\\\/author\\\/Developer\\\/\"}]}<\/script>\n<!-- \/ Yoast SEO plugin. -->","yoast_head_json":{"title":"S\u00fcrg\u00fcnlikni\u00f1 69 y\u0131ll\u0131\u011f\u0131 munasebetinen \u00abRusiyeni\u00f1 S\u00fcrg\u00fcn etilgen halklar birligi\u00bbni\u00f1 q\u0131r\u0131mtatar halq\u0131na muracaat\u0131 - \u041c\u0435\u0434\u0436\u043b\u0456\u0441","robots":{"index":"index","follow":"follow","max-snippet":"max-snippet:-1","max-image-preview":"max-image-preview:large","max-video-preview":"max-video-preview:-1"},"canonical":"https:\/\/qtmm.org\/qt\/surgunliknin-69-yilligi-munasebetinen-rusiyenin-surgun-etilgen-halklar-birliginin-qirimtatar-halqina-muracaati\/","og_locale":"en_US","og_type":"article","og_title":"S\u00fcrg\u00fcnlikni\u00f1 69 y\u0131ll\u0131\u011f\u0131 munasebetinen \u00abRusiyeni\u00f1 S\u00fcrg\u00fcn etilgen halklar birligi\u00bbni\u00f1 q\u0131r\u0131mtatar halq\u0131na muracaat\u0131 - \u041c\u0435\u0434\u0436\u043b\u0456\u0441","og_description":"Say\u011f\u0131l\u0131 q\u0131r\u0131mtatar qarda\u015flar\u0131m\u0131z! Bug\u00fcn 2013 senesi may\u0131s 18 k\u00fcn\u00fc q\u0131r\u0131mtatar halq\u0131n\u0131\u00f1 s\u00fcrg\u00fcn etilgenine, soyq\u0131r\u0131m\u011fa o\u011frat\u0131l\u011fan\u0131na 69 y\u0131l tolmaqta. On bi\u00f1lernen g\u00fcnahs\u0131z qurbanlarn\u0131 al\u0131p ketken, tuv\u011fan topraqtan mahrum etken, aqs\u0131z aqaretlerge o\u011fratqan facian\u0131\u00f1 de\u015fetini s\u00f6zlernen ifade etmek m\u00fcmk\u00fcn degil. Bir baqqanda vaq\u0131t o yaralarn\u0131 savu\u015ft\u0131rmaq, devlet ise tarihiy adaletsizlikni tiklemek kerek edi. Amma aradan 70 y\u0131l [&hellip;]","og_url":"https:\/\/qtmm.org\/qt\/surgunliknin-69-yilligi-munasebetinen-rusiyenin-surgun-etilgen-halklar-birliginin-qirimtatar-halqina-muracaati\/","og_site_name":"\u041c\u0435\u0434\u0436\u043b\u0456\u0441","article_publisher":"https:\/\/www.facebook.com\/qtmm.info\/","article_published_time":"2013-05-18T20:25:00+00:00","article_modified_time":"2022-01-23T20:26:26+00:00","author":"Developer","twitter_card":"summary_large_image","twitter_misc":{"Written by":"Developer","Est. reading time":"1 minute"},"schema":{"@context":"https:\/\/schema.org","@graph":[{"@type":"Article","@id":"https:\/\/qtmm.org\/qt\/surgunliknin-69-yilligi-munasebetinen-rusiyenin-surgun-etilgen-halklar-birliginin-qirimtatar-halqina-muracaati\/#article","isPartOf":{"@id":"https:\/\/qtmm.org\/qt\/surgunliknin-69-yilligi-munasebetinen-rusiyenin-surgun-etilgen-halklar-birliginin-qirimtatar-halqina-muracaati\/"},"author":{"name":"Developer","@id":"https:\/\/qtmm.org\/qt\/#\/schema\/person\/de562469f971dec226ac06e60bbf74a7"},"headline":"S\u00fcrg\u00fcnlikni\u00f1 69 y\u0131ll\u0131\u011f\u0131 munasebetinen \u00abRusiyeni\u00f1 S\u00fcrg\u00fcn etilgen halklar birligi\u00bbni\u00f1 q\u0131r\u0131mtatar halq\u0131na muracaat\u0131","datePublished":"2013-05-18T20:25:00+00:00","dateModified":"2022-01-23T20:26:26+00:00","mainEntityOfPage":{"@id":"https:\/\/qtmm.org\/qt\/surgunliknin-69-yilligi-munasebetinen-rusiyenin-surgun-etilgen-halklar-birliginin-qirimtatar-halqina-muracaati\/"},"wordCount":239,"commentCount":0,"publisher":{"@id":"https:\/\/qtmm.org\/qt\/#organization"},"articleSection":["Haberler"],"inLanguage":"qt","potentialAction":[{"@type":"CommentAction","name":"Comment","target":["https:\/\/qtmm.org\/qt\/surgunliknin-69-yilligi-munasebetinen-rusiyenin-surgun-etilgen-halklar-birliginin-qirimtatar-halqina-muracaati\/#respond"]}]},{"@type":"WebPage","@id":"https:\/\/qtmm.org\/qt\/surgunliknin-69-yilligi-munasebetinen-rusiyenin-surgun-etilgen-halklar-birliginin-qirimtatar-halqina-muracaati\/","url":"https:\/\/qtmm.org\/qt\/surgunliknin-69-yilligi-munasebetinen-rusiyenin-surgun-etilgen-halklar-birliginin-qirimtatar-halqina-muracaati\/","name":"S\u00fcrg\u00fcnlikni\u00f1 69 y\u0131ll\u0131\u011f\u0131 munasebetinen \u00abRusiyeni\u00f1 S\u00fcrg\u00fcn etilgen halklar birligi\u00bbni\u00f1 q\u0131r\u0131mtatar halq\u0131na muracaat\u0131 - \u041c\u0435\u0434\u0436\u043b\u0456\u0441","isPartOf":{"@id":"https:\/\/qtmm.org\/qt\/#website"},"datePublished":"2013-05-18T20:25:00+00:00","dateModified":"2022-01-23T20:26:26+00:00","breadcrumb":{"@id":"https:\/\/qtmm.org\/qt\/surgunliknin-69-yilligi-munasebetinen-rusiyenin-surgun-etilgen-halklar-birliginin-qirimtatar-halqina-muracaati\/#breadcrumb"},"inLanguage":"qt","potentialAction":[{"@type":"ReadAction","target":["https:\/\/qtmm.org\/qt\/surgunliknin-69-yilligi-munasebetinen-rusiyenin-surgun-etilgen-halklar-birliginin-qirimtatar-halqina-muracaati\/"]}]},{"@type":"BreadcrumbList","@id":"https:\/\/qtmm.org\/qt\/surgunliknin-69-yilligi-munasebetinen-rusiyenin-surgun-etilgen-halklar-birliginin-qirimtatar-halqina-muracaati\/#breadcrumb","itemListElement":[{"@type":"ListItem","position":1,"name":"\u0413\u043e\u043b\u043e\u0432\u043d\u0430","item":"https:\/\/qtmm.org\/qt\/"},{"@type":"ListItem","position":2,"name":"S\u00fcrg\u00fcnlikni\u00f1 69 y\u0131ll\u0131\u011f\u0131 munasebetinen \u00abRusiyeni\u00f1 S\u00fcrg\u00fcn etilgen halklar birligi\u00bbni\u00f1 q\u0131r\u0131mtatar halq\u0131na muracaat\u0131"}]},{"@type":"WebSite","@id":"https:\/\/qtmm.org\/qt\/#website","url":"https:\/\/qtmm.org\/qt\/","name":"\u041c\u0435\u0434\u0436\u043b\u0456\u0441","description":"","publisher":{"@id":"https:\/\/qtmm.org\/qt\/#organization"},"potentialAction":[{"@type":"SearchAction","target":{"@type":"EntryPoint","urlTemplate":"https:\/\/qtmm.org\/qt\/?s={search_term_string}"},"query-input":{"@type":"PropertyValueSpecification","valueRequired":true,"valueName":"search_term_string"}}],"inLanguage":"qt"},{"@type":"Organization","@id":"https:\/\/qtmm.org\/qt\/#organization","name":"\u041c\u0435\u0434\u0436\u043b\u0456\u0441","url":"https:\/\/qtmm.org\/qt\/","logo":{"@type":"ImageObject","inLanguage":"qt","@id":"https:\/\/qtmm.org\/qt\/#\/schema\/logo\/image\/","url":"https:\/\/qtmm.org\/wp-content\/uploads\/2024\/12\/ua-mejlis-logo-rgb.svg","contentUrl":"https:\/\/qtmm.org\/wp-content\/uploads\/2024\/12\/ua-mejlis-logo-rgb.svg","caption":"\u041c\u0435\u0434\u0436\u043b\u0456\u0441"},"image":{"@id":"https:\/\/qtmm.org\/qt\/#\/schema\/logo\/image\/"},"sameAs":["https:\/\/www.facebook.com\/qtmm.info\/"]},{"@type":"Person","@id":"https:\/\/qtmm.org\/qt\/#\/schema\/person\/de562469f971dec226ac06e60bbf74a7","name":"Developer","image":{"@type":"ImageObject","inLanguage":"qt","@id":"https:\/\/secure.gravatar.com\/avatar\/392b4cc8fbfeb00b39dfeeab4ee6edded39ffd48e25858637e4765810300227e?s=96&d=mm&r=g","url":"https:\/\/secure.gravatar.com\/avatar\/392b4cc8fbfeb00b39dfeeab4ee6edded39ffd48e25858637e4765810300227e?s=96&d=mm&r=g","contentUrl":"https:\/\/secure.gravatar.com\/avatar\/392b4cc8fbfeb00b39dfeeab4ee6edded39ffd48e25858637e4765810300227e?s=96&d=mm&r=g","caption":"Developer"},"url":"https:\/\/qtmm.org\/qt\/author\/Developer\/"}]}},"_links":{"self":[{"href":"https:\/\/qtmm.org\/qt\/wp-json\/wp\/v2\/posts\/37472","targetHints":{"allow":["GET"]}}],"collection":[{"href":"https:\/\/qtmm.org\/qt\/wp-json\/wp\/v2\/posts"}],"about":[{"href":"https:\/\/qtmm.org\/qt\/wp-json\/wp\/v2\/types\/post"}],"author":[{"embeddable":true,"href":"https:\/\/qtmm.org\/qt\/wp-json\/wp\/v2\/users\/1"}],"replies":[{"embeddable":true,"href":"https:\/\/qtmm.org\/qt\/wp-json\/wp\/v2\/comments?post=37472"}],"version-history":[{"count":1,"href":"https:\/\/qtmm.org\/qt\/wp-json\/wp\/v2\/posts\/37472\/revisions"}],"predecessor-version":[{"id":37473,"href":"https:\/\/qtmm.org\/qt\/wp-json\/wp\/v2\/posts\/37472\/revisions\/37473"}],"wp:attachment":[{"href":"https:\/\/qtmm.org\/qt\/wp-json\/wp\/v2\/media?parent=37472"}],"wp:term":[{"taxonomy":"category","embeddable":true,"href":"https:\/\/qtmm.org\/qt\/wp-json\/wp\/v2\/categories?post=37472"},{"taxonomy":"post_tag","embeddable":true,"href":"https:\/\/qtmm.org\/qt\/wp-json\/wp\/v2\/tags?post=37472"}],"curies":[{"name":"wp","href":"https:\/\/api.w.org\/{rel}","templated":true}]}}