




{"id":37470,"date":"2013-05-18T23:24:00","date_gmt":"2013-05-18T20:24:00","guid":{"rendered":"http:\/\/qtmm.org\/?p=37470"},"modified":"2022-01-23T23:25:28","modified_gmt":"2022-01-23T20:25:28","slug":"surgunliknin-69-yilligi-munasebetinen-alraid-birlesmesinin-qirimtatar-halqina-muracaati","status":"publish","type":"post","link":"https:\/\/qtmm.org\/qt\/surgunliknin-69-yilligi-munasebetinen-alraid-birlesmesinin-qirimtatar-halqina-muracaati\/","title":{"rendered":"S\u00fcrg\u00fcnlikni\u00f1 69 y\u0131ll\u0131\u011f\u0131 munasebetinen \u00abAlraid\u00bb birle\u015fmesini\u00f1 q\u0131r\u0131mtatar halq\u0131na muracaat\u0131"},"content":{"rendered":"\n<p><strong>Aziz qarda\u015f ve apteler!<\/strong><br>&nbsp;<\/p>\n\n\n\n<p>Bug\u00fcn q\u0131r\u0131mtatarlar halq\u0131 \u00f6z tarihiy vatan\u0131ndan s\u00fcrg\u00fcn etilgenini\u00f1 qara k\u00fcn\u00fcdir. Q\u0131r\u0131mtatarlar de\u015fetli azaplar\u011fa o\u011frat\u0131ld\u0131lar, amma olar \u00f6lmediler, \u00f6z iradesi ile medeniyeti, tili ve yurtuna sevgini saqlayabildiler.<\/p>\n\n\n\n<p>Q\u0131r\u0131mtatarlarn\u0131\u00f1 Q\u0131r\u0131m\u011fa qaytmaq o\u011frunda y\u0131llarca devam etken k\u00fcre\u015finde on\u0131\u00f1 liderleri metanet, irade n\u00fcm\u00fcnesi k\u00f6sterdiler. Olarn\u0131\u00f1 bu areketine ukrain ve sab\u0131q sovetler devletini\u00f1 diger halqlar\u0131n\u0131\u00f1 e\u00f1 ileri vekilleri qoltutt\u0131lar. Q\u0131r\u0131mtatarlar tarihiy variyetini\u00f1 baya\u011f\u0131 q\u0131sm\u0131 yoq etilgenine baqmadan iradeli halq\u0131\u00f1\u0131z medeniy ve diniy degerliklerini tikley, tili, milliy tasil ve medeniyetini \u011fayr\u0131dan canland\u0131ra.<\/p>\n\n\n\n<p>Bug\u00fcn q\u0131r\u0131mtatar halq\u0131n\u0131\u00f1 \u00f6g\u00fcnde m\u00fcrekkep meseleler tura. Elbette bu ilk-evel\u00e2 baz\u0131 k\u00fc\u00e7lerni\u00f1 halqn\u0131 b\u00f6lmek areketlerinen ba\u011fl\u0131d\u0131r. Alternativ diniy ve milliy-medeniy merkezlerni quruvnen bu k\u00fc\u00e7ler yar\u0131madada kergin bir vaziyetni meydan\u011fa ketirmek, qav\u011fa \u00e7\u0131qarmaq pe\u015findeler.<\/p>\n\n\n\n<p>Sizi\u00f1 ikmetli halq\u0131\u00f1\u0131z \u00f6z\u00fcni\u00f1 maneviy ve te\u015fkil\u00e2tiy birligini saqlayca\u011f\u0131, \u00f6z yurtunda aqlar\u0131n\u0131\u00f1 tiklemesine iri\u015fecegine inanam\u0131z. \u00d6z nevbetinde Q\u0131r\u0131mtatar halq\u0131 Meclisi yolba\u015f\u00e7\u0131lar\u0131n\u0131\u00f1 mes\u00fclietligi do\u011fru qararlarn\u0131 al\u0131p, Q\u0131r\u0131mda siyasiy-i\u00e7timaiy stabillikni pekit\u00fcvge imk\u00e2n yarat\u0131rlar.<\/p>\n\n\n\n<p>Biz daima siznen beraber ve sizi\u00f1 dostu\u00f1\u0131z olmaqn\u0131 devam etermiz, degen s\u00f6zlerni q\u0131r\u0131mtatar qarda\u015flar\u0131m\u0131z\u011fa daa bir kere aytmaqn\u0131 borcum\u0131z, dep sayam\u0131z.<br>Y\u00fcce Rabbimizden q\u0131r\u0131mtatar halq\u0131na merhametlik tileymiz, s\u00fcrg\u00fcnlikni\u00f1 m\u00fc\u015fk\u00fcl y\u0131llar\u0131ndan so\u00f1ra tuv\u011fan topraqlar\u0131\u00f1\u0131zda pekinme\u00f1izge yard\u0131mc\u0131 olmas\u0131n\u0131 yalvaram\u0131z. Allah sizlerge dini\u00f1iz, medeniyet, til ve adetleri\u00f1izni tiklevde sab\u0131r-taqat, k\u00fc\u00e7-qudret bersin!<\/p>\n\n\n\n<p>Allah epimizni \u0131\u015f\u0131qqa do\u011fru yol k\u00f6sterip, On\u0131\u00f1 rizas\u0131na iri\u015fmemizde yard\u0131m etsin!<br><br>&nbsp;<\/p>\n\n\n\n<p class=\"has-text-align-right\"><strong>&#8220;Alraid&#8221; B\u00fct\u00fcnukrain cemaat te\u015fkil\u00e2tlar\u0131n\u0131\u00f1 birle\u015fmesi<\/strong><\/p>\n","protected":false},"excerpt":{"rendered":"<p>Aziz qarda\u015f ve apteler!&nbsp; Bug\u00fcn q\u0131r\u0131mtatarlar halq\u0131 \u00f6z tarihiy vatan\u0131ndan s\u00fcrg\u00fcn etilgenini\u00f1 qara k\u00fcn\u00fcdir. Q\u0131r\u0131mtatarlar de\u015fetli azaplar\u011fa o\u011frat\u0131ld\u0131lar, amma olar \u00f6lmediler, \u00f6z iradesi ile medeniyeti, tili ve yurtuna sevgini saqlayabildiler. Q\u0131r\u0131mtatarlarn\u0131\u00f1 Q\u0131r\u0131m\u011fa qaytmaq o\u011frunda y\u0131llarca devam etken k\u00fcre\u015finde on\u0131\u00f1 liderleri metanet, irade n\u00fcm\u00fcnesi k\u00f6sterdiler. Olarn\u0131\u00f1 bu areketine ukrain ve sab\u0131q sovetler devletini\u00f1 diger halqlar\u0131n\u0131\u00f1 e\u00f1 [&hellip;]<\/p>\n","protected":false},"author":1,"featured_media":0,"comment_status":"open","ping_status":"open","sticky":false,"template":"","format":"standard","meta":{"inline_featured_image":false,"footnotes":""},"categories":[265],"tags":[],"class_list":["post-37470","post","type-post","status-publish","format-standard","hentry","category-haberler"],"acf":[],"yoast_head":"<!-- This site is optimized with the Yoast SEO plugin v27.4 - https:\/\/yoast.com\/product\/yoast-seo-wordpress\/ -->\n<title>S\u00fcrg\u00fcnlikni\u00f1 69 y\u0131ll\u0131\u011f\u0131 munasebetinen \u00abAlraid\u00bb birle\u015fmesini\u00f1 q\u0131r\u0131mtatar halq\u0131na muracaat\u0131 - \u041c\u0435\u0434\u0436\u043b\u0456\u0441<\/title>\n<meta name=\"robots\" content=\"index, follow, max-snippet:-1, max-image-preview:large, max-video-preview:-1\" \/>\n<link rel=\"canonical\" href=\"https:\/\/qtmm.org\/qt\/surgunliknin-69-yilligi-munasebetinen-alraid-birlesmesinin-qirimtatar-halqina-muracaati\/\" \/>\n<meta property=\"og:locale\" content=\"en_US\" \/>\n<meta property=\"og:type\" content=\"article\" \/>\n<meta property=\"og:title\" content=\"S\u00fcrg\u00fcnlikni\u00f1 69 y\u0131ll\u0131\u011f\u0131 munasebetinen \u00abAlraid\u00bb birle\u015fmesini\u00f1 q\u0131r\u0131mtatar halq\u0131na muracaat\u0131 - \u041c\u0435\u0434\u0436\u043b\u0456\u0441\" \/>\n<meta property=\"og:description\" content=\"Aziz qarda\u015f ve apteler!&nbsp; Bug\u00fcn q\u0131r\u0131mtatarlar halq\u0131 \u00f6z tarihiy vatan\u0131ndan s\u00fcrg\u00fcn etilgenini\u00f1 qara k\u00fcn\u00fcdir. Q\u0131r\u0131mtatarlar de\u015fetli azaplar\u011fa o\u011frat\u0131ld\u0131lar, amma olar \u00f6lmediler, \u00f6z iradesi ile medeniyeti, tili ve yurtuna sevgini saqlayabildiler. Q\u0131r\u0131mtatarlarn\u0131\u00f1 Q\u0131r\u0131m\u011fa qaytmaq o\u011frunda y\u0131llarca devam etken k\u00fcre\u015finde on\u0131\u00f1 liderleri metanet, irade n\u00fcm\u00fcnesi k\u00f6sterdiler. Olarn\u0131\u00f1 bu areketine ukrain ve sab\u0131q sovetler devletini\u00f1 diger halqlar\u0131n\u0131\u00f1 e\u00f1 [&hellip;]\" \/>\n<meta property=\"og:url\" content=\"https:\/\/qtmm.org\/qt\/surgunliknin-69-yilligi-munasebetinen-alraid-birlesmesinin-qirimtatar-halqina-muracaati\/\" \/>\n<meta property=\"og:site_name\" content=\"\u041c\u0435\u0434\u0436\u043b\u0456\u0441\" \/>\n<meta property=\"article:publisher\" content=\"https:\/\/www.facebook.com\/qtmm.info\/\" \/>\n<meta property=\"article:published_time\" content=\"2013-05-18T20:24:00+00:00\" \/>\n<meta property=\"article:modified_time\" content=\"2022-01-23T20:25:28+00:00\" \/>\n<meta name=\"author\" content=\"Developer\" \/>\n<meta name=\"twitter:card\" content=\"summary_large_image\" \/>\n<meta name=\"twitter:label1\" content=\"Written by\" \/>\n\t<meta name=\"twitter:data1\" content=\"Developer\" \/>\n\t<meta name=\"twitter:label2\" content=\"Est. reading time\" \/>\n\t<meta name=\"twitter:data2\" content=\"2 minutes\" \/>\n<script type=\"application\/ld+json\" class=\"yoast-schema-graph\">{\"@context\":\"https:\\\/\\\/schema.org\",\"@graph\":[{\"@type\":\"Article\",\"@id\":\"https:\\\/\\\/qtmm.org\\\/qt\\\/surgunliknin-69-yilligi-munasebetinen-alraid-birlesmesinin-qirimtatar-halqina-muracaati\\\/#article\",\"isPartOf\":{\"@id\":\"https:\\\/\\\/qtmm.org\\\/qt\\\/surgunliknin-69-yilligi-munasebetinen-alraid-birlesmesinin-qirimtatar-halqina-muracaati\\\/\"},\"author\":{\"name\":\"Developer\",\"@id\":\"https:\\\/\\\/qtmm.org\\\/qt\\\/#\\\/schema\\\/person\\\/de562469f971dec226ac06e60bbf74a7\"},\"headline\":\"S\u00fcrg\u00fcnlikni\u00f1 69 y\u0131ll\u0131\u011f\u0131 munasebetinen \u00abAlraid\u00bb birle\u015fmesini\u00f1 q\u0131r\u0131mtatar halq\u0131na muracaat\u0131\",\"datePublished\":\"2013-05-18T20:24:00+00:00\",\"dateModified\":\"2022-01-23T20:25:28+00:00\",\"mainEntityOfPage\":{\"@id\":\"https:\\\/\\\/qtmm.org\\\/qt\\\/surgunliknin-69-yilligi-munasebetinen-alraid-birlesmesinin-qirimtatar-halqina-muracaati\\\/\"},\"wordCount\":339,\"commentCount\":0,\"publisher\":{\"@id\":\"https:\\\/\\\/qtmm.org\\\/qt\\\/#organization\"},\"articleSection\":[\"Haberler\"],\"inLanguage\":\"qt\",\"potentialAction\":[{\"@type\":\"CommentAction\",\"name\":\"Comment\",\"target\":[\"https:\\\/\\\/qtmm.org\\\/qt\\\/surgunliknin-69-yilligi-munasebetinen-alraid-birlesmesinin-qirimtatar-halqina-muracaati\\\/#respond\"]}]},{\"@type\":\"WebPage\",\"@id\":\"https:\\\/\\\/qtmm.org\\\/qt\\\/surgunliknin-69-yilligi-munasebetinen-alraid-birlesmesinin-qirimtatar-halqina-muracaati\\\/\",\"url\":\"https:\\\/\\\/qtmm.org\\\/qt\\\/surgunliknin-69-yilligi-munasebetinen-alraid-birlesmesinin-qirimtatar-halqina-muracaati\\\/\",\"name\":\"S\u00fcrg\u00fcnlikni\u00f1 69 y\u0131ll\u0131\u011f\u0131 munasebetinen \u00abAlraid\u00bb birle\u015fmesini\u00f1 q\u0131r\u0131mtatar halq\u0131na muracaat\u0131 - \u041c\u0435\u0434\u0436\u043b\u0456\u0441\",\"isPartOf\":{\"@id\":\"https:\\\/\\\/qtmm.org\\\/qt\\\/#website\"},\"datePublished\":\"2013-05-18T20:24:00+00:00\",\"dateModified\":\"2022-01-23T20:25:28+00:00\",\"breadcrumb\":{\"@id\":\"https:\\\/\\\/qtmm.org\\\/qt\\\/surgunliknin-69-yilligi-munasebetinen-alraid-birlesmesinin-qirimtatar-halqina-muracaati\\\/#breadcrumb\"},\"inLanguage\":\"qt\",\"potentialAction\":[{\"@type\":\"ReadAction\",\"target\":[\"https:\\\/\\\/qtmm.org\\\/qt\\\/surgunliknin-69-yilligi-munasebetinen-alraid-birlesmesinin-qirimtatar-halqina-muracaati\\\/\"]}]},{\"@type\":\"BreadcrumbList\",\"@id\":\"https:\\\/\\\/qtmm.org\\\/qt\\\/surgunliknin-69-yilligi-munasebetinen-alraid-birlesmesinin-qirimtatar-halqina-muracaati\\\/#breadcrumb\",\"itemListElement\":[{\"@type\":\"ListItem\",\"position\":1,\"name\":\"\u0413\u043e\u043b\u043e\u0432\u043d\u0430\",\"item\":\"https:\\\/\\\/qtmm.org\\\/qt\\\/\"},{\"@type\":\"ListItem\",\"position\":2,\"name\":\"S\u00fcrg\u00fcnlikni\u00f1 69 y\u0131ll\u0131\u011f\u0131 munasebetinen \u00abAlraid\u00bb birle\u015fmesini\u00f1 q\u0131r\u0131mtatar halq\u0131na muracaat\u0131\"}]},{\"@type\":\"WebSite\",\"@id\":\"https:\\\/\\\/qtmm.org\\\/qt\\\/#website\",\"url\":\"https:\\\/\\\/qtmm.org\\\/qt\\\/\",\"name\":\"\u041c\u0435\u0434\u0436\u043b\u0456\u0441\",\"description\":\"\",\"publisher\":{\"@id\":\"https:\\\/\\\/qtmm.org\\\/qt\\\/#organization\"},\"potentialAction\":[{\"@type\":\"SearchAction\",\"target\":{\"@type\":\"EntryPoint\",\"urlTemplate\":\"https:\\\/\\\/qtmm.org\\\/qt\\\/?s={search_term_string}\"},\"query-input\":{\"@type\":\"PropertyValueSpecification\",\"valueRequired\":true,\"valueName\":\"search_term_string\"}}],\"inLanguage\":\"qt\"},{\"@type\":\"Organization\",\"@id\":\"https:\\\/\\\/qtmm.org\\\/qt\\\/#organization\",\"name\":\"\u041c\u0435\u0434\u0436\u043b\u0456\u0441\",\"url\":\"https:\\\/\\\/qtmm.org\\\/qt\\\/\",\"logo\":{\"@type\":\"ImageObject\",\"inLanguage\":\"qt\",\"@id\":\"https:\\\/\\\/qtmm.org\\\/qt\\\/#\\\/schema\\\/logo\\\/image\\\/\",\"url\":\"https:\\\/\\\/qtmm.org\\\/wp-content\\\/uploads\\\/2024\\\/12\\\/ua-mejlis-logo-rgb.svg\",\"contentUrl\":\"https:\\\/\\\/qtmm.org\\\/wp-content\\\/uploads\\\/2024\\\/12\\\/ua-mejlis-logo-rgb.svg\",\"caption\":\"\u041c\u0435\u0434\u0436\u043b\u0456\u0441\"},\"image\":{\"@id\":\"https:\\\/\\\/qtmm.org\\\/qt\\\/#\\\/schema\\\/logo\\\/image\\\/\"},\"sameAs\":[\"https:\\\/\\\/www.facebook.com\\\/qtmm.info\\\/\"]},{\"@type\":\"Person\",\"@id\":\"https:\\\/\\\/qtmm.org\\\/qt\\\/#\\\/schema\\\/person\\\/de562469f971dec226ac06e60bbf74a7\",\"name\":\"Developer\",\"image\":{\"@type\":\"ImageObject\",\"inLanguage\":\"qt\",\"@id\":\"https:\\\/\\\/secure.gravatar.com\\\/avatar\\\/392b4cc8fbfeb00b39dfeeab4ee6edded39ffd48e25858637e4765810300227e?s=96&d=mm&r=g\",\"url\":\"https:\\\/\\\/secure.gravatar.com\\\/avatar\\\/392b4cc8fbfeb00b39dfeeab4ee6edded39ffd48e25858637e4765810300227e?s=96&d=mm&r=g\",\"contentUrl\":\"https:\\\/\\\/secure.gravatar.com\\\/avatar\\\/392b4cc8fbfeb00b39dfeeab4ee6edded39ffd48e25858637e4765810300227e?s=96&d=mm&r=g\",\"caption\":\"Developer\"},\"url\":\"https:\\\/\\\/qtmm.org\\\/qt\\\/author\\\/Developer\\\/\"}]}<\/script>\n<!-- \/ Yoast SEO plugin. -->","yoast_head_json":{"title":"S\u00fcrg\u00fcnlikni\u00f1 69 y\u0131ll\u0131\u011f\u0131 munasebetinen \u00abAlraid\u00bb birle\u015fmesini\u00f1 q\u0131r\u0131mtatar halq\u0131na muracaat\u0131 - \u041c\u0435\u0434\u0436\u043b\u0456\u0441","robots":{"index":"index","follow":"follow","max-snippet":"max-snippet:-1","max-image-preview":"max-image-preview:large","max-video-preview":"max-video-preview:-1"},"canonical":"https:\/\/qtmm.org\/qt\/surgunliknin-69-yilligi-munasebetinen-alraid-birlesmesinin-qirimtatar-halqina-muracaati\/","og_locale":"en_US","og_type":"article","og_title":"S\u00fcrg\u00fcnlikni\u00f1 69 y\u0131ll\u0131\u011f\u0131 munasebetinen \u00abAlraid\u00bb birle\u015fmesini\u00f1 q\u0131r\u0131mtatar halq\u0131na muracaat\u0131 - \u041c\u0435\u0434\u0436\u043b\u0456\u0441","og_description":"Aziz qarda\u015f ve apteler!&nbsp; Bug\u00fcn q\u0131r\u0131mtatarlar halq\u0131 \u00f6z tarihiy vatan\u0131ndan s\u00fcrg\u00fcn etilgenini\u00f1 qara k\u00fcn\u00fcdir. Q\u0131r\u0131mtatarlar de\u015fetli azaplar\u011fa o\u011frat\u0131ld\u0131lar, amma olar \u00f6lmediler, \u00f6z iradesi ile medeniyeti, tili ve yurtuna sevgini saqlayabildiler. Q\u0131r\u0131mtatarlarn\u0131\u00f1 Q\u0131r\u0131m\u011fa qaytmaq o\u011frunda y\u0131llarca devam etken k\u00fcre\u015finde on\u0131\u00f1 liderleri metanet, irade n\u00fcm\u00fcnesi k\u00f6sterdiler. Olarn\u0131\u00f1 bu areketine ukrain ve sab\u0131q sovetler devletini\u00f1 diger halqlar\u0131n\u0131\u00f1 e\u00f1 [&hellip;]","og_url":"https:\/\/qtmm.org\/qt\/surgunliknin-69-yilligi-munasebetinen-alraid-birlesmesinin-qirimtatar-halqina-muracaati\/","og_site_name":"\u041c\u0435\u0434\u0436\u043b\u0456\u0441","article_publisher":"https:\/\/www.facebook.com\/qtmm.info\/","article_published_time":"2013-05-18T20:24:00+00:00","article_modified_time":"2022-01-23T20:25:28+00:00","author":"Developer","twitter_card":"summary_large_image","twitter_misc":{"Written by":"Developer","Est. reading time":"2 minutes"},"schema":{"@context":"https:\/\/schema.org","@graph":[{"@type":"Article","@id":"https:\/\/qtmm.org\/qt\/surgunliknin-69-yilligi-munasebetinen-alraid-birlesmesinin-qirimtatar-halqina-muracaati\/#article","isPartOf":{"@id":"https:\/\/qtmm.org\/qt\/surgunliknin-69-yilligi-munasebetinen-alraid-birlesmesinin-qirimtatar-halqina-muracaati\/"},"author":{"name":"Developer","@id":"https:\/\/qtmm.org\/qt\/#\/schema\/person\/de562469f971dec226ac06e60bbf74a7"},"headline":"S\u00fcrg\u00fcnlikni\u00f1 69 y\u0131ll\u0131\u011f\u0131 munasebetinen \u00abAlraid\u00bb birle\u015fmesini\u00f1 q\u0131r\u0131mtatar halq\u0131na muracaat\u0131","datePublished":"2013-05-18T20:24:00+00:00","dateModified":"2022-01-23T20:25:28+00:00","mainEntityOfPage":{"@id":"https:\/\/qtmm.org\/qt\/surgunliknin-69-yilligi-munasebetinen-alraid-birlesmesinin-qirimtatar-halqina-muracaati\/"},"wordCount":339,"commentCount":0,"publisher":{"@id":"https:\/\/qtmm.org\/qt\/#organization"},"articleSection":["Haberler"],"inLanguage":"qt","potentialAction":[{"@type":"CommentAction","name":"Comment","target":["https:\/\/qtmm.org\/qt\/surgunliknin-69-yilligi-munasebetinen-alraid-birlesmesinin-qirimtatar-halqina-muracaati\/#respond"]}]},{"@type":"WebPage","@id":"https:\/\/qtmm.org\/qt\/surgunliknin-69-yilligi-munasebetinen-alraid-birlesmesinin-qirimtatar-halqina-muracaati\/","url":"https:\/\/qtmm.org\/qt\/surgunliknin-69-yilligi-munasebetinen-alraid-birlesmesinin-qirimtatar-halqina-muracaati\/","name":"S\u00fcrg\u00fcnlikni\u00f1 69 y\u0131ll\u0131\u011f\u0131 munasebetinen \u00abAlraid\u00bb birle\u015fmesini\u00f1 q\u0131r\u0131mtatar halq\u0131na muracaat\u0131 - \u041c\u0435\u0434\u0436\u043b\u0456\u0441","isPartOf":{"@id":"https:\/\/qtmm.org\/qt\/#website"},"datePublished":"2013-05-18T20:24:00+00:00","dateModified":"2022-01-23T20:25:28+00:00","breadcrumb":{"@id":"https:\/\/qtmm.org\/qt\/surgunliknin-69-yilligi-munasebetinen-alraid-birlesmesinin-qirimtatar-halqina-muracaati\/#breadcrumb"},"inLanguage":"qt","potentialAction":[{"@type":"ReadAction","target":["https:\/\/qtmm.org\/qt\/surgunliknin-69-yilligi-munasebetinen-alraid-birlesmesinin-qirimtatar-halqina-muracaati\/"]}]},{"@type":"BreadcrumbList","@id":"https:\/\/qtmm.org\/qt\/surgunliknin-69-yilligi-munasebetinen-alraid-birlesmesinin-qirimtatar-halqina-muracaati\/#breadcrumb","itemListElement":[{"@type":"ListItem","position":1,"name":"\u0413\u043e\u043b\u043e\u0432\u043d\u0430","item":"https:\/\/qtmm.org\/qt\/"},{"@type":"ListItem","position":2,"name":"S\u00fcrg\u00fcnlikni\u00f1 69 y\u0131ll\u0131\u011f\u0131 munasebetinen \u00abAlraid\u00bb birle\u015fmesini\u00f1 q\u0131r\u0131mtatar halq\u0131na muracaat\u0131"}]},{"@type":"WebSite","@id":"https:\/\/qtmm.org\/qt\/#website","url":"https:\/\/qtmm.org\/qt\/","name":"\u041c\u0435\u0434\u0436\u043b\u0456\u0441","description":"","publisher":{"@id":"https:\/\/qtmm.org\/qt\/#organization"},"potentialAction":[{"@type":"SearchAction","target":{"@type":"EntryPoint","urlTemplate":"https:\/\/qtmm.org\/qt\/?s={search_term_string}"},"query-input":{"@type":"PropertyValueSpecification","valueRequired":true,"valueName":"search_term_string"}}],"inLanguage":"qt"},{"@type":"Organization","@id":"https:\/\/qtmm.org\/qt\/#organization","name":"\u041c\u0435\u0434\u0436\u043b\u0456\u0441","url":"https:\/\/qtmm.org\/qt\/","logo":{"@type":"ImageObject","inLanguage":"qt","@id":"https:\/\/qtmm.org\/qt\/#\/schema\/logo\/image\/","url":"https:\/\/qtmm.org\/wp-content\/uploads\/2024\/12\/ua-mejlis-logo-rgb.svg","contentUrl":"https:\/\/qtmm.org\/wp-content\/uploads\/2024\/12\/ua-mejlis-logo-rgb.svg","caption":"\u041c\u0435\u0434\u0436\u043b\u0456\u0441"},"image":{"@id":"https:\/\/qtmm.org\/qt\/#\/schema\/logo\/image\/"},"sameAs":["https:\/\/www.facebook.com\/qtmm.info\/"]},{"@type":"Person","@id":"https:\/\/qtmm.org\/qt\/#\/schema\/person\/de562469f971dec226ac06e60bbf74a7","name":"Developer","image":{"@type":"ImageObject","inLanguage":"qt","@id":"https:\/\/secure.gravatar.com\/avatar\/392b4cc8fbfeb00b39dfeeab4ee6edded39ffd48e25858637e4765810300227e?s=96&d=mm&r=g","url":"https:\/\/secure.gravatar.com\/avatar\/392b4cc8fbfeb00b39dfeeab4ee6edded39ffd48e25858637e4765810300227e?s=96&d=mm&r=g","contentUrl":"https:\/\/secure.gravatar.com\/avatar\/392b4cc8fbfeb00b39dfeeab4ee6edded39ffd48e25858637e4765810300227e?s=96&d=mm&r=g","caption":"Developer"},"url":"https:\/\/qtmm.org\/qt\/author\/Developer\/"}]}},"_links":{"self":[{"href":"https:\/\/qtmm.org\/qt\/wp-json\/wp\/v2\/posts\/37470","targetHints":{"allow":["GET"]}}],"collection":[{"href":"https:\/\/qtmm.org\/qt\/wp-json\/wp\/v2\/posts"}],"about":[{"href":"https:\/\/qtmm.org\/qt\/wp-json\/wp\/v2\/types\/post"}],"author":[{"embeddable":true,"href":"https:\/\/qtmm.org\/qt\/wp-json\/wp\/v2\/users\/1"}],"replies":[{"embeddable":true,"href":"https:\/\/qtmm.org\/qt\/wp-json\/wp\/v2\/comments?post=37470"}],"version-history":[{"count":1,"href":"https:\/\/qtmm.org\/qt\/wp-json\/wp\/v2\/posts\/37470\/revisions"}],"predecessor-version":[{"id":37471,"href":"https:\/\/qtmm.org\/qt\/wp-json\/wp\/v2\/posts\/37470\/revisions\/37471"}],"wp:attachment":[{"href":"https:\/\/qtmm.org\/qt\/wp-json\/wp\/v2\/media?parent=37470"}],"wp:term":[{"taxonomy":"category","embeddable":true,"href":"https:\/\/qtmm.org\/qt\/wp-json\/wp\/v2\/categories?post=37470"},{"taxonomy":"post_tag","embeddable":true,"href":"https:\/\/qtmm.org\/qt\/wp-json\/wp\/v2\/tags?post=37470"}],"curies":[{"name":"wp","href":"https:\/\/api.w.org\/{rel}","templated":true}]}}