




{"id":37468,"date":"2013-05-18T23:24:00","date_gmt":"2013-05-18T20:24:00","guid":{"rendered":"http:\/\/qtmm.org\/?p=37468"},"modified":"2022-01-23T23:24:39","modified_gmt":"2022-01-23T20:24:39","slug":"surgunliknin-69-yilligi-munasebetinen-ukraina-musulmanlari-umma-diniy-idaresinin-qirimtatar-halqina-muracaati","status":"publish","type":"post","link":"https:\/\/qtmm.org\/qt\/surgunliknin-69-yilligi-munasebetinen-ukraina-musulmanlari-umma-diniy-idaresinin-qirimtatar-halqina-muracaati\/","title":{"rendered":"S\u00fcrg\u00fcnlikni\u00f1 69 y\u0131ll\u0131\u011f\u0131 munasebetinen Ukraina musulmanlar\u0131 \u00ab Umma\u00bb diniy idaresini\u00f1 q\u0131r\u0131mtatar halq\u0131na muracaat\u0131"},"content":{"rendered":"\n<p class=\"has-text-align-center\"><em><strong>Q\u0131ymetli a\u011fa-qarda\u015flar ve apteler!<\/strong><\/em><\/p>\n\n\n\n<p><br>Ukraina musulmanlar\u0131 &#8220;Umma&#8221; diniy idaresi q\u0131r\u0131mtatar halq\u0131 \u00f6z tarihiy topra\u011f\u0131ndan s\u00fcrg\u00fcn etilgenini\u00f1 69 y\u0131ll\u0131\u011f\u0131 munasebetinen ba\u015fsa\u011fl\u0131\u011f\u0131 tiley.<\/p>\n\n\n\n<p>Sizi\u00f1 ces\u00fcr musulman halq\u0131\u00f1\u0131zn\u0131\u00f1 ba\u015f\u0131na de\u015fetli s\u0131navlar t\u00fc\u015fti, amma siz b\u00fck\u00fclmedi\u00f1iz, dini\u00f1iz, medeniyet ve \u00f6z yurtu\u00f1\u0131z\u011fa sevgini saqlap qald\u0131\u00f1\u0131z.<\/p>\n\n\n\n<p>Q\u0131r\u0131mtatarlarn\u0131\u00f1 tarihiy asabal\u0131\u011f\u0131ndan pek \u00e7oq \u015fey \u011fay\u0131p etilgenine baqmadan iradeli halq\u0131\u00f1\u0131z medeniy ve diniy variyetini, tili ve tasilini tiklemekte.<\/p>\n\n\n\n<p>Bug\u00fcn q\u0131r\u0131mtatar halq\u0131n\u0131\u00f1 \u00f6g\u00fcnde m\u00fcrekkep meseleler tura. Olar birinci nevbette milliy birli\u011fizni par\u00e7alavnen ba\u011fl\u0131d\u0131r.<\/p>\n\n\n\n<p>Alternativ diniy ve milliy-medeniy merkezlerni meydan\u011fa ketir\u00fcv usul\u0131nen i\u015fan\u00e7s\u0131zl\u0131q, dava ve qav\u011falar qoz\u011fala.<\/p>\n\n\n\n<p>Sizi\u00f1 ikmetli halq\u0131\u00f1\u0131z i\u00e7 bir \u015feyge baqmadan maneviy birligini saqlap, \u00f6z topra\u011f\u0131nda aqlar\u0131n\u0131\u00f1 tiklenmesine iri\u015fecegine inanam\u0131z<br><br>Y\u00fcce Allah q\u0131r\u0131mtatar halq\u0131na \u015fefqat eylesin, sizge birlik, bar\u0131\u015f\u0131ql\u0131q ve ilerileme\u00f1izni tileymiz!<br>Q\u0131r\u0131mtatar halq\u0131 i\u00e7\u00fcn duac\u0131m\u0131z<br><br><br><em><strong>&#8220;Umma&#8221; Ukraina musulmanlar\u0131 Diniy idaresini\u00f1 reisi \u0130sl\u00e2m Gimadutin<br><br><br>&#8220;Umma&#8221; Ukraina musulmanlar\u0131 Diniy idaresini\u00f1 M\u00fcftiyi Said \u0130smagilov<\/strong><\/em><\/p>\n","protected":false},"excerpt":{"rendered":"<p>Q\u0131ymetli a\u011fa-qarda\u015flar ve apteler! Ukraina musulmanlar\u0131 &#8220;Umma&#8221; diniy idaresi q\u0131r\u0131mtatar halq\u0131 \u00f6z tarihiy topra\u011f\u0131ndan s\u00fcrg\u00fcn etilgenini\u00f1 69 y\u0131ll\u0131\u011f\u0131 munasebetinen ba\u015fsa\u011fl\u0131\u011f\u0131 tiley. Sizi\u00f1 ces\u00fcr musulman halq\u0131\u00f1\u0131zn\u0131\u00f1 ba\u015f\u0131na de\u015fetli s\u0131navlar t\u00fc\u015fti, amma siz b\u00fck\u00fclmedi\u00f1iz, dini\u00f1iz, medeniyet ve \u00f6z yurtu\u00f1\u0131z\u011fa sevgini saqlap qald\u0131\u00f1\u0131z. Q\u0131r\u0131mtatarlarn\u0131\u00f1 tarihiy asabal\u0131\u011f\u0131ndan pek \u00e7oq \u015fey \u011fay\u0131p etilgenine baqmadan iradeli halq\u0131\u00f1\u0131z medeniy ve diniy variyetini, [&hellip;]<\/p>\n","protected":false},"author":1,"featured_media":0,"comment_status":"open","ping_status":"open","sticky":false,"template":"","format":"standard","meta":{"inline_featured_image":false,"footnotes":""},"categories":[265],"tags":[],"class_list":["post-37468","post","type-post","status-publish","format-standard","hentry","category-haberler"],"acf":[],"yoast_head":"<!-- This site is optimized with the Yoast SEO plugin v27.4 - https:\/\/yoast.com\/product\/yoast-seo-wordpress\/ -->\n<title>S\u00fcrg\u00fcnlikni\u00f1 69 y\u0131ll\u0131\u011f\u0131 munasebetinen Ukraina musulmanlar\u0131 \u00ab Umma\u00bb diniy idaresini\u00f1 q\u0131r\u0131mtatar halq\u0131na muracaat\u0131 - \u041c\u0435\u0434\u0436\u043b\u0456\u0441<\/title>\n<meta name=\"robots\" content=\"index, follow, max-snippet:-1, max-image-preview:large, max-video-preview:-1\" \/>\n<link rel=\"canonical\" href=\"https:\/\/qtmm.org\/qt\/surgunliknin-69-yilligi-munasebetinen-ukraina-musulmanlari-umma-diniy-idaresinin-qirimtatar-halqina-muracaati\/\" \/>\n<meta property=\"og:locale\" content=\"en_US\" \/>\n<meta property=\"og:type\" content=\"article\" \/>\n<meta property=\"og:title\" content=\"S\u00fcrg\u00fcnlikni\u00f1 69 y\u0131ll\u0131\u011f\u0131 munasebetinen Ukraina musulmanlar\u0131 \u00ab Umma\u00bb diniy idaresini\u00f1 q\u0131r\u0131mtatar halq\u0131na muracaat\u0131 - \u041c\u0435\u0434\u0436\u043b\u0456\u0441\" \/>\n<meta property=\"og:description\" content=\"Q\u0131ymetli a\u011fa-qarda\u015flar ve apteler! Ukraina musulmanlar\u0131 &#8220;Umma&#8221; diniy idaresi q\u0131r\u0131mtatar halq\u0131 \u00f6z tarihiy topra\u011f\u0131ndan s\u00fcrg\u00fcn etilgenini\u00f1 69 y\u0131ll\u0131\u011f\u0131 munasebetinen ba\u015fsa\u011fl\u0131\u011f\u0131 tiley. Sizi\u00f1 ces\u00fcr musulman halq\u0131\u00f1\u0131zn\u0131\u00f1 ba\u015f\u0131na de\u015fetli s\u0131navlar t\u00fc\u015fti, amma siz b\u00fck\u00fclmedi\u00f1iz, dini\u00f1iz, medeniyet ve \u00f6z yurtu\u00f1\u0131z\u011fa sevgini saqlap qald\u0131\u00f1\u0131z. Q\u0131r\u0131mtatarlarn\u0131\u00f1 tarihiy asabal\u0131\u011f\u0131ndan pek \u00e7oq \u015fey \u011fay\u0131p etilgenine baqmadan iradeli halq\u0131\u00f1\u0131z medeniy ve diniy variyetini, [&hellip;]\" \/>\n<meta property=\"og:url\" content=\"https:\/\/qtmm.org\/qt\/surgunliknin-69-yilligi-munasebetinen-ukraina-musulmanlari-umma-diniy-idaresinin-qirimtatar-halqina-muracaati\/\" \/>\n<meta property=\"og:site_name\" content=\"\u041c\u0435\u0434\u0436\u043b\u0456\u0441\" \/>\n<meta property=\"article:publisher\" content=\"https:\/\/www.facebook.com\/qtmm.info\/\" \/>\n<meta property=\"article:published_time\" content=\"2013-05-18T20:24:00+00:00\" \/>\n<meta property=\"article:modified_time\" content=\"2022-01-23T20:24:39+00:00\" \/>\n<meta name=\"author\" content=\"Developer\" \/>\n<meta name=\"twitter:card\" content=\"summary_large_image\" \/>\n<meta name=\"twitter:label1\" content=\"Written by\" \/>\n\t<meta name=\"twitter:data1\" content=\"Developer\" \/>\n\t<meta name=\"twitter:label2\" content=\"Est. reading time\" \/>\n\t<meta name=\"twitter:data2\" content=\"1 minute\" \/>\n<script type=\"application\/ld+json\" class=\"yoast-schema-graph\">{\"@context\":\"https:\\\/\\\/schema.org\",\"@graph\":[{\"@type\":\"Article\",\"@id\":\"https:\\\/\\\/qtmm.org\\\/qt\\\/surgunliknin-69-yilligi-munasebetinen-ukraina-musulmanlari-umma-diniy-idaresinin-qirimtatar-halqina-muracaati\\\/#article\",\"isPartOf\":{\"@id\":\"https:\\\/\\\/qtmm.org\\\/qt\\\/surgunliknin-69-yilligi-munasebetinen-ukraina-musulmanlari-umma-diniy-idaresinin-qirimtatar-halqina-muracaati\\\/\"},\"author\":{\"name\":\"Developer\",\"@id\":\"https:\\\/\\\/qtmm.org\\\/qt\\\/#\\\/schema\\\/person\\\/de562469f971dec226ac06e60bbf74a7\"},\"headline\":\"S\u00fcrg\u00fcnlikni\u00f1 69 y\u0131ll\u0131\u011f\u0131 munasebetinen Ukraina musulmanlar\u0131 \u00ab Umma\u00bb diniy idaresini\u00f1 q\u0131r\u0131mtatar halq\u0131na muracaat\u0131\",\"datePublished\":\"2013-05-18T20:24:00+00:00\",\"dateModified\":\"2022-01-23T20:24:39+00:00\",\"mainEntityOfPage\":{\"@id\":\"https:\\\/\\\/qtmm.org\\\/qt\\\/surgunliknin-69-yilligi-munasebetinen-ukraina-musulmanlari-umma-diniy-idaresinin-qirimtatar-halqina-muracaati\\\/\"},\"wordCount\":218,\"commentCount\":0,\"publisher\":{\"@id\":\"https:\\\/\\\/qtmm.org\\\/qt\\\/#organization\"},\"articleSection\":[\"Haberler\"],\"inLanguage\":\"qt\",\"potentialAction\":[{\"@type\":\"CommentAction\",\"name\":\"Comment\",\"target\":[\"https:\\\/\\\/qtmm.org\\\/qt\\\/surgunliknin-69-yilligi-munasebetinen-ukraina-musulmanlari-umma-diniy-idaresinin-qirimtatar-halqina-muracaati\\\/#respond\"]}]},{\"@type\":\"WebPage\",\"@id\":\"https:\\\/\\\/qtmm.org\\\/qt\\\/surgunliknin-69-yilligi-munasebetinen-ukraina-musulmanlari-umma-diniy-idaresinin-qirimtatar-halqina-muracaati\\\/\",\"url\":\"https:\\\/\\\/qtmm.org\\\/qt\\\/surgunliknin-69-yilligi-munasebetinen-ukraina-musulmanlari-umma-diniy-idaresinin-qirimtatar-halqina-muracaati\\\/\",\"name\":\"S\u00fcrg\u00fcnlikni\u00f1 69 y\u0131ll\u0131\u011f\u0131 munasebetinen Ukraina musulmanlar\u0131 \u00ab Umma\u00bb diniy idaresini\u00f1 q\u0131r\u0131mtatar halq\u0131na muracaat\u0131 - \u041c\u0435\u0434\u0436\u043b\u0456\u0441\",\"isPartOf\":{\"@id\":\"https:\\\/\\\/qtmm.org\\\/qt\\\/#website\"},\"datePublished\":\"2013-05-18T20:24:00+00:00\",\"dateModified\":\"2022-01-23T20:24:39+00:00\",\"breadcrumb\":{\"@id\":\"https:\\\/\\\/qtmm.org\\\/qt\\\/surgunliknin-69-yilligi-munasebetinen-ukraina-musulmanlari-umma-diniy-idaresinin-qirimtatar-halqina-muracaati\\\/#breadcrumb\"},\"inLanguage\":\"qt\",\"potentialAction\":[{\"@type\":\"ReadAction\",\"target\":[\"https:\\\/\\\/qtmm.org\\\/qt\\\/surgunliknin-69-yilligi-munasebetinen-ukraina-musulmanlari-umma-diniy-idaresinin-qirimtatar-halqina-muracaati\\\/\"]}]},{\"@type\":\"BreadcrumbList\",\"@id\":\"https:\\\/\\\/qtmm.org\\\/qt\\\/surgunliknin-69-yilligi-munasebetinen-ukraina-musulmanlari-umma-diniy-idaresinin-qirimtatar-halqina-muracaati\\\/#breadcrumb\",\"itemListElement\":[{\"@type\":\"ListItem\",\"position\":1,\"name\":\"\u0413\u043e\u043b\u043e\u0432\u043d\u0430\",\"item\":\"https:\\\/\\\/qtmm.org\\\/qt\\\/\"},{\"@type\":\"ListItem\",\"position\":2,\"name\":\"S\u00fcrg\u00fcnlikni\u00f1 69 y\u0131ll\u0131\u011f\u0131 munasebetinen Ukraina musulmanlar\u0131 \u00ab Umma\u00bb diniy idaresini\u00f1 q\u0131r\u0131mtatar halq\u0131na muracaat\u0131\"}]},{\"@type\":\"WebSite\",\"@id\":\"https:\\\/\\\/qtmm.org\\\/qt\\\/#website\",\"url\":\"https:\\\/\\\/qtmm.org\\\/qt\\\/\",\"name\":\"\u041c\u0435\u0434\u0436\u043b\u0456\u0441\",\"description\":\"\",\"publisher\":{\"@id\":\"https:\\\/\\\/qtmm.org\\\/qt\\\/#organization\"},\"potentialAction\":[{\"@type\":\"SearchAction\",\"target\":{\"@type\":\"EntryPoint\",\"urlTemplate\":\"https:\\\/\\\/qtmm.org\\\/qt\\\/?s={search_term_string}\"},\"query-input\":{\"@type\":\"PropertyValueSpecification\",\"valueRequired\":true,\"valueName\":\"search_term_string\"}}],\"inLanguage\":\"qt\"},{\"@type\":\"Organization\",\"@id\":\"https:\\\/\\\/qtmm.org\\\/qt\\\/#organization\",\"name\":\"\u041c\u0435\u0434\u0436\u043b\u0456\u0441\",\"url\":\"https:\\\/\\\/qtmm.org\\\/qt\\\/\",\"logo\":{\"@type\":\"ImageObject\",\"inLanguage\":\"qt\",\"@id\":\"https:\\\/\\\/qtmm.org\\\/qt\\\/#\\\/schema\\\/logo\\\/image\\\/\",\"url\":\"https:\\\/\\\/qtmm.org\\\/wp-content\\\/uploads\\\/2024\\\/12\\\/ua-mejlis-logo-rgb.svg\",\"contentUrl\":\"https:\\\/\\\/qtmm.org\\\/wp-content\\\/uploads\\\/2024\\\/12\\\/ua-mejlis-logo-rgb.svg\",\"caption\":\"\u041c\u0435\u0434\u0436\u043b\u0456\u0441\"},\"image\":{\"@id\":\"https:\\\/\\\/qtmm.org\\\/qt\\\/#\\\/schema\\\/logo\\\/image\\\/\"},\"sameAs\":[\"https:\\\/\\\/www.facebook.com\\\/qtmm.info\\\/\"]},{\"@type\":\"Person\",\"@id\":\"https:\\\/\\\/qtmm.org\\\/qt\\\/#\\\/schema\\\/person\\\/de562469f971dec226ac06e60bbf74a7\",\"name\":\"Developer\",\"image\":{\"@type\":\"ImageObject\",\"inLanguage\":\"qt\",\"@id\":\"https:\\\/\\\/secure.gravatar.com\\\/avatar\\\/392b4cc8fbfeb00b39dfeeab4ee6edded39ffd48e25858637e4765810300227e?s=96&d=mm&r=g\",\"url\":\"https:\\\/\\\/secure.gravatar.com\\\/avatar\\\/392b4cc8fbfeb00b39dfeeab4ee6edded39ffd48e25858637e4765810300227e?s=96&d=mm&r=g\",\"contentUrl\":\"https:\\\/\\\/secure.gravatar.com\\\/avatar\\\/392b4cc8fbfeb00b39dfeeab4ee6edded39ffd48e25858637e4765810300227e?s=96&d=mm&r=g\",\"caption\":\"Developer\"},\"url\":\"https:\\\/\\\/qtmm.org\\\/qt\\\/author\\\/Developer\\\/\"}]}<\/script>\n<!-- \/ Yoast SEO plugin. -->","yoast_head_json":{"title":"S\u00fcrg\u00fcnlikni\u00f1 69 y\u0131ll\u0131\u011f\u0131 munasebetinen Ukraina musulmanlar\u0131 \u00ab Umma\u00bb diniy idaresini\u00f1 q\u0131r\u0131mtatar halq\u0131na muracaat\u0131 - \u041c\u0435\u0434\u0436\u043b\u0456\u0441","robots":{"index":"index","follow":"follow","max-snippet":"max-snippet:-1","max-image-preview":"max-image-preview:large","max-video-preview":"max-video-preview:-1"},"canonical":"https:\/\/qtmm.org\/qt\/surgunliknin-69-yilligi-munasebetinen-ukraina-musulmanlari-umma-diniy-idaresinin-qirimtatar-halqina-muracaati\/","og_locale":"en_US","og_type":"article","og_title":"S\u00fcrg\u00fcnlikni\u00f1 69 y\u0131ll\u0131\u011f\u0131 munasebetinen Ukraina musulmanlar\u0131 \u00ab Umma\u00bb diniy idaresini\u00f1 q\u0131r\u0131mtatar halq\u0131na muracaat\u0131 - \u041c\u0435\u0434\u0436\u043b\u0456\u0441","og_description":"Q\u0131ymetli a\u011fa-qarda\u015flar ve apteler! Ukraina musulmanlar\u0131 &#8220;Umma&#8221; diniy idaresi q\u0131r\u0131mtatar halq\u0131 \u00f6z tarihiy topra\u011f\u0131ndan s\u00fcrg\u00fcn etilgenini\u00f1 69 y\u0131ll\u0131\u011f\u0131 munasebetinen ba\u015fsa\u011fl\u0131\u011f\u0131 tiley. Sizi\u00f1 ces\u00fcr musulman halq\u0131\u00f1\u0131zn\u0131\u00f1 ba\u015f\u0131na de\u015fetli s\u0131navlar t\u00fc\u015fti, amma siz b\u00fck\u00fclmedi\u00f1iz, dini\u00f1iz, medeniyet ve \u00f6z yurtu\u00f1\u0131z\u011fa sevgini saqlap qald\u0131\u00f1\u0131z. Q\u0131r\u0131mtatarlarn\u0131\u00f1 tarihiy asabal\u0131\u011f\u0131ndan pek \u00e7oq \u015fey \u011fay\u0131p etilgenine baqmadan iradeli halq\u0131\u00f1\u0131z medeniy ve diniy variyetini, [&hellip;]","og_url":"https:\/\/qtmm.org\/qt\/surgunliknin-69-yilligi-munasebetinen-ukraina-musulmanlari-umma-diniy-idaresinin-qirimtatar-halqina-muracaati\/","og_site_name":"\u041c\u0435\u0434\u0436\u043b\u0456\u0441","article_publisher":"https:\/\/www.facebook.com\/qtmm.info\/","article_published_time":"2013-05-18T20:24:00+00:00","article_modified_time":"2022-01-23T20:24:39+00:00","author":"Developer","twitter_card":"summary_large_image","twitter_misc":{"Written by":"Developer","Est. reading time":"1 minute"},"schema":{"@context":"https:\/\/schema.org","@graph":[{"@type":"Article","@id":"https:\/\/qtmm.org\/qt\/surgunliknin-69-yilligi-munasebetinen-ukraina-musulmanlari-umma-diniy-idaresinin-qirimtatar-halqina-muracaati\/#article","isPartOf":{"@id":"https:\/\/qtmm.org\/qt\/surgunliknin-69-yilligi-munasebetinen-ukraina-musulmanlari-umma-diniy-idaresinin-qirimtatar-halqina-muracaati\/"},"author":{"name":"Developer","@id":"https:\/\/qtmm.org\/qt\/#\/schema\/person\/de562469f971dec226ac06e60bbf74a7"},"headline":"S\u00fcrg\u00fcnlikni\u00f1 69 y\u0131ll\u0131\u011f\u0131 munasebetinen Ukraina musulmanlar\u0131 \u00ab Umma\u00bb diniy idaresini\u00f1 q\u0131r\u0131mtatar halq\u0131na muracaat\u0131","datePublished":"2013-05-18T20:24:00+00:00","dateModified":"2022-01-23T20:24:39+00:00","mainEntityOfPage":{"@id":"https:\/\/qtmm.org\/qt\/surgunliknin-69-yilligi-munasebetinen-ukraina-musulmanlari-umma-diniy-idaresinin-qirimtatar-halqina-muracaati\/"},"wordCount":218,"commentCount":0,"publisher":{"@id":"https:\/\/qtmm.org\/qt\/#organization"},"articleSection":["Haberler"],"inLanguage":"qt","potentialAction":[{"@type":"CommentAction","name":"Comment","target":["https:\/\/qtmm.org\/qt\/surgunliknin-69-yilligi-munasebetinen-ukraina-musulmanlari-umma-diniy-idaresinin-qirimtatar-halqina-muracaati\/#respond"]}]},{"@type":"WebPage","@id":"https:\/\/qtmm.org\/qt\/surgunliknin-69-yilligi-munasebetinen-ukraina-musulmanlari-umma-diniy-idaresinin-qirimtatar-halqina-muracaati\/","url":"https:\/\/qtmm.org\/qt\/surgunliknin-69-yilligi-munasebetinen-ukraina-musulmanlari-umma-diniy-idaresinin-qirimtatar-halqina-muracaati\/","name":"S\u00fcrg\u00fcnlikni\u00f1 69 y\u0131ll\u0131\u011f\u0131 munasebetinen Ukraina musulmanlar\u0131 \u00ab Umma\u00bb diniy idaresini\u00f1 q\u0131r\u0131mtatar halq\u0131na muracaat\u0131 - \u041c\u0435\u0434\u0436\u043b\u0456\u0441","isPartOf":{"@id":"https:\/\/qtmm.org\/qt\/#website"},"datePublished":"2013-05-18T20:24:00+00:00","dateModified":"2022-01-23T20:24:39+00:00","breadcrumb":{"@id":"https:\/\/qtmm.org\/qt\/surgunliknin-69-yilligi-munasebetinen-ukraina-musulmanlari-umma-diniy-idaresinin-qirimtatar-halqina-muracaati\/#breadcrumb"},"inLanguage":"qt","potentialAction":[{"@type":"ReadAction","target":["https:\/\/qtmm.org\/qt\/surgunliknin-69-yilligi-munasebetinen-ukraina-musulmanlari-umma-diniy-idaresinin-qirimtatar-halqina-muracaati\/"]}]},{"@type":"BreadcrumbList","@id":"https:\/\/qtmm.org\/qt\/surgunliknin-69-yilligi-munasebetinen-ukraina-musulmanlari-umma-diniy-idaresinin-qirimtatar-halqina-muracaati\/#breadcrumb","itemListElement":[{"@type":"ListItem","position":1,"name":"\u0413\u043e\u043b\u043e\u0432\u043d\u0430","item":"https:\/\/qtmm.org\/qt\/"},{"@type":"ListItem","position":2,"name":"S\u00fcrg\u00fcnlikni\u00f1 69 y\u0131ll\u0131\u011f\u0131 munasebetinen Ukraina musulmanlar\u0131 \u00ab Umma\u00bb diniy idaresini\u00f1 q\u0131r\u0131mtatar halq\u0131na muracaat\u0131"}]},{"@type":"WebSite","@id":"https:\/\/qtmm.org\/qt\/#website","url":"https:\/\/qtmm.org\/qt\/","name":"\u041c\u0435\u0434\u0436\u043b\u0456\u0441","description":"","publisher":{"@id":"https:\/\/qtmm.org\/qt\/#organization"},"potentialAction":[{"@type":"SearchAction","target":{"@type":"EntryPoint","urlTemplate":"https:\/\/qtmm.org\/qt\/?s={search_term_string}"},"query-input":{"@type":"PropertyValueSpecification","valueRequired":true,"valueName":"search_term_string"}}],"inLanguage":"qt"},{"@type":"Organization","@id":"https:\/\/qtmm.org\/qt\/#organization","name":"\u041c\u0435\u0434\u0436\u043b\u0456\u0441","url":"https:\/\/qtmm.org\/qt\/","logo":{"@type":"ImageObject","inLanguage":"qt","@id":"https:\/\/qtmm.org\/qt\/#\/schema\/logo\/image\/","url":"https:\/\/qtmm.org\/wp-content\/uploads\/2024\/12\/ua-mejlis-logo-rgb.svg","contentUrl":"https:\/\/qtmm.org\/wp-content\/uploads\/2024\/12\/ua-mejlis-logo-rgb.svg","caption":"\u041c\u0435\u0434\u0436\u043b\u0456\u0441"},"image":{"@id":"https:\/\/qtmm.org\/qt\/#\/schema\/logo\/image\/"},"sameAs":["https:\/\/www.facebook.com\/qtmm.info\/"]},{"@type":"Person","@id":"https:\/\/qtmm.org\/qt\/#\/schema\/person\/de562469f971dec226ac06e60bbf74a7","name":"Developer","image":{"@type":"ImageObject","inLanguage":"qt","@id":"https:\/\/secure.gravatar.com\/avatar\/392b4cc8fbfeb00b39dfeeab4ee6edded39ffd48e25858637e4765810300227e?s=96&d=mm&r=g","url":"https:\/\/secure.gravatar.com\/avatar\/392b4cc8fbfeb00b39dfeeab4ee6edded39ffd48e25858637e4765810300227e?s=96&d=mm&r=g","contentUrl":"https:\/\/secure.gravatar.com\/avatar\/392b4cc8fbfeb00b39dfeeab4ee6edded39ffd48e25858637e4765810300227e?s=96&d=mm&r=g","caption":"Developer"},"url":"https:\/\/qtmm.org\/qt\/author\/Developer\/"}]}},"_links":{"self":[{"href":"https:\/\/qtmm.org\/qt\/wp-json\/wp\/v2\/posts\/37468","targetHints":{"allow":["GET"]}}],"collection":[{"href":"https:\/\/qtmm.org\/qt\/wp-json\/wp\/v2\/posts"}],"about":[{"href":"https:\/\/qtmm.org\/qt\/wp-json\/wp\/v2\/types\/post"}],"author":[{"embeddable":true,"href":"https:\/\/qtmm.org\/qt\/wp-json\/wp\/v2\/users\/1"}],"replies":[{"embeddable":true,"href":"https:\/\/qtmm.org\/qt\/wp-json\/wp\/v2\/comments?post=37468"}],"version-history":[{"count":1,"href":"https:\/\/qtmm.org\/qt\/wp-json\/wp\/v2\/posts\/37468\/revisions"}],"predecessor-version":[{"id":37469,"href":"https:\/\/qtmm.org\/qt\/wp-json\/wp\/v2\/posts\/37468\/revisions\/37469"}],"wp:attachment":[{"href":"https:\/\/qtmm.org\/qt\/wp-json\/wp\/v2\/media?parent=37468"}],"wp:term":[{"taxonomy":"category","embeddable":true,"href":"https:\/\/qtmm.org\/qt\/wp-json\/wp\/v2\/categories?post=37468"},{"taxonomy":"post_tag","embeddable":true,"href":"https:\/\/qtmm.org\/qt\/wp-json\/wp\/v2\/tags?post=37468"}],"curies":[{"name":"wp","href":"https:\/\/api.w.org\/{rel}","templated":true}]}}