




{"id":37466,"date":"2013-05-17T23:23:00","date_gmt":"2013-05-17T20:23:00","guid":{"rendered":"http:\/\/qtmm.org\/?p=37466"},"modified":"2022-01-23T23:23:56","modified_gmt":"2022-01-23T20:23:56","slug":"surgunlik-qurbanlarinin-hatirasi-kunu-munasebetinen-ukraina-halq-areketinin-bas-sagligi","status":"publish","type":"post","link":"https:\/\/qtmm.org\/qt\/surgunlik-qurbanlarinin-hatirasi-kunu-munasebetinen-ukraina-halq-areketinin-bas-sagligi\/","title":{"rendered":"S\u00fcrg\u00fcnlik qurbanlar\u0131n\u0131\u00f1 hat\u0131ras\u0131 k\u00fcn\u00fc munasebetinen Ukraina Halq areketini\u00f1 ba\u015f sa\u011fl\u0131\u011f\u0131"},"content":{"rendered":"\n<p class=\"has-text-align-center\"><strong>Aziz Vatanda\u015flar!<\/strong><\/p>\n\n\n\n<p><br>Totalittar stalin rejimi 1944 senesi baarde q\u0131r\u0131mtatarlarn\u0131 s\u00fcrg\u00fcn etip ti\u015flerini k\u00f6sterdi.<\/p>\n\n\n\n<p>Caniy areketler aqibetinde b\u00fct\u00fcn q\u0131r\u0131mtatar halq\u0131 s\u00fcrg\u00fcn etildi, bi\u00f1lernen insanlar ise a\u00e7l\u0131q ve azaplar\u011fa dayanmadan \u00f6ldi.<\/p>\n\n\n\n<p>Kommunist partiyas\u0131 insanlarn\u0131 e\u00f1 aziz \u015fey \u2013 Vatan\u0131ndan mahrum etti. Ve faqat bizim devletimiz mustaqilligini elde etken so\u00f1 olarn\u0131\u00f1 qaytmalar\u0131na izin berildi. Ayn\u0131 ukrainler q\u0131r\u0131mtatarlar\u011fa qoltutqanlar\u0131n\u0131\u00f1 sebeplerden biri \u015f\u00fcki, biz de t\u0131pq\u0131 sizler kibi Sovetler Birligini\u00f1 vah\u015fiy rejiminden eziyet \u00e7ektik.<\/p>\n\n\n\n<p>Ukrainler daitma sizler ile qarda\u015f ol\u0131p keldi. Me\u015fur ukrain uquqqoruy\u0131c\u0131s\u0131 P\u00f6tr Grigorenko, Areketimizn\u0131\u00f1 ba\u015f\u0131 V\u00e2\u00e7eslav \u00c7ornovil q\u0131r\u0131mtatar halq\u0131nen yan-yana\u015fa aqq\u0131\u00f1\u0131z ve mustaqilligi\u00f1iz i\u00e7\u00fcn k\u00fcre\u015ftiler.<\/p>\n\n\n\n<p>\u0130\u015fte, Ukraina Halq areketi daima sizi\u00f1 taraf\u0131\u00f1\u0131zn\u0131 tuta, q\u0131r\u0131mtatar halq\u0131n\u0131\u00f1 i\u015fan\u00e7l\u0131 dostud\u0131r.<\/p>\n\n\n\n<p>Bu facia bizim de faciam\u0131zd\u0131r. Bug\u00fcn b\u00fct\u00fcn ukrain halq\u0131 qurbanlarn\u0131\u00f1 hat\u0131ras\u0131n\u0131 ba\u015f\u0131n\u0131 egerek a\u00f1a. Biz tuv\u011fan topraqqa qaytuv aqq\u0131 i\u00e7\u00fcn k\u00fcre\u015fken, bu cenkte el\u00e2k ol\u011fan, tarih\u0131, ananeleri ve \u00f6zg\u00fcnligi o\u011frunda arekette el\u00e2k ol\u011fanlarn\u0131 hat\u0131rlaym\u0131z. Qarda\u015flar, yeter ki istek olsun, yap\u0131c\u0131 dialog\u011fa az\u0131rl\u0131q, bir maqsad i\u00e7\u00fcn k\u00fcre\u015fip er angi meselelerni \u00e7ezmek m\u00fcmk\u00fcn. Beraber biz Ukraina ve Q\u0131r\u0131m i\u00e7\u00fcn \u00e7oq i\u015f yapabilirmiz. .<\/p>\n\n\n\n<p>Bug\u00fcn biz b\u00fct\u00fcn milletni birlik, bar\u0131\u015f\u0131qqa \u00e7a\u011f\u0131ram\u0131z. Devletimiz ve muhtariyette bar\u0131\u015f\u0131ql\u0131q ve inki\u015fafn\u0131 temin etmek umumiy i\u015fimizdir. Bizlerni yoq etmege t\u0131r\u0131\u015fqanlar\u011fa qar\u015f\u0131 turmaq i\u00e7\u00fcn beraber olmaq kerekmiz.<\/p>\n\n\n\n<p class=\"has-text-align-center\"><strong>Q\u0131r\u0131mtatar halq\u0131na \u015fan-\u015feref!<\/strong><\/p>\n\n\n\n<p class=\"has-text-align-center\"><strong>Ya\u015fas\u0131n Ukraina!<\/strong><\/p>\n\n\n\n<p class=\"has-text-align-right\"><em><strong>Ukraina Halq areketini\u00f1 reisi Vasiliy K\u00fcybida<\/strong><\/em><\/p>\n","protected":false},"excerpt":{"rendered":"<p>Aziz Vatanda\u015flar! Totalittar stalin rejimi 1944 senesi baarde q\u0131r\u0131mtatarlarn\u0131 s\u00fcrg\u00fcn etip ti\u015flerini k\u00f6sterdi. Caniy areketler aqibetinde b\u00fct\u00fcn q\u0131r\u0131mtatar halq\u0131 s\u00fcrg\u00fcn etildi, bi\u00f1lernen insanlar ise a\u00e7l\u0131q ve azaplar\u011fa dayanmadan \u00f6ldi. Kommunist partiyas\u0131 insanlarn\u0131 e\u00f1 aziz \u015fey \u2013 Vatan\u0131ndan mahrum etti. Ve faqat bizim devletimiz mustaqilligini elde etken so\u00f1 olarn\u0131\u00f1 qaytmalar\u0131na izin berildi. Ayn\u0131 ukrainler q\u0131r\u0131mtatarlar\u011fa qoltutqanlar\u0131n\u0131\u00f1 [&hellip;]<\/p>\n","protected":false},"author":1,"featured_media":0,"comment_status":"open","ping_status":"open","sticky":false,"template":"","format":"standard","meta":{"inline_featured_image":false,"footnotes":""},"categories":[265],"tags":[],"class_list":["post-37466","post","type-post","status-publish","format-standard","hentry","category-haberler"],"acf":[],"yoast_head":"<!-- This site is optimized with the Yoast SEO plugin v27.4 - https:\/\/yoast.com\/product\/yoast-seo-wordpress\/ -->\n<title>S\u00fcrg\u00fcnlik qurbanlar\u0131n\u0131\u00f1 hat\u0131ras\u0131 k\u00fcn\u00fc munasebetinen Ukraina Halq areketini\u00f1 ba\u015f sa\u011fl\u0131\u011f\u0131 - \u041c\u0435\u0434\u0436\u043b\u0456\u0441<\/title>\n<meta name=\"robots\" content=\"index, follow, max-snippet:-1, max-image-preview:large, max-video-preview:-1\" \/>\n<link rel=\"canonical\" href=\"https:\/\/qtmm.org\/qt\/surgunlik-qurbanlarinin-hatirasi-kunu-munasebetinen-ukraina-halq-areketinin-bas-sagligi\/\" \/>\n<meta property=\"og:locale\" content=\"en_US\" \/>\n<meta property=\"og:type\" content=\"article\" \/>\n<meta property=\"og:title\" content=\"S\u00fcrg\u00fcnlik qurbanlar\u0131n\u0131\u00f1 hat\u0131ras\u0131 k\u00fcn\u00fc munasebetinen Ukraina Halq areketini\u00f1 ba\u015f sa\u011fl\u0131\u011f\u0131 - \u041c\u0435\u0434\u0436\u043b\u0456\u0441\" \/>\n<meta property=\"og:description\" content=\"Aziz Vatanda\u015flar! Totalittar stalin rejimi 1944 senesi baarde q\u0131r\u0131mtatarlarn\u0131 s\u00fcrg\u00fcn etip ti\u015flerini k\u00f6sterdi. Caniy areketler aqibetinde b\u00fct\u00fcn q\u0131r\u0131mtatar halq\u0131 s\u00fcrg\u00fcn etildi, bi\u00f1lernen insanlar ise a\u00e7l\u0131q ve azaplar\u011fa dayanmadan \u00f6ldi. Kommunist partiyas\u0131 insanlarn\u0131 e\u00f1 aziz \u015fey \u2013 Vatan\u0131ndan mahrum etti. Ve faqat bizim devletimiz mustaqilligini elde etken so\u00f1 olarn\u0131\u00f1 qaytmalar\u0131na izin berildi. Ayn\u0131 ukrainler q\u0131r\u0131mtatarlar\u011fa qoltutqanlar\u0131n\u0131\u00f1 [&hellip;]\" \/>\n<meta property=\"og:url\" content=\"https:\/\/qtmm.org\/qt\/surgunlik-qurbanlarinin-hatirasi-kunu-munasebetinen-ukraina-halq-areketinin-bas-sagligi\/\" \/>\n<meta property=\"og:site_name\" content=\"\u041c\u0435\u0434\u0436\u043b\u0456\u0441\" \/>\n<meta property=\"article:publisher\" content=\"https:\/\/www.facebook.com\/qtmm.info\/\" \/>\n<meta property=\"article:published_time\" content=\"2013-05-17T20:23:00+00:00\" \/>\n<meta property=\"article:modified_time\" content=\"2022-01-23T20:23:56+00:00\" \/>\n<meta name=\"author\" content=\"Developer\" \/>\n<meta name=\"twitter:card\" content=\"summary_large_image\" \/>\n<meta name=\"twitter:label1\" content=\"Written by\" \/>\n\t<meta name=\"twitter:data1\" content=\"Developer\" \/>\n\t<meta name=\"twitter:label2\" content=\"Est. reading time\" \/>\n\t<meta name=\"twitter:data2\" content=\"2 minutes\" \/>\n<script type=\"application\/ld+json\" class=\"yoast-schema-graph\">{\"@context\":\"https:\\\/\\\/schema.org\",\"@graph\":[{\"@type\":\"Article\",\"@id\":\"https:\\\/\\\/qtmm.org\\\/qt\\\/surgunlik-qurbanlarinin-hatirasi-kunu-munasebetinen-ukraina-halq-areketinin-bas-sagligi\\\/#article\",\"isPartOf\":{\"@id\":\"https:\\\/\\\/qtmm.org\\\/qt\\\/surgunlik-qurbanlarinin-hatirasi-kunu-munasebetinen-ukraina-halq-areketinin-bas-sagligi\\\/\"},\"author\":{\"name\":\"Developer\",\"@id\":\"https:\\\/\\\/qtmm.org\\\/qt\\\/#\\\/schema\\\/person\\\/de562469f971dec226ac06e60bbf74a7\"},\"headline\":\"S\u00fcrg\u00fcnlik qurbanlar\u0131n\u0131\u00f1 hat\u0131ras\u0131 k\u00fcn\u00fc munasebetinen Ukraina Halq areketini\u00f1 ba\u015f sa\u011fl\u0131\u011f\u0131\",\"datePublished\":\"2013-05-17T20:23:00+00:00\",\"dateModified\":\"2022-01-23T20:23:56+00:00\",\"mainEntityOfPage\":{\"@id\":\"https:\\\/\\\/qtmm.org\\\/qt\\\/surgunlik-qurbanlarinin-hatirasi-kunu-munasebetinen-ukraina-halq-areketinin-bas-sagligi\\\/\"},\"wordCount\":319,\"commentCount\":0,\"publisher\":{\"@id\":\"https:\\\/\\\/qtmm.org\\\/qt\\\/#organization\"},\"articleSection\":[\"Haberler\"],\"inLanguage\":\"qt\",\"potentialAction\":[{\"@type\":\"CommentAction\",\"name\":\"Comment\",\"target\":[\"https:\\\/\\\/qtmm.org\\\/qt\\\/surgunlik-qurbanlarinin-hatirasi-kunu-munasebetinen-ukraina-halq-areketinin-bas-sagligi\\\/#respond\"]}]},{\"@type\":\"WebPage\",\"@id\":\"https:\\\/\\\/qtmm.org\\\/qt\\\/surgunlik-qurbanlarinin-hatirasi-kunu-munasebetinen-ukraina-halq-areketinin-bas-sagligi\\\/\",\"url\":\"https:\\\/\\\/qtmm.org\\\/qt\\\/surgunlik-qurbanlarinin-hatirasi-kunu-munasebetinen-ukraina-halq-areketinin-bas-sagligi\\\/\",\"name\":\"S\u00fcrg\u00fcnlik qurbanlar\u0131n\u0131\u00f1 hat\u0131ras\u0131 k\u00fcn\u00fc munasebetinen Ukraina Halq areketini\u00f1 ba\u015f sa\u011fl\u0131\u011f\u0131 - \u041c\u0435\u0434\u0436\u043b\u0456\u0441\",\"isPartOf\":{\"@id\":\"https:\\\/\\\/qtmm.org\\\/qt\\\/#website\"},\"datePublished\":\"2013-05-17T20:23:00+00:00\",\"dateModified\":\"2022-01-23T20:23:56+00:00\",\"breadcrumb\":{\"@id\":\"https:\\\/\\\/qtmm.org\\\/qt\\\/surgunlik-qurbanlarinin-hatirasi-kunu-munasebetinen-ukraina-halq-areketinin-bas-sagligi\\\/#breadcrumb\"},\"inLanguage\":\"qt\",\"potentialAction\":[{\"@type\":\"ReadAction\",\"target\":[\"https:\\\/\\\/qtmm.org\\\/qt\\\/surgunlik-qurbanlarinin-hatirasi-kunu-munasebetinen-ukraina-halq-areketinin-bas-sagligi\\\/\"]}]},{\"@type\":\"BreadcrumbList\",\"@id\":\"https:\\\/\\\/qtmm.org\\\/qt\\\/surgunlik-qurbanlarinin-hatirasi-kunu-munasebetinen-ukraina-halq-areketinin-bas-sagligi\\\/#breadcrumb\",\"itemListElement\":[{\"@type\":\"ListItem\",\"position\":1,\"name\":\"\u0413\u043e\u043b\u043e\u0432\u043d\u0430\",\"item\":\"https:\\\/\\\/qtmm.org\\\/qt\\\/\"},{\"@type\":\"ListItem\",\"position\":2,\"name\":\"S\u00fcrg\u00fcnlik qurbanlar\u0131n\u0131\u00f1 hat\u0131ras\u0131 k\u00fcn\u00fc munasebetinen Ukraina Halq areketini\u00f1 ba\u015f sa\u011fl\u0131\u011f\u0131\"}]},{\"@type\":\"WebSite\",\"@id\":\"https:\\\/\\\/qtmm.org\\\/qt\\\/#website\",\"url\":\"https:\\\/\\\/qtmm.org\\\/qt\\\/\",\"name\":\"\u041c\u0435\u0434\u0436\u043b\u0456\u0441\",\"description\":\"\",\"publisher\":{\"@id\":\"https:\\\/\\\/qtmm.org\\\/qt\\\/#organization\"},\"potentialAction\":[{\"@type\":\"SearchAction\",\"target\":{\"@type\":\"EntryPoint\",\"urlTemplate\":\"https:\\\/\\\/qtmm.org\\\/qt\\\/?s={search_term_string}\"},\"query-input\":{\"@type\":\"PropertyValueSpecification\",\"valueRequired\":true,\"valueName\":\"search_term_string\"}}],\"inLanguage\":\"qt\"},{\"@type\":\"Organization\",\"@id\":\"https:\\\/\\\/qtmm.org\\\/qt\\\/#organization\",\"name\":\"\u041c\u0435\u0434\u0436\u043b\u0456\u0441\",\"url\":\"https:\\\/\\\/qtmm.org\\\/qt\\\/\",\"logo\":{\"@type\":\"ImageObject\",\"inLanguage\":\"qt\",\"@id\":\"https:\\\/\\\/qtmm.org\\\/qt\\\/#\\\/schema\\\/logo\\\/image\\\/\",\"url\":\"https:\\\/\\\/qtmm.org\\\/wp-content\\\/uploads\\\/2024\\\/12\\\/ua-mejlis-logo-rgb.svg\",\"contentUrl\":\"https:\\\/\\\/qtmm.org\\\/wp-content\\\/uploads\\\/2024\\\/12\\\/ua-mejlis-logo-rgb.svg\",\"caption\":\"\u041c\u0435\u0434\u0436\u043b\u0456\u0441\"},\"image\":{\"@id\":\"https:\\\/\\\/qtmm.org\\\/qt\\\/#\\\/schema\\\/logo\\\/image\\\/\"},\"sameAs\":[\"https:\\\/\\\/www.facebook.com\\\/qtmm.info\\\/\"]},{\"@type\":\"Person\",\"@id\":\"https:\\\/\\\/qtmm.org\\\/qt\\\/#\\\/schema\\\/person\\\/de562469f971dec226ac06e60bbf74a7\",\"name\":\"Developer\",\"image\":{\"@type\":\"ImageObject\",\"inLanguage\":\"qt\",\"@id\":\"https:\\\/\\\/secure.gravatar.com\\\/avatar\\\/392b4cc8fbfeb00b39dfeeab4ee6edded39ffd48e25858637e4765810300227e?s=96&d=mm&r=g\",\"url\":\"https:\\\/\\\/secure.gravatar.com\\\/avatar\\\/392b4cc8fbfeb00b39dfeeab4ee6edded39ffd48e25858637e4765810300227e?s=96&d=mm&r=g\",\"contentUrl\":\"https:\\\/\\\/secure.gravatar.com\\\/avatar\\\/392b4cc8fbfeb00b39dfeeab4ee6edded39ffd48e25858637e4765810300227e?s=96&d=mm&r=g\",\"caption\":\"Developer\"},\"url\":\"https:\\\/\\\/qtmm.org\\\/qt\\\/author\\\/Developer\\\/\"}]}<\/script>\n<!-- \/ Yoast SEO plugin. -->","yoast_head_json":{"title":"S\u00fcrg\u00fcnlik qurbanlar\u0131n\u0131\u00f1 hat\u0131ras\u0131 k\u00fcn\u00fc munasebetinen Ukraina Halq areketini\u00f1 ba\u015f sa\u011fl\u0131\u011f\u0131 - \u041c\u0435\u0434\u0436\u043b\u0456\u0441","robots":{"index":"index","follow":"follow","max-snippet":"max-snippet:-1","max-image-preview":"max-image-preview:large","max-video-preview":"max-video-preview:-1"},"canonical":"https:\/\/qtmm.org\/qt\/surgunlik-qurbanlarinin-hatirasi-kunu-munasebetinen-ukraina-halq-areketinin-bas-sagligi\/","og_locale":"en_US","og_type":"article","og_title":"S\u00fcrg\u00fcnlik qurbanlar\u0131n\u0131\u00f1 hat\u0131ras\u0131 k\u00fcn\u00fc munasebetinen Ukraina Halq areketini\u00f1 ba\u015f sa\u011fl\u0131\u011f\u0131 - \u041c\u0435\u0434\u0436\u043b\u0456\u0441","og_description":"Aziz Vatanda\u015flar! Totalittar stalin rejimi 1944 senesi baarde q\u0131r\u0131mtatarlarn\u0131 s\u00fcrg\u00fcn etip ti\u015flerini k\u00f6sterdi. Caniy areketler aqibetinde b\u00fct\u00fcn q\u0131r\u0131mtatar halq\u0131 s\u00fcrg\u00fcn etildi, bi\u00f1lernen insanlar ise a\u00e7l\u0131q ve azaplar\u011fa dayanmadan \u00f6ldi. Kommunist partiyas\u0131 insanlarn\u0131 e\u00f1 aziz \u015fey \u2013 Vatan\u0131ndan mahrum etti. Ve faqat bizim devletimiz mustaqilligini elde etken so\u00f1 olarn\u0131\u00f1 qaytmalar\u0131na izin berildi. Ayn\u0131 ukrainler q\u0131r\u0131mtatarlar\u011fa qoltutqanlar\u0131n\u0131\u00f1 [&hellip;]","og_url":"https:\/\/qtmm.org\/qt\/surgunlik-qurbanlarinin-hatirasi-kunu-munasebetinen-ukraina-halq-areketinin-bas-sagligi\/","og_site_name":"\u041c\u0435\u0434\u0436\u043b\u0456\u0441","article_publisher":"https:\/\/www.facebook.com\/qtmm.info\/","article_published_time":"2013-05-17T20:23:00+00:00","article_modified_time":"2022-01-23T20:23:56+00:00","author":"Developer","twitter_card":"summary_large_image","twitter_misc":{"Written by":"Developer","Est. reading time":"2 minutes"},"schema":{"@context":"https:\/\/schema.org","@graph":[{"@type":"Article","@id":"https:\/\/qtmm.org\/qt\/surgunlik-qurbanlarinin-hatirasi-kunu-munasebetinen-ukraina-halq-areketinin-bas-sagligi\/#article","isPartOf":{"@id":"https:\/\/qtmm.org\/qt\/surgunlik-qurbanlarinin-hatirasi-kunu-munasebetinen-ukraina-halq-areketinin-bas-sagligi\/"},"author":{"name":"Developer","@id":"https:\/\/qtmm.org\/qt\/#\/schema\/person\/de562469f971dec226ac06e60bbf74a7"},"headline":"S\u00fcrg\u00fcnlik qurbanlar\u0131n\u0131\u00f1 hat\u0131ras\u0131 k\u00fcn\u00fc munasebetinen Ukraina Halq areketini\u00f1 ba\u015f sa\u011fl\u0131\u011f\u0131","datePublished":"2013-05-17T20:23:00+00:00","dateModified":"2022-01-23T20:23:56+00:00","mainEntityOfPage":{"@id":"https:\/\/qtmm.org\/qt\/surgunlik-qurbanlarinin-hatirasi-kunu-munasebetinen-ukraina-halq-areketinin-bas-sagligi\/"},"wordCount":319,"commentCount":0,"publisher":{"@id":"https:\/\/qtmm.org\/qt\/#organization"},"articleSection":["Haberler"],"inLanguage":"qt","potentialAction":[{"@type":"CommentAction","name":"Comment","target":["https:\/\/qtmm.org\/qt\/surgunlik-qurbanlarinin-hatirasi-kunu-munasebetinen-ukraina-halq-areketinin-bas-sagligi\/#respond"]}]},{"@type":"WebPage","@id":"https:\/\/qtmm.org\/qt\/surgunlik-qurbanlarinin-hatirasi-kunu-munasebetinen-ukraina-halq-areketinin-bas-sagligi\/","url":"https:\/\/qtmm.org\/qt\/surgunlik-qurbanlarinin-hatirasi-kunu-munasebetinen-ukraina-halq-areketinin-bas-sagligi\/","name":"S\u00fcrg\u00fcnlik qurbanlar\u0131n\u0131\u00f1 hat\u0131ras\u0131 k\u00fcn\u00fc munasebetinen Ukraina Halq areketini\u00f1 ba\u015f sa\u011fl\u0131\u011f\u0131 - \u041c\u0435\u0434\u0436\u043b\u0456\u0441","isPartOf":{"@id":"https:\/\/qtmm.org\/qt\/#website"},"datePublished":"2013-05-17T20:23:00+00:00","dateModified":"2022-01-23T20:23:56+00:00","breadcrumb":{"@id":"https:\/\/qtmm.org\/qt\/surgunlik-qurbanlarinin-hatirasi-kunu-munasebetinen-ukraina-halq-areketinin-bas-sagligi\/#breadcrumb"},"inLanguage":"qt","potentialAction":[{"@type":"ReadAction","target":["https:\/\/qtmm.org\/qt\/surgunlik-qurbanlarinin-hatirasi-kunu-munasebetinen-ukraina-halq-areketinin-bas-sagligi\/"]}]},{"@type":"BreadcrumbList","@id":"https:\/\/qtmm.org\/qt\/surgunlik-qurbanlarinin-hatirasi-kunu-munasebetinen-ukraina-halq-areketinin-bas-sagligi\/#breadcrumb","itemListElement":[{"@type":"ListItem","position":1,"name":"\u0413\u043e\u043b\u043e\u0432\u043d\u0430","item":"https:\/\/qtmm.org\/qt\/"},{"@type":"ListItem","position":2,"name":"S\u00fcrg\u00fcnlik qurbanlar\u0131n\u0131\u00f1 hat\u0131ras\u0131 k\u00fcn\u00fc munasebetinen Ukraina Halq areketini\u00f1 ba\u015f sa\u011fl\u0131\u011f\u0131"}]},{"@type":"WebSite","@id":"https:\/\/qtmm.org\/qt\/#website","url":"https:\/\/qtmm.org\/qt\/","name":"\u041c\u0435\u0434\u0436\u043b\u0456\u0441","description":"","publisher":{"@id":"https:\/\/qtmm.org\/qt\/#organization"},"potentialAction":[{"@type":"SearchAction","target":{"@type":"EntryPoint","urlTemplate":"https:\/\/qtmm.org\/qt\/?s={search_term_string}"},"query-input":{"@type":"PropertyValueSpecification","valueRequired":true,"valueName":"search_term_string"}}],"inLanguage":"qt"},{"@type":"Organization","@id":"https:\/\/qtmm.org\/qt\/#organization","name":"\u041c\u0435\u0434\u0436\u043b\u0456\u0441","url":"https:\/\/qtmm.org\/qt\/","logo":{"@type":"ImageObject","inLanguage":"qt","@id":"https:\/\/qtmm.org\/qt\/#\/schema\/logo\/image\/","url":"https:\/\/qtmm.org\/wp-content\/uploads\/2024\/12\/ua-mejlis-logo-rgb.svg","contentUrl":"https:\/\/qtmm.org\/wp-content\/uploads\/2024\/12\/ua-mejlis-logo-rgb.svg","caption":"\u041c\u0435\u0434\u0436\u043b\u0456\u0441"},"image":{"@id":"https:\/\/qtmm.org\/qt\/#\/schema\/logo\/image\/"},"sameAs":["https:\/\/www.facebook.com\/qtmm.info\/"]},{"@type":"Person","@id":"https:\/\/qtmm.org\/qt\/#\/schema\/person\/de562469f971dec226ac06e60bbf74a7","name":"Developer","image":{"@type":"ImageObject","inLanguage":"qt","@id":"https:\/\/secure.gravatar.com\/avatar\/392b4cc8fbfeb00b39dfeeab4ee6edded39ffd48e25858637e4765810300227e?s=96&d=mm&r=g","url":"https:\/\/secure.gravatar.com\/avatar\/392b4cc8fbfeb00b39dfeeab4ee6edded39ffd48e25858637e4765810300227e?s=96&d=mm&r=g","contentUrl":"https:\/\/secure.gravatar.com\/avatar\/392b4cc8fbfeb00b39dfeeab4ee6edded39ffd48e25858637e4765810300227e?s=96&d=mm&r=g","caption":"Developer"},"url":"https:\/\/qtmm.org\/qt\/author\/Developer\/"}]}},"_links":{"self":[{"href":"https:\/\/qtmm.org\/qt\/wp-json\/wp\/v2\/posts\/37466","targetHints":{"allow":["GET"]}}],"collection":[{"href":"https:\/\/qtmm.org\/qt\/wp-json\/wp\/v2\/posts"}],"about":[{"href":"https:\/\/qtmm.org\/qt\/wp-json\/wp\/v2\/types\/post"}],"author":[{"embeddable":true,"href":"https:\/\/qtmm.org\/qt\/wp-json\/wp\/v2\/users\/1"}],"replies":[{"embeddable":true,"href":"https:\/\/qtmm.org\/qt\/wp-json\/wp\/v2\/comments?post=37466"}],"version-history":[{"count":1,"href":"https:\/\/qtmm.org\/qt\/wp-json\/wp\/v2\/posts\/37466\/revisions"}],"predecessor-version":[{"id":37467,"href":"https:\/\/qtmm.org\/qt\/wp-json\/wp\/v2\/posts\/37466\/revisions\/37467"}],"wp:attachment":[{"href":"https:\/\/qtmm.org\/qt\/wp-json\/wp\/v2\/media?parent=37466"}],"wp:term":[{"taxonomy":"category","embeddable":true,"href":"https:\/\/qtmm.org\/qt\/wp-json\/wp\/v2\/categories?post=37466"},{"taxonomy":"post_tag","embeddable":true,"href":"https:\/\/qtmm.org\/qt\/wp-json\/wp\/v2\/tags?post=37466"}],"curies":[{"name":"wp","href":"https:\/\/api.w.org\/{rel}","templated":true}]}}