




{"id":37384,"date":"2013-05-17T23:20:00","date_gmt":"2013-05-17T20:20:00","guid":{"rendered":"http:\/\/qtmm.org\/?p=37384"},"modified":"2022-01-23T23:22:57","modified_gmt":"2022-01-23T20:22:57","slug":"aqmescitte-qirimtatar-halqi-soyqirimi-qurbanlarinin-hatirasina-bagislangan-qalbinde-ates-yaq-aktsiyasi-kecirildi","status":"publish","type":"post","link":"https:\/\/qtmm.org\/qt\/aqmescitte-qirimtatar-halqi-soyqirimi-qurbanlarinin-hatirasina-bagislangan-qalbinde-ates-yaq-aktsiyasi-kecirildi\/","title":{"rendered":"Aqmescitte q\u0131r\u0131mtatar halq\u0131 soyq\u0131r\u0131m\u0131 qurbanlar\u0131n\u0131\u00f1 hat\u0131ras\u0131na ba\u011f\u0131\u015flan\u011fan \u00abQalbi\u00f1de ate\u015f yaq\u00bb aktsiyas\u0131 ke\u00e7irildi"},"content":{"rendered":"\n<p>Q\u0131r\u0131mtatarlar tarih\u0131nda facial\u0131 k\u00fcnni\u00f1 arfesinde Aqmescitni\u00f1 merkeziy meydan\u0131nda ananeviy &#8220;Qalbi\u00f1de ate\u015f yaq&#8221; aktsiyas\u0131 ke\u00e7irildi.<\/p>\n\n\n\n<p>Tedbirni Q\u0131r\u0131mtatar Milliy Meclisini\u00f1 qoltutuv\u0131nda Q\u0131r\u0131mtatar ya\u015flar merkezi te\u015fkil\u00e2tland\u0131rd\u0131. Aktsiyada 3 bi\u00f1den ziyade \u00e7e\u015fit millet, dinlerge mens\u00fcp ol\u011fan ya\u015f ve qart insan i\u015ftirak etti.<\/p>\n\n\n\n<p>S\u00fcrg\u00fcnlikte el\u00e2k ol\u011fanlarn\u0131\u00f1 hat\u0131ras\u0131n\u0131 a\u00f1maq i\u00e7\u00fcn Meclis reisi Mustafa Cemilev, Meclis azalar\u0131, milliy areket veteranlar\u0131, Q\u0131r\u0131mn\u0131\u00f1 sakinleri ve musafirleri keldiler. Aktsiya ke\u00e7irilgen vaq\u0131tta q\u0131r\u0131mtatar sanat\u00e7\u0131lar\u0131 s\u00fcrg\u00fcnlik aqq\u0131nda y\u0131rlarn\u0131 muz\u0131kas\u0131z icra ettiler.<\/p>\n\n\n\n<p>Sana yan\u0131nda ekranda s\u00fcrg\u00fcnlik, nas\u0131l etip insanlarn\u0131 1944 senesi may\u0131s 18-te s\u00fcrg\u00fcn etkenleri aqq\u0131nda vesiqal\u0131 film numay\u0131\u015f etildi, Bu insanlarn\u0131\u00f1 bir \u00e7oqlar\u0131 o y\u0131l\u0131 daa bala olsalar da bu qara k\u00fcn olarn\u0131\u00f1 qalplerinde silinmez iz qald\u0131rd\u0131.<\/p>\n\n\n\n<p>Mumlar yaq\u0131l\u011fan so\u00f1 er kes olardan i\u00e7inde 69 raqam\u0131 ol\u011fan yar\u0131mada \u015fekili ve q\u0131r\u0131mtatarlarn\u0131\u00f1 temsili ol\u011fan tam\u011fa tizilgenini k\u00f6rebildi. Bun\u0131\u00f1 kibi de mumlardan &#8220;No genocide&#8221; s\u00f6zlerini ve aynen y\u0131ld\u0131z \u015fekili yap\u0131l\u011fan\u0131 k\u00f6r\u00fcndi.<\/p>\n\n\n\n<p>Aktsiyadan so\u00f1 te\u015fkil\u00e2t\u00e7\u0131lar er keke minnetdarl\u0131q bildirip, ya\u015flarn\u0131\u00f1 bu te\u015febb\u00fcsi siyasetten t\u0131\u015f aktsiya ol\u011fan\u0131n\u0131 tekrar hat\u0131rlatt\u0131lar.<\/p>\n\n\n\n<p>\u015eun\u0131 da qayd etmeli ki, Aqmescitten \u011fayr\u0131 bu aktsiya Qarasuvbazar, Sudaq, Alu\u015fta ve \u00c7ernomorskoye qasabas\u0131nda da ke\u00e7irildi.<br><br>Mezk\u00fcr aktsiya birinci sefer Aqmescitte 2007 senesi Q\u0131r\u0131mtatar ya\u015flar merkezi taraf\u0131ndan te\u015fkil etilip, ondan berli er y\u0131l\u0131 \u00f6tkerile.<\/p>\n\n\n\n<figure class=\"wp-block-gallery columns-3 is-cropped wp-block-gallery-1 is-layout-flex wp-block-gallery-is-layout-flex\"><ul class=\"blocks-gallery-grid\"><li class=\"blocks-gallery-item\"><figure><a href=\"http:\/\/qtmm.org\/wp-content\/uploads\/2022\/01\/5198e8a4cecd8.jpeg\"><img loading=\"lazy\" decoding=\"async\" width=\"640\" height=\"480\" src=\"http:\/\/qtmm.org\/wp-content\/uploads\/2022\/01\/5198e8a4cecd8.jpeg\" alt=\"\" data-id=\"37385\" data-full-url=\"http:\/\/qtmm.org\/wp-content\/uploads\/2022\/01\/5198e8a4cecd8.jpeg\" data-link=\"http:\/\/qtmm.org\/qt\/?attachment_id=37385\" class=\"wp-image-37385\" srcset=\"https:\/\/qtmm.org\/wp-content\/uploads\/2022\/01\/5198e8a4cecd8.jpeg 640w, https:\/\/qtmm.org\/wp-content\/uploads\/2022\/01\/5198e8a4cecd8-300x225.jpeg 300w\" sizes=\"auto, (max-width: 640px) 100vw, 640px\" \/><\/a><\/figure><\/li><li class=\"blocks-gallery-item\"><figure><a href=\"http:\/\/qtmm.org\/wp-content\/uploads\/2022\/01\/5198e8a4e7806.jpeg\"><img loading=\"lazy\" decoding=\"async\" width=\"640\" height=\"480\" src=\"http:\/\/qtmm.org\/wp-content\/uploads\/2022\/01\/5198e8a4e7806.jpeg\" alt=\"\" data-id=\"37389\" data-full-url=\"http:\/\/qtmm.org\/wp-content\/uploads\/2022\/01\/5198e8a4e7806.jpeg\" data-link=\"http:\/\/qtmm.org\/qt\/?attachment_id=37389\" class=\"wp-image-37389\" srcset=\"https:\/\/qtmm.org\/wp-content\/uploads\/2022\/01\/5198e8a4e7806.jpeg 640w, https:\/\/qtmm.org\/wp-content\/uploads\/2022\/01\/5198e8a4e7806-300x225.jpeg 300w\" sizes=\"auto, (max-width: 640px) 100vw, 640px\" \/><\/a><\/figure><\/li><li class=\"blocks-gallery-item\"><figure><a href=\"http:\/\/qtmm.org\/wp-content\/uploads\/2022\/01\/5198e8a5ac1e4.jpeg\"><img loading=\"lazy\" decoding=\"async\" width=\"640\" height=\"480\" src=\"http:\/\/qtmm.org\/wp-content\/uploads\/2022\/01\/5198e8a5ac1e4.jpeg\" alt=\"\" data-id=\"37393\" data-full-url=\"http:\/\/qtmm.org\/wp-content\/uploads\/2022\/01\/5198e8a5ac1e4.jpeg\" data-link=\"http:\/\/qtmm.org\/qt\/?attachment_id=37393\" class=\"wp-image-37393\" srcset=\"https:\/\/qtmm.org\/wp-content\/uploads\/2022\/01\/5198e8a5ac1e4.jpeg 640w, https:\/\/qtmm.org\/wp-content\/uploads\/2022\/01\/5198e8a5ac1e4-300x225.jpeg 300w\" sizes=\"auto, (max-width: 640px) 100vw, 640px\" \/><\/a><\/figure><\/li><li class=\"blocks-gallery-item\"><figure><a href=\"http:\/\/qtmm.org\/wp-content\/uploads\/2022\/01\/5198e8a5c365b.jpeg\"><img loading=\"lazy\" decoding=\"async\" width=\"640\" height=\"480\" src=\"http:\/\/qtmm.org\/wp-content\/uploads\/2022\/01\/5198e8a5c365b.jpeg\" alt=\"\" data-id=\"37397\" data-full-url=\"http:\/\/qtmm.org\/wp-content\/uploads\/2022\/01\/5198e8a5c365b.jpeg\" data-link=\"http:\/\/qtmm.org\/qt\/?attachment_id=37397\" class=\"wp-image-37397\" srcset=\"https:\/\/qtmm.org\/wp-content\/uploads\/2022\/01\/5198e8a5c365b.jpeg 640w, https:\/\/qtmm.org\/wp-content\/uploads\/2022\/01\/5198e8a5c365b-300x225.jpeg 300w\" sizes=\"auto, (max-width: 640px) 100vw, 640px\" \/><\/a><\/figure><\/li><li class=\"blocks-gallery-item\"><figure><a href=\"http:\/\/qtmm.org\/wp-content\/uploads\/2022\/01\/5198e8a5db813.jpeg\"><img loading=\"lazy\" decoding=\"async\" width=\"640\" height=\"480\" src=\"http:\/\/qtmm.org\/wp-content\/uploads\/2022\/01\/5198e8a5db813.jpeg\" alt=\"\" data-id=\"37401\" data-full-url=\"http:\/\/qtmm.org\/wp-content\/uploads\/2022\/01\/5198e8a5db813.jpeg\" data-link=\"http:\/\/qtmm.org\/qt\/?attachment_id=37401\" class=\"wp-image-37401\" srcset=\"https:\/\/qtmm.org\/wp-content\/uploads\/2022\/01\/5198e8a5db813.jpeg 640w, https:\/\/qtmm.org\/wp-content\/uploads\/2022\/01\/5198e8a5db813-300x225.jpeg 300w\" sizes=\"auto, (max-width: 640px) 100vw, 640px\" \/><\/a><\/figure><\/li><li class=\"blocks-gallery-item\"><figure><a href=\"http:\/\/qtmm.org\/wp-content\/uploads\/2022\/01\/5198e8a5f2cd9.jpeg\"><img loading=\"lazy\" decoding=\"async\" width=\"640\" height=\"480\" src=\"http:\/\/qtmm.org\/wp-content\/uploads\/2022\/01\/5198e8a5f2cd9.jpeg\" alt=\"\" data-id=\"37405\" data-full-url=\"http:\/\/qtmm.org\/wp-content\/uploads\/2022\/01\/5198e8a5f2cd9.jpeg\" data-link=\"http:\/\/qtmm.org\/qt\/?attachment_id=37405\" class=\"wp-image-37405\" srcset=\"https:\/\/qtmm.org\/wp-content\/uploads\/2022\/01\/5198e8a5f2cd9.jpeg 640w, https:\/\/qtmm.org\/wp-content\/uploads\/2022\/01\/5198e8a5f2cd9-300x225.jpeg 300w\" sizes=\"auto, (max-width: 640px) 100vw, 640px\" \/><\/a><\/figure><\/li><li class=\"blocks-gallery-item\"><figure><a href=\"http:\/\/qtmm.org\/wp-content\/uploads\/2022\/01\/5198e8a54fa36.jpeg\"><img loading=\"lazy\" decoding=\"async\" width=\"640\" height=\"480\" src=\"http:\/\/qtmm.org\/wp-content\/uploads\/2022\/01\/5198e8a54fa36.jpeg\" alt=\"\" data-id=\"37409\" data-full-url=\"http:\/\/qtmm.org\/wp-content\/uploads\/2022\/01\/5198e8a54fa36.jpeg\" data-link=\"http:\/\/qtmm.org\/qt\/?attachment_id=37409\" class=\"wp-image-37409\" srcset=\"https:\/\/qtmm.org\/wp-content\/uploads\/2022\/01\/5198e8a54fa36.jpeg 640w, https:\/\/qtmm.org\/wp-content\/uploads\/2022\/01\/5198e8a54fa36-300x225.jpeg 300w\" sizes=\"auto, (max-width: 640px) 100vw, 640px\" \/><\/a><\/figure><\/li><li class=\"blocks-gallery-item\"><figure><a href=\"http:\/\/qtmm.org\/wp-content\/uploads\/2022\/01\/5198e8a57eb2b.jpeg\"><img loading=\"lazy\" decoding=\"async\" width=\"640\" height=\"480\" src=\"http:\/\/qtmm.org\/wp-content\/uploads\/2022\/01\/5198e8a57eb2b.jpeg\" alt=\"\" data-id=\"37413\" data-full-url=\"http:\/\/qtmm.org\/wp-content\/uploads\/2022\/01\/5198e8a57eb2b.jpeg\" data-link=\"http:\/\/qtmm.org\/qt\/?attachment_id=37413\" class=\"wp-image-37413\" srcset=\"https:\/\/qtmm.org\/wp-content\/uploads\/2022\/01\/5198e8a57eb2b.jpeg 640w, https:\/\/qtmm.org\/wp-content\/uploads\/2022\/01\/5198e8a57eb2b-300x225.jpeg 300w\" sizes=\"auto, (max-width: 640px) 100vw, 640px\" \/><\/a><\/figure><\/li><li class=\"blocks-gallery-item\"><figure><a href=\"http:\/\/qtmm.org\/wp-content\/uploads\/2022\/01\/5198e8a63f130.jpeg\"><img loading=\"lazy\" decoding=\"async\" width=\"640\" height=\"480\" src=\"http:\/\/qtmm.org\/wp-content\/uploads\/2022\/01\/5198e8a63f130.jpeg\" alt=\"\" data-id=\"37417\" data-full-url=\"http:\/\/qtmm.org\/wp-content\/uploads\/2022\/01\/5198e8a63f130.jpeg\" data-link=\"http:\/\/qtmm.org\/qt\/?attachment_id=37417\" class=\"wp-image-37417\" srcset=\"https:\/\/qtmm.org\/wp-content\/uploads\/2022\/01\/5198e8a63f130.jpeg 640w, https:\/\/qtmm.org\/wp-content\/uploads\/2022\/01\/5198e8a63f130-300x225.jpeg 300w\" sizes=\"auto, (max-width: 640px) 100vw, 640px\" \/><\/a><\/figure><\/li><li class=\"blocks-gallery-item\"><figure><a href=\"http:\/\/qtmm.org\/wp-content\/uploads\/2022\/01\/5198e8a67f3ec.jpeg\"><img loading=\"lazy\" decoding=\"async\" width=\"640\" height=\"480\" src=\"http:\/\/qtmm.org\/wp-content\/uploads\/2022\/01\/5198e8a67f3ec.jpeg\" alt=\"\" data-id=\"37421\" data-full-url=\"http:\/\/qtmm.org\/wp-content\/uploads\/2022\/01\/5198e8a67f3ec.jpeg\" data-link=\"http:\/\/qtmm.org\/qt\/?attachment_id=37421\" class=\"wp-image-37421\" srcset=\"https:\/\/qtmm.org\/wp-content\/uploads\/2022\/01\/5198e8a67f3ec.jpeg 640w, https:\/\/qtmm.org\/wp-content\/uploads\/2022\/01\/5198e8a67f3ec-300x225.jpeg 300w\" sizes=\"auto, (max-width: 640px) 100vw, 640px\" \/><\/a><\/figure><\/li><li class=\"blocks-gallery-item\"><figure><a href=\"http:\/\/qtmm.org\/wp-content\/uploads\/2022\/01\/5198e8a509f0c.jpeg\"><img loading=\"lazy\" decoding=\"async\" width=\"640\" height=\"480\" src=\"http:\/\/qtmm.org\/wp-content\/uploads\/2022\/01\/5198e8a509f0c.jpeg\" alt=\"\" data-id=\"37425\" data-full-url=\"http:\/\/qtmm.org\/wp-content\/uploads\/2022\/01\/5198e8a509f0c.jpeg\" data-link=\"http:\/\/qtmm.org\/qt\/?attachment_id=37425\" class=\"wp-image-37425\" srcset=\"https:\/\/qtmm.org\/wp-content\/uploads\/2022\/01\/5198e8a509f0c.jpeg 640w, https:\/\/qtmm.org\/wp-content\/uploads\/2022\/01\/5198e8a509f0c-300x225.jpeg 300w\" sizes=\"auto, (max-width: 640px) 100vw, 640px\" \/><\/a><\/figure><\/li><li class=\"blocks-gallery-item\"><figure><a href=\"http:\/\/qtmm.org\/wp-content\/uploads\/2022\/01\/5198e8a521ef0.jpeg\"><img loading=\"lazy\" decoding=\"async\" width=\"640\" height=\"480\" src=\"http:\/\/qtmm.org\/wp-content\/uploads\/2022\/01\/5198e8a521ef0.jpeg\" alt=\"\" data-id=\"37429\" data-full-url=\"http:\/\/qtmm.org\/wp-content\/uploads\/2022\/01\/5198e8a521ef0.jpeg\" data-link=\"http:\/\/qtmm.org\/qt\/?attachment_id=37429\" class=\"wp-image-37429\" srcset=\"https:\/\/qtmm.org\/wp-content\/uploads\/2022\/01\/5198e8a521ef0.jpeg 640w, https:\/\/qtmm.org\/wp-content\/uploads\/2022\/01\/5198e8a521ef0-300x225.jpeg 300w\" sizes=\"auto, (max-width: 640px) 100vw, 640px\" \/><\/a><\/figure><\/li><li class=\"blocks-gallery-item\"><figure><a href=\"http:\/\/qtmm.org\/wp-content\/uploads\/2022\/01\/5198e8a566ee8.jpeg\"><img loading=\"lazy\" decoding=\"async\" width=\"640\" height=\"480\" src=\"http:\/\/qtmm.org\/wp-content\/uploads\/2022\/01\/5198e8a566ee8.jpeg\" alt=\"\" data-id=\"37433\" data-full-url=\"http:\/\/qtmm.org\/wp-content\/uploads\/2022\/01\/5198e8a566ee8.jpeg\" data-link=\"http:\/\/qtmm.org\/qt\/?attachment_id=37433\" class=\"wp-image-37433\" srcset=\"https:\/\/qtmm.org\/wp-content\/uploads\/2022\/01\/5198e8a566ee8.jpeg 640w, https:\/\/qtmm.org\/wp-content\/uploads\/2022\/01\/5198e8a566ee8-300x225.jpeg 300w\" sizes=\"auto, (max-width: 640px) 100vw, 640px\" \/><\/a><\/figure><\/li><li class=\"blocks-gallery-item\"><figure><a href=\"http:\/\/qtmm.org\/wp-content\/uploads\/2022\/01\/5198e8a669c81.jpeg\"><img loading=\"lazy\" decoding=\"async\" width=\"640\" height=\"480\" src=\"http:\/\/qtmm.org\/wp-content\/uploads\/2022\/01\/5198e8a669c81.jpeg\" alt=\"\" data-id=\"37437\" data-full-url=\"http:\/\/qtmm.org\/wp-content\/uploads\/2022\/01\/5198e8a669c81.jpeg\" data-link=\"http:\/\/qtmm.org\/qt\/?attachment_id=37437\" class=\"wp-image-37437\" srcset=\"https:\/\/qtmm.org\/wp-content\/uploads\/2022\/01\/5198e8a669c81.jpeg 640w, https:\/\/qtmm.org\/wp-content\/uploads\/2022\/01\/5198e8a669c81-300x225.jpeg 300w\" sizes=\"auto, (max-width: 640px) 100vw, 640px\" \/><\/a><\/figure><\/li><li class=\"blocks-gallery-item\"><figure><a href=\"http:\/\/qtmm.org\/wp-content\/uploads\/2022\/01\/5198e8a6164a2.jpeg\"><img loading=\"lazy\" decoding=\"async\" width=\"640\" height=\"480\" src=\"http:\/\/qtmm.org\/wp-content\/uploads\/2022\/01\/5198e8a6164a2.jpeg\" alt=\"\" data-id=\"37441\" data-full-url=\"http:\/\/qtmm.org\/wp-content\/uploads\/2022\/01\/5198e8a6164a2.jpeg\" data-link=\"http:\/\/qtmm.org\/qt\/?attachment_id=37441\" class=\"wp-image-37441\" srcset=\"https:\/\/qtmm.org\/wp-content\/uploads\/2022\/01\/5198e8a6164a2.jpeg 640w, https:\/\/qtmm.org\/wp-content\/uploads\/2022\/01\/5198e8a6164a2-300x225.jpeg 300w\" sizes=\"auto, (max-width: 640px) 100vw, 640px\" \/><\/a><\/figure><\/li><li class=\"blocks-gallery-item\"><figure><a href=\"http:\/\/qtmm.org\/wp-content\/uploads\/2022\/01\/5198e8a6962a8.jpeg\"><img loading=\"lazy\" decoding=\"async\" width=\"640\" height=\"480\" src=\"http:\/\/qtmm.org\/wp-content\/uploads\/2022\/01\/5198e8a6962a8.jpeg\" alt=\"\" data-id=\"37445\" data-full-url=\"http:\/\/qtmm.org\/wp-content\/uploads\/2022\/01\/5198e8a6962a8.jpeg\" data-link=\"http:\/\/qtmm.org\/qt\/?attachment_id=37445\" class=\"wp-image-37445\" srcset=\"https:\/\/qtmm.org\/wp-content\/uploads\/2022\/01\/5198e8a6962a8.jpeg 640w, https:\/\/qtmm.org\/wp-content\/uploads\/2022\/01\/5198e8a6962a8-300x225.jpeg 300w\" sizes=\"auto, (max-width: 640px) 100vw, 640px\" \/><\/a><\/figure><\/li><li class=\"blocks-gallery-item\"><figure><a href=\"http:\/\/qtmm.org\/wp-content\/uploads\/2022\/01\/5198e8a538885.jpeg\"><img loading=\"lazy\" decoding=\"async\" width=\"640\" height=\"480\" src=\"http:\/\/qtmm.org\/wp-content\/uploads\/2022\/01\/5198e8a538885.jpeg\" alt=\"\" data-id=\"37449\" data-full-url=\"http:\/\/qtmm.org\/wp-content\/uploads\/2022\/01\/5198e8a538885.jpeg\" data-link=\"http:\/\/qtmm.org\/qt\/?attachment_id=37449\" class=\"wp-image-37449\" srcset=\"https:\/\/qtmm.org\/wp-content\/uploads\/2022\/01\/5198e8a538885.jpeg 640w, https:\/\/qtmm.org\/wp-content\/uploads\/2022\/01\/5198e8a538885-300x225.jpeg 300w\" sizes=\"auto, (max-width: 640px) 100vw, 640px\" \/><\/a><\/figure><\/li><li class=\"blocks-gallery-item\"><figure><a href=\"http:\/\/qtmm.org\/wp-content\/uploads\/2022\/01\/5198e8a596808.jpeg\"><img loading=\"lazy\" decoding=\"async\" width=\"640\" height=\"480\" src=\"http:\/\/qtmm.org\/wp-content\/uploads\/2022\/01\/5198e8a596808.jpeg\" alt=\"\" data-id=\"37453\" data-full-url=\"http:\/\/qtmm.org\/wp-content\/uploads\/2022\/01\/5198e8a596808.jpeg\" data-link=\"http:\/\/qtmm.org\/qt\/?attachment_id=37453\" class=\"wp-image-37453\" srcset=\"https:\/\/qtmm.org\/wp-content\/uploads\/2022\/01\/5198e8a596808.jpeg 640w, https:\/\/qtmm.org\/wp-content\/uploads\/2022\/01\/5198e8a596808-300x225.jpeg 300w\" sizes=\"auto, (max-width: 640px) 100vw, 640px\" \/><\/a><\/figure><\/li><li class=\"blocks-gallery-item\"><figure><a href=\"http:\/\/qtmm.org\/wp-content\/uploads\/2022\/01\/5198e8a629793.jpeg\"><img loading=\"lazy\" decoding=\"async\" width=\"640\" height=\"480\" src=\"http:\/\/qtmm.org\/wp-content\/uploads\/2022\/01\/5198e8a629793.jpeg\" alt=\"\" data-id=\"37457\" data-full-url=\"http:\/\/qtmm.org\/wp-content\/uploads\/2022\/01\/5198e8a629793.jpeg\" data-link=\"http:\/\/qtmm.org\/qt\/?attachment_id=37457\" class=\"wp-image-37457\" srcset=\"https:\/\/qtmm.org\/wp-content\/uploads\/2022\/01\/5198e8a629793.jpeg 640w, https:\/\/qtmm.org\/wp-content\/uploads\/2022\/01\/5198e8a629793-300x225.jpeg 300w\" sizes=\"auto, (max-width: 640px) 100vw, 640px\" \/><\/a><\/figure><\/li><li class=\"blocks-gallery-item\"><figure><a href=\"http:\/\/qtmm.org\/wp-content\/uploads\/2022\/01\/5198e8a652704.jpeg\"><img loading=\"lazy\" decoding=\"async\" width=\"640\" height=\"480\" src=\"http:\/\/qtmm.org\/wp-content\/uploads\/2022\/01\/5198e8a652704.jpeg\" alt=\"\" data-id=\"37461\" data-full-url=\"http:\/\/qtmm.org\/wp-content\/uploads\/2022\/01\/5198e8a652704.jpeg\" data-link=\"http:\/\/qtmm.org\/qt\/?attachment_id=37461\" class=\"wp-image-37461\" srcset=\"https:\/\/qtmm.org\/wp-content\/uploads\/2022\/01\/5198e8a652704.jpeg 640w, https:\/\/qtmm.org\/wp-content\/uploads\/2022\/01\/5198e8a652704-300x225.jpeg 300w\" sizes=\"auto, (max-width: 640px) 100vw, 640px\" \/><\/a><\/figure><\/li><\/ul><\/figure>\n","protected":false},"excerpt":{"rendered":"<p>Q\u0131r\u0131mtatarlar tarih\u0131nda facial\u0131 k\u00fcnni\u00f1 arfesinde Aqmescitni\u00f1 merkeziy meydan\u0131nda ananeviy &#8220;Qalbi\u00f1de ate\u015f yaq&#8221; aktsiyas\u0131 ke\u00e7irildi. Tedbirni Q\u0131r\u0131mtatar Milliy Meclisini\u00f1 qoltutuv\u0131nda Q\u0131r\u0131mtatar ya\u015flar merkezi te\u015fkil\u00e2tland\u0131rd\u0131. Aktsiyada 3 bi\u00f1den ziyade \u00e7e\u015fit millet, dinlerge mens\u00fcp ol\u011fan ya\u015f ve qart insan i\u015ftirak etti. S\u00fcrg\u00fcnlikte el\u00e2k ol\u011fanlarn\u0131\u00f1 hat\u0131ras\u0131n\u0131 a\u00f1maq i\u00e7\u00fcn Meclis reisi Mustafa Cemilev, Meclis azalar\u0131, milliy areket veteranlar\u0131, Q\u0131r\u0131mn\u0131\u00f1 sakinleri [&hellip;]<\/p>\n","protected":false},"author":1,"featured_media":37425,"comment_status":"open","ping_status":"open","sticky":false,"template":"","format":"standard","meta":{"inline_featured_image":false,"footnotes":""},"categories":[265],"tags":[],"class_list":["post-37384","post","type-post","status-publish","format-standard","has-post-thumbnail","hentry","category-haberler"],"acf":[],"yoast_head":"<!-- This site is optimized with the Yoast SEO plugin v27.4 - https:\/\/yoast.com\/product\/yoast-seo-wordpress\/ -->\n<title>Aqmescitte q\u0131r\u0131mtatar halq\u0131 soyq\u0131r\u0131m\u0131 qurbanlar\u0131n\u0131\u00f1 hat\u0131ras\u0131na ba\u011f\u0131\u015flan\u011fan \u00abQalbi\u00f1de ate\u015f yaq\u00bb aktsiyas\u0131 ke\u00e7irildi - \u041c\u0435\u0434\u0436\u043b\u0456\u0441<\/title>\n<meta name=\"robots\" content=\"index, follow, max-snippet:-1, max-image-preview:large, max-video-preview:-1\" \/>\n<link rel=\"canonical\" href=\"https:\/\/qtmm.org\/qt\/aqmescitte-qirimtatar-halqi-soyqirimi-qurbanlarinin-hatirasina-bagislangan-qalbinde-ates-yaq-aktsiyasi-kecirildi\/\" \/>\n<meta property=\"og:locale\" content=\"en_US\" \/>\n<meta property=\"og:type\" content=\"article\" \/>\n<meta property=\"og:title\" content=\"Aqmescitte q\u0131r\u0131mtatar halq\u0131 soyq\u0131r\u0131m\u0131 qurbanlar\u0131n\u0131\u00f1 hat\u0131ras\u0131na ba\u011f\u0131\u015flan\u011fan \u00abQalbi\u00f1de ate\u015f yaq\u00bb aktsiyas\u0131 ke\u00e7irildi - \u041c\u0435\u0434\u0436\u043b\u0456\u0441\" \/>\n<meta property=\"og:description\" content=\"Q\u0131r\u0131mtatarlar tarih\u0131nda facial\u0131 k\u00fcnni\u00f1 arfesinde Aqmescitni\u00f1 merkeziy meydan\u0131nda ananeviy &#8220;Qalbi\u00f1de ate\u015f yaq&#8221; aktsiyas\u0131 ke\u00e7irildi. Tedbirni Q\u0131r\u0131mtatar Milliy Meclisini\u00f1 qoltutuv\u0131nda Q\u0131r\u0131mtatar ya\u015flar merkezi te\u015fkil\u00e2tland\u0131rd\u0131. Aktsiyada 3 bi\u00f1den ziyade \u00e7e\u015fit millet, dinlerge mens\u00fcp ol\u011fan ya\u015f ve qart insan i\u015ftirak etti. S\u00fcrg\u00fcnlikte el\u00e2k ol\u011fanlarn\u0131\u00f1 hat\u0131ras\u0131n\u0131 a\u00f1maq i\u00e7\u00fcn Meclis reisi Mustafa Cemilev, Meclis azalar\u0131, milliy areket veteranlar\u0131, Q\u0131r\u0131mn\u0131\u00f1 sakinleri [&hellip;]\" \/>\n<meta property=\"og:url\" content=\"https:\/\/qtmm.org\/qt\/aqmescitte-qirimtatar-halqi-soyqirimi-qurbanlarinin-hatirasina-bagislangan-qalbinde-ates-yaq-aktsiyasi-kecirildi\/\" \/>\n<meta property=\"og:site_name\" content=\"\u041c\u0435\u0434\u0436\u043b\u0456\u0441\" \/>\n<meta property=\"article:publisher\" content=\"https:\/\/www.facebook.com\/qtmm.info\/\" \/>\n<meta property=\"article:published_time\" content=\"2013-05-17T20:20:00+00:00\" \/>\n<meta property=\"article:modified_time\" content=\"2022-01-23T20:22:57+00:00\" \/>\n<meta property=\"og:image\" content=\"https:\/\/qtmm.org\/wp-content\/uploads\/2022\/01\/5198e8a509f0c.jpeg\" \/>\n\t<meta property=\"og:image:width\" content=\"640\" \/>\n\t<meta property=\"og:image:height\" content=\"480\" \/>\n\t<meta property=\"og:image:type\" content=\"image\/jpeg\" \/>\n<meta name=\"author\" content=\"Developer\" \/>\n<meta name=\"twitter:card\" content=\"summary_large_image\" \/>\n<meta name=\"twitter:label1\" content=\"Written by\" \/>\n\t<meta name=\"twitter:data1\" content=\"Developer\" \/>\n\t<meta name=\"twitter:label2\" content=\"Est. reading time\" \/>\n\t<meta name=\"twitter:data2\" content=\"1 minute\" \/>\n<script type=\"application\/ld+json\" class=\"yoast-schema-graph\">{\"@context\":\"https:\\\/\\\/schema.org\",\"@graph\":[{\"@type\":\"Article\",\"@id\":\"https:\\\/\\\/qtmm.org\\\/qt\\\/aqmescitte-qirimtatar-halqi-soyqirimi-qurbanlarinin-hatirasina-bagislangan-qalbinde-ates-yaq-aktsiyasi-kecirildi\\\/#article\",\"isPartOf\":{\"@id\":\"https:\\\/\\\/qtmm.org\\\/qt\\\/aqmescitte-qirimtatar-halqi-soyqirimi-qurbanlarinin-hatirasina-bagislangan-qalbinde-ates-yaq-aktsiyasi-kecirildi\\\/\"},\"author\":{\"name\":\"Developer\",\"@id\":\"https:\\\/\\\/qtmm.org\\\/qt\\\/#\\\/schema\\\/person\\\/de562469f971dec226ac06e60bbf74a7\"},\"headline\":\"Aqmescitte q\u0131r\u0131mtatar halq\u0131 soyq\u0131r\u0131m\u0131 qurbanlar\u0131n\u0131\u00f1 hat\u0131ras\u0131na ba\u011f\u0131\u015flan\u011fan \u00abQalbi\u00f1de ate\u015f yaq\u00bb aktsiyas\u0131 ke\u00e7irildi\",\"datePublished\":\"2013-05-17T20:20:00+00:00\",\"dateModified\":\"2022-01-23T20:22:57+00:00\",\"mainEntityOfPage\":{\"@id\":\"https:\\\/\\\/qtmm.org\\\/qt\\\/aqmescitte-qirimtatar-halqi-soyqirimi-qurbanlarinin-hatirasina-bagislangan-qalbinde-ates-yaq-aktsiyasi-kecirildi\\\/\"},\"wordCount\":298,\"commentCount\":0,\"publisher\":{\"@id\":\"https:\\\/\\\/qtmm.org\\\/qt\\\/#organization\"},\"image\":{\"@id\":\"https:\\\/\\\/qtmm.org\\\/qt\\\/aqmescitte-qirimtatar-halqi-soyqirimi-qurbanlarinin-hatirasina-bagislangan-qalbinde-ates-yaq-aktsiyasi-kecirildi\\\/#primaryimage\"},\"thumbnailUrl\":\"https:\\\/\\\/qtmm.org\\\/wp-content\\\/uploads\\\/2022\\\/01\\\/5198e8a509f0c.jpeg\",\"articleSection\":[\"Haberler\"],\"inLanguage\":\"qt\",\"potentialAction\":[{\"@type\":\"CommentAction\",\"name\":\"Comment\",\"target\":[\"https:\\\/\\\/qtmm.org\\\/qt\\\/aqmescitte-qirimtatar-halqi-soyqirimi-qurbanlarinin-hatirasina-bagislangan-qalbinde-ates-yaq-aktsiyasi-kecirildi\\\/#respond\"]}]},{\"@type\":\"WebPage\",\"@id\":\"https:\\\/\\\/qtmm.org\\\/qt\\\/aqmescitte-qirimtatar-halqi-soyqirimi-qurbanlarinin-hatirasina-bagislangan-qalbinde-ates-yaq-aktsiyasi-kecirildi\\\/\",\"url\":\"https:\\\/\\\/qtmm.org\\\/qt\\\/aqmescitte-qirimtatar-halqi-soyqirimi-qurbanlarinin-hatirasina-bagislangan-qalbinde-ates-yaq-aktsiyasi-kecirildi\\\/\",\"name\":\"Aqmescitte q\u0131r\u0131mtatar halq\u0131 soyq\u0131r\u0131m\u0131 qurbanlar\u0131n\u0131\u00f1 hat\u0131ras\u0131na ba\u011f\u0131\u015flan\u011fan \u00abQalbi\u00f1de ate\u015f yaq\u00bb aktsiyas\u0131 ke\u00e7irildi - \u041c\u0435\u0434\u0436\u043b\u0456\u0441\",\"isPartOf\":{\"@id\":\"https:\\\/\\\/qtmm.org\\\/qt\\\/#website\"},\"primaryImageOfPage\":{\"@id\":\"https:\\\/\\\/qtmm.org\\\/qt\\\/aqmescitte-qirimtatar-halqi-soyqirimi-qurbanlarinin-hatirasina-bagislangan-qalbinde-ates-yaq-aktsiyasi-kecirildi\\\/#primaryimage\"},\"image\":{\"@id\":\"https:\\\/\\\/qtmm.org\\\/qt\\\/aqmescitte-qirimtatar-halqi-soyqirimi-qurbanlarinin-hatirasina-bagislangan-qalbinde-ates-yaq-aktsiyasi-kecirildi\\\/#primaryimage\"},\"thumbnailUrl\":\"https:\\\/\\\/qtmm.org\\\/wp-content\\\/uploads\\\/2022\\\/01\\\/5198e8a509f0c.jpeg\",\"datePublished\":\"2013-05-17T20:20:00+00:00\",\"dateModified\":\"2022-01-23T20:22:57+00:00\",\"breadcrumb\":{\"@id\":\"https:\\\/\\\/qtmm.org\\\/qt\\\/aqmescitte-qirimtatar-halqi-soyqirimi-qurbanlarinin-hatirasina-bagislangan-qalbinde-ates-yaq-aktsiyasi-kecirildi\\\/#breadcrumb\"},\"inLanguage\":\"qt\",\"potentialAction\":[{\"@type\":\"ReadAction\",\"target\":[\"https:\\\/\\\/qtmm.org\\\/qt\\\/aqmescitte-qirimtatar-halqi-soyqirimi-qurbanlarinin-hatirasina-bagislangan-qalbinde-ates-yaq-aktsiyasi-kecirildi\\\/\"]}]},{\"@type\":\"ImageObject\",\"inLanguage\":\"qt\",\"@id\":\"https:\\\/\\\/qtmm.org\\\/qt\\\/aqmescitte-qirimtatar-halqi-soyqirimi-qurbanlarinin-hatirasina-bagislangan-qalbinde-ates-yaq-aktsiyasi-kecirildi\\\/#primaryimage\",\"url\":\"https:\\\/\\\/qtmm.org\\\/wp-content\\\/uploads\\\/2022\\\/01\\\/5198e8a509f0c.jpeg\",\"contentUrl\":\"https:\\\/\\\/qtmm.org\\\/wp-content\\\/uploads\\\/2022\\\/01\\\/5198e8a509f0c.jpeg\",\"width\":640,\"height\":480},{\"@type\":\"BreadcrumbList\",\"@id\":\"https:\\\/\\\/qtmm.org\\\/qt\\\/aqmescitte-qirimtatar-halqi-soyqirimi-qurbanlarinin-hatirasina-bagislangan-qalbinde-ates-yaq-aktsiyasi-kecirildi\\\/#breadcrumb\",\"itemListElement\":[{\"@type\":\"ListItem\",\"position\":1,\"name\":\"\u0413\u043e\u043b\u043e\u0432\u043d\u0430\",\"item\":\"https:\\\/\\\/qtmm.org\\\/qt\\\/\"},{\"@type\":\"ListItem\",\"position\":2,\"name\":\"Aqmescitte q\u0131r\u0131mtatar halq\u0131 soyq\u0131r\u0131m\u0131 qurbanlar\u0131n\u0131\u00f1 hat\u0131ras\u0131na ba\u011f\u0131\u015flan\u011fan \u00abQalbi\u00f1de ate\u015f yaq\u00bb aktsiyas\u0131 ke\u00e7irildi\"}]},{\"@type\":\"WebSite\",\"@id\":\"https:\\\/\\\/qtmm.org\\\/qt\\\/#website\",\"url\":\"https:\\\/\\\/qtmm.org\\\/qt\\\/\",\"name\":\"\u041c\u0435\u0434\u0436\u043b\u0456\u0441\",\"description\":\"\",\"publisher\":{\"@id\":\"https:\\\/\\\/qtmm.org\\\/qt\\\/#organization\"},\"potentialAction\":[{\"@type\":\"SearchAction\",\"target\":{\"@type\":\"EntryPoint\",\"urlTemplate\":\"https:\\\/\\\/qtmm.org\\\/qt\\\/?s={search_term_string}\"},\"query-input\":{\"@type\":\"PropertyValueSpecification\",\"valueRequired\":true,\"valueName\":\"search_term_string\"}}],\"inLanguage\":\"qt\"},{\"@type\":\"Organization\",\"@id\":\"https:\\\/\\\/qtmm.org\\\/qt\\\/#organization\",\"name\":\"\u041c\u0435\u0434\u0436\u043b\u0456\u0441\",\"url\":\"https:\\\/\\\/qtmm.org\\\/qt\\\/\",\"logo\":{\"@type\":\"ImageObject\",\"inLanguage\":\"qt\",\"@id\":\"https:\\\/\\\/qtmm.org\\\/qt\\\/#\\\/schema\\\/logo\\\/image\\\/\",\"url\":\"https:\\\/\\\/qtmm.org\\\/wp-content\\\/uploads\\\/2024\\\/12\\\/ua-mejlis-logo-rgb.svg\",\"contentUrl\":\"https:\\\/\\\/qtmm.org\\\/wp-content\\\/uploads\\\/2024\\\/12\\\/ua-mejlis-logo-rgb.svg\",\"caption\":\"\u041c\u0435\u0434\u0436\u043b\u0456\u0441\"},\"image\":{\"@id\":\"https:\\\/\\\/qtmm.org\\\/qt\\\/#\\\/schema\\\/logo\\\/image\\\/\"},\"sameAs\":[\"https:\\\/\\\/www.facebook.com\\\/qtmm.info\\\/\"]},{\"@type\":\"Person\",\"@id\":\"https:\\\/\\\/qtmm.org\\\/qt\\\/#\\\/schema\\\/person\\\/de562469f971dec226ac06e60bbf74a7\",\"name\":\"Developer\",\"image\":{\"@type\":\"ImageObject\",\"inLanguage\":\"qt\",\"@id\":\"https:\\\/\\\/secure.gravatar.com\\\/avatar\\\/392b4cc8fbfeb00b39dfeeab4ee6edded39ffd48e25858637e4765810300227e?s=96&d=mm&r=g\",\"url\":\"https:\\\/\\\/secure.gravatar.com\\\/avatar\\\/392b4cc8fbfeb00b39dfeeab4ee6edded39ffd48e25858637e4765810300227e?s=96&d=mm&r=g\",\"contentUrl\":\"https:\\\/\\\/secure.gravatar.com\\\/avatar\\\/392b4cc8fbfeb00b39dfeeab4ee6edded39ffd48e25858637e4765810300227e?s=96&d=mm&r=g\",\"caption\":\"Developer\"},\"url\":\"https:\\\/\\\/qtmm.org\\\/qt\\\/author\\\/Developer\\\/\"}]}<\/script>\n<!-- \/ Yoast SEO plugin. -->","yoast_head_json":{"title":"Aqmescitte q\u0131r\u0131mtatar halq\u0131 soyq\u0131r\u0131m\u0131 qurbanlar\u0131n\u0131\u00f1 hat\u0131ras\u0131na ba\u011f\u0131\u015flan\u011fan \u00abQalbi\u00f1de ate\u015f yaq\u00bb aktsiyas\u0131 ke\u00e7irildi - \u041c\u0435\u0434\u0436\u043b\u0456\u0441","robots":{"index":"index","follow":"follow","max-snippet":"max-snippet:-1","max-image-preview":"max-image-preview:large","max-video-preview":"max-video-preview:-1"},"canonical":"https:\/\/qtmm.org\/qt\/aqmescitte-qirimtatar-halqi-soyqirimi-qurbanlarinin-hatirasina-bagislangan-qalbinde-ates-yaq-aktsiyasi-kecirildi\/","og_locale":"en_US","og_type":"article","og_title":"Aqmescitte q\u0131r\u0131mtatar halq\u0131 soyq\u0131r\u0131m\u0131 qurbanlar\u0131n\u0131\u00f1 hat\u0131ras\u0131na ba\u011f\u0131\u015flan\u011fan \u00abQalbi\u00f1de ate\u015f yaq\u00bb aktsiyas\u0131 ke\u00e7irildi - \u041c\u0435\u0434\u0436\u043b\u0456\u0441","og_description":"Q\u0131r\u0131mtatarlar tarih\u0131nda facial\u0131 k\u00fcnni\u00f1 arfesinde Aqmescitni\u00f1 merkeziy meydan\u0131nda ananeviy &#8220;Qalbi\u00f1de ate\u015f yaq&#8221; aktsiyas\u0131 ke\u00e7irildi. Tedbirni Q\u0131r\u0131mtatar Milliy Meclisini\u00f1 qoltutuv\u0131nda Q\u0131r\u0131mtatar ya\u015flar merkezi te\u015fkil\u00e2tland\u0131rd\u0131. Aktsiyada 3 bi\u00f1den ziyade \u00e7e\u015fit millet, dinlerge mens\u00fcp ol\u011fan ya\u015f ve qart insan i\u015ftirak etti. S\u00fcrg\u00fcnlikte el\u00e2k ol\u011fanlarn\u0131\u00f1 hat\u0131ras\u0131n\u0131 a\u00f1maq i\u00e7\u00fcn Meclis reisi Mustafa Cemilev, Meclis azalar\u0131, milliy areket veteranlar\u0131, Q\u0131r\u0131mn\u0131\u00f1 sakinleri [&hellip;]","og_url":"https:\/\/qtmm.org\/qt\/aqmescitte-qirimtatar-halqi-soyqirimi-qurbanlarinin-hatirasina-bagislangan-qalbinde-ates-yaq-aktsiyasi-kecirildi\/","og_site_name":"\u041c\u0435\u0434\u0436\u043b\u0456\u0441","article_publisher":"https:\/\/www.facebook.com\/qtmm.info\/","article_published_time":"2013-05-17T20:20:00+00:00","article_modified_time":"2022-01-23T20:22:57+00:00","og_image":[{"width":640,"height":480,"url":"https:\/\/qtmm.org\/wp-content\/uploads\/2022\/01\/5198e8a509f0c.jpeg","type":"image\/jpeg"}],"author":"Developer","twitter_card":"summary_large_image","twitter_misc":{"Written by":"Developer","Est. reading time":"1 minute"},"schema":{"@context":"https:\/\/schema.org","@graph":[{"@type":"Article","@id":"https:\/\/qtmm.org\/qt\/aqmescitte-qirimtatar-halqi-soyqirimi-qurbanlarinin-hatirasina-bagislangan-qalbinde-ates-yaq-aktsiyasi-kecirildi\/#article","isPartOf":{"@id":"https:\/\/qtmm.org\/qt\/aqmescitte-qirimtatar-halqi-soyqirimi-qurbanlarinin-hatirasina-bagislangan-qalbinde-ates-yaq-aktsiyasi-kecirildi\/"},"author":{"name":"Developer","@id":"https:\/\/qtmm.org\/qt\/#\/schema\/person\/de562469f971dec226ac06e60bbf74a7"},"headline":"Aqmescitte q\u0131r\u0131mtatar halq\u0131 soyq\u0131r\u0131m\u0131 qurbanlar\u0131n\u0131\u00f1 hat\u0131ras\u0131na ba\u011f\u0131\u015flan\u011fan \u00abQalbi\u00f1de ate\u015f yaq\u00bb aktsiyas\u0131 ke\u00e7irildi","datePublished":"2013-05-17T20:20:00+00:00","dateModified":"2022-01-23T20:22:57+00:00","mainEntityOfPage":{"@id":"https:\/\/qtmm.org\/qt\/aqmescitte-qirimtatar-halqi-soyqirimi-qurbanlarinin-hatirasina-bagislangan-qalbinde-ates-yaq-aktsiyasi-kecirildi\/"},"wordCount":298,"commentCount":0,"publisher":{"@id":"https:\/\/qtmm.org\/qt\/#organization"},"image":{"@id":"https:\/\/qtmm.org\/qt\/aqmescitte-qirimtatar-halqi-soyqirimi-qurbanlarinin-hatirasina-bagislangan-qalbinde-ates-yaq-aktsiyasi-kecirildi\/#primaryimage"},"thumbnailUrl":"https:\/\/qtmm.org\/wp-content\/uploads\/2022\/01\/5198e8a509f0c.jpeg","articleSection":["Haberler"],"inLanguage":"qt","potentialAction":[{"@type":"CommentAction","name":"Comment","target":["https:\/\/qtmm.org\/qt\/aqmescitte-qirimtatar-halqi-soyqirimi-qurbanlarinin-hatirasina-bagislangan-qalbinde-ates-yaq-aktsiyasi-kecirildi\/#respond"]}]},{"@type":"WebPage","@id":"https:\/\/qtmm.org\/qt\/aqmescitte-qirimtatar-halqi-soyqirimi-qurbanlarinin-hatirasina-bagislangan-qalbinde-ates-yaq-aktsiyasi-kecirildi\/","url":"https:\/\/qtmm.org\/qt\/aqmescitte-qirimtatar-halqi-soyqirimi-qurbanlarinin-hatirasina-bagislangan-qalbinde-ates-yaq-aktsiyasi-kecirildi\/","name":"Aqmescitte q\u0131r\u0131mtatar halq\u0131 soyq\u0131r\u0131m\u0131 qurbanlar\u0131n\u0131\u00f1 hat\u0131ras\u0131na ba\u011f\u0131\u015flan\u011fan \u00abQalbi\u00f1de ate\u015f yaq\u00bb aktsiyas\u0131 ke\u00e7irildi - \u041c\u0435\u0434\u0436\u043b\u0456\u0441","isPartOf":{"@id":"https:\/\/qtmm.org\/qt\/#website"},"primaryImageOfPage":{"@id":"https:\/\/qtmm.org\/qt\/aqmescitte-qirimtatar-halqi-soyqirimi-qurbanlarinin-hatirasina-bagislangan-qalbinde-ates-yaq-aktsiyasi-kecirildi\/#primaryimage"},"image":{"@id":"https:\/\/qtmm.org\/qt\/aqmescitte-qirimtatar-halqi-soyqirimi-qurbanlarinin-hatirasina-bagislangan-qalbinde-ates-yaq-aktsiyasi-kecirildi\/#primaryimage"},"thumbnailUrl":"https:\/\/qtmm.org\/wp-content\/uploads\/2022\/01\/5198e8a509f0c.jpeg","datePublished":"2013-05-17T20:20:00+00:00","dateModified":"2022-01-23T20:22:57+00:00","breadcrumb":{"@id":"https:\/\/qtmm.org\/qt\/aqmescitte-qirimtatar-halqi-soyqirimi-qurbanlarinin-hatirasina-bagislangan-qalbinde-ates-yaq-aktsiyasi-kecirildi\/#breadcrumb"},"inLanguage":"qt","potentialAction":[{"@type":"ReadAction","target":["https:\/\/qtmm.org\/qt\/aqmescitte-qirimtatar-halqi-soyqirimi-qurbanlarinin-hatirasina-bagislangan-qalbinde-ates-yaq-aktsiyasi-kecirildi\/"]}]},{"@type":"ImageObject","inLanguage":"qt","@id":"https:\/\/qtmm.org\/qt\/aqmescitte-qirimtatar-halqi-soyqirimi-qurbanlarinin-hatirasina-bagislangan-qalbinde-ates-yaq-aktsiyasi-kecirildi\/#primaryimage","url":"https:\/\/qtmm.org\/wp-content\/uploads\/2022\/01\/5198e8a509f0c.jpeg","contentUrl":"https:\/\/qtmm.org\/wp-content\/uploads\/2022\/01\/5198e8a509f0c.jpeg","width":640,"height":480},{"@type":"BreadcrumbList","@id":"https:\/\/qtmm.org\/qt\/aqmescitte-qirimtatar-halqi-soyqirimi-qurbanlarinin-hatirasina-bagislangan-qalbinde-ates-yaq-aktsiyasi-kecirildi\/#breadcrumb","itemListElement":[{"@type":"ListItem","position":1,"name":"\u0413\u043e\u043b\u043e\u0432\u043d\u0430","item":"https:\/\/qtmm.org\/qt\/"},{"@type":"ListItem","position":2,"name":"Aqmescitte q\u0131r\u0131mtatar halq\u0131 soyq\u0131r\u0131m\u0131 qurbanlar\u0131n\u0131\u00f1 hat\u0131ras\u0131na ba\u011f\u0131\u015flan\u011fan \u00abQalbi\u00f1de ate\u015f yaq\u00bb aktsiyas\u0131 ke\u00e7irildi"}]},{"@type":"WebSite","@id":"https:\/\/qtmm.org\/qt\/#website","url":"https:\/\/qtmm.org\/qt\/","name":"\u041c\u0435\u0434\u0436\u043b\u0456\u0441","description":"","publisher":{"@id":"https:\/\/qtmm.org\/qt\/#organization"},"potentialAction":[{"@type":"SearchAction","target":{"@type":"EntryPoint","urlTemplate":"https:\/\/qtmm.org\/qt\/?s={search_term_string}"},"query-input":{"@type":"PropertyValueSpecification","valueRequired":true,"valueName":"search_term_string"}}],"inLanguage":"qt"},{"@type":"Organization","@id":"https:\/\/qtmm.org\/qt\/#organization","name":"\u041c\u0435\u0434\u0436\u043b\u0456\u0441","url":"https:\/\/qtmm.org\/qt\/","logo":{"@type":"ImageObject","inLanguage":"qt","@id":"https:\/\/qtmm.org\/qt\/#\/schema\/logo\/image\/","url":"https:\/\/qtmm.org\/wp-content\/uploads\/2024\/12\/ua-mejlis-logo-rgb.svg","contentUrl":"https:\/\/qtmm.org\/wp-content\/uploads\/2024\/12\/ua-mejlis-logo-rgb.svg","caption":"\u041c\u0435\u0434\u0436\u043b\u0456\u0441"},"image":{"@id":"https:\/\/qtmm.org\/qt\/#\/schema\/logo\/image\/"},"sameAs":["https:\/\/www.facebook.com\/qtmm.info\/"]},{"@type":"Person","@id":"https:\/\/qtmm.org\/qt\/#\/schema\/person\/de562469f971dec226ac06e60bbf74a7","name":"Developer","image":{"@type":"ImageObject","inLanguage":"qt","@id":"https:\/\/secure.gravatar.com\/avatar\/392b4cc8fbfeb00b39dfeeab4ee6edded39ffd48e25858637e4765810300227e?s=96&d=mm&r=g","url":"https:\/\/secure.gravatar.com\/avatar\/392b4cc8fbfeb00b39dfeeab4ee6edded39ffd48e25858637e4765810300227e?s=96&d=mm&r=g","contentUrl":"https:\/\/secure.gravatar.com\/avatar\/392b4cc8fbfeb00b39dfeeab4ee6edded39ffd48e25858637e4765810300227e?s=96&d=mm&r=g","caption":"Developer"},"url":"https:\/\/qtmm.org\/qt\/author\/Developer\/"}]}},"_links":{"self":[{"href":"https:\/\/qtmm.org\/qt\/wp-json\/wp\/v2\/posts\/37384","targetHints":{"allow":["GET"]}}],"collection":[{"href":"https:\/\/qtmm.org\/qt\/wp-json\/wp\/v2\/posts"}],"about":[{"href":"https:\/\/qtmm.org\/qt\/wp-json\/wp\/v2\/types\/post"}],"author":[{"embeddable":true,"href":"https:\/\/qtmm.org\/qt\/wp-json\/wp\/v2\/users\/1"}],"replies":[{"embeddable":true,"href":"https:\/\/qtmm.org\/qt\/wp-json\/wp\/v2\/comments?post=37384"}],"version-history":[{"count":1,"href":"https:\/\/qtmm.org\/qt\/wp-json\/wp\/v2\/posts\/37384\/revisions"}],"predecessor-version":[{"id":37465,"href":"https:\/\/qtmm.org\/qt\/wp-json\/wp\/v2\/posts\/37384\/revisions\/37465"}],"wp:featuredmedia":[{"embeddable":true,"href":"https:\/\/qtmm.org\/qt\/wp-json\/wp\/v2\/media\/37425"}],"wp:attachment":[{"href":"https:\/\/qtmm.org\/qt\/wp-json\/wp\/v2\/media?parent=37384"}],"wp:term":[{"taxonomy":"category","embeddable":true,"href":"https:\/\/qtmm.org\/qt\/wp-json\/wp\/v2\/categories?post=37384"},{"taxonomy":"post_tag","embeddable":true,"href":"https:\/\/qtmm.org\/qt\/wp-json\/wp\/v2\/tags?post=37384"}],"curies":[{"name":"wp","href":"https:\/\/api.w.org\/{rel}","templated":true}]}}