




{"id":37354,"date":"2013-05-17T23:18:00","date_gmt":"2013-05-17T20:18:00","guid":{"rendered":"http:\/\/qtmm.org\/?p=37354"},"modified":"2022-01-23T23:20:32","modified_gmt":"2022-01-23T20:20:32","slug":"refat-cubarov-qirimtatarlarnin-saqlanip-qalacaq-halq-olaraq-inkisaf-etecek-basqa-vatani-yoqtir-demek-ukrain-devleti-qirimtatar-halqinin-kelecegi-icun-mesulietlidir","status":"publish","type":"post","link":"https:\/\/qtmm.org\/qt\/refat-cubarov-qirimtatarlarnin-saqlanip-qalacaq-halq-olaraq-inkisaf-etecek-basqa-vatani-yoqtir-demek-ukrain-devleti-qirimtatar-halqinin-kelecegi-icun-mesulietlidir\/","title":{"rendered":"Refat \u00c7ubarov: Q\u0131r\u0131mtatarlarn\u0131\u00f1 saqlan\u0131p qalacaq, halq olaraq inki\u015faf etecek ba\u015fqa Vatan\u0131 yoqt\u0131r. Demek, ukrain devleti q\u0131r\u0131mtatar halq\u0131n\u0131\u00f1 kelecegi i\u00e7\u00fcn mes\u00fclietlidir"},"content":{"rendered":"\n<p>2013 senesi may\u0131s 17-de Ukrain teatrinde q\u0131r\u0131mtatar halq\u0131 s\u00fcrg\u00fcnligini\u00f1 69 y\u0131ll\u0131\u011f\u0131na ba\u011f\u0131\u015flan\u011fan hat\u0131ra aq\u015fam\u0131 ol\u0131p ke\u00e7ti. Onda Q\u0131r\u0131m \u00fck\u00fcmeti, Q\u0131r\u0131mtatar halq\u0131 Meclisi ve Q\u0131r\u0131m cemaat\u00e7\u0131l\u0131\u011f\u0131n\u0131\u00f1 vekilleri i\u015ftirak ettiler.<\/p>\n\n\n\n<figure class=\"wp-block-image size-full\"><img loading=\"lazy\" decoding=\"async\" width=\"650\" height=\"370\" src=\"http:\/\/qtmm.org\/wp-content\/uploads\/2022\/01\/img_0791.jpeg\" alt=\"\" class=\"wp-image-37355\" srcset=\"https:\/\/qtmm.org\/wp-content\/uploads\/2022\/01\/img_0791.jpeg 650w, https:\/\/qtmm.org\/wp-content\/uploads\/2022\/01\/img_0791-300x171.jpeg 300w\" sizes=\"auto, (max-width: 650px) 100vw, 650px\" \/><\/figure>\n\n\n\n<figure class=\"wp-block-image size-full\"><img loading=\"lazy\" decoding=\"async\" width=\"650\" height=\"355\" src=\"http:\/\/qtmm.org\/wp-content\/uploads\/2022\/01\/img_0799.jpeg\" alt=\"\" class=\"wp-image-37359\" srcset=\"https:\/\/qtmm.org\/wp-content\/uploads\/2022\/01\/img_0799.jpeg 650w, https:\/\/qtmm.org\/wp-content\/uploads\/2022\/01\/img_0799-300x164.jpeg 300w\" sizes=\"auto, (max-width: 650px) 100vw, 650px\" \/><\/figure>\n\n\n\n<figure class=\"wp-block-image size-full\"><img loading=\"lazy\" decoding=\"async\" width=\"650\" height=\"404\" src=\"http:\/\/qtmm.org\/wp-content\/uploads\/2022\/01\/img_0809.jpeg\" alt=\"\" class=\"wp-image-37363\" srcset=\"https:\/\/qtmm.org\/wp-content\/uploads\/2022\/01\/img_0809.jpeg 650w, https:\/\/qtmm.org\/wp-content\/uploads\/2022\/01\/img_0809-300x186.jpeg 300w\" sizes=\"auto, (max-width: 650px) 100vw, 650px\" \/><\/figure>\n\n\n\n<p>Minberden Milliy Meclis reisini\u00f1 birinci muavini Refat \u00c7ubarov ve Q\u0131r\u0131m Nazirler \u015euras\u0131 reisini\u00f1 muavini Georgiy Psar\u00f6v \u00e7\u0131q\u0131\u015fta bulund\u0131lar.<\/p>\n\n\n\n<p>Georgiy Psarev Ukraina Prezidenti Viktor Yanukovi\u00e7ni\u00f1 muracaat\u0131n\u0131 oqud\u0131. &#8220;Bu ker\u00e7ekten de matem k\u00fcn\u00fc, siyaset\u00e7ilerge, cemaat, b\u00fct\u00fcn nesillerge insan \u00f6m\u00fcrini qor\u00e7alama\u011fa, \u015fah\u0131slarn\u0131 \u00fcrmet etmege \u00e7a\u011f\u0131r\u011fan bir derstir. Kelecek nesiller, balalar\u0131m\u0131zn\u0131\u00f1 kelecegi i\u00e7\u00fcn biz biri-birimizni \u00fcrmet etmek kerekmiz ki, bu facia bir daa tekrarlanmas\u0131n. Bundan 69 y\u0131l evelsi y\u00fcz bergen vaqia devletimizni\u00f1 tarih\u0131nda i\u00e7 bir vaq\u0131t olmas\u0131n&#8221;, &#8211; dedi o.<\/p>\n\n\n\n<figure class=\"wp-block-image size-full\"><img loading=\"lazy\" decoding=\"async\" width=\"650\" height=\"441\" src=\"http:\/\/qtmm.org\/wp-content\/uploads\/2022\/01\/img_0802.jpeg\" alt=\"\" class=\"wp-image-37367\" srcset=\"https:\/\/qtmm.org\/wp-content\/uploads\/2022\/01\/img_0802.jpeg 650w, https:\/\/qtmm.org\/wp-content\/uploads\/2022\/01\/img_0802-300x204.jpeg 300w\" sizes=\"auto, (max-width: 650px) 100vw, 650px\" \/><\/figure>\n\n\n\n<p>Meclis reisini\u00f1 birinci muavini, Q\u0131r\u0131m Yuqar\u0131 \u015euras\u0131n\u0131\u00f1 deputat\u0131, &#8220;Qurultay-Ruh&#8221; fraktsiyas\u0131n\u0131\u00f1 ba\u015f\u0131 Refat \u00c7ubarov 69 y\u0131l evelsi Q\u0131r\u0131m topra\u011f\u0131nda maqsad\u0131 \u2013 Q\u0131r\u0131mn\u0131\u00f1 tam\u0131r halq\u0131 ve insaniyetni\u00f1 e\u00f1 \u00f6zg\u00fcn milletlerinden biri ol\u011fan q\u0131r\u0131mtatar halq\u0131n\u0131 yoq etmek kibi misilsiz cinayet yap\u0131ld\u0131, dep qayd etti.<\/p>\n\n\n\n<p>&#8220;May\u0131s 18 arfesinde Q\u0131r\u0131m ve q\u0131r\u0131mtatar halq\u0131 69 y\u0131l evelsi o\u011frat\u0131l\u011fan vaziyetni siyasetle\u015ftirme\u00f1iz degen \u00e7a\u011f\u0131ruvlar ya\u00f1\u011f\u0131ray, &#8211; devam etti R. \u00c7ubarov. \u2013<\/p>\n\n\n\n<p>B\u00fct\u00fcn q\u0131r\u0131mtatarlar kibi men de bu \u00e7a\u011f\u0131ruv\u011fa uymaq isterdim. Eger q\u0131r\u0131mtatar halq\u0131na nisbeten yap\u0131l\u011fan bu cinayetni\u00f1 nevbetteki y\u0131ld\u00f6n\u00fcminde er \u015fey ke\u00e7mi\u015fte qald\u0131, soyq\u0131r\u0131m aqibetleri yoq etildi, ve art\u0131q bizim ve bizim ukrain, rus ve diger milletli qom\u015fular\u0131m\u0131z, sevgili Q\u0131r\u0131m\u0131m\u0131zn\u0131\u00f1 1944 senesi may\u0131s 18 soyq\u0131r\u0131m yapqan, so\u00f1ra on y\u0131llarnen \u011furbet illerde ya\u015fama\u011fa mahk\u00fcm etilgen totalitar rejimden asabal\u0131q olaraq qal\u011fan i\u00e7 bir t\u00fcrl\u00fc problemleri qalmad\u0131, dep olsayd\u0131m, kendimi siz kibi bah\u0131tl\u0131 insan, dep sayard\u0131m. Men ker\u00e7ekten de siyaset aqq\u0131nda i\u00e7 qonu\u015fmaq istemezdim, amma 1944 senesi may\u0131s 18,19, 20, 21 k\u00fcnleri Q\u0131r\u0131mda ol\u0131p ke\u00e7ken facian\u0131\u00f1 \u015fimdi ba\u015f\u0131-k\u00f6z\u00fc sa\u011f \u015faatlar\u011fa olarn\u0131\u00f1 adaletke \u00fcm\u00fctleri \u00f6yle de ker\u00e7ekle\u015fmegini nas\u0131l a\u00f1latmal\u0131, bun\u0131 ma\u00f1a ve kendi\u00f1izge ayt\u0131\u00f1\u0131z\u00e7\u0131&#8221;<\/p>\n\n\n\n<p>Meclis reisini\u00f1 birinci muavini Refat \u00c7ubarov Ukraina mustaqilligi il\u00e2n etilgen so\u00f1 yigirmi y\u0131l i\u00e7inde q\u0131r\u0131mtatar halq\u0131n\u0131\u00f1 aqlar\u0131n\u0131 tiklev, tuv\u011fan yurtunda \u011fayr\u0131dan tiklenmesi i\u00e7\u00fcn imk\u00e2n yaratqan i\u00e7 bir qanun qabul etmegenini tekrar hat\u0131rlatt\u0131. &#8220;Bi\u00f1lernen q\u0131r\u0131mtatarlar s\u00fcrg\u00fcnlik yerlerinde ya\u015famaq zorundalar, &#8211; dedi \u00c7ubarov. \u2013 ayn\u0131 zamanda bi\u00f1 t\u00fcrl\u00fc me\u015faqatlar ile Vatan\u011fa qayt\u0131p ol\u011fanlarn\u0131\u00f1 \u00e7oqlu\u011f\u0131 \u00f6z ailesi i\u00e7\u00fcn e\u00f1 zarur \u015faraitlerni bile yarat\u0131p olamay. Q\u0131r\u0131mtatarlar tolplu ya\u015fa\u011fan qasabalarda yollar, \u0131\u015f\u0131q, mektep yoqt\u0131r. Bu sene Ukraina b\u00fccetinden ise 11 million grivn\u00e2 para ay\u0131r\u0131l\u0131p, olarn\u0131\u00f1 5 million\u0131 kapital sal\u0131mlard\u0131r. B\u00f6yle finansirlev masharal\u0131q ol\u011fan\u0131n\u0131 er kes a\u00f1lay. Ne i\u00e7\u00fcn bu aqta biz aytmaycaq ekenmiz?&#8221;<\/p>\n\n\n\n<figure class=\"wp-block-image size-full\"><img loading=\"lazy\" decoding=\"async\" width=\"650\" height=\"338\" src=\"http:\/\/qtmm.org\/wp-content\/uploads\/2022\/01\/img_0797.jpeg\" alt=\"\" class=\"wp-image-37375\" srcset=\"https:\/\/qtmm.org\/wp-content\/uploads\/2022\/01\/img_0797.jpeg 650w, https:\/\/qtmm.org\/wp-content\/uploads\/2022\/01\/img_0797-300x156.jpeg 300w\" sizes=\"auto, (max-width: 650px) 100vw, 650px\" \/><\/figure>\n\n\n\n<p>Refat \u00c7ubarov qayd etkeni kibi 1944 senesi facial\u0131 vaqialar aqibetinde Q\u0131r\u0131mn\u0131\u00f1 y\u00fcz\u00fcni boz\u011fan tarihiy hat\u0131ra silindi, Q\u0131r\u0131m ve on\u0131\u00f1 tam\u0131r halq\u0131n\u0131\u00f1 aqiqiy tarih\u0131n\u0131 aks etken i\u00e7 bir tarihiy ad qaytar\u0131lmad\u0131.<\/p>\n\n\n\n<p>\u00d6z \u00e7\u0131q\u0131\u015f\u0131nda Meclis reisini\u00f1 birinci muavini qayd etti ki, Q\u0131r\u0131mtatarlarn\u0131\u00f1 saqlan\u0131p qalacaq, halq olaraq inki\u015faf etecek Q\u0131r\u0131mdan ba\u015fqa Vatan\u0131 yoqt\u0131r. Demek, ukrain devleti q\u0131r\u0131mtatar halq\u0131n\u0131\u00f1 kelecegi i\u00e7\u00fcn mes\u00fclietlidir.<\/p>\n\n\n\n<p>Refat \u00c7ubarov emin ki, akimiyetke q\u0131r\u0131mtatarlar\u0131nen munasip seviyede qonu\u015fmal\u0131. On\u0131\u00f1 fikrince er k\u00fcn, er an bir maqsad \u2013 Q\u0131r\u0131m ve on\u0131\u00f1 b\u00fct\u00fcn sakinlerini\u00f1 ilerilemesi o\u011frunda semereli siyaset qullan\u0131lmal\u0131. &#8220;Q\u0131r\u0131mtatar halq\u0131 soyq\u0131r\u0131m\u0131 qurbanlar\u0131na Allah rahmet eylesin, ruhlar\u0131 \u015fad olsun&#8221;, &#8211; dep yek\u00fcnledi \u00f6z \u00e7\u0131q\u0131\u015f\u0131n\u0131 Refat \u00c7ubarov.<\/p>\n\n\n\n<figure class=\"wp-block-image size-full\"><img loading=\"lazy\" decoding=\"async\" width=\"650\" height=\"370\" src=\"http:\/\/qtmm.org\/wp-content\/uploads\/2022\/01\/img_0791_1.jpeg\" alt=\"\" class=\"wp-image-37379\" srcset=\"https:\/\/qtmm.org\/wp-content\/uploads\/2022\/01\/img_0791_1.jpeg 650w, https:\/\/qtmm.org\/wp-content\/uploads\/2022\/01\/img_0791_1-300x171.jpeg 300w\" sizes=\"auto, (max-width: 650px) 100vw, 650px\" \/><\/figure>\n","protected":false},"excerpt":{"rendered":"<p>2013 senesi may\u0131s 17-de Ukrain teatrinde q\u0131r\u0131mtatar halq\u0131 s\u00fcrg\u00fcnligini\u00f1 69 y\u0131ll\u0131\u011f\u0131na ba\u011f\u0131\u015flan\u011fan hat\u0131ra aq\u015fam\u0131 ol\u0131p ke\u00e7ti. Onda Q\u0131r\u0131m \u00fck\u00fcmeti, Q\u0131r\u0131mtatar halq\u0131 Meclisi ve Q\u0131r\u0131m cemaat\u00e7\u0131l\u0131\u011f\u0131n\u0131\u00f1 vekilleri i\u015ftirak ettiler. Minberden Milliy Meclis reisini\u00f1 birinci muavini Refat \u00c7ubarov ve Q\u0131r\u0131m Nazirler \u015euras\u0131 reisini\u00f1 muavini Georgiy Psar\u00f6v \u00e7\u0131q\u0131\u015fta bulund\u0131lar. Georgiy Psarev Ukraina Prezidenti Viktor Yanukovi\u00e7ni\u00f1 muracaat\u0131n\u0131 oqud\u0131. &#8220;Bu [&hellip;]<\/p>\n","protected":false},"author":1,"featured_media":37371,"comment_status":"open","ping_status":"open","sticky":false,"template":"","format":"standard","meta":{"inline_featured_image":false,"footnotes":""},"categories":[265],"tags":[],"class_list":["post-37354","post","type-post","status-publish","format-standard","has-post-thumbnail","hentry","category-haberler"],"acf":[],"yoast_head":"<!-- This site is optimized with the Yoast SEO plugin v27.4 - https:\/\/yoast.com\/product\/yoast-seo-wordpress\/ -->\n<title>Refat \u00c7ubarov: Q\u0131r\u0131mtatarlarn\u0131\u00f1 saqlan\u0131p qalacaq, halq olaraq inki\u015faf etecek ba\u015fqa Vatan\u0131 yoqt\u0131r. Demek, ukrain devleti q\u0131r\u0131mtatar halq\u0131n\u0131\u00f1 kelecegi i\u00e7\u00fcn mes\u00fclietlidir - \u041c\u0435\u0434\u0436\u043b\u0456\u0441<\/title>\n<meta name=\"robots\" content=\"index, follow, max-snippet:-1, max-image-preview:large, max-video-preview:-1\" \/>\n<link rel=\"canonical\" href=\"https:\/\/qtmm.org\/qt\/refat-cubarov-qirimtatarlarnin-saqlanip-qalacaq-halq-olaraq-inkisaf-etecek-basqa-vatani-yoqtir-demek-ukrain-devleti-qirimtatar-halqinin-kelecegi-icun-mesulietlidir\/\" \/>\n<meta property=\"og:locale\" content=\"en_US\" \/>\n<meta property=\"og:type\" content=\"article\" \/>\n<meta property=\"og:title\" content=\"Refat \u00c7ubarov: Q\u0131r\u0131mtatarlarn\u0131\u00f1 saqlan\u0131p qalacaq, halq olaraq inki\u015faf etecek ba\u015fqa Vatan\u0131 yoqt\u0131r. Demek, ukrain devleti q\u0131r\u0131mtatar halq\u0131n\u0131\u00f1 kelecegi i\u00e7\u00fcn mes\u00fclietlidir - \u041c\u0435\u0434\u0436\u043b\u0456\u0441\" \/>\n<meta property=\"og:description\" content=\"2013 senesi may\u0131s 17-de Ukrain teatrinde q\u0131r\u0131mtatar halq\u0131 s\u00fcrg\u00fcnligini\u00f1 69 y\u0131ll\u0131\u011f\u0131na ba\u011f\u0131\u015flan\u011fan hat\u0131ra aq\u015fam\u0131 ol\u0131p ke\u00e7ti. Onda Q\u0131r\u0131m \u00fck\u00fcmeti, Q\u0131r\u0131mtatar halq\u0131 Meclisi ve Q\u0131r\u0131m cemaat\u00e7\u0131l\u0131\u011f\u0131n\u0131\u00f1 vekilleri i\u015ftirak ettiler. Minberden Milliy Meclis reisini\u00f1 birinci muavini Refat \u00c7ubarov ve Q\u0131r\u0131m Nazirler \u015euras\u0131 reisini\u00f1 muavini Georgiy Psar\u00f6v \u00e7\u0131q\u0131\u015fta bulund\u0131lar. Georgiy Psarev Ukraina Prezidenti Viktor Yanukovi\u00e7ni\u00f1 muracaat\u0131n\u0131 oqud\u0131. &#8220;Bu [&hellip;]\" \/>\n<meta property=\"og:url\" content=\"https:\/\/qtmm.org\/qt\/refat-cubarov-qirimtatarlarnin-saqlanip-qalacaq-halq-olaraq-inkisaf-etecek-basqa-vatani-yoqtir-demek-ukrain-devleti-qirimtatar-halqinin-kelecegi-icun-mesulietlidir\/\" \/>\n<meta property=\"og:site_name\" content=\"\u041c\u0435\u0434\u0436\u043b\u0456\u0441\" \/>\n<meta property=\"article:publisher\" content=\"https:\/\/www.facebook.com\/qtmm.info\/\" \/>\n<meta property=\"article:published_time\" content=\"2013-05-17T20:18:00+00:00\" \/>\n<meta property=\"article:modified_time\" content=\"2022-01-23T20:20:32+00:00\" \/>\n<meta property=\"og:image\" content=\"https:\/\/qtmm.org\/wp-content\/uploads\/2022\/01\/img_0805.jpeg\" \/>\n\t<meta property=\"og:image:width\" content=\"650\" \/>\n\t<meta property=\"og:image:height\" content=\"424\" \/>\n\t<meta property=\"og:image:type\" content=\"image\/jpeg\" \/>\n<meta name=\"author\" content=\"Developer\" \/>\n<meta name=\"twitter:card\" content=\"summary_large_image\" \/>\n<meta name=\"twitter:label1\" content=\"Written by\" \/>\n\t<meta name=\"twitter:data1\" content=\"Developer\" \/>\n\t<meta name=\"twitter:label2\" content=\"Est. reading time\" \/>\n\t<meta name=\"twitter:data2\" content=\"3 minutes\" \/>\n<script type=\"application\/ld+json\" class=\"yoast-schema-graph\">{\"@context\":\"https:\\\/\\\/schema.org\",\"@graph\":[{\"@type\":\"Article\",\"@id\":\"https:\\\/\\\/qtmm.org\\\/qt\\\/refat-cubarov-qirimtatarlarnin-saqlanip-qalacaq-halq-olaraq-inkisaf-etecek-basqa-vatani-yoqtir-demek-ukrain-devleti-qirimtatar-halqinin-kelecegi-icun-mesulietlidir\\\/#article\",\"isPartOf\":{\"@id\":\"https:\\\/\\\/qtmm.org\\\/qt\\\/refat-cubarov-qirimtatarlarnin-saqlanip-qalacaq-halq-olaraq-inkisaf-etecek-basqa-vatani-yoqtir-demek-ukrain-devleti-qirimtatar-halqinin-kelecegi-icun-mesulietlidir\\\/\"},\"author\":{\"name\":\"Developer\",\"@id\":\"https:\\\/\\\/qtmm.org\\\/qt\\\/#\\\/schema\\\/person\\\/de562469f971dec226ac06e60bbf74a7\"},\"headline\":\"Refat \u00c7ubarov: Q\u0131r\u0131mtatarlarn\u0131\u00f1 saqlan\u0131p qalacaq, halq olaraq inki\u015faf etecek ba\u015fqa Vatan\u0131 yoqt\u0131r. Demek, ukrain devleti q\u0131r\u0131mtatar halq\u0131n\u0131\u00f1 kelecegi i\u00e7\u00fcn mes\u00fclietlidir\",\"datePublished\":\"2013-05-17T20:18:00+00:00\",\"dateModified\":\"2022-01-23T20:20:32+00:00\",\"mainEntityOfPage\":{\"@id\":\"https:\\\/\\\/qtmm.org\\\/qt\\\/refat-cubarov-qirimtatarlarnin-saqlanip-qalacaq-halq-olaraq-inkisaf-etecek-basqa-vatani-yoqtir-demek-ukrain-devleti-qirimtatar-halqinin-kelecegi-icun-mesulietlidir\\\/\"},\"wordCount\":715,\"commentCount\":0,\"publisher\":{\"@id\":\"https:\\\/\\\/qtmm.org\\\/qt\\\/#organization\"},\"image\":{\"@id\":\"https:\\\/\\\/qtmm.org\\\/qt\\\/refat-cubarov-qirimtatarlarnin-saqlanip-qalacaq-halq-olaraq-inkisaf-etecek-basqa-vatani-yoqtir-demek-ukrain-devleti-qirimtatar-halqinin-kelecegi-icun-mesulietlidir\\\/#primaryimage\"},\"thumbnailUrl\":\"https:\\\/\\\/qtmm.org\\\/wp-content\\\/uploads\\\/2022\\\/01\\\/img_0805.jpeg\",\"articleSection\":[\"Haberler\"],\"inLanguage\":\"qt\",\"potentialAction\":[{\"@type\":\"CommentAction\",\"name\":\"Comment\",\"target\":[\"https:\\\/\\\/qtmm.org\\\/qt\\\/refat-cubarov-qirimtatarlarnin-saqlanip-qalacaq-halq-olaraq-inkisaf-etecek-basqa-vatani-yoqtir-demek-ukrain-devleti-qirimtatar-halqinin-kelecegi-icun-mesulietlidir\\\/#respond\"]}]},{\"@type\":\"WebPage\",\"@id\":\"https:\\\/\\\/qtmm.org\\\/qt\\\/refat-cubarov-qirimtatarlarnin-saqlanip-qalacaq-halq-olaraq-inkisaf-etecek-basqa-vatani-yoqtir-demek-ukrain-devleti-qirimtatar-halqinin-kelecegi-icun-mesulietlidir\\\/\",\"url\":\"https:\\\/\\\/qtmm.org\\\/qt\\\/refat-cubarov-qirimtatarlarnin-saqlanip-qalacaq-halq-olaraq-inkisaf-etecek-basqa-vatani-yoqtir-demek-ukrain-devleti-qirimtatar-halqinin-kelecegi-icun-mesulietlidir\\\/\",\"name\":\"Refat \u00c7ubarov: Q\u0131r\u0131mtatarlarn\u0131\u00f1 saqlan\u0131p qalacaq, halq olaraq inki\u015faf etecek ba\u015fqa Vatan\u0131 yoqt\u0131r. Demek, ukrain devleti q\u0131r\u0131mtatar halq\u0131n\u0131\u00f1 kelecegi i\u00e7\u00fcn mes\u00fclietlidir - \u041c\u0435\u0434\u0436\u043b\u0456\u0441\",\"isPartOf\":{\"@id\":\"https:\\\/\\\/qtmm.org\\\/qt\\\/#website\"},\"primaryImageOfPage\":{\"@id\":\"https:\\\/\\\/qtmm.org\\\/qt\\\/refat-cubarov-qirimtatarlarnin-saqlanip-qalacaq-halq-olaraq-inkisaf-etecek-basqa-vatani-yoqtir-demek-ukrain-devleti-qirimtatar-halqinin-kelecegi-icun-mesulietlidir\\\/#primaryimage\"},\"image\":{\"@id\":\"https:\\\/\\\/qtmm.org\\\/qt\\\/refat-cubarov-qirimtatarlarnin-saqlanip-qalacaq-halq-olaraq-inkisaf-etecek-basqa-vatani-yoqtir-demek-ukrain-devleti-qirimtatar-halqinin-kelecegi-icun-mesulietlidir\\\/#primaryimage\"},\"thumbnailUrl\":\"https:\\\/\\\/qtmm.org\\\/wp-content\\\/uploads\\\/2022\\\/01\\\/img_0805.jpeg\",\"datePublished\":\"2013-05-17T20:18:00+00:00\",\"dateModified\":\"2022-01-23T20:20:32+00:00\",\"breadcrumb\":{\"@id\":\"https:\\\/\\\/qtmm.org\\\/qt\\\/refat-cubarov-qirimtatarlarnin-saqlanip-qalacaq-halq-olaraq-inkisaf-etecek-basqa-vatani-yoqtir-demek-ukrain-devleti-qirimtatar-halqinin-kelecegi-icun-mesulietlidir\\\/#breadcrumb\"},\"inLanguage\":\"qt\",\"potentialAction\":[{\"@type\":\"ReadAction\",\"target\":[\"https:\\\/\\\/qtmm.org\\\/qt\\\/refat-cubarov-qirimtatarlarnin-saqlanip-qalacaq-halq-olaraq-inkisaf-etecek-basqa-vatani-yoqtir-demek-ukrain-devleti-qirimtatar-halqinin-kelecegi-icun-mesulietlidir\\\/\"]}]},{\"@type\":\"ImageObject\",\"inLanguage\":\"qt\",\"@id\":\"https:\\\/\\\/qtmm.org\\\/qt\\\/refat-cubarov-qirimtatarlarnin-saqlanip-qalacaq-halq-olaraq-inkisaf-etecek-basqa-vatani-yoqtir-demek-ukrain-devleti-qirimtatar-halqinin-kelecegi-icun-mesulietlidir\\\/#primaryimage\",\"url\":\"https:\\\/\\\/qtmm.org\\\/wp-content\\\/uploads\\\/2022\\\/01\\\/img_0805.jpeg\",\"contentUrl\":\"https:\\\/\\\/qtmm.org\\\/wp-content\\\/uploads\\\/2022\\\/01\\\/img_0805.jpeg\",\"width\":650,\"height\":424},{\"@type\":\"BreadcrumbList\",\"@id\":\"https:\\\/\\\/qtmm.org\\\/qt\\\/refat-cubarov-qirimtatarlarnin-saqlanip-qalacaq-halq-olaraq-inkisaf-etecek-basqa-vatani-yoqtir-demek-ukrain-devleti-qirimtatar-halqinin-kelecegi-icun-mesulietlidir\\\/#breadcrumb\",\"itemListElement\":[{\"@type\":\"ListItem\",\"position\":1,\"name\":\"\u0413\u043e\u043b\u043e\u0432\u043d\u0430\",\"item\":\"https:\\\/\\\/qtmm.org\\\/qt\\\/\"},{\"@type\":\"ListItem\",\"position\":2,\"name\":\"Refat \u00c7ubarov: Q\u0131r\u0131mtatarlarn\u0131\u00f1 saqlan\u0131p qalacaq, halq olaraq inki\u015faf etecek ba\u015fqa Vatan\u0131 yoqt\u0131r. Demek, ukrain devleti q\u0131r\u0131mtatar halq\u0131n\u0131\u00f1 kelecegi i\u00e7\u00fcn mes\u00fclietlidir\"}]},{\"@type\":\"WebSite\",\"@id\":\"https:\\\/\\\/qtmm.org\\\/qt\\\/#website\",\"url\":\"https:\\\/\\\/qtmm.org\\\/qt\\\/\",\"name\":\"\u041c\u0435\u0434\u0436\u043b\u0456\u0441\",\"description\":\"\",\"publisher\":{\"@id\":\"https:\\\/\\\/qtmm.org\\\/qt\\\/#organization\"},\"potentialAction\":[{\"@type\":\"SearchAction\",\"target\":{\"@type\":\"EntryPoint\",\"urlTemplate\":\"https:\\\/\\\/qtmm.org\\\/qt\\\/?s={search_term_string}\"},\"query-input\":{\"@type\":\"PropertyValueSpecification\",\"valueRequired\":true,\"valueName\":\"search_term_string\"}}],\"inLanguage\":\"qt\"},{\"@type\":\"Organization\",\"@id\":\"https:\\\/\\\/qtmm.org\\\/qt\\\/#organization\",\"name\":\"\u041c\u0435\u0434\u0436\u043b\u0456\u0441\",\"url\":\"https:\\\/\\\/qtmm.org\\\/qt\\\/\",\"logo\":{\"@type\":\"ImageObject\",\"inLanguage\":\"qt\",\"@id\":\"https:\\\/\\\/qtmm.org\\\/qt\\\/#\\\/schema\\\/logo\\\/image\\\/\",\"url\":\"https:\\\/\\\/qtmm.org\\\/wp-content\\\/uploads\\\/2024\\\/12\\\/ua-mejlis-logo-rgb.svg\",\"contentUrl\":\"https:\\\/\\\/qtmm.org\\\/wp-content\\\/uploads\\\/2024\\\/12\\\/ua-mejlis-logo-rgb.svg\",\"caption\":\"\u041c\u0435\u0434\u0436\u043b\u0456\u0441\"},\"image\":{\"@id\":\"https:\\\/\\\/qtmm.org\\\/qt\\\/#\\\/schema\\\/logo\\\/image\\\/\"},\"sameAs\":[\"https:\\\/\\\/www.facebook.com\\\/qtmm.info\\\/\"]},{\"@type\":\"Person\",\"@id\":\"https:\\\/\\\/qtmm.org\\\/qt\\\/#\\\/schema\\\/person\\\/de562469f971dec226ac06e60bbf74a7\",\"name\":\"Developer\",\"image\":{\"@type\":\"ImageObject\",\"inLanguage\":\"qt\",\"@id\":\"https:\\\/\\\/secure.gravatar.com\\\/avatar\\\/392b4cc8fbfeb00b39dfeeab4ee6edded39ffd48e25858637e4765810300227e?s=96&d=mm&r=g\",\"url\":\"https:\\\/\\\/secure.gravatar.com\\\/avatar\\\/392b4cc8fbfeb00b39dfeeab4ee6edded39ffd48e25858637e4765810300227e?s=96&d=mm&r=g\",\"contentUrl\":\"https:\\\/\\\/secure.gravatar.com\\\/avatar\\\/392b4cc8fbfeb00b39dfeeab4ee6edded39ffd48e25858637e4765810300227e?s=96&d=mm&r=g\",\"caption\":\"Developer\"},\"url\":\"https:\\\/\\\/qtmm.org\\\/qt\\\/author\\\/Developer\\\/\"}]}<\/script>\n<!-- \/ Yoast SEO plugin. -->","yoast_head_json":{"title":"Refat \u00c7ubarov: Q\u0131r\u0131mtatarlarn\u0131\u00f1 saqlan\u0131p qalacaq, halq olaraq inki\u015faf etecek ba\u015fqa Vatan\u0131 yoqt\u0131r. Demek, ukrain devleti q\u0131r\u0131mtatar halq\u0131n\u0131\u00f1 kelecegi i\u00e7\u00fcn mes\u00fclietlidir - \u041c\u0435\u0434\u0436\u043b\u0456\u0441","robots":{"index":"index","follow":"follow","max-snippet":"max-snippet:-1","max-image-preview":"max-image-preview:large","max-video-preview":"max-video-preview:-1"},"canonical":"https:\/\/qtmm.org\/qt\/refat-cubarov-qirimtatarlarnin-saqlanip-qalacaq-halq-olaraq-inkisaf-etecek-basqa-vatani-yoqtir-demek-ukrain-devleti-qirimtatar-halqinin-kelecegi-icun-mesulietlidir\/","og_locale":"en_US","og_type":"article","og_title":"Refat \u00c7ubarov: Q\u0131r\u0131mtatarlarn\u0131\u00f1 saqlan\u0131p qalacaq, halq olaraq inki\u015faf etecek ba\u015fqa Vatan\u0131 yoqt\u0131r. Demek, ukrain devleti q\u0131r\u0131mtatar halq\u0131n\u0131\u00f1 kelecegi i\u00e7\u00fcn mes\u00fclietlidir - \u041c\u0435\u0434\u0436\u043b\u0456\u0441","og_description":"2013 senesi may\u0131s 17-de Ukrain teatrinde q\u0131r\u0131mtatar halq\u0131 s\u00fcrg\u00fcnligini\u00f1 69 y\u0131ll\u0131\u011f\u0131na ba\u011f\u0131\u015flan\u011fan hat\u0131ra aq\u015fam\u0131 ol\u0131p ke\u00e7ti. Onda Q\u0131r\u0131m \u00fck\u00fcmeti, Q\u0131r\u0131mtatar halq\u0131 Meclisi ve Q\u0131r\u0131m cemaat\u00e7\u0131l\u0131\u011f\u0131n\u0131\u00f1 vekilleri i\u015ftirak ettiler. Minberden Milliy Meclis reisini\u00f1 birinci muavini Refat \u00c7ubarov ve Q\u0131r\u0131m Nazirler \u015euras\u0131 reisini\u00f1 muavini Georgiy Psar\u00f6v \u00e7\u0131q\u0131\u015fta bulund\u0131lar. Georgiy Psarev Ukraina Prezidenti Viktor Yanukovi\u00e7ni\u00f1 muracaat\u0131n\u0131 oqud\u0131. &#8220;Bu [&hellip;]","og_url":"https:\/\/qtmm.org\/qt\/refat-cubarov-qirimtatarlarnin-saqlanip-qalacaq-halq-olaraq-inkisaf-etecek-basqa-vatani-yoqtir-demek-ukrain-devleti-qirimtatar-halqinin-kelecegi-icun-mesulietlidir\/","og_site_name":"\u041c\u0435\u0434\u0436\u043b\u0456\u0441","article_publisher":"https:\/\/www.facebook.com\/qtmm.info\/","article_published_time":"2013-05-17T20:18:00+00:00","article_modified_time":"2022-01-23T20:20:32+00:00","og_image":[{"width":650,"height":424,"url":"https:\/\/qtmm.org\/wp-content\/uploads\/2022\/01\/img_0805.jpeg","type":"image\/jpeg"}],"author":"Developer","twitter_card":"summary_large_image","twitter_misc":{"Written by":"Developer","Est. reading time":"3 minutes"},"schema":{"@context":"https:\/\/schema.org","@graph":[{"@type":"Article","@id":"https:\/\/qtmm.org\/qt\/refat-cubarov-qirimtatarlarnin-saqlanip-qalacaq-halq-olaraq-inkisaf-etecek-basqa-vatani-yoqtir-demek-ukrain-devleti-qirimtatar-halqinin-kelecegi-icun-mesulietlidir\/#article","isPartOf":{"@id":"https:\/\/qtmm.org\/qt\/refat-cubarov-qirimtatarlarnin-saqlanip-qalacaq-halq-olaraq-inkisaf-etecek-basqa-vatani-yoqtir-demek-ukrain-devleti-qirimtatar-halqinin-kelecegi-icun-mesulietlidir\/"},"author":{"name":"Developer","@id":"https:\/\/qtmm.org\/qt\/#\/schema\/person\/de562469f971dec226ac06e60bbf74a7"},"headline":"Refat \u00c7ubarov: Q\u0131r\u0131mtatarlarn\u0131\u00f1 saqlan\u0131p qalacaq, halq olaraq inki\u015faf etecek ba\u015fqa Vatan\u0131 yoqt\u0131r. Demek, ukrain devleti q\u0131r\u0131mtatar halq\u0131n\u0131\u00f1 kelecegi i\u00e7\u00fcn mes\u00fclietlidir","datePublished":"2013-05-17T20:18:00+00:00","dateModified":"2022-01-23T20:20:32+00:00","mainEntityOfPage":{"@id":"https:\/\/qtmm.org\/qt\/refat-cubarov-qirimtatarlarnin-saqlanip-qalacaq-halq-olaraq-inkisaf-etecek-basqa-vatani-yoqtir-demek-ukrain-devleti-qirimtatar-halqinin-kelecegi-icun-mesulietlidir\/"},"wordCount":715,"commentCount":0,"publisher":{"@id":"https:\/\/qtmm.org\/qt\/#organization"},"image":{"@id":"https:\/\/qtmm.org\/qt\/refat-cubarov-qirimtatarlarnin-saqlanip-qalacaq-halq-olaraq-inkisaf-etecek-basqa-vatani-yoqtir-demek-ukrain-devleti-qirimtatar-halqinin-kelecegi-icun-mesulietlidir\/#primaryimage"},"thumbnailUrl":"https:\/\/qtmm.org\/wp-content\/uploads\/2022\/01\/img_0805.jpeg","articleSection":["Haberler"],"inLanguage":"qt","potentialAction":[{"@type":"CommentAction","name":"Comment","target":["https:\/\/qtmm.org\/qt\/refat-cubarov-qirimtatarlarnin-saqlanip-qalacaq-halq-olaraq-inkisaf-etecek-basqa-vatani-yoqtir-demek-ukrain-devleti-qirimtatar-halqinin-kelecegi-icun-mesulietlidir\/#respond"]}]},{"@type":"WebPage","@id":"https:\/\/qtmm.org\/qt\/refat-cubarov-qirimtatarlarnin-saqlanip-qalacaq-halq-olaraq-inkisaf-etecek-basqa-vatani-yoqtir-demek-ukrain-devleti-qirimtatar-halqinin-kelecegi-icun-mesulietlidir\/","url":"https:\/\/qtmm.org\/qt\/refat-cubarov-qirimtatarlarnin-saqlanip-qalacaq-halq-olaraq-inkisaf-etecek-basqa-vatani-yoqtir-demek-ukrain-devleti-qirimtatar-halqinin-kelecegi-icun-mesulietlidir\/","name":"Refat \u00c7ubarov: Q\u0131r\u0131mtatarlarn\u0131\u00f1 saqlan\u0131p qalacaq, halq olaraq inki\u015faf etecek ba\u015fqa Vatan\u0131 yoqt\u0131r. Demek, ukrain devleti q\u0131r\u0131mtatar halq\u0131n\u0131\u00f1 kelecegi i\u00e7\u00fcn mes\u00fclietlidir - \u041c\u0435\u0434\u0436\u043b\u0456\u0441","isPartOf":{"@id":"https:\/\/qtmm.org\/qt\/#website"},"primaryImageOfPage":{"@id":"https:\/\/qtmm.org\/qt\/refat-cubarov-qirimtatarlarnin-saqlanip-qalacaq-halq-olaraq-inkisaf-etecek-basqa-vatani-yoqtir-demek-ukrain-devleti-qirimtatar-halqinin-kelecegi-icun-mesulietlidir\/#primaryimage"},"image":{"@id":"https:\/\/qtmm.org\/qt\/refat-cubarov-qirimtatarlarnin-saqlanip-qalacaq-halq-olaraq-inkisaf-etecek-basqa-vatani-yoqtir-demek-ukrain-devleti-qirimtatar-halqinin-kelecegi-icun-mesulietlidir\/#primaryimage"},"thumbnailUrl":"https:\/\/qtmm.org\/wp-content\/uploads\/2022\/01\/img_0805.jpeg","datePublished":"2013-05-17T20:18:00+00:00","dateModified":"2022-01-23T20:20:32+00:00","breadcrumb":{"@id":"https:\/\/qtmm.org\/qt\/refat-cubarov-qirimtatarlarnin-saqlanip-qalacaq-halq-olaraq-inkisaf-etecek-basqa-vatani-yoqtir-demek-ukrain-devleti-qirimtatar-halqinin-kelecegi-icun-mesulietlidir\/#breadcrumb"},"inLanguage":"qt","potentialAction":[{"@type":"ReadAction","target":["https:\/\/qtmm.org\/qt\/refat-cubarov-qirimtatarlarnin-saqlanip-qalacaq-halq-olaraq-inkisaf-etecek-basqa-vatani-yoqtir-demek-ukrain-devleti-qirimtatar-halqinin-kelecegi-icun-mesulietlidir\/"]}]},{"@type":"ImageObject","inLanguage":"qt","@id":"https:\/\/qtmm.org\/qt\/refat-cubarov-qirimtatarlarnin-saqlanip-qalacaq-halq-olaraq-inkisaf-etecek-basqa-vatani-yoqtir-demek-ukrain-devleti-qirimtatar-halqinin-kelecegi-icun-mesulietlidir\/#primaryimage","url":"https:\/\/qtmm.org\/wp-content\/uploads\/2022\/01\/img_0805.jpeg","contentUrl":"https:\/\/qtmm.org\/wp-content\/uploads\/2022\/01\/img_0805.jpeg","width":650,"height":424},{"@type":"BreadcrumbList","@id":"https:\/\/qtmm.org\/qt\/refat-cubarov-qirimtatarlarnin-saqlanip-qalacaq-halq-olaraq-inkisaf-etecek-basqa-vatani-yoqtir-demek-ukrain-devleti-qirimtatar-halqinin-kelecegi-icun-mesulietlidir\/#breadcrumb","itemListElement":[{"@type":"ListItem","position":1,"name":"\u0413\u043e\u043b\u043e\u0432\u043d\u0430","item":"https:\/\/qtmm.org\/qt\/"},{"@type":"ListItem","position":2,"name":"Refat \u00c7ubarov: Q\u0131r\u0131mtatarlarn\u0131\u00f1 saqlan\u0131p qalacaq, halq olaraq inki\u015faf etecek ba\u015fqa Vatan\u0131 yoqt\u0131r. Demek, ukrain devleti q\u0131r\u0131mtatar halq\u0131n\u0131\u00f1 kelecegi i\u00e7\u00fcn mes\u00fclietlidir"}]},{"@type":"WebSite","@id":"https:\/\/qtmm.org\/qt\/#website","url":"https:\/\/qtmm.org\/qt\/","name":"\u041c\u0435\u0434\u0436\u043b\u0456\u0441","description":"","publisher":{"@id":"https:\/\/qtmm.org\/qt\/#organization"},"potentialAction":[{"@type":"SearchAction","target":{"@type":"EntryPoint","urlTemplate":"https:\/\/qtmm.org\/qt\/?s={search_term_string}"},"query-input":{"@type":"PropertyValueSpecification","valueRequired":true,"valueName":"search_term_string"}}],"inLanguage":"qt"},{"@type":"Organization","@id":"https:\/\/qtmm.org\/qt\/#organization","name":"\u041c\u0435\u0434\u0436\u043b\u0456\u0441","url":"https:\/\/qtmm.org\/qt\/","logo":{"@type":"ImageObject","inLanguage":"qt","@id":"https:\/\/qtmm.org\/qt\/#\/schema\/logo\/image\/","url":"https:\/\/qtmm.org\/wp-content\/uploads\/2024\/12\/ua-mejlis-logo-rgb.svg","contentUrl":"https:\/\/qtmm.org\/wp-content\/uploads\/2024\/12\/ua-mejlis-logo-rgb.svg","caption":"\u041c\u0435\u0434\u0436\u043b\u0456\u0441"},"image":{"@id":"https:\/\/qtmm.org\/qt\/#\/schema\/logo\/image\/"},"sameAs":["https:\/\/www.facebook.com\/qtmm.info\/"]},{"@type":"Person","@id":"https:\/\/qtmm.org\/qt\/#\/schema\/person\/de562469f971dec226ac06e60bbf74a7","name":"Developer","image":{"@type":"ImageObject","inLanguage":"qt","@id":"https:\/\/secure.gravatar.com\/avatar\/392b4cc8fbfeb00b39dfeeab4ee6edded39ffd48e25858637e4765810300227e?s=96&d=mm&r=g","url":"https:\/\/secure.gravatar.com\/avatar\/392b4cc8fbfeb00b39dfeeab4ee6edded39ffd48e25858637e4765810300227e?s=96&d=mm&r=g","contentUrl":"https:\/\/secure.gravatar.com\/avatar\/392b4cc8fbfeb00b39dfeeab4ee6edded39ffd48e25858637e4765810300227e?s=96&d=mm&r=g","caption":"Developer"},"url":"https:\/\/qtmm.org\/qt\/author\/Developer\/"}]}},"_links":{"self":[{"href":"https:\/\/qtmm.org\/qt\/wp-json\/wp\/v2\/posts\/37354","targetHints":{"allow":["GET"]}}],"collection":[{"href":"https:\/\/qtmm.org\/qt\/wp-json\/wp\/v2\/posts"}],"about":[{"href":"https:\/\/qtmm.org\/qt\/wp-json\/wp\/v2\/types\/post"}],"author":[{"embeddable":true,"href":"https:\/\/qtmm.org\/qt\/wp-json\/wp\/v2\/users\/1"}],"replies":[{"embeddable":true,"href":"https:\/\/qtmm.org\/qt\/wp-json\/wp\/v2\/comments?post=37354"}],"version-history":[{"count":1,"href":"https:\/\/qtmm.org\/qt\/wp-json\/wp\/v2\/posts\/37354\/revisions"}],"predecessor-version":[{"id":37383,"href":"https:\/\/qtmm.org\/qt\/wp-json\/wp\/v2\/posts\/37354\/revisions\/37383"}],"wp:featuredmedia":[{"embeddable":true,"href":"https:\/\/qtmm.org\/qt\/wp-json\/wp\/v2\/media\/37371"}],"wp:attachment":[{"href":"https:\/\/qtmm.org\/qt\/wp-json\/wp\/v2\/media?parent=37354"}],"wp:term":[{"taxonomy":"category","embeddable":true,"href":"https:\/\/qtmm.org\/qt\/wp-json\/wp\/v2\/categories?post=37354"},{"taxonomy":"post_tag","embeddable":true,"href":"https:\/\/qtmm.org\/qt\/wp-json\/wp\/v2\/tags?post=37354"}],"curies":[{"name":"wp","href":"https:\/\/api.w.org\/{rel}","templated":true}]}}