




{"id":37324,"date":"2013-05-17T23:15:00","date_gmt":"2013-05-17T20:15:00","guid":{"rendered":"http:\/\/qtmm.org\/?p=37324"},"modified":"2022-01-23T23:18:05","modified_gmt":"2022-01-23T20:18:05","slug":"lvovda-qirimtatarlarnin-oz-topraqlarina-qaytqanlarinin-25-yilligina-bagislangan-muzeyler-gecesi-halqara-tedbir-kecirildi","status":"publish","type":"post","link":"https:\/\/qtmm.org\/qt\/lvovda-qirimtatarlarnin-oz-topraqlarina-qaytqanlarinin-25-yilligina-bagislangan-muzeyler-gecesi-halqara-tedbir-kecirildi\/","title":{"rendered":"Lvovda Q\u0131r\u0131mtatarlarn\u0131\u00f1 \u00f6z topraqlar\u0131na qaytqanlar\u0131n\u0131\u00f1 25 y\u0131ll\u0131\u011f\u0131na ba\u011f\u0131\u015flan\u011fan \u00abM\u00fczeyler\u00bb gecesi halqara tedbir ke\u00e7irildi"},"content":{"rendered":"\n<p>May\u0131s 16 k\u00fcn\u00fc saat 18-den saat 30-ge qadar &#8220;T\u00fcrma na Lontskogo&#8221; Okkupatsion rejim qurbanlar\u0131n\u0131\u00f1 milliy m\u00fczeyinde Stalin rejimi taraf\u0131ndan s\u00fcrg\u00fcn etilgen q\u0131r\u0131mtatarlarn\u0131\u00f1 \u00f6z topraqlar\u0131na qaytqanlar\u0131n\u0131\u00f1 25 y\u0131ll\u0131\u011f\u0131na ba\u011f\u0131\u015flan\u011fan &#8220;M\u00fczeyler gecesi&#8221; halqara tedbir ke\u00e7irildi. Tedbirde yar\u0131m bi\u00f1ge yaq\u0131n insan bulund\u0131.<\/p>\n\n\n\n<p>Tedbirni\u00f1 resmiy q\u0131sm\u0131n\u0131 Lvov \u015feer reisini\u00f1 gumanitar meseleleri boyunca muavini Vasiliy Kosov a\u00e7t\u0131. O, sovet rejiminden on\u0131\u00f1 ailesi de zarar k\u00f6rgenini hat\u0131rlad\u0131. Lvovda q\u0131r\u0131mtatar medeniyeti festivallerini\u00f1 e\u015f te\u015fkil\u00e2t\u00e7\u0131s\u0131 Alim Aliyev q\u0131r\u0131mtatarlar art\u0131q yigirmi be\u015f y\u0131ldan berli Vatan\u011fa qaytuv aqq\u0131na malikler, amma al\u00e2 daa \u00f6zlerini evlerindekisi kibi sezmeyler, dedi.<\/p>\n\n\n\n<figure class=\"wp-block-image size-full\"><img loading=\"lazy\" decoding=\"async\" width=\"700\" height=\"466\" src=\"http:\/\/qtmm.org\/wp-content\/uploads\/2022\/01\/kos_v.jpeg\" alt=\"\" class=\"wp-image-37329\" srcset=\"https:\/\/qtmm.org\/wp-content\/uploads\/2022\/01\/kos_v.jpeg 700w, https:\/\/qtmm.org\/wp-content\/uploads\/2022\/01\/kos_v-300x200.jpeg 300w\" sizes=\"auto, (max-width: 700px) 100vw, 700px\" \/><\/figure>\n\n\n\n<p>&#8220;\u015eun\u0131\u00f1 i\u00e7\u00fcn de biz ke\u00e7mi\u015fni\u00f1 apshanesinde k\u00f6r\u00fc\u015fkenimiz pek simvolik bir ald\u0131r, ke\u00e7mi\u015f kelecegimizni zeerlememesi i\u00e7\u00fcn bug\u00fcnni a\u00f1lamam\u0131z zarur. Beraber areket eterkenmiz, k\u00fc\u00e7l\u00fc olam\u0131z ve biz istegen devletni qurabilemiz&#8221;, &#8211; qayd Aliyev.<\/p>\n\n\n\n<figure class=\"wp-block-image size-full\"><img loading=\"lazy\" decoding=\"async\" width=\"700\" height=\"506\" src=\"http:\/\/qtmm.org\/wp-content\/uploads\/2022\/01\/al_v.jpeg\" alt=\"\" class=\"wp-image-37333\" srcset=\"https:\/\/qtmm.org\/wp-content\/uploads\/2022\/01\/al_v.jpeg 700w, https:\/\/qtmm.org\/wp-content\/uploads\/2022\/01\/al_v-300x217.jpeg 300w\" sizes=\"auto, (max-width: 700px) 100vw, 700px\" \/><\/figure>\n\n\n\n<p>Tedbirde i\u015ftirak etken Lvov vil\u00e2yet \u015furas\u0131n\u0131\u00f1 reisi Pytr Kolodiy apshane azbar\u0131nda tiklengen ha\u00e7qa \u00e7e\u00e7ekler qoyd\u0131 ve q\u0131r\u0131mtatarlar Vatan\u011fa qaytqanlar\u0131n\u0131\u00f1 25 y\u0131ll\u0131\u011f\u0131na ba\u011f\u0131\u015flang\u00f1an &#8220;S\u00fcrg\u00fcnlik&#8221; sergisini ziyaret etti. \u00d6z nevbedinde &#8220;T\u00fcrma na Lontskogo&#8221; apshanesini\u00f1 ba\u015f m\u00fcdiri Ruslan Zabil\u0131y bu tedbirni ne maqsadnen te\u015fkil etkenini aytt\u0131. &#8220;1944 senesi qur\u015funlav, aqaret, a\u00e7l\u0131q ve hastal\u0131qn\u0131 ba\u015f\u0131ndan ke\u00e7irgen q\u0131r\u0131mtatarlar 1989 senesi vatan\u011fa qayt\u0131p ba\u015flad\u0131lar, &#8211; dedi o. \u2013 Q\u0131r\u0131mda s\u00fcrg\u00fcn etilgenlerni\u00f1 hat\u0131ras\u0131n\u0131 a\u00f1ma\u011fa izin bermeyler, amma Lvovda biz ba\u011f\u0131m\u0131zn\u0131 \u011fay\u0131p etmeymiz, ukrainlerge unutma\u011fa bermeymiz&#8221;.<\/p>\n\n\n\n<figure class=\"wp-block-image size-full\"><img loading=\"lazy\" decoding=\"async\" width=\"960\" height=\"639\" src=\"http:\/\/qtmm.org\/wp-content\/uploads\/2022\/01\/sheyhet.jpeg\" alt=\"\" class=\"wp-image-37337\" srcset=\"https:\/\/qtmm.org\/wp-content\/uploads\/2022\/01\/sheyhet.jpeg 960w, https:\/\/qtmm.org\/wp-content\/uploads\/2022\/01\/sheyhet-300x200.jpeg 300w, https:\/\/qtmm.org\/wp-content\/uploads\/2022\/01\/sheyhet-768x511.jpeg 768w\" sizes=\"auto, (max-width: 960px) 100vw, 960px\" \/><\/figure>\n\n\n\n<p>Lvov yeudiylikni tedqiq et\u00fcv merkezini\u00f1 direktor\u0131 Meyli \u015eeyhet bug\u00fcnki tedbir ukrainlerni\u00f1 bir devlette ya\u015fad\u0131\u011f\u0131 diger milletlerge, medeniyeti ve tarih\u0131na say\u011f\u0131s\u0131n\u0131 k\u00f6stere.<\/p>\n\n\n\n<p>&#8220;Q\u0131r\u0131mtatarlar kim?&#8221; lektsiyas\u0131 vaqt\u0131nda Alim Aliyev \u00f6z halq\u0131n\u0131\u00f1 as\u0131l oluv\u0131, tarih\u0131, millity temsiller ve bug\u00fcnki vaziyetini a\u00f1lat\u0131p, 87 ya\u015fl\u0131 qartanas\u0131 Niyar Halilovan\u0131\u00f1 taqdiri, nas\u0131l s\u00fcrg\u00fcn etkenleri ve nas\u0131l olar so\u00f1ra vatan\u011fa qaytqanlar\u0131 aqq\u0131nda ik\u00e2ye etti. Bundan so\u00f1 b\u00fct\u00fcn istekliler 2011 senesi Lvovda Ukraina katolik universitetini\u00f1 rektor\u0131, yepiskop B\u00f6ris Gudz\u00e2k Mustafa Cemilev ile yap\u0131l\u011fan video levhas\u0131n\u0131 seyir ettiler.<\/p>\n\n\n\n<figure class=\"wp-block-image size-full\"><img loading=\"lazy\" decoding=\"async\" width=\"700\" height=\"466\" src=\"http:\/\/qtmm.org\/wp-content\/uploads\/2022\/01\/dopit.jpeg\" alt=\"\" class=\"wp-image-37341\" srcset=\"https:\/\/qtmm.org\/wp-content\/uploads\/2022\/01\/dopit.jpeg 700w, https:\/\/qtmm.org\/wp-content\/uploads\/2022\/01\/dopit-300x200.jpeg 300w\" sizes=\"auto, (max-width: 700px) 100vw, 700px\" \/><\/figure>\n\n\n\n<p>Bun\u0131\u00f1 kibi de seyircilerni qoqul\u0131 qavenen s\u0131ylap, q\u0131r\u0131mtatarca sel\u00e2m, sa\u011f ol ve meni seni sevem kibi bir qa\u00e7 kelime yaz\u0131l\u011fan flayerler da\u011f\u0131tt\u0131lar..<br>Tarihiy rekonstruktorlar NKVD ve Gestapo subaylar\u0131 urbas\u0131n\u0131 kiyip apshane turmu\u015f\u0131ndan levha, sor\u011fu levhas\u0131n\u0131 k\u00f6sterdiler. M\u00fczey ressam\u0131 ise \u00f6z ellerinen otkr\u0131tka yapmaqn\u0131 \u00f6gretti.<\/p>\n\n\n\n<p>Programman\u0131\u00f1 m\u00fcim q\u0131sm\u0131nda T. \u015eev\u00e7enko ad\u0131na Ukraina Milliy muk\u00e2fat saibi yaz\u0131c\u0131 \u0130gor Kalinets \u00e7\u0131q\u0131\u015fta bulun\u0131p, belli ukrain \u015fairesi,dissident areketini\u00f1 faali \u0130rina Kalinetsni\u00f1 \u015fiirleri c\u0131y\u0131nt\u0131\u011f\u0131n\u0131\u00f1 8-nci c\u0131lt\u0131n\u0131 taqdim etti.<\/p>\n\n\n\n<figure class=\"wp-block-image size-full\"><img loading=\"lazy\" decoding=\"async\" width=\"700\" height=\"466\" src=\"http:\/\/qtmm.org\/wp-content\/uploads\/2022\/01\/stor_ya.jpeg\" alt=\"\" class=\"wp-image-37345\" srcset=\"https:\/\/qtmm.org\/wp-content\/uploads\/2022\/01\/stor_ya.jpeg 700w, https:\/\/qtmm.org\/wp-content\/uploads\/2022\/01\/stor_ya-300x200.jpeg 300w\" sizes=\"auto, (max-width: 700px) 100vw, 700px\" \/><\/figure>\n\n\n\n<p>Gece saat 23-te Viktoriya Sadovaya ve Alim Aliyev Enveot \u015eerfedinov, Zarema Aliyeva ve &#8220;Aqyar&#8221; gruppas\u0131n\u0131\u00f1 muz\u0131kas\u0131 zil tutuv\u0131nda q\u0131r\u0131mtatar \u015fairleri Samadin \u015eukurci, Refat M\u00fcslimov ve Lil\u00e2 Bucurovan\u0131\u00f1 rus, q\u0131r\u0131mtatar ve ukrain tilinde \u015fiirlerini oqu\u011fanda k\u00f6lgeler teatri oyun numay\u0131\u015f etti. Ayn\u0131 zamanda q\u0131r\u0131mtatarlarn\u0131\u00f1 20-nci as\u0131rdan ba\u015flap 21 as\u0131rn\u0131\u00f1 ba\u015flanmas\u0131na qadar tarih\u0131n\u0131 aks ettirgen videolevha k\u00f6sterildi.<br>&#8220;M\u00fczeyler gecesi&#8221; yan\u011fan mumlardan ukrainlerni\u00f1 \u00fc\u00e7 ti\u015f ve q\u0131r\u0131mtatarlarn\u0131\u00f1 tam\u011fas\u0131 tizil\u00fcvnen yek\u00fcnlendi<\/p>\n\n\n\n<figure class=\"wp-block-image size-full\"><img loading=\"lazy\" decoding=\"async\" width=\"700\" height=\"466\" src=\"http:\/\/qtmm.org\/wp-content\/uploads\/2022\/01\/tamga.jpeg\" alt=\"\" class=\"wp-image-37349\" srcset=\"https:\/\/qtmm.org\/wp-content\/uploads\/2022\/01\/tamga.jpeg 700w, https:\/\/qtmm.org\/wp-content\/uploads\/2022\/01\/tamga-300x200.jpeg 300w\" sizes=\"auto, (max-width: 700px) 100vw, 700px\" \/><\/figure>\n","protected":false},"excerpt":{"rendered":"<p>May\u0131s 16 k\u00fcn\u00fc saat 18-den saat 30-ge qadar &#8220;T\u00fcrma na Lontskogo&#8221; Okkupatsion rejim qurbanlar\u0131n\u0131\u00f1 milliy m\u00fczeyinde Stalin rejimi taraf\u0131ndan s\u00fcrg\u00fcn etilgen q\u0131r\u0131mtatarlarn\u0131\u00f1 \u00f6z topraqlar\u0131na qaytqanlar\u0131n\u0131\u00f1 25 y\u0131ll\u0131\u011f\u0131na ba\u011f\u0131\u015flan\u011fan &#8220;M\u00fczeyler gecesi&#8221; halqara tedbir ke\u00e7irildi. Tedbirde yar\u0131m bi\u00f1ge yaq\u0131n insan bulund\u0131. Tedbirni\u00f1 resmiy q\u0131sm\u0131n\u0131 Lvov \u015feer reisini\u00f1 gumanitar meseleleri boyunca muavini Vasiliy Kosov a\u00e7t\u0131. O, sovet rejiminden [&hellip;]<\/p>\n","protected":false},"author":1,"featured_media":37325,"comment_status":"open","ping_status":"open","sticky":false,"template":"","format":"standard","meta":{"inline_featured_image":false,"footnotes":""},"categories":[265],"tags":[],"class_list":["post-37324","post","type-post","status-publish","format-standard","has-post-thumbnail","hentry","category-haberler"],"acf":[],"yoast_head":"<!-- This site is optimized with the Yoast SEO plugin v27.4 - https:\/\/yoast.com\/product\/yoast-seo-wordpress\/ -->\n<title>Lvovda Q\u0131r\u0131mtatarlarn\u0131\u00f1 \u00f6z topraqlar\u0131na qaytqanlar\u0131n\u0131\u00f1 25 y\u0131ll\u0131\u011f\u0131na ba\u011f\u0131\u015flan\u011fan \u00abM\u00fczeyler\u00bb gecesi halqara tedbir ke\u00e7irildi - \u041c\u0435\u0434\u0436\u043b\u0456\u0441<\/title>\n<meta name=\"robots\" content=\"index, follow, max-snippet:-1, max-image-preview:large, max-video-preview:-1\" \/>\n<link rel=\"canonical\" href=\"https:\/\/qtmm.org\/qt\/lvovda-qirimtatarlarnin-oz-topraqlarina-qaytqanlarinin-25-yilligina-bagislangan-muzeyler-gecesi-halqara-tedbir-kecirildi\/\" \/>\n<meta property=\"og:locale\" content=\"en_US\" \/>\n<meta property=\"og:type\" content=\"article\" \/>\n<meta property=\"og:title\" content=\"Lvovda Q\u0131r\u0131mtatarlarn\u0131\u00f1 \u00f6z topraqlar\u0131na qaytqanlar\u0131n\u0131\u00f1 25 y\u0131ll\u0131\u011f\u0131na ba\u011f\u0131\u015flan\u011fan \u00abM\u00fczeyler\u00bb gecesi halqara tedbir ke\u00e7irildi - \u041c\u0435\u0434\u0436\u043b\u0456\u0441\" \/>\n<meta property=\"og:description\" content=\"May\u0131s 16 k\u00fcn\u00fc saat 18-den saat 30-ge qadar &#8220;T\u00fcrma na Lontskogo&#8221; Okkupatsion rejim qurbanlar\u0131n\u0131\u00f1 milliy m\u00fczeyinde Stalin rejimi taraf\u0131ndan s\u00fcrg\u00fcn etilgen q\u0131r\u0131mtatarlarn\u0131\u00f1 \u00f6z topraqlar\u0131na qaytqanlar\u0131n\u0131\u00f1 25 y\u0131ll\u0131\u011f\u0131na ba\u011f\u0131\u015flan\u011fan &#8220;M\u00fczeyler gecesi&#8221; halqara tedbir ke\u00e7irildi. Tedbirde yar\u0131m bi\u00f1ge yaq\u0131n insan bulund\u0131. Tedbirni\u00f1 resmiy q\u0131sm\u0131n\u0131 Lvov \u015feer reisini\u00f1 gumanitar meseleleri boyunca muavini Vasiliy Kosov a\u00e7t\u0131. O, sovet rejiminden [&hellip;]\" \/>\n<meta property=\"og:url\" content=\"https:\/\/qtmm.org\/qt\/lvovda-qirimtatarlarnin-oz-topraqlarina-qaytqanlarinin-25-yilligina-bagislangan-muzeyler-gecesi-halqara-tedbir-kecirildi\/\" \/>\n<meta property=\"og:site_name\" content=\"\u041c\u0435\u0434\u0436\u043b\u0456\u0441\" \/>\n<meta property=\"article:publisher\" content=\"https:\/\/www.facebook.com\/qtmm.info\/\" \/>\n<meta property=\"article:published_time\" content=\"2013-05-17T20:15:00+00:00\" \/>\n<meta property=\"article:modified_time\" content=\"2022-01-23T20:18:05+00:00\" \/>\n<meta property=\"og:image\" content=\"https:\/\/qtmm.org\/wp-content\/uploads\/2022\/01\/of_c_yna.jpeg\" \/>\n\t<meta property=\"og:image:width\" content=\"700\" \/>\n\t<meta property=\"og:image:height\" content=\"466\" \/>\n\t<meta property=\"og:image:type\" content=\"image\/jpeg\" \/>\n<meta name=\"author\" content=\"Developer\" \/>\n<meta name=\"twitter:card\" content=\"summary_large_image\" \/>\n<meta name=\"twitter:label1\" content=\"Written by\" \/>\n\t<meta name=\"twitter:data1\" content=\"Developer\" \/>\n\t<meta name=\"twitter:label2\" content=\"Est. reading time\" \/>\n\t<meta name=\"twitter:data2\" content=\"3 minutes\" \/>\n<script type=\"application\/ld+json\" class=\"yoast-schema-graph\">{\"@context\":\"https:\\\/\\\/schema.org\",\"@graph\":[{\"@type\":\"Article\",\"@id\":\"https:\\\/\\\/qtmm.org\\\/qt\\\/lvovda-qirimtatarlarnin-oz-topraqlarina-qaytqanlarinin-25-yilligina-bagislangan-muzeyler-gecesi-halqara-tedbir-kecirildi\\\/#article\",\"isPartOf\":{\"@id\":\"https:\\\/\\\/qtmm.org\\\/qt\\\/lvovda-qirimtatarlarnin-oz-topraqlarina-qaytqanlarinin-25-yilligina-bagislangan-muzeyler-gecesi-halqara-tedbir-kecirildi\\\/\"},\"author\":{\"name\":\"Developer\",\"@id\":\"https:\\\/\\\/qtmm.org\\\/qt\\\/#\\\/schema\\\/person\\\/de562469f971dec226ac06e60bbf74a7\"},\"headline\":\"Lvovda Q\u0131r\u0131mtatarlarn\u0131\u00f1 \u00f6z topraqlar\u0131na qaytqanlar\u0131n\u0131\u00f1 25 y\u0131ll\u0131\u011f\u0131na ba\u011f\u0131\u015flan\u011fan \u00abM\u00fczeyler\u00bb gecesi halqara tedbir ke\u00e7irildi\",\"datePublished\":\"2013-05-17T20:15:00+00:00\",\"dateModified\":\"2022-01-23T20:18:05+00:00\",\"mainEntityOfPage\":{\"@id\":\"https:\\\/\\\/qtmm.org\\\/qt\\\/lvovda-qirimtatarlarnin-oz-topraqlarina-qaytqanlarinin-25-yilligina-bagislangan-muzeyler-gecesi-halqara-tedbir-kecirildi\\\/\"},\"wordCount\":605,\"commentCount\":0,\"publisher\":{\"@id\":\"https:\\\/\\\/qtmm.org\\\/qt\\\/#organization\"},\"image\":{\"@id\":\"https:\\\/\\\/qtmm.org\\\/qt\\\/lvovda-qirimtatarlarnin-oz-topraqlarina-qaytqanlarinin-25-yilligina-bagislangan-muzeyler-gecesi-halqara-tedbir-kecirildi\\\/#primaryimage\"},\"thumbnailUrl\":\"https:\\\/\\\/qtmm.org\\\/wp-content\\\/uploads\\\/2022\\\/01\\\/of_c_yna.jpeg\",\"articleSection\":[\"Haberler\"],\"inLanguage\":\"qt\",\"potentialAction\":[{\"@type\":\"CommentAction\",\"name\":\"Comment\",\"target\":[\"https:\\\/\\\/qtmm.org\\\/qt\\\/lvovda-qirimtatarlarnin-oz-topraqlarina-qaytqanlarinin-25-yilligina-bagislangan-muzeyler-gecesi-halqara-tedbir-kecirildi\\\/#respond\"]}]},{\"@type\":\"WebPage\",\"@id\":\"https:\\\/\\\/qtmm.org\\\/qt\\\/lvovda-qirimtatarlarnin-oz-topraqlarina-qaytqanlarinin-25-yilligina-bagislangan-muzeyler-gecesi-halqara-tedbir-kecirildi\\\/\",\"url\":\"https:\\\/\\\/qtmm.org\\\/qt\\\/lvovda-qirimtatarlarnin-oz-topraqlarina-qaytqanlarinin-25-yilligina-bagislangan-muzeyler-gecesi-halqara-tedbir-kecirildi\\\/\",\"name\":\"Lvovda Q\u0131r\u0131mtatarlarn\u0131\u00f1 \u00f6z topraqlar\u0131na qaytqanlar\u0131n\u0131\u00f1 25 y\u0131ll\u0131\u011f\u0131na ba\u011f\u0131\u015flan\u011fan \u00abM\u00fczeyler\u00bb gecesi halqara tedbir ke\u00e7irildi - \u041c\u0435\u0434\u0436\u043b\u0456\u0441\",\"isPartOf\":{\"@id\":\"https:\\\/\\\/qtmm.org\\\/qt\\\/#website\"},\"primaryImageOfPage\":{\"@id\":\"https:\\\/\\\/qtmm.org\\\/qt\\\/lvovda-qirimtatarlarnin-oz-topraqlarina-qaytqanlarinin-25-yilligina-bagislangan-muzeyler-gecesi-halqara-tedbir-kecirildi\\\/#primaryimage\"},\"image\":{\"@id\":\"https:\\\/\\\/qtmm.org\\\/qt\\\/lvovda-qirimtatarlarnin-oz-topraqlarina-qaytqanlarinin-25-yilligina-bagislangan-muzeyler-gecesi-halqara-tedbir-kecirildi\\\/#primaryimage\"},\"thumbnailUrl\":\"https:\\\/\\\/qtmm.org\\\/wp-content\\\/uploads\\\/2022\\\/01\\\/of_c_yna.jpeg\",\"datePublished\":\"2013-05-17T20:15:00+00:00\",\"dateModified\":\"2022-01-23T20:18:05+00:00\",\"breadcrumb\":{\"@id\":\"https:\\\/\\\/qtmm.org\\\/qt\\\/lvovda-qirimtatarlarnin-oz-topraqlarina-qaytqanlarinin-25-yilligina-bagislangan-muzeyler-gecesi-halqara-tedbir-kecirildi\\\/#breadcrumb\"},\"inLanguage\":\"qt\",\"potentialAction\":[{\"@type\":\"ReadAction\",\"target\":[\"https:\\\/\\\/qtmm.org\\\/qt\\\/lvovda-qirimtatarlarnin-oz-topraqlarina-qaytqanlarinin-25-yilligina-bagislangan-muzeyler-gecesi-halqara-tedbir-kecirildi\\\/\"]}]},{\"@type\":\"ImageObject\",\"inLanguage\":\"qt\",\"@id\":\"https:\\\/\\\/qtmm.org\\\/qt\\\/lvovda-qirimtatarlarnin-oz-topraqlarina-qaytqanlarinin-25-yilligina-bagislangan-muzeyler-gecesi-halqara-tedbir-kecirildi\\\/#primaryimage\",\"url\":\"https:\\\/\\\/qtmm.org\\\/wp-content\\\/uploads\\\/2022\\\/01\\\/of_c_yna.jpeg\",\"contentUrl\":\"https:\\\/\\\/qtmm.org\\\/wp-content\\\/uploads\\\/2022\\\/01\\\/of_c_yna.jpeg\",\"width\":700,\"height\":466},{\"@type\":\"BreadcrumbList\",\"@id\":\"https:\\\/\\\/qtmm.org\\\/qt\\\/lvovda-qirimtatarlarnin-oz-topraqlarina-qaytqanlarinin-25-yilligina-bagislangan-muzeyler-gecesi-halqara-tedbir-kecirildi\\\/#breadcrumb\",\"itemListElement\":[{\"@type\":\"ListItem\",\"position\":1,\"name\":\"\u0413\u043e\u043b\u043e\u0432\u043d\u0430\",\"item\":\"https:\\\/\\\/qtmm.org\\\/qt\\\/\"},{\"@type\":\"ListItem\",\"position\":2,\"name\":\"Lvovda Q\u0131r\u0131mtatarlarn\u0131\u00f1 \u00f6z topraqlar\u0131na qaytqanlar\u0131n\u0131\u00f1 25 y\u0131ll\u0131\u011f\u0131na ba\u011f\u0131\u015flan\u011fan \u00abM\u00fczeyler\u00bb gecesi halqara tedbir ke\u00e7irildi\"}]},{\"@type\":\"WebSite\",\"@id\":\"https:\\\/\\\/qtmm.org\\\/qt\\\/#website\",\"url\":\"https:\\\/\\\/qtmm.org\\\/qt\\\/\",\"name\":\"\u041c\u0435\u0434\u0436\u043b\u0456\u0441\",\"description\":\"\",\"publisher\":{\"@id\":\"https:\\\/\\\/qtmm.org\\\/qt\\\/#organization\"},\"potentialAction\":[{\"@type\":\"SearchAction\",\"target\":{\"@type\":\"EntryPoint\",\"urlTemplate\":\"https:\\\/\\\/qtmm.org\\\/qt\\\/?s={search_term_string}\"},\"query-input\":{\"@type\":\"PropertyValueSpecification\",\"valueRequired\":true,\"valueName\":\"search_term_string\"}}],\"inLanguage\":\"qt\"},{\"@type\":\"Organization\",\"@id\":\"https:\\\/\\\/qtmm.org\\\/qt\\\/#organization\",\"name\":\"\u041c\u0435\u0434\u0436\u043b\u0456\u0441\",\"url\":\"https:\\\/\\\/qtmm.org\\\/qt\\\/\",\"logo\":{\"@type\":\"ImageObject\",\"inLanguage\":\"qt\",\"@id\":\"https:\\\/\\\/qtmm.org\\\/qt\\\/#\\\/schema\\\/logo\\\/image\\\/\",\"url\":\"https:\\\/\\\/qtmm.org\\\/wp-content\\\/uploads\\\/2024\\\/12\\\/ua-mejlis-logo-rgb.svg\",\"contentUrl\":\"https:\\\/\\\/qtmm.org\\\/wp-content\\\/uploads\\\/2024\\\/12\\\/ua-mejlis-logo-rgb.svg\",\"caption\":\"\u041c\u0435\u0434\u0436\u043b\u0456\u0441\"},\"image\":{\"@id\":\"https:\\\/\\\/qtmm.org\\\/qt\\\/#\\\/schema\\\/logo\\\/image\\\/\"},\"sameAs\":[\"https:\\\/\\\/www.facebook.com\\\/qtmm.info\\\/\"]},{\"@type\":\"Person\",\"@id\":\"https:\\\/\\\/qtmm.org\\\/qt\\\/#\\\/schema\\\/person\\\/de562469f971dec226ac06e60bbf74a7\",\"name\":\"Developer\",\"image\":{\"@type\":\"ImageObject\",\"inLanguage\":\"qt\",\"@id\":\"https:\\\/\\\/secure.gravatar.com\\\/avatar\\\/392b4cc8fbfeb00b39dfeeab4ee6edded39ffd48e25858637e4765810300227e?s=96&d=mm&r=g\",\"url\":\"https:\\\/\\\/secure.gravatar.com\\\/avatar\\\/392b4cc8fbfeb00b39dfeeab4ee6edded39ffd48e25858637e4765810300227e?s=96&d=mm&r=g\",\"contentUrl\":\"https:\\\/\\\/secure.gravatar.com\\\/avatar\\\/392b4cc8fbfeb00b39dfeeab4ee6edded39ffd48e25858637e4765810300227e?s=96&d=mm&r=g\",\"caption\":\"Developer\"},\"url\":\"https:\\\/\\\/qtmm.org\\\/qt\\\/author\\\/Developer\\\/\"}]}<\/script>\n<!-- \/ Yoast SEO plugin. -->","yoast_head_json":{"title":"Lvovda Q\u0131r\u0131mtatarlarn\u0131\u00f1 \u00f6z topraqlar\u0131na qaytqanlar\u0131n\u0131\u00f1 25 y\u0131ll\u0131\u011f\u0131na ba\u011f\u0131\u015flan\u011fan \u00abM\u00fczeyler\u00bb gecesi halqara tedbir ke\u00e7irildi - \u041c\u0435\u0434\u0436\u043b\u0456\u0441","robots":{"index":"index","follow":"follow","max-snippet":"max-snippet:-1","max-image-preview":"max-image-preview:large","max-video-preview":"max-video-preview:-1"},"canonical":"https:\/\/qtmm.org\/qt\/lvovda-qirimtatarlarnin-oz-topraqlarina-qaytqanlarinin-25-yilligina-bagislangan-muzeyler-gecesi-halqara-tedbir-kecirildi\/","og_locale":"en_US","og_type":"article","og_title":"Lvovda Q\u0131r\u0131mtatarlarn\u0131\u00f1 \u00f6z topraqlar\u0131na qaytqanlar\u0131n\u0131\u00f1 25 y\u0131ll\u0131\u011f\u0131na ba\u011f\u0131\u015flan\u011fan \u00abM\u00fczeyler\u00bb gecesi halqara tedbir ke\u00e7irildi - \u041c\u0435\u0434\u0436\u043b\u0456\u0441","og_description":"May\u0131s 16 k\u00fcn\u00fc saat 18-den saat 30-ge qadar &#8220;T\u00fcrma na Lontskogo&#8221; Okkupatsion rejim qurbanlar\u0131n\u0131\u00f1 milliy m\u00fczeyinde Stalin rejimi taraf\u0131ndan s\u00fcrg\u00fcn etilgen q\u0131r\u0131mtatarlarn\u0131\u00f1 \u00f6z topraqlar\u0131na qaytqanlar\u0131n\u0131\u00f1 25 y\u0131ll\u0131\u011f\u0131na ba\u011f\u0131\u015flan\u011fan &#8220;M\u00fczeyler gecesi&#8221; halqara tedbir ke\u00e7irildi. Tedbirde yar\u0131m bi\u00f1ge yaq\u0131n insan bulund\u0131. Tedbirni\u00f1 resmiy q\u0131sm\u0131n\u0131 Lvov \u015feer reisini\u00f1 gumanitar meseleleri boyunca muavini Vasiliy Kosov a\u00e7t\u0131. O, sovet rejiminden [&hellip;]","og_url":"https:\/\/qtmm.org\/qt\/lvovda-qirimtatarlarnin-oz-topraqlarina-qaytqanlarinin-25-yilligina-bagislangan-muzeyler-gecesi-halqara-tedbir-kecirildi\/","og_site_name":"\u041c\u0435\u0434\u0436\u043b\u0456\u0441","article_publisher":"https:\/\/www.facebook.com\/qtmm.info\/","article_published_time":"2013-05-17T20:15:00+00:00","article_modified_time":"2022-01-23T20:18:05+00:00","og_image":[{"width":700,"height":466,"url":"https:\/\/qtmm.org\/wp-content\/uploads\/2022\/01\/of_c_yna.jpeg","type":"image\/jpeg"}],"author":"Developer","twitter_card":"summary_large_image","twitter_misc":{"Written by":"Developer","Est. reading time":"3 minutes"},"schema":{"@context":"https:\/\/schema.org","@graph":[{"@type":"Article","@id":"https:\/\/qtmm.org\/qt\/lvovda-qirimtatarlarnin-oz-topraqlarina-qaytqanlarinin-25-yilligina-bagislangan-muzeyler-gecesi-halqara-tedbir-kecirildi\/#article","isPartOf":{"@id":"https:\/\/qtmm.org\/qt\/lvovda-qirimtatarlarnin-oz-topraqlarina-qaytqanlarinin-25-yilligina-bagislangan-muzeyler-gecesi-halqara-tedbir-kecirildi\/"},"author":{"name":"Developer","@id":"https:\/\/qtmm.org\/qt\/#\/schema\/person\/de562469f971dec226ac06e60bbf74a7"},"headline":"Lvovda Q\u0131r\u0131mtatarlarn\u0131\u00f1 \u00f6z topraqlar\u0131na qaytqanlar\u0131n\u0131\u00f1 25 y\u0131ll\u0131\u011f\u0131na ba\u011f\u0131\u015flan\u011fan \u00abM\u00fczeyler\u00bb gecesi halqara tedbir ke\u00e7irildi","datePublished":"2013-05-17T20:15:00+00:00","dateModified":"2022-01-23T20:18:05+00:00","mainEntityOfPage":{"@id":"https:\/\/qtmm.org\/qt\/lvovda-qirimtatarlarnin-oz-topraqlarina-qaytqanlarinin-25-yilligina-bagislangan-muzeyler-gecesi-halqara-tedbir-kecirildi\/"},"wordCount":605,"commentCount":0,"publisher":{"@id":"https:\/\/qtmm.org\/qt\/#organization"},"image":{"@id":"https:\/\/qtmm.org\/qt\/lvovda-qirimtatarlarnin-oz-topraqlarina-qaytqanlarinin-25-yilligina-bagislangan-muzeyler-gecesi-halqara-tedbir-kecirildi\/#primaryimage"},"thumbnailUrl":"https:\/\/qtmm.org\/wp-content\/uploads\/2022\/01\/of_c_yna.jpeg","articleSection":["Haberler"],"inLanguage":"qt","potentialAction":[{"@type":"CommentAction","name":"Comment","target":["https:\/\/qtmm.org\/qt\/lvovda-qirimtatarlarnin-oz-topraqlarina-qaytqanlarinin-25-yilligina-bagislangan-muzeyler-gecesi-halqara-tedbir-kecirildi\/#respond"]}]},{"@type":"WebPage","@id":"https:\/\/qtmm.org\/qt\/lvovda-qirimtatarlarnin-oz-topraqlarina-qaytqanlarinin-25-yilligina-bagislangan-muzeyler-gecesi-halqara-tedbir-kecirildi\/","url":"https:\/\/qtmm.org\/qt\/lvovda-qirimtatarlarnin-oz-topraqlarina-qaytqanlarinin-25-yilligina-bagislangan-muzeyler-gecesi-halqara-tedbir-kecirildi\/","name":"Lvovda Q\u0131r\u0131mtatarlarn\u0131\u00f1 \u00f6z topraqlar\u0131na qaytqanlar\u0131n\u0131\u00f1 25 y\u0131ll\u0131\u011f\u0131na ba\u011f\u0131\u015flan\u011fan \u00abM\u00fczeyler\u00bb gecesi halqara tedbir ke\u00e7irildi - \u041c\u0435\u0434\u0436\u043b\u0456\u0441","isPartOf":{"@id":"https:\/\/qtmm.org\/qt\/#website"},"primaryImageOfPage":{"@id":"https:\/\/qtmm.org\/qt\/lvovda-qirimtatarlarnin-oz-topraqlarina-qaytqanlarinin-25-yilligina-bagislangan-muzeyler-gecesi-halqara-tedbir-kecirildi\/#primaryimage"},"image":{"@id":"https:\/\/qtmm.org\/qt\/lvovda-qirimtatarlarnin-oz-topraqlarina-qaytqanlarinin-25-yilligina-bagislangan-muzeyler-gecesi-halqara-tedbir-kecirildi\/#primaryimage"},"thumbnailUrl":"https:\/\/qtmm.org\/wp-content\/uploads\/2022\/01\/of_c_yna.jpeg","datePublished":"2013-05-17T20:15:00+00:00","dateModified":"2022-01-23T20:18:05+00:00","breadcrumb":{"@id":"https:\/\/qtmm.org\/qt\/lvovda-qirimtatarlarnin-oz-topraqlarina-qaytqanlarinin-25-yilligina-bagislangan-muzeyler-gecesi-halqara-tedbir-kecirildi\/#breadcrumb"},"inLanguage":"qt","potentialAction":[{"@type":"ReadAction","target":["https:\/\/qtmm.org\/qt\/lvovda-qirimtatarlarnin-oz-topraqlarina-qaytqanlarinin-25-yilligina-bagislangan-muzeyler-gecesi-halqara-tedbir-kecirildi\/"]}]},{"@type":"ImageObject","inLanguage":"qt","@id":"https:\/\/qtmm.org\/qt\/lvovda-qirimtatarlarnin-oz-topraqlarina-qaytqanlarinin-25-yilligina-bagislangan-muzeyler-gecesi-halqara-tedbir-kecirildi\/#primaryimage","url":"https:\/\/qtmm.org\/wp-content\/uploads\/2022\/01\/of_c_yna.jpeg","contentUrl":"https:\/\/qtmm.org\/wp-content\/uploads\/2022\/01\/of_c_yna.jpeg","width":700,"height":466},{"@type":"BreadcrumbList","@id":"https:\/\/qtmm.org\/qt\/lvovda-qirimtatarlarnin-oz-topraqlarina-qaytqanlarinin-25-yilligina-bagislangan-muzeyler-gecesi-halqara-tedbir-kecirildi\/#breadcrumb","itemListElement":[{"@type":"ListItem","position":1,"name":"\u0413\u043e\u043b\u043e\u0432\u043d\u0430","item":"https:\/\/qtmm.org\/qt\/"},{"@type":"ListItem","position":2,"name":"Lvovda Q\u0131r\u0131mtatarlarn\u0131\u00f1 \u00f6z topraqlar\u0131na qaytqanlar\u0131n\u0131\u00f1 25 y\u0131ll\u0131\u011f\u0131na ba\u011f\u0131\u015flan\u011fan \u00abM\u00fczeyler\u00bb gecesi halqara tedbir ke\u00e7irildi"}]},{"@type":"WebSite","@id":"https:\/\/qtmm.org\/qt\/#website","url":"https:\/\/qtmm.org\/qt\/","name":"\u041c\u0435\u0434\u0436\u043b\u0456\u0441","description":"","publisher":{"@id":"https:\/\/qtmm.org\/qt\/#organization"},"potentialAction":[{"@type":"SearchAction","target":{"@type":"EntryPoint","urlTemplate":"https:\/\/qtmm.org\/qt\/?s={search_term_string}"},"query-input":{"@type":"PropertyValueSpecification","valueRequired":true,"valueName":"search_term_string"}}],"inLanguage":"qt"},{"@type":"Organization","@id":"https:\/\/qtmm.org\/qt\/#organization","name":"\u041c\u0435\u0434\u0436\u043b\u0456\u0441","url":"https:\/\/qtmm.org\/qt\/","logo":{"@type":"ImageObject","inLanguage":"qt","@id":"https:\/\/qtmm.org\/qt\/#\/schema\/logo\/image\/","url":"https:\/\/qtmm.org\/wp-content\/uploads\/2024\/12\/ua-mejlis-logo-rgb.svg","contentUrl":"https:\/\/qtmm.org\/wp-content\/uploads\/2024\/12\/ua-mejlis-logo-rgb.svg","caption":"\u041c\u0435\u0434\u0436\u043b\u0456\u0441"},"image":{"@id":"https:\/\/qtmm.org\/qt\/#\/schema\/logo\/image\/"},"sameAs":["https:\/\/www.facebook.com\/qtmm.info\/"]},{"@type":"Person","@id":"https:\/\/qtmm.org\/qt\/#\/schema\/person\/de562469f971dec226ac06e60bbf74a7","name":"Developer","image":{"@type":"ImageObject","inLanguage":"qt","@id":"https:\/\/secure.gravatar.com\/avatar\/392b4cc8fbfeb00b39dfeeab4ee6edded39ffd48e25858637e4765810300227e?s=96&d=mm&r=g","url":"https:\/\/secure.gravatar.com\/avatar\/392b4cc8fbfeb00b39dfeeab4ee6edded39ffd48e25858637e4765810300227e?s=96&d=mm&r=g","contentUrl":"https:\/\/secure.gravatar.com\/avatar\/392b4cc8fbfeb00b39dfeeab4ee6edded39ffd48e25858637e4765810300227e?s=96&d=mm&r=g","caption":"Developer"},"url":"https:\/\/qtmm.org\/qt\/author\/Developer\/"}]}},"_links":{"self":[{"href":"https:\/\/qtmm.org\/qt\/wp-json\/wp\/v2\/posts\/37324","targetHints":{"allow":["GET"]}}],"collection":[{"href":"https:\/\/qtmm.org\/qt\/wp-json\/wp\/v2\/posts"}],"about":[{"href":"https:\/\/qtmm.org\/qt\/wp-json\/wp\/v2\/types\/post"}],"author":[{"embeddable":true,"href":"https:\/\/qtmm.org\/qt\/wp-json\/wp\/v2\/users\/1"}],"replies":[{"embeddable":true,"href":"https:\/\/qtmm.org\/qt\/wp-json\/wp\/v2\/comments?post=37324"}],"version-history":[{"count":1,"href":"https:\/\/qtmm.org\/qt\/wp-json\/wp\/v2\/posts\/37324\/revisions"}],"predecessor-version":[{"id":37353,"href":"https:\/\/qtmm.org\/qt\/wp-json\/wp\/v2\/posts\/37324\/revisions\/37353"}],"wp:featuredmedia":[{"embeddable":true,"href":"https:\/\/qtmm.org\/qt\/wp-json\/wp\/v2\/media\/37325"}],"wp:attachment":[{"href":"https:\/\/qtmm.org\/qt\/wp-json\/wp\/v2\/media?parent=37324"}],"wp:term":[{"taxonomy":"category","embeddable":true,"href":"https:\/\/qtmm.org\/qt\/wp-json\/wp\/v2\/categories?post=37324"},{"taxonomy":"post_tag","embeddable":true,"href":"https:\/\/qtmm.org\/qt\/wp-json\/wp\/v2\/tags?post=37324"}],"curies":[{"name":"wp","href":"https:\/\/api.w.org\/{rel}","templated":true}]}}