




{"id":37242,"date":"2013-05-16T23:13:00","date_gmt":"2013-05-16T20:13:00","guid":{"rendered":"http:\/\/qtmm.org\/?p=37242"},"modified":"2022-01-23T23:15:42","modified_gmt":"2022-01-23T20:15:42","slug":"refat-cubarov-cehiyali-siyasetciler-ile-semereli-ve-muntazam-temasimiz-demokratiya-meselelerinde-cehiya-avropa-birliginde-eminliknen-munasip-yer-alganindan-delalet-bere","status":"publish","type":"post","link":"https:\/\/qtmm.org\/qt\/refat-cubarov-cehiyali-siyasetciler-ile-semereli-ve-muntazam-temasimiz-demokratiya-meselelerinde-cehiya-avropa-birliginde-eminliknen-munasip-yer-alganindan-delalet-bere\/","title":{"rendered":"Refat \u00c7ubarov: \u00c7ehiyal\u0131 siyaset\u00e7iler ile semereli ve muntazam temas\u0131m\u0131z demokratiya meselelerinde \u00c7ehiya Avropa Birliginde eminliknen munasip yer al\u011fan\u0131ndan del\u00e2let bere"},"content":{"rendered":"\n<p>May\u0131s 16 k\u00fcn\u00fc Q\u0131r\u0131mtatar halq\u0131 Meclisi reisini\u00f1 birinci muavini Refat \u00c7ubarov ve Meclis reisini\u00f1 muavini Remzi \u0130lyasov \u00e7ehiyal\u0131 senatorlar &#8211; \u00c7ehiya Parlamenti Senat\u0131n\u0131\u00f1 Avropa Birligi meseleleri boyunca komitetini\u00f1 azalar\u0131nen k\u00f6r\u00fc\u015ftiler. Erk\u00e2n\u0131nda \u00c7ehiya Parlamenti Senat\u0131n\u0131\u00f1 Avropa Birligi meseleleri boyunca komitetini\u00f1 reisi Miroslav Krey\u00e7, reis muavinleri Zdenek Besta, Antonin Ma\u015ftalirja ve Yozef Taborski bulun\u011fan delegatsiya\u011fa \u00c7ehiyan\u0131\u00f1 Ukrainadaki El\u00e7isini\u00f1 siyasiy meseleler boyunca yard\u0131mc\u0131s\u0131 L\u00fcbo\u015f Vselu ve \u00c7ehiya Cumhuriyetini\u00f1 Donetskteki ba\u015f konsul\u0131 Ondrey Moravek refaqatl\u0131q yapt\u0131lar.<\/p>\n\n\n\n<p>Q\u0131r\u0131mtatar halq\u0131 Meclisini k\u00f6r\u00fc\u015f\u00fcvde bun\u0131\u00f1 kibi de Meclisni\u00f1 t\u0131\u015fq\u0131 al\u00e2qalar b\u00f6l\u00fcgini\u00f1 ba\u015f\u0131 Ali Hamzin ve Meclis K\u00e2tibiyetini\u00f1 ba\u015f\u0131 Zair Smedl\u00e2yev temsil ettiler.<br>Musafirlerni sel\u00e2mlarken Refat \u00c7ubarov \u00e7ehiyal\u0131 senatorlarn\u0131\u00f1 Mecliske te\u015frif buyurmalar\u0131 b\u00fcy\u00fck \u015feref ol\u011fan\u0131n\u0131 ve \u00e7eh siyaset\u00e7ileri q\u0131r\u0131mtatar meselesine b\u00fcy\u00fck diqqat ay\u0131r\u011fanlar\u0131 qat-qat quvan\u00e7l\u0131 ol\u011fan\u0131n\u0131 qayd etti. &#8220;\u00c7ehiyal\u0131 siyaset\u00e7iler ile semereli ve muntazam temas\u0131m\u0131z demokratiya meselelerinde \u00c7ehiya munasip yer al\u011fan\u0131ndan del\u00e2let bere, &#8211; dedi \u00c7ubarov. \u2013 Bun\u0131 be\u00f1zer tarih\u0131m\u0131z da belgiledi, \u00e7\u00fcnki q\u0131r\u0131mtatar halq\u0131 ya\u015fa\u011fan rejim tesiri \u00c7ehiyada da sezilmekte&#8221;.<br><br>\u00c7ehiyal\u0131 siyaset\u00e7ilerni\u00f1 q\u0131r\u0131mtatar halq\u0131n\u0131\u00f1 matem k\u00fcn\u00fc ol\u011fan may\u0131s 18 arfesinde kelmeleri simvolik bir vaqiad\u0131r, dedi Refat \u00c7ubarov. \u00d6z taraf\u0131ndan \u00c7ehiya Parlamenti Senat\u0131n\u0131\u00f1 Avropa Birligi meseleleri boyunca komitetini\u00f1 reisi Miroslav Krey\u00e7 \u00c7ehiya delegatsiyas\u0131 bu k\u00fcnlerde q\u0131r\u0131mtatar halq\u0131nen beraber olmaq ve 20-nci as\u0131rn\u0131\u00f1 qanl\u0131 facia qurbanlar\u0131n\u0131\u00f1 hat\u0131ras\u0131n\u0131 a\u00f1maqn\u0131 borcum\u0131z, dep sayam\u0131z, dedi. &#8220;Bizim halq\u0131m\u0131z 1944 senesi facial\u0131 vaqialarn\u0131 bile ve unutmay, bu k\u00fcnlerde biz q\u0131r\u0131mtatarlarnen beraber yas tutam\u0131z, dedi Miroslav Krey\u00e7. \u2013 \u00c7eh halq\u0131 kommunist rejimini\u00f1 qanl\u0131 usullar\u0131n\u0131 \u00f6z ba\u015f\u0131ndan ke\u00e7irdi, amma 1944 senesi facias\u0131 ve on\u0131\u00f1 aqibetleri misilsizdir. Delegatsiyam\u0131z Aqmescitteki demir\u00f6l vokzal\u0131 yan\u0131ndaki s\u00fcrg\u00fcnlik qurbanlar\u0131n\u0131\u00f1 hat\u0131ras\u0131na qoyul\u011fan ta\u015f \u00fcst\u00fcne \u00e7e\u00e7ekler qoymaq niyetinde&#8221;.<\/p>\n\n\n\n<p>\u00c7ehiya Parlamenti Senat\u0131n\u0131\u00f1 Avropa Birligi meseleleri boyunca komiteti reisini\u00f1 s\u00f6ylegenine k\u00f6re \u00e7ehiyal\u0131 siyaset\u00e7ilerni\u00f1 Q\u0131r\u0131m\u011fa i\u015f ziyareti ve Meclis yolba\u015f\u00e7\u0131lar\u0131nen k\u00f6r\u00fc\u015f\u00fcvini\u00f1 maqsad\u0131 yar\u0131madadki siyasiy-i\u00e7timaiy vaziyetni\u00f1 hususiyetlerinen tan\u0131\u015f olmaqt\u0131r. &#8220;Bug\u00fcn bun\u0131\u00f1 emiyeti daa ziyade b\u00fcy\u00fck, \u00e7\u00fcnki Ukraina \u015fimdi Avropa Birliginen birle\u015fme aqq\u0131nda a\u00f1la\u015fman\u0131 imzalav husus\u0131nda s\u00f6yle\u015f\u00fcvler basq\u0131\u00e7\u0131nda turmaqta. Bu ceryann\u0131\u00f1 muvafaqiyetli olmas\u0131na tesir etebilecek er angi, olsun m\u00fcsbet, olsun menfiy mal\u00fcmat biz i\u00e7\u00fcn b\u00fcy\u00fck rol oynay&#8221;, &#8211; dedi \u00c7ehiya Parlamenti Senat\u0131n\u0131\u00f1 Avropa Birligi meseleleri boyunca komitetini\u00f1 reisi. Tafsil\u00e2tl\u0131 subet vaqt\u0131nda taraflar q\u0131r\u0131mtatarlarn\u0131\u00f1 qaytuv\u0131 ve yerle\u015fmesine, Ukraina vatanda\u015fl\u0131\u011f\u0131n\u0131 almaq, milliy tasil ve milliy matbuatn\u0131\u00f1 inki\u015faf\u0131na dair meselelerni muzakere ettiler.<\/p>\n\n\n\n<p>&#8220;Sovetler birligi q\u0131r\u0131mtatar halq\u0131n\u0131 \u00f6zg\u00fcn halq s\u0131fat\u0131nda tan\u0131mad\u0131. Q\u0131r\u0131mtatar s\u00f6z\u00fc pasport h\u0131zmetlerini\u00f1 cedvellerinden \u00e7\u0131qar\u0131l\u0131p, bizlerni &#8220;tatar&#8221; diye yazd\u0131lar, &#8211; dedi \u00f6z \u00e7\u0131q\u0131\u015f\u0131nda R. \u00c7ubarov. \u2013 Bug\u00fcn Ukraina q\u0131r\u0131mtatar halq\u0131n\u0131\u00f1 qaytmas\u0131na mania olmay, qaytma\u011fa aqq\u0131\u00f1\u0131z bar, dey, l\u00e2kin qayt\u0131p kelgenlerge yard\u0131m\u0131n\u0131 y\u0131ldan-y\u0131l\u011fa eksilte, qoltutmaq yerine yolum\u0131z\u011fa ep sedler \u00e7eke&#8221;.<\/p>\n\n\n\n<p>Reis birinci muavinini\u00f1 aytqan\u0131na k\u00f6re Ukraina mustaqilligini\u00f1 22 y\u0131l\u0131 i\u00e7inde q\u0131r\u0131mtatar halq\u0131n\u0131\u00f1 qaytmas\u0131 ve yerle\u015fmesi meselelerini \u00e7ezgen i\u00e7 bir qanun qabul etilmedi.<\/p>\n\n\n\n<p>Bun\u0131\u00f1 kibi de Refat \u00c7ubarov Ukraina ve Q\u0131r\u0131mda bug\u00fcnki siyasiy ve iqtisadiy vaziyet aqq\u0131nda fikirinen payla\u015f\u0131p, q\u0131r\u0131mtatar halq\u0131n\u0131\u00f1 \u00f6z Vatan\u0131nda aqlar\u0131n\u0131 tiklev, Ukrainada on\u0131\u00f1 tel\u00fckesizligi ve inki\u015faf\u0131n\u0131 teminlev boyunca halqara forum\u011fa az\u0131rl\u0131qn\u0131\u00f1 keti\u015fat\u0131 aqq\u0131nda aytt\u0131.<\/p>\n\n\n\n<p>&#8220;Q\u0131r\u0131mtatar meselesi \u00e7ezimini\u00f1 k\u00f6lemi o qadar b\u00fcy\u00fck ki, Ukraina bir kendisi bu\u00f1a qadir degil, &#8211; dep a\u00f1latt\u0131 \u00c7ubarov. \u2013 Ayn\u0131 \u015fun\u0131\u00f1 i\u00e7\u00fcn de halqara cemaat\u00e7\u0131l\u0131q yard\u0131m etmege istey ve q\u0131r\u0131mtatarlarn\u0131\u00f1 ukrain cemiyetine qat\u0131luvn\u0131\u00f1 uquqiy usullar\u0131n\u0131 i\u015flemege az\u0131r. Amma Halqara forumn\u0131 ke\u00e7ir\u00fcv meselesine Ukraina devleti al\u00e2 daa m\u00fcsbet bir cevap bermedi&#8221;.<\/p>\n\n\n\n<p>Meclis yolba\u015f\u00e7\u0131lar\u0131nen k\u00f6r\u00fc\u015f\u00fcv neticelerini izaatlarken, \u00c7ehiya Parlamenti Senat\u0131n\u0131\u00f1 Avropa Birligi meseleleri boyunca komitetini\u00f1 reisi Miroslav Krey\u00e7 q\u0131r\u0131mtatar meselesi ke\u00e7mi\u015fte d\u00fcnyada ol\u011fan menfiy adiselerni\u00f1 aqibetidir, dedi. &#8220;Bu yal\u0131\u00f1\u0131z Ukraina ve Q\u0131r\u0131mnen ba\u011fl\u0131 degil. Bug\u00fcn Ukraina k\u00fczde Viln\u00fcste olacaq sammitte birle\u015fme boyunca a\u00f1la\u015fma imzalanmas\u0131 yolundad\u0131r. Baz\u0131 bir insanlar A\u00f1la\u015fman\u0131\u00f1 imzalanmas\u0131 so\u00f1ki ad\u0131m, dep ya\u00f1\u0131lalar.<\/p>\n\n\n\n<p>As\u0131l\u0131nda ise bu uzun yolda at\u0131l\u011fan ilk ad\u0131md\u0131r. \u015eu ceryan \u00e7er\u00e7ivesinde Ukraina qanunlar\u0131n\u0131\u00f1 bir s\u0131ra saalar\u0131n\u0131, \u015fu c\u00fcmleden s\u00fcrg\u00fcn etilgenlerni\u00f1 status\u0131n\u0131, tertipke ketirmeli, &#8211; qayd etti siyaset\u00e7i. Miroslav Krey\u00e7 bun\u0131\u00f1 kibi de \u015fun\u0131 qayd etti ki, Q\u0131r\u0131m \u00fck\u00fcmeti vekillerinen ke\u00e7irilgen k\u00f6r\u00fc\u015f\u00fcvlerde q\u0131r\u0131mtatar halq\u0131n\u0131\u00f1 vaziyeti ve on\u0131\u00f1 \u00f6g\u00fcnde tur\u011fan m\u00fcim meselelerge toqun\u0131lmad\u0131.<\/p>\n\n\n\n<p>Meclis ziyaretinden so\u00f1 \u00e7ehiyal\u0131 siyaset\u00e7iler delegatsiyas\u0131 Meclis yolba\u015f\u00e7\u0131lar\u0131nen birlikte Q\u0131r\u0131mtatar halq\u0131 s\u00fcrg\u00fcnligi qurbanlar\u0131 abidesine \u00e7e\u00e7ekler qoyd\u0131lar.<\/p>\n\n\n\n<figure class=\"wp-block-gallery columns-3 is-cropped wp-block-gallery-1 is-layout-flex wp-block-gallery-is-layout-flex\"><ul class=\"blocks-gallery-grid\"><li class=\"blocks-gallery-item\"><figure><a href=\"http:\/\/qtmm.org\/wp-content\/uploads\/2022\/01\/5195bd0a2ec0e.jpeg\"><img loading=\"lazy\" decoding=\"async\" width=\"640\" height=\"480\" src=\"http:\/\/qtmm.org\/wp-content\/uploads\/2022\/01\/5195bd0a2ec0e.jpeg\" alt=\"\" data-id=\"37243\" data-full-url=\"http:\/\/qtmm.org\/wp-content\/uploads\/2022\/01\/5195bd0a2ec0e.jpeg\" data-link=\"http:\/\/qtmm.org\/qt\/?attachment_id=37243\" class=\"wp-image-37243\" srcset=\"https:\/\/qtmm.org\/wp-content\/uploads\/2022\/01\/5195bd0a2ec0e.jpeg 640w, https:\/\/qtmm.org\/wp-content\/uploads\/2022\/01\/5195bd0a2ec0e-300x225.jpeg 300w\" sizes=\"auto, (max-width: 640px) 100vw, 640px\" \/><\/a><\/figure><\/li><li class=\"blocks-gallery-item\"><figure><a href=\"http:\/\/qtmm.org\/wp-content\/uploads\/2022\/01\/5195bd0a7a27b.jpeg\"><img loading=\"lazy\" decoding=\"async\" width=\"640\" height=\"480\" src=\"http:\/\/qtmm.org\/wp-content\/uploads\/2022\/01\/5195bd0a7a27b.jpeg\" alt=\"\" data-id=\"37247\" data-full-url=\"http:\/\/qtmm.org\/wp-content\/uploads\/2022\/01\/5195bd0a7a27b.jpeg\" data-link=\"http:\/\/qtmm.org\/qt\/?attachment_id=37247\" class=\"wp-image-37247\" srcset=\"https:\/\/qtmm.org\/wp-content\/uploads\/2022\/01\/5195bd0a7a27b.jpeg 640w, https:\/\/qtmm.org\/wp-content\/uploads\/2022\/01\/5195bd0a7a27b-300x225.jpeg 300w\" sizes=\"auto, (max-width: 640px) 100vw, 640px\" \/><\/a><\/figure><\/li><li class=\"blocks-gallery-item\"><figure><a href=\"http:\/\/qtmm.org\/wp-content\/uploads\/2022\/01\/5195bd0a60eae.jpeg\"><img loading=\"lazy\" decoding=\"async\" width=\"640\" height=\"480\" src=\"http:\/\/qtmm.org\/wp-content\/uploads\/2022\/01\/5195bd0a60eae.jpeg\" alt=\"\" data-id=\"37251\" data-full-url=\"http:\/\/qtmm.org\/wp-content\/uploads\/2022\/01\/5195bd0a60eae.jpeg\" data-link=\"http:\/\/qtmm.org\/qt\/?attachment_id=37251\" class=\"wp-image-37251\" srcset=\"https:\/\/qtmm.org\/wp-content\/uploads\/2022\/01\/5195bd0a60eae.jpeg 640w, https:\/\/qtmm.org\/wp-content\/uploads\/2022\/01\/5195bd0a60eae-300x225.jpeg 300w\" sizes=\"auto, (max-width: 640px) 100vw, 640px\" \/><\/a><\/figure><\/li><li class=\"blocks-gallery-item\"><figure><a href=\"http:\/\/qtmm.org\/wp-content\/uploads\/2022\/01\/5195bd0a93aae.jpeg\"><img loading=\"lazy\" decoding=\"async\" width=\"640\" height=\"480\" src=\"http:\/\/qtmm.org\/wp-content\/uploads\/2022\/01\/5195bd0a93aae.jpeg\" alt=\"\" data-id=\"37255\" data-full-url=\"http:\/\/qtmm.org\/wp-content\/uploads\/2022\/01\/5195bd0a93aae.jpeg\" data-link=\"http:\/\/qtmm.org\/qt\/?attachment_id=37255\" class=\"wp-image-37255\" srcset=\"https:\/\/qtmm.org\/wp-content\/uploads\/2022\/01\/5195bd0a93aae.jpeg 640w, https:\/\/qtmm.org\/wp-content\/uploads\/2022\/01\/5195bd0a93aae-300x225.jpeg 300w\" sizes=\"auto, (max-width: 640px) 100vw, 640px\" \/><\/a><\/figure><\/li><li class=\"blocks-gallery-item\"><figure><a href=\"http:\/\/qtmm.org\/wp-content\/uploads\/2022\/01\/5195bd0a155d9.jpeg\"><img loading=\"lazy\" decoding=\"async\" width=\"640\" height=\"480\" src=\"http:\/\/qtmm.org\/wp-content\/uploads\/2022\/01\/5195bd0a155d9.jpeg\" alt=\"\" data-id=\"37259\" data-full-url=\"http:\/\/qtmm.org\/wp-content\/uploads\/2022\/01\/5195bd0a155d9.jpeg\" data-link=\"http:\/\/qtmm.org\/qt\/?attachment_id=37259\" class=\"wp-image-37259\" srcset=\"https:\/\/qtmm.org\/wp-content\/uploads\/2022\/01\/5195bd0a155d9.jpeg 640w, https:\/\/qtmm.org\/wp-content\/uploads\/2022\/01\/5195bd0a155d9-300x225.jpeg 300w\" sizes=\"auto, (max-width: 640px) 100vw, 640px\" \/><\/a><\/figure><\/li><li class=\"blocks-gallery-item\"><figure><a href=\"http:\/\/qtmm.org\/wp-content\/uploads\/2022\/01\/5195bd0a48135.jpeg\"><img loading=\"lazy\" decoding=\"async\" width=\"640\" height=\"480\" src=\"http:\/\/qtmm.org\/wp-content\/uploads\/2022\/01\/5195bd0a48135.jpeg\" alt=\"\" data-id=\"37263\" data-full-url=\"http:\/\/qtmm.org\/wp-content\/uploads\/2022\/01\/5195bd0a48135.jpeg\" data-link=\"http:\/\/qtmm.org\/qt\/?attachment_id=37263\" class=\"wp-image-37263\" srcset=\"https:\/\/qtmm.org\/wp-content\/uploads\/2022\/01\/5195bd0a48135.jpeg 640w, https:\/\/qtmm.org\/wp-content\/uploads\/2022\/01\/5195bd0a48135-300x225.jpeg 300w\" sizes=\"auto, (max-width: 640px) 100vw, 640px\" \/><\/a><\/figure><\/li><li class=\"blocks-gallery-item\"><figure><a href=\"http:\/\/qtmm.org\/wp-content\/uploads\/2022\/01\/5195bd0aacfa8.jpeg\"><img loading=\"lazy\" decoding=\"async\" width=\"640\" height=\"480\" src=\"http:\/\/qtmm.org\/wp-content\/uploads\/2022\/01\/5195bd0aacfa8.jpeg\" alt=\"\" data-id=\"37267\" data-full-url=\"http:\/\/qtmm.org\/wp-content\/uploads\/2022\/01\/5195bd0aacfa8.jpeg\" data-link=\"http:\/\/qtmm.org\/qt\/?attachment_id=37267\" class=\"wp-image-37267\" srcset=\"https:\/\/qtmm.org\/wp-content\/uploads\/2022\/01\/5195bd0aacfa8.jpeg 640w, https:\/\/qtmm.org\/wp-content\/uploads\/2022\/01\/5195bd0aacfa8-300x225.jpeg 300w\" sizes=\"auto, (max-width: 640px) 100vw, 640px\" \/><\/a><\/figure><\/li><li class=\"blocks-gallery-item\"><figure><a href=\"http:\/\/qtmm.org\/wp-content\/uploads\/2022\/01\/5195bd08ca036.jpeg\"><img loading=\"lazy\" decoding=\"async\" width=\"640\" height=\"480\" src=\"http:\/\/qtmm.org\/wp-content\/uploads\/2022\/01\/5195bd08ca036.jpeg\" alt=\"\" data-id=\"37271\" data-full-url=\"http:\/\/qtmm.org\/wp-content\/uploads\/2022\/01\/5195bd08ca036.jpeg\" data-link=\"http:\/\/qtmm.org\/qt\/?attachment_id=37271\" class=\"wp-image-37271\" srcset=\"https:\/\/qtmm.org\/wp-content\/uploads\/2022\/01\/5195bd08ca036.jpeg 640w, https:\/\/qtmm.org\/wp-content\/uploads\/2022\/01\/5195bd08ca036-300x225.jpeg 300w\" sizes=\"auto, (max-width: 640px) 100vw, 640px\" \/><\/a><\/figure><\/li><li class=\"blocks-gallery-item\"><figure><a href=\"http:\/\/qtmm.org\/wp-content\/uploads\/2022\/01\/5195bd08e2593.jpeg\"><img loading=\"lazy\" decoding=\"async\" width=\"640\" height=\"480\" src=\"http:\/\/qtmm.org\/wp-content\/uploads\/2022\/01\/5195bd08e2593.jpeg\" alt=\"\" data-id=\"37275\" data-full-url=\"http:\/\/qtmm.org\/wp-content\/uploads\/2022\/01\/5195bd08e2593.jpeg\" data-link=\"http:\/\/qtmm.org\/qt\/?attachment_id=37275\" class=\"wp-image-37275\" srcset=\"https:\/\/qtmm.org\/wp-content\/uploads\/2022\/01\/5195bd08e2593.jpeg 640w, https:\/\/qtmm.org\/wp-content\/uploads\/2022\/01\/5195bd08e2593-300x225.jpeg 300w\" sizes=\"auto, (max-width: 640px) 100vw, 640px\" \/><\/a><\/figure><\/li><li class=\"blocks-gallery-item\"><figure><a href=\"http:\/\/qtmm.org\/wp-content\/uploads\/2022\/01\/5195bd09a721a.jpeg\"><img loading=\"lazy\" decoding=\"async\" width=\"640\" height=\"480\" src=\"http:\/\/qtmm.org\/wp-content\/uploads\/2022\/01\/5195bd09a721a.jpeg\" alt=\"\" data-id=\"37279\" data-full-url=\"http:\/\/qtmm.org\/wp-content\/uploads\/2022\/01\/5195bd09a721a.jpeg\" data-link=\"http:\/\/qtmm.org\/qt\/?attachment_id=37279\" class=\"wp-image-37279\" srcset=\"https:\/\/qtmm.org\/wp-content\/uploads\/2022\/01\/5195bd09a721a.jpeg 640w, https:\/\/qtmm.org\/wp-content\/uploads\/2022\/01\/5195bd09a721a-300x225.jpeg 300w\" sizes=\"auto, (max-width: 640px) 100vw, 640px\" \/><\/a><\/figure><\/li><li class=\"blocks-gallery-item\"><figure><a href=\"http:\/\/qtmm.org\/wp-content\/uploads\/2022\/01\/5195bd09bf7c9.jpeg\"><img loading=\"lazy\" decoding=\"async\" width=\"640\" height=\"480\" src=\"http:\/\/qtmm.org\/wp-content\/uploads\/2022\/01\/5195bd09bf7c9.jpeg\" alt=\"\" data-id=\"37283\" data-full-url=\"http:\/\/qtmm.org\/wp-content\/uploads\/2022\/01\/5195bd09bf7c9.jpeg\" data-link=\"http:\/\/qtmm.org\/qt\/?attachment_id=37283\" class=\"wp-image-37283\" srcset=\"https:\/\/qtmm.org\/wp-content\/uploads\/2022\/01\/5195bd09bf7c9.jpeg 640w, https:\/\/qtmm.org\/wp-content\/uploads\/2022\/01\/5195bd09bf7c9-300x225.jpeg 300w\" sizes=\"auto, (max-width: 640px) 100vw, 640px\" \/><\/a><\/figure><\/li><li class=\"blocks-gallery-item\"><figure><a href=\"http:\/\/qtmm.org\/wp-content\/uploads\/2022\/01\/5195bd09d7504.jpeg\"><img loading=\"lazy\" decoding=\"async\" width=\"640\" height=\"480\" src=\"http:\/\/qtmm.org\/wp-content\/uploads\/2022\/01\/5195bd09d7504.jpeg\" alt=\"\" data-id=\"37287\" data-full-url=\"http:\/\/qtmm.org\/wp-content\/uploads\/2022\/01\/5195bd09d7504.jpeg\" data-link=\"http:\/\/qtmm.org\/qt\/?attachment_id=37287\" class=\"wp-image-37287\" srcset=\"https:\/\/qtmm.org\/wp-content\/uploads\/2022\/01\/5195bd09d7504.jpeg 640w, https:\/\/qtmm.org\/wp-content\/uploads\/2022\/01\/5195bd09d7504-300x225.jpeg 300w\" sizes=\"auto, (max-width: 640px) 100vw, 640px\" \/><\/a><\/figure><\/li><li class=\"blocks-gallery-item\"><figure><a href=\"http:\/\/qtmm.org\/wp-content\/uploads\/2022\/01\/5195bd09f06ab.jpeg\"><img loading=\"lazy\" decoding=\"async\" width=\"640\" height=\"480\" src=\"http:\/\/qtmm.org\/wp-content\/uploads\/2022\/01\/5195bd09f06ab.jpeg\" alt=\"\" data-id=\"37291\" data-full-url=\"http:\/\/qtmm.org\/wp-content\/uploads\/2022\/01\/5195bd09f06ab.jpeg\" data-link=\"http:\/\/qtmm.org\/qt\/?attachment_id=37291\" class=\"wp-image-37291\" srcset=\"https:\/\/qtmm.org\/wp-content\/uploads\/2022\/01\/5195bd09f06ab.jpeg 640w, https:\/\/qtmm.org\/wp-content\/uploads\/2022\/01\/5195bd09f06ab-300x225.jpeg 300w\" sizes=\"auto, (max-width: 640px) 100vw, 640px\" \/><\/a><\/figure><\/li><li class=\"blocks-gallery-item\"><figure><a href=\"http:\/\/qtmm.org\/wp-content\/uploads\/2022\/01\/5195bd091c673.jpeg\"><img loading=\"lazy\" decoding=\"async\" width=\"640\" height=\"480\" src=\"http:\/\/qtmm.org\/wp-content\/uploads\/2022\/01\/5195bd091c673.jpeg\" alt=\"\" data-id=\"37295\" data-full-url=\"http:\/\/qtmm.org\/wp-content\/uploads\/2022\/01\/5195bd091c673.jpeg\" data-link=\"http:\/\/qtmm.org\/qt\/?attachment_id=37295\" class=\"wp-image-37295\" srcset=\"https:\/\/qtmm.org\/wp-content\/uploads\/2022\/01\/5195bd091c673.jpeg 640w, https:\/\/qtmm.org\/wp-content\/uploads\/2022\/01\/5195bd091c673-300x225.jpeg 300w\" sizes=\"auto, (max-width: 640px) 100vw, 640px\" \/><\/a><\/figure><\/li><li class=\"blocks-gallery-item\"><figure><a href=\"http:\/\/qtmm.org\/wp-content\/uploads\/2022\/01\/5195bd094acba.jpeg\"><img loading=\"lazy\" decoding=\"async\" width=\"640\" height=\"480\" src=\"http:\/\/qtmm.org\/wp-content\/uploads\/2022\/01\/5195bd094acba.jpeg\" alt=\"\" data-id=\"37299\" data-full-url=\"http:\/\/qtmm.org\/wp-content\/uploads\/2022\/01\/5195bd094acba.jpeg\" data-link=\"http:\/\/qtmm.org\/qt\/?attachment_id=37299\" class=\"wp-image-37299\" srcset=\"https:\/\/qtmm.org\/wp-content\/uploads\/2022\/01\/5195bd094acba.jpeg 640w, https:\/\/qtmm.org\/wp-content\/uploads\/2022\/01\/5195bd094acba-300x225.jpeg 300w\" sizes=\"auto, (max-width: 640px) 100vw, 640px\" \/><\/a><\/figure><\/li><li class=\"blocks-gallery-item\"><figure><a href=\"http:\/\/qtmm.org\/wp-content\/uploads\/2022\/01\/5195bd098fea9.jpeg\"><img loading=\"lazy\" decoding=\"async\" width=\"640\" height=\"480\" src=\"http:\/\/qtmm.org\/wp-content\/uploads\/2022\/01\/5195bd098fea9.jpeg\" alt=\"\" data-id=\"37303\" data-full-url=\"http:\/\/qtmm.org\/wp-content\/uploads\/2022\/01\/5195bd098fea9.jpeg\" data-link=\"http:\/\/qtmm.org\/qt\/?attachment_id=37303\" class=\"wp-image-37303\" srcset=\"https:\/\/qtmm.org\/wp-content\/uploads\/2022\/01\/5195bd098fea9.jpeg 640w, https:\/\/qtmm.org\/wp-content\/uploads\/2022\/01\/5195bd098fea9-300x225.jpeg 300w\" sizes=\"auto, (max-width: 640px) 100vw, 640px\" \/><\/a><\/figure><\/li><li class=\"blocks-gallery-item\"><figure><a href=\"http:\/\/qtmm.org\/wp-content\/uploads\/2022\/01\/5195bd0904c3b.jpeg\"><img loading=\"lazy\" decoding=\"async\" width=\"640\" height=\"480\" src=\"http:\/\/qtmm.org\/wp-content\/uploads\/2022\/01\/5195bd0904c3b.jpeg\" alt=\"\" data-id=\"37307\" data-full-url=\"http:\/\/qtmm.org\/wp-content\/uploads\/2022\/01\/5195bd0904c3b.jpeg\" data-link=\"http:\/\/qtmm.org\/qt\/?attachment_id=37307\" class=\"wp-image-37307\" srcset=\"https:\/\/qtmm.org\/wp-content\/uploads\/2022\/01\/5195bd0904c3b.jpeg 640w, https:\/\/qtmm.org\/wp-content\/uploads\/2022\/01\/5195bd0904c3b-300x225.jpeg 300w\" sizes=\"auto, (max-width: 640px) 100vw, 640px\" \/><\/a><\/figure><\/li><li class=\"blocks-gallery-item\"><figure><a href=\"http:\/\/qtmm.org\/wp-content\/uploads\/2022\/01\/5195bd0961b07.jpeg\"><img loading=\"lazy\" decoding=\"async\" width=\"640\" height=\"480\" src=\"http:\/\/qtmm.org\/wp-content\/uploads\/2022\/01\/5195bd0961b07.jpeg\" alt=\"\" data-id=\"37311\" data-full-url=\"http:\/\/qtmm.org\/wp-content\/uploads\/2022\/01\/5195bd0961b07.jpeg\" data-link=\"http:\/\/qtmm.org\/qt\/?attachment_id=37311\" class=\"wp-image-37311\" srcset=\"https:\/\/qtmm.org\/wp-content\/uploads\/2022\/01\/5195bd0961b07.jpeg 640w, https:\/\/qtmm.org\/wp-content\/uploads\/2022\/01\/5195bd0961b07-300x225.jpeg 300w\" sizes=\"auto, (max-width: 640px) 100vw, 640px\" \/><\/a><\/figure><\/li><li class=\"blocks-gallery-item\"><figure><a href=\"http:\/\/qtmm.org\/wp-content\/uploads\/2022\/01\/5195bd09792a9.jpeg\"><img loading=\"lazy\" decoding=\"async\" width=\"640\" height=\"480\" src=\"http:\/\/qtmm.org\/wp-content\/uploads\/2022\/01\/5195bd09792a9.jpeg\" alt=\"\" data-id=\"37315\" data-full-url=\"http:\/\/qtmm.org\/wp-content\/uploads\/2022\/01\/5195bd09792a9.jpeg\" data-link=\"http:\/\/qtmm.org\/qt\/?attachment_id=37315\" class=\"wp-image-37315\" srcset=\"https:\/\/qtmm.org\/wp-content\/uploads\/2022\/01\/5195bd09792a9.jpeg 640w, https:\/\/qtmm.org\/wp-content\/uploads\/2022\/01\/5195bd09792a9-300x225.jpeg 300w\" sizes=\"auto, (max-width: 640px) 100vw, 640px\" \/><\/a><\/figure><\/li><li class=\"blocks-gallery-item\"><figure><a href=\"http:\/\/qtmm.org\/wp-content\/uploads\/2022\/01\/5195bd093373e.jpeg\"><img loading=\"lazy\" decoding=\"async\" width=\"640\" height=\"480\" src=\"http:\/\/qtmm.org\/wp-content\/uploads\/2022\/01\/5195bd093373e.jpeg\" alt=\"\" data-id=\"37319\" data-full-url=\"http:\/\/qtmm.org\/wp-content\/uploads\/2022\/01\/5195bd093373e.jpeg\" data-link=\"http:\/\/qtmm.org\/qt\/?attachment_id=37319\" class=\"wp-image-37319\" srcset=\"https:\/\/qtmm.org\/wp-content\/uploads\/2022\/01\/5195bd093373e.jpeg 640w, https:\/\/qtmm.org\/wp-content\/uploads\/2022\/01\/5195bd093373e-300x225.jpeg 300w\" sizes=\"auto, (max-width: 640px) 100vw, 640px\" \/><\/a><\/figure><\/li><\/ul><\/figure>\n","protected":false},"excerpt":{"rendered":"<p>May\u0131s 16 k\u00fcn\u00fc Q\u0131r\u0131mtatar halq\u0131 Meclisi reisini\u00f1 birinci muavini Refat \u00c7ubarov ve Meclis reisini\u00f1 muavini Remzi \u0130lyasov \u00e7ehiyal\u0131 senatorlar &#8211; \u00c7ehiya Parlamenti Senat\u0131n\u0131\u00f1 Avropa Birligi meseleleri boyunca komitetini\u00f1 azalar\u0131nen k\u00f6r\u00fc\u015ftiler. Erk\u00e2n\u0131nda \u00c7ehiya Parlamenti Senat\u0131n\u0131\u00f1 Avropa Birligi meseleleri boyunca komitetini\u00f1 reisi Miroslav Krey\u00e7, reis muavinleri Zdenek Besta, Antonin Ma\u015ftalirja ve Yozef Taborski bulun\u011fan delegatsiya\u011fa \u00c7ehiyan\u0131\u00f1 Ukrainadaki [&hellip;]<\/p>\n","protected":false},"author":1,"featured_media":37247,"comment_status":"open","ping_status":"open","sticky":false,"template":"","format":"standard","meta":{"inline_featured_image":false,"footnotes":""},"categories":[265],"tags":[],"class_list":["post-37242","post","type-post","status-publish","format-standard","has-post-thumbnail","hentry","category-haberler"],"acf":[],"yoast_head":"<!-- This site is optimized with the Yoast SEO plugin v27.4 - https:\/\/yoast.com\/product\/yoast-seo-wordpress\/ -->\n<title>Refat \u00c7ubarov: \u00c7ehiyal\u0131 siyaset\u00e7iler ile semereli ve muntazam temas\u0131m\u0131z demokratiya meselelerinde \u00c7ehiya Avropa Birliginde eminliknen munasip yer al\u011fan\u0131ndan del\u00e2let bere - \u041c\u0435\u0434\u0436\u043b\u0456\u0441<\/title>\n<meta name=\"robots\" content=\"index, follow, max-snippet:-1, max-image-preview:large, max-video-preview:-1\" \/>\n<link rel=\"canonical\" href=\"https:\/\/qtmm.org\/qt\/refat-cubarov-cehiyali-siyasetciler-ile-semereli-ve-muntazam-temasimiz-demokratiya-meselelerinde-cehiya-avropa-birliginde-eminliknen-munasip-yer-alganindan-delalet-bere\/\" \/>\n<meta property=\"og:locale\" content=\"en_US\" \/>\n<meta property=\"og:type\" content=\"article\" \/>\n<meta property=\"og:title\" content=\"Refat \u00c7ubarov: \u00c7ehiyal\u0131 siyaset\u00e7iler ile semereli ve muntazam temas\u0131m\u0131z demokratiya meselelerinde \u00c7ehiya Avropa Birliginde eminliknen munasip yer al\u011fan\u0131ndan del\u00e2let bere - \u041c\u0435\u0434\u0436\u043b\u0456\u0441\" \/>\n<meta property=\"og:description\" content=\"May\u0131s 16 k\u00fcn\u00fc Q\u0131r\u0131mtatar halq\u0131 Meclisi reisini\u00f1 birinci muavini Refat \u00c7ubarov ve Meclis reisini\u00f1 muavini Remzi \u0130lyasov \u00e7ehiyal\u0131 senatorlar &#8211; \u00c7ehiya Parlamenti Senat\u0131n\u0131\u00f1 Avropa Birligi meseleleri boyunca komitetini\u00f1 azalar\u0131nen k\u00f6r\u00fc\u015ftiler. Erk\u00e2n\u0131nda \u00c7ehiya Parlamenti Senat\u0131n\u0131\u00f1 Avropa Birligi meseleleri boyunca komitetini\u00f1 reisi Miroslav Krey\u00e7, reis muavinleri Zdenek Besta, Antonin Ma\u015ftalirja ve Yozef Taborski bulun\u011fan delegatsiya\u011fa \u00c7ehiyan\u0131\u00f1 Ukrainadaki [&hellip;]\" \/>\n<meta property=\"og:url\" content=\"https:\/\/qtmm.org\/qt\/refat-cubarov-cehiyali-siyasetciler-ile-semereli-ve-muntazam-temasimiz-demokratiya-meselelerinde-cehiya-avropa-birliginde-eminliknen-munasip-yer-alganindan-delalet-bere\/\" \/>\n<meta property=\"og:site_name\" content=\"\u041c\u0435\u0434\u0436\u043b\u0456\u0441\" \/>\n<meta property=\"article:publisher\" content=\"https:\/\/www.facebook.com\/qtmm.info\/\" \/>\n<meta property=\"article:published_time\" content=\"2013-05-16T20:13:00+00:00\" \/>\n<meta property=\"article:modified_time\" content=\"2022-01-23T20:15:42+00:00\" \/>\n<meta property=\"og:image\" content=\"https:\/\/qtmm.org\/wp-content\/uploads\/2022\/01\/5195bd0a7a27b.jpeg\" \/>\n\t<meta property=\"og:image:width\" content=\"640\" \/>\n\t<meta property=\"og:image:height\" content=\"480\" \/>\n\t<meta property=\"og:image:type\" content=\"image\/jpeg\" \/>\n<meta name=\"author\" content=\"Developer\" \/>\n<meta name=\"twitter:card\" content=\"summary_large_image\" \/>\n<meta name=\"twitter:label1\" content=\"Written by\" \/>\n\t<meta name=\"twitter:data1\" content=\"Developer\" \/>\n\t<meta name=\"twitter:label2\" content=\"Est. reading time\" \/>\n\t<meta name=\"twitter:data2\" content=\"4 minutes\" \/>\n<script type=\"application\/ld+json\" class=\"yoast-schema-graph\">{\"@context\":\"https:\\\/\\\/schema.org\",\"@graph\":[{\"@type\":\"Article\",\"@id\":\"https:\\\/\\\/qtmm.org\\\/qt\\\/refat-cubarov-cehiyali-siyasetciler-ile-semereli-ve-muntazam-temasimiz-demokratiya-meselelerinde-cehiya-avropa-birliginde-eminliknen-munasip-yer-alganindan-delalet-bere\\\/#article\",\"isPartOf\":{\"@id\":\"https:\\\/\\\/qtmm.org\\\/qt\\\/refat-cubarov-cehiyali-siyasetciler-ile-semereli-ve-muntazam-temasimiz-demokratiya-meselelerinde-cehiya-avropa-birliginde-eminliknen-munasip-yer-alganindan-delalet-bere\\\/\"},\"author\":{\"name\":\"Developer\",\"@id\":\"https:\\\/\\\/qtmm.org\\\/qt\\\/#\\\/schema\\\/person\\\/de562469f971dec226ac06e60bbf74a7\"},\"headline\":\"Refat \u00c7ubarov: \u00c7ehiyal\u0131 siyaset\u00e7iler ile semereli ve muntazam temas\u0131m\u0131z demokratiya meselelerinde \u00c7ehiya Avropa Birliginde eminliknen munasip yer al\u011fan\u0131ndan del\u00e2let bere\",\"datePublished\":\"2013-05-16T20:13:00+00:00\",\"dateModified\":\"2022-01-23T20:15:42+00:00\",\"mainEntityOfPage\":{\"@id\":\"https:\\\/\\\/qtmm.org\\\/qt\\\/refat-cubarov-cehiyali-siyasetciler-ile-semereli-ve-muntazam-temasimiz-demokratiya-meselelerinde-cehiya-avropa-birliginde-eminliknen-munasip-yer-alganindan-delalet-bere\\\/\"},\"wordCount\":922,\"commentCount\":0,\"publisher\":{\"@id\":\"https:\\\/\\\/qtmm.org\\\/qt\\\/#organization\"},\"image\":{\"@id\":\"https:\\\/\\\/qtmm.org\\\/qt\\\/refat-cubarov-cehiyali-siyasetciler-ile-semereli-ve-muntazam-temasimiz-demokratiya-meselelerinde-cehiya-avropa-birliginde-eminliknen-munasip-yer-alganindan-delalet-bere\\\/#primaryimage\"},\"thumbnailUrl\":\"https:\\\/\\\/qtmm.org\\\/wp-content\\\/uploads\\\/2022\\\/01\\\/5195bd0a7a27b.jpeg\",\"articleSection\":[\"Haberler\"],\"inLanguage\":\"qt\",\"potentialAction\":[{\"@type\":\"CommentAction\",\"name\":\"Comment\",\"target\":[\"https:\\\/\\\/qtmm.org\\\/qt\\\/refat-cubarov-cehiyali-siyasetciler-ile-semereli-ve-muntazam-temasimiz-demokratiya-meselelerinde-cehiya-avropa-birliginde-eminliknen-munasip-yer-alganindan-delalet-bere\\\/#respond\"]}]},{\"@type\":\"WebPage\",\"@id\":\"https:\\\/\\\/qtmm.org\\\/qt\\\/refat-cubarov-cehiyali-siyasetciler-ile-semereli-ve-muntazam-temasimiz-demokratiya-meselelerinde-cehiya-avropa-birliginde-eminliknen-munasip-yer-alganindan-delalet-bere\\\/\",\"url\":\"https:\\\/\\\/qtmm.org\\\/qt\\\/refat-cubarov-cehiyali-siyasetciler-ile-semereli-ve-muntazam-temasimiz-demokratiya-meselelerinde-cehiya-avropa-birliginde-eminliknen-munasip-yer-alganindan-delalet-bere\\\/\",\"name\":\"Refat \u00c7ubarov: \u00c7ehiyal\u0131 siyaset\u00e7iler ile semereli ve muntazam temas\u0131m\u0131z demokratiya meselelerinde \u00c7ehiya Avropa Birliginde eminliknen munasip yer al\u011fan\u0131ndan del\u00e2let bere - \u041c\u0435\u0434\u0436\u043b\u0456\u0441\",\"isPartOf\":{\"@id\":\"https:\\\/\\\/qtmm.org\\\/qt\\\/#website\"},\"primaryImageOfPage\":{\"@id\":\"https:\\\/\\\/qtmm.org\\\/qt\\\/refat-cubarov-cehiyali-siyasetciler-ile-semereli-ve-muntazam-temasimiz-demokratiya-meselelerinde-cehiya-avropa-birliginde-eminliknen-munasip-yer-alganindan-delalet-bere\\\/#primaryimage\"},\"image\":{\"@id\":\"https:\\\/\\\/qtmm.org\\\/qt\\\/refat-cubarov-cehiyali-siyasetciler-ile-semereli-ve-muntazam-temasimiz-demokratiya-meselelerinde-cehiya-avropa-birliginde-eminliknen-munasip-yer-alganindan-delalet-bere\\\/#primaryimage\"},\"thumbnailUrl\":\"https:\\\/\\\/qtmm.org\\\/wp-content\\\/uploads\\\/2022\\\/01\\\/5195bd0a7a27b.jpeg\",\"datePublished\":\"2013-05-16T20:13:00+00:00\",\"dateModified\":\"2022-01-23T20:15:42+00:00\",\"breadcrumb\":{\"@id\":\"https:\\\/\\\/qtmm.org\\\/qt\\\/refat-cubarov-cehiyali-siyasetciler-ile-semereli-ve-muntazam-temasimiz-demokratiya-meselelerinde-cehiya-avropa-birliginde-eminliknen-munasip-yer-alganindan-delalet-bere\\\/#breadcrumb\"},\"inLanguage\":\"qt\",\"potentialAction\":[{\"@type\":\"ReadAction\",\"target\":[\"https:\\\/\\\/qtmm.org\\\/qt\\\/refat-cubarov-cehiyali-siyasetciler-ile-semereli-ve-muntazam-temasimiz-demokratiya-meselelerinde-cehiya-avropa-birliginde-eminliknen-munasip-yer-alganindan-delalet-bere\\\/\"]}]},{\"@type\":\"ImageObject\",\"inLanguage\":\"qt\",\"@id\":\"https:\\\/\\\/qtmm.org\\\/qt\\\/refat-cubarov-cehiyali-siyasetciler-ile-semereli-ve-muntazam-temasimiz-demokratiya-meselelerinde-cehiya-avropa-birliginde-eminliknen-munasip-yer-alganindan-delalet-bere\\\/#primaryimage\",\"url\":\"https:\\\/\\\/qtmm.org\\\/wp-content\\\/uploads\\\/2022\\\/01\\\/5195bd0a7a27b.jpeg\",\"contentUrl\":\"https:\\\/\\\/qtmm.org\\\/wp-content\\\/uploads\\\/2022\\\/01\\\/5195bd0a7a27b.jpeg\",\"width\":640,\"height\":480},{\"@type\":\"BreadcrumbList\",\"@id\":\"https:\\\/\\\/qtmm.org\\\/qt\\\/refat-cubarov-cehiyali-siyasetciler-ile-semereli-ve-muntazam-temasimiz-demokratiya-meselelerinde-cehiya-avropa-birliginde-eminliknen-munasip-yer-alganindan-delalet-bere\\\/#breadcrumb\",\"itemListElement\":[{\"@type\":\"ListItem\",\"position\":1,\"name\":\"\u0413\u043e\u043b\u043e\u0432\u043d\u0430\",\"item\":\"https:\\\/\\\/qtmm.org\\\/qt\\\/\"},{\"@type\":\"ListItem\",\"position\":2,\"name\":\"Refat \u00c7ubarov: \u00c7ehiyal\u0131 siyaset\u00e7iler ile semereli ve muntazam temas\u0131m\u0131z demokratiya meselelerinde \u00c7ehiya Avropa Birliginde eminliknen munasip yer al\u011fan\u0131ndan del\u00e2let bere\"}]},{\"@type\":\"WebSite\",\"@id\":\"https:\\\/\\\/qtmm.org\\\/qt\\\/#website\",\"url\":\"https:\\\/\\\/qtmm.org\\\/qt\\\/\",\"name\":\"\u041c\u0435\u0434\u0436\u043b\u0456\u0441\",\"description\":\"\",\"publisher\":{\"@id\":\"https:\\\/\\\/qtmm.org\\\/qt\\\/#organization\"},\"potentialAction\":[{\"@type\":\"SearchAction\",\"target\":{\"@type\":\"EntryPoint\",\"urlTemplate\":\"https:\\\/\\\/qtmm.org\\\/qt\\\/?s={search_term_string}\"},\"query-input\":{\"@type\":\"PropertyValueSpecification\",\"valueRequired\":true,\"valueName\":\"search_term_string\"}}],\"inLanguage\":\"qt\"},{\"@type\":\"Organization\",\"@id\":\"https:\\\/\\\/qtmm.org\\\/qt\\\/#organization\",\"name\":\"\u041c\u0435\u0434\u0436\u043b\u0456\u0441\",\"url\":\"https:\\\/\\\/qtmm.org\\\/qt\\\/\",\"logo\":{\"@type\":\"ImageObject\",\"inLanguage\":\"qt\",\"@id\":\"https:\\\/\\\/qtmm.org\\\/qt\\\/#\\\/schema\\\/logo\\\/image\\\/\",\"url\":\"https:\\\/\\\/qtmm.org\\\/wp-content\\\/uploads\\\/2024\\\/12\\\/ua-mejlis-logo-rgb.svg\",\"contentUrl\":\"https:\\\/\\\/qtmm.org\\\/wp-content\\\/uploads\\\/2024\\\/12\\\/ua-mejlis-logo-rgb.svg\",\"caption\":\"\u041c\u0435\u0434\u0436\u043b\u0456\u0441\"},\"image\":{\"@id\":\"https:\\\/\\\/qtmm.org\\\/qt\\\/#\\\/schema\\\/logo\\\/image\\\/\"},\"sameAs\":[\"https:\\\/\\\/www.facebook.com\\\/qtmm.info\\\/\"]},{\"@type\":\"Person\",\"@id\":\"https:\\\/\\\/qtmm.org\\\/qt\\\/#\\\/schema\\\/person\\\/de562469f971dec226ac06e60bbf74a7\",\"name\":\"Developer\",\"image\":{\"@type\":\"ImageObject\",\"inLanguage\":\"qt\",\"@id\":\"https:\\\/\\\/secure.gravatar.com\\\/avatar\\\/392b4cc8fbfeb00b39dfeeab4ee6edded39ffd48e25858637e4765810300227e?s=96&d=mm&r=g\",\"url\":\"https:\\\/\\\/secure.gravatar.com\\\/avatar\\\/392b4cc8fbfeb00b39dfeeab4ee6edded39ffd48e25858637e4765810300227e?s=96&d=mm&r=g\",\"contentUrl\":\"https:\\\/\\\/secure.gravatar.com\\\/avatar\\\/392b4cc8fbfeb00b39dfeeab4ee6edded39ffd48e25858637e4765810300227e?s=96&d=mm&r=g\",\"caption\":\"Developer\"},\"url\":\"https:\\\/\\\/qtmm.org\\\/qt\\\/author\\\/Developer\\\/\"}]}<\/script>\n<!-- \/ Yoast SEO plugin. -->","yoast_head_json":{"title":"Refat \u00c7ubarov: \u00c7ehiyal\u0131 siyaset\u00e7iler ile semereli ve muntazam temas\u0131m\u0131z demokratiya meselelerinde \u00c7ehiya Avropa Birliginde eminliknen munasip yer al\u011fan\u0131ndan del\u00e2let bere - \u041c\u0435\u0434\u0436\u043b\u0456\u0441","robots":{"index":"index","follow":"follow","max-snippet":"max-snippet:-1","max-image-preview":"max-image-preview:large","max-video-preview":"max-video-preview:-1"},"canonical":"https:\/\/qtmm.org\/qt\/refat-cubarov-cehiyali-siyasetciler-ile-semereli-ve-muntazam-temasimiz-demokratiya-meselelerinde-cehiya-avropa-birliginde-eminliknen-munasip-yer-alganindan-delalet-bere\/","og_locale":"en_US","og_type":"article","og_title":"Refat \u00c7ubarov: \u00c7ehiyal\u0131 siyaset\u00e7iler ile semereli ve muntazam temas\u0131m\u0131z demokratiya meselelerinde \u00c7ehiya Avropa Birliginde eminliknen munasip yer al\u011fan\u0131ndan del\u00e2let bere - \u041c\u0435\u0434\u0436\u043b\u0456\u0441","og_description":"May\u0131s 16 k\u00fcn\u00fc Q\u0131r\u0131mtatar halq\u0131 Meclisi reisini\u00f1 birinci muavini Refat \u00c7ubarov ve Meclis reisini\u00f1 muavini Remzi \u0130lyasov \u00e7ehiyal\u0131 senatorlar &#8211; \u00c7ehiya Parlamenti Senat\u0131n\u0131\u00f1 Avropa Birligi meseleleri boyunca komitetini\u00f1 azalar\u0131nen k\u00f6r\u00fc\u015ftiler. Erk\u00e2n\u0131nda \u00c7ehiya Parlamenti Senat\u0131n\u0131\u00f1 Avropa Birligi meseleleri boyunca komitetini\u00f1 reisi Miroslav Krey\u00e7, reis muavinleri Zdenek Besta, Antonin Ma\u015ftalirja ve Yozef Taborski bulun\u011fan delegatsiya\u011fa \u00c7ehiyan\u0131\u00f1 Ukrainadaki [&hellip;]","og_url":"https:\/\/qtmm.org\/qt\/refat-cubarov-cehiyali-siyasetciler-ile-semereli-ve-muntazam-temasimiz-demokratiya-meselelerinde-cehiya-avropa-birliginde-eminliknen-munasip-yer-alganindan-delalet-bere\/","og_site_name":"\u041c\u0435\u0434\u0436\u043b\u0456\u0441","article_publisher":"https:\/\/www.facebook.com\/qtmm.info\/","article_published_time":"2013-05-16T20:13:00+00:00","article_modified_time":"2022-01-23T20:15:42+00:00","og_image":[{"width":640,"height":480,"url":"https:\/\/qtmm.org\/wp-content\/uploads\/2022\/01\/5195bd0a7a27b.jpeg","type":"image\/jpeg"}],"author":"Developer","twitter_card":"summary_large_image","twitter_misc":{"Written by":"Developer","Est. reading time":"4 minutes"},"schema":{"@context":"https:\/\/schema.org","@graph":[{"@type":"Article","@id":"https:\/\/qtmm.org\/qt\/refat-cubarov-cehiyali-siyasetciler-ile-semereli-ve-muntazam-temasimiz-demokratiya-meselelerinde-cehiya-avropa-birliginde-eminliknen-munasip-yer-alganindan-delalet-bere\/#article","isPartOf":{"@id":"https:\/\/qtmm.org\/qt\/refat-cubarov-cehiyali-siyasetciler-ile-semereli-ve-muntazam-temasimiz-demokratiya-meselelerinde-cehiya-avropa-birliginde-eminliknen-munasip-yer-alganindan-delalet-bere\/"},"author":{"name":"Developer","@id":"https:\/\/qtmm.org\/qt\/#\/schema\/person\/de562469f971dec226ac06e60bbf74a7"},"headline":"Refat \u00c7ubarov: \u00c7ehiyal\u0131 siyaset\u00e7iler ile semereli ve muntazam temas\u0131m\u0131z demokratiya meselelerinde \u00c7ehiya Avropa Birliginde eminliknen munasip yer al\u011fan\u0131ndan del\u00e2let bere","datePublished":"2013-05-16T20:13:00+00:00","dateModified":"2022-01-23T20:15:42+00:00","mainEntityOfPage":{"@id":"https:\/\/qtmm.org\/qt\/refat-cubarov-cehiyali-siyasetciler-ile-semereli-ve-muntazam-temasimiz-demokratiya-meselelerinde-cehiya-avropa-birliginde-eminliknen-munasip-yer-alganindan-delalet-bere\/"},"wordCount":922,"commentCount":0,"publisher":{"@id":"https:\/\/qtmm.org\/qt\/#organization"},"image":{"@id":"https:\/\/qtmm.org\/qt\/refat-cubarov-cehiyali-siyasetciler-ile-semereli-ve-muntazam-temasimiz-demokratiya-meselelerinde-cehiya-avropa-birliginde-eminliknen-munasip-yer-alganindan-delalet-bere\/#primaryimage"},"thumbnailUrl":"https:\/\/qtmm.org\/wp-content\/uploads\/2022\/01\/5195bd0a7a27b.jpeg","articleSection":["Haberler"],"inLanguage":"qt","potentialAction":[{"@type":"CommentAction","name":"Comment","target":["https:\/\/qtmm.org\/qt\/refat-cubarov-cehiyali-siyasetciler-ile-semereli-ve-muntazam-temasimiz-demokratiya-meselelerinde-cehiya-avropa-birliginde-eminliknen-munasip-yer-alganindan-delalet-bere\/#respond"]}]},{"@type":"WebPage","@id":"https:\/\/qtmm.org\/qt\/refat-cubarov-cehiyali-siyasetciler-ile-semereli-ve-muntazam-temasimiz-demokratiya-meselelerinde-cehiya-avropa-birliginde-eminliknen-munasip-yer-alganindan-delalet-bere\/","url":"https:\/\/qtmm.org\/qt\/refat-cubarov-cehiyali-siyasetciler-ile-semereli-ve-muntazam-temasimiz-demokratiya-meselelerinde-cehiya-avropa-birliginde-eminliknen-munasip-yer-alganindan-delalet-bere\/","name":"Refat \u00c7ubarov: \u00c7ehiyal\u0131 siyaset\u00e7iler ile semereli ve muntazam temas\u0131m\u0131z demokratiya meselelerinde \u00c7ehiya Avropa Birliginde eminliknen munasip yer al\u011fan\u0131ndan del\u00e2let bere - \u041c\u0435\u0434\u0436\u043b\u0456\u0441","isPartOf":{"@id":"https:\/\/qtmm.org\/qt\/#website"},"primaryImageOfPage":{"@id":"https:\/\/qtmm.org\/qt\/refat-cubarov-cehiyali-siyasetciler-ile-semereli-ve-muntazam-temasimiz-demokratiya-meselelerinde-cehiya-avropa-birliginde-eminliknen-munasip-yer-alganindan-delalet-bere\/#primaryimage"},"image":{"@id":"https:\/\/qtmm.org\/qt\/refat-cubarov-cehiyali-siyasetciler-ile-semereli-ve-muntazam-temasimiz-demokratiya-meselelerinde-cehiya-avropa-birliginde-eminliknen-munasip-yer-alganindan-delalet-bere\/#primaryimage"},"thumbnailUrl":"https:\/\/qtmm.org\/wp-content\/uploads\/2022\/01\/5195bd0a7a27b.jpeg","datePublished":"2013-05-16T20:13:00+00:00","dateModified":"2022-01-23T20:15:42+00:00","breadcrumb":{"@id":"https:\/\/qtmm.org\/qt\/refat-cubarov-cehiyali-siyasetciler-ile-semereli-ve-muntazam-temasimiz-demokratiya-meselelerinde-cehiya-avropa-birliginde-eminliknen-munasip-yer-alganindan-delalet-bere\/#breadcrumb"},"inLanguage":"qt","potentialAction":[{"@type":"ReadAction","target":["https:\/\/qtmm.org\/qt\/refat-cubarov-cehiyali-siyasetciler-ile-semereli-ve-muntazam-temasimiz-demokratiya-meselelerinde-cehiya-avropa-birliginde-eminliknen-munasip-yer-alganindan-delalet-bere\/"]}]},{"@type":"ImageObject","inLanguage":"qt","@id":"https:\/\/qtmm.org\/qt\/refat-cubarov-cehiyali-siyasetciler-ile-semereli-ve-muntazam-temasimiz-demokratiya-meselelerinde-cehiya-avropa-birliginde-eminliknen-munasip-yer-alganindan-delalet-bere\/#primaryimage","url":"https:\/\/qtmm.org\/wp-content\/uploads\/2022\/01\/5195bd0a7a27b.jpeg","contentUrl":"https:\/\/qtmm.org\/wp-content\/uploads\/2022\/01\/5195bd0a7a27b.jpeg","width":640,"height":480},{"@type":"BreadcrumbList","@id":"https:\/\/qtmm.org\/qt\/refat-cubarov-cehiyali-siyasetciler-ile-semereli-ve-muntazam-temasimiz-demokratiya-meselelerinde-cehiya-avropa-birliginde-eminliknen-munasip-yer-alganindan-delalet-bere\/#breadcrumb","itemListElement":[{"@type":"ListItem","position":1,"name":"\u0413\u043e\u043b\u043e\u0432\u043d\u0430","item":"https:\/\/qtmm.org\/qt\/"},{"@type":"ListItem","position":2,"name":"Refat \u00c7ubarov: \u00c7ehiyal\u0131 siyaset\u00e7iler ile semereli ve muntazam temas\u0131m\u0131z demokratiya meselelerinde \u00c7ehiya Avropa Birliginde eminliknen munasip yer al\u011fan\u0131ndan del\u00e2let bere"}]},{"@type":"WebSite","@id":"https:\/\/qtmm.org\/qt\/#website","url":"https:\/\/qtmm.org\/qt\/","name":"\u041c\u0435\u0434\u0436\u043b\u0456\u0441","description":"","publisher":{"@id":"https:\/\/qtmm.org\/qt\/#organization"},"potentialAction":[{"@type":"SearchAction","target":{"@type":"EntryPoint","urlTemplate":"https:\/\/qtmm.org\/qt\/?s={search_term_string}"},"query-input":{"@type":"PropertyValueSpecification","valueRequired":true,"valueName":"search_term_string"}}],"inLanguage":"qt"},{"@type":"Organization","@id":"https:\/\/qtmm.org\/qt\/#organization","name":"\u041c\u0435\u0434\u0436\u043b\u0456\u0441","url":"https:\/\/qtmm.org\/qt\/","logo":{"@type":"ImageObject","inLanguage":"qt","@id":"https:\/\/qtmm.org\/qt\/#\/schema\/logo\/image\/","url":"https:\/\/qtmm.org\/wp-content\/uploads\/2024\/12\/ua-mejlis-logo-rgb.svg","contentUrl":"https:\/\/qtmm.org\/wp-content\/uploads\/2024\/12\/ua-mejlis-logo-rgb.svg","caption":"\u041c\u0435\u0434\u0436\u043b\u0456\u0441"},"image":{"@id":"https:\/\/qtmm.org\/qt\/#\/schema\/logo\/image\/"},"sameAs":["https:\/\/www.facebook.com\/qtmm.info\/"]},{"@type":"Person","@id":"https:\/\/qtmm.org\/qt\/#\/schema\/person\/de562469f971dec226ac06e60bbf74a7","name":"Developer","image":{"@type":"ImageObject","inLanguage":"qt","@id":"https:\/\/secure.gravatar.com\/avatar\/392b4cc8fbfeb00b39dfeeab4ee6edded39ffd48e25858637e4765810300227e?s=96&d=mm&r=g","url":"https:\/\/secure.gravatar.com\/avatar\/392b4cc8fbfeb00b39dfeeab4ee6edded39ffd48e25858637e4765810300227e?s=96&d=mm&r=g","contentUrl":"https:\/\/secure.gravatar.com\/avatar\/392b4cc8fbfeb00b39dfeeab4ee6edded39ffd48e25858637e4765810300227e?s=96&d=mm&r=g","caption":"Developer"},"url":"https:\/\/qtmm.org\/qt\/author\/Developer\/"}]}},"_links":{"self":[{"href":"https:\/\/qtmm.org\/qt\/wp-json\/wp\/v2\/posts\/37242","targetHints":{"allow":["GET"]}}],"collection":[{"href":"https:\/\/qtmm.org\/qt\/wp-json\/wp\/v2\/posts"}],"about":[{"href":"https:\/\/qtmm.org\/qt\/wp-json\/wp\/v2\/types\/post"}],"author":[{"embeddable":true,"href":"https:\/\/qtmm.org\/qt\/wp-json\/wp\/v2\/users\/1"}],"replies":[{"embeddable":true,"href":"https:\/\/qtmm.org\/qt\/wp-json\/wp\/v2\/comments?post=37242"}],"version-history":[{"count":1,"href":"https:\/\/qtmm.org\/qt\/wp-json\/wp\/v2\/posts\/37242\/revisions"}],"predecessor-version":[{"id":37323,"href":"https:\/\/qtmm.org\/qt\/wp-json\/wp\/v2\/posts\/37242\/revisions\/37323"}],"wp:featuredmedia":[{"embeddable":true,"href":"https:\/\/qtmm.org\/qt\/wp-json\/wp\/v2\/media\/37247"}],"wp:attachment":[{"href":"https:\/\/qtmm.org\/qt\/wp-json\/wp\/v2\/media?parent=37242"}],"wp:term":[{"taxonomy":"category","embeddable":true,"href":"https:\/\/qtmm.org\/qt\/wp-json\/wp\/v2\/categories?post=37242"},{"taxonomy":"post_tag","embeddable":true,"href":"https:\/\/qtmm.org\/qt\/wp-json\/wp\/v2\/tags?post=37242"}],"curies":[{"name":"wp","href":"https:\/\/api.w.org\/{rel}","templated":true}]}}