




{"id":37236,"date":"2013-05-16T23:12:00","date_gmt":"2013-05-16T20:12:00","guid":{"rendered":"http:\/\/qtmm.org\/?p=37236"},"modified":"2022-01-23T23:13:02","modified_gmt":"2022-01-23T20:13:02","slug":"meclis-reisi-halqara-forumga-azirliq-cercivesinde-halqara-ekspertler-ile-korusti","status":"publish","type":"post","link":"https:\/\/qtmm.org\/qt\/meclis-reisi-halqara-forumga-azirliq-cercivesinde-halqara-ekspertler-ile-korusti\/","title":{"rendered":"Meclis reisi Halqara forum\u011fa az\u0131rl\u0131q \u00e7er\u00e7ivesinde halqara ekspertler ile k\u00f6r\u00fc\u015fti"},"content":{"rendered":"\n<p>May\u0131s 15 k\u00fcn\u00fc Kiyevde Q\u0131r\u0131mtatar halq\u0131 Meclisini\u00f1 reisi Mustafa Cemilev OBSE milliy azl\u0131qlar boyunca Aliy komissar ofisini\u00f1 hadimleri \u2013 adliye meseleleri boyunca \u00fcyken mesleat\u00e7\u0131 Vinsent de Graf ve \u00fcyken mesleat\u00e7\u0131 Bob Din ile k\u00f6r\u00fc\u015fti.<\/p>\n\n\n\n<p>K\u00f6r\u00fc\u015f\u00fcv devam\u0131nda Halqara forumn\u0131 ke\u00e7ir\u00fcvge az\u0131rl\u0131q meseleleri ve bun\u0131\u00f1 kibi de Ukraina ve Q\u0131r\u0131mdaki vaziyet muzakere etildi.<\/p>\n\n\n\n<p>K\u00f6r\u00fc\u015f\u00fcvde halqara ekspert Endr\u00fc Vilson, Kiyevdeki q\u0131r\u0131mtatarlar cemiyetini\u00f1 reisi Aslan \u00d6mer Q\u0131r\u0131ml\u0131 ve &#8220;Q\u0131r\u0131m inki\u015faf vaquf\u0131&#8221;n\u0131\u00f1 ba\u015f direktor\u0131 Aleksey Skorik i\u015ftirak ettiler.<\/p>\n","protected":false},"excerpt":{"rendered":"<p>May\u0131s 15 k\u00fcn\u00fc Kiyevde Q\u0131r\u0131mtatar halq\u0131 Meclisini\u00f1 reisi Mustafa Cemilev OBSE milliy azl\u0131qlar boyunca Aliy komissar ofisini\u00f1 hadimleri \u2013 adliye meseleleri boyunca \u00fcyken mesleat\u00e7\u0131 Vinsent de Graf ve \u00fcyken mesleat\u00e7\u0131 Bob Din ile k\u00f6r\u00fc\u015fti. K\u00f6r\u00fc\u015f\u00fcv devam\u0131nda Halqara forumn\u0131 ke\u00e7ir\u00fcvge az\u0131rl\u0131q meseleleri ve bun\u0131\u00f1 kibi de Ukraina ve Q\u0131r\u0131mdaki vaziyet muzakere etildi. K\u00f6r\u00fc\u015f\u00fcvde halqara ekspert Endr\u00fc [&hellip;]<\/p>\n","protected":false},"author":1,"featured_media":37237,"comment_status":"open","ping_status":"open","sticky":false,"template":"","format":"standard","meta":{"inline_featured_image":false,"footnotes":""},"categories":[265],"tags":[],"class_list":["post-37236","post","type-post","status-publish","format-standard","has-post-thumbnail","hentry","category-haberler"],"acf":[],"yoast_head":"<!-- This site is optimized with the Yoast SEO plugin v27.4 - https:\/\/yoast.com\/product\/yoast-seo-wordpress\/ -->\n<title>Meclis reisi Halqara forum\u011fa az\u0131rl\u0131q \u00e7er\u00e7ivesinde halqara ekspertler ile k\u00f6r\u00fc\u015fti - \u041c\u0435\u0434\u0436\u043b\u0456\u0441<\/title>\n<meta name=\"robots\" content=\"index, follow, max-snippet:-1, max-image-preview:large, max-video-preview:-1\" \/>\n<link rel=\"canonical\" href=\"https:\/\/qtmm.org\/qt\/meclis-reisi-halqara-forumga-azirliq-cercivesinde-halqara-ekspertler-ile-korusti\/\" \/>\n<meta property=\"og:locale\" content=\"en_US\" \/>\n<meta property=\"og:type\" content=\"article\" \/>\n<meta property=\"og:title\" content=\"Meclis reisi Halqara forum\u011fa az\u0131rl\u0131q \u00e7er\u00e7ivesinde halqara ekspertler ile k\u00f6r\u00fc\u015fti - \u041c\u0435\u0434\u0436\u043b\u0456\u0441\" \/>\n<meta property=\"og:description\" content=\"May\u0131s 15 k\u00fcn\u00fc Kiyevde Q\u0131r\u0131mtatar halq\u0131 Meclisini\u00f1 reisi Mustafa Cemilev OBSE milliy azl\u0131qlar boyunca Aliy komissar ofisini\u00f1 hadimleri \u2013 adliye meseleleri boyunca \u00fcyken mesleat\u00e7\u0131 Vinsent de Graf ve \u00fcyken mesleat\u00e7\u0131 Bob Din ile k\u00f6r\u00fc\u015fti. K\u00f6r\u00fc\u015f\u00fcv devam\u0131nda Halqara forumn\u0131 ke\u00e7ir\u00fcvge az\u0131rl\u0131q meseleleri ve bun\u0131\u00f1 kibi de Ukraina ve Q\u0131r\u0131mdaki vaziyet muzakere etildi. K\u00f6r\u00fc\u015f\u00fcvde halqara ekspert Endr\u00fc [&hellip;]\" \/>\n<meta property=\"og:url\" content=\"https:\/\/qtmm.org\/qt\/meclis-reisi-halqara-forumga-azirliq-cercivesinde-halqara-ekspertler-ile-korusti\/\" \/>\n<meta property=\"og:site_name\" content=\"\u041c\u0435\u0434\u0436\u043b\u0456\u0441\" \/>\n<meta property=\"article:publisher\" content=\"https:\/\/www.facebook.com\/qtmm.info\/\" \/>\n<meta property=\"article:published_time\" content=\"2013-05-16T20:12:00+00:00\" \/>\n<meta property=\"article:modified_time\" content=\"2022-01-23T20:13:02+00:00\" \/>\n<meta property=\"og:image\" content=\"https:\/\/qtmm.org\/wp-content\/uploads\/2022\/01\/foto_1-1.jpeg\" \/>\n\t<meta property=\"og:image:width\" content=\"700\" \/>\n\t<meta property=\"og:image:height\" content=\"525\" \/>\n\t<meta property=\"og:image:type\" content=\"image\/jpeg\" \/>\n<meta name=\"author\" content=\"Developer\" \/>\n<meta name=\"twitter:card\" content=\"summary_large_image\" \/>\n<meta name=\"twitter:label1\" content=\"Written by\" \/>\n\t<meta name=\"twitter:data1\" content=\"Developer\" \/>\n<script type=\"application\/ld+json\" class=\"yoast-schema-graph\">{\"@context\":\"https:\\\/\\\/schema.org\",\"@graph\":[{\"@type\":\"Article\",\"@id\":\"https:\\\/\\\/qtmm.org\\\/qt\\\/meclis-reisi-halqara-forumga-azirliq-cercivesinde-halqara-ekspertler-ile-korusti\\\/#article\",\"isPartOf\":{\"@id\":\"https:\\\/\\\/qtmm.org\\\/qt\\\/meclis-reisi-halqara-forumga-azirliq-cercivesinde-halqara-ekspertler-ile-korusti\\\/\"},\"author\":{\"name\":\"Developer\",\"@id\":\"https:\\\/\\\/qtmm.org\\\/qt\\\/#\\\/schema\\\/person\\\/de562469f971dec226ac06e60bbf74a7\"},\"headline\":\"Meclis reisi Halqara forum\u011fa az\u0131rl\u0131q \u00e7er\u00e7ivesinde halqara ekspertler ile k\u00f6r\u00fc\u015fti\",\"datePublished\":\"2013-05-16T20:12:00+00:00\",\"dateModified\":\"2022-01-23T20:13:02+00:00\",\"mainEntityOfPage\":{\"@id\":\"https:\\\/\\\/qtmm.org\\\/qt\\\/meclis-reisi-halqara-forumga-azirliq-cercivesinde-halqara-ekspertler-ile-korusti\\\/\"},\"wordCount\":114,\"commentCount\":0,\"publisher\":{\"@id\":\"https:\\\/\\\/qtmm.org\\\/qt\\\/#organization\"},\"image\":{\"@id\":\"https:\\\/\\\/qtmm.org\\\/qt\\\/meclis-reisi-halqara-forumga-azirliq-cercivesinde-halqara-ekspertler-ile-korusti\\\/#primaryimage\"},\"thumbnailUrl\":\"https:\\\/\\\/qtmm.org\\\/wp-content\\\/uploads\\\/2022\\\/01\\\/foto_1-1.jpeg\",\"articleSection\":[\"Haberler\"],\"inLanguage\":\"qt\",\"potentialAction\":[{\"@type\":\"CommentAction\",\"name\":\"Comment\",\"target\":[\"https:\\\/\\\/qtmm.org\\\/qt\\\/meclis-reisi-halqara-forumga-azirliq-cercivesinde-halqara-ekspertler-ile-korusti\\\/#respond\"]}]},{\"@type\":\"WebPage\",\"@id\":\"https:\\\/\\\/qtmm.org\\\/qt\\\/meclis-reisi-halqara-forumga-azirliq-cercivesinde-halqara-ekspertler-ile-korusti\\\/\",\"url\":\"https:\\\/\\\/qtmm.org\\\/qt\\\/meclis-reisi-halqara-forumga-azirliq-cercivesinde-halqara-ekspertler-ile-korusti\\\/\",\"name\":\"Meclis reisi Halqara forum\u011fa az\u0131rl\u0131q \u00e7er\u00e7ivesinde halqara ekspertler ile k\u00f6r\u00fc\u015fti - \u041c\u0435\u0434\u0436\u043b\u0456\u0441\",\"isPartOf\":{\"@id\":\"https:\\\/\\\/qtmm.org\\\/qt\\\/#website\"},\"primaryImageOfPage\":{\"@id\":\"https:\\\/\\\/qtmm.org\\\/qt\\\/meclis-reisi-halqara-forumga-azirliq-cercivesinde-halqara-ekspertler-ile-korusti\\\/#primaryimage\"},\"image\":{\"@id\":\"https:\\\/\\\/qtmm.org\\\/qt\\\/meclis-reisi-halqara-forumga-azirliq-cercivesinde-halqara-ekspertler-ile-korusti\\\/#primaryimage\"},\"thumbnailUrl\":\"https:\\\/\\\/qtmm.org\\\/wp-content\\\/uploads\\\/2022\\\/01\\\/foto_1-1.jpeg\",\"datePublished\":\"2013-05-16T20:12:00+00:00\",\"dateModified\":\"2022-01-23T20:13:02+00:00\",\"breadcrumb\":{\"@id\":\"https:\\\/\\\/qtmm.org\\\/qt\\\/meclis-reisi-halqara-forumga-azirliq-cercivesinde-halqara-ekspertler-ile-korusti\\\/#breadcrumb\"},\"inLanguage\":\"qt\",\"potentialAction\":[{\"@type\":\"ReadAction\",\"target\":[\"https:\\\/\\\/qtmm.org\\\/qt\\\/meclis-reisi-halqara-forumga-azirliq-cercivesinde-halqara-ekspertler-ile-korusti\\\/\"]}]},{\"@type\":\"ImageObject\",\"inLanguage\":\"qt\",\"@id\":\"https:\\\/\\\/qtmm.org\\\/qt\\\/meclis-reisi-halqara-forumga-azirliq-cercivesinde-halqara-ekspertler-ile-korusti\\\/#primaryimage\",\"url\":\"https:\\\/\\\/qtmm.org\\\/wp-content\\\/uploads\\\/2022\\\/01\\\/foto_1-1.jpeg\",\"contentUrl\":\"https:\\\/\\\/qtmm.org\\\/wp-content\\\/uploads\\\/2022\\\/01\\\/foto_1-1.jpeg\",\"width\":700,\"height\":525},{\"@type\":\"BreadcrumbList\",\"@id\":\"https:\\\/\\\/qtmm.org\\\/qt\\\/meclis-reisi-halqara-forumga-azirliq-cercivesinde-halqara-ekspertler-ile-korusti\\\/#breadcrumb\",\"itemListElement\":[{\"@type\":\"ListItem\",\"position\":1,\"name\":\"\u0413\u043e\u043b\u043e\u0432\u043d\u0430\",\"item\":\"https:\\\/\\\/qtmm.org\\\/qt\\\/\"},{\"@type\":\"ListItem\",\"position\":2,\"name\":\"Meclis reisi Halqara forum\u011fa az\u0131rl\u0131q \u00e7er\u00e7ivesinde halqara ekspertler ile k\u00f6r\u00fc\u015fti\"}]},{\"@type\":\"WebSite\",\"@id\":\"https:\\\/\\\/qtmm.org\\\/qt\\\/#website\",\"url\":\"https:\\\/\\\/qtmm.org\\\/qt\\\/\",\"name\":\"\u041c\u0435\u0434\u0436\u043b\u0456\u0441\",\"description\":\"\",\"publisher\":{\"@id\":\"https:\\\/\\\/qtmm.org\\\/qt\\\/#organization\"},\"potentialAction\":[{\"@type\":\"SearchAction\",\"target\":{\"@type\":\"EntryPoint\",\"urlTemplate\":\"https:\\\/\\\/qtmm.org\\\/qt\\\/?s={search_term_string}\"},\"query-input\":{\"@type\":\"PropertyValueSpecification\",\"valueRequired\":true,\"valueName\":\"search_term_string\"}}],\"inLanguage\":\"qt\"},{\"@type\":\"Organization\",\"@id\":\"https:\\\/\\\/qtmm.org\\\/qt\\\/#organization\",\"name\":\"\u041c\u0435\u0434\u0436\u043b\u0456\u0441\",\"url\":\"https:\\\/\\\/qtmm.org\\\/qt\\\/\",\"logo\":{\"@type\":\"ImageObject\",\"inLanguage\":\"qt\",\"@id\":\"https:\\\/\\\/qtmm.org\\\/qt\\\/#\\\/schema\\\/logo\\\/image\\\/\",\"url\":\"https:\\\/\\\/qtmm.org\\\/wp-content\\\/uploads\\\/2024\\\/12\\\/ua-mejlis-logo-rgb.svg\",\"contentUrl\":\"https:\\\/\\\/qtmm.org\\\/wp-content\\\/uploads\\\/2024\\\/12\\\/ua-mejlis-logo-rgb.svg\",\"caption\":\"\u041c\u0435\u0434\u0436\u043b\u0456\u0441\"},\"image\":{\"@id\":\"https:\\\/\\\/qtmm.org\\\/qt\\\/#\\\/schema\\\/logo\\\/image\\\/\"},\"sameAs\":[\"https:\\\/\\\/www.facebook.com\\\/qtmm.info\\\/\"]},{\"@type\":\"Person\",\"@id\":\"https:\\\/\\\/qtmm.org\\\/qt\\\/#\\\/schema\\\/person\\\/de562469f971dec226ac06e60bbf74a7\",\"name\":\"Developer\",\"image\":{\"@type\":\"ImageObject\",\"inLanguage\":\"qt\",\"@id\":\"https:\\\/\\\/secure.gravatar.com\\\/avatar\\\/392b4cc8fbfeb00b39dfeeab4ee6edded39ffd48e25858637e4765810300227e?s=96&d=mm&r=g\",\"url\":\"https:\\\/\\\/secure.gravatar.com\\\/avatar\\\/392b4cc8fbfeb00b39dfeeab4ee6edded39ffd48e25858637e4765810300227e?s=96&d=mm&r=g\",\"contentUrl\":\"https:\\\/\\\/secure.gravatar.com\\\/avatar\\\/392b4cc8fbfeb00b39dfeeab4ee6edded39ffd48e25858637e4765810300227e?s=96&d=mm&r=g\",\"caption\":\"Developer\"},\"url\":\"https:\\\/\\\/qtmm.org\\\/qt\\\/author\\\/Developer\\\/\"}]}<\/script>\n<!-- \/ Yoast SEO plugin. -->","yoast_head_json":{"title":"Meclis reisi Halqara forum\u011fa az\u0131rl\u0131q \u00e7er\u00e7ivesinde halqara ekspertler ile k\u00f6r\u00fc\u015fti - \u041c\u0435\u0434\u0436\u043b\u0456\u0441","robots":{"index":"index","follow":"follow","max-snippet":"max-snippet:-1","max-image-preview":"max-image-preview:large","max-video-preview":"max-video-preview:-1"},"canonical":"https:\/\/qtmm.org\/qt\/meclis-reisi-halqara-forumga-azirliq-cercivesinde-halqara-ekspertler-ile-korusti\/","og_locale":"en_US","og_type":"article","og_title":"Meclis reisi Halqara forum\u011fa az\u0131rl\u0131q \u00e7er\u00e7ivesinde halqara ekspertler ile k\u00f6r\u00fc\u015fti - \u041c\u0435\u0434\u0436\u043b\u0456\u0441","og_description":"May\u0131s 15 k\u00fcn\u00fc Kiyevde Q\u0131r\u0131mtatar halq\u0131 Meclisini\u00f1 reisi Mustafa Cemilev OBSE milliy azl\u0131qlar boyunca Aliy komissar ofisini\u00f1 hadimleri \u2013 adliye meseleleri boyunca \u00fcyken mesleat\u00e7\u0131 Vinsent de Graf ve \u00fcyken mesleat\u00e7\u0131 Bob Din ile k\u00f6r\u00fc\u015fti. K\u00f6r\u00fc\u015f\u00fcv devam\u0131nda Halqara forumn\u0131 ke\u00e7ir\u00fcvge az\u0131rl\u0131q meseleleri ve bun\u0131\u00f1 kibi de Ukraina ve Q\u0131r\u0131mdaki vaziyet muzakere etildi. K\u00f6r\u00fc\u015f\u00fcvde halqara ekspert Endr\u00fc [&hellip;]","og_url":"https:\/\/qtmm.org\/qt\/meclis-reisi-halqara-forumga-azirliq-cercivesinde-halqara-ekspertler-ile-korusti\/","og_site_name":"\u041c\u0435\u0434\u0436\u043b\u0456\u0441","article_publisher":"https:\/\/www.facebook.com\/qtmm.info\/","article_published_time":"2013-05-16T20:12:00+00:00","article_modified_time":"2022-01-23T20:13:02+00:00","og_image":[{"width":700,"height":525,"url":"https:\/\/qtmm.org\/wp-content\/uploads\/2022\/01\/foto_1-1.jpeg","type":"image\/jpeg"}],"author":"Developer","twitter_card":"summary_large_image","twitter_misc":{"Written by":"Developer"},"schema":{"@context":"https:\/\/schema.org","@graph":[{"@type":"Article","@id":"https:\/\/qtmm.org\/qt\/meclis-reisi-halqara-forumga-azirliq-cercivesinde-halqara-ekspertler-ile-korusti\/#article","isPartOf":{"@id":"https:\/\/qtmm.org\/qt\/meclis-reisi-halqara-forumga-azirliq-cercivesinde-halqara-ekspertler-ile-korusti\/"},"author":{"name":"Developer","@id":"https:\/\/qtmm.org\/qt\/#\/schema\/person\/de562469f971dec226ac06e60bbf74a7"},"headline":"Meclis reisi Halqara forum\u011fa az\u0131rl\u0131q \u00e7er\u00e7ivesinde halqara ekspertler ile k\u00f6r\u00fc\u015fti","datePublished":"2013-05-16T20:12:00+00:00","dateModified":"2022-01-23T20:13:02+00:00","mainEntityOfPage":{"@id":"https:\/\/qtmm.org\/qt\/meclis-reisi-halqara-forumga-azirliq-cercivesinde-halqara-ekspertler-ile-korusti\/"},"wordCount":114,"commentCount":0,"publisher":{"@id":"https:\/\/qtmm.org\/qt\/#organization"},"image":{"@id":"https:\/\/qtmm.org\/qt\/meclis-reisi-halqara-forumga-azirliq-cercivesinde-halqara-ekspertler-ile-korusti\/#primaryimage"},"thumbnailUrl":"https:\/\/qtmm.org\/wp-content\/uploads\/2022\/01\/foto_1-1.jpeg","articleSection":["Haberler"],"inLanguage":"qt","potentialAction":[{"@type":"CommentAction","name":"Comment","target":["https:\/\/qtmm.org\/qt\/meclis-reisi-halqara-forumga-azirliq-cercivesinde-halqara-ekspertler-ile-korusti\/#respond"]}]},{"@type":"WebPage","@id":"https:\/\/qtmm.org\/qt\/meclis-reisi-halqara-forumga-azirliq-cercivesinde-halqara-ekspertler-ile-korusti\/","url":"https:\/\/qtmm.org\/qt\/meclis-reisi-halqara-forumga-azirliq-cercivesinde-halqara-ekspertler-ile-korusti\/","name":"Meclis reisi Halqara forum\u011fa az\u0131rl\u0131q \u00e7er\u00e7ivesinde halqara ekspertler ile k\u00f6r\u00fc\u015fti - \u041c\u0435\u0434\u0436\u043b\u0456\u0441","isPartOf":{"@id":"https:\/\/qtmm.org\/qt\/#website"},"primaryImageOfPage":{"@id":"https:\/\/qtmm.org\/qt\/meclis-reisi-halqara-forumga-azirliq-cercivesinde-halqara-ekspertler-ile-korusti\/#primaryimage"},"image":{"@id":"https:\/\/qtmm.org\/qt\/meclis-reisi-halqara-forumga-azirliq-cercivesinde-halqara-ekspertler-ile-korusti\/#primaryimage"},"thumbnailUrl":"https:\/\/qtmm.org\/wp-content\/uploads\/2022\/01\/foto_1-1.jpeg","datePublished":"2013-05-16T20:12:00+00:00","dateModified":"2022-01-23T20:13:02+00:00","breadcrumb":{"@id":"https:\/\/qtmm.org\/qt\/meclis-reisi-halqara-forumga-azirliq-cercivesinde-halqara-ekspertler-ile-korusti\/#breadcrumb"},"inLanguage":"qt","potentialAction":[{"@type":"ReadAction","target":["https:\/\/qtmm.org\/qt\/meclis-reisi-halqara-forumga-azirliq-cercivesinde-halqara-ekspertler-ile-korusti\/"]}]},{"@type":"ImageObject","inLanguage":"qt","@id":"https:\/\/qtmm.org\/qt\/meclis-reisi-halqara-forumga-azirliq-cercivesinde-halqara-ekspertler-ile-korusti\/#primaryimage","url":"https:\/\/qtmm.org\/wp-content\/uploads\/2022\/01\/foto_1-1.jpeg","contentUrl":"https:\/\/qtmm.org\/wp-content\/uploads\/2022\/01\/foto_1-1.jpeg","width":700,"height":525},{"@type":"BreadcrumbList","@id":"https:\/\/qtmm.org\/qt\/meclis-reisi-halqara-forumga-azirliq-cercivesinde-halqara-ekspertler-ile-korusti\/#breadcrumb","itemListElement":[{"@type":"ListItem","position":1,"name":"\u0413\u043e\u043b\u043e\u0432\u043d\u0430","item":"https:\/\/qtmm.org\/qt\/"},{"@type":"ListItem","position":2,"name":"Meclis reisi Halqara forum\u011fa az\u0131rl\u0131q \u00e7er\u00e7ivesinde halqara ekspertler ile k\u00f6r\u00fc\u015fti"}]},{"@type":"WebSite","@id":"https:\/\/qtmm.org\/qt\/#website","url":"https:\/\/qtmm.org\/qt\/","name":"\u041c\u0435\u0434\u0436\u043b\u0456\u0441","description":"","publisher":{"@id":"https:\/\/qtmm.org\/qt\/#organization"},"potentialAction":[{"@type":"SearchAction","target":{"@type":"EntryPoint","urlTemplate":"https:\/\/qtmm.org\/qt\/?s={search_term_string}"},"query-input":{"@type":"PropertyValueSpecification","valueRequired":true,"valueName":"search_term_string"}}],"inLanguage":"qt"},{"@type":"Organization","@id":"https:\/\/qtmm.org\/qt\/#organization","name":"\u041c\u0435\u0434\u0436\u043b\u0456\u0441","url":"https:\/\/qtmm.org\/qt\/","logo":{"@type":"ImageObject","inLanguage":"qt","@id":"https:\/\/qtmm.org\/qt\/#\/schema\/logo\/image\/","url":"https:\/\/qtmm.org\/wp-content\/uploads\/2024\/12\/ua-mejlis-logo-rgb.svg","contentUrl":"https:\/\/qtmm.org\/wp-content\/uploads\/2024\/12\/ua-mejlis-logo-rgb.svg","caption":"\u041c\u0435\u0434\u0436\u043b\u0456\u0441"},"image":{"@id":"https:\/\/qtmm.org\/qt\/#\/schema\/logo\/image\/"},"sameAs":["https:\/\/www.facebook.com\/qtmm.info\/"]},{"@type":"Person","@id":"https:\/\/qtmm.org\/qt\/#\/schema\/person\/de562469f971dec226ac06e60bbf74a7","name":"Developer","image":{"@type":"ImageObject","inLanguage":"qt","@id":"https:\/\/secure.gravatar.com\/avatar\/392b4cc8fbfeb00b39dfeeab4ee6edded39ffd48e25858637e4765810300227e?s=96&d=mm&r=g","url":"https:\/\/secure.gravatar.com\/avatar\/392b4cc8fbfeb00b39dfeeab4ee6edded39ffd48e25858637e4765810300227e?s=96&d=mm&r=g","contentUrl":"https:\/\/secure.gravatar.com\/avatar\/392b4cc8fbfeb00b39dfeeab4ee6edded39ffd48e25858637e4765810300227e?s=96&d=mm&r=g","caption":"Developer"},"url":"https:\/\/qtmm.org\/qt\/author\/Developer\/"}]}},"_links":{"self":[{"href":"https:\/\/qtmm.org\/qt\/wp-json\/wp\/v2\/posts\/37236","targetHints":{"allow":["GET"]}}],"collection":[{"href":"https:\/\/qtmm.org\/qt\/wp-json\/wp\/v2\/posts"}],"about":[{"href":"https:\/\/qtmm.org\/qt\/wp-json\/wp\/v2\/types\/post"}],"author":[{"embeddable":true,"href":"https:\/\/qtmm.org\/qt\/wp-json\/wp\/v2\/users\/1"}],"replies":[{"embeddable":true,"href":"https:\/\/qtmm.org\/qt\/wp-json\/wp\/v2\/comments?post=37236"}],"version-history":[{"count":1,"href":"https:\/\/qtmm.org\/qt\/wp-json\/wp\/v2\/posts\/37236\/revisions"}],"predecessor-version":[{"id":37241,"href":"https:\/\/qtmm.org\/qt\/wp-json\/wp\/v2\/posts\/37236\/revisions\/37241"}],"wp:featuredmedia":[{"embeddable":true,"href":"https:\/\/qtmm.org\/qt\/wp-json\/wp\/v2\/media\/37237"}],"wp:attachment":[{"href":"https:\/\/qtmm.org\/qt\/wp-json\/wp\/v2\/media?parent=37236"}],"wp:term":[{"taxonomy":"category","embeddable":true,"href":"https:\/\/qtmm.org\/qt\/wp-json\/wp\/v2\/categories?post=37236"},{"taxonomy":"post_tag","embeddable":true,"href":"https:\/\/qtmm.org\/qt\/wp-json\/wp\/v2\/tags?post=37236"}],"curies":[{"name":"wp","href":"https:\/\/api.w.org\/{rel}","templated":true}]}}