




{"id":37222,"date":"2013-05-15T23:10:00","date_gmt":"2013-05-15T20:10:00","guid":{"rendered":"http:\/\/qtmm.org\/?p=37222"},"modified":"2022-01-23T23:12:08","modified_gmt":"2022-01-23T20:12:08","slug":"lenur-islamov-haytarmatarihiy-filmi-bu-bizim-bediiy-yanasuvimizdir-nasildir-bir-allegoriya","status":"publish","type":"post","link":"https:\/\/qtmm.org\/qt\/lenur-islamov-haytarmatarihiy-filmi-bu-bizim-bediiy-yanasuvimizdir-nasildir-bir-allegoriya\/","title":{"rendered":"Lenur \u0130sl\u00e2mov: \u00abHaytarma\u00bbtarihiy filmi \u2013 bu bizim bediiy yana\u015fuv\u0131m\u0131zd\u0131r. Nas\u0131ld\u0131r bir allegoriya"},"content":{"rendered":"\n<p>Bu aqta may\u0131s 15 k\u00fcn\u00fc Aqmescitte birinci q\u0131r\u0131mtatar tarihiy filmi premyeras\u0131n\u0131\u00f1 arfesinde \u00f6tkerilgen matbuat konferetsiyas\u0131nda ba\u015f prod\u00fcser Lenur \u0130sl\u00e2mov aytt\u0131. &#8220;Biz inki\u015faf etmege isteymiz, amma tam\u0131rlar\u0131m\u0131zn\u0131 unutmadan, \u015fu tam\u0131rlardan \u011f\u0131da alaraq ilerilemek isteymiz. Bu film ilk-evel\u00e2 biz, q\u0131r\u0131mtatarlar, i\u00e7\u00fcndir. Bu \u2013 bizim k\u00fczg\u00fcmiz. Kendi\u00f1izni tan\u0131\u00f1\u0131z&#8221;, qayd etti L. \u0130sl\u00e2mov.<\/p>\n\n\n\n<p>&#8220;Film as\u0131l\u0131nlda unikal bir filmdir, &#8211; dedi matbuat konferentsiyada ATR telekanal\u0131ye\u0131\u00f1 kreativ direktor\u0131 Ayder Muradosilov. Be\u00f1zeri ne Ukrainada bar, ne de d\u00fcnyada. Vesiqal\u0131 faktlar esas\u0131nda \u00e7\u0131qar\u0131l\u011fan film q\u0131r\u0131mtatar halq\u0131n\u0131\u00f1 ba\u015f\u0131na kelgen 1944 senesi may\u0131s 18 facias\u0131 aqq\u0131ndad\u0131r&#8221;.<\/p>\n\n\n\n<p>Ne sebepten &#8220;Haytarma&#8221; s\u00f6z\u00fc qaytuv manas\u0131n\u0131 ta\u015f\u0131ma\u011fan\u0131na baqmadan filmge ayn\u0131 \u015fu ad berildi, degen sualge Lenur \u0130sl\u00e2mov b\u00f6yle cevap berdi: &#8220;Haytarma \u2013 bu, ker\u00e7ekten de, qaytuvd\u0131r. Oyunda dairede yap\u0131l\u011fan arekettir. \u00d6zbekistanda &#8220;Haytar dun\u00f6&#8221; degen ibare bar. Yani \u00f6m\u00fcrde ne ki yapsa\u00f1\u0131z, o sizge qayta. Ne i\u00e7\u00fcn bir ayn\u0131 \u015fu s\u00f6zni serleva olaraq se\u00e7tik? Er alda bu b\u00fct\u00fcn d\u00fcnyada me\u015fur q\u0131r\u0131mtatar halq oyun\u0131d\u0131r. Biz oyun ve qaytuv a\u00f1lamlar\u0131n\u0131 qo\u015ft\u0131q. Bu bizim bediiy yana\u015fuv\u0131m\u0131zd\u0131r. Nas\u0131ld\u0131r bir allegoriya&#8221;<\/p>\n\n\n\n<p>&#8220;Lenur efendi aytqan\u0131 kibi, bu s\u00f6z aylanmaq demektir, filmimizde operator ve rejiss\u00f6rl\u0131q i\u015fine aylanuv elementi kirsetildi. Bizde er \u015fey aylana ve kene \u00f6z as\u0131l\u0131na qayta&#8221;, &#8211; dep qo\u015ft\u0131 filmni\u00f1 postanovkac\u0131 ressam\u0131 \u015eevket Seydametov.<br>Lenur \u0130sl\u00e2mov qayd etkenine k\u00f6re er angi mes\u00fcl i\u015fte ol\u011fan\u0131 kibi bu yerde de q\u0131y\u0131nl\u0131qlar\u011fa rastkelindi. &#8220;Biz tarihiy m\u00fcitni canland\u0131rmaq kerek edik. \u015eimdi 2013 senesindemiz, filmde ise 1944 senesi may\u0131s\u0131n\u0131\u00f1 vaqialar\u0131 tasvirlene. Er ad\u0131mda bir problem \u00e7\u0131qa. Kamera nas\u0131l plan almas\u0131n, zemaneviy devirni\u00f1 al\u00e2metleri t\u00fc\u015fe&#8221;.<\/p>\n\n\n\n<p>Spikerler bildirgenine k\u00f6re, filmni\u00f1 y\u00f6netmeni ve ba\u015f rol\u00fcni icra etken Ahtem Seitablayev \u00e7ekimler vaqt\u0131nda attan t\u00fc\u015fip, k\u00f6pr\u00fccik kemigini q\u0131rd\u0131.<\/p>\n\n\n\n<p>Filmni\u00f1 ressam\u0131 \u015eevket Seydametov s\u00fcrg\u00fcnlik sanalar\u0131n\u0131\u00f1 \u00e7ekiminde i\u015ftirak etmek ricas\u0131na seslenip kelgen b\u00fct\u00fcn insanlar\u011fa te\u015fekk\u00fcrlerini bildirdi. &#8220;Q\u0131r\u0131mn\u0131\u00f1 \u00e7e\u015fit yerlerinden bi\u00f1den ziyade insan keldi. Bularn\u0131\u00f1 ekseriyeti 1944 senesi may\u0131s 18 facias\u0131n\u0131 \u00f6z ba\u015f\u0131ndan ke\u00e7irgen qartlar edi, &#8211; dedi \u015e. Seydametov.<\/p>\n\n\n\n<figure class=\"wp-block-image size-full\"><img loading=\"lazy\" decoding=\"async\" width=\"800\" height=\"600\" src=\"http:\/\/qtmm.org\/wp-content\/uploads\/2022\/01\/img_0638_1.jpeg\" alt=\"\" class=\"wp-image-37227\" srcset=\"https:\/\/qtmm.org\/wp-content\/uploads\/2022\/01\/img_0638_1.jpeg 800w, https:\/\/qtmm.org\/wp-content\/uploads\/2022\/01\/img_0638_1-300x225.jpeg 300w, https:\/\/qtmm.org\/wp-content\/uploads\/2022\/01\/img_0638_1-768x576.jpeg 768w\" sizes=\"auto, (max-width: 800px) 100vw, 800px\" \/><\/figure>\n\n\n\n<p>Film angi devletlerde numay\u0131\u015f etilecek, degen sualge cevaplan\u011fan ba\u015f prod\u00fcser &#8220;Filmni \u00e7e\u015fit devletlerdeki olduq\u00e7a \u00e7oq\u00e7a insan seyir etkenini isterdik. Vazifemiz q\u0131r\u0131mtatar \u00fcretimini yapmaq edi. Art\u0131q q\u0131r\u0131mtatar kanal\u0131 bar, demek kendi \u00fcretimi de olmal\u0131. \u0130\u015fni tsifirden ba\u015flarkensi\u00f1 kendi\u00f1ki \u2013 kendi\u00f1ki ol\u011fan\u0131n\u0131 a\u00f1lays\u0131\u00f1. \u015eun\u0131\u00f1 i\u00e7\u00fcn de biz temelimiz, qartlar\u0131m\u0131z \u00f6g\u00fcnde borcum\u0131zn\u0131 \u00f6demekten ba\u015flad\u0131q. Bu \u2013 bir dua, fatiha kibidir. Ba\u015fland\u0131m\u0131, demek devam\u0131 da, ba\u015fqa filmler de olur. Seyircilerimiz kelecegiyene \u00fcm\u00fct etemiz&#8221;.<\/p>\n\n\n\n<p>Lenur \u0130sl\u00e2mov film Q\u0131r\u0131mn\u0131\u00f1 bir s\u0131ra \u015feerlerinde, Kiyevde numay\u0131\u015f etilecegini ve bu mesele boyunca \u011earbiy Ukrainadaki \u015feerlernen de a\u00f1la\u015fma elde etilgenini s\u00f6yledi. Bun\u0131\u00f1 kibi de film Qazan kinofestivalinde taqdim etilecek..<\/p>\n\n\n\n<figure class=\"wp-block-image size-full\"><img loading=\"lazy\" decoding=\"async\" width=\"800\" height=\"600\" src=\"http:\/\/qtmm.org\/wp-content\/uploads\/2022\/01\/img_0628_1.jpeg\" alt=\"\" class=\"wp-image-37231\" srcset=\"https:\/\/qtmm.org\/wp-content\/uploads\/2022\/01\/img_0628_1.jpeg 800w, https:\/\/qtmm.org\/wp-content\/uploads\/2022\/01\/img_0628_1-300x225.jpeg 300w, https:\/\/qtmm.org\/wp-content\/uploads\/2022\/01\/img_0628_1-768x576.jpeg 768w\" sizes=\"auto, (max-width: 800px) 100vw, 800px\" \/><\/figure>\n\n\n\n<p>Filmni\u00f1 yap\u0131c\u0131lar\u0131 bildirgenine k\u00f6re, may\u0131s 17 k\u00fcn\u00fc Aqmescitteki \u015eev\u00e7enko ad\u0131na kinoteatrde ke\u00e7irilecek resmiy premyera\u011fa Rusiyeden Amethan Sultann\u0131 bilgen bir \u00e7oq u\u00e7uc\u0131lar, \u00fc\u00e7 defa Sovetler Birligi qaramanlar\u0131, kosmonavtlar, Amethan Sultann\u0131\u00f1 torun\u0131, bir s\u0131ra devletlerni\u00f1 el\u00e7ileri kelecek. Bun\u0131\u00f1 kibi de diaspora vekilleri, merkeziy telekanallar\u0131n\u0131\u00f1 jurnalistleri, Q\u0131r\u0131m \u00fck\u00fcmetini\u00f1 yolba\u015f\u00e7\u0131lar\u0131 kelmesi beklenile. \u015eun\u0131 hat\u0131rlatmal\u0131 ki. May\u0131s 17-18 k\u00fcnleri Q\u0131r\u0131mda q\u0131r\u0131mtatar halq\u0131 soyq\u0131r\u0131m\u0131 qurbanlar\u0131n\u0131\u00f1 ruhuna ba\u011f\u0131\u015flan\u011fan ve s\u00fcrg\u00fcnlikni\u00f1 69 y\u0131ll\u0131\u011f\u0131na matem tedbirleri ke\u00e7irilecek. May\u0131s 17 k\u00fcn\u00fc ukrain teatrindeki matem aq\u015fam\u0131ndan so\u00f1ra &#8220;Haytarma&#8221; filmi numay\u0131\u015f etilecek.<\/p>\n\n\n\n<p>Mal\u00fcmat i\u00e7\u00fcn: &#8220;Haytarma&#8221; &#8211; mustaqil Ukraina tarih\u0131nda Sovetler birligini\u00f1 eki defa qaraman\u0131, efsaneviy q\u0131r\u0131mtatar u\u00e7uc\u0131s\u0131 Amethan Sultan aqq\u0131nda ik\u00e2ye etken birinci q\u0131r\u0131mtatar tarihiy filmdir.<\/p>\n\n\n\n<p>Filmni\u00f1 y\u00f6netmeni Ahtem Seytablayev, \u00e7ekimlerni ATR q\u0131r\u0131mtatar telekanal\u0131 yapt\u0131.<\/p>\n\n\n\n<p>Filmde ekinci cian cenki vaqt\u0131ndaki adiseler k\u00f6sterile. Film yarat\u0131c\u0131lar\u0131 q\u0131r\u0131mtatar halq\u0131 facias\u0131n\u0131 k\u00f6stermekni t\u00fc\u015f\u00fcngenler. Filmni\u00f1 ba\u015f qaraman\u0131 Amethan Sultan, bu rolni filmni\u00f1 y\u00f6netmeni Ahtem Seytablayev icra etti.<\/p>\n\n\n\n<p>Film \u00fczerinden m\u00fctehass\u0131slar, \u015fu c\u00fcmleden bir \u00e7oq kiyevli uzmanlar \u00e7al\u0131\u015ft\u0131lar. \u00c7ekimlerni eki ya\u015f, amma endi tecribeli operatorlar yapt\u0131. Bulardan biri \u2013 Vladimir \u0130vanov q\u0131sqametrajl\u0131 filmi i\u00e7\u00fcn Kanndaki alt\u0131n palma p\u0131ta\u011f\u0131n\u0131 qazand\u0131.<\/p>\n","protected":false},"excerpt":{"rendered":"<p>Bu aqta may\u0131s 15 k\u00fcn\u00fc Aqmescitte birinci q\u0131r\u0131mtatar tarihiy filmi premyeras\u0131n\u0131\u00f1 arfesinde \u00f6tkerilgen matbuat konferetsiyas\u0131nda ba\u015f prod\u00fcser Lenur \u0130sl\u00e2mov aytt\u0131. &#8220;Biz inki\u015faf etmege isteymiz, amma tam\u0131rlar\u0131m\u0131zn\u0131 unutmadan, \u015fu tam\u0131rlardan \u011f\u0131da alaraq ilerilemek isteymiz. Bu film ilk-evel\u00e2 biz, q\u0131r\u0131mtatarlar, i\u00e7\u00fcndir. Bu \u2013 bizim k\u00fczg\u00fcmiz. Kendi\u00f1izni tan\u0131\u00f1\u0131z&#8221;, qayd etti L. \u0130sl\u00e2mov. &#8220;Film as\u0131l\u0131nlda unikal bir filmdir, &#8211; [&hellip;]<\/p>\n","protected":false},"author":1,"featured_media":37223,"comment_status":"open","ping_status":"open","sticky":false,"template":"","format":"standard","meta":{"inline_featured_image":false,"footnotes":""},"categories":[265],"tags":[],"class_list":["post-37222","post","type-post","status-publish","format-standard","has-post-thumbnail","hentry","category-haberler"],"acf":[],"yoast_head":"<!-- This site is optimized with the Yoast SEO plugin v27.4 - https:\/\/yoast.com\/product\/yoast-seo-wordpress\/ -->\n<title>Lenur \u0130sl\u00e2mov: \u00abHaytarma\u00bbtarihiy filmi \u2013 bu bizim bediiy yana\u015fuv\u0131m\u0131zd\u0131r. Nas\u0131ld\u0131r bir allegoriya - \u041c\u0435\u0434\u0436\u043b\u0456\u0441<\/title>\n<meta name=\"robots\" content=\"index, follow, max-snippet:-1, max-image-preview:large, max-video-preview:-1\" \/>\n<link rel=\"canonical\" href=\"https:\/\/qtmm.org\/qt\/lenur-islamov-haytarmatarihiy-filmi-bu-bizim-bediiy-yanasuvimizdir-nasildir-bir-allegoriya\/\" \/>\n<meta property=\"og:locale\" content=\"en_US\" \/>\n<meta property=\"og:type\" content=\"article\" \/>\n<meta property=\"og:title\" content=\"Lenur \u0130sl\u00e2mov: \u00abHaytarma\u00bbtarihiy filmi \u2013 bu bizim bediiy yana\u015fuv\u0131m\u0131zd\u0131r. Nas\u0131ld\u0131r bir allegoriya - \u041c\u0435\u0434\u0436\u043b\u0456\u0441\" \/>\n<meta property=\"og:description\" content=\"Bu aqta may\u0131s 15 k\u00fcn\u00fc Aqmescitte birinci q\u0131r\u0131mtatar tarihiy filmi premyeras\u0131n\u0131\u00f1 arfesinde \u00f6tkerilgen matbuat konferetsiyas\u0131nda ba\u015f prod\u00fcser Lenur \u0130sl\u00e2mov aytt\u0131. &#8220;Biz inki\u015faf etmege isteymiz, amma tam\u0131rlar\u0131m\u0131zn\u0131 unutmadan, \u015fu tam\u0131rlardan \u011f\u0131da alaraq ilerilemek isteymiz. Bu film ilk-evel\u00e2 biz, q\u0131r\u0131mtatarlar, i\u00e7\u00fcndir. Bu \u2013 bizim k\u00fczg\u00fcmiz. Kendi\u00f1izni tan\u0131\u00f1\u0131z&#8221;, qayd etti L. \u0130sl\u00e2mov. &#8220;Film as\u0131l\u0131nlda unikal bir filmdir, &#8211; [&hellip;]\" \/>\n<meta property=\"og:url\" content=\"https:\/\/qtmm.org\/qt\/lenur-islamov-haytarmatarihiy-filmi-bu-bizim-bediiy-yanasuvimizdir-nasildir-bir-allegoriya\/\" \/>\n<meta property=\"og:site_name\" content=\"\u041c\u0435\u0434\u0436\u043b\u0456\u0441\" \/>\n<meta property=\"article:publisher\" content=\"https:\/\/www.facebook.com\/qtmm.info\/\" \/>\n<meta property=\"article:published_time\" content=\"2013-05-15T20:10:00+00:00\" \/>\n<meta property=\"article:modified_time\" content=\"2022-01-23T20:12:08+00:00\" \/>\n<meta property=\"og:image\" content=\"https:\/\/qtmm.org\/wp-content\/uploads\/2022\/01\/img_0631_1.jpeg\" \/>\n\t<meta property=\"og:image:width\" content=\"800\" \/>\n\t<meta property=\"og:image:height\" content=\"600\" \/>\n\t<meta property=\"og:image:type\" content=\"image\/jpeg\" \/>\n<meta name=\"author\" content=\"Developer\" \/>\n<meta name=\"twitter:card\" content=\"summary_large_image\" \/>\n<meta name=\"twitter:label1\" content=\"Written by\" \/>\n\t<meta name=\"twitter:data1\" content=\"Developer\" \/>\n\t<meta name=\"twitter:label2\" content=\"Est. reading time\" \/>\n\t<meta name=\"twitter:data2\" content=\"4 minutes\" \/>\n<script type=\"application\/ld+json\" class=\"yoast-schema-graph\">{\"@context\":\"https:\\\/\\\/schema.org\",\"@graph\":[{\"@type\":\"Article\",\"@id\":\"https:\\\/\\\/qtmm.org\\\/qt\\\/lenur-islamov-haytarmatarihiy-filmi-bu-bizim-bediiy-yanasuvimizdir-nasildir-bir-allegoriya\\\/#article\",\"isPartOf\":{\"@id\":\"https:\\\/\\\/qtmm.org\\\/qt\\\/lenur-islamov-haytarmatarihiy-filmi-bu-bizim-bediiy-yanasuvimizdir-nasildir-bir-allegoriya\\\/\"},\"author\":{\"name\":\"Developer\",\"@id\":\"https:\\\/\\\/qtmm.org\\\/qt\\\/#\\\/schema\\\/person\\\/de562469f971dec226ac06e60bbf74a7\"},\"headline\":\"Lenur \u0130sl\u00e2mov: \u00abHaytarma\u00bbtarihiy filmi \u2013 bu bizim bediiy yana\u015fuv\u0131m\u0131zd\u0131r. Nas\u0131ld\u0131r bir allegoriya\",\"datePublished\":\"2013-05-15T20:10:00+00:00\",\"dateModified\":\"2022-01-23T20:12:08+00:00\",\"mainEntityOfPage\":{\"@id\":\"https:\\\/\\\/qtmm.org\\\/qt\\\/lenur-islamov-haytarmatarihiy-filmi-bu-bizim-bediiy-yanasuvimizdir-nasildir-bir-allegoriya\\\/\"},\"wordCount\":798,\"commentCount\":0,\"publisher\":{\"@id\":\"https:\\\/\\\/qtmm.org\\\/qt\\\/#organization\"},\"image\":{\"@id\":\"https:\\\/\\\/qtmm.org\\\/qt\\\/lenur-islamov-haytarmatarihiy-filmi-bu-bizim-bediiy-yanasuvimizdir-nasildir-bir-allegoriya\\\/#primaryimage\"},\"thumbnailUrl\":\"https:\\\/\\\/qtmm.org\\\/wp-content\\\/uploads\\\/2022\\\/01\\\/img_0631_1.jpeg\",\"articleSection\":[\"Haberler\"],\"inLanguage\":\"qt\",\"potentialAction\":[{\"@type\":\"CommentAction\",\"name\":\"Comment\",\"target\":[\"https:\\\/\\\/qtmm.org\\\/qt\\\/lenur-islamov-haytarmatarihiy-filmi-bu-bizim-bediiy-yanasuvimizdir-nasildir-bir-allegoriya\\\/#respond\"]}]},{\"@type\":\"WebPage\",\"@id\":\"https:\\\/\\\/qtmm.org\\\/qt\\\/lenur-islamov-haytarmatarihiy-filmi-bu-bizim-bediiy-yanasuvimizdir-nasildir-bir-allegoriya\\\/\",\"url\":\"https:\\\/\\\/qtmm.org\\\/qt\\\/lenur-islamov-haytarmatarihiy-filmi-bu-bizim-bediiy-yanasuvimizdir-nasildir-bir-allegoriya\\\/\",\"name\":\"Lenur \u0130sl\u00e2mov: \u00abHaytarma\u00bbtarihiy filmi \u2013 bu bizim bediiy yana\u015fuv\u0131m\u0131zd\u0131r. Nas\u0131ld\u0131r bir allegoriya - \u041c\u0435\u0434\u0436\u043b\u0456\u0441\",\"isPartOf\":{\"@id\":\"https:\\\/\\\/qtmm.org\\\/qt\\\/#website\"},\"primaryImageOfPage\":{\"@id\":\"https:\\\/\\\/qtmm.org\\\/qt\\\/lenur-islamov-haytarmatarihiy-filmi-bu-bizim-bediiy-yanasuvimizdir-nasildir-bir-allegoriya\\\/#primaryimage\"},\"image\":{\"@id\":\"https:\\\/\\\/qtmm.org\\\/qt\\\/lenur-islamov-haytarmatarihiy-filmi-bu-bizim-bediiy-yanasuvimizdir-nasildir-bir-allegoriya\\\/#primaryimage\"},\"thumbnailUrl\":\"https:\\\/\\\/qtmm.org\\\/wp-content\\\/uploads\\\/2022\\\/01\\\/img_0631_1.jpeg\",\"datePublished\":\"2013-05-15T20:10:00+00:00\",\"dateModified\":\"2022-01-23T20:12:08+00:00\",\"breadcrumb\":{\"@id\":\"https:\\\/\\\/qtmm.org\\\/qt\\\/lenur-islamov-haytarmatarihiy-filmi-bu-bizim-bediiy-yanasuvimizdir-nasildir-bir-allegoriya\\\/#breadcrumb\"},\"inLanguage\":\"qt\",\"potentialAction\":[{\"@type\":\"ReadAction\",\"target\":[\"https:\\\/\\\/qtmm.org\\\/qt\\\/lenur-islamov-haytarmatarihiy-filmi-bu-bizim-bediiy-yanasuvimizdir-nasildir-bir-allegoriya\\\/\"]}]},{\"@type\":\"ImageObject\",\"inLanguage\":\"qt\",\"@id\":\"https:\\\/\\\/qtmm.org\\\/qt\\\/lenur-islamov-haytarmatarihiy-filmi-bu-bizim-bediiy-yanasuvimizdir-nasildir-bir-allegoriya\\\/#primaryimage\",\"url\":\"https:\\\/\\\/qtmm.org\\\/wp-content\\\/uploads\\\/2022\\\/01\\\/img_0631_1.jpeg\",\"contentUrl\":\"https:\\\/\\\/qtmm.org\\\/wp-content\\\/uploads\\\/2022\\\/01\\\/img_0631_1.jpeg\",\"width\":800,\"height\":600},{\"@type\":\"BreadcrumbList\",\"@id\":\"https:\\\/\\\/qtmm.org\\\/qt\\\/lenur-islamov-haytarmatarihiy-filmi-bu-bizim-bediiy-yanasuvimizdir-nasildir-bir-allegoriya\\\/#breadcrumb\",\"itemListElement\":[{\"@type\":\"ListItem\",\"position\":1,\"name\":\"\u0413\u043e\u043b\u043e\u0432\u043d\u0430\",\"item\":\"https:\\\/\\\/qtmm.org\\\/qt\\\/\"},{\"@type\":\"ListItem\",\"position\":2,\"name\":\"Lenur \u0130sl\u00e2mov: \u00abHaytarma\u00bbtarihiy filmi \u2013 bu bizim bediiy yana\u015fuv\u0131m\u0131zd\u0131r. Nas\u0131ld\u0131r bir allegoriya\"}]},{\"@type\":\"WebSite\",\"@id\":\"https:\\\/\\\/qtmm.org\\\/qt\\\/#website\",\"url\":\"https:\\\/\\\/qtmm.org\\\/qt\\\/\",\"name\":\"\u041c\u0435\u0434\u0436\u043b\u0456\u0441\",\"description\":\"\",\"publisher\":{\"@id\":\"https:\\\/\\\/qtmm.org\\\/qt\\\/#organization\"},\"potentialAction\":[{\"@type\":\"SearchAction\",\"target\":{\"@type\":\"EntryPoint\",\"urlTemplate\":\"https:\\\/\\\/qtmm.org\\\/qt\\\/?s={search_term_string}\"},\"query-input\":{\"@type\":\"PropertyValueSpecification\",\"valueRequired\":true,\"valueName\":\"search_term_string\"}}],\"inLanguage\":\"qt\"},{\"@type\":\"Organization\",\"@id\":\"https:\\\/\\\/qtmm.org\\\/qt\\\/#organization\",\"name\":\"\u041c\u0435\u0434\u0436\u043b\u0456\u0441\",\"url\":\"https:\\\/\\\/qtmm.org\\\/qt\\\/\",\"logo\":{\"@type\":\"ImageObject\",\"inLanguage\":\"qt\",\"@id\":\"https:\\\/\\\/qtmm.org\\\/qt\\\/#\\\/schema\\\/logo\\\/image\\\/\",\"url\":\"https:\\\/\\\/qtmm.org\\\/wp-content\\\/uploads\\\/2024\\\/12\\\/ua-mejlis-logo-rgb.svg\",\"contentUrl\":\"https:\\\/\\\/qtmm.org\\\/wp-content\\\/uploads\\\/2024\\\/12\\\/ua-mejlis-logo-rgb.svg\",\"caption\":\"\u041c\u0435\u0434\u0436\u043b\u0456\u0441\"},\"image\":{\"@id\":\"https:\\\/\\\/qtmm.org\\\/qt\\\/#\\\/schema\\\/logo\\\/image\\\/\"},\"sameAs\":[\"https:\\\/\\\/www.facebook.com\\\/qtmm.info\\\/\"]},{\"@type\":\"Person\",\"@id\":\"https:\\\/\\\/qtmm.org\\\/qt\\\/#\\\/schema\\\/person\\\/de562469f971dec226ac06e60bbf74a7\",\"name\":\"Developer\",\"image\":{\"@type\":\"ImageObject\",\"inLanguage\":\"qt\",\"@id\":\"https:\\\/\\\/secure.gravatar.com\\\/avatar\\\/392b4cc8fbfeb00b39dfeeab4ee6edded39ffd48e25858637e4765810300227e?s=96&d=mm&r=g\",\"url\":\"https:\\\/\\\/secure.gravatar.com\\\/avatar\\\/392b4cc8fbfeb00b39dfeeab4ee6edded39ffd48e25858637e4765810300227e?s=96&d=mm&r=g\",\"contentUrl\":\"https:\\\/\\\/secure.gravatar.com\\\/avatar\\\/392b4cc8fbfeb00b39dfeeab4ee6edded39ffd48e25858637e4765810300227e?s=96&d=mm&r=g\",\"caption\":\"Developer\"},\"url\":\"https:\\\/\\\/qtmm.org\\\/qt\\\/author\\\/Developer\\\/\"}]}<\/script>\n<!-- \/ Yoast SEO plugin. -->","yoast_head_json":{"title":"Lenur \u0130sl\u00e2mov: \u00abHaytarma\u00bbtarihiy filmi \u2013 bu bizim bediiy yana\u015fuv\u0131m\u0131zd\u0131r. Nas\u0131ld\u0131r bir allegoriya - \u041c\u0435\u0434\u0436\u043b\u0456\u0441","robots":{"index":"index","follow":"follow","max-snippet":"max-snippet:-1","max-image-preview":"max-image-preview:large","max-video-preview":"max-video-preview:-1"},"canonical":"https:\/\/qtmm.org\/qt\/lenur-islamov-haytarmatarihiy-filmi-bu-bizim-bediiy-yanasuvimizdir-nasildir-bir-allegoriya\/","og_locale":"en_US","og_type":"article","og_title":"Lenur \u0130sl\u00e2mov: \u00abHaytarma\u00bbtarihiy filmi \u2013 bu bizim bediiy yana\u015fuv\u0131m\u0131zd\u0131r. Nas\u0131ld\u0131r bir allegoriya - \u041c\u0435\u0434\u0436\u043b\u0456\u0441","og_description":"Bu aqta may\u0131s 15 k\u00fcn\u00fc Aqmescitte birinci q\u0131r\u0131mtatar tarihiy filmi premyeras\u0131n\u0131\u00f1 arfesinde \u00f6tkerilgen matbuat konferetsiyas\u0131nda ba\u015f prod\u00fcser Lenur \u0130sl\u00e2mov aytt\u0131. &#8220;Biz inki\u015faf etmege isteymiz, amma tam\u0131rlar\u0131m\u0131zn\u0131 unutmadan, \u015fu tam\u0131rlardan \u011f\u0131da alaraq ilerilemek isteymiz. Bu film ilk-evel\u00e2 biz, q\u0131r\u0131mtatarlar, i\u00e7\u00fcndir. Bu \u2013 bizim k\u00fczg\u00fcmiz. Kendi\u00f1izni tan\u0131\u00f1\u0131z&#8221;, qayd etti L. \u0130sl\u00e2mov. &#8220;Film as\u0131l\u0131nlda unikal bir filmdir, &#8211; [&hellip;]","og_url":"https:\/\/qtmm.org\/qt\/lenur-islamov-haytarmatarihiy-filmi-bu-bizim-bediiy-yanasuvimizdir-nasildir-bir-allegoriya\/","og_site_name":"\u041c\u0435\u0434\u0436\u043b\u0456\u0441","article_publisher":"https:\/\/www.facebook.com\/qtmm.info\/","article_published_time":"2013-05-15T20:10:00+00:00","article_modified_time":"2022-01-23T20:12:08+00:00","og_image":[{"width":800,"height":600,"url":"https:\/\/qtmm.org\/wp-content\/uploads\/2022\/01\/img_0631_1.jpeg","type":"image\/jpeg"}],"author":"Developer","twitter_card":"summary_large_image","twitter_misc":{"Written by":"Developer","Est. reading time":"4 minutes"},"schema":{"@context":"https:\/\/schema.org","@graph":[{"@type":"Article","@id":"https:\/\/qtmm.org\/qt\/lenur-islamov-haytarmatarihiy-filmi-bu-bizim-bediiy-yanasuvimizdir-nasildir-bir-allegoriya\/#article","isPartOf":{"@id":"https:\/\/qtmm.org\/qt\/lenur-islamov-haytarmatarihiy-filmi-bu-bizim-bediiy-yanasuvimizdir-nasildir-bir-allegoriya\/"},"author":{"name":"Developer","@id":"https:\/\/qtmm.org\/qt\/#\/schema\/person\/de562469f971dec226ac06e60bbf74a7"},"headline":"Lenur \u0130sl\u00e2mov: \u00abHaytarma\u00bbtarihiy filmi \u2013 bu bizim bediiy yana\u015fuv\u0131m\u0131zd\u0131r. Nas\u0131ld\u0131r bir allegoriya","datePublished":"2013-05-15T20:10:00+00:00","dateModified":"2022-01-23T20:12:08+00:00","mainEntityOfPage":{"@id":"https:\/\/qtmm.org\/qt\/lenur-islamov-haytarmatarihiy-filmi-bu-bizim-bediiy-yanasuvimizdir-nasildir-bir-allegoriya\/"},"wordCount":798,"commentCount":0,"publisher":{"@id":"https:\/\/qtmm.org\/qt\/#organization"},"image":{"@id":"https:\/\/qtmm.org\/qt\/lenur-islamov-haytarmatarihiy-filmi-bu-bizim-bediiy-yanasuvimizdir-nasildir-bir-allegoriya\/#primaryimage"},"thumbnailUrl":"https:\/\/qtmm.org\/wp-content\/uploads\/2022\/01\/img_0631_1.jpeg","articleSection":["Haberler"],"inLanguage":"qt","potentialAction":[{"@type":"CommentAction","name":"Comment","target":["https:\/\/qtmm.org\/qt\/lenur-islamov-haytarmatarihiy-filmi-bu-bizim-bediiy-yanasuvimizdir-nasildir-bir-allegoriya\/#respond"]}]},{"@type":"WebPage","@id":"https:\/\/qtmm.org\/qt\/lenur-islamov-haytarmatarihiy-filmi-bu-bizim-bediiy-yanasuvimizdir-nasildir-bir-allegoriya\/","url":"https:\/\/qtmm.org\/qt\/lenur-islamov-haytarmatarihiy-filmi-bu-bizim-bediiy-yanasuvimizdir-nasildir-bir-allegoriya\/","name":"Lenur \u0130sl\u00e2mov: \u00abHaytarma\u00bbtarihiy filmi \u2013 bu bizim bediiy yana\u015fuv\u0131m\u0131zd\u0131r. Nas\u0131ld\u0131r bir allegoriya - \u041c\u0435\u0434\u0436\u043b\u0456\u0441","isPartOf":{"@id":"https:\/\/qtmm.org\/qt\/#website"},"primaryImageOfPage":{"@id":"https:\/\/qtmm.org\/qt\/lenur-islamov-haytarmatarihiy-filmi-bu-bizim-bediiy-yanasuvimizdir-nasildir-bir-allegoriya\/#primaryimage"},"image":{"@id":"https:\/\/qtmm.org\/qt\/lenur-islamov-haytarmatarihiy-filmi-bu-bizim-bediiy-yanasuvimizdir-nasildir-bir-allegoriya\/#primaryimage"},"thumbnailUrl":"https:\/\/qtmm.org\/wp-content\/uploads\/2022\/01\/img_0631_1.jpeg","datePublished":"2013-05-15T20:10:00+00:00","dateModified":"2022-01-23T20:12:08+00:00","breadcrumb":{"@id":"https:\/\/qtmm.org\/qt\/lenur-islamov-haytarmatarihiy-filmi-bu-bizim-bediiy-yanasuvimizdir-nasildir-bir-allegoriya\/#breadcrumb"},"inLanguage":"qt","potentialAction":[{"@type":"ReadAction","target":["https:\/\/qtmm.org\/qt\/lenur-islamov-haytarmatarihiy-filmi-bu-bizim-bediiy-yanasuvimizdir-nasildir-bir-allegoriya\/"]}]},{"@type":"ImageObject","inLanguage":"qt","@id":"https:\/\/qtmm.org\/qt\/lenur-islamov-haytarmatarihiy-filmi-bu-bizim-bediiy-yanasuvimizdir-nasildir-bir-allegoriya\/#primaryimage","url":"https:\/\/qtmm.org\/wp-content\/uploads\/2022\/01\/img_0631_1.jpeg","contentUrl":"https:\/\/qtmm.org\/wp-content\/uploads\/2022\/01\/img_0631_1.jpeg","width":800,"height":600},{"@type":"BreadcrumbList","@id":"https:\/\/qtmm.org\/qt\/lenur-islamov-haytarmatarihiy-filmi-bu-bizim-bediiy-yanasuvimizdir-nasildir-bir-allegoriya\/#breadcrumb","itemListElement":[{"@type":"ListItem","position":1,"name":"\u0413\u043e\u043b\u043e\u0432\u043d\u0430","item":"https:\/\/qtmm.org\/qt\/"},{"@type":"ListItem","position":2,"name":"Lenur \u0130sl\u00e2mov: \u00abHaytarma\u00bbtarihiy filmi \u2013 bu bizim bediiy yana\u015fuv\u0131m\u0131zd\u0131r. Nas\u0131ld\u0131r bir allegoriya"}]},{"@type":"WebSite","@id":"https:\/\/qtmm.org\/qt\/#website","url":"https:\/\/qtmm.org\/qt\/","name":"\u041c\u0435\u0434\u0436\u043b\u0456\u0441","description":"","publisher":{"@id":"https:\/\/qtmm.org\/qt\/#organization"},"potentialAction":[{"@type":"SearchAction","target":{"@type":"EntryPoint","urlTemplate":"https:\/\/qtmm.org\/qt\/?s={search_term_string}"},"query-input":{"@type":"PropertyValueSpecification","valueRequired":true,"valueName":"search_term_string"}}],"inLanguage":"qt"},{"@type":"Organization","@id":"https:\/\/qtmm.org\/qt\/#organization","name":"\u041c\u0435\u0434\u0436\u043b\u0456\u0441","url":"https:\/\/qtmm.org\/qt\/","logo":{"@type":"ImageObject","inLanguage":"qt","@id":"https:\/\/qtmm.org\/qt\/#\/schema\/logo\/image\/","url":"https:\/\/qtmm.org\/wp-content\/uploads\/2024\/12\/ua-mejlis-logo-rgb.svg","contentUrl":"https:\/\/qtmm.org\/wp-content\/uploads\/2024\/12\/ua-mejlis-logo-rgb.svg","caption":"\u041c\u0435\u0434\u0436\u043b\u0456\u0441"},"image":{"@id":"https:\/\/qtmm.org\/qt\/#\/schema\/logo\/image\/"},"sameAs":["https:\/\/www.facebook.com\/qtmm.info\/"]},{"@type":"Person","@id":"https:\/\/qtmm.org\/qt\/#\/schema\/person\/de562469f971dec226ac06e60bbf74a7","name":"Developer","image":{"@type":"ImageObject","inLanguage":"qt","@id":"https:\/\/secure.gravatar.com\/avatar\/392b4cc8fbfeb00b39dfeeab4ee6edded39ffd48e25858637e4765810300227e?s=96&d=mm&r=g","url":"https:\/\/secure.gravatar.com\/avatar\/392b4cc8fbfeb00b39dfeeab4ee6edded39ffd48e25858637e4765810300227e?s=96&d=mm&r=g","contentUrl":"https:\/\/secure.gravatar.com\/avatar\/392b4cc8fbfeb00b39dfeeab4ee6edded39ffd48e25858637e4765810300227e?s=96&d=mm&r=g","caption":"Developer"},"url":"https:\/\/qtmm.org\/qt\/author\/Developer\/"}]}},"_links":{"self":[{"href":"https:\/\/qtmm.org\/qt\/wp-json\/wp\/v2\/posts\/37222","targetHints":{"allow":["GET"]}}],"collection":[{"href":"https:\/\/qtmm.org\/qt\/wp-json\/wp\/v2\/posts"}],"about":[{"href":"https:\/\/qtmm.org\/qt\/wp-json\/wp\/v2\/types\/post"}],"author":[{"embeddable":true,"href":"https:\/\/qtmm.org\/qt\/wp-json\/wp\/v2\/users\/1"}],"replies":[{"embeddable":true,"href":"https:\/\/qtmm.org\/qt\/wp-json\/wp\/v2\/comments?post=37222"}],"version-history":[{"count":1,"href":"https:\/\/qtmm.org\/qt\/wp-json\/wp\/v2\/posts\/37222\/revisions"}],"predecessor-version":[{"id":37235,"href":"https:\/\/qtmm.org\/qt\/wp-json\/wp\/v2\/posts\/37222\/revisions\/37235"}],"wp:featuredmedia":[{"embeddable":true,"href":"https:\/\/qtmm.org\/qt\/wp-json\/wp\/v2\/media\/37223"}],"wp:attachment":[{"href":"https:\/\/qtmm.org\/qt\/wp-json\/wp\/v2\/media?parent=37222"}],"wp:term":[{"taxonomy":"category","embeddable":true,"href":"https:\/\/qtmm.org\/qt\/wp-json\/wp\/v2\/categories?post=37222"},{"taxonomy":"post_tag","embeddable":true,"href":"https:\/\/qtmm.org\/qt\/wp-json\/wp\/v2\/tags?post=37222"}],"curies":[{"name":"wp","href":"https:\/\/api.w.org\/{rel}","templated":true}]}}