




{"id":37220,"date":"2013-05-15T23:10:00","date_gmt":"2013-05-15T20:10:00","guid":{"rendered":"http:\/\/qtmm.org\/?p=37220"},"modified":"2022-01-23T23:10:36","modified_gmt":"2022-01-23T20:10:36","slug":"biz-avropalilarmiz-areketinin-istirakcileri-mayis-18-kunu-qirimtatar-halqi-surgunligi-qurbanlarinin-hatirasina-bagislangan-qaygi-ve-birlik-daqqasina-qosulacaqlar","status":"publish","type":"post","link":"https:\/\/qtmm.org\/qt\/biz-avropalilarmiz-areketinin-istirakcileri-mayis-18-kunu-qirimtatar-halqi-surgunligi-qurbanlarinin-hatirasina-bagislangan-qaygi-ve-birlik-daqqasina-qosulacaqlar\/","title":{"rendered":"\u00abBiz avropal\u0131larm\u0131z\u00bb areketini\u00f1 i\u015ftirak\u00e7ileri may\u0131s 18 k\u00fcn\u00fc Q\u0131r\u0131mtatar halq\u0131 s\u00fcrg\u00fcnligi qurbanlar\u0131n\u0131\u00f1 hat\u0131ras\u0131na ba\u011f\u0131\u015flan\u011fan &#8220;Qay\u011f\u0131 ve Birlik daqqas\u0131&#8221;na qo\u015fulacaqlar"},"content":{"rendered":"\n<p>May\u0131s 18 k\u00fcn\u00fc Kiyevde 11-nci kere Avropa k\u00fcn\u00fc qayd etilecek. Tedbirni\u00f1 resmiy q\u0131sm\u0131nda Ukraina t\u0131\u015f i\u015fleri naziri Leonid Kojara, Avropa Birligini\u00f1 Ukrainada temsilciligini\u00f1 ba\u015f\u0131 Yan Tombinski, Avropa Birligi azalar\u0131 ol\u011fan devletlerni\u00f1 el\u00e7ileri, KGGA reisi Aleksandr Popov ve diger nufuzl\u0131 musafirlerni\u00f1 i\u015ftirak etmesi beklenile. &#8220;Biz avropal\u0131larm\u0131z&#8221; areketini\u00f1 i\u015ftirak\u00e7ileri q\u0131r\u0131mtatar halq\u0131na g\u00f6\u00f1\u00fclde\u015flik bildirmek niyetinde may\u0131s 18 k\u00fcn\u00fc Kiyevde \u00f6z aktsiyalar\u0131 ke\u00e7ken vaq\u0131tta Q\u0131r\u0131mtatar halq\u0131 s\u00fcrg\u00fcnligi qurbanlar\u0131n\u0131\u00f1 hat\u0131ras\u0131na ba\u011f\u0131\u015flan\u011fan &#8220;Qay\u011f\u0131 ve Birlik daqqas\u0131&#8221;na qo\u015fulacaqlar\u0131n\u0131 bildirdiler.<br><br>\u0130\u00e7tmaiy a\u011flar ve media resurslar vastas\u0131nen areketni\u00f1 te\u015fkil\u00e2t\u00e7\u0131lar\u0131 Ukrainan\u0131\u00f1 b\u00fct\u00fcn sakinlerine muracaatta bulun\u0131p, may\u0131s 18 k\u00fcn\u00fc q\u0131r\u0131mtatar halq\u0131na g\u00f6\u00f1\u00fclde\u015flik bildirerek saat 12.00-de bir qa\u00e7 daqqa\u011fa toqtap, s\u00fcrg\u00fcnlikte \u00f6lgenler, Vatan\u011fa qayt\u0131p kelmegenlerni\u00f1 ruhuna dua oquma\u011fa \u00e7a\u011f\u0131rd\u0131lar. Bundan da \u011fayr\u0131 &#8220;Biz avropal\u0131larm\u0131z&#8221; areketini\u00f1 i\u015ftirak\u00e7ileri bu y\u0131l\u0131 Avropa k\u00fcn\u00fcni qayd et\u00fcv Ukraina sakinleri i\u00e7\u00fcn ayr\u0131ca emiyetke maliktir, \u00e7\u00fcnki k\u00fcn tertibinde Avropa Birliginen birle\u015fme aqq\u0131nda A\u00f1la\u015fma imzalav meselesi tura.<\/p>\n\n\n\n<p>&#8220;Biz bilemiz ki, Avropa\u011fa yol \u2013 bu birinci nevbette devletni\u00f1 i\u00e7indeki de\u00f1i\u015fmelerdir, &#8211; deyler areket i\u015ftirak\u00e7ileri. Birk \u00e7oq insanlar, te\u015fkil\u00e2t ve m\u00fcessiseler bu de\u00f1i\u015fmelerni\u00f1 olmas\u0131n\u0131 ker\u00e7ekle\u015ftireler. Biz er kesni aktsiya\u011fa qo\u015fulma\u011fa ve \u00f6z istek ve muvafaqiyetleri\u00f1iz aqq\u0131nda ik\u00e2ye etmege davet etemiz&#8221;.<\/p>\n","protected":false},"excerpt":{"rendered":"<p>May\u0131s 18 k\u00fcn\u00fc Kiyevde 11-nci kere Avropa k\u00fcn\u00fc qayd etilecek. Tedbirni\u00f1 resmiy q\u0131sm\u0131nda Ukraina t\u0131\u015f i\u015fleri naziri Leonid Kojara, Avropa Birligini\u00f1 Ukrainada temsilciligini\u00f1 ba\u015f\u0131 Yan Tombinski, Avropa Birligi azalar\u0131 ol\u011fan devletlerni\u00f1 el\u00e7ileri, KGGA reisi Aleksandr Popov ve diger nufuzl\u0131 musafirlerni\u00f1 i\u015ftirak etmesi beklenile. &#8220;Biz avropal\u0131larm\u0131z&#8221; areketini\u00f1 i\u015ftirak\u00e7ileri q\u0131r\u0131mtatar halq\u0131na g\u00f6\u00f1\u00fclde\u015flik bildirmek niyetinde may\u0131s 18 k\u00fcn\u00fc [&hellip;]<\/p>\n","protected":false},"author":1,"featured_media":0,"comment_status":"open","ping_status":"open","sticky":false,"template":"","format":"standard","meta":{"inline_featured_image":false,"footnotes":""},"categories":[265],"tags":[],"class_list":["post-37220","post","type-post","status-publish","format-standard","hentry","category-haberler"],"acf":[],"yoast_head":"<!-- This site is optimized with the Yoast SEO plugin v27.4 - https:\/\/yoast.com\/product\/yoast-seo-wordpress\/ -->\n<title>\u00abBiz avropal\u0131larm\u0131z\u00bb areketini\u00f1 i\u015ftirak\u00e7ileri may\u0131s 18 k\u00fcn\u00fc Q\u0131r\u0131mtatar halq\u0131 s\u00fcrg\u00fcnligi qurbanlar\u0131n\u0131\u00f1 hat\u0131ras\u0131na ba\u011f\u0131\u015flan\u011fan &quot;Qay\u011f\u0131 ve Birlik daqqas\u0131&quot;na qo\u015fulacaqlar - \u041c\u0435\u0434\u0436\u043b\u0456\u0441<\/title>\n<meta name=\"robots\" content=\"index, follow, max-snippet:-1, max-image-preview:large, max-video-preview:-1\" \/>\n<link rel=\"canonical\" href=\"https:\/\/qtmm.org\/qt\/biz-avropalilarmiz-areketinin-istirakcileri-mayis-18-kunu-qirimtatar-halqi-surgunligi-qurbanlarinin-hatirasina-bagislangan-qaygi-ve-birlik-daqqasina-qosulacaqlar\/\" \/>\n<meta property=\"og:locale\" content=\"en_US\" \/>\n<meta property=\"og:type\" content=\"article\" \/>\n<meta property=\"og:title\" content=\"\u00abBiz avropal\u0131larm\u0131z\u00bb areketini\u00f1 i\u015ftirak\u00e7ileri may\u0131s 18 k\u00fcn\u00fc Q\u0131r\u0131mtatar halq\u0131 s\u00fcrg\u00fcnligi qurbanlar\u0131n\u0131\u00f1 hat\u0131ras\u0131na ba\u011f\u0131\u015flan\u011fan &quot;Qay\u011f\u0131 ve Birlik daqqas\u0131&quot;na qo\u015fulacaqlar - \u041c\u0435\u0434\u0436\u043b\u0456\u0441\" \/>\n<meta property=\"og:description\" content=\"May\u0131s 18 k\u00fcn\u00fc Kiyevde 11-nci kere Avropa k\u00fcn\u00fc qayd etilecek. Tedbirni\u00f1 resmiy q\u0131sm\u0131nda Ukraina t\u0131\u015f i\u015fleri naziri Leonid Kojara, Avropa Birligini\u00f1 Ukrainada temsilciligini\u00f1 ba\u015f\u0131 Yan Tombinski, Avropa Birligi azalar\u0131 ol\u011fan devletlerni\u00f1 el\u00e7ileri, KGGA reisi Aleksandr Popov ve diger nufuzl\u0131 musafirlerni\u00f1 i\u015ftirak etmesi beklenile. &#8220;Biz avropal\u0131larm\u0131z&#8221; areketini\u00f1 i\u015ftirak\u00e7ileri q\u0131r\u0131mtatar halq\u0131na g\u00f6\u00f1\u00fclde\u015flik bildirmek niyetinde may\u0131s 18 k\u00fcn\u00fc [&hellip;]\" \/>\n<meta property=\"og:url\" content=\"https:\/\/qtmm.org\/qt\/biz-avropalilarmiz-areketinin-istirakcileri-mayis-18-kunu-qirimtatar-halqi-surgunligi-qurbanlarinin-hatirasina-bagislangan-qaygi-ve-birlik-daqqasina-qosulacaqlar\/\" \/>\n<meta property=\"og:site_name\" content=\"\u041c\u0435\u0434\u0436\u043b\u0456\u0441\" \/>\n<meta property=\"article:publisher\" content=\"https:\/\/www.facebook.com\/qtmm.info\/\" \/>\n<meta property=\"article:published_time\" content=\"2013-05-15T20:10:00+00:00\" \/>\n<meta property=\"article:modified_time\" content=\"2022-01-23T20:10:36+00:00\" \/>\n<meta name=\"author\" content=\"Developer\" \/>\n<meta name=\"twitter:card\" content=\"summary_large_image\" \/>\n<meta name=\"twitter:label1\" content=\"Written by\" \/>\n\t<meta name=\"twitter:data1\" content=\"Developer\" \/>\n\t<meta name=\"twitter:label2\" content=\"Est. reading time\" \/>\n\t<meta name=\"twitter:data2\" content=\"1 minute\" \/>\n<script type=\"application\/ld+json\" class=\"yoast-schema-graph\">{\"@context\":\"https:\\\/\\\/schema.org\",\"@graph\":[{\"@type\":\"Article\",\"@id\":\"https:\\\/\\\/qtmm.org\\\/qt\\\/biz-avropalilarmiz-areketinin-istirakcileri-mayis-18-kunu-qirimtatar-halqi-surgunligi-qurbanlarinin-hatirasina-bagislangan-qaygi-ve-birlik-daqqasina-qosulacaqlar\\\/#article\",\"isPartOf\":{\"@id\":\"https:\\\/\\\/qtmm.org\\\/qt\\\/biz-avropalilarmiz-areketinin-istirakcileri-mayis-18-kunu-qirimtatar-halqi-surgunligi-qurbanlarinin-hatirasina-bagislangan-qaygi-ve-birlik-daqqasina-qosulacaqlar\\\/\"},\"author\":{\"name\":\"Developer\",\"@id\":\"https:\\\/\\\/qtmm.org\\\/qt\\\/#\\\/schema\\\/person\\\/de562469f971dec226ac06e60bbf74a7\"},\"headline\":\"\u00abBiz avropal\u0131larm\u0131z\u00bb areketini\u00f1 i\u015ftirak\u00e7ileri may\u0131s 18 k\u00fcn\u00fc Q\u0131r\u0131mtatar halq\u0131 s\u00fcrg\u00fcnligi qurbanlar\u0131n\u0131\u00f1 hat\u0131ras\u0131na ba\u011f\u0131\u015flan\u011fan &#8220;Qay\u011f\u0131 ve Birlik daqqas\u0131&#8221;na qo\u015fulacaqlar\",\"datePublished\":\"2013-05-15T20:10:00+00:00\",\"dateModified\":\"2022-01-23T20:10:36+00:00\",\"mainEntityOfPage\":{\"@id\":\"https:\\\/\\\/qtmm.org\\\/qt\\\/biz-avropalilarmiz-areketinin-istirakcileri-mayis-18-kunu-qirimtatar-halqi-surgunligi-qurbanlarinin-hatirasina-bagislangan-qaygi-ve-birlik-daqqasina-qosulacaqlar\\\/\"},\"wordCount\":300,\"commentCount\":0,\"publisher\":{\"@id\":\"https:\\\/\\\/qtmm.org\\\/qt\\\/#organization\"},\"articleSection\":[\"Haberler\"],\"inLanguage\":\"qt\",\"potentialAction\":[{\"@type\":\"CommentAction\",\"name\":\"Comment\",\"target\":[\"https:\\\/\\\/qtmm.org\\\/qt\\\/biz-avropalilarmiz-areketinin-istirakcileri-mayis-18-kunu-qirimtatar-halqi-surgunligi-qurbanlarinin-hatirasina-bagislangan-qaygi-ve-birlik-daqqasina-qosulacaqlar\\\/#respond\"]}]},{\"@type\":\"WebPage\",\"@id\":\"https:\\\/\\\/qtmm.org\\\/qt\\\/biz-avropalilarmiz-areketinin-istirakcileri-mayis-18-kunu-qirimtatar-halqi-surgunligi-qurbanlarinin-hatirasina-bagislangan-qaygi-ve-birlik-daqqasina-qosulacaqlar\\\/\",\"url\":\"https:\\\/\\\/qtmm.org\\\/qt\\\/biz-avropalilarmiz-areketinin-istirakcileri-mayis-18-kunu-qirimtatar-halqi-surgunligi-qurbanlarinin-hatirasina-bagislangan-qaygi-ve-birlik-daqqasina-qosulacaqlar\\\/\",\"name\":\"\u00abBiz avropal\u0131larm\u0131z\u00bb areketini\u00f1 i\u015ftirak\u00e7ileri may\u0131s 18 k\u00fcn\u00fc Q\u0131r\u0131mtatar halq\u0131 s\u00fcrg\u00fcnligi qurbanlar\u0131n\u0131\u00f1 hat\u0131ras\u0131na ba\u011f\u0131\u015flan\u011fan \\\"Qay\u011f\u0131 ve Birlik daqqas\u0131\\\"na qo\u015fulacaqlar - \u041c\u0435\u0434\u0436\u043b\u0456\u0441\",\"isPartOf\":{\"@id\":\"https:\\\/\\\/qtmm.org\\\/qt\\\/#website\"},\"datePublished\":\"2013-05-15T20:10:00+00:00\",\"dateModified\":\"2022-01-23T20:10:36+00:00\",\"breadcrumb\":{\"@id\":\"https:\\\/\\\/qtmm.org\\\/qt\\\/biz-avropalilarmiz-areketinin-istirakcileri-mayis-18-kunu-qirimtatar-halqi-surgunligi-qurbanlarinin-hatirasina-bagislangan-qaygi-ve-birlik-daqqasina-qosulacaqlar\\\/#breadcrumb\"},\"inLanguage\":\"qt\",\"potentialAction\":[{\"@type\":\"ReadAction\",\"target\":[\"https:\\\/\\\/qtmm.org\\\/qt\\\/biz-avropalilarmiz-areketinin-istirakcileri-mayis-18-kunu-qirimtatar-halqi-surgunligi-qurbanlarinin-hatirasina-bagislangan-qaygi-ve-birlik-daqqasina-qosulacaqlar\\\/\"]}]},{\"@type\":\"BreadcrumbList\",\"@id\":\"https:\\\/\\\/qtmm.org\\\/qt\\\/biz-avropalilarmiz-areketinin-istirakcileri-mayis-18-kunu-qirimtatar-halqi-surgunligi-qurbanlarinin-hatirasina-bagislangan-qaygi-ve-birlik-daqqasina-qosulacaqlar\\\/#breadcrumb\",\"itemListElement\":[{\"@type\":\"ListItem\",\"position\":1,\"name\":\"\u0413\u043e\u043b\u043e\u0432\u043d\u0430\",\"item\":\"https:\\\/\\\/qtmm.org\\\/qt\\\/\"},{\"@type\":\"ListItem\",\"position\":2,\"name\":\"\u00abBiz avropal\u0131larm\u0131z\u00bb areketini\u00f1 i\u015ftirak\u00e7ileri may\u0131s 18 k\u00fcn\u00fc Q\u0131r\u0131mtatar halq\u0131 s\u00fcrg\u00fcnligi qurbanlar\u0131n\u0131\u00f1 hat\u0131ras\u0131na ba\u011f\u0131\u015flan\u011fan &#8220;Qay\u011f\u0131 ve Birlik daqqas\u0131&#8221;na qo\u015fulacaqlar\"}]},{\"@type\":\"WebSite\",\"@id\":\"https:\\\/\\\/qtmm.org\\\/qt\\\/#website\",\"url\":\"https:\\\/\\\/qtmm.org\\\/qt\\\/\",\"name\":\"\u041c\u0435\u0434\u0436\u043b\u0456\u0441\",\"description\":\"\",\"publisher\":{\"@id\":\"https:\\\/\\\/qtmm.org\\\/qt\\\/#organization\"},\"potentialAction\":[{\"@type\":\"SearchAction\",\"target\":{\"@type\":\"EntryPoint\",\"urlTemplate\":\"https:\\\/\\\/qtmm.org\\\/qt\\\/?s={search_term_string}\"},\"query-input\":{\"@type\":\"PropertyValueSpecification\",\"valueRequired\":true,\"valueName\":\"search_term_string\"}}],\"inLanguage\":\"qt\"},{\"@type\":\"Organization\",\"@id\":\"https:\\\/\\\/qtmm.org\\\/qt\\\/#organization\",\"name\":\"\u041c\u0435\u0434\u0436\u043b\u0456\u0441\",\"url\":\"https:\\\/\\\/qtmm.org\\\/qt\\\/\",\"logo\":{\"@type\":\"ImageObject\",\"inLanguage\":\"qt\",\"@id\":\"https:\\\/\\\/qtmm.org\\\/qt\\\/#\\\/schema\\\/logo\\\/image\\\/\",\"url\":\"https:\\\/\\\/qtmm.org\\\/wp-content\\\/uploads\\\/2024\\\/12\\\/ua-mejlis-logo-rgb.svg\",\"contentUrl\":\"https:\\\/\\\/qtmm.org\\\/wp-content\\\/uploads\\\/2024\\\/12\\\/ua-mejlis-logo-rgb.svg\",\"caption\":\"\u041c\u0435\u0434\u0436\u043b\u0456\u0441\"},\"image\":{\"@id\":\"https:\\\/\\\/qtmm.org\\\/qt\\\/#\\\/schema\\\/logo\\\/image\\\/\"},\"sameAs\":[\"https:\\\/\\\/www.facebook.com\\\/qtmm.info\\\/\"]},{\"@type\":\"Person\",\"@id\":\"https:\\\/\\\/qtmm.org\\\/qt\\\/#\\\/schema\\\/person\\\/de562469f971dec226ac06e60bbf74a7\",\"name\":\"Developer\",\"image\":{\"@type\":\"ImageObject\",\"inLanguage\":\"qt\",\"@id\":\"https:\\\/\\\/secure.gravatar.com\\\/avatar\\\/392b4cc8fbfeb00b39dfeeab4ee6edded39ffd48e25858637e4765810300227e?s=96&d=mm&r=g\",\"url\":\"https:\\\/\\\/secure.gravatar.com\\\/avatar\\\/392b4cc8fbfeb00b39dfeeab4ee6edded39ffd48e25858637e4765810300227e?s=96&d=mm&r=g\",\"contentUrl\":\"https:\\\/\\\/secure.gravatar.com\\\/avatar\\\/392b4cc8fbfeb00b39dfeeab4ee6edded39ffd48e25858637e4765810300227e?s=96&d=mm&r=g\",\"caption\":\"Developer\"},\"url\":\"https:\\\/\\\/qtmm.org\\\/qt\\\/author\\\/Developer\\\/\"}]}<\/script>\n<!-- \/ Yoast SEO plugin. -->","yoast_head_json":{"title":"\u00abBiz avropal\u0131larm\u0131z\u00bb areketini\u00f1 i\u015ftirak\u00e7ileri may\u0131s 18 k\u00fcn\u00fc Q\u0131r\u0131mtatar halq\u0131 s\u00fcrg\u00fcnligi qurbanlar\u0131n\u0131\u00f1 hat\u0131ras\u0131na ba\u011f\u0131\u015flan\u011fan \"Qay\u011f\u0131 ve Birlik daqqas\u0131\"na qo\u015fulacaqlar - \u041c\u0435\u0434\u0436\u043b\u0456\u0441","robots":{"index":"index","follow":"follow","max-snippet":"max-snippet:-1","max-image-preview":"max-image-preview:large","max-video-preview":"max-video-preview:-1"},"canonical":"https:\/\/qtmm.org\/qt\/biz-avropalilarmiz-areketinin-istirakcileri-mayis-18-kunu-qirimtatar-halqi-surgunligi-qurbanlarinin-hatirasina-bagislangan-qaygi-ve-birlik-daqqasina-qosulacaqlar\/","og_locale":"en_US","og_type":"article","og_title":"\u00abBiz avropal\u0131larm\u0131z\u00bb areketini\u00f1 i\u015ftirak\u00e7ileri may\u0131s 18 k\u00fcn\u00fc Q\u0131r\u0131mtatar halq\u0131 s\u00fcrg\u00fcnligi qurbanlar\u0131n\u0131\u00f1 hat\u0131ras\u0131na ba\u011f\u0131\u015flan\u011fan \"Qay\u011f\u0131 ve Birlik daqqas\u0131\"na qo\u015fulacaqlar - \u041c\u0435\u0434\u0436\u043b\u0456\u0441","og_description":"May\u0131s 18 k\u00fcn\u00fc Kiyevde 11-nci kere Avropa k\u00fcn\u00fc qayd etilecek. Tedbirni\u00f1 resmiy q\u0131sm\u0131nda Ukraina t\u0131\u015f i\u015fleri naziri Leonid Kojara, Avropa Birligini\u00f1 Ukrainada temsilciligini\u00f1 ba\u015f\u0131 Yan Tombinski, Avropa Birligi azalar\u0131 ol\u011fan devletlerni\u00f1 el\u00e7ileri, KGGA reisi Aleksandr Popov ve diger nufuzl\u0131 musafirlerni\u00f1 i\u015ftirak etmesi beklenile. &#8220;Biz avropal\u0131larm\u0131z&#8221; areketini\u00f1 i\u015ftirak\u00e7ileri q\u0131r\u0131mtatar halq\u0131na g\u00f6\u00f1\u00fclde\u015flik bildirmek niyetinde may\u0131s 18 k\u00fcn\u00fc [&hellip;]","og_url":"https:\/\/qtmm.org\/qt\/biz-avropalilarmiz-areketinin-istirakcileri-mayis-18-kunu-qirimtatar-halqi-surgunligi-qurbanlarinin-hatirasina-bagislangan-qaygi-ve-birlik-daqqasina-qosulacaqlar\/","og_site_name":"\u041c\u0435\u0434\u0436\u043b\u0456\u0441","article_publisher":"https:\/\/www.facebook.com\/qtmm.info\/","article_published_time":"2013-05-15T20:10:00+00:00","article_modified_time":"2022-01-23T20:10:36+00:00","author":"Developer","twitter_card":"summary_large_image","twitter_misc":{"Written by":"Developer","Est. reading time":"1 minute"},"schema":{"@context":"https:\/\/schema.org","@graph":[{"@type":"Article","@id":"https:\/\/qtmm.org\/qt\/biz-avropalilarmiz-areketinin-istirakcileri-mayis-18-kunu-qirimtatar-halqi-surgunligi-qurbanlarinin-hatirasina-bagislangan-qaygi-ve-birlik-daqqasina-qosulacaqlar\/#article","isPartOf":{"@id":"https:\/\/qtmm.org\/qt\/biz-avropalilarmiz-areketinin-istirakcileri-mayis-18-kunu-qirimtatar-halqi-surgunligi-qurbanlarinin-hatirasina-bagislangan-qaygi-ve-birlik-daqqasina-qosulacaqlar\/"},"author":{"name":"Developer","@id":"https:\/\/qtmm.org\/qt\/#\/schema\/person\/de562469f971dec226ac06e60bbf74a7"},"headline":"\u00abBiz avropal\u0131larm\u0131z\u00bb areketini\u00f1 i\u015ftirak\u00e7ileri may\u0131s 18 k\u00fcn\u00fc Q\u0131r\u0131mtatar halq\u0131 s\u00fcrg\u00fcnligi qurbanlar\u0131n\u0131\u00f1 hat\u0131ras\u0131na ba\u011f\u0131\u015flan\u011fan &#8220;Qay\u011f\u0131 ve Birlik daqqas\u0131&#8221;na qo\u015fulacaqlar","datePublished":"2013-05-15T20:10:00+00:00","dateModified":"2022-01-23T20:10:36+00:00","mainEntityOfPage":{"@id":"https:\/\/qtmm.org\/qt\/biz-avropalilarmiz-areketinin-istirakcileri-mayis-18-kunu-qirimtatar-halqi-surgunligi-qurbanlarinin-hatirasina-bagislangan-qaygi-ve-birlik-daqqasina-qosulacaqlar\/"},"wordCount":300,"commentCount":0,"publisher":{"@id":"https:\/\/qtmm.org\/qt\/#organization"},"articleSection":["Haberler"],"inLanguage":"qt","potentialAction":[{"@type":"CommentAction","name":"Comment","target":["https:\/\/qtmm.org\/qt\/biz-avropalilarmiz-areketinin-istirakcileri-mayis-18-kunu-qirimtatar-halqi-surgunligi-qurbanlarinin-hatirasina-bagislangan-qaygi-ve-birlik-daqqasina-qosulacaqlar\/#respond"]}]},{"@type":"WebPage","@id":"https:\/\/qtmm.org\/qt\/biz-avropalilarmiz-areketinin-istirakcileri-mayis-18-kunu-qirimtatar-halqi-surgunligi-qurbanlarinin-hatirasina-bagislangan-qaygi-ve-birlik-daqqasina-qosulacaqlar\/","url":"https:\/\/qtmm.org\/qt\/biz-avropalilarmiz-areketinin-istirakcileri-mayis-18-kunu-qirimtatar-halqi-surgunligi-qurbanlarinin-hatirasina-bagislangan-qaygi-ve-birlik-daqqasina-qosulacaqlar\/","name":"\u00abBiz avropal\u0131larm\u0131z\u00bb areketini\u00f1 i\u015ftirak\u00e7ileri may\u0131s 18 k\u00fcn\u00fc Q\u0131r\u0131mtatar halq\u0131 s\u00fcrg\u00fcnligi qurbanlar\u0131n\u0131\u00f1 hat\u0131ras\u0131na ba\u011f\u0131\u015flan\u011fan \"Qay\u011f\u0131 ve Birlik daqqas\u0131\"na qo\u015fulacaqlar - \u041c\u0435\u0434\u0436\u043b\u0456\u0441","isPartOf":{"@id":"https:\/\/qtmm.org\/qt\/#website"},"datePublished":"2013-05-15T20:10:00+00:00","dateModified":"2022-01-23T20:10:36+00:00","breadcrumb":{"@id":"https:\/\/qtmm.org\/qt\/biz-avropalilarmiz-areketinin-istirakcileri-mayis-18-kunu-qirimtatar-halqi-surgunligi-qurbanlarinin-hatirasina-bagislangan-qaygi-ve-birlik-daqqasina-qosulacaqlar\/#breadcrumb"},"inLanguage":"qt","potentialAction":[{"@type":"ReadAction","target":["https:\/\/qtmm.org\/qt\/biz-avropalilarmiz-areketinin-istirakcileri-mayis-18-kunu-qirimtatar-halqi-surgunligi-qurbanlarinin-hatirasina-bagislangan-qaygi-ve-birlik-daqqasina-qosulacaqlar\/"]}]},{"@type":"BreadcrumbList","@id":"https:\/\/qtmm.org\/qt\/biz-avropalilarmiz-areketinin-istirakcileri-mayis-18-kunu-qirimtatar-halqi-surgunligi-qurbanlarinin-hatirasina-bagislangan-qaygi-ve-birlik-daqqasina-qosulacaqlar\/#breadcrumb","itemListElement":[{"@type":"ListItem","position":1,"name":"\u0413\u043e\u043b\u043e\u0432\u043d\u0430","item":"https:\/\/qtmm.org\/qt\/"},{"@type":"ListItem","position":2,"name":"\u00abBiz avropal\u0131larm\u0131z\u00bb areketini\u00f1 i\u015ftirak\u00e7ileri may\u0131s 18 k\u00fcn\u00fc Q\u0131r\u0131mtatar halq\u0131 s\u00fcrg\u00fcnligi qurbanlar\u0131n\u0131\u00f1 hat\u0131ras\u0131na ba\u011f\u0131\u015flan\u011fan &#8220;Qay\u011f\u0131 ve Birlik daqqas\u0131&#8221;na qo\u015fulacaqlar"}]},{"@type":"WebSite","@id":"https:\/\/qtmm.org\/qt\/#website","url":"https:\/\/qtmm.org\/qt\/","name":"\u041c\u0435\u0434\u0436\u043b\u0456\u0441","description":"","publisher":{"@id":"https:\/\/qtmm.org\/qt\/#organization"},"potentialAction":[{"@type":"SearchAction","target":{"@type":"EntryPoint","urlTemplate":"https:\/\/qtmm.org\/qt\/?s={search_term_string}"},"query-input":{"@type":"PropertyValueSpecification","valueRequired":true,"valueName":"search_term_string"}}],"inLanguage":"qt"},{"@type":"Organization","@id":"https:\/\/qtmm.org\/qt\/#organization","name":"\u041c\u0435\u0434\u0436\u043b\u0456\u0441","url":"https:\/\/qtmm.org\/qt\/","logo":{"@type":"ImageObject","inLanguage":"qt","@id":"https:\/\/qtmm.org\/qt\/#\/schema\/logo\/image\/","url":"https:\/\/qtmm.org\/wp-content\/uploads\/2024\/12\/ua-mejlis-logo-rgb.svg","contentUrl":"https:\/\/qtmm.org\/wp-content\/uploads\/2024\/12\/ua-mejlis-logo-rgb.svg","caption":"\u041c\u0435\u0434\u0436\u043b\u0456\u0441"},"image":{"@id":"https:\/\/qtmm.org\/qt\/#\/schema\/logo\/image\/"},"sameAs":["https:\/\/www.facebook.com\/qtmm.info\/"]},{"@type":"Person","@id":"https:\/\/qtmm.org\/qt\/#\/schema\/person\/de562469f971dec226ac06e60bbf74a7","name":"Developer","image":{"@type":"ImageObject","inLanguage":"qt","@id":"https:\/\/secure.gravatar.com\/avatar\/392b4cc8fbfeb00b39dfeeab4ee6edded39ffd48e25858637e4765810300227e?s=96&d=mm&r=g","url":"https:\/\/secure.gravatar.com\/avatar\/392b4cc8fbfeb00b39dfeeab4ee6edded39ffd48e25858637e4765810300227e?s=96&d=mm&r=g","contentUrl":"https:\/\/secure.gravatar.com\/avatar\/392b4cc8fbfeb00b39dfeeab4ee6edded39ffd48e25858637e4765810300227e?s=96&d=mm&r=g","caption":"Developer"},"url":"https:\/\/qtmm.org\/qt\/author\/Developer\/"}]}},"_links":{"self":[{"href":"https:\/\/qtmm.org\/qt\/wp-json\/wp\/v2\/posts\/37220","targetHints":{"allow":["GET"]}}],"collection":[{"href":"https:\/\/qtmm.org\/qt\/wp-json\/wp\/v2\/posts"}],"about":[{"href":"https:\/\/qtmm.org\/qt\/wp-json\/wp\/v2\/types\/post"}],"author":[{"embeddable":true,"href":"https:\/\/qtmm.org\/qt\/wp-json\/wp\/v2\/users\/1"}],"replies":[{"embeddable":true,"href":"https:\/\/qtmm.org\/qt\/wp-json\/wp\/v2\/comments?post=37220"}],"version-history":[{"count":1,"href":"https:\/\/qtmm.org\/qt\/wp-json\/wp\/v2\/posts\/37220\/revisions"}],"predecessor-version":[{"id":37221,"href":"https:\/\/qtmm.org\/qt\/wp-json\/wp\/v2\/posts\/37220\/revisions\/37221"}],"wp:attachment":[{"href":"https:\/\/qtmm.org\/qt\/wp-json\/wp\/v2\/media?parent=37220"}],"wp:term":[{"taxonomy":"category","embeddable":true,"href":"https:\/\/qtmm.org\/qt\/wp-json\/wp\/v2\/categories?post=37220"},{"taxonomy":"post_tag","embeddable":true,"href":"https:\/\/qtmm.org\/qt\/wp-json\/wp\/v2\/tags?post=37220"}],"curies":[{"name":"wp","href":"https:\/\/api.w.org\/{rel}","templated":true}]}}