




{"id":37200,"date":"2013-05-14T23:08:00","date_gmt":"2013-05-14T20:08:00","guid":{"rendered":"http:\/\/qtmm.org\/?p=37200"},"modified":"2022-01-23T23:09:30","modified_gmt":"2022-01-23T20:09:30","slug":"mayis-18-kunu-avropa-birligi-devletlerinde-qirimtatar-halqi-soyqirimi-qurbanlarinin-hatirasina-bagislangan-aktsiyalar-otkerilecek","status":"publish","type":"post","link":"https:\/\/qtmm.org\/qt\/mayis-18-kunu-avropa-birligi-devletlerinde-qirimtatar-halqi-soyqirimi-qurbanlarinin-hatirasina-bagislangan-aktsiyalar-otkerilecek\/","title":{"rendered":"May\u0131s 18 k\u00fcn\u00fc Avropa Birligi devletlerinde q\u0131r\u0131mtatar halq\u0131 soyq\u0131r\u0131m\u0131 qurbanlar\u0131n\u0131\u00f1 hat\u0131ras\u0131na ba\u011f\u0131\u015flan\u011fan aktsiyalar \u00f6tkerilecek"},"content":{"rendered":"\n<p>May\u0131s 18 k\u00fcn\u00fc yerli vaq\u0131tnen saat 12-de Q\u0131r\u0131mtatarlarn\u0131\u00f1 matem k\u00fcn\u00fcnde Avropa Birligi devletlerinde q\u0131r\u0131mtatar halq\u0131 soyq\u0131r\u0131m\u0131 qurbanlar\u0131n\u0131\u00f1 hat\u0131ras\u0131na ba\u011f\u0131\u015flan\u011fan aktsiyalar \u00f6tkerilip, Ukrainada q\u0131r\u0131mtatarlarn\u0131\u00f1 aqlar\u0131n\u0131 \u011fayr\u0131dan tiklemek tatap etilecek.<\/p>\n\n\n\n<figure class=\"wp-block-image size-full\"><img loading=\"lazy\" decoding=\"async\" width=\"640\" height=\"184\" src=\"http:\/\/qtmm.org\/wp-content\/uploads\/2022\/01\/k_r_m_demo_do_viz_deutsch.jpeg\" alt=\"\" class=\"wp-image-37201\" srcset=\"https:\/\/qtmm.org\/wp-content\/uploads\/2022\/01\/k_r_m_demo_do_viz_deutsch.jpeg 640w, https:\/\/qtmm.org\/wp-content\/uploads\/2022\/01\/k_r_m_demo_do_viz_deutsch-300x86.jpeg 300w\" sizes=\"auto, (max-width: 640px) 100vw, 640px\" \/><\/figure>\n\n\n\n<figure class=\"wp-block-image size-full\"><img loading=\"lazy\" decoding=\"async\" width=\"640\" height=\"185\" src=\"http:\/\/qtmm.org\/wp-content\/uploads\/2022\/01\/k_r_m_demo_do_viz_french.jpeg\" alt=\"\" class=\"wp-image-37205\" srcset=\"https:\/\/qtmm.org\/wp-content\/uploads\/2022\/01\/k_r_m_demo_do_viz_french.jpeg 640w, https:\/\/qtmm.org\/wp-content\/uploads\/2022\/01\/k_r_m_demo_do_viz_french-300x87.jpeg 300w\" sizes=\"auto, (max-width: 640px) 100vw, 640px\" \/><\/figure>\n\n\n\n<p>Aktsiya i\u015ftirak\u00e7ileri Q\u0131r\u0131m resmiy akimlerini\u00f1 q\u0131r\u0131mtatar halq\u0131na nisbeten aqs\u0131mlav areketlerini, q\u0131r\u0131mtatar halq\u0131n\u0131\u00f1 saylanma organ\u0131 ol\u011fan Meclis ve Qurultay qurumlar\u0131n\u0131 k\u00f6rmemezlikke al\u011fanlar\u0131n\u0131 tenqid etecekler.<\/p>\n\n\n\n<p>Ayn\u0131 zamanda aktsiyada i\u015ftirak etken q\u0131r\u0131mtatar diasporas\u0131 tez vaq\u0131tta Q\u0131r\u0131mtatar halq\u0131n\u0131\u00f1 aqlar\u0131n\u0131 tiklev, Ukrainada on\u0131\u00f1 tel\u00fckesizligi ve inki\u015faf\u0131n\u0131 teminlev boyunca halqara forum ke\u00e7irilmesine yard\u0131m etmelerini rica etip halqara te\u015fkil\u00e2tlar\u011fa muracaat etecekler.<\/p>\n\n\n\n<figure class=\"wp-block-image size-full\"><img loading=\"lazy\" decoding=\"async\" width=\"640\" height=\"185\" src=\"http:\/\/qtmm.org\/wp-content\/uploads\/2022\/01\/k_r_m_demo_do_viz_niederlaendisch.jpeg\" alt=\"\" class=\"wp-image-37209\" srcset=\"https:\/\/qtmm.org\/wp-content\/uploads\/2022\/01\/k_r_m_demo_do_viz_niederlaendisch.jpeg 640w, https:\/\/qtmm.org\/wp-content\/uploads\/2022\/01\/k_r_m_demo_do_viz_niederlaendisch-300x87.jpeg 300w\" sizes=\"auto, (max-width: 640px) 100vw, 640px\" \/><\/figure>\n\n\n\n<figure class=\"wp-block-image size-full\"><img loading=\"lazy\" decoding=\"async\" width=\"640\" height=\"184\" src=\"http:\/\/qtmm.org\/wp-content\/uploads\/2022\/01\/k_r_m_demo_do_viz_turkish.jpeg\" alt=\"\" class=\"wp-image-37213\" srcset=\"https:\/\/qtmm.org\/wp-content\/uploads\/2022\/01\/k_r_m_demo_do_viz_turkish.jpeg 640w, https:\/\/qtmm.org\/wp-content\/uploads\/2022\/01\/k_r_m_demo_do_viz_turkish-300x86.jpeg 300w\" sizes=\"auto, (max-width: 640px) 100vw, 640px\" \/><\/figure>\n\n\n\n<p>Q\u0131r\u0131mtatar diasporas\u0131n\u0131\u00f1 aktsiyalar\u0131 Ukrainan\u0131\u00f1 Br\u00fcsselde, Gaagada, Berlinde, Venada, Parijde, Londonda, Buharestte, Var\u015favada, Berndeki el\u00e7ilikleri qar\u015f\u0131s\u0131nda ve Avropa Birligini\u00f1 diger devletlerinde, bun\u0131\u00f1 kibi de T\u00fcrkineni\u00f1 Anqara ve \u0130stanbul \u015feerlerinde ke\u00e7irilecek.<\/p>\n\n\n\n<p>Aktsiyada i\u015ftirak etmege uquqqoruv te\u015fkil\u00e2tlar\u0131n\u0131\u00f1 vekilleri, siyaset\u00e7iler, parlament deputatlar\u0131 davet olund\u0131lar.<\/p>\n\n\n\n<p><em><strong>Mal\u00fcmat<\/strong>: 1944 senesi may\u0131s 18 k\u00fcn\u00fc q\u0131r\u0131mtatarlar misilsiz s\u00fcrg\u00fcnlikke o\u011frat\u0131ld\u0131lar. Bu cinayet maqsadl\u0131 soyq\u0131r\u0131m old\u0131, s\u00fcrg\u00fcnlikni\u00f1 birinci bir bu\u00e7uq y\u0131l\u0131nda a\u00e7l\u0131q, hastal\u0131q, a\u011f\u0131r \u015faraitlerden 1956 senesine qadar halqn\u0131\u00f1 46,2 fay\u0131z\u0131, esasen qartlar, qad\u0131nlar ve balalar el\u00e2k old\u0131.<\/em><\/p>\n","protected":false},"excerpt":{"rendered":"<p>May\u0131s 18 k\u00fcn\u00fc yerli vaq\u0131tnen saat 12-de Q\u0131r\u0131mtatarlarn\u0131\u00f1 matem k\u00fcn\u00fcnde Avropa Birligi devletlerinde q\u0131r\u0131mtatar halq\u0131 soyq\u0131r\u0131m\u0131 qurbanlar\u0131n\u0131\u00f1 hat\u0131ras\u0131na ba\u011f\u0131\u015flan\u011fan aktsiyalar \u00f6tkerilip, Ukrainada q\u0131r\u0131mtatarlarn\u0131\u00f1 aqlar\u0131n\u0131 \u011fayr\u0131dan tiklemek tatap etilecek. Aktsiya i\u015ftirak\u00e7ileri Q\u0131r\u0131m resmiy akimlerini\u00f1 q\u0131r\u0131mtatar halq\u0131na nisbeten aqs\u0131mlav areketlerini, q\u0131r\u0131mtatar halq\u0131n\u0131\u00f1 saylanma organ\u0131 ol\u011fan Meclis ve Qurultay qurumlar\u0131n\u0131 k\u00f6rmemezlikke al\u011fanlar\u0131n\u0131 tenqid etecekler. Ayn\u0131 zamanda aktsiyada i\u015ftirak [&hellip;]<\/p>\n","protected":false},"author":1,"featured_media":0,"comment_status":"open","ping_status":"open","sticky":false,"template":"","format":"standard","meta":{"inline_featured_image":false,"footnotes":""},"categories":[265],"tags":[],"class_list":["post-37200","post","type-post","status-publish","format-standard","hentry","category-haberler"],"acf":[],"yoast_head":"<!-- This site is optimized with the Yoast SEO plugin v27.4 - https:\/\/yoast.com\/product\/yoast-seo-wordpress\/ -->\n<title>May\u0131s 18 k\u00fcn\u00fc Avropa Birligi devletlerinde q\u0131r\u0131mtatar halq\u0131 soyq\u0131r\u0131m\u0131 qurbanlar\u0131n\u0131\u00f1 hat\u0131ras\u0131na ba\u011f\u0131\u015flan\u011fan aktsiyalar \u00f6tkerilecek - \u041c\u0435\u0434\u0436\u043b\u0456\u0441<\/title>\n<meta name=\"robots\" content=\"index, follow, max-snippet:-1, max-image-preview:large, max-video-preview:-1\" \/>\n<link rel=\"canonical\" href=\"https:\/\/qtmm.org\/qt\/mayis-18-kunu-avropa-birligi-devletlerinde-qirimtatar-halqi-soyqirimi-qurbanlarinin-hatirasina-bagislangan-aktsiyalar-otkerilecek\/\" \/>\n<meta property=\"og:locale\" content=\"en_US\" \/>\n<meta property=\"og:type\" content=\"article\" \/>\n<meta property=\"og:title\" content=\"May\u0131s 18 k\u00fcn\u00fc Avropa Birligi devletlerinde q\u0131r\u0131mtatar halq\u0131 soyq\u0131r\u0131m\u0131 qurbanlar\u0131n\u0131\u00f1 hat\u0131ras\u0131na ba\u011f\u0131\u015flan\u011fan aktsiyalar \u00f6tkerilecek - \u041c\u0435\u0434\u0436\u043b\u0456\u0441\" \/>\n<meta property=\"og:description\" content=\"May\u0131s 18 k\u00fcn\u00fc yerli vaq\u0131tnen saat 12-de Q\u0131r\u0131mtatarlarn\u0131\u00f1 matem k\u00fcn\u00fcnde Avropa Birligi devletlerinde q\u0131r\u0131mtatar halq\u0131 soyq\u0131r\u0131m\u0131 qurbanlar\u0131n\u0131\u00f1 hat\u0131ras\u0131na ba\u011f\u0131\u015flan\u011fan aktsiyalar \u00f6tkerilip, Ukrainada q\u0131r\u0131mtatarlarn\u0131\u00f1 aqlar\u0131n\u0131 \u011fayr\u0131dan tiklemek tatap etilecek. Aktsiya i\u015ftirak\u00e7ileri Q\u0131r\u0131m resmiy akimlerini\u00f1 q\u0131r\u0131mtatar halq\u0131na nisbeten aqs\u0131mlav areketlerini, q\u0131r\u0131mtatar halq\u0131n\u0131\u00f1 saylanma organ\u0131 ol\u011fan Meclis ve Qurultay qurumlar\u0131n\u0131 k\u00f6rmemezlikke al\u011fanlar\u0131n\u0131 tenqid etecekler. Ayn\u0131 zamanda aktsiyada i\u015ftirak [&hellip;]\" \/>\n<meta property=\"og:url\" content=\"https:\/\/qtmm.org\/qt\/mayis-18-kunu-avropa-birligi-devletlerinde-qirimtatar-halqi-soyqirimi-qurbanlarinin-hatirasina-bagislangan-aktsiyalar-otkerilecek\/\" \/>\n<meta property=\"og:site_name\" content=\"\u041c\u0435\u0434\u0436\u043b\u0456\u0441\" \/>\n<meta property=\"article:publisher\" content=\"https:\/\/www.facebook.com\/qtmm.info\/\" \/>\n<meta property=\"article:published_time\" content=\"2013-05-14T20:08:00+00:00\" \/>\n<meta property=\"article:modified_time\" content=\"2022-01-23T20:09:30+00:00\" \/>\n<meta property=\"og:image\" content=\"https:\/\/qtmm.org\/wp-content\/uploads\/2022\/01\/k_r_m_demo_do_viz_deutsch.jpeg\" \/>\n\t<meta property=\"og:image:width\" content=\"640\" \/>\n\t<meta property=\"og:image:height\" content=\"184\" \/>\n\t<meta property=\"og:image:type\" content=\"image\/jpeg\" \/>\n<meta name=\"author\" content=\"Developer\" \/>\n<meta name=\"twitter:card\" content=\"summary_large_image\" \/>\n<meta name=\"twitter:label1\" content=\"Written by\" \/>\n\t<meta name=\"twitter:data1\" content=\"Developer\" \/>\n\t<meta name=\"twitter:label2\" content=\"Est. reading time\" \/>\n\t<meta name=\"twitter:data2\" content=\"1 minute\" \/>\n<script type=\"application\/ld+json\" class=\"yoast-schema-graph\">{\"@context\":\"https:\\\/\\\/schema.org\",\"@graph\":[{\"@type\":\"Article\",\"@id\":\"https:\\\/\\\/qtmm.org\\\/qt\\\/mayis-18-kunu-avropa-birligi-devletlerinde-qirimtatar-halqi-soyqirimi-qurbanlarinin-hatirasina-bagislangan-aktsiyalar-otkerilecek\\\/#article\",\"isPartOf\":{\"@id\":\"https:\\\/\\\/qtmm.org\\\/qt\\\/mayis-18-kunu-avropa-birligi-devletlerinde-qirimtatar-halqi-soyqirimi-qurbanlarinin-hatirasina-bagislangan-aktsiyalar-otkerilecek\\\/\"},\"author\":{\"name\":\"Developer\",\"@id\":\"https:\\\/\\\/qtmm.org\\\/qt\\\/#\\\/schema\\\/person\\\/de562469f971dec226ac06e60bbf74a7\"},\"headline\":\"May\u0131s 18 k\u00fcn\u00fc Avropa Birligi devletlerinde q\u0131r\u0131mtatar halq\u0131 soyq\u0131r\u0131m\u0131 qurbanlar\u0131n\u0131\u00f1 hat\u0131ras\u0131na ba\u011f\u0131\u015flan\u011fan aktsiyalar \u00f6tkerilecek\",\"datePublished\":\"2013-05-14T20:08:00+00:00\",\"dateModified\":\"2022-01-23T20:09:30+00:00\",\"mainEntityOfPage\":{\"@id\":\"https:\\\/\\\/qtmm.org\\\/qt\\\/mayis-18-kunu-avropa-birligi-devletlerinde-qirimtatar-halqi-soyqirimi-qurbanlarinin-hatirasina-bagislangan-aktsiyalar-otkerilecek\\\/\"},\"wordCount\":270,\"commentCount\":0,\"publisher\":{\"@id\":\"https:\\\/\\\/qtmm.org\\\/qt\\\/#organization\"},\"image\":{\"@id\":\"https:\\\/\\\/qtmm.org\\\/qt\\\/mayis-18-kunu-avropa-birligi-devletlerinde-qirimtatar-halqi-soyqirimi-qurbanlarinin-hatirasina-bagislangan-aktsiyalar-otkerilecek\\\/#primaryimage\"},\"thumbnailUrl\":\"http:\\\/\\\/qtmm.org\\\/wp-content\\\/uploads\\\/2022\\\/01\\\/k_r_m_demo_do_viz_deutsch.jpeg\",\"articleSection\":[\"Haberler\"],\"inLanguage\":\"qt\",\"potentialAction\":[{\"@type\":\"CommentAction\",\"name\":\"Comment\",\"target\":[\"https:\\\/\\\/qtmm.org\\\/qt\\\/mayis-18-kunu-avropa-birligi-devletlerinde-qirimtatar-halqi-soyqirimi-qurbanlarinin-hatirasina-bagislangan-aktsiyalar-otkerilecek\\\/#respond\"]}]},{\"@type\":\"WebPage\",\"@id\":\"https:\\\/\\\/qtmm.org\\\/qt\\\/mayis-18-kunu-avropa-birligi-devletlerinde-qirimtatar-halqi-soyqirimi-qurbanlarinin-hatirasina-bagislangan-aktsiyalar-otkerilecek\\\/\",\"url\":\"https:\\\/\\\/qtmm.org\\\/qt\\\/mayis-18-kunu-avropa-birligi-devletlerinde-qirimtatar-halqi-soyqirimi-qurbanlarinin-hatirasina-bagislangan-aktsiyalar-otkerilecek\\\/\",\"name\":\"May\u0131s 18 k\u00fcn\u00fc Avropa Birligi devletlerinde q\u0131r\u0131mtatar halq\u0131 soyq\u0131r\u0131m\u0131 qurbanlar\u0131n\u0131\u00f1 hat\u0131ras\u0131na ba\u011f\u0131\u015flan\u011fan aktsiyalar \u00f6tkerilecek - \u041c\u0435\u0434\u0436\u043b\u0456\u0441\",\"isPartOf\":{\"@id\":\"https:\\\/\\\/qtmm.org\\\/qt\\\/#website\"},\"primaryImageOfPage\":{\"@id\":\"https:\\\/\\\/qtmm.org\\\/qt\\\/mayis-18-kunu-avropa-birligi-devletlerinde-qirimtatar-halqi-soyqirimi-qurbanlarinin-hatirasina-bagislangan-aktsiyalar-otkerilecek\\\/#primaryimage\"},\"image\":{\"@id\":\"https:\\\/\\\/qtmm.org\\\/qt\\\/mayis-18-kunu-avropa-birligi-devletlerinde-qirimtatar-halqi-soyqirimi-qurbanlarinin-hatirasina-bagislangan-aktsiyalar-otkerilecek\\\/#primaryimage\"},\"thumbnailUrl\":\"http:\\\/\\\/qtmm.org\\\/wp-content\\\/uploads\\\/2022\\\/01\\\/k_r_m_demo_do_viz_deutsch.jpeg\",\"datePublished\":\"2013-05-14T20:08:00+00:00\",\"dateModified\":\"2022-01-23T20:09:30+00:00\",\"breadcrumb\":{\"@id\":\"https:\\\/\\\/qtmm.org\\\/qt\\\/mayis-18-kunu-avropa-birligi-devletlerinde-qirimtatar-halqi-soyqirimi-qurbanlarinin-hatirasina-bagislangan-aktsiyalar-otkerilecek\\\/#breadcrumb\"},\"inLanguage\":\"qt\",\"potentialAction\":[{\"@type\":\"ReadAction\",\"target\":[\"https:\\\/\\\/qtmm.org\\\/qt\\\/mayis-18-kunu-avropa-birligi-devletlerinde-qirimtatar-halqi-soyqirimi-qurbanlarinin-hatirasina-bagislangan-aktsiyalar-otkerilecek\\\/\"]}]},{\"@type\":\"ImageObject\",\"inLanguage\":\"qt\",\"@id\":\"https:\\\/\\\/qtmm.org\\\/qt\\\/mayis-18-kunu-avropa-birligi-devletlerinde-qirimtatar-halqi-soyqirimi-qurbanlarinin-hatirasina-bagislangan-aktsiyalar-otkerilecek\\\/#primaryimage\",\"url\":\"http:\\\/\\\/qtmm.org\\\/wp-content\\\/uploads\\\/2022\\\/01\\\/k_r_m_demo_do_viz_deutsch.jpeg\",\"contentUrl\":\"http:\\\/\\\/qtmm.org\\\/wp-content\\\/uploads\\\/2022\\\/01\\\/k_r_m_demo_do_viz_deutsch.jpeg\"},{\"@type\":\"BreadcrumbList\",\"@id\":\"https:\\\/\\\/qtmm.org\\\/qt\\\/mayis-18-kunu-avropa-birligi-devletlerinde-qirimtatar-halqi-soyqirimi-qurbanlarinin-hatirasina-bagislangan-aktsiyalar-otkerilecek\\\/#breadcrumb\",\"itemListElement\":[{\"@type\":\"ListItem\",\"position\":1,\"name\":\"\u0413\u043e\u043b\u043e\u0432\u043d\u0430\",\"item\":\"https:\\\/\\\/qtmm.org\\\/qt\\\/\"},{\"@type\":\"ListItem\",\"position\":2,\"name\":\"May\u0131s 18 k\u00fcn\u00fc Avropa Birligi devletlerinde q\u0131r\u0131mtatar halq\u0131 soyq\u0131r\u0131m\u0131 qurbanlar\u0131n\u0131\u00f1 hat\u0131ras\u0131na ba\u011f\u0131\u015flan\u011fan aktsiyalar \u00f6tkerilecek\"}]},{\"@type\":\"WebSite\",\"@id\":\"https:\\\/\\\/qtmm.org\\\/qt\\\/#website\",\"url\":\"https:\\\/\\\/qtmm.org\\\/qt\\\/\",\"name\":\"\u041c\u0435\u0434\u0436\u043b\u0456\u0441\",\"description\":\"\",\"publisher\":{\"@id\":\"https:\\\/\\\/qtmm.org\\\/qt\\\/#organization\"},\"potentialAction\":[{\"@type\":\"SearchAction\",\"target\":{\"@type\":\"EntryPoint\",\"urlTemplate\":\"https:\\\/\\\/qtmm.org\\\/qt\\\/?s={search_term_string}\"},\"query-input\":{\"@type\":\"PropertyValueSpecification\",\"valueRequired\":true,\"valueName\":\"search_term_string\"}}],\"inLanguage\":\"qt\"},{\"@type\":\"Organization\",\"@id\":\"https:\\\/\\\/qtmm.org\\\/qt\\\/#organization\",\"name\":\"\u041c\u0435\u0434\u0436\u043b\u0456\u0441\",\"url\":\"https:\\\/\\\/qtmm.org\\\/qt\\\/\",\"logo\":{\"@type\":\"ImageObject\",\"inLanguage\":\"qt\",\"@id\":\"https:\\\/\\\/qtmm.org\\\/qt\\\/#\\\/schema\\\/logo\\\/image\\\/\",\"url\":\"https:\\\/\\\/qtmm.org\\\/wp-content\\\/uploads\\\/2024\\\/12\\\/ua-mejlis-logo-rgb.svg\",\"contentUrl\":\"https:\\\/\\\/qtmm.org\\\/wp-content\\\/uploads\\\/2024\\\/12\\\/ua-mejlis-logo-rgb.svg\",\"caption\":\"\u041c\u0435\u0434\u0436\u043b\u0456\u0441\"},\"image\":{\"@id\":\"https:\\\/\\\/qtmm.org\\\/qt\\\/#\\\/schema\\\/logo\\\/image\\\/\"},\"sameAs\":[\"https:\\\/\\\/www.facebook.com\\\/qtmm.info\\\/\"]},{\"@type\":\"Person\",\"@id\":\"https:\\\/\\\/qtmm.org\\\/qt\\\/#\\\/schema\\\/person\\\/de562469f971dec226ac06e60bbf74a7\",\"name\":\"Developer\",\"image\":{\"@type\":\"ImageObject\",\"inLanguage\":\"qt\",\"@id\":\"https:\\\/\\\/secure.gravatar.com\\\/avatar\\\/392b4cc8fbfeb00b39dfeeab4ee6edded39ffd48e25858637e4765810300227e?s=96&d=mm&r=g\",\"url\":\"https:\\\/\\\/secure.gravatar.com\\\/avatar\\\/392b4cc8fbfeb00b39dfeeab4ee6edded39ffd48e25858637e4765810300227e?s=96&d=mm&r=g\",\"contentUrl\":\"https:\\\/\\\/secure.gravatar.com\\\/avatar\\\/392b4cc8fbfeb00b39dfeeab4ee6edded39ffd48e25858637e4765810300227e?s=96&d=mm&r=g\",\"caption\":\"Developer\"},\"url\":\"https:\\\/\\\/qtmm.org\\\/qt\\\/author\\\/Developer\\\/\"}]}<\/script>\n<!-- \/ Yoast SEO plugin. -->","yoast_head_json":{"title":"May\u0131s 18 k\u00fcn\u00fc Avropa Birligi devletlerinde q\u0131r\u0131mtatar halq\u0131 soyq\u0131r\u0131m\u0131 qurbanlar\u0131n\u0131\u00f1 hat\u0131ras\u0131na ba\u011f\u0131\u015flan\u011fan aktsiyalar \u00f6tkerilecek - \u041c\u0435\u0434\u0436\u043b\u0456\u0441","robots":{"index":"index","follow":"follow","max-snippet":"max-snippet:-1","max-image-preview":"max-image-preview:large","max-video-preview":"max-video-preview:-1"},"canonical":"https:\/\/qtmm.org\/qt\/mayis-18-kunu-avropa-birligi-devletlerinde-qirimtatar-halqi-soyqirimi-qurbanlarinin-hatirasina-bagislangan-aktsiyalar-otkerilecek\/","og_locale":"en_US","og_type":"article","og_title":"May\u0131s 18 k\u00fcn\u00fc Avropa Birligi devletlerinde q\u0131r\u0131mtatar halq\u0131 soyq\u0131r\u0131m\u0131 qurbanlar\u0131n\u0131\u00f1 hat\u0131ras\u0131na ba\u011f\u0131\u015flan\u011fan aktsiyalar \u00f6tkerilecek - \u041c\u0435\u0434\u0436\u043b\u0456\u0441","og_description":"May\u0131s 18 k\u00fcn\u00fc yerli vaq\u0131tnen saat 12-de Q\u0131r\u0131mtatarlarn\u0131\u00f1 matem k\u00fcn\u00fcnde Avropa Birligi devletlerinde q\u0131r\u0131mtatar halq\u0131 soyq\u0131r\u0131m\u0131 qurbanlar\u0131n\u0131\u00f1 hat\u0131ras\u0131na ba\u011f\u0131\u015flan\u011fan aktsiyalar \u00f6tkerilip, Ukrainada q\u0131r\u0131mtatarlarn\u0131\u00f1 aqlar\u0131n\u0131 \u011fayr\u0131dan tiklemek tatap etilecek. Aktsiya i\u015ftirak\u00e7ileri Q\u0131r\u0131m resmiy akimlerini\u00f1 q\u0131r\u0131mtatar halq\u0131na nisbeten aqs\u0131mlav areketlerini, q\u0131r\u0131mtatar halq\u0131n\u0131\u00f1 saylanma organ\u0131 ol\u011fan Meclis ve Qurultay qurumlar\u0131n\u0131 k\u00f6rmemezlikke al\u011fanlar\u0131n\u0131 tenqid etecekler. Ayn\u0131 zamanda aktsiyada i\u015ftirak [&hellip;]","og_url":"https:\/\/qtmm.org\/qt\/mayis-18-kunu-avropa-birligi-devletlerinde-qirimtatar-halqi-soyqirimi-qurbanlarinin-hatirasina-bagislangan-aktsiyalar-otkerilecek\/","og_site_name":"\u041c\u0435\u0434\u0436\u043b\u0456\u0441","article_publisher":"https:\/\/www.facebook.com\/qtmm.info\/","article_published_time":"2013-05-14T20:08:00+00:00","article_modified_time":"2022-01-23T20:09:30+00:00","og_image":[{"width":640,"height":184,"url":"https:\/\/qtmm.org\/wp-content\/uploads\/2022\/01\/k_r_m_demo_do_viz_deutsch.jpeg","type":"image\/jpeg"}],"author":"Developer","twitter_card":"summary_large_image","twitter_misc":{"Written by":"Developer","Est. reading time":"1 minute"},"schema":{"@context":"https:\/\/schema.org","@graph":[{"@type":"Article","@id":"https:\/\/qtmm.org\/qt\/mayis-18-kunu-avropa-birligi-devletlerinde-qirimtatar-halqi-soyqirimi-qurbanlarinin-hatirasina-bagislangan-aktsiyalar-otkerilecek\/#article","isPartOf":{"@id":"https:\/\/qtmm.org\/qt\/mayis-18-kunu-avropa-birligi-devletlerinde-qirimtatar-halqi-soyqirimi-qurbanlarinin-hatirasina-bagislangan-aktsiyalar-otkerilecek\/"},"author":{"name":"Developer","@id":"https:\/\/qtmm.org\/qt\/#\/schema\/person\/de562469f971dec226ac06e60bbf74a7"},"headline":"May\u0131s 18 k\u00fcn\u00fc Avropa Birligi devletlerinde q\u0131r\u0131mtatar halq\u0131 soyq\u0131r\u0131m\u0131 qurbanlar\u0131n\u0131\u00f1 hat\u0131ras\u0131na ba\u011f\u0131\u015flan\u011fan aktsiyalar \u00f6tkerilecek","datePublished":"2013-05-14T20:08:00+00:00","dateModified":"2022-01-23T20:09:30+00:00","mainEntityOfPage":{"@id":"https:\/\/qtmm.org\/qt\/mayis-18-kunu-avropa-birligi-devletlerinde-qirimtatar-halqi-soyqirimi-qurbanlarinin-hatirasina-bagislangan-aktsiyalar-otkerilecek\/"},"wordCount":270,"commentCount":0,"publisher":{"@id":"https:\/\/qtmm.org\/qt\/#organization"},"image":{"@id":"https:\/\/qtmm.org\/qt\/mayis-18-kunu-avropa-birligi-devletlerinde-qirimtatar-halqi-soyqirimi-qurbanlarinin-hatirasina-bagislangan-aktsiyalar-otkerilecek\/#primaryimage"},"thumbnailUrl":"http:\/\/qtmm.org\/wp-content\/uploads\/2022\/01\/k_r_m_demo_do_viz_deutsch.jpeg","articleSection":["Haberler"],"inLanguage":"qt","potentialAction":[{"@type":"CommentAction","name":"Comment","target":["https:\/\/qtmm.org\/qt\/mayis-18-kunu-avropa-birligi-devletlerinde-qirimtatar-halqi-soyqirimi-qurbanlarinin-hatirasina-bagislangan-aktsiyalar-otkerilecek\/#respond"]}]},{"@type":"WebPage","@id":"https:\/\/qtmm.org\/qt\/mayis-18-kunu-avropa-birligi-devletlerinde-qirimtatar-halqi-soyqirimi-qurbanlarinin-hatirasina-bagislangan-aktsiyalar-otkerilecek\/","url":"https:\/\/qtmm.org\/qt\/mayis-18-kunu-avropa-birligi-devletlerinde-qirimtatar-halqi-soyqirimi-qurbanlarinin-hatirasina-bagislangan-aktsiyalar-otkerilecek\/","name":"May\u0131s 18 k\u00fcn\u00fc Avropa Birligi devletlerinde q\u0131r\u0131mtatar halq\u0131 soyq\u0131r\u0131m\u0131 qurbanlar\u0131n\u0131\u00f1 hat\u0131ras\u0131na ba\u011f\u0131\u015flan\u011fan aktsiyalar \u00f6tkerilecek - \u041c\u0435\u0434\u0436\u043b\u0456\u0441","isPartOf":{"@id":"https:\/\/qtmm.org\/qt\/#website"},"primaryImageOfPage":{"@id":"https:\/\/qtmm.org\/qt\/mayis-18-kunu-avropa-birligi-devletlerinde-qirimtatar-halqi-soyqirimi-qurbanlarinin-hatirasina-bagislangan-aktsiyalar-otkerilecek\/#primaryimage"},"image":{"@id":"https:\/\/qtmm.org\/qt\/mayis-18-kunu-avropa-birligi-devletlerinde-qirimtatar-halqi-soyqirimi-qurbanlarinin-hatirasina-bagislangan-aktsiyalar-otkerilecek\/#primaryimage"},"thumbnailUrl":"http:\/\/qtmm.org\/wp-content\/uploads\/2022\/01\/k_r_m_demo_do_viz_deutsch.jpeg","datePublished":"2013-05-14T20:08:00+00:00","dateModified":"2022-01-23T20:09:30+00:00","breadcrumb":{"@id":"https:\/\/qtmm.org\/qt\/mayis-18-kunu-avropa-birligi-devletlerinde-qirimtatar-halqi-soyqirimi-qurbanlarinin-hatirasina-bagislangan-aktsiyalar-otkerilecek\/#breadcrumb"},"inLanguage":"qt","potentialAction":[{"@type":"ReadAction","target":["https:\/\/qtmm.org\/qt\/mayis-18-kunu-avropa-birligi-devletlerinde-qirimtatar-halqi-soyqirimi-qurbanlarinin-hatirasina-bagislangan-aktsiyalar-otkerilecek\/"]}]},{"@type":"ImageObject","inLanguage":"qt","@id":"https:\/\/qtmm.org\/qt\/mayis-18-kunu-avropa-birligi-devletlerinde-qirimtatar-halqi-soyqirimi-qurbanlarinin-hatirasina-bagislangan-aktsiyalar-otkerilecek\/#primaryimage","url":"http:\/\/qtmm.org\/wp-content\/uploads\/2022\/01\/k_r_m_demo_do_viz_deutsch.jpeg","contentUrl":"http:\/\/qtmm.org\/wp-content\/uploads\/2022\/01\/k_r_m_demo_do_viz_deutsch.jpeg"},{"@type":"BreadcrumbList","@id":"https:\/\/qtmm.org\/qt\/mayis-18-kunu-avropa-birligi-devletlerinde-qirimtatar-halqi-soyqirimi-qurbanlarinin-hatirasina-bagislangan-aktsiyalar-otkerilecek\/#breadcrumb","itemListElement":[{"@type":"ListItem","position":1,"name":"\u0413\u043e\u043b\u043e\u0432\u043d\u0430","item":"https:\/\/qtmm.org\/qt\/"},{"@type":"ListItem","position":2,"name":"May\u0131s 18 k\u00fcn\u00fc Avropa Birligi devletlerinde q\u0131r\u0131mtatar halq\u0131 soyq\u0131r\u0131m\u0131 qurbanlar\u0131n\u0131\u00f1 hat\u0131ras\u0131na ba\u011f\u0131\u015flan\u011fan aktsiyalar \u00f6tkerilecek"}]},{"@type":"WebSite","@id":"https:\/\/qtmm.org\/qt\/#website","url":"https:\/\/qtmm.org\/qt\/","name":"\u041c\u0435\u0434\u0436\u043b\u0456\u0441","description":"","publisher":{"@id":"https:\/\/qtmm.org\/qt\/#organization"},"potentialAction":[{"@type":"SearchAction","target":{"@type":"EntryPoint","urlTemplate":"https:\/\/qtmm.org\/qt\/?s={search_term_string}"},"query-input":{"@type":"PropertyValueSpecification","valueRequired":true,"valueName":"search_term_string"}}],"inLanguage":"qt"},{"@type":"Organization","@id":"https:\/\/qtmm.org\/qt\/#organization","name":"\u041c\u0435\u0434\u0436\u043b\u0456\u0441","url":"https:\/\/qtmm.org\/qt\/","logo":{"@type":"ImageObject","inLanguage":"qt","@id":"https:\/\/qtmm.org\/qt\/#\/schema\/logo\/image\/","url":"https:\/\/qtmm.org\/wp-content\/uploads\/2024\/12\/ua-mejlis-logo-rgb.svg","contentUrl":"https:\/\/qtmm.org\/wp-content\/uploads\/2024\/12\/ua-mejlis-logo-rgb.svg","caption":"\u041c\u0435\u0434\u0436\u043b\u0456\u0441"},"image":{"@id":"https:\/\/qtmm.org\/qt\/#\/schema\/logo\/image\/"},"sameAs":["https:\/\/www.facebook.com\/qtmm.info\/"]},{"@type":"Person","@id":"https:\/\/qtmm.org\/qt\/#\/schema\/person\/de562469f971dec226ac06e60bbf74a7","name":"Developer","image":{"@type":"ImageObject","inLanguage":"qt","@id":"https:\/\/secure.gravatar.com\/avatar\/392b4cc8fbfeb00b39dfeeab4ee6edded39ffd48e25858637e4765810300227e?s=96&d=mm&r=g","url":"https:\/\/secure.gravatar.com\/avatar\/392b4cc8fbfeb00b39dfeeab4ee6edded39ffd48e25858637e4765810300227e?s=96&d=mm&r=g","contentUrl":"https:\/\/secure.gravatar.com\/avatar\/392b4cc8fbfeb00b39dfeeab4ee6edded39ffd48e25858637e4765810300227e?s=96&d=mm&r=g","caption":"Developer"},"url":"https:\/\/qtmm.org\/qt\/author\/Developer\/"}]}},"_links":{"self":[{"href":"https:\/\/qtmm.org\/qt\/wp-json\/wp\/v2\/posts\/37200","targetHints":{"allow":["GET"]}}],"collection":[{"href":"https:\/\/qtmm.org\/qt\/wp-json\/wp\/v2\/posts"}],"about":[{"href":"https:\/\/qtmm.org\/qt\/wp-json\/wp\/v2\/types\/post"}],"author":[{"embeddable":true,"href":"https:\/\/qtmm.org\/qt\/wp-json\/wp\/v2\/users\/1"}],"replies":[{"embeddable":true,"href":"https:\/\/qtmm.org\/qt\/wp-json\/wp\/v2\/comments?post=37200"}],"version-history":[{"count":1,"href":"https:\/\/qtmm.org\/qt\/wp-json\/wp\/v2\/posts\/37200\/revisions"}],"predecessor-version":[{"id":37217,"href":"https:\/\/qtmm.org\/qt\/wp-json\/wp\/v2\/posts\/37200\/revisions\/37217"}],"wp:attachment":[{"href":"https:\/\/qtmm.org\/qt\/wp-json\/wp\/v2\/media?parent=37200"}],"wp:term":[{"taxonomy":"category","embeddable":true,"href":"https:\/\/qtmm.org\/qt\/wp-json\/wp\/v2\/categories?post=37200"},{"taxonomy":"post_tag","embeddable":true,"href":"https:\/\/qtmm.org\/qt\/wp-json\/wp\/v2\/tags?post=37200"}],"curies":[{"name":"wp","href":"https:\/\/api.w.org\/{rel}","templated":true}]}}