




{"id":37198,"date":"2013-05-14T23:07:00","date_gmt":"2013-05-14T20:07:00","guid":{"rendered":"http:\/\/qtmm.org\/?p=37198"},"modified":"2022-01-23T23:08:01","modified_gmt":"2022-01-23T20:08:01","slug":"misirda-qirimtatar-halqi-soyqirimi-qurbanlarinin-hatirasina-ekstremal-yaldav-olacaq","status":"publish","type":"post","link":"https:\/\/qtmm.org\/qt\/misirda-qirimtatar-halqi-soyqirimi-qurbanlarinin-hatirasina-ekstremal-yaldav-olacaq\/","title":{"rendered":"M\u0131s\u0131rda Q\u0131r\u0131mtatar halq\u0131 soyq\u0131r\u0131m\u0131 qurbanlar\u0131n\u0131\u00f1 hat\u0131ras\u0131na ekstremal yaldav olacaq"},"content":{"rendered":"\n<p>May\u0131s 18 k\u00fcn\u00fc M\u0131s\u0131rda Q\u0131z\u0131l de\u00f1izde Ras-Mohamed tabiat qoru\u011f\u0131ndan ba\u015flap Hurgada \u015feerini\u00f1 yal\u0131s\u0131na qadar 100 kilometrlik yaldav ba\u015flanacaq.<\/p>\n\n\n\n<p>Bu tedbir q\u0131r\u0131mtatar halq\u0131 soyq\u0131r\u0131m\u0131 qurbanlar\u0131n\u0131\u00f1 hat\u0131ras\u0131na, q\u0131r\u0131mtatarlarn\u0131\u00f1 Vatanlar\u0131ndan s\u00fcrg\u00fcn etilgenlerini\u00f1 69 y\u0131ll\u0131\u011f\u0131na ve cinaiy kommunist rejiminden el\u00e2k ol\u011fanlarn\u0131\u00f1 ruhuna ba\u011f\u0131\u015flana.<\/p>\n\n\n\n<p>Bu aqta Q\u0131r\u0131mtatar halq\u0131 Meclisini\u00f1 t\u0131\u015fq\u0131 al\u00e2qalar b\u00f6l\u00fcgini\u00f1 ba\u015f\u0131 matem k\u00fcn\u00fc tedbirlerini az\u0131rlav ve ke\u00e7ir\u00fcv boyunca te\u015fkiliy komitetni\u00f1 topla\u015fuv\u0131nda haber etti.<\/p>\n\n\n\n<p>&#8220;Yaldav yahtadan k\u00f6zetilip baracaq, &#8211; dedi Hamzin. \u2013 Yaldav i\u015ftirak\u00e7ileri \u2013 marafond\u0131 yaldavc\u0131. Ukraina rekordlar kitab\u0131n\u0131\u00f1 rekord\u00e7\u0131s\u0131, sab\u0131q dissident ve siyasiy mahb\u00fcs \u00d6leg Sof\u00e2nik, Moskvadan sab\u0131q siyasiy mahb\u00fcs \u015eamil Alimuradov, Estoniya milliy azatl\u0131\u011f\u0131 i\u00e7\u00fcn k\u00fcre\u015fken \u0130mre Arakas ve \u00c7erkass\u0131den marafonc\u0131 yaldavc\u0131 Anatoliy V\u00e2letstir&#8221;.<\/p>\n\n\n\n<p>100 kilometrlik mesafeni 4-5 k\u00fcnde ke\u00e7mek planla\u015ft\u0131r\u0131la. Tedbirni\u00f1 te\u015fkil\u00e2t\u00e7\u0131lar\u0131 ve i\u015ftirak\u00e7ilerini\u00f1 s\u00f6ylegenlerine k\u00f6re bu yaldavnen olar s\u00fcrg\u00fcnde el\u00e2k ol\u011fanlarn\u0131\u00f1 hat\u0131ralar\u0131n\u0131 a\u00f1maq, bug\u00fcnde-bug\u00fcn ya\u015fa\u011fan b\u00fct\u00fcn insanlarn\u0131 kelecekte b\u00f6yle facian\u0131\u00f1 tekrarlanmas\u0131na yol bermemege \u00e7a\u011f\u0131rd\u0131lar.<\/p>\n\n\n\n<p>&#8220;Bizim maqsad\u0131m\u0131z kommunizm mevkuresini\u00f1 ne derecede vah\u015fiy ol\u011fan\u0131n\u0131 k\u00f6stermek edi. Bun\u0131 ayn\u0131 \u015fimdi, kommunist ve sovetlerge meyil bergen te\u015fkil\u00e2tlar ba\u015f\u0131n\u0131 k\u00f6terip, akimiyetke ke\u00e7mege \u0131nt\u0131l\u011fan, qanl\u0131 terror niyetini beslegen vaq\u0131tlar\u0131nda pmaq m\u0131tlaqa zarur&#8221;, &#8211; dediler aktsiya te\u015fkil\u00e2t\u00e7\u0131lar\u0131.<\/p>\n","protected":false},"excerpt":{"rendered":"<p>May\u0131s 18 k\u00fcn\u00fc M\u0131s\u0131rda Q\u0131z\u0131l de\u00f1izde Ras-Mohamed tabiat qoru\u011f\u0131ndan ba\u015flap Hurgada \u015feerini\u00f1 yal\u0131s\u0131na qadar 100 kilometrlik yaldav ba\u015flanacaq. Bu tedbir q\u0131r\u0131mtatar halq\u0131 soyq\u0131r\u0131m\u0131 qurbanlar\u0131n\u0131\u00f1 hat\u0131ras\u0131na, q\u0131r\u0131mtatarlarn\u0131\u00f1 Vatanlar\u0131ndan s\u00fcrg\u00fcn etilgenlerini\u00f1 69 y\u0131ll\u0131\u011f\u0131na ve cinaiy kommunist rejiminden el\u00e2k ol\u011fanlarn\u0131\u00f1 ruhuna ba\u011f\u0131\u015flana. Bu aqta Q\u0131r\u0131mtatar halq\u0131 Meclisini\u00f1 t\u0131\u015fq\u0131 al\u00e2qalar b\u00f6l\u00fcgini\u00f1 ba\u015f\u0131 matem k\u00fcn\u00fc tedbirlerini az\u0131rlav ve ke\u00e7ir\u00fcv boyunca [&hellip;]<\/p>\n","protected":false},"author":1,"featured_media":0,"comment_status":"open","ping_status":"open","sticky":false,"template":"","format":"standard","meta":{"inline_featured_image":false,"footnotes":""},"categories":[265],"tags":[],"class_list":["post-37198","post","type-post","status-publish","format-standard","hentry","category-haberler"],"acf":[],"yoast_head":"<!-- This site is optimized with the Yoast SEO plugin v27.4 - https:\/\/yoast.com\/product\/yoast-seo-wordpress\/ -->\n<title>M\u0131s\u0131rda Q\u0131r\u0131mtatar halq\u0131 soyq\u0131r\u0131m\u0131 qurbanlar\u0131n\u0131\u00f1 hat\u0131ras\u0131na ekstremal yaldav olacaq - \u041c\u0435\u0434\u0436\u043b\u0456\u0441<\/title>\n<meta name=\"robots\" content=\"index, follow, max-snippet:-1, max-image-preview:large, max-video-preview:-1\" \/>\n<link rel=\"canonical\" href=\"https:\/\/qtmm.org\/qt\/misirda-qirimtatar-halqi-soyqirimi-qurbanlarinin-hatirasina-ekstremal-yaldav-olacaq\/\" \/>\n<meta property=\"og:locale\" content=\"en_US\" \/>\n<meta property=\"og:type\" content=\"article\" \/>\n<meta property=\"og:title\" content=\"M\u0131s\u0131rda Q\u0131r\u0131mtatar halq\u0131 soyq\u0131r\u0131m\u0131 qurbanlar\u0131n\u0131\u00f1 hat\u0131ras\u0131na ekstremal yaldav olacaq - \u041c\u0435\u0434\u0436\u043b\u0456\u0441\" \/>\n<meta property=\"og:description\" content=\"May\u0131s 18 k\u00fcn\u00fc M\u0131s\u0131rda Q\u0131z\u0131l de\u00f1izde Ras-Mohamed tabiat qoru\u011f\u0131ndan ba\u015flap Hurgada \u015feerini\u00f1 yal\u0131s\u0131na qadar 100 kilometrlik yaldav ba\u015flanacaq. Bu tedbir q\u0131r\u0131mtatar halq\u0131 soyq\u0131r\u0131m\u0131 qurbanlar\u0131n\u0131\u00f1 hat\u0131ras\u0131na, q\u0131r\u0131mtatarlarn\u0131\u00f1 Vatanlar\u0131ndan s\u00fcrg\u00fcn etilgenlerini\u00f1 69 y\u0131ll\u0131\u011f\u0131na ve cinaiy kommunist rejiminden el\u00e2k ol\u011fanlarn\u0131\u00f1 ruhuna ba\u011f\u0131\u015flana. Bu aqta Q\u0131r\u0131mtatar halq\u0131 Meclisini\u00f1 t\u0131\u015fq\u0131 al\u00e2qalar b\u00f6l\u00fcgini\u00f1 ba\u015f\u0131 matem k\u00fcn\u00fc tedbirlerini az\u0131rlav ve ke\u00e7ir\u00fcv boyunca [&hellip;]\" \/>\n<meta property=\"og:url\" content=\"https:\/\/qtmm.org\/qt\/misirda-qirimtatar-halqi-soyqirimi-qurbanlarinin-hatirasina-ekstremal-yaldav-olacaq\/\" \/>\n<meta property=\"og:site_name\" content=\"\u041c\u0435\u0434\u0436\u043b\u0456\u0441\" \/>\n<meta property=\"article:publisher\" content=\"https:\/\/www.facebook.com\/qtmm.info\/\" \/>\n<meta property=\"article:published_time\" content=\"2013-05-14T20:07:00+00:00\" \/>\n<meta property=\"article:modified_time\" content=\"2022-01-23T20:08:01+00:00\" \/>\n<meta name=\"author\" content=\"Developer\" \/>\n<meta name=\"twitter:card\" content=\"summary_large_image\" \/>\n<meta name=\"twitter:label1\" content=\"Written by\" \/>\n\t<meta name=\"twitter:data1\" content=\"Developer\" \/>\n\t<meta name=\"twitter:label2\" content=\"Est. reading time\" \/>\n\t<meta name=\"twitter:data2\" content=\"1 minute\" \/>\n<script type=\"application\/ld+json\" class=\"yoast-schema-graph\">{\"@context\":\"https:\\\/\\\/schema.org\",\"@graph\":[{\"@type\":\"Article\",\"@id\":\"https:\\\/\\\/qtmm.org\\\/qt\\\/misirda-qirimtatar-halqi-soyqirimi-qurbanlarinin-hatirasina-ekstremal-yaldav-olacaq\\\/#article\",\"isPartOf\":{\"@id\":\"https:\\\/\\\/qtmm.org\\\/qt\\\/misirda-qirimtatar-halqi-soyqirimi-qurbanlarinin-hatirasina-ekstremal-yaldav-olacaq\\\/\"},\"author\":{\"name\":\"Developer\",\"@id\":\"https:\\\/\\\/qtmm.org\\\/qt\\\/#\\\/schema\\\/person\\\/de562469f971dec226ac06e60bbf74a7\"},\"headline\":\"M\u0131s\u0131rda Q\u0131r\u0131mtatar halq\u0131 soyq\u0131r\u0131m\u0131 qurbanlar\u0131n\u0131\u00f1 hat\u0131ras\u0131na ekstremal yaldav olacaq\",\"datePublished\":\"2013-05-14T20:07:00+00:00\",\"dateModified\":\"2022-01-23T20:08:01+00:00\",\"mainEntityOfPage\":{\"@id\":\"https:\\\/\\\/qtmm.org\\\/qt\\\/misirda-qirimtatar-halqi-soyqirimi-qurbanlarinin-hatirasina-ekstremal-yaldav-olacaq\\\/\"},\"wordCount\":288,\"commentCount\":0,\"publisher\":{\"@id\":\"https:\\\/\\\/qtmm.org\\\/qt\\\/#organization\"},\"articleSection\":[\"Haberler\"],\"inLanguage\":\"qt\",\"potentialAction\":[{\"@type\":\"CommentAction\",\"name\":\"Comment\",\"target\":[\"https:\\\/\\\/qtmm.org\\\/qt\\\/misirda-qirimtatar-halqi-soyqirimi-qurbanlarinin-hatirasina-ekstremal-yaldav-olacaq\\\/#respond\"]}]},{\"@type\":\"WebPage\",\"@id\":\"https:\\\/\\\/qtmm.org\\\/qt\\\/misirda-qirimtatar-halqi-soyqirimi-qurbanlarinin-hatirasina-ekstremal-yaldav-olacaq\\\/\",\"url\":\"https:\\\/\\\/qtmm.org\\\/qt\\\/misirda-qirimtatar-halqi-soyqirimi-qurbanlarinin-hatirasina-ekstremal-yaldav-olacaq\\\/\",\"name\":\"M\u0131s\u0131rda Q\u0131r\u0131mtatar halq\u0131 soyq\u0131r\u0131m\u0131 qurbanlar\u0131n\u0131\u00f1 hat\u0131ras\u0131na ekstremal yaldav olacaq - \u041c\u0435\u0434\u0436\u043b\u0456\u0441\",\"isPartOf\":{\"@id\":\"https:\\\/\\\/qtmm.org\\\/qt\\\/#website\"},\"datePublished\":\"2013-05-14T20:07:00+00:00\",\"dateModified\":\"2022-01-23T20:08:01+00:00\",\"breadcrumb\":{\"@id\":\"https:\\\/\\\/qtmm.org\\\/qt\\\/misirda-qirimtatar-halqi-soyqirimi-qurbanlarinin-hatirasina-ekstremal-yaldav-olacaq\\\/#breadcrumb\"},\"inLanguage\":\"qt\",\"potentialAction\":[{\"@type\":\"ReadAction\",\"target\":[\"https:\\\/\\\/qtmm.org\\\/qt\\\/misirda-qirimtatar-halqi-soyqirimi-qurbanlarinin-hatirasina-ekstremal-yaldav-olacaq\\\/\"]}]},{\"@type\":\"BreadcrumbList\",\"@id\":\"https:\\\/\\\/qtmm.org\\\/qt\\\/misirda-qirimtatar-halqi-soyqirimi-qurbanlarinin-hatirasina-ekstremal-yaldav-olacaq\\\/#breadcrumb\",\"itemListElement\":[{\"@type\":\"ListItem\",\"position\":1,\"name\":\"\u0413\u043e\u043b\u043e\u0432\u043d\u0430\",\"item\":\"https:\\\/\\\/qtmm.org\\\/qt\\\/\"},{\"@type\":\"ListItem\",\"position\":2,\"name\":\"M\u0131s\u0131rda Q\u0131r\u0131mtatar halq\u0131 soyq\u0131r\u0131m\u0131 qurbanlar\u0131n\u0131\u00f1 hat\u0131ras\u0131na ekstremal yaldav olacaq\"}]},{\"@type\":\"WebSite\",\"@id\":\"https:\\\/\\\/qtmm.org\\\/qt\\\/#website\",\"url\":\"https:\\\/\\\/qtmm.org\\\/qt\\\/\",\"name\":\"\u041c\u0435\u0434\u0436\u043b\u0456\u0441\",\"description\":\"\",\"publisher\":{\"@id\":\"https:\\\/\\\/qtmm.org\\\/qt\\\/#organization\"},\"potentialAction\":[{\"@type\":\"SearchAction\",\"target\":{\"@type\":\"EntryPoint\",\"urlTemplate\":\"https:\\\/\\\/qtmm.org\\\/qt\\\/?s={search_term_string}\"},\"query-input\":{\"@type\":\"PropertyValueSpecification\",\"valueRequired\":true,\"valueName\":\"search_term_string\"}}],\"inLanguage\":\"qt\"},{\"@type\":\"Organization\",\"@id\":\"https:\\\/\\\/qtmm.org\\\/qt\\\/#organization\",\"name\":\"\u041c\u0435\u0434\u0436\u043b\u0456\u0441\",\"url\":\"https:\\\/\\\/qtmm.org\\\/qt\\\/\",\"logo\":{\"@type\":\"ImageObject\",\"inLanguage\":\"qt\",\"@id\":\"https:\\\/\\\/qtmm.org\\\/qt\\\/#\\\/schema\\\/logo\\\/image\\\/\",\"url\":\"https:\\\/\\\/qtmm.org\\\/wp-content\\\/uploads\\\/2024\\\/12\\\/ua-mejlis-logo-rgb.svg\",\"contentUrl\":\"https:\\\/\\\/qtmm.org\\\/wp-content\\\/uploads\\\/2024\\\/12\\\/ua-mejlis-logo-rgb.svg\",\"caption\":\"\u041c\u0435\u0434\u0436\u043b\u0456\u0441\"},\"image\":{\"@id\":\"https:\\\/\\\/qtmm.org\\\/qt\\\/#\\\/schema\\\/logo\\\/image\\\/\"},\"sameAs\":[\"https:\\\/\\\/www.facebook.com\\\/qtmm.info\\\/\"]},{\"@type\":\"Person\",\"@id\":\"https:\\\/\\\/qtmm.org\\\/qt\\\/#\\\/schema\\\/person\\\/de562469f971dec226ac06e60bbf74a7\",\"name\":\"Developer\",\"image\":{\"@type\":\"ImageObject\",\"inLanguage\":\"qt\",\"@id\":\"https:\\\/\\\/secure.gravatar.com\\\/avatar\\\/392b4cc8fbfeb00b39dfeeab4ee6edded39ffd48e25858637e4765810300227e?s=96&d=mm&r=g\",\"url\":\"https:\\\/\\\/secure.gravatar.com\\\/avatar\\\/392b4cc8fbfeb00b39dfeeab4ee6edded39ffd48e25858637e4765810300227e?s=96&d=mm&r=g\",\"contentUrl\":\"https:\\\/\\\/secure.gravatar.com\\\/avatar\\\/392b4cc8fbfeb00b39dfeeab4ee6edded39ffd48e25858637e4765810300227e?s=96&d=mm&r=g\",\"caption\":\"Developer\"},\"url\":\"https:\\\/\\\/qtmm.org\\\/qt\\\/author\\\/Developer\\\/\"}]}<\/script>\n<!-- \/ Yoast SEO plugin. -->","yoast_head_json":{"title":"M\u0131s\u0131rda Q\u0131r\u0131mtatar halq\u0131 soyq\u0131r\u0131m\u0131 qurbanlar\u0131n\u0131\u00f1 hat\u0131ras\u0131na ekstremal yaldav olacaq - \u041c\u0435\u0434\u0436\u043b\u0456\u0441","robots":{"index":"index","follow":"follow","max-snippet":"max-snippet:-1","max-image-preview":"max-image-preview:large","max-video-preview":"max-video-preview:-1"},"canonical":"https:\/\/qtmm.org\/qt\/misirda-qirimtatar-halqi-soyqirimi-qurbanlarinin-hatirasina-ekstremal-yaldav-olacaq\/","og_locale":"en_US","og_type":"article","og_title":"M\u0131s\u0131rda Q\u0131r\u0131mtatar halq\u0131 soyq\u0131r\u0131m\u0131 qurbanlar\u0131n\u0131\u00f1 hat\u0131ras\u0131na ekstremal yaldav olacaq - \u041c\u0435\u0434\u0436\u043b\u0456\u0441","og_description":"May\u0131s 18 k\u00fcn\u00fc M\u0131s\u0131rda Q\u0131z\u0131l de\u00f1izde Ras-Mohamed tabiat qoru\u011f\u0131ndan ba\u015flap Hurgada \u015feerini\u00f1 yal\u0131s\u0131na qadar 100 kilometrlik yaldav ba\u015flanacaq. Bu tedbir q\u0131r\u0131mtatar halq\u0131 soyq\u0131r\u0131m\u0131 qurbanlar\u0131n\u0131\u00f1 hat\u0131ras\u0131na, q\u0131r\u0131mtatarlarn\u0131\u00f1 Vatanlar\u0131ndan s\u00fcrg\u00fcn etilgenlerini\u00f1 69 y\u0131ll\u0131\u011f\u0131na ve cinaiy kommunist rejiminden el\u00e2k ol\u011fanlarn\u0131\u00f1 ruhuna ba\u011f\u0131\u015flana. Bu aqta Q\u0131r\u0131mtatar halq\u0131 Meclisini\u00f1 t\u0131\u015fq\u0131 al\u00e2qalar b\u00f6l\u00fcgini\u00f1 ba\u015f\u0131 matem k\u00fcn\u00fc tedbirlerini az\u0131rlav ve ke\u00e7ir\u00fcv boyunca [&hellip;]","og_url":"https:\/\/qtmm.org\/qt\/misirda-qirimtatar-halqi-soyqirimi-qurbanlarinin-hatirasina-ekstremal-yaldav-olacaq\/","og_site_name":"\u041c\u0435\u0434\u0436\u043b\u0456\u0441","article_publisher":"https:\/\/www.facebook.com\/qtmm.info\/","article_published_time":"2013-05-14T20:07:00+00:00","article_modified_time":"2022-01-23T20:08:01+00:00","author":"Developer","twitter_card":"summary_large_image","twitter_misc":{"Written by":"Developer","Est. reading time":"1 minute"},"schema":{"@context":"https:\/\/schema.org","@graph":[{"@type":"Article","@id":"https:\/\/qtmm.org\/qt\/misirda-qirimtatar-halqi-soyqirimi-qurbanlarinin-hatirasina-ekstremal-yaldav-olacaq\/#article","isPartOf":{"@id":"https:\/\/qtmm.org\/qt\/misirda-qirimtatar-halqi-soyqirimi-qurbanlarinin-hatirasina-ekstremal-yaldav-olacaq\/"},"author":{"name":"Developer","@id":"https:\/\/qtmm.org\/qt\/#\/schema\/person\/de562469f971dec226ac06e60bbf74a7"},"headline":"M\u0131s\u0131rda Q\u0131r\u0131mtatar halq\u0131 soyq\u0131r\u0131m\u0131 qurbanlar\u0131n\u0131\u00f1 hat\u0131ras\u0131na ekstremal yaldav olacaq","datePublished":"2013-05-14T20:07:00+00:00","dateModified":"2022-01-23T20:08:01+00:00","mainEntityOfPage":{"@id":"https:\/\/qtmm.org\/qt\/misirda-qirimtatar-halqi-soyqirimi-qurbanlarinin-hatirasina-ekstremal-yaldav-olacaq\/"},"wordCount":288,"commentCount":0,"publisher":{"@id":"https:\/\/qtmm.org\/qt\/#organization"},"articleSection":["Haberler"],"inLanguage":"qt","potentialAction":[{"@type":"CommentAction","name":"Comment","target":["https:\/\/qtmm.org\/qt\/misirda-qirimtatar-halqi-soyqirimi-qurbanlarinin-hatirasina-ekstremal-yaldav-olacaq\/#respond"]}]},{"@type":"WebPage","@id":"https:\/\/qtmm.org\/qt\/misirda-qirimtatar-halqi-soyqirimi-qurbanlarinin-hatirasina-ekstremal-yaldav-olacaq\/","url":"https:\/\/qtmm.org\/qt\/misirda-qirimtatar-halqi-soyqirimi-qurbanlarinin-hatirasina-ekstremal-yaldav-olacaq\/","name":"M\u0131s\u0131rda Q\u0131r\u0131mtatar halq\u0131 soyq\u0131r\u0131m\u0131 qurbanlar\u0131n\u0131\u00f1 hat\u0131ras\u0131na ekstremal yaldav olacaq - \u041c\u0435\u0434\u0436\u043b\u0456\u0441","isPartOf":{"@id":"https:\/\/qtmm.org\/qt\/#website"},"datePublished":"2013-05-14T20:07:00+00:00","dateModified":"2022-01-23T20:08:01+00:00","breadcrumb":{"@id":"https:\/\/qtmm.org\/qt\/misirda-qirimtatar-halqi-soyqirimi-qurbanlarinin-hatirasina-ekstremal-yaldav-olacaq\/#breadcrumb"},"inLanguage":"qt","potentialAction":[{"@type":"ReadAction","target":["https:\/\/qtmm.org\/qt\/misirda-qirimtatar-halqi-soyqirimi-qurbanlarinin-hatirasina-ekstremal-yaldav-olacaq\/"]}]},{"@type":"BreadcrumbList","@id":"https:\/\/qtmm.org\/qt\/misirda-qirimtatar-halqi-soyqirimi-qurbanlarinin-hatirasina-ekstremal-yaldav-olacaq\/#breadcrumb","itemListElement":[{"@type":"ListItem","position":1,"name":"\u0413\u043e\u043b\u043e\u0432\u043d\u0430","item":"https:\/\/qtmm.org\/qt\/"},{"@type":"ListItem","position":2,"name":"M\u0131s\u0131rda Q\u0131r\u0131mtatar halq\u0131 soyq\u0131r\u0131m\u0131 qurbanlar\u0131n\u0131\u00f1 hat\u0131ras\u0131na ekstremal yaldav olacaq"}]},{"@type":"WebSite","@id":"https:\/\/qtmm.org\/qt\/#website","url":"https:\/\/qtmm.org\/qt\/","name":"\u041c\u0435\u0434\u0436\u043b\u0456\u0441","description":"","publisher":{"@id":"https:\/\/qtmm.org\/qt\/#organization"},"potentialAction":[{"@type":"SearchAction","target":{"@type":"EntryPoint","urlTemplate":"https:\/\/qtmm.org\/qt\/?s={search_term_string}"},"query-input":{"@type":"PropertyValueSpecification","valueRequired":true,"valueName":"search_term_string"}}],"inLanguage":"qt"},{"@type":"Organization","@id":"https:\/\/qtmm.org\/qt\/#organization","name":"\u041c\u0435\u0434\u0436\u043b\u0456\u0441","url":"https:\/\/qtmm.org\/qt\/","logo":{"@type":"ImageObject","inLanguage":"qt","@id":"https:\/\/qtmm.org\/qt\/#\/schema\/logo\/image\/","url":"https:\/\/qtmm.org\/wp-content\/uploads\/2024\/12\/ua-mejlis-logo-rgb.svg","contentUrl":"https:\/\/qtmm.org\/wp-content\/uploads\/2024\/12\/ua-mejlis-logo-rgb.svg","caption":"\u041c\u0435\u0434\u0436\u043b\u0456\u0441"},"image":{"@id":"https:\/\/qtmm.org\/qt\/#\/schema\/logo\/image\/"},"sameAs":["https:\/\/www.facebook.com\/qtmm.info\/"]},{"@type":"Person","@id":"https:\/\/qtmm.org\/qt\/#\/schema\/person\/de562469f971dec226ac06e60bbf74a7","name":"Developer","image":{"@type":"ImageObject","inLanguage":"qt","@id":"https:\/\/secure.gravatar.com\/avatar\/392b4cc8fbfeb00b39dfeeab4ee6edded39ffd48e25858637e4765810300227e?s=96&d=mm&r=g","url":"https:\/\/secure.gravatar.com\/avatar\/392b4cc8fbfeb00b39dfeeab4ee6edded39ffd48e25858637e4765810300227e?s=96&d=mm&r=g","contentUrl":"https:\/\/secure.gravatar.com\/avatar\/392b4cc8fbfeb00b39dfeeab4ee6edded39ffd48e25858637e4765810300227e?s=96&d=mm&r=g","caption":"Developer"},"url":"https:\/\/qtmm.org\/qt\/author\/Developer\/"}]}},"_links":{"self":[{"href":"https:\/\/qtmm.org\/qt\/wp-json\/wp\/v2\/posts\/37198","targetHints":{"allow":["GET"]}}],"collection":[{"href":"https:\/\/qtmm.org\/qt\/wp-json\/wp\/v2\/posts"}],"about":[{"href":"https:\/\/qtmm.org\/qt\/wp-json\/wp\/v2\/types\/post"}],"author":[{"embeddable":true,"href":"https:\/\/qtmm.org\/qt\/wp-json\/wp\/v2\/users\/1"}],"replies":[{"embeddable":true,"href":"https:\/\/qtmm.org\/qt\/wp-json\/wp\/v2\/comments?post=37198"}],"version-history":[{"count":1,"href":"https:\/\/qtmm.org\/qt\/wp-json\/wp\/v2\/posts\/37198\/revisions"}],"predecessor-version":[{"id":37199,"href":"https:\/\/qtmm.org\/qt\/wp-json\/wp\/v2\/posts\/37198\/revisions\/37199"}],"wp:attachment":[{"href":"https:\/\/qtmm.org\/qt\/wp-json\/wp\/v2\/media?parent=37198"}],"wp:term":[{"taxonomy":"category","embeddable":true,"href":"https:\/\/qtmm.org\/qt\/wp-json\/wp\/v2\/categories?post=37198"},{"taxonomy":"post_tag","embeddable":true,"href":"https:\/\/qtmm.org\/qt\/wp-json\/wp\/v2\/tags?post=37198"}],"curies":[{"name":"wp","href":"https:\/\/api.w.org\/{rel}","templated":true}]}}