




{"id":37188,"date":"2013-05-14T23:06:00","date_gmt":"2013-05-14T20:06:00","guid":{"rendered":"http:\/\/qtmm.org\/?p=37188"},"modified":"2022-01-23T23:07:20","modified_gmt":"2022-01-23T20:07:20","slug":"surgunlik-qurbanlarinin-hatirasina-matem-tedbirlerini-azirlav-ve-keciruv-komitetinin-toplasuvi","status":"publish","type":"post","link":"https:\/\/qtmm.org\/qt\/surgunlik-qurbanlarinin-hatirasina-matem-tedbirlerini-azirlav-ve-keciruv-komitetinin-toplasuvi\/","title":{"rendered":"S\u00fcrg\u00fcnlik qurbanlar\u0131n\u0131\u00f1 hat\u0131ras\u0131na matem tedbirlerini az\u0131rlav ve ke\u00e7ir\u00fcv komitetini\u00f1 topla\u015fuv\u0131"},"content":{"rendered":"\n<p>2013 senesi may\u0131s 14-te Aqmescitte Milliy Meclis reisinini\u00f1 birinci muavini Refat \u00c7ubarovn\u0131\u00f1 reisiliginde \u00f6tkerilgen S\u00fcrg\u00fcnlik qurbanlar\u0131n\u0131\u00f1 hat\u0131ras\u0131na matem tedbirlerini az\u0131rlav ve ke\u00e7ir\u00fcv komitetini\u00f1 topla\u015fuv\u0131nda matem tedbirlerine az\u0131rl\u0131q keti\u015fat\u0131 muzakere etilip, t\u00fczet\u00fcv ve a\u00f1la\u015fma talap etken meseleler tafsil\u00e2tl\u0131ca baq\u0131ld\u0131.<\/p>\n\n\n\n<p>Refat \u00c7ubarov \u015fu k\u00fcn\u00fc Q\u0131r\u0131m Nazirler \u015furas\u0131nda S\u00fcrg\u00fcnlik qurbanlar\u0131n\u0131\u00f1 hat\u0131ras\u0131na matem tedbirlerini az\u0131rlav ve ke\u00e7ir\u00fcv komitetini\u00f1 topla\u015fuv\u0131nda o, ve Remzi \u0130lyasov i\u015ftirak etkenini bildirdi. R. \u00c7ubarovn\u0131\u00f1 aytqan\u0131na k\u00f6re, may\u0131s 17 k\u00fcn\u00fc Q\u0131r\u0131m Nazirler \u015furas\u0131 te\u015fkil etecek hat\u0131ra aq\u015fam\u0131nda devlet, cumhuriyet ve q\u0131r\u0131mtatar milliy bayraqlar\u0131 olaca\u011f\u0131 k\u00f6zde tutul\u0131p, aq\u015famda Meclis reisini\u00f1 birinci muavini Refat \u00c7ubarov ve Q\u0131r\u0131m ba\u015f nazirini\u00f1 muavini Georgiy Psar\u00f6v \u00e7\u0131q\u0131\u015fta bulunacaqlar\u0131 belgilendi.<\/p>\n\n\n\n<p>&#8220;Q\u0131r\u0131m \u0130nformatsiya komitetine Q\u0131r\u0131m teleradiokanallar\u0131na may\u0131s 17-18 k\u00fcnleri yay\u0131nlar programmas\u0131, 2013 senesi may\u0131s 18 saat 12-de olacaq &#8220;Qay\u011f\u0131 ve Birlik daqqas\u0131&#8221;n\u0131 te\u015fkil etmek boyunca tevsiyeler yollan\u0131lacaq, &#8211; dep haber etti R. \u00c7ubarov.<\/p>\n\n\n\n<p>Q\u0131r\u0131mtatar halq\u0131n\u0131\u00f1 Meclisi qarar\u0131na binaen 2013 senesi yanvar 25-te tizilgen te\u015fkiliy komitet azalar\u0131 . may\u0131s 17 k\u00fcn\u00fc Aqmescitni\u00f1 merkeziy meydan\u0131nda er sene ke\u00e7irilgen &#8220;Qalbi\u00f1de ate\u015f yaq&#8221;aktsiyas\u0131na az\u0131rl\u0131q aqq\u0131nda esabat di\u00f1lediler.Te\u015fkiliy komitet azas\u0131 E. Bariyev aytqan\u0131na k\u00f6re aktsiya saat 20.00-de ba\u015flan\u0131p, tedbir \u00e7er\u00e7ivesinde q\u0131r\u0131mtatar sanat\u00e7\u0131lar\u0131 Femiy Mustafayev, Aksana Ametova, &#8220;Hayat&#8221; gruppas\u0131n\u0131\u00f1 icras\u0131nda milliy y\u0131rlar ya\u00f1\u011f\u0131raycaq.<\/p>\n\n\n\n<figure class=\"wp-block-image size-full\"><img loading=\"lazy\" decoding=\"async\" width=\"700\" height=\"525\" src=\"http:\/\/qtmm.org\/wp-content\/uploads\/2022\/01\/img_0090.jpeg\" alt=\"\" class=\"wp-image-37193\" srcset=\"https:\/\/qtmm.org\/wp-content\/uploads\/2022\/01\/img_0090.jpeg 700w, https:\/\/qtmm.org\/wp-content\/uploads\/2022\/01\/img_0090-300x225.jpeg 300w\" sizes=\"auto, (max-width: 700px) 100vw, 700px\" \/><\/figure>\n\n\n\n<p>T\u0131pq\u0131 b\u00f6yle tedbirler Qarasubazar, Alu\u015fta, Sudaq ve \u00c7ernomorskoye qasabas\u0131nda da olacaq.<\/p>\n\n\n\n<p>Te\u015fkiliy komitet topla\u015fuv\u0131nda demir\u00f6l vokzal\u0131 ve Sal\u011f\u0131r ba\u011f\u00e7as\u0131 yan\u0131ndaki hat\u0131ra ta\u015flar\u0131 yan\u0131nda qaravullar qoymaq, s\u00fcrg\u00fcnlik qurbanlar\u0131na dua oqumaq kerekligi qayd etildi.<\/p>\n\n\n\n<p>Aktsiya i\u015ftirak\u00e7ileri Aqmescitni\u00f1 merkeziy meydan\u0131na taba may\u0131s 18 k\u00fcn\u00fc y\u00fcrip kelecek kolonnalarn\u0131\u00f1 mar\u015frut\u0131n\u0131 ve er bir kolonna i\u00e7\u00fcn mes\u00fclietlilerni tasdiqlad\u0131lar ve bun\u0131\u00f1 kibi de matem tedbirleri ke\u00e7irilgen yerlerde tertip-nizam saqlanmas\u0131n\u0131 teminlev aqq\u0131nda aytt\u0131lar.<\/p>\n","protected":false},"excerpt":{"rendered":"<p>2013 senesi may\u0131s 14-te Aqmescitte Milliy Meclis reisinini\u00f1 birinci muavini Refat \u00c7ubarovn\u0131\u00f1 reisiliginde \u00f6tkerilgen S\u00fcrg\u00fcnlik qurbanlar\u0131n\u0131\u00f1 hat\u0131ras\u0131na matem tedbirlerini az\u0131rlav ve ke\u00e7ir\u00fcv komitetini\u00f1 topla\u015fuv\u0131nda matem tedbirlerine az\u0131rl\u0131q keti\u015fat\u0131 muzakere etilip, t\u00fczet\u00fcv ve a\u00f1la\u015fma talap etken meseleler tafsil\u00e2tl\u0131ca baq\u0131ld\u0131. Refat \u00c7ubarov \u015fu k\u00fcn\u00fc Q\u0131r\u0131m Nazirler \u015furas\u0131nda S\u00fcrg\u00fcnlik qurbanlar\u0131n\u0131\u00f1 hat\u0131ras\u0131na matem tedbirlerini az\u0131rlav ve ke\u00e7ir\u00fcv komitetini\u00f1 topla\u015fuv\u0131nda [&hellip;]<\/p>\n","protected":false},"author":1,"featured_media":37189,"comment_status":"open","ping_status":"open","sticky":false,"template":"","format":"standard","meta":{"inline_featured_image":false,"footnotes":""},"categories":[265],"tags":[],"class_list":["post-37188","post","type-post","status-publish","format-standard","has-post-thumbnail","hentry","category-haberler"],"acf":[],"yoast_head":"<!-- This site is optimized with the Yoast SEO plugin v27.4 - https:\/\/yoast.com\/product\/yoast-seo-wordpress\/ -->\n<title>S\u00fcrg\u00fcnlik qurbanlar\u0131n\u0131\u00f1 hat\u0131ras\u0131na matem tedbirlerini az\u0131rlav ve ke\u00e7ir\u00fcv komitetini\u00f1 topla\u015fuv\u0131 - \u041c\u0435\u0434\u0436\u043b\u0456\u0441<\/title>\n<meta name=\"robots\" content=\"index, follow, max-snippet:-1, max-image-preview:large, max-video-preview:-1\" \/>\n<link rel=\"canonical\" href=\"https:\/\/qtmm.org\/qt\/surgunlik-qurbanlarinin-hatirasina-matem-tedbirlerini-azirlav-ve-keciruv-komitetinin-toplasuvi\/\" \/>\n<meta property=\"og:locale\" content=\"en_US\" \/>\n<meta property=\"og:type\" content=\"article\" \/>\n<meta property=\"og:title\" content=\"S\u00fcrg\u00fcnlik qurbanlar\u0131n\u0131\u00f1 hat\u0131ras\u0131na matem tedbirlerini az\u0131rlav ve ke\u00e7ir\u00fcv komitetini\u00f1 topla\u015fuv\u0131 - \u041c\u0435\u0434\u0436\u043b\u0456\u0441\" \/>\n<meta property=\"og:description\" content=\"2013 senesi may\u0131s 14-te Aqmescitte Milliy Meclis reisinini\u00f1 birinci muavini Refat \u00c7ubarovn\u0131\u00f1 reisiliginde \u00f6tkerilgen S\u00fcrg\u00fcnlik qurbanlar\u0131n\u0131\u00f1 hat\u0131ras\u0131na matem tedbirlerini az\u0131rlav ve ke\u00e7ir\u00fcv komitetini\u00f1 topla\u015fuv\u0131nda matem tedbirlerine az\u0131rl\u0131q keti\u015fat\u0131 muzakere etilip, t\u00fczet\u00fcv ve a\u00f1la\u015fma talap etken meseleler tafsil\u00e2tl\u0131ca baq\u0131ld\u0131. Refat \u00c7ubarov \u015fu k\u00fcn\u00fc Q\u0131r\u0131m Nazirler \u015furas\u0131nda S\u00fcrg\u00fcnlik qurbanlar\u0131n\u0131\u00f1 hat\u0131ras\u0131na matem tedbirlerini az\u0131rlav ve ke\u00e7ir\u00fcv komitetini\u00f1 topla\u015fuv\u0131nda [&hellip;]\" \/>\n<meta property=\"og:url\" content=\"https:\/\/qtmm.org\/qt\/surgunlik-qurbanlarinin-hatirasina-matem-tedbirlerini-azirlav-ve-keciruv-komitetinin-toplasuvi\/\" \/>\n<meta property=\"og:site_name\" content=\"\u041c\u0435\u0434\u0436\u043b\u0456\u0441\" \/>\n<meta property=\"article:publisher\" content=\"https:\/\/www.facebook.com\/qtmm.info\/\" \/>\n<meta property=\"article:published_time\" content=\"2013-05-14T20:06:00+00:00\" \/>\n<meta property=\"article:modified_time\" content=\"2022-01-23T20:07:20+00:00\" \/>\n<meta property=\"og:image\" content=\"https:\/\/qtmm.org\/wp-content\/uploads\/2022\/01\/img_0091.jpeg\" \/>\n\t<meta property=\"og:image:width\" content=\"700\" \/>\n\t<meta property=\"og:image:height\" content=\"525\" \/>\n\t<meta property=\"og:image:type\" content=\"image\/jpeg\" \/>\n<meta name=\"author\" content=\"Developer\" \/>\n<meta name=\"twitter:card\" content=\"summary_large_image\" \/>\n<meta name=\"twitter:label1\" content=\"Written by\" \/>\n\t<meta name=\"twitter:data1\" content=\"Developer\" \/>\n\t<meta name=\"twitter:label2\" content=\"Est. reading time\" \/>\n\t<meta name=\"twitter:data2\" content=\"2 minutes\" \/>\n<script type=\"application\/ld+json\" class=\"yoast-schema-graph\">{\"@context\":\"https:\\\/\\\/schema.org\",\"@graph\":[{\"@type\":\"Article\",\"@id\":\"https:\\\/\\\/qtmm.org\\\/qt\\\/surgunlik-qurbanlarinin-hatirasina-matem-tedbirlerini-azirlav-ve-keciruv-komitetinin-toplasuvi\\\/#article\",\"isPartOf\":{\"@id\":\"https:\\\/\\\/qtmm.org\\\/qt\\\/surgunlik-qurbanlarinin-hatirasina-matem-tedbirlerini-azirlav-ve-keciruv-komitetinin-toplasuvi\\\/\"},\"author\":{\"name\":\"Developer\",\"@id\":\"https:\\\/\\\/qtmm.org\\\/qt\\\/#\\\/schema\\\/person\\\/de562469f971dec226ac06e60bbf74a7\"},\"headline\":\"S\u00fcrg\u00fcnlik qurbanlar\u0131n\u0131\u00f1 hat\u0131ras\u0131na matem tedbirlerini az\u0131rlav ve ke\u00e7ir\u00fcv komitetini\u00f1 topla\u015fuv\u0131\",\"datePublished\":\"2013-05-14T20:06:00+00:00\",\"dateModified\":\"2022-01-23T20:07:20+00:00\",\"mainEntityOfPage\":{\"@id\":\"https:\\\/\\\/qtmm.org\\\/qt\\\/surgunlik-qurbanlarinin-hatirasina-matem-tedbirlerini-azirlav-ve-keciruv-komitetinin-toplasuvi\\\/\"},\"wordCount\":393,\"commentCount\":0,\"publisher\":{\"@id\":\"https:\\\/\\\/qtmm.org\\\/qt\\\/#organization\"},\"image\":{\"@id\":\"https:\\\/\\\/qtmm.org\\\/qt\\\/surgunlik-qurbanlarinin-hatirasina-matem-tedbirlerini-azirlav-ve-keciruv-komitetinin-toplasuvi\\\/#primaryimage\"},\"thumbnailUrl\":\"https:\\\/\\\/qtmm.org\\\/wp-content\\\/uploads\\\/2022\\\/01\\\/img_0091.jpeg\",\"articleSection\":[\"Haberler\"],\"inLanguage\":\"qt\",\"potentialAction\":[{\"@type\":\"CommentAction\",\"name\":\"Comment\",\"target\":[\"https:\\\/\\\/qtmm.org\\\/qt\\\/surgunlik-qurbanlarinin-hatirasina-matem-tedbirlerini-azirlav-ve-keciruv-komitetinin-toplasuvi\\\/#respond\"]}]},{\"@type\":\"WebPage\",\"@id\":\"https:\\\/\\\/qtmm.org\\\/qt\\\/surgunlik-qurbanlarinin-hatirasina-matem-tedbirlerini-azirlav-ve-keciruv-komitetinin-toplasuvi\\\/\",\"url\":\"https:\\\/\\\/qtmm.org\\\/qt\\\/surgunlik-qurbanlarinin-hatirasina-matem-tedbirlerini-azirlav-ve-keciruv-komitetinin-toplasuvi\\\/\",\"name\":\"S\u00fcrg\u00fcnlik qurbanlar\u0131n\u0131\u00f1 hat\u0131ras\u0131na matem tedbirlerini az\u0131rlav ve ke\u00e7ir\u00fcv komitetini\u00f1 topla\u015fuv\u0131 - \u041c\u0435\u0434\u0436\u043b\u0456\u0441\",\"isPartOf\":{\"@id\":\"https:\\\/\\\/qtmm.org\\\/qt\\\/#website\"},\"primaryImageOfPage\":{\"@id\":\"https:\\\/\\\/qtmm.org\\\/qt\\\/surgunlik-qurbanlarinin-hatirasina-matem-tedbirlerini-azirlav-ve-keciruv-komitetinin-toplasuvi\\\/#primaryimage\"},\"image\":{\"@id\":\"https:\\\/\\\/qtmm.org\\\/qt\\\/surgunlik-qurbanlarinin-hatirasina-matem-tedbirlerini-azirlav-ve-keciruv-komitetinin-toplasuvi\\\/#primaryimage\"},\"thumbnailUrl\":\"https:\\\/\\\/qtmm.org\\\/wp-content\\\/uploads\\\/2022\\\/01\\\/img_0091.jpeg\",\"datePublished\":\"2013-05-14T20:06:00+00:00\",\"dateModified\":\"2022-01-23T20:07:20+00:00\",\"breadcrumb\":{\"@id\":\"https:\\\/\\\/qtmm.org\\\/qt\\\/surgunlik-qurbanlarinin-hatirasina-matem-tedbirlerini-azirlav-ve-keciruv-komitetinin-toplasuvi\\\/#breadcrumb\"},\"inLanguage\":\"qt\",\"potentialAction\":[{\"@type\":\"ReadAction\",\"target\":[\"https:\\\/\\\/qtmm.org\\\/qt\\\/surgunlik-qurbanlarinin-hatirasina-matem-tedbirlerini-azirlav-ve-keciruv-komitetinin-toplasuvi\\\/\"]}]},{\"@type\":\"ImageObject\",\"inLanguage\":\"qt\",\"@id\":\"https:\\\/\\\/qtmm.org\\\/qt\\\/surgunlik-qurbanlarinin-hatirasina-matem-tedbirlerini-azirlav-ve-keciruv-komitetinin-toplasuvi\\\/#primaryimage\",\"url\":\"https:\\\/\\\/qtmm.org\\\/wp-content\\\/uploads\\\/2022\\\/01\\\/img_0091.jpeg\",\"contentUrl\":\"https:\\\/\\\/qtmm.org\\\/wp-content\\\/uploads\\\/2022\\\/01\\\/img_0091.jpeg\",\"width\":700,\"height\":525},{\"@type\":\"BreadcrumbList\",\"@id\":\"https:\\\/\\\/qtmm.org\\\/qt\\\/surgunlik-qurbanlarinin-hatirasina-matem-tedbirlerini-azirlav-ve-keciruv-komitetinin-toplasuvi\\\/#breadcrumb\",\"itemListElement\":[{\"@type\":\"ListItem\",\"position\":1,\"name\":\"\u0413\u043e\u043b\u043e\u0432\u043d\u0430\",\"item\":\"https:\\\/\\\/qtmm.org\\\/qt\\\/\"},{\"@type\":\"ListItem\",\"position\":2,\"name\":\"S\u00fcrg\u00fcnlik qurbanlar\u0131n\u0131\u00f1 hat\u0131ras\u0131na matem tedbirlerini az\u0131rlav ve ke\u00e7ir\u00fcv komitetini\u00f1 topla\u015fuv\u0131\"}]},{\"@type\":\"WebSite\",\"@id\":\"https:\\\/\\\/qtmm.org\\\/qt\\\/#website\",\"url\":\"https:\\\/\\\/qtmm.org\\\/qt\\\/\",\"name\":\"\u041c\u0435\u0434\u0436\u043b\u0456\u0441\",\"description\":\"\",\"publisher\":{\"@id\":\"https:\\\/\\\/qtmm.org\\\/qt\\\/#organization\"},\"potentialAction\":[{\"@type\":\"SearchAction\",\"target\":{\"@type\":\"EntryPoint\",\"urlTemplate\":\"https:\\\/\\\/qtmm.org\\\/qt\\\/?s={search_term_string}\"},\"query-input\":{\"@type\":\"PropertyValueSpecification\",\"valueRequired\":true,\"valueName\":\"search_term_string\"}}],\"inLanguage\":\"qt\"},{\"@type\":\"Organization\",\"@id\":\"https:\\\/\\\/qtmm.org\\\/qt\\\/#organization\",\"name\":\"\u041c\u0435\u0434\u0436\u043b\u0456\u0441\",\"url\":\"https:\\\/\\\/qtmm.org\\\/qt\\\/\",\"logo\":{\"@type\":\"ImageObject\",\"inLanguage\":\"qt\",\"@id\":\"https:\\\/\\\/qtmm.org\\\/qt\\\/#\\\/schema\\\/logo\\\/image\\\/\",\"url\":\"https:\\\/\\\/qtmm.org\\\/wp-content\\\/uploads\\\/2024\\\/12\\\/ua-mejlis-logo-rgb.svg\",\"contentUrl\":\"https:\\\/\\\/qtmm.org\\\/wp-content\\\/uploads\\\/2024\\\/12\\\/ua-mejlis-logo-rgb.svg\",\"caption\":\"\u041c\u0435\u0434\u0436\u043b\u0456\u0441\"},\"image\":{\"@id\":\"https:\\\/\\\/qtmm.org\\\/qt\\\/#\\\/schema\\\/logo\\\/image\\\/\"},\"sameAs\":[\"https:\\\/\\\/www.facebook.com\\\/qtmm.info\\\/\"]},{\"@type\":\"Person\",\"@id\":\"https:\\\/\\\/qtmm.org\\\/qt\\\/#\\\/schema\\\/person\\\/de562469f971dec226ac06e60bbf74a7\",\"name\":\"Developer\",\"image\":{\"@type\":\"ImageObject\",\"inLanguage\":\"qt\",\"@id\":\"https:\\\/\\\/secure.gravatar.com\\\/avatar\\\/392b4cc8fbfeb00b39dfeeab4ee6edded39ffd48e25858637e4765810300227e?s=96&d=mm&r=g\",\"url\":\"https:\\\/\\\/secure.gravatar.com\\\/avatar\\\/392b4cc8fbfeb00b39dfeeab4ee6edded39ffd48e25858637e4765810300227e?s=96&d=mm&r=g\",\"contentUrl\":\"https:\\\/\\\/secure.gravatar.com\\\/avatar\\\/392b4cc8fbfeb00b39dfeeab4ee6edded39ffd48e25858637e4765810300227e?s=96&d=mm&r=g\",\"caption\":\"Developer\"},\"url\":\"https:\\\/\\\/qtmm.org\\\/qt\\\/author\\\/Developer\\\/\"}]}<\/script>\n<!-- \/ Yoast SEO plugin. -->","yoast_head_json":{"title":"S\u00fcrg\u00fcnlik qurbanlar\u0131n\u0131\u00f1 hat\u0131ras\u0131na matem tedbirlerini az\u0131rlav ve ke\u00e7ir\u00fcv komitetini\u00f1 topla\u015fuv\u0131 - \u041c\u0435\u0434\u0436\u043b\u0456\u0441","robots":{"index":"index","follow":"follow","max-snippet":"max-snippet:-1","max-image-preview":"max-image-preview:large","max-video-preview":"max-video-preview:-1"},"canonical":"https:\/\/qtmm.org\/qt\/surgunlik-qurbanlarinin-hatirasina-matem-tedbirlerini-azirlav-ve-keciruv-komitetinin-toplasuvi\/","og_locale":"en_US","og_type":"article","og_title":"S\u00fcrg\u00fcnlik qurbanlar\u0131n\u0131\u00f1 hat\u0131ras\u0131na matem tedbirlerini az\u0131rlav ve ke\u00e7ir\u00fcv komitetini\u00f1 topla\u015fuv\u0131 - \u041c\u0435\u0434\u0436\u043b\u0456\u0441","og_description":"2013 senesi may\u0131s 14-te Aqmescitte Milliy Meclis reisinini\u00f1 birinci muavini Refat \u00c7ubarovn\u0131\u00f1 reisiliginde \u00f6tkerilgen S\u00fcrg\u00fcnlik qurbanlar\u0131n\u0131\u00f1 hat\u0131ras\u0131na matem tedbirlerini az\u0131rlav ve ke\u00e7ir\u00fcv komitetini\u00f1 topla\u015fuv\u0131nda matem tedbirlerine az\u0131rl\u0131q keti\u015fat\u0131 muzakere etilip, t\u00fczet\u00fcv ve a\u00f1la\u015fma talap etken meseleler tafsil\u00e2tl\u0131ca baq\u0131ld\u0131. Refat \u00c7ubarov \u015fu k\u00fcn\u00fc Q\u0131r\u0131m Nazirler \u015furas\u0131nda S\u00fcrg\u00fcnlik qurbanlar\u0131n\u0131\u00f1 hat\u0131ras\u0131na matem tedbirlerini az\u0131rlav ve ke\u00e7ir\u00fcv komitetini\u00f1 topla\u015fuv\u0131nda [&hellip;]","og_url":"https:\/\/qtmm.org\/qt\/surgunlik-qurbanlarinin-hatirasina-matem-tedbirlerini-azirlav-ve-keciruv-komitetinin-toplasuvi\/","og_site_name":"\u041c\u0435\u0434\u0436\u043b\u0456\u0441","article_publisher":"https:\/\/www.facebook.com\/qtmm.info\/","article_published_time":"2013-05-14T20:06:00+00:00","article_modified_time":"2022-01-23T20:07:20+00:00","og_image":[{"width":700,"height":525,"url":"https:\/\/qtmm.org\/wp-content\/uploads\/2022\/01\/img_0091.jpeg","type":"image\/jpeg"}],"author":"Developer","twitter_card":"summary_large_image","twitter_misc":{"Written by":"Developer","Est. reading time":"2 minutes"},"schema":{"@context":"https:\/\/schema.org","@graph":[{"@type":"Article","@id":"https:\/\/qtmm.org\/qt\/surgunlik-qurbanlarinin-hatirasina-matem-tedbirlerini-azirlav-ve-keciruv-komitetinin-toplasuvi\/#article","isPartOf":{"@id":"https:\/\/qtmm.org\/qt\/surgunlik-qurbanlarinin-hatirasina-matem-tedbirlerini-azirlav-ve-keciruv-komitetinin-toplasuvi\/"},"author":{"name":"Developer","@id":"https:\/\/qtmm.org\/qt\/#\/schema\/person\/de562469f971dec226ac06e60bbf74a7"},"headline":"S\u00fcrg\u00fcnlik qurbanlar\u0131n\u0131\u00f1 hat\u0131ras\u0131na matem tedbirlerini az\u0131rlav ve ke\u00e7ir\u00fcv komitetini\u00f1 topla\u015fuv\u0131","datePublished":"2013-05-14T20:06:00+00:00","dateModified":"2022-01-23T20:07:20+00:00","mainEntityOfPage":{"@id":"https:\/\/qtmm.org\/qt\/surgunlik-qurbanlarinin-hatirasina-matem-tedbirlerini-azirlav-ve-keciruv-komitetinin-toplasuvi\/"},"wordCount":393,"commentCount":0,"publisher":{"@id":"https:\/\/qtmm.org\/qt\/#organization"},"image":{"@id":"https:\/\/qtmm.org\/qt\/surgunlik-qurbanlarinin-hatirasina-matem-tedbirlerini-azirlav-ve-keciruv-komitetinin-toplasuvi\/#primaryimage"},"thumbnailUrl":"https:\/\/qtmm.org\/wp-content\/uploads\/2022\/01\/img_0091.jpeg","articleSection":["Haberler"],"inLanguage":"qt","potentialAction":[{"@type":"CommentAction","name":"Comment","target":["https:\/\/qtmm.org\/qt\/surgunlik-qurbanlarinin-hatirasina-matem-tedbirlerini-azirlav-ve-keciruv-komitetinin-toplasuvi\/#respond"]}]},{"@type":"WebPage","@id":"https:\/\/qtmm.org\/qt\/surgunlik-qurbanlarinin-hatirasina-matem-tedbirlerini-azirlav-ve-keciruv-komitetinin-toplasuvi\/","url":"https:\/\/qtmm.org\/qt\/surgunlik-qurbanlarinin-hatirasina-matem-tedbirlerini-azirlav-ve-keciruv-komitetinin-toplasuvi\/","name":"S\u00fcrg\u00fcnlik qurbanlar\u0131n\u0131\u00f1 hat\u0131ras\u0131na matem tedbirlerini az\u0131rlav ve ke\u00e7ir\u00fcv komitetini\u00f1 topla\u015fuv\u0131 - \u041c\u0435\u0434\u0436\u043b\u0456\u0441","isPartOf":{"@id":"https:\/\/qtmm.org\/qt\/#website"},"primaryImageOfPage":{"@id":"https:\/\/qtmm.org\/qt\/surgunlik-qurbanlarinin-hatirasina-matem-tedbirlerini-azirlav-ve-keciruv-komitetinin-toplasuvi\/#primaryimage"},"image":{"@id":"https:\/\/qtmm.org\/qt\/surgunlik-qurbanlarinin-hatirasina-matem-tedbirlerini-azirlav-ve-keciruv-komitetinin-toplasuvi\/#primaryimage"},"thumbnailUrl":"https:\/\/qtmm.org\/wp-content\/uploads\/2022\/01\/img_0091.jpeg","datePublished":"2013-05-14T20:06:00+00:00","dateModified":"2022-01-23T20:07:20+00:00","breadcrumb":{"@id":"https:\/\/qtmm.org\/qt\/surgunlik-qurbanlarinin-hatirasina-matem-tedbirlerini-azirlav-ve-keciruv-komitetinin-toplasuvi\/#breadcrumb"},"inLanguage":"qt","potentialAction":[{"@type":"ReadAction","target":["https:\/\/qtmm.org\/qt\/surgunlik-qurbanlarinin-hatirasina-matem-tedbirlerini-azirlav-ve-keciruv-komitetinin-toplasuvi\/"]}]},{"@type":"ImageObject","inLanguage":"qt","@id":"https:\/\/qtmm.org\/qt\/surgunlik-qurbanlarinin-hatirasina-matem-tedbirlerini-azirlav-ve-keciruv-komitetinin-toplasuvi\/#primaryimage","url":"https:\/\/qtmm.org\/wp-content\/uploads\/2022\/01\/img_0091.jpeg","contentUrl":"https:\/\/qtmm.org\/wp-content\/uploads\/2022\/01\/img_0091.jpeg","width":700,"height":525},{"@type":"BreadcrumbList","@id":"https:\/\/qtmm.org\/qt\/surgunlik-qurbanlarinin-hatirasina-matem-tedbirlerini-azirlav-ve-keciruv-komitetinin-toplasuvi\/#breadcrumb","itemListElement":[{"@type":"ListItem","position":1,"name":"\u0413\u043e\u043b\u043e\u0432\u043d\u0430","item":"https:\/\/qtmm.org\/qt\/"},{"@type":"ListItem","position":2,"name":"S\u00fcrg\u00fcnlik qurbanlar\u0131n\u0131\u00f1 hat\u0131ras\u0131na matem tedbirlerini az\u0131rlav ve ke\u00e7ir\u00fcv komitetini\u00f1 topla\u015fuv\u0131"}]},{"@type":"WebSite","@id":"https:\/\/qtmm.org\/qt\/#website","url":"https:\/\/qtmm.org\/qt\/","name":"\u041c\u0435\u0434\u0436\u043b\u0456\u0441","description":"","publisher":{"@id":"https:\/\/qtmm.org\/qt\/#organization"},"potentialAction":[{"@type":"SearchAction","target":{"@type":"EntryPoint","urlTemplate":"https:\/\/qtmm.org\/qt\/?s={search_term_string}"},"query-input":{"@type":"PropertyValueSpecification","valueRequired":true,"valueName":"search_term_string"}}],"inLanguage":"qt"},{"@type":"Organization","@id":"https:\/\/qtmm.org\/qt\/#organization","name":"\u041c\u0435\u0434\u0436\u043b\u0456\u0441","url":"https:\/\/qtmm.org\/qt\/","logo":{"@type":"ImageObject","inLanguage":"qt","@id":"https:\/\/qtmm.org\/qt\/#\/schema\/logo\/image\/","url":"https:\/\/qtmm.org\/wp-content\/uploads\/2024\/12\/ua-mejlis-logo-rgb.svg","contentUrl":"https:\/\/qtmm.org\/wp-content\/uploads\/2024\/12\/ua-mejlis-logo-rgb.svg","caption":"\u041c\u0435\u0434\u0436\u043b\u0456\u0441"},"image":{"@id":"https:\/\/qtmm.org\/qt\/#\/schema\/logo\/image\/"},"sameAs":["https:\/\/www.facebook.com\/qtmm.info\/"]},{"@type":"Person","@id":"https:\/\/qtmm.org\/qt\/#\/schema\/person\/de562469f971dec226ac06e60bbf74a7","name":"Developer","image":{"@type":"ImageObject","inLanguage":"qt","@id":"https:\/\/secure.gravatar.com\/avatar\/392b4cc8fbfeb00b39dfeeab4ee6edded39ffd48e25858637e4765810300227e?s=96&d=mm&r=g","url":"https:\/\/secure.gravatar.com\/avatar\/392b4cc8fbfeb00b39dfeeab4ee6edded39ffd48e25858637e4765810300227e?s=96&d=mm&r=g","contentUrl":"https:\/\/secure.gravatar.com\/avatar\/392b4cc8fbfeb00b39dfeeab4ee6edded39ffd48e25858637e4765810300227e?s=96&d=mm&r=g","caption":"Developer"},"url":"https:\/\/qtmm.org\/qt\/author\/Developer\/"}]}},"_links":{"self":[{"href":"https:\/\/qtmm.org\/qt\/wp-json\/wp\/v2\/posts\/37188","targetHints":{"allow":["GET"]}}],"collection":[{"href":"https:\/\/qtmm.org\/qt\/wp-json\/wp\/v2\/posts"}],"about":[{"href":"https:\/\/qtmm.org\/qt\/wp-json\/wp\/v2\/types\/post"}],"author":[{"embeddable":true,"href":"https:\/\/qtmm.org\/qt\/wp-json\/wp\/v2\/users\/1"}],"replies":[{"embeddable":true,"href":"https:\/\/qtmm.org\/qt\/wp-json\/wp\/v2\/comments?post=37188"}],"version-history":[{"count":1,"href":"https:\/\/qtmm.org\/qt\/wp-json\/wp\/v2\/posts\/37188\/revisions"}],"predecessor-version":[{"id":37197,"href":"https:\/\/qtmm.org\/qt\/wp-json\/wp\/v2\/posts\/37188\/revisions\/37197"}],"wp:featuredmedia":[{"embeddable":true,"href":"https:\/\/qtmm.org\/qt\/wp-json\/wp\/v2\/media\/37189"}],"wp:attachment":[{"href":"https:\/\/qtmm.org\/qt\/wp-json\/wp\/v2\/media?parent=37188"}],"wp:term":[{"taxonomy":"category","embeddable":true,"href":"https:\/\/qtmm.org\/qt\/wp-json\/wp\/v2\/categories?post=37188"},{"taxonomy":"post_tag","embeddable":true,"href":"https:\/\/qtmm.org\/qt\/wp-json\/wp\/v2\/tags?post=37188"}],"curies":[{"name":"wp","href":"https:\/\/api.w.org\/{rel}","templated":true}]}}