




{"id":37144,"date":"2013-05-13T23:01:00","date_gmt":"2013-05-13T20:01:00","guid":{"rendered":"http:\/\/qtmm.org\/?p=37144"},"modified":"2022-01-23T23:04:11","modified_gmt":"2022-01-23T20:04:11","slug":"qirimda-mayis-18-matem-kunu-arfesinde-qirimtatar-halqi-soyqirimi-qurbanlarinin-hatirasina-bagislangan-bigbordlar-qoyuldi","status":"publish","type":"post","link":"https:\/\/qtmm.org\/qt\/qirimda-mayis-18-matem-kunu-arfesinde-qirimtatar-halqi-soyqirimi-qurbanlarinin-hatirasina-bagislangan-bigbordlar-qoyuldi\/","title":{"rendered":"Q\u0131r\u0131mda may\u0131s 18 \u2013 Matem k\u00fcn\u00fc arfesinde q\u0131r\u0131mtatar halq\u0131 soyq\u0131r\u0131m\u0131 qurbanlar\u0131n\u0131\u00f1 hat\u0131ras\u0131na ba\u011f\u0131\u015flan\u011fan bigbordlar qoyuld\u0131"},"content":{"rendered":"\n<p>Aqmescitte ve on\u0131\u00f1 civar\u0131nda Q\u0131r\u0131mtatar halq\u0131 Meclisi taraf\u0131ndan i\u015f adamlar\u0131n\u0131\u00f1 reklam meydanlar\u0131n\u0131 bergenleri ve qolututuv\u0131nda 1944 senesi soyq\u0131r\u0131m\u0131 qurbanlar\u0131n\u0131\u00f1 hat\u0131ras\u0131na 12 bigbord yerle\u015ftirildi.<\/p>\n\n\n\n<figure class=\"wp-block-gallery columns-3 is-cropped wp-block-gallery-1 is-layout-flex wp-block-gallery-is-layout-flex\"><ul class=\"blocks-gallery-grid\"><li class=\"blocks-gallery-item\"><figure><a href=\"http:\/\/qtmm.org\/wp-content\/uploads\/2022\/01\/051120133189.jpeg\"><img loading=\"lazy\" decoding=\"async\" width=\"700\" height=\"525\" src=\"http:\/\/qtmm.org\/wp-content\/uploads\/2022\/01\/051120133189.jpeg\" alt=\"\" data-id=\"37149\" data-full-url=\"http:\/\/qtmm.org\/wp-content\/uploads\/2022\/01\/051120133189.jpeg\" data-link=\"http:\/\/qtmm.org\/qt\/?attachment_id=37149\" class=\"wp-image-37149\" srcset=\"https:\/\/qtmm.org\/wp-content\/uploads\/2022\/01\/051120133189.jpeg 700w, https:\/\/qtmm.org\/wp-content\/uploads\/2022\/01\/051120133189-300x225.jpeg 300w\" sizes=\"auto, (max-width: 700px) 100vw, 700px\" \/><\/a><\/figure><\/li><li class=\"blocks-gallery-item\"><figure><a href=\"http:\/\/qtmm.org\/wp-content\/uploads\/2022\/01\/051120133192.jpeg\"><img loading=\"lazy\" decoding=\"async\" width=\"700\" height=\"525\" src=\"http:\/\/qtmm.org\/wp-content\/uploads\/2022\/01\/051120133192.jpeg\" alt=\"\" data-id=\"37153\" data-full-url=\"http:\/\/qtmm.org\/wp-content\/uploads\/2022\/01\/051120133192.jpeg\" data-link=\"http:\/\/qtmm.org\/qt\/?attachment_id=37153\" class=\"wp-image-37153\" srcset=\"https:\/\/qtmm.org\/wp-content\/uploads\/2022\/01\/051120133192.jpeg 700w, https:\/\/qtmm.org\/wp-content\/uploads\/2022\/01\/051120133192-300x225.jpeg 300w\" sizes=\"auto, (max-width: 700px) 100vw, 700px\" \/><\/a><\/figure><\/li><li class=\"blocks-gallery-item\"><figure><a href=\"http:\/\/qtmm.org\/wp-content\/uploads\/2022\/01\/051120133193.jpeg\"><img loading=\"lazy\" decoding=\"async\" width=\"700\" height=\"525\" src=\"http:\/\/qtmm.org\/wp-content\/uploads\/2022\/01\/051120133193.jpeg\" alt=\"\" data-id=\"37157\" data-full-url=\"http:\/\/qtmm.org\/wp-content\/uploads\/2022\/01\/051120133193.jpeg\" data-link=\"http:\/\/qtmm.org\/qt\/?attachment_id=37157\" class=\"wp-image-37157\" srcset=\"https:\/\/qtmm.org\/wp-content\/uploads\/2022\/01\/051120133193.jpeg 700w, https:\/\/qtmm.org\/wp-content\/uploads\/2022\/01\/051120133193-300x225.jpeg 300w\" sizes=\"auto, (max-width: 700px) 100vw, 700px\" \/><\/a><\/figure><\/li><li class=\"blocks-gallery-item\"><figure><a href=\"http:\/\/qtmm.org\/wp-content\/uploads\/2022\/01\/051120133194.jpeg\"><img loading=\"lazy\" decoding=\"async\" width=\"700\" height=\"525\" src=\"http:\/\/qtmm.org\/wp-content\/uploads\/2022\/01\/051120133194.jpeg\" alt=\"\" data-id=\"37161\" data-full-url=\"http:\/\/qtmm.org\/wp-content\/uploads\/2022\/01\/051120133194.jpeg\" data-link=\"http:\/\/qtmm.org\/qt\/?attachment_id=37161\" class=\"wp-image-37161\" srcset=\"https:\/\/qtmm.org\/wp-content\/uploads\/2022\/01\/051120133194.jpeg 700w, https:\/\/qtmm.org\/wp-content\/uploads\/2022\/01\/051120133194-300x225.jpeg 300w\" sizes=\"auto, (max-width: 700px) 100vw, 700px\" \/><\/a><\/figure><\/li><li class=\"blocks-gallery-item\"><figure><a href=\"http:\/\/qtmm.org\/wp-content\/uploads\/2022\/01\/p4280045.jpeg\"><img loading=\"lazy\" decoding=\"async\" width=\"700\" height=\"525\" src=\"http:\/\/qtmm.org\/wp-content\/uploads\/2022\/01\/p4280045.jpeg\" alt=\"\" data-id=\"37165\" data-full-url=\"http:\/\/qtmm.org\/wp-content\/uploads\/2022\/01\/p4280045.jpeg\" data-link=\"http:\/\/qtmm.org\/qt\/?attachment_id=37165\" class=\"wp-image-37165\" srcset=\"https:\/\/qtmm.org\/wp-content\/uploads\/2022\/01\/p4280045.jpeg 700w, https:\/\/qtmm.org\/wp-content\/uploads\/2022\/01\/p4280045-300x225.jpeg 300w\" sizes=\"auto, (max-width: 700px) 100vw, 700px\" \/><\/a><figcaption class=\"blocks-gallery-item__caption\">OLYMPUS DIGITAL CAMERA<\/figcaption><\/figure><\/li><li class=\"blocks-gallery-item\"><figure><a href=\"http:\/\/qtmm.org\/wp-content\/uploads\/2022\/01\/p4280051.jpeg\"><img loading=\"lazy\" decoding=\"async\" width=\"700\" height=\"525\" src=\"http:\/\/qtmm.org\/wp-content\/uploads\/2022\/01\/p4280051.jpeg\" alt=\"\" data-id=\"37169\" data-full-url=\"http:\/\/qtmm.org\/wp-content\/uploads\/2022\/01\/p4280051.jpeg\" data-link=\"http:\/\/qtmm.org\/qt\/?attachment_id=37169\" class=\"wp-image-37169\" srcset=\"https:\/\/qtmm.org\/wp-content\/uploads\/2022\/01\/p4280051.jpeg 700w, https:\/\/qtmm.org\/wp-content\/uploads\/2022\/01\/p4280051-300x225.jpeg 300w\" sizes=\"auto, (max-width: 700px) 100vw, 700px\" \/><\/a><figcaption class=\"blocks-gallery-item__caption\">OLYMPUS DIGITAL CAMERA<\/figcaption><\/figure><\/li><\/ul><\/figure>\n\n\n\n<p><em>Q\u0131r\u0131mtatar halq\u0131 soyq\u0131r\u0131m\u0131 qurbanlar\u0131n\u0131\u00f1 hat\u0131ras\u0131na ve s\u00fcrg\u00fcnlikni\u00f1 69 y\u0131ll\u0131\u011f\u0131na ba\u011f\u0131\u015flan\u011fan matem tedbirler \u00e7er\u00e7ivesinde may\u0131s 17 k\u00fcn\u00fc Ukrain teatrinde hat\u0131ra aq\u015fam\u0131 ke\u00e7irilgen so\u00f1 saat 17-de &#8220;Haytarma&#8221; adl\u0131 birinci tarihiy q\u0131r\u0131mtatar bediiy filmi numay\u0131\u015f etilecek. \u015eu k\u00fcn\u00fc aq\u015fam ise gen\u00e7ler &#8220;Qalbi\u00f1de ate\u015f yaq&#8221; ananeviy aktsiyan\u0131 ke\u00e7irecekler.<\/em><\/p>\n\n\n\n<p><em>May\u0131s 18 k\u00fcn\u00fc saba q\u0131r\u0131mtatarlar ya\u015fa\u011fan b\u00fct\u00fcn yerlerde mitingler \u00f6tkerilecek. Saat 12-de &#8220;Qay\u011f\u0131 ve Birlik daqqas\u0131&#8221; Halqara aktsiyas\u0131 olacaq.<\/em><\/p>\n\n\n\n<p><em>Bundan so\u00f1 Aqmescit soqaqlar\u0131nda kolonnalarn\u0131\u00f1 areketi ba\u015flap, kolonnalar merkeziy meydan\u011fa toplan\u011fan\u0131nen may\u0131s 18 \u2013 Matem k\u00fcn\u00fc arfesinde q\u0131r\u0131mtatar halq\u0131 soyq\u0131r\u0131m\u0131 qurbanlar\u0131n\u0131\u00f1 ve on y\u0131llarnen s\u00fcrg\u00fcnlik yerlerinde zorbal\u0131qnen tutul\u011fan\u0131 aqibetinde el\u00e2k ol\u011fanlarn\u0131\u00f1 ruhuna ba\u011f\u0131\u015flan\u011fan B\u00fct\u00fcnq\u0131r\u0131m matem mitingi ba\u015flanacaq.<\/em><\/p>\n\n\n\n<p><em>B\u00fct\u00fcnq\u0131r\u0131m matem mitinginde er y\u0131l\u0131 ol\u011fan\u0131 kibi miting i\u015ftirak\u00e7ilerini\u00f1 qarar\u0131 qabul etilecek.<br>Matem merasimlerine bu sene T\u00fcrkiye, Amerika, Romaniya ve Rusiyeden q\u0131r\u0131mtatar diasporas\u0131 vekillerini\u00f1 kelmesi beklenile<\/em><\/p>\n","protected":false},"excerpt":{"rendered":"<p>Aqmescitte ve on\u0131\u00f1 civar\u0131nda Q\u0131r\u0131mtatar halq\u0131 Meclisi taraf\u0131ndan i\u015f adamlar\u0131n\u0131\u00f1 reklam meydanlar\u0131n\u0131 bergenleri ve qolututuv\u0131nda 1944 senesi soyq\u0131r\u0131m\u0131 qurbanlar\u0131n\u0131\u00f1 hat\u0131ras\u0131na 12 bigbord yerle\u015ftirildi. Q\u0131r\u0131mtatar halq\u0131 soyq\u0131r\u0131m\u0131 qurbanlar\u0131n\u0131\u00f1 hat\u0131ras\u0131na ve s\u00fcrg\u00fcnlikni\u00f1 69 y\u0131ll\u0131\u011f\u0131na ba\u011f\u0131\u015flan\u011fan matem tedbirler \u00e7er\u00e7ivesinde may\u0131s 17 k\u00fcn\u00fc Ukrain teatrinde hat\u0131ra aq\u015fam\u0131 ke\u00e7irilgen so\u00f1 saat 17-de &#8220;Haytarma&#8221; adl\u0131 birinci tarihiy q\u0131r\u0131mtatar bediiy filmi numay\u0131\u015f [&hellip;]<\/p>\n","protected":false},"author":1,"featured_media":37145,"comment_status":"open","ping_status":"open","sticky":false,"template":"","format":"standard","meta":{"inline_featured_image":false,"footnotes":""},"categories":[265],"tags":[],"class_list":["post-37144","post","type-post","status-publish","format-standard","has-post-thumbnail","hentry","category-haberler"],"acf":[],"yoast_head":"<!-- This site is optimized with the Yoast SEO plugin v27.4 - https:\/\/yoast.com\/product\/yoast-seo-wordpress\/ -->\n<title>Q\u0131r\u0131mda may\u0131s 18 \u2013 Matem k\u00fcn\u00fc arfesinde q\u0131r\u0131mtatar halq\u0131 soyq\u0131r\u0131m\u0131 qurbanlar\u0131n\u0131\u00f1 hat\u0131ras\u0131na ba\u011f\u0131\u015flan\u011fan bigbordlar qoyuld\u0131 - \u041c\u0435\u0434\u0436\u043b\u0456\u0441<\/title>\n<meta name=\"robots\" content=\"index, follow, max-snippet:-1, max-image-preview:large, max-video-preview:-1\" \/>\n<link rel=\"canonical\" href=\"https:\/\/qtmm.org\/qt\/qirimda-mayis-18-matem-kunu-arfesinde-qirimtatar-halqi-soyqirimi-qurbanlarinin-hatirasina-bagislangan-bigbordlar-qoyuldi\/\" \/>\n<meta property=\"og:locale\" content=\"en_US\" \/>\n<meta property=\"og:type\" content=\"article\" \/>\n<meta property=\"og:title\" content=\"Q\u0131r\u0131mda may\u0131s 18 \u2013 Matem k\u00fcn\u00fc arfesinde q\u0131r\u0131mtatar halq\u0131 soyq\u0131r\u0131m\u0131 qurbanlar\u0131n\u0131\u00f1 hat\u0131ras\u0131na ba\u011f\u0131\u015flan\u011fan bigbordlar qoyuld\u0131 - \u041c\u0435\u0434\u0436\u043b\u0456\u0441\" \/>\n<meta property=\"og:description\" content=\"Aqmescitte ve on\u0131\u00f1 civar\u0131nda Q\u0131r\u0131mtatar halq\u0131 Meclisi taraf\u0131ndan i\u015f adamlar\u0131n\u0131\u00f1 reklam meydanlar\u0131n\u0131 bergenleri ve qolututuv\u0131nda 1944 senesi soyq\u0131r\u0131m\u0131 qurbanlar\u0131n\u0131\u00f1 hat\u0131ras\u0131na 12 bigbord yerle\u015ftirildi. Q\u0131r\u0131mtatar halq\u0131 soyq\u0131r\u0131m\u0131 qurbanlar\u0131n\u0131\u00f1 hat\u0131ras\u0131na ve s\u00fcrg\u00fcnlikni\u00f1 69 y\u0131ll\u0131\u011f\u0131na ba\u011f\u0131\u015flan\u011fan matem tedbirler \u00e7er\u00e7ivesinde may\u0131s 17 k\u00fcn\u00fc Ukrain teatrinde hat\u0131ra aq\u015fam\u0131 ke\u00e7irilgen so\u00f1 saat 17-de &#8220;Haytarma&#8221; adl\u0131 birinci tarihiy q\u0131r\u0131mtatar bediiy filmi numay\u0131\u015f [&hellip;]\" \/>\n<meta property=\"og:url\" content=\"https:\/\/qtmm.org\/qt\/qirimda-mayis-18-matem-kunu-arfesinde-qirimtatar-halqi-soyqirimi-qurbanlarinin-hatirasina-bagislangan-bigbordlar-qoyuldi\/\" \/>\n<meta property=\"og:site_name\" content=\"\u041c\u0435\u0434\u0436\u043b\u0456\u0441\" \/>\n<meta property=\"article:publisher\" content=\"https:\/\/www.facebook.com\/qtmm.info\/\" \/>\n<meta property=\"article:published_time\" content=\"2013-05-13T20:01:00+00:00\" \/>\n<meta property=\"article:modified_time\" content=\"2022-01-23T20:04:11+00:00\" \/>\n<meta property=\"og:image\" content=\"https:\/\/qtmm.org\/wp-content\/uploads\/2022\/01\/051120133183.jpeg\" \/>\n\t<meta property=\"og:image:width\" content=\"700\" \/>\n\t<meta property=\"og:image:height\" content=\"525\" \/>\n\t<meta property=\"og:image:type\" content=\"image\/jpeg\" \/>\n<meta name=\"author\" content=\"Developer\" \/>\n<meta name=\"twitter:card\" content=\"summary_large_image\" \/>\n<meta name=\"twitter:label1\" content=\"Written by\" \/>\n\t<meta name=\"twitter:data1\" content=\"Developer\" \/>\n\t<meta name=\"twitter:label2\" content=\"Est. reading time\" \/>\n\t<meta name=\"twitter:data2\" content=\"1 minute\" \/>\n<script type=\"application\/ld+json\" class=\"yoast-schema-graph\">{\"@context\":\"https:\\\/\\\/schema.org\",\"@graph\":[{\"@type\":\"Article\",\"@id\":\"https:\\\/\\\/qtmm.org\\\/qt\\\/qirimda-mayis-18-matem-kunu-arfesinde-qirimtatar-halqi-soyqirimi-qurbanlarinin-hatirasina-bagislangan-bigbordlar-qoyuldi\\\/#article\",\"isPartOf\":{\"@id\":\"https:\\\/\\\/qtmm.org\\\/qt\\\/qirimda-mayis-18-matem-kunu-arfesinde-qirimtatar-halqi-soyqirimi-qurbanlarinin-hatirasina-bagislangan-bigbordlar-qoyuldi\\\/\"},\"author\":{\"name\":\"Developer\",\"@id\":\"https:\\\/\\\/qtmm.org\\\/qt\\\/#\\\/schema\\\/person\\\/de562469f971dec226ac06e60bbf74a7\"},\"headline\":\"Q\u0131r\u0131mda may\u0131s 18 \u2013 Matem k\u00fcn\u00fc arfesinde q\u0131r\u0131mtatar halq\u0131 soyq\u0131r\u0131m\u0131 qurbanlar\u0131n\u0131\u00f1 hat\u0131ras\u0131na ba\u011f\u0131\u015flan\u011fan bigbordlar qoyuld\u0131\",\"datePublished\":\"2013-05-13T20:01:00+00:00\",\"dateModified\":\"2022-01-23T20:04:11+00:00\",\"mainEntityOfPage\":{\"@id\":\"https:\\\/\\\/qtmm.org\\\/qt\\\/qirimda-mayis-18-matem-kunu-arfesinde-qirimtatar-halqi-soyqirimi-qurbanlarinin-hatirasina-bagislangan-bigbordlar-qoyuldi\\\/\"},\"wordCount\":258,\"commentCount\":0,\"publisher\":{\"@id\":\"https:\\\/\\\/qtmm.org\\\/qt\\\/#organization\"},\"image\":{\"@id\":\"https:\\\/\\\/qtmm.org\\\/qt\\\/qirimda-mayis-18-matem-kunu-arfesinde-qirimtatar-halqi-soyqirimi-qurbanlarinin-hatirasina-bagislangan-bigbordlar-qoyuldi\\\/#primaryimage\"},\"thumbnailUrl\":\"https:\\\/\\\/qtmm.org\\\/wp-content\\\/uploads\\\/2022\\\/01\\\/051120133183.jpeg\",\"articleSection\":[\"Haberler\"],\"inLanguage\":\"qt\",\"potentialAction\":[{\"@type\":\"CommentAction\",\"name\":\"Comment\",\"target\":[\"https:\\\/\\\/qtmm.org\\\/qt\\\/qirimda-mayis-18-matem-kunu-arfesinde-qirimtatar-halqi-soyqirimi-qurbanlarinin-hatirasina-bagislangan-bigbordlar-qoyuldi\\\/#respond\"]}]},{\"@type\":\"WebPage\",\"@id\":\"https:\\\/\\\/qtmm.org\\\/qt\\\/qirimda-mayis-18-matem-kunu-arfesinde-qirimtatar-halqi-soyqirimi-qurbanlarinin-hatirasina-bagislangan-bigbordlar-qoyuldi\\\/\",\"url\":\"https:\\\/\\\/qtmm.org\\\/qt\\\/qirimda-mayis-18-matem-kunu-arfesinde-qirimtatar-halqi-soyqirimi-qurbanlarinin-hatirasina-bagislangan-bigbordlar-qoyuldi\\\/\",\"name\":\"Q\u0131r\u0131mda may\u0131s 18 \u2013 Matem k\u00fcn\u00fc arfesinde q\u0131r\u0131mtatar halq\u0131 soyq\u0131r\u0131m\u0131 qurbanlar\u0131n\u0131\u00f1 hat\u0131ras\u0131na ba\u011f\u0131\u015flan\u011fan bigbordlar qoyuld\u0131 - \u041c\u0435\u0434\u0436\u043b\u0456\u0441\",\"isPartOf\":{\"@id\":\"https:\\\/\\\/qtmm.org\\\/qt\\\/#website\"},\"primaryImageOfPage\":{\"@id\":\"https:\\\/\\\/qtmm.org\\\/qt\\\/qirimda-mayis-18-matem-kunu-arfesinde-qirimtatar-halqi-soyqirimi-qurbanlarinin-hatirasina-bagislangan-bigbordlar-qoyuldi\\\/#primaryimage\"},\"image\":{\"@id\":\"https:\\\/\\\/qtmm.org\\\/qt\\\/qirimda-mayis-18-matem-kunu-arfesinde-qirimtatar-halqi-soyqirimi-qurbanlarinin-hatirasina-bagislangan-bigbordlar-qoyuldi\\\/#primaryimage\"},\"thumbnailUrl\":\"https:\\\/\\\/qtmm.org\\\/wp-content\\\/uploads\\\/2022\\\/01\\\/051120133183.jpeg\",\"datePublished\":\"2013-05-13T20:01:00+00:00\",\"dateModified\":\"2022-01-23T20:04:11+00:00\",\"breadcrumb\":{\"@id\":\"https:\\\/\\\/qtmm.org\\\/qt\\\/qirimda-mayis-18-matem-kunu-arfesinde-qirimtatar-halqi-soyqirimi-qurbanlarinin-hatirasina-bagislangan-bigbordlar-qoyuldi\\\/#breadcrumb\"},\"inLanguage\":\"qt\",\"potentialAction\":[{\"@type\":\"ReadAction\",\"target\":[\"https:\\\/\\\/qtmm.org\\\/qt\\\/qirimda-mayis-18-matem-kunu-arfesinde-qirimtatar-halqi-soyqirimi-qurbanlarinin-hatirasina-bagislangan-bigbordlar-qoyuldi\\\/\"]}]},{\"@type\":\"ImageObject\",\"inLanguage\":\"qt\",\"@id\":\"https:\\\/\\\/qtmm.org\\\/qt\\\/qirimda-mayis-18-matem-kunu-arfesinde-qirimtatar-halqi-soyqirimi-qurbanlarinin-hatirasina-bagislangan-bigbordlar-qoyuldi\\\/#primaryimage\",\"url\":\"https:\\\/\\\/qtmm.org\\\/wp-content\\\/uploads\\\/2022\\\/01\\\/051120133183.jpeg\",\"contentUrl\":\"https:\\\/\\\/qtmm.org\\\/wp-content\\\/uploads\\\/2022\\\/01\\\/051120133183.jpeg\",\"width\":700,\"height\":525},{\"@type\":\"BreadcrumbList\",\"@id\":\"https:\\\/\\\/qtmm.org\\\/qt\\\/qirimda-mayis-18-matem-kunu-arfesinde-qirimtatar-halqi-soyqirimi-qurbanlarinin-hatirasina-bagislangan-bigbordlar-qoyuldi\\\/#breadcrumb\",\"itemListElement\":[{\"@type\":\"ListItem\",\"position\":1,\"name\":\"\u0413\u043e\u043b\u043e\u0432\u043d\u0430\",\"item\":\"https:\\\/\\\/qtmm.org\\\/qt\\\/\"},{\"@type\":\"ListItem\",\"position\":2,\"name\":\"Q\u0131r\u0131mda may\u0131s 18 \u2013 Matem k\u00fcn\u00fc arfesinde q\u0131r\u0131mtatar halq\u0131 soyq\u0131r\u0131m\u0131 qurbanlar\u0131n\u0131\u00f1 hat\u0131ras\u0131na ba\u011f\u0131\u015flan\u011fan bigbordlar qoyuld\u0131\"}]},{\"@type\":\"WebSite\",\"@id\":\"https:\\\/\\\/qtmm.org\\\/qt\\\/#website\",\"url\":\"https:\\\/\\\/qtmm.org\\\/qt\\\/\",\"name\":\"\u041c\u0435\u0434\u0436\u043b\u0456\u0441\",\"description\":\"\",\"publisher\":{\"@id\":\"https:\\\/\\\/qtmm.org\\\/qt\\\/#organization\"},\"potentialAction\":[{\"@type\":\"SearchAction\",\"target\":{\"@type\":\"EntryPoint\",\"urlTemplate\":\"https:\\\/\\\/qtmm.org\\\/qt\\\/?s={search_term_string}\"},\"query-input\":{\"@type\":\"PropertyValueSpecification\",\"valueRequired\":true,\"valueName\":\"search_term_string\"}}],\"inLanguage\":\"qt\"},{\"@type\":\"Organization\",\"@id\":\"https:\\\/\\\/qtmm.org\\\/qt\\\/#organization\",\"name\":\"\u041c\u0435\u0434\u0436\u043b\u0456\u0441\",\"url\":\"https:\\\/\\\/qtmm.org\\\/qt\\\/\",\"logo\":{\"@type\":\"ImageObject\",\"inLanguage\":\"qt\",\"@id\":\"https:\\\/\\\/qtmm.org\\\/qt\\\/#\\\/schema\\\/logo\\\/image\\\/\",\"url\":\"https:\\\/\\\/qtmm.org\\\/wp-content\\\/uploads\\\/2024\\\/12\\\/ua-mejlis-logo-rgb.svg\",\"contentUrl\":\"https:\\\/\\\/qtmm.org\\\/wp-content\\\/uploads\\\/2024\\\/12\\\/ua-mejlis-logo-rgb.svg\",\"caption\":\"\u041c\u0435\u0434\u0436\u043b\u0456\u0441\"},\"image\":{\"@id\":\"https:\\\/\\\/qtmm.org\\\/qt\\\/#\\\/schema\\\/logo\\\/image\\\/\"},\"sameAs\":[\"https:\\\/\\\/www.facebook.com\\\/qtmm.info\\\/\"]},{\"@type\":\"Person\",\"@id\":\"https:\\\/\\\/qtmm.org\\\/qt\\\/#\\\/schema\\\/person\\\/de562469f971dec226ac06e60bbf74a7\",\"name\":\"Developer\",\"image\":{\"@type\":\"ImageObject\",\"inLanguage\":\"qt\",\"@id\":\"https:\\\/\\\/secure.gravatar.com\\\/avatar\\\/392b4cc8fbfeb00b39dfeeab4ee6edded39ffd48e25858637e4765810300227e?s=96&d=mm&r=g\",\"url\":\"https:\\\/\\\/secure.gravatar.com\\\/avatar\\\/392b4cc8fbfeb00b39dfeeab4ee6edded39ffd48e25858637e4765810300227e?s=96&d=mm&r=g\",\"contentUrl\":\"https:\\\/\\\/secure.gravatar.com\\\/avatar\\\/392b4cc8fbfeb00b39dfeeab4ee6edded39ffd48e25858637e4765810300227e?s=96&d=mm&r=g\",\"caption\":\"Developer\"},\"url\":\"https:\\\/\\\/qtmm.org\\\/qt\\\/author\\\/Developer\\\/\"}]}<\/script>\n<!-- \/ Yoast SEO plugin. -->","yoast_head_json":{"title":"Q\u0131r\u0131mda may\u0131s 18 \u2013 Matem k\u00fcn\u00fc arfesinde q\u0131r\u0131mtatar halq\u0131 soyq\u0131r\u0131m\u0131 qurbanlar\u0131n\u0131\u00f1 hat\u0131ras\u0131na ba\u011f\u0131\u015flan\u011fan bigbordlar qoyuld\u0131 - \u041c\u0435\u0434\u0436\u043b\u0456\u0441","robots":{"index":"index","follow":"follow","max-snippet":"max-snippet:-1","max-image-preview":"max-image-preview:large","max-video-preview":"max-video-preview:-1"},"canonical":"https:\/\/qtmm.org\/qt\/qirimda-mayis-18-matem-kunu-arfesinde-qirimtatar-halqi-soyqirimi-qurbanlarinin-hatirasina-bagislangan-bigbordlar-qoyuldi\/","og_locale":"en_US","og_type":"article","og_title":"Q\u0131r\u0131mda may\u0131s 18 \u2013 Matem k\u00fcn\u00fc arfesinde q\u0131r\u0131mtatar halq\u0131 soyq\u0131r\u0131m\u0131 qurbanlar\u0131n\u0131\u00f1 hat\u0131ras\u0131na ba\u011f\u0131\u015flan\u011fan bigbordlar qoyuld\u0131 - \u041c\u0435\u0434\u0436\u043b\u0456\u0441","og_description":"Aqmescitte ve on\u0131\u00f1 civar\u0131nda Q\u0131r\u0131mtatar halq\u0131 Meclisi taraf\u0131ndan i\u015f adamlar\u0131n\u0131\u00f1 reklam meydanlar\u0131n\u0131 bergenleri ve qolututuv\u0131nda 1944 senesi soyq\u0131r\u0131m\u0131 qurbanlar\u0131n\u0131\u00f1 hat\u0131ras\u0131na 12 bigbord yerle\u015ftirildi. Q\u0131r\u0131mtatar halq\u0131 soyq\u0131r\u0131m\u0131 qurbanlar\u0131n\u0131\u00f1 hat\u0131ras\u0131na ve s\u00fcrg\u00fcnlikni\u00f1 69 y\u0131ll\u0131\u011f\u0131na ba\u011f\u0131\u015flan\u011fan matem tedbirler \u00e7er\u00e7ivesinde may\u0131s 17 k\u00fcn\u00fc Ukrain teatrinde hat\u0131ra aq\u015fam\u0131 ke\u00e7irilgen so\u00f1 saat 17-de &#8220;Haytarma&#8221; adl\u0131 birinci tarihiy q\u0131r\u0131mtatar bediiy filmi numay\u0131\u015f [&hellip;]","og_url":"https:\/\/qtmm.org\/qt\/qirimda-mayis-18-matem-kunu-arfesinde-qirimtatar-halqi-soyqirimi-qurbanlarinin-hatirasina-bagislangan-bigbordlar-qoyuldi\/","og_site_name":"\u041c\u0435\u0434\u0436\u043b\u0456\u0441","article_publisher":"https:\/\/www.facebook.com\/qtmm.info\/","article_published_time":"2013-05-13T20:01:00+00:00","article_modified_time":"2022-01-23T20:04:11+00:00","og_image":[{"width":700,"height":525,"url":"https:\/\/qtmm.org\/wp-content\/uploads\/2022\/01\/051120133183.jpeg","type":"image\/jpeg"}],"author":"Developer","twitter_card":"summary_large_image","twitter_misc":{"Written by":"Developer","Est. reading time":"1 minute"},"schema":{"@context":"https:\/\/schema.org","@graph":[{"@type":"Article","@id":"https:\/\/qtmm.org\/qt\/qirimda-mayis-18-matem-kunu-arfesinde-qirimtatar-halqi-soyqirimi-qurbanlarinin-hatirasina-bagislangan-bigbordlar-qoyuldi\/#article","isPartOf":{"@id":"https:\/\/qtmm.org\/qt\/qirimda-mayis-18-matem-kunu-arfesinde-qirimtatar-halqi-soyqirimi-qurbanlarinin-hatirasina-bagislangan-bigbordlar-qoyuldi\/"},"author":{"name":"Developer","@id":"https:\/\/qtmm.org\/qt\/#\/schema\/person\/de562469f971dec226ac06e60bbf74a7"},"headline":"Q\u0131r\u0131mda may\u0131s 18 \u2013 Matem k\u00fcn\u00fc arfesinde q\u0131r\u0131mtatar halq\u0131 soyq\u0131r\u0131m\u0131 qurbanlar\u0131n\u0131\u00f1 hat\u0131ras\u0131na ba\u011f\u0131\u015flan\u011fan bigbordlar qoyuld\u0131","datePublished":"2013-05-13T20:01:00+00:00","dateModified":"2022-01-23T20:04:11+00:00","mainEntityOfPage":{"@id":"https:\/\/qtmm.org\/qt\/qirimda-mayis-18-matem-kunu-arfesinde-qirimtatar-halqi-soyqirimi-qurbanlarinin-hatirasina-bagislangan-bigbordlar-qoyuldi\/"},"wordCount":258,"commentCount":0,"publisher":{"@id":"https:\/\/qtmm.org\/qt\/#organization"},"image":{"@id":"https:\/\/qtmm.org\/qt\/qirimda-mayis-18-matem-kunu-arfesinde-qirimtatar-halqi-soyqirimi-qurbanlarinin-hatirasina-bagislangan-bigbordlar-qoyuldi\/#primaryimage"},"thumbnailUrl":"https:\/\/qtmm.org\/wp-content\/uploads\/2022\/01\/051120133183.jpeg","articleSection":["Haberler"],"inLanguage":"qt","potentialAction":[{"@type":"CommentAction","name":"Comment","target":["https:\/\/qtmm.org\/qt\/qirimda-mayis-18-matem-kunu-arfesinde-qirimtatar-halqi-soyqirimi-qurbanlarinin-hatirasina-bagislangan-bigbordlar-qoyuldi\/#respond"]}]},{"@type":"WebPage","@id":"https:\/\/qtmm.org\/qt\/qirimda-mayis-18-matem-kunu-arfesinde-qirimtatar-halqi-soyqirimi-qurbanlarinin-hatirasina-bagislangan-bigbordlar-qoyuldi\/","url":"https:\/\/qtmm.org\/qt\/qirimda-mayis-18-matem-kunu-arfesinde-qirimtatar-halqi-soyqirimi-qurbanlarinin-hatirasina-bagislangan-bigbordlar-qoyuldi\/","name":"Q\u0131r\u0131mda may\u0131s 18 \u2013 Matem k\u00fcn\u00fc arfesinde q\u0131r\u0131mtatar halq\u0131 soyq\u0131r\u0131m\u0131 qurbanlar\u0131n\u0131\u00f1 hat\u0131ras\u0131na ba\u011f\u0131\u015flan\u011fan bigbordlar qoyuld\u0131 - \u041c\u0435\u0434\u0436\u043b\u0456\u0441","isPartOf":{"@id":"https:\/\/qtmm.org\/qt\/#website"},"primaryImageOfPage":{"@id":"https:\/\/qtmm.org\/qt\/qirimda-mayis-18-matem-kunu-arfesinde-qirimtatar-halqi-soyqirimi-qurbanlarinin-hatirasina-bagislangan-bigbordlar-qoyuldi\/#primaryimage"},"image":{"@id":"https:\/\/qtmm.org\/qt\/qirimda-mayis-18-matem-kunu-arfesinde-qirimtatar-halqi-soyqirimi-qurbanlarinin-hatirasina-bagislangan-bigbordlar-qoyuldi\/#primaryimage"},"thumbnailUrl":"https:\/\/qtmm.org\/wp-content\/uploads\/2022\/01\/051120133183.jpeg","datePublished":"2013-05-13T20:01:00+00:00","dateModified":"2022-01-23T20:04:11+00:00","breadcrumb":{"@id":"https:\/\/qtmm.org\/qt\/qirimda-mayis-18-matem-kunu-arfesinde-qirimtatar-halqi-soyqirimi-qurbanlarinin-hatirasina-bagislangan-bigbordlar-qoyuldi\/#breadcrumb"},"inLanguage":"qt","potentialAction":[{"@type":"ReadAction","target":["https:\/\/qtmm.org\/qt\/qirimda-mayis-18-matem-kunu-arfesinde-qirimtatar-halqi-soyqirimi-qurbanlarinin-hatirasina-bagislangan-bigbordlar-qoyuldi\/"]}]},{"@type":"ImageObject","inLanguage":"qt","@id":"https:\/\/qtmm.org\/qt\/qirimda-mayis-18-matem-kunu-arfesinde-qirimtatar-halqi-soyqirimi-qurbanlarinin-hatirasina-bagislangan-bigbordlar-qoyuldi\/#primaryimage","url":"https:\/\/qtmm.org\/wp-content\/uploads\/2022\/01\/051120133183.jpeg","contentUrl":"https:\/\/qtmm.org\/wp-content\/uploads\/2022\/01\/051120133183.jpeg","width":700,"height":525},{"@type":"BreadcrumbList","@id":"https:\/\/qtmm.org\/qt\/qirimda-mayis-18-matem-kunu-arfesinde-qirimtatar-halqi-soyqirimi-qurbanlarinin-hatirasina-bagislangan-bigbordlar-qoyuldi\/#breadcrumb","itemListElement":[{"@type":"ListItem","position":1,"name":"\u0413\u043e\u043b\u043e\u0432\u043d\u0430","item":"https:\/\/qtmm.org\/qt\/"},{"@type":"ListItem","position":2,"name":"Q\u0131r\u0131mda may\u0131s 18 \u2013 Matem k\u00fcn\u00fc arfesinde q\u0131r\u0131mtatar halq\u0131 soyq\u0131r\u0131m\u0131 qurbanlar\u0131n\u0131\u00f1 hat\u0131ras\u0131na ba\u011f\u0131\u015flan\u011fan bigbordlar qoyuld\u0131"}]},{"@type":"WebSite","@id":"https:\/\/qtmm.org\/qt\/#website","url":"https:\/\/qtmm.org\/qt\/","name":"\u041c\u0435\u0434\u0436\u043b\u0456\u0441","description":"","publisher":{"@id":"https:\/\/qtmm.org\/qt\/#organization"},"potentialAction":[{"@type":"SearchAction","target":{"@type":"EntryPoint","urlTemplate":"https:\/\/qtmm.org\/qt\/?s={search_term_string}"},"query-input":{"@type":"PropertyValueSpecification","valueRequired":true,"valueName":"search_term_string"}}],"inLanguage":"qt"},{"@type":"Organization","@id":"https:\/\/qtmm.org\/qt\/#organization","name":"\u041c\u0435\u0434\u0436\u043b\u0456\u0441","url":"https:\/\/qtmm.org\/qt\/","logo":{"@type":"ImageObject","inLanguage":"qt","@id":"https:\/\/qtmm.org\/qt\/#\/schema\/logo\/image\/","url":"https:\/\/qtmm.org\/wp-content\/uploads\/2024\/12\/ua-mejlis-logo-rgb.svg","contentUrl":"https:\/\/qtmm.org\/wp-content\/uploads\/2024\/12\/ua-mejlis-logo-rgb.svg","caption":"\u041c\u0435\u0434\u0436\u043b\u0456\u0441"},"image":{"@id":"https:\/\/qtmm.org\/qt\/#\/schema\/logo\/image\/"},"sameAs":["https:\/\/www.facebook.com\/qtmm.info\/"]},{"@type":"Person","@id":"https:\/\/qtmm.org\/qt\/#\/schema\/person\/de562469f971dec226ac06e60bbf74a7","name":"Developer","image":{"@type":"ImageObject","inLanguage":"qt","@id":"https:\/\/secure.gravatar.com\/avatar\/392b4cc8fbfeb00b39dfeeab4ee6edded39ffd48e25858637e4765810300227e?s=96&d=mm&r=g","url":"https:\/\/secure.gravatar.com\/avatar\/392b4cc8fbfeb00b39dfeeab4ee6edded39ffd48e25858637e4765810300227e?s=96&d=mm&r=g","contentUrl":"https:\/\/secure.gravatar.com\/avatar\/392b4cc8fbfeb00b39dfeeab4ee6edded39ffd48e25858637e4765810300227e?s=96&d=mm&r=g","caption":"Developer"},"url":"https:\/\/qtmm.org\/qt\/author\/Developer\/"}]}},"_links":{"self":[{"href":"https:\/\/qtmm.org\/qt\/wp-json\/wp\/v2\/posts\/37144","targetHints":{"allow":["GET"]}}],"collection":[{"href":"https:\/\/qtmm.org\/qt\/wp-json\/wp\/v2\/posts"}],"about":[{"href":"https:\/\/qtmm.org\/qt\/wp-json\/wp\/v2\/types\/post"}],"author":[{"embeddable":true,"href":"https:\/\/qtmm.org\/qt\/wp-json\/wp\/v2\/users\/1"}],"replies":[{"embeddable":true,"href":"https:\/\/qtmm.org\/qt\/wp-json\/wp\/v2\/comments?post=37144"}],"version-history":[{"count":1,"href":"https:\/\/qtmm.org\/qt\/wp-json\/wp\/v2\/posts\/37144\/revisions"}],"predecessor-version":[{"id":37173,"href":"https:\/\/qtmm.org\/qt\/wp-json\/wp\/v2\/posts\/37144\/revisions\/37173"}],"wp:featuredmedia":[{"embeddable":true,"href":"https:\/\/qtmm.org\/qt\/wp-json\/wp\/v2\/media\/37145"}],"wp:attachment":[{"href":"https:\/\/qtmm.org\/qt\/wp-json\/wp\/v2\/media?parent=37144"}],"wp:term":[{"taxonomy":"category","embeddable":true,"href":"https:\/\/qtmm.org\/qt\/wp-json\/wp\/v2\/categories?post=37144"},{"taxonomy":"post_tag","embeddable":true,"href":"https:\/\/qtmm.org\/qt\/wp-json\/wp\/v2\/tags?post=37144"}],"curies":[{"name":"wp","href":"https:\/\/api.w.org\/{rel}","templated":true}]}}