




{"id":37142,"date":"2013-05-12T23:01:00","date_gmt":"2013-05-12T20:01:00","guid":{"rendered":"http:\/\/qtmm.org\/?p=37142"},"modified":"2022-01-23T23:01:45","modified_gmt":"2022-01-23T20:01:45","slug":"qirimtatar-yaslari-1944-senesi-soyqirimi-qurbanlarinin-hatirasini-catirdagnin-topesinde-andilar","status":"publish","type":"post","link":"https:\/\/qtmm.org\/qt\/qirimtatar-yaslari-1944-senesi-soyqirimi-qurbanlarinin-hatirasini-catirdagnin-topesinde-andilar\/","title":{"rendered":"Q\u0131r\u0131mtatar ya\u015flar\u0131 1944 senesi soyq\u0131r\u0131m\u0131 qurbanlar\u0131n\u0131\u00f1 hat\u0131ras\u0131n\u0131 \u00c7at\u0131rda\u011fn\u0131\u00f1 t\u00f6pesinde a\u00f1d\u0131lar"},"content":{"rendered":"\n<p>May\u0131s 11 k\u00fcn\u00fc Q\u0131r\u0131mda Q\u0131r\u0131mtatar halq\u0131 s\u00fcrg\u00fcn etilgenini\u00f1 69 y\u0131ll\u0131\u011f\u0131na &#8220;\u00c7at\u0131rda\u011f -2013&#8221; aktsiyas\u0131 \u00f6tkerildi.<\/p>\n\n\n\n<p>Bi\u00f1ge yaq\u0131n insan 1527 metrlik y\u00fckseklikni zapt etmek i\u00e7\u00fcn An\u011fara ke\u00e7itinde \u00c7at\u0131rda\u011f eteginde topland\u0131. Aktsiya te\u015fkil\u00e2t\u00e7\u0131lar\u0131n\u0131\u00f1 aytqan\u0131na k\u00f6re bu tedbirni\u00f1 may\u0131s 11 k\u00fcn\u00fc ke\u00e7irilmesi tesaduf degil \u2013 ayn\u0131 \u015fu k\u00fcn\u00fc 69 y\u0131l evelsi SSSR Mudafaa devlet komitetini\u00f1 reisi \u0130osif Stalin q\u0131r\u0131mtatarlarn\u0131\u00f1 s\u00fcrg\u00fcn etilmesi aqq\u0131nda fermann\u0131 imzala\u011fan edi.<\/p>\n\n\n\n<p>Bu sene aktsiyada Q\u0131r\u0131mtatar ya\u015flar merkezi, &#8220;Bizim Q\u0131r\u0131m&#8221;, &#8220;Emel&#8221;, &#8220;Qarda\u015fl\u0131q&#8221; , &#8220;Ya\u015flar \u015furas\u0131&#8221;, &#8220;Ya\u015flar sedas\u0131&#8221; ve bun\u0131\u00f1 kibi de Q\u0131r\u0131mn\u0131\u00f1 \u00e7e\u015fit yerlerinden kelgen ocalar, studentler ve mektep talebeleri i\u015ftirak ettiler. \u00c7at\u0131rda\u011f seferini\u00f1 e\u00f1 ki\u00e7ik i\u015ftirak\u00e7isi 3 ya\u015f\u0131nda, e\u00f1 b\u00fcy\u00fcgi ise 90 ya\u015f\u0131nda edi.<\/p>\n\n\n\n<p>\u00c7at\u0131rda\u011f\u011fa k\u00f6terilmezden evel aktsiya i\u015ftirak\u00e7ileri \u00f6g\u00fcnde B\u00fct\u00fcnd\u00fcnya q\u0131r\u0131mtatarlar kongressini\u00f1 prezidenti, Milliy Meclis reisini\u00f1 birinci muavini Refat \u00c7ubarov, Q\u0131r\u0131m musulmanlar\u0131 m\u00fcftisini\u00f1 muavini Ayder \u0130smailov, Q\u0131r\u0131m K\u00fcre\u015f federatsiyas\u0131 reisini\u00f1 muavini Seydamet Ya\u011fyayev \u00e7\u0131q\u0131\u015fta bulun\u0131p, o\u011furl\u0131 yol tilediler.<\/p>\n\n\n\n<p>Aktsiya i\u015ftirak\u00e7ilerini\u00f1 ekseriyetini ya\u015flar te\u015fkil etseler de, olar\u011fa \u00fcyken nesil adamlar\u0131 da qo\u015ful\u0131p, irade ve istekleri ile ya\u015flar\u011fa destek old\u0131lar.<br>1527 metr y\u00fcksekliginde ol\u011fan \u00c7at\u0131rda\u011fn\u0131\u00f1 e\u00f1 yuqar\u0131 noqtas\u0131na k\u00f6terilgen aktsiya i\u015ftirak\u00e7ileri s\u00fcrg\u00fcnlikte el\u00e2k ol\u011fanlarn\u0131\u00f1 ruhuna dua oqup, q\u0131r\u0131mtatar milliy gimni &#8220;Ant etkenmen&#8221;ni y\u0131rlad\u0131lar.<\/p>\n","protected":false},"excerpt":{"rendered":"<p>May\u0131s 11 k\u00fcn\u00fc Q\u0131r\u0131mda Q\u0131r\u0131mtatar halq\u0131 s\u00fcrg\u00fcn etilgenini\u00f1 69 y\u0131ll\u0131\u011f\u0131na &#8220;\u00c7at\u0131rda\u011f -2013&#8221; aktsiyas\u0131 \u00f6tkerildi. Bi\u00f1ge yaq\u0131n insan 1527 metrlik y\u00fckseklikni zapt etmek i\u00e7\u00fcn An\u011fara ke\u00e7itinde \u00c7at\u0131rda\u011f eteginde topland\u0131. Aktsiya te\u015fkil\u00e2t\u00e7\u0131lar\u0131n\u0131\u00f1 aytqan\u0131na k\u00f6re bu tedbirni\u00f1 may\u0131s 11 k\u00fcn\u00fc ke\u00e7irilmesi tesaduf degil \u2013 ayn\u0131 \u015fu k\u00fcn\u00fc 69 y\u0131l evelsi SSSR Mudafaa devlet komitetini\u00f1 reisi \u0130osif Stalin q\u0131r\u0131mtatarlarn\u0131\u00f1 [&hellip;]<\/p>\n","protected":false},"author":1,"featured_media":0,"comment_status":"open","ping_status":"open","sticky":false,"template":"","format":"standard","meta":{"inline_featured_image":false,"footnotes":""},"categories":[265],"tags":[],"class_list":["post-37142","post","type-post","status-publish","format-standard","hentry","category-haberler"],"acf":[],"yoast_head":"<!-- This site is optimized with the Yoast SEO plugin v27.4 - https:\/\/yoast.com\/product\/yoast-seo-wordpress\/ -->\n<title>Q\u0131r\u0131mtatar ya\u015flar\u0131 1944 senesi soyq\u0131r\u0131m\u0131 qurbanlar\u0131n\u0131\u00f1 hat\u0131ras\u0131n\u0131 \u00c7at\u0131rda\u011fn\u0131\u00f1 t\u00f6pesinde a\u00f1d\u0131lar - \u041c\u0435\u0434\u0436\u043b\u0456\u0441<\/title>\n<meta name=\"robots\" content=\"index, follow, max-snippet:-1, max-image-preview:large, max-video-preview:-1\" \/>\n<link rel=\"canonical\" href=\"https:\/\/qtmm.org\/qt\/qirimtatar-yaslari-1944-senesi-soyqirimi-qurbanlarinin-hatirasini-catirdagnin-topesinde-andilar\/\" \/>\n<meta property=\"og:locale\" content=\"en_US\" \/>\n<meta property=\"og:type\" content=\"article\" \/>\n<meta property=\"og:title\" content=\"Q\u0131r\u0131mtatar ya\u015flar\u0131 1944 senesi soyq\u0131r\u0131m\u0131 qurbanlar\u0131n\u0131\u00f1 hat\u0131ras\u0131n\u0131 \u00c7at\u0131rda\u011fn\u0131\u00f1 t\u00f6pesinde a\u00f1d\u0131lar - \u041c\u0435\u0434\u0436\u043b\u0456\u0441\" \/>\n<meta property=\"og:description\" content=\"May\u0131s 11 k\u00fcn\u00fc Q\u0131r\u0131mda Q\u0131r\u0131mtatar halq\u0131 s\u00fcrg\u00fcn etilgenini\u00f1 69 y\u0131ll\u0131\u011f\u0131na &#8220;\u00c7at\u0131rda\u011f -2013&#8221; aktsiyas\u0131 \u00f6tkerildi. Bi\u00f1ge yaq\u0131n insan 1527 metrlik y\u00fckseklikni zapt etmek i\u00e7\u00fcn An\u011fara ke\u00e7itinde \u00c7at\u0131rda\u011f eteginde topland\u0131. Aktsiya te\u015fkil\u00e2t\u00e7\u0131lar\u0131n\u0131\u00f1 aytqan\u0131na k\u00f6re bu tedbirni\u00f1 may\u0131s 11 k\u00fcn\u00fc ke\u00e7irilmesi tesaduf degil \u2013 ayn\u0131 \u015fu k\u00fcn\u00fc 69 y\u0131l evelsi SSSR Mudafaa devlet komitetini\u00f1 reisi \u0130osif Stalin q\u0131r\u0131mtatarlarn\u0131\u00f1 [&hellip;]\" \/>\n<meta property=\"og:url\" content=\"https:\/\/qtmm.org\/qt\/qirimtatar-yaslari-1944-senesi-soyqirimi-qurbanlarinin-hatirasini-catirdagnin-topesinde-andilar\/\" \/>\n<meta property=\"og:site_name\" content=\"\u041c\u0435\u0434\u0436\u043b\u0456\u0441\" \/>\n<meta property=\"article:publisher\" content=\"https:\/\/www.facebook.com\/qtmm.info\/\" \/>\n<meta property=\"article:published_time\" content=\"2013-05-12T20:01:00+00:00\" \/>\n<meta property=\"article:modified_time\" content=\"2022-01-23T20:01:45+00:00\" \/>\n<meta name=\"author\" content=\"Developer\" \/>\n<meta name=\"twitter:card\" content=\"summary_large_image\" \/>\n<meta name=\"twitter:label1\" content=\"Written by\" \/>\n\t<meta name=\"twitter:data1\" content=\"Developer\" \/>\n\t<meta name=\"twitter:label2\" content=\"Est. reading time\" \/>\n\t<meta name=\"twitter:data2\" content=\"1 minute\" \/>\n<script type=\"application\/ld+json\" class=\"yoast-schema-graph\">{\"@context\":\"https:\\\/\\\/schema.org\",\"@graph\":[{\"@type\":\"Article\",\"@id\":\"https:\\\/\\\/qtmm.org\\\/qt\\\/qirimtatar-yaslari-1944-senesi-soyqirimi-qurbanlarinin-hatirasini-catirdagnin-topesinde-andilar\\\/#article\",\"isPartOf\":{\"@id\":\"https:\\\/\\\/qtmm.org\\\/qt\\\/qirimtatar-yaslari-1944-senesi-soyqirimi-qurbanlarinin-hatirasini-catirdagnin-topesinde-andilar\\\/\"},\"author\":{\"name\":\"Developer\",\"@id\":\"https:\\\/\\\/qtmm.org\\\/qt\\\/#\\\/schema\\\/person\\\/de562469f971dec226ac06e60bbf74a7\"},\"headline\":\"Q\u0131r\u0131mtatar ya\u015flar\u0131 1944 senesi soyq\u0131r\u0131m\u0131 qurbanlar\u0131n\u0131\u00f1 hat\u0131ras\u0131n\u0131 \u00c7at\u0131rda\u011fn\u0131\u00f1 t\u00f6pesinde a\u00f1d\u0131lar\",\"datePublished\":\"2013-05-12T20:01:00+00:00\",\"dateModified\":\"2022-01-23T20:01:45+00:00\",\"mainEntityOfPage\":{\"@id\":\"https:\\\/\\\/qtmm.org\\\/qt\\\/qirimtatar-yaslari-1944-senesi-soyqirimi-qurbanlarinin-hatirasini-catirdagnin-topesinde-andilar\\\/\"},\"wordCount\":298,\"commentCount\":0,\"publisher\":{\"@id\":\"https:\\\/\\\/qtmm.org\\\/qt\\\/#organization\"},\"articleSection\":[\"Haberler\"],\"inLanguage\":\"qt\",\"potentialAction\":[{\"@type\":\"CommentAction\",\"name\":\"Comment\",\"target\":[\"https:\\\/\\\/qtmm.org\\\/qt\\\/qirimtatar-yaslari-1944-senesi-soyqirimi-qurbanlarinin-hatirasini-catirdagnin-topesinde-andilar\\\/#respond\"]}]},{\"@type\":\"WebPage\",\"@id\":\"https:\\\/\\\/qtmm.org\\\/qt\\\/qirimtatar-yaslari-1944-senesi-soyqirimi-qurbanlarinin-hatirasini-catirdagnin-topesinde-andilar\\\/\",\"url\":\"https:\\\/\\\/qtmm.org\\\/qt\\\/qirimtatar-yaslari-1944-senesi-soyqirimi-qurbanlarinin-hatirasini-catirdagnin-topesinde-andilar\\\/\",\"name\":\"Q\u0131r\u0131mtatar ya\u015flar\u0131 1944 senesi soyq\u0131r\u0131m\u0131 qurbanlar\u0131n\u0131\u00f1 hat\u0131ras\u0131n\u0131 \u00c7at\u0131rda\u011fn\u0131\u00f1 t\u00f6pesinde a\u00f1d\u0131lar - \u041c\u0435\u0434\u0436\u043b\u0456\u0441\",\"isPartOf\":{\"@id\":\"https:\\\/\\\/qtmm.org\\\/qt\\\/#website\"},\"datePublished\":\"2013-05-12T20:01:00+00:00\",\"dateModified\":\"2022-01-23T20:01:45+00:00\",\"breadcrumb\":{\"@id\":\"https:\\\/\\\/qtmm.org\\\/qt\\\/qirimtatar-yaslari-1944-senesi-soyqirimi-qurbanlarinin-hatirasini-catirdagnin-topesinde-andilar\\\/#breadcrumb\"},\"inLanguage\":\"qt\",\"potentialAction\":[{\"@type\":\"ReadAction\",\"target\":[\"https:\\\/\\\/qtmm.org\\\/qt\\\/qirimtatar-yaslari-1944-senesi-soyqirimi-qurbanlarinin-hatirasini-catirdagnin-topesinde-andilar\\\/\"]}]},{\"@type\":\"BreadcrumbList\",\"@id\":\"https:\\\/\\\/qtmm.org\\\/qt\\\/qirimtatar-yaslari-1944-senesi-soyqirimi-qurbanlarinin-hatirasini-catirdagnin-topesinde-andilar\\\/#breadcrumb\",\"itemListElement\":[{\"@type\":\"ListItem\",\"position\":1,\"name\":\"\u0413\u043e\u043b\u043e\u0432\u043d\u0430\",\"item\":\"https:\\\/\\\/qtmm.org\\\/qt\\\/\"},{\"@type\":\"ListItem\",\"position\":2,\"name\":\"Q\u0131r\u0131mtatar ya\u015flar\u0131 1944 senesi soyq\u0131r\u0131m\u0131 qurbanlar\u0131n\u0131\u00f1 hat\u0131ras\u0131n\u0131 \u00c7at\u0131rda\u011fn\u0131\u00f1 t\u00f6pesinde a\u00f1d\u0131lar\"}]},{\"@type\":\"WebSite\",\"@id\":\"https:\\\/\\\/qtmm.org\\\/qt\\\/#website\",\"url\":\"https:\\\/\\\/qtmm.org\\\/qt\\\/\",\"name\":\"\u041c\u0435\u0434\u0436\u043b\u0456\u0441\",\"description\":\"\",\"publisher\":{\"@id\":\"https:\\\/\\\/qtmm.org\\\/qt\\\/#organization\"},\"potentialAction\":[{\"@type\":\"SearchAction\",\"target\":{\"@type\":\"EntryPoint\",\"urlTemplate\":\"https:\\\/\\\/qtmm.org\\\/qt\\\/?s={search_term_string}\"},\"query-input\":{\"@type\":\"PropertyValueSpecification\",\"valueRequired\":true,\"valueName\":\"search_term_string\"}}],\"inLanguage\":\"qt\"},{\"@type\":\"Organization\",\"@id\":\"https:\\\/\\\/qtmm.org\\\/qt\\\/#organization\",\"name\":\"\u041c\u0435\u0434\u0436\u043b\u0456\u0441\",\"url\":\"https:\\\/\\\/qtmm.org\\\/qt\\\/\",\"logo\":{\"@type\":\"ImageObject\",\"inLanguage\":\"qt\",\"@id\":\"https:\\\/\\\/qtmm.org\\\/qt\\\/#\\\/schema\\\/logo\\\/image\\\/\",\"url\":\"https:\\\/\\\/qtmm.org\\\/wp-content\\\/uploads\\\/2024\\\/12\\\/ua-mejlis-logo-rgb.svg\",\"contentUrl\":\"https:\\\/\\\/qtmm.org\\\/wp-content\\\/uploads\\\/2024\\\/12\\\/ua-mejlis-logo-rgb.svg\",\"caption\":\"\u041c\u0435\u0434\u0436\u043b\u0456\u0441\"},\"image\":{\"@id\":\"https:\\\/\\\/qtmm.org\\\/qt\\\/#\\\/schema\\\/logo\\\/image\\\/\"},\"sameAs\":[\"https:\\\/\\\/www.facebook.com\\\/qtmm.info\\\/\"]},{\"@type\":\"Person\",\"@id\":\"https:\\\/\\\/qtmm.org\\\/qt\\\/#\\\/schema\\\/person\\\/de562469f971dec226ac06e60bbf74a7\",\"name\":\"Developer\",\"image\":{\"@type\":\"ImageObject\",\"inLanguage\":\"qt\",\"@id\":\"https:\\\/\\\/secure.gravatar.com\\\/avatar\\\/392b4cc8fbfeb00b39dfeeab4ee6edded39ffd48e25858637e4765810300227e?s=96&d=mm&r=g\",\"url\":\"https:\\\/\\\/secure.gravatar.com\\\/avatar\\\/392b4cc8fbfeb00b39dfeeab4ee6edded39ffd48e25858637e4765810300227e?s=96&d=mm&r=g\",\"contentUrl\":\"https:\\\/\\\/secure.gravatar.com\\\/avatar\\\/392b4cc8fbfeb00b39dfeeab4ee6edded39ffd48e25858637e4765810300227e?s=96&d=mm&r=g\",\"caption\":\"Developer\"},\"url\":\"https:\\\/\\\/qtmm.org\\\/qt\\\/author\\\/Developer\\\/\"}]}<\/script>\n<!-- \/ Yoast SEO plugin. -->","yoast_head_json":{"title":"Q\u0131r\u0131mtatar ya\u015flar\u0131 1944 senesi soyq\u0131r\u0131m\u0131 qurbanlar\u0131n\u0131\u00f1 hat\u0131ras\u0131n\u0131 \u00c7at\u0131rda\u011fn\u0131\u00f1 t\u00f6pesinde a\u00f1d\u0131lar - \u041c\u0435\u0434\u0436\u043b\u0456\u0441","robots":{"index":"index","follow":"follow","max-snippet":"max-snippet:-1","max-image-preview":"max-image-preview:large","max-video-preview":"max-video-preview:-1"},"canonical":"https:\/\/qtmm.org\/qt\/qirimtatar-yaslari-1944-senesi-soyqirimi-qurbanlarinin-hatirasini-catirdagnin-topesinde-andilar\/","og_locale":"en_US","og_type":"article","og_title":"Q\u0131r\u0131mtatar ya\u015flar\u0131 1944 senesi soyq\u0131r\u0131m\u0131 qurbanlar\u0131n\u0131\u00f1 hat\u0131ras\u0131n\u0131 \u00c7at\u0131rda\u011fn\u0131\u00f1 t\u00f6pesinde a\u00f1d\u0131lar - \u041c\u0435\u0434\u0436\u043b\u0456\u0441","og_description":"May\u0131s 11 k\u00fcn\u00fc Q\u0131r\u0131mda Q\u0131r\u0131mtatar halq\u0131 s\u00fcrg\u00fcn etilgenini\u00f1 69 y\u0131ll\u0131\u011f\u0131na &#8220;\u00c7at\u0131rda\u011f -2013&#8221; aktsiyas\u0131 \u00f6tkerildi. Bi\u00f1ge yaq\u0131n insan 1527 metrlik y\u00fckseklikni zapt etmek i\u00e7\u00fcn An\u011fara ke\u00e7itinde \u00c7at\u0131rda\u011f eteginde topland\u0131. Aktsiya te\u015fkil\u00e2t\u00e7\u0131lar\u0131n\u0131\u00f1 aytqan\u0131na k\u00f6re bu tedbirni\u00f1 may\u0131s 11 k\u00fcn\u00fc ke\u00e7irilmesi tesaduf degil \u2013 ayn\u0131 \u015fu k\u00fcn\u00fc 69 y\u0131l evelsi SSSR Mudafaa devlet komitetini\u00f1 reisi \u0130osif Stalin q\u0131r\u0131mtatarlarn\u0131\u00f1 [&hellip;]","og_url":"https:\/\/qtmm.org\/qt\/qirimtatar-yaslari-1944-senesi-soyqirimi-qurbanlarinin-hatirasini-catirdagnin-topesinde-andilar\/","og_site_name":"\u041c\u0435\u0434\u0436\u043b\u0456\u0441","article_publisher":"https:\/\/www.facebook.com\/qtmm.info\/","article_published_time":"2013-05-12T20:01:00+00:00","article_modified_time":"2022-01-23T20:01:45+00:00","author":"Developer","twitter_card":"summary_large_image","twitter_misc":{"Written by":"Developer","Est. reading time":"1 minute"},"schema":{"@context":"https:\/\/schema.org","@graph":[{"@type":"Article","@id":"https:\/\/qtmm.org\/qt\/qirimtatar-yaslari-1944-senesi-soyqirimi-qurbanlarinin-hatirasini-catirdagnin-topesinde-andilar\/#article","isPartOf":{"@id":"https:\/\/qtmm.org\/qt\/qirimtatar-yaslari-1944-senesi-soyqirimi-qurbanlarinin-hatirasini-catirdagnin-topesinde-andilar\/"},"author":{"name":"Developer","@id":"https:\/\/qtmm.org\/qt\/#\/schema\/person\/de562469f971dec226ac06e60bbf74a7"},"headline":"Q\u0131r\u0131mtatar ya\u015flar\u0131 1944 senesi soyq\u0131r\u0131m\u0131 qurbanlar\u0131n\u0131\u00f1 hat\u0131ras\u0131n\u0131 \u00c7at\u0131rda\u011fn\u0131\u00f1 t\u00f6pesinde a\u00f1d\u0131lar","datePublished":"2013-05-12T20:01:00+00:00","dateModified":"2022-01-23T20:01:45+00:00","mainEntityOfPage":{"@id":"https:\/\/qtmm.org\/qt\/qirimtatar-yaslari-1944-senesi-soyqirimi-qurbanlarinin-hatirasini-catirdagnin-topesinde-andilar\/"},"wordCount":298,"commentCount":0,"publisher":{"@id":"https:\/\/qtmm.org\/qt\/#organization"},"articleSection":["Haberler"],"inLanguage":"qt","potentialAction":[{"@type":"CommentAction","name":"Comment","target":["https:\/\/qtmm.org\/qt\/qirimtatar-yaslari-1944-senesi-soyqirimi-qurbanlarinin-hatirasini-catirdagnin-topesinde-andilar\/#respond"]}]},{"@type":"WebPage","@id":"https:\/\/qtmm.org\/qt\/qirimtatar-yaslari-1944-senesi-soyqirimi-qurbanlarinin-hatirasini-catirdagnin-topesinde-andilar\/","url":"https:\/\/qtmm.org\/qt\/qirimtatar-yaslari-1944-senesi-soyqirimi-qurbanlarinin-hatirasini-catirdagnin-topesinde-andilar\/","name":"Q\u0131r\u0131mtatar ya\u015flar\u0131 1944 senesi soyq\u0131r\u0131m\u0131 qurbanlar\u0131n\u0131\u00f1 hat\u0131ras\u0131n\u0131 \u00c7at\u0131rda\u011fn\u0131\u00f1 t\u00f6pesinde a\u00f1d\u0131lar - \u041c\u0435\u0434\u0436\u043b\u0456\u0441","isPartOf":{"@id":"https:\/\/qtmm.org\/qt\/#website"},"datePublished":"2013-05-12T20:01:00+00:00","dateModified":"2022-01-23T20:01:45+00:00","breadcrumb":{"@id":"https:\/\/qtmm.org\/qt\/qirimtatar-yaslari-1944-senesi-soyqirimi-qurbanlarinin-hatirasini-catirdagnin-topesinde-andilar\/#breadcrumb"},"inLanguage":"qt","potentialAction":[{"@type":"ReadAction","target":["https:\/\/qtmm.org\/qt\/qirimtatar-yaslari-1944-senesi-soyqirimi-qurbanlarinin-hatirasini-catirdagnin-topesinde-andilar\/"]}]},{"@type":"BreadcrumbList","@id":"https:\/\/qtmm.org\/qt\/qirimtatar-yaslari-1944-senesi-soyqirimi-qurbanlarinin-hatirasini-catirdagnin-topesinde-andilar\/#breadcrumb","itemListElement":[{"@type":"ListItem","position":1,"name":"\u0413\u043e\u043b\u043e\u0432\u043d\u0430","item":"https:\/\/qtmm.org\/qt\/"},{"@type":"ListItem","position":2,"name":"Q\u0131r\u0131mtatar ya\u015flar\u0131 1944 senesi soyq\u0131r\u0131m\u0131 qurbanlar\u0131n\u0131\u00f1 hat\u0131ras\u0131n\u0131 \u00c7at\u0131rda\u011fn\u0131\u00f1 t\u00f6pesinde a\u00f1d\u0131lar"}]},{"@type":"WebSite","@id":"https:\/\/qtmm.org\/qt\/#website","url":"https:\/\/qtmm.org\/qt\/","name":"\u041c\u0435\u0434\u0436\u043b\u0456\u0441","description":"","publisher":{"@id":"https:\/\/qtmm.org\/qt\/#organization"},"potentialAction":[{"@type":"SearchAction","target":{"@type":"EntryPoint","urlTemplate":"https:\/\/qtmm.org\/qt\/?s={search_term_string}"},"query-input":{"@type":"PropertyValueSpecification","valueRequired":true,"valueName":"search_term_string"}}],"inLanguage":"qt"},{"@type":"Organization","@id":"https:\/\/qtmm.org\/qt\/#organization","name":"\u041c\u0435\u0434\u0436\u043b\u0456\u0441","url":"https:\/\/qtmm.org\/qt\/","logo":{"@type":"ImageObject","inLanguage":"qt","@id":"https:\/\/qtmm.org\/qt\/#\/schema\/logo\/image\/","url":"https:\/\/qtmm.org\/wp-content\/uploads\/2024\/12\/ua-mejlis-logo-rgb.svg","contentUrl":"https:\/\/qtmm.org\/wp-content\/uploads\/2024\/12\/ua-mejlis-logo-rgb.svg","caption":"\u041c\u0435\u0434\u0436\u043b\u0456\u0441"},"image":{"@id":"https:\/\/qtmm.org\/qt\/#\/schema\/logo\/image\/"},"sameAs":["https:\/\/www.facebook.com\/qtmm.info\/"]},{"@type":"Person","@id":"https:\/\/qtmm.org\/qt\/#\/schema\/person\/de562469f971dec226ac06e60bbf74a7","name":"Developer","image":{"@type":"ImageObject","inLanguage":"qt","@id":"https:\/\/secure.gravatar.com\/avatar\/392b4cc8fbfeb00b39dfeeab4ee6edded39ffd48e25858637e4765810300227e?s=96&d=mm&r=g","url":"https:\/\/secure.gravatar.com\/avatar\/392b4cc8fbfeb00b39dfeeab4ee6edded39ffd48e25858637e4765810300227e?s=96&d=mm&r=g","contentUrl":"https:\/\/secure.gravatar.com\/avatar\/392b4cc8fbfeb00b39dfeeab4ee6edded39ffd48e25858637e4765810300227e?s=96&d=mm&r=g","caption":"Developer"},"url":"https:\/\/qtmm.org\/qt\/author\/Developer\/"}]}},"_links":{"self":[{"href":"https:\/\/qtmm.org\/qt\/wp-json\/wp\/v2\/posts\/37142","targetHints":{"allow":["GET"]}}],"collection":[{"href":"https:\/\/qtmm.org\/qt\/wp-json\/wp\/v2\/posts"}],"about":[{"href":"https:\/\/qtmm.org\/qt\/wp-json\/wp\/v2\/types\/post"}],"author":[{"embeddable":true,"href":"https:\/\/qtmm.org\/qt\/wp-json\/wp\/v2\/users\/1"}],"replies":[{"embeddable":true,"href":"https:\/\/qtmm.org\/qt\/wp-json\/wp\/v2\/comments?post=37142"}],"version-history":[{"count":1,"href":"https:\/\/qtmm.org\/qt\/wp-json\/wp\/v2\/posts\/37142\/revisions"}],"predecessor-version":[{"id":37143,"href":"https:\/\/qtmm.org\/qt\/wp-json\/wp\/v2\/posts\/37142\/revisions\/37143"}],"wp:attachment":[{"href":"https:\/\/qtmm.org\/qt\/wp-json\/wp\/v2\/media?parent=37142"}],"wp:term":[{"taxonomy":"category","embeddable":true,"href":"https:\/\/qtmm.org\/qt\/wp-json\/wp\/v2\/categories?post=37142"},{"taxonomy":"post_tag","embeddable":true,"href":"https:\/\/qtmm.org\/qt\/wp-json\/wp\/v2\/tags?post=37142"}],"curies":[{"name":"wp","href":"https:\/\/api.w.org\/{rel}","templated":true}]}}