




{"id":37120,"date":"2013-05-09T22:59:00","date_gmt":"2013-05-09T19:59:00","guid":{"rendered":"http:\/\/qtmm.org\/?p=37120"},"modified":"2022-01-23T23:01:01","modified_gmt":"2022-01-23T20:01:01","slug":"sudaq-rayoninda-dogma-cenkci-dogma-qoz-koyunden-mustafa-umerovnin-naasi-defn-etildi","status":"publish","type":"post","link":"https:\/\/qtmm.org\/qt\/sudaq-rayoninda-dogma-cenkci-dogma-qoz-koyunden-mustafa-umerovnin-naasi-defn-etildi\/","title":{"rendered":"Sudaq rayon\u0131nda do\u011fma cenk\u00e7i, do\u011fma Qoz k\u00f6y\u00fcnden Mustafa \u00dcmerovn\u0131\u00f1 naa\u015f\u0131 defn etildi"},"content":{"rendered":"\n<p>Sudaq region\u0131n\u0131\u00f1 Qoz k\u00f6y\u00fcnde \u015fu yerde do\u011f\u011fan, Ekinci cian cenkinde 1941 senesi Aqyar civar\u0131nda el\u00e2k ol\u011fan asker Mustafa \u00dcmerovn\u0131\u00f1 naa\u015f\u0131 defn etildi.<\/p>\n\n\n\n<p>Bu aqta Facebookta \u00f6z saifesinde Meclis reisini\u00f1 birinci muavini, Q\u0131r\u0131m Yuqar\u0131 \u015euras\u0131n\u0131\u00f1 &#8220;Qurultay-Ruh&#8221; fraktsiyas\u0131n\u0131\u00f1 ba\u015f\u0131 Refat \u00c7ubarov haber etti.<\/p>\n\n\n\n<figure class=\"wp-block-image size-full\"><img loading=\"lazy\" decoding=\"async\" width=\"700\" height=\"525\" src=\"http:\/\/qtmm.org\/wp-content\/uploads\/2022\/01\/1_111.jpeg\" alt=\"\" class=\"wp-image-37125\" srcset=\"https:\/\/qtmm.org\/wp-content\/uploads\/2022\/01\/1_111.jpeg 700w, https:\/\/qtmm.org\/wp-content\/uploads\/2022\/01\/1_111-300x225.jpeg 300w\" sizes=\"auto, (max-width: 700px) 100vw, 700px\" \/><\/figure>\n\n\n\n<p>Merasim 2013 senesi may\u0131s 7 k\u00fcn\u00fc ol\u0131p ke\u00e7ti.<\/p>\n\n\n\n<figure class=\"wp-block-image size-full\"><img loading=\"lazy\" decoding=\"async\" width=\"700\" height=\"525\" src=\"http:\/\/qtmm.org\/wp-content\/uploads\/2022\/01\/3_81.jpeg\" alt=\"\" class=\"wp-image-37129\" srcset=\"https:\/\/qtmm.org\/wp-content\/uploads\/2022\/01\/3_81.jpeg 700w, https:\/\/qtmm.org\/wp-content\/uploads\/2022\/01\/3_81-300x225.jpeg 300w\" sizes=\"auto, (max-width: 700px) 100vw, 700px\" \/><\/figure>\n\n\n\n<p>&#8220;Mustafa \u00dcmerov 1914 senesi Sudaq rayon\u0131n\u0131\u00f1 Qoz k\u00f6y\u00fcnde d\u00fcnya\u011fa keldi. On\u0131\u00f1 a\u011fas\u0131 Seitasan1939 senesi cenkke seferber etilip, fin cenkinde belgisiz \u011fay\u0131p old\u0131.<\/p>\n\n\n\n<p>Mustafa \u00dcmerov da ta 2013 senesi aprel ay\u0131na yani ara\u015ft\u0131r\u0131c\u0131lar 1941 senesi sent\u00e2br ay\u0131nda Aqyar civar\u0131nda \u00e7arp\u0131\u015fmada el\u00e2k ol\u011fan askerlerni\u00f1 kemiklerini tapqanlar\u0131na qadar belgisiz \u011fay\u0131p ol\u011fanlar s\u0131ras\u0131nda edi<\/p>\n\n\n\n<figure class=\"wp-block-image size-full\"><img loading=\"lazy\" decoding=\"async\" width=\"700\" height=\"525\" src=\"http:\/\/qtmm.org\/wp-content\/uploads\/2022\/01\/6_30.jpeg\" alt=\"\" class=\"wp-image-37133\" srcset=\"https:\/\/qtmm.org\/wp-content\/uploads\/2022\/01\/6_30.jpeg 700w, https:\/\/qtmm.org\/wp-content\/uploads\/2022\/01\/6_30-300x225.jpeg 300w\" sizes=\"auto, (max-width: 700px) 100vw, 700px\" \/><\/figure>\n\n\n\n<p>Mustafa \u00dcmerov ve cenk\u00e2ver arqada\u015flar\u0131 so\u00f1ki kere \u00e7arp\u0131\u015fqan yerini tapqan ara\u015ft\u0131r\u0131c\u0131larn\u0131\u00f1 aytqanlar\u0131na k\u00f6re Mustafa granata ile \u00fcc\u00fcmge az\u0131rlan\u011fan vaq\u0131tta el\u00e2k ol\u011fan. Patlama\u011fan granata \u00f6yle de elinde qal\u011fan\u2026&#8221;, &#8211; dep yaza \u00c7ubarov.<\/p>\n\n\n\n<figure class=\"wp-block-image size-full\"><img loading=\"lazy\" decoding=\"async\" width=\"700\" height=\"525\" src=\"http:\/\/qtmm.org\/wp-content\/uploads\/2022\/01\/8_10.jpeg\" alt=\"\" class=\"wp-image-37137\" srcset=\"https:\/\/qtmm.org\/wp-content\/uploads\/2022\/01\/8_10.jpeg 700w, https:\/\/qtmm.org\/wp-content\/uploads\/2022\/01\/8_10-300x225.jpeg 300w\" sizes=\"auto, (max-width: 700px) 100vw, 700px\" \/><\/figure>\n","protected":false},"excerpt":{"rendered":"<p>Sudaq region\u0131n\u0131\u00f1 Qoz k\u00f6y\u00fcnde \u015fu yerde do\u011f\u011fan, Ekinci cian cenkinde 1941 senesi Aqyar civar\u0131nda el\u00e2k ol\u011fan asker Mustafa \u00dcmerovn\u0131\u00f1 naa\u015f\u0131 defn etildi. Bu aqta Facebookta \u00f6z saifesinde Meclis reisini\u00f1 birinci muavini, Q\u0131r\u0131m Yuqar\u0131 \u015euras\u0131n\u0131\u00f1 &#8220;Qurultay-Ruh&#8221; fraktsiyas\u0131n\u0131\u00f1 ba\u015f\u0131 Refat \u00c7ubarov haber etti. Merasim 2013 senesi may\u0131s 7 k\u00fcn\u00fc ol\u0131p ke\u00e7ti. &#8220;Mustafa \u00dcmerov 1914 senesi Sudaq rayon\u0131n\u0131\u00f1 [&hellip;]<\/p>\n","protected":false},"author":1,"featured_media":37121,"comment_status":"open","ping_status":"open","sticky":false,"template":"","format":"standard","meta":{"inline_featured_image":false,"footnotes":""},"categories":[265],"tags":[],"class_list":["post-37120","post","type-post","status-publish","format-standard","has-post-thumbnail","hentry","category-haberler"],"acf":[],"yoast_head":"<!-- This site is optimized with the Yoast SEO plugin v27.4 - https:\/\/yoast.com\/product\/yoast-seo-wordpress\/ -->\n<title>Sudaq rayon\u0131nda do\u011fma cenk\u00e7i, do\u011fma Qoz k\u00f6y\u00fcnden Mustafa \u00dcmerovn\u0131\u00f1 naa\u015f\u0131 defn etildi - \u041c\u0435\u0434\u0436\u043b\u0456\u0441<\/title>\n<meta name=\"robots\" content=\"index, follow, max-snippet:-1, max-image-preview:large, max-video-preview:-1\" \/>\n<link rel=\"canonical\" href=\"https:\/\/qtmm.org\/qt\/sudaq-rayoninda-dogma-cenkci-dogma-qoz-koyunden-mustafa-umerovnin-naasi-defn-etildi\/\" \/>\n<meta property=\"og:locale\" content=\"en_US\" \/>\n<meta property=\"og:type\" content=\"article\" \/>\n<meta property=\"og:title\" content=\"Sudaq rayon\u0131nda do\u011fma cenk\u00e7i, do\u011fma Qoz k\u00f6y\u00fcnden Mustafa \u00dcmerovn\u0131\u00f1 naa\u015f\u0131 defn etildi - \u041c\u0435\u0434\u0436\u043b\u0456\u0441\" \/>\n<meta property=\"og:description\" content=\"Sudaq region\u0131n\u0131\u00f1 Qoz k\u00f6y\u00fcnde \u015fu yerde do\u011f\u011fan, Ekinci cian cenkinde 1941 senesi Aqyar civar\u0131nda el\u00e2k ol\u011fan asker Mustafa \u00dcmerovn\u0131\u00f1 naa\u015f\u0131 defn etildi. Bu aqta Facebookta \u00f6z saifesinde Meclis reisini\u00f1 birinci muavini, Q\u0131r\u0131m Yuqar\u0131 \u015euras\u0131n\u0131\u00f1 &#8220;Qurultay-Ruh&#8221; fraktsiyas\u0131n\u0131\u00f1 ba\u015f\u0131 Refat \u00c7ubarov haber etti. Merasim 2013 senesi may\u0131s 7 k\u00fcn\u00fc ol\u0131p ke\u00e7ti. &#8220;Mustafa \u00dcmerov 1914 senesi Sudaq rayon\u0131n\u0131\u00f1 [&hellip;]\" \/>\n<meta property=\"og:url\" content=\"https:\/\/qtmm.org\/qt\/sudaq-rayoninda-dogma-cenkci-dogma-qoz-koyunden-mustafa-umerovnin-naasi-defn-etildi\/\" \/>\n<meta property=\"og:site_name\" content=\"\u041c\u0435\u0434\u0436\u043b\u0456\u0441\" \/>\n<meta property=\"article:publisher\" content=\"https:\/\/www.facebook.com\/qtmm.info\/\" \/>\n<meta property=\"article:published_time\" content=\"2013-05-09T19:59:00+00:00\" \/>\n<meta property=\"article:modified_time\" content=\"2022-01-23T20:01:01+00:00\" \/>\n<meta property=\"og:image\" content=\"https:\/\/qtmm.org\/wp-content\/uploads\/2022\/01\/4_76.jpeg\" \/>\n\t<meta property=\"og:image:width\" content=\"700\" \/>\n\t<meta property=\"og:image:height\" content=\"525\" \/>\n\t<meta property=\"og:image:type\" content=\"image\/jpeg\" \/>\n<meta name=\"author\" content=\"Developer\" \/>\n<meta name=\"twitter:card\" content=\"summary_large_image\" \/>\n<meta name=\"twitter:label1\" content=\"Written by\" \/>\n\t<meta name=\"twitter:data1\" content=\"Developer\" \/>\n\t<meta name=\"twitter:label2\" content=\"Est. reading time\" \/>\n\t<meta name=\"twitter:data2\" content=\"1 minute\" \/>\n<script type=\"application\/ld+json\" class=\"yoast-schema-graph\">{\"@context\":\"https:\\\/\\\/schema.org\",\"@graph\":[{\"@type\":\"Article\",\"@id\":\"https:\\\/\\\/qtmm.org\\\/qt\\\/sudaq-rayoninda-dogma-cenkci-dogma-qoz-koyunden-mustafa-umerovnin-naasi-defn-etildi\\\/#article\",\"isPartOf\":{\"@id\":\"https:\\\/\\\/qtmm.org\\\/qt\\\/sudaq-rayoninda-dogma-cenkci-dogma-qoz-koyunden-mustafa-umerovnin-naasi-defn-etildi\\\/\"},\"author\":{\"name\":\"Developer\",\"@id\":\"https:\\\/\\\/qtmm.org\\\/qt\\\/#\\\/schema\\\/person\\\/de562469f971dec226ac06e60bbf74a7\"},\"headline\":\"Sudaq rayon\u0131nda do\u011fma cenk\u00e7i, do\u011fma Qoz k\u00f6y\u00fcnden Mustafa \u00dcmerovn\u0131\u00f1 naa\u015f\u0131 defn etildi\",\"datePublished\":\"2013-05-09T19:59:00+00:00\",\"dateModified\":\"2022-01-23T20:01:01+00:00\",\"mainEntityOfPage\":{\"@id\":\"https:\\\/\\\/qtmm.org\\\/qt\\\/sudaq-rayoninda-dogma-cenkci-dogma-qoz-koyunden-mustafa-umerovnin-naasi-defn-etildi\\\/\"},\"wordCount\":198,\"commentCount\":0,\"publisher\":{\"@id\":\"https:\\\/\\\/qtmm.org\\\/qt\\\/#organization\"},\"image\":{\"@id\":\"https:\\\/\\\/qtmm.org\\\/qt\\\/sudaq-rayoninda-dogma-cenkci-dogma-qoz-koyunden-mustafa-umerovnin-naasi-defn-etildi\\\/#primaryimage\"},\"thumbnailUrl\":\"https:\\\/\\\/qtmm.org\\\/wp-content\\\/uploads\\\/2022\\\/01\\\/4_76.jpeg\",\"articleSection\":[\"Haberler\"],\"inLanguage\":\"qt\",\"potentialAction\":[{\"@type\":\"CommentAction\",\"name\":\"Comment\",\"target\":[\"https:\\\/\\\/qtmm.org\\\/qt\\\/sudaq-rayoninda-dogma-cenkci-dogma-qoz-koyunden-mustafa-umerovnin-naasi-defn-etildi\\\/#respond\"]}]},{\"@type\":\"WebPage\",\"@id\":\"https:\\\/\\\/qtmm.org\\\/qt\\\/sudaq-rayoninda-dogma-cenkci-dogma-qoz-koyunden-mustafa-umerovnin-naasi-defn-etildi\\\/\",\"url\":\"https:\\\/\\\/qtmm.org\\\/qt\\\/sudaq-rayoninda-dogma-cenkci-dogma-qoz-koyunden-mustafa-umerovnin-naasi-defn-etildi\\\/\",\"name\":\"Sudaq rayon\u0131nda do\u011fma cenk\u00e7i, do\u011fma Qoz k\u00f6y\u00fcnden Mustafa \u00dcmerovn\u0131\u00f1 naa\u015f\u0131 defn etildi - \u041c\u0435\u0434\u0436\u043b\u0456\u0441\",\"isPartOf\":{\"@id\":\"https:\\\/\\\/qtmm.org\\\/qt\\\/#website\"},\"primaryImageOfPage\":{\"@id\":\"https:\\\/\\\/qtmm.org\\\/qt\\\/sudaq-rayoninda-dogma-cenkci-dogma-qoz-koyunden-mustafa-umerovnin-naasi-defn-etildi\\\/#primaryimage\"},\"image\":{\"@id\":\"https:\\\/\\\/qtmm.org\\\/qt\\\/sudaq-rayoninda-dogma-cenkci-dogma-qoz-koyunden-mustafa-umerovnin-naasi-defn-etildi\\\/#primaryimage\"},\"thumbnailUrl\":\"https:\\\/\\\/qtmm.org\\\/wp-content\\\/uploads\\\/2022\\\/01\\\/4_76.jpeg\",\"datePublished\":\"2013-05-09T19:59:00+00:00\",\"dateModified\":\"2022-01-23T20:01:01+00:00\",\"breadcrumb\":{\"@id\":\"https:\\\/\\\/qtmm.org\\\/qt\\\/sudaq-rayoninda-dogma-cenkci-dogma-qoz-koyunden-mustafa-umerovnin-naasi-defn-etildi\\\/#breadcrumb\"},\"inLanguage\":\"qt\",\"potentialAction\":[{\"@type\":\"ReadAction\",\"target\":[\"https:\\\/\\\/qtmm.org\\\/qt\\\/sudaq-rayoninda-dogma-cenkci-dogma-qoz-koyunden-mustafa-umerovnin-naasi-defn-etildi\\\/\"]}]},{\"@type\":\"ImageObject\",\"inLanguage\":\"qt\",\"@id\":\"https:\\\/\\\/qtmm.org\\\/qt\\\/sudaq-rayoninda-dogma-cenkci-dogma-qoz-koyunden-mustafa-umerovnin-naasi-defn-etildi\\\/#primaryimage\",\"url\":\"https:\\\/\\\/qtmm.org\\\/wp-content\\\/uploads\\\/2022\\\/01\\\/4_76.jpeg\",\"contentUrl\":\"https:\\\/\\\/qtmm.org\\\/wp-content\\\/uploads\\\/2022\\\/01\\\/4_76.jpeg\",\"width\":700,\"height\":525},{\"@type\":\"BreadcrumbList\",\"@id\":\"https:\\\/\\\/qtmm.org\\\/qt\\\/sudaq-rayoninda-dogma-cenkci-dogma-qoz-koyunden-mustafa-umerovnin-naasi-defn-etildi\\\/#breadcrumb\",\"itemListElement\":[{\"@type\":\"ListItem\",\"position\":1,\"name\":\"\u0413\u043e\u043b\u043e\u0432\u043d\u0430\",\"item\":\"https:\\\/\\\/qtmm.org\\\/qt\\\/\"},{\"@type\":\"ListItem\",\"position\":2,\"name\":\"Sudaq rayon\u0131nda do\u011fma cenk\u00e7i, do\u011fma Qoz k\u00f6y\u00fcnden Mustafa \u00dcmerovn\u0131\u00f1 naa\u015f\u0131 defn etildi\"}]},{\"@type\":\"WebSite\",\"@id\":\"https:\\\/\\\/qtmm.org\\\/qt\\\/#website\",\"url\":\"https:\\\/\\\/qtmm.org\\\/qt\\\/\",\"name\":\"\u041c\u0435\u0434\u0436\u043b\u0456\u0441\",\"description\":\"\",\"publisher\":{\"@id\":\"https:\\\/\\\/qtmm.org\\\/qt\\\/#organization\"},\"potentialAction\":[{\"@type\":\"SearchAction\",\"target\":{\"@type\":\"EntryPoint\",\"urlTemplate\":\"https:\\\/\\\/qtmm.org\\\/qt\\\/?s={search_term_string}\"},\"query-input\":{\"@type\":\"PropertyValueSpecification\",\"valueRequired\":true,\"valueName\":\"search_term_string\"}}],\"inLanguage\":\"qt\"},{\"@type\":\"Organization\",\"@id\":\"https:\\\/\\\/qtmm.org\\\/qt\\\/#organization\",\"name\":\"\u041c\u0435\u0434\u0436\u043b\u0456\u0441\",\"url\":\"https:\\\/\\\/qtmm.org\\\/qt\\\/\",\"logo\":{\"@type\":\"ImageObject\",\"inLanguage\":\"qt\",\"@id\":\"https:\\\/\\\/qtmm.org\\\/qt\\\/#\\\/schema\\\/logo\\\/image\\\/\",\"url\":\"https:\\\/\\\/qtmm.org\\\/wp-content\\\/uploads\\\/2024\\\/12\\\/ua-mejlis-logo-rgb.svg\",\"contentUrl\":\"https:\\\/\\\/qtmm.org\\\/wp-content\\\/uploads\\\/2024\\\/12\\\/ua-mejlis-logo-rgb.svg\",\"caption\":\"\u041c\u0435\u0434\u0436\u043b\u0456\u0441\"},\"image\":{\"@id\":\"https:\\\/\\\/qtmm.org\\\/qt\\\/#\\\/schema\\\/logo\\\/image\\\/\"},\"sameAs\":[\"https:\\\/\\\/www.facebook.com\\\/qtmm.info\\\/\"]},{\"@type\":\"Person\",\"@id\":\"https:\\\/\\\/qtmm.org\\\/qt\\\/#\\\/schema\\\/person\\\/de562469f971dec226ac06e60bbf74a7\",\"name\":\"Developer\",\"image\":{\"@type\":\"ImageObject\",\"inLanguage\":\"qt\",\"@id\":\"https:\\\/\\\/secure.gravatar.com\\\/avatar\\\/392b4cc8fbfeb00b39dfeeab4ee6edded39ffd48e25858637e4765810300227e?s=96&d=mm&r=g\",\"url\":\"https:\\\/\\\/secure.gravatar.com\\\/avatar\\\/392b4cc8fbfeb00b39dfeeab4ee6edded39ffd48e25858637e4765810300227e?s=96&d=mm&r=g\",\"contentUrl\":\"https:\\\/\\\/secure.gravatar.com\\\/avatar\\\/392b4cc8fbfeb00b39dfeeab4ee6edded39ffd48e25858637e4765810300227e?s=96&d=mm&r=g\",\"caption\":\"Developer\"},\"url\":\"https:\\\/\\\/qtmm.org\\\/qt\\\/author\\\/Developer\\\/\"}]}<\/script>\n<!-- \/ Yoast SEO plugin. -->","yoast_head_json":{"title":"Sudaq rayon\u0131nda do\u011fma cenk\u00e7i, do\u011fma Qoz k\u00f6y\u00fcnden Mustafa \u00dcmerovn\u0131\u00f1 naa\u015f\u0131 defn etildi - \u041c\u0435\u0434\u0436\u043b\u0456\u0441","robots":{"index":"index","follow":"follow","max-snippet":"max-snippet:-1","max-image-preview":"max-image-preview:large","max-video-preview":"max-video-preview:-1"},"canonical":"https:\/\/qtmm.org\/qt\/sudaq-rayoninda-dogma-cenkci-dogma-qoz-koyunden-mustafa-umerovnin-naasi-defn-etildi\/","og_locale":"en_US","og_type":"article","og_title":"Sudaq rayon\u0131nda do\u011fma cenk\u00e7i, do\u011fma Qoz k\u00f6y\u00fcnden Mustafa \u00dcmerovn\u0131\u00f1 naa\u015f\u0131 defn etildi - \u041c\u0435\u0434\u0436\u043b\u0456\u0441","og_description":"Sudaq region\u0131n\u0131\u00f1 Qoz k\u00f6y\u00fcnde \u015fu yerde do\u011f\u011fan, Ekinci cian cenkinde 1941 senesi Aqyar civar\u0131nda el\u00e2k ol\u011fan asker Mustafa \u00dcmerovn\u0131\u00f1 naa\u015f\u0131 defn etildi. Bu aqta Facebookta \u00f6z saifesinde Meclis reisini\u00f1 birinci muavini, Q\u0131r\u0131m Yuqar\u0131 \u015euras\u0131n\u0131\u00f1 &#8220;Qurultay-Ruh&#8221; fraktsiyas\u0131n\u0131\u00f1 ba\u015f\u0131 Refat \u00c7ubarov haber etti. Merasim 2013 senesi may\u0131s 7 k\u00fcn\u00fc ol\u0131p ke\u00e7ti. &#8220;Mustafa \u00dcmerov 1914 senesi Sudaq rayon\u0131n\u0131\u00f1 [&hellip;]","og_url":"https:\/\/qtmm.org\/qt\/sudaq-rayoninda-dogma-cenkci-dogma-qoz-koyunden-mustafa-umerovnin-naasi-defn-etildi\/","og_site_name":"\u041c\u0435\u0434\u0436\u043b\u0456\u0441","article_publisher":"https:\/\/www.facebook.com\/qtmm.info\/","article_published_time":"2013-05-09T19:59:00+00:00","article_modified_time":"2022-01-23T20:01:01+00:00","og_image":[{"width":700,"height":525,"url":"https:\/\/qtmm.org\/wp-content\/uploads\/2022\/01\/4_76.jpeg","type":"image\/jpeg"}],"author":"Developer","twitter_card":"summary_large_image","twitter_misc":{"Written by":"Developer","Est. reading time":"1 minute"},"schema":{"@context":"https:\/\/schema.org","@graph":[{"@type":"Article","@id":"https:\/\/qtmm.org\/qt\/sudaq-rayoninda-dogma-cenkci-dogma-qoz-koyunden-mustafa-umerovnin-naasi-defn-etildi\/#article","isPartOf":{"@id":"https:\/\/qtmm.org\/qt\/sudaq-rayoninda-dogma-cenkci-dogma-qoz-koyunden-mustafa-umerovnin-naasi-defn-etildi\/"},"author":{"name":"Developer","@id":"https:\/\/qtmm.org\/qt\/#\/schema\/person\/de562469f971dec226ac06e60bbf74a7"},"headline":"Sudaq rayon\u0131nda do\u011fma cenk\u00e7i, do\u011fma Qoz k\u00f6y\u00fcnden Mustafa \u00dcmerovn\u0131\u00f1 naa\u015f\u0131 defn etildi","datePublished":"2013-05-09T19:59:00+00:00","dateModified":"2022-01-23T20:01:01+00:00","mainEntityOfPage":{"@id":"https:\/\/qtmm.org\/qt\/sudaq-rayoninda-dogma-cenkci-dogma-qoz-koyunden-mustafa-umerovnin-naasi-defn-etildi\/"},"wordCount":198,"commentCount":0,"publisher":{"@id":"https:\/\/qtmm.org\/qt\/#organization"},"image":{"@id":"https:\/\/qtmm.org\/qt\/sudaq-rayoninda-dogma-cenkci-dogma-qoz-koyunden-mustafa-umerovnin-naasi-defn-etildi\/#primaryimage"},"thumbnailUrl":"https:\/\/qtmm.org\/wp-content\/uploads\/2022\/01\/4_76.jpeg","articleSection":["Haberler"],"inLanguage":"qt","potentialAction":[{"@type":"CommentAction","name":"Comment","target":["https:\/\/qtmm.org\/qt\/sudaq-rayoninda-dogma-cenkci-dogma-qoz-koyunden-mustafa-umerovnin-naasi-defn-etildi\/#respond"]}]},{"@type":"WebPage","@id":"https:\/\/qtmm.org\/qt\/sudaq-rayoninda-dogma-cenkci-dogma-qoz-koyunden-mustafa-umerovnin-naasi-defn-etildi\/","url":"https:\/\/qtmm.org\/qt\/sudaq-rayoninda-dogma-cenkci-dogma-qoz-koyunden-mustafa-umerovnin-naasi-defn-etildi\/","name":"Sudaq rayon\u0131nda do\u011fma cenk\u00e7i, do\u011fma Qoz k\u00f6y\u00fcnden Mustafa \u00dcmerovn\u0131\u00f1 naa\u015f\u0131 defn etildi - \u041c\u0435\u0434\u0436\u043b\u0456\u0441","isPartOf":{"@id":"https:\/\/qtmm.org\/qt\/#website"},"primaryImageOfPage":{"@id":"https:\/\/qtmm.org\/qt\/sudaq-rayoninda-dogma-cenkci-dogma-qoz-koyunden-mustafa-umerovnin-naasi-defn-etildi\/#primaryimage"},"image":{"@id":"https:\/\/qtmm.org\/qt\/sudaq-rayoninda-dogma-cenkci-dogma-qoz-koyunden-mustafa-umerovnin-naasi-defn-etildi\/#primaryimage"},"thumbnailUrl":"https:\/\/qtmm.org\/wp-content\/uploads\/2022\/01\/4_76.jpeg","datePublished":"2013-05-09T19:59:00+00:00","dateModified":"2022-01-23T20:01:01+00:00","breadcrumb":{"@id":"https:\/\/qtmm.org\/qt\/sudaq-rayoninda-dogma-cenkci-dogma-qoz-koyunden-mustafa-umerovnin-naasi-defn-etildi\/#breadcrumb"},"inLanguage":"qt","potentialAction":[{"@type":"ReadAction","target":["https:\/\/qtmm.org\/qt\/sudaq-rayoninda-dogma-cenkci-dogma-qoz-koyunden-mustafa-umerovnin-naasi-defn-etildi\/"]}]},{"@type":"ImageObject","inLanguage":"qt","@id":"https:\/\/qtmm.org\/qt\/sudaq-rayoninda-dogma-cenkci-dogma-qoz-koyunden-mustafa-umerovnin-naasi-defn-etildi\/#primaryimage","url":"https:\/\/qtmm.org\/wp-content\/uploads\/2022\/01\/4_76.jpeg","contentUrl":"https:\/\/qtmm.org\/wp-content\/uploads\/2022\/01\/4_76.jpeg","width":700,"height":525},{"@type":"BreadcrumbList","@id":"https:\/\/qtmm.org\/qt\/sudaq-rayoninda-dogma-cenkci-dogma-qoz-koyunden-mustafa-umerovnin-naasi-defn-etildi\/#breadcrumb","itemListElement":[{"@type":"ListItem","position":1,"name":"\u0413\u043e\u043b\u043e\u0432\u043d\u0430","item":"https:\/\/qtmm.org\/qt\/"},{"@type":"ListItem","position":2,"name":"Sudaq rayon\u0131nda do\u011fma cenk\u00e7i, do\u011fma Qoz k\u00f6y\u00fcnden Mustafa \u00dcmerovn\u0131\u00f1 naa\u015f\u0131 defn etildi"}]},{"@type":"WebSite","@id":"https:\/\/qtmm.org\/qt\/#website","url":"https:\/\/qtmm.org\/qt\/","name":"\u041c\u0435\u0434\u0436\u043b\u0456\u0441","description":"","publisher":{"@id":"https:\/\/qtmm.org\/qt\/#organization"},"potentialAction":[{"@type":"SearchAction","target":{"@type":"EntryPoint","urlTemplate":"https:\/\/qtmm.org\/qt\/?s={search_term_string}"},"query-input":{"@type":"PropertyValueSpecification","valueRequired":true,"valueName":"search_term_string"}}],"inLanguage":"qt"},{"@type":"Organization","@id":"https:\/\/qtmm.org\/qt\/#organization","name":"\u041c\u0435\u0434\u0436\u043b\u0456\u0441","url":"https:\/\/qtmm.org\/qt\/","logo":{"@type":"ImageObject","inLanguage":"qt","@id":"https:\/\/qtmm.org\/qt\/#\/schema\/logo\/image\/","url":"https:\/\/qtmm.org\/wp-content\/uploads\/2024\/12\/ua-mejlis-logo-rgb.svg","contentUrl":"https:\/\/qtmm.org\/wp-content\/uploads\/2024\/12\/ua-mejlis-logo-rgb.svg","caption":"\u041c\u0435\u0434\u0436\u043b\u0456\u0441"},"image":{"@id":"https:\/\/qtmm.org\/qt\/#\/schema\/logo\/image\/"},"sameAs":["https:\/\/www.facebook.com\/qtmm.info\/"]},{"@type":"Person","@id":"https:\/\/qtmm.org\/qt\/#\/schema\/person\/de562469f971dec226ac06e60bbf74a7","name":"Developer","image":{"@type":"ImageObject","inLanguage":"qt","@id":"https:\/\/secure.gravatar.com\/avatar\/392b4cc8fbfeb00b39dfeeab4ee6edded39ffd48e25858637e4765810300227e?s=96&d=mm&r=g","url":"https:\/\/secure.gravatar.com\/avatar\/392b4cc8fbfeb00b39dfeeab4ee6edded39ffd48e25858637e4765810300227e?s=96&d=mm&r=g","contentUrl":"https:\/\/secure.gravatar.com\/avatar\/392b4cc8fbfeb00b39dfeeab4ee6edded39ffd48e25858637e4765810300227e?s=96&d=mm&r=g","caption":"Developer"},"url":"https:\/\/qtmm.org\/qt\/author\/Developer\/"}]}},"_links":{"self":[{"href":"https:\/\/qtmm.org\/qt\/wp-json\/wp\/v2\/posts\/37120","targetHints":{"allow":["GET"]}}],"collection":[{"href":"https:\/\/qtmm.org\/qt\/wp-json\/wp\/v2\/posts"}],"about":[{"href":"https:\/\/qtmm.org\/qt\/wp-json\/wp\/v2\/types\/post"}],"author":[{"embeddable":true,"href":"https:\/\/qtmm.org\/qt\/wp-json\/wp\/v2\/users\/1"}],"replies":[{"embeddable":true,"href":"https:\/\/qtmm.org\/qt\/wp-json\/wp\/v2\/comments?post=37120"}],"version-history":[{"count":1,"href":"https:\/\/qtmm.org\/qt\/wp-json\/wp\/v2\/posts\/37120\/revisions"}],"predecessor-version":[{"id":37141,"href":"https:\/\/qtmm.org\/qt\/wp-json\/wp\/v2\/posts\/37120\/revisions\/37141"}],"wp:featuredmedia":[{"embeddable":true,"href":"https:\/\/qtmm.org\/qt\/wp-json\/wp\/v2\/media\/37121"}],"wp:attachment":[{"href":"https:\/\/qtmm.org\/qt\/wp-json\/wp\/v2\/media?parent=37120"}],"wp:term":[{"taxonomy":"category","embeddable":true,"href":"https:\/\/qtmm.org\/qt\/wp-json\/wp\/v2\/categories?post=37120"},{"taxonomy":"post_tag","embeddable":true,"href":"https:\/\/qtmm.org\/qt\/wp-json\/wp\/v2\/tags?post=37120"}],"curies":[{"name":"wp","href":"https:\/\/api.w.org\/{rel}","templated":true}]}}