




{"id":37118,"date":"2013-05-08T22:58:00","date_gmt":"2013-05-08T19:58:00","guid":{"rendered":"http:\/\/qtmm.org\/?p=37118"},"modified":"2022-01-23T22:58:58","modified_gmt":"2022-01-23T19:58:58","slug":"qirimoglu-bir-halqnin-kuresi-filmi-qirimtatarlarnin-lideri-mustafa-cemilevni-butun-turkiyede-daa-ziyade-mesur-etti","status":"publish","type":"post","link":"https:\/\/qtmm.org\/qt\/qirimoglu-bir-halqnin-kuresi-filmi-qirimtatarlarnin-lideri-mustafa-cemilevni-butun-turkiyede-daa-ziyade-mesur-etti\/","title":{"rendered":"\u00abQ\u0131r\u0131mo\u011flu \u2013 Bir halqn\u0131\u00f1 k\u00fcre\u015fi\u00bb filmi q\u0131r\u0131mtatarlarn\u0131\u00f1 lideri Mustafa Cemilevni b\u00fct\u00fcn T\u00fcrkiyede daa ziyade me\u015fur etti"},"content":{"rendered":"\n<p>&#8220;Q\u0131r\u0131mo\u011flu \u2013 Bir halqn\u0131\u00f1 k\u00fcre\u015fi&#8221; vesiqal\u0131 filmi sayesinde q\u0131r\u0131mtatarlarn\u0131\u00f1 lideri Mustafa Cemilev T\u00fcrkiye halq\u0131 i\u00e7\u00fcn ibret olacaq. Bu aqta\u00a0T\u00fcrkiye Odalar ve Borsalar Birligini\u00f1 ba\u015f\u0131 Rifat Hisarc\u0131kl\u0131oglu\u00a0Mustafa Cemilevni\u00f1 ad\u0131na may\u0131s 7-de yolla\u011fan mekt\u00fcbinde yaza.<\/p>\n\n\n\n<p>Mart 28 k\u00fcn\u00fc T\u00fcrkiyede T\u00fcrkiye Odalar ve Borsalar Birliginde &#8220;Q\u0131r\u0131mo\u011flu \u2013 Bir halqn\u0131\u00f1 k\u00fcre\u015fi&#8221;\u00a0vesiqal\u0131 filmini\u00f1 taqdimi aq\u015fam\u0131nda Rifat Hisarc\u0131kl\u0131oglu Mustafa Cemilevnen beraber olmaq, on\u0131 musafir etmekni kendisi i\u00e7\u00fcn b\u00fcy\u00fck \u015feref ve sevin\u00e7 ol\u011fan\u0131n\u0131 s\u00f6yledi. &#8220;Bu qadar a\u011f\u0131r, amma ayn\u0131 zamanda munasip bir hayat ke\u00e7irgen insann\u0131\u00f1 yan\u0131nda bulunmaq bizim i\u00e7\u00fcn em b\u00fcy\u00fck \u015feref ve \u011fururd\u0131r.<\/p>\n\n\n\n<p>T\u00fcrkiye ba\u015f nazirini\u00f1 muavini B\u00fclent Ar\u0131n\u00e7n\u0131\u00f1 qoltutuv\u0131nda T\u00fcrkiyeni\u00f1 Devlet teleradios\u0131 (TRT) taraf\u0131ndan \u00e7\u0131qar\u0131l\u011fan vesiqal\u0131 film sayesinde b\u00fct\u00fcn T\u00fcrkiye efsaneviy Mustafa Cemilevni daa ziyade tan\u0131maq imk\u00e2n\u0131na malik olur ve o, er keske ibret olur, &#8211; dep qayd etti Hisarc\u0131kl\u0131oglu<\/p>\n\n\n\n<p>T\u00fcrkiye Odalar ve Borsalar Birligini\u00f1 ba\u015f\u0131 Mustafa Cemilevge hediye ettigi resim i\u00e7\u00fcn te\u015fekk\u00fcr bildirip, resim TOBB &#8220;Hat\u0131ra salon\u0131nda&#8221; munasip yer alaca\u011f\u0131n\u0131 yazd\u0131.<\/p>\n\n\n\n<p><em><strong>Mal\u00fcmat i\u00e7\u00fcn:<\/strong>&nbsp;&#8220;Q\u0131r\u0131mo\u011flu\u2026Bir halqn\u0131\u00f1 k\u00fcre\u015fi&#8221; filmi q\u0131r\u0131mtatar halq\u0131n\u0131\u00f1 20-nci as\u0131rda facial\u0131 taqdiri, Q\u0131r\u0131mda milliy haqlar\u0131 o\u011frundaki k\u00fcre\u015fi ve bug\u00fcnde-bug\u00fcn Ukrainadaki vaziyetine ba\u011f\u0131\u015flan\u011fan t\u00fcrk\u00fcmni\u00f1 ba\u015flan\u011f\u00e7\u0131d\u0131r. Bu film T\u00fcrkiye Devlet televideniyesini\u00f1 (TRT) yetek\u00e7i al\u0131p bar\u0131c\u0131lar\u0131 ve vesiqal\u0131 film rejiss\u00f6rlar\u0131 Ne\u015fe Sar\u0131soy Qaratay ve Zafer Qaratay \u011fayesini\u00f1 ilkingisidir.<\/em><\/p>\n","protected":false},"excerpt":{"rendered":"<p>&#8220;Q\u0131r\u0131mo\u011flu \u2013 Bir halqn\u0131\u00f1 k\u00fcre\u015fi&#8221; vesiqal\u0131 filmi sayesinde q\u0131r\u0131mtatarlarn\u0131\u00f1 lideri Mustafa Cemilev T\u00fcrkiye halq\u0131 i\u00e7\u00fcn ibret olacaq. Bu aqta\u00a0T\u00fcrkiye Odalar ve Borsalar Birligini\u00f1 ba\u015f\u0131 Rifat Hisarc\u0131kl\u0131oglu\u00a0Mustafa Cemilevni\u00f1 ad\u0131na may\u0131s 7-de yolla\u011fan mekt\u00fcbinde yaza. Mart 28 k\u00fcn\u00fc T\u00fcrkiyede T\u00fcrkiye Odalar ve Borsalar Birliginde &#8220;Q\u0131r\u0131mo\u011flu \u2013 Bir halqn\u0131\u00f1 k\u00fcre\u015fi&#8221;\u00a0vesiqal\u0131 filmini\u00f1 taqdimi aq\u015fam\u0131nda Rifat Hisarc\u0131kl\u0131oglu Mustafa Cemilevnen beraber [&hellip;]<\/p>\n","protected":false},"author":1,"featured_media":0,"comment_status":"open","ping_status":"open","sticky":false,"template":"","format":"standard","meta":{"inline_featured_image":false,"footnotes":""},"categories":[265],"tags":[],"class_list":["post-37118","post","type-post","status-publish","format-standard","hentry","category-haberler"],"acf":[],"yoast_head":"<!-- This site is optimized with the Yoast SEO plugin v27.4 - https:\/\/yoast.com\/product\/yoast-seo-wordpress\/ -->\n<title>\u00abQ\u0131r\u0131mo\u011flu \u2013 Bir halqn\u0131\u00f1 k\u00fcre\u015fi\u00bb filmi q\u0131r\u0131mtatarlarn\u0131\u00f1 lideri Mustafa Cemilevni b\u00fct\u00fcn T\u00fcrkiyede daa ziyade me\u015fur etti - \u041c\u0435\u0434\u0436\u043b\u0456\u0441<\/title>\n<meta name=\"robots\" content=\"index, follow, max-snippet:-1, max-image-preview:large, max-video-preview:-1\" \/>\n<link rel=\"canonical\" href=\"https:\/\/qtmm.org\/qt\/qirimoglu-bir-halqnin-kuresi-filmi-qirimtatarlarnin-lideri-mustafa-cemilevni-butun-turkiyede-daa-ziyade-mesur-etti\/\" \/>\n<meta property=\"og:locale\" content=\"en_US\" \/>\n<meta property=\"og:type\" content=\"article\" \/>\n<meta property=\"og:title\" content=\"\u00abQ\u0131r\u0131mo\u011flu \u2013 Bir halqn\u0131\u00f1 k\u00fcre\u015fi\u00bb filmi q\u0131r\u0131mtatarlarn\u0131\u00f1 lideri Mustafa Cemilevni b\u00fct\u00fcn T\u00fcrkiyede daa ziyade me\u015fur etti - \u041c\u0435\u0434\u0436\u043b\u0456\u0441\" \/>\n<meta property=\"og:description\" content=\"&#8220;Q\u0131r\u0131mo\u011flu \u2013 Bir halqn\u0131\u00f1 k\u00fcre\u015fi&#8221; vesiqal\u0131 filmi sayesinde q\u0131r\u0131mtatarlarn\u0131\u00f1 lideri Mustafa Cemilev T\u00fcrkiye halq\u0131 i\u00e7\u00fcn ibret olacaq. Bu aqta\u00a0T\u00fcrkiye Odalar ve Borsalar Birligini\u00f1 ba\u015f\u0131 Rifat Hisarc\u0131kl\u0131oglu\u00a0Mustafa Cemilevni\u00f1 ad\u0131na may\u0131s 7-de yolla\u011fan mekt\u00fcbinde yaza. Mart 28 k\u00fcn\u00fc T\u00fcrkiyede T\u00fcrkiye Odalar ve Borsalar Birliginde &#8220;Q\u0131r\u0131mo\u011flu \u2013 Bir halqn\u0131\u00f1 k\u00fcre\u015fi&#8221;\u00a0vesiqal\u0131 filmini\u00f1 taqdimi aq\u015fam\u0131nda Rifat Hisarc\u0131kl\u0131oglu Mustafa Cemilevnen beraber [&hellip;]\" \/>\n<meta property=\"og:url\" content=\"https:\/\/qtmm.org\/qt\/qirimoglu-bir-halqnin-kuresi-filmi-qirimtatarlarnin-lideri-mustafa-cemilevni-butun-turkiyede-daa-ziyade-mesur-etti\/\" \/>\n<meta property=\"og:site_name\" content=\"\u041c\u0435\u0434\u0436\u043b\u0456\u0441\" \/>\n<meta property=\"article:publisher\" content=\"https:\/\/www.facebook.com\/qtmm.info\/\" \/>\n<meta property=\"article:published_time\" content=\"2013-05-08T19:58:00+00:00\" \/>\n<meta property=\"article:modified_time\" content=\"2022-01-23T19:58:58+00:00\" \/>\n<meta name=\"author\" content=\"Developer\" \/>\n<meta name=\"twitter:card\" content=\"summary_large_image\" \/>\n<meta name=\"twitter:label1\" content=\"Written by\" \/>\n\t<meta name=\"twitter:data1\" content=\"Developer\" \/>\n\t<meta name=\"twitter:label2\" content=\"Est. reading time\" \/>\n\t<meta name=\"twitter:data2\" content=\"1 minute\" \/>\n<script type=\"application\/ld+json\" class=\"yoast-schema-graph\">{\"@context\":\"https:\\\/\\\/schema.org\",\"@graph\":[{\"@type\":\"Article\",\"@id\":\"https:\\\/\\\/qtmm.org\\\/qt\\\/qirimoglu-bir-halqnin-kuresi-filmi-qirimtatarlarnin-lideri-mustafa-cemilevni-butun-turkiyede-daa-ziyade-mesur-etti\\\/#article\",\"isPartOf\":{\"@id\":\"https:\\\/\\\/qtmm.org\\\/qt\\\/qirimoglu-bir-halqnin-kuresi-filmi-qirimtatarlarnin-lideri-mustafa-cemilevni-butun-turkiyede-daa-ziyade-mesur-etti\\\/\"},\"author\":{\"name\":\"Developer\",\"@id\":\"https:\\\/\\\/qtmm.org\\\/qt\\\/#\\\/schema\\\/person\\\/de562469f971dec226ac06e60bbf74a7\"},\"headline\":\"\u00abQ\u0131r\u0131mo\u011flu \u2013 Bir halqn\u0131\u00f1 k\u00fcre\u015fi\u00bb filmi q\u0131r\u0131mtatarlarn\u0131\u00f1 lideri Mustafa Cemilevni b\u00fct\u00fcn T\u00fcrkiyede daa ziyade me\u015fur etti\",\"datePublished\":\"2013-05-08T19:58:00+00:00\",\"dateModified\":\"2022-01-23T19:58:58+00:00\",\"mainEntityOfPage\":{\"@id\":\"https:\\\/\\\/qtmm.org\\\/qt\\\/qirimoglu-bir-halqnin-kuresi-filmi-qirimtatarlarnin-lideri-mustafa-cemilevni-butun-turkiyede-daa-ziyade-mesur-etti\\\/\"},\"wordCount\":318,\"commentCount\":0,\"publisher\":{\"@id\":\"https:\\\/\\\/qtmm.org\\\/qt\\\/#organization\"},\"articleSection\":[\"Haberler\"],\"inLanguage\":\"qt\",\"potentialAction\":[{\"@type\":\"CommentAction\",\"name\":\"Comment\",\"target\":[\"https:\\\/\\\/qtmm.org\\\/qt\\\/qirimoglu-bir-halqnin-kuresi-filmi-qirimtatarlarnin-lideri-mustafa-cemilevni-butun-turkiyede-daa-ziyade-mesur-etti\\\/#respond\"]}]},{\"@type\":\"WebPage\",\"@id\":\"https:\\\/\\\/qtmm.org\\\/qt\\\/qirimoglu-bir-halqnin-kuresi-filmi-qirimtatarlarnin-lideri-mustafa-cemilevni-butun-turkiyede-daa-ziyade-mesur-etti\\\/\",\"url\":\"https:\\\/\\\/qtmm.org\\\/qt\\\/qirimoglu-bir-halqnin-kuresi-filmi-qirimtatarlarnin-lideri-mustafa-cemilevni-butun-turkiyede-daa-ziyade-mesur-etti\\\/\",\"name\":\"\u00abQ\u0131r\u0131mo\u011flu \u2013 Bir halqn\u0131\u00f1 k\u00fcre\u015fi\u00bb filmi q\u0131r\u0131mtatarlarn\u0131\u00f1 lideri Mustafa Cemilevni b\u00fct\u00fcn T\u00fcrkiyede daa ziyade me\u015fur etti - \u041c\u0435\u0434\u0436\u043b\u0456\u0441\",\"isPartOf\":{\"@id\":\"https:\\\/\\\/qtmm.org\\\/qt\\\/#website\"},\"datePublished\":\"2013-05-08T19:58:00+00:00\",\"dateModified\":\"2022-01-23T19:58:58+00:00\",\"breadcrumb\":{\"@id\":\"https:\\\/\\\/qtmm.org\\\/qt\\\/qirimoglu-bir-halqnin-kuresi-filmi-qirimtatarlarnin-lideri-mustafa-cemilevni-butun-turkiyede-daa-ziyade-mesur-etti\\\/#breadcrumb\"},\"inLanguage\":\"qt\",\"potentialAction\":[{\"@type\":\"ReadAction\",\"target\":[\"https:\\\/\\\/qtmm.org\\\/qt\\\/qirimoglu-bir-halqnin-kuresi-filmi-qirimtatarlarnin-lideri-mustafa-cemilevni-butun-turkiyede-daa-ziyade-mesur-etti\\\/\"]}]},{\"@type\":\"BreadcrumbList\",\"@id\":\"https:\\\/\\\/qtmm.org\\\/qt\\\/qirimoglu-bir-halqnin-kuresi-filmi-qirimtatarlarnin-lideri-mustafa-cemilevni-butun-turkiyede-daa-ziyade-mesur-etti\\\/#breadcrumb\",\"itemListElement\":[{\"@type\":\"ListItem\",\"position\":1,\"name\":\"\u0413\u043e\u043b\u043e\u0432\u043d\u0430\",\"item\":\"https:\\\/\\\/qtmm.org\\\/qt\\\/\"},{\"@type\":\"ListItem\",\"position\":2,\"name\":\"\u00abQ\u0131r\u0131mo\u011flu \u2013 Bir halqn\u0131\u00f1 k\u00fcre\u015fi\u00bb filmi q\u0131r\u0131mtatarlarn\u0131\u00f1 lideri Mustafa Cemilevni b\u00fct\u00fcn T\u00fcrkiyede daa ziyade me\u015fur etti\"}]},{\"@type\":\"WebSite\",\"@id\":\"https:\\\/\\\/qtmm.org\\\/qt\\\/#website\",\"url\":\"https:\\\/\\\/qtmm.org\\\/qt\\\/\",\"name\":\"\u041c\u0435\u0434\u0436\u043b\u0456\u0441\",\"description\":\"\",\"publisher\":{\"@id\":\"https:\\\/\\\/qtmm.org\\\/qt\\\/#organization\"},\"potentialAction\":[{\"@type\":\"SearchAction\",\"target\":{\"@type\":\"EntryPoint\",\"urlTemplate\":\"https:\\\/\\\/qtmm.org\\\/qt\\\/?s={search_term_string}\"},\"query-input\":{\"@type\":\"PropertyValueSpecification\",\"valueRequired\":true,\"valueName\":\"search_term_string\"}}],\"inLanguage\":\"qt\"},{\"@type\":\"Organization\",\"@id\":\"https:\\\/\\\/qtmm.org\\\/qt\\\/#organization\",\"name\":\"\u041c\u0435\u0434\u0436\u043b\u0456\u0441\",\"url\":\"https:\\\/\\\/qtmm.org\\\/qt\\\/\",\"logo\":{\"@type\":\"ImageObject\",\"inLanguage\":\"qt\",\"@id\":\"https:\\\/\\\/qtmm.org\\\/qt\\\/#\\\/schema\\\/logo\\\/image\\\/\",\"url\":\"https:\\\/\\\/qtmm.org\\\/wp-content\\\/uploads\\\/2024\\\/12\\\/ua-mejlis-logo-rgb.svg\",\"contentUrl\":\"https:\\\/\\\/qtmm.org\\\/wp-content\\\/uploads\\\/2024\\\/12\\\/ua-mejlis-logo-rgb.svg\",\"caption\":\"\u041c\u0435\u0434\u0436\u043b\u0456\u0441\"},\"image\":{\"@id\":\"https:\\\/\\\/qtmm.org\\\/qt\\\/#\\\/schema\\\/logo\\\/image\\\/\"},\"sameAs\":[\"https:\\\/\\\/www.facebook.com\\\/qtmm.info\\\/\"]},{\"@type\":\"Person\",\"@id\":\"https:\\\/\\\/qtmm.org\\\/qt\\\/#\\\/schema\\\/person\\\/de562469f971dec226ac06e60bbf74a7\",\"name\":\"Developer\",\"image\":{\"@type\":\"ImageObject\",\"inLanguage\":\"qt\",\"@id\":\"https:\\\/\\\/secure.gravatar.com\\\/avatar\\\/392b4cc8fbfeb00b39dfeeab4ee6edded39ffd48e25858637e4765810300227e?s=96&d=mm&r=g\",\"url\":\"https:\\\/\\\/secure.gravatar.com\\\/avatar\\\/392b4cc8fbfeb00b39dfeeab4ee6edded39ffd48e25858637e4765810300227e?s=96&d=mm&r=g\",\"contentUrl\":\"https:\\\/\\\/secure.gravatar.com\\\/avatar\\\/392b4cc8fbfeb00b39dfeeab4ee6edded39ffd48e25858637e4765810300227e?s=96&d=mm&r=g\",\"caption\":\"Developer\"},\"url\":\"https:\\\/\\\/qtmm.org\\\/qt\\\/author\\\/Developer\\\/\"}]}<\/script>\n<!-- \/ Yoast SEO plugin. -->","yoast_head_json":{"title":"\u00abQ\u0131r\u0131mo\u011flu \u2013 Bir halqn\u0131\u00f1 k\u00fcre\u015fi\u00bb filmi q\u0131r\u0131mtatarlarn\u0131\u00f1 lideri Mustafa Cemilevni b\u00fct\u00fcn T\u00fcrkiyede daa ziyade me\u015fur etti - \u041c\u0435\u0434\u0436\u043b\u0456\u0441","robots":{"index":"index","follow":"follow","max-snippet":"max-snippet:-1","max-image-preview":"max-image-preview:large","max-video-preview":"max-video-preview:-1"},"canonical":"https:\/\/qtmm.org\/qt\/qirimoglu-bir-halqnin-kuresi-filmi-qirimtatarlarnin-lideri-mustafa-cemilevni-butun-turkiyede-daa-ziyade-mesur-etti\/","og_locale":"en_US","og_type":"article","og_title":"\u00abQ\u0131r\u0131mo\u011flu \u2013 Bir halqn\u0131\u00f1 k\u00fcre\u015fi\u00bb filmi q\u0131r\u0131mtatarlarn\u0131\u00f1 lideri Mustafa Cemilevni b\u00fct\u00fcn T\u00fcrkiyede daa ziyade me\u015fur etti - \u041c\u0435\u0434\u0436\u043b\u0456\u0441","og_description":"&#8220;Q\u0131r\u0131mo\u011flu \u2013 Bir halqn\u0131\u00f1 k\u00fcre\u015fi&#8221; vesiqal\u0131 filmi sayesinde q\u0131r\u0131mtatarlarn\u0131\u00f1 lideri Mustafa Cemilev T\u00fcrkiye halq\u0131 i\u00e7\u00fcn ibret olacaq. Bu aqta\u00a0T\u00fcrkiye Odalar ve Borsalar Birligini\u00f1 ba\u015f\u0131 Rifat Hisarc\u0131kl\u0131oglu\u00a0Mustafa Cemilevni\u00f1 ad\u0131na may\u0131s 7-de yolla\u011fan mekt\u00fcbinde yaza. Mart 28 k\u00fcn\u00fc T\u00fcrkiyede T\u00fcrkiye Odalar ve Borsalar Birliginde &#8220;Q\u0131r\u0131mo\u011flu \u2013 Bir halqn\u0131\u00f1 k\u00fcre\u015fi&#8221;\u00a0vesiqal\u0131 filmini\u00f1 taqdimi aq\u015fam\u0131nda Rifat Hisarc\u0131kl\u0131oglu Mustafa Cemilevnen beraber [&hellip;]","og_url":"https:\/\/qtmm.org\/qt\/qirimoglu-bir-halqnin-kuresi-filmi-qirimtatarlarnin-lideri-mustafa-cemilevni-butun-turkiyede-daa-ziyade-mesur-etti\/","og_site_name":"\u041c\u0435\u0434\u0436\u043b\u0456\u0441","article_publisher":"https:\/\/www.facebook.com\/qtmm.info\/","article_published_time":"2013-05-08T19:58:00+00:00","article_modified_time":"2022-01-23T19:58:58+00:00","author":"Developer","twitter_card":"summary_large_image","twitter_misc":{"Written by":"Developer","Est. reading time":"1 minute"},"schema":{"@context":"https:\/\/schema.org","@graph":[{"@type":"Article","@id":"https:\/\/qtmm.org\/qt\/qirimoglu-bir-halqnin-kuresi-filmi-qirimtatarlarnin-lideri-mustafa-cemilevni-butun-turkiyede-daa-ziyade-mesur-etti\/#article","isPartOf":{"@id":"https:\/\/qtmm.org\/qt\/qirimoglu-bir-halqnin-kuresi-filmi-qirimtatarlarnin-lideri-mustafa-cemilevni-butun-turkiyede-daa-ziyade-mesur-etti\/"},"author":{"name":"Developer","@id":"https:\/\/qtmm.org\/qt\/#\/schema\/person\/de562469f971dec226ac06e60bbf74a7"},"headline":"\u00abQ\u0131r\u0131mo\u011flu \u2013 Bir halqn\u0131\u00f1 k\u00fcre\u015fi\u00bb filmi q\u0131r\u0131mtatarlarn\u0131\u00f1 lideri Mustafa Cemilevni b\u00fct\u00fcn T\u00fcrkiyede daa ziyade me\u015fur etti","datePublished":"2013-05-08T19:58:00+00:00","dateModified":"2022-01-23T19:58:58+00:00","mainEntityOfPage":{"@id":"https:\/\/qtmm.org\/qt\/qirimoglu-bir-halqnin-kuresi-filmi-qirimtatarlarnin-lideri-mustafa-cemilevni-butun-turkiyede-daa-ziyade-mesur-etti\/"},"wordCount":318,"commentCount":0,"publisher":{"@id":"https:\/\/qtmm.org\/qt\/#organization"},"articleSection":["Haberler"],"inLanguage":"qt","potentialAction":[{"@type":"CommentAction","name":"Comment","target":["https:\/\/qtmm.org\/qt\/qirimoglu-bir-halqnin-kuresi-filmi-qirimtatarlarnin-lideri-mustafa-cemilevni-butun-turkiyede-daa-ziyade-mesur-etti\/#respond"]}]},{"@type":"WebPage","@id":"https:\/\/qtmm.org\/qt\/qirimoglu-bir-halqnin-kuresi-filmi-qirimtatarlarnin-lideri-mustafa-cemilevni-butun-turkiyede-daa-ziyade-mesur-etti\/","url":"https:\/\/qtmm.org\/qt\/qirimoglu-bir-halqnin-kuresi-filmi-qirimtatarlarnin-lideri-mustafa-cemilevni-butun-turkiyede-daa-ziyade-mesur-etti\/","name":"\u00abQ\u0131r\u0131mo\u011flu \u2013 Bir halqn\u0131\u00f1 k\u00fcre\u015fi\u00bb filmi q\u0131r\u0131mtatarlarn\u0131\u00f1 lideri Mustafa Cemilevni b\u00fct\u00fcn T\u00fcrkiyede daa ziyade me\u015fur etti - \u041c\u0435\u0434\u0436\u043b\u0456\u0441","isPartOf":{"@id":"https:\/\/qtmm.org\/qt\/#website"},"datePublished":"2013-05-08T19:58:00+00:00","dateModified":"2022-01-23T19:58:58+00:00","breadcrumb":{"@id":"https:\/\/qtmm.org\/qt\/qirimoglu-bir-halqnin-kuresi-filmi-qirimtatarlarnin-lideri-mustafa-cemilevni-butun-turkiyede-daa-ziyade-mesur-etti\/#breadcrumb"},"inLanguage":"qt","potentialAction":[{"@type":"ReadAction","target":["https:\/\/qtmm.org\/qt\/qirimoglu-bir-halqnin-kuresi-filmi-qirimtatarlarnin-lideri-mustafa-cemilevni-butun-turkiyede-daa-ziyade-mesur-etti\/"]}]},{"@type":"BreadcrumbList","@id":"https:\/\/qtmm.org\/qt\/qirimoglu-bir-halqnin-kuresi-filmi-qirimtatarlarnin-lideri-mustafa-cemilevni-butun-turkiyede-daa-ziyade-mesur-etti\/#breadcrumb","itemListElement":[{"@type":"ListItem","position":1,"name":"\u0413\u043e\u043b\u043e\u0432\u043d\u0430","item":"https:\/\/qtmm.org\/qt\/"},{"@type":"ListItem","position":2,"name":"\u00abQ\u0131r\u0131mo\u011flu \u2013 Bir halqn\u0131\u00f1 k\u00fcre\u015fi\u00bb filmi q\u0131r\u0131mtatarlarn\u0131\u00f1 lideri Mustafa Cemilevni b\u00fct\u00fcn T\u00fcrkiyede daa ziyade me\u015fur etti"}]},{"@type":"WebSite","@id":"https:\/\/qtmm.org\/qt\/#website","url":"https:\/\/qtmm.org\/qt\/","name":"\u041c\u0435\u0434\u0436\u043b\u0456\u0441","description":"","publisher":{"@id":"https:\/\/qtmm.org\/qt\/#organization"},"potentialAction":[{"@type":"SearchAction","target":{"@type":"EntryPoint","urlTemplate":"https:\/\/qtmm.org\/qt\/?s={search_term_string}"},"query-input":{"@type":"PropertyValueSpecification","valueRequired":true,"valueName":"search_term_string"}}],"inLanguage":"qt"},{"@type":"Organization","@id":"https:\/\/qtmm.org\/qt\/#organization","name":"\u041c\u0435\u0434\u0436\u043b\u0456\u0441","url":"https:\/\/qtmm.org\/qt\/","logo":{"@type":"ImageObject","inLanguage":"qt","@id":"https:\/\/qtmm.org\/qt\/#\/schema\/logo\/image\/","url":"https:\/\/qtmm.org\/wp-content\/uploads\/2024\/12\/ua-mejlis-logo-rgb.svg","contentUrl":"https:\/\/qtmm.org\/wp-content\/uploads\/2024\/12\/ua-mejlis-logo-rgb.svg","caption":"\u041c\u0435\u0434\u0436\u043b\u0456\u0441"},"image":{"@id":"https:\/\/qtmm.org\/qt\/#\/schema\/logo\/image\/"},"sameAs":["https:\/\/www.facebook.com\/qtmm.info\/"]},{"@type":"Person","@id":"https:\/\/qtmm.org\/qt\/#\/schema\/person\/de562469f971dec226ac06e60bbf74a7","name":"Developer","image":{"@type":"ImageObject","inLanguage":"qt","@id":"https:\/\/secure.gravatar.com\/avatar\/392b4cc8fbfeb00b39dfeeab4ee6edded39ffd48e25858637e4765810300227e?s=96&d=mm&r=g","url":"https:\/\/secure.gravatar.com\/avatar\/392b4cc8fbfeb00b39dfeeab4ee6edded39ffd48e25858637e4765810300227e?s=96&d=mm&r=g","contentUrl":"https:\/\/secure.gravatar.com\/avatar\/392b4cc8fbfeb00b39dfeeab4ee6edded39ffd48e25858637e4765810300227e?s=96&d=mm&r=g","caption":"Developer"},"url":"https:\/\/qtmm.org\/qt\/author\/Developer\/"}]}},"_links":{"self":[{"href":"https:\/\/qtmm.org\/qt\/wp-json\/wp\/v2\/posts\/37118","targetHints":{"allow":["GET"]}}],"collection":[{"href":"https:\/\/qtmm.org\/qt\/wp-json\/wp\/v2\/posts"}],"about":[{"href":"https:\/\/qtmm.org\/qt\/wp-json\/wp\/v2\/types\/post"}],"author":[{"embeddable":true,"href":"https:\/\/qtmm.org\/qt\/wp-json\/wp\/v2\/users\/1"}],"replies":[{"embeddable":true,"href":"https:\/\/qtmm.org\/qt\/wp-json\/wp\/v2\/comments?post=37118"}],"version-history":[{"count":1,"href":"https:\/\/qtmm.org\/qt\/wp-json\/wp\/v2\/posts\/37118\/revisions"}],"predecessor-version":[{"id":37119,"href":"https:\/\/qtmm.org\/qt\/wp-json\/wp\/v2\/posts\/37118\/revisions\/37119"}],"wp:attachment":[{"href":"https:\/\/qtmm.org\/qt\/wp-json\/wp\/v2\/media?parent=37118"}],"wp:term":[{"taxonomy":"category","embeddable":true,"href":"https:\/\/qtmm.org\/qt\/wp-json\/wp\/v2\/categories?post=37118"},{"taxonomy":"post_tag","embeddable":true,"href":"https:\/\/qtmm.org\/qt\/wp-json\/wp\/v2\/tags?post=37118"}],"curies":[{"name":"wp","href":"https:\/\/api.w.org\/{rel}","templated":true}]}}