




{"id":37116,"date":"2013-05-08T22:57:00","date_gmt":"2013-05-08T19:57:00","guid":{"rendered":"http:\/\/qtmm.org\/?p=37116"},"modified":"2022-01-23T22:58:08","modified_gmt":"2022-01-23T19:58:08","slug":"refat-cubarov-butundunya-qirimtatarlar-kongressi-2013-senesi-kuzde-olmasi-icun-imkanimiz-olgani-qadar-er-seyni-yapamiz","status":"publish","type":"post","link":"https:\/\/qtmm.org\/qt\/refat-cubarov-butundunya-qirimtatarlar-kongressi-2013-senesi-kuzde-olmasi-icun-imkanimiz-olgani-qadar-er-seyni-yapamiz\/","title":{"rendered":"Refat \u00c7ubarov: \u00abB\u00fct\u00fcnd\u00fcnya q\u0131r\u0131mtatarlar kongressi 2013 senesi k\u00fczde olmas\u0131 i\u00e7\u00fcn imk\u00e2n\u0131m\u0131z ol\u011fan\u0131 qadar er \u015feyni yapam\u0131z\u00bb"},"content":{"rendered":"\n<p>&#8220;Halqara forum deyerlik az\u0131r, on\u0131\u00f1 ke\u00e7irilmesinde em Avropa Birligi, em OSCE, bun\u0131\u00f1 kibi de Ukrainan\u0131\u00f1 bir \u00e7oq ortaq devletleri menfaatdarlar. Yal\u0131\u00f1\u0131z Ukraina akimiyeti taraf\u0131ndan so\u00f1ki ad\u0131m yeti\u015fmey&#8221;, &#8211; dedi B\u00fct\u00fcnd\u00fcnya q\u0131r\u0131mtatarlar kongressini\u00f1 prezidenti Refat \u00c7ubarov Q\u0131r\u0131mtatar halq\u0131n\u0131\u00f1 aqlar\u0131n\u0131 tiklev, Ukrainada on\u0131\u00f1 tel\u00fckesizligi ve inki\u015faf\u0131n\u0131 teminlev boyunca halqara forum ve B\u00fct\u00fcnd\u00fcnya q\u0131r\u0131mtatarlar kongressini\u00f1 ekinci topla\u015fuv\u0131 aqq\u0131ndaki sualge cevap berirken.<\/p>\n\n\n\n<p>B\u00fct\u00fcnd\u00fcnya q\u0131r\u0131mtatarlar kongressi aqq\u0131nda Refat \u00c7ubarov may\u0131s 4 k\u00fcn\u00fc q\u0131r\u0131mtatar diasporas\u0131 vekilleri ve Meclis azalar\u0131n\u0131\u00f1 k\u00f6r\u00fc\u015f\u00fcvinde kongress ke\u00e7irilecek yer ve k\u00fcn\u00fcni muzakere ettiler, dedi.<\/p>\n\n\n\n<p>&#8220;Topla\u015fuv i\u015ftirak\u00e7ileri qarar almaqn\u0131 Q\u0131r\u0131mtatar halq\u0131 Qurultay\u0131n\u0131\u00f1 ya\u00f1\u0131 erk\u00e2n\u0131 ve B\u00fct\u00fcnd\u00fcnya q\u0131r\u0131mtatarlar kongressi Koordinatsion ke\u00f1e\u015fine qald\u0131rd\u0131lar.<\/p>\n\n\n\n<p>B\u00fct\u00fcnd\u00fcnya q\u0131r\u0131mtatarlar kongressi 2013 senesi k\u00fczde olmas\u0131 ve B\u00fct\u00fcd\u00fcnya kongress uquq alan\u0131nda halqara te\u015fkil\u00e2t olaraq pekitilmesi i\u00e7\u00fcn imk\u00e2n\u0131m\u0131z ol\u011fan\u0131 qadar er \u015feyni yapam\u0131z&#8221;<\/p>\n","protected":false},"excerpt":{"rendered":"<p>&#8220;Halqara forum deyerlik az\u0131r, on\u0131\u00f1 ke\u00e7irilmesinde em Avropa Birligi, em OSCE, bun\u0131\u00f1 kibi de Ukrainan\u0131\u00f1 bir \u00e7oq ortaq devletleri menfaatdarlar. Yal\u0131\u00f1\u0131z Ukraina akimiyeti taraf\u0131ndan so\u00f1ki ad\u0131m yeti\u015fmey&#8221;, &#8211; dedi B\u00fct\u00fcnd\u00fcnya q\u0131r\u0131mtatarlar kongressini\u00f1 prezidenti Refat \u00c7ubarov Q\u0131r\u0131mtatar halq\u0131n\u0131\u00f1 aqlar\u0131n\u0131 tiklev, Ukrainada on\u0131\u00f1 tel\u00fckesizligi ve inki\u015faf\u0131n\u0131 teminlev boyunca halqara forum ve B\u00fct\u00fcnd\u00fcnya q\u0131r\u0131mtatarlar kongressini\u00f1 ekinci topla\u015fuv\u0131 aqq\u0131ndaki [&hellip;]<\/p>\n","protected":false},"author":1,"featured_media":0,"comment_status":"open","ping_status":"open","sticky":false,"template":"","format":"standard","meta":{"inline_featured_image":false,"footnotes":""},"categories":[265],"tags":[],"class_list":["post-37116","post","type-post","status-publish","format-standard","hentry","category-haberler"],"acf":[],"yoast_head":"<!-- This site is optimized with the Yoast SEO plugin v27.4 - https:\/\/yoast.com\/product\/yoast-seo-wordpress\/ -->\n<title>Refat \u00c7ubarov: \u00abB\u00fct\u00fcnd\u00fcnya q\u0131r\u0131mtatarlar kongressi 2013 senesi k\u00fczde olmas\u0131 i\u00e7\u00fcn imk\u00e2n\u0131m\u0131z ol\u011fan\u0131 qadar er \u015feyni yapam\u0131z\u00bb - \u041c\u0435\u0434\u0436\u043b\u0456\u0441<\/title>\n<meta name=\"robots\" content=\"index, follow, max-snippet:-1, max-image-preview:large, max-video-preview:-1\" \/>\n<link rel=\"canonical\" href=\"https:\/\/qtmm.org\/qt\/refat-cubarov-butundunya-qirimtatarlar-kongressi-2013-senesi-kuzde-olmasi-icun-imkanimiz-olgani-qadar-er-seyni-yapamiz\/\" \/>\n<meta property=\"og:locale\" content=\"en_US\" \/>\n<meta property=\"og:type\" content=\"article\" \/>\n<meta property=\"og:title\" content=\"Refat \u00c7ubarov: \u00abB\u00fct\u00fcnd\u00fcnya q\u0131r\u0131mtatarlar kongressi 2013 senesi k\u00fczde olmas\u0131 i\u00e7\u00fcn imk\u00e2n\u0131m\u0131z ol\u011fan\u0131 qadar er \u015feyni yapam\u0131z\u00bb - \u041c\u0435\u0434\u0436\u043b\u0456\u0441\" \/>\n<meta property=\"og:description\" content=\"&#8220;Halqara forum deyerlik az\u0131r, on\u0131\u00f1 ke\u00e7irilmesinde em Avropa Birligi, em OSCE, bun\u0131\u00f1 kibi de Ukrainan\u0131\u00f1 bir \u00e7oq ortaq devletleri menfaatdarlar. Yal\u0131\u00f1\u0131z Ukraina akimiyeti taraf\u0131ndan so\u00f1ki ad\u0131m yeti\u015fmey&#8221;, &#8211; dedi B\u00fct\u00fcnd\u00fcnya q\u0131r\u0131mtatarlar kongressini\u00f1 prezidenti Refat \u00c7ubarov Q\u0131r\u0131mtatar halq\u0131n\u0131\u00f1 aqlar\u0131n\u0131 tiklev, Ukrainada on\u0131\u00f1 tel\u00fckesizligi ve inki\u015faf\u0131n\u0131 teminlev boyunca halqara forum ve B\u00fct\u00fcnd\u00fcnya q\u0131r\u0131mtatarlar kongressini\u00f1 ekinci topla\u015fuv\u0131 aqq\u0131ndaki [&hellip;]\" \/>\n<meta property=\"og:url\" content=\"https:\/\/qtmm.org\/qt\/refat-cubarov-butundunya-qirimtatarlar-kongressi-2013-senesi-kuzde-olmasi-icun-imkanimiz-olgani-qadar-er-seyni-yapamiz\/\" \/>\n<meta property=\"og:site_name\" content=\"\u041c\u0435\u0434\u0436\u043b\u0456\u0441\" \/>\n<meta property=\"article:publisher\" content=\"https:\/\/www.facebook.com\/qtmm.info\/\" \/>\n<meta property=\"article:published_time\" content=\"2013-05-08T19:57:00+00:00\" \/>\n<meta property=\"article:modified_time\" content=\"2022-01-23T19:58:08+00:00\" \/>\n<meta name=\"author\" content=\"Developer\" \/>\n<meta name=\"twitter:card\" content=\"summary_large_image\" \/>\n<meta name=\"twitter:label1\" content=\"Written by\" \/>\n\t<meta name=\"twitter:data1\" content=\"Developer\" \/>\n\t<meta name=\"twitter:label2\" content=\"Est. reading time\" \/>\n\t<meta name=\"twitter:data2\" content=\"1 minute\" \/>\n<script type=\"application\/ld+json\" class=\"yoast-schema-graph\">{\"@context\":\"https:\\\/\\\/schema.org\",\"@graph\":[{\"@type\":\"Article\",\"@id\":\"https:\\\/\\\/qtmm.org\\\/qt\\\/refat-cubarov-butundunya-qirimtatarlar-kongressi-2013-senesi-kuzde-olmasi-icun-imkanimiz-olgani-qadar-er-seyni-yapamiz\\\/#article\",\"isPartOf\":{\"@id\":\"https:\\\/\\\/qtmm.org\\\/qt\\\/refat-cubarov-butundunya-qirimtatarlar-kongressi-2013-senesi-kuzde-olmasi-icun-imkanimiz-olgani-qadar-er-seyni-yapamiz\\\/\"},\"author\":{\"name\":\"Developer\",\"@id\":\"https:\\\/\\\/qtmm.org\\\/qt\\\/#\\\/schema\\\/person\\\/de562469f971dec226ac06e60bbf74a7\"},\"headline\":\"Refat \u00c7ubarov: \u00abB\u00fct\u00fcnd\u00fcnya q\u0131r\u0131mtatarlar kongressi 2013 senesi k\u00fczde olmas\u0131 i\u00e7\u00fcn imk\u00e2n\u0131m\u0131z ol\u011fan\u0131 qadar er \u015feyni yapam\u0131z\u00bb\",\"datePublished\":\"2013-05-08T19:57:00+00:00\",\"dateModified\":\"2022-01-23T19:58:08+00:00\",\"mainEntityOfPage\":{\"@id\":\"https:\\\/\\\/qtmm.org\\\/qt\\\/refat-cubarov-butundunya-qirimtatarlar-kongressi-2013-senesi-kuzde-olmasi-icun-imkanimiz-olgani-qadar-er-seyni-yapamiz\\\/\"},\"wordCount\":222,\"commentCount\":0,\"publisher\":{\"@id\":\"https:\\\/\\\/qtmm.org\\\/qt\\\/#organization\"},\"articleSection\":[\"Haberler\"],\"inLanguage\":\"qt\",\"potentialAction\":[{\"@type\":\"CommentAction\",\"name\":\"Comment\",\"target\":[\"https:\\\/\\\/qtmm.org\\\/qt\\\/refat-cubarov-butundunya-qirimtatarlar-kongressi-2013-senesi-kuzde-olmasi-icun-imkanimiz-olgani-qadar-er-seyni-yapamiz\\\/#respond\"]}]},{\"@type\":\"WebPage\",\"@id\":\"https:\\\/\\\/qtmm.org\\\/qt\\\/refat-cubarov-butundunya-qirimtatarlar-kongressi-2013-senesi-kuzde-olmasi-icun-imkanimiz-olgani-qadar-er-seyni-yapamiz\\\/\",\"url\":\"https:\\\/\\\/qtmm.org\\\/qt\\\/refat-cubarov-butundunya-qirimtatarlar-kongressi-2013-senesi-kuzde-olmasi-icun-imkanimiz-olgani-qadar-er-seyni-yapamiz\\\/\",\"name\":\"Refat \u00c7ubarov: \u00abB\u00fct\u00fcnd\u00fcnya q\u0131r\u0131mtatarlar kongressi 2013 senesi k\u00fczde olmas\u0131 i\u00e7\u00fcn imk\u00e2n\u0131m\u0131z ol\u011fan\u0131 qadar er \u015feyni yapam\u0131z\u00bb - \u041c\u0435\u0434\u0436\u043b\u0456\u0441\",\"isPartOf\":{\"@id\":\"https:\\\/\\\/qtmm.org\\\/qt\\\/#website\"},\"datePublished\":\"2013-05-08T19:57:00+00:00\",\"dateModified\":\"2022-01-23T19:58:08+00:00\",\"breadcrumb\":{\"@id\":\"https:\\\/\\\/qtmm.org\\\/qt\\\/refat-cubarov-butundunya-qirimtatarlar-kongressi-2013-senesi-kuzde-olmasi-icun-imkanimiz-olgani-qadar-er-seyni-yapamiz\\\/#breadcrumb\"},\"inLanguage\":\"qt\",\"potentialAction\":[{\"@type\":\"ReadAction\",\"target\":[\"https:\\\/\\\/qtmm.org\\\/qt\\\/refat-cubarov-butundunya-qirimtatarlar-kongressi-2013-senesi-kuzde-olmasi-icun-imkanimiz-olgani-qadar-er-seyni-yapamiz\\\/\"]}]},{\"@type\":\"BreadcrumbList\",\"@id\":\"https:\\\/\\\/qtmm.org\\\/qt\\\/refat-cubarov-butundunya-qirimtatarlar-kongressi-2013-senesi-kuzde-olmasi-icun-imkanimiz-olgani-qadar-er-seyni-yapamiz\\\/#breadcrumb\",\"itemListElement\":[{\"@type\":\"ListItem\",\"position\":1,\"name\":\"\u0413\u043e\u043b\u043e\u0432\u043d\u0430\",\"item\":\"https:\\\/\\\/qtmm.org\\\/qt\\\/\"},{\"@type\":\"ListItem\",\"position\":2,\"name\":\"Refat \u00c7ubarov: \u00abB\u00fct\u00fcnd\u00fcnya q\u0131r\u0131mtatarlar kongressi 2013 senesi k\u00fczde olmas\u0131 i\u00e7\u00fcn imk\u00e2n\u0131m\u0131z ol\u011fan\u0131 qadar er \u015feyni yapam\u0131z\u00bb\"}]},{\"@type\":\"WebSite\",\"@id\":\"https:\\\/\\\/qtmm.org\\\/qt\\\/#website\",\"url\":\"https:\\\/\\\/qtmm.org\\\/qt\\\/\",\"name\":\"\u041c\u0435\u0434\u0436\u043b\u0456\u0441\",\"description\":\"\",\"publisher\":{\"@id\":\"https:\\\/\\\/qtmm.org\\\/qt\\\/#organization\"},\"potentialAction\":[{\"@type\":\"SearchAction\",\"target\":{\"@type\":\"EntryPoint\",\"urlTemplate\":\"https:\\\/\\\/qtmm.org\\\/qt\\\/?s={search_term_string}\"},\"query-input\":{\"@type\":\"PropertyValueSpecification\",\"valueRequired\":true,\"valueName\":\"search_term_string\"}}],\"inLanguage\":\"qt\"},{\"@type\":\"Organization\",\"@id\":\"https:\\\/\\\/qtmm.org\\\/qt\\\/#organization\",\"name\":\"\u041c\u0435\u0434\u0436\u043b\u0456\u0441\",\"url\":\"https:\\\/\\\/qtmm.org\\\/qt\\\/\",\"logo\":{\"@type\":\"ImageObject\",\"inLanguage\":\"qt\",\"@id\":\"https:\\\/\\\/qtmm.org\\\/qt\\\/#\\\/schema\\\/logo\\\/image\\\/\",\"url\":\"https:\\\/\\\/qtmm.org\\\/wp-content\\\/uploads\\\/2024\\\/12\\\/ua-mejlis-logo-rgb.svg\",\"contentUrl\":\"https:\\\/\\\/qtmm.org\\\/wp-content\\\/uploads\\\/2024\\\/12\\\/ua-mejlis-logo-rgb.svg\",\"caption\":\"\u041c\u0435\u0434\u0436\u043b\u0456\u0441\"},\"image\":{\"@id\":\"https:\\\/\\\/qtmm.org\\\/qt\\\/#\\\/schema\\\/logo\\\/image\\\/\"},\"sameAs\":[\"https:\\\/\\\/www.facebook.com\\\/qtmm.info\\\/\"]},{\"@type\":\"Person\",\"@id\":\"https:\\\/\\\/qtmm.org\\\/qt\\\/#\\\/schema\\\/person\\\/de562469f971dec226ac06e60bbf74a7\",\"name\":\"Developer\",\"image\":{\"@type\":\"ImageObject\",\"inLanguage\":\"qt\",\"@id\":\"https:\\\/\\\/secure.gravatar.com\\\/avatar\\\/392b4cc8fbfeb00b39dfeeab4ee6edded39ffd48e25858637e4765810300227e?s=96&d=mm&r=g\",\"url\":\"https:\\\/\\\/secure.gravatar.com\\\/avatar\\\/392b4cc8fbfeb00b39dfeeab4ee6edded39ffd48e25858637e4765810300227e?s=96&d=mm&r=g\",\"contentUrl\":\"https:\\\/\\\/secure.gravatar.com\\\/avatar\\\/392b4cc8fbfeb00b39dfeeab4ee6edded39ffd48e25858637e4765810300227e?s=96&d=mm&r=g\",\"caption\":\"Developer\"},\"url\":\"https:\\\/\\\/qtmm.org\\\/qt\\\/author\\\/Developer\\\/\"}]}<\/script>\n<!-- \/ Yoast SEO plugin. -->","yoast_head_json":{"title":"Refat \u00c7ubarov: \u00abB\u00fct\u00fcnd\u00fcnya q\u0131r\u0131mtatarlar kongressi 2013 senesi k\u00fczde olmas\u0131 i\u00e7\u00fcn imk\u00e2n\u0131m\u0131z ol\u011fan\u0131 qadar er \u015feyni yapam\u0131z\u00bb - \u041c\u0435\u0434\u0436\u043b\u0456\u0441","robots":{"index":"index","follow":"follow","max-snippet":"max-snippet:-1","max-image-preview":"max-image-preview:large","max-video-preview":"max-video-preview:-1"},"canonical":"https:\/\/qtmm.org\/qt\/refat-cubarov-butundunya-qirimtatarlar-kongressi-2013-senesi-kuzde-olmasi-icun-imkanimiz-olgani-qadar-er-seyni-yapamiz\/","og_locale":"en_US","og_type":"article","og_title":"Refat \u00c7ubarov: \u00abB\u00fct\u00fcnd\u00fcnya q\u0131r\u0131mtatarlar kongressi 2013 senesi k\u00fczde olmas\u0131 i\u00e7\u00fcn imk\u00e2n\u0131m\u0131z ol\u011fan\u0131 qadar er \u015feyni yapam\u0131z\u00bb - \u041c\u0435\u0434\u0436\u043b\u0456\u0441","og_description":"&#8220;Halqara forum deyerlik az\u0131r, on\u0131\u00f1 ke\u00e7irilmesinde em Avropa Birligi, em OSCE, bun\u0131\u00f1 kibi de Ukrainan\u0131\u00f1 bir \u00e7oq ortaq devletleri menfaatdarlar. Yal\u0131\u00f1\u0131z Ukraina akimiyeti taraf\u0131ndan so\u00f1ki ad\u0131m yeti\u015fmey&#8221;, &#8211; dedi B\u00fct\u00fcnd\u00fcnya q\u0131r\u0131mtatarlar kongressini\u00f1 prezidenti Refat \u00c7ubarov Q\u0131r\u0131mtatar halq\u0131n\u0131\u00f1 aqlar\u0131n\u0131 tiklev, Ukrainada on\u0131\u00f1 tel\u00fckesizligi ve inki\u015faf\u0131n\u0131 teminlev boyunca halqara forum ve B\u00fct\u00fcnd\u00fcnya q\u0131r\u0131mtatarlar kongressini\u00f1 ekinci topla\u015fuv\u0131 aqq\u0131ndaki [&hellip;]","og_url":"https:\/\/qtmm.org\/qt\/refat-cubarov-butundunya-qirimtatarlar-kongressi-2013-senesi-kuzde-olmasi-icun-imkanimiz-olgani-qadar-er-seyni-yapamiz\/","og_site_name":"\u041c\u0435\u0434\u0436\u043b\u0456\u0441","article_publisher":"https:\/\/www.facebook.com\/qtmm.info\/","article_published_time":"2013-05-08T19:57:00+00:00","article_modified_time":"2022-01-23T19:58:08+00:00","author":"Developer","twitter_card":"summary_large_image","twitter_misc":{"Written by":"Developer","Est. reading time":"1 minute"},"schema":{"@context":"https:\/\/schema.org","@graph":[{"@type":"Article","@id":"https:\/\/qtmm.org\/qt\/refat-cubarov-butundunya-qirimtatarlar-kongressi-2013-senesi-kuzde-olmasi-icun-imkanimiz-olgani-qadar-er-seyni-yapamiz\/#article","isPartOf":{"@id":"https:\/\/qtmm.org\/qt\/refat-cubarov-butundunya-qirimtatarlar-kongressi-2013-senesi-kuzde-olmasi-icun-imkanimiz-olgani-qadar-er-seyni-yapamiz\/"},"author":{"name":"Developer","@id":"https:\/\/qtmm.org\/qt\/#\/schema\/person\/de562469f971dec226ac06e60bbf74a7"},"headline":"Refat \u00c7ubarov: \u00abB\u00fct\u00fcnd\u00fcnya q\u0131r\u0131mtatarlar kongressi 2013 senesi k\u00fczde olmas\u0131 i\u00e7\u00fcn imk\u00e2n\u0131m\u0131z ol\u011fan\u0131 qadar er \u015feyni yapam\u0131z\u00bb","datePublished":"2013-05-08T19:57:00+00:00","dateModified":"2022-01-23T19:58:08+00:00","mainEntityOfPage":{"@id":"https:\/\/qtmm.org\/qt\/refat-cubarov-butundunya-qirimtatarlar-kongressi-2013-senesi-kuzde-olmasi-icun-imkanimiz-olgani-qadar-er-seyni-yapamiz\/"},"wordCount":222,"commentCount":0,"publisher":{"@id":"https:\/\/qtmm.org\/qt\/#organization"},"articleSection":["Haberler"],"inLanguage":"qt","potentialAction":[{"@type":"CommentAction","name":"Comment","target":["https:\/\/qtmm.org\/qt\/refat-cubarov-butundunya-qirimtatarlar-kongressi-2013-senesi-kuzde-olmasi-icun-imkanimiz-olgani-qadar-er-seyni-yapamiz\/#respond"]}]},{"@type":"WebPage","@id":"https:\/\/qtmm.org\/qt\/refat-cubarov-butundunya-qirimtatarlar-kongressi-2013-senesi-kuzde-olmasi-icun-imkanimiz-olgani-qadar-er-seyni-yapamiz\/","url":"https:\/\/qtmm.org\/qt\/refat-cubarov-butundunya-qirimtatarlar-kongressi-2013-senesi-kuzde-olmasi-icun-imkanimiz-olgani-qadar-er-seyni-yapamiz\/","name":"Refat \u00c7ubarov: \u00abB\u00fct\u00fcnd\u00fcnya q\u0131r\u0131mtatarlar kongressi 2013 senesi k\u00fczde olmas\u0131 i\u00e7\u00fcn imk\u00e2n\u0131m\u0131z ol\u011fan\u0131 qadar er \u015feyni yapam\u0131z\u00bb - \u041c\u0435\u0434\u0436\u043b\u0456\u0441","isPartOf":{"@id":"https:\/\/qtmm.org\/qt\/#website"},"datePublished":"2013-05-08T19:57:00+00:00","dateModified":"2022-01-23T19:58:08+00:00","breadcrumb":{"@id":"https:\/\/qtmm.org\/qt\/refat-cubarov-butundunya-qirimtatarlar-kongressi-2013-senesi-kuzde-olmasi-icun-imkanimiz-olgani-qadar-er-seyni-yapamiz\/#breadcrumb"},"inLanguage":"qt","potentialAction":[{"@type":"ReadAction","target":["https:\/\/qtmm.org\/qt\/refat-cubarov-butundunya-qirimtatarlar-kongressi-2013-senesi-kuzde-olmasi-icun-imkanimiz-olgani-qadar-er-seyni-yapamiz\/"]}]},{"@type":"BreadcrumbList","@id":"https:\/\/qtmm.org\/qt\/refat-cubarov-butundunya-qirimtatarlar-kongressi-2013-senesi-kuzde-olmasi-icun-imkanimiz-olgani-qadar-er-seyni-yapamiz\/#breadcrumb","itemListElement":[{"@type":"ListItem","position":1,"name":"\u0413\u043e\u043b\u043e\u0432\u043d\u0430","item":"https:\/\/qtmm.org\/qt\/"},{"@type":"ListItem","position":2,"name":"Refat \u00c7ubarov: \u00abB\u00fct\u00fcnd\u00fcnya q\u0131r\u0131mtatarlar kongressi 2013 senesi k\u00fczde olmas\u0131 i\u00e7\u00fcn imk\u00e2n\u0131m\u0131z ol\u011fan\u0131 qadar er \u015feyni yapam\u0131z\u00bb"}]},{"@type":"WebSite","@id":"https:\/\/qtmm.org\/qt\/#website","url":"https:\/\/qtmm.org\/qt\/","name":"\u041c\u0435\u0434\u0436\u043b\u0456\u0441","description":"","publisher":{"@id":"https:\/\/qtmm.org\/qt\/#organization"},"potentialAction":[{"@type":"SearchAction","target":{"@type":"EntryPoint","urlTemplate":"https:\/\/qtmm.org\/qt\/?s={search_term_string}"},"query-input":{"@type":"PropertyValueSpecification","valueRequired":true,"valueName":"search_term_string"}}],"inLanguage":"qt"},{"@type":"Organization","@id":"https:\/\/qtmm.org\/qt\/#organization","name":"\u041c\u0435\u0434\u0436\u043b\u0456\u0441","url":"https:\/\/qtmm.org\/qt\/","logo":{"@type":"ImageObject","inLanguage":"qt","@id":"https:\/\/qtmm.org\/qt\/#\/schema\/logo\/image\/","url":"https:\/\/qtmm.org\/wp-content\/uploads\/2024\/12\/ua-mejlis-logo-rgb.svg","contentUrl":"https:\/\/qtmm.org\/wp-content\/uploads\/2024\/12\/ua-mejlis-logo-rgb.svg","caption":"\u041c\u0435\u0434\u0436\u043b\u0456\u0441"},"image":{"@id":"https:\/\/qtmm.org\/qt\/#\/schema\/logo\/image\/"},"sameAs":["https:\/\/www.facebook.com\/qtmm.info\/"]},{"@type":"Person","@id":"https:\/\/qtmm.org\/qt\/#\/schema\/person\/de562469f971dec226ac06e60bbf74a7","name":"Developer","image":{"@type":"ImageObject","inLanguage":"qt","@id":"https:\/\/secure.gravatar.com\/avatar\/392b4cc8fbfeb00b39dfeeab4ee6edded39ffd48e25858637e4765810300227e?s=96&d=mm&r=g","url":"https:\/\/secure.gravatar.com\/avatar\/392b4cc8fbfeb00b39dfeeab4ee6edded39ffd48e25858637e4765810300227e?s=96&d=mm&r=g","contentUrl":"https:\/\/secure.gravatar.com\/avatar\/392b4cc8fbfeb00b39dfeeab4ee6edded39ffd48e25858637e4765810300227e?s=96&d=mm&r=g","caption":"Developer"},"url":"https:\/\/qtmm.org\/qt\/author\/Developer\/"}]}},"_links":{"self":[{"href":"https:\/\/qtmm.org\/qt\/wp-json\/wp\/v2\/posts\/37116","targetHints":{"allow":["GET"]}}],"collection":[{"href":"https:\/\/qtmm.org\/qt\/wp-json\/wp\/v2\/posts"}],"about":[{"href":"https:\/\/qtmm.org\/qt\/wp-json\/wp\/v2\/types\/post"}],"author":[{"embeddable":true,"href":"https:\/\/qtmm.org\/qt\/wp-json\/wp\/v2\/users\/1"}],"replies":[{"embeddable":true,"href":"https:\/\/qtmm.org\/qt\/wp-json\/wp\/v2\/comments?post=37116"}],"version-history":[{"count":1,"href":"https:\/\/qtmm.org\/qt\/wp-json\/wp\/v2\/posts\/37116\/revisions"}],"predecessor-version":[{"id":37117,"href":"https:\/\/qtmm.org\/qt\/wp-json\/wp\/v2\/posts\/37116\/revisions\/37117"}],"wp:attachment":[{"href":"https:\/\/qtmm.org\/qt\/wp-json\/wp\/v2\/media?parent=37116"}],"wp:term":[{"taxonomy":"category","embeddable":true,"href":"https:\/\/qtmm.org\/qt\/wp-json\/wp\/v2\/categories?post=37116"},{"taxonomy":"post_tag","embeddable":true,"href":"https:\/\/qtmm.org\/qt\/wp-json\/wp\/v2\/tags?post=37116"}],"curies":[{"name":"wp","href":"https:\/\/api.w.org\/{rel}","templated":true}]}}