




{"id":37110,"date":"2013-05-08T22:56:00","date_gmt":"2013-05-08T19:56:00","guid":{"rendered":"http:\/\/qtmm.org\/?p=37110"},"modified":"2022-01-23T22:57:30","modified_gmt":"2022-01-23T19:57:30","slug":"refat-cubarov-zanimca-er-kesnin-aqili-suna-yeter-ki-halqimiz-tarihindaki-faciali-vaqia-qirimda-yasagan-insanlarnin-episini-birlestirebilsin","status":"publish","type":"post","link":"https:\/\/qtmm.org\/qt\/refat-cubarov-zanimca-er-kesnin-aqili-suna-yeter-ki-halqimiz-tarihindaki-faciali-vaqia-qirimda-yasagan-insanlarnin-episini-birlestirebilsin\/","title":{"rendered":"Refat \u00c7ubarov: Zan\u0131mca, er kesni\u00f1 aq\u0131l\u0131 \u015fu\u00f1a yeter ki, halq\u0131m\u0131z tarih\u0131ndaki facial\u0131 vaqia Q\u0131r\u0131mda ya\u015fa\u011fan insanlarn\u0131\u00f1 episini birle\u015ftirebilsin"},"content":{"rendered":"\n<p>Q\u0131r\u0131mtatar halq\u0131 soyq\u0131r\u0131m\u0131 qurbanlar\u0131n\u0131\u00f1 hat\u0131ras\u0131na ve s\u00fcrg\u00fcnlikni\u00f1 69 y\u0131ll\u0131\u011f\u0131na ba\u011f\u0131\u015flan\u011fan matem tedbirlerine az\u0131rl\u0131q aqq\u0131nda Meclis reisini\u00f1 birinci muavini Refat \u00c7ubarov, muavini Ahtem \u00c7iygoz ve Meclis azas\u0131 Emine Avamileva tarif ettiler.<\/p>\n\n\n\n<p>C\u00fcmleden, may\u0131s 17,18 k\u00fcnleri tedbirleri ke\u00e7ken y\u0131llarda ol\u011fan\u0131 kibi &#8211; Ukrain teatrinde may\u0131s 17-de hat\u0131ra aq\u015fam\u0131 ol\u0131p, ondan so\u00f1 saat 17-de Aqmescitte &#8220;Haytarma&#8221; birinci q\u0131r\u0131mtatar tarihiy bediiy filmi numay\u0131\u015f etilecek.<\/p>\n\n\n\n<p>&#8220;Filmni\u00f1 premyeras\u0131n\u0131 tolus\u0131nen ATR kanal\u0131n\u0131\u00f1 komandas\u0131 te\u015fkil ete, &#8211; dedi R. \u00c7ubarov. \u2013 Filmni may\u0131s 18-ge qadar \u00e7\u0131qarmaq ve k\u00f6stermege az\u0131rlap yeti\u015ftirgenleri i\u00e7\u00fcn telekompaniya yolba\u015f\u00e7\u0131lar\u0131na minnetdarm\u0131z&#8221;<\/p>\n\n\n\n<p>Bundan da \u011fayr\u0131, may\u0131s 17 k\u00fcn\u00fc aq\u015fam Aqmescitni\u00f1 merkeziy meydan\u0131nda gen\u00e7ler &#8220;Qalbi\u00f1de ate\u015f yaq&#8221; ananeviy aktsiyan\u0131 ke\u00e7irecekler. Aktsiya\u011fa ke\u00e7ken y\u0131llardakisi kibi \u00e7e\u015fit ya\u015ftaki 7 bi\u00f1 insan qo\u015fulmas\u0131 planla\u015ft\u0131r\u0131la.<\/p>\n\n\n\n<figure class=\"wp-block-image size-full\"><img loading=\"lazy\" decoding=\"async\" width=\"700\" height=\"525\" src=\"http:\/\/qtmm.org\/wp-content\/uploads\/2022\/01\/img_0585.jpeg\" alt=\"\" class=\"wp-image-37111\" srcset=\"https:\/\/qtmm.org\/wp-content\/uploads\/2022\/01\/img_0585.jpeg 700w, https:\/\/qtmm.org\/wp-content\/uploads\/2022\/01\/img_0585-300x225.jpeg 300w\" sizes=\"auto, (max-width: 700px) 100vw, 700px\" \/><\/figure>\n\n\n\n<p>&#8220;May\u0131s 18 k\u00fcn\u00fc q\u0131r\u0131mtatarlar ya\u015fa\u011fan er yerde matem mitingleri \u00f6tkerilecek, devam etti \u00c7ubarov. \u2013 Biz b\u00fct\u00fcn regioneal ve yerli meclislerimizge may\u0131s 17-18 matem merasimlerini yerli akimiyet ile birlikte ke\u00e7irmelerini tevsiye etemiz. Zan\u0131mca, er kesni\u00f1 aq\u0131l\u0131 \u015fu\u00f1a yeter ki, halq\u0131m\u0131z tarih\u0131ndaki facial\u0131 vaqia Q\u0131r\u0131mda ya\u00e7\u015fa\u011fan insanlarn\u0131\u00f1 episini birle\u015ftirebilsin<\/p>\n\n\n\n<p>Bun\u0131\u00f1 kibi de, R. \u00c7ubarovn\u0131\u00f1 aytqan\u0131na k\u00f6re may\u0131s 18 k\u00fcn\u00fc saat 12.00-de &#8220;Matem ve Birlik daqqas\u0131&#8221; halqara aktsiyas\u0131 olacaq. Bundan so\u00f1 kolonnalar Aqmescit soqaqlar\u0131ndan merkeziy meydan\u011fa taba areket etecek. Kolonnalar kelgen so\u00f1 saat 13.00-de B\u00fct\u00fcnq\u0131r\u0131m matem mitingi ba\u015flanacaq.<\/p>\n\n\n\n<p>Refat \u00c7ubarov qayd etti ki, kolonnalar toplan\u011fan yerlerde de mitingler ke\u00e7irilip, olarda insanlar i\u00e7indeki derdlerini t\u00f6ker ve 1944 senesi s\u00fcrg\u00fcnligi \u015faatlar\u0131n\u0131\u00f1 ik\u00e2yelerini di\u00f1lerler. Jurnalistlerge h\u0131tap eterken, Meclis reisini\u00f1 birinci muavini k\u00fctleviy matbuat vastalar\u0131 vekillerine may\u0131s 18 k\u00fcn\u00fc matem ve birlik daqqas\u0131n\u0131 kanallar keregi kibi numay\u0131\u015f etilmesini teleradiokompaniyalarn\u0131\u00f1 yolba\u015f\u00e7\u0131lar\u0131na yetkizmelerini rica etti.<\/p>\n\n\n\n<p>Refat \u00c7ubarov bun\u0131\u00f1 kibi de dedi ki, Q\u0131r\u0131mtatar halq\u0131n\u0131\u00f1 meclisi er y\u0131l\u0131 on bi\u00f1lernen insanlarn\u0131 topla\u011fan B\u00fct\u00fcnq\u0131r\u0131m matem mitingini ke\u00e7ir\u00fcv stsenariysini de\u00f1i\u015ftirmek niyetinde degil. &#8220;Amma ayn\u0131 vaq\u0131tta belli ki, miting i\u015ftirak\u00e7ileri ve \u00e7\u0131q\u0131\u015fta bulun\u011fanlarn\u0131 q\u0131r\u0131matarlarn\u0131\u00f1 bug\u00fcnki ve t\u00fcnevinki vaziyetine dair \u00e7\u0131q\u0131\u015f ve beyanatlar birle\u015ftirir&#8221;, dep qayd etti R. \u00c7ubarov.<\/p>\n\n\n\n<p>B\u00fct\u00fcnq\u0131r\u0131m matem mitingini\u00f1 so\u00f1unda er y\u0131lki kibi matem mitingi i\u015ftirak\u00e7ilerini\u00f1 qarar\u0131 qabul etilecek.<\/p>\n\n\n\n<p>Mateyem merasimlerine bu sene T\u00fcrkiye, Amerika, Romaniya ve Rusiyedeki q\u0131r\u0131mtatar diasporas\u0131 vekillerini\u00f1 kelmesi beklenile.<\/p>\n","protected":false},"excerpt":{"rendered":"<p>Q\u0131r\u0131mtatar halq\u0131 soyq\u0131r\u0131m\u0131 qurbanlar\u0131n\u0131\u00f1 hat\u0131ras\u0131na ve s\u00fcrg\u00fcnlikni\u00f1 69 y\u0131ll\u0131\u011f\u0131na ba\u011f\u0131\u015flan\u011fan matem tedbirlerine az\u0131rl\u0131q aqq\u0131nda Meclis reisini\u00f1 birinci muavini Refat \u00c7ubarov, muavini Ahtem \u00c7iygoz ve Meclis azas\u0131 Emine Avamileva tarif ettiler. C\u00fcmleden, may\u0131s 17,18 k\u00fcnleri tedbirleri ke\u00e7ken y\u0131llarda ol\u011fan\u0131 kibi &#8211; Ukrain teatrinde may\u0131s 17-de hat\u0131ra aq\u015fam\u0131 ol\u0131p, ondan so\u00f1 saat 17-de Aqmescitte &#8220;Haytarma&#8221; birinci q\u0131r\u0131mtatar [&hellip;]<\/p>\n","protected":false},"author":1,"featured_media":0,"comment_status":"open","ping_status":"open","sticky":false,"template":"","format":"standard","meta":{"inline_featured_image":false,"footnotes":""},"categories":[265],"tags":[],"class_list":["post-37110","post","type-post","status-publish","format-standard","hentry","category-haberler"],"acf":[],"yoast_head":"<!-- This site is optimized with the Yoast SEO plugin v27.4 - https:\/\/yoast.com\/product\/yoast-seo-wordpress\/ -->\n<title>Refat \u00c7ubarov: Zan\u0131mca, er kesni\u00f1 aq\u0131l\u0131 \u015fu\u00f1a yeter ki, halq\u0131m\u0131z tarih\u0131ndaki facial\u0131 vaqia Q\u0131r\u0131mda ya\u015fa\u011fan insanlarn\u0131\u00f1 episini birle\u015ftirebilsin - \u041c\u0435\u0434\u0436\u043b\u0456\u0441<\/title>\n<meta name=\"robots\" content=\"index, follow, max-snippet:-1, max-image-preview:large, max-video-preview:-1\" \/>\n<link rel=\"canonical\" href=\"https:\/\/qtmm.org\/qt\/refat-cubarov-zanimca-er-kesnin-aqili-suna-yeter-ki-halqimiz-tarihindaki-faciali-vaqia-qirimda-yasagan-insanlarnin-episini-birlestirebilsin\/\" \/>\n<meta property=\"og:locale\" content=\"en_US\" \/>\n<meta property=\"og:type\" content=\"article\" \/>\n<meta property=\"og:title\" content=\"Refat \u00c7ubarov: Zan\u0131mca, er kesni\u00f1 aq\u0131l\u0131 \u015fu\u00f1a yeter ki, halq\u0131m\u0131z tarih\u0131ndaki facial\u0131 vaqia Q\u0131r\u0131mda ya\u015fa\u011fan insanlarn\u0131\u00f1 episini birle\u015ftirebilsin - \u041c\u0435\u0434\u0436\u043b\u0456\u0441\" \/>\n<meta property=\"og:description\" content=\"Q\u0131r\u0131mtatar halq\u0131 soyq\u0131r\u0131m\u0131 qurbanlar\u0131n\u0131\u00f1 hat\u0131ras\u0131na ve s\u00fcrg\u00fcnlikni\u00f1 69 y\u0131ll\u0131\u011f\u0131na ba\u011f\u0131\u015flan\u011fan matem tedbirlerine az\u0131rl\u0131q aqq\u0131nda Meclis reisini\u00f1 birinci muavini Refat \u00c7ubarov, muavini Ahtem \u00c7iygoz ve Meclis azas\u0131 Emine Avamileva tarif ettiler. C\u00fcmleden, may\u0131s 17,18 k\u00fcnleri tedbirleri ke\u00e7ken y\u0131llarda ol\u011fan\u0131 kibi &#8211; Ukrain teatrinde may\u0131s 17-de hat\u0131ra aq\u015fam\u0131 ol\u0131p, ondan so\u00f1 saat 17-de Aqmescitte &#8220;Haytarma&#8221; birinci q\u0131r\u0131mtatar [&hellip;]\" \/>\n<meta property=\"og:url\" content=\"https:\/\/qtmm.org\/qt\/refat-cubarov-zanimca-er-kesnin-aqili-suna-yeter-ki-halqimiz-tarihindaki-faciali-vaqia-qirimda-yasagan-insanlarnin-episini-birlestirebilsin\/\" \/>\n<meta property=\"og:site_name\" content=\"\u041c\u0435\u0434\u0436\u043b\u0456\u0441\" \/>\n<meta property=\"article:publisher\" content=\"https:\/\/www.facebook.com\/qtmm.info\/\" \/>\n<meta property=\"article:published_time\" content=\"2013-05-08T19:56:00+00:00\" \/>\n<meta property=\"article:modified_time\" content=\"2022-01-23T19:57:30+00:00\" \/>\n<meta property=\"og:image\" content=\"https:\/\/qtmm.org\/wp-content\/uploads\/2022\/01\/img_0585.jpeg\" \/>\n\t<meta property=\"og:image:width\" content=\"700\" \/>\n\t<meta property=\"og:image:height\" content=\"525\" \/>\n\t<meta property=\"og:image:type\" content=\"image\/jpeg\" \/>\n<meta name=\"author\" content=\"Developer\" \/>\n<meta name=\"twitter:card\" content=\"summary_large_image\" \/>\n<meta name=\"twitter:label1\" content=\"Written by\" \/>\n\t<meta name=\"twitter:data1\" content=\"Developer\" \/>\n\t<meta name=\"twitter:label2\" content=\"Est. reading time\" \/>\n\t<meta name=\"twitter:data2\" content=\"2 minutes\" \/>\n<script type=\"application\/ld+json\" class=\"yoast-schema-graph\">{\"@context\":\"https:\\\/\\\/schema.org\",\"@graph\":[{\"@type\":\"Article\",\"@id\":\"https:\\\/\\\/qtmm.org\\\/qt\\\/refat-cubarov-zanimca-er-kesnin-aqili-suna-yeter-ki-halqimiz-tarihindaki-faciali-vaqia-qirimda-yasagan-insanlarnin-episini-birlestirebilsin\\\/#article\",\"isPartOf\":{\"@id\":\"https:\\\/\\\/qtmm.org\\\/qt\\\/refat-cubarov-zanimca-er-kesnin-aqili-suna-yeter-ki-halqimiz-tarihindaki-faciali-vaqia-qirimda-yasagan-insanlarnin-episini-birlestirebilsin\\\/\"},\"author\":{\"name\":\"Developer\",\"@id\":\"https:\\\/\\\/qtmm.org\\\/qt\\\/#\\\/schema\\\/person\\\/de562469f971dec226ac06e60bbf74a7\"},\"headline\":\"Refat \u00c7ubarov: Zan\u0131mca, er kesni\u00f1 aq\u0131l\u0131 \u015fu\u00f1a yeter ki, halq\u0131m\u0131z tarih\u0131ndaki facial\u0131 vaqia Q\u0131r\u0131mda ya\u015fa\u011fan insanlarn\u0131\u00f1 episini birle\u015ftirebilsin\",\"datePublished\":\"2013-05-08T19:56:00+00:00\",\"dateModified\":\"2022-01-23T19:57:30+00:00\",\"mainEntityOfPage\":{\"@id\":\"https:\\\/\\\/qtmm.org\\\/qt\\\/refat-cubarov-zanimca-er-kesnin-aqili-suna-yeter-ki-halqimiz-tarihindaki-faciali-vaqia-qirimda-yasagan-insanlarnin-episini-birlestirebilsin\\\/\"},\"wordCount\":484,\"commentCount\":0,\"publisher\":{\"@id\":\"https:\\\/\\\/qtmm.org\\\/qt\\\/#organization\"},\"image\":{\"@id\":\"https:\\\/\\\/qtmm.org\\\/qt\\\/refat-cubarov-zanimca-er-kesnin-aqili-suna-yeter-ki-halqimiz-tarihindaki-faciali-vaqia-qirimda-yasagan-insanlarnin-episini-birlestirebilsin\\\/#primaryimage\"},\"thumbnailUrl\":\"http:\\\/\\\/qtmm.org\\\/wp-content\\\/uploads\\\/2022\\\/01\\\/img_0585.jpeg\",\"articleSection\":[\"Haberler\"],\"inLanguage\":\"qt\",\"potentialAction\":[{\"@type\":\"CommentAction\",\"name\":\"Comment\",\"target\":[\"https:\\\/\\\/qtmm.org\\\/qt\\\/refat-cubarov-zanimca-er-kesnin-aqili-suna-yeter-ki-halqimiz-tarihindaki-faciali-vaqia-qirimda-yasagan-insanlarnin-episini-birlestirebilsin\\\/#respond\"]}]},{\"@type\":\"WebPage\",\"@id\":\"https:\\\/\\\/qtmm.org\\\/qt\\\/refat-cubarov-zanimca-er-kesnin-aqili-suna-yeter-ki-halqimiz-tarihindaki-faciali-vaqia-qirimda-yasagan-insanlarnin-episini-birlestirebilsin\\\/\",\"url\":\"https:\\\/\\\/qtmm.org\\\/qt\\\/refat-cubarov-zanimca-er-kesnin-aqili-suna-yeter-ki-halqimiz-tarihindaki-faciali-vaqia-qirimda-yasagan-insanlarnin-episini-birlestirebilsin\\\/\",\"name\":\"Refat \u00c7ubarov: Zan\u0131mca, er kesni\u00f1 aq\u0131l\u0131 \u015fu\u00f1a yeter ki, halq\u0131m\u0131z tarih\u0131ndaki facial\u0131 vaqia Q\u0131r\u0131mda ya\u015fa\u011fan insanlarn\u0131\u00f1 episini birle\u015ftirebilsin - \u041c\u0435\u0434\u0436\u043b\u0456\u0441\",\"isPartOf\":{\"@id\":\"https:\\\/\\\/qtmm.org\\\/qt\\\/#website\"},\"primaryImageOfPage\":{\"@id\":\"https:\\\/\\\/qtmm.org\\\/qt\\\/refat-cubarov-zanimca-er-kesnin-aqili-suna-yeter-ki-halqimiz-tarihindaki-faciali-vaqia-qirimda-yasagan-insanlarnin-episini-birlestirebilsin\\\/#primaryimage\"},\"image\":{\"@id\":\"https:\\\/\\\/qtmm.org\\\/qt\\\/refat-cubarov-zanimca-er-kesnin-aqili-suna-yeter-ki-halqimiz-tarihindaki-faciali-vaqia-qirimda-yasagan-insanlarnin-episini-birlestirebilsin\\\/#primaryimage\"},\"thumbnailUrl\":\"http:\\\/\\\/qtmm.org\\\/wp-content\\\/uploads\\\/2022\\\/01\\\/img_0585.jpeg\",\"datePublished\":\"2013-05-08T19:56:00+00:00\",\"dateModified\":\"2022-01-23T19:57:30+00:00\",\"breadcrumb\":{\"@id\":\"https:\\\/\\\/qtmm.org\\\/qt\\\/refat-cubarov-zanimca-er-kesnin-aqili-suna-yeter-ki-halqimiz-tarihindaki-faciali-vaqia-qirimda-yasagan-insanlarnin-episini-birlestirebilsin\\\/#breadcrumb\"},\"inLanguage\":\"qt\",\"potentialAction\":[{\"@type\":\"ReadAction\",\"target\":[\"https:\\\/\\\/qtmm.org\\\/qt\\\/refat-cubarov-zanimca-er-kesnin-aqili-suna-yeter-ki-halqimiz-tarihindaki-faciali-vaqia-qirimda-yasagan-insanlarnin-episini-birlestirebilsin\\\/\"]}]},{\"@type\":\"ImageObject\",\"inLanguage\":\"qt\",\"@id\":\"https:\\\/\\\/qtmm.org\\\/qt\\\/refat-cubarov-zanimca-er-kesnin-aqili-suna-yeter-ki-halqimiz-tarihindaki-faciali-vaqia-qirimda-yasagan-insanlarnin-episini-birlestirebilsin\\\/#primaryimage\",\"url\":\"http:\\\/\\\/qtmm.org\\\/wp-content\\\/uploads\\\/2022\\\/01\\\/img_0585.jpeg\",\"contentUrl\":\"http:\\\/\\\/qtmm.org\\\/wp-content\\\/uploads\\\/2022\\\/01\\\/img_0585.jpeg\"},{\"@type\":\"BreadcrumbList\",\"@id\":\"https:\\\/\\\/qtmm.org\\\/qt\\\/refat-cubarov-zanimca-er-kesnin-aqili-suna-yeter-ki-halqimiz-tarihindaki-faciali-vaqia-qirimda-yasagan-insanlarnin-episini-birlestirebilsin\\\/#breadcrumb\",\"itemListElement\":[{\"@type\":\"ListItem\",\"position\":1,\"name\":\"\u0413\u043e\u043b\u043e\u0432\u043d\u0430\",\"item\":\"https:\\\/\\\/qtmm.org\\\/qt\\\/\"},{\"@type\":\"ListItem\",\"position\":2,\"name\":\"Refat \u00c7ubarov: Zan\u0131mca, er kesni\u00f1 aq\u0131l\u0131 \u015fu\u00f1a yeter ki, halq\u0131m\u0131z tarih\u0131ndaki facial\u0131 vaqia Q\u0131r\u0131mda ya\u015fa\u011fan insanlarn\u0131\u00f1 episini birle\u015ftirebilsin\"}]},{\"@type\":\"WebSite\",\"@id\":\"https:\\\/\\\/qtmm.org\\\/qt\\\/#website\",\"url\":\"https:\\\/\\\/qtmm.org\\\/qt\\\/\",\"name\":\"\u041c\u0435\u0434\u0436\u043b\u0456\u0441\",\"description\":\"\",\"publisher\":{\"@id\":\"https:\\\/\\\/qtmm.org\\\/qt\\\/#organization\"},\"potentialAction\":[{\"@type\":\"SearchAction\",\"target\":{\"@type\":\"EntryPoint\",\"urlTemplate\":\"https:\\\/\\\/qtmm.org\\\/qt\\\/?s={search_term_string}\"},\"query-input\":{\"@type\":\"PropertyValueSpecification\",\"valueRequired\":true,\"valueName\":\"search_term_string\"}}],\"inLanguage\":\"qt\"},{\"@type\":\"Organization\",\"@id\":\"https:\\\/\\\/qtmm.org\\\/qt\\\/#organization\",\"name\":\"\u041c\u0435\u0434\u0436\u043b\u0456\u0441\",\"url\":\"https:\\\/\\\/qtmm.org\\\/qt\\\/\",\"logo\":{\"@type\":\"ImageObject\",\"inLanguage\":\"qt\",\"@id\":\"https:\\\/\\\/qtmm.org\\\/qt\\\/#\\\/schema\\\/logo\\\/image\\\/\",\"url\":\"https:\\\/\\\/qtmm.org\\\/wp-content\\\/uploads\\\/2024\\\/12\\\/ua-mejlis-logo-rgb.svg\",\"contentUrl\":\"https:\\\/\\\/qtmm.org\\\/wp-content\\\/uploads\\\/2024\\\/12\\\/ua-mejlis-logo-rgb.svg\",\"caption\":\"\u041c\u0435\u0434\u0436\u043b\u0456\u0441\"},\"image\":{\"@id\":\"https:\\\/\\\/qtmm.org\\\/qt\\\/#\\\/schema\\\/logo\\\/image\\\/\"},\"sameAs\":[\"https:\\\/\\\/www.facebook.com\\\/qtmm.info\\\/\"]},{\"@type\":\"Person\",\"@id\":\"https:\\\/\\\/qtmm.org\\\/qt\\\/#\\\/schema\\\/person\\\/de562469f971dec226ac06e60bbf74a7\",\"name\":\"Developer\",\"image\":{\"@type\":\"ImageObject\",\"inLanguage\":\"qt\",\"@id\":\"https:\\\/\\\/secure.gravatar.com\\\/avatar\\\/392b4cc8fbfeb00b39dfeeab4ee6edded39ffd48e25858637e4765810300227e?s=96&d=mm&r=g\",\"url\":\"https:\\\/\\\/secure.gravatar.com\\\/avatar\\\/392b4cc8fbfeb00b39dfeeab4ee6edded39ffd48e25858637e4765810300227e?s=96&d=mm&r=g\",\"contentUrl\":\"https:\\\/\\\/secure.gravatar.com\\\/avatar\\\/392b4cc8fbfeb00b39dfeeab4ee6edded39ffd48e25858637e4765810300227e?s=96&d=mm&r=g\",\"caption\":\"Developer\"},\"url\":\"https:\\\/\\\/qtmm.org\\\/qt\\\/author\\\/Developer\\\/\"}]}<\/script>\n<!-- \/ Yoast SEO plugin. -->","yoast_head_json":{"title":"Refat \u00c7ubarov: Zan\u0131mca, er kesni\u00f1 aq\u0131l\u0131 \u015fu\u00f1a yeter ki, halq\u0131m\u0131z tarih\u0131ndaki facial\u0131 vaqia Q\u0131r\u0131mda ya\u015fa\u011fan insanlarn\u0131\u00f1 episini birle\u015ftirebilsin - \u041c\u0435\u0434\u0436\u043b\u0456\u0441","robots":{"index":"index","follow":"follow","max-snippet":"max-snippet:-1","max-image-preview":"max-image-preview:large","max-video-preview":"max-video-preview:-1"},"canonical":"https:\/\/qtmm.org\/qt\/refat-cubarov-zanimca-er-kesnin-aqili-suna-yeter-ki-halqimiz-tarihindaki-faciali-vaqia-qirimda-yasagan-insanlarnin-episini-birlestirebilsin\/","og_locale":"en_US","og_type":"article","og_title":"Refat \u00c7ubarov: Zan\u0131mca, er kesni\u00f1 aq\u0131l\u0131 \u015fu\u00f1a yeter ki, halq\u0131m\u0131z tarih\u0131ndaki facial\u0131 vaqia Q\u0131r\u0131mda ya\u015fa\u011fan insanlarn\u0131\u00f1 episini birle\u015ftirebilsin - \u041c\u0435\u0434\u0436\u043b\u0456\u0441","og_description":"Q\u0131r\u0131mtatar halq\u0131 soyq\u0131r\u0131m\u0131 qurbanlar\u0131n\u0131\u00f1 hat\u0131ras\u0131na ve s\u00fcrg\u00fcnlikni\u00f1 69 y\u0131ll\u0131\u011f\u0131na ba\u011f\u0131\u015flan\u011fan matem tedbirlerine az\u0131rl\u0131q aqq\u0131nda Meclis reisini\u00f1 birinci muavini Refat \u00c7ubarov, muavini Ahtem \u00c7iygoz ve Meclis azas\u0131 Emine Avamileva tarif ettiler. C\u00fcmleden, may\u0131s 17,18 k\u00fcnleri tedbirleri ke\u00e7ken y\u0131llarda ol\u011fan\u0131 kibi &#8211; Ukrain teatrinde may\u0131s 17-de hat\u0131ra aq\u015fam\u0131 ol\u0131p, ondan so\u00f1 saat 17-de Aqmescitte &#8220;Haytarma&#8221; birinci q\u0131r\u0131mtatar [&hellip;]","og_url":"https:\/\/qtmm.org\/qt\/refat-cubarov-zanimca-er-kesnin-aqili-suna-yeter-ki-halqimiz-tarihindaki-faciali-vaqia-qirimda-yasagan-insanlarnin-episini-birlestirebilsin\/","og_site_name":"\u041c\u0435\u0434\u0436\u043b\u0456\u0441","article_publisher":"https:\/\/www.facebook.com\/qtmm.info\/","article_published_time":"2013-05-08T19:56:00+00:00","article_modified_time":"2022-01-23T19:57:30+00:00","og_image":[{"width":700,"height":525,"url":"https:\/\/qtmm.org\/wp-content\/uploads\/2022\/01\/img_0585.jpeg","type":"image\/jpeg"}],"author":"Developer","twitter_card":"summary_large_image","twitter_misc":{"Written by":"Developer","Est. reading time":"2 minutes"},"schema":{"@context":"https:\/\/schema.org","@graph":[{"@type":"Article","@id":"https:\/\/qtmm.org\/qt\/refat-cubarov-zanimca-er-kesnin-aqili-suna-yeter-ki-halqimiz-tarihindaki-faciali-vaqia-qirimda-yasagan-insanlarnin-episini-birlestirebilsin\/#article","isPartOf":{"@id":"https:\/\/qtmm.org\/qt\/refat-cubarov-zanimca-er-kesnin-aqili-suna-yeter-ki-halqimiz-tarihindaki-faciali-vaqia-qirimda-yasagan-insanlarnin-episini-birlestirebilsin\/"},"author":{"name":"Developer","@id":"https:\/\/qtmm.org\/qt\/#\/schema\/person\/de562469f971dec226ac06e60bbf74a7"},"headline":"Refat \u00c7ubarov: Zan\u0131mca, er kesni\u00f1 aq\u0131l\u0131 \u015fu\u00f1a yeter ki, halq\u0131m\u0131z tarih\u0131ndaki facial\u0131 vaqia Q\u0131r\u0131mda ya\u015fa\u011fan insanlarn\u0131\u00f1 episini birle\u015ftirebilsin","datePublished":"2013-05-08T19:56:00+00:00","dateModified":"2022-01-23T19:57:30+00:00","mainEntityOfPage":{"@id":"https:\/\/qtmm.org\/qt\/refat-cubarov-zanimca-er-kesnin-aqili-suna-yeter-ki-halqimiz-tarihindaki-faciali-vaqia-qirimda-yasagan-insanlarnin-episini-birlestirebilsin\/"},"wordCount":484,"commentCount":0,"publisher":{"@id":"https:\/\/qtmm.org\/qt\/#organization"},"image":{"@id":"https:\/\/qtmm.org\/qt\/refat-cubarov-zanimca-er-kesnin-aqili-suna-yeter-ki-halqimiz-tarihindaki-faciali-vaqia-qirimda-yasagan-insanlarnin-episini-birlestirebilsin\/#primaryimage"},"thumbnailUrl":"http:\/\/qtmm.org\/wp-content\/uploads\/2022\/01\/img_0585.jpeg","articleSection":["Haberler"],"inLanguage":"qt","potentialAction":[{"@type":"CommentAction","name":"Comment","target":["https:\/\/qtmm.org\/qt\/refat-cubarov-zanimca-er-kesnin-aqili-suna-yeter-ki-halqimiz-tarihindaki-faciali-vaqia-qirimda-yasagan-insanlarnin-episini-birlestirebilsin\/#respond"]}]},{"@type":"WebPage","@id":"https:\/\/qtmm.org\/qt\/refat-cubarov-zanimca-er-kesnin-aqili-suna-yeter-ki-halqimiz-tarihindaki-faciali-vaqia-qirimda-yasagan-insanlarnin-episini-birlestirebilsin\/","url":"https:\/\/qtmm.org\/qt\/refat-cubarov-zanimca-er-kesnin-aqili-suna-yeter-ki-halqimiz-tarihindaki-faciali-vaqia-qirimda-yasagan-insanlarnin-episini-birlestirebilsin\/","name":"Refat \u00c7ubarov: Zan\u0131mca, er kesni\u00f1 aq\u0131l\u0131 \u015fu\u00f1a yeter ki, halq\u0131m\u0131z tarih\u0131ndaki facial\u0131 vaqia Q\u0131r\u0131mda ya\u015fa\u011fan insanlarn\u0131\u00f1 episini birle\u015ftirebilsin - \u041c\u0435\u0434\u0436\u043b\u0456\u0441","isPartOf":{"@id":"https:\/\/qtmm.org\/qt\/#website"},"primaryImageOfPage":{"@id":"https:\/\/qtmm.org\/qt\/refat-cubarov-zanimca-er-kesnin-aqili-suna-yeter-ki-halqimiz-tarihindaki-faciali-vaqia-qirimda-yasagan-insanlarnin-episini-birlestirebilsin\/#primaryimage"},"image":{"@id":"https:\/\/qtmm.org\/qt\/refat-cubarov-zanimca-er-kesnin-aqili-suna-yeter-ki-halqimiz-tarihindaki-faciali-vaqia-qirimda-yasagan-insanlarnin-episini-birlestirebilsin\/#primaryimage"},"thumbnailUrl":"http:\/\/qtmm.org\/wp-content\/uploads\/2022\/01\/img_0585.jpeg","datePublished":"2013-05-08T19:56:00+00:00","dateModified":"2022-01-23T19:57:30+00:00","breadcrumb":{"@id":"https:\/\/qtmm.org\/qt\/refat-cubarov-zanimca-er-kesnin-aqili-suna-yeter-ki-halqimiz-tarihindaki-faciali-vaqia-qirimda-yasagan-insanlarnin-episini-birlestirebilsin\/#breadcrumb"},"inLanguage":"qt","potentialAction":[{"@type":"ReadAction","target":["https:\/\/qtmm.org\/qt\/refat-cubarov-zanimca-er-kesnin-aqili-suna-yeter-ki-halqimiz-tarihindaki-faciali-vaqia-qirimda-yasagan-insanlarnin-episini-birlestirebilsin\/"]}]},{"@type":"ImageObject","inLanguage":"qt","@id":"https:\/\/qtmm.org\/qt\/refat-cubarov-zanimca-er-kesnin-aqili-suna-yeter-ki-halqimiz-tarihindaki-faciali-vaqia-qirimda-yasagan-insanlarnin-episini-birlestirebilsin\/#primaryimage","url":"http:\/\/qtmm.org\/wp-content\/uploads\/2022\/01\/img_0585.jpeg","contentUrl":"http:\/\/qtmm.org\/wp-content\/uploads\/2022\/01\/img_0585.jpeg"},{"@type":"BreadcrumbList","@id":"https:\/\/qtmm.org\/qt\/refat-cubarov-zanimca-er-kesnin-aqili-suna-yeter-ki-halqimiz-tarihindaki-faciali-vaqia-qirimda-yasagan-insanlarnin-episini-birlestirebilsin\/#breadcrumb","itemListElement":[{"@type":"ListItem","position":1,"name":"\u0413\u043e\u043b\u043e\u0432\u043d\u0430","item":"https:\/\/qtmm.org\/qt\/"},{"@type":"ListItem","position":2,"name":"Refat \u00c7ubarov: Zan\u0131mca, er kesni\u00f1 aq\u0131l\u0131 \u015fu\u00f1a yeter ki, halq\u0131m\u0131z tarih\u0131ndaki facial\u0131 vaqia Q\u0131r\u0131mda ya\u015fa\u011fan insanlarn\u0131\u00f1 episini birle\u015ftirebilsin"}]},{"@type":"WebSite","@id":"https:\/\/qtmm.org\/qt\/#website","url":"https:\/\/qtmm.org\/qt\/","name":"\u041c\u0435\u0434\u0436\u043b\u0456\u0441","description":"","publisher":{"@id":"https:\/\/qtmm.org\/qt\/#organization"},"potentialAction":[{"@type":"SearchAction","target":{"@type":"EntryPoint","urlTemplate":"https:\/\/qtmm.org\/qt\/?s={search_term_string}"},"query-input":{"@type":"PropertyValueSpecification","valueRequired":true,"valueName":"search_term_string"}}],"inLanguage":"qt"},{"@type":"Organization","@id":"https:\/\/qtmm.org\/qt\/#organization","name":"\u041c\u0435\u0434\u0436\u043b\u0456\u0441","url":"https:\/\/qtmm.org\/qt\/","logo":{"@type":"ImageObject","inLanguage":"qt","@id":"https:\/\/qtmm.org\/qt\/#\/schema\/logo\/image\/","url":"https:\/\/qtmm.org\/wp-content\/uploads\/2024\/12\/ua-mejlis-logo-rgb.svg","contentUrl":"https:\/\/qtmm.org\/wp-content\/uploads\/2024\/12\/ua-mejlis-logo-rgb.svg","caption":"\u041c\u0435\u0434\u0436\u043b\u0456\u0441"},"image":{"@id":"https:\/\/qtmm.org\/qt\/#\/schema\/logo\/image\/"},"sameAs":["https:\/\/www.facebook.com\/qtmm.info\/"]},{"@type":"Person","@id":"https:\/\/qtmm.org\/qt\/#\/schema\/person\/de562469f971dec226ac06e60bbf74a7","name":"Developer","image":{"@type":"ImageObject","inLanguage":"qt","@id":"https:\/\/secure.gravatar.com\/avatar\/392b4cc8fbfeb00b39dfeeab4ee6edded39ffd48e25858637e4765810300227e?s=96&d=mm&r=g","url":"https:\/\/secure.gravatar.com\/avatar\/392b4cc8fbfeb00b39dfeeab4ee6edded39ffd48e25858637e4765810300227e?s=96&d=mm&r=g","contentUrl":"https:\/\/secure.gravatar.com\/avatar\/392b4cc8fbfeb00b39dfeeab4ee6edded39ffd48e25858637e4765810300227e?s=96&d=mm&r=g","caption":"Developer"},"url":"https:\/\/qtmm.org\/qt\/author\/Developer\/"}]}},"_links":{"self":[{"href":"https:\/\/qtmm.org\/qt\/wp-json\/wp\/v2\/posts\/37110","targetHints":{"allow":["GET"]}}],"collection":[{"href":"https:\/\/qtmm.org\/qt\/wp-json\/wp\/v2\/posts"}],"about":[{"href":"https:\/\/qtmm.org\/qt\/wp-json\/wp\/v2\/types\/post"}],"author":[{"embeddable":true,"href":"https:\/\/qtmm.org\/qt\/wp-json\/wp\/v2\/users\/1"}],"replies":[{"embeddable":true,"href":"https:\/\/qtmm.org\/qt\/wp-json\/wp\/v2\/comments?post=37110"}],"version-history":[{"count":1,"href":"https:\/\/qtmm.org\/qt\/wp-json\/wp\/v2\/posts\/37110\/revisions"}],"predecessor-version":[{"id":37115,"href":"https:\/\/qtmm.org\/qt\/wp-json\/wp\/v2\/posts\/37110\/revisions\/37115"}],"wp:attachment":[{"href":"https:\/\/qtmm.org\/qt\/wp-json\/wp\/v2\/media?parent=37110"}],"wp:term":[{"taxonomy":"category","embeddable":true,"href":"https:\/\/qtmm.org\/qt\/wp-json\/wp\/v2\/categories?post=37110"},{"taxonomy":"post_tag","embeddable":true,"href":"https:\/\/qtmm.org\/qt\/wp-json\/wp\/v2\/tags?post=37110"}],"curies":[{"name":"wp","href":"https:\/\/api.w.org\/{rel}","templated":true}]}}