




{"id":37100,"date":"2013-05-08T22:54:00","date_gmt":"2013-05-08T19:54:00","guid":{"rendered":"http:\/\/qtmm.org\/?p=37100"},"modified":"2022-01-23T22:56:07","modified_gmt":"2022-01-23T19:56:07","slug":"emine-avamileva-hidirlez-2013-bayrami-pek-yuksek-seviyede-kecti","status":"publish","type":"post","link":"https:\/\/qtmm.org\/qt\/emine-avamileva-hidirlez-2013-bayrami-pek-yuksek-seviyede-kecti\/","title":{"rendered":"Emine Avamileva: \u00abH\u0131d\u0131rlez-2013\u00bb bayram\u0131 pek y\u00fcksek seviyede ke\u00e7ti\u00bb"},"content":{"rendered":"\n<p>May\u0131s 6 k\u00fcn\u00fc Ba\u011f\u00e7asaray civar\u0131nda Q\u0131r\u0131mtatar halq\u0131n\u0131\u00f1 Meclisi ve Ba\u011f\u00e7asaray rayon devlet memuriyetini\u00f1 qoltutuv\u0131nda &#8220;\u015eeherizada&#8221; medeniy-eglence merkezini\u00f1 (Aqmescit-Ba\u011f\u00e7asaray yolun\u0131\u00f1 25-nci kilometri) meydan\u0131nda \u00f6tkerilgen H\u0131d\u0131rlez bayram\u0131, q\u0131r\u0131mtatar halq\u0131 s\u00fcrg\u00fcnligini\u00f1 69 y\u0131ll\u0131\u011f\u0131na ba\u011f\u0131\u015flan\u011fan matem tedbirlerine az\u0131rl\u0131q aqq\u0131nda may\u0131s 8 k\u00fcn\u00fc ke\u00e7irilgen matbuat konferentsiyas\u0131nda Meclis reisini\u00f1 birinci muavini Refat \u00c7ubarov, Meclis reisini\u00f1 muavini Ahtem \u00c7iygoz, H\u0131d\u0131rlez bayram\u0131n\u0131 ke\u00e7ir\u00fcv boyunca te\u015fkiliy komitet reisi Emine Avamileva ik\u00e2ye ettiler.<\/p>\n\n\n\n<p>&#8220;Biz Q\u0131r\u0131m \u00fck\u00fcmetini\u00f1 planlar\u0131ndan haberdar olsaq da may\u0131s 6 k\u00fcn\u00fc ke\u00e7irilecek H\u0131d\u0131rlez bayram\u0131na qo\u015ful\u0131r ve alyernativ tedbirlernen s\u0131\u00f1\u0131rlanmaq maqsadlar\u0131ndan vazge\u00e7er, dep so\u00f1una qadar \u00fcm\u00fct ettik, &#8211; dedi Refat \u00c7ubarov. &#8211; Men, \u00fck\u00fcmetnen beraber bir ara\u011fa kelip, areketlerimizni birle\u015ftirir ve y\u0131ldan-y\u0131l\u011fa \u00e7oqtan-\u00e7oq milletlerni birle\u015ftirgen H\u0131d\u0131rlez bayram\u0131 siyasetten t\u0131\u015f olur, dep t\u00fc\u015f\u00fcngenlerden biri edim.<\/p>\n\n\n\n<p>Refat \u00c7ubarov emin ki, as\u0131rlar devam\u0131nda \u015fekillengen ve k\u00fct\u00fclgen milliy ve diniy bayramlarn\u0131\u00f1 k\u00fcn\u00fcni i\u00e7 bir t\u00fcrl\u00fc qanun ve emirlernen tayinlemek m\u00fcmk\u00fcn degil. &#8220;\u0130nsanlar\u0131m\u0131zn\u0131\u00f1 tertip-nizaml\u0131 olmalar\u0131 H\u0131d\u0131rlezde \u00f6yle bir samimiy ve s\u0131caq m\u00fcit yaratabildi ki, bayramn\u0131\u00f1 er bir musafiri kendisini raat ve o\u00f1aytl\u0131 sezdi, &#8211; dep qayd etti R. \u00c7ubarov. &#8211; Er alda bu, t\u00fc\u015f\u00fcnip \u00e7\u0131qar\u0131l\u011fan uydurma qaidelerden yah\u015f\u0131d\u0131r&#8221;.<\/p>\n\n\n\n<figure class=\"wp-block-image size-full\"><img loading=\"lazy\" decoding=\"async\" width=\"700\" height=\"525\" src=\"http:\/\/qtmm.org\/wp-content\/uploads\/2022\/01\/img_0587.jpeg\" alt=\"\" class=\"wp-image-37105\" srcset=\"https:\/\/qtmm.org\/wp-content\/uploads\/2022\/01\/img_0587.jpeg 700w, https:\/\/qtmm.org\/wp-content\/uploads\/2022\/01\/img_0587-300x225.jpeg 300w\" sizes=\"auto, (max-width: 700px) 100vw, 700px\" \/><\/figure>\n\n\n\n<p>\u00d6z nevbetinde Ba\u011f\u00e7asaray regional meclisni\u00f1 ba\u015f\u0131 Ahtem \u00c7iygoz ke\u00e7ken sene \u00f6tkerilgen H\u0131d\u0131rlezge az\u0131rl\u0131qn\u0131 bu y\u0131ln\u0131\u00f1kinen q\u0131yaslayaraq, bu sene te\u015fkiliy q\u0131s\u0131m b\u0131lt\u0131rkisinden baya\u011f\u0131 y\u00fcksek seviyede ol\u011fan\u0131n\u0131 qayd etti. &#8220;Bu y\u0131l\u0131 nas\u0131ld\u0131r si\u00f1irlen\u00fcv, artqa\u00e7 areketler olmad\u0131, er \u015fey professional derecede az\u0131rlan\u011fan\u0131 sayesinde er kes bayramn\u0131 \u015fe\u00f1 ve g\u00fczel ke\u00e7irdi&#8221;, &#8211; devam etti A. \u00c7iygoz ve Q\u0131r\u0131m akimiyeti vekillerine bayramlarn\u0131 &#8220;buyruq&#8221; boyunca ke\u00e7ir\u00fcv ve SSSR rejimini\u00f1 qaideleri endi \u00e7oqtan ke\u00e7mi\u015fte qal\u011fanlar\u0131n\u0131 hat\u0131rlatt\u0131.<\/p>\n\n\n\n<p>Te\u015fkiliy komitet reisi Emine Avamileva bayram ker\u00e7ekten de 100 fay\u0131z\u011fa ke\u00e7ti, dep qayd etti. &#8220;Ebet, baz\u0131 bir eksiklikler de old\u0131, amma te\u015fkiliy komitetni\u00f1 professional komandas\u0131 olarn\u0131 t\u00fczetmege t\u0131r\u0131\u015ft\u0131 ve bayramn\u0131\u00f1 g\u00fczel ke\u00e7mesine i\u00e7 bir \u015fey keder etip olamad\u0131, &#8211; esabat berdi E. Avamileva.<br>&#8220;Mesel\u00e2, bir \u00e7oq semetde\u015flerimiz Aqmescitke pek erte kelip, demir\u00f6l vokzal\u0131nda H\u0131d\u0131rlez olacaq yerge bar\u011fan avtobuslarn\u0131 saba saat 7-den 9-\u011fa qadar beklemege mecbur old\u0131lar. Aq\u015fam ise avtobuslar ta saat 20-ge qadar \u00e7al\u0131\u015f\u0131p, bayramn\u0131\u00f1 b\u00fct\u00fcn i\u015ftirak\u00e7ilerini yerlerine yetkizdiler. Ba\u011f\u00e7asaray rayon devlet memuriyetini\u00f1 esabat\u0131na k\u00f6re tibbiyat yard\u0131m\u0131 sorap ol\u011fan\u0131-olaca\u011f\u0131 22 insan muracaat etken, &#8211; dedi E. Avamileva. &#8211; 22 ki\u015fiden 4-i y\u00fckl\u00fc qad\u0131nlar ol\u0131p, als\u0131zlan\u011fanlar\u0131na, bir qad\u0131n tay\u0131p y\u0131q\u0131l\u011fan\u0131 ve bir de sport\u00e7\u0131 damarlar\u0131 tart\u0131\u015fqan\u0131na \u015fik\u00e2yet etken. Qal\u011fan 18 ki\u015fini\u00f1 episi qartlar ol\u0131p, k\u00fcne\u015fte qan bas\u0131mlar\u0131 y\u00fckselgen&#8221;.<\/p>\n\n\n\n<p>Te\u015fkiliy komitetni\u00f1 esaplar\u0131na k\u00f6re may\u0131s 6-da H\u0131d\u0131rlez bayram\u0131nda 35 bi\u00f1den ziyade insan i\u015ftirak etti. E. Avamileva bildirgenine k\u00f6re bun\u0131 H\u0131d\u0131rlezge kelgen \u015fahsiy arabalar ve musafirlerni ta\u015f\u0131\u011fan naqliye vastalar\u0131n\u0131\u00f1 say\u0131s\u0131 k\u00f6sterdi.<br>K\u00fcn devam\u0131nda 35 ticaret noqtalar\u0131 \u00e7al\u0131\u015f\u0131p, a\u015f ve suv satt\u0131lar. &#8220;Bu sefer er \u015fey yeterli old\u0131. K\u00fctleviy matbuat vastalar\u0131n\u0131\u00f1 bergen mal\u00fcmatlar\u0131na ve musafirlerni\u00f1 teessuratlar\u0131na k\u00f6re Q\u0131r\u0131mtatar halq\u0131 Meclisi 2013 senesi mart 31 k\u00fcn\u00fc tesis etken Te\u015fkiliy komitet azalar\u0131 \u00f6z vazifelerini becerdiler, dedi E. Avamileva.<\/p>\n","protected":false},"excerpt":{"rendered":"<p>May\u0131s 6 k\u00fcn\u00fc Ba\u011f\u00e7asaray civar\u0131nda Q\u0131r\u0131mtatar halq\u0131n\u0131\u00f1 Meclisi ve Ba\u011f\u00e7asaray rayon devlet memuriyetini\u00f1 qoltutuv\u0131nda &#8220;\u015eeherizada&#8221; medeniy-eglence merkezini\u00f1 (Aqmescit-Ba\u011f\u00e7asaray yolun\u0131\u00f1 25-nci kilometri) meydan\u0131nda \u00f6tkerilgen H\u0131d\u0131rlez bayram\u0131, q\u0131r\u0131mtatar halq\u0131 s\u00fcrg\u00fcnligini\u00f1 69 y\u0131ll\u0131\u011f\u0131na ba\u011f\u0131\u015flan\u011fan matem tedbirlerine az\u0131rl\u0131q aqq\u0131nda may\u0131s 8 k\u00fcn\u00fc ke\u00e7irilgen matbuat konferentsiyas\u0131nda Meclis reisini\u00f1 birinci muavini Refat \u00c7ubarov, Meclis reisini\u00f1 muavini Ahtem \u00c7iygoz, H\u0131d\u0131rlez bayram\u0131n\u0131 ke\u00e7ir\u00fcv [&hellip;]<\/p>\n","protected":false},"author":1,"featured_media":37101,"comment_status":"open","ping_status":"open","sticky":false,"template":"","format":"standard","meta":{"inline_featured_image":false,"footnotes":""},"categories":[265],"tags":[],"class_list":["post-37100","post","type-post","status-publish","format-standard","has-post-thumbnail","hentry","category-haberler"],"acf":[],"yoast_head":"<!-- This site is optimized with the Yoast SEO plugin v27.4 - https:\/\/yoast.com\/product\/yoast-seo-wordpress\/ -->\n<title>Emine Avamileva: \u00abH\u0131d\u0131rlez-2013\u00bb bayram\u0131 pek y\u00fcksek seviyede ke\u00e7ti\u00bb - \u041c\u0435\u0434\u0436\u043b\u0456\u0441<\/title>\n<meta name=\"robots\" content=\"index, follow, max-snippet:-1, max-image-preview:large, max-video-preview:-1\" \/>\n<link rel=\"canonical\" href=\"https:\/\/qtmm.org\/qt\/emine-avamileva-hidirlez-2013-bayrami-pek-yuksek-seviyede-kecti\/\" \/>\n<meta property=\"og:locale\" content=\"en_US\" \/>\n<meta property=\"og:type\" content=\"article\" \/>\n<meta property=\"og:title\" content=\"Emine Avamileva: \u00abH\u0131d\u0131rlez-2013\u00bb bayram\u0131 pek y\u00fcksek seviyede ke\u00e7ti\u00bb - \u041c\u0435\u0434\u0436\u043b\u0456\u0441\" \/>\n<meta property=\"og:description\" content=\"May\u0131s 6 k\u00fcn\u00fc Ba\u011f\u00e7asaray civar\u0131nda Q\u0131r\u0131mtatar halq\u0131n\u0131\u00f1 Meclisi ve Ba\u011f\u00e7asaray rayon devlet memuriyetini\u00f1 qoltutuv\u0131nda &#8220;\u015eeherizada&#8221; medeniy-eglence merkezini\u00f1 (Aqmescit-Ba\u011f\u00e7asaray yolun\u0131\u00f1 25-nci kilometri) meydan\u0131nda \u00f6tkerilgen H\u0131d\u0131rlez bayram\u0131, q\u0131r\u0131mtatar halq\u0131 s\u00fcrg\u00fcnligini\u00f1 69 y\u0131ll\u0131\u011f\u0131na ba\u011f\u0131\u015flan\u011fan matem tedbirlerine az\u0131rl\u0131q aqq\u0131nda may\u0131s 8 k\u00fcn\u00fc ke\u00e7irilgen matbuat konferentsiyas\u0131nda Meclis reisini\u00f1 birinci muavini Refat \u00c7ubarov, Meclis reisini\u00f1 muavini Ahtem \u00c7iygoz, H\u0131d\u0131rlez bayram\u0131n\u0131 ke\u00e7ir\u00fcv [&hellip;]\" \/>\n<meta property=\"og:url\" content=\"https:\/\/qtmm.org\/qt\/emine-avamileva-hidirlez-2013-bayrami-pek-yuksek-seviyede-kecti\/\" \/>\n<meta property=\"og:site_name\" content=\"\u041c\u0435\u0434\u0436\u043b\u0456\u0441\" \/>\n<meta property=\"article:publisher\" content=\"https:\/\/www.facebook.com\/qtmm.info\/\" \/>\n<meta property=\"article:published_time\" content=\"2013-05-08T19:54:00+00:00\" \/>\n<meta property=\"article:modified_time\" content=\"2022-01-23T19:56:07+00:00\" \/>\n<meta property=\"og:image\" content=\"https:\/\/qtmm.org\/wp-content\/uploads\/2022\/01\/img_0573.jpeg\" \/>\n\t<meta property=\"og:image:width\" content=\"700\" \/>\n\t<meta property=\"og:image:height\" content=\"525\" \/>\n\t<meta property=\"og:image:type\" content=\"image\/jpeg\" \/>\n<meta name=\"author\" content=\"Developer\" \/>\n<meta name=\"twitter:card\" content=\"summary_large_image\" \/>\n<meta name=\"twitter:label1\" content=\"Written by\" \/>\n\t<meta name=\"twitter:data1\" content=\"Developer\" \/>\n\t<meta name=\"twitter:label2\" content=\"Est. reading time\" \/>\n\t<meta name=\"twitter:data2\" content=\"3 minutes\" \/>\n<script type=\"application\/ld+json\" class=\"yoast-schema-graph\">{\"@context\":\"https:\\\/\\\/schema.org\",\"@graph\":[{\"@type\":\"Article\",\"@id\":\"https:\\\/\\\/qtmm.org\\\/qt\\\/emine-avamileva-hidirlez-2013-bayrami-pek-yuksek-seviyede-kecti\\\/#article\",\"isPartOf\":{\"@id\":\"https:\\\/\\\/qtmm.org\\\/qt\\\/emine-avamileva-hidirlez-2013-bayrami-pek-yuksek-seviyede-kecti\\\/\"},\"author\":{\"name\":\"Developer\",\"@id\":\"https:\\\/\\\/qtmm.org\\\/qt\\\/#\\\/schema\\\/person\\\/de562469f971dec226ac06e60bbf74a7\"},\"headline\":\"Emine Avamileva: \u00abH\u0131d\u0131rlez-2013\u00bb bayram\u0131 pek y\u00fcksek seviyede ke\u00e7ti\u00bb\",\"datePublished\":\"2013-05-08T19:54:00+00:00\",\"dateModified\":\"2022-01-23T19:56:07+00:00\",\"mainEntityOfPage\":{\"@id\":\"https:\\\/\\\/qtmm.org\\\/qt\\\/emine-avamileva-hidirlez-2013-bayrami-pek-yuksek-seviyede-kecti\\\/\"},\"wordCount\":646,\"commentCount\":0,\"publisher\":{\"@id\":\"https:\\\/\\\/qtmm.org\\\/qt\\\/#organization\"},\"image\":{\"@id\":\"https:\\\/\\\/qtmm.org\\\/qt\\\/emine-avamileva-hidirlez-2013-bayrami-pek-yuksek-seviyede-kecti\\\/#primaryimage\"},\"thumbnailUrl\":\"https:\\\/\\\/qtmm.org\\\/wp-content\\\/uploads\\\/2022\\\/01\\\/img_0573.jpeg\",\"articleSection\":[\"Haberler\"],\"inLanguage\":\"qt\",\"potentialAction\":[{\"@type\":\"CommentAction\",\"name\":\"Comment\",\"target\":[\"https:\\\/\\\/qtmm.org\\\/qt\\\/emine-avamileva-hidirlez-2013-bayrami-pek-yuksek-seviyede-kecti\\\/#respond\"]}]},{\"@type\":\"WebPage\",\"@id\":\"https:\\\/\\\/qtmm.org\\\/qt\\\/emine-avamileva-hidirlez-2013-bayrami-pek-yuksek-seviyede-kecti\\\/\",\"url\":\"https:\\\/\\\/qtmm.org\\\/qt\\\/emine-avamileva-hidirlez-2013-bayrami-pek-yuksek-seviyede-kecti\\\/\",\"name\":\"Emine Avamileva: \u00abH\u0131d\u0131rlez-2013\u00bb bayram\u0131 pek y\u00fcksek seviyede ke\u00e7ti\u00bb - \u041c\u0435\u0434\u0436\u043b\u0456\u0441\",\"isPartOf\":{\"@id\":\"https:\\\/\\\/qtmm.org\\\/qt\\\/#website\"},\"primaryImageOfPage\":{\"@id\":\"https:\\\/\\\/qtmm.org\\\/qt\\\/emine-avamileva-hidirlez-2013-bayrami-pek-yuksek-seviyede-kecti\\\/#primaryimage\"},\"image\":{\"@id\":\"https:\\\/\\\/qtmm.org\\\/qt\\\/emine-avamileva-hidirlez-2013-bayrami-pek-yuksek-seviyede-kecti\\\/#primaryimage\"},\"thumbnailUrl\":\"https:\\\/\\\/qtmm.org\\\/wp-content\\\/uploads\\\/2022\\\/01\\\/img_0573.jpeg\",\"datePublished\":\"2013-05-08T19:54:00+00:00\",\"dateModified\":\"2022-01-23T19:56:07+00:00\",\"breadcrumb\":{\"@id\":\"https:\\\/\\\/qtmm.org\\\/qt\\\/emine-avamileva-hidirlez-2013-bayrami-pek-yuksek-seviyede-kecti\\\/#breadcrumb\"},\"inLanguage\":\"qt\",\"potentialAction\":[{\"@type\":\"ReadAction\",\"target\":[\"https:\\\/\\\/qtmm.org\\\/qt\\\/emine-avamileva-hidirlez-2013-bayrami-pek-yuksek-seviyede-kecti\\\/\"]}]},{\"@type\":\"ImageObject\",\"inLanguage\":\"qt\",\"@id\":\"https:\\\/\\\/qtmm.org\\\/qt\\\/emine-avamileva-hidirlez-2013-bayrami-pek-yuksek-seviyede-kecti\\\/#primaryimage\",\"url\":\"https:\\\/\\\/qtmm.org\\\/wp-content\\\/uploads\\\/2022\\\/01\\\/img_0573.jpeg\",\"contentUrl\":\"https:\\\/\\\/qtmm.org\\\/wp-content\\\/uploads\\\/2022\\\/01\\\/img_0573.jpeg\",\"width\":700,\"height\":525},{\"@type\":\"BreadcrumbList\",\"@id\":\"https:\\\/\\\/qtmm.org\\\/qt\\\/emine-avamileva-hidirlez-2013-bayrami-pek-yuksek-seviyede-kecti\\\/#breadcrumb\",\"itemListElement\":[{\"@type\":\"ListItem\",\"position\":1,\"name\":\"\u0413\u043e\u043b\u043e\u0432\u043d\u0430\",\"item\":\"https:\\\/\\\/qtmm.org\\\/qt\\\/\"},{\"@type\":\"ListItem\",\"position\":2,\"name\":\"Emine Avamileva: \u00abH\u0131d\u0131rlez-2013\u00bb bayram\u0131 pek y\u00fcksek seviyede ke\u00e7ti\u00bb\"}]},{\"@type\":\"WebSite\",\"@id\":\"https:\\\/\\\/qtmm.org\\\/qt\\\/#website\",\"url\":\"https:\\\/\\\/qtmm.org\\\/qt\\\/\",\"name\":\"\u041c\u0435\u0434\u0436\u043b\u0456\u0441\",\"description\":\"\",\"publisher\":{\"@id\":\"https:\\\/\\\/qtmm.org\\\/qt\\\/#organization\"},\"potentialAction\":[{\"@type\":\"SearchAction\",\"target\":{\"@type\":\"EntryPoint\",\"urlTemplate\":\"https:\\\/\\\/qtmm.org\\\/qt\\\/?s={search_term_string}\"},\"query-input\":{\"@type\":\"PropertyValueSpecification\",\"valueRequired\":true,\"valueName\":\"search_term_string\"}}],\"inLanguage\":\"qt\"},{\"@type\":\"Organization\",\"@id\":\"https:\\\/\\\/qtmm.org\\\/qt\\\/#organization\",\"name\":\"\u041c\u0435\u0434\u0436\u043b\u0456\u0441\",\"url\":\"https:\\\/\\\/qtmm.org\\\/qt\\\/\",\"logo\":{\"@type\":\"ImageObject\",\"inLanguage\":\"qt\",\"@id\":\"https:\\\/\\\/qtmm.org\\\/qt\\\/#\\\/schema\\\/logo\\\/image\\\/\",\"url\":\"https:\\\/\\\/qtmm.org\\\/wp-content\\\/uploads\\\/2024\\\/12\\\/ua-mejlis-logo-rgb.svg\",\"contentUrl\":\"https:\\\/\\\/qtmm.org\\\/wp-content\\\/uploads\\\/2024\\\/12\\\/ua-mejlis-logo-rgb.svg\",\"caption\":\"\u041c\u0435\u0434\u0436\u043b\u0456\u0441\"},\"image\":{\"@id\":\"https:\\\/\\\/qtmm.org\\\/qt\\\/#\\\/schema\\\/logo\\\/image\\\/\"},\"sameAs\":[\"https:\\\/\\\/www.facebook.com\\\/qtmm.info\\\/\"]},{\"@type\":\"Person\",\"@id\":\"https:\\\/\\\/qtmm.org\\\/qt\\\/#\\\/schema\\\/person\\\/de562469f971dec226ac06e60bbf74a7\",\"name\":\"Developer\",\"image\":{\"@type\":\"ImageObject\",\"inLanguage\":\"qt\",\"@id\":\"https:\\\/\\\/secure.gravatar.com\\\/avatar\\\/392b4cc8fbfeb00b39dfeeab4ee6edded39ffd48e25858637e4765810300227e?s=96&d=mm&r=g\",\"url\":\"https:\\\/\\\/secure.gravatar.com\\\/avatar\\\/392b4cc8fbfeb00b39dfeeab4ee6edded39ffd48e25858637e4765810300227e?s=96&d=mm&r=g\",\"contentUrl\":\"https:\\\/\\\/secure.gravatar.com\\\/avatar\\\/392b4cc8fbfeb00b39dfeeab4ee6edded39ffd48e25858637e4765810300227e?s=96&d=mm&r=g\",\"caption\":\"Developer\"},\"url\":\"https:\\\/\\\/qtmm.org\\\/qt\\\/author\\\/Developer\\\/\"}]}<\/script>\n<!-- \/ Yoast SEO plugin. -->","yoast_head_json":{"title":"Emine Avamileva: \u00abH\u0131d\u0131rlez-2013\u00bb bayram\u0131 pek y\u00fcksek seviyede ke\u00e7ti\u00bb - \u041c\u0435\u0434\u0436\u043b\u0456\u0441","robots":{"index":"index","follow":"follow","max-snippet":"max-snippet:-1","max-image-preview":"max-image-preview:large","max-video-preview":"max-video-preview:-1"},"canonical":"https:\/\/qtmm.org\/qt\/emine-avamileva-hidirlez-2013-bayrami-pek-yuksek-seviyede-kecti\/","og_locale":"en_US","og_type":"article","og_title":"Emine Avamileva: \u00abH\u0131d\u0131rlez-2013\u00bb bayram\u0131 pek y\u00fcksek seviyede ke\u00e7ti\u00bb - \u041c\u0435\u0434\u0436\u043b\u0456\u0441","og_description":"May\u0131s 6 k\u00fcn\u00fc Ba\u011f\u00e7asaray civar\u0131nda Q\u0131r\u0131mtatar halq\u0131n\u0131\u00f1 Meclisi ve Ba\u011f\u00e7asaray rayon devlet memuriyetini\u00f1 qoltutuv\u0131nda &#8220;\u015eeherizada&#8221; medeniy-eglence merkezini\u00f1 (Aqmescit-Ba\u011f\u00e7asaray yolun\u0131\u00f1 25-nci kilometri) meydan\u0131nda \u00f6tkerilgen H\u0131d\u0131rlez bayram\u0131, q\u0131r\u0131mtatar halq\u0131 s\u00fcrg\u00fcnligini\u00f1 69 y\u0131ll\u0131\u011f\u0131na ba\u011f\u0131\u015flan\u011fan matem tedbirlerine az\u0131rl\u0131q aqq\u0131nda may\u0131s 8 k\u00fcn\u00fc ke\u00e7irilgen matbuat konferentsiyas\u0131nda Meclis reisini\u00f1 birinci muavini Refat \u00c7ubarov, Meclis reisini\u00f1 muavini Ahtem \u00c7iygoz, H\u0131d\u0131rlez bayram\u0131n\u0131 ke\u00e7ir\u00fcv [&hellip;]","og_url":"https:\/\/qtmm.org\/qt\/emine-avamileva-hidirlez-2013-bayrami-pek-yuksek-seviyede-kecti\/","og_site_name":"\u041c\u0435\u0434\u0436\u043b\u0456\u0441","article_publisher":"https:\/\/www.facebook.com\/qtmm.info\/","article_published_time":"2013-05-08T19:54:00+00:00","article_modified_time":"2022-01-23T19:56:07+00:00","og_image":[{"width":700,"height":525,"url":"https:\/\/qtmm.org\/wp-content\/uploads\/2022\/01\/img_0573.jpeg","type":"image\/jpeg"}],"author":"Developer","twitter_card":"summary_large_image","twitter_misc":{"Written by":"Developer","Est. reading time":"3 minutes"},"schema":{"@context":"https:\/\/schema.org","@graph":[{"@type":"Article","@id":"https:\/\/qtmm.org\/qt\/emine-avamileva-hidirlez-2013-bayrami-pek-yuksek-seviyede-kecti\/#article","isPartOf":{"@id":"https:\/\/qtmm.org\/qt\/emine-avamileva-hidirlez-2013-bayrami-pek-yuksek-seviyede-kecti\/"},"author":{"name":"Developer","@id":"https:\/\/qtmm.org\/qt\/#\/schema\/person\/de562469f971dec226ac06e60bbf74a7"},"headline":"Emine Avamileva: \u00abH\u0131d\u0131rlez-2013\u00bb bayram\u0131 pek y\u00fcksek seviyede ke\u00e7ti\u00bb","datePublished":"2013-05-08T19:54:00+00:00","dateModified":"2022-01-23T19:56:07+00:00","mainEntityOfPage":{"@id":"https:\/\/qtmm.org\/qt\/emine-avamileva-hidirlez-2013-bayrami-pek-yuksek-seviyede-kecti\/"},"wordCount":646,"commentCount":0,"publisher":{"@id":"https:\/\/qtmm.org\/qt\/#organization"},"image":{"@id":"https:\/\/qtmm.org\/qt\/emine-avamileva-hidirlez-2013-bayrami-pek-yuksek-seviyede-kecti\/#primaryimage"},"thumbnailUrl":"https:\/\/qtmm.org\/wp-content\/uploads\/2022\/01\/img_0573.jpeg","articleSection":["Haberler"],"inLanguage":"qt","potentialAction":[{"@type":"CommentAction","name":"Comment","target":["https:\/\/qtmm.org\/qt\/emine-avamileva-hidirlez-2013-bayrami-pek-yuksek-seviyede-kecti\/#respond"]}]},{"@type":"WebPage","@id":"https:\/\/qtmm.org\/qt\/emine-avamileva-hidirlez-2013-bayrami-pek-yuksek-seviyede-kecti\/","url":"https:\/\/qtmm.org\/qt\/emine-avamileva-hidirlez-2013-bayrami-pek-yuksek-seviyede-kecti\/","name":"Emine Avamileva: \u00abH\u0131d\u0131rlez-2013\u00bb bayram\u0131 pek y\u00fcksek seviyede ke\u00e7ti\u00bb - \u041c\u0435\u0434\u0436\u043b\u0456\u0441","isPartOf":{"@id":"https:\/\/qtmm.org\/qt\/#website"},"primaryImageOfPage":{"@id":"https:\/\/qtmm.org\/qt\/emine-avamileva-hidirlez-2013-bayrami-pek-yuksek-seviyede-kecti\/#primaryimage"},"image":{"@id":"https:\/\/qtmm.org\/qt\/emine-avamileva-hidirlez-2013-bayrami-pek-yuksek-seviyede-kecti\/#primaryimage"},"thumbnailUrl":"https:\/\/qtmm.org\/wp-content\/uploads\/2022\/01\/img_0573.jpeg","datePublished":"2013-05-08T19:54:00+00:00","dateModified":"2022-01-23T19:56:07+00:00","breadcrumb":{"@id":"https:\/\/qtmm.org\/qt\/emine-avamileva-hidirlez-2013-bayrami-pek-yuksek-seviyede-kecti\/#breadcrumb"},"inLanguage":"qt","potentialAction":[{"@type":"ReadAction","target":["https:\/\/qtmm.org\/qt\/emine-avamileva-hidirlez-2013-bayrami-pek-yuksek-seviyede-kecti\/"]}]},{"@type":"ImageObject","inLanguage":"qt","@id":"https:\/\/qtmm.org\/qt\/emine-avamileva-hidirlez-2013-bayrami-pek-yuksek-seviyede-kecti\/#primaryimage","url":"https:\/\/qtmm.org\/wp-content\/uploads\/2022\/01\/img_0573.jpeg","contentUrl":"https:\/\/qtmm.org\/wp-content\/uploads\/2022\/01\/img_0573.jpeg","width":700,"height":525},{"@type":"BreadcrumbList","@id":"https:\/\/qtmm.org\/qt\/emine-avamileva-hidirlez-2013-bayrami-pek-yuksek-seviyede-kecti\/#breadcrumb","itemListElement":[{"@type":"ListItem","position":1,"name":"\u0413\u043e\u043b\u043e\u0432\u043d\u0430","item":"https:\/\/qtmm.org\/qt\/"},{"@type":"ListItem","position":2,"name":"Emine Avamileva: \u00abH\u0131d\u0131rlez-2013\u00bb bayram\u0131 pek y\u00fcksek seviyede ke\u00e7ti\u00bb"}]},{"@type":"WebSite","@id":"https:\/\/qtmm.org\/qt\/#website","url":"https:\/\/qtmm.org\/qt\/","name":"\u041c\u0435\u0434\u0436\u043b\u0456\u0441","description":"","publisher":{"@id":"https:\/\/qtmm.org\/qt\/#organization"},"potentialAction":[{"@type":"SearchAction","target":{"@type":"EntryPoint","urlTemplate":"https:\/\/qtmm.org\/qt\/?s={search_term_string}"},"query-input":{"@type":"PropertyValueSpecification","valueRequired":true,"valueName":"search_term_string"}}],"inLanguage":"qt"},{"@type":"Organization","@id":"https:\/\/qtmm.org\/qt\/#organization","name":"\u041c\u0435\u0434\u0436\u043b\u0456\u0441","url":"https:\/\/qtmm.org\/qt\/","logo":{"@type":"ImageObject","inLanguage":"qt","@id":"https:\/\/qtmm.org\/qt\/#\/schema\/logo\/image\/","url":"https:\/\/qtmm.org\/wp-content\/uploads\/2024\/12\/ua-mejlis-logo-rgb.svg","contentUrl":"https:\/\/qtmm.org\/wp-content\/uploads\/2024\/12\/ua-mejlis-logo-rgb.svg","caption":"\u041c\u0435\u0434\u0436\u043b\u0456\u0441"},"image":{"@id":"https:\/\/qtmm.org\/qt\/#\/schema\/logo\/image\/"},"sameAs":["https:\/\/www.facebook.com\/qtmm.info\/"]},{"@type":"Person","@id":"https:\/\/qtmm.org\/qt\/#\/schema\/person\/de562469f971dec226ac06e60bbf74a7","name":"Developer","image":{"@type":"ImageObject","inLanguage":"qt","@id":"https:\/\/secure.gravatar.com\/avatar\/392b4cc8fbfeb00b39dfeeab4ee6edded39ffd48e25858637e4765810300227e?s=96&d=mm&r=g","url":"https:\/\/secure.gravatar.com\/avatar\/392b4cc8fbfeb00b39dfeeab4ee6edded39ffd48e25858637e4765810300227e?s=96&d=mm&r=g","contentUrl":"https:\/\/secure.gravatar.com\/avatar\/392b4cc8fbfeb00b39dfeeab4ee6edded39ffd48e25858637e4765810300227e?s=96&d=mm&r=g","caption":"Developer"},"url":"https:\/\/qtmm.org\/qt\/author\/Developer\/"}]}},"_links":{"self":[{"href":"https:\/\/qtmm.org\/qt\/wp-json\/wp\/v2\/posts\/37100","targetHints":{"allow":["GET"]}}],"collection":[{"href":"https:\/\/qtmm.org\/qt\/wp-json\/wp\/v2\/posts"}],"about":[{"href":"https:\/\/qtmm.org\/qt\/wp-json\/wp\/v2\/types\/post"}],"author":[{"embeddable":true,"href":"https:\/\/qtmm.org\/qt\/wp-json\/wp\/v2\/users\/1"}],"replies":[{"embeddable":true,"href":"https:\/\/qtmm.org\/qt\/wp-json\/wp\/v2\/comments?post=37100"}],"version-history":[{"count":1,"href":"https:\/\/qtmm.org\/qt\/wp-json\/wp\/v2\/posts\/37100\/revisions"}],"predecessor-version":[{"id":37109,"href":"https:\/\/qtmm.org\/qt\/wp-json\/wp\/v2\/posts\/37100\/revisions\/37109"}],"wp:featuredmedia":[{"embeddable":true,"href":"https:\/\/qtmm.org\/qt\/wp-json\/wp\/v2\/media\/37101"}],"wp:attachment":[{"href":"https:\/\/qtmm.org\/qt\/wp-json\/wp\/v2\/media?parent=37100"}],"wp:term":[{"taxonomy":"category","embeddable":true,"href":"https:\/\/qtmm.org\/qt\/wp-json\/wp\/v2\/categories?post=37100"},{"taxonomy":"post_tag","embeddable":true,"href":"https:\/\/qtmm.org\/qt\/wp-json\/wp\/v2\/tags?post=37100"}],"curies":[{"name":"wp","href":"https:\/\/api.w.org\/{rel}","templated":true}]}}