




{"id":37098,"date":"2013-05-07T22:53:00","date_gmt":"2013-05-07T19:53:00","guid":{"rendered":"http:\/\/qtmm.org\/?p=37098"},"modified":"2022-01-23T22:54:25","modified_gmt":"2022-01-23T19:54:25","slug":"hidirlez-2013-butun-qirim-ve-onin-tisindan-kelgen-35-bin-insanni-topladi","status":"publish","type":"post","link":"https:\/\/qtmm.org\/qt\/hidirlez-2013-butun-qirim-ve-onin-tisindan-kelgen-35-bin-insanni-topladi\/","title":{"rendered":"H\u0131d\u0131rlez-2013 b\u00fct\u00fcn Q\u0131r\u0131m ve on\u0131\u00f1 t\u0131\u015f\u0131ndan kelgen 35 bi\u00f1 insann\u0131 toplad\u0131"},"content":{"rendered":"\n<p>2013 senesi may\u0131s 6 k\u00fcn\u00fc Aqmescit &#8211; Ba\u011f\u00e7asaray yolun\u0131\u00f1 25-nci kilometrinde &#8220;\u015eeherezada&#8221; medeniy \u2013 eglence merkezini\u00f1 keni\u015f meydan\u0131nda Q\u0131r\u0131mtatar halq\u0131 Meclisi ve Bag\u00e7asaray rayon devlet memuriyetini\u00f1 qoltutuv\u0131nda q\u0131r\u0131mtatar milliy H\u0131d\u0131rlez bayram\u0131 \u015fe\u00f1 ve tantanal\u0131 s\u00fcrette ke\u00e7irildi.<\/p>\n\n\n\n<p>B\u00fct\u00fcnq\u0131r\u0131m bayram\u0131na Q\u0131r\u0131mn\u0131\u00f1 bir \u00e7oq regionlar\u0131ndan ve Ukrainan\u0131\u00f1 .\u015feerlerinden musafirler keldi. Er yerde q\u0131r\u0131mtatar milliy urbalarn\u0131, eski adetlerimizge k\u00f6re donat\u0131l\u011fan k\u00f6\u015felerni k\u00f6rmek ve qoqul\u0131 qave i\u00e7mek m\u00fcmk\u00fcn edi. Bayramda halq sanat\u0131 i\u015fleri sat\u0131ld\u0131, k\u00fcre\u015f, \u015fahmat, \u015fa\u015fka ve armresling boyunca yar\u0131\u015flar\u0131 ke\u00e7irildi, at qo\u015fular\u0131 old\u0131. Q\u0131r\u0131mtatar milliy yemek ustalar\u0131 ise lezetli a\u015flarnen s\u0131ylad\u0131lar.<\/p>\n\n\n\n<p>B\u00fcy\u00fck sanada &#8220;Cemile&#8221;, &#8220;G\u00fcldeste&#8221;, &#8220;Aqyar&#8221; bala ansamblleri, &#8220;\u0130lham&#8221; avesk\u00e2r ansambli, &#8220;Bah\u00e7isaray&#8221; \u00e7al\u011f\u0131-vokal taq\u0131m\u0131, &#8220;Haytarma&#8221; ve diger ansambller \u00e7\u0131q\u0131\u015fta bulund\u0131lar.<\/p>\n\n\n\n<p>Q\u0131r\u0131mtatarlarn\u0131\u00f1 urf-adetleri boyunca bayramn\u0131\u00f1 ba\u015f\u0131nda meydanda bulun\u011fanlar Q\u0131r\u0131m musulmanlar\u0131n\u0131\u00f1 m\u00fcftisi ac\u0131 Emirali Ablayev ile birlikte dua oqup, Y\u00fcce Rabbige \u015f\u00fck\u00fcrler aytt\u0131 ve Q\u0131r\u0131mn\u0131\u00f1 ilerilemesi i\u00e7\u00fcn yalvard\u0131lar.<\/p>\n\n\n\n<p>Ba\u011f\u00e7asaray rayon devlet memuriyetini\u00f1 reisi \u0130lmiy \u00dcmerov bayramn\u0131 te\u015fkil etmege yard\u0131mda bulun\u011fanlarn\u0131\u00f1 episine te\u015fekk\u00fcrler bildirip, musafirlerge bayramn\u0131 \u015fe\u00f1 ke\u00e7irmekni tiledi. Bundan so\u00f1 k\u00f6kke bar\u0131\u015f\u0131ql\u0131q ve bolluq temsili ol\u011fan 100 g\u00f6gercin u\u00e7ur\u0131ld\u0131.<\/p>\n\n\n\n<p>&#8220;Aziz semetde\u015fler ve dostlar! Eki aftadan so\u00f1 may\u0131s 18 k\u00fcn\u00fc Q\u0131r\u0131mda q\u0131r\u0131mtatar halq\u0131 tarih\u0131nda e\u00f1 b\u00fcy\u00fck facia \u2013 s\u00fcrg\u00fcnlikni\u00f1 69 y\u0131ll\u0131\u011f\u0131na ba\u011f\u0131\u015flan\u011fan matem tedbirleri ke\u00e7irilecek, &#8211; dep ba\u015flad\u0131 \u00f6z \u00e7\u0131q\u0131\u015f\u0131n\u0131 Meclis reisi Mustafa Cemilev. \u2013 O k\u00fcn\u00fc Q\u0131r\u0131mn\u0131\u00f1 b\u00fct\u00fcn yerlerinde mitingler olacaq, e\u00f1 b\u00fcy\u00fcgi \u2013 B\u00fct\u00fcnq\u0131r\u0131m matem mitingi Aqmescitni\u00f1 merkeziy meydan\u0131nda \u00f6tkerilecek.<\/p>\n\n\n\n<p>Bizim borcum\u0131z \u2013 birligimiz ve irademizni k\u00f6sterip, q\u0131r\u0131mtatar halq\u0131 soyq\u0131r\u0131m\u0131 qurbanlar\u0131n\u0131\u00f1 hat\u0131ras\u0131n\u0131 a\u00f1maq, haqlar\u0131m\u0131zn\u0131\u00f1 tiklenilmesini talap etmektir. L\u00e2kin bug\u00fcn merhamet ve uyanuv temsili ol\u011fan H\u0131d\u0131rlez bayram\u0131d\u0131r. H\u0131d\u0131rlezn\u0131\u00f1 tam\u0131rlar\u0131 halq\u0131m\u0131zn\u0131\u00f1 qadimiy tarih\u0131na bar\u0131p toquna,as\u0131rlar devam\u0131nda bu k\u00fcn birlik ve dostluq bayram\u0131 olaraq qayd etilip kelindi. Bun\u0131 du\u015fmanlar\u0131m\u0131z da a\u00f1laylar ve \u015fun\u0131\u00f1 i\u00e7\u00fcn de halq\u0131m\u0131zn\u0131 par\u00e7alamaq niyetindeler. Cumhuriyet akimiyeti bayramn\u0131 may\u0131s 6-da ke\u00e7irmege istemeyip, ba\u015fqa k\u00fcnge ke\u00e7irgeni bun\u0131\u00f1 isbat\u0131d\u0131r&#8221;<\/p>\n\n\n\n<p>Meclis reisi Mustafa Cemilev bayram i\u015ftirak\u00e7ilerini samimiy hay\u0131rlap, er bir ailege qaviy sa\u011fl\u0131q ve bolluq tiledi. \u00c7\u0131q\u0131\u015ftan so\u00f1 bayramn\u0131\u00f1 yara\u015f\u0131\u011f\u0131 \u2013 qalaqay t\u0131\u011f\u0131rtuv merasimi old\u0131. Bu \u015ferefli vazifeni Meclis reisine i\u015fand\u0131lar. Milliy \u00f6rneklernen bezetilgen qalaqay o\u00f1 taraf\u0131nen t\u00fc\u015fti, demek 2013 senesi er kes i\u00e7\u00fcn bereketli ve hay\u0131rl\u0131 olacaq.<\/p>\n\n\n\n<p>Bayramn\u0131\u00f1 resmiy q\u0131sm\u0131ndan so\u00f1 istidatl\u0131 artistler Seytabla Memetov, Edip Asanov, Rustem Memetov, Afize Kasara, &#8220;Hayat&#8221; gruppas\u0131, QMPU studentleri \u00f6z y\u0131rlar\u0131nen sevindirdiler. Bun\u0131\u00f1 kibi de milliy libaslar modas\u0131 numay\u0131\u015f etildi.<\/p>\n\n\n\n<p>Milliy k\u00fcre\u015f yar\u0131\u015f\u0131nda ye\u00f1gen Timur Prim\u015foyev qo\u00e7qar ald\u0131.<\/p>\n\n\n\n<p>Bundan so\u00f1 sana\u011fa mahsus bayram\u011fa davet etilgen Ukraina halq artisti Femiy Mustafayev, gitarac\u0131 Enver \u0130zmaylov ve caz y\u0131rc\u0131 Camala bayram i\u015ftirak\u00e7ileri ne unut\u0131lmaz teessuratlar ba\u011f\u0131\u015flad\u0131lar.<\/p>\n","protected":false},"excerpt":{"rendered":"<p>2013 senesi may\u0131s 6 k\u00fcn\u00fc Aqmescit &#8211; Ba\u011f\u00e7asaray yolun\u0131\u00f1 25-nci kilometrinde &#8220;\u015eeherezada&#8221; medeniy \u2013 eglence merkezini\u00f1 keni\u015f meydan\u0131nda Q\u0131r\u0131mtatar halq\u0131 Meclisi ve Bag\u00e7asaray rayon devlet memuriyetini\u00f1 qoltutuv\u0131nda q\u0131r\u0131mtatar milliy H\u0131d\u0131rlez bayram\u0131 \u015fe\u00f1 ve tantanal\u0131 s\u00fcrette ke\u00e7irildi. B\u00fct\u00fcnq\u0131r\u0131m bayram\u0131na Q\u0131r\u0131mn\u0131\u00f1 bir \u00e7oq regionlar\u0131ndan ve Ukrainan\u0131\u00f1 .\u015feerlerinden musafirler keldi. Er yerde q\u0131r\u0131mtatar milliy urbalarn\u0131, eski adetlerimizge k\u00f6re [&hellip;]<\/p>\n","protected":false},"author":1,"featured_media":0,"comment_status":"open","ping_status":"open","sticky":false,"template":"","format":"standard","meta":{"inline_featured_image":false,"footnotes":""},"categories":[265],"tags":[],"class_list":["post-37098","post","type-post","status-publish","format-standard","hentry","category-haberler"],"acf":[],"yoast_head":"<!-- This site is optimized with the Yoast SEO plugin v27.4 - https:\/\/yoast.com\/product\/yoast-seo-wordpress\/ -->\n<title>H\u0131d\u0131rlez-2013 b\u00fct\u00fcn Q\u0131r\u0131m ve on\u0131\u00f1 t\u0131\u015f\u0131ndan kelgen 35 bi\u00f1 insann\u0131 toplad\u0131 - \u041c\u0435\u0434\u0436\u043b\u0456\u0441<\/title>\n<meta name=\"robots\" content=\"index, follow, max-snippet:-1, max-image-preview:large, max-video-preview:-1\" \/>\n<link rel=\"canonical\" href=\"https:\/\/qtmm.org\/qt\/hidirlez-2013-butun-qirim-ve-onin-tisindan-kelgen-35-bin-insanni-topladi\/\" \/>\n<meta property=\"og:locale\" content=\"en_US\" \/>\n<meta property=\"og:type\" content=\"article\" \/>\n<meta property=\"og:title\" content=\"H\u0131d\u0131rlez-2013 b\u00fct\u00fcn Q\u0131r\u0131m ve on\u0131\u00f1 t\u0131\u015f\u0131ndan kelgen 35 bi\u00f1 insann\u0131 toplad\u0131 - \u041c\u0435\u0434\u0436\u043b\u0456\u0441\" \/>\n<meta property=\"og:description\" content=\"2013 senesi may\u0131s 6 k\u00fcn\u00fc Aqmescit &#8211; Ba\u011f\u00e7asaray yolun\u0131\u00f1 25-nci kilometrinde &#8220;\u015eeherezada&#8221; medeniy \u2013 eglence merkezini\u00f1 keni\u015f meydan\u0131nda Q\u0131r\u0131mtatar halq\u0131 Meclisi ve Bag\u00e7asaray rayon devlet memuriyetini\u00f1 qoltutuv\u0131nda q\u0131r\u0131mtatar milliy H\u0131d\u0131rlez bayram\u0131 \u015fe\u00f1 ve tantanal\u0131 s\u00fcrette ke\u00e7irildi. B\u00fct\u00fcnq\u0131r\u0131m bayram\u0131na Q\u0131r\u0131mn\u0131\u00f1 bir \u00e7oq regionlar\u0131ndan ve Ukrainan\u0131\u00f1 .\u015feerlerinden musafirler keldi. Er yerde q\u0131r\u0131mtatar milliy urbalarn\u0131, eski adetlerimizge k\u00f6re [&hellip;]\" \/>\n<meta property=\"og:url\" content=\"https:\/\/qtmm.org\/qt\/hidirlez-2013-butun-qirim-ve-onin-tisindan-kelgen-35-bin-insanni-topladi\/\" \/>\n<meta property=\"og:site_name\" content=\"\u041c\u0435\u0434\u0436\u043b\u0456\u0441\" \/>\n<meta property=\"article:publisher\" content=\"https:\/\/www.facebook.com\/qtmm.info\/\" \/>\n<meta property=\"article:published_time\" content=\"2013-05-07T19:53:00+00:00\" \/>\n<meta property=\"article:modified_time\" content=\"2022-01-23T19:54:25+00:00\" \/>\n<meta name=\"author\" content=\"Developer\" \/>\n<meta name=\"twitter:card\" content=\"summary_large_image\" \/>\n<meta name=\"twitter:label1\" content=\"Written by\" \/>\n\t<meta name=\"twitter:data1\" content=\"Developer\" \/>\n\t<meta name=\"twitter:label2\" content=\"Est. reading time\" \/>\n\t<meta name=\"twitter:data2\" content=\"3 minutes\" \/>\n<script type=\"application\/ld+json\" class=\"yoast-schema-graph\">{\"@context\":\"https:\\\/\\\/schema.org\",\"@graph\":[{\"@type\":\"Article\",\"@id\":\"https:\\\/\\\/qtmm.org\\\/qt\\\/hidirlez-2013-butun-qirim-ve-onin-tisindan-kelgen-35-bin-insanni-topladi\\\/#article\",\"isPartOf\":{\"@id\":\"https:\\\/\\\/qtmm.org\\\/qt\\\/hidirlez-2013-butun-qirim-ve-onin-tisindan-kelgen-35-bin-insanni-topladi\\\/\"},\"author\":{\"name\":\"Developer\",\"@id\":\"https:\\\/\\\/qtmm.org\\\/qt\\\/#\\\/schema\\\/person\\\/de562469f971dec226ac06e60bbf74a7\"},\"headline\":\"H\u0131d\u0131rlez-2013 b\u00fct\u00fcn Q\u0131r\u0131m ve on\u0131\u00f1 t\u0131\u015f\u0131ndan kelgen 35 bi\u00f1 insann\u0131 toplad\u0131\",\"datePublished\":\"2013-05-07T19:53:00+00:00\",\"dateModified\":\"2022-01-23T19:54:25+00:00\",\"mainEntityOfPage\":{\"@id\":\"https:\\\/\\\/qtmm.org\\\/qt\\\/hidirlez-2013-butun-qirim-ve-onin-tisindan-kelgen-35-bin-insanni-topladi\\\/\"},\"wordCount\":585,\"commentCount\":0,\"publisher\":{\"@id\":\"https:\\\/\\\/qtmm.org\\\/qt\\\/#organization\"},\"articleSection\":[\"Haberler\"],\"inLanguage\":\"qt\",\"potentialAction\":[{\"@type\":\"CommentAction\",\"name\":\"Comment\",\"target\":[\"https:\\\/\\\/qtmm.org\\\/qt\\\/hidirlez-2013-butun-qirim-ve-onin-tisindan-kelgen-35-bin-insanni-topladi\\\/#respond\"]}]},{\"@type\":\"WebPage\",\"@id\":\"https:\\\/\\\/qtmm.org\\\/qt\\\/hidirlez-2013-butun-qirim-ve-onin-tisindan-kelgen-35-bin-insanni-topladi\\\/\",\"url\":\"https:\\\/\\\/qtmm.org\\\/qt\\\/hidirlez-2013-butun-qirim-ve-onin-tisindan-kelgen-35-bin-insanni-topladi\\\/\",\"name\":\"H\u0131d\u0131rlez-2013 b\u00fct\u00fcn Q\u0131r\u0131m ve on\u0131\u00f1 t\u0131\u015f\u0131ndan kelgen 35 bi\u00f1 insann\u0131 toplad\u0131 - \u041c\u0435\u0434\u0436\u043b\u0456\u0441\",\"isPartOf\":{\"@id\":\"https:\\\/\\\/qtmm.org\\\/qt\\\/#website\"},\"datePublished\":\"2013-05-07T19:53:00+00:00\",\"dateModified\":\"2022-01-23T19:54:25+00:00\",\"breadcrumb\":{\"@id\":\"https:\\\/\\\/qtmm.org\\\/qt\\\/hidirlez-2013-butun-qirim-ve-onin-tisindan-kelgen-35-bin-insanni-topladi\\\/#breadcrumb\"},\"inLanguage\":\"qt\",\"potentialAction\":[{\"@type\":\"ReadAction\",\"target\":[\"https:\\\/\\\/qtmm.org\\\/qt\\\/hidirlez-2013-butun-qirim-ve-onin-tisindan-kelgen-35-bin-insanni-topladi\\\/\"]}]},{\"@type\":\"BreadcrumbList\",\"@id\":\"https:\\\/\\\/qtmm.org\\\/qt\\\/hidirlez-2013-butun-qirim-ve-onin-tisindan-kelgen-35-bin-insanni-topladi\\\/#breadcrumb\",\"itemListElement\":[{\"@type\":\"ListItem\",\"position\":1,\"name\":\"\u0413\u043e\u043b\u043e\u0432\u043d\u0430\",\"item\":\"https:\\\/\\\/qtmm.org\\\/qt\\\/\"},{\"@type\":\"ListItem\",\"position\":2,\"name\":\"H\u0131d\u0131rlez-2013 b\u00fct\u00fcn Q\u0131r\u0131m ve on\u0131\u00f1 t\u0131\u015f\u0131ndan kelgen 35 bi\u00f1 insann\u0131 toplad\u0131\"}]},{\"@type\":\"WebSite\",\"@id\":\"https:\\\/\\\/qtmm.org\\\/qt\\\/#website\",\"url\":\"https:\\\/\\\/qtmm.org\\\/qt\\\/\",\"name\":\"\u041c\u0435\u0434\u0436\u043b\u0456\u0441\",\"description\":\"\",\"publisher\":{\"@id\":\"https:\\\/\\\/qtmm.org\\\/qt\\\/#organization\"},\"potentialAction\":[{\"@type\":\"SearchAction\",\"target\":{\"@type\":\"EntryPoint\",\"urlTemplate\":\"https:\\\/\\\/qtmm.org\\\/qt\\\/?s={search_term_string}\"},\"query-input\":{\"@type\":\"PropertyValueSpecification\",\"valueRequired\":true,\"valueName\":\"search_term_string\"}}],\"inLanguage\":\"qt\"},{\"@type\":\"Organization\",\"@id\":\"https:\\\/\\\/qtmm.org\\\/qt\\\/#organization\",\"name\":\"\u041c\u0435\u0434\u0436\u043b\u0456\u0441\",\"url\":\"https:\\\/\\\/qtmm.org\\\/qt\\\/\",\"logo\":{\"@type\":\"ImageObject\",\"inLanguage\":\"qt\",\"@id\":\"https:\\\/\\\/qtmm.org\\\/qt\\\/#\\\/schema\\\/logo\\\/image\\\/\",\"url\":\"https:\\\/\\\/qtmm.org\\\/wp-content\\\/uploads\\\/2024\\\/12\\\/ua-mejlis-logo-rgb.svg\",\"contentUrl\":\"https:\\\/\\\/qtmm.org\\\/wp-content\\\/uploads\\\/2024\\\/12\\\/ua-mejlis-logo-rgb.svg\",\"caption\":\"\u041c\u0435\u0434\u0436\u043b\u0456\u0441\"},\"image\":{\"@id\":\"https:\\\/\\\/qtmm.org\\\/qt\\\/#\\\/schema\\\/logo\\\/image\\\/\"},\"sameAs\":[\"https:\\\/\\\/www.facebook.com\\\/qtmm.info\\\/\"]},{\"@type\":\"Person\",\"@id\":\"https:\\\/\\\/qtmm.org\\\/qt\\\/#\\\/schema\\\/person\\\/de562469f971dec226ac06e60bbf74a7\",\"name\":\"Developer\",\"image\":{\"@type\":\"ImageObject\",\"inLanguage\":\"qt\",\"@id\":\"https:\\\/\\\/secure.gravatar.com\\\/avatar\\\/392b4cc8fbfeb00b39dfeeab4ee6edded39ffd48e25858637e4765810300227e?s=96&d=mm&r=g\",\"url\":\"https:\\\/\\\/secure.gravatar.com\\\/avatar\\\/392b4cc8fbfeb00b39dfeeab4ee6edded39ffd48e25858637e4765810300227e?s=96&d=mm&r=g\",\"contentUrl\":\"https:\\\/\\\/secure.gravatar.com\\\/avatar\\\/392b4cc8fbfeb00b39dfeeab4ee6edded39ffd48e25858637e4765810300227e?s=96&d=mm&r=g\",\"caption\":\"Developer\"},\"url\":\"https:\\\/\\\/qtmm.org\\\/qt\\\/author\\\/Developer\\\/\"}]}<\/script>\n<!-- \/ Yoast SEO plugin. -->","yoast_head_json":{"title":"H\u0131d\u0131rlez-2013 b\u00fct\u00fcn Q\u0131r\u0131m ve on\u0131\u00f1 t\u0131\u015f\u0131ndan kelgen 35 bi\u00f1 insann\u0131 toplad\u0131 - \u041c\u0435\u0434\u0436\u043b\u0456\u0441","robots":{"index":"index","follow":"follow","max-snippet":"max-snippet:-1","max-image-preview":"max-image-preview:large","max-video-preview":"max-video-preview:-1"},"canonical":"https:\/\/qtmm.org\/qt\/hidirlez-2013-butun-qirim-ve-onin-tisindan-kelgen-35-bin-insanni-topladi\/","og_locale":"en_US","og_type":"article","og_title":"H\u0131d\u0131rlez-2013 b\u00fct\u00fcn Q\u0131r\u0131m ve on\u0131\u00f1 t\u0131\u015f\u0131ndan kelgen 35 bi\u00f1 insann\u0131 toplad\u0131 - \u041c\u0435\u0434\u0436\u043b\u0456\u0441","og_description":"2013 senesi may\u0131s 6 k\u00fcn\u00fc Aqmescit &#8211; Ba\u011f\u00e7asaray yolun\u0131\u00f1 25-nci kilometrinde &#8220;\u015eeherezada&#8221; medeniy \u2013 eglence merkezini\u00f1 keni\u015f meydan\u0131nda Q\u0131r\u0131mtatar halq\u0131 Meclisi ve Bag\u00e7asaray rayon devlet memuriyetini\u00f1 qoltutuv\u0131nda q\u0131r\u0131mtatar milliy H\u0131d\u0131rlez bayram\u0131 \u015fe\u00f1 ve tantanal\u0131 s\u00fcrette ke\u00e7irildi. B\u00fct\u00fcnq\u0131r\u0131m bayram\u0131na Q\u0131r\u0131mn\u0131\u00f1 bir \u00e7oq regionlar\u0131ndan ve Ukrainan\u0131\u00f1 .\u015feerlerinden musafirler keldi. Er yerde q\u0131r\u0131mtatar milliy urbalarn\u0131, eski adetlerimizge k\u00f6re [&hellip;]","og_url":"https:\/\/qtmm.org\/qt\/hidirlez-2013-butun-qirim-ve-onin-tisindan-kelgen-35-bin-insanni-topladi\/","og_site_name":"\u041c\u0435\u0434\u0436\u043b\u0456\u0441","article_publisher":"https:\/\/www.facebook.com\/qtmm.info\/","article_published_time":"2013-05-07T19:53:00+00:00","article_modified_time":"2022-01-23T19:54:25+00:00","author":"Developer","twitter_card":"summary_large_image","twitter_misc":{"Written by":"Developer","Est. reading time":"3 minutes"},"schema":{"@context":"https:\/\/schema.org","@graph":[{"@type":"Article","@id":"https:\/\/qtmm.org\/qt\/hidirlez-2013-butun-qirim-ve-onin-tisindan-kelgen-35-bin-insanni-topladi\/#article","isPartOf":{"@id":"https:\/\/qtmm.org\/qt\/hidirlez-2013-butun-qirim-ve-onin-tisindan-kelgen-35-bin-insanni-topladi\/"},"author":{"name":"Developer","@id":"https:\/\/qtmm.org\/qt\/#\/schema\/person\/de562469f971dec226ac06e60bbf74a7"},"headline":"H\u0131d\u0131rlez-2013 b\u00fct\u00fcn Q\u0131r\u0131m ve on\u0131\u00f1 t\u0131\u015f\u0131ndan kelgen 35 bi\u00f1 insann\u0131 toplad\u0131","datePublished":"2013-05-07T19:53:00+00:00","dateModified":"2022-01-23T19:54:25+00:00","mainEntityOfPage":{"@id":"https:\/\/qtmm.org\/qt\/hidirlez-2013-butun-qirim-ve-onin-tisindan-kelgen-35-bin-insanni-topladi\/"},"wordCount":585,"commentCount":0,"publisher":{"@id":"https:\/\/qtmm.org\/qt\/#organization"},"articleSection":["Haberler"],"inLanguage":"qt","potentialAction":[{"@type":"CommentAction","name":"Comment","target":["https:\/\/qtmm.org\/qt\/hidirlez-2013-butun-qirim-ve-onin-tisindan-kelgen-35-bin-insanni-topladi\/#respond"]}]},{"@type":"WebPage","@id":"https:\/\/qtmm.org\/qt\/hidirlez-2013-butun-qirim-ve-onin-tisindan-kelgen-35-bin-insanni-topladi\/","url":"https:\/\/qtmm.org\/qt\/hidirlez-2013-butun-qirim-ve-onin-tisindan-kelgen-35-bin-insanni-topladi\/","name":"H\u0131d\u0131rlez-2013 b\u00fct\u00fcn Q\u0131r\u0131m ve on\u0131\u00f1 t\u0131\u015f\u0131ndan kelgen 35 bi\u00f1 insann\u0131 toplad\u0131 - \u041c\u0435\u0434\u0436\u043b\u0456\u0441","isPartOf":{"@id":"https:\/\/qtmm.org\/qt\/#website"},"datePublished":"2013-05-07T19:53:00+00:00","dateModified":"2022-01-23T19:54:25+00:00","breadcrumb":{"@id":"https:\/\/qtmm.org\/qt\/hidirlez-2013-butun-qirim-ve-onin-tisindan-kelgen-35-bin-insanni-topladi\/#breadcrumb"},"inLanguage":"qt","potentialAction":[{"@type":"ReadAction","target":["https:\/\/qtmm.org\/qt\/hidirlez-2013-butun-qirim-ve-onin-tisindan-kelgen-35-bin-insanni-topladi\/"]}]},{"@type":"BreadcrumbList","@id":"https:\/\/qtmm.org\/qt\/hidirlez-2013-butun-qirim-ve-onin-tisindan-kelgen-35-bin-insanni-topladi\/#breadcrumb","itemListElement":[{"@type":"ListItem","position":1,"name":"\u0413\u043e\u043b\u043e\u0432\u043d\u0430","item":"https:\/\/qtmm.org\/qt\/"},{"@type":"ListItem","position":2,"name":"H\u0131d\u0131rlez-2013 b\u00fct\u00fcn Q\u0131r\u0131m ve on\u0131\u00f1 t\u0131\u015f\u0131ndan kelgen 35 bi\u00f1 insann\u0131 toplad\u0131"}]},{"@type":"WebSite","@id":"https:\/\/qtmm.org\/qt\/#website","url":"https:\/\/qtmm.org\/qt\/","name":"\u041c\u0435\u0434\u0436\u043b\u0456\u0441","description":"","publisher":{"@id":"https:\/\/qtmm.org\/qt\/#organization"},"potentialAction":[{"@type":"SearchAction","target":{"@type":"EntryPoint","urlTemplate":"https:\/\/qtmm.org\/qt\/?s={search_term_string}"},"query-input":{"@type":"PropertyValueSpecification","valueRequired":true,"valueName":"search_term_string"}}],"inLanguage":"qt"},{"@type":"Organization","@id":"https:\/\/qtmm.org\/qt\/#organization","name":"\u041c\u0435\u0434\u0436\u043b\u0456\u0441","url":"https:\/\/qtmm.org\/qt\/","logo":{"@type":"ImageObject","inLanguage":"qt","@id":"https:\/\/qtmm.org\/qt\/#\/schema\/logo\/image\/","url":"https:\/\/qtmm.org\/wp-content\/uploads\/2024\/12\/ua-mejlis-logo-rgb.svg","contentUrl":"https:\/\/qtmm.org\/wp-content\/uploads\/2024\/12\/ua-mejlis-logo-rgb.svg","caption":"\u041c\u0435\u0434\u0436\u043b\u0456\u0441"},"image":{"@id":"https:\/\/qtmm.org\/qt\/#\/schema\/logo\/image\/"},"sameAs":["https:\/\/www.facebook.com\/qtmm.info\/"]},{"@type":"Person","@id":"https:\/\/qtmm.org\/qt\/#\/schema\/person\/de562469f971dec226ac06e60bbf74a7","name":"Developer","image":{"@type":"ImageObject","inLanguage":"qt","@id":"https:\/\/secure.gravatar.com\/avatar\/392b4cc8fbfeb00b39dfeeab4ee6edded39ffd48e25858637e4765810300227e?s=96&d=mm&r=g","url":"https:\/\/secure.gravatar.com\/avatar\/392b4cc8fbfeb00b39dfeeab4ee6edded39ffd48e25858637e4765810300227e?s=96&d=mm&r=g","contentUrl":"https:\/\/secure.gravatar.com\/avatar\/392b4cc8fbfeb00b39dfeeab4ee6edded39ffd48e25858637e4765810300227e?s=96&d=mm&r=g","caption":"Developer"},"url":"https:\/\/qtmm.org\/qt\/author\/Developer\/"}]}},"_links":{"self":[{"href":"https:\/\/qtmm.org\/qt\/wp-json\/wp\/v2\/posts\/37098","targetHints":{"allow":["GET"]}}],"collection":[{"href":"https:\/\/qtmm.org\/qt\/wp-json\/wp\/v2\/posts"}],"about":[{"href":"https:\/\/qtmm.org\/qt\/wp-json\/wp\/v2\/types\/post"}],"author":[{"embeddable":true,"href":"https:\/\/qtmm.org\/qt\/wp-json\/wp\/v2\/users\/1"}],"replies":[{"embeddable":true,"href":"https:\/\/qtmm.org\/qt\/wp-json\/wp\/v2\/comments?post=37098"}],"version-history":[{"count":1,"href":"https:\/\/qtmm.org\/qt\/wp-json\/wp\/v2\/posts\/37098\/revisions"}],"predecessor-version":[{"id":37099,"href":"https:\/\/qtmm.org\/qt\/wp-json\/wp\/v2\/posts\/37098\/revisions\/37099"}],"wp:attachment":[{"href":"https:\/\/qtmm.org\/qt\/wp-json\/wp\/v2\/media?parent=37098"}],"wp:term":[{"taxonomy":"category","embeddable":true,"href":"https:\/\/qtmm.org\/qt\/wp-json\/wp\/v2\/categories?post=37098"},{"taxonomy":"post_tag","embeddable":true,"href":"https:\/\/qtmm.org\/qt\/wp-json\/wp\/v2\/tags?post=37098"}],"curies":[{"name":"wp","href":"https:\/\/api.w.org\/{rel}","templated":true}]}}