




{"id":37096,"date":"2013-05-07T22:53:00","date_gmt":"2013-05-07T19:53:00","guid":{"rendered":"http:\/\/qtmm.org\/?p=37096"},"modified":"2022-01-23T22:53:43","modified_gmt":"2022-01-23T19:53:43","slug":"2013-senesi-mayis-11-kunu-er-yili-kecirilgen-catirdagga-koteriluv-aktsiyasi-olacaq","status":"publish","type":"post","link":"https:\/\/qtmm.org\/qt\/2013-senesi-mayis-11-kunu-er-yili-kecirilgen-catirdagga-koteriluv-aktsiyasi-olacaq\/","title":{"rendered":"2013 senesi may\u0131s 11 k\u00fcn\u00fc er y\u0131l\u0131 ke\u00e7irilgen \u00ab\u00c7at\u0131rda\u011f\u011fa k\u00f6teril\u00fcv\u00bb aktsiyas\u0131 olacaq"},"content":{"rendered":"\n<p>2013 senesi may\u0131s 11 k\u00fcn\u00fc soyq\u0131r\u0131m qurbanlar\u0131n\u0131\u00f1 hat\u0131ras\u0131n\u0131 a\u00f1ma matem tedbirleri \u00e7er\u00e7ivesinde &#8220;\u00c7at\u0131rda\u011f\u011fa k\u00f6teril\u00fcv&#8221; aktsiyas\u0131 olacaq.<\/p>\n\n\n\n<p>Q\u0131r\u0131m gen\u00e7leri Q\u0131r\u0131mn\u0131\u00f1 e\u00f1 y\u00fcksek da\u011flar\u0131n\u0131\u00f1 birisine k\u00f6terilip q\u0131r\u0131mtatar milliy bayra\u011f\u0131n\u0131 tiklep, milliy gimni y\u0131rlaycaq ve s\u00fcrg\u00fcnlikte \u00f6lgenlerni\u00f1 ruhuna dua oquycaqlar. Tedbirni\u00f1 te\u015fkil\u00e2t\u00e7\u0131lar\u0131 Q\u0131r\u0131mtatar halq\u0131n\u0131\u00f1 Meclisi, B\u00fct\u00fcnd\u00fcnya q\u0131r\u0131mtatarlar kongressi, K\u00fcre\u015f federatsiyas\u0131 ve bun\u0131\u00f1 kibi de Q\u0131r\u0131mn\u0131\u00f1 cemaat ve gen\u00e7ler te\u015fkil\u00e2tlar\u0131d\u0131r.<\/p>\n\n\n\n<p>\u015eun\u0131 da qayd etmeli ki, &#8220;\u00c7at\u0131rda\u011f\u011fa k\u00f6teril\u00fcv&#8221; aktsiyas\u0131 Q\u0131r\u0131m gen\u00e7leri 2010 senesinden ba\u015flap ke\u00e7irgen ananeviy tedbir ol\u0131p, onda 1944 senesi soyq\u0131r\u0131m qurbanlar\u0131n\u0131\u00f1 hat\u0131ras\u0131n\u0131 a\u00f1maq i\u00e7\u00fcn yar\u0131madan\u0131\u00f1 er yerlerinden gen\u00e7ler i\u015ftirak eteler. Tedbirde qararnen 2000-3000 adam i\u015ftirak etmesi beklenile.<\/p>\n\n\n\n<p><strong>Aktsiya i\u015ftirak\u00e7ileri&nbsp;<\/strong><strong>may\u0131s 11, cumaertesi kun. Saat 8.30-da An\u011fara ke\u00e7itinde toplan\u0131p, seferge saat 9-da \u00e7\u0131qacaqlar.<\/strong><br><br><strong>Aktsiyan\u0131\u00f1 koordinator\u0131: Asan EG\u0130ZOV<\/strong>&nbsp;&#8211; tel.:&nbsp;<a href=\"tel:%2B38%20063%20261%2048%2070\" target=\"_blank\" rel=\"noreferrer noopener\">+38 063 261 48 70<\/a>; &nbsp;&nbsp;<a href=\"mailto:asan.egiz@gmail.com\" target=\"_blank\" rel=\"noreferrer noopener\">asan.egiz@gmail.com<\/a><\/p>\n","protected":false},"excerpt":{"rendered":"<p>2013 senesi may\u0131s 11 k\u00fcn\u00fc soyq\u0131r\u0131m qurbanlar\u0131n\u0131\u00f1 hat\u0131ras\u0131n\u0131 a\u00f1ma matem tedbirleri \u00e7er\u00e7ivesinde &#8220;\u00c7at\u0131rda\u011f\u011fa k\u00f6teril\u00fcv&#8221; aktsiyas\u0131 olacaq. Q\u0131r\u0131m gen\u00e7leri Q\u0131r\u0131mn\u0131\u00f1 e\u00f1 y\u00fcksek da\u011flar\u0131n\u0131\u00f1 birisine k\u00f6terilip q\u0131r\u0131mtatar milliy bayra\u011f\u0131n\u0131 tiklep, milliy gimni y\u0131rlaycaq ve s\u00fcrg\u00fcnlikte \u00f6lgenlerni\u00f1 ruhuna dua oquycaqlar. Tedbirni\u00f1 te\u015fkil\u00e2t\u00e7\u0131lar\u0131 Q\u0131r\u0131mtatar halq\u0131n\u0131\u00f1 Meclisi, B\u00fct\u00fcnd\u00fcnya q\u0131r\u0131mtatarlar kongressi, K\u00fcre\u015f federatsiyas\u0131 ve bun\u0131\u00f1 kibi de Q\u0131r\u0131mn\u0131\u00f1 cemaat ve gen\u00e7ler [&hellip;]<\/p>\n","protected":false},"author":1,"featured_media":0,"comment_status":"open","ping_status":"open","sticky":false,"template":"","format":"standard","meta":{"inline_featured_image":false,"footnotes":""},"categories":[265],"tags":[],"class_list":["post-37096","post","type-post","status-publish","format-standard","hentry","category-haberler"],"acf":[],"yoast_head":"<!-- This site is optimized with the Yoast SEO plugin v27.4 - https:\/\/yoast.com\/product\/yoast-seo-wordpress\/ -->\n<title>2013 senesi may\u0131s 11 k\u00fcn\u00fc er y\u0131l\u0131 ke\u00e7irilgen \u00ab\u00c7at\u0131rda\u011f\u011fa k\u00f6teril\u00fcv\u00bb aktsiyas\u0131 olacaq - \u041c\u0435\u0434\u0436\u043b\u0456\u0441<\/title>\n<meta name=\"robots\" content=\"index, follow, max-snippet:-1, max-image-preview:large, max-video-preview:-1\" \/>\n<link rel=\"canonical\" href=\"https:\/\/qtmm.org\/qt\/2013-senesi-mayis-11-kunu-er-yili-kecirilgen-catirdagga-koteriluv-aktsiyasi-olacaq\/\" \/>\n<meta property=\"og:locale\" content=\"en_US\" \/>\n<meta property=\"og:type\" content=\"article\" \/>\n<meta property=\"og:title\" content=\"2013 senesi may\u0131s 11 k\u00fcn\u00fc er y\u0131l\u0131 ke\u00e7irilgen \u00ab\u00c7at\u0131rda\u011f\u011fa k\u00f6teril\u00fcv\u00bb aktsiyas\u0131 olacaq - \u041c\u0435\u0434\u0436\u043b\u0456\u0441\" \/>\n<meta property=\"og:description\" content=\"2013 senesi may\u0131s 11 k\u00fcn\u00fc soyq\u0131r\u0131m qurbanlar\u0131n\u0131\u00f1 hat\u0131ras\u0131n\u0131 a\u00f1ma matem tedbirleri \u00e7er\u00e7ivesinde &#8220;\u00c7at\u0131rda\u011f\u011fa k\u00f6teril\u00fcv&#8221; aktsiyas\u0131 olacaq. Q\u0131r\u0131m gen\u00e7leri Q\u0131r\u0131mn\u0131\u00f1 e\u00f1 y\u00fcksek da\u011flar\u0131n\u0131\u00f1 birisine k\u00f6terilip q\u0131r\u0131mtatar milliy bayra\u011f\u0131n\u0131 tiklep, milliy gimni y\u0131rlaycaq ve s\u00fcrg\u00fcnlikte \u00f6lgenlerni\u00f1 ruhuna dua oquycaqlar. Tedbirni\u00f1 te\u015fkil\u00e2t\u00e7\u0131lar\u0131 Q\u0131r\u0131mtatar halq\u0131n\u0131\u00f1 Meclisi, B\u00fct\u00fcnd\u00fcnya q\u0131r\u0131mtatarlar kongressi, K\u00fcre\u015f federatsiyas\u0131 ve bun\u0131\u00f1 kibi de Q\u0131r\u0131mn\u0131\u00f1 cemaat ve gen\u00e7ler [&hellip;]\" \/>\n<meta property=\"og:url\" content=\"https:\/\/qtmm.org\/qt\/2013-senesi-mayis-11-kunu-er-yili-kecirilgen-catirdagga-koteriluv-aktsiyasi-olacaq\/\" \/>\n<meta property=\"og:site_name\" content=\"\u041c\u0435\u0434\u0436\u043b\u0456\u0441\" \/>\n<meta property=\"article:publisher\" content=\"https:\/\/www.facebook.com\/qtmm.info\/\" \/>\n<meta property=\"article:published_time\" content=\"2013-05-07T19:53:00+00:00\" \/>\n<meta property=\"article:modified_time\" content=\"2022-01-23T19:53:43+00:00\" \/>\n<meta name=\"author\" content=\"Developer\" \/>\n<meta name=\"twitter:card\" content=\"summary_large_image\" \/>\n<meta name=\"twitter:label1\" content=\"Written by\" \/>\n\t<meta name=\"twitter:data1\" content=\"Developer\" \/>\n\t<meta name=\"twitter:label2\" content=\"Est. reading time\" \/>\n\t<meta name=\"twitter:data2\" content=\"1 minute\" \/>\n<script type=\"application\/ld+json\" class=\"yoast-schema-graph\">{\"@context\":\"https:\\\/\\\/schema.org\",\"@graph\":[{\"@type\":\"Article\",\"@id\":\"https:\\\/\\\/qtmm.org\\\/qt\\\/2013-senesi-mayis-11-kunu-er-yili-kecirilgen-catirdagga-koteriluv-aktsiyasi-olacaq\\\/#article\",\"isPartOf\":{\"@id\":\"https:\\\/\\\/qtmm.org\\\/qt\\\/2013-senesi-mayis-11-kunu-er-yili-kecirilgen-catirdagga-koteriluv-aktsiyasi-olacaq\\\/\"},\"author\":{\"name\":\"Developer\",\"@id\":\"https:\\\/\\\/qtmm.org\\\/qt\\\/#\\\/schema\\\/person\\\/de562469f971dec226ac06e60bbf74a7\"},\"headline\":\"2013 senesi may\u0131s 11 k\u00fcn\u00fc er y\u0131l\u0131 ke\u00e7irilgen \u00ab\u00c7at\u0131rda\u011f\u011fa k\u00f6teril\u00fcv\u00bb aktsiyas\u0131 olacaq\",\"datePublished\":\"2013-05-07T19:53:00+00:00\",\"dateModified\":\"2022-01-23T19:53:43+00:00\",\"mainEntityOfPage\":{\"@id\":\"https:\\\/\\\/qtmm.org\\\/qt\\\/2013-senesi-mayis-11-kunu-er-yili-kecirilgen-catirdagga-koteriluv-aktsiyasi-olacaq\\\/\"},\"wordCount\":212,\"commentCount\":0,\"publisher\":{\"@id\":\"https:\\\/\\\/qtmm.org\\\/qt\\\/#organization\"},\"articleSection\":[\"Haberler\"],\"inLanguage\":\"qt\",\"potentialAction\":[{\"@type\":\"CommentAction\",\"name\":\"Comment\",\"target\":[\"https:\\\/\\\/qtmm.org\\\/qt\\\/2013-senesi-mayis-11-kunu-er-yili-kecirilgen-catirdagga-koteriluv-aktsiyasi-olacaq\\\/#respond\"]}]},{\"@type\":\"WebPage\",\"@id\":\"https:\\\/\\\/qtmm.org\\\/qt\\\/2013-senesi-mayis-11-kunu-er-yili-kecirilgen-catirdagga-koteriluv-aktsiyasi-olacaq\\\/\",\"url\":\"https:\\\/\\\/qtmm.org\\\/qt\\\/2013-senesi-mayis-11-kunu-er-yili-kecirilgen-catirdagga-koteriluv-aktsiyasi-olacaq\\\/\",\"name\":\"2013 senesi may\u0131s 11 k\u00fcn\u00fc er y\u0131l\u0131 ke\u00e7irilgen \u00ab\u00c7at\u0131rda\u011f\u011fa k\u00f6teril\u00fcv\u00bb aktsiyas\u0131 olacaq - \u041c\u0435\u0434\u0436\u043b\u0456\u0441\",\"isPartOf\":{\"@id\":\"https:\\\/\\\/qtmm.org\\\/qt\\\/#website\"},\"datePublished\":\"2013-05-07T19:53:00+00:00\",\"dateModified\":\"2022-01-23T19:53:43+00:00\",\"breadcrumb\":{\"@id\":\"https:\\\/\\\/qtmm.org\\\/qt\\\/2013-senesi-mayis-11-kunu-er-yili-kecirilgen-catirdagga-koteriluv-aktsiyasi-olacaq\\\/#breadcrumb\"},\"inLanguage\":\"qt\",\"potentialAction\":[{\"@type\":\"ReadAction\",\"target\":[\"https:\\\/\\\/qtmm.org\\\/qt\\\/2013-senesi-mayis-11-kunu-er-yili-kecirilgen-catirdagga-koteriluv-aktsiyasi-olacaq\\\/\"]}]},{\"@type\":\"BreadcrumbList\",\"@id\":\"https:\\\/\\\/qtmm.org\\\/qt\\\/2013-senesi-mayis-11-kunu-er-yili-kecirilgen-catirdagga-koteriluv-aktsiyasi-olacaq\\\/#breadcrumb\",\"itemListElement\":[{\"@type\":\"ListItem\",\"position\":1,\"name\":\"\u0413\u043e\u043b\u043e\u0432\u043d\u0430\",\"item\":\"https:\\\/\\\/qtmm.org\\\/qt\\\/\"},{\"@type\":\"ListItem\",\"position\":2,\"name\":\"2013 senesi may\u0131s 11 k\u00fcn\u00fc er y\u0131l\u0131 ke\u00e7irilgen \u00ab\u00c7at\u0131rda\u011f\u011fa k\u00f6teril\u00fcv\u00bb aktsiyas\u0131 olacaq\"}]},{\"@type\":\"WebSite\",\"@id\":\"https:\\\/\\\/qtmm.org\\\/qt\\\/#website\",\"url\":\"https:\\\/\\\/qtmm.org\\\/qt\\\/\",\"name\":\"\u041c\u0435\u0434\u0436\u043b\u0456\u0441\",\"description\":\"\",\"publisher\":{\"@id\":\"https:\\\/\\\/qtmm.org\\\/qt\\\/#organization\"},\"potentialAction\":[{\"@type\":\"SearchAction\",\"target\":{\"@type\":\"EntryPoint\",\"urlTemplate\":\"https:\\\/\\\/qtmm.org\\\/qt\\\/?s={search_term_string}\"},\"query-input\":{\"@type\":\"PropertyValueSpecification\",\"valueRequired\":true,\"valueName\":\"search_term_string\"}}],\"inLanguage\":\"qt\"},{\"@type\":\"Organization\",\"@id\":\"https:\\\/\\\/qtmm.org\\\/qt\\\/#organization\",\"name\":\"\u041c\u0435\u0434\u0436\u043b\u0456\u0441\",\"url\":\"https:\\\/\\\/qtmm.org\\\/qt\\\/\",\"logo\":{\"@type\":\"ImageObject\",\"inLanguage\":\"qt\",\"@id\":\"https:\\\/\\\/qtmm.org\\\/qt\\\/#\\\/schema\\\/logo\\\/image\\\/\",\"url\":\"https:\\\/\\\/qtmm.org\\\/wp-content\\\/uploads\\\/2024\\\/12\\\/ua-mejlis-logo-rgb.svg\",\"contentUrl\":\"https:\\\/\\\/qtmm.org\\\/wp-content\\\/uploads\\\/2024\\\/12\\\/ua-mejlis-logo-rgb.svg\",\"caption\":\"\u041c\u0435\u0434\u0436\u043b\u0456\u0441\"},\"image\":{\"@id\":\"https:\\\/\\\/qtmm.org\\\/qt\\\/#\\\/schema\\\/logo\\\/image\\\/\"},\"sameAs\":[\"https:\\\/\\\/www.facebook.com\\\/qtmm.info\\\/\"]},{\"@type\":\"Person\",\"@id\":\"https:\\\/\\\/qtmm.org\\\/qt\\\/#\\\/schema\\\/person\\\/de562469f971dec226ac06e60bbf74a7\",\"name\":\"Developer\",\"image\":{\"@type\":\"ImageObject\",\"inLanguage\":\"qt\",\"@id\":\"https:\\\/\\\/secure.gravatar.com\\\/avatar\\\/392b4cc8fbfeb00b39dfeeab4ee6edded39ffd48e25858637e4765810300227e?s=96&d=mm&r=g\",\"url\":\"https:\\\/\\\/secure.gravatar.com\\\/avatar\\\/392b4cc8fbfeb00b39dfeeab4ee6edded39ffd48e25858637e4765810300227e?s=96&d=mm&r=g\",\"contentUrl\":\"https:\\\/\\\/secure.gravatar.com\\\/avatar\\\/392b4cc8fbfeb00b39dfeeab4ee6edded39ffd48e25858637e4765810300227e?s=96&d=mm&r=g\",\"caption\":\"Developer\"},\"url\":\"https:\\\/\\\/qtmm.org\\\/qt\\\/author\\\/Developer\\\/\"}]}<\/script>\n<!-- \/ Yoast SEO plugin. -->","yoast_head_json":{"title":"2013 senesi may\u0131s 11 k\u00fcn\u00fc er y\u0131l\u0131 ke\u00e7irilgen \u00ab\u00c7at\u0131rda\u011f\u011fa k\u00f6teril\u00fcv\u00bb aktsiyas\u0131 olacaq - \u041c\u0435\u0434\u0436\u043b\u0456\u0441","robots":{"index":"index","follow":"follow","max-snippet":"max-snippet:-1","max-image-preview":"max-image-preview:large","max-video-preview":"max-video-preview:-1"},"canonical":"https:\/\/qtmm.org\/qt\/2013-senesi-mayis-11-kunu-er-yili-kecirilgen-catirdagga-koteriluv-aktsiyasi-olacaq\/","og_locale":"en_US","og_type":"article","og_title":"2013 senesi may\u0131s 11 k\u00fcn\u00fc er y\u0131l\u0131 ke\u00e7irilgen \u00ab\u00c7at\u0131rda\u011f\u011fa k\u00f6teril\u00fcv\u00bb aktsiyas\u0131 olacaq - \u041c\u0435\u0434\u0436\u043b\u0456\u0441","og_description":"2013 senesi may\u0131s 11 k\u00fcn\u00fc soyq\u0131r\u0131m qurbanlar\u0131n\u0131\u00f1 hat\u0131ras\u0131n\u0131 a\u00f1ma matem tedbirleri \u00e7er\u00e7ivesinde &#8220;\u00c7at\u0131rda\u011f\u011fa k\u00f6teril\u00fcv&#8221; aktsiyas\u0131 olacaq. Q\u0131r\u0131m gen\u00e7leri Q\u0131r\u0131mn\u0131\u00f1 e\u00f1 y\u00fcksek da\u011flar\u0131n\u0131\u00f1 birisine k\u00f6terilip q\u0131r\u0131mtatar milliy bayra\u011f\u0131n\u0131 tiklep, milliy gimni y\u0131rlaycaq ve s\u00fcrg\u00fcnlikte \u00f6lgenlerni\u00f1 ruhuna dua oquycaqlar. Tedbirni\u00f1 te\u015fkil\u00e2t\u00e7\u0131lar\u0131 Q\u0131r\u0131mtatar halq\u0131n\u0131\u00f1 Meclisi, B\u00fct\u00fcnd\u00fcnya q\u0131r\u0131mtatarlar kongressi, K\u00fcre\u015f federatsiyas\u0131 ve bun\u0131\u00f1 kibi de Q\u0131r\u0131mn\u0131\u00f1 cemaat ve gen\u00e7ler [&hellip;]","og_url":"https:\/\/qtmm.org\/qt\/2013-senesi-mayis-11-kunu-er-yili-kecirilgen-catirdagga-koteriluv-aktsiyasi-olacaq\/","og_site_name":"\u041c\u0435\u0434\u0436\u043b\u0456\u0441","article_publisher":"https:\/\/www.facebook.com\/qtmm.info\/","article_published_time":"2013-05-07T19:53:00+00:00","article_modified_time":"2022-01-23T19:53:43+00:00","author":"Developer","twitter_card":"summary_large_image","twitter_misc":{"Written by":"Developer","Est. reading time":"1 minute"},"schema":{"@context":"https:\/\/schema.org","@graph":[{"@type":"Article","@id":"https:\/\/qtmm.org\/qt\/2013-senesi-mayis-11-kunu-er-yili-kecirilgen-catirdagga-koteriluv-aktsiyasi-olacaq\/#article","isPartOf":{"@id":"https:\/\/qtmm.org\/qt\/2013-senesi-mayis-11-kunu-er-yili-kecirilgen-catirdagga-koteriluv-aktsiyasi-olacaq\/"},"author":{"name":"Developer","@id":"https:\/\/qtmm.org\/qt\/#\/schema\/person\/de562469f971dec226ac06e60bbf74a7"},"headline":"2013 senesi may\u0131s 11 k\u00fcn\u00fc er y\u0131l\u0131 ke\u00e7irilgen \u00ab\u00c7at\u0131rda\u011f\u011fa k\u00f6teril\u00fcv\u00bb aktsiyas\u0131 olacaq","datePublished":"2013-05-07T19:53:00+00:00","dateModified":"2022-01-23T19:53:43+00:00","mainEntityOfPage":{"@id":"https:\/\/qtmm.org\/qt\/2013-senesi-mayis-11-kunu-er-yili-kecirilgen-catirdagga-koteriluv-aktsiyasi-olacaq\/"},"wordCount":212,"commentCount":0,"publisher":{"@id":"https:\/\/qtmm.org\/qt\/#organization"},"articleSection":["Haberler"],"inLanguage":"qt","potentialAction":[{"@type":"CommentAction","name":"Comment","target":["https:\/\/qtmm.org\/qt\/2013-senesi-mayis-11-kunu-er-yili-kecirilgen-catirdagga-koteriluv-aktsiyasi-olacaq\/#respond"]}]},{"@type":"WebPage","@id":"https:\/\/qtmm.org\/qt\/2013-senesi-mayis-11-kunu-er-yili-kecirilgen-catirdagga-koteriluv-aktsiyasi-olacaq\/","url":"https:\/\/qtmm.org\/qt\/2013-senesi-mayis-11-kunu-er-yili-kecirilgen-catirdagga-koteriluv-aktsiyasi-olacaq\/","name":"2013 senesi may\u0131s 11 k\u00fcn\u00fc er y\u0131l\u0131 ke\u00e7irilgen \u00ab\u00c7at\u0131rda\u011f\u011fa k\u00f6teril\u00fcv\u00bb aktsiyas\u0131 olacaq - \u041c\u0435\u0434\u0436\u043b\u0456\u0441","isPartOf":{"@id":"https:\/\/qtmm.org\/qt\/#website"},"datePublished":"2013-05-07T19:53:00+00:00","dateModified":"2022-01-23T19:53:43+00:00","breadcrumb":{"@id":"https:\/\/qtmm.org\/qt\/2013-senesi-mayis-11-kunu-er-yili-kecirilgen-catirdagga-koteriluv-aktsiyasi-olacaq\/#breadcrumb"},"inLanguage":"qt","potentialAction":[{"@type":"ReadAction","target":["https:\/\/qtmm.org\/qt\/2013-senesi-mayis-11-kunu-er-yili-kecirilgen-catirdagga-koteriluv-aktsiyasi-olacaq\/"]}]},{"@type":"BreadcrumbList","@id":"https:\/\/qtmm.org\/qt\/2013-senesi-mayis-11-kunu-er-yili-kecirilgen-catirdagga-koteriluv-aktsiyasi-olacaq\/#breadcrumb","itemListElement":[{"@type":"ListItem","position":1,"name":"\u0413\u043e\u043b\u043e\u0432\u043d\u0430","item":"https:\/\/qtmm.org\/qt\/"},{"@type":"ListItem","position":2,"name":"2013 senesi may\u0131s 11 k\u00fcn\u00fc er y\u0131l\u0131 ke\u00e7irilgen \u00ab\u00c7at\u0131rda\u011f\u011fa k\u00f6teril\u00fcv\u00bb aktsiyas\u0131 olacaq"}]},{"@type":"WebSite","@id":"https:\/\/qtmm.org\/qt\/#website","url":"https:\/\/qtmm.org\/qt\/","name":"\u041c\u0435\u0434\u0436\u043b\u0456\u0441","description":"","publisher":{"@id":"https:\/\/qtmm.org\/qt\/#organization"},"potentialAction":[{"@type":"SearchAction","target":{"@type":"EntryPoint","urlTemplate":"https:\/\/qtmm.org\/qt\/?s={search_term_string}"},"query-input":{"@type":"PropertyValueSpecification","valueRequired":true,"valueName":"search_term_string"}}],"inLanguage":"qt"},{"@type":"Organization","@id":"https:\/\/qtmm.org\/qt\/#organization","name":"\u041c\u0435\u0434\u0436\u043b\u0456\u0441","url":"https:\/\/qtmm.org\/qt\/","logo":{"@type":"ImageObject","inLanguage":"qt","@id":"https:\/\/qtmm.org\/qt\/#\/schema\/logo\/image\/","url":"https:\/\/qtmm.org\/wp-content\/uploads\/2024\/12\/ua-mejlis-logo-rgb.svg","contentUrl":"https:\/\/qtmm.org\/wp-content\/uploads\/2024\/12\/ua-mejlis-logo-rgb.svg","caption":"\u041c\u0435\u0434\u0436\u043b\u0456\u0441"},"image":{"@id":"https:\/\/qtmm.org\/qt\/#\/schema\/logo\/image\/"},"sameAs":["https:\/\/www.facebook.com\/qtmm.info\/"]},{"@type":"Person","@id":"https:\/\/qtmm.org\/qt\/#\/schema\/person\/de562469f971dec226ac06e60bbf74a7","name":"Developer","image":{"@type":"ImageObject","inLanguage":"qt","@id":"https:\/\/secure.gravatar.com\/avatar\/392b4cc8fbfeb00b39dfeeab4ee6edded39ffd48e25858637e4765810300227e?s=96&d=mm&r=g","url":"https:\/\/secure.gravatar.com\/avatar\/392b4cc8fbfeb00b39dfeeab4ee6edded39ffd48e25858637e4765810300227e?s=96&d=mm&r=g","contentUrl":"https:\/\/secure.gravatar.com\/avatar\/392b4cc8fbfeb00b39dfeeab4ee6edded39ffd48e25858637e4765810300227e?s=96&d=mm&r=g","caption":"Developer"},"url":"https:\/\/qtmm.org\/qt\/author\/Developer\/"}]}},"_links":{"self":[{"href":"https:\/\/qtmm.org\/qt\/wp-json\/wp\/v2\/posts\/37096","targetHints":{"allow":["GET"]}}],"collection":[{"href":"https:\/\/qtmm.org\/qt\/wp-json\/wp\/v2\/posts"}],"about":[{"href":"https:\/\/qtmm.org\/qt\/wp-json\/wp\/v2\/types\/post"}],"author":[{"embeddable":true,"href":"https:\/\/qtmm.org\/qt\/wp-json\/wp\/v2\/users\/1"}],"replies":[{"embeddable":true,"href":"https:\/\/qtmm.org\/qt\/wp-json\/wp\/v2\/comments?post=37096"}],"version-history":[{"count":1,"href":"https:\/\/qtmm.org\/qt\/wp-json\/wp\/v2\/posts\/37096\/revisions"}],"predecessor-version":[{"id":37097,"href":"https:\/\/qtmm.org\/qt\/wp-json\/wp\/v2\/posts\/37096\/revisions\/37097"}],"wp:attachment":[{"href":"https:\/\/qtmm.org\/qt\/wp-json\/wp\/v2\/media?parent=37096"}],"wp:term":[{"taxonomy":"category","embeddable":true,"href":"https:\/\/qtmm.org\/qt\/wp-json\/wp\/v2\/categories?post=37096"},{"taxonomy":"post_tag","embeddable":true,"href":"https:\/\/qtmm.org\/qt\/wp-json\/wp\/v2\/tags?post=37096"}],"curies":[{"name":"wp","href":"https:\/\/api.w.org\/{rel}","templated":true}]}}