




{"id":37077,"date":"2013-05-05T22:50:00","date_gmt":"2013-05-05T19:50:00","guid":{"rendered":"http:\/\/qtmm.org\/?p=37077"},"modified":"2022-01-23T22:52:30","modified_gmt":"2022-01-23T19:52:30","slug":"mustafa-cemilev-akimiyetnin-qirimtatar-milliy-qurumini-yoq-etmek-ogrundaki-areketleri-qirimtatar-diasporasini-telaslandira","status":"publish","type":"post","link":"https:\/\/qtmm.org\/qt\/mustafa-cemilev-akimiyetnin-qirimtatar-milliy-qurumini-yoq-etmek-ogrundaki-areketleri-qirimtatar-diasporasini-telaslandira\/","title":{"rendered":"Mustafa Cemilev: Akimiyetni\u00f1 q\u0131r\u0131mtatar milliy qurum\u0131n\u0131 yoq etmek o\u011frundaki areketleri q\u0131r\u0131mtatar diasporas\u0131n\u0131 tel\u00e2\u015fland\u0131ra"},"content":{"rendered":"\n<p>Q\u0131r\u0131mtatar halq\u0131 Meclisi azalar\u0131n\u0131\u00f1 q\u0131r\u0131mtatar diasporas\u0131 dernekleri ve cemaat te\u015fkil\u00e2tlar\u0131n\u0131\u00f1 reisleri ve vekilleri ile k\u00f6r\u00fc\u015f\u00fcvini\u00f1 neticeleri boyunca may\u0131s 4 k\u00fcn\u00fc Aqmescitte Milliy Meclis reisi Mustafa Cemilevni\u00f1 brifingi ol\u0131p ke\u00e7ti.<\/p>\n\n\n\n<p>Brifingde Meclis reisi ile birlikte T\u00fcrkiye Q\u0131r\u0131m medeniyet ve yard\u0131mla\u015fma dernegi \u0130stanbul b\u00f6l\u00fcgini\u00f1 reisi Cel\u00e2l \u0130\u00e7ten, Meclisni\u00f1 T\u00fcrkiyedeki temsilcisi Zafer Qaratay, Eski\u015feer q\u0131r\u0131mtatar dernegini\u00f1 ba\u015f\u0131 Mesut Or ve Qocaeli q\u0131r\u0131mtatar dernegini\u00f1 vekili Zumran Arac\u0131 i\u015ftirak ettiler.<\/p>\n\n\n\n<p>&#8220;Belli ki, q\u0131r\u0131mtatar diasporas\u0131 yolba\u015f\u00e7\u0131lar\u0131n\u0131\u00f1 israrl\u0131 ricalar\u0131na k\u00f6re ke\u00e7irilgen ve vefqulade demek de m\u00fcmk\u00fcn ol\u011fan topla\u015fuvda T\u00fcrkiye, Almaniya, Poloniya, Rusiye ve Kiyev \u015feerindeki q\u0131r\u0131mtatar dernekleri ve cemiyetlerini\u00f1 70-ten ziyade yolba\u015f\u00e7\u0131lar\u0131 i\u015ftirak etti, &#8211; dedi Brifingni\u00f1 ba\u015f\u0131nda Meclis reisi M. Cemilev. \u2013 E\u00f1 \u00e7oq say\u0131l\u0131 ol\u011fan T\u00fcrkiye diasporas\u0131n\u0131 38 dernek ve cemiyetlerini\u00f1 reisleri temsil ettiler&#8221;. M. Cemilevni\u00f1 bildirgenine k\u00f6re baz\u0131 dernek ve cemiyetlerni\u00f1 reisleri kelip olamad\u0131lar, amma topla\u015fuv i\u015ftirak\u00e7ileri al\u011fan qarar\u011fa qoltutacaqlar\u0131n\u0131 aytt\u0131lar.<\/p>\n\n\n\n<p>H\u0131d\u0131rlez milliy bayram\u0131na ve bun\u0131\u00f1 kibi de may\u0131s 18 milliy matem k\u00fcn\u00fcne az\u0131rl\u0131q i\u015flerinen me\u015f\u011ful ol\u011fan\u0131na baqmadan Meclis vaq\u0131t tapt\u0131 ve i\u015fbu topla\u015fuvn\u0131\u00f1 ke\u00e7irilmesini teminledi.<\/p>\n\n\n\n<p>Meclis reisi mezk\u00fcr k\u00f6r\u00fc\u015f\u00fcvni\u00f1 ke\u00e7irilmesine Ukraina akimleri q\u0131r\u0131mtatar halq\u0131n\u0131\u00f1 vek\u00e2letli organ\u0131 ve milliy qurum\u0131 Qurultay-Meclisni esapqa almamaq ya da umumen yoq etmek aktsiyas\u0131nen ba\u011fl\u0131 Q\u0131r\u0131mdaki so\u00f1ki adiseler sebep\u00e7i old\u0131lar.<\/p>\n\n\n\n<p>Meclis reisi topla\u015fuvn\u0131\u00f1 neticelerine yek\u00fcn \u00e7ekerken, \u015fun\u0131 seslendirdi ki, akimlerni\u00f1 b\u00f6yle areketleri q\u0131r\u0131mtatar diasporas\u0131n\u0131 tel\u00e2\u015fland\u0131ra ve olar &#8220;Q\u0131r\u0131mda neler ola, q\u0131r\u0131mtatarlar\u0131na nisbeten b\u00f6yle provokatsion areketlerni\u00f1 so\u00f1u ne olacaq?&#8221;, diye sual bereler. &#8220;Diaspora vekilleri neler yapmaq kerek husus\u0131nda \u00f6z fikirlerini bildirdiler. Q\u0131r\u0131mtatar diasporas\u0131 dernekleri ve cemaat te\u015fkil\u00e2tlar\u0131 yolba\u015f\u00e7\u0131lar\u0131 ve vekillerini\u00f1 pozitsiyas\u0131n\u0131 ifade etken umumle\u015ftirilgen teklifler topla\u015fuvn\u0131\u00f1 neticelerinden biri olacaq&#8221;.<\/p>\n\n\n\n<p>&#8220;K\u00fcn tertibinde muzakere etilgen ekinci mesele \u2013 bu B\u00fct\u00fcnd\u00fcnya q\u0131r\u0131mtatarlar kongressini\u00f1 ekinci toplant\u0131s\u0131n\u0131 ke\u00e7irmek old\u0131, &#8211; devam etti Mustafa Cemilev. B\u00fct\u00fcnd\u00fcnya q\u0131r\u0131mtatarlar kongressini\u00f1 ekinci toplant\u0131s\u0131n\u0131 ke\u00e7ir\u00fcv yeri de muzakere olund\u0131. On\u0131 Q\u0131r\u0131m, T\u00fcrkiye ve ya da Romaniyada ke\u00e7irmekni teklif ettiler. Topla\u015fuv i\u015ftirak\u00e7ilerini\u00f1 \u00e7oqlu\u011f\u0131 Kongressni Q\u0131r\u0131mda ke\u00e7irmek teklifini maqullediler. Tam vaqt\u0131, \u015fimdilik tayinlenmedi, \u00e7\u00fcnki qarar bir aydan so\u00f1 ya\u00f1\u0131 delegatlar se\u00e7ilgen so\u00f1 Q\u0131r\u0131mtatar halq\u0131 Qurultay\u0131n\u0131\u00f1 otur\u0131m\u0131nda al\u0131nacaq. Diasporan\u0131\u00f1 teklifi boyunca q\u0131r\u0131mtatar diasporas\u0131 vekilleri ya\u015fa\u011fan yerlerde milliy idare organ\u0131 Qurultay-Meclisni qor\u00e7alav boyunca g\u00f6\u00f1\u00fclde\u015flik aktsiyalar\u0131n\u0131 ke\u00e7irmek qarar\u0131 qabul etildi. May\u0131s 18 arfesinde ve \u015fu k\u00fcn\u00fc de Ukraina, T\u00fcrkiye, Va\u015fington, Anqara, Br\u00fcssel, Londonda piket ve aktsiyalar ke\u00e7irilecek&#8221;.<\/p>\n\n\n\n<p>Mustafa Cemilev topla\u015fuv i\u015ftirak\u00e7ilerine te\u015fekk\u00fcr bildirip, b\u00f6yle k\u00f6r\u00fc\u015f\u00fcvlerni muntazam s\u00fcrette ke\u00e7irmek teklifine qoltutt\u0131. &#8220;E\u00f1 azdan y\u0131lda bir kere \u2013 mesel\u00e2, q\u0131r\u0131mtatarlarn\u0131\u00f1 matem k\u00fcn\u00fc may\u0131s 18-de k\u00f6r\u00fc\u015feyik, &#8211; dedi Meclis reisi.<\/p>\n\n\n\n<p>Q\u0131r\u0131m dernegi \u0130stanbul \u015f\u00fcbesini\u00f1 reisi Cel\u00e2l \u0130\u00e7ten: &#8220;Biz, q\u0131r\u0131mtatar diasporas\u0131 olaraq, Ukrainan\u0131\u00f1 \u0130stanbuldaki Ba\u015f Konsull\u0131\u011f\u0131n\u0131\u00f1 faaliyetini k\u00fctleviyle\u015ftirmek boyunca tedbirlerge qoltutam\u0131z ve faal qat\u0131lam\u0131z. Daa ziyade s\u00f6yleyim, aram\u0131zda dostane munasebet ve semereli i\u015fbirlik quruld\u0131. Amma Q\u0131r\u0131mda Q\u0131r\u0131mtatar halq\u0131n\u0131\u00f1 Meclisine nisbeten haberler ve adiseler bizni a\u00e7\u0131q\u00e7as\u0131na kederlendirdiler. Zan\u0131mca, dostlar aras\u0131nda b\u00f6yle olmamal\u0131&#8221;, dedi.<\/p>\n\n\n\n<p>Cel\u00e2l \u0130\u00e7ten akimiyetnen Milliy Meclis aras\u0131ndaki dialogn\u0131 ve evelki semereli i\u015fbirlikni \u011fayr\u0131dan tiklemek zarurl\u0131\u011f\u0131n\u0131 bildirdi.<\/p>\n\n\n\n<p>Brifingni\u00f1 so\u00f1unda Mustafa Cemilev Q\u0131r\u0131m ealisini\u00f1 13 fay\u0131z\u0131n\u0131 te\u015fkil etken q\u0131r\u0131mtatarlar\u0131 yar\u0131madan\u0131\u00f1 tam\u0131r halq\u0131 olaraq Q\u0131r\u0131mn\u0131\u00f1 akimiyet qurumlar\u0131nda temsil etilmegenlerine ve b\u00f6yleliknen aqs\u0131mlan\u011fanlar\u0131na bulun\u011fanlarn\u0131\u00f1 diqqat\u0131n\u0131 celp etti. Bun\u0131\u00f1 kibi de o, may\u0131s 18 Matem mitingi i\u015ftirak\u00e7ileri qabul etmesi i\u00e7\u00fcn teklif etilecek qarar leyhas\u0131n\u0131 tezisler \u015fekilinde taqdim etti. Qararn\u0131\u00f1 maddelerinden biri cell\u00e2t Stalinni\u00f1 q\u0131r\u0131mtatar halq\u0131na qar\u015f\u0131 cinayetlerini aqla\u011fan ve bug\u00fcn de q\u0131r\u0131mtatarlarn\u0131\u00f1 vek\u00e2letli organ\u0131 Meclisni yoq etmege t\u0131r\u0131\u015fqan Q\u0131r\u0131mn\u0131\u00f1 ba\u015f naziri Anatoliy Mogil\u00f6vn\u0131\u00f1 istifa\u011fa \u00e7\u0131qar\u0131lmas\u0131n\u0131 talap etmek olacaq.<\/p>\n\n\n\n<p>&#8220;Ebet, qararn\u0131\u00f1 esas talaplar\u0131ndan biri Q\u0131r\u0131mtatar halq\u0131n\u0131\u00f1 vek\u00e2letli organ\u0131 Meclisni\u00f1 Ukraina akimleri taraf\u0131ndan tan\u0131lmas\u0131 ve q\u0131r\u0131mtatarlarn\u0131\u00f1 Ukrainada inki\u015faf\u0131nen ba\u011fl\u0131 diger meseleler de k\u00f6terilecek&#8221;, &#8211; qayd etti M. Cemilev.<\/p>\n\n\n\n<p>&#8220;E\u00f1 m\u00fcimi bu k\u00f6r\u00fc\u015f\u00fcvde insanlarn\u0131 meydan\u011fa kelgen vaziyetnen tan\u0131\u015f etmek edi, ve biz bu maqsad\u0131m\u0131z\u011fa iri\u015ftik. 2010 senesi se\u00e7imlerinden so\u00f1ra neler old\u0131, Ukraina ve Q\u0131r\u0131m akimiyetini\u00f1 q\u0131r\u0131mtatarlar\u011fa nisbeten siyasetini\u00f1 de\u00f1i\u015fmesi sebepleri ve neler bizni e\u00f1 ziyade raats\u0131zlay, &#8211; dep devam etti Meclis reisi. \u2013 Bug\u00fcnde-bug\u00fcn Ukraina Qurultayn\u0131 halq taraf\u0131ndan saylan\u011fan organ olaraq tan\u0131may ve b\u00fct\u00fcn aqlarn\u0131 sovet imperiyas\u0131n\u0131\u00f1 e\u00f1 yaramay usul\u0131 boyunca tayinlev printsipinen se\u00e7ilgen &#8220;Vekiller ke\u00f1e\u015fine&#8221; bere. Biz ise demokratik printsip ve degerliklerge k\u00f6re i\u015f tutam\u0131z, \u015fun\u0131\u00f1 i\u00e7\u00fcn de eminmiz ki Ukraina Prezidenti yan\u0131ndaki Q\u0131r\u0131mtatarlar vekillerini\u00f1 ke\u00f1e\u015finde Q\u0131r\u0131mtatar halq\u0131n\u0131\u00f1 Qurultay\u0131nda saylan\u011fan halq vekilleri olmaq kerekler&#8221;.<br><br>Mustafa Cemilev emin ki, Q\u0131r\u0131mtatar halq\u0131n\u0131\u00f1 Meclisi daima Ukraina mustaqilligi ve territorial b\u00fct\u00fcnligini\u00f1, devlette demokratiya ve halqlar musaviyligi, Avropa ve Avropa Atlantik cemiyetine qat\u0131luv\u0131n\u0131\u00f1 tarafdar\u0131 ve qoruy\u0131c\u0131s\u0131 edi ve b\u00f6yle de devam etecek. On\u0131\u00f1 aytqan\u0131na k\u00f6re, yar\u0131madan\u0131\u00f1 tam\u0131r halq\u0131n\u0131\u00f1 vek\u00e2letli organ\u0131 ol\u011fan Q\u0131r\u0131mtatar halq\u0131 Meclisini esapqa almamaq ve yoq etmege t\u0131r\u0131\u015fuv Ukrainan\u0131\u00f1 bug\u00fcnki \u00fck\u00fcmetinde \u015fovinist\u00e7esine davran\u011fan belli k\u00fc\u00e7lerni\u00f1 qabaat\u0131nen ola.<br>&#8220;B\u00fct\u00fcn bu areketler Q\u0131r\u0131mda ve \u00e7et elde ya\u015fa\u011fan q\u0131r\u0131mtatarlarn\u0131\u00f1 tabiiy ve aql\u0131 naraz\u0131l\u0131\u011f\u0131n\u0131 qoz\u011famaqta, &#8211; dedi Meclis yolba\u015f\u00e7\u0131s\u0131 M. Cemilev. Mezk\u00fcr cinaiy siyaset ve olabilecek aqibet i\u00e7\u00fcn mes\u00fclietni Ukrainada Q\u0131r\u0131m ba\u015f naziri A. Mogil\u00f6v yolba\u015f\u00e7\u0131l\u0131\u011f\u0131ndaki ayn\u0131 \u015fu k\u00fc\u00e7ler ta\u015f\u0131maqtalar&#8221;.<\/p>\n\n\n\n<figure class=\"wp-block-image size-full\"><img loading=\"lazy\" decoding=\"async\" width=\"650\" height=\"400\" src=\"http:\/\/qtmm.org\/wp-content\/uploads\/2022\/01\/2_107.jpeg\" alt=\"\" class=\"wp-image-37082\" srcset=\"https:\/\/qtmm.org\/wp-content\/uploads\/2022\/01\/2_107.jpeg 650w, https:\/\/qtmm.org\/wp-content\/uploads\/2022\/01\/2_107-300x185.jpeg 300w\" sizes=\"auto, (max-width: 650px) 100vw, 650px\" \/><\/figure>\n\n\n\n<figure class=\"wp-block-image size-full\"><img loading=\"lazy\" decoding=\"async\" width=\"650\" height=\"400\" src=\"http:\/\/qtmm.org\/wp-content\/uploads\/2022\/01\/3_80.jpeg\" alt=\"\" class=\"wp-image-37086\" srcset=\"https:\/\/qtmm.org\/wp-content\/uploads\/2022\/01\/3_80.jpeg 650w, https:\/\/qtmm.org\/wp-content\/uploads\/2022\/01\/3_80-300x185.jpeg 300w\" sizes=\"auto, (max-width: 650px) 100vw, 650px\" \/><\/figure>\n\n\n\n<figure class=\"wp-block-image size-full\"><img loading=\"lazy\" decoding=\"async\" width=\"650\" height=\"400\" src=\"http:\/\/qtmm.org\/wp-content\/uploads\/2022\/01\/4_75.jpeg\" alt=\"\" class=\"wp-image-37090\" srcset=\"https:\/\/qtmm.org\/wp-content\/uploads\/2022\/01\/4_75.jpeg 650w, https:\/\/qtmm.org\/wp-content\/uploads\/2022\/01\/4_75-300x185.jpeg 300w\" sizes=\"auto, (max-width: 650px) 100vw, 650px\" \/><\/figure>\n","protected":false},"excerpt":{"rendered":"<p>Q\u0131r\u0131mtatar halq\u0131 Meclisi azalar\u0131n\u0131\u00f1 q\u0131r\u0131mtatar diasporas\u0131 dernekleri ve cemaat te\u015fkil\u00e2tlar\u0131n\u0131\u00f1 reisleri ve vekilleri ile k\u00f6r\u00fc\u015f\u00fcvini\u00f1 neticeleri boyunca may\u0131s 4 k\u00fcn\u00fc Aqmescitte Milliy Meclis reisi Mustafa Cemilevni\u00f1 brifingi ol\u0131p ke\u00e7ti. Brifingde Meclis reisi ile birlikte T\u00fcrkiye Q\u0131r\u0131m medeniyet ve yard\u0131mla\u015fma dernegi \u0130stanbul b\u00f6l\u00fcgini\u00f1 reisi Cel\u00e2l \u0130\u00e7ten, Meclisni\u00f1 T\u00fcrkiyedeki temsilcisi Zafer Qaratay, Eski\u015feer q\u0131r\u0131mtatar dernegini\u00f1 ba\u015f\u0131 Mesut [&hellip;]<\/p>\n","protected":false},"author":1,"featured_media":37078,"comment_status":"open","ping_status":"open","sticky":false,"template":"","format":"standard","meta":{"inline_featured_image":false,"footnotes":""},"categories":[265],"tags":[],"class_list":["post-37077","post","type-post","status-publish","format-standard","has-post-thumbnail","hentry","category-haberler"],"acf":[],"yoast_head":"<!-- This site is optimized with the Yoast SEO plugin v27.4 - https:\/\/yoast.com\/product\/yoast-seo-wordpress\/ -->\n<title>Mustafa Cemilev: Akimiyetni\u00f1 q\u0131r\u0131mtatar milliy qurum\u0131n\u0131 yoq etmek o\u011frundaki areketleri q\u0131r\u0131mtatar diasporas\u0131n\u0131 tel\u00e2\u015fland\u0131ra - \u041c\u0435\u0434\u0436\u043b\u0456\u0441<\/title>\n<meta name=\"robots\" content=\"index, follow, max-snippet:-1, max-image-preview:large, max-video-preview:-1\" \/>\n<link rel=\"canonical\" href=\"https:\/\/qtmm.org\/qt\/mustafa-cemilev-akimiyetnin-qirimtatar-milliy-qurumini-yoq-etmek-ogrundaki-areketleri-qirimtatar-diasporasini-telaslandira\/\" \/>\n<meta property=\"og:locale\" content=\"en_US\" \/>\n<meta property=\"og:type\" content=\"article\" \/>\n<meta property=\"og:title\" content=\"Mustafa Cemilev: Akimiyetni\u00f1 q\u0131r\u0131mtatar milliy qurum\u0131n\u0131 yoq etmek o\u011frundaki areketleri q\u0131r\u0131mtatar diasporas\u0131n\u0131 tel\u00e2\u015fland\u0131ra - \u041c\u0435\u0434\u0436\u043b\u0456\u0441\" \/>\n<meta property=\"og:description\" content=\"Q\u0131r\u0131mtatar halq\u0131 Meclisi azalar\u0131n\u0131\u00f1 q\u0131r\u0131mtatar diasporas\u0131 dernekleri ve cemaat te\u015fkil\u00e2tlar\u0131n\u0131\u00f1 reisleri ve vekilleri ile k\u00f6r\u00fc\u015f\u00fcvini\u00f1 neticeleri boyunca may\u0131s 4 k\u00fcn\u00fc Aqmescitte Milliy Meclis reisi Mustafa Cemilevni\u00f1 brifingi ol\u0131p ke\u00e7ti. Brifingde Meclis reisi ile birlikte T\u00fcrkiye Q\u0131r\u0131m medeniyet ve yard\u0131mla\u015fma dernegi \u0130stanbul b\u00f6l\u00fcgini\u00f1 reisi Cel\u00e2l \u0130\u00e7ten, Meclisni\u00f1 T\u00fcrkiyedeki temsilcisi Zafer Qaratay, Eski\u015feer q\u0131r\u0131mtatar dernegini\u00f1 ba\u015f\u0131 Mesut [&hellip;]\" \/>\n<meta property=\"og:url\" content=\"https:\/\/qtmm.org\/qt\/mustafa-cemilev-akimiyetnin-qirimtatar-milliy-qurumini-yoq-etmek-ogrundaki-areketleri-qirimtatar-diasporasini-telaslandira\/\" \/>\n<meta property=\"og:site_name\" content=\"\u041c\u0435\u0434\u0436\u043b\u0456\u0441\" \/>\n<meta property=\"article:publisher\" content=\"https:\/\/www.facebook.com\/qtmm.info\/\" \/>\n<meta property=\"article:published_time\" content=\"2013-05-05T19:50:00+00:00\" \/>\n<meta property=\"article:modified_time\" content=\"2022-01-23T19:52:30+00:00\" \/>\n<meta property=\"og:image\" content=\"https:\/\/qtmm.org\/wp-content\/uploads\/2022\/01\/1_110.jpeg\" \/>\n\t<meta property=\"og:image:width\" content=\"650\" \/>\n\t<meta property=\"og:image:height\" content=\"400\" \/>\n\t<meta property=\"og:image:type\" content=\"image\/jpeg\" \/>\n<meta name=\"author\" content=\"Developer\" \/>\n<meta name=\"twitter:card\" content=\"summary_large_image\" \/>\n<meta name=\"twitter:label1\" content=\"Written by\" \/>\n\t<meta name=\"twitter:data1\" content=\"Developer\" \/>\n\t<meta name=\"twitter:label2\" content=\"Est. reading time\" \/>\n\t<meta name=\"twitter:data2\" content=\"5 minutes\" \/>\n<script type=\"application\/ld+json\" class=\"yoast-schema-graph\">{\"@context\":\"https:\\\/\\\/schema.org\",\"@graph\":[{\"@type\":\"Article\",\"@id\":\"https:\\\/\\\/qtmm.org\\\/qt\\\/mustafa-cemilev-akimiyetnin-qirimtatar-milliy-qurumini-yoq-etmek-ogrundaki-areketleri-qirimtatar-diasporasini-telaslandira\\\/#article\",\"isPartOf\":{\"@id\":\"https:\\\/\\\/qtmm.org\\\/qt\\\/mustafa-cemilev-akimiyetnin-qirimtatar-milliy-qurumini-yoq-etmek-ogrundaki-areketleri-qirimtatar-diasporasini-telaslandira\\\/\"},\"author\":{\"name\":\"Developer\",\"@id\":\"https:\\\/\\\/qtmm.org\\\/qt\\\/#\\\/schema\\\/person\\\/de562469f971dec226ac06e60bbf74a7\"},\"headline\":\"Mustafa Cemilev: Akimiyetni\u00f1 q\u0131r\u0131mtatar milliy qurum\u0131n\u0131 yoq etmek o\u011frundaki areketleri q\u0131r\u0131mtatar diasporas\u0131n\u0131 tel\u00e2\u015fland\u0131ra\",\"datePublished\":\"2013-05-05T19:50:00+00:00\",\"dateModified\":\"2022-01-23T19:52:30+00:00\",\"mainEntityOfPage\":{\"@id\":\"https:\\\/\\\/qtmm.org\\\/qt\\\/mustafa-cemilev-akimiyetnin-qirimtatar-milliy-qurumini-yoq-etmek-ogrundaki-areketleri-qirimtatar-diasporasini-telaslandira\\\/\"},\"wordCount\":1115,\"commentCount\":0,\"publisher\":{\"@id\":\"https:\\\/\\\/qtmm.org\\\/qt\\\/#organization\"},\"image\":{\"@id\":\"https:\\\/\\\/qtmm.org\\\/qt\\\/mustafa-cemilev-akimiyetnin-qirimtatar-milliy-qurumini-yoq-etmek-ogrundaki-areketleri-qirimtatar-diasporasini-telaslandira\\\/#primaryimage\"},\"thumbnailUrl\":\"https:\\\/\\\/qtmm.org\\\/wp-content\\\/uploads\\\/2022\\\/01\\\/1_110.jpeg\",\"articleSection\":[\"Haberler\"],\"inLanguage\":\"qt\",\"potentialAction\":[{\"@type\":\"CommentAction\",\"name\":\"Comment\",\"target\":[\"https:\\\/\\\/qtmm.org\\\/qt\\\/mustafa-cemilev-akimiyetnin-qirimtatar-milliy-qurumini-yoq-etmek-ogrundaki-areketleri-qirimtatar-diasporasini-telaslandira\\\/#respond\"]}]},{\"@type\":\"WebPage\",\"@id\":\"https:\\\/\\\/qtmm.org\\\/qt\\\/mustafa-cemilev-akimiyetnin-qirimtatar-milliy-qurumini-yoq-etmek-ogrundaki-areketleri-qirimtatar-diasporasini-telaslandira\\\/\",\"url\":\"https:\\\/\\\/qtmm.org\\\/qt\\\/mustafa-cemilev-akimiyetnin-qirimtatar-milliy-qurumini-yoq-etmek-ogrundaki-areketleri-qirimtatar-diasporasini-telaslandira\\\/\",\"name\":\"Mustafa Cemilev: Akimiyetni\u00f1 q\u0131r\u0131mtatar milliy qurum\u0131n\u0131 yoq etmek o\u011frundaki areketleri q\u0131r\u0131mtatar diasporas\u0131n\u0131 tel\u00e2\u015fland\u0131ra - \u041c\u0435\u0434\u0436\u043b\u0456\u0441\",\"isPartOf\":{\"@id\":\"https:\\\/\\\/qtmm.org\\\/qt\\\/#website\"},\"primaryImageOfPage\":{\"@id\":\"https:\\\/\\\/qtmm.org\\\/qt\\\/mustafa-cemilev-akimiyetnin-qirimtatar-milliy-qurumini-yoq-etmek-ogrundaki-areketleri-qirimtatar-diasporasini-telaslandira\\\/#primaryimage\"},\"image\":{\"@id\":\"https:\\\/\\\/qtmm.org\\\/qt\\\/mustafa-cemilev-akimiyetnin-qirimtatar-milliy-qurumini-yoq-etmek-ogrundaki-areketleri-qirimtatar-diasporasini-telaslandira\\\/#primaryimage\"},\"thumbnailUrl\":\"https:\\\/\\\/qtmm.org\\\/wp-content\\\/uploads\\\/2022\\\/01\\\/1_110.jpeg\",\"datePublished\":\"2013-05-05T19:50:00+00:00\",\"dateModified\":\"2022-01-23T19:52:30+00:00\",\"breadcrumb\":{\"@id\":\"https:\\\/\\\/qtmm.org\\\/qt\\\/mustafa-cemilev-akimiyetnin-qirimtatar-milliy-qurumini-yoq-etmek-ogrundaki-areketleri-qirimtatar-diasporasini-telaslandira\\\/#breadcrumb\"},\"inLanguage\":\"qt\",\"potentialAction\":[{\"@type\":\"ReadAction\",\"target\":[\"https:\\\/\\\/qtmm.org\\\/qt\\\/mustafa-cemilev-akimiyetnin-qirimtatar-milliy-qurumini-yoq-etmek-ogrundaki-areketleri-qirimtatar-diasporasini-telaslandira\\\/\"]}]},{\"@type\":\"ImageObject\",\"inLanguage\":\"qt\",\"@id\":\"https:\\\/\\\/qtmm.org\\\/qt\\\/mustafa-cemilev-akimiyetnin-qirimtatar-milliy-qurumini-yoq-etmek-ogrundaki-areketleri-qirimtatar-diasporasini-telaslandira\\\/#primaryimage\",\"url\":\"https:\\\/\\\/qtmm.org\\\/wp-content\\\/uploads\\\/2022\\\/01\\\/1_110.jpeg\",\"contentUrl\":\"https:\\\/\\\/qtmm.org\\\/wp-content\\\/uploads\\\/2022\\\/01\\\/1_110.jpeg\",\"width\":650,\"height\":400},{\"@type\":\"BreadcrumbList\",\"@id\":\"https:\\\/\\\/qtmm.org\\\/qt\\\/mustafa-cemilev-akimiyetnin-qirimtatar-milliy-qurumini-yoq-etmek-ogrundaki-areketleri-qirimtatar-diasporasini-telaslandira\\\/#breadcrumb\",\"itemListElement\":[{\"@type\":\"ListItem\",\"position\":1,\"name\":\"\u0413\u043e\u043b\u043e\u0432\u043d\u0430\",\"item\":\"https:\\\/\\\/qtmm.org\\\/qt\\\/\"},{\"@type\":\"ListItem\",\"position\":2,\"name\":\"Mustafa Cemilev: Akimiyetni\u00f1 q\u0131r\u0131mtatar milliy qurum\u0131n\u0131 yoq etmek o\u011frundaki areketleri q\u0131r\u0131mtatar diasporas\u0131n\u0131 tel\u00e2\u015fland\u0131ra\"}]},{\"@type\":\"WebSite\",\"@id\":\"https:\\\/\\\/qtmm.org\\\/qt\\\/#website\",\"url\":\"https:\\\/\\\/qtmm.org\\\/qt\\\/\",\"name\":\"\u041c\u0435\u0434\u0436\u043b\u0456\u0441\",\"description\":\"\",\"publisher\":{\"@id\":\"https:\\\/\\\/qtmm.org\\\/qt\\\/#organization\"},\"potentialAction\":[{\"@type\":\"SearchAction\",\"target\":{\"@type\":\"EntryPoint\",\"urlTemplate\":\"https:\\\/\\\/qtmm.org\\\/qt\\\/?s={search_term_string}\"},\"query-input\":{\"@type\":\"PropertyValueSpecification\",\"valueRequired\":true,\"valueName\":\"search_term_string\"}}],\"inLanguage\":\"qt\"},{\"@type\":\"Organization\",\"@id\":\"https:\\\/\\\/qtmm.org\\\/qt\\\/#organization\",\"name\":\"\u041c\u0435\u0434\u0436\u043b\u0456\u0441\",\"url\":\"https:\\\/\\\/qtmm.org\\\/qt\\\/\",\"logo\":{\"@type\":\"ImageObject\",\"inLanguage\":\"qt\",\"@id\":\"https:\\\/\\\/qtmm.org\\\/qt\\\/#\\\/schema\\\/logo\\\/image\\\/\",\"url\":\"https:\\\/\\\/qtmm.org\\\/wp-content\\\/uploads\\\/2024\\\/12\\\/ua-mejlis-logo-rgb.svg\",\"contentUrl\":\"https:\\\/\\\/qtmm.org\\\/wp-content\\\/uploads\\\/2024\\\/12\\\/ua-mejlis-logo-rgb.svg\",\"caption\":\"\u041c\u0435\u0434\u0436\u043b\u0456\u0441\"},\"image\":{\"@id\":\"https:\\\/\\\/qtmm.org\\\/qt\\\/#\\\/schema\\\/logo\\\/image\\\/\"},\"sameAs\":[\"https:\\\/\\\/www.facebook.com\\\/qtmm.info\\\/\"]},{\"@type\":\"Person\",\"@id\":\"https:\\\/\\\/qtmm.org\\\/qt\\\/#\\\/schema\\\/person\\\/de562469f971dec226ac06e60bbf74a7\",\"name\":\"Developer\",\"image\":{\"@type\":\"ImageObject\",\"inLanguage\":\"qt\",\"@id\":\"https:\\\/\\\/secure.gravatar.com\\\/avatar\\\/392b4cc8fbfeb00b39dfeeab4ee6edded39ffd48e25858637e4765810300227e?s=96&d=mm&r=g\",\"url\":\"https:\\\/\\\/secure.gravatar.com\\\/avatar\\\/392b4cc8fbfeb00b39dfeeab4ee6edded39ffd48e25858637e4765810300227e?s=96&d=mm&r=g\",\"contentUrl\":\"https:\\\/\\\/secure.gravatar.com\\\/avatar\\\/392b4cc8fbfeb00b39dfeeab4ee6edded39ffd48e25858637e4765810300227e?s=96&d=mm&r=g\",\"caption\":\"Developer\"},\"url\":\"https:\\\/\\\/qtmm.org\\\/qt\\\/author\\\/Developer\\\/\"}]}<\/script>\n<!-- \/ Yoast SEO plugin. -->","yoast_head_json":{"title":"Mustafa Cemilev: Akimiyetni\u00f1 q\u0131r\u0131mtatar milliy qurum\u0131n\u0131 yoq etmek o\u011frundaki areketleri q\u0131r\u0131mtatar diasporas\u0131n\u0131 tel\u00e2\u015fland\u0131ra - \u041c\u0435\u0434\u0436\u043b\u0456\u0441","robots":{"index":"index","follow":"follow","max-snippet":"max-snippet:-1","max-image-preview":"max-image-preview:large","max-video-preview":"max-video-preview:-1"},"canonical":"https:\/\/qtmm.org\/qt\/mustafa-cemilev-akimiyetnin-qirimtatar-milliy-qurumini-yoq-etmek-ogrundaki-areketleri-qirimtatar-diasporasini-telaslandira\/","og_locale":"en_US","og_type":"article","og_title":"Mustafa Cemilev: Akimiyetni\u00f1 q\u0131r\u0131mtatar milliy qurum\u0131n\u0131 yoq etmek o\u011frundaki areketleri q\u0131r\u0131mtatar diasporas\u0131n\u0131 tel\u00e2\u015fland\u0131ra - \u041c\u0435\u0434\u0436\u043b\u0456\u0441","og_description":"Q\u0131r\u0131mtatar halq\u0131 Meclisi azalar\u0131n\u0131\u00f1 q\u0131r\u0131mtatar diasporas\u0131 dernekleri ve cemaat te\u015fkil\u00e2tlar\u0131n\u0131\u00f1 reisleri ve vekilleri ile k\u00f6r\u00fc\u015f\u00fcvini\u00f1 neticeleri boyunca may\u0131s 4 k\u00fcn\u00fc Aqmescitte Milliy Meclis reisi Mustafa Cemilevni\u00f1 brifingi ol\u0131p ke\u00e7ti. Brifingde Meclis reisi ile birlikte T\u00fcrkiye Q\u0131r\u0131m medeniyet ve yard\u0131mla\u015fma dernegi \u0130stanbul b\u00f6l\u00fcgini\u00f1 reisi Cel\u00e2l \u0130\u00e7ten, Meclisni\u00f1 T\u00fcrkiyedeki temsilcisi Zafer Qaratay, Eski\u015feer q\u0131r\u0131mtatar dernegini\u00f1 ba\u015f\u0131 Mesut [&hellip;]","og_url":"https:\/\/qtmm.org\/qt\/mustafa-cemilev-akimiyetnin-qirimtatar-milliy-qurumini-yoq-etmek-ogrundaki-areketleri-qirimtatar-diasporasini-telaslandira\/","og_site_name":"\u041c\u0435\u0434\u0436\u043b\u0456\u0441","article_publisher":"https:\/\/www.facebook.com\/qtmm.info\/","article_published_time":"2013-05-05T19:50:00+00:00","article_modified_time":"2022-01-23T19:52:30+00:00","og_image":[{"width":650,"height":400,"url":"https:\/\/qtmm.org\/wp-content\/uploads\/2022\/01\/1_110.jpeg","type":"image\/jpeg"}],"author":"Developer","twitter_card":"summary_large_image","twitter_misc":{"Written by":"Developer","Est. reading time":"5 minutes"},"schema":{"@context":"https:\/\/schema.org","@graph":[{"@type":"Article","@id":"https:\/\/qtmm.org\/qt\/mustafa-cemilev-akimiyetnin-qirimtatar-milliy-qurumini-yoq-etmek-ogrundaki-areketleri-qirimtatar-diasporasini-telaslandira\/#article","isPartOf":{"@id":"https:\/\/qtmm.org\/qt\/mustafa-cemilev-akimiyetnin-qirimtatar-milliy-qurumini-yoq-etmek-ogrundaki-areketleri-qirimtatar-diasporasini-telaslandira\/"},"author":{"name":"Developer","@id":"https:\/\/qtmm.org\/qt\/#\/schema\/person\/de562469f971dec226ac06e60bbf74a7"},"headline":"Mustafa Cemilev: Akimiyetni\u00f1 q\u0131r\u0131mtatar milliy qurum\u0131n\u0131 yoq etmek o\u011frundaki areketleri q\u0131r\u0131mtatar diasporas\u0131n\u0131 tel\u00e2\u015fland\u0131ra","datePublished":"2013-05-05T19:50:00+00:00","dateModified":"2022-01-23T19:52:30+00:00","mainEntityOfPage":{"@id":"https:\/\/qtmm.org\/qt\/mustafa-cemilev-akimiyetnin-qirimtatar-milliy-qurumini-yoq-etmek-ogrundaki-areketleri-qirimtatar-diasporasini-telaslandira\/"},"wordCount":1115,"commentCount":0,"publisher":{"@id":"https:\/\/qtmm.org\/qt\/#organization"},"image":{"@id":"https:\/\/qtmm.org\/qt\/mustafa-cemilev-akimiyetnin-qirimtatar-milliy-qurumini-yoq-etmek-ogrundaki-areketleri-qirimtatar-diasporasini-telaslandira\/#primaryimage"},"thumbnailUrl":"https:\/\/qtmm.org\/wp-content\/uploads\/2022\/01\/1_110.jpeg","articleSection":["Haberler"],"inLanguage":"qt","potentialAction":[{"@type":"CommentAction","name":"Comment","target":["https:\/\/qtmm.org\/qt\/mustafa-cemilev-akimiyetnin-qirimtatar-milliy-qurumini-yoq-etmek-ogrundaki-areketleri-qirimtatar-diasporasini-telaslandira\/#respond"]}]},{"@type":"WebPage","@id":"https:\/\/qtmm.org\/qt\/mustafa-cemilev-akimiyetnin-qirimtatar-milliy-qurumini-yoq-etmek-ogrundaki-areketleri-qirimtatar-diasporasini-telaslandira\/","url":"https:\/\/qtmm.org\/qt\/mustafa-cemilev-akimiyetnin-qirimtatar-milliy-qurumini-yoq-etmek-ogrundaki-areketleri-qirimtatar-diasporasini-telaslandira\/","name":"Mustafa Cemilev: Akimiyetni\u00f1 q\u0131r\u0131mtatar milliy qurum\u0131n\u0131 yoq etmek o\u011frundaki areketleri q\u0131r\u0131mtatar diasporas\u0131n\u0131 tel\u00e2\u015fland\u0131ra - \u041c\u0435\u0434\u0436\u043b\u0456\u0441","isPartOf":{"@id":"https:\/\/qtmm.org\/qt\/#website"},"primaryImageOfPage":{"@id":"https:\/\/qtmm.org\/qt\/mustafa-cemilev-akimiyetnin-qirimtatar-milliy-qurumini-yoq-etmek-ogrundaki-areketleri-qirimtatar-diasporasini-telaslandira\/#primaryimage"},"image":{"@id":"https:\/\/qtmm.org\/qt\/mustafa-cemilev-akimiyetnin-qirimtatar-milliy-qurumini-yoq-etmek-ogrundaki-areketleri-qirimtatar-diasporasini-telaslandira\/#primaryimage"},"thumbnailUrl":"https:\/\/qtmm.org\/wp-content\/uploads\/2022\/01\/1_110.jpeg","datePublished":"2013-05-05T19:50:00+00:00","dateModified":"2022-01-23T19:52:30+00:00","breadcrumb":{"@id":"https:\/\/qtmm.org\/qt\/mustafa-cemilev-akimiyetnin-qirimtatar-milliy-qurumini-yoq-etmek-ogrundaki-areketleri-qirimtatar-diasporasini-telaslandira\/#breadcrumb"},"inLanguage":"qt","potentialAction":[{"@type":"ReadAction","target":["https:\/\/qtmm.org\/qt\/mustafa-cemilev-akimiyetnin-qirimtatar-milliy-qurumini-yoq-etmek-ogrundaki-areketleri-qirimtatar-diasporasini-telaslandira\/"]}]},{"@type":"ImageObject","inLanguage":"qt","@id":"https:\/\/qtmm.org\/qt\/mustafa-cemilev-akimiyetnin-qirimtatar-milliy-qurumini-yoq-etmek-ogrundaki-areketleri-qirimtatar-diasporasini-telaslandira\/#primaryimage","url":"https:\/\/qtmm.org\/wp-content\/uploads\/2022\/01\/1_110.jpeg","contentUrl":"https:\/\/qtmm.org\/wp-content\/uploads\/2022\/01\/1_110.jpeg","width":650,"height":400},{"@type":"BreadcrumbList","@id":"https:\/\/qtmm.org\/qt\/mustafa-cemilev-akimiyetnin-qirimtatar-milliy-qurumini-yoq-etmek-ogrundaki-areketleri-qirimtatar-diasporasini-telaslandira\/#breadcrumb","itemListElement":[{"@type":"ListItem","position":1,"name":"\u0413\u043e\u043b\u043e\u0432\u043d\u0430","item":"https:\/\/qtmm.org\/qt\/"},{"@type":"ListItem","position":2,"name":"Mustafa Cemilev: Akimiyetni\u00f1 q\u0131r\u0131mtatar milliy qurum\u0131n\u0131 yoq etmek o\u011frundaki areketleri q\u0131r\u0131mtatar diasporas\u0131n\u0131 tel\u00e2\u015fland\u0131ra"}]},{"@type":"WebSite","@id":"https:\/\/qtmm.org\/qt\/#website","url":"https:\/\/qtmm.org\/qt\/","name":"\u041c\u0435\u0434\u0436\u043b\u0456\u0441","description":"","publisher":{"@id":"https:\/\/qtmm.org\/qt\/#organization"},"potentialAction":[{"@type":"SearchAction","target":{"@type":"EntryPoint","urlTemplate":"https:\/\/qtmm.org\/qt\/?s={search_term_string}"},"query-input":{"@type":"PropertyValueSpecification","valueRequired":true,"valueName":"search_term_string"}}],"inLanguage":"qt"},{"@type":"Organization","@id":"https:\/\/qtmm.org\/qt\/#organization","name":"\u041c\u0435\u0434\u0436\u043b\u0456\u0441","url":"https:\/\/qtmm.org\/qt\/","logo":{"@type":"ImageObject","inLanguage":"qt","@id":"https:\/\/qtmm.org\/qt\/#\/schema\/logo\/image\/","url":"https:\/\/qtmm.org\/wp-content\/uploads\/2024\/12\/ua-mejlis-logo-rgb.svg","contentUrl":"https:\/\/qtmm.org\/wp-content\/uploads\/2024\/12\/ua-mejlis-logo-rgb.svg","caption":"\u041c\u0435\u0434\u0436\u043b\u0456\u0441"},"image":{"@id":"https:\/\/qtmm.org\/qt\/#\/schema\/logo\/image\/"},"sameAs":["https:\/\/www.facebook.com\/qtmm.info\/"]},{"@type":"Person","@id":"https:\/\/qtmm.org\/qt\/#\/schema\/person\/de562469f971dec226ac06e60bbf74a7","name":"Developer","image":{"@type":"ImageObject","inLanguage":"qt","@id":"https:\/\/secure.gravatar.com\/avatar\/392b4cc8fbfeb00b39dfeeab4ee6edded39ffd48e25858637e4765810300227e?s=96&d=mm&r=g","url":"https:\/\/secure.gravatar.com\/avatar\/392b4cc8fbfeb00b39dfeeab4ee6edded39ffd48e25858637e4765810300227e?s=96&d=mm&r=g","contentUrl":"https:\/\/secure.gravatar.com\/avatar\/392b4cc8fbfeb00b39dfeeab4ee6edded39ffd48e25858637e4765810300227e?s=96&d=mm&r=g","caption":"Developer"},"url":"https:\/\/qtmm.org\/qt\/author\/Developer\/"}]}},"_links":{"self":[{"href":"https:\/\/qtmm.org\/qt\/wp-json\/wp\/v2\/posts\/37077","targetHints":{"allow":["GET"]}}],"collection":[{"href":"https:\/\/qtmm.org\/qt\/wp-json\/wp\/v2\/posts"}],"about":[{"href":"https:\/\/qtmm.org\/qt\/wp-json\/wp\/v2\/types\/post"}],"author":[{"embeddable":true,"href":"https:\/\/qtmm.org\/qt\/wp-json\/wp\/v2\/users\/1"}],"replies":[{"embeddable":true,"href":"https:\/\/qtmm.org\/qt\/wp-json\/wp\/v2\/comments?post=37077"}],"version-history":[{"count":1,"href":"https:\/\/qtmm.org\/qt\/wp-json\/wp\/v2\/posts\/37077\/revisions"}],"predecessor-version":[{"id":37094,"href":"https:\/\/qtmm.org\/qt\/wp-json\/wp\/v2\/posts\/37077\/revisions\/37094"}],"wp:featuredmedia":[{"embeddable":true,"href":"https:\/\/qtmm.org\/qt\/wp-json\/wp\/v2\/media\/37078"}],"wp:attachment":[{"href":"https:\/\/qtmm.org\/qt\/wp-json\/wp\/v2\/media?parent=37077"}],"wp:term":[{"taxonomy":"category","embeddable":true,"href":"https:\/\/qtmm.org\/qt\/wp-json\/wp\/v2\/categories?post=37077"},{"taxonomy":"post_tag","embeddable":true,"href":"https:\/\/qtmm.org\/qt\/wp-json\/wp\/v2\/tags?post=37077"}],"curies":[{"name":"wp","href":"https:\/\/api.w.org\/{rel}","templated":true}]}}