




{"id":36773,"date":"2013-05-04T22:42:00","date_gmt":"2013-05-04T19:42:00","guid":{"rendered":"http:\/\/qtmm.org\/?p=36773"},"modified":"2022-01-23T22:43:54","modified_gmt":"2022-01-23T19:43:54","slug":"qirimtatar-milliy-hidirlez-bayrami-tedbirlerinin-programmasi","status":"publish","type":"post","link":"https:\/\/qtmm.org\/qt\/qirimtatar-milliy-hidirlez-bayrami-tedbirlerinin-programmasi\/","title":{"rendered":"Q\u0131r\u0131mtatar milliy \u00abH\u0131d\u0131rlez\u00bb bayram\u0131 tedbirlerini\u00f1 programmas\u0131"},"content":{"rendered":"\n<div class=\"wp-block-image\"><figure class=\"aligncenter size-full\"><img loading=\"lazy\" decoding=\"async\" width=\"456\" height=\"450\" src=\"http:\/\/qtmm.org\/wp-content\/uploads\/2022\/01\/v_tekst_19.jpeg\" alt=\"\" class=\"wp-image-36774\" srcset=\"https:\/\/qtmm.org\/wp-content\/uploads\/2022\/01\/v_tekst_19.jpeg 456w, https:\/\/qtmm.org\/wp-content\/uploads\/2022\/01\/v_tekst_19-300x296.jpeg 300w\" sizes=\"auto, (max-width: 456px) 100vw, 456px\" \/><\/figure><\/div>\n\n\n\n<p class=\"has-text-align-right\"><strong>&#8220;\u015eaherezada&#8221; medeniy-eglence merkezi<br><br>Aqmescit-Ba\u011f\u00e7asaray yolun\u0131\u00f1 25-nci kilometri<br><br>Ulaql\u0131 k\u00f6y\u00fcne taba<br><\/strong><\/p>\n\n\n\n<p><strong>09.00 \u2013 10.00<\/strong><br>Bayram i\u015ftirak\u00e7ileri ve musafirlerni qar\u015f\u0131lav<br><br><strong>10.00 \u2013 18.00<\/strong><br>Kontsert programmas\u0131 (b\u00fcy\u00fck sahna).<br><br><strong>11.00 \u2013 16.00<\/strong><br>Sport yar\u0131\u015flar\u0131.<br><br><strong>10.00 \u2013 18.00<\/strong><br>Ameliy-sanat ustalar\u0131 eserlerini\u00f1 sergisi, milliy sanat boyunca ustal\u0131q dersleri<br><br><strong>11.30<\/strong><br>M.Cemilev ve diger resmiy musafirlerni\u00f1 kel\u00fcvi;<br><br><strong>11.30<\/strong><br>Q\u0131r\u0131mn\u0131\u00f1 \u00e7e\u015fit regionlar\u0131n\u0131 temsil etken \u00e7ad\u0131rlarn\u0131 dolanuv<br><br><strong>12.30<\/strong><br>Bayramn\u0131\u00f1 tantanal\u0131 a\u00e7\u0131l\u0131\u015f\u0131.<br><br><strong>13.30<\/strong><br>At \u00fcst\u00fcnde \u00e7\u0131q\u0131\u015flar<br><br><strong>18.00<\/strong><br>Bayramn\u0131\u00f1 yek\u00fcnlenmesi.<br><br><br><br><strong>B\u00fcy\u00fck sahna:<\/strong><br><br><br><strong>10.00<\/strong><br>Bayram a\u00e7\u0131l\u0131\u015f\u0131<br><br>Q\u0131r\u0131m musulmanlar\u0131n\u0131\u00f1 m\u00fcftisi hac\u0131 Emirali Ablayev<br><br>Ba\u011f\u00e7asaray rayon devlet memuriyetini\u00f1 ba\u015f\u0131 \u0130. \u00dcmerov.<br><br>G\u00f6gercinlerni u\u00e7uruv<br><br>Ba\u011f\u00e7asaray rayon\u0131 balalar icadiy kollektivlerini\u00f1 \u00e7\u0131q\u0131\u015flar\u0131<br><br>&#8220;\u0130lham&#8221; q\u0131r\u0131mtatar halq avesk\u00e2r ansambli<br><br>&#8220;Ba\u011f\u00e7asaray&#8221; q\u0131r\u0131mtatar avesk\u00e2r halq ansambli<br><br><strong>10.35<\/strong><br>B\u00fct\u00fcnd\u00fcnya Q\u0131r\u0131mtatar kongressini\u00f1 prezidenti R. \u00c7ubarovn\u0131\u00f1 \u00e7\u0131q\u0131\u015f\u0131.<br><br><strong>10.40<\/strong><br>&#8220;Haytarma&#8221; Q\u0131r\u0131mtatar oyun ve y\u0131r ansambli<br><br><strong>11.00<\/strong><br>Balalar icadiy kollektivleri, &#8220;Tatl\u0131 ses&#8221; yar\u0131\u015f\u0131 \u011faliplerini\u00f1 \u00e7\u0131q\u0131\u015flar\u0131<br><br>&#8220;K\u00fcne\u015f\u00e7ik&#8221; (Kezlev)<br><br>&#8220;Cemile&#8221; (Aqmecit)<br><br>Raziye Seitablayeva<br><br>&#8220;G\u00fcldeste&#8221; (Aqmecit)<br><br>&#8220;Aqyar&#8221; (Aqyar)<br><br>Regina Vosik<br><br>&#8220;Y\u0131ld\u0131z\u00e7\u0131q&#8221;<br><br>Rozaliya Bekirova (Novoalekseyevka, Hersonskaya oblast)<br><br>Elina Sosnovskaya<br><br><strong>12.20<\/strong><br>&#8220;G\u00fczel Q\u0131r\u0131m&#8221; (Melitopol) q\u0131r\u0131mtatar halq oyun ve y\u0131r ansambli<br><br><strong>12.30<\/strong><br>&#8220;Q\u0131r\u0131m&#8221; folklor ansamblini\u00f1 \u00e7\u0131q\u0131\u015f\u0131<br><br>Q\u0131r\u0131mtatar halq\u0131 Meclisini\u00f1 reisi, Ukraina halq deputat\u0131 M.Cemilev, bayram musafirlerini\u00f1 hay\u0131rlavlar\u0131<br><br><strong>13.00<\/strong><br>&#8220;Qalaqay tedbiri&#8221;<br><br>&#8220;Q\u0131r\u0131m&#8221; ansamblini\u00f1 icras\u0131nda &#8220;H\u0131d\u0131rlez&#8221; kontsert programmas\u0131, 2-nci q\u0131s\u0131m<br><br><strong>13.20<\/strong><br>K\u00fcre\u015f yar\u0131\u015f\u0131n\u0131\u00f1 \u011faliplerini taqdirlev<br><br><strong>13. 30<\/strong><br>QMPU Kontsert programmas\u0131, milliy libaslar defilesi<br><br><strong>14.30<\/strong><br>Ukraina halq artisti Femi Mustafayevni\u00f1 \u00e7\u0131q\u0131\u015f\u0131<br><br><strong>15.10<\/strong><br>Enver \u0130zmaylovn\u0131\u00f1 \u00e7\u0131q\u0131\u015f\u0131<br><br><strong>15.30<\/strong><br>Jamalan\u0131\u00f1 \u00e7\u0131q\u0131\u015f\u0131<br><br><strong>16.30<\/strong><br>Garikler dueti<br><br><strong>16.35<\/strong><br>Natalya Nurmuhamedovan\u0131\u00f1 \u00e7\u0131q\u0131\u015f\u0131<br><br><strong>16.50<\/strong><br>Q\u0131r\u0131m Cumhuriyeti sanat\u00e7\u0131lar\u0131n\u0131\u00f1 kontsert programmas\u0131<br><br>Lenara Osmanova<br><br>&#8220;Hayat&#8221; Gruppas\u0131<br><br>Rustem Memetov<br><br>G\u00fclizar Bekirova<br><br>Seytabla Memetov<br><br>G\u00fczel<br><br>E\u015fnayt<br><br>Elnara K\u00fc\u00e7\u00fck<br><br>Edip Asanov<br><br>Fazile<br><br>Tatyana K\u00fc\u015fnir<br><br>Eldar Seytablayev<br><br>Elmira Nalbandova<br><br>Dil\u00e2ver \u00c7obanov<br><br>Zera Kenjikayeva<br><br>&#8220;Destan&#8221; Gruppas\u0131<br><br>&#8220;Hareket&#8221; Dueti<br><br>Afize Kasara<br><br>Asan Bel\u00e2lov<br><br>Zore Qad\u0131yeva<br><br><strong>18.00<\/strong><br>Bayramn\u0131\u00f1 so\u00f1u<br><br><br><br><strong>Sport yar\u0131\u015flar\u0131<\/strong><br><br><br><strong>11.00 \u2013 16.00<\/strong><br>K\u00fcre\u015f boyunca yar\u0131\u015f.<br><br><strong>11.00 \u2013 13.00<\/strong><br>\u015eahmat yar\u0131\u015flar\u0131<\/p>\n\n\n\n<p><strong>12.00 \u2013 14.00<\/strong><br>Armresling<br><br><strong>13.00 \u2013 15.00<\/strong><br>Dama turniri.<br><br><strong>13.30 \u2013 14.30<\/strong><br>At \u00fcst\u00fcnde \u00e7\u0131q\u0131\u015flar<br><br><strong>15.00 \u2013 16.00<\/strong><br>Arqan \u00e7ek\u00fcv yar\u0131\u015flar\u0131.<br><br><br>Sport meydapn\u00e7\u0131qlar\u0131nda yar\u0131\u015f \u011falipleri devaml\u0131 taqdirlenip turacaq<br><br>Bah\u015f\u0131\u015flar &#8220;PARK&#8221; kompaniyas\u0131 ve &#8220;DEF&#8221; \u015firketinden berilecek.<\/p>\n","protected":false},"excerpt":{"rendered":"<p>&#8220;\u015eaherezada&#8221; medeniy-eglence merkezi Aqmescit-Ba\u011f\u00e7asaray yolun\u0131\u00f1 25-nci kilometri Ulaql\u0131 k\u00f6y\u00fcne taba 09.00 \u2013 10.00Bayram i\u015ftirak\u00e7ileri ve musafirlerni qar\u015f\u0131lav 10.00 \u2013 18.00Kontsert programmas\u0131 (b\u00fcy\u00fck sahna). 11.00 \u2013 16.00Sport yar\u0131\u015flar\u0131. 10.00 \u2013 18.00Ameliy-sanat ustalar\u0131 eserlerini\u00f1 sergisi, milliy sanat boyunca ustal\u0131q dersleri 11.30M.Cemilev ve diger resmiy musafirlerni\u00f1 kel\u00fcvi; 11.30Q\u0131r\u0131mn\u0131\u00f1 \u00e7e\u015fit regionlar\u0131n\u0131 temsil etken \u00e7ad\u0131rlarn\u0131 dolanuv 12.30Bayramn\u0131\u00f1 tantanal\u0131 a\u00e7\u0131l\u0131\u015f\u0131. 13.30At [&hellip;]<\/p>\n","protected":false},"author":1,"featured_media":0,"comment_status":"open","ping_status":"open","sticky":false,"template":"","format":"standard","meta":{"inline_featured_image":false,"footnotes":""},"categories":[265],"tags":[],"class_list":["post-36773","post","type-post","status-publish","format-standard","hentry","category-haberler"],"acf":[],"yoast_head":"<!-- This site is optimized with the Yoast SEO plugin v27.4 - https:\/\/yoast.com\/product\/yoast-seo-wordpress\/ -->\n<title>Q\u0131r\u0131mtatar milliy \u00abH\u0131d\u0131rlez\u00bb bayram\u0131 tedbirlerini\u00f1 programmas\u0131 - \u041c\u0435\u0434\u0436\u043b\u0456\u0441<\/title>\n<meta name=\"robots\" content=\"index, follow, max-snippet:-1, max-image-preview:large, max-video-preview:-1\" \/>\n<link rel=\"canonical\" href=\"https:\/\/qtmm.org\/qt\/qirimtatar-milliy-hidirlez-bayrami-tedbirlerinin-programmasi\/\" \/>\n<meta property=\"og:locale\" content=\"en_US\" \/>\n<meta property=\"og:type\" content=\"article\" \/>\n<meta property=\"og:title\" content=\"Q\u0131r\u0131mtatar milliy \u00abH\u0131d\u0131rlez\u00bb bayram\u0131 tedbirlerini\u00f1 programmas\u0131 - \u041c\u0435\u0434\u0436\u043b\u0456\u0441\" \/>\n<meta property=\"og:description\" content=\"&#8220;\u015eaherezada&#8221; medeniy-eglence merkezi Aqmescit-Ba\u011f\u00e7asaray yolun\u0131\u00f1 25-nci kilometri Ulaql\u0131 k\u00f6y\u00fcne taba 09.00 \u2013 10.00Bayram i\u015ftirak\u00e7ileri ve musafirlerni qar\u015f\u0131lav 10.00 \u2013 18.00Kontsert programmas\u0131 (b\u00fcy\u00fck sahna). 11.00 \u2013 16.00Sport yar\u0131\u015flar\u0131. 10.00 \u2013 18.00Ameliy-sanat ustalar\u0131 eserlerini\u00f1 sergisi, milliy sanat boyunca ustal\u0131q dersleri 11.30M.Cemilev ve diger resmiy musafirlerni\u00f1 kel\u00fcvi; 11.30Q\u0131r\u0131mn\u0131\u00f1 \u00e7e\u015fit regionlar\u0131n\u0131 temsil etken \u00e7ad\u0131rlarn\u0131 dolanuv 12.30Bayramn\u0131\u00f1 tantanal\u0131 a\u00e7\u0131l\u0131\u015f\u0131. 13.30At [&hellip;]\" \/>\n<meta property=\"og:url\" content=\"https:\/\/qtmm.org\/qt\/qirimtatar-milliy-hidirlez-bayrami-tedbirlerinin-programmasi\/\" \/>\n<meta property=\"og:site_name\" content=\"\u041c\u0435\u0434\u0436\u043b\u0456\u0441\" \/>\n<meta property=\"article:publisher\" content=\"https:\/\/www.facebook.com\/qtmm.info\/\" \/>\n<meta property=\"article:published_time\" content=\"2013-05-04T19:42:00+00:00\" \/>\n<meta property=\"article:modified_time\" content=\"2022-01-23T19:43:54+00:00\" \/>\n<meta property=\"og:image\" content=\"https:\/\/qtmm.org\/wp-content\/uploads\/2022\/01\/v_tekst_19.jpeg\" \/>\n\t<meta property=\"og:image:width\" content=\"456\" \/>\n\t<meta property=\"og:image:height\" content=\"450\" \/>\n\t<meta property=\"og:image:type\" content=\"image\/jpeg\" \/>\n<meta name=\"author\" content=\"Developer\" \/>\n<meta name=\"twitter:card\" content=\"summary_large_image\" \/>\n<meta name=\"twitter:label1\" content=\"Written by\" \/>\n\t<meta name=\"twitter:data1\" content=\"Developer\" \/>\n\t<meta name=\"twitter:label2\" content=\"Est. reading time\" \/>\n\t<meta name=\"twitter:data2\" content=\"2 minutes\" \/>\n<script type=\"application\/ld+json\" class=\"yoast-schema-graph\">{\"@context\":\"https:\\\/\\\/schema.org\",\"@graph\":[{\"@type\":\"Article\",\"@id\":\"https:\\\/\\\/qtmm.org\\\/qt\\\/qirimtatar-milliy-hidirlez-bayrami-tedbirlerinin-programmasi\\\/#article\",\"isPartOf\":{\"@id\":\"https:\\\/\\\/qtmm.org\\\/qt\\\/qirimtatar-milliy-hidirlez-bayrami-tedbirlerinin-programmasi\\\/\"},\"author\":{\"name\":\"Developer\",\"@id\":\"https:\\\/\\\/qtmm.org\\\/qt\\\/#\\\/schema\\\/person\\\/de562469f971dec226ac06e60bbf74a7\"},\"headline\":\"Q\u0131r\u0131mtatar milliy \u00abH\u0131d\u0131rlez\u00bb bayram\u0131 tedbirlerini\u00f1 programmas\u0131\",\"datePublished\":\"2013-05-04T19:42:00+00:00\",\"dateModified\":\"2022-01-23T19:43:54+00:00\",\"mainEntityOfPage\":{\"@id\":\"https:\\\/\\\/qtmm.org\\\/qt\\\/qirimtatar-milliy-hidirlez-bayrami-tedbirlerinin-programmasi\\\/\"},\"wordCount\":369,\"commentCount\":0,\"publisher\":{\"@id\":\"https:\\\/\\\/qtmm.org\\\/qt\\\/#organization\"},\"image\":{\"@id\":\"https:\\\/\\\/qtmm.org\\\/qt\\\/qirimtatar-milliy-hidirlez-bayrami-tedbirlerinin-programmasi\\\/#primaryimage\"},\"thumbnailUrl\":\"http:\\\/\\\/qtmm.org\\\/wp-content\\\/uploads\\\/2022\\\/01\\\/v_tekst_19.jpeg\",\"articleSection\":[\"Haberler\"],\"inLanguage\":\"qt\",\"potentialAction\":[{\"@type\":\"CommentAction\",\"name\":\"Comment\",\"target\":[\"https:\\\/\\\/qtmm.org\\\/qt\\\/qirimtatar-milliy-hidirlez-bayrami-tedbirlerinin-programmasi\\\/#respond\"]}]},{\"@type\":\"WebPage\",\"@id\":\"https:\\\/\\\/qtmm.org\\\/qt\\\/qirimtatar-milliy-hidirlez-bayrami-tedbirlerinin-programmasi\\\/\",\"url\":\"https:\\\/\\\/qtmm.org\\\/qt\\\/qirimtatar-milliy-hidirlez-bayrami-tedbirlerinin-programmasi\\\/\",\"name\":\"Q\u0131r\u0131mtatar milliy \u00abH\u0131d\u0131rlez\u00bb bayram\u0131 tedbirlerini\u00f1 programmas\u0131 - \u041c\u0435\u0434\u0436\u043b\u0456\u0441\",\"isPartOf\":{\"@id\":\"https:\\\/\\\/qtmm.org\\\/qt\\\/#website\"},\"primaryImageOfPage\":{\"@id\":\"https:\\\/\\\/qtmm.org\\\/qt\\\/qirimtatar-milliy-hidirlez-bayrami-tedbirlerinin-programmasi\\\/#primaryimage\"},\"image\":{\"@id\":\"https:\\\/\\\/qtmm.org\\\/qt\\\/qirimtatar-milliy-hidirlez-bayrami-tedbirlerinin-programmasi\\\/#primaryimage\"},\"thumbnailUrl\":\"http:\\\/\\\/qtmm.org\\\/wp-content\\\/uploads\\\/2022\\\/01\\\/v_tekst_19.jpeg\",\"datePublished\":\"2013-05-04T19:42:00+00:00\",\"dateModified\":\"2022-01-23T19:43:54+00:00\",\"breadcrumb\":{\"@id\":\"https:\\\/\\\/qtmm.org\\\/qt\\\/qirimtatar-milliy-hidirlez-bayrami-tedbirlerinin-programmasi\\\/#breadcrumb\"},\"inLanguage\":\"qt\",\"potentialAction\":[{\"@type\":\"ReadAction\",\"target\":[\"https:\\\/\\\/qtmm.org\\\/qt\\\/qirimtatar-milliy-hidirlez-bayrami-tedbirlerinin-programmasi\\\/\"]}]},{\"@type\":\"ImageObject\",\"inLanguage\":\"qt\",\"@id\":\"https:\\\/\\\/qtmm.org\\\/qt\\\/qirimtatar-milliy-hidirlez-bayrami-tedbirlerinin-programmasi\\\/#primaryimage\",\"url\":\"http:\\\/\\\/qtmm.org\\\/wp-content\\\/uploads\\\/2022\\\/01\\\/v_tekst_19.jpeg\",\"contentUrl\":\"http:\\\/\\\/qtmm.org\\\/wp-content\\\/uploads\\\/2022\\\/01\\\/v_tekst_19.jpeg\"},{\"@type\":\"BreadcrumbList\",\"@id\":\"https:\\\/\\\/qtmm.org\\\/qt\\\/qirimtatar-milliy-hidirlez-bayrami-tedbirlerinin-programmasi\\\/#breadcrumb\",\"itemListElement\":[{\"@type\":\"ListItem\",\"position\":1,\"name\":\"\u0413\u043e\u043b\u043e\u0432\u043d\u0430\",\"item\":\"https:\\\/\\\/qtmm.org\\\/qt\\\/\"},{\"@type\":\"ListItem\",\"position\":2,\"name\":\"Q\u0131r\u0131mtatar milliy \u00abH\u0131d\u0131rlez\u00bb bayram\u0131 tedbirlerini\u00f1 programmas\u0131\"}]},{\"@type\":\"WebSite\",\"@id\":\"https:\\\/\\\/qtmm.org\\\/qt\\\/#website\",\"url\":\"https:\\\/\\\/qtmm.org\\\/qt\\\/\",\"name\":\"\u041c\u0435\u0434\u0436\u043b\u0456\u0441\",\"description\":\"\",\"publisher\":{\"@id\":\"https:\\\/\\\/qtmm.org\\\/qt\\\/#organization\"},\"potentialAction\":[{\"@type\":\"SearchAction\",\"target\":{\"@type\":\"EntryPoint\",\"urlTemplate\":\"https:\\\/\\\/qtmm.org\\\/qt\\\/?s={search_term_string}\"},\"query-input\":{\"@type\":\"PropertyValueSpecification\",\"valueRequired\":true,\"valueName\":\"search_term_string\"}}],\"inLanguage\":\"qt\"},{\"@type\":\"Organization\",\"@id\":\"https:\\\/\\\/qtmm.org\\\/qt\\\/#organization\",\"name\":\"\u041c\u0435\u0434\u0436\u043b\u0456\u0441\",\"url\":\"https:\\\/\\\/qtmm.org\\\/qt\\\/\",\"logo\":{\"@type\":\"ImageObject\",\"inLanguage\":\"qt\",\"@id\":\"https:\\\/\\\/qtmm.org\\\/qt\\\/#\\\/schema\\\/logo\\\/image\\\/\",\"url\":\"https:\\\/\\\/qtmm.org\\\/wp-content\\\/uploads\\\/2024\\\/12\\\/ua-mejlis-logo-rgb.svg\",\"contentUrl\":\"https:\\\/\\\/qtmm.org\\\/wp-content\\\/uploads\\\/2024\\\/12\\\/ua-mejlis-logo-rgb.svg\",\"caption\":\"\u041c\u0435\u0434\u0436\u043b\u0456\u0441\"},\"image\":{\"@id\":\"https:\\\/\\\/qtmm.org\\\/qt\\\/#\\\/schema\\\/logo\\\/image\\\/\"},\"sameAs\":[\"https:\\\/\\\/www.facebook.com\\\/qtmm.info\\\/\"]},{\"@type\":\"Person\",\"@id\":\"https:\\\/\\\/qtmm.org\\\/qt\\\/#\\\/schema\\\/person\\\/de562469f971dec226ac06e60bbf74a7\",\"name\":\"Developer\",\"image\":{\"@type\":\"ImageObject\",\"inLanguage\":\"qt\",\"@id\":\"https:\\\/\\\/secure.gravatar.com\\\/avatar\\\/392b4cc8fbfeb00b39dfeeab4ee6edded39ffd48e25858637e4765810300227e?s=96&d=mm&r=g\",\"url\":\"https:\\\/\\\/secure.gravatar.com\\\/avatar\\\/392b4cc8fbfeb00b39dfeeab4ee6edded39ffd48e25858637e4765810300227e?s=96&d=mm&r=g\",\"contentUrl\":\"https:\\\/\\\/secure.gravatar.com\\\/avatar\\\/392b4cc8fbfeb00b39dfeeab4ee6edded39ffd48e25858637e4765810300227e?s=96&d=mm&r=g\",\"caption\":\"Developer\"},\"url\":\"https:\\\/\\\/qtmm.org\\\/qt\\\/author\\\/Developer\\\/\"}]}<\/script>\n<!-- \/ Yoast SEO plugin. -->","yoast_head_json":{"title":"Q\u0131r\u0131mtatar milliy \u00abH\u0131d\u0131rlez\u00bb bayram\u0131 tedbirlerini\u00f1 programmas\u0131 - \u041c\u0435\u0434\u0436\u043b\u0456\u0441","robots":{"index":"index","follow":"follow","max-snippet":"max-snippet:-1","max-image-preview":"max-image-preview:large","max-video-preview":"max-video-preview:-1"},"canonical":"https:\/\/qtmm.org\/qt\/qirimtatar-milliy-hidirlez-bayrami-tedbirlerinin-programmasi\/","og_locale":"en_US","og_type":"article","og_title":"Q\u0131r\u0131mtatar milliy \u00abH\u0131d\u0131rlez\u00bb bayram\u0131 tedbirlerini\u00f1 programmas\u0131 - \u041c\u0435\u0434\u0436\u043b\u0456\u0441","og_description":"&#8220;\u015eaherezada&#8221; medeniy-eglence merkezi Aqmescit-Ba\u011f\u00e7asaray yolun\u0131\u00f1 25-nci kilometri Ulaql\u0131 k\u00f6y\u00fcne taba 09.00 \u2013 10.00Bayram i\u015ftirak\u00e7ileri ve musafirlerni qar\u015f\u0131lav 10.00 \u2013 18.00Kontsert programmas\u0131 (b\u00fcy\u00fck sahna). 11.00 \u2013 16.00Sport yar\u0131\u015flar\u0131. 10.00 \u2013 18.00Ameliy-sanat ustalar\u0131 eserlerini\u00f1 sergisi, milliy sanat boyunca ustal\u0131q dersleri 11.30M.Cemilev ve diger resmiy musafirlerni\u00f1 kel\u00fcvi; 11.30Q\u0131r\u0131mn\u0131\u00f1 \u00e7e\u015fit regionlar\u0131n\u0131 temsil etken \u00e7ad\u0131rlarn\u0131 dolanuv 12.30Bayramn\u0131\u00f1 tantanal\u0131 a\u00e7\u0131l\u0131\u015f\u0131. 13.30At [&hellip;]","og_url":"https:\/\/qtmm.org\/qt\/qirimtatar-milliy-hidirlez-bayrami-tedbirlerinin-programmasi\/","og_site_name":"\u041c\u0435\u0434\u0436\u043b\u0456\u0441","article_publisher":"https:\/\/www.facebook.com\/qtmm.info\/","article_published_time":"2013-05-04T19:42:00+00:00","article_modified_time":"2022-01-23T19:43:54+00:00","og_image":[{"width":456,"height":450,"url":"https:\/\/qtmm.org\/wp-content\/uploads\/2022\/01\/v_tekst_19.jpeg","type":"image\/jpeg"}],"author":"Developer","twitter_card":"summary_large_image","twitter_misc":{"Written by":"Developer","Est. reading time":"2 minutes"},"schema":{"@context":"https:\/\/schema.org","@graph":[{"@type":"Article","@id":"https:\/\/qtmm.org\/qt\/qirimtatar-milliy-hidirlez-bayrami-tedbirlerinin-programmasi\/#article","isPartOf":{"@id":"https:\/\/qtmm.org\/qt\/qirimtatar-milliy-hidirlez-bayrami-tedbirlerinin-programmasi\/"},"author":{"name":"Developer","@id":"https:\/\/qtmm.org\/qt\/#\/schema\/person\/de562469f971dec226ac06e60bbf74a7"},"headline":"Q\u0131r\u0131mtatar milliy \u00abH\u0131d\u0131rlez\u00bb bayram\u0131 tedbirlerini\u00f1 programmas\u0131","datePublished":"2013-05-04T19:42:00+00:00","dateModified":"2022-01-23T19:43:54+00:00","mainEntityOfPage":{"@id":"https:\/\/qtmm.org\/qt\/qirimtatar-milliy-hidirlez-bayrami-tedbirlerinin-programmasi\/"},"wordCount":369,"commentCount":0,"publisher":{"@id":"https:\/\/qtmm.org\/qt\/#organization"},"image":{"@id":"https:\/\/qtmm.org\/qt\/qirimtatar-milliy-hidirlez-bayrami-tedbirlerinin-programmasi\/#primaryimage"},"thumbnailUrl":"http:\/\/qtmm.org\/wp-content\/uploads\/2022\/01\/v_tekst_19.jpeg","articleSection":["Haberler"],"inLanguage":"qt","potentialAction":[{"@type":"CommentAction","name":"Comment","target":["https:\/\/qtmm.org\/qt\/qirimtatar-milliy-hidirlez-bayrami-tedbirlerinin-programmasi\/#respond"]}]},{"@type":"WebPage","@id":"https:\/\/qtmm.org\/qt\/qirimtatar-milliy-hidirlez-bayrami-tedbirlerinin-programmasi\/","url":"https:\/\/qtmm.org\/qt\/qirimtatar-milliy-hidirlez-bayrami-tedbirlerinin-programmasi\/","name":"Q\u0131r\u0131mtatar milliy \u00abH\u0131d\u0131rlez\u00bb bayram\u0131 tedbirlerini\u00f1 programmas\u0131 - \u041c\u0435\u0434\u0436\u043b\u0456\u0441","isPartOf":{"@id":"https:\/\/qtmm.org\/qt\/#website"},"primaryImageOfPage":{"@id":"https:\/\/qtmm.org\/qt\/qirimtatar-milliy-hidirlez-bayrami-tedbirlerinin-programmasi\/#primaryimage"},"image":{"@id":"https:\/\/qtmm.org\/qt\/qirimtatar-milliy-hidirlez-bayrami-tedbirlerinin-programmasi\/#primaryimage"},"thumbnailUrl":"http:\/\/qtmm.org\/wp-content\/uploads\/2022\/01\/v_tekst_19.jpeg","datePublished":"2013-05-04T19:42:00+00:00","dateModified":"2022-01-23T19:43:54+00:00","breadcrumb":{"@id":"https:\/\/qtmm.org\/qt\/qirimtatar-milliy-hidirlez-bayrami-tedbirlerinin-programmasi\/#breadcrumb"},"inLanguage":"qt","potentialAction":[{"@type":"ReadAction","target":["https:\/\/qtmm.org\/qt\/qirimtatar-milliy-hidirlez-bayrami-tedbirlerinin-programmasi\/"]}]},{"@type":"ImageObject","inLanguage":"qt","@id":"https:\/\/qtmm.org\/qt\/qirimtatar-milliy-hidirlez-bayrami-tedbirlerinin-programmasi\/#primaryimage","url":"http:\/\/qtmm.org\/wp-content\/uploads\/2022\/01\/v_tekst_19.jpeg","contentUrl":"http:\/\/qtmm.org\/wp-content\/uploads\/2022\/01\/v_tekst_19.jpeg"},{"@type":"BreadcrumbList","@id":"https:\/\/qtmm.org\/qt\/qirimtatar-milliy-hidirlez-bayrami-tedbirlerinin-programmasi\/#breadcrumb","itemListElement":[{"@type":"ListItem","position":1,"name":"\u0413\u043e\u043b\u043e\u0432\u043d\u0430","item":"https:\/\/qtmm.org\/qt\/"},{"@type":"ListItem","position":2,"name":"Q\u0131r\u0131mtatar milliy \u00abH\u0131d\u0131rlez\u00bb bayram\u0131 tedbirlerini\u00f1 programmas\u0131"}]},{"@type":"WebSite","@id":"https:\/\/qtmm.org\/qt\/#website","url":"https:\/\/qtmm.org\/qt\/","name":"\u041c\u0435\u0434\u0436\u043b\u0456\u0441","description":"","publisher":{"@id":"https:\/\/qtmm.org\/qt\/#organization"},"potentialAction":[{"@type":"SearchAction","target":{"@type":"EntryPoint","urlTemplate":"https:\/\/qtmm.org\/qt\/?s={search_term_string}"},"query-input":{"@type":"PropertyValueSpecification","valueRequired":true,"valueName":"search_term_string"}}],"inLanguage":"qt"},{"@type":"Organization","@id":"https:\/\/qtmm.org\/qt\/#organization","name":"\u041c\u0435\u0434\u0436\u043b\u0456\u0441","url":"https:\/\/qtmm.org\/qt\/","logo":{"@type":"ImageObject","inLanguage":"qt","@id":"https:\/\/qtmm.org\/qt\/#\/schema\/logo\/image\/","url":"https:\/\/qtmm.org\/wp-content\/uploads\/2024\/12\/ua-mejlis-logo-rgb.svg","contentUrl":"https:\/\/qtmm.org\/wp-content\/uploads\/2024\/12\/ua-mejlis-logo-rgb.svg","caption":"\u041c\u0435\u0434\u0436\u043b\u0456\u0441"},"image":{"@id":"https:\/\/qtmm.org\/qt\/#\/schema\/logo\/image\/"},"sameAs":["https:\/\/www.facebook.com\/qtmm.info\/"]},{"@type":"Person","@id":"https:\/\/qtmm.org\/qt\/#\/schema\/person\/de562469f971dec226ac06e60bbf74a7","name":"Developer","image":{"@type":"ImageObject","inLanguage":"qt","@id":"https:\/\/secure.gravatar.com\/avatar\/392b4cc8fbfeb00b39dfeeab4ee6edded39ffd48e25858637e4765810300227e?s=96&d=mm&r=g","url":"https:\/\/secure.gravatar.com\/avatar\/392b4cc8fbfeb00b39dfeeab4ee6edded39ffd48e25858637e4765810300227e?s=96&d=mm&r=g","contentUrl":"https:\/\/secure.gravatar.com\/avatar\/392b4cc8fbfeb00b39dfeeab4ee6edded39ffd48e25858637e4765810300227e?s=96&d=mm&r=g","caption":"Developer"},"url":"https:\/\/qtmm.org\/qt\/author\/Developer\/"}]}},"_links":{"self":[{"href":"https:\/\/qtmm.org\/qt\/wp-json\/wp\/v2\/posts\/36773","targetHints":{"allow":["GET"]}}],"collection":[{"href":"https:\/\/qtmm.org\/qt\/wp-json\/wp\/v2\/posts"}],"about":[{"href":"https:\/\/qtmm.org\/qt\/wp-json\/wp\/v2\/types\/post"}],"author":[{"embeddable":true,"href":"https:\/\/qtmm.org\/qt\/wp-json\/wp\/v2\/users\/1"}],"replies":[{"embeddable":true,"href":"https:\/\/qtmm.org\/qt\/wp-json\/wp\/v2\/comments?post=36773"}],"version-history":[{"count":1,"href":"https:\/\/qtmm.org\/qt\/wp-json\/wp\/v2\/posts\/36773\/revisions"}],"predecessor-version":[{"id":36778,"href":"https:\/\/qtmm.org\/qt\/wp-json\/wp\/v2\/posts\/36773\/revisions\/36778"}],"wp:attachment":[{"href":"https:\/\/qtmm.org\/qt\/wp-json\/wp\/v2\/media?parent=36773"}],"wp:term":[{"taxonomy":"category","embeddable":true,"href":"https:\/\/qtmm.org\/qt\/wp-json\/wp\/v2\/categories?post=36773"},{"taxonomy":"post_tag","embeddable":true,"href":"https:\/\/qtmm.org\/qt\/wp-json\/wp\/v2\/tags?post=36773"}],"curies":[{"name":"wp","href":"https:\/\/api.w.org\/{rel}","templated":true}]}}