




{"id":36767,"date":"2013-05-03T22:41:00","date_gmt":"2013-05-03T19:41:00","guid":{"rendered":"http:\/\/qtmm.org\/?p=36767"},"modified":"2022-01-23T22:42:31","modified_gmt":"2022-01-23T19:42:31","slug":"ukraina-insan-ve-az-sayili-tamir-halqlarnin-aqlarini-qorcalavda-halqara-tecribege-muhtac","status":"publish","type":"post","link":"https:\/\/qtmm.org\/qt\/ukraina-insan-ve-az-sayili-tamir-halqlarnin-aqlarini-qorcalavda-halqara-tecribege-muhtac\/","title":{"rendered":"Ukraina insan ve az say\u0131l\u0131 tam\u0131r halqlarn\u0131\u00f1 aqlar\u0131n\u0131 qor\u00e7alavda halqara tecribege muhtac"},"content":{"rendered":"\n<p>2013 senesi may\u0131s 3-te Meclis reisi, Ukraina halq deputat\u0131 Mustafa Cemilev&nbsp; Avstriyan\u0131\u00f1 Ukrainadaki Vefqulade ve Toluvek\u00e2letli el\u00e7isi&nbsp; Volf Ditrih Haym ile k\u00f6r\u00fc\u015fti. Ba\u011f\u00e7asarayda ol\u0131p ke\u00e7ken bu k\u00f6r\u00fc\u015f\u00fcvde Meclis reisini\u00f1 birinci muavini Refat \u00c7ubarov ve Meclisni\u00f1 t\u0131\u015fq\u0131 al\u00e2qalar b\u00f6l\u00fcgini\u00f1 ba\u015f\u0131 Ali Hamzin i\u015ftirak ettiler.<br>Subetde\u015fler Q\u0131r\u0131mda ve Ukrainada siyasiy-i\u00e7timaiy vaziyetnen ba\u011fl\u0131 bir s\u0131ra meselelerni, bun\u0131\u00f1 kibi q\u0131r\u0131mtatar halq\u0131n\u0131\u00f1 al\u0131n\u0131 da muzakere ettiler. Avstriya el\u00e7isini\u00f1 ricas\u0131na k\u00f6re Meclis reisi Praga\u011fa i\u015f ziyareti, \u00c7ehiya T\u0131\u015f i\u015flerini\u00f1 naziri Karel \u015evartsenberg ile ol\u011fan k\u00f6r\u00fc\u015f\u00fcvi aqq\u0131nda ik\u00e2ye etti.<\/p>\n\n\n\n<p>&#8220;Avropada tan\u0131l\u011fan ve ikmetli Karel \u015evartsenbergni\u00f1 Q\u0131r\u0131mtatar halq\u0131 vek\u00e2letli organ\u0131 Meclisni\u00f1 maqsadlar\u0131 ve q\u0131r\u0131mtatar halq\u0131 aqlar\u0131n\u0131 tiklev o\u011frundaki k\u00fcre\u015fine qoltutmas\u0131&nbsp; q\u0131r\u0131mtatar halq\u0131 meselesini\u00f1 \u00e7ezilmesine \u00fcm\u00fct&nbsp; ba\u011f\u0131\u015flay ve siltem bere, &#8211; dedi Mustafa Cemilev.&nbsp; \u2013 \u015eun\u0131 da qayd etmeli ki, \u00c7ehiyan\u0131\u00f1 T\u0131\u015f i\u015fler nazirligi Karel \u015evartsenbergni\u00f1 Meclis reberlerinen k\u00f6r\u00fc\u015f\u00fcvi aqq\u0131nda resmiy haber berdi. E\u00f1 m\u00fcimi ise \u00c7ehiya T\u0131\u015f i\u015fler nazirligi&nbsp; OSCE imayesi alt\u0131nda \u00f6tkerilecek Halqara forum ke\u00e7irilmesine yard\u0131m etmege az\u0131rl\u0131\u011f\u0131n\u0131 tekrar tasdiqlad\u0131&#8221;<\/p>\n\n\n\n<p>Milliy problemlerni \u00e7ez\u00fcvde\u00a0 Avropa tecribesini\u00f1 tesiri boyunca fikir payla\u015f\u0131l\u011fanda Meclis vekilleri 2013 senesi noyabr ay\u0131nda Viln\u00fcste ke\u00e7irilecek Ukraina-Avropa Birligi sammitini\u00f1 neticeleri q\u0131r\u0131mtatar meselesini\u00f1 \u00e7ezilmesine zarur \u015faraitler yarat\u0131r, degen \u00fcm\u00fct bildirdiler.<\/p>\n\n\n\n<p>&#8220;Avstriya bug\u00fcn Avropa devletleri cemiyetinde milliy meselelerni \u00e7ez\u00fcvde baya\u011f\u0131 bir tecribe saibi ol\u011fan\u0131 i\u00e7\u00fcn de q\u0131r\u0131mtatar problemini seslendirmege aql\u0131d\u0131r, &#8211; dedi Avstriyan\u0131\u00f1 Ukrainadaki Vefqulade ve Toluvek\u00e2letli el\u00e7isi&nbsp; Volf Ditrih Haym. \u2013 Milletler ve dinlerara stabilligi meseleleri er angi devalet i\u00e7\u00fcn e\u00f1 m\u00fcim mevzud\u0131r. Bu esnada Avstriya devleti \u00f6z tecribesinen payla\u015fma\u011fa az\u0131r olaraq, Ukrainan\u0131\u00f1 ocas\u0131 ya da ustaz\u0131 olmaq niyeti yoqt\u0131r&#8221;<\/p>\n\n\n\n<p>Halqara forum\u011fa az\u0131rl\u0131q meselelerini muzakere et\u00fcv&nbsp; devam\u0131nda&nbsp; Avstriyan\u0131\u00f1 el\u00e7isi&nbsp; V.D. Haym Meclis reberlerine forum ke\u00e7irilmesini\u00f1 tarafdar\u0131 ol\u011fan\u0131 ve meslekde\u015fleri ol\u011fan T\u00fcrkiyeni\u00f1 ve Amerikan\u0131\u00f1 Ukrainadaki el\u00e7ilerinen, olar ise belli ki Meclisni\u00f1 Forum\u011fa dair te\u015febb\u00fcslerini maqulleyler, s\u0131q\u0131 al\u00e2qada bulun\u011fan\u0131n\u0131 bildirdi.<\/p>\n\n\n\n<p>K\u00f6r\u00fc\u015f\u00fcvni\u00f1 so\u00f1unda taraflar dialog ve s\u0131q\u0131 emekda\u015fl\u0131qn\u0131 devam ettirmek istegini bildirdiler ve \u015fu munasebetle Avstriyan\u0131\u00f1 El\u00e7isi Meclis ba\u015fqan\u0131 Mustafa Cemilevni\u00f1 kendisi i\u00e7\u00fcn o\u00f1aytl\u0131 bir vaq\u0131tta Venan\u0131 ziyaret etmege davet etti.<\/p>\n","protected":false},"excerpt":{"rendered":"<p>2013 senesi may\u0131s 3-te Meclis reisi, Ukraina halq deputat\u0131 Mustafa Cemilev&nbsp; Avstriyan\u0131\u00f1 Ukrainadaki Vefqulade ve Toluvek\u00e2letli el\u00e7isi&nbsp; Volf Ditrih Haym ile k\u00f6r\u00fc\u015fti. Ba\u011f\u00e7asarayda ol\u0131p ke\u00e7ken bu k\u00f6r\u00fc\u015f\u00fcvde Meclis reisini\u00f1 birinci muavini Refat \u00c7ubarov ve Meclisni\u00f1 t\u0131\u015fq\u0131 al\u00e2qalar b\u00f6l\u00fcgini\u00f1 ba\u015f\u0131 Ali Hamzin i\u015ftirak ettiler.Subetde\u015fler Q\u0131r\u0131mda ve Ukrainada siyasiy-i\u00e7timaiy vaziyetnen ba\u011fl\u0131 bir s\u0131ra meselelerni, bun\u0131\u00f1 kibi q\u0131r\u0131mtatar [&hellip;]<\/p>\n","protected":false},"author":1,"featured_media":36768,"comment_status":"open","ping_status":"open","sticky":false,"template":"","format":"standard","meta":{"inline_featured_image":false,"footnotes":""},"categories":[265],"tags":[],"class_list":["post-36767","post","type-post","status-publish","format-standard","has-post-thumbnail","hentry","category-haberler"],"acf":[],"yoast_head":"<!-- This site is optimized with the Yoast SEO plugin v27.4 - https:\/\/yoast.com\/product\/yoast-seo-wordpress\/ -->\n<title>Ukraina insan ve az say\u0131l\u0131 tam\u0131r halqlarn\u0131\u00f1 aqlar\u0131n\u0131 qor\u00e7alavda halqara tecribege muhtac - \u041c\u0435\u0434\u0436\u043b\u0456\u0441<\/title>\n<meta name=\"robots\" content=\"index, follow, max-snippet:-1, max-image-preview:large, max-video-preview:-1\" \/>\n<link rel=\"canonical\" href=\"https:\/\/qtmm.org\/qt\/ukraina-insan-ve-az-sayili-tamir-halqlarnin-aqlarini-qorcalavda-halqara-tecribege-muhtac\/\" \/>\n<meta property=\"og:locale\" content=\"en_US\" \/>\n<meta property=\"og:type\" content=\"article\" \/>\n<meta property=\"og:title\" content=\"Ukraina insan ve az say\u0131l\u0131 tam\u0131r halqlarn\u0131\u00f1 aqlar\u0131n\u0131 qor\u00e7alavda halqara tecribege muhtac - \u041c\u0435\u0434\u0436\u043b\u0456\u0441\" \/>\n<meta property=\"og:description\" content=\"2013 senesi may\u0131s 3-te Meclis reisi, Ukraina halq deputat\u0131 Mustafa Cemilev&nbsp; Avstriyan\u0131\u00f1 Ukrainadaki Vefqulade ve Toluvek\u00e2letli el\u00e7isi&nbsp; Volf Ditrih Haym ile k\u00f6r\u00fc\u015fti. Ba\u011f\u00e7asarayda ol\u0131p ke\u00e7ken bu k\u00f6r\u00fc\u015f\u00fcvde Meclis reisini\u00f1 birinci muavini Refat \u00c7ubarov ve Meclisni\u00f1 t\u0131\u015fq\u0131 al\u00e2qalar b\u00f6l\u00fcgini\u00f1 ba\u015f\u0131 Ali Hamzin i\u015ftirak ettiler.Subetde\u015fler Q\u0131r\u0131mda ve Ukrainada siyasiy-i\u00e7timaiy vaziyetnen ba\u011fl\u0131 bir s\u0131ra meselelerni, bun\u0131\u00f1 kibi q\u0131r\u0131mtatar [&hellip;]\" \/>\n<meta property=\"og:url\" content=\"https:\/\/qtmm.org\/qt\/ukraina-insan-ve-az-sayili-tamir-halqlarnin-aqlarini-qorcalavda-halqara-tecribege-muhtac\/\" \/>\n<meta property=\"og:site_name\" content=\"\u041c\u0435\u0434\u0436\u043b\u0456\u0441\" \/>\n<meta property=\"article:publisher\" content=\"https:\/\/www.facebook.com\/qtmm.info\/\" \/>\n<meta property=\"article:published_time\" content=\"2013-05-03T19:41:00+00:00\" \/>\n<meta property=\"article:modified_time\" content=\"2022-01-23T19:42:31+00:00\" \/>\n<meta property=\"og:image\" content=\"https:\/\/qtmm.org\/wp-content\/uploads\/2022\/01\/img_1648.jpeg\" \/>\n\t<meta property=\"og:image:width\" content=\"682\" \/>\n\t<meta property=\"og:image:height\" content=\"525\" \/>\n\t<meta property=\"og:image:type\" content=\"image\/jpeg\" \/>\n<meta name=\"author\" content=\"Developer\" \/>\n<meta name=\"twitter:card\" content=\"summary_large_image\" \/>\n<meta name=\"twitter:label1\" content=\"Written by\" \/>\n\t<meta name=\"twitter:data1\" content=\"Developer\" \/>\n\t<meta name=\"twitter:label2\" content=\"Est. reading time\" \/>\n\t<meta name=\"twitter:data2\" content=\"2 minutes\" \/>\n<script type=\"application\/ld+json\" class=\"yoast-schema-graph\">{\"@context\":\"https:\\\/\\\/schema.org\",\"@graph\":[{\"@type\":\"Article\",\"@id\":\"https:\\\/\\\/qtmm.org\\\/qt\\\/ukraina-insan-ve-az-sayili-tamir-halqlarnin-aqlarini-qorcalavda-halqara-tecribege-muhtac\\\/#article\",\"isPartOf\":{\"@id\":\"https:\\\/\\\/qtmm.org\\\/qt\\\/ukraina-insan-ve-az-sayili-tamir-halqlarnin-aqlarini-qorcalavda-halqara-tecribege-muhtac\\\/\"},\"author\":{\"name\":\"Developer\",\"@id\":\"https:\\\/\\\/qtmm.org\\\/qt\\\/#\\\/schema\\\/person\\\/de562469f971dec226ac06e60bbf74a7\"},\"headline\":\"Ukraina insan ve az say\u0131l\u0131 tam\u0131r halqlarn\u0131\u00f1 aqlar\u0131n\u0131 qor\u00e7alavda halqara tecribege muhtac\",\"datePublished\":\"2013-05-03T19:41:00+00:00\",\"dateModified\":\"2022-01-23T19:42:31+00:00\",\"mainEntityOfPage\":{\"@id\":\"https:\\\/\\\/qtmm.org\\\/qt\\\/ukraina-insan-ve-az-sayili-tamir-halqlarnin-aqlarini-qorcalavda-halqara-tecribege-muhtac\\\/\"},\"wordCount\":452,\"commentCount\":0,\"publisher\":{\"@id\":\"https:\\\/\\\/qtmm.org\\\/qt\\\/#organization\"},\"image\":{\"@id\":\"https:\\\/\\\/qtmm.org\\\/qt\\\/ukraina-insan-ve-az-sayili-tamir-halqlarnin-aqlarini-qorcalavda-halqara-tecribege-muhtac\\\/#primaryimage\"},\"thumbnailUrl\":\"https:\\\/\\\/qtmm.org\\\/wp-content\\\/uploads\\\/2022\\\/01\\\/img_1648.jpeg\",\"articleSection\":[\"Haberler\"],\"inLanguage\":\"qt\",\"potentialAction\":[{\"@type\":\"CommentAction\",\"name\":\"Comment\",\"target\":[\"https:\\\/\\\/qtmm.org\\\/qt\\\/ukraina-insan-ve-az-sayili-tamir-halqlarnin-aqlarini-qorcalavda-halqara-tecribege-muhtac\\\/#respond\"]}]},{\"@type\":\"WebPage\",\"@id\":\"https:\\\/\\\/qtmm.org\\\/qt\\\/ukraina-insan-ve-az-sayili-tamir-halqlarnin-aqlarini-qorcalavda-halqara-tecribege-muhtac\\\/\",\"url\":\"https:\\\/\\\/qtmm.org\\\/qt\\\/ukraina-insan-ve-az-sayili-tamir-halqlarnin-aqlarini-qorcalavda-halqara-tecribege-muhtac\\\/\",\"name\":\"Ukraina insan ve az say\u0131l\u0131 tam\u0131r halqlarn\u0131\u00f1 aqlar\u0131n\u0131 qor\u00e7alavda halqara tecribege muhtac - \u041c\u0435\u0434\u0436\u043b\u0456\u0441\",\"isPartOf\":{\"@id\":\"https:\\\/\\\/qtmm.org\\\/qt\\\/#website\"},\"primaryImageOfPage\":{\"@id\":\"https:\\\/\\\/qtmm.org\\\/qt\\\/ukraina-insan-ve-az-sayili-tamir-halqlarnin-aqlarini-qorcalavda-halqara-tecribege-muhtac\\\/#primaryimage\"},\"image\":{\"@id\":\"https:\\\/\\\/qtmm.org\\\/qt\\\/ukraina-insan-ve-az-sayili-tamir-halqlarnin-aqlarini-qorcalavda-halqara-tecribege-muhtac\\\/#primaryimage\"},\"thumbnailUrl\":\"https:\\\/\\\/qtmm.org\\\/wp-content\\\/uploads\\\/2022\\\/01\\\/img_1648.jpeg\",\"datePublished\":\"2013-05-03T19:41:00+00:00\",\"dateModified\":\"2022-01-23T19:42:31+00:00\",\"breadcrumb\":{\"@id\":\"https:\\\/\\\/qtmm.org\\\/qt\\\/ukraina-insan-ve-az-sayili-tamir-halqlarnin-aqlarini-qorcalavda-halqara-tecribege-muhtac\\\/#breadcrumb\"},\"inLanguage\":\"qt\",\"potentialAction\":[{\"@type\":\"ReadAction\",\"target\":[\"https:\\\/\\\/qtmm.org\\\/qt\\\/ukraina-insan-ve-az-sayili-tamir-halqlarnin-aqlarini-qorcalavda-halqara-tecribege-muhtac\\\/\"]}]},{\"@type\":\"ImageObject\",\"inLanguage\":\"qt\",\"@id\":\"https:\\\/\\\/qtmm.org\\\/qt\\\/ukraina-insan-ve-az-sayili-tamir-halqlarnin-aqlarini-qorcalavda-halqara-tecribege-muhtac\\\/#primaryimage\",\"url\":\"https:\\\/\\\/qtmm.org\\\/wp-content\\\/uploads\\\/2022\\\/01\\\/img_1648.jpeg\",\"contentUrl\":\"https:\\\/\\\/qtmm.org\\\/wp-content\\\/uploads\\\/2022\\\/01\\\/img_1648.jpeg\",\"width\":682,\"height\":525},{\"@type\":\"BreadcrumbList\",\"@id\":\"https:\\\/\\\/qtmm.org\\\/qt\\\/ukraina-insan-ve-az-sayili-tamir-halqlarnin-aqlarini-qorcalavda-halqara-tecribege-muhtac\\\/#breadcrumb\",\"itemListElement\":[{\"@type\":\"ListItem\",\"position\":1,\"name\":\"\u0413\u043e\u043b\u043e\u0432\u043d\u0430\",\"item\":\"https:\\\/\\\/qtmm.org\\\/qt\\\/\"},{\"@type\":\"ListItem\",\"position\":2,\"name\":\"Ukraina insan ve az say\u0131l\u0131 tam\u0131r halqlarn\u0131\u00f1 aqlar\u0131n\u0131 qor\u00e7alavda halqara tecribege muhtac\"}]},{\"@type\":\"WebSite\",\"@id\":\"https:\\\/\\\/qtmm.org\\\/qt\\\/#website\",\"url\":\"https:\\\/\\\/qtmm.org\\\/qt\\\/\",\"name\":\"\u041c\u0435\u0434\u0436\u043b\u0456\u0441\",\"description\":\"\",\"publisher\":{\"@id\":\"https:\\\/\\\/qtmm.org\\\/qt\\\/#organization\"},\"potentialAction\":[{\"@type\":\"SearchAction\",\"target\":{\"@type\":\"EntryPoint\",\"urlTemplate\":\"https:\\\/\\\/qtmm.org\\\/qt\\\/?s={search_term_string}\"},\"query-input\":{\"@type\":\"PropertyValueSpecification\",\"valueRequired\":true,\"valueName\":\"search_term_string\"}}],\"inLanguage\":\"qt\"},{\"@type\":\"Organization\",\"@id\":\"https:\\\/\\\/qtmm.org\\\/qt\\\/#organization\",\"name\":\"\u041c\u0435\u0434\u0436\u043b\u0456\u0441\",\"url\":\"https:\\\/\\\/qtmm.org\\\/qt\\\/\",\"logo\":{\"@type\":\"ImageObject\",\"inLanguage\":\"qt\",\"@id\":\"https:\\\/\\\/qtmm.org\\\/qt\\\/#\\\/schema\\\/logo\\\/image\\\/\",\"url\":\"https:\\\/\\\/qtmm.org\\\/wp-content\\\/uploads\\\/2024\\\/12\\\/ua-mejlis-logo-rgb.svg\",\"contentUrl\":\"https:\\\/\\\/qtmm.org\\\/wp-content\\\/uploads\\\/2024\\\/12\\\/ua-mejlis-logo-rgb.svg\",\"caption\":\"\u041c\u0435\u0434\u0436\u043b\u0456\u0441\"},\"image\":{\"@id\":\"https:\\\/\\\/qtmm.org\\\/qt\\\/#\\\/schema\\\/logo\\\/image\\\/\"},\"sameAs\":[\"https:\\\/\\\/www.facebook.com\\\/qtmm.info\\\/\"]},{\"@type\":\"Person\",\"@id\":\"https:\\\/\\\/qtmm.org\\\/qt\\\/#\\\/schema\\\/person\\\/de562469f971dec226ac06e60bbf74a7\",\"name\":\"Developer\",\"image\":{\"@type\":\"ImageObject\",\"inLanguage\":\"qt\",\"@id\":\"https:\\\/\\\/secure.gravatar.com\\\/avatar\\\/392b4cc8fbfeb00b39dfeeab4ee6edded39ffd48e25858637e4765810300227e?s=96&d=mm&r=g\",\"url\":\"https:\\\/\\\/secure.gravatar.com\\\/avatar\\\/392b4cc8fbfeb00b39dfeeab4ee6edded39ffd48e25858637e4765810300227e?s=96&d=mm&r=g\",\"contentUrl\":\"https:\\\/\\\/secure.gravatar.com\\\/avatar\\\/392b4cc8fbfeb00b39dfeeab4ee6edded39ffd48e25858637e4765810300227e?s=96&d=mm&r=g\",\"caption\":\"Developer\"},\"url\":\"https:\\\/\\\/qtmm.org\\\/qt\\\/author\\\/Developer\\\/\"}]}<\/script>\n<!-- \/ Yoast SEO plugin. -->","yoast_head_json":{"title":"Ukraina insan ve az say\u0131l\u0131 tam\u0131r halqlarn\u0131\u00f1 aqlar\u0131n\u0131 qor\u00e7alavda halqara tecribege muhtac - \u041c\u0435\u0434\u0436\u043b\u0456\u0441","robots":{"index":"index","follow":"follow","max-snippet":"max-snippet:-1","max-image-preview":"max-image-preview:large","max-video-preview":"max-video-preview:-1"},"canonical":"https:\/\/qtmm.org\/qt\/ukraina-insan-ve-az-sayili-tamir-halqlarnin-aqlarini-qorcalavda-halqara-tecribege-muhtac\/","og_locale":"en_US","og_type":"article","og_title":"Ukraina insan ve az say\u0131l\u0131 tam\u0131r halqlarn\u0131\u00f1 aqlar\u0131n\u0131 qor\u00e7alavda halqara tecribege muhtac - \u041c\u0435\u0434\u0436\u043b\u0456\u0441","og_description":"2013 senesi may\u0131s 3-te Meclis reisi, Ukraina halq deputat\u0131 Mustafa Cemilev&nbsp; Avstriyan\u0131\u00f1 Ukrainadaki Vefqulade ve Toluvek\u00e2letli el\u00e7isi&nbsp; Volf Ditrih Haym ile k\u00f6r\u00fc\u015fti. Ba\u011f\u00e7asarayda ol\u0131p ke\u00e7ken bu k\u00f6r\u00fc\u015f\u00fcvde Meclis reisini\u00f1 birinci muavini Refat \u00c7ubarov ve Meclisni\u00f1 t\u0131\u015fq\u0131 al\u00e2qalar b\u00f6l\u00fcgini\u00f1 ba\u015f\u0131 Ali Hamzin i\u015ftirak ettiler.Subetde\u015fler Q\u0131r\u0131mda ve Ukrainada siyasiy-i\u00e7timaiy vaziyetnen ba\u011fl\u0131 bir s\u0131ra meselelerni, bun\u0131\u00f1 kibi q\u0131r\u0131mtatar [&hellip;]","og_url":"https:\/\/qtmm.org\/qt\/ukraina-insan-ve-az-sayili-tamir-halqlarnin-aqlarini-qorcalavda-halqara-tecribege-muhtac\/","og_site_name":"\u041c\u0435\u0434\u0436\u043b\u0456\u0441","article_publisher":"https:\/\/www.facebook.com\/qtmm.info\/","article_published_time":"2013-05-03T19:41:00+00:00","article_modified_time":"2022-01-23T19:42:31+00:00","og_image":[{"width":682,"height":525,"url":"https:\/\/qtmm.org\/wp-content\/uploads\/2022\/01\/img_1648.jpeg","type":"image\/jpeg"}],"author":"Developer","twitter_card":"summary_large_image","twitter_misc":{"Written by":"Developer","Est. reading time":"2 minutes"},"schema":{"@context":"https:\/\/schema.org","@graph":[{"@type":"Article","@id":"https:\/\/qtmm.org\/qt\/ukraina-insan-ve-az-sayili-tamir-halqlarnin-aqlarini-qorcalavda-halqara-tecribege-muhtac\/#article","isPartOf":{"@id":"https:\/\/qtmm.org\/qt\/ukraina-insan-ve-az-sayili-tamir-halqlarnin-aqlarini-qorcalavda-halqara-tecribege-muhtac\/"},"author":{"name":"Developer","@id":"https:\/\/qtmm.org\/qt\/#\/schema\/person\/de562469f971dec226ac06e60bbf74a7"},"headline":"Ukraina insan ve az say\u0131l\u0131 tam\u0131r halqlarn\u0131\u00f1 aqlar\u0131n\u0131 qor\u00e7alavda halqara tecribege muhtac","datePublished":"2013-05-03T19:41:00+00:00","dateModified":"2022-01-23T19:42:31+00:00","mainEntityOfPage":{"@id":"https:\/\/qtmm.org\/qt\/ukraina-insan-ve-az-sayili-tamir-halqlarnin-aqlarini-qorcalavda-halqara-tecribege-muhtac\/"},"wordCount":452,"commentCount":0,"publisher":{"@id":"https:\/\/qtmm.org\/qt\/#organization"},"image":{"@id":"https:\/\/qtmm.org\/qt\/ukraina-insan-ve-az-sayili-tamir-halqlarnin-aqlarini-qorcalavda-halqara-tecribege-muhtac\/#primaryimage"},"thumbnailUrl":"https:\/\/qtmm.org\/wp-content\/uploads\/2022\/01\/img_1648.jpeg","articleSection":["Haberler"],"inLanguage":"qt","potentialAction":[{"@type":"CommentAction","name":"Comment","target":["https:\/\/qtmm.org\/qt\/ukraina-insan-ve-az-sayili-tamir-halqlarnin-aqlarini-qorcalavda-halqara-tecribege-muhtac\/#respond"]}]},{"@type":"WebPage","@id":"https:\/\/qtmm.org\/qt\/ukraina-insan-ve-az-sayili-tamir-halqlarnin-aqlarini-qorcalavda-halqara-tecribege-muhtac\/","url":"https:\/\/qtmm.org\/qt\/ukraina-insan-ve-az-sayili-tamir-halqlarnin-aqlarini-qorcalavda-halqara-tecribege-muhtac\/","name":"Ukraina insan ve az say\u0131l\u0131 tam\u0131r halqlarn\u0131\u00f1 aqlar\u0131n\u0131 qor\u00e7alavda halqara tecribege muhtac - \u041c\u0435\u0434\u0436\u043b\u0456\u0441","isPartOf":{"@id":"https:\/\/qtmm.org\/qt\/#website"},"primaryImageOfPage":{"@id":"https:\/\/qtmm.org\/qt\/ukraina-insan-ve-az-sayili-tamir-halqlarnin-aqlarini-qorcalavda-halqara-tecribege-muhtac\/#primaryimage"},"image":{"@id":"https:\/\/qtmm.org\/qt\/ukraina-insan-ve-az-sayili-tamir-halqlarnin-aqlarini-qorcalavda-halqara-tecribege-muhtac\/#primaryimage"},"thumbnailUrl":"https:\/\/qtmm.org\/wp-content\/uploads\/2022\/01\/img_1648.jpeg","datePublished":"2013-05-03T19:41:00+00:00","dateModified":"2022-01-23T19:42:31+00:00","breadcrumb":{"@id":"https:\/\/qtmm.org\/qt\/ukraina-insan-ve-az-sayili-tamir-halqlarnin-aqlarini-qorcalavda-halqara-tecribege-muhtac\/#breadcrumb"},"inLanguage":"qt","potentialAction":[{"@type":"ReadAction","target":["https:\/\/qtmm.org\/qt\/ukraina-insan-ve-az-sayili-tamir-halqlarnin-aqlarini-qorcalavda-halqara-tecribege-muhtac\/"]}]},{"@type":"ImageObject","inLanguage":"qt","@id":"https:\/\/qtmm.org\/qt\/ukraina-insan-ve-az-sayili-tamir-halqlarnin-aqlarini-qorcalavda-halqara-tecribege-muhtac\/#primaryimage","url":"https:\/\/qtmm.org\/wp-content\/uploads\/2022\/01\/img_1648.jpeg","contentUrl":"https:\/\/qtmm.org\/wp-content\/uploads\/2022\/01\/img_1648.jpeg","width":682,"height":525},{"@type":"BreadcrumbList","@id":"https:\/\/qtmm.org\/qt\/ukraina-insan-ve-az-sayili-tamir-halqlarnin-aqlarini-qorcalavda-halqara-tecribege-muhtac\/#breadcrumb","itemListElement":[{"@type":"ListItem","position":1,"name":"\u0413\u043e\u043b\u043e\u0432\u043d\u0430","item":"https:\/\/qtmm.org\/qt\/"},{"@type":"ListItem","position":2,"name":"Ukraina insan ve az say\u0131l\u0131 tam\u0131r halqlarn\u0131\u00f1 aqlar\u0131n\u0131 qor\u00e7alavda halqara tecribege muhtac"}]},{"@type":"WebSite","@id":"https:\/\/qtmm.org\/qt\/#website","url":"https:\/\/qtmm.org\/qt\/","name":"\u041c\u0435\u0434\u0436\u043b\u0456\u0441","description":"","publisher":{"@id":"https:\/\/qtmm.org\/qt\/#organization"},"potentialAction":[{"@type":"SearchAction","target":{"@type":"EntryPoint","urlTemplate":"https:\/\/qtmm.org\/qt\/?s={search_term_string}"},"query-input":{"@type":"PropertyValueSpecification","valueRequired":true,"valueName":"search_term_string"}}],"inLanguage":"qt"},{"@type":"Organization","@id":"https:\/\/qtmm.org\/qt\/#organization","name":"\u041c\u0435\u0434\u0436\u043b\u0456\u0441","url":"https:\/\/qtmm.org\/qt\/","logo":{"@type":"ImageObject","inLanguage":"qt","@id":"https:\/\/qtmm.org\/qt\/#\/schema\/logo\/image\/","url":"https:\/\/qtmm.org\/wp-content\/uploads\/2024\/12\/ua-mejlis-logo-rgb.svg","contentUrl":"https:\/\/qtmm.org\/wp-content\/uploads\/2024\/12\/ua-mejlis-logo-rgb.svg","caption":"\u041c\u0435\u0434\u0436\u043b\u0456\u0441"},"image":{"@id":"https:\/\/qtmm.org\/qt\/#\/schema\/logo\/image\/"},"sameAs":["https:\/\/www.facebook.com\/qtmm.info\/"]},{"@type":"Person","@id":"https:\/\/qtmm.org\/qt\/#\/schema\/person\/de562469f971dec226ac06e60bbf74a7","name":"Developer","image":{"@type":"ImageObject","inLanguage":"qt","@id":"https:\/\/secure.gravatar.com\/avatar\/392b4cc8fbfeb00b39dfeeab4ee6edded39ffd48e25858637e4765810300227e?s=96&d=mm&r=g","url":"https:\/\/secure.gravatar.com\/avatar\/392b4cc8fbfeb00b39dfeeab4ee6edded39ffd48e25858637e4765810300227e?s=96&d=mm&r=g","contentUrl":"https:\/\/secure.gravatar.com\/avatar\/392b4cc8fbfeb00b39dfeeab4ee6edded39ffd48e25858637e4765810300227e?s=96&d=mm&r=g","caption":"Developer"},"url":"https:\/\/qtmm.org\/qt\/author\/Developer\/"}]}},"_links":{"self":[{"href":"https:\/\/qtmm.org\/qt\/wp-json\/wp\/v2\/posts\/36767","targetHints":{"allow":["GET"]}}],"collection":[{"href":"https:\/\/qtmm.org\/qt\/wp-json\/wp\/v2\/posts"}],"about":[{"href":"https:\/\/qtmm.org\/qt\/wp-json\/wp\/v2\/types\/post"}],"author":[{"embeddable":true,"href":"https:\/\/qtmm.org\/qt\/wp-json\/wp\/v2\/users\/1"}],"replies":[{"embeddable":true,"href":"https:\/\/qtmm.org\/qt\/wp-json\/wp\/v2\/comments?post=36767"}],"version-history":[{"count":1,"href":"https:\/\/qtmm.org\/qt\/wp-json\/wp\/v2\/posts\/36767\/revisions"}],"predecessor-version":[{"id":36772,"href":"https:\/\/qtmm.org\/qt\/wp-json\/wp\/v2\/posts\/36767\/revisions\/36772"}],"wp:featuredmedia":[{"embeddable":true,"href":"https:\/\/qtmm.org\/qt\/wp-json\/wp\/v2\/media\/36768"}],"wp:attachment":[{"href":"https:\/\/qtmm.org\/qt\/wp-json\/wp\/v2\/media?parent=36767"}],"wp:term":[{"taxonomy":"category","embeddable":true,"href":"https:\/\/qtmm.org\/qt\/wp-json\/wp\/v2\/categories?post=36767"},{"taxonomy":"post_tag","embeddable":true,"href":"https:\/\/qtmm.org\/qt\/wp-json\/wp\/v2\/tags?post=36767"}],"curies":[{"name":"wp","href":"https:\/\/api.w.org\/{rel}","templated":true}]}}