




{"id":36753,"date":"2013-05-03T22:40:00","date_gmt":"2013-05-03T19:40:00","guid":{"rendered":"http:\/\/qtmm.org\/?p=36753"},"modified":"2022-01-23T22:41:37","modified_gmt":"2022-01-23T19:41:37","slug":"kolnde-meclis-reisi-mustafa-cemilevnin-serefine-aqsam-yemegi","status":"publish","type":"post","link":"https:\/\/qtmm.org\/qt\/kolnde-meclis-reisi-mustafa-cemilevnin-serefine-aqsam-yemegi\/","title":{"rendered":"K\u00f6lnde Meclis reisi Mustafa Cemilevni\u00f1 \u015ferefine aq\u015fam yemegi"},"content":{"rendered":"\n<p>Aprel 26 k\u00fcn\u00fc aq\u015fam Almaniyadaki q\u0131r\u0131mtatar diasporas\u0131 Q\u0131r\u0131mtatar halq\u0131 Meclisini\u00f1 reisi Mustafa Cemilevni\u00f1 reberligindeki Meclis delegatsiyas\u0131n\u0131\u00f1 K\u00f6lnge kel\u00fcvi munasebetinen aq\u015fam yemegi berdi. B\u00fct\u00fcnd\u00fcnya q\u0131r\u0131mtatarlar kongressi Koordinatsion ke\u00f1e\u015fini\u00f1 Almaniyadan azas\u0131 Ahmet Ozay al\u0131p bar\u011fan bu tedbirde Almaniyan\u0131\u00f1 t\u00fcrk ve musulman cemiyetlerini\u00f1 yolba\u015f\u00e7\u0131lar\u0131, Avropadaki yetek\u00e7i t\u00fcrk k\u00fctleviy matbuat vastalar\u0131n\u0131\u00f1 vekilleri de bulund\u0131lar.<\/p>\n\n\n\n<p>C\u00fcmleden, yemekte musafirler aras\u0131nda \u011earbiy Frakiya T\u00fcrkler Avropa federatsiyas\u0131n\u0131\u00f1 reisi Halit Habipoglu ve on\u0131\u00f1 muavini Mustafa Qasap, &#8220;Alperen ocaqlar\u0131&#8221; cemiyetini\u00f1 reisi Muharrem Q\u0131l\u0131qaya, &#8220;Ayd\u0131nl\u0131q&#8221; gazetas\u0131ndan Erdem Buyruq\u00e7\u0131, Avropa T\u00fcrk-isl\u00e2m birligini\u00f1 prezidenti \u0130hsan \u00d6ner, Avropada Q\u0131r\u0131mtatar yard\u0131mla\u015fma ve medeniyet dernegini\u00f1 reisi Rafet Qaranl\u0131q, Bel\u00e7ika q\u0131r\u0131mtatarlar komitetinden, jurnalist Huseyin Donmez, K\u00f6ln \u015feer \u015furas\u0131n\u0131\u00f1 &#8220;Hristian demokratik partiya&#8221;s\u0131ndan azas\u0131 Erfan Qara, Frantsiya q\u0131r\u0131mtatar medeniyet ve yard\u0131mla\u015fma dernegini\u00f1 vekili Halil Aydemir, \u0130sl\u00c2m \u2013medeniyet merkezi direktorlar\u0131 ke\u00f1e\u015fini\u00f1 azas\u0131 Ersoy Sam, Niderlandda T\u00fcrk demokratlar\u0131 birligini\u00f1 vekili Ali K\u0131l\u0131\u00e7arslan, kanal &#8220;Yevropa&#8221; (&#8220;Kanal Avrupa&#8221;)dan Ali Rasa Akbas , K\u00f6lnde Ba\u015f konsull\u0131qn\u0131\u00f1 emek meseleleri boyunca atta\u015fesi \u00d6guz Tuncay, Avropa Milliy pozitsiya isl\u00e2m cemiyetini\u00f1 ba\u015f k\u00e2tibi \u00d6guz \u00dc\u00e7\u00fcnci, T\u00fcrkiye Gazetesinden Cemal Ozta\u015f, &#8220;Sabah&#8221; gazetas\u0131ndan \u0130brahim Ta\u015f , T\u00fcrk-alman dostlu\u011f\u0131 merkezinden Hicabi Saglam, Almaniyada T\u00fcrkiye demokratlar\u0131 Birligini\u00f1 vekili Metin Sirin, \u015eimaliy Reyn-Vestfaliyadaki &#8220;ye\u015filler&#8221; partiyas\u0131ndan parlamentte deputat Mustafa Gungor , Qat\u0131luv devlet komissiyas\u0131n\u0131\u00f1 reisi Arif Unal yer ald\u0131lar.<\/p>\n\n\n\n<p>Q\u0131r\u0131mtatar delegatsiyas\u0131n\u0131 Meclis t\u0131\u015fq\u0131 al\u00e2qalar b\u00f6l\u00fcgini\u00f1 ba\u015f\u0131 Ali Hamzin, Kiyevde q\u0131r\u0131mtatarlar cemiyetini\u00f1 reisi Aslan \u00d6mer Q\u0131r\u0131ml\u0131 ve Qurultay delegat\u0131 Rustem \u00dcmerov temsil ettiler.<\/p>\n\n\n\n<p>Meclis reisi q\u0131r\u0131mtatar halq\u0131n\u0131\u00f1 bug\u00fcnki al\u0131 ve halqn\u0131\u00f1 \u00f6m\u00fcrinde ol\u0131p ke\u00e7ken so\u00f1ki vaqialar aqq\u0131nda tafsil\u00e2tl\u0131 \u015fekilde a\u00f1latt\u0131. M. Cemilevni\u00f1 s\u00f6ylegenine k\u00f6re, Ukraina ve Q\u0131r\u0131m akimiyet organlar\u0131 so\u00f1ki vaq\u0131tta q\u0131r\u0131mtatar halq\u0131n\u0131\u00f1 aqlar\u0131n\u0131 qor\u00e7alamaq i\u00e7\u00fcn 1917 senesi qurul\u011fan Qurultayn\u0131 fesat i\u015fletip maqsadl\u0131 \u015fekilde yoq etmege \u00e7al\u0131\u015falar.<\/p>\n\n\n\n<figure class=\"wp-block-image size-full\"><img loading=\"lazy\" decoding=\"async\" width=\"650\" height=\"379\" src=\"http:\/\/qtmm.org\/wp-content\/uploads\/2022\/01\/ujin_2.jpeg\" alt=\"\" class=\"wp-image-36758\" srcset=\"https:\/\/qtmm.org\/wp-content\/uploads\/2022\/01\/ujin_2.jpeg 650w, https:\/\/qtmm.org\/wp-content\/uploads\/2022\/01\/ujin_2-300x175.jpeg 300w\" sizes=\"auto, (max-width: 650px) 100vw, 650px\" \/><\/figure>\n\n\n\n<p>Yemek vaqt\u0131nda i\u015ftirak\u00e7iler fikir payla\u015f\u0131p, er kes \u00f6z noqtai nazarini ifade etti ve yap\u0131c\u0131 tekliflerni seslendirdi. Q\u0131r\u0131mn\u0131\u00f1 ba\u015f naziri A. Mogil\u00f6v q\u0131r\u0131mtatarlar\u011fa qar\u015f\u0131 a\u00e7\u0131qtan-a\u00e7\u0131q nefretni te\u015fviq etkeni, k\u00fctleviy matbuat vastalar\u0131 arqal\u0131 1944 senesi s\u00fcrg\u00fcnlikni aqla\u011fan\u0131, 2007 senesi Ay-Petr da\u011f\u0131n\u0131\u00f1 t\u00f6pesinde bronetehnika ve sil\u00e2 yard\u0131m\u0131nda q\u0131r\u0131mtatarlarn\u0131\u00f1 qurulmalar\u0131n\u0131 darma-da\u011f\u0131n etkeni, bug\u00fcn ise Qurultay-Meclisni yoq et\u00fcvni\u00f1 ba\u015f te\u015febb\u00fcs\u00e7isi ol\u011fan\u0131 tedbir i\u015ftirak\u00e7ileri taraf\u0131ndan keskin qaraland\u0131.<\/p>\n\n\n\n<p>Q\u0131r\u0131mda Mogil\u00f6vn\u0131\u00f1 te\u015febb\u00fcsinen akimiyet organlar\u0131ndan q\u0131r\u0131mtatarlarn\u0131 milliy mens\u00fcpligi ve vek\u00e2letli organ\u011fa yaq\u0131nl\u0131qlar\u0131 i\u00e7\u00fcn i\u015ften bo\u015fat\u0131l\u011fanlar\u0131 ayr\u0131ca muzakere etildi.<\/p>\n\n\n\n<p>K\u00f6r\u00fc\u015f\u00fcvde Q\u0131r\u0131m \u00fck\u00fcmetini\u00f1 ba\u015f\u0131, q\u0131r\u0131mtatarlar\u011fa nisbeten millet ay\u0131ruv keyfi ve areketlerinen belli ol\u011fan bu i\u011fren\u00e7 ki\u015fi Q\u0131r\u0131m musulmanlar\u0131na nisbeten &#8220;ukrain Milo\u015fevi\u00e7i&#8221; rol\u00fcni oynama\u011fa az\u0131rlana \u011faliba. Q\u0131r\u0131mda q\u0131r\u0131mtatar halq\u0131na nisbeten i\u00e7 t\u00fc\u015f\u00fcnilmegen ve \u00f6g\u00fc qapal\u0131 siyasetke Ukraina merkeziy akimiyeti hadimleri l\u00e2qayd yana\u015fqanlar\u0131 tedbir i\u015ftirak\u00e7ilerini a\u00e7uvland\u0131rd\u0131. Yemek musafirleri Avropa Birligi hudud\u0131nda T\u00fcrkiy cemaat te\u015fkil\u00e2tlar\u0131n\u0131\u00f1 vefqulade qurultay\u0131n\u0131 te\u015fkil etmege az\u0131r ol\u011fanlar\u0131n\u0131 bildirdiler. Bun\u0131\u00f1 kibi de Ukrainada q\u0131r\u0131mtatarlarn\u0131\u00f1 aqlar\u0131n\u0131 qor\u00e7alav boyunca leyhalar seslendirilip, \u015fu leyhalarn\u0131\u00f1 keni\u015f d\u00fcnya cemaat\u00e7\u0131l\u0131\u011f\u0131na bildirilmesi husus\u0131nda fikir payla\u015f\u0131ld\u0131.<\/p>\n\n\n\n<p>Ziyaret devam\u0131nda Meclis reisi Mustafa Cemilevnen beraber K\u00f6lnde Meclis t\u0131\u015fq\u0131 al\u00e2qalar b\u00f6l\u00fcgini\u00f1 ba\u015f\u0131 Ali Hamzin, Kiyevde q\u0131r\u0131mtatarlar cemiyetini\u00f1 reisi Aslan \u00d6mer Q\u0131r\u0131ml\u0131 ve Qurultay delegat\u0131 Rustem \u00dcmerov bulund\u0131lar.<\/p>\n\n\n\n<figure class=\"wp-block-image size-full\"><img loading=\"lazy\" decoding=\"async\" width=\"650\" height=\"492\" src=\"http:\/\/qtmm.org\/wp-content\/uploads\/2022\/01\/ujin_4.jpeg\" alt=\"\" class=\"wp-image-36762\" srcset=\"https:\/\/qtmm.org\/wp-content\/uploads\/2022\/01\/ujin_4.jpeg 650w, https:\/\/qtmm.org\/wp-content\/uploads\/2022\/01\/ujin_4-300x227.jpeg 300w\" sizes=\"auto, (max-width: 650px) 100vw, 650px\" \/><\/figure>\n","protected":false},"excerpt":{"rendered":"<p>Aprel 26 k\u00fcn\u00fc aq\u015fam Almaniyadaki q\u0131r\u0131mtatar diasporas\u0131 Q\u0131r\u0131mtatar halq\u0131 Meclisini\u00f1 reisi Mustafa Cemilevni\u00f1 reberligindeki Meclis delegatsiyas\u0131n\u0131\u00f1 K\u00f6lnge kel\u00fcvi munasebetinen aq\u015fam yemegi berdi. B\u00fct\u00fcnd\u00fcnya q\u0131r\u0131mtatarlar kongressi Koordinatsion ke\u00f1e\u015fini\u00f1 Almaniyadan azas\u0131 Ahmet Ozay al\u0131p bar\u011fan bu tedbirde Almaniyan\u0131\u00f1 t\u00fcrk ve musulman cemiyetlerini\u00f1 yolba\u015f\u00e7\u0131lar\u0131, Avropadaki yetek\u00e7i t\u00fcrk k\u00fctleviy matbuat vastalar\u0131n\u0131\u00f1 vekilleri de bulund\u0131lar. C\u00fcmleden, yemekte musafirler aras\u0131nda \u011earbiy [&hellip;]<\/p>\n","protected":false},"author":1,"featured_media":36754,"comment_status":"open","ping_status":"open","sticky":false,"template":"","format":"standard","meta":{"inline_featured_image":false,"footnotes":""},"categories":[265],"tags":[],"class_list":["post-36753","post","type-post","status-publish","format-standard","has-post-thumbnail","hentry","category-haberler"],"acf":[],"yoast_head":"<!-- This site is optimized with the Yoast SEO plugin v27.4 - https:\/\/yoast.com\/product\/yoast-seo-wordpress\/ -->\n<title>K\u00f6lnde Meclis reisi Mustafa Cemilevni\u00f1 \u015ferefine aq\u015fam yemegi - \u041c\u0435\u0434\u0436\u043b\u0456\u0441<\/title>\n<meta name=\"robots\" content=\"index, follow, max-snippet:-1, max-image-preview:large, max-video-preview:-1\" \/>\n<link rel=\"canonical\" href=\"https:\/\/qtmm.org\/qt\/kolnde-meclis-reisi-mustafa-cemilevnin-serefine-aqsam-yemegi\/\" \/>\n<meta property=\"og:locale\" content=\"en_US\" \/>\n<meta property=\"og:type\" content=\"article\" \/>\n<meta property=\"og:title\" content=\"K\u00f6lnde Meclis reisi Mustafa Cemilevni\u00f1 \u015ferefine aq\u015fam yemegi - \u041c\u0435\u0434\u0436\u043b\u0456\u0441\" \/>\n<meta property=\"og:description\" content=\"Aprel 26 k\u00fcn\u00fc aq\u015fam Almaniyadaki q\u0131r\u0131mtatar diasporas\u0131 Q\u0131r\u0131mtatar halq\u0131 Meclisini\u00f1 reisi Mustafa Cemilevni\u00f1 reberligindeki Meclis delegatsiyas\u0131n\u0131\u00f1 K\u00f6lnge kel\u00fcvi munasebetinen aq\u015fam yemegi berdi. B\u00fct\u00fcnd\u00fcnya q\u0131r\u0131mtatarlar kongressi Koordinatsion ke\u00f1e\u015fini\u00f1 Almaniyadan azas\u0131 Ahmet Ozay al\u0131p bar\u011fan bu tedbirde Almaniyan\u0131\u00f1 t\u00fcrk ve musulman cemiyetlerini\u00f1 yolba\u015f\u00e7\u0131lar\u0131, Avropadaki yetek\u00e7i t\u00fcrk k\u00fctleviy matbuat vastalar\u0131n\u0131\u00f1 vekilleri de bulund\u0131lar. C\u00fcmleden, yemekte musafirler aras\u0131nda \u011earbiy [&hellip;]\" \/>\n<meta property=\"og:url\" content=\"https:\/\/qtmm.org\/qt\/kolnde-meclis-reisi-mustafa-cemilevnin-serefine-aqsam-yemegi\/\" \/>\n<meta property=\"og:site_name\" content=\"\u041c\u0435\u0434\u0436\u043b\u0456\u0441\" \/>\n<meta property=\"article:publisher\" content=\"https:\/\/www.facebook.com\/qtmm.info\/\" \/>\n<meta property=\"article:published_time\" content=\"2013-05-03T19:40:00+00:00\" \/>\n<meta property=\"article:modified_time\" content=\"2022-01-23T19:41:37+00:00\" \/>\n<meta property=\"og:image\" content=\"https:\/\/qtmm.org\/wp-content\/uploads\/2022\/01\/ujin_1.jpeg\" \/>\n\t<meta property=\"og:image:width\" content=\"650\" \/>\n\t<meta property=\"og:image:height\" content=\"358\" \/>\n\t<meta property=\"og:image:type\" content=\"image\/jpeg\" \/>\n<meta name=\"author\" content=\"Developer\" \/>\n<meta name=\"twitter:card\" content=\"summary_large_image\" \/>\n<meta name=\"twitter:label1\" content=\"Written by\" \/>\n\t<meta name=\"twitter:data1\" content=\"Developer\" \/>\n\t<meta name=\"twitter:label2\" content=\"Est. reading time\" \/>\n\t<meta name=\"twitter:data2\" content=\"3 minutes\" \/>\n<script type=\"application\/ld+json\" class=\"yoast-schema-graph\">{\"@context\":\"https:\\\/\\\/schema.org\",\"@graph\":[{\"@type\":\"Article\",\"@id\":\"https:\\\/\\\/qtmm.org\\\/qt\\\/kolnde-meclis-reisi-mustafa-cemilevnin-serefine-aqsam-yemegi\\\/#article\",\"isPartOf\":{\"@id\":\"https:\\\/\\\/qtmm.org\\\/qt\\\/kolnde-meclis-reisi-mustafa-cemilevnin-serefine-aqsam-yemegi\\\/\"},\"author\":{\"name\":\"Developer\",\"@id\":\"https:\\\/\\\/qtmm.org\\\/qt\\\/#\\\/schema\\\/person\\\/de562469f971dec226ac06e60bbf74a7\"},\"headline\":\"K\u00f6lnde Meclis reisi Mustafa Cemilevni\u00f1 \u015ferefine aq\u015fam yemegi\",\"datePublished\":\"2013-05-03T19:40:00+00:00\",\"dateModified\":\"2022-01-23T19:41:37+00:00\",\"mainEntityOfPage\":{\"@id\":\"https:\\\/\\\/qtmm.org\\\/qt\\\/kolnde-meclis-reisi-mustafa-cemilevnin-serefine-aqsam-yemegi\\\/\"},\"wordCount\":677,\"commentCount\":0,\"publisher\":{\"@id\":\"https:\\\/\\\/qtmm.org\\\/qt\\\/#organization\"},\"image\":{\"@id\":\"https:\\\/\\\/qtmm.org\\\/qt\\\/kolnde-meclis-reisi-mustafa-cemilevnin-serefine-aqsam-yemegi\\\/#primaryimage\"},\"thumbnailUrl\":\"https:\\\/\\\/qtmm.org\\\/wp-content\\\/uploads\\\/2022\\\/01\\\/ujin_1.jpeg\",\"articleSection\":[\"Haberler\"],\"inLanguage\":\"qt\",\"potentialAction\":[{\"@type\":\"CommentAction\",\"name\":\"Comment\",\"target\":[\"https:\\\/\\\/qtmm.org\\\/qt\\\/kolnde-meclis-reisi-mustafa-cemilevnin-serefine-aqsam-yemegi\\\/#respond\"]}]},{\"@type\":\"WebPage\",\"@id\":\"https:\\\/\\\/qtmm.org\\\/qt\\\/kolnde-meclis-reisi-mustafa-cemilevnin-serefine-aqsam-yemegi\\\/\",\"url\":\"https:\\\/\\\/qtmm.org\\\/qt\\\/kolnde-meclis-reisi-mustafa-cemilevnin-serefine-aqsam-yemegi\\\/\",\"name\":\"K\u00f6lnde Meclis reisi Mustafa Cemilevni\u00f1 \u015ferefine aq\u015fam yemegi - \u041c\u0435\u0434\u0436\u043b\u0456\u0441\",\"isPartOf\":{\"@id\":\"https:\\\/\\\/qtmm.org\\\/qt\\\/#website\"},\"primaryImageOfPage\":{\"@id\":\"https:\\\/\\\/qtmm.org\\\/qt\\\/kolnde-meclis-reisi-mustafa-cemilevnin-serefine-aqsam-yemegi\\\/#primaryimage\"},\"image\":{\"@id\":\"https:\\\/\\\/qtmm.org\\\/qt\\\/kolnde-meclis-reisi-mustafa-cemilevnin-serefine-aqsam-yemegi\\\/#primaryimage\"},\"thumbnailUrl\":\"https:\\\/\\\/qtmm.org\\\/wp-content\\\/uploads\\\/2022\\\/01\\\/ujin_1.jpeg\",\"datePublished\":\"2013-05-03T19:40:00+00:00\",\"dateModified\":\"2022-01-23T19:41:37+00:00\",\"breadcrumb\":{\"@id\":\"https:\\\/\\\/qtmm.org\\\/qt\\\/kolnde-meclis-reisi-mustafa-cemilevnin-serefine-aqsam-yemegi\\\/#breadcrumb\"},\"inLanguage\":\"qt\",\"potentialAction\":[{\"@type\":\"ReadAction\",\"target\":[\"https:\\\/\\\/qtmm.org\\\/qt\\\/kolnde-meclis-reisi-mustafa-cemilevnin-serefine-aqsam-yemegi\\\/\"]}]},{\"@type\":\"ImageObject\",\"inLanguage\":\"qt\",\"@id\":\"https:\\\/\\\/qtmm.org\\\/qt\\\/kolnde-meclis-reisi-mustafa-cemilevnin-serefine-aqsam-yemegi\\\/#primaryimage\",\"url\":\"https:\\\/\\\/qtmm.org\\\/wp-content\\\/uploads\\\/2022\\\/01\\\/ujin_1.jpeg\",\"contentUrl\":\"https:\\\/\\\/qtmm.org\\\/wp-content\\\/uploads\\\/2022\\\/01\\\/ujin_1.jpeg\",\"width\":650,\"height\":358},{\"@type\":\"BreadcrumbList\",\"@id\":\"https:\\\/\\\/qtmm.org\\\/qt\\\/kolnde-meclis-reisi-mustafa-cemilevnin-serefine-aqsam-yemegi\\\/#breadcrumb\",\"itemListElement\":[{\"@type\":\"ListItem\",\"position\":1,\"name\":\"\u0413\u043e\u043b\u043e\u0432\u043d\u0430\",\"item\":\"https:\\\/\\\/qtmm.org\\\/qt\\\/\"},{\"@type\":\"ListItem\",\"position\":2,\"name\":\"K\u00f6lnde Meclis reisi Mustafa Cemilevni\u00f1 \u015ferefine aq\u015fam yemegi\"}]},{\"@type\":\"WebSite\",\"@id\":\"https:\\\/\\\/qtmm.org\\\/qt\\\/#website\",\"url\":\"https:\\\/\\\/qtmm.org\\\/qt\\\/\",\"name\":\"\u041c\u0435\u0434\u0436\u043b\u0456\u0441\",\"description\":\"\",\"publisher\":{\"@id\":\"https:\\\/\\\/qtmm.org\\\/qt\\\/#organization\"},\"potentialAction\":[{\"@type\":\"SearchAction\",\"target\":{\"@type\":\"EntryPoint\",\"urlTemplate\":\"https:\\\/\\\/qtmm.org\\\/qt\\\/?s={search_term_string}\"},\"query-input\":{\"@type\":\"PropertyValueSpecification\",\"valueRequired\":true,\"valueName\":\"search_term_string\"}}],\"inLanguage\":\"qt\"},{\"@type\":\"Organization\",\"@id\":\"https:\\\/\\\/qtmm.org\\\/qt\\\/#organization\",\"name\":\"\u041c\u0435\u0434\u0436\u043b\u0456\u0441\",\"url\":\"https:\\\/\\\/qtmm.org\\\/qt\\\/\",\"logo\":{\"@type\":\"ImageObject\",\"inLanguage\":\"qt\",\"@id\":\"https:\\\/\\\/qtmm.org\\\/qt\\\/#\\\/schema\\\/logo\\\/image\\\/\",\"url\":\"https:\\\/\\\/qtmm.org\\\/wp-content\\\/uploads\\\/2024\\\/12\\\/ua-mejlis-logo-rgb.svg\",\"contentUrl\":\"https:\\\/\\\/qtmm.org\\\/wp-content\\\/uploads\\\/2024\\\/12\\\/ua-mejlis-logo-rgb.svg\",\"caption\":\"\u041c\u0435\u0434\u0436\u043b\u0456\u0441\"},\"image\":{\"@id\":\"https:\\\/\\\/qtmm.org\\\/qt\\\/#\\\/schema\\\/logo\\\/image\\\/\"},\"sameAs\":[\"https:\\\/\\\/www.facebook.com\\\/qtmm.info\\\/\"]},{\"@type\":\"Person\",\"@id\":\"https:\\\/\\\/qtmm.org\\\/qt\\\/#\\\/schema\\\/person\\\/de562469f971dec226ac06e60bbf74a7\",\"name\":\"Developer\",\"image\":{\"@type\":\"ImageObject\",\"inLanguage\":\"qt\",\"@id\":\"https:\\\/\\\/secure.gravatar.com\\\/avatar\\\/392b4cc8fbfeb00b39dfeeab4ee6edded39ffd48e25858637e4765810300227e?s=96&d=mm&r=g\",\"url\":\"https:\\\/\\\/secure.gravatar.com\\\/avatar\\\/392b4cc8fbfeb00b39dfeeab4ee6edded39ffd48e25858637e4765810300227e?s=96&d=mm&r=g\",\"contentUrl\":\"https:\\\/\\\/secure.gravatar.com\\\/avatar\\\/392b4cc8fbfeb00b39dfeeab4ee6edded39ffd48e25858637e4765810300227e?s=96&d=mm&r=g\",\"caption\":\"Developer\"},\"url\":\"https:\\\/\\\/qtmm.org\\\/qt\\\/author\\\/Developer\\\/\"}]}<\/script>\n<!-- \/ Yoast SEO plugin. -->","yoast_head_json":{"title":"K\u00f6lnde Meclis reisi Mustafa Cemilevni\u00f1 \u015ferefine aq\u015fam yemegi - \u041c\u0435\u0434\u0436\u043b\u0456\u0441","robots":{"index":"index","follow":"follow","max-snippet":"max-snippet:-1","max-image-preview":"max-image-preview:large","max-video-preview":"max-video-preview:-1"},"canonical":"https:\/\/qtmm.org\/qt\/kolnde-meclis-reisi-mustafa-cemilevnin-serefine-aqsam-yemegi\/","og_locale":"en_US","og_type":"article","og_title":"K\u00f6lnde Meclis reisi Mustafa Cemilevni\u00f1 \u015ferefine aq\u015fam yemegi - \u041c\u0435\u0434\u0436\u043b\u0456\u0441","og_description":"Aprel 26 k\u00fcn\u00fc aq\u015fam Almaniyadaki q\u0131r\u0131mtatar diasporas\u0131 Q\u0131r\u0131mtatar halq\u0131 Meclisini\u00f1 reisi Mustafa Cemilevni\u00f1 reberligindeki Meclis delegatsiyas\u0131n\u0131\u00f1 K\u00f6lnge kel\u00fcvi munasebetinen aq\u015fam yemegi berdi. B\u00fct\u00fcnd\u00fcnya q\u0131r\u0131mtatarlar kongressi Koordinatsion ke\u00f1e\u015fini\u00f1 Almaniyadan azas\u0131 Ahmet Ozay al\u0131p bar\u011fan bu tedbirde Almaniyan\u0131\u00f1 t\u00fcrk ve musulman cemiyetlerini\u00f1 yolba\u015f\u00e7\u0131lar\u0131, Avropadaki yetek\u00e7i t\u00fcrk k\u00fctleviy matbuat vastalar\u0131n\u0131\u00f1 vekilleri de bulund\u0131lar. C\u00fcmleden, yemekte musafirler aras\u0131nda \u011earbiy [&hellip;]","og_url":"https:\/\/qtmm.org\/qt\/kolnde-meclis-reisi-mustafa-cemilevnin-serefine-aqsam-yemegi\/","og_site_name":"\u041c\u0435\u0434\u0436\u043b\u0456\u0441","article_publisher":"https:\/\/www.facebook.com\/qtmm.info\/","article_published_time":"2013-05-03T19:40:00+00:00","article_modified_time":"2022-01-23T19:41:37+00:00","og_image":[{"width":650,"height":358,"url":"https:\/\/qtmm.org\/wp-content\/uploads\/2022\/01\/ujin_1.jpeg","type":"image\/jpeg"}],"author":"Developer","twitter_card":"summary_large_image","twitter_misc":{"Written by":"Developer","Est. reading time":"3 minutes"},"schema":{"@context":"https:\/\/schema.org","@graph":[{"@type":"Article","@id":"https:\/\/qtmm.org\/qt\/kolnde-meclis-reisi-mustafa-cemilevnin-serefine-aqsam-yemegi\/#article","isPartOf":{"@id":"https:\/\/qtmm.org\/qt\/kolnde-meclis-reisi-mustafa-cemilevnin-serefine-aqsam-yemegi\/"},"author":{"name":"Developer","@id":"https:\/\/qtmm.org\/qt\/#\/schema\/person\/de562469f971dec226ac06e60bbf74a7"},"headline":"K\u00f6lnde Meclis reisi Mustafa Cemilevni\u00f1 \u015ferefine aq\u015fam yemegi","datePublished":"2013-05-03T19:40:00+00:00","dateModified":"2022-01-23T19:41:37+00:00","mainEntityOfPage":{"@id":"https:\/\/qtmm.org\/qt\/kolnde-meclis-reisi-mustafa-cemilevnin-serefine-aqsam-yemegi\/"},"wordCount":677,"commentCount":0,"publisher":{"@id":"https:\/\/qtmm.org\/qt\/#organization"},"image":{"@id":"https:\/\/qtmm.org\/qt\/kolnde-meclis-reisi-mustafa-cemilevnin-serefine-aqsam-yemegi\/#primaryimage"},"thumbnailUrl":"https:\/\/qtmm.org\/wp-content\/uploads\/2022\/01\/ujin_1.jpeg","articleSection":["Haberler"],"inLanguage":"qt","potentialAction":[{"@type":"CommentAction","name":"Comment","target":["https:\/\/qtmm.org\/qt\/kolnde-meclis-reisi-mustafa-cemilevnin-serefine-aqsam-yemegi\/#respond"]}]},{"@type":"WebPage","@id":"https:\/\/qtmm.org\/qt\/kolnde-meclis-reisi-mustafa-cemilevnin-serefine-aqsam-yemegi\/","url":"https:\/\/qtmm.org\/qt\/kolnde-meclis-reisi-mustafa-cemilevnin-serefine-aqsam-yemegi\/","name":"K\u00f6lnde Meclis reisi Mustafa Cemilevni\u00f1 \u015ferefine aq\u015fam yemegi - \u041c\u0435\u0434\u0436\u043b\u0456\u0441","isPartOf":{"@id":"https:\/\/qtmm.org\/qt\/#website"},"primaryImageOfPage":{"@id":"https:\/\/qtmm.org\/qt\/kolnde-meclis-reisi-mustafa-cemilevnin-serefine-aqsam-yemegi\/#primaryimage"},"image":{"@id":"https:\/\/qtmm.org\/qt\/kolnde-meclis-reisi-mustafa-cemilevnin-serefine-aqsam-yemegi\/#primaryimage"},"thumbnailUrl":"https:\/\/qtmm.org\/wp-content\/uploads\/2022\/01\/ujin_1.jpeg","datePublished":"2013-05-03T19:40:00+00:00","dateModified":"2022-01-23T19:41:37+00:00","breadcrumb":{"@id":"https:\/\/qtmm.org\/qt\/kolnde-meclis-reisi-mustafa-cemilevnin-serefine-aqsam-yemegi\/#breadcrumb"},"inLanguage":"qt","potentialAction":[{"@type":"ReadAction","target":["https:\/\/qtmm.org\/qt\/kolnde-meclis-reisi-mustafa-cemilevnin-serefine-aqsam-yemegi\/"]}]},{"@type":"ImageObject","inLanguage":"qt","@id":"https:\/\/qtmm.org\/qt\/kolnde-meclis-reisi-mustafa-cemilevnin-serefine-aqsam-yemegi\/#primaryimage","url":"https:\/\/qtmm.org\/wp-content\/uploads\/2022\/01\/ujin_1.jpeg","contentUrl":"https:\/\/qtmm.org\/wp-content\/uploads\/2022\/01\/ujin_1.jpeg","width":650,"height":358},{"@type":"BreadcrumbList","@id":"https:\/\/qtmm.org\/qt\/kolnde-meclis-reisi-mustafa-cemilevnin-serefine-aqsam-yemegi\/#breadcrumb","itemListElement":[{"@type":"ListItem","position":1,"name":"\u0413\u043e\u043b\u043e\u0432\u043d\u0430","item":"https:\/\/qtmm.org\/qt\/"},{"@type":"ListItem","position":2,"name":"K\u00f6lnde Meclis reisi Mustafa Cemilevni\u00f1 \u015ferefine aq\u015fam yemegi"}]},{"@type":"WebSite","@id":"https:\/\/qtmm.org\/qt\/#website","url":"https:\/\/qtmm.org\/qt\/","name":"\u041c\u0435\u0434\u0436\u043b\u0456\u0441","description":"","publisher":{"@id":"https:\/\/qtmm.org\/qt\/#organization"},"potentialAction":[{"@type":"SearchAction","target":{"@type":"EntryPoint","urlTemplate":"https:\/\/qtmm.org\/qt\/?s={search_term_string}"},"query-input":{"@type":"PropertyValueSpecification","valueRequired":true,"valueName":"search_term_string"}}],"inLanguage":"qt"},{"@type":"Organization","@id":"https:\/\/qtmm.org\/qt\/#organization","name":"\u041c\u0435\u0434\u0436\u043b\u0456\u0441","url":"https:\/\/qtmm.org\/qt\/","logo":{"@type":"ImageObject","inLanguage":"qt","@id":"https:\/\/qtmm.org\/qt\/#\/schema\/logo\/image\/","url":"https:\/\/qtmm.org\/wp-content\/uploads\/2024\/12\/ua-mejlis-logo-rgb.svg","contentUrl":"https:\/\/qtmm.org\/wp-content\/uploads\/2024\/12\/ua-mejlis-logo-rgb.svg","caption":"\u041c\u0435\u0434\u0436\u043b\u0456\u0441"},"image":{"@id":"https:\/\/qtmm.org\/qt\/#\/schema\/logo\/image\/"},"sameAs":["https:\/\/www.facebook.com\/qtmm.info\/"]},{"@type":"Person","@id":"https:\/\/qtmm.org\/qt\/#\/schema\/person\/de562469f971dec226ac06e60bbf74a7","name":"Developer","image":{"@type":"ImageObject","inLanguage":"qt","@id":"https:\/\/secure.gravatar.com\/avatar\/392b4cc8fbfeb00b39dfeeab4ee6edded39ffd48e25858637e4765810300227e?s=96&d=mm&r=g","url":"https:\/\/secure.gravatar.com\/avatar\/392b4cc8fbfeb00b39dfeeab4ee6edded39ffd48e25858637e4765810300227e?s=96&d=mm&r=g","contentUrl":"https:\/\/secure.gravatar.com\/avatar\/392b4cc8fbfeb00b39dfeeab4ee6edded39ffd48e25858637e4765810300227e?s=96&d=mm&r=g","caption":"Developer"},"url":"https:\/\/qtmm.org\/qt\/author\/Developer\/"}]}},"_links":{"self":[{"href":"https:\/\/qtmm.org\/qt\/wp-json\/wp\/v2\/posts\/36753","targetHints":{"allow":["GET"]}}],"collection":[{"href":"https:\/\/qtmm.org\/qt\/wp-json\/wp\/v2\/posts"}],"about":[{"href":"https:\/\/qtmm.org\/qt\/wp-json\/wp\/v2\/types\/post"}],"author":[{"embeddable":true,"href":"https:\/\/qtmm.org\/qt\/wp-json\/wp\/v2\/users\/1"}],"replies":[{"embeddable":true,"href":"https:\/\/qtmm.org\/qt\/wp-json\/wp\/v2\/comments?post=36753"}],"version-history":[{"count":1,"href":"https:\/\/qtmm.org\/qt\/wp-json\/wp\/v2\/posts\/36753\/revisions"}],"predecessor-version":[{"id":36766,"href":"https:\/\/qtmm.org\/qt\/wp-json\/wp\/v2\/posts\/36753\/revisions\/36766"}],"wp:featuredmedia":[{"embeddable":true,"href":"https:\/\/qtmm.org\/qt\/wp-json\/wp\/v2\/media\/36754"}],"wp:attachment":[{"href":"https:\/\/qtmm.org\/qt\/wp-json\/wp\/v2\/media?parent=36753"}],"wp:term":[{"taxonomy":"category","embeddable":true,"href":"https:\/\/qtmm.org\/qt\/wp-json\/wp\/v2\/categories?post=36753"},{"taxonomy":"post_tag","embeddable":true,"href":"https:\/\/qtmm.org\/qt\/wp-json\/wp\/v2\/tags?post=36753"}],"curies":[{"name":"wp","href":"https:\/\/api.w.org\/{rel}","templated":true}]}}