




{"id":36739,"date":"2013-05-03T22:38:00","date_gmt":"2013-05-03T19:38:00","guid":{"rendered":"http:\/\/qtmm.org\/?p=36739"},"modified":"2022-01-23T22:40:08","modified_gmt":"2022-01-23T19:40:08","slug":"mustafa-cemilevnin-almaniyada-islam-cemiyetleri-milliy-merkezinde-korusuvi","status":"publish","type":"post","link":"https:\/\/qtmm.org\/qt\/mustafa-cemilevnin-almaniyada-islam-cemiyetleri-milliy-merkezinde-korusuvi\/","title":{"rendered":"Mustafa Cemilevni\u00f1 Almaniyada \u0130sl\u00e2m Cemiyetleri Milliy merkezinde k\u00f6r\u00fc\u015f\u00fcvi"},"content":{"rendered":"\n<p>Frankfurt Maynda Q\u0131r\u0131mtatar halq\u0131 Meclisini\u00f1 reisi Mustafa Cemilev Almaniya T\u00fcrkler federatsiyas\u0131n\u0131\u00f1 ba\u015f k\u00e2tibi \u015eentr\u00fck.Do\u011fruyol ile k\u00f6r\u00fc\u015fti. Mezk\u00fcr federatsiyan\u0131\u00f1 AlmaniYada 300 b\u00f6l\u00fckleri ve birle\u015fmeleri mevcutt\u0131r.<\/p>\n\n\n\n<p>&#8220;Ukrainada bug\u00fcnde-bug\u00fcn Mecliske nisbeten munasebet \u2013 pek ya\u00f1l\u0131\u015f ve \u00f6g\u00fc qapal\u0131 bir siyasiy pozitsiyad\u0131r. Ukraina akimleri Avropa Birligine qat\u0131lma\u011fa istegenlerini bildireler, amma ayn\u0131 zamanda q\u0131r\u0131mtatarlarn\u0131\u00f1 vek\u00e2letli organ\u0131na ve on\u0131\u00f1 yolba\u015f\u00e7\u0131s\u0131, bizim \u011fayet \u00fcrmet ettigimiz reisi Mustafa Abdulcemil Q\u0131r\u0131mo\u011fluna bizge a\u00f1la\u015f\u0131lma\u011fan say\u011f\u0131s\u0131zl\u0131q k\u00f6stereler.<\/p>\n\n\n\n<p>Albu ki, er keske mal\u00fcm ol\u011fan\u0131 kibi d\u00fcnyaca me\u015fur sovet uquqqoruy\u0131c\u0131s\u0131 Mustafa Cemilev ve on\u0131\u00f1 reberligindeki Meclis Avropada demokratik degerlikler ve zorluqs\u0131z k\u00fcre\u015f institut\u0131 olaraq tan\u0131l\u011fand\u0131r&#8221;, &#8211; dedi \u015eentr\u00fck Do\u011fruyol<\/p>\n\n\n\n<p>Almaniya T\u00fcrkler federatsiyas\u0131n\u0131\u00f1 ba\u015f k\u00e2tibi Ukraina akimlerine Q\u0131r\u0131mtatar halq\u0131n\u0131\u00f1 Meclisi ve on\u0131\u00f1 reisi Mustafa Cemilevnen acele s\u00fcrette dialog qurmaq te\u015febb\u00fcsinen \u00e7\u0131qmal\u0131lar, degen fikirni seslendirdi. \u015e.Do\u011fruyol emin ki, devaml\u0131 qonu\u015fuvlar mahsuldar i\u015fbirlikke al\u0131p kelerek, Ukrainada bar\u0131\u015f\u0131q ve bollul\u0131qn\u0131 teminler.<\/p>\n\n\n\n<p>Dialog devam\u0131nda taraflar kelecekteki \u00f6zara i\u015fbirlikni keni\u015fletmek ve pekitmek \u015fekilleri ve printsiplerini tafsil\u00e2tl\u0131 muzakere ettiler.<\/p>\n\n\n\n<figure class=\"wp-block-image size-full\"><img loading=\"lazy\" decoding=\"async\" width=\"650\" height=\"433\" src=\"http:\/\/qtmm.org\/wp-content\/uploads\/2022\/01\/soveshanie_diaspori_2.jpeg\" alt=\"\" class=\"wp-image-36744\" srcset=\"https:\/\/qtmm.org\/wp-content\/uploads\/2022\/01\/soveshanie_diaspori_2.jpeg 650w, https:\/\/qtmm.org\/wp-content\/uploads\/2022\/01\/soveshanie_diaspori_2-300x200.jpeg 300w\" sizes=\"auto, (max-width: 650px) 100vw, 650px\" \/><\/figure>\n\n\n\n<p>So\u00f1ra Kerpende (\u015eimaliy Reyn topra\u011f\u0131-Vestfaliya) Mustafa Cemilev musulman d\u00fcnyas\u0131n\u0131\u00f1 me\u015fur erbab\u0131, Almaniya musulmanlar\u0131n\u0131\u00f1 liderlerinden biri, \u0130sl\u00e2m Cemiyetleri Milliy merkezini\u00f1 ba\u015f k\u00e2tibi O\u011fuz \u00dc\u00e7\u00fcn\u00e7\u00fc ile k\u00f6r\u00fc\u015fti. Subet devam\u0131nda O\u011fuz \u00dc\u00e7\u00fcn\u00e7\u00fc Q\u0131r\u0131mda ukrain akimlerini\u00f1 Q\u0131r\u0131mtatar halq\u0131 Meclisine nisbeten menfiy areketleri ve bun\u0131\u00f1 sebebinden yar\u0131madada kerginlik meydan\u011fa kelgeni husus\u0131ndaki haberlerden kederlengenini aytt\u0131. On\u0131\u00f1 fikrince Q\u0131r\u0131mtatar halq\u0131 milliy idare organ\u0131 ve Q\u0131r\u0131m tam\u0131r halq\u0131n\u0131\u00f1 aqlar\u0131n\u0131 tan\u0131mamaq Avropan\u0131\u00f1 bir q\u0131sm\u0131 olma\u011fa t\u0131r\u0131\u015fqan devlet i\u00e7\u00fcn i\u00e7 te keli\u015fmegen bir ald\u0131r.<\/p>\n\n\n\n<p>\u0130sl\u00e2m Cemiyetleri Milliy merkezini\u00f1 ba\u015f k\u00e2tibi O\u011fuz \u00dc\u00e7\u00fcn\u00e7\u00fc emin ki, devlet ve cumhuriyet \u00fck\u00fcmetleri siyasiy irade k\u00f6sterip, b\u00f6l\u00fcn\u00fcvden dialog\u011fa ke\u00e7mek borclud\u0131r.<\/p>\n\n\n\n<figure class=\"wp-block-image size-full\"><img loading=\"lazy\" decoding=\"async\" width=\"650\" height=\"396\" src=\"http:\/\/qtmm.org\/wp-content\/uploads\/2022\/01\/soveshanie_diaspori_3.jpeg\" alt=\"\" class=\"wp-image-36748\" srcset=\"https:\/\/qtmm.org\/wp-content\/uploads\/2022\/01\/soveshanie_diaspori_3.jpeg 650w, https:\/\/qtmm.org\/wp-content\/uploads\/2022\/01\/soveshanie_diaspori_3-300x183.jpeg 300w\" sizes=\"auto, (max-width: 650px) 100vw, 650px\" \/><\/figure>\n","protected":false},"excerpt":{"rendered":"<p>Frankfurt Maynda Q\u0131r\u0131mtatar halq\u0131 Meclisini\u00f1 reisi Mustafa Cemilev Almaniya T\u00fcrkler federatsiyas\u0131n\u0131\u00f1 ba\u015f k\u00e2tibi \u015eentr\u00fck.Do\u011fruyol ile k\u00f6r\u00fc\u015fti. Mezk\u00fcr federatsiyan\u0131\u00f1 AlmaniYada 300 b\u00f6l\u00fckleri ve birle\u015fmeleri mevcutt\u0131r. &#8220;Ukrainada bug\u00fcnde-bug\u00fcn Mecliske nisbeten munasebet \u2013 pek ya\u00f1l\u0131\u015f ve \u00f6g\u00fc qapal\u0131 bir siyasiy pozitsiyad\u0131r. Ukraina akimleri Avropa Birligine qat\u0131lma\u011fa istegenlerini bildireler, amma ayn\u0131 zamanda q\u0131r\u0131mtatarlarn\u0131\u00f1 vek\u00e2letli organ\u0131na ve on\u0131\u00f1 yolba\u015f\u00e7\u0131s\u0131, bizim [&hellip;]<\/p>\n","protected":false},"author":1,"featured_media":36740,"comment_status":"open","ping_status":"open","sticky":false,"template":"","format":"standard","meta":{"inline_featured_image":false,"footnotes":""},"categories":[265],"tags":[],"class_list":["post-36739","post","type-post","status-publish","format-standard","has-post-thumbnail","hentry","category-haberler"],"acf":[],"yoast_head":"<!-- This site is optimized with the Yoast SEO plugin v27.4 - https:\/\/yoast.com\/product\/yoast-seo-wordpress\/ -->\n<title>Mustafa Cemilevni\u00f1 Almaniyada \u0130sl\u00e2m Cemiyetleri Milliy merkezinde k\u00f6r\u00fc\u015f\u00fcvi - \u041c\u0435\u0434\u0436\u043b\u0456\u0441<\/title>\n<meta name=\"robots\" content=\"index, follow, max-snippet:-1, max-image-preview:large, max-video-preview:-1\" \/>\n<link rel=\"canonical\" href=\"https:\/\/qtmm.org\/qt\/mustafa-cemilevnin-almaniyada-islam-cemiyetleri-milliy-merkezinde-korusuvi\/\" \/>\n<meta property=\"og:locale\" content=\"en_US\" \/>\n<meta property=\"og:type\" content=\"article\" \/>\n<meta property=\"og:title\" content=\"Mustafa Cemilevni\u00f1 Almaniyada \u0130sl\u00e2m Cemiyetleri Milliy merkezinde k\u00f6r\u00fc\u015f\u00fcvi - \u041c\u0435\u0434\u0436\u043b\u0456\u0441\" \/>\n<meta property=\"og:description\" content=\"Frankfurt Maynda Q\u0131r\u0131mtatar halq\u0131 Meclisini\u00f1 reisi Mustafa Cemilev Almaniya T\u00fcrkler federatsiyas\u0131n\u0131\u00f1 ba\u015f k\u00e2tibi \u015eentr\u00fck.Do\u011fruyol ile k\u00f6r\u00fc\u015fti. Mezk\u00fcr federatsiyan\u0131\u00f1 AlmaniYada 300 b\u00f6l\u00fckleri ve birle\u015fmeleri mevcutt\u0131r. &#8220;Ukrainada bug\u00fcnde-bug\u00fcn Mecliske nisbeten munasebet \u2013 pek ya\u00f1l\u0131\u015f ve \u00f6g\u00fc qapal\u0131 bir siyasiy pozitsiyad\u0131r. Ukraina akimleri Avropa Birligine qat\u0131lma\u011fa istegenlerini bildireler, amma ayn\u0131 zamanda q\u0131r\u0131mtatarlarn\u0131\u00f1 vek\u00e2letli organ\u0131na ve on\u0131\u00f1 yolba\u015f\u00e7\u0131s\u0131, bizim [&hellip;]\" \/>\n<meta property=\"og:url\" content=\"https:\/\/qtmm.org\/qt\/mustafa-cemilevnin-almaniyada-islam-cemiyetleri-milliy-merkezinde-korusuvi\/\" \/>\n<meta property=\"og:site_name\" content=\"\u041c\u0435\u0434\u0436\u043b\u0456\u0441\" \/>\n<meta property=\"article:publisher\" content=\"https:\/\/www.facebook.com\/qtmm.info\/\" \/>\n<meta property=\"article:published_time\" content=\"2013-05-03T19:38:00+00:00\" \/>\n<meta property=\"article:modified_time\" content=\"2022-01-23T19:40:08+00:00\" \/>\n<meta property=\"og:image\" content=\"https:\/\/qtmm.org\/wp-content\/uploads\/2022\/01\/soveshanie_diaspori_1.jpeg\" \/>\n\t<meta property=\"og:image:width\" content=\"650\" \/>\n\t<meta property=\"og:image:height\" content=\"492\" \/>\n\t<meta property=\"og:image:type\" content=\"image\/jpeg\" \/>\n<meta name=\"author\" content=\"Developer\" \/>\n<meta name=\"twitter:card\" content=\"summary_large_image\" \/>\n<meta name=\"twitter:label1\" content=\"Written by\" \/>\n\t<meta name=\"twitter:data1\" content=\"Developer\" \/>\n\t<meta name=\"twitter:label2\" content=\"Est. reading time\" \/>\n\t<meta name=\"twitter:data2\" content=\"2 minutes\" \/>\n<script type=\"application\/ld+json\" class=\"yoast-schema-graph\">{\"@context\":\"https:\\\/\\\/schema.org\",\"@graph\":[{\"@type\":\"Article\",\"@id\":\"https:\\\/\\\/qtmm.org\\\/qt\\\/mustafa-cemilevnin-almaniyada-islam-cemiyetleri-milliy-merkezinde-korusuvi\\\/#article\",\"isPartOf\":{\"@id\":\"https:\\\/\\\/qtmm.org\\\/qt\\\/mustafa-cemilevnin-almaniyada-islam-cemiyetleri-milliy-merkezinde-korusuvi\\\/\"},\"author\":{\"name\":\"Developer\",\"@id\":\"https:\\\/\\\/qtmm.org\\\/qt\\\/#\\\/schema\\\/person\\\/de562469f971dec226ac06e60bbf74a7\"},\"headline\":\"Mustafa Cemilevni\u00f1 Almaniyada \u0130sl\u00e2m Cemiyetleri Milliy merkezinde k\u00f6r\u00fc\u015f\u00fcvi\",\"datePublished\":\"2013-05-03T19:38:00+00:00\",\"dateModified\":\"2022-01-23T19:40:08+00:00\",\"mainEntityOfPage\":{\"@id\":\"https:\\\/\\\/qtmm.org\\\/qt\\\/mustafa-cemilevnin-almaniyada-islam-cemiyetleri-milliy-merkezinde-korusuvi\\\/\"},\"wordCount\":368,\"commentCount\":0,\"publisher\":{\"@id\":\"https:\\\/\\\/qtmm.org\\\/qt\\\/#organization\"},\"image\":{\"@id\":\"https:\\\/\\\/qtmm.org\\\/qt\\\/mustafa-cemilevnin-almaniyada-islam-cemiyetleri-milliy-merkezinde-korusuvi\\\/#primaryimage\"},\"thumbnailUrl\":\"https:\\\/\\\/qtmm.org\\\/wp-content\\\/uploads\\\/2022\\\/01\\\/soveshanie_diaspori_1.jpeg\",\"articleSection\":[\"Haberler\"],\"inLanguage\":\"qt\",\"potentialAction\":[{\"@type\":\"CommentAction\",\"name\":\"Comment\",\"target\":[\"https:\\\/\\\/qtmm.org\\\/qt\\\/mustafa-cemilevnin-almaniyada-islam-cemiyetleri-milliy-merkezinde-korusuvi\\\/#respond\"]}]},{\"@type\":\"WebPage\",\"@id\":\"https:\\\/\\\/qtmm.org\\\/qt\\\/mustafa-cemilevnin-almaniyada-islam-cemiyetleri-milliy-merkezinde-korusuvi\\\/\",\"url\":\"https:\\\/\\\/qtmm.org\\\/qt\\\/mustafa-cemilevnin-almaniyada-islam-cemiyetleri-milliy-merkezinde-korusuvi\\\/\",\"name\":\"Mustafa Cemilevni\u00f1 Almaniyada \u0130sl\u00e2m Cemiyetleri Milliy merkezinde k\u00f6r\u00fc\u015f\u00fcvi - \u041c\u0435\u0434\u0436\u043b\u0456\u0441\",\"isPartOf\":{\"@id\":\"https:\\\/\\\/qtmm.org\\\/qt\\\/#website\"},\"primaryImageOfPage\":{\"@id\":\"https:\\\/\\\/qtmm.org\\\/qt\\\/mustafa-cemilevnin-almaniyada-islam-cemiyetleri-milliy-merkezinde-korusuvi\\\/#primaryimage\"},\"image\":{\"@id\":\"https:\\\/\\\/qtmm.org\\\/qt\\\/mustafa-cemilevnin-almaniyada-islam-cemiyetleri-milliy-merkezinde-korusuvi\\\/#primaryimage\"},\"thumbnailUrl\":\"https:\\\/\\\/qtmm.org\\\/wp-content\\\/uploads\\\/2022\\\/01\\\/soveshanie_diaspori_1.jpeg\",\"datePublished\":\"2013-05-03T19:38:00+00:00\",\"dateModified\":\"2022-01-23T19:40:08+00:00\",\"breadcrumb\":{\"@id\":\"https:\\\/\\\/qtmm.org\\\/qt\\\/mustafa-cemilevnin-almaniyada-islam-cemiyetleri-milliy-merkezinde-korusuvi\\\/#breadcrumb\"},\"inLanguage\":\"qt\",\"potentialAction\":[{\"@type\":\"ReadAction\",\"target\":[\"https:\\\/\\\/qtmm.org\\\/qt\\\/mustafa-cemilevnin-almaniyada-islam-cemiyetleri-milliy-merkezinde-korusuvi\\\/\"]}]},{\"@type\":\"ImageObject\",\"inLanguage\":\"qt\",\"@id\":\"https:\\\/\\\/qtmm.org\\\/qt\\\/mustafa-cemilevnin-almaniyada-islam-cemiyetleri-milliy-merkezinde-korusuvi\\\/#primaryimage\",\"url\":\"https:\\\/\\\/qtmm.org\\\/wp-content\\\/uploads\\\/2022\\\/01\\\/soveshanie_diaspori_1.jpeg\",\"contentUrl\":\"https:\\\/\\\/qtmm.org\\\/wp-content\\\/uploads\\\/2022\\\/01\\\/soveshanie_diaspori_1.jpeg\",\"width\":650,\"height\":492},{\"@type\":\"BreadcrumbList\",\"@id\":\"https:\\\/\\\/qtmm.org\\\/qt\\\/mustafa-cemilevnin-almaniyada-islam-cemiyetleri-milliy-merkezinde-korusuvi\\\/#breadcrumb\",\"itemListElement\":[{\"@type\":\"ListItem\",\"position\":1,\"name\":\"\u0413\u043e\u043b\u043e\u0432\u043d\u0430\",\"item\":\"https:\\\/\\\/qtmm.org\\\/qt\\\/\"},{\"@type\":\"ListItem\",\"position\":2,\"name\":\"Mustafa Cemilevni\u00f1 Almaniyada \u0130sl\u00e2m Cemiyetleri Milliy merkezinde k\u00f6r\u00fc\u015f\u00fcvi\"}]},{\"@type\":\"WebSite\",\"@id\":\"https:\\\/\\\/qtmm.org\\\/qt\\\/#website\",\"url\":\"https:\\\/\\\/qtmm.org\\\/qt\\\/\",\"name\":\"\u041c\u0435\u0434\u0436\u043b\u0456\u0441\",\"description\":\"\",\"publisher\":{\"@id\":\"https:\\\/\\\/qtmm.org\\\/qt\\\/#organization\"},\"potentialAction\":[{\"@type\":\"SearchAction\",\"target\":{\"@type\":\"EntryPoint\",\"urlTemplate\":\"https:\\\/\\\/qtmm.org\\\/qt\\\/?s={search_term_string}\"},\"query-input\":{\"@type\":\"PropertyValueSpecification\",\"valueRequired\":true,\"valueName\":\"search_term_string\"}}],\"inLanguage\":\"qt\"},{\"@type\":\"Organization\",\"@id\":\"https:\\\/\\\/qtmm.org\\\/qt\\\/#organization\",\"name\":\"\u041c\u0435\u0434\u0436\u043b\u0456\u0441\",\"url\":\"https:\\\/\\\/qtmm.org\\\/qt\\\/\",\"logo\":{\"@type\":\"ImageObject\",\"inLanguage\":\"qt\",\"@id\":\"https:\\\/\\\/qtmm.org\\\/qt\\\/#\\\/schema\\\/logo\\\/image\\\/\",\"url\":\"https:\\\/\\\/qtmm.org\\\/wp-content\\\/uploads\\\/2024\\\/12\\\/ua-mejlis-logo-rgb.svg\",\"contentUrl\":\"https:\\\/\\\/qtmm.org\\\/wp-content\\\/uploads\\\/2024\\\/12\\\/ua-mejlis-logo-rgb.svg\",\"caption\":\"\u041c\u0435\u0434\u0436\u043b\u0456\u0441\"},\"image\":{\"@id\":\"https:\\\/\\\/qtmm.org\\\/qt\\\/#\\\/schema\\\/logo\\\/image\\\/\"},\"sameAs\":[\"https:\\\/\\\/www.facebook.com\\\/qtmm.info\\\/\"]},{\"@type\":\"Person\",\"@id\":\"https:\\\/\\\/qtmm.org\\\/qt\\\/#\\\/schema\\\/person\\\/de562469f971dec226ac06e60bbf74a7\",\"name\":\"Developer\",\"image\":{\"@type\":\"ImageObject\",\"inLanguage\":\"qt\",\"@id\":\"https:\\\/\\\/secure.gravatar.com\\\/avatar\\\/392b4cc8fbfeb00b39dfeeab4ee6edded39ffd48e25858637e4765810300227e?s=96&d=mm&r=g\",\"url\":\"https:\\\/\\\/secure.gravatar.com\\\/avatar\\\/392b4cc8fbfeb00b39dfeeab4ee6edded39ffd48e25858637e4765810300227e?s=96&d=mm&r=g\",\"contentUrl\":\"https:\\\/\\\/secure.gravatar.com\\\/avatar\\\/392b4cc8fbfeb00b39dfeeab4ee6edded39ffd48e25858637e4765810300227e?s=96&d=mm&r=g\",\"caption\":\"Developer\"},\"url\":\"https:\\\/\\\/qtmm.org\\\/qt\\\/author\\\/Developer\\\/\"}]}<\/script>\n<!-- \/ Yoast SEO plugin. -->","yoast_head_json":{"title":"Mustafa Cemilevni\u00f1 Almaniyada \u0130sl\u00e2m Cemiyetleri Milliy merkezinde k\u00f6r\u00fc\u015f\u00fcvi - \u041c\u0435\u0434\u0436\u043b\u0456\u0441","robots":{"index":"index","follow":"follow","max-snippet":"max-snippet:-1","max-image-preview":"max-image-preview:large","max-video-preview":"max-video-preview:-1"},"canonical":"https:\/\/qtmm.org\/qt\/mustafa-cemilevnin-almaniyada-islam-cemiyetleri-milliy-merkezinde-korusuvi\/","og_locale":"en_US","og_type":"article","og_title":"Mustafa Cemilevni\u00f1 Almaniyada \u0130sl\u00e2m Cemiyetleri Milliy merkezinde k\u00f6r\u00fc\u015f\u00fcvi - \u041c\u0435\u0434\u0436\u043b\u0456\u0441","og_description":"Frankfurt Maynda Q\u0131r\u0131mtatar halq\u0131 Meclisini\u00f1 reisi Mustafa Cemilev Almaniya T\u00fcrkler federatsiyas\u0131n\u0131\u00f1 ba\u015f k\u00e2tibi \u015eentr\u00fck.Do\u011fruyol ile k\u00f6r\u00fc\u015fti. Mezk\u00fcr federatsiyan\u0131\u00f1 AlmaniYada 300 b\u00f6l\u00fckleri ve birle\u015fmeleri mevcutt\u0131r. &#8220;Ukrainada bug\u00fcnde-bug\u00fcn Mecliske nisbeten munasebet \u2013 pek ya\u00f1l\u0131\u015f ve \u00f6g\u00fc qapal\u0131 bir siyasiy pozitsiyad\u0131r. Ukraina akimleri Avropa Birligine qat\u0131lma\u011fa istegenlerini bildireler, amma ayn\u0131 zamanda q\u0131r\u0131mtatarlarn\u0131\u00f1 vek\u00e2letli organ\u0131na ve on\u0131\u00f1 yolba\u015f\u00e7\u0131s\u0131, bizim [&hellip;]","og_url":"https:\/\/qtmm.org\/qt\/mustafa-cemilevnin-almaniyada-islam-cemiyetleri-milliy-merkezinde-korusuvi\/","og_site_name":"\u041c\u0435\u0434\u0436\u043b\u0456\u0441","article_publisher":"https:\/\/www.facebook.com\/qtmm.info\/","article_published_time":"2013-05-03T19:38:00+00:00","article_modified_time":"2022-01-23T19:40:08+00:00","og_image":[{"width":650,"height":492,"url":"https:\/\/qtmm.org\/wp-content\/uploads\/2022\/01\/soveshanie_diaspori_1.jpeg","type":"image\/jpeg"}],"author":"Developer","twitter_card":"summary_large_image","twitter_misc":{"Written by":"Developer","Est. reading time":"2 minutes"},"schema":{"@context":"https:\/\/schema.org","@graph":[{"@type":"Article","@id":"https:\/\/qtmm.org\/qt\/mustafa-cemilevnin-almaniyada-islam-cemiyetleri-milliy-merkezinde-korusuvi\/#article","isPartOf":{"@id":"https:\/\/qtmm.org\/qt\/mustafa-cemilevnin-almaniyada-islam-cemiyetleri-milliy-merkezinde-korusuvi\/"},"author":{"name":"Developer","@id":"https:\/\/qtmm.org\/qt\/#\/schema\/person\/de562469f971dec226ac06e60bbf74a7"},"headline":"Mustafa Cemilevni\u00f1 Almaniyada \u0130sl\u00e2m Cemiyetleri Milliy merkezinde k\u00f6r\u00fc\u015f\u00fcvi","datePublished":"2013-05-03T19:38:00+00:00","dateModified":"2022-01-23T19:40:08+00:00","mainEntityOfPage":{"@id":"https:\/\/qtmm.org\/qt\/mustafa-cemilevnin-almaniyada-islam-cemiyetleri-milliy-merkezinde-korusuvi\/"},"wordCount":368,"commentCount":0,"publisher":{"@id":"https:\/\/qtmm.org\/qt\/#organization"},"image":{"@id":"https:\/\/qtmm.org\/qt\/mustafa-cemilevnin-almaniyada-islam-cemiyetleri-milliy-merkezinde-korusuvi\/#primaryimage"},"thumbnailUrl":"https:\/\/qtmm.org\/wp-content\/uploads\/2022\/01\/soveshanie_diaspori_1.jpeg","articleSection":["Haberler"],"inLanguage":"qt","potentialAction":[{"@type":"CommentAction","name":"Comment","target":["https:\/\/qtmm.org\/qt\/mustafa-cemilevnin-almaniyada-islam-cemiyetleri-milliy-merkezinde-korusuvi\/#respond"]}]},{"@type":"WebPage","@id":"https:\/\/qtmm.org\/qt\/mustafa-cemilevnin-almaniyada-islam-cemiyetleri-milliy-merkezinde-korusuvi\/","url":"https:\/\/qtmm.org\/qt\/mustafa-cemilevnin-almaniyada-islam-cemiyetleri-milliy-merkezinde-korusuvi\/","name":"Mustafa Cemilevni\u00f1 Almaniyada \u0130sl\u00e2m Cemiyetleri Milliy merkezinde k\u00f6r\u00fc\u015f\u00fcvi - \u041c\u0435\u0434\u0436\u043b\u0456\u0441","isPartOf":{"@id":"https:\/\/qtmm.org\/qt\/#website"},"primaryImageOfPage":{"@id":"https:\/\/qtmm.org\/qt\/mustafa-cemilevnin-almaniyada-islam-cemiyetleri-milliy-merkezinde-korusuvi\/#primaryimage"},"image":{"@id":"https:\/\/qtmm.org\/qt\/mustafa-cemilevnin-almaniyada-islam-cemiyetleri-milliy-merkezinde-korusuvi\/#primaryimage"},"thumbnailUrl":"https:\/\/qtmm.org\/wp-content\/uploads\/2022\/01\/soveshanie_diaspori_1.jpeg","datePublished":"2013-05-03T19:38:00+00:00","dateModified":"2022-01-23T19:40:08+00:00","breadcrumb":{"@id":"https:\/\/qtmm.org\/qt\/mustafa-cemilevnin-almaniyada-islam-cemiyetleri-milliy-merkezinde-korusuvi\/#breadcrumb"},"inLanguage":"qt","potentialAction":[{"@type":"ReadAction","target":["https:\/\/qtmm.org\/qt\/mustafa-cemilevnin-almaniyada-islam-cemiyetleri-milliy-merkezinde-korusuvi\/"]}]},{"@type":"ImageObject","inLanguage":"qt","@id":"https:\/\/qtmm.org\/qt\/mustafa-cemilevnin-almaniyada-islam-cemiyetleri-milliy-merkezinde-korusuvi\/#primaryimage","url":"https:\/\/qtmm.org\/wp-content\/uploads\/2022\/01\/soveshanie_diaspori_1.jpeg","contentUrl":"https:\/\/qtmm.org\/wp-content\/uploads\/2022\/01\/soveshanie_diaspori_1.jpeg","width":650,"height":492},{"@type":"BreadcrumbList","@id":"https:\/\/qtmm.org\/qt\/mustafa-cemilevnin-almaniyada-islam-cemiyetleri-milliy-merkezinde-korusuvi\/#breadcrumb","itemListElement":[{"@type":"ListItem","position":1,"name":"\u0413\u043e\u043b\u043e\u0432\u043d\u0430","item":"https:\/\/qtmm.org\/qt\/"},{"@type":"ListItem","position":2,"name":"Mustafa Cemilevni\u00f1 Almaniyada \u0130sl\u00e2m Cemiyetleri Milliy merkezinde k\u00f6r\u00fc\u015f\u00fcvi"}]},{"@type":"WebSite","@id":"https:\/\/qtmm.org\/qt\/#website","url":"https:\/\/qtmm.org\/qt\/","name":"\u041c\u0435\u0434\u0436\u043b\u0456\u0441","description":"","publisher":{"@id":"https:\/\/qtmm.org\/qt\/#organization"},"potentialAction":[{"@type":"SearchAction","target":{"@type":"EntryPoint","urlTemplate":"https:\/\/qtmm.org\/qt\/?s={search_term_string}"},"query-input":{"@type":"PropertyValueSpecification","valueRequired":true,"valueName":"search_term_string"}}],"inLanguage":"qt"},{"@type":"Organization","@id":"https:\/\/qtmm.org\/qt\/#organization","name":"\u041c\u0435\u0434\u0436\u043b\u0456\u0441","url":"https:\/\/qtmm.org\/qt\/","logo":{"@type":"ImageObject","inLanguage":"qt","@id":"https:\/\/qtmm.org\/qt\/#\/schema\/logo\/image\/","url":"https:\/\/qtmm.org\/wp-content\/uploads\/2024\/12\/ua-mejlis-logo-rgb.svg","contentUrl":"https:\/\/qtmm.org\/wp-content\/uploads\/2024\/12\/ua-mejlis-logo-rgb.svg","caption":"\u041c\u0435\u0434\u0436\u043b\u0456\u0441"},"image":{"@id":"https:\/\/qtmm.org\/qt\/#\/schema\/logo\/image\/"},"sameAs":["https:\/\/www.facebook.com\/qtmm.info\/"]},{"@type":"Person","@id":"https:\/\/qtmm.org\/qt\/#\/schema\/person\/de562469f971dec226ac06e60bbf74a7","name":"Developer","image":{"@type":"ImageObject","inLanguage":"qt","@id":"https:\/\/secure.gravatar.com\/avatar\/392b4cc8fbfeb00b39dfeeab4ee6edded39ffd48e25858637e4765810300227e?s=96&d=mm&r=g","url":"https:\/\/secure.gravatar.com\/avatar\/392b4cc8fbfeb00b39dfeeab4ee6edded39ffd48e25858637e4765810300227e?s=96&d=mm&r=g","contentUrl":"https:\/\/secure.gravatar.com\/avatar\/392b4cc8fbfeb00b39dfeeab4ee6edded39ffd48e25858637e4765810300227e?s=96&d=mm&r=g","caption":"Developer"},"url":"https:\/\/qtmm.org\/qt\/author\/Developer\/"}]}},"_links":{"self":[{"href":"https:\/\/qtmm.org\/qt\/wp-json\/wp\/v2\/posts\/36739","targetHints":{"allow":["GET"]}}],"collection":[{"href":"https:\/\/qtmm.org\/qt\/wp-json\/wp\/v2\/posts"}],"about":[{"href":"https:\/\/qtmm.org\/qt\/wp-json\/wp\/v2\/types\/post"}],"author":[{"embeddable":true,"href":"https:\/\/qtmm.org\/qt\/wp-json\/wp\/v2\/users\/1"}],"replies":[{"embeddable":true,"href":"https:\/\/qtmm.org\/qt\/wp-json\/wp\/v2\/comments?post=36739"}],"version-history":[{"count":1,"href":"https:\/\/qtmm.org\/qt\/wp-json\/wp\/v2\/posts\/36739\/revisions"}],"predecessor-version":[{"id":36752,"href":"https:\/\/qtmm.org\/qt\/wp-json\/wp\/v2\/posts\/36739\/revisions\/36752"}],"wp:featuredmedia":[{"embeddable":true,"href":"https:\/\/qtmm.org\/qt\/wp-json\/wp\/v2\/media\/36740"}],"wp:attachment":[{"href":"https:\/\/qtmm.org\/qt\/wp-json\/wp\/v2\/media?parent=36739"}],"wp:term":[{"taxonomy":"category","embeddable":true,"href":"https:\/\/qtmm.org\/qt\/wp-json\/wp\/v2\/categories?post=36739"},{"taxonomy":"post_tag","embeddable":true,"href":"https:\/\/qtmm.org\/qt\/wp-json\/wp\/v2\/tags?post=36739"}],"curies":[{"name":"wp","href":"https:\/\/api.w.org\/{rel}","templated":true}]}}