




{"id":36737,"date":"2013-05-03T22:38:00","date_gmt":"2013-05-03T19:38:00","guid":{"rendered":"http:\/\/qtmm.org\/?p=36737"},"modified":"2022-01-23T22:38:30","modified_gmt":"2022-01-23T19:38:30","slug":"meclis-delegatsiyasi-avropa-qirimtatar-cemaat-teskilatlarinin-toplasuvinda-istirak-etti","status":"publish","type":"post","link":"https:\/\/qtmm.org\/qt\/meclis-delegatsiyasi-avropa-qirimtatar-cemaat-teskilatlarinin-toplasuvinda-istirak-etti\/","title":{"rendered":"Meclis delegatsiyas\u0131 Avropa q\u0131r\u0131mtatar cemaat te\u015fkil\u00e2tlar\u0131n\u0131\u00f1 topla\u015fuv\u0131nda i\u015ftirak etti"},"content":{"rendered":"\n<p>May\u0131s 26-da k\u00fcnni\u00f1 ekinci yar\u0131s\u0131nda K\u00f6lnde (Almaniya) Meclis reisi Mustafa Cemilev ve o\u00f1a refaqatl\u0131q yapqan Meclis t\u0131\u015fq\u0131 al\u00e2qalar b\u00f6l\u00fcgini\u00f1 ba\u015f\u0131 Ali Hamzin, Kiyevdeki q\u0131r\u0131mtatar cemiyetini\u00f1 ba\u015f\u0131 Aslan \u00d6mer Q\u0131r\u0131ml\u0131, Q\u0131r\u0131mtatar halq\u0131 qurultay\u0131n\u0131\u00f1 delegat\u0131 Rustem \u00dcmerov \u011earbiy Avropa Q\u0131r\u0131mtatar medeniyet ve yard\u0131mla\u015fma dernegini\u00f1 topla\u015fuv\u0131nda i\u015ftirak ettiler.<\/p>\n\n\n\n<p>K\u00f6r\u00fc\u015f\u00fcvni Cemiyetni\u00f1 reisi Rafet Qaranl\u0131q ve Meclisni\u00f1 Almaniyadaki temsilcisi, B\u00fct\u00fcnd\u00fcnya q\u0131r\u0131mtatarlar kongressi Koordinatsion ke\u00f1e\u015fini\u00f1 Almaniyadaki q\u0131r\u0131mtatarlardan azas\u0131 Ahmet Ozay te\u015fkil ettiler ve al\u0131p bard\u0131lar.<\/p>\n\n\n\n<p>K\u00f6r\u00fc\u015f\u00fcvde Frantsiya, Gollandiya, Bel\u00e7ika ve B\u00fcy\u00fck Britaniyadaki q\u0131r\u0131mtatar derneklerini\u00f1 vekilleri de i\u015ftirak ettiler. K\u00f6r\u00fc\u015f\u00fcvni\u00f1 ba\u015f mevzus\u0131 Q\u0131r\u0131mdaki vaziyetni muzakere et\u00fcv olaraq, ukrain akimlerini\u00f1 q\u0131r\u0131mtatar halq\u0131n\u0131\u00f1 vek\u00e2letli organlar\u0131 ol\u011fan Qurultay-Meclis esapqa almamaq yoluna mingenlerine ayr\u0131ca diqqat etildi.<\/p>\n","protected":false},"excerpt":{"rendered":"<p>May\u0131s 26-da k\u00fcnni\u00f1 ekinci yar\u0131s\u0131nda K\u00f6lnde (Almaniya) Meclis reisi Mustafa Cemilev ve o\u00f1a refaqatl\u0131q yapqan Meclis t\u0131\u015fq\u0131 al\u00e2qalar b\u00f6l\u00fcgini\u00f1 ba\u015f\u0131 Ali Hamzin, Kiyevdeki q\u0131r\u0131mtatar cemiyetini\u00f1 ba\u015f\u0131 Aslan \u00d6mer Q\u0131r\u0131ml\u0131, Q\u0131r\u0131mtatar halq\u0131 qurultay\u0131n\u0131\u00f1 delegat\u0131 Rustem \u00dcmerov \u011earbiy Avropa Q\u0131r\u0131mtatar medeniyet ve yard\u0131mla\u015fma dernegini\u00f1 topla\u015fuv\u0131nda i\u015ftirak ettiler. K\u00f6r\u00fc\u015f\u00fcvni Cemiyetni\u00f1 reisi Rafet Qaranl\u0131q ve Meclisni\u00f1 Almaniyadaki temsilcisi, B\u00fct\u00fcnd\u00fcnya [&hellip;]<\/p>\n","protected":false},"author":1,"featured_media":0,"comment_status":"open","ping_status":"open","sticky":false,"template":"","format":"standard","meta":{"inline_featured_image":false,"footnotes":""},"categories":[265],"tags":[],"class_list":["post-36737","post","type-post","status-publish","format-standard","hentry","category-haberler"],"acf":[],"yoast_head":"<!-- This site is optimized with the Yoast SEO plugin v27.4 - https:\/\/yoast.com\/product\/yoast-seo-wordpress\/ -->\n<title>Meclis delegatsiyas\u0131 Avropa q\u0131r\u0131mtatar cemaat te\u015fkil\u00e2tlar\u0131n\u0131\u00f1 topla\u015fuv\u0131nda i\u015ftirak etti - \u041c\u0435\u0434\u0436\u043b\u0456\u0441<\/title>\n<meta name=\"robots\" content=\"index, follow, max-snippet:-1, max-image-preview:large, max-video-preview:-1\" \/>\n<link rel=\"canonical\" href=\"https:\/\/qtmm.org\/qt\/meclis-delegatsiyasi-avropa-qirimtatar-cemaat-teskilatlarinin-toplasuvinda-istirak-etti\/\" \/>\n<meta property=\"og:locale\" content=\"en_US\" \/>\n<meta property=\"og:type\" content=\"article\" \/>\n<meta property=\"og:title\" content=\"Meclis delegatsiyas\u0131 Avropa q\u0131r\u0131mtatar cemaat te\u015fkil\u00e2tlar\u0131n\u0131\u00f1 topla\u015fuv\u0131nda i\u015ftirak etti - \u041c\u0435\u0434\u0436\u043b\u0456\u0441\" \/>\n<meta property=\"og:description\" content=\"May\u0131s 26-da k\u00fcnni\u00f1 ekinci yar\u0131s\u0131nda K\u00f6lnde (Almaniya) Meclis reisi Mustafa Cemilev ve o\u00f1a refaqatl\u0131q yapqan Meclis t\u0131\u015fq\u0131 al\u00e2qalar b\u00f6l\u00fcgini\u00f1 ba\u015f\u0131 Ali Hamzin, Kiyevdeki q\u0131r\u0131mtatar cemiyetini\u00f1 ba\u015f\u0131 Aslan \u00d6mer Q\u0131r\u0131ml\u0131, Q\u0131r\u0131mtatar halq\u0131 qurultay\u0131n\u0131\u00f1 delegat\u0131 Rustem \u00dcmerov \u011earbiy Avropa Q\u0131r\u0131mtatar medeniyet ve yard\u0131mla\u015fma dernegini\u00f1 topla\u015fuv\u0131nda i\u015ftirak ettiler. K\u00f6r\u00fc\u015f\u00fcvni Cemiyetni\u00f1 reisi Rafet Qaranl\u0131q ve Meclisni\u00f1 Almaniyadaki temsilcisi, B\u00fct\u00fcnd\u00fcnya [&hellip;]\" \/>\n<meta property=\"og:url\" content=\"https:\/\/qtmm.org\/qt\/meclis-delegatsiyasi-avropa-qirimtatar-cemaat-teskilatlarinin-toplasuvinda-istirak-etti\/\" \/>\n<meta property=\"og:site_name\" content=\"\u041c\u0435\u0434\u0436\u043b\u0456\u0441\" \/>\n<meta property=\"article:publisher\" content=\"https:\/\/www.facebook.com\/qtmm.info\/\" \/>\n<meta property=\"article:published_time\" content=\"2013-05-03T19:38:00+00:00\" \/>\n<meta property=\"article:modified_time\" content=\"2022-01-23T19:38:30+00:00\" \/>\n<meta name=\"author\" content=\"Developer\" \/>\n<meta name=\"twitter:card\" content=\"summary_large_image\" \/>\n<meta name=\"twitter:label1\" content=\"Written by\" \/>\n\t<meta name=\"twitter:data1\" content=\"Developer\" \/>\n\t<meta name=\"twitter:label2\" content=\"Est. reading time\" \/>\n\t<meta name=\"twitter:data2\" content=\"1 minute\" \/>\n<script type=\"application\/ld+json\" class=\"yoast-schema-graph\">{\"@context\":\"https:\\\/\\\/schema.org\",\"@graph\":[{\"@type\":\"Article\",\"@id\":\"https:\\\/\\\/qtmm.org\\\/qt\\\/meclis-delegatsiyasi-avropa-qirimtatar-cemaat-teskilatlarinin-toplasuvinda-istirak-etti\\\/#article\",\"isPartOf\":{\"@id\":\"https:\\\/\\\/qtmm.org\\\/qt\\\/meclis-delegatsiyasi-avropa-qirimtatar-cemaat-teskilatlarinin-toplasuvinda-istirak-etti\\\/\"},\"author\":{\"name\":\"Developer\",\"@id\":\"https:\\\/\\\/qtmm.org\\\/qt\\\/#\\\/schema\\\/person\\\/de562469f971dec226ac06e60bbf74a7\"},\"headline\":\"Meclis delegatsiyas\u0131 Avropa q\u0131r\u0131mtatar cemaat te\u015fkil\u00e2tlar\u0131n\u0131\u00f1 topla\u015fuv\u0131nda i\u015ftirak etti\",\"datePublished\":\"2013-05-03T19:38:00+00:00\",\"dateModified\":\"2022-01-23T19:38:30+00:00\",\"mainEntityOfPage\":{\"@id\":\"https:\\\/\\\/qtmm.org\\\/qt\\\/meclis-delegatsiyasi-avropa-qirimtatar-cemaat-teskilatlarinin-toplasuvinda-istirak-etti\\\/\"},\"wordCount\":181,\"commentCount\":0,\"publisher\":{\"@id\":\"https:\\\/\\\/qtmm.org\\\/qt\\\/#organization\"},\"articleSection\":[\"Haberler\"],\"inLanguage\":\"qt\",\"potentialAction\":[{\"@type\":\"CommentAction\",\"name\":\"Comment\",\"target\":[\"https:\\\/\\\/qtmm.org\\\/qt\\\/meclis-delegatsiyasi-avropa-qirimtatar-cemaat-teskilatlarinin-toplasuvinda-istirak-etti\\\/#respond\"]}]},{\"@type\":\"WebPage\",\"@id\":\"https:\\\/\\\/qtmm.org\\\/qt\\\/meclis-delegatsiyasi-avropa-qirimtatar-cemaat-teskilatlarinin-toplasuvinda-istirak-etti\\\/\",\"url\":\"https:\\\/\\\/qtmm.org\\\/qt\\\/meclis-delegatsiyasi-avropa-qirimtatar-cemaat-teskilatlarinin-toplasuvinda-istirak-etti\\\/\",\"name\":\"Meclis delegatsiyas\u0131 Avropa q\u0131r\u0131mtatar cemaat te\u015fkil\u00e2tlar\u0131n\u0131\u00f1 topla\u015fuv\u0131nda i\u015ftirak etti - \u041c\u0435\u0434\u0436\u043b\u0456\u0441\",\"isPartOf\":{\"@id\":\"https:\\\/\\\/qtmm.org\\\/qt\\\/#website\"},\"datePublished\":\"2013-05-03T19:38:00+00:00\",\"dateModified\":\"2022-01-23T19:38:30+00:00\",\"breadcrumb\":{\"@id\":\"https:\\\/\\\/qtmm.org\\\/qt\\\/meclis-delegatsiyasi-avropa-qirimtatar-cemaat-teskilatlarinin-toplasuvinda-istirak-etti\\\/#breadcrumb\"},\"inLanguage\":\"qt\",\"potentialAction\":[{\"@type\":\"ReadAction\",\"target\":[\"https:\\\/\\\/qtmm.org\\\/qt\\\/meclis-delegatsiyasi-avropa-qirimtatar-cemaat-teskilatlarinin-toplasuvinda-istirak-etti\\\/\"]}]},{\"@type\":\"BreadcrumbList\",\"@id\":\"https:\\\/\\\/qtmm.org\\\/qt\\\/meclis-delegatsiyasi-avropa-qirimtatar-cemaat-teskilatlarinin-toplasuvinda-istirak-etti\\\/#breadcrumb\",\"itemListElement\":[{\"@type\":\"ListItem\",\"position\":1,\"name\":\"\u0413\u043e\u043b\u043e\u0432\u043d\u0430\",\"item\":\"https:\\\/\\\/qtmm.org\\\/qt\\\/\"},{\"@type\":\"ListItem\",\"position\":2,\"name\":\"Meclis delegatsiyas\u0131 Avropa q\u0131r\u0131mtatar cemaat te\u015fkil\u00e2tlar\u0131n\u0131\u00f1 topla\u015fuv\u0131nda i\u015ftirak etti\"}]},{\"@type\":\"WebSite\",\"@id\":\"https:\\\/\\\/qtmm.org\\\/qt\\\/#website\",\"url\":\"https:\\\/\\\/qtmm.org\\\/qt\\\/\",\"name\":\"\u041c\u0435\u0434\u0436\u043b\u0456\u0441\",\"description\":\"\",\"publisher\":{\"@id\":\"https:\\\/\\\/qtmm.org\\\/qt\\\/#organization\"},\"potentialAction\":[{\"@type\":\"SearchAction\",\"target\":{\"@type\":\"EntryPoint\",\"urlTemplate\":\"https:\\\/\\\/qtmm.org\\\/qt\\\/?s={search_term_string}\"},\"query-input\":{\"@type\":\"PropertyValueSpecification\",\"valueRequired\":true,\"valueName\":\"search_term_string\"}}],\"inLanguage\":\"qt\"},{\"@type\":\"Organization\",\"@id\":\"https:\\\/\\\/qtmm.org\\\/qt\\\/#organization\",\"name\":\"\u041c\u0435\u0434\u0436\u043b\u0456\u0441\",\"url\":\"https:\\\/\\\/qtmm.org\\\/qt\\\/\",\"logo\":{\"@type\":\"ImageObject\",\"inLanguage\":\"qt\",\"@id\":\"https:\\\/\\\/qtmm.org\\\/qt\\\/#\\\/schema\\\/logo\\\/image\\\/\",\"url\":\"https:\\\/\\\/qtmm.org\\\/wp-content\\\/uploads\\\/2024\\\/12\\\/ua-mejlis-logo-rgb.svg\",\"contentUrl\":\"https:\\\/\\\/qtmm.org\\\/wp-content\\\/uploads\\\/2024\\\/12\\\/ua-mejlis-logo-rgb.svg\",\"caption\":\"\u041c\u0435\u0434\u0436\u043b\u0456\u0441\"},\"image\":{\"@id\":\"https:\\\/\\\/qtmm.org\\\/qt\\\/#\\\/schema\\\/logo\\\/image\\\/\"},\"sameAs\":[\"https:\\\/\\\/www.facebook.com\\\/qtmm.info\\\/\"]},{\"@type\":\"Person\",\"@id\":\"https:\\\/\\\/qtmm.org\\\/qt\\\/#\\\/schema\\\/person\\\/de562469f971dec226ac06e60bbf74a7\",\"name\":\"Developer\",\"image\":{\"@type\":\"ImageObject\",\"inLanguage\":\"qt\",\"@id\":\"https:\\\/\\\/secure.gravatar.com\\\/avatar\\\/392b4cc8fbfeb00b39dfeeab4ee6edded39ffd48e25858637e4765810300227e?s=96&d=mm&r=g\",\"url\":\"https:\\\/\\\/secure.gravatar.com\\\/avatar\\\/392b4cc8fbfeb00b39dfeeab4ee6edded39ffd48e25858637e4765810300227e?s=96&d=mm&r=g\",\"contentUrl\":\"https:\\\/\\\/secure.gravatar.com\\\/avatar\\\/392b4cc8fbfeb00b39dfeeab4ee6edded39ffd48e25858637e4765810300227e?s=96&d=mm&r=g\",\"caption\":\"Developer\"},\"url\":\"https:\\\/\\\/qtmm.org\\\/qt\\\/author\\\/Developer\\\/\"}]}<\/script>\n<!-- \/ Yoast SEO plugin. -->","yoast_head_json":{"title":"Meclis delegatsiyas\u0131 Avropa q\u0131r\u0131mtatar cemaat te\u015fkil\u00e2tlar\u0131n\u0131\u00f1 topla\u015fuv\u0131nda i\u015ftirak etti - \u041c\u0435\u0434\u0436\u043b\u0456\u0441","robots":{"index":"index","follow":"follow","max-snippet":"max-snippet:-1","max-image-preview":"max-image-preview:large","max-video-preview":"max-video-preview:-1"},"canonical":"https:\/\/qtmm.org\/qt\/meclis-delegatsiyasi-avropa-qirimtatar-cemaat-teskilatlarinin-toplasuvinda-istirak-etti\/","og_locale":"en_US","og_type":"article","og_title":"Meclis delegatsiyas\u0131 Avropa q\u0131r\u0131mtatar cemaat te\u015fkil\u00e2tlar\u0131n\u0131\u00f1 topla\u015fuv\u0131nda i\u015ftirak etti - \u041c\u0435\u0434\u0436\u043b\u0456\u0441","og_description":"May\u0131s 26-da k\u00fcnni\u00f1 ekinci yar\u0131s\u0131nda K\u00f6lnde (Almaniya) Meclis reisi Mustafa Cemilev ve o\u00f1a refaqatl\u0131q yapqan Meclis t\u0131\u015fq\u0131 al\u00e2qalar b\u00f6l\u00fcgini\u00f1 ba\u015f\u0131 Ali Hamzin, Kiyevdeki q\u0131r\u0131mtatar cemiyetini\u00f1 ba\u015f\u0131 Aslan \u00d6mer Q\u0131r\u0131ml\u0131, Q\u0131r\u0131mtatar halq\u0131 qurultay\u0131n\u0131\u00f1 delegat\u0131 Rustem \u00dcmerov \u011earbiy Avropa Q\u0131r\u0131mtatar medeniyet ve yard\u0131mla\u015fma dernegini\u00f1 topla\u015fuv\u0131nda i\u015ftirak ettiler. K\u00f6r\u00fc\u015f\u00fcvni Cemiyetni\u00f1 reisi Rafet Qaranl\u0131q ve Meclisni\u00f1 Almaniyadaki temsilcisi, B\u00fct\u00fcnd\u00fcnya [&hellip;]","og_url":"https:\/\/qtmm.org\/qt\/meclis-delegatsiyasi-avropa-qirimtatar-cemaat-teskilatlarinin-toplasuvinda-istirak-etti\/","og_site_name":"\u041c\u0435\u0434\u0436\u043b\u0456\u0441","article_publisher":"https:\/\/www.facebook.com\/qtmm.info\/","article_published_time":"2013-05-03T19:38:00+00:00","article_modified_time":"2022-01-23T19:38:30+00:00","author":"Developer","twitter_card":"summary_large_image","twitter_misc":{"Written by":"Developer","Est. reading time":"1 minute"},"schema":{"@context":"https:\/\/schema.org","@graph":[{"@type":"Article","@id":"https:\/\/qtmm.org\/qt\/meclis-delegatsiyasi-avropa-qirimtatar-cemaat-teskilatlarinin-toplasuvinda-istirak-etti\/#article","isPartOf":{"@id":"https:\/\/qtmm.org\/qt\/meclis-delegatsiyasi-avropa-qirimtatar-cemaat-teskilatlarinin-toplasuvinda-istirak-etti\/"},"author":{"name":"Developer","@id":"https:\/\/qtmm.org\/qt\/#\/schema\/person\/de562469f971dec226ac06e60bbf74a7"},"headline":"Meclis delegatsiyas\u0131 Avropa q\u0131r\u0131mtatar cemaat te\u015fkil\u00e2tlar\u0131n\u0131\u00f1 topla\u015fuv\u0131nda i\u015ftirak etti","datePublished":"2013-05-03T19:38:00+00:00","dateModified":"2022-01-23T19:38:30+00:00","mainEntityOfPage":{"@id":"https:\/\/qtmm.org\/qt\/meclis-delegatsiyasi-avropa-qirimtatar-cemaat-teskilatlarinin-toplasuvinda-istirak-etti\/"},"wordCount":181,"commentCount":0,"publisher":{"@id":"https:\/\/qtmm.org\/qt\/#organization"},"articleSection":["Haberler"],"inLanguage":"qt","potentialAction":[{"@type":"CommentAction","name":"Comment","target":["https:\/\/qtmm.org\/qt\/meclis-delegatsiyasi-avropa-qirimtatar-cemaat-teskilatlarinin-toplasuvinda-istirak-etti\/#respond"]}]},{"@type":"WebPage","@id":"https:\/\/qtmm.org\/qt\/meclis-delegatsiyasi-avropa-qirimtatar-cemaat-teskilatlarinin-toplasuvinda-istirak-etti\/","url":"https:\/\/qtmm.org\/qt\/meclis-delegatsiyasi-avropa-qirimtatar-cemaat-teskilatlarinin-toplasuvinda-istirak-etti\/","name":"Meclis delegatsiyas\u0131 Avropa q\u0131r\u0131mtatar cemaat te\u015fkil\u00e2tlar\u0131n\u0131\u00f1 topla\u015fuv\u0131nda i\u015ftirak etti - \u041c\u0435\u0434\u0436\u043b\u0456\u0441","isPartOf":{"@id":"https:\/\/qtmm.org\/qt\/#website"},"datePublished":"2013-05-03T19:38:00+00:00","dateModified":"2022-01-23T19:38:30+00:00","breadcrumb":{"@id":"https:\/\/qtmm.org\/qt\/meclis-delegatsiyasi-avropa-qirimtatar-cemaat-teskilatlarinin-toplasuvinda-istirak-etti\/#breadcrumb"},"inLanguage":"qt","potentialAction":[{"@type":"ReadAction","target":["https:\/\/qtmm.org\/qt\/meclis-delegatsiyasi-avropa-qirimtatar-cemaat-teskilatlarinin-toplasuvinda-istirak-etti\/"]}]},{"@type":"BreadcrumbList","@id":"https:\/\/qtmm.org\/qt\/meclis-delegatsiyasi-avropa-qirimtatar-cemaat-teskilatlarinin-toplasuvinda-istirak-etti\/#breadcrumb","itemListElement":[{"@type":"ListItem","position":1,"name":"\u0413\u043e\u043b\u043e\u0432\u043d\u0430","item":"https:\/\/qtmm.org\/qt\/"},{"@type":"ListItem","position":2,"name":"Meclis delegatsiyas\u0131 Avropa q\u0131r\u0131mtatar cemaat te\u015fkil\u00e2tlar\u0131n\u0131\u00f1 topla\u015fuv\u0131nda i\u015ftirak etti"}]},{"@type":"WebSite","@id":"https:\/\/qtmm.org\/qt\/#website","url":"https:\/\/qtmm.org\/qt\/","name":"\u041c\u0435\u0434\u0436\u043b\u0456\u0441","description":"","publisher":{"@id":"https:\/\/qtmm.org\/qt\/#organization"},"potentialAction":[{"@type":"SearchAction","target":{"@type":"EntryPoint","urlTemplate":"https:\/\/qtmm.org\/qt\/?s={search_term_string}"},"query-input":{"@type":"PropertyValueSpecification","valueRequired":true,"valueName":"search_term_string"}}],"inLanguage":"qt"},{"@type":"Organization","@id":"https:\/\/qtmm.org\/qt\/#organization","name":"\u041c\u0435\u0434\u0436\u043b\u0456\u0441","url":"https:\/\/qtmm.org\/qt\/","logo":{"@type":"ImageObject","inLanguage":"qt","@id":"https:\/\/qtmm.org\/qt\/#\/schema\/logo\/image\/","url":"https:\/\/qtmm.org\/wp-content\/uploads\/2024\/12\/ua-mejlis-logo-rgb.svg","contentUrl":"https:\/\/qtmm.org\/wp-content\/uploads\/2024\/12\/ua-mejlis-logo-rgb.svg","caption":"\u041c\u0435\u0434\u0436\u043b\u0456\u0441"},"image":{"@id":"https:\/\/qtmm.org\/qt\/#\/schema\/logo\/image\/"},"sameAs":["https:\/\/www.facebook.com\/qtmm.info\/"]},{"@type":"Person","@id":"https:\/\/qtmm.org\/qt\/#\/schema\/person\/de562469f971dec226ac06e60bbf74a7","name":"Developer","image":{"@type":"ImageObject","inLanguage":"qt","@id":"https:\/\/secure.gravatar.com\/avatar\/392b4cc8fbfeb00b39dfeeab4ee6edded39ffd48e25858637e4765810300227e?s=96&d=mm&r=g","url":"https:\/\/secure.gravatar.com\/avatar\/392b4cc8fbfeb00b39dfeeab4ee6edded39ffd48e25858637e4765810300227e?s=96&d=mm&r=g","contentUrl":"https:\/\/secure.gravatar.com\/avatar\/392b4cc8fbfeb00b39dfeeab4ee6edded39ffd48e25858637e4765810300227e?s=96&d=mm&r=g","caption":"Developer"},"url":"https:\/\/qtmm.org\/qt\/author\/Developer\/"}]}},"_links":{"self":[{"href":"https:\/\/qtmm.org\/qt\/wp-json\/wp\/v2\/posts\/36737","targetHints":{"allow":["GET"]}}],"collection":[{"href":"https:\/\/qtmm.org\/qt\/wp-json\/wp\/v2\/posts"}],"about":[{"href":"https:\/\/qtmm.org\/qt\/wp-json\/wp\/v2\/types\/post"}],"author":[{"embeddable":true,"href":"https:\/\/qtmm.org\/qt\/wp-json\/wp\/v2\/users\/1"}],"replies":[{"embeddable":true,"href":"https:\/\/qtmm.org\/qt\/wp-json\/wp\/v2\/comments?post=36737"}],"version-history":[{"count":1,"href":"https:\/\/qtmm.org\/qt\/wp-json\/wp\/v2\/posts\/36737\/revisions"}],"predecessor-version":[{"id":36738,"href":"https:\/\/qtmm.org\/qt\/wp-json\/wp\/v2\/posts\/36737\/revisions\/36738"}],"wp:attachment":[{"href":"https:\/\/qtmm.org\/qt\/wp-json\/wp\/v2\/media?parent=36737"}],"wp:term":[{"taxonomy":"category","embeddable":true,"href":"https:\/\/qtmm.org\/qt\/wp-json\/wp\/v2\/categories?post=36737"},{"taxonomy":"post_tag","embeddable":true,"href":"https:\/\/qtmm.org\/qt\/wp-json\/wp\/v2\/tags?post=36737"}],"curies":[{"name":"wp","href":"https:\/\/api.w.org\/{rel}","templated":true}]}}