




{"id":36723,"date":"2013-05-02T22:36:00","date_gmt":"2013-05-02T19:36:00","guid":{"rendered":"http:\/\/qtmm.org\/?p=36723"},"modified":"2022-01-23T22:37:51","modified_gmt":"2022-01-23T19:37:51","slug":"kiyevde-sovetler-birliginin-eki-defa-qaramanlari-mesur-ucucilar-amethan-sultan-ve-georgiy-beregovoy-eykellerinin-acilisi-oldi","status":"publish","type":"post","link":"https:\/\/qtmm.org\/qt\/kiyevde-sovetler-birliginin-eki-defa-qaramanlari-mesur-ucucilar-amethan-sultan-ve-georgiy-beregovoy-eykellerinin-acilisi-oldi\/","title":{"rendered":"Kiyevde Sovetler Birligini\u00f1 Eki defa qaramanlar\u0131 , me\u015fur u\u00e7uc\u0131lar Amethan Sultan ve Georgiy Beregovoy eykellerini\u00f1 a\u00e7\u0131l\u0131\u015f\u0131 old\u0131"},"content":{"rendered":"\n<p>Kiyevde may\u0131s 1 k\u00fcn\u00fc \u015ean- \u015f\u00fcret ba\u011f\u00e7as\u0131nda arbiy \u015f\u00fcret soqa\u011f\u0131nda Sovetler Birligini\u00f1 Eki defa qaramanlar\u0131 , me\u015fur u\u00e7uc\u0131lar Amethan Sultan ve Georgiy Beregovoy eykellerini\u00f1 tantanl\u0131 a\u00e7\u0131l\u0131\u015f\u0131 old\u0131.<\/p>\n\n\n\n<p>Merasimde Ukraina ba\u015f naziri Nikolay Azarov, Kiyev \u015feeri devlet memuriyetini\u00f1 reisi Aleksandr Popov ve \u00fck\u00fcmet azalar\u0131 i\u015ftirak ettiler.<\/p>\n\n\n\n<p>Azarovn\u0131\u00f1 aytqan\u0131na k\u00f6re b\u00f6yle eykeller qoyulmas\u0131 Ekinci d\u00fcnya cenkini unutma\u011fa bermey ve \u00f6seyatqan nesilni vatanperverlik ruhunda terbiyelev vastas\u0131d\u0131r. Ba\u015f nazir \u015fun\u0131 da qayd etti ki, \u015ean-\u015f\u00fcret ba\u011f\u00e7as\u0131nda arbiy \u015f\u00fcret soqa\u011f\u0131n\u0131\u00f1 quruc\u0131l\u0131\u011f\u0131 2015 senesine yani Ekinci cian cenkinde elde etilgen \u011falebeni\u00f1 70 y\u0131ll\u0131\u011f\u0131na bitirilecek.<\/p>\n\n\n\n<p>Bundan da \u011fayr\u0131, soqaqta Ukrainada do\u011f\u011fan, Ukrainan\u0131 azat et\u00fcvde i\u015ftirak etken, m\u0131nda defn etilgen ve ya da ya\u015fa\u011fan 14 nefer Sovetler Birligi Eki defa qaramanlar\u0131n\u0131\u00f1 eykelleri qoyulacaq.<\/p>\n\n\n\n<figure class=\"wp-block-image size-full\"><img loading=\"lazy\" decoding=\"async\" width=\"650\" height=\"488\" src=\"http:\/\/qtmm.org\/wp-content\/uploads\/2022\/01\/5_43.jpeg\" alt=\"\" class=\"wp-image-36728\" srcset=\"https:\/\/qtmm.org\/wp-content\/uploads\/2022\/01\/5_43.jpeg 650w, https:\/\/qtmm.org\/wp-content\/uploads\/2022\/01\/5_43-300x225.jpeg 300w\" sizes=\"auto, (max-width: 650px) 100vw, 650px\" \/><\/figure>\n\n\n\n<p>A\u00e7\u0131l\u0131\u015f merasiminde Kiyevdeki q\u0131r\u0131mtatarlar cemiyetini\u00f1 vekilleri de i\u015ftirak etken medeniy inki\u015faf komitetini\u00f1 ba\u015f\u0131 Femiy Mustafayev, t\u0131\u015fq\u0131 al\u00e2qalar koordinator\u0131 Remzi Abkerimov, medeniy inki\u015faf komitetini\u00f1 koordinator\u0131 Zera Halilova Meclis ve Kiyevdeki q\u0131r\u0131mtatarlar cemiyeti ad\u0131ndan Amethan Sultan eykeline g\u00fcl\u00e7emberler qoyd\u0131lar.<\/p>\n\n\n\n<figure class=\"wp-block-image size-full\"><img loading=\"lazy\" decoding=\"async\" width=\"650\" height=\"698\" src=\"http:\/\/qtmm.org\/wp-content\/uploads\/2022\/01\/4_73.jpeg\" alt=\"\" class=\"wp-image-36732\" srcset=\"https:\/\/qtmm.org\/wp-content\/uploads\/2022\/01\/4_73.jpeg 650w, https:\/\/qtmm.org\/wp-content\/uploads\/2022\/01\/4_73-279x300.jpeg 279w\" sizes=\"auto, (max-width: 650px) 100vw, 650px\" \/><\/figure>\n","protected":false},"excerpt":{"rendered":"<p>Kiyevde may\u0131s 1 k\u00fcn\u00fc \u015ean- \u015f\u00fcret ba\u011f\u00e7as\u0131nda arbiy \u015f\u00fcret soqa\u011f\u0131nda Sovetler Birligini\u00f1 Eki defa qaramanlar\u0131 , me\u015fur u\u00e7uc\u0131lar Amethan Sultan ve Georgiy Beregovoy eykellerini\u00f1 tantanl\u0131 a\u00e7\u0131l\u0131\u015f\u0131 old\u0131. Merasimde Ukraina ba\u015f naziri Nikolay Azarov, Kiyev \u015feeri devlet memuriyetini\u00f1 reisi Aleksandr Popov ve \u00fck\u00fcmet azalar\u0131 i\u015ftirak ettiler. Azarovn\u0131\u00f1 aytqan\u0131na k\u00f6re b\u00f6yle eykeller qoyulmas\u0131 Ekinci d\u00fcnya cenkini unutma\u011fa [&hellip;]<\/p>\n","protected":false},"author":1,"featured_media":36724,"comment_status":"open","ping_status":"open","sticky":false,"template":"","format":"standard","meta":{"inline_featured_image":false,"footnotes":""},"categories":[265],"tags":[],"class_list":["post-36723","post","type-post","status-publish","format-standard","has-post-thumbnail","hentry","category-haberler"],"acf":[],"yoast_head":"<!-- This site is optimized with the Yoast SEO plugin v27.4 - https:\/\/yoast.com\/product\/yoast-seo-wordpress\/ -->\n<title>Kiyevde Sovetler Birligini\u00f1 Eki defa qaramanlar\u0131 , me\u015fur u\u00e7uc\u0131lar Amethan Sultan ve Georgiy Beregovoy eykellerini\u00f1 a\u00e7\u0131l\u0131\u015f\u0131 old\u0131 - \u041c\u0435\u0434\u0436\u043b\u0456\u0441<\/title>\n<meta name=\"robots\" content=\"index, follow, max-snippet:-1, max-image-preview:large, max-video-preview:-1\" \/>\n<link rel=\"canonical\" href=\"https:\/\/qtmm.org\/qt\/kiyevde-sovetler-birliginin-eki-defa-qaramanlari-mesur-ucucilar-amethan-sultan-ve-georgiy-beregovoy-eykellerinin-acilisi-oldi\/\" \/>\n<meta property=\"og:locale\" content=\"en_US\" \/>\n<meta property=\"og:type\" content=\"article\" \/>\n<meta property=\"og:title\" content=\"Kiyevde Sovetler Birligini\u00f1 Eki defa qaramanlar\u0131 , me\u015fur u\u00e7uc\u0131lar Amethan Sultan ve Georgiy Beregovoy eykellerini\u00f1 a\u00e7\u0131l\u0131\u015f\u0131 old\u0131 - \u041c\u0435\u0434\u0436\u043b\u0456\u0441\" \/>\n<meta property=\"og:description\" content=\"Kiyevde may\u0131s 1 k\u00fcn\u00fc \u015ean- \u015f\u00fcret ba\u011f\u00e7as\u0131nda arbiy \u015f\u00fcret soqa\u011f\u0131nda Sovetler Birligini\u00f1 Eki defa qaramanlar\u0131 , me\u015fur u\u00e7uc\u0131lar Amethan Sultan ve Georgiy Beregovoy eykellerini\u00f1 tantanl\u0131 a\u00e7\u0131l\u0131\u015f\u0131 old\u0131. Merasimde Ukraina ba\u015f naziri Nikolay Azarov, Kiyev \u015feeri devlet memuriyetini\u00f1 reisi Aleksandr Popov ve \u00fck\u00fcmet azalar\u0131 i\u015ftirak ettiler. Azarovn\u0131\u00f1 aytqan\u0131na k\u00f6re b\u00f6yle eykeller qoyulmas\u0131 Ekinci d\u00fcnya cenkini unutma\u011fa [&hellip;]\" \/>\n<meta property=\"og:url\" content=\"https:\/\/qtmm.org\/qt\/kiyevde-sovetler-birliginin-eki-defa-qaramanlari-mesur-ucucilar-amethan-sultan-ve-georgiy-beregovoy-eykellerinin-acilisi-oldi\/\" \/>\n<meta property=\"og:site_name\" content=\"\u041c\u0435\u0434\u0436\u043b\u0456\u0441\" \/>\n<meta property=\"article:publisher\" content=\"https:\/\/www.facebook.com\/qtmm.info\/\" \/>\n<meta property=\"article:published_time\" content=\"2013-05-02T19:36:00+00:00\" \/>\n<meta property=\"article:modified_time\" content=\"2022-01-23T19:37:51+00:00\" \/>\n<meta property=\"og:image\" content=\"https:\/\/qtmm.org\/wp-content\/uploads\/2022\/01\/1_108.jpeg\" \/>\n\t<meta property=\"og:image:width\" content=\"650\" \/>\n\t<meta property=\"og:image:height\" content=\"488\" \/>\n\t<meta property=\"og:image:type\" content=\"image\/jpeg\" \/>\n<meta name=\"author\" content=\"Developer\" \/>\n<meta name=\"twitter:card\" content=\"summary_large_image\" \/>\n<meta name=\"twitter:label1\" content=\"Written by\" \/>\n\t<meta name=\"twitter:data1\" content=\"Developer\" \/>\n\t<meta name=\"twitter:label2\" content=\"Est. reading time\" \/>\n\t<meta name=\"twitter:data2\" content=\"1 minute\" \/>\n<script type=\"application\/ld+json\" class=\"yoast-schema-graph\">{\"@context\":\"https:\\\/\\\/schema.org\",\"@graph\":[{\"@type\":\"Article\",\"@id\":\"https:\\\/\\\/qtmm.org\\\/qt\\\/kiyevde-sovetler-birliginin-eki-defa-qaramanlari-mesur-ucucilar-amethan-sultan-ve-georgiy-beregovoy-eykellerinin-acilisi-oldi\\\/#article\",\"isPartOf\":{\"@id\":\"https:\\\/\\\/qtmm.org\\\/qt\\\/kiyevde-sovetler-birliginin-eki-defa-qaramanlari-mesur-ucucilar-amethan-sultan-ve-georgiy-beregovoy-eykellerinin-acilisi-oldi\\\/\"},\"author\":{\"name\":\"Developer\",\"@id\":\"https:\\\/\\\/qtmm.org\\\/qt\\\/#\\\/schema\\\/person\\\/de562469f971dec226ac06e60bbf74a7\"},\"headline\":\"Kiyevde Sovetler Birligini\u00f1 Eki defa qaramanlar\u0131 , me\u015fur u\u00e7uc\u0131lar Amethan Sultan ve Georgiy Beregovoy eykellerini\u00f1 a\u00e7\u0131l\u0131\u015f\u0131 old\u0131\",\"datePublished\":\"2013-05-02T19:36:00+00:00\",\"dateModified\":\"2022-01-23T19:37:51+00:00\",\"mainEntityOfPage\":{\"@id\":\"https:\\\/\\\/qtmm.org\\\/qt\\\/kiyevde-sovetler-birliginin-eki-defa-qaramanlari-mesur-ucucilar-amethan-sultan-ve-georgiy-beregovoy-eykellerinin-acilisi-oldi\\\/\"},\"wordCount\":213,\"commentCount\":0,\"publisher\":{\"@id\":\"https:\\\/\\\/qtmm.org\\\/qt\\\/#organization\"},\"image\":{\"@id\":\"https:\\\/\\\/qtmm.org\\\/qt\\\/kiyevde-sovetler-birliginin-eki-defa-qaramanlari-mesur-ucucilar-amethan-sultan-ve-georgiy-beregovoy-eykellerinin-acilisi-oldi\\\/#primaryimage\"},\"thumbnailUrl\":\"https:\\\/\\\/qtmm.org\\\/wp-content\\\/uploads\\\/2022\\\/01\\\/1_108.jpeg\",\"articleSection\":[\"Haberler\"],\"inLanguage\":\"qt\",\"potentialAction\":[{\"@type\":\"CommentAction\",\"name\":\"Comment\",\"target\":[\"https:\\\/\\\/qtmm.org\\\/qt\\\/kiyevde-sovetler-birliginin-eki-defa-qaramanlari-mesur-ucucilar-amethan-sultan-ve-georgiy-beregovoy-eykellerinin-acilisi-oldi\\\/#respond\"]}]},{\"@type\":\"WebPage\",\"@id\":\"https:\\\/\\\/qtmm.org\\\/qt\\\/kiyevde-sovetler-birliginin-eki-defa-qaramanlari-mesur-ucucilar-amethan-sultan-ve-georgiy-beregovoy-eykellerinin-acilisi-oldi\\\/\",\"url\":\"https:\\\/\\\/qtmm.org\\\/qt\\\/kiyevde-sovetler-birliginin-eki-defa-qaramanlari-mesur-ucucilar-amethan-sultan-ve-georgiy-beregovoy-eykellerinin-acilisi-oldi\\\/\",\"name\":\"Kiyevde Sovetler Birligini\u00f1 Eki defa qaramanlar\u0131 , me\u015fur u\u00e7uc\u0131lar Amethan Sultan ve Georgiy Beregovoy eykellerini\u00f1 a\u00e7\u0131l\u0131\u015f\u0131 old\u0131 - \u041c\u0435\u0434\u0436\u043b\u0456\u0441\",\"isPartOf\":{\"@id\":\"https:\\\/\\\/qtmm.org\\\/qt\\\/#website\"},\"primaryImageOfPage\":{\"@id\":\"https:\\\/\\\/qtmm.org\\\/qt\\\/kiyevde-sovetler-birliginin-eki-defa-qaramanlari-mesur-ucucilar-amethan-sultan-ve-georgiy-beregovoy-eykellerinin-acilisi-oldi\\\/#primaryimage\"},\"image\":{\"@id\":\"https:\\\/\\\/qtmm.org\\\/qt\\\/kiyevde-sovetler-birliginin-eki-defa-qaramanlari-mesur-ucucilar-amethan-sultan-ve-georgiy-beregovoy-eykellerinin-acilisi-oldi\\\/#primaryimage\"},\"thumbnailUrl\":\"https:\\\/\\\/qtmm.org\\\/wp-content\\\/uploads\\\/2022\\\/01\\\/1_108.jpeg\",\"datePublished\":\"2013-05-02T19:36:00+00:00\",\"dateModified\":\"2022-01-23T19:37:51+00:00\",\"breadcrumb\":{\"@id\":\"https:\\\/\\\/qtmm.org\\\/qt\\\/kiyevde-sovetler-birliginin-eki-defa-qaramanlari-mesur-ucucilar-amethan-sultan-ve-georgiy-beregovoy-eykellerinin-acilisi-oldi\\\/#breadcrumb\"},\"inLanguage\":\"qt\",\"potentialAction\":[{\"@type\":\"ReadAction\",\"target\":[\"https:\\\/\\\/qtmm.org\\\/qt\\\/kiyevde-sovetler-birliginin-eki-defa-qaramanlari-mesur-ucucilar-amethan-sultan-ve-georgiy-beregovoy-eykellerinin-acilisi-oldi\\\/\"]}]},{\"@type\":\"ImageObject\",\"inLanguage\":\"qt\",\"@id\":\"https:\\\/\\\/qtmm.org\\\/qt\\\/kiyevde-sovetler-birliginin-eki-defa-qaramanlari-mesur-ucucilar-amethan-sultan-ve-georgiy-beregovoy-eykellerinin-acilisi-oldi\\\/#primaryimage\",\"url\":\"https:\\\/\\\/qtmm.org\\\/wp-content\\\/uploads\\\/2022\\\/01\\\/1_108.jpeg\",\"contentUrl\":\"https:\\\/\\\/qtmm.org\\\/wp-content\\\/uploads\\\/2022\\\/01\\\/1_108.jpeg\",\"width\":650,\"height\":488},{\"@type\":\"BreadcrumbList\",\"@id\":\"https:\\\/\\\/qtmm.org\\\/qt\\\/kiyevde-sovetler-birliginin-eki-defa-qaramanlari-mesur-ucucilar-amethan-sultan-ve-georgiy-beregovoy-eykellerinin-acilisi-oldi\\\/#breadcrumb\",\"itemListElement\":[{\"@type\":\"ListItem\",\"position\":1,\"name\":\"\u0413\u043e\u043b\u043e\u0432\u043d\u0430\",\"item\":\"https:\\\/\\\/qtmm.org\\\/qt\\\/\"},{\"@type\":\"ListItem\",\"position\":2,\"name\":\"Kiyevde Sovetler Birligini\u00f1 Eki defa qaramanlar\u0131 , me\u015fur u\u00e7uc\u0131lar Amethan Sultan ve Georgiy Beregovoy eykellerini\u00f1 a\u00e7\u0131l\u0131\u015f\u0131 old\u0131\"}]},{\"@type\":\"WebSite\",\"@id\":\"https:\\\/\\\/qtmm.org\\\/qt\\\/#website\",\"url\":\"https:\\\/\\\/qtmm.org\\\/qt\\\/\",\"name\":\"\u041c\u0435\u0434\u0436\u043b\u0456\u0441\",\"description\":\"\",\"publisher\":{\"@id\":\"https:\\\/\\\/qtmm.org\\\/qt\\\/#organization\"},\"potentialAction\":[{\"@type\":\"SearchAction\",\"target\":{\"@type\":\"EntryPoint\",\"urlTemplate\":\"https:\\\/\\\/qtmm.org\\\/qt\\\/?s={search_term_string}\"},\"query-input\":{\"@type\":\"PropertyValueSpecification\",\"valueRequired\":true,\"valueName\":\"search_term_string\"}}],\"inLanguage\":\"qt\"},{\"@type\":\"Organization\",\"@id\":\"https:\\\/\\\/qtmm.org\\\/qt\\\/#organization\",\"name\":\"\u041c\u0435\u0434\u0436\u043b\u0456\u0441\",\"url\":\"https:\\\/\\\/qtmm.org\\\/qt\\\/\",\"logo\":{\"@type\":\"ImageObject\",\"inLanguage\":\"qt\",\"@id\":\"https:\\\/\\\/qtmm.org\\\/qt\\\/#\\\/schema\\\/logo\\\/image\\\/\",\"url\":\"https:\\\/\\\/qtmm.org\\\/wp-content\\\/uploads\\\/2024\\\/12\\\/ua-mejlis-logo-rgb.svg\",\"contentUrl\":\"https:\\\/\\\/qtmm.org\\\/wp-content\\\/uploads\\\/2024\\\/12\\\/ua-mejlis-logo-rgb.svg\",\"caption\":\"\u041c\u0435\u0434\u0436\u043b\u0456\u0441\"},\"image\":{\"@id\":\"https:\\\/\\\/qtmm.org\\\/qt\\\/#\\\/schema\\\/logo\\\/image\\\/\"},\"sameAs\":[\"https:\\\/\\\/www.facebook.com\\\/qtmm.info\\\/\"]},{\"@type\":\"Person\",\"@id\":\"https:\\\/\\\/qtmm.org\\\/qt\\\/#\\\/schema\\\/person\\\/de562469f971dec226ac06e60bbf74a7\",\"name\":\"Developer\",\"image\":{\"@type\":\"ImageObject\",\"inLanguage\":\"qt\",\"@id\":\"https:\\\/\\\/secure.gravatar.com\\\/avatar\\\/392b4cc8fbfeb00b39dfeeab4ee6edded39ffd48e25858637e4765810300227e?s=96&d=mm&r=g\",\"url\":\"https:\\\/\\\/secure.gravatar.com\\\/avatar\\\/392b4cc8fbfeb00b39dfeeab4ee6edded39ffd48e25858637e4765810300227e?s=96&d=mm&r=g\",\"contentUrl\":\"https:\\\/\\\/secure.gravatar.com\\\/avatar\\\/392b4cc8fbfeb00b39dfeeab4ee6edded39ffd48e25858637e4765810300227e?s=96&d=mm&r=g\",\"caption\":\"Developer\"},\"url\":\"https:\\\/\\\/qtmm.org\\\/qt\\\/author\\\/Developer\\\/\"}]}<\/script>\n<!-- \/ Yoast SEO plugin. -->","yoast_head_json":{"title":"Kiyevde Sovetler Birligini\u00f1 Eki defa qaramanlar\u0131 , me\u015fur u\u00e7uc\u0131lar Amethan Sultan ve Georgiy Beregovoy eykellerini\u00f1 a\u00e7\u0131l\u0131\u015f\u0131 old\u0131 - \u041c\u0435\u0434\u0436\u043b\u0456\u0441","robots":{"index":"index","follow":"follow","max-snippet":"max-snippet:-1","max-image-preview":"max-image-preview:large","max-video-preview":"max-video-preview:-1"},"canonical":"https:\/\/qtmm.org\/qt\/kiyevde-sovetler-birliginin-eki-defa-qaramanlari-mesur-ucucilar-amethan-sultan-ve-georgiy-beregovoy-eykellerinin-acilisi-oldi\/","og_locale":"en_US","og_type":"article","og_title":"Kiyevde Sovetler Birligini\u00f1 Eki defa qaramanlar\u0131 , me\u015fur u\u00e7uc\u0131lar Amethan Sultan ve Georgiy Beregovoy eykellerini\u00f1 a\u00e7\u0131l\u0131\u015f\u0131 old\u0131 - \u041c\u0435\u0434\u0436\u043b\u0456\u0441","og_description":"Kiyevde may\u0131s 1 k\u00fcn\u00fc \u015ean- \u015f\u00fcret ba\u011f\u00e7as\u0131nda arbiy \u015f\u00fcret soqa\u011f\u0131nda Sovetler Birligini\u00f1 Eki defa qaramanlar\u0131 , me\u015fur u\u00e7uc\u0131lar Amethan Sultan ve Georgiy Beregovoy eykellerini\u00f1 tantanl\u0131 a\u00e7\u0131l\u0131\u015f\u0131 old\u0131. Merasimde Ukraina ba\u015f naziri Nikolay Azarov, Kiyev \u015feeri devlet memuriyetini\u00f1 reisi Aleksandr Popov ve \u00fck\u00fcmet azalar\u0131 i\u015ftirak ettiler. Azarovn\u0131\u00f1 aytqan\u0131na k\u00f6re b\u00f6yle eykeller qoyulmas\u0131 Ekinci d\u00fcnya cenkini unutma\u011fa [&hellip;]","og_url":"https:\/\/qtmm.org\/qt\/kiyevde-sovetler-birliginin-eki-defa-qaramanlari-mesur-ucucilar-amethan-sultan-ve-georgiy-beregovoy-eykellerinin-acilisi-oldi\/","og_site_name":"\u041c\u0435\u0434\u0436\u043b\u0456\u0441","article_publisher":"https:\/\/www.facebook.com\/qtmm.info\/","article_published_time":"2013-05-02T19:36:00+00:00","article_modified_time":"2022-01-23T19:37:51+00:00","og_image":[{"width":650,"height":488,"url":"https:\/\/qtmm.org\/wp-content\/uploads\/2022\/01\/1_108.jpeg","type":"image\/jpeg"}],"author":"Developer","twitter_card":"summary_large_image","twitter_misc":{"Written by":"Developer","Est. reading time":"1 minute"},"schema":{"@context":"https:\/\/schema.org","@graph":[{"@type":"Article","@id":"https:\/\/qtmm.org\/qt\/kiyevde-sovetler-birliginin-eki-defa-qaramanlari-mesur-ucucilar-amethan-sultan-ve-georgiy-beregovoy-eykellerinin-acilisi-oldi\/#article","isPartOf":{"@id":"https:\/\/qtmm.org\/qt\/kiyevde-sovetler-birliginin-eki-defa-qaramanlari-mesur-ucucilar-amethan-sultan-ve-georgiy-beregovoy-eykellerinin-acilisi-oldi\/"},"author":{"name":"Developer","@id":"https:\/\/qtmm.org\/qt\/#\/schema\/person\/de562469f971dec226ac06e60bbf74a7"},"headline":"Kiyevde Sovetler Birligini\u00f1 Eki defa qaramanlar\u0131 , me\u015fur u\u00e7uc\u0131lar Amethan Sultan ve Georgiy Beregovoy eykellerini\u00f1 a\u00e7\u0131l\u0131\u015f\u0131 old\u0131","datePublished":"2013-05-02T19:36:00+00:00","dateModified":"2022-01-23T19:37:51+00:00","mainEntityOfPage":{"@id":"https:\/\/qtmm.org\/qt\/kiyevde-sovetler-birliginin-eki-defa-qaramanlari-mesur-ucucilar-amethan-sultan-ve-georgiy-beregovoy-eykellerinin-acilisi-oldi\/"},"wordCount":213,"commentCount":0,"publisher":{"@id":"https:\/\/qtmm.org\/qt\/#organization"},"image":{"@id":"https:\/\/qtmm.org\/qt\/kiyevde-sovetler-birliginin-eki-defa-qaramanlari-mesur-ucucilar-amethan-sultan-ve-georgiy-beregovoy-eykellerinin-acilisi-oldi\/#primaryimage"},"thumbnailUrl":"https:\/\/qtmm.org\/wp-content\/uploads\/2022\/01\/1_108.jpeg","articleSection":["Haberler"],"inLanguage":"qt","potentialAction":[{"@type":"CommentAction","name":"Comment","target":["https:\/\/qtmm.org\/qt\/kiyevde-sovetler-birliginin-eki-defa-qaramanlari-mesur-ucucilar-amethan-sultan-ve-georgiy-beregovoy-eykellerinin-acilisi-oldi\/#respond"]}]},{"@type":"WebPage","@id":"https:\/\/qtmm.org\/qt\/kiyevde-sovetler-birliginin-eki-defa-qaramanlari-mesur-ucucilar-amethan-sultan-ve-georgiy-beregovoy-eykellerinin-acilisi-oldi\/","url":"https:\/\/qtmm.org\/qt\/kiyevde-sovetler-birliginin-eki-defa-qaramanlari-mesur-ucucilar-amethan-sultan-ve-georgiy-beregovoy-eykellerinin-acilisi-oldi\/","name":"Kiyevde Sovetler Birligini\u00f1 Eki defa qaramanlar\u0131 , me\u015fur u\u00e7uc\u0131lar Amethan Sultan ve Georgiy Beregovoy eykellerini\u00f1 a\u00e7\u0131l\u0131\u015f\u0131 old\u0131 - \u041c\u0435\u0434\u0436\u043b\u0456\u0441","isPartOf":{"@id":"https:\/\/qtmm.org\/qt\/#website"},"primaryImageOfPage":{"@id":"https:\/\/qtmm.org\/qt\/kiyevde-sovetler-birliginin-eki-defa-qaramanlari-mesur-ucucilar-amethan-sultan-ve-georgiy-beregovoy-eykellerinin-acilisi-oldi\/#primaryimage"},"image":{"@id":"https:\/\/qtmm.org\/qt\/kiyevde-sovetler-birliginin-eki-defa-qaramanlari-mesur-ucucilar-amethan-sultan-ve-georgiy-beregovoy-eykellerinin-acilisi-oldi\/#primaryimage"},"thumbnailUrl":"https:\/\/qtmm.org\/wp-content\/uploads\/2022\/01\/1_108.jpeg","datePublished":"2013-05-02T19:36:00+00:00","dateModified":"2022-01-23T19:37:51+00:00","breadcrumb":{"@id":"https:\/\/qtmm.org\/qt\/kiyevde-sovetler-birliginin-eki-defa-qaramanlari-mesur-ucucilar-amethan-sultan-ve-georgiy-beregovoy-eykellerinin-acilisi-oldi\/#breadcrumb"},"inLanguage":"qt","potentialAction":[{"@type":"ReadAction","target":["https:\/\/qtmm.org\/qt\/kiyevde-sovetler-birliginin-eki-defa-qaramanlari-mesur-ucucilar-amethan-sultan-ve-georgiy-beregovoy-eykellerinin-acilisi-oldi\/"]}]},{"@type":"ImageObject","inLanguage":"qt","@id":"https:\/\/qtmm.org\/qt\/kiyevde-sovetler-birliginin-eki-defa-qaramanlari-mesur-ucucilar-amethan-sultan-ve-georgiy-beregovoy-eykellerinin-acilisi-oldi\/#primaryimage","url":"https:\/\/qtmm.org\/wp-content\/uploads\/2022\/01\/1_108.jpeg","contentUrl":"https:\/\/qtmm.org\/wp-content\/uploads\/2022\/01\/1_108.jpeg","width":650,"height":488},{"@type":"BreadcrumbList","@id":"https:\/\/qtmm.org\/qt\/kiyevde-sovetler-birliginin-eki-defa-qaramanlari-mesur-ucucilar-amethan-sultan-ve-georgiy-beregovoy-eykellerinin-acilisi-oldi\/#breadcrumb","itemListElement":[{"@type":"ListItem","position":1,"name":"\u0413\u043e\u043b\u043e\u0432\u043d\u0430","item":"https:\/\/qtmm.org\/qt\/"},{"@type":"ListItem","position":2,"name":"Kiyevde Sovetler Birligini\u00f1 Eki defa qaramanlar\u0131 , me\u015fur u\u00e7uc\u0131lar Amethan Sultan ve Georgiy Beregovoy eykellerini\u00f1 a\u00e7\u0131l\u0131\u015f\u0131 old\u0131"}]},{"@type":"WebSite","@id":"https:\/\/qtmm.org\/qt\/#website","url":"https:\/\/qtmm.org\/qt\/","name":"\u041c\u0435\u0434\u0436\u043b\u0456\u0441","description":"","publisher":{"@id":"https:\/\/qtmm.org\/qt\/#organization"},"potentialAction":[{"@type":"SearchAction","target":{"@type":"EntryPoint","urlTemplate":"https:\/\/qtmm.org\/qt\/?s={search_term_string}"},"query-input":{"@type":"PropertyValueSpecification","valueRequired":true,"valueName":"search_term_string"}}],"inLanguage":"qt"},{"@type":"Organization","@id":"https:\/\/qtmm.org\/qt\/#organization","name":"\u041c\u0435\u0434\u0436\u043b\u0456\u0441","url":"https:\/\/qtmm.org\/qt\/","logo":{"@type":"ImageObject","inLanguage":"qt","@id":"https:\/\/qtmm.org\/qt\/#\/schema\/logo\/image\/","url":"https:\/\/qtmm.org\/wp-content\/uploads\/2024\/12\/ua-mejlis-logo-rgb.svg","contentUrl":"https:\/\/qtmm.org\/wp-content\/uploads\/2024\/12\/ua-mejlis-logo-rgb.svg","caption":"\u041c\u0435\u0434\u0436\u043b\u0456\u0441"},"image":{"@id":"https:\/\/qtmm.org\/qt\/#\/schema\/logo\/image\/"},"sameAs":["https:\/\/www.facebook.com\/qtmm.info\/"]},{"@type":"Person","@id":"https:\/\/qtmm.org\/qt\/#\/schema\/person\/de562469f971dec226ac06e60bbf74a7","name":"Developer","image":{"@type":"ImageObject","inLanguage":"qt","@id":"https:\/\/secure.gravatar.com\/avatar\/392b4cc8fbfeb00b39dfeeab4ee6edded39ffd48e25858637e4765810300227e?s=96&d=mm&r=g","url":"https:\/\/secure.gravatar.com\/avatar\/392b4cc8fbfeb00b39dfeeab4ee6edded39ffd48e25858637e4765810300227e?s=96&d=mm&r=g","contentUrl":"https:\/\/secure.gravatar.com\/avatar\/392b4cc8fbfeb00b39dfeeab4ee6edded39ffd48e25858637e4765810300227e?s=96&d=mm&r=g","caption":"Developer"},"url":"https:\/\/qtmm.org\/qt\/author\/Developer\/"}]}},"_links":{"self":[{"href":"https:\/\/qtmm.org\/qt\/wp-json\/wp\/v2\/posts\/36723","targetHints":{"allow":["GET"]}}],"collection":[{"href":"https:\/\/qtmm.org\/qt\/wp-json\/wp\/v2\/posts"}],"about":[{"href":"https:\/\/qtmm.org\/qt\/wp-json\/wp\/v2\/types\/post"}],"author":[{"embeddable":true,"href":"https:\/\/qtmm.org\/qt\/wp-json\/wp\/v2\/users\/1"}],"replies":[{"embeddable":true,"href":"https:\/\/qtmm.org\/qt\/wp-json\/wp\/v2\/comments?post=36723"}],"version-history":[{"count":1,"href":"https:\/\/qtmm.org\/qt\/wp-json\/wp\/v2\/posts\/36723\/revisions"}],"predecessor-version":[{"id":36736,"href":"https:\/\/qtmm.org\/qt\/wp-json\/wp\/v2\/posts\/36723\/revisions\/36736"}],"wp:featuredmedia":[{"embeddable":true,"href":"https:\/\/qtmm.org\/qt\/wp-json\/wp\/v2\/media\/36724"}],"wp:attachment":[{"href":"https:\/\/qtmm.org\/qt\/wp-json\/wp\/v2\/media?parent=36723"}],"wp:term":[{"taxonomy":"category","embeddable":true,"href":"https:\/\/qtmm.org\/qt\/wp-json\/wp\/v2\/categories?post=36723"},{"taxonomy":"post_tag","embeddable":true,"href":"https:\/\/qtmm.org\/qt\/wp-json\/wp\/v2\/tags?post=36723"}],"curies":[{"name":"wp","href":"https:\/\/api.w.org\/{rel}","templated":true}]}}