




{"id":36701,"date":"2013-05-02T22:34:00","date_gmt":"2013-05-02T19:34:00","guid":{"rendered":"http:\/\/qtmm.org\/?p=36701"},"modified":"2022-01-23T22:36:07","modified_gmt":"2022-01-23T19:36:07","slug":"aqmescitte-qirimtatar-halqi-meclisi-ve-regional-meclis-reislerinin-kenisletilgen-toplasuvi-olip-kecti","status":"publish","type":"post","link":"https:\/\/qtmm.org\/qt\/aqmescitte-qirimtatar-halqi-meclisi-ve-regional-meclis-reislerinin-kenisletilgen-toplasuvi-olip-kecti\/","title":{"rendered":"Aqmescitte Q\u0131r\u0131mtatar halq\u0131 Meclisi ve regional meclis reislerini\u00f1 keni\u015fletilgen topla\u015fuv\u0131 ol\u0131p ke\u00e7ti"},"content":{"rendered":"\n<p>K\u00fcn tertibine qoyul\u011fan esas meseleler: H\u0131d\u0131rlez milliy bayram\u0131na az\u0131rl\u0131qn\u0131\u00f1 keti\u015fat\u0131 aqq\u0131nda; q\u0131r\u0131mtatar halq\u0131 soyq\u0131r\u0131m\u0131 qurbanlar\u0131n\u0131\u00f1 hat\u0131ras\u0131na ve s\u00fcrg\u00fcnlikni\u00f1 69 y\u0131ll\u0131\u011f\u0131na ba\u011f\u0131\u015flan\u011fan matem tedbirleri aqq\u0131nda; 2013 senesi aprel 27-28 k\u00fcnleri yedi regionda Q\u0131r\u0131mtatar halq\u0131 Qurultay\u0131na delegatlarn\u0131 saylav aqq\u0131nda; Meclis azalar\u0131n\u0131\u00f1 Avropa Birligi azas\u0131 ol\u011fan devletler, Amerika Qo\u015fma \u015etatlar\u0131 ve T\u00fcrkiyedeki q\u0131r\u0131mtatar cemiyetleri yolba\u015f\u00e7\u0131lar\u0131nen topla\u015fuv\u0131 aqq\u0131nda.<\/p>\n\n\n\n<figure class=\"wp-block-image size-full\"><img loading=\"lazy\" decoding=\"async\" width=\"650\" height=\"300\" src=\"http:\/\/qtmm.org\/wp-content\/uploads\/2022\/01\/1_109.jpeg\" alt=\"\" class=\"wp-image-36702\" srcset=\"https:\/\/qtmm.org\/wp-content\/uploads\/2022\/01\/1_109.jpeg 650w, https:\/\/qtmm.org\/wp-content\/uploads\/2022\/01\/1_109-300x138.jpeg 300w\" sizes=\"auto, (max-width: 650px) 100vw, 650px\" \/><\/figure>\n\n\n\n<p>H\u0131d\u0131rlez milliy bayram\u0131na az\u0131rl\u0131qn\u0131\u00f1 keti\u015fat\u0131 boyunca esabatnen Te\u015fkiliy komitet reisi Emine Avamileva \u00e7\u0131q\u0131\u015ft\u0131 bulund\u0131\u00a0 &#8220;Az\u0131rl\u0131q i\u015fleri deyerlik so\u00f1una keldi, sadece ufaq-t\u00fcfek i\u015fler qald\u0131, &#8211; bildirdi Emine Avamileva bu y\u0131l\u0131 H\u0131d\u0131rlez bayram\u0131ndaki tedbirlerni hat\u0131rlataraq. Ve \u015fun\u0131 da qayd etti ki, Camala, Enver \u0130zmaylov ve Femi Mustafayev kibi me\u015fur ukrain sanat\u00e7\u0131lar\u0131 bayramn\u0131\u00f1 musafirleri olacaqlar. Emine Avamilevan\u0131\u00f1 haber etkenine k\u00f6re &#8220;Acele yard\u0131m&#8221;, ate\u015f s\u00f6nd\u00fcrici ma\u015finalar\u0131nen teminlev ve suv ta\u015f\u0131maq meselesi boyunca Ba\u011f\u00e7asaray rayon devlet memuriyetinen keli\u015fildi.<\/p>\n\n\n\n<figure class=\"wp-block-image size-full\"><img loading=\"lazy\" decoding=\"async\" width=\"650\" height=\"300\" src=\"http:\/\/qtmm.org\/wp-content\/uploads\/2022\/01\/2_106.jpeg\" alt=\"\" class=\"wp-image-36706\" srcset=\"https:\/\/qtmm.org\/wp-content\/uploads\/2022\/01\/2_106.jpeg 650w, https:\/\/qtmm.org\/wp-content\/uploads\/2022\/01\/2_106-300x138.jpeg 300w\" sizes=\"auto, (max-width: 650px) 100vw, 650px\" \/><\/figure>\n\n\n\n<p>2013 senesi may\u0131s 18 k\u00fcn\u00fc ke\u00e7irilecek Q\u0131r\u0131mtatar halq\u0131 soyq\u0131r\u0131m\u0131 qurbanlar\u0131n\u0131\u00f1 hat\u0131ras\u0131na ve s\u00fcrg\u00fcnlikni\u00f1 69 y\u0131ll\u0131\u011f\u0131na ba\u011f\u0131\u015flan\u011fan matem tedbirlerini az\u0131rlav husus\u0131nda Meclis azalar\u0131 q\u0131r\u0131mtatarlardan ibaret be\u015f kolonnan\u0131 tizmek ve olarn\u0131\u00f1 may\u0131s 18 k\u00fcn\u00fc Aqmescitni\u00f1 merkeziy meydan\u0131na taba areketleri tafsil\u00e2tl\u0131 muzakere etip, er bir kolonna i\u00e7\u00fcn mes\u00fclietliler tayinlendi<\/p>\n\n\n\n<p>May\u0131s 18 k\u00fcn\u00fc B\u00fct\u00fcnq\u0131r\u0131m matem mitingi ba\u015flanmazdan evel Aqmescitni\u00f1 demir\u00f6l vokzal\u0131ndaki hat\u0131ra ta\u015f\u0131 ve Sal\u011f\u0131r bag\u00e7as\u0131nda s\u00fcrg\u00fcnlik qurbanlar\u0131na abide yan\u0131nda da mitingler ke\u00e7irilecek.<\/p>\n\n\n\n<p>Saat 12-de &#8220;Matem ve Birlik daqqas\u0131&#8221; Halqara aktsiyas\u0131 ke\u00e7irilecek. Bundan so\u00f1 kolonnalar Aqmescitni\u00f1 soqaqlar\u0131ndan ketip, episi kolonnalar merkeziy meydanda toplan\u011fan so\u00f1 s\u00fcrg\u00fcnlik ve on y\u0131llarnen \u011furbet illerde zorluqnen tutul\u011fan\u0131 aqibetinde q\u0131r\u0131mtatar halq\u0131 soyq\u0131r\u0131m qurbanlar\u0131n\u0131\u00f1 hat\u0131ras\u0131na ba\u011f\u0131\u015flan\u011fan B\u00fct\u00fcnq\u0131r\u0131m matem mitingi \u00f6tkerilecek. May\u0131s 17 k\u00fcn\u00fc ise Aqmescitni\u00f1 merkeziy meydan\u0131nda &#8220;Qalbi\u00f1de ate\u015f yaq&#8221; er y\u0131ll\u0131q aktsiya olacaq.<\/p>\n\n\n\n<figure class=\"wp-block-image size-full\"><img loading=\"lazy\" decoding=\"async\" width=\"650\" height=\"300\" src=\"http:\/\/qtmm.org\/wp-content\/uploads\/2022\/01\/3_79.jpeg\" alt=\"\" class=\"wp-image-36710\" srcset=\"https:\/\/qtmm.org\/wp-content\/uploads\/2022\/01\/3_79.jpeg 650w, https:\/\/qtmm.org\/wp-content\/uploads\/2022\/01\/3_79-300x138.jpeg 300w\" sizes=\"auto, (max-width: 650px) 100vw, 650px\" \/><\/figure>\n\n\n\n<p>Q\u0131r\u0131mtatar halq\u0131 soyq\u0131r\u0131m qurbanlar\u0131n\u0131\u00f1 hat\u0131ras\u0131na ba\u011f\u0131\u015flan\u011fan matem tedbirlerini az\u0131rlav boyunca te\u015fkiliy komitetke tedbirler plan\u0131n\u0131 siyasiy-i\u00e7timaiy vaziyet k\u00f6z \u00f6g\u00fcne al\u0131n\u011fan\u0131 alda, Q\u0131r\u0131mtatar halq\u0131 Meclisi Prezidium\u0131n\u0131\u00f1 nevbetteki topla\u015fuv\u0131nda tasdiqlamaq i\u00e7\u00fcn qaviy i\u015flemek avale etildi.<\/p>\n\n\n\n<p>&#8220;Baz\u0131 mal\u00fcmatlar\u011fa k\u00f6re may\u0131s 18 k\u00fcn\u00fcne &#8220;alternativ miting&#8221; ke\u00e7irmek planla\u015ft\u0131r\u0131l\u011fan&#8221;, &#8211; dedi Meclis reisi Mustafa Cemilev, may\u0131s 18 matem tedbirleri boyunca \u00e7\u0131q\u0131\u015fta bulun\u0131rken. \u2013 Q\u0131r\u0131m Nazirler \u015furas\u0131n\u0131\u00f1 matem tedbirlerini az\u0131rlav boyunca te\u015fkiliy komitetni\u00f1 so\u00f1ki topla\u015fuv\u0131nda bir qa\u00e7 mesele baq\u0131l\u011fan. Mesel\u00e2, &#8220;Milli Firqa&#8221; \u00f6z mitingini ke\u00e7irmek istey. Amma o olurm\u0131, yoqm\u0131 \u2013 bilmeyim&#8221;.<\/p>\n\n\n\n<figure class=\"wp-block-image size-full\"><img loading=\"lazy\" decoding=\"async\" width=\"650\" height=\"300\" src=\"http:\/\/qtmm.org\/wp-content\/uploads\/2022\/01\/4_74.jpeg\" alt=\"\" class=\"wp-image-36714\" srcset=\"https:\/\/qtmm.org\/wp-content\/uploads\/2022\/01\/4_74.jpeg 650w, https:\/\/qtmm.org\/wp-content\/uploads\/2022\/01\/4_74-300x138.jpeg 300w\" sizes=\"auto, (max-width: 650px) 100vw, 650px\" \/><\/figure>\n\n\n\n<p>B\u00fct\u00fcnq\u0131r\u0131m matem mitinginde devlet ve cumhuriyet \u00fck\u00fcmeti vekillerini\u00f1 i\u015ftirakine izaat bergen Meclis yolba\u015f\u00e7\u0131s\u0131 dedi ki, Q\u0131r\u0131mtatar halq\u0131n\u0131\u00f1 Meclisi i\u00e7 bir kimsege resmiy davetname yollamad\u0131.<\/p>\n\n\n\n<p>&#8220;Ebet, Q\u0131r\u0131m Nazirler \u015furas\u0131n\u0131\u00f1 reisi A. Mogil\u00f6v ve digerleri may\u0131s 18 k\u00fcn\u00fc meydandaki minberden \u00e7\u0131q\u0131\u015fta bulunma\u011fa isteyler, amma insanlar bun\u0131 nas\u0131l qabul eteceklerini ayt\u0131p olamam\u0131z. Olar\u011fa nisbeten bizde i\u00e7 bir t\u00fcrl\u00fc \u011farezlik yoqt\u0131r, &#8211; dedi Cemilev. \u2013 L\u00e2kin biz \u00f6z nevbetimizde so\u00f1ki vaq\u0131tta Q\u0131r\u0131mda ol\u0131p ke\u00e7ken vaqialar boyunca fikirlerimizni bildirmek niyetindemiz, demek insanlarn\u0131\u00f1 a\u011f\u0131zlar\u0131n\u0131 qapatma\u011fa i\u00e7 kimseni\u00f1 aqq\u0131 yoqt\u0131r. May\u0131s 18 &#8211; bizim it\u00e7\u00fcn e\u00f1 facial\u0131 k\u00fcndir&#8221;<br><br>M.Cemilevni\u00f1 s\u00f6ylegenine k\u00f6re bu sene B\u00fct\u00fcnq\u0131r\u0131m matem mitinginde Ukrainada akkreditatsiya etilgen halqara te\u015fkil\u00e2tlar vekillerini\u00f1, ukrain siyasiy partiyalar ve tep\u015fkil\u00e2t azalar\u0131n\u0131\u00f1 i\u015ftiraki beklenilmekte. Bun\u0131\u00f1 kibi de T\u00fcrkiye, Romaniya, AQ\u015e, Rusiye ve diger devletlerdeki q\u0131r\u0131mtatar diasporas\u0131 vekilleri de keleceklerini bildirdiler.<\/p>\n\n\n\n<p>Meclis azalar\u0131na may\u0131s 4-te Aqmescitte Avropa Birligi azas\u0131 ol\u011fan devletler, Amerika Qo\u015fma \u015etatlar\u0131 ve T\u00fcrkiyedeki q\u0131r\u0131mtatar cemiyetleri yolba\u015f\u00e7\u0131lar\u0131 ile olacaq topla\u015fuv aqq\u0131nda haber etildi. &#8220;Topla\u015fuvda q\u0131r\u0131mtatar halq\u0131n\u0131\u00f1 vaziyetine dair meseleler muzakere etilip, q\u0131r\u0131mtatar halq\u0131 aqlar\u0131n\u0131\u00f1 \u011fayr\u0131dan tiklenilmesi o\u011frunda beraberlikte yap\u0131lacaq areketler boyunca qararlar al\u0131nacaq&#8221;, &#8211; qayd etti Meclis reisi M.Cemilev.<\/p>\n\n\n\n<figure class=\"wp-block-image size-full\"><img loading=\"lazy\" decoding=\"async\" width=\"650\" height=\"300\" src=\"http:\/\/qtmm.org\/wp-content\/uploads\/2022\/01\/5_44.jpeg\" alt=\"\" class=\"wp-image-36718\" srcset=\"https:\/\/qtmm.org\/wp-content\/uploads\/2022\/01\/5_44.jpeg 650w, https:\/\/qtmm.org\/wp-content\/uploads\/2022\/01\/5_44-300x138.jpeg 300w\" sizes=\"auto, (max-width: 650px) 100vw, 650px\" \/><\/figure>\n\n\n\n<p>Aprel 27-28 k\u00fcnleri Ba\u011f\u00e7asaray, Qurman, Aqme\u00e7et, Qarasuvbazar, Cank\u00f6y, \u0130\u00e7ki ve Aqyar regionlar\u0131nda Qurultay\u011fa delegatlarn\u0131 saylavn\u0131\u00f1 neticeleri aqq\u0131nda Qurultay delegatlar\u0131n\u0131 saylav boyunca merkeziy komissiyan\u0131\u00f1 reisi Zair Smedl\u00e2yev bildirgenine k\u00f6re Merkeziy saylav komiss\u00e2iyas\u0131 taraf\u0131ndan qayd etilgen regionlardan t\u00fc\u015fken ve i\u015flenilgen mal\u00fcmatlar boyunca cedvelge al\u0131n\u011fan 110 delegatl\u0131qqa namzetlerden 60- neferi 6-nc\u0131 \u00e7a\u011f\u0131r\u0131l\u0131\u015f Qurultay\u0131n\u0131\u00f1 delegat\u0131 olaraq se\u00e7ildi.<\/p>\n\n\n\n<p>&#8220;Saylavda saylavc\u0131larn\u0131\u00f1 57 fay\u0131z\u0131 yani 32.699 adam i\u015ftirak etti, &#8211; dep qayd etti Merkeziy saylav komissiyas\u0131n\u0131\u00f1 reisi Z. Smedl\u00e2yev. O, bun\u0131\u00f1 kibi de er bir regionda saylavc\u0131larn\u0131\u00f1 faalligine Meclis azalar\u0131n\u0131\u00f1 diqqat\u0131n\u0131 celp etti. \u0130\u015fte. Ba\u011f\u00e7asaray region\u0131nda \u2013 57%, Aqme\u00e7ette &#8211; 68%, Qurmanda &#8211; 60%, Qarasuvbazarda \u2013 54%, Cank\u00f6y \u015feerinde &#8211; 14%, Aqyarda \u2013 54%, \u0130\u00e7ki region\u0131nda \u2013 68% saylavc\u0131 saylav\u011fa keldi.<\/p>\n\n\n\n<p>&#8220;Bir \u00e7oq cemaat te\u015fkil\u00e2tlar\u0131 k\u00f6zeticiler say\u0131s\u0131n\u0131 artt\u0131rd\u0131lar ve demek saylavlar daa ziyade demokratik \u015fekilde ke\u00e7ecek, &#8211; dep qo\u015fumca etti Merkeziy saylav komissiyas\u0131n\u0131\u00f1 reisi Z. Smedl\u00e2yev ve may\u0131s 4 \u2013te saylavlar Aq\u015feyh ve Cur\u00e7\u0131, may\u0131s 5-te Alu\u015fta, Kefe ve Saq regionlar\u0131nda ke\u00e7ecegini bildirdi.<\/p>\n","protected":false},"excerpt":{"rendered":"<p>K\u00fcn tertibine qoyul\u011fan esas meseleler: H\u0131d\u0131rlez milliy bayram\u0131na az\u0131rl\u0131qn\u0131\u00f1 keti\u015fat\u0131 aqq\u0131nda; q\u0131r\u0131mtatar halq\u0131 soyq\u0131r\u0131m\u0131 qurbanlar\u0131n\u0131\u00f1 hat\u0131ras\u0131na ve s\u00fcrg\u00fcnlikni\u00f1 69 y\u0131ll\u0131\u011f\u0131na ba\u011f\u0131\u015flan\u011fan matem tedbirleri aqq\u0131nda; 2013 senesi aprel 27-28 k\u00fcnleri yedi regionda Q\u0131r\u0131mtatar halq\u0131 Qurultay\u0131na delegatlarn\u0131 saylav aqq\u0131nda; Meclis azalar\u0131n\u0131\u00f1 Avropa Birligi azas\u0131 ol\u011fan devletler, Amerika Qo\u015fma \u015etatlar\u0131 ve T\u00fcrkiyedeki q\u0131r\u0131mtatar cemiyetleri yolba\u015f\u00e7\u0131lar\u0131nen topla\u015fuv\u0131 aqq\u0131nda. H\u0131d\u0131rlez [&hellip;]<\/p>\n","protected":false},"author":1,"featured_media":0,"comment_status":"open","ping_status":"open","sticky":false,"template":"","format":"standard","meta":{"inline_featured_image":false,"footnotes":""},"categories":[265],"tags":[],"class_list":["post-36701","post","type-post","status-publish","format-standard","hentry","category-haberler"],"acf":[],"yoast_head":"<!-- This site is optimized with the Yoast SEO plugin v27.4 - https:\/\/yoast.com\/product\/yoast-seo-wordpress\/ -->\n<title>Aqmescitte Q\u0131r\u0131mtatar halq\u0131 Meclisi ve regional meclis reislerini\u00f1 keni\u015fletilgen topla\u015fuv\u0131 ol\u0131p ke\u00e7ti - \u041c\u0435\u0434\u0436\u043b\u0456\u0441<\/title>\n<meta name=\"robots\" content=\"index, follow, max-snippet:-1, max-image-preview:large, max-video-preview:-1\" \/>\n<link rel=\"canonical\" href=\"https:\/\/qtmm.org\/qt\/aqmescitte-qirimtatar-halqi-meclisi-ve-regional-meclis-reislerinin-kenisletilgen-toplasuvi-olip-kecti\/\" \/>\n<meta property=\"og:locale\" content=\"en_US\" \/>\n<meta property=\"og:type\" content=\"article\" \/>\n<meta property=\"og:title\" content=\"Aqmescitte Q\u0131r\u0131mtatar halq\u0131 Meclisi ve regional meclis reislerini\u00f1 keni\u015fletilgen topla\u015fuv\u0131 ol\u0131p ke\u00e7ti - \u041c\u0435\u0434\u0436\u043b\u0456\u0441\" \/>\n<meta property=\"og:description\" content=\"K\u00fcn tertibine qoyul\u011fan esas meseleler: H\u0131d\u0131rlez milliy bayram\u0131na az\u0131rl\u0131qn\u0131\u00f1 keti\u015fat\u0131 aqq\u0131nda; q\u0131r\u0131mtatar halq\u0131 soyq\u0131r\u0131m\u0131 qurbanlar\u0131n\u0131\u00f1 hat\u0131ras\u0131na ve s\u00fcrg\u00fcnlikni\u00f1 69 y\u0131ll\u0131\u011f\u0131na ba\u011f\u0131\u015flan\u011fan matem tedbirleri aqq\u0131nda; 2013 senesi aprel 27-28 k\u00fcnleri yedi regionda Q\u0131r\u0131mtatar halq\u0131 Qurultay\u0131na delegatlarn\u0131 saylav aqq\u0131nda; Meclis azalar\u0131n\u0131\u00f1 Avropa Birligi azas\u0131 ol\u011fan devletler, Amerika Qo\u015fma \u015etatlar\u0131 ve T\u00fcrkiyedeki q\u0131r\u0131mtatar cemiyetleri yolba\u015f\u00e7\u0131lar\u0131nen topla\u015fuv\u0131 aqq\u0131nda. H\u0131d\u0131rlez [&hellip;]\" \/>\n<meta property=\"og:url\" content=\"https:\/\/qtmm.org\/qt\/aqmescitte-qirimtatar-halqi-meclisi-ve-regional-meclis-reislerinin-kenisletilgen-toplasuvi-olip-kecti\/\" \/>\n<meta property=\"og:site_name\" content=\"\u041c\u0435\u0434\u0436\u043b\u0456\u0441\" \/>\n<meta property=\"article:publisher\" content=\"https:\/\/www.facebook.com\/qtmm.info\/\" \/>\n<meta property=\"article:published_time\" content=\"2013-05-02T19:34:00+00:00\" \/>\n<meta property=\"article:modified_time\" content=\"2022-01-23T19:36:07+00:00\" \/>\n<meta property=\"og:image\" content=\"https:\/\/qtmm.org\/wp-content\/uploads\/2022\/01\/1_109.jpeg\" \/>\n\t<meta property=\"og:image:width\" content=\"650\" \/>\n\t<meta property=\"og:image:height\" content=\"300\" \/>\n\t<meta property=\"og:image:type\" content=\"image\/jpeg\" \/>\n<meta name=\"author\" content=\"Developer\" \/>\n<meta name=\"twitter:card\" content=\"summary_large_image\" \/>\n<meta name=\"twitter:label1\" content=\"Written by\" \/>\n\t<meta name=\"twitter:data1\" content=\"Developer\" \/>\n\t<meta name=\"twitter:label2\" content=\"Est. reading time\" \/>\n\t<meta name=\"twitter:data2\" content=\"5 minutes\" \/>\n<script type=\"application\/ld+json\" class=\"yoast-schema-graph\">{\"@context\":\"https:\\\/\\\/schema.org\",\"@graph\":[{\"@type\":\"Article\",\"@id\":\"https:\\\/\\\/qtmm.org\\\/qt\\\/aqmescitte-qirimtatar-halqi-meclisi-ve-regional-meclis-reislerinin-kenisletilgen-toplasuvi-olip-kecti\\\/#article\",\"isPartOf\":{\"@id\":\"https:\\\/\\\/qtmm.org\\\/qt\\\/aqmescitte-qirimtatar-halqi-meclisi-ve-regional-meclis-reislerinin-kenisletilgen-toplasuvi-olip-kecti\\\/\"},\"author\":{\"name\":\"Developer\",\"@id\":\"https:\\\/\\\/qtmm.org\\\/qt\\\/#\\\/schema\\\/person\\\/de562469f971dec226ac06e60bbf74a7\"},\"headline\":\"Aqmescitte Q\u0131r\u0131mtatar halq\u0131 Meclisi ve regional meclis reislerini\u00f1 keni\u015fletilgen topla\u015fuv\u0131 ol\u0131p ke\u00e7ti\",\"datePublished\":\"2013-05-02T19:34:00+00:00\",\"dateModified\":\"2022-01-23T19:36:07+00:00\",\"mainEntityOfPage\":{\"@id\":\"https:\\\/\\\/qtmm.org\\\/qt\\\/aqmescitte-qirimtatar-halqi-meclisi-ve-regional-meclis-reislerinin-kenisletilgen-toplasuvi-olip-kecti\\\/\"},\"wordCount\":973,\"commentCount\":0,\"publisher\":{\"@id\":\"https:\\\/\\\/qtmm.org\\\/qt\\\/#organization\"},\"image\":{\"@id\":\"https:\\\/\\\/qtmm.org\\\/qt\\\/aqmescitte-qirimtatar-halqi-meclisi-ve-regional-meclis-reislerinin-kenisletilgen-toplasuvi-olip-kecti\\\/#primaryimage\"},\"thumbnailUrl\":\"http:\\\/\\\/qtmm.org\\\/wp-content\\\/uploads\\\/2022\\\/01\\\/1_109.jpeg\",\"articleSection\":[\"Haberler\"],\"inLanguage\":\"qt\",\"potentialAction\":[{\"@type\":\"CommentAction\",\"name\":\"Comment\",\"target\":[\"https:\\\/\\\/qtmm.org\\\/qt\\\/aqmescitte-qirimtatar-halqi-meclisi-ve-regional-meclis-reislerinin-kenisletilgen-toplasuvi-olip-kecti\\\/#respond\"]}]},{\"@type\":\"WebPage\",\"@id\":\"https:\\\/\\\/qtmm.org\\\/qt\\\/aqmescitte-qirimtatar-halqi-meclisi-ve-regional-meclis-reislerinin-kenisletilgen-toplasuvi-olip-kecti\\\/\",\"url\":\"https:\\\/\\\/qtmm.org\\\/qt\\\/aqmescitte-qirimtatar-halqi-meclisi-ve-regional-meclis-reislerinin-kenisletilgen-toplasuvi-olip-kecti\\\/\",\"name\":\"Aqmescitte Q\u0131r\u0131mtatar halq\u0131 Meclisi ve regional meclis reislerini\u00f1 keni\u015fletilgen topla\u015fuv\u0131 ol\u0131p ke\u00e7ti - \u041c\u0435\u0434\u0436\u043b\u0456\u0441\",\"isPartOf\":{\"@id\":\"https:\\\/\\\/qtmm.org\\\/qt\\\/#website\"},\"primaryImageOfPage\":{\"@id\":\"https:\\\/\\\/qtmm.org\\\/qt\\\/aqmescitte-qirimtatar-halqi-meclisi-ve-regional-meclis-reislerinin-kenisletilgen-toplasuvi-olip-kecti\\\/#primaryimage\"},\"image\":{\"@id\":\"https:\\\/\\\/qtmm.org\\\/qt\\\/aqmescitte-qirimtatar-halqi-meclisi-ve-regional-meclis-reislerinin-kenisletilgen-toplasuvi-olip-kecti\\\/#primaryimage\"},\"thumbnailUrl\":\"http:\\\/\\\/qtmm.org\\\/wp-content\\\/uploads\\\/2022\\\/01\\\/1_109.jpeg\",\"datePublished\":\"2013-05-02T19:34:00+00:00\",\"dateModified\":\"2022-01-23T19:36:07+00:00\",\"breadcrumb\":{\"@id\":\"https:\\\/\\\/qtmm.org\\\/qt\\\/aqmescitte-qirimtatar-halqi-meclisi-ve-regional-meclis-reislerinin-kenisletilgen-toplasuvi-olip-kecti\\\/#breadcrumb\"},\"inLanguage\":\"qt\",\"potentialAction\":[{\"@type\":\"ReadAction\",\"target\":[\"https:\\\/\\\/qtmm.org\\\/qt\\\/aqmescitte-qirimtatar-halqi-meclisi-ve-regional-meclis-reislerinin-kenisletilgen-toplasuvi-olip-kecti\\\/\"]}]},{\"@type\":\"ImageObject\",\"inLanguage\":\"qt\",\"@id\":\"https:\\\/\\\/qtmm.org\\\/qt\\\/aqmescitte-qirimtatar-halqi-meclisi-ve-regional-meclis-reislerinin-kenisletilgen-toplasuvi-olip-kecti\\\/#primaryimage\",\"url\":\"http:\\\/\\\/qtmm.org\\\/wp-content\\\/uploads\\\/2022\\\/01\\\/1_109.jpeg\",\"contentUrl\":\"http:\\\/\\\/qtmm.org\\\/wp-content\\\/uploads\\\/2022\\\/01\\\/1_109.jpeg\"},{\"@type\":\"BreadcrumbList\",\"@id\":\"https:\\\/\\\/qtmm.org\\\/qt\\\/aqmescitte-qirimtatar-halqi-meclisi-ve-regional-meclis-reislerinin-kenisletilgen-toplasuvi-olip-kecti\\\/#breadcrumb\",\"itemListElement\":[{\"@type\":\"ListItem\",\"position\":1,\"name\":\"\u0413\u043e\u043b\u043e\u0432\u043d\u0430\",\"item\":\"https:\\\/\\\/qtmm.org\\\/qt\\\/\"},{\"@type\":\"ListItem\",\"position\":2,\"name\":\"Aqmescitte Q\u0131r\u0131mtatar halq\u0131 Meclisi ve regional meclis reislerini\u00f1 keni\u015fletilgen topla\u015fuv\u0131 ol\u0131p ke\u00e7ti\"}]},{\"@type\":\"WebSite\",\"@id\":\"https:\\\/\\\/qtmm.org\\\/qt\\\/#website\",\"url\":\"https:\\\/\\\/qtmm.org\\\/qt\\\/\",\"name\":\"\u041c\u0435\u0434\u0436\u043b\u0456\u0441\",\"description\":\"\",\"publisher\":{\"@id\":\"https:\\\/\\\/qtmm.org\\\/qt\\\/#organization\"},\"potentialAction\":[{\"@type\":\"SearchAction\",\"target\":{\"@type\":\"EntryPoint\",\"urlTemplate\":\"https:\\\/\\\/qtmm.org\\\/qt\\\/?s={search_term_string}\"},\"query-input\":{\"@type\":\"PropertyValueSpecification\",\"valueRequired\":true,\"valueName\":\"search_term_string\"}}],\"inLanguage\":\"qt\"},{\"@type\":\"Organization\",\"@id\":\"https:\\\/\\\/qtmm.org\\\/qt\\\/#organization\",\"name\":\"\u041c\u0435\u0434\u0436\u043b\u0456\u0441\",\"url\":\"https:\\\/\\\/qtmm.org\\\/qt\\\/\",\"logo\":{\"@type\":\"ImageObject\",\"inLanguage\":\"qt\",\"@id\":\"https:\\\/\\\/qtmm.org\\\/qt\\\/#\\\/schema\\\/logo\\\/image\\\/\",\"url\":\"https:\\\/\\\/qtmm.org\\\/wp-content\\\/uploads\\\/2024\\\/12\\\/ua-mejlis-logo-rgb.svg\",\"contentUrl\":\"https:\\\/\\\/qtmm.org\\\/wp-content\\\/uploads\\\/2024\\\/12\\\/ua-mejlis-logo-rgb.svg\",\"caption\":\"\u041c\u0435\u0434\u0436\u043b\u0456\u0441\"},\"image\":{\"@id\":\"https:\\\/\\\/qtmm.org\\\/qt\\\/#\\\/schema\\\/logo\\\/image\\\/\"},\"sameAs\":[\"https:\\\/\\\/www.facebook.com\\\/qtmm.info\\\/\"]},{\"@type\":\"Person\",\"@id\":\"https:\\\/\\\/qtmm.org\\\/qt\\\/#\\\/schema\\\/person\\\/de562469f971dec226ac06e60bbf74a7\",\"name\":\"Developer\",\"image\":{\"@type\":\"ImageObject\",\"inLanguage\":\"qt\",\"@id\":\"https:\\\/\\\/secure.gravatar.com\\\/avatar\\\/392b4cc8fbfeb00b39dfeeab4ee6edded39ffd48e25858637e4765810300227e?s=96&d=mm&r=g\",\"url\":\"https:\\\/\\\/secure.gravatar.com\\\/avatar\\\/392b4cc8fbfeb00b39dfeeab4ee6edded39ffd48e25858637e4765810300227e?s=96&d=mm&r=g\",\"contentUrl\":\"https:\\\/\\\/secure.gravatar.com\\\/avatar\\\/392b4cc8fbfeb00b39dfeeab4ee6edded39ffd48e25858637e4765810300227e?s=96&d=mm&r=g\",\"caption\":\"Developer\"},\"url\":\"https:\\\/\\\/qtmm.org\\\/qt\\\/author\\\/Developer\\\/\"}]}<\/script>\n<!-- \/ Yoast SEO plugin. -->","yoast_head_json":{"title":"Aqmescitte Q\u0131r\u0131mtatar halq\u0131 Meclisi ve regional meclis reislerini\u00f1 keni\u015fletilgen topla\u015fuv\u0131 ol\u0131p ke\u00e7ti - \u041c\u0435\u0434\u0436\u043b\u0456\u0441","robots":{"index":"index","follow":"follow","max-snippet":"max-snippet:-1","max-image-preview":"max-image-preview:large","max-video-preview":"max-video-preview:-1"},"canonical":"https:\/\/qtmm.org\/qt\/aqmescitte-qirimtatar-halqi-meclisi-ve-regional-meclis-reislerinin-kenisletilgen-toplasuvi-olip-kecti\/","og_locale":"en_US","og_type":"article","og_title":"Aqmescitte Q\u0131r\u0131mtatar halq\u0131 Meclisi ve regional meclis reislerini\u00f1 keni\u015fletilgen topla\u015fuv\u0131 ol\u0131p ke\u00e7ti - \u041c\u0435\u0434\u0436\u043b\u0456\u0441","og_description":"K\u00fcn tertibine qoyul\u011fan esas meseleler: H\u0131d\u0131rlez milliy bayram\u0131na az\u0131rl\u0131qn\u0131\u00f1 keti\u015fat\u0131 aqq\u0131nda; q\u0131r\u0131mtatar halq\u0131 soyq\u0131r\u0131m\u0131 qurbanlar\u0131n\u0131\u00f1 hat\u0131ras\u0131na ve s\u00fcrg\u00fcnlikni\u00f1 69 y\u0131ll\u0131\u011f\u0131na ba\u011f\u0131\u015flan\u011fan matem tedbirleri aqq\u0131nda; 2013 senesi aprel 27-28 k\u00fcnleri yedi regionda Q\u0131r\u0131mtatar halq\u0131 Qurultay\u0131na delegatlarn\u0131 saylav aqq\u0131nda; Meclis azalar\u0131n\u0131\u00f1 Avropa Birligi azas\u0131 ol\u011fan devletler, Amerika Qo\u015fma \u015etatlar\u0131 ve T\u00fcrkiyedeki q\u0131r\u0131mtatar cemiyetleri yolba\u015f\u00e7\u0131lar\u0131nen topla\u015fuv\u0131 aqq\u0131nda. H\u0131d\u0131rlez [&hellip;]","og_url":"https:\/\/qtmm.org\/qt\/aqmescitte-qirimtatar-halqi-meclisi-ve-regional-meclis-reislerinin-kenisletilgen-toplasuvi-olip-kecti\/","og_site_name":"\u041c\u0435\u0434\u0436\u043b\u0456\u0441","article_publisher":"https:\/\/www.facebook.com\/qtmm.info\/","article_published_time":"2013-05-02T19:34:00+00:00","article_modified_time":"2022-01-23T19:36:07+00:00","og_image":[{"width":650,"height":300,"url":"https:\/\/qtmm.org\/wp-content\/uploads\/2022\/01\/1_109.jpeg","type":"image\/jpeg"}],"author":"Developer","twitter_card":"summary_large_image","twitter_misc":{"Written by":"Developer","Est. reading time":"5 minutes"},"schema":{"@context":"https:\/\/schema.org","@graph":[{"@type":"Article","@id":"https:\/\/qtmm.org\/qt\/aqmescitte-qirimtatar-halqi-meclisi-ve-regional-meclis-reislerinin-kenisletilgen-toplasuvi-olip-kecti\/#article","isPartOf":{"@id":"https:\/\/qtmm.org\/qt\/aqmescitte-qirimtatar-halqi-meclisi-ve-regional-meclis-reislerinin-kenisletilgen-toplasuvi-olip-kecti\/"},"author":{"name":"Developer","@id":"https:\/\/qtmm.org\/qt\/#\/schema\/person\/de562469f971dec226ac06e60bbf74a7"},"headline":"Aqmescitte Q\u0131r\u0131mtatar halq\u0131 Meclisi ve regional meclis reislerini\u00f1 keni\u015fletilgen topla\u015fuv\u0131 ol\u0131p ke\u00e7ti","datePublished":"2013-05-02T19:34:00+00:00","dateModified":"2022-01-23T19:36:07+00:00","mainEntityOfPage":{"@id":"https:\/\/qtmm.org\/qt\/aqmescitte-qirimtatar-halqi-meclisi-ve-regional-meclis-reislerinin-kenisletilgen-toplasuvi-olip-kecti\/"},"wordCount":973,"commentCount":0,"publisher":{"@id":"https:\/\/qtmm.org\/qt\/#organization"},"image":{"@id":"https:\/\/qtmm.org\/qt\/aqmescitte-qirimtatar-halqi-meclisi-ve-regional-meclis-reislerinin-kenisletilgen-toplasuvi-olip-kecti\/#primaryimage"},"thumbnailUrl":"http:\/\/qtmm.org\/wp-content\/uploads\/2022\/01\/1_109.jpeg","articleSection":["Haberler"],"inLanguage":"qt","potentialAction":[{"@type":"CommentAction","name":"Comment","target":["https:\/\/qtmm.org\/qt\/aqmescitte-qirimtatar-halqi-meclisi-ve-regional-meclis-reislerinin-kenisletilgen-toplasuvi-olip-kecti\/#respond"]}]},{"@type":"WebPage","@id":"https:\/\/qtmm.org\/qt\/aqmescitte-qirimtatar-halqi-meclisi-ve-regional-meclis-reislerinin-kenisletilgen-toplasuvi-olip-kecti\/","url":"https:\/\/qtmm.org\/qt\/aqmescitte-qirimtatar-halqi-meclisi-ve-regional-meclis-reislerinin-kenisletilgen-toplasuvi-olip-kecti\/","name":"Aqmescitte Q\u0131r\u0131mtatar halq\u0131 Meclisi ve regional meclis reislerini\u00f1 keni\u015fletilgen topla\u015fuv\u0131 ol\u0131p ke\u00e7ti - \u041c\u0435\u0434\u0436\u043b\u0456\u0441","isPartOf":{"@id":"https:\/\/qtmm.org\/qt\/#website"},"primaryImageOfPage":{"@id":"https:\/\/qtmm.org\/qt\/aqmescitte-qirimtatar-halqi-meclisi-ve-regional-meclis-reislerinin-kenisletilgen-toplasuvi-olip-kecti\/#primaryimage"},"image":{"@id":"https:\/\/qtmm.org\/qt\/aqmescitte-qirimtatar-halqi-meclisi-ve-regional-meclis-reislerinin-kenisletilgen-toplasuvi-olip-kecti\/#primaryimage"},"thumbnailUrl":"http:\/\/qtmm.org\/wp-content\/uploads\/2022\/01\/1_109.jpeg","datePublished":"2013-05-02T19:34:00+00:00","dateModified":"2022-01-23T19:36:07+00:00","breadcrumb":{"@id":"https:\/\/qtmm.org\/qt\/aqmescitte-qirimtatar-halqi-meclisi-ve-regional-meclis-reislerinin-kenisletilgen-toplasuvi-olip-kecti\/#breadcrumb"},"inLanguage":"qt","potentialAction":[{"@type":"ReadAction","target":["https:\/\/qtmm.org\/qt\/aqmescitte-qirimtatar-halqi-meclisi-ve-regional-meclis-reislerinin-kenisletilgen-toplasuvi-olip-kecti\/"]}]},{"@type":"ImageObject","inLanguage":"qt","@id":"https:\/\/qtmm.org\/qt\/aqmescitte-qirimtatar-halqi-meclisi-ve-regional-meclis-reislerinin-kenisletilgen-toplasuvi-olip-kecti\/#primaryimage","url":"http:\/\/qtmm.org\/wp-content\/uploads\/2022\/01\/1_109.jpeg","contentUrl":"http:\/\/qtmm.org\/wp-content\/uploads\/2022\/01\/1_109.jpeg"},{"@type":"BreadcrumbList","@id":"https:\/\/qtmm.org\/qt\/aqmescitte-qirimtatar-halqi-meclisi-ve-regional-meclis-reislerinin-kenisletilgen-toplasuvi-olip-kecti\/#breadcrumb","itemListElement":[{"@type":"ListItem","position":1,"name":"\u0413\u043e\u043b\u043e\u0432\u043d\u0430","item":"https:\/\/qtmm.org\/qt\/"},{"@type":"ListItem","position":2,"name":"Aqmescitte Q\u0131r\u0131mtatar halq\u0131 Meclisi ve regional meclis reislerini\u00f1 keni\u015fletilgen topla\u015fuv\u0131 ol\u0131p ke\u00e7ti"}]},{"@type":"WebSite","@id":"https:\/\/qtmm.org\/qt\/#website","url":"https:\/\/qtmm.org\/qt\/","name":"\u041c\u0435\u0434\u0436\u043b\u0456\u0441","description":"","publisher":{"@id":"https:\/\/qtmm.org\/qt\/#organization"},"potentialAction":[{"@type":"SearchAction","target":{"@type":"EntryPoint","urlTemplate":"https:\/\/qtmm.org\/qt\/?s={search_term_string}"},"query-input":{"@type":"PropertyValueSpecification","valueRequired":true,"valueName":"search_term_string"}}],"inLanguage":"qt"},{"@type":"Organization","@id":"https:\/\/qtmm.org\/qt\/#organization","name":"\u041c\u0435\u0434\u0436\u043b\u0456\u0441","url":"https:\/\/qtmm.org\/qt\/","logo":{"@type":"ImageObject","inLanguage":"qt","@id":"https:\/\/qtmm.org\/qt\/#\/schema\/logo\/image\/","url":"https:\/\/qtmm.org\/wp-content\/uploads\/2024\/12\/ua-mejlis-logo-rgb.svg","contentUrl":"https:\/\/qtmm.org\/wp-content\/uploads\/2024\/12\/ua-mejlis-logo-rgb.svg","caption":"\u041c\u0435\u0434\u0436\u043b\u0456\u0441"},"image":{"@id":"https:\/\/qtmm.org\/qt\/#\/schema\/logo\/image\/"},"sameAs":["https:\/\/www.facebook.com\/qtmm.info\/"]},{"@type":"Person","@id":"https:\/\/qtmm.org\/qt\/#\/schema\/person\/de562469f971dec226ac06e60bbf74a7","name":"Developer","image":{"@type":"ImageObject","inLanguage":"qt","@id":"https:\/\/secure.gravatar.com\/avatar\/392b4cc8fbfeb00b39dfeeab4ee6edded39ffd48e25858637e4765810300227e?s=96&d=mm&r=g","url":"https:\/\/secure.gravatar.com\/avatar\/392b4cc8fbfeb00b39dfeeab4ee6edded39ffd48e25858637e4765810300227e?s=96&d=mm&r=g","contentUrl":"https:\/\/secure.gravatar.com\/avatar\/392b4cc8fbfeb00b39dfeeab4ee6edded39ffd48e25858637e4765810300227e?s=96&d=mm&r=g","caption":"Developer"},"url":"https:\/\/qtmm.org\/qt\/author\/Developer\/"}]}},"_links":{"self":[{"href":"https:\/\/qtmm.org\/qt\/wp-json\/wp\/v2\/posts\/36701","targetHints":{"allow":["GET"]}}],"collection":[{"href":"https:\/\/qtmm.org\/qt\/wp-json\/wp\/v2\/posts"}],"about":[{"href":"https:\/\/qtmm.org\/qt\/wp-json\/wp\/v2\/types\/post"}],"author":[{"embeddable":true,"href":"https:\/\/qtmm.org\/qt\/wp-json\/wp\/v2\/users\/1"}],"replies":[{"embeddable":true,"href":"https:\/\/qtmm.org\/qt\/wp-json\/wp\/v2\/comments?post=36701"}],"version-history":[{"count":1,"href":"https:\/\/qtmm.org\/qt\/wp-json\/wp\/v2\/posts\/36701\/revisions"}],"predecessor-version":[{"id":36722,"href":"https:\/\/qtmm.org\/qt\/wp-json\/wp\/v2\/posts\/36701\/revisions\/36722"}],"wp:attachment":[{"href":"https:\/\/qtmm.org\/qt\/wp-json\/wp\/v2\/media?parent=36701"}],"wp:term":[{"taxonomy":"category","embeddable":true,"href":"https:\/\/qtmm.org\/qt\/wp-json\/wp\/v2\/categories?post=36701"},{"taxonomy":"post_tag","embeddable":true,"href":"https:\/\/qtmm.org\/qt\/wp-json\/wp\/v2\/tags?post=36701"}],"curies":[{"name":"wp","href":"https:\/\/api.w.org\/{rel}","templated":true}]}}