




{"id":36695,"date":"2013-04-30T22:33:00","date_gmt":"2013-04-30T19:33:00","guid":{"rendered":"http:\/\/qtmm.org\/?p=36695"},"modified":"2022-01-23T22:34:05","modified_gmt":"2022-01-23T19:34:05","slug":"meclis-azalari-avropa-birliginin-ukrainadaki-temsilciliginin-basi-yan-tombinski-ile-korusti","status":"publish","type":"post","link":"https:\/\/qtmm.org\/qt\/meclis-azalari-avropa-birliginin-ukrainadaki-temsilciliginin-basi-yan-tombinski-ile-korusti\/","title":{"rendered":"Meclis azalar\u0131 Avropa Birligini\u00f1 Ukrainadaki Temsilciligini\u00f1 ba\u015f\u0131 Yan Tombinski ile k\u00f6r\u00fc\u015fti"},"content":{"rendered":"\n<p>2013 senesi aprel 30 k\u00fcn\u00fc Aqmescitte Q\u0131r\u0131mtatar halq\u0131 Meclisi reisini\u00f1 birinci muavini Refat \u00c7ubarov Q\u0131r\u0131mda i\u015f ziyaretinen bulun\u011fan Avropa Birligini\u00f1 Ukrainadaki Temsilciligini\u00f1 ba\u015f\u0131, el\u00e7i Yan Tombinski ile k\u00f6r\u00fc\u015fti. K\u00f6r\u00fc\u015f\u00fcvde Meclisni\u00f1 t\u0131\u015fq\u0131 al\u00e2qalar b\u00f6l\u00fcgini\u00f1 ba\u015f\u0131 Ali Hamzin ve Avropa Birligini\u00f1 Q\u0131r\u0131m ve Aqyar boyunca birle\u015fken te\u015febb\u00fcsini\u00f1 koordinator\u0131 Entso Damiani i\u015ftirak ettiler.<\/p>\n\n\n\n<p>K\u00f6r\u00fc\u015f\u00fcv i\u015ftirak\u00e7ileri Q\u0131r\u0131mdaki siyasiy-i\u00e7timaiy vaziyet ve q\u0131r\u0131mtatar halq\u0131n\u0131\u00f1 al\u0131nen ba\u011fl\u0131 bir s\u0131ra meselelerni muzakere ettiler. Yan Tombinskini\u00f1 ricas\u0131 boyunca Refat \u00c7ubarov Q\u0131r\u0131m icra akimiyeti ve q\u0131r\u0131mtatarlarn\u0131\u00f1 aliy vek\u00e2letli organ\u0131 ol\u011fan Meclis aras\u0131nda munasebetlerni\u00f1 ep kerginle\u015fkenini qayd etti.<\/p>\n\n\n\n<p>&#8220;Q\u0131r\u0131m akimiyeti q\u0131r\u0131mtatarlarnen dialog qurmaq istemegenleri aq\u0131l\u011fa yatma\u011fan qararlar\u011fa al\u0131p kele, &#8211; dedi Refat \u00c7ubarov. \u2013 \u0130\u015fte, Q\u0131r\u0131m Nazirler \u015furas\u0131n\u0131\u00f1 ferman\u0131nen q\u0131r\u0131mtatar milliy bayram\u0131 H\u0131d\u0131rlezni halq as\u0131rlar devam\u0131nda qayd etken k\u00fcn\u00fc degil de ba\u015fqa k\u00fcnlerde qayd etmek tevsiye oluna.<\/p>\n\n\n\n<figure class=\"wp-block-image size-full\"><img loading=\"lazy\" decoding=\"async\" width=\"650\" height=\"498\" src=\"http:\/\/qtmm.org\/wp-content\/uploads\/2022\/01\/c_yanom_tombinski_to_text.jpeg\" alt=\"\" class=\"wp-image-36696\" srcset=\"https:\/\/qtmm.org\/wp-content\/uploads\/2022\/01\/c_yanom_tombinski_to_text.jpeg 650w, https:\/\/qtmm.org\/wp-content\/uploads\/2022\/01\/c_yanom_tombinski_to_text-300x230.jpeg 300w\" sizes=\"auto, (max-width: 650px) 100vw, 650px\" \/><\/figure>\n\n\n\n<p>Em de akimiyet &#8220;bayram&#8221; k\u00fcnleri olaraq may\u0131s 10,11 ve 12 k\u00fcnlerni yani q\u0131r\u0131mtatarlar\u011fa 1944 senesini\u00f1 facial\u0131 vaqialarn\u0131 hat\u0131rlatqan k\u00fcnler belgilenip, b\u00f6yleliknen b\u00fct\u00fcn bir halqn\u0131\u00f1 milliy hat\u0131ra ve degerligi aqaret etile&#8221;<\/p>\n\n\n\n<p>K\u00f6r\u00fc\u015f\u00fcvni\u00f1 esas q\u0131sm\u0131n\u0131 on\u0131\u00f1 i\u015ftirak\u00e7ileri Q\u0131r\u0131mtatar halq\u0131n\u0131\u00f1 \u00f6z Vatan\u0131nda aqlar\u0131n\u0131 tiklev ve on\u0131\u00f1 Ukrainada tel\u00fckesizligi ve inki\u015faf\u0131n\u0131 teminlev boyunca halqara forum\u011fa az\u0131rl\u0131q i\u015flerine dair meselelerni\u00f1 muzakeresine ba\u011f\u0131\u015flad\u0131lar.<\/p>\n\n\n\n<p>Q\u0131r\u0131mtatar halq\u0131 Meclisini\u00f1 vekilleri 2013 senesi noyabrde Viln\u00fcste olacaq Ukraina ve Avropa Birligi sammiti q\u0131r\u0131mtatar meselesini\u00f1 adaletli \u00e7ezilmesine ya\u00f1\u0131 imk\u00e2nlar yarataca\u011f\u0131na \u00fcm\u00fct bildirdiler.<\/p>\n","protected":false},"excerpt":{"rendered":"<p>2013 senesi aprel 30 k\u00fcn\u00fc Aqmescitte Q\u0131r\u0131mtatar halq\u0131 Meclisi reisini\u00f1 birinci muavini Refat \u00c7ubarov Q\u0131r\u0131mda i\u015f ziyaretinen bulun\u011fan Avropa Birligini\u00f1 Ukrainadaki Temsilciligini\u00f1 ba\u015f\u0131, el\u00e7i Yan Tombinski ile k\u00f6r\u00fc\u015fti. K\u00f6r\u00fc\u015f\u00fcvde Meclisni\u00f1 t\u0131\u015fq\u0131 al\u00e2qalar b\u00f6l\u00fcgini\u00f1 ba\u015f\u0131 Ali Hamzin ve Avropa Birligini\u00f1 Q\u0131r\u0131m ve Aqyar boyunca birle\u015fken te\u015febb\u00fcsini\u00f1 koordinator\u0131 Entso Damiani i\u015ftirak ettiler. K\u00f6r\u00fc\u015f\u00fcv i\u015ftirak\u00e7ileri Q\u0131r\u0131mdaki siyasiy-i\u00e7timaiy vaziyet [&hellip;]<\/p>\n","protected":false},"author":1,"featured_media":0,"comment_status":"open","ping_status":"open","sticky":false,"template":"","format":"standard","meta":{"inline_featured_image":false,"footnotes":""},"categories":[265],"tags":[],"class_list":["post-36695","post","type-post","status-publish","format-standard","hentry","category-haberler"],"acf":[],"yoast_head":"<!-- This site is optimized with the Yoast SEO plugin v27.4 - https:\/\/yoast.com\/product\/yoast-seo-wordpress\/ -->\n<title>Meclis azalar\u0131 Avropa Birligini\u00f1 Ukrainadaki Temsilciligini\u00f1 ba\u015f\u0131 Yan Tombinski ile k\u00f6r\u00fc\u015fti - \u041c\u0435\u0434\u0436\u043b\u0456\u0441<\/title>\n<meta name=\"robots\" content=\"index, follow, max-snippet:-1, max-image-preview:large, max-video-preview:-1\" \/>\n<link rel=\"canonical\" href=\"https:\/\/qtmm.org\/qt\/meclis-azalari-avropa-birliginin-ukrainadaki-temsilciliginin-basi-yan-tombinski-ile-korusti\/\" \/>\n<meta property=\"og:locale\" content=\"en_US\" \/>\n<meta property=\"og:type\" content=\"article\" \/>\n<meta property=\"og:title\" content=\"Meclis azalar\u0131 Avropa Birligini\u00f1 Ukrainadaki Temsilciligini\u00f1 ba\u015f\u0131 Yan Tombinski ile k\u00f6r\u00fc\u015fti - \u041c\u0435\u0434\u0436\u043b\u0456\u0441\" \/>\n<meta property=\"og:description\" content=\"2013 senesi aprel 30 k\u00fcn\u00fc Aqmescitte Q\u0131r\u0131mtatar halq\u0131 Meclisi reisini\u00f1 birinci muavini Refat \u00c7ubarov Q\u0131r\u0131mda i\u015f ziyaretinen bulun\u011fan Avropa Birligini\u00f1 Ukrainadaki Temsilciligini\u00f1 ba\u015f\u0131, el\u00e7i Yan Tombinski ile k\u00f6r\u00fc\u015fti. K\u00f6r\u00fc\u015f\u00fcvde Meclisni\u00f1 t\u0131\u015fq\u0131 al\u00e2qalar b\u00f6l\u00fcgini\u00f1 ba\u015f\u0131 Ali Hamzin ve Avropa Birligini\u00f1 Q\u0131r\u0131m ve Aqyar boyunca birle\u015fken te\u015febb\u00fcsini\u00f1 koordinator\u0131 Entso Damiani i\u015ftirak ettiler. K\u00f6r\u00fc\u015f\u00fcv i\u015ftirak\u00e7ileri Q\u0131r\u0131mdaki siyasiy-i\u00e7timaiy vaziyet [&hellip;]\" \/>\n<meta property=\"og:url\" content=\"https:\/\/qtmm.org\/qt\/meclis-azalari-avropa-birliginin-ukrainadaki-temsilciliginin-basi-yan-tombinski-ile-korusti\/\" \/>\n<meta property=\"og:site_name\" content=\"\u041c\u0435\u0434\u0436\u043b\u0456\u0441\" \/>\n<meta property=\"article:publisher\" content=\"https:\/\/www.facebook.com\/qtmm.info\/\" \/>\n<meta property=\"article:published_time\" content=\"2013-04-30T19:33:00+00:00\" \/>\n<meta property=\"article:modified_time\" content=\"2022-01-23T19:34:05+00:00\" \/>\n<meta property=\"og:image\" content=\"https:\/\/qtmm.org\/wp-content\/uploads\/2022\/01\/c_yanom_tombinski_to_text.jpeg\" \/>\n\t<meta property=\"og:image:width\" content=\"650\" \/>\n\t<meta property=\"og:image:height\" content=\"498\" \/>\n\t<meta property=\"og:image:type\" content=\"image\/jpeg\" \/>\n<meta name=\"author\" content=\"Developer\" \/>\n<meta name=\"twitter:card\" content=\"summary_large_image\" \/>\n<meta name=\"twitter:label1\" content=\"Written by\" \/>\n\t<meta name=\"twitter:data1\" content=\"Developer\" \/>\n\t<meta name=\"twitter:label2\" content=\"Est. reading time\" \/>\n\t<meta name=\"twitter:data2\" content=\"2 minutes\" \/>\n<script type=\"application\/ld+json\" class=\"yoast-schema-graph\">{\"@context\":\"https:\\\/\\\/schema.org\",\"@graph\":[{\"@type\":\"Article\",\"@id\":\"https:\\\/\\\/qtmm.org\\\/qt\\\/meclis-azalari-avropa-birliginin-ukrainadaki-temsilciliginin-basi-yan-tombinski-ile-korusti\\\/#article\",\"isPartOf\":{\"@id\":\"https:\\\/\\\/qtmm.org\\\/qt\\\/meclis-azalari-avropa-birliginin-ukrainadaki-temsilciliginin-basi-yan-tombinski-ile-korusti\\\/\"},\"author\":{\"name\":\"Developer\",\"@id\":\"https:\\\/\\\/qtmm.org\\\/qt\\\/#\\\/schema\\\/person\\\/de562469f971dec226ac06e60bbf74a7\"},\"headline\":\"Meclis azalar\u0131 Avropa Birligini\u00f1 Ukrainadaki Temsilciligini\u00f1 ba\u015f\u0131 Yan Tombinski ile k\u00f6r\u00fc\u015fti\",\"datePublished\":\"2013-04-30T19:33:00+00:00\",\"dateModified\":\"2022-01-23T19:34:05+00:00\",\"mainEntityOfPage\":{\"@id\":\"https:\\\/\\\/qtmm.org\\\/qt\\\/meclis-azalari-avropa-birliginin-ukrainadaki-temsilciliginin-basi-yan-tombinski-ile-korusti\\\/\"},\"wordCount\":316,\"commentCount\":0,\"publisher\":{\"@id\":\"https:\\\/\\\/qtmm.org\\\/qt\\\/#organization\"},\"image\":{\"@id\":\"https:\\\/\\\/qtmm.org\\\/qt\\\/meclis-azalari-avropa-birliginin-ukrainadaki-temsilciliginin-basi-yan-tombinski-ile-korusti\\\/#primaryimage\"},\"thumbnailUrl\":\"http:\\\/\\\/qtmm.org\\\/wp-content\\\/uploads\\\/2022\\\/01\\\/c_yanom_tombinski_to_text.jpeg\",\"articleSection\":[\"Haberler\"],\"inLanguage\":\"qt\",\"potentialAction\":[{\"@type\":\"CommentAction\",\"name\":\"Comment\",\"target\":[\"https:\\\/\\\/qtmm.org\\\/qt\\\/meclis-azalari-avropa-birliginin-ukrainadaki-temsilciliginin-basi-yan-tombinski-ile-korusti\\\/#respond\"]}]},{\"@type\":\"WebPage\",\"@id\":\"https:\\\/\\\/qtmm.org\\\/qt\\\/meclis-azalari-avropa-birliginin-ukrainadaki-temsilciliginin-basi-yan-tombinski-ile-korusti\\\/\",\"url\":\"https:\\\/\\\/qtmm.org\\\/qt\\\/meclis-azalari-avropa-birliginin-ukrainadaki-temsilciliginin-basi-yan-tombinski-ile-korusti\\\/\",\"name\":\"Meclis azalar\u0131 Avropa Birligini\u00f1 Ukrainadaki Temsilciligini\u00f1 ba\u015f\u0131 Yan Tombinski ile k\u00f6r\u00fc\u015fti - \u041c\u0435\u0434\u0436\u043b\u0456\u0441\",\"isPartOf\":{\"@id\":\"https:\\\/\\\/qtmm.org\\\/qt\\\/#website\"},\"primaryImageOfPage\":{\"@id\":\"https:\\\/\\\/qtmm.org\\\/qt\\\/meclis-azalari-avropa-birliginin-ukrainadaki-temsilciliginin-basi-yan-tombinski-ile-korusti\\\/#primaryimage\"},\"image\":{\"@id\":\"https:\\\/\\\/qtmm.org\\\/qt\\\/meclis-azalari-avropa-birliginin-ukrainadaki-temsilciliginin-basi-yan-tombinski-ile-korusti\\\/#primaryimage\"},\"thumbnailUrl\":\"http:\\\/\\\/qtmm.org\\\/wp-content\\\/uploads\\\/2022\\\/01\\\/c_yanom_tombinski_to_text.jpeg\",\"datePublished\":\"2013-04-30T19:33:00+00:00\",\"dateModified\":\"2022-01-23T19:34:05+00:00\",\"breadcrumb\":{\"@id\":\"https:\\\/\\\/qtmm.org\\\/qt\\\/meclis-azalari-avropa-birliginin-ukrainadaki-temsilciliginin-basi-yan-tombinski-ile-korusti\\\/#breadcrumb\"},\"inLanguage\":\"qt\",\"potentialAction\":[{\"@type\":\"ReadAction\",\"target\":[\"https:\\\/\\\/qtmm.org\\\/qt\\\/meclis-azalari-avropa-birliginin-ukrainadaki-temsilciliginin-basi-yan-tombinski-ile-korusti\\\/\"]}]},{\"@type\":\"ImageObject\",\"inLanguage\":\"qt\",\"@id\":\"https:\\\/\\\/qtmm.org\\\/qt\\\/meclis-azalari-avropa-birliginin-ukrainadaki-temsilciliginin-basi-yan-tombinski-ile-korusti\\\/#primaryimage\",\"url\":\"http:\\\/\\\/qtmm.org\\\/wp-content\\\/uploads\\\/2022\\\/01\\\/c_yanom_tombinski_to_text.jpeg\",\"contentUrl\":\"http:\\\/\\\/qtmm.org\\\/wp-content\\\/uploads\\\/2022\\\/01\\\/c_yanom_tombinski_to_text.jpeg\"},{\"@type\":\"BreadcrumbList\",\"@id\":\"https:\\\/\\\/qtmm.org\\\/qt\\\/meclis-azalari-avropa-birliginin-ukrainadaki-temsilciliginin-basi-yan-tombinski-ile-korusti\\\/#breadcrumb\",\"itemListElement\":[{\"@type\":\"ListItem\",\"position\":1,\"name\":\"\u0413\u043e\u043b\u043e\u0432\u043d\u0430\",\"item\":\"https:\\\/\\\/qtmm.org\\\/qt\\\/\"},{\"@type\":\"ListItem\",\"position\":2,\"name\":\"Meclis azalar\u0131 Avropa Birligini\u00f1 Ukrainadaki Temsilciligini\u00f1 ba\u015f\u0131 Yan Tombinski ile k\u00f6r\u00fc\u015fti\"}]},{\"@type\":\"WebSite\",\"@id\":\"https:\\\/\\\/qtmm.org\\\/qt\\\/#website\",\"url\":\"https:\\\/\\\/qtmm.org\\\/qt\\\/\",\"name\":\"\u041c\u0435\u0434\u0436\u043b\u0456\u0441\",\"description\":\"\",\"publisher\":{\"@id\":\"https:\\\/\\\/qtmm.org\\\/qt\\\/#organization\"},\"potentialAction\":[{\"@type\":\"SearchAction\",\"target\":{\"@type\":\"EntryPoint\",\"urlTemplate\":\"https:\\\/\\\/qtmm.org\\\/qt\\\/?s={search_term_string}\"},\"query-input\":{\"@type\":\"PropertyValueSpecification\",\"valueRequired\":true,\"valueName\":\"search_term_string\"}}],\"inLanguage\":\"qt\"},{\"@type\":\"Organization\",\"@id\":\"https:\\\/\\\/qtmm.org\\\/qt\\\/#organization\",\"name\":\"\u041c\u0435\u0434\u0436\u043b\u0456\u0441\",\"url\":\"https:\\\/\\\/qtmm.org\\\/qt\\\/\",\"logo\":{\"@type\":\"ImageObject\",\"inLanguage\":\"qt\",\"@id\":\"https:\\\/\\\/qtmm.org\\\/qt\\\/#\\\/schema\\\/logo\\\/image\\\/\",\"url\":\"https:\\\/\\\/qtmm.org\\\/wp-content\\\/uploads\\\/2024\\\/12\\\/ua-mejlis-logo-rgb.svg\",\"contentUrl\":\"https:\\\/\\\/qtmm.org\\\/wp-content\\\/uploads\\\/2024\\\/12\\\/ua-mejlis-logo-rgb.svg\",\"caption\":\"\u041c\u0435\u0434\u0436\u043b\u0456\u0441\"},\"image\":{\"@id\":\"https:\\\/\\\/qtmm.org\\\/qt\\\/#\\\/schema\\\/logo\\\/image\\\/\"},\"sameAs\":[\"https:\\\/\\\/www.facebook.com\\\/qtmm.info\\\/\"]},{\"@type\":\"Person\",\"@id\":\"https:\\\/\\\/qtmm.org\\\/qt\\\/#\\\/schema\\\/person\\\/de562469f971dec226ac06e60bbf74a7\",\"name\":\"Developer\",\"image\":{\"@type\":\"ImageObject\",\"inLanguage\":\"qt\",\"@id\":\"https:\\\/\\\/secure.gravatar.com\\\/avatar\\\/392b4cc8fbfeb00b39dfeeab4ee6edded39ffd48e25858637e4765810300227e?s=96&d=mm&r=g\",\"url\":\"https:\\\/\\\/secure.gravatar.com\\\/avatar\\\/392b4cc8fbfeb00b39dfeeab4ee6edded39ffd48e25858637e4765810300227e?s=96&d=mm&r=g\",\"contentUrl\":\"https:\\\/\\\/secure.gravatar.com\\\/avatar\\\/392b4cc8fbfeb00b39dfeeab4ee6edded39ffd48e25858637e4765810300227e?s=96&d=mm&r=g\",\"caption\":\"Developer\"},\"url\":\"https:\\\/\\\/qtmm.org\\\/qt\\\/author\\\/Developer\\\/\"}]}<\/script>\n<!-- \/ Yoast SEO plugin. -->","yoast_head_json":{"title":"Meclis azalar\u0131 Avropa Birligini\u00f1 Ukrainadaki Temsilciligini\u00f1 ba\u015f\u0131 Yan Tombinski ile k\u00f6r\u00fc\u015fti - \u041c\u0435\u0434\u0436\u043b\u0456\u0441","robots":{"index":"index","follow":"follow","max-snippet":"max-snippet:-1","max-image-preview":"max-image-preview:large","max-video-preview":"max-video-preview:-1"},"canonical":"https:\/\/qtmm.org\/qt\/meclis-azalari-avropa-birliginin-ukrainadaki-temsilciliginin-basi-yan-tombinski-ile-korusti\/","og_locale":"en_US","og_type":"article","og_title":"Meclis azalar\u0131 Avropa Birligini\u00f1 Ukrainadaki Temsilciligini\u00f1 ba\u015f\u0131 Yan Tombinski ile k\u00f6r\u00fc\u015fti - \u041c\u0435\u0434\u0436\u043b\u0456\u0441","og_description":"2013 senesi aprel 30 k\u00fcn\u00fc Aqmescitte Q\u0131r\u0131mtatar halq\u0131 Meclisi reisini\u00f1 birinci muavini Refat \u00c7ubarov Q\u0131r\u0131mda i\u015f ziyaretinen bulun\u011fan Avropa Birligini\u00f1 Ukrainadaki Temsilciligini\u00f1 ba\u015f\u0131, el\u00e7i Yan Tombinski ile k\u00f6r\u00fc\u015fti. K\u00f6r\u00fc\u015f\u00fcvde Meclisni\u00f1 t\u0131\u015fq\u0131 al\u00e2qalar b\u00f6l\u00fcgini\u00f1 ba\u015f\u0131 Ali Hamzin ve Avropa Birligini\u00f1 Q\u0131r\u0131m ve Aqyar boyunca birle\u015fken te\u015febb\u00fcsini\u00f1 koordinator\u0131 Entso Damiani i\u015ftirak ettiler. K\u00f6r\u00fc\u015f\u00fcv i\u015ftirak\u00e7ileri Q\u0131r\u0131mdaki siyasiy-i\u00e7timaiy vaziyet [&hellip;]","og_url":"https:\/\/qtmm.org\/qt\/meclis-azalari-avropa-birliginin-ukrainadaki-temsilciliginin-basi-yan-tombinski-ile-korusti\/","og_site_name":"\u041c\u0435\u0434\u0436\u043b\u0456\u0441","article_publisher":"https:\/\/www.facebook.com\/qtmm.info\/","article_published_time":"2013-04-30T19:33:00+00:00","article_modified_time":"2022-01-23T19:34:05+00:00","og_image":[{"width":650,"height":498,"url":"https:\/\/qtmm.org\/wp-content\/uploads\/2022\/01\/c_yanom_tombinski_to_text.jpeg","type":"image\/jpeg"}],"author":"Developer","twitter_card":"summary_large_image","twitter_misc":{"Written by":"Developer","Est. reading time":"2 minutes"},"schema":{"@context":"https:\/\/schema.org","@graph":[{"@type":"Article","@id":"https:\/\/qtmm.org\/qt\/meclis-azalari-avropa-birliginin-ukrainadaki-temsilciliginin-basi-yan-tombinski-ile-korusti\/#article","isPartOf":{"@id":"https:\/\/qtmm.org\/qt\/meclis-azalari-avropa-birliginin-ukrainadaki-temsilciliginin-basi-yan-tombinski-ile-korusti\/"},"author":{"name":"Developer","@id":"https:\/\/qtmm.org\/qt\/#\/schema\/person\/de562469f971dec226ac06e60bbf74a7"},"headline":"Meclis azalar\u0131 Avropa Birligini\u00f1 Ukrainadaki Temsilciligini\u00f1 ba\u015f\u0131 Yan Tombinski ile k\u00f6r\u00fc\u015fti","datePublished":"2013-04-30T19:33:00+00:00","dateModified":"2022-01-23T19:34:05+00:00","mainEntityOfPage":{"@id":"https:\/\/qtmm.org\/qt\/meclis-azalari-avropa-birliginin-ukrainadaki-temsilciliginin-basi-yan-tombinski-ile-korusti\/"},"wordCount":316,"commentCount":0,"publisher":{"@id":"https:\/\/qtmm.org\/qt\/#organization"},"image":{"@id":"https:\/\/qtmm.org\/qt\/meclis-azalari-avropa-birliginin-ukrainadaki-temsilciliginin-basi-yan-tombinski-ile-korusti\/#primaryimage"},"thumbnailUrl":"http:\/\/qtmm.org\/wp-content\/uploads\/2022\/01\/c_yanom_tombinski_to_text.jpeg","articleSection":["Haberler"],"inLanguage":"qt","potentialAction":[{"@type":"CommentAction","name":"Comment","target":["https:\/\/qtmm.org\/qt\/meclis-azalari-avropa-birliginin-ukrainadaki-temsilciliginin-basi-yan-tombinski-ile-korusti\/#respond"]}]},{"@type":"WebPage","@id":"https:\/\/qtmm.org\/qt\/meclis-azalari-avropa-birliginin-ukrainadaki-temsilciliginin-basi-yan-tombinski-ile-korusti\/","url":"https:\/\/qtmm.org\/qt\/meclis-azalari-avropa-birliginin-ukrainadaki-temsilciliginin-basi-yan-tombinski-ile-korusti\/","name":"Meclis azalar\u0131 Avropa Birligini\u00f1 Ukrainadaki Temsilciligini\u00f1 ba\u015f\u0131 Yan Tombinski ile k\u00f6r\u00fc\u015fti - \u041c\u0435\u0434\u0436\u043b\u0456\u0441","isPartOf":{"@id":"https:\/\/qtmm.org\/qt\/#website"},"primaryImageOfPage":{"@id":"https:\/\/qtmm.org\/qt\/meclis-azalari-avropa-birliginin-ukrainadaki-temsilciliginin-basi-yan-tombinski-ile-korusti\/#primaryimage"},"image":{"@id":"https:\/\/qtmm.org\/qt\/meclis-azalari-avropa-birliginin-ukrainadaki-temsilciliginin-basi-yan-tombinski-ile-korusti\/#primaryimage"},"thumbnailUrl":"http:\/\/qtmm.org\/wp-content\/uploads\/2022\/01\/c_yanom_tombinski_to_text.jpeg","datePublished":"2013-04-30T19:33:00+00:00","dateModified":"2022-01-23T19:34:05+00:00","breadcrumb":{"@id":"https:\/\/qtmm.org\/qt\/meclis-azalari-avropa-birliginin-ukrainadaki-temsilciliginin-basi-yan-tombinski-ile-korusti\/#breadcrumb"},"inLanguage":"qt","potentialAction":[{"@type":"ReadAction","target":["https:\/\/qtmm.org\/qt\/meclis-azalari-avropa-birliginin-ukrainadaki-temsilciliginin-basi-yan-tombinski-ile-korusti\/"]}]},{"@type":"ImageObject","inLanguage":"qt","@id":"https:\/\/qtmm.org\/qt\/meclis-azalari-avropa-birliginin-ukrainadaki-temsilciliginin-basi-yan-tombinski-ile-korusti\/#primaryimage","url":"http:\/\/qtmm.org\/wp-content\/uploads\/2022\/01\/c_yanom_tombinski_to_text.jpeg","contentUrl":"http:\/\/qtmm.org\/wp-content\/uploads\/2022\/01\/c_yanom_tombinski_to_text.jpeg"},{"@type":"BreadcrumbList","@id":"https:\/\/qtmm.org\/qt\/meclis-azalari-avropa-birliginin-ukrainadaki-temsilciliginin-basi-yan-tombinski-ile-korusti\/#breadcrumb","itemListElement":[{"@type":"ListItem","position":1,"name":"\u0413\u043e\u043b\u043e\u0432\u043d\u0430","item":"https:\/\/qtmm.org\/qt\/"},{"@type":"ListItem","position":2,"name":"Meclis azalar\u0131 Avropa Birligini\u00f1 Ukrainadaki Temsilciligini\u00f1 ba\u015f\u0131 Yan Tombinski ile k\u00f6r\u00fc\u015fti"}]},{"@type":"WebSite","@id":"https:\/\/qtmm.org\/qt\/#website","url":"https:\/\/qtmm.org\/qt\/","name":"\u041c\u0435\u0434\u0436\u043b\u0456\u0441","description":"","publisher":{"@id":"https:\/\/qtmm.org\/qt\/#organization"},"potentialAction":[{"@type":"SearchAction","target":{"@type":"EntryPoint","urlTemplate":"https:\/\/qtmm.org\/qt\/?s={search_term_string}"},"query-input":{"@type":"PropertyValueSpecification","valueRequired":true,"valueName":"search_term_string"}}],"inLanguage":"qt"},{"@type":"Organization","@id":"https:\/\/qtmm.org\/qt\/#organization","name":"\u041c\u0435\u0434\u0436\u043b\u0456\u0441","url":"https:\/\/qtmm.org\/qt\/","logo":{"@type":"ImageObject","inLanguage":"qt","@id":"https:\/\/qtmm.org\/qt\/#\/schema\/logo\/image\/","url":"https:\/\/qtmm.org\/wp-content\/uploads\/2024\/12\/ua-mejlis-logo-rgb.svg","contentUrl":"https:\/\/qtmm.org\/wp-content\/uploads\/2024\/12\/ua-mejlis-logo-rgb.svg","caption":"\u041c\u0435\u0434\u0436\u043b\u0456\u0441"},"image":{"@id":"https:\/\/qtmm.org\/qt\/#\/schema\/logo\/image\/"},"sameAs":["https:\/\/www.facebook.com\/qtmm.info\/"]},{"@type":"Person","@id":"https:\/\/qtmm.org\/qt\/#\/schema\/person\/de562469f971dec226ac06e60bbf74a7","name":"Developer","image":{"@type":"ImageObject","inLanguage":"qt","@id":"https:\/\/secure.gravatar.com\/avatar\/392b4cc8fbfeb00b39dfeeab4ee6edded39ffd48e25858637e4765810300227e?s=96&d=mm&r=g","url":"https:\/\/secure.gravatar.com\/avatar\/392b4cc8fbfeb00b39dfeeab4ee6edded39ffd48e25858637e4765810300227e?s=96&d=mm&r=g","contentUrl":"https:\/\/secure.gravatar.com\/avatar\/392b4cc8fbfeb00b39dfeeab4ee6edded39ffd48e25858637e4765810300227e?s=96&d=mm&r=g","caption":"Developer"},"url":"https:\/\/qtmm.org\/qt\/author\/Developer\/"}]}},"_links":{"self":[{"href":"https:\/\/qtmm.org\/qt\/wp-json\/wp\/v2\/posts\/36695","targetHints":{"allow":["GET"]}}],"collection":[{"href":"https:\/\/qtmm.org\/qt\/wp-json\/wp\/v2\/posts"}],"about":[{"href":"https:\/\/qtmm.org\/qt\/wp-json\/wp\/v2\/types\/post"}],"author":[{"embeddable":true,"href":"https:\/\/qtmm.org\/qt\/wp-json\/wp\/v2\/users\/1"}],"replies":[{"embeddable":true,"href":"https:\/\/qtmm.org\/qt\/wp-json\/wp\/v2\/comments?post=36695"}],"version-history":[{"count":1,"href":"https:\/\/qtmm.org\/qt\/wp-json\/wp\/v2\/posts\/36695\/revisions"}],"predecessor-version":[{"id":36700,"href":"https:\/\/qtmm.org\/qt\/wp-json\/wp\/v2\/posts\/36695\/revisions\/36700"}],"wp:attachment":[{"href":"https:\/\/qtmm.org\/qt\/wp-json\/wp\/v2\/media?parent=36695"}],"wp:term":[{"taxonomy":"category","embeddable":true,"href":"https:\/\/qtmm.org\/qt\/wp-json\/wp\/v2\/categories?post=36695"},{"taxonomy":"post_tag","embeddable":true,"href":"https:\/\/qtmm.org\/qt\/wp-json\/wp\/v2\/tags?post=36695"}],"curies":[{"name":"wp","href":"https:\/\/api.w.org\/{rel}","templated":true}]}}