




{"id":36679,"date":"2013-04-29T22:31:00","date_gmt":"2013-04-29T19:31:00","guid":{"rendered":"http:\/\/qtmm.org\/?p=36679"},"modified":"2022-01-23T22:32:34","modified_gmt":"2022-01-23T19:32:34","slug":"meclis-reisi-mustafa-cemilev-cehiya-parlamenti-yuqari-palatasinin-senatori-yaromir-stetina-ile-korusti-2","status":"publish","type":"post","link":"https:\/\/qtmm.org\/qt\/meclis-reisi-mustafa-cemilev-cehiya-parlamenti-yuqari-palatasinin-senatori-yaromir-stetina-ile-korusti-2\/","title":{"rendered":"Meclis reisi Mustafa Cemilev \u00c7ehiya parlamenti Yuqar\u0131 palatas\u0131n\u0131\u00f1 senator\u0131 Yaromir \u015etetina ile k\u00f6r\u00fc\u015fti"},"content":{"rendered":"\n<p>2013 senesi aprel 25 k\u00fcn\u00fc Q\u0131r\u0131mtatar halq\u0131 Meclisini\u00f1 reisi Mustafa Cemilev \u00c7ehiya Parlamentini\u00f1 Senat\u0131nda bulun\u0131p, ke\u00e7mi\u015fte belli jurnalist ve uquqqoruy\u0131c\u0131, bug\u00fcnde ise senator Yaromir \u015etetinanen k\u00f6r\u00fc\u015fti. Senator professional faaliyeti devrinde sab\u0131q sovetler alan\u0131n\u0131\u00f1 cemi &#8220;q\u0131z\u011f\u0131n&#8221; noqtalar\u0131nda old\u0131.<\/p>\n\n\n\n<p>Bundan da \u011fayr\u0131 o halqara meseleler, mudafaa ve tel\u00fckesizlik boyunca parlament k\u00f6miyetini\u00f1, bun\u0131\u00f1 kibi de d\u00fcnyada demokratiya\u011fa qoltutuv komitetini\u00f1 azas\u0131d\u0131r. Meclisni\u00f1 t\u0131\u015fq\u0131 al\u00e2qalar b\u00f6l\u00fcgini\u00f1 ba\u015f\u0131 Ali Hamzin, Kiyevdeki Q\u0131r\u0131mtatar cemiyetini\u00f1 ba\u015f\u0131 Aslan \u00d6mer Q\u0131r\u0131ml\u0131 ve Qurultay delegat\u0131 Rustem \u00dcmerov, \u00c7ehiyan\u0131\u00f1 Ukrainadaki El\u00e7iligini\u00f1 siyasiy meseler boyunca mesleat\u00e7\u0131s\u0131 L\u00fcbo\u015f Veselu i\u015ftirak etken k\u00f6r\u00fc\u015f\u00fcv devam\u0131nda Ukrainada siyasiy vaziyet ve Q\u0131r\u0131mda, bun\u0131\u00f1 kibi de umumen Ukrainada, q\u0131r\u0131mtatar halq\u0131n\u0131\u00f1 al\u0131 husus\u0131nda fikir payla\u015f\u0131l\u0131p, halqn\u0131\u00f1 aqs\u0131mlan\u011fan\u0131 da qayd olund\u0131.<\/p>\n\n\n\n<figure class=\"wp-block-image size-full\"><img loading=\"lazy\" decoding=\"async\" width=\"700\" height=\"525\" src=\"http:\/\/qtmm.org\/wp-content\/uploads\/2022\/01\/img_0770.jpeg\" alt=\"\" class=\"wp-image-36680\" srcset=\"https:\/\/qtmm.org\/wp-content\/uploads\/2022\/01\/img_0770.jpeg 700w, https:\/\/qtmm.org\/wp-content\/uploads\/2022\/01\/img_0770-300x225.jpeg 300w\" sizes=\"auto, (max-width: 700px) 100vw, 700px\" \/><\/figure>\n\n\n\n<p>Meclis reisi M. Cemilevni\u00f1 aytqan\u0131na k\u00f6re Q\u0131r\u0131mdaki so\u00f1ki vaqialar, bilhassa Q\u0131r\u0131m \u00fck\u00fcmetini\u00f1 ba\u015f\u0131 A. Mogil\u00f6vn\u0131\u00f1 Meclisni\u00f1 faaliyetine keder etmek ve bun\u0131\u00f1nen q\u0131r\u0131mtatar halq\u0131n\u0131\u00f1 aras\u0131na \u015f\u0131na qaqmaq areketleri tel\u00fckeli ve provokatsion dep tan\u0131ld\u0131. &#8220;B\u00fct\u00fcn bu ad\u0131mlar Ukrainada q\u0131r\u0131mtatar halq\u0131n\u0131\u00f1 taqdiri i\u00e7\u00fcn ve q\u0131r\u0131mtatar halq\u0131n\u0131\u00f1 \u00f6z Vatan\u0131nda aqlar\u0131n\u0131 tiklev. Ukrainada on\u0131\u00f1 tel\u00fckesizligi ve inki\u015faf\u0131n\u0131 teminlev i\u00e7\u00fcn tel\u00e2\u015f do\u011fura&#8221;, &#8211; dedi Meclis ba\u015fqan\u0131.<\/p>\n\n\n\n<figure class=\"wp-block-image size-full\"><img loading=\"lazy\" decoding=\"async\" width=\"700\" height=\"525\" src=\"http:\/\/qtmm.org\/wp-content\/uploads\/2022\/01\/img_0775_1.jpeg\" alt=\"\" class=\"wp-image-36684\" srcset=\"https:\/\/qtmm.org\/wp-content\/uploads\/2022\/01\/img_0775_1.jpeg 700w, https:\/\/qtmm.org\/wp-content\/uploads\/2022\/01\/img_0775_1-300x225.jpeg 300w\" sizes=\"auto, (max-width: 700px) 100vw, 700px\" \/><\/figure>\n\n\n\n<p>Ke\u00e7mi\u015fte belli jurnalist ve uquqqoruy\u0131c\u0131 ol\u011fan senator Yaromir \u015etetina kendini Avropa devleti olaraq k\u00f6stermege t\u0131r\u0131\u015fqan Ukrainada q\u0131r\u0131mtatar halq\u0131 bug\u00fcnde-bug\u00fcn bulun\u011fan vaziyetke taac\u00fcplendi. \u00c7eh siyaset\u00e7isi Poloniyada Q\u0131r\u0131m platformas\u0131n\u0131 meydan\u011fa ketirmek te\u015febb\u00fcsine qoltut\u0131p, on\u0131\u00f1 q\u0131r\u0131mtatar halq\u0131 vaziyetinen halqara cemaat\u00e7\u0131l\u0131qn\u0131 haberdar etecegine eminlik bildirdi.<\/p>\n\n\n\n<p>Subetni\u00f1 so\u00f1unda Mustafa Cemilev senator Yaromir \u015etetinan\u0131 Q\u0131r\u0131m\u011fa davet etti.<\/p>\n","protected":false},"excerpt":{"rendered":"<p>2013 senesi aprel 25 k\u00fcn\u00fc Q\u0131r\u0131mtatar halq\u0131 Meclisini\u00f1 reisi Mustafa Cemilev \u00c7ehiya Parlamentini\u00f1 Senat\u0131nda bulun\u0131p, ke\u00e7mi\u015fte belli jurnalist ve uquqqoruy\u0131c\u0131, bug\u00fcnde ise senator Yaromir \u015etetinanen k\u00f6r\u00fc\u015fti. Senator professional faaliyeti devrinde sab\u0131q sovetler alan\u0131n\u0131\u00f1 cemi &#8220;q\u0131z\u011f\u0131n&#8221; noqtalar\u0131nda old\u0131. Bundan da \u011fayr\u0131 o halqara meseleler, mudafaa ve tel\u00fckesizlik boyunca parlament k\u00f6miyetini\u00f1, bun\u0131\u00f1 kibi de d\u00fcnyada demokratiya\u011fa qoltutuv [&hellip;]<\/p>\n","protected":false},"author":1,"featured_media":36688,"comment_status":"open","ping_status":"open","sticky":false,"template":"","format":"standard","meta":{"inline_featured_image":false,"footnotes":""},"categories":[265],"tags":[],"class_list":["post-36679","post","type-post","status-publish","format-standard","has-post-thumbnail","hentry","category-haberler"],"acf":[],"yoast_head":"<!-- This site is optimized with the Yoast SEO plugin v27.4 - https:\/\/yoast.com\/product\/yoast-seo-wordpress\/ -->\n<title>Meclis reisi Mustafa Cemilev \u00c7ehiya parlamenti Yuqar\u0131 palatas\u0131n\u0131\u00f1 senator\u0131 Yaromir \u015etetina ile k\u00f6r\u00fc\u015fti - \u041c\u0435\u0434\u0436\u043b\u0456\u0441<\/title>\n<meta name=\"robots\" content=\"index, follow, max-snippet:-1, max-image-preview:large, max-video-preview:-1\" \/>\n<link rel=\"canonical\" href=\"https:\/\/qtmm.org\/qt\/meclis-reisi-mustafa-cemilev-cehiya-parlamenti-yuqari-palatasinin-senatori-yaromir-stetina-ile-korusti-2\/\" \/>\n<meta property=\"og:locale\" content=\"en_US\" \/>\n<meta property=\"og:type\" content=\"article\" \/>\n<meta property=\"og:title\" content=\"Meclis reisi Mustafa Cemilev \u00c7ehiya parlamenti Yuqar\u0131 palatas\u0131n\u0131\u00f1 senator\u0131 Yaromir \u015etetina ile k\u00f6r\u00fc\u015fti - \u041c\u0435\u0434\u0436\u043b\u0456\u0441\" \/>\n<meta property=\"og:description\" content=\"2013 senesi aprel 25 k\u00fcn\u00fc Q\u0131r\u0131mtatar halq\u0131 Meclisini\u00f1 reisi Mustafa Cemilev \u00c7ehiya Parlamentini\u00f1 Senat\u0131nda bulun\u0131p, ke\u00e7mi\u015fte belli jurnalist ve uquqqoruy\u0131c\u0131, bug\u00fcnde ise senator Yaromir \u015etetinanen k\u00f6r\u00fc\u015fti. Senator professional faaliyeti devrinde sab\u0131q sovetler alan\u0131n\u0131\u00f1 cemi &#8220;q\u0131z\u011f\u0131n&#8221; noqtalar\u0131nda old\u0131. Bundan da \u011fayr\u0131 o halqara meseleler, mudafaa ve tel\u00fckesizlik boyunca parlament k\u00f6miyetini\u00f1, bun\u0131\u00f1 kibi de d\u00fcnyada demokratiya\u011fa qoltutuv [&hellip;]\" \/>\n<meta property=\"og:url\" content=\"https:\/\/qtmm.org\/qt\/meclis-reisi-mustafa-cemilev-cehiya-parlamenti-yuqari-palatasinin-senatori-yaromir-stetina-ile-korusti-2\/\" \/>\n<meta property=\"og:site_name\" content=\"\u041c\u0435\u0434\u0436\u043b\u0456\u0441\" \/>\n<meta property=\"article:publisher\" content=\"https:\/\/www.facebook.com\/qtmm.info\/\" \/>\n<meta property=\"article:published_time\" content=\"2013-04-29T19:31:00+00:00\" \/>\n<meta property=\"article:modified_time\" content=\"2022-01-23T19:32:34+00:00\" \/>\n<meta property=\"og:image\" content=\"https:\/\/qtmm.org\/wp-content\/uploads\/2022\/01\/img_0806.jpeg\" \/>\n\t<meta property=\"og:image:width\" content=\"650\" \/>\n\t<meta property=\"og:image:height\" content=\"421\" \/>\n\t<meta property=\"og:image:type\" content=\"image\/jpeg\" \/>\n<meta name=\"author\" content=\"Developer\" \/>\n<meta name=\"twitter:card\" content=\"summary_large_image\" \/>\n<meta name=\"twitter:label1\" content=\"Written by\" \/>\n\t<meta name=\"twitter:data1\" content=\"Developer\" \/>\n\t<meta name=\"twitter:label2\" content=\"Est. reading time\" \/>\n\t<meta name=\"twitter:data2\" content=\"2 minutes\" \/>\n<script type=\"application\/ld+json\" class=\"yoast-schema-graph\">{\"@context\":\"https:\\\/\\\/schema.org\",\"@graph\":[{\"@type\":\"Article\",\"@id\":\"https:\\\/\\\/qtmm.org\\\/qt\\\/meclis-reisi-mustafa-cemilev-cehiya-parlamenti-yuqari-palatasinin-senatori-yaromir-stetina-ile-korusti-2\\\/#article\",\"isPartOf\":{\"@id\":\"https:\\\/\\\/qtmm.org\\\/qt\\\/meclis-reisi-mustafa-cemilev-cehiya-parlamenti-yuqari-palatasinin-senatori-yaromir-stetina-ile-korusti-2\\\/\"},\"author\":{\"name\":\"Developer\",\"@id\":\"https:\\\/\\\/qtmm.org\\\/qt\\\/#\\\/schema\\\/person\\\/de562469f971dec226ac06e60bbf74a7\"},\"headline\":\"Meclis reisi Mustafa Cemilev \u00c7ehiya parlamenti Yuqar\u0131 palatas\u0131n\u0131\u00f1 senator\u0131 Yaromir \u015etetina ile k\u00f6r\u00fc\u015fti\",\"datePublished\":\"2013-04-29T19:31:00+00:00\",\"dateModified\":\"2022-01-23T19:32:34+00:00\",\"mainEntityOfPage\":{\"@id\":\"https:\\\/\\\/qtmm.org\\\/qt\\\/meclis-reisi-mustafa-cemilev-cehiya-parlamenti-yuqari-palatasinin-senatori-yaromir-stetina-ile-korusti-2\\\/\"},\"wordCount\":345,\"commentCount\":0,\"publisher\":{\"@id\":\"https:\\\/\\\/qtmm.org\\\/qt\\\/#organization\"},\"image\":{\"@id\":\"https:\\\/\\\/qtmm.org\\\/qt\\\/meclis-reisi-mustafa-cemilev-cehiya-parlamenti-yuqari-palatasinin-senatori-yaromir-stetina-ile-korusti-2\\\/#primaryimage\"},\"thumbnailUrl\":\"https:\\\/\\\/qtmm.org\\\/wp-content\\\/uploads\\\/2022\\\/01\\\/img_0806.jpeg\",\"articleSection\":[\"Haberler\"],\"inLanguage\":\"qt\",\"potentialAction\":[{\"@type\":\"CommentAction\",\"name\":\"Comment\",\"target\":[\"https:\\\/\\\/qtmm.org\\\/qt\\\/meclis-reisi-mustafa-cemilev-cehiya-parlamenti-yuqari-palatasinin-senatori-yaromir-stetina-ile-korusti-2\\\/#respond\"]}]},{\"@type\":\"WebPage\",\"@id\":\"https:\\\/\\\/qtmm.org\\\/qt\\\/meclis-reisi-mustafa-cemilev-cehiya-parlamenti-yuqari-palatasinin-senatori-yaromir-stetina-ile-korusti-2\\\/\",\"url\":\"https:\\\/\\\/qtmm.org\\\/qt\\\/meclis-reisi-mustafa-cemilev-cehiya-parlamenti-yuqari-palatasinin-senatori-yaromir-stetina-ile-korusti-2\\\/\",\"name\":\"Meclis reisi Mustafa Cemilev \u00c7ehiya parlamenti Yuqar\u0131 palatas\u0131n\u0131\u00f1 senator\u0131 Yaromir \u015etetina ile k\u00f6r\u00fc\u015fti - \u041c\u0435\u0434\u0436\u043b\u0456\u0441\",\"isPartOf\":{\"@id\":\"https:\\\/\\\/qtmm.org\\\/qt\\\/#website\"},\"primaryImageOfPage\":{\"@id\":\"https:\\\/\\\/qtmm.org\\\/qt\\\/meclis-reisi-mustafa-cemilev-cehiya-parlamenti-yuqari-palatasinin-senatori-yaromir-stetina-ile-korusti-2\\\/#primaryimage\"},\"image\":{\"@id\":\"https:\\\/\\\/qtmm.org\\\/qt\\\/meclis-reisi-mustafa-cemilev-cehiya-parlamenti-yuqari-palatasinin-senatori-yaromir-stetina-ile-korusti-2\\\/#primaryimage\"},\"thumbnailUrl\":\"https:\\\/\\\/qtmm.org\\\/wp-content\\\/uploads\\\/2022\\\/01\\\/img_0806.jpeg\",\"datePublished\":\"2013-04-29T19:31:00+00:00\",\"dateModified\":\"2022-01-23T19:32:34+00:00\",\"breadcrumb\":{\"@id\":\"https:\\\/\\\/qtmm.org\\\/qt\\\/meclis-reisi-mustafa-cemilev-cehiya-parlamenti-yuqari-palatasinin-senatori-yaromir-stetina-ile-korusti-2\\\/#breadcrumb\"},\"inLanguage\":\"qt\",\"potentialAction\":[{\"@type\":\"ReadAction\",\"target\":[\"https:\\\/\\\/qtmm.org\\\/qt\\\/meclis-reisi-mustafa-cemilev-cehiya-parlamenti-yuqari-palatasinin-senatori-yaromir-stetina-ile-korusti-2\\\/\"]}]},{\"@type\":\"ImageObject\",\"inLanguage\":\"qt\",\"@id\":\"https:\\\/\\\/qtmm.org\\\/qt\\\/meclis-reisi-mustafa-cemilev-cehiya-parlamenti-yuqari-palatasinin-senatori-yaromir-stetina-ile-korusti-2\\\/#primaryimage\",\"url\":\"https:\\\/\\\/qtmm.org\\\/wp-content\\\/uploads\\\/2022\\\/01\\\/img_0806.jpeg\",\"contentUrl\":\"https:\\\/\\\/qtmm.org\\\/wp-content\\\/uploads\\\/2022\\\/01\\\/img_0806.jpeg\",\"width\":650,\"height\":421},{\"@type\":\"BreadcrumbList\",\"@id\":\"https:\\\/\\\/qtmm.org\\\/qt\\\/meclis-reisi-mustafa-cemilev-cehiya-parlamenti-yuqari-palatasinin-senatori-yaromir-stetina-ile-korusti-2\\\/#breadcrumb\",\"itemListElement\":[{\"@type\":\"ListItem\",\"position\":1,\"name\":\"\u0413\u043e\u043b\u043e\u0432\u043d\u0430\",\"item\":\"https:\\\/\\\/qtmm.org\\\/qt\\\/\"},{\"@type\":\"ListItem\",\"position\":2,\"name\":\"Meclis reisi Mustafa Cemilev \u00c7ehiya parlamenti Yuqar\u0131 palatas\u0131n\u0131\u00f1 senator\u0131 Yaromir \u015etetina ile k\u00f6r\u00fc\u015fti\"}]},{\"@type\":\"WebSite\",\"@id\":\"https:\\\/\\\/qtmm.org\\\/qt\\\/#website\",\"url\":\"https:\\\/\\\/qtmm.org\\\/qt\\\/\",\"name\":\"\u041c\u0435\u0434\u0436\u043b\u0456\u0441\",\"description\":\"\",\"publisher\":{\"@id\":\"https:\\\/\\\/qtmm.org\\\/qt\\\/#organization\"},\"potentialAction\":[{\"@type\":\"SearchAction\",\"target\":{\"@type\":\"EntryPoint\",\"urlTemplate\":\"https:\\\/\\\/qtmm.org\\\/qt\\\/?s={search_term_string}\"},\"query-input\":{\"@type\":\"PropertyValueSpecification\",\"valueRequired\":true,\"valueName\":\"search_term_string\"}}],\"inLanguage\":\"qt\"},{\"@type\":\"Organization\",\"@id\":\"https:\\\/\\\/qtmm.org\\\/qt\\\/#organization\",\"name\":\"\u041c\u0435\u0434\u0436\u043b\u0456\u0441\",\"url\":\"https:\\\/\\\/qtmm.org\\\/qt\\\/\",\"logo\":{\"@type\":\"ImageObject\",\"inLanguage\":\"qt\",\"@id\":\"https:\\\/\\\/qtmm.org\\\/qt\\\/#\\\/schema\\\/logo\\\/image\\\/\",\"url\":\"https:\\\/\\\/qtmm.org\\\/wp-content\\\/uploads\\\/2024\\\/12\\\/ua-mejlis-logo-rgb.svg\",\"contentUrl\":\"https:\\\/\\\/qtmm.org\\\/wp-content\\\/uploads\\\/2024\\\/12\\\/ua-mejlis-logo-rgb.svg\",\"caption\":\"\u041c\u0435\u0434\u0436\u043b\u0456\u0441\"},\"image\":{\"@id\":\"https:\\\/\\\/qtmm.org\\\/qt\\\/#\\\/schema\\\/logo\\\/image\\\/\"},\"sameAs\":[\"https:\\\/\\\/www.facebook.com\\\/qtmm.info\\\/\"]},{\"@type\":\"Person\",\"@id\":\"https:\\\/\\\/qtmm.org\\\/qt\\\/#\\\/schema\\\/person\\\/de562469f971dec226ac06e60bbf74a7\",\"name\":\"Developer\",\"image\":{\"@type\":\"ImageObject\",\"inLanguage\":\"qt\",\"@id\":\"https:\\\/\\\/secure.gravatar.com\\\/avatar\\\/392b4cc8fbfeb00b39dfeeab4ee6edded39ffd48e25858637e4765810300227e?s=96&d=mm&r=g\",\"url\":\"https:\\\/\\\/secure.gravatar.com\\\/avatar\\\/392b4cc8fbfeb00b39dfeeab4ee6edded39ffd48e25858637e4765810300227e?s=96&d=mm&r=g\",\"contentUrl\":\"https:\\\/\\\/secure.gravatar.com\\\/avatar\\\/392b4cc8fbfeb00b39dfeeab4ee6edded39ffd48e25858637e4765810300227e?s=96&d=mm&r=g\",\"caption\":\"Developer\"},\"url\":\"https:\\\/\\\/qtmm.org\\\/qt\\\/author\\\/Developer\\\/\"}]}<\/script>\n<!-- \/ Yoast SEO plugin. -->","yoast_head_json":{"title":"Meclis reisi Mustafa Cemilev \u00c7ehiya parlamenti Yuqar\u0131 palatas\u0131n\u0131\u00f1 senator\u0131 Yaromir \u015etetina ile k\u00f6r\u00fc\u015fti - \u041c\u0435\u0434\u0436\u043b\u0456\u0441","robots":{"index":"index","follow":"follow","max-snippet":"max-snippet:-1","max-image-preview":"max-image-preview:large","max-video-preview":"max-video-preview:-1"},"canonical":"https:\/\/qtmm.org\/qt\/meclis-reisi-mustafa-cemilev-cehiya-parlamenti-yuqari-palatasinin-senatori-yaromir-stetina-ile-korusti-2\/","og_locale":"en_US","og_type":"article","og_title":"Meclis reisi Mustafa Cemilev \u00c7ehiya parlamenti Yuqar\u0131 palatas\u0131n\u0131\u00f1 senator\u0131 Yaromir \u015etetina ile k\u00f6r\u00fc\u015fti - \u041c\u0435\u0434\u0436\u043b\u0456\u0441","og_description":"2013 senesi aprel 25 k\u00fcn\u00fc Q\u0131r\u0131mtatar halq\u0131 Meclisini\u00f1 reisi Mustafa Cemilev \u00c7ehiya Parlamentini\u00f1 Senat\u0131nda bulun\u0131p, ke\u00e7mi\u015fte belli jurnalist ve uquqqoruy\u0131c\u0131, bug\u00fcnde ise senator Yaromir \u015etetinanen k\u00f6r\u00fc\u015fti. Senator professional faaliyeti devrinde sab\u0131q sovetler alan\u0131n\u0131\u00f1 cemi &#8220;q\u0131z\u011f\u0131n&#8221; noqtalar\u0131nda old\u0131. Bundan da \u011fayr\u0131 o halqara meseleler, mudafaa ve tel\u00fckesizlik boyunca parlament k\u00f6miyetini\u00f1, bun\u0131\u00f1 kibi de d\u00fcnyada demokratiya\u011fa qoltutuv [&hellip;]","og_url":"https:\/\/qtmm.org\/qt\/meclis-reisi-mustafa-cemilev-cehiya-parlamenti-yuqari-palatasinin-senatori-yaromir-stetina-ile-korusti-2\/","og_site_name":"\u041c\u0435\u0434\u0436\u043b\u0456\u0441","article_publisher":"https:\/\/www.facebook.com\/qtmm.info\/","article_published_time":"2013-04-29T19:31:00+00:00","article_modified_time":"2022-01-23T19:32:34+00:00","og_image":[{"width":650,"height":421,"url":"https:\/\/qtmm.org\/wp-content\/uploads\/2022\/01\/img_0806.jpeg","type":"image\/jpeg"}],"author":"Developer","twitter_card":"summary_large_image","twitter_misc":{"Written by":"Developer","Est. reading time":"2 minutes"},"schema":{"@context":"https:\/\/schema.org","@graph":[{"@type":"Article","@id":"https:\/\/qtmm.org\/qt\/meclis-reisi-mustafa-cemilev-cehiya-parlamenti-yuqari-palatasinin-senatori-yaromir-stetina-ile-korusti-2\/#article","isPartOf":{"@id":"https:\/\/qtmm.org\/qt\/meclis-reisi-mustafa-cemilev-cehiya-parlamenti-yuqari-palatasinin-senatori-yaromir-stetina-ile-korusti-2\/"},"author":{"name":"Developer","@id":"https:\/\/qtmm.org\/qt\/#\/schema\/person\/de562469f971dec226ac06e60bbf74a7"},"headline":"Meclis reisi Mustafa Cemilev \u00c7ehiya parlamenti Yuqar\u0131 palatas\u0131n\u0131\u00f1 senator\u0131 Yaromir \u015etetina ile k\u00f6r\u00fc\u015fti","datePublished":"2013-04-29T19:31:00+00:00","dateModified":"2022-01-23T19:32:34+00:00","mainEntityOfPage":{"@id":"https:\/\/qtmm.org\/qt\/meclis-reisi-mustafa-cemilev-cehiya-parlamenti-yuqari-palatasinin-senatori-yaromir-stetina-ile-korusti-2\/"},"wordCount":345,"commentCount":0,"publisher":{"@id":"https:\/\/qtmm.org\/qt\/#organization"},"image":{"@id":"https:\/\/qtmm.org\/qt\/meclis-reisi-mustafa-cemilev-cehiya-parlamenti-yuqari-palatasinin-senatori-yaromir-stetina-ile-korusti-2\/#primaryimage"},"thumbnailUrl":"https:\/\/qtmm.org\/wp-content\/uploads\/2022\/01\/img_0806.jpeg","articleSection":["Haberler"],"inLanguage":"qt","potentialAction":[{"@type":"CommentAction","name":"Comment","target":["https:\/\/qtmm.org\/qt\/meclis-reisi-mustafa-cemilev-cehiya-parlamenti-yuqari-palatasinin-senatori-yaromir-stetina-ile-korusti-2\/#respond"]}]},{"@type":"WebPage","@id":"https:\/\/qtmm.org\/qt\/meclis-reisi-mustafa-cemilev-cehiya-parlamenti-yuqari-palatasinin-senatori-yaromir-stetina-ile-korusti-2\/","url":"https:\/\/qtmm.org\/qt\/meclis-reisi-mustafa-cemilev-cehiya-parlamenti-yuqari-palatasinin-senatori-yaromir-stetina-ile-korusti-2\/","name":"Meclis reisi Mustafa Cemilev \u00c7ehiya parlamenti Yuqar\u0131 palatas\u0131n\u0131\u00f1 senator\u0131 Yaromir \u015etetina ile k\u00f6r\u00fc\u015fti - \u041c\u0435\u0434\u0436\u043b\u0456\u0441","isPartOf":{"@id":"https:\/\/qtmm.org\/qt\/#website"},"primaryImageOfPage":{"@id":"https:\/\/qtmm.org\/qt\/meclis-reisi-mustafa-cemilev-cehiya-parlamenti-yuqari-palatasinin-senatori-yaromir-stetina-ile-korusti-2\/#primaryimage"},"image":{"@id":"https:\/\/qtmm.org\/qt\/meclis-reisi-mustafa-cemilev-cehiya-parlamenti-yuqari-palatasinin-senatori-yaromir-stetina-ile-korusti-2\/#primaryimage"},"thumbnailUrl":"https:\/\/qtmm.org\/wp-content\/uploads\/2022\/01\/img_0806.jpeg","datePublished":"2013-04-29T19:31:00+00:00","dateModified":"2022-01-23T19:32:34+00:00","breadcrumb":{"@id":"https:\/\/qtmm.org\/qt\/meclis-reisi-mustafa-cemilev-cehiya-parlamenti-yuqari-palatasinin-senatori-yaromir-stetina-ile-korusti-2\/#breadcrumb"},"inLanguage":"qt","potentialAction":[{"@type":"ReadAction","target":["https:\/\/qtmm.org\/qt\/meclis-reisi-mustafa-cemilev-cehiya-parlamenti-yuqari-palatasinin-senatori-yaromir-stetina-ile-korusti-2\/"]}]},{"@type":"ImageObject","inLanguage":"qt","@id":"https:\/\/qtmm.org\/qt\/meclis-reisi-mustafa-cemilev-cehiya-parlamenti-yuqari-palatasinin-senatori-yaromir-stetina-ile-korusti-2\/#primaryimage","url":"https:\/\/qtmm.org\/wp-content\/uploads\/2022\/01\/img_0806.jpeg","contentUrl":"https:\/\/qtmm.org\/wp-content\/uploads\/2022\/01\/img_0806.jpeg","width":650,"height":421},{"@type":"BreadcrumbList","@id":"https:\/\/qtmm.org\/qt\/meclis-reisi-mustafa-cemilev-cehiya-parlamenti-yuqari-palatasinin-senatori-yaromir-stetina-ile-korusti-2\/#breadcrumb","itemListElement":[{"@type":"ListItem","position":1,"name":"\u0413\u043e\u043b\u043e\u0432\u043d\u0430","item":"https:\/\/qtmm.org\/qt\/"},{"@type":"ListItem","position":2,"name":"Meclis reisi Mustafa Cemilev \u00c7ehiya parlamenti Yuqar\u0131 palatas\u0131n\u0131\u00f1 senator\u0131 Yaromir \u015etetina ile k\u00f6r\u00fc\u015fti"}]},{"@type":"WebSite","@id":"https:\/\/qtmm.org\/qt\/#website","url":"https:\/\/qtmm.org\/qt\/","name":"\u041c\u0435\u0434\u0436\u043b\u0456\u0441","description":"","publisher":{"@id":"https:\/\/qtmm.org\/qt\/#organization"},"potentialAction":[{"@type":"SearchAction","target":{"@type":"EntryPoint","urlTemplate":"https:\/\/qtmm.org\/qt\/?s={search_term_string}"},"query-input":{"@type":"PropertyValueSpecification","valueRequired":true,"valueName":"search_term_string"}}],"inLanguage":"qt"},{"@type":"Organization","@id":"https:\/\/qtmm.org\/qt\/#organization","name":"\u041c\u0435\u0434\u0436\u043b\u0456\u0441","url":"https:\/\/qtmm.org\/qt\/","logo":{"@type":"ImageObject","inLanguage":"qt","@id":"https:\/\/qtmm.org\/qt\/#\/schema\/logo\/image\/","url":"https:\/\/qtmm.org\/wp-content\/uploads\/2024\/12\/ua-mejlis-logo-rgb.svg","contentUrl":"https:\/\/qtmm.org\/wp-content\/uploads\/2024\/12\/ua-mejlis-logo-rgb.svg","caption":"\u041c\u0435\u0434\u0436\u043b\u0456\u0441"},"image":{"@id":"https:\/\/qtmm.org\/qt\/#\/schema\/logo\/image\/"},"sameAs":["https:\/\/www.facebook.com\/qtmm.info\/"]},{"@type":"Person","@id":"https:\/\/qtmm.org\/qt\/#\/schema\/person\/de562469f971dec226ac06e60bbf74a7","name":"Developer","image":{"@type":"ImageObject","inLanguage":"qt","@id":"https:\/\/secure.gravatar.com\/avatar\/392b4cc8fbfeb00b39dfeeab4ee6edded39ffd48e25858637e4765810300227e?s=96&d=mm&r=g","url":"https:\/\/secure.gravatar.com\/avatar\/392b4cc8fbfeb00b39dfeeab4ee6edded39ffd48e25858637e4765810300227e?s=96&d=mm&r=g","contentUrl":"https:\/\/secure.gravatar.com\/avatar\/392b4cc8fbfeb00b39dfeeab4ee6edded39ffd48e25858637e4765810300227e?s=96&d=mm&r=g","caption":"Developer"},"url":"https:\/\/qtmm.org\/qt\/author\/Developer\/"}]}},"_links":{"self":[{"href":"https:\/\/qtmm.org\/qt\/wp-json\/wp\/v2\/posts\/36679","targetHints":{"allow":["GET"]}}],"collection":[{"href":"https:\/\/qtmm.org\/qt\/wp-json\/wp\/v2\/posts"}],"about":[{"href":"https:\/\/qtmm.org\/qt\/wp-json\/wp\/v2\/types\/post"}],"author":[{"embeddable":true,"href":"https:\/\/qtmm.org\/qt\/wp-json\/wp\/v2\/users\/1"}],"replies":[{"embeddable":true,"href":"https:\/\/qtmm.org\/qt\/wp-json\/wp\/v2\/comments?post=36679"}],"version-history":[{"count":1,"href":"https:\/\/qtmm.org\/qt\/wp-json\/wp\/v2\/posts\/36679\/revisions"}],"predecessor-version":[{"id":36692,"href":"https:\/\/qtmm.org\/qt\/wp-json\/wp\/v2\/posts\/36679\/revisions\/36692"}],"wp:featuredmedia":[{"embeddable":true,"href":"https:\/\/qtmm.org\/qt\/wp-json\/wp\/v2\/media\/36688"}],"wp:attachment":[{"href":"https:\/\/qtmm.org\/qt\/wp-json\/wp\/v2\/media?parent=36679"}],"wp:term":[{"taxonomy":"category","embeddable":true,"href":"https:\/\/qtmm.org\/qt\/wp-json\/wp\/v2\/categories?post=36679"},{"taxonomy":"post_tag","embeddable":true,"href":"https:\/\/qtmm.org\/qt\/wp-json\/wp\/v2\/tags?post=36679"}],"curies":[{"name":"wp","href":"https:\/\/api.w.org\/{rel}","templated":true}]}}