




{"id":36677,"date":"2013-04-29T22:30:00","date_gmt":"2013-04-29T19:30:00","guid":{"rendered":"http:\/\/qtmm.org\/?p=36677"},"modified":"2022-01-23T22:30:56","modified_gmt":"2022-01-23T19:30:56","slug":"mustafa-cemilev-avropa-birligi-ukraina-icun-telukesizlik-territorial-butunlik-ve-mustaqillik-kefilidir-memleketnin-bugunki-reberlerine-bu-maqsadga-irismek-icun-siyasiy-irade-kerek","status":"publish","type":"post","link":"https:\/\/qtmm.org\/qt\/mustafa-cemilev-avropa-birligi-ukraina-icun-telukesizlik-territorial-butunlik-ve-mustaqillik-kefilidir-memleketnin-bugunki-reberlerine-bu-maqsadga-irismek-icun-siyasiy-irade-kerek\/","title":{"rendered":"Mustafa Cemilev: Avropa Birligi Ukraina i\u00e7\u00fcn tel\u00fckesizlik, territorial b\u00fct\u00fcnlik ve mustaqillik kefilidir. Memleketni\u00f1 bug\u00fcnki reberlerine bu maqsad\u011fa iri\u015fmek i\u00e7\u00fcn siyasiy irade kerek"},"content":{"rendered":"\n<p>Pragada i\u015f ziyaretinen bulun\u011fan Q\u0131r\u0131mtatar halq\u0131 Meclisini\u00f1 reisi Mustafa Cemilev 2013 senesi aprel 25-te &#8220;Praga seyahat\u00e7\u0131lar\u0131 klub\u0131&#8221;nda Praga cemaat\u00e7\u0131l\u0131\u011f\u0131nen k\u00f6r\u00fc\u015fti. K\u00f6r\u00fc\u015f\u00fcvni &#8220;NAV\u00ddCHOD&#8221; (\u015earqqa) mecmuas\u0131n\u0131\u00f1 muarriri \u0130vana Skalova ve &#8220;\u015earq-Avropa programmas\u0131&#8221; Demokratiya inki\u015faf\u0131 ve insan aqlar\u0131n\u0131 qor\u00e7alav merkezini\u00f1 hadimi Aljbeta Hmelarova te\u015fkil\u00e2tland\u0131rd\u0131lar. 2011 senesi &#8220;NAV\u00ddCHOD&#8221; mecmuas\u0131nda &#8220;Q\u0131r\u0131mtatarlar &#8211; Avropan\u0131\u00f1 alelhusus musulmanlar\u0131&#8221; mevzus\u0131nda maqale derc olun\u011fan edi.<\/p>\n\n\n\n<p>Mustafa Cemilev q\u0131r\u0131mtatar halq\u0131n\u0131\u00f1 tarih\u0131, Rusiye ve Sovet imperiyalar\u0131 devrinde on\u0131\u00f1 facial\u0131 taqdiri, Ukrainada q\u0131r\u0131mtatarlarn\u0131\u00f1 bug\u00fcnki vaziyeti, Qurultay-Meclis milliy sistemas\u0131n\u0131\u00f1 faaliyeti, vazifesi ve maqsadlar\u0131 aqq\u0131nda ik\u00e2ye etti. Ayr\u0131ca Halqara forumn\u0131 ke\u00e7ir\u00fcv meselesi de muzakere olund\u0131. Meclis reisi qayd etkenine k\u00f6re, OSCE imayesi alt\u0131nda ke\u00e7irilecek Halqara forum Avropa Birligi devletleri, Kanada ve Amerikan\u0131\u00f1 qoltutuv\u0131n\u0131 qazanabildi. &#8220;Bug\u00fcn er \u015fey Ukraina\u011fa ba\u011fl\u0131, eminim ki o halqara cemaat\u00e7\u0131l\u0131q uzatqan elini tutmaq kerektir&#8221;, &#8211; dey Cemilev.<\/p>\n\n\n\n<p>Meclis ba\u015f\u0131 Mustafa Cemilev Ukrainan\u0131\u00f1 Avropa Birligine qat\u0131luv meselelerine dair, bun\u0131\u00f1 kibi de \u015fu seneni\u00f1 noyabr ay\u0131nda Viln\u00fcste Avropa ortaql\u0131\u011f\u0131 sammitinde Ukraina \u2013Avropa Birligi birle\u015fmesi boyunca a\u00f1la\u015fma husus\u0131nda fikirlerini bildirdi. &#8220;Ukrainada \u00e7ezilmesi zarur ol\u011fan bir \u00e7oq problemlerge, \u015fu c\u00fcmleden q\u0131r\u0131mtatar milliy meselesine de, toqunmadan Viln\u00fcste Avropa ortaql\u0131\u011f\u0131 sammitinde Ukraina \u2013Avropa Birligi birle\u015fmesi boyunca a\u00f1la\u015fman\u0131\u00f1 imzalanmas\u0131 Ukraina ve ukrain halq\u0131 i\u00e7\u00fcn m\u00fcim bir meseledir. Avropa Birligi Ukraina i\u00e7\u00fcn tel\u00fckesizlik, territorial b\u00fct\u00fcnlik ve mustaqillik kefilidir.<\/p>\n\n\n\n<p>Memleketni\u00f1 bug\u00fcnki reberlerine bu maqsad\u011fa iri\u015fmek i\u00e7\u00fcn siyasiy irade kerek&#8221;, &#8211; dedi M. Cemilev.<\/p>\n\n\n\n<p>K\u00f6r\u00fc\u015f\u00fcv i\u015ftirak\u00e7ilerinden biri, alim, tarih\u00e7\u0131 Mihail Lebdu\u015fka Meclis reisi ve on\u0131\u00f1 subetde\u015flerine q\u0131r\u0131mtatarlarnen k\u00f6r\u00fc\u015f\u00fcv teessuratlar\u0131nen payla\u015f\u0131p, daa yaq\u0131nda qor\u00e7alad\u0131\u011f\u0131 &#8220;Bug\u00fcnde-bug\u00fcn q\u0131r\u0131mtatarlar cemiyetinde isl\u00e2mn\u0131\u00f1 rol\u00fc&#8221; mevzus\u0131ndaki ilmiy i\u015fi aqq\u0131nda aytt\u0131. Bun\u0131\u00f1 kibi de, o semetde\u015flerini kommunist rejiminden zarar k\u00f6rgen q\u0131r\u0131mtatarlarn\u0131\u00f1 aqlar\u0131 \u011fayr\u0131dan tiklenilmesine qoltutma\u011fa \u00e7a\u011f\u0131rd\u0131.<\/p>\n\n\n\n<p>Q\u0131r\u0131mtatar miloiy adetleri boyunca \u00f6tkerilgen k\u00f6r\u00fc\u015f\u00fcvni\u00f1 so\u00f1unda Kiyevdeki q\u0131r\u0131mtatar cemiyetini\u00f1 reisi Aslan \u00d6mer Q\u0131r\u0131ml\u0131 ve Qurultay delegat\u0131 Rustem \u00dcmerovn\u0131\u00f1 te\u015febb\u00fcsi ile &#8220;NAV\u00ddCHOD&#8221; mecmuas\u0131n\u0131\u00f1 muarriri \u0130vana Skalovanen mecmuan\u0131\u00f1 q\u0131r\u0131mtatarlarn\u0131\u00f1 meselesine ba\u011f\u0131\u015flan\u011fan mahsus san\u0131n\u0131 az\u0131rlamaq qararla\u015ft\u0131r\u0131ld\u0131.<\/p>\n\n\n\n<p><em><u>Mal\u00fcmat<\/u><\/em>: &#8220;NAV\u00ddCHOD&#8221; mecmuas\u0131 2001 senesi Pragada Karlov universiteti Slav\u00e2n ve \u015farq-avropa tedqiqatlar\u0131 institut\u0131n\u0131\u00f1 be\u015f studenti \u0130vana Sk\u00e1lov\u00e1, Con Krav\u010d\u00edk, Yveta Kenety, Agnes Kindlerov\u00e1 i Radek Novak taraf\u0131ndan meydan\u011fa ketirildi.Ne\u015fir Merkeziy ve \u015earqiy Avropa, Balqanlar, Baltiya, Kavkaz ve Merkeziy Asiya memleketlerini\u00f1 inki\u015faf\u0131na ba\u011f\u0131\u015flana. Mecmuan\u0131\u00f1 ba\u015f maqsad\u0131 yuqar\u0131da qayd etilgen saalar aqq\u0131nda bilgilerni keni\u015fletmek ve k\u00fctleviyle\u015ftirmektir. Mecmua i\u00e7timaiy adiseler, siyaset, medeniyet, tarih, din, urf-adetler, seyahatlar, d\u00fcnya milletini\u00f1 yemekleri, insanlarn\u0131\u00f1 k\u00fcndelik qasevetleri aqq\u0131nda ik\u00e2ye ete.<\/p>\n","protected":false},"excerpt":{"rendered":"<p>Pragada i\u015f ziyaretinen bulun\u011fan Q\u0131r\u0131mtatar halq\u0131 Meclisini\u00f1 reisi Mustafa Cemilev 2013 senesi aprel 25-te &#8220;Praga seyahat\u00e7\u0131lar\u0131 klub\u0131&#8221;nda Praga cemaat\u00e7\u0131l\u0131\u011f\u0131nen k\u00f6r\u00fc\u015fti. K\u00f6r\u00fc\u015f\u00fcvni &#8220;NAV\u00ddCHOD&#8221; (\u015earqqa) mecmuas\u0131n\u0131\u00f1 muarriri \u0130vana Skalova ve &#8220;\u015earq-Avropa programmas\u0131&#8221; Demokratiya inki\u015faf\u0131 ve insan aqlar\u0131n\u0131 qor\u00e7alav merkezini\u00f1 hadimi Aljbeta Hmelarova te\u015fkil\u00e2tland\u0131rd\u0131lar. 2011 senesi &#8220;NAV\u00ddCHOD&#8221; mecmuas\u0131nda &#8220;Q\u0131r\u0131mtatarlar &#8211; Avropan\u0131\u00f1 alelhusus musulmanlar\u0131&#8221; mevzus\u0131nda maqale derc olun\u011fan edi. [&hellip;]<\/p>\n","protected":false},"author":1,"featured_media":0,"comment_status":"open","ping_status":"open","sticky":false,"template":"","format":"standard","meta":{"inline_featured_image":false,"footnotes":""},"categories":[265],"tags":[],"class_list":["post-36677","post","type-post","status-publish","format-standard","hentry","category-haberler"],"acf":[],"yoast_head":"<!-- This site is optimized with the Yoast SEO plugin v27.4 - https:\/\/yoast.com\/product\/yoast-seo-wordpress\/ -->\n<title>Mustafa Cemilev: Avropa Birligi Ukraina i\u00e7\u00fcn tel\u00fckesizlik, territorial b\u00fct\u00fcnlik ve mustaqillik kefilidir. Memleketni\u00f1 bug\u00fcnki reberlerine bu maqsad\u011fa iri\u015fmek i\u00e7\u00fcn siyasiy irade kerek - \u041c\u0435\u0434\u0436\u043b\u0456\u0441<\/title>\n<meta name=\"robots\" content=\"index, follow, max-snippet:-1, max-image-preview:large, max-video-preview:-1\" \/>\n<link rel=\"canonical\" href=\"https:\/\/qtmm.org\/qt\/mustafa-cemilev-avropa-birligi-ukraina-icun-telukesizlik-territorial-butunlik-ve-mustaqillik-kefilidir-memleketnin-bugunki-reberlerine-bu-maqsadga-irismek-icun-siyasiy-irade-kerek\/\" \/>\n<meta property=\"og:locale\" content=\"en_US\" \/>\n<meta property=\"og:type\" content=\"article\" \/>\n<meta property=\"og:title\" content=\"Mustafa Cemilev: Avropa Birligi Ukraina i\u00e7\u00fcn tel\u00fckesizlik, territorial b\u00fct\u00fcnlik ve mustaqillik kefilidir. Memleketni\u00f1 bug\u00fcnki reberlerine bu maqsad\u011fa iri\u015fmek i\u00e7\u00fcn siyasiy irade kerek - \u041c\u0435\u0434\u0436\u043b\u0456\u0441\" \/>\n<meta property=\"og:description\" content=\"Pragada i\u015f ziyaretinen bulun\u011fan Q\u0131r\u0131mtatar halq\u0131 Meclisini\u00f1 reisi Mustafa Cemilev 2013 senesi aprel 25-te &#8220;Praga seyahat\u00e7\u0131lar\u0131 klub\u0131&#8221;nda Praga cemaat\u00e7\u0131l\u0131\u011f\u0131nen k\u00f6r\u00fc\u015fti. K\u00f6r\u00fc\u015f\u00fcvni &#8220;NAV\u00ddCHOD&#8221; (\u015earqqa) mecmuas\u0131n\u0131\u00f1 muarriri \u0130vana Skalova ve &#8220;\u015earq-Avropa programmas\u0131&#8221; Demokratiya inki\u015faf\u0131 ve insan aqlar\u0131n\u0131 qor\u00e7alav merkezini\u00f1 hadimi Aljbeta Hmelarova te\u015fkil\u00e2tland\u0131rd\u0131lar. 2011 senesi &#8220;NAV\u00ddCHOD&#8221; mecmuas\u0131nda &#8220;Q\u0131r\u0131mtatarlar &#8211; Avropan\u0131\u00f1 alelhusus musulmanlar\u0131&#8221; mevzus\u0131nda maqale derc olun\u011fan edi. [&hellip;]\" \/>\n<meta property=\"og:url\" content=\"https:\/\/qtmm.org\/qt\/mustafa-cemilev-avropa-birligi-ukraina-icun-telukesizlik-territorial-butunlik-ve-mustaqillik-kefilidir-memleketnin-bugunki-reberlerine-bu-maqsadga-irismek-icun-siyasiy-irade-kerek\/\" \/>\n<meta property=\"og:site_name\" content=\"\u041c\u0435\u0434\u0436\u043b\u0456\u0441\" \/>\n<meta property=\"article:publisher\" content=\"https:\/\/www.facebook.com\/qtmm.info\/\" \/>\n<meta property=\"article:published_time\" content=\"2013-04-29T19:30:00+00:00\" \/>\n<meta property=\"article:modified_time\" content=\"2022-01-23T19:30:56+00:00\" \/>\n<meta name=\"author\" content=\"Developer\" \/>\n<meta name=\"twitter:card\" content=\"summary_large_image\" \/>\n<meta name=\"twitter:label1\" content=\"Written by\" \/>\n\t<meta name=\"twitter:data1\" content=\"Developer\" \/>\n\t<meta name=\"twitter:label2\" content=\"Est. reading time\" \/>\n\t<meta name=\"twitter:data2\" content=\"3 minutes\" \/>\n<script type=\"application\/ld+json\" class=\"yoast-schema-graph\">{\"@context\":\"https:\\\/\\\/schema.org\",\"@graph\":[{\"@type\":\"Article\",\"@id\":\"https:\\\/\\\/qtmm.org\\\/qt\\\/mustafa-cemilev-avropa-birligi-ukraina-icun-telukesizlik-territorial-butunlik-ve-mustaqillik-kefilidir-memleketnin-bugunki-reberlerine-bu-maqsadga-irismek-icun-siyasiy-irade-kerek\\\/#article\",\"isPartOf\":{\"@id\":\"https:\\\/\\\/qtmm.org\\\/qt\\\/mustafa-cemilev-avropa-birligi-ukraina-icun-telukesizlik-territorial-butunlik-ve-mustaqillik-kefilidir-memleketnin-bugunki-reberlerine-bu-maqsadga-irismek-icun-siyasiy-irade-kerek\\\/\"},\"author\":{\"name\":\"Developer\",\"@id\":\"https:\\\/\\\/qtmm.org\\\/qt\\\/#\\\/schema\\\/person\\\/de562469f971dec226ac06e60bbf74a7\"},\"headline\":\"Mustafa Cemilev: Avropa Birligi Ukraina i\u00e7\u00fcn tel\u00fckesizlik, territorial b\u00fct\u00fcnlik ve mustaqillik kefilidir. Memleketni\u00f1 bug\u00fcnki reberlerine bu maqsad\u011fa iri\u015fmek i\u00e7\u00fcn siyasiy irade kerek\",\"datePublished\":\"2013-04-29T19:30:00+00:00\",\"dateModified\":\"2022-01-23T19:30:56+00:00\",\"mainEntityOfPage\":{\"@id\":\"https:\\\/\\\/qtmm.org\\\/qt\\\/mustafa-cemilev-avropa-birligi-ukraina-icun-telukesizlik-territorial-butunlik-ve-mustaqillik-kefilidir-memleketnin-bugunki-reberlerine-bu-maqsadga-irismek-icun-siyasiy-irade-kerek\\\/\"},\"wordCount\":536,\"commentCount\":0,\"publisher\":{\"@id\":\"https:\\\/\\\/qtmm.org\\\/qt\\\/#organization\"},\"articleSection\":[\"Haberler\"],\"inLanguage\":\"qt\",\"potentialAction\":[{\"@type\":\"CommentAction\",\"name\":\"Comment\",\"target\":[\"https:\\\/\\\/qtmm.org\\\/qt\\\/mustafa-cemilev-avropa-birligi-ukraina-icun-telukesizlik-territorial-butunlik-ve-mustaqillik-kefilidir-memleketnin-bugunki-reberlerine-bu-maqsadga-irismek-icun-siyasiy-irade-kerek\\\/#respond\"]}]},{\"@type\":\"WebPage\",\"@id\":\"https:\\\/\\\/qtmm.org\\\/qt\\\/mustafa-cemilev-avropa-birligi-ukraina-icun-telukesizlik-territorial-butunlik-ve-mustaqillik-kefilidir-memleketnin-bugunki-reberlerine-bu-maqsadga-irismek-icun-siyasiy-irade-kerek\\\/\",\"url\":\"https:\\\/\\\/qtmm.org\\\/qt\\\/mustafa-cemilev-avropa-birligi-ukraina-icun-telukesizlik-territorial-butunlik-ve-mustaqillik-kefilidir-memleketnin-bugunki-reberlerine-bu-maqsadga-irismek-icun-siyasiy-irade-kerek\\\/\",\"name\":\"Mustafa Cemilev: Avropa Birligi Ukraina i\u00e7\u00fcn tel\u00fckesizlik, territorial b\u00fct\u00fcnlik ve mustaqillik kefilidir. Memleketni\u00f1 bug\u00fcnki reberlerine bu maqsad\u011fa iri\u015fmek i\u00e7\u00fcn siyasiy irade kerek - \u041c\u0435\u0434\u0436\u043b\u0456\u0441\",\"isPartOf\":{\"@id\":\"https:\\\/\\\/qtmm.org\\\/qt\\\/#website\"},\"datePublished\":\"2013-04-29T19:30:00+00:00\",\"dateModified\":\"2022-01-23T19:30:56+00:00\",\"breadcrumb\":{\"@id\":\"https:\\\/\\\/qtmm.org\\\/qt\\\/mustafa-cemilev-avropa-birligi-ukraina-icun-telukesizlik-territorial-butunlik-ve-mustaqillik-kefilidir-memleketnin-bugunki-reberlerine-bu-maqsadga-irismek-icun-siyasiy-irade-kerek\\\/#breadcrumb\"},\"inLanguage\":\"qt\",\"potentialAction\":[{\"@type\":\"ReadAction\",\"target\":[\"https:\\\/\\\/qtmm.org\\\/qt\\\/mustafa-cemilev-avropa-birligi-ukraina-icun-telukesizlik-territorial-butunlik-ve-mustaqillik-kefilidir-memleketnin-bugunki-reberlerine-bu-maqsadga-irismek-icun-siyasiy-irade-kerek\\\/\"]}]},{\"@type\":\"BreadcrumbList\",\"@id\":\"https:\\\/\\\/qtmm.org\\\/qt\\\/mustafa-cemilev-avropa-birligi-ukraina-icun-telukesizlik-territorial-butunlik-ve-mustaqillik-kefilidir-memleketnin-bugunki-reberlerine-bu-maqsadga-irismek-icun-siyasiy-irade-kerek\\\/#breadcrumb\",\"itemListElement\":[{\"@type\":\"ListItem\",\"position\":1,\"name\":\"\u0413\u043e\u043b\u043e\u0432\u043d\u0430\",\"item\":\"https:\\\/\\\/qtmm.org\\\/qt\\\/\"},{\"@type\":\"ListItem\",\"position\":2,\"name\":\"Mustafa Cemilev: Avropa Birligi Ukraina i\u00e7\u00fcn tel\u00fckesizlik, territorial b\u00fct\u00fcnlik ve mustaqillik kefilidir. Memleketni\u00f1 bug\u00fcnki reberlerine bu maqsad\u011fa iri\u015fmek i\u00e7\u00fcn siyasiy irade kerek\"}]},{\"@type\":\"WebSite\",\"@id\":\"https:\\\/\\\/qtmm.org\\\/qt\\\/#website\",\"url\":\"https:\\\/\\\/qtmm.org\\\/qt\\\/\",\"name\":\"\u041c\u0435\u0434\u0436\u043b\u0456\u0441\",\"description\":\"\",\"publisher\":{\"@id\":\"https:\\\/\\\/qtmm.org\\\/qt\\\/#organization\"},\"potentialAction\":[{\"@type\":\"SearchAction\",\"target\":{\"@type\":\"EntryPoint\",\"urlTemplate\":\"https:\\\/\\\/qtmm.org\\\/qt\\\/?s={search_term_string}\"},\"query-input\":{\"@type\":\"PropertyValueSpecification\",\"valueRequired\":true,\"valueName\":\"search_term_string\"}}],\"inLanguage\":\"qt\"},{\"@type\":\"Organization\",\"@id\":\"https:\\\/\\\/qtmm.org\\\/qt\\\/#organization\",\"name\":\"\u041c\u0435\u0434\u0436\u043b\u0456\u0441\",\"url\":\"https:\\\/\\\/qtmm.org\\\/qt\\\/\",\"logo\":{\"@type\":\"ImageObject\",\"inLanguage\":\"qt\",\"@id\":\"https:\\\/\\\/qtmm.org\\\/qt\\\/#\\\/schema\\\/logo\\\/image\\\/\",\"url\":\"https:\\\/\\\/qtmm.org\\\/wp-content\\\/uploads\\\/2024\\\/12\\\/ua-mejlis-logo-rgb.svg\",\"contentUrl\":\"https:\\\/\\\/qtmm.org\\\/wp-content\\\/uploads\\\/2024\\\/12\\\/ua-mejlis-logo-rgb.svg\",\"caption\":\"\u041c\u0435\u0434\u0436\u043b\u0456\u0441\"},\"image\":{\"@id\":\"https:\\\/\\\/qtmm.org\\\/qt\\\/#\\\/schema\\\/logo\\\/image\\\/\"},\"sameAs\":[\"https:\\\/\\\/www.facebook.com\\\/qtmm.info\\\/\"]},{\"@type\":\"Person\",\"@id\":\"https:\\\/\\\/qtmm.org\\\/qt\\\/#\\\/schema\\\/person\\\/de562469f971dec226ac06e60bbf74a7\",\"name\":\"Developer\",\"image\":{\"@type\":\"ImageObject\",\"inLanguage\":\"qt\",\"@id\":\"https:\\\/\\\/secure.gravatar.com\\\/avatar\\\/392b4cc8fbfeb00b39dfeeab4ee6edded39ffd48e25858637e4765810300227e?s=96&d=mm&r=g\",\"url\":\"https:\\\/\\\/secure.gravatar.com\\\/avatar\\\/392b4cc8fbfeb00b39dfeeab4ee6edded39ffd48e25858637e4765810300227e?s=96&d=mm&r=g\",\"contentUrl\":\"https:\\\/\\\/secure.gravatar.com\\\/avatar\\\/392b4cc8fbfeb00b39dfeeab4ee6edded39ffd48e25858637e4765810300227e?s=96&d=mm&r=g\",\"caption\":\"Developer\"},\"url\":\"https:\\\/\\\/qtmm.org\\\/qt\\\/author\\\/Developer\\\/\"}]}<\/script>\n<!-- \/ Yoast SEO plugin. -->","yoast_head_json":{"title":"Mustafa Cemilev: Avropa Birligi Ukraina i\u00e7\u00fcn tel\u00fckesizlik, territorial b\u00fct\u00fcnlik ve mustaqillik kefilidir. Memleketni\u00f1 bug\u00fcnki reberlerine bu maqsad\u011fa iri\u015fmek i\u00e7\u00fcn siyasiy irade kerek - \u041c\u0435\u0434\u0436\u043b\u0456\u0441","robots":{"index":"index","follow":"follow","max-snippet":"max-snippet:-1","max-image-preview":"max-image-preview:large","max-video-preview":"max-video-preview:-1"},"canonical":"https:\/\/qtmm.org\/qt\/mustafa-cemilev-avropa-birligi-ukraina-icun-telukesizlik-territorial-butunlik-ve-mustaqillik-kefilidir-memleketnin-bugunki-reberlerine-bu-maqsadga-irismek-icun-siyasiy-irade-kerek\/","og_locale":"en_US","og_type":"article","og_title":"Mustafa Cemilev: Avropa Birligi Ukraina i\u00e7\u00fcn tel\u00fckesizlik, territorial b\u00fct\u00fcnlik ve mustaqillik kefilidir. Memleketni\u00f1 bug\u00fcnki reberlerine bu maqsad\u011fa iri\u015fmek i\u00e7\u00fcn siyasiy irade kerek - \u041c\u0435\u0434\u0436\u043b\u0456\u0441","og_description":"Pragada i\u015f ziyaretinen bulun\u011fan Q\u0131r\u0131mtatar halq\u0131 Meclisini\u00f1 reisi Mustafa Cemilev 2013 senesi aprel 25-te &#8220;Praga seyahat\u00e7\u0131lar\u0131 klub\u0131&#8221;nda Praga cemaat\u00e7\u0131l\u0131\u011f\u0131nen k\u00f6r\u00fc\u015fti. K\u00f6r\u00fc\u015f\u00fcvni &#8220;NAV\u00ddCHOD&#8221; (\u015earqqa) mecmuas\u0131n\u0131\u00f1 muarriri \u0130vana Skalova ve &#8220;\u015earq-Avropa programmas\u0131&#8221; Demokratiya inki\u015faf\u0131 ve insan aqlar\u0131n\u0131 qor\u00e7alav merkezini\u00f1 hadimi Aljbeta Hmelarova te\u015fkil\u00e2tland\u0131rd\u0131lar. 2011 senesi &#8220;NAV\u00ddCHOD&#8221; mecmuas\u0131nda &#8220;Q\u0131r\u0131mtatarlar &#8211; Avropan\u0131\u00f1 alelhusus musulmanlar\u0131&#8221; mevzus\u0131nda maqale derc olun\u011fan edi. [&hellip;]","og_url":"https:\/\/qtmm.org\/qt\/mustafa-cemilev-avropa-birligi-ukraina-icun-telukesizlik-territorial-butunlik-ve-mustaqillik-kefilidir-memleketnin-bugunki-reberlerine-bu-maqsadga-irismek-icun-siyasiy-irade-kerek\/","og_site_name":"\u041c\u0435\u0434\u0436\u043b\u0456\u0441","article_publisher":"https:\/\/www.facebook.com\/qtmm.info\/","article_published_time":"2013-04-29T19:30:00+00:00","article_modified_time":"2022-01-23T19:30:56+00:00","author":"Developer","twitter_card":"summary_large_image","twitter_misc":{"Written by":"Developer","Est. reading time":"3 minutes"},"schema":{"@context":"https:\/\/schema.org","@graph":[{"@type":"Article","@id":"https:\/\/qtmm.org\/qt\/mustafa-cemilev-avropa-birligi-ukraina-icun-telukesizlik-territorial-butunlik-ve-mustaqillik-kefilidir-memleketnin-bugunki-reberlerine-bu-maqsadga-irismek-icun-siyasiy-irade-kerek\/#article","isPartOf":{"@id":"https:\/\/qtmm.org\/qt\/mustafa-cemilev-avropa-birligi-ukraina-icun-telukesizlik-territorial-butunlik-ve-mustaqillik-kefilidir-memleketnin-bugunki-reberlerine-bu-maqsadga-irismek-icun-siyasiy-irade-kerek\/"},"author":{"name":"Developer","@id":"https:\/\/qtmm.org\/qt\/#\/schema\/person\/de562469f971dec226ac06e60bbf74a7"},"headline":"Mustafa Cemilev: Avropa Birligi Ukraina i\u00e7\u00fcn tel\u00fckesizlik, territorial b\u00fct\u00fcnlik ve mustaqillik kefilidir. Memleketni\u00f1 bug\u00fcnki reberlerine bu maqsad\u011fa iri\u015fmek i\u00e7\u00fcn siyasiy irade kerek","datePublished":"2013-04-29T19:30:00+00:00","dateModified":"2022-01-23T19:30:56+00:00","mainEntityOfPage":{"@id":"https:\/\/qtmm.org\/qt\/mustafa-cemilev-avropa-birligi-ukraina-icun-telukesizlik-territorial-butunlik-ve-mustaqillik-kefilidir-memleketnin-bugunki-reberlerine-bu-maqsadga-irismek-icun-siyasiy-irade-kerek\/"},"wordCount":536,"commentCount":0,"publisher":{"@id":"https:\/\/qtmm.org\/qt\/#organization"},"articleSection":["Haberler"],"inLanguage":"qt","potentialAction":[{"@type":"CommentAction","name":"Comment","target":["https:\/\/qtmm.org\/qt\/mustafa-cemilev-avropa-birligi-ukraina-icun-telukesizlik-territorial-butunlik-ve-mustaqillik-kefilidir-memleketnin-bugunki-reberlerine-bu-maqsadga-irismek-icun-siyasiy-irade-kerek\/#respond"]}]},{"@type":"WebPage","@id":"https:\/\/qtmm.org\/qt\/mustafa-cemilev-avropa-birligi-ukraina-icun-telukesizlik-territorial-butunlik-ve-mustaqillik-kefilidir-memleketnin-bugunki-reberlerine-bu-maqsadga-irismek-icun-siyasiy-irade-kerek\/","url":"https:\/\/qtmm.org\/qt\/mustafa-cemilev-avropa-birligi-ukraina-icun-telukesizlik-territorial-butunlik-ve-mustaqillik-kefilidir-memleketnin-bugunki-reberlerine-bu-maqsadga-irismek-icun-siyasiy-irade-kerek\/","name":"Mustafa Cemilev: Avropa Birligi Ukraina i\u00e7\u00fcn tel\u00fckesizlik, territorial b\u00fct\u00fcnlik ve mustaqillik kefilidir. Memleketni\u00f1 bug\u00fcnki reberlerine bu maqsad\u011fa iri\u015fmek i\u00e7\u00fcn siyasiy irade kerek - \u041c\u0435\u0434\u0436\u043b\u0456\u0441","isPartOf":{"@id":"https:\/\/qtmm.org\/qt\/#website"},"datePublished":"2013-04-29T19:30:00+00:00","dateModified":"2022-01-23T19:30:56+00:00","breadcrumb":{"@id":"https:\/\/qtmm.org\/qt\/mustafa-cemilev-avropa-birligi-ukraina-icun-telukesizlik-territorial-butunlik-ve-mustaqillik-kefilidir-memleketnin-bugunki-reberlerine-bu-maqsadga-irismek-icun-siyasiy-irade-kerek\/#breadcrumb"},"inLanguage":"qt","potentialAction":[{"@type":"ReadAction","target":["https:\/\/qtmm.org\/qt\/mustafa-cemilev-avropa-birligi-ukraina-icun-telukesizlik-territorial-butunlik-ve-mustaqillik-kefilidir-memleketnin-bugunki-reberlerine-bu-maqsadga-irismek-icun-siyasiy-irade-kerek\/"]}]},{"@type":"BreadcrumbList","@id":"https:\/\/qtmm.org\/qt\/mustafa-cemilev-avropa-birligi-ukraina-icun-telukesizlik-territorial-butunlik-ve-mustaqillik-kefilidir-memleketnin-bugunki-reberlerine-bu-maqsadga-irismek-icun-siyasiy-irade-kerek\/#breadcrumb","itemListElement":[{"@type":"ListItem","position":1,"name":"\u0413\u043e\u043b\u043e\u0432\u043d\u0430","item":"https:\/\/qtmm.org\/qt\/"},{"@type":"ListItem","position":2,"name":"Mustafa Cemilev: Avropa Birligi Ukraina i\u00e7\u00fcn tel\u00fckesizlik, territorial b\u00fct\u00fcnlik ve mustaqillik kefilidir. Memleketni\u00f1 bug\u00fcnki reberlerine bu maqsad\u011fa iri\u015fmek i\u00e7\u00fcn siyasiy irade kerek"}]},{"@type":"WebSite","@id":"https:\/\/qtmm.org\/qt\/#website","url":"https:\/\/qtmm.org\/qt\/","name":"\u041c\u0435\u0434\u0436\u043b\u0456\u0441","description":"","publisher":{"@id":"https:\/\/qtmm.org\/qt\/#organization"},"potentialAction":[{"@type":"SearchAction","target":{"@type":"EntryPoint","urlTemplate":"https:\/\/qtmm.org\/qt\/?s={search_term_string}"},"query-input":{"@type":"PropertyValueSpecification","valueRequired":true,"valueName":"search_term_string"}}],"inLanguage":"qt"},{"@type":"Organization","@id":"https:\/\/qtmm.org\/qt\/#organization","name":"\u041c\u0435\u0434\u0436\u043b\u0456\u0441","url":"https:\/\/qtmm.org\/qt\/","logo":{"@type":"ImageObject","inLanguage":"qt","@id":"https:\/\/qtmm.org\/qt\/#\/schema\/logo\/image\/","url":"https:\/\/qtmm.org\/wp-content\/uploads\/2024\/12\/ua-mejlis-logo-rgb.svg","contentUrl":"https:\/\/qtmm.org\/wp-content\/uploads\/2024\/12\/ua-mejlis-logo-rgb.svg","caption":"\u041c\u0435\u0434\u0436\u043b\u0456\u0441"},"image":{"@id":"https:\/\/qtmm.org\/qt\/#\/schema\/logo\/image\/"},"sameAs":["https:\/\/www.facebook.com\/qtmm.info\/"]},{"@type":"Person","@id":"https:\/\/qtmm.org\/qt\/#\/schema\/person\/de562469f971dec226ac06e60bbf74a7","name":"Developer","image":{"@type":"ImageObject","inLanguage":"qt","@id":"https:\/\/secure.gravatar.com\/avatar\/392b4cc8fbfeb00b39dfeeab4ee6edded39ffd48e25858637e4765810300227e?s=96&d=mm&r=g","url":"https:\/\/secure.gravatar.com\/avatar\/392b4cc8fbfeb00b39dfeeab4ee6edded39ffd48e25858637e4765810300227e?s=96&d=mm&r=g","contentUrl":"https:\/\/secure.gravatar.com\/avatar\/392b4cc8fbfeb00b39dfeeab4ee6edded39ffd48e25858637e4765810300227e?s=96&d=mm&r=g","caption":"Developer"},"url":"https:\/\/qtmm.org\/qt\/author\/Developer\/"}]}},"_links":{"self":[{"href":"https:\/\/qtmm.org\/qt\/wp-json\/wp\/v2\/posts\/36677","targetHints":{"allow":["GET"]}}],"collection":[{"href":"https:\/\/qtmm.org\/qt\/wp-json\/wp\/v2\/posts"}],"about":[{"href":"https:\/\/qtmm.org\/qt\/wp-json\/wp\/v2\/types\/post"}],"author":[{"embeddable":true,"href":"https:\/\/qtmm.org\/qt\/wp-json\/wp\/v2\/users\/1"}],"replies":[{"embeddable":true,"href":"https:\/\/qtmm.org\/qt\/wp-json\/wp\/v2\/comments?post=36677"}],"version-history":[{"count":1,"href":"https:\/\/qtmm.org\/qt\/wp-json\/wp\/v2\/posts\/36677\/revisions"}],"predecessor-version":[{"id":36678,"href":"https:\/\/qtmm.org\/qt\/wp-json\/wp\/v2\/posts\/36677\/revisions\/36678"}],"wp:attachment":[{"href":"https:\/\/qtmm.org\/qt\/wp-json\/wp\/v2\/media?parent=36677"}],"wp:term":[{"taxonomy":"category","embeddable":true,"href":"https:\/\/qtmm.org\/qt\/wp-json\/wp\/v2\/categories?post=36677"},{"taxonomy":"post_tag","embeddable":true,"href":"https:\/\/qtmm.org\/qt\/wp-json\/wp\/v2\/tags?post=36677"}],"curies":[{"name":"wp","href":"https:\/\/api.w.org\/{rel}","templated":true}]}}