




{"id":36659,"date":"2013-04-28T22:28:00","date_gmt":"2013-04-28T19:28:00","guid":{"rendered":"http:\/\/qtmm.org\/?p=36659"},"modified":"2022-01-23T22:30:19","modified_gmt":"2022-01-23T19:30:19","slug":"mustafa-cemilev-pragada-svoboda-azatliq-radiosinin-ofisini-ziyaret-etti","status":"publish","type":"post","link":"https:\/\/qtmm.org\/qt\/mustafa-cemilev-pragada-svoboda-azatliq-radiosinin-ofisini-ziyaret-etti\/","title":{"rendered":"Mustafa Cemilev Pragada \u00abSvoboda\u00bb (Azatl\u0131q) radios\u0131n\u0131\u00f1 ofisini ziyaret etti"},"content":{"rendered":"\n<p>Aprel 24 k\u00fcn\u00fc Meclis reisi Mustafa Cemilev Pragada bulun\u011fan\u0131n\u0131\u00f1 ilk k\u00fcn\u00fc&#8221;Svoboda&#8221; radios\u0131n\u0131\u00f1 ofisini ziyaret etip, ukrain muarririyetini\u00f1 direktor\u0131 Mihail Mihalisko ile k\u00f6r\u00fc\u015fti.<\/p>\n\n\n\n<p>Meclis reisine bu ziyarette Meclis t\u0131\u015fq\u0131 al\u00e2qalar b\u00f6l\u00fcgini\u00f1 ba\u015f\u0131 Ali Hamzin refaqatl\u0131q yapt\u0131. &#8220;Azatl\u0131q&#8221; radios\u0131 ukrain muarririyeti direktor\u0131nen k\u00f6r\u00fc\u015f\u00fcv vaqt\u0131nda taraflar Ukrainan\u0131\u00f1 bug\u00fcnki siyasiy vaziyetini muzakere etip, bun\u0131\u00f1 Ukraina ve Avropa Birligi aras\u0131nda a\u00f1la\u015fma imzalanmas\u0131na mania olaca\u011f\u0131 da qayd olund\u0131.<\/p>\n\n\n\n<p>Q\u0131r\u0131mda Kiyevden destek al\u0131p areketler yapqan &#8220;Mogil\u00f6v tatarlar\u0131&#8221; fesat\u00e7\u0131l\u0131q faaliyeti ukrain muarririyeti hadimlerini \u011fayet taac\u00fcplendirdi. Subetde\u015fler qayd ettiler ki, Prezident yan\u0131nda a\u015f\u0131q-acele canland\u0131r\u0131l\u011fan Q\u0131r\u0131mtatar halq\u0131 vekillerini\u00f1 ke\u00f1e\u015fi Qurultay-Meclisni yoq etmek i\u00e7\u00fcn qullan\u0131la.<\/p>\n\n\n\n<figure class=\"wp-block-image size-full\"><img loading=\"lazy\" decoding=\"async\" width=\"650\" height=\"350\" src=\"http:\/\/qtmm.org\/wp-content\/uploads\/2022\/01\/radio_svobodi_3.jpeg\" alt=\"\" class=\"wp-image-36664\" srcset=\"https:\/\/qtmm.org\/wp-content\/uploads\/2022\/01\/radio_svobodi_3.jpeg 650w, https:\/\/qtmm.org\/wp-content\/uploads\/2022\/01\/radio_svobodi_3-300x162.jpeg 300w\" sizes=\"auto, (max-width: 650px) 100vw, 650px\" \/><\/figure>\n\n\n\n<p>Meclis reisi Mustafa Cemilev radion\u0131\u00f1 \u00e7e\u015fit milliy muarririyetlerinen de k\u00f6r\u00fc\u015fip, intervy\u00fclar berdi. Ukrain muarririyetinden Natalya \u00c7urikova, rus h\u0131zmetinden Aleksandra Vagner, tatar-ba\u015fq\u0131rt h\u0131zmetinden Alsu Kurmaliyeva, azerbaycan h\u0131zmetinden Rav\u015fan Gambarov ve \u015fimaliy kavkaz muarririyetinden Aslan Doukayev ondan intervy\u00fc ald\u0131lar.<\/p>\n\n\n\n<p>Radion\u0131\u00f1 deyerlik b\u00fct\u00fcn muarririyetleri Avropa cemiyetine qat\u0131lmaq yolunda tur\u011fan Ukrainada, c\u00fcmleden Q\u0131r\u0131mda q\u0131r\u0131mtatarlar\u011fa nisbeten b\u00f6yle menfiy munasebet k\u00f6sterilgenini teess\u00fcf ile tilge ald\u0131lar. Jurnalistlerni\u00f1 qayd etkenine k\u00f6re, bu ke\u00e7mi\u015fte Yugoslaviyada ol\u011fan adiselerni hat\u0131rlata, albu ki Ukrainada bun\u0131 qatiyen yasaqlamaq zarur.<\/p>\n\n\n\n<figure class=\"wp-block-image size-full\"><img loading=\"lazy\" decoding=\"async\" width=\"650\" height=\"400\" src=\"http:\/\/qtmm.org\/wp-content\/uploads\/2022\/01\/radio_svobodi_4.jpeg\" alt=\"\" class=\"wp-image-36668\" srcset=\"https:\/\/qtmm.org\/wp-content\/uploads\/2022\/01\/radio_svobodi_4.jpeg 650w, https:\/\/qtmm.org\/wp-content\/uploads\/2022\/01\/radio_svobodi_4-300x185.jpeg 300w\" sizes=\"auto, (max-width: 650px) 100vw, 650px\" \/><\/figure>\n\n\n\n<p>Mustafa Cemilev Q\u0131r\u0131mtatar halq\u0131 Meclisini\u00f1 ad\u0131ndan radio hadimlerine Q\u0131r\u0131mda q\u0131r\u0131mtatarlarn\u0131\u00f1 vaziyetini a\u00e7\u0131qtan-a\u00e7\u0131q k\u00f6stergenleri ve halqara cemaat\u00e7\u0131l\u0131qqa do\u011fru mal\u00fcmatlarn\u0131 yetkizgenleri i\u00e7\u00fcn te\u015fekk\u00fcr bildirdi.<\/p>\n\n\n\n<figure class=\"wp-block-image size-full\"><img loading=\"lazy\" decoding=\"async\" width=\"650\" height=\"428\" src=\"http:\/\/qtmm.org\/wp-content\/uploads\/2022\/01\/radio_svobodi_1.jpeg\" alt=\"\" class=\"wp-image-36672\" srcset=\"https:\/\/qtmm.org\/wp-content\/uploads\/2022\/01\/radio_svobodi_1.jpeg 650w, https:\/\/qtmm.org\/wp-content\/uploads\/2022\/01\/radio_svobodi_1-300x198.jpeg 300w\" sizes=\"auto, (max-width: 650px) 100vw, 650px\" \/><\/figure>\n","protected":false},"excerpt":{"rendered":"<p>Aprel 24 k\u00fcn\u00fc Meclis reisi Mustafa Cemilev Pragada bulun\u011fan\u0131n\u0131\u00f1 ilk k\u00fcn\u00fc&#8221;Svoboda&#8221; radios\u0131n\u0131\u00f1 ofisini ziyaret etip, ukrain muarririyetini\u00f1 direktor\u0131 Mihail Mihalisko ile k\u00f6r\u00fc\u015fti. Meclis reisine bu ziyarette Meclis t\u0131\u015fq\u0131 al\u00e2qalar b\u00f6l\u00fcgini\u00f1 ba\u015f\u0131 Ali Hamzin refaqatl\u0131q yapt\u0131. &#8220;Azatl\u0131q&#8221; radios\u0131 ukrain muarririyeti direktor\u0131nen k\u00f6r\u00fc\u015f\u00fcv vaqt\u0131nda taraflar Ukrainan\u0131\u00f1 bug\u00fcnki siyasiy vaziyetini muzakere etip, bun\u0131\u00f1 Ukraina ve Avropa Birligi aras\u0131nda [&hellip;]<\/p>\n","protected":false},"author":1,"featured_media":36660,"comment_status":"open","ping_status":"open","sticky":false,"template":"","format":"standard","meta":{"inline_featured_image":false,"footnotes":""},"categories":[265],"tags":[],"class_list":["post-36659","post","type-post","status-publish","format-standard","has-post-thumbnail","hentry","category-haberler"],"acf":[],"yoast_head":"<!-- This site is optimized with the Yoast SEO plugin v27.4 - https:\/\/yoast.com\/product\/yoast-seo-wordpress\/ -->\n<title>Mustafa Cemilev Pragada \u00abSvoboda\u00bb (Azatl\u0131q) radios\u0131n\u0131\u00f1 ofisini ziyaret etti - \u041c\u0435\u0434\u0436\u043b\u0456\u0441<\/title>\n<meta name=\"robots\" content=\"index, follow, max-snippet:-1, max-image-preview:large, max-video-preview:-1\" \/>\n<link rel=\"canonical\" href=\"https:\/\/qtmm.org\/qt\/mustafa-cemilev-pragada-svoboda-azatliq-radiosinin-ofisini-ziyaret-etti\/\" \/>\n<meta property=\"og:locale\" content=\"en_US\" \/>\n<meta property=\"og:type\" content=\"article\" \/>\n<meta property=\"og:title\" content=\"Mustafa Cemilev Pragada \u00abSvoboda\u00bb (Azatl\u0131q) radios\u0131n\u0131\u00f1 ofisini ziyaret etti - \u041c\u0435\u0434\u0436\u043b\u0456\u0441\" \/>\n<meta property=\"og:description\" content=\"Aprel 24 k\u00fcn\u00fc Meclis reisi Mustafa Cemilev Pragada bulun\u011fan\u0131n\u0131\u00f1 ilk k\u00fcn\u00fc&#8221;Svoboda&#8221; radios\u0131n\u0131\u00f1 ofisini ziyaret etip, ukrain muarririyetini\u00f1 direktor\u0131 Mihail Mihalisko ile k\u00f6r\u00fc\u015fti. Meclis reisine bu ziyarette Meclis t\u0131\u015fq\u0131 al\u00e2qalar b\u00f6l\u00fcgini\u00f1 ba\u015f\u0131 Ali Hamzin refaqatl\u0131q yapt\u0131. &#8220;Azatl\u0131q&#8221; radios\u0131 ukrain muarririyeti direktor\u0131nen k\u00f6r\u00fc\u015f\u00fcv vaqt\u0131nda taraflar Ukrainan\u0131\u00f1 bug\u00fcnki siyasiy vaziyetini muzakere etip, bun\u0131\u00f1 Ukraina ve Avropa Birligi aras\u0131nda [&hellip;]\" \/>\n<meta property=\"og:url\" content=\"https:\/\/qtmm.org\/qt\/mustafa-cemilev-pragada-svoboda-azatliq-radiosinin-ofisini-ziyaret-etti\/\" \/>\n<meta property=\"og:site_name\" content=\"\u041c\u0435\u0434\u0436\u043b\u0456\u0441\" \/>\n<meta property=\"article:publisher\" content=\"https:\/\/www.facebook.com\/qtmm.info\/\" \/>\n<meta property=\"article:published_time\" content=\"2013-04-28T19:28:00+00:00\" \/>\n<meta property=\"article:modified_time\" content=\"2022-01-23T19:30:19+00:00\" \/>\n<meta property=\"og:image\" content=\"https:\/\/qtmm.org\/wp-content\/uploads\/2022\/01\/radio_svobodi_6.jpeg\" \/>\n\t<meta property=\"og:image:width\" content=\"650\" \/>\n\t<meta property=\"og:image:height\" content=\"415\" \/>\n\t<meta property=\"og:image:type\" content=\"image\/jpeg\" \/>\n<meta name=\"author\" content=\"Developer\" \/>\n<meta name=\"twitter:card\" content=\"summary_large_image\" \/>\n<meta name=\"twitter:label1\" content=\"Written by\" \/>\n\t<meta name=\"twitter:data1\" content=\"Developer\" \/>\n\t<meta name=\"twitter:label2\" content=\"Est. reading time\" \/>\n\t<meta name=\"twitter:data2\" content=\"1 minute\" \/>\n<script type=\"application\/ld+json\" class=\"yoast-schema-graph\">{\"@context\":\"https:\\\/\\\/schema.org\",\"@graph\":[{\"@type\":\"Article\",\"@id\":\"https:\\\/\\\/qtmm.org\\\/qt\\\/mustafa-cemilev-pragada-svoboda-azatliq-radiosinin-ofisini-ziyaret-etti\\\/#article\",\"isPartOf\":{\"@id\":\"https:\\\/\\\/qtmm.org\\\/qt\\\/mustafa-cemilev-pragada-svoboda-azatliq-radiosinin-ofisini-ziyaret-etti\\\/\"},\"author\":{\"name\":\"Developer\",\"@id\":\"https:\\\/\\\/qtmm.org\\\/qt\\\/#\\\/schema\\\/person\\\/de562469f971dec226ac06e60bbf74a7\"},\"headline\":\"Mustafa Cemilev Pragada \u00abSvoboda\u00bb (Azatl\u0131q) radios\u0131n\u0131\u00f1 ofisini ziyaret etti\",\"datePublished\":\"2013-04-28T19:28:00+00:00\",\"dateModified\":\"2022-01-23T19:30:19+00:00\",\"mainEntityOfPage\":{\"@id\":\"https:\\\/\\\/qtmm.org\\\/qt\\\/mustafa-cemilev-pragada-svoboda-azatliq-radiosinin-ofisini-ziyaret-etti\\\/\"},\"wordCount\":291,\"commentCount\":0,\"publisher\":{\"@id\":\"https:\\\/\\\/qtmm.org\\\/qt\\\/#organization\"},\"image\":{\"@id\":\"https:\\\/\\\/qtmm.org\\\/qt\\\/mustafa-cemilev-pragada-svoboda-azatliq-radiosinin-ofisini-ziyaret-etti\\\/#primaryimage\"},\"thumbnailUrl\":\"https:\\\/\\\/qtmm.org\\\/wp-content\\\/uploads\\\/2022\\\/01\\\/radio_svobodi_6.jpeg\",\"articleSection\":[\"Haberler\"],\"inLanguage\":\"qt\",\"potentialAction\":[{\"@type\":\"CommentAction\",\"name\":\"Comment\",\"target\":[\"https:\\\/\\\/qtmm.org\\\/qt\\\/mustafa-cemilev-pragada-svoboda-azatliq-radiosinin-ofisini-ziyaret-etti\\\/#respond\"]}]},{\"@type\":\"WebPage\",\"@id\":\"https:\\\/\\\/qtmm.org\\\/qt\\\/mustafa-cemilev-pragada-svoboda-azatliq-radiosinin-ofisini-ziyaret-etti\\\/\",\"url\":\"https:\\\/\\\/qtmm.org\\\/qt\\\/mustafa-cemilev-pragada-svoboda-azatliq-radiosinin-ofisini-ziyaret-etti\\\/\",\"name\":\"Mustafa Cemilev Pragada \u00abSvoboda\u00bb (Azatl\u0131q) radios\u0131n\u0131\u00f1 ofisini ziyaret etti - \u041c\u0435\u0434\u0436\u043b\u0456\u0441\",\"isPartOf\":{\"@id\":\"https:\\\/\\\/qtmm.org\\\/qt\\\/#website\"},\"primaryImageOfPage\":{\"@id\":\"https:\\\/\\\/qtmm.org\\\/qt\\\/mustafa-cemilev-pragada-svoboda-azatliq-radiosinin-ofisini-ziyaret-etti\\\/#primaryimage\"},\"image\":{\"@id\":\"https:\\\/\\\/qtmm.org\\\/qt\\\/mustafa-cemilev-pragada-svoboda-azatliq-radiosinin-ofisini-ziyaret-etti\\\/#primaryimage\"},\"thumbnailUrl\":\"https:\\\/\\\/qtmm.org\\\/wp-content\\\/uploads\\\/2022\\\/01\\\/radio_svobodi_6.jpeg\",\"datePublished\":\"2013-04-28T19:28:00+00:00\",\"dateModified\":\"2022-01-23T19:30:19+00:00\",\"breadcrumb\":{\"@id\":\"https:\\\/\\\/qtmm.org\\\/qt\\\/mustafa-cemilev-pragada-svoboda-azatliq-radiosinin-ofisini-ziyaret-etti\\\/#breadcrumb\"},\"inLanguage\":\"qt\",\"potentialAction\":[{\"@type\":\"ReadAction\",\"target\":[\"https:\\\/\\\/qtmm.org\\\/qt\\\/mustafa-cemilev-pragada-svoboda-azatliq-radiosinin-ofisini-ziyaret-etti\\\/\"]}]},{\"@type\":\"ImageObject\",\"inLanguage\":\"qt\",\"@id\":\"https:\\\/\\\/qtmm.org\\\/qt\\\/mustafa-cemilev-pragada-svoboda-azatliq-radiosinin-ofisini-ziyaret-etti\\\/#primaryimage\",\"url\":\"https:\\\/\\\/qtmm.org\\\/wp-content\\\/uploads\\\/2022\\\/01\\\/radio_svobodi_6.jpeg\",\"contentUrl\":\"https:\\\/\\\/qtmm.org\\\/wp-content\\\/uploads\\\/2022\\\/01\\\/radio_svobodi_6.jpeg\",\"width\":650,\"height\":415},{\"@type\":\"BreadcrumbList\",\"@id\":\"https:\\\/\\\/qtmm.org\\\/qt\\\/mustafa-cemilev-pragada-svoboda-azatliq-radiosinin-ofisini-ziyaret-etti\\\/#breadcrumb\",\"itemListElement\":[{\"@type\":\"ListItem\",\"position\":1,\"name\":\"\u0413\u043e\u043b\u043e\u0432\u043d\u0430\",\"item\":\"https:\\\/\\\/qtmm.org\\\/qt\\\/\"},{\"@type\":\"ListItem\",\"position\":2,\"name\":\"Mustafa Cemilev Pragada \u00abSvoboda\u00bb (Azatl\u0131q) radios\u0131n\u0131\u00f1 ofisini ziyaret etti\"}]},{\"@type\":\"WebSite\",\"@id\":\"https:\\\/\\\/qtmm.org\\\/qt\\\/#website\",\"url\":\"https:\\\/\\\/qtmm.org\\\/qt\\\/\",\"name\":\"\u041c\u0435\u0434\u0436\u043b\u0456\u0441\",\"description\":\"\",\"publisher\":{\"@id\":\"https:\\\/\\\/qtmm.org\\\/qt\\\/#organization\"},\"potentialAction\":[{\"@type\":\"SearchAction\",\"target\":{\"@type\":\"EntryPoint\",\"urlTemplate\":\"https:\\\/\\\/qtmm.org\\\/qt\\\/?s={search_term_string}\"},\"query-input\":{\"@type\":\"PropertyValueSpecification\",\"valueRequired\":true,\"valueName\":\"search_term_string\"}}],\"inLanguage\":\"qt\"},{\"@type\":\"Organization\",\"@id\":\"https:\\\/\\\/qtmm.org\\\/qt\\\/#organization\",\"name\":\"\u041c\u0435\u0434\u0436\u043b\u0456\u0441\",\"url\":\"https:\\\/\\\/qtmm.org\\\/qt\\\/\",\"logo\":{\"@type\":\"ImageObject\",\"inLanguage\":\"qt\",\"@id\":\"https:\\\/\\\/qtmm.org\\\/qt\\\/#\\\/schema\\\/logo\\\/image\\\/\",\"url\":\"https:\\\/\\\/qtmm.org\\\/wp-content\\\/uploads\\\/2024\\\/12\\\/ua-mejlis-logo-rgb.svg\",\"contentUrl\":\"https:\\\/\\\/qtmm.org\\\/wp-content\\\/uploads\\\/2024\\\/12\\\/ua-mejlis-logo-rgb.svg\",\"caption\":\"\u041c\u0435\u0434\u0436\u043b\u0456\u0441\"},\"image\":{\"@id\":\"https:\\\/\\\/qtmm.org\\\/qt\\\/#\\\/schema\\\/logo\\\/image\\\/\"},\"sameAs\":[\"https:\\\/\\\/www.facebook.com\\\/qtmm.info\\\/\"]},{\"@type\":\"Person\",\"@id\":\"https:\\\/\\\/qtmm.org\\\/qt\\\/#\\\/schema\\\/person\\\/de562469f971dec226ac06e60bbf74a7\",\"name\":\"Developer\",\"image\":{\"@type\":\"ImageObject\",\"inLanguage\":\"qt\",\"@id\":\"https:\\\/\\\/secure.gravatar.com\\\/avatar\\\/392b4cc8fbfeb00b39dfeeab4ee6edded39ffd48e25858637e4765810300227e?s=96&d=mm&r=g\",\"url\":\"https:\\\/\\\/secure.gravatar.com\\\/avatar\\\/392b4cc8fbfeb00b39dfeeab4ee6edded39ffd48e25858637e4765810300227e?s=96&d=mm&r=g\",\"contentUrl\":\"https:\\\/\\\/secure.gravatar.com\\\/avatar\\\/392b4cc8fbfeb00b39dfeeab4ee6edded39ffd48e25858637e4765810300227e?s=96&d=mm&r=g\",\"caption\":\"Developer\"},\"url\":\"https:\\\/\\\/qtmm.org\\\/qt\\\/author\\\/Developer\\\/\"}]}<\/script>\n<!-- \/ Yoast SEO plugin. -->","yoast_head_json":{"title":"Mustafa Cemilev Pragada \u00abSvoboda\u00bb (Azatl\u0131q) radios\u0131n\u0131\u00f1 ofisini ziyaret etti - \u041c\u0435\u0434\u0436\u043b\u0456\u0441","robots":{"index":"index","follow":"follow","max-snippet":"max-snippet:-1","max-image-preview":"max-image-preview:large","max-video-preview":"max-video-preview:-1"},"canonical":"https:\/\/qtmm.org\/qt\/mustafa-cemilev-pragada-svoboda-azatliq-radiosinin-ofisini-ziyaret-etti\/","og_locale":"en_US","og_type":"article","og_title":"Mustafa Cemilev Pragada \u00abSvoboda\u00bb (Azatl\u0131q) radios\u0131n\u0131\u00f1 ofisini ziyaret etti - \u041c\u0435\u0434\u0436\u043b\u0456\u0441","og_description":"Aprel 24 k\u00fcn\u00fc Meclis reisi Mustafa Cemilev Pragada bulun\u011fan\u0131n\u0131\u00f1 ilk k\u00fcn\u00fc&#8221;Svoboda&#8221; radios\u0131n\u0131\u00f1 ofisini ziyaret etip, ukrain muarririyetini\u00f1 direktor\u0131 Mihail Mihalisko ile k\u00f6r\u00fc\u015fti. Meclis reisine bu ziyarette Meclis t\u0131\u015fq\u0131 al\u00e2qalar b\u00f6l\u00fcgini\u00f1 ba\u015f\u0131 Ali Hamzin refaqatl\u0131q yapt\u0131. &#8220;Azatl\u0131q&#8221; radios\u0131 ukrain muarririyeti direktor\u0131nen k\u00f6r\u00fc\u015f\u00fcv vaqt\u0131nda taraflar Ukrainan\u0131\u00f1 bug\u00fcnki siyasiy vaziyetini muzakere etip, bun\u0131\u00f1 Ukraina ve Avropa Birligi aras\u0131nda [&hellip;]","og_url":"https:\/\/qtmm.org\/qt\/mustafa-cemilev-pragada-svoboda-azatliq-radiosinin-ofisini-ziyaret-etti\/","og_site_name":"\u041c\u0435\u0434\u0436\u043b\u0456\u0441","article_publisher":"https:\/\/www.facebook.com\/qtmm.info\/","article_published_time":"2013-04-28T19:28:00+00:00","article_modified_time":"2022-01-23T19:30:19+00:00","og_image":[{"width":650,"height":415,"url":"https:\/\/qtmm.org\/wp-content\/uploads\/2022\/01\/radio_svobodi_6.jpeg","type":"image\/jpeg"}],"author":"Developer","twitter_card":"summary_large_image","twitter_misc":{"Written by":"Developer","Est. reading time":"1 minute"},"schema":{"@context":"https:\/\/schema.org","@graph":[{"@type":"Article","@id":"https:\/\/qtmm.org\/qt\/mustafa-cemilev-pragada-svoboda-azatliq-radiosinin-ofisini-ziyaret-etti\/#article","isPartOf":{"@id":"https:\/\/qtmm.org\/qt\/mustafa-cemilev-pragada-svoboda-azatliq-radiosinin-ofisini-ziyaret-etti\/"},"author":{"name":"Developer","@id":"https:\/\/qtmm.org\/qt\/#\/schema\/person\/de562469f971dec226ac06e60bbf74a7"},"headline":"Mustafa Cemilev Pragada \u00abSvoboda\u00bb (Azatl\u0131q) radios\u0131n\u0131\u00f1 ofisini ziyaret etti","datePublished":"2013-04-28T19:28:00+00:00","dateModified":"2022-01-23T19:30:19+00:00","mainEntityOfPage":{"@id":"https:\/\/qtmm.org\/qt\/mustafa-cemilev-pragada-svoboda-azatliq-radiosinin-ofisini-ziyaret-etti\/"},"wordCount":291,"commentCount":0,"publisher":{"@id":"https:\/\/qtmm.org\/qt\/#organization"},"image":{"@id":"https:\/\/qtmm.org\/qt\/mustafa-cemilev-pragada-svoboda-azatliq-radiosinin-ofisini-ziyaret-etti\/#primaryimage"},"thumbnailUrl":"https:\/\/qtmm.org\/wp-content\/uploads\/2022\/01\/radio_svobodi_6.jpeg","articleSection":["Haberler"],"inLanguage":"qt","potentialAction":[{"@type":"CommentAction","name":"Comment","target":["https:\/\/qtmm.org\/qt\/mustafa-cemilev-pragada-svoboda-azatliq-radiosinin-ofisini-ziyaret-etti\/#respond"]}]},{"@type":"WebPage","@id":"https:\/\/qtmm.org\/qt\/mustafa-cemilev-pragada-svoboda-azatliq-radiosinin-ofisini-ziyaret-etti\/","url":"https:\/\/qtmm.org\/qt\/mustafa-cemilev-pragada-svoboda-azatliq-radiosinin-ofisini-ziyaret-etti\/","name":"Mustafa Cemilev Pragada \u00abSvoboda\u00bb (Azatl\u0131q) radios\u0131n\u0131\u00f1 ofisini ziyaret etti - \u041c\u0435\u0434\u0436\u043b\u0456\u0441","isPartOf":{"@id":"https:\/\/qtmm.org\/qt\/#website"},"primaryImageOfPage":{"@id":"https:\/\/qtmm.org\/qt\/mustafa-cemilev-pragada-svoboda-azatliq-radiosinin-ofisini-ziyaret-etti\/#primaryimage"},"image":{"@id":"https:\/\/qtmm.org\/qt\/mustafa-cemilev-pragada-svoboda-azatliq-radiosinin-ofisini-ziyaret-etti\/#primaryimage"},"thumbnailUrl":"https:\/\/qtmm.org\/wp-content\/uploads\/2022\/01\/radio_svobodi_6.jpeg","datePublished":"2013-04-28T19:28:00+00:00","dateModified":"2022-01-23T19:30:19+00:00","breadcrumb":{"@id":"https:\/\/qtmm.org\/qt\/mustafa-cemilev-pragada-svoboda-azatliq-radiosinin-ofisini-ziyaret-etti\/#breadcrumb"},"inLanguage":"qt","potentialAction":[{"@type":"ReadAction","target":["https:\/\/qtmm.org\/qt\/mustafa-cemilev-pragada-svoboda-azatliq-radiosinin-ofisini-ziyaret-etti\/"]}]},{"@type":"ImageObject","inLanguage":"qt","@id":"https:\/\/qtmm.org\/qt\/mustafa-cemilev-pragada-svoboda-azatliq-radiosinin-ofisini-ziyaret-etti\/#primaryimage","url":"https:\/\/qtmm.org\/wp-content\/uploads\/2022\/01\/radio_svobodi_6.jpeg","contentUrl":"https:\/\/qtmm.org\/wp-content\/uploads\/2022\/01\/radio_svobodi_6.jpeg","width":650,"height":415},{"@type":"BreadcrumbList","@id":"https:\/\/qtmm.org\/qt\/mustafa-cemilev-pragada-svoboda-azatliq-radiosinin-ofisini-ziyaret-etti\/#breadcrumb","itemListElement":[{"@type":"ListItem","position":1,"name":"\u0413\u043e\u043b\u043e\u0432\u043d\u0430","item":"https:\/\/qtmm.org\/qt\/"},{"@type":"ListItem","position":2,"name":"Mustafa Cemilev Pragada \u00abSvoboda\u00bb (Azatl\u0131q) radios\u0131n\u0131\u00f1 ofisini ziyaret etti"}]},{"@type":"WebSite","@id":"https:\/\/qtmm.org\/qt\/#website","url":"https:\/\/qtmm.org\/qt\/","name":"\u041c\u0435\u0434\u0436\u043b\u0456\u0441","description":"","publisher":{"@id":"https:\/\/qtmm.org\/qt\/#organization"},"potentialAction":[{"@type":"SearchAction","target":{"@type":"EntryPoint","urlTemplate":"https:\/\/qtmm.org\/qt\/?s={search_term_string}"},"query-input":{"@type":"PropertyValueSpecification","valueRequired":true,"valueName":"search_term_string"}}],"inLanguage":"qt"},{"@type":"Organization","@id":"https:\/\/qtmm.org\/qt\/#organization","name":"\u041c\u0435\u0434\u0436\u043b\u0456\u0441","url":"https:\/\/qtmm.org\/qt\/","logo":{"@type":"ImageObject","inLanguage":"qt","@id":"https:\/\/qtmm.org\/qt\/#\/schema\/logo\/image\/","url":"https:\/\/qtmm.org\/wp-content\/uploads\/2024\/12\/ua-mejlis-logo-rgb.svg","contentUrl":"https:\/\/qtmm.org\/wp-content\/uploads\/2024\/12\/ua-mejlis-logo-rgb.svg","caption":"\u041c\u0435\u0434\u0436\u043b\u0456\u0441"},"image":{"@id":"https:\/\/qtmm.org\/qt\/#\/schema\/logo\/image\/"},"sameAs":["https:\/\/www.facebook.com\/qtmm.info\/"]},{"@type":"Person","@id":"https:\/\/qtmm.org\/qt\/#\/schema\/person\/de562469f971dec226ac06e60bbf74a7","name":"Developer","image":{"@type":"ImageObject","inLanguage":"qt","@id":"https:\/\/secure.gravatar.com\/avatar\/392b4cc8fbfeb00b39dfeeab4ee6edded39ffd48e25858637e4765810300227e?s=96&d=mm&r=g","url":"https:\/\/secure.gravatar.com\/avatar\/392b4cc8fbfeb00b39dfeeab4ee6edded39ffd48e25858637e4765810300227e?s=96&d=mm&r=g","contentUrl":"https:\/\/secure.gravatar.com\/avatar\/392b4cc8fbfeb00b39dfeeab4ee6edded39ffd48e25858637e4765810300227e?s=96&d=mm&r=g","caption":"Developer"},"url":"https:\/\/qtmm.org\/qt\/author\/Developer\/"}]}},"_links":{"self":[{"href":"https:\/\/qtmm.org\/qt\/wp-json\/wp\/v2\/posts\/36659","targetHints":{"allow":["GET"]}}],"collection":[{"href":"https:\/\/qtmm.org\/qt\/wp-json\/wp\/v2\/posts"}],"about":[{"href":"https:\/\/qtmm.org\/qt\/wp-json\/wp\/v2\/types\/post"}],"author":[{"embeddable":true,"href":"https:\/\/qtmm.org\/qt\/wp-json\/wp\/v2\/users\/1"}],"replies":[{"embeddable":true,"href":"https:\/\/qtmm.org\/qt\/wp-json\/wp\/v2\/comments?post=36659"}],"version-history":[{"count":1,"href":"https:\/\/qtmm.org\/qt\/wp-json\/wp\/v2\/posts\/36659\/revisions"}],"predecessor-version":[{"id":36676,"href":"https:\/\/qtmm.org\/qt\/wp-json\/wp\/v2\/posts\/36659\/revisions\/36676"}],"wp:featuredmedia":[{"embeddable":true,"href":"https:\/\/qtmm.org\/qt\/wp-json\/wp\/v2\/media\/36660"}],"wp:attachment":[{"href":"https:\/\/qtmm.org\/qt\/wp-json\/wp\/v2\/media?parent=36659"}],"wp:term":[{"taxonomy":"category","embeddable":true,"href":"https:\/\/qtmm.org\/qt\/wp-json\/wp\/v2\/categories?post=36659"},{"taxonomy":"post_tag","embeddable":true,"href":"https:\/\/qtmm.org\/qt\/wp-json\/wp\/v2\/tags?post=36659"}],"curies":[{"name":"wp","href":"https:\/\/api.w.org\/{rel}","templated":true}]}}