




{"id":36641,"date":"2013-04-28T22:26:00","date_gmt":"2013-04-28T19:26:00","guid":{"rendered":"http:\/\/qtmm.org\/?p=36641"},"modified":"2022-01-23T22:28:28","modified_gmt":"2022-01-23T19:28:28","slug":"meclis-reisi-mustafa-cemilev-cehiya-tis-isleri-naziri-karel-svartsenberg-ile-korusti","status":"publish","type":"post","link":"https:\/\/qtmm.org\/qt\/meclis-reisi-mustafa-cemilev-cehiya-tis-isleri-naziri-karel-svartsenberg-ile-korusti\/","title":{"rendered":"Meclis reisi Mustafa Cemilev \u00c7ehiya T\u0131\u015f i\u015fleri naziri Karel \u015evartsenberg ile k\u00f6r\u00fc\u015fti"},"content":{"rendered":"\n<p>2013 senesi aprel 25 k\u00fcn\u00fc Meclis reisi Mustafa Cemilev Karel \u015evartsenberg ile k\u00f6r\u00fc\u015fti. K\u00f6r\u00fc\u015f\u00fcvde \u00c7ehiya T\u0131\u015f i\u015fleri nazirligini\u00f1 hadimleri: Avropa siyaseti sektsiyas\u0131n\u0131\u00f1 direktor\u0131 Yaroslav K\u00fcrf\u00fcrst, &#8220;Avropa ortaql\u0131\u011f\u0131&#8221;n\u0131\u00f1 mahsus avaleler boyunca el\u00e7isi P\u00f6tr Mari\u00e7, Avropa Birligini\u00f1 Ukraina boyunca Departamentini\u00f1 hadimi Milan Ekkert, departament direktor\u0131n\u0131\u00f1 muavini Yakub Skalnik, \u00c7ehiyan\u0131\u00f1 Ukrainadaki El\u00e7iligini\u00f1 siyasiy meseleler boyunca mesleat\u00e7\u0131s\u0131 L\u00fcbo\u015f Veselu i\u015ftirak ettiler. \u00c7ehiya T\u0131\u015f i\u015fleri naziri Mustafa Cemilevge h\u0131tap eterek, dedi ki: &#8220;Bug\u00fcn biz Sizi\u00f1 yolba\u015f\u00e7\u0131l\u0131\u011f\u0131ndaki Q\u0131r\u0131mtatar halq\u0131 Meclisini\u00f1 delegatsiyas\u0131n\u0131 resmiy s\u00fcrette qabul eterkenmiZ, q\u0131r\u0131mtatarlarn\u0131\u00f1 bug\u00fcnki al\u0131 ve 2011 senesi Pragada k\u00f6r\u00fc\u015fkenimizden so\u00f1 ol\u011fan de\u00f1i\u015fmeler aqq\u0131nda aytma\u00f1\u0131zn\u0131 rica etemiz&#8221;.<\/p>\n\n\n\n<figure class=\"wp-block-image size-full\"><img loading=\"lazy\" decoding=\"async\" width=\"650\" height=\"528\" src=\"http:\/\/qtmm.org\/wp-content\/uploads\/2022\/01\/1_106.jpeg\" alt=\"\" class=\"wp-image-36642\" srcset=\"https:\/\/qtmm.org\/wp-content\/uploads\/2022\/01\/1_106.jpeg 650w, https:\/\/qtmm.org\/wp-content\/uploads\/2022\/01\/1_106-300x244.jpeg 300w\" sizes=\"auto, (max-width: 650px) 100vw, 650px\" \/><\/figure>\n\n\n\n<p>Mustafa Cemilev 2010 senesi prezident saylavlar\u0131ndan so\u00f1 q\u0131r\u0131mtatarlar aqs\u0131mlan\u011fan\u0131n\u0131 qayd etip, Q\u0131r\u0131m \u00fck\u00fcmetini\u00f1 ba\u015f\u0131 Anatoliy Mogil\u00f6v halqara qanunlarda pekitildigi tam\u0131r halqn\u0131\u00f1 aqlar\u0131n\u0131 qaba s\u00fcrette boz\u011fan\u0131 ve q\u0131r\u0131mtatarlarn\u0131\u00f1 vek\u00e2letli organlar\u0131 Qurultay-Meclisni yoq etmege, q\u0131r\u0131mtatarlar aras\u0131nda olarn\u0131\u00f1 itibar\u0131n\u0131 t\u00fc\u015f\u00fcr\u00fcvge do\u011frult\u0131l\u011fan areketleri aqq\u0131nda a\u00e7\u0131qtan-a\u00e7\u0131q aytt\u0131.<\/p>\n\n\n\n<p>Bun\u0131\u00f1 kibi de Q\u0131r\u0131m \u00fck\u00fcmeti milliy matem k\u00fcn\u00fc ile ba\u011fl\u0131 keli\u015fmegen qararlar al\u011fan\u0131 ve bu qararlar Q\u0131r\u0131mda vaziyetni\u00f1 kerginle\u015fmesine al\u0131p kelebilgeni de tilge al\u0131nd\u0131. Anatoliy Mogil\u00f6v q\u0131r\u0131mtatarlarn\u0131\u00f1 &#8220;H\u0131d\u0131rlez&#8221; milliy bayram\u0131n\u0131 ke\u00e7ir\u00fcv k\u00fcn\u00fcni de \u00f6z ba\u015f\u0131na de\u00f1i\u015ftirip, on\u0131\u00f1 ke\u00e7irilmesini halqlar cell\u00e2t\u0131 Stalin q\u0131r\u0131mtatarlarn\u0131\u00f1 s\u00fcrg\u00fcn etilmesi aqq\u0131nda fermann\u0131 imzala\u011fan may\u0131s 11 k\u00fcn\u00fcne tayinledi. Q\u0131r\u0131mtatarlarn\u0131\u00f1 vaziyeti aqq\u0131ndaki s\u00f6zlerine yek\u00fcn \u00e7ekerken, meclis ba\u015fqan\u0131 dedi ki, Ukraina akimiyetini\u00f1 Q\u0131r\u0131mda q\u0131r\u0131mtatarlarn\u0131\u00f1 milliy organ\u0131 Qurultay-Meclisni yoq et\u00fcv boyunca areketleri \u00e7irkin siyasiy taqiptir.<\/p>\n\n\n\n<figure class=\"wp-block-image size-full\"><img loading=\"lazy\" decoding=\"async\" width=\"650\" height=\"373\" src=\"http:\/\/qtmm.org\/wp-content\/uploads\/2022\/01\/2_105.jpeg\" alt=\"\" class=\"wp-image-36646\" srcset=\"https:\/\/qtmm.org\/wp-content\/uploads\/2022\/01\/2_105.jpeg 650w, https:\/\/qtmm.org\/wp-content\/uploads\/2022\/01\/2_105-300x172.jpeg 300w\" sizes=\"auto, (max-width: 650px) 100vw, 650px\" \/><\/figure>\n\n\n\n<p>Bundan bir maqsad yani yar\u0131madada Ukraina ve Avropa\u011fa meyil bergen yek\u00e2ne siyasiy k\u00fc\u00e7ni da\u011f\u0131tmaqt\u0131r. Bun\u0131\u00f1 kibi de Halqara forum\u011fa az\u0131rl\u0131q keti\u015fat\u0131 da tarif etildi.<\/p>\n\n\n\n<p>\u00c7ehiya T\u0131\u015f i\u015fler naziri Karel \u015evartsenberg bu sene k\u00fczde Yaltada Avropa komissar\u0131 \u015etefan F\u00fcleni\u00f1 teklifi boyunca ke\u00e7irilecek t\u00f6gerek masa tedbirinde i\u015ftirak etmek raz\u0131l\u0131\u011f\u0131n\u0131 tekrar tasdiqlad\u0131. Tedbir q\u0131r\u0131mtatarlarn\u0131\u00f1 meselesi boyunca halqara forumn\u0131 ke\u00e7ir\u00fcvge ba\u011f\u0131\u015flana.<br><br>&#8220;Ukrainan\u0131\u00f1 Avropa cemiyetini\u00f1 bir q\u0131sm\u0131 olaraq inki\u015faf etmesi ve Avropa Birligine qat\u0131lmas\u0131 \u00c7ehiyan\u0131\u00f1 strategik maqsad\u0131d\u0131r. Kommunist rejiminden zarar k\u00f6rgen ve \u011fayr\u0131dan tiklenmek istegen q\u0131r\u0131mtatar halq\u0131n\u0131\u00f1 b\u00fct\u00fcn aqlar\u0131 teminlengeni alda bu toluqanl\u0131 bir ceryan olabilir&#8221;, &#8211; dedi \u00c7ehiya t\u0131\u015f i\u015fler naziri. S\u00fcrg\u00fcn etilgen q\u0131r\u0131mtatar halq\u0131n\u0131\u00f1 meselelerini \u00e7ezmek i\u00e7\u00fcn Avropa Birligini\u00f1 vastalar\u0131ndan da qullanmaq teklif etildi.<\/p>\n\n\n\n<p>K\u00f6r\u00fc\u015f\u00fcvni\u00f1 so\u00f1unda \u00c7ehiya Cumhuriyeti taraf\u0131ndan q\u0131r\u0131mtatar mezunlar\u0131 i\u00e7\u00fcn universitetlerde kvotalar ay\u0131rmaq ve gumanitar yard\u0131m k\u00f6stermek meselesi de baq\u0131ld\u0131. Bu te\u015febb\u00fcs \u00e7er\u00e7ivesinde q\u0131r\u0131mtatarlar i\u00e7\u00fcn umumtasil mektep quruc\u0131l\u0131\u011f\u0131nen ba\u011fl\u0131 maddiy yard\u0131m bermek imk\u00e2n\u0131 da muzakere etildi. \u00c7ehiya T\u0131\u015f i\u015fleri naziri Mustafa Cemilevni\u00f1 q\u0131r\u0131mtatar halq\u0131 vaziyetini muzakere etmek i\u00e7\u00fcn V\u0131\u015fegrad d\u00f6rtl\u00fcgi ve Baltiya devletleri (Estoniya, Latviya ve Litva) T\u0131\u015f i\u015fleri nazirliklersi derecesinde mu\u015favere ke\u00e7irmek teklifini maqulledi. Bun\u0131\u00f1 kibi de \u00c7ehiya devleti ve Meclis aras\u0131nda muntazam s\u00fcrette k\u00f6r\u00fc\u015f\u00fcvler ke\u00e7irmek qararla\u015ft\u0131r\u0131ld\u0131.<br><br>Meclis reisi i\u00e7\u00fcn 1948 senesi belgilenmegen vaziyette \u00f6ld\u00fcrilgen \u00c7ehoslovakiya T\u0131\u015f i\u015fleri naziri Yan Masarikni\u00f1 ev m\u00fczeyine mahsus ziyaret te\u015fkil\u00e2tland\u0131r\u0131ld\u0131.<\/p>\n\n\n\n<figure class=\"wp-block-image size-full\"><img loading=\"lazy\" decoding=\"async\" width=\"650\" height=\"575\" src=\"http:\/\/qtmm.org\/wp-content\/uploads\/2022\/01\/5_42.jpeg\" alt=\"\" class=\"wp-image-36654\" srcset=\"https:\/\/qtmm.org\/wp-content\/uploads\/2022\/01\/5_42.jpeg 650w, https:\/\/qtmm.org\/wp-content\/uploads\/2022\/01\/5_42-300x265.jpeg 300w\" sizes=\"auto, (max-width: 650px) 100vw, 650px\" \/><\/figure>\n","protected":false},"excerpt":{"rendered":"<p>2013 senesi aprel 25 k\u00fcn\u00fc Meclis reisi Mustafa Cemilev Karel \u015evartsenberg ile k\u00f6r\u00fc\u015fti. K\u00f6r\u00fc\u015f\u00fcvde \u00c7ehiya T\u0131\u015f i\u015fleri nazirligini\u00f1 hadimleri: Avropa siyaseti sektsiyas\u0131n\u0131\u00f1 direktor\u0131 Yaroslav K\u00fcrf\u00fcrst, &#8220;Avropa ortaql\u0131\u011f\u0131&#8221;n\u0131\u00f1 mahsus avaleler boyunca el\u00e7isi P\u00f6tr Mari\u00e7, Avropa Birligini\u00f1 Ukraina boyunca Departamentini\u00f1 hadimi Milan Ekkert, departament direktor\u0131n\u0131\u00f1 muavini Yakub Skalnik, \u00c7ehiyan\u0131\u00f1 Ukrainadaki El\u00e7iligini\u00f1 siyasiy meseleler boyunca mesleat\u00e7\u0131s\u0131 L\u00fcbo\u015f Veselu [&hellip;]<\/p>\n","protected":false},"author":1,"featured_media":36650,"comment_status":"open","ping_status":"open","sticky":false,"template":"","format":"standard","meta":{"inline_featured_image":false,"footnotes":""},"categories":[265],"tags":[],"class_list":["post-36641","post","type-post","status-publish","format-standard","has-post-thumbnail","hentry","category-haberler"],"acf":[],"yoast_head":"<!-- This site is optimized with the Yoast SEO plugin v27.4 - https:\/\/yoast.com\/product\/yoast-seo-wordpress\/ -->\n<title>Meclis reisi Mustafa Cemilev \u00c7ehiya T\u0131\u015f i\u015fleri naziri Karel \u015evartsenberg ile k\u00f6r\u00fc\u015fti - \u041c\u0435\u0434\u0436\u043b\u0456\u0441<\/title>\n<meta name=\"robots\" content=\"index, follow, max-snippet:-1, max-image-preview:large, max-video-preview:-1\" \/>\n<link rel=\"canonical\" href=\"https:\/\/qtmm.org\/qt\/meclis-reisi-mustafa-cemilev-cehiya-tis-isleri-naziri-karel-svartsenberg-ile-korusti\/\" \/>\n<meta property=\"og:locale\" content=\"en_US\" \/>\n<meta property=\"og:type\" content=\"article\" \/>\n<meta property=\"og:title\" content=\"Meclis reisi Mustafa Cemilev \u00c7ehiya T\u0131\u015f i\u015fleri naziri Karel \u015evartsenberg ile k\u00f6r\u00fc\u015fti - \u041c\u0435\u0434\u0436\u043b\u0456\u0441\" \/>\n<meta property=\"og:description\" content=\"2013 senesi aprel 25 k\u00fcn\u00fc Meclis reisi Mustafa Cemilev Karel \u015evartsenberg ile k\u00f6r\u00fc\u015fti. K\u00f6r\u00fc\u015f\u00fcvde \u00c7ehiya T\u0131\u015f i\u015fleri nazirligini\u00f1 hadimleri: Avropa siyaseti sektsiyas\u0131n\u0131\u00f1 direktor\u0131 Yaroslav K\u00fcrf\u00fcrst, &#8220;Avropa ortaql\u0131\u011f\u0131&#8221;n\u0131\u00f1 mahsus avaleler boyunca el\u00e7isi P\u00f6tr Mari\u00e7, Avropa Birligini\u00f1 Ukraina boyunca Departamentini\u00f1 hadimi Milan Ekkert, departament direktor\u0131n\u0131\u00f1 muavini Yakub Skalnik, \u00c7ehiyan\u0131\u00f1 Ukrainadaki El\u00e7iligini\u00f1 siyasiy meseleler boyunca mesleat\u00e7\u0131s\u0131 L\u00fcbo\u015f Veselu [&hellip;]\" \/>\n<meta property=\"og:url\" content=\"https:\/\/qtmm.org\/qt\/meclis-reisi-mustafa-cemilev-cehiya-tis-isleri-naziri-karel-svartsenberg-ile-korusti\/\" \/>\n<meta property=\"og:site_name\" content=\"\u041c\u0435\u0434\u0436\u043b\u0456\u0441\" \/>\n<meta property=\"article:publisher\" content=\"https:\/\/www.facebook.com\/qtmm.info\/\" \/>\n<meta property=\"article:published_time\" content=\"2013-04-28T19:26:00+00:00\" \/>\n<meta property=\"article:modified_time\" content=\"2022-01-23T19:28:28+00:00\" \/>\n<meta property=\"og:image\" content=\"https:\/\/qtmm.org\/wp-content\/uploads\/2022\/01\/3_76.jpeg\" \/>\n\t<meta property=\"og:image:width\" content=\"650\" \/>\n\t<meta property=\"og:image:height\" content=\"400\" \/>\n\t<meta property=\"og:image:type\" content=\"image\/jpeg\" \/>\n<meta name=\"author\" content=\"Developer\" \/>\n<meta name=\"twitter:card\" content=\"summary_large_image\" \/>\n<meta name=\"twitter:label1\" content=\"Written by\" \/>\n\t<meta name=\"twitter:data1\" content=\"Developer\" \/>\n\t<meta name=\"twitter:label2\" content=\"Est. reading time\" \/>\n\t<meta name=\"twitter:data2\" content=\"3 minutes\" \/>\n<script type=\"application\/ld+json\" class=\"yoast-schema-graph\">{\"@context\":\"https:\\\/\\\/schema.org\",\"@graph\":[{\"@type\":\"Article\",\"@id\":\"https:\\\/\\\/qtmm.org\\\/qt\\\/meclis-reisi-mustafa-cemilev-cehiya-tis-isleri-naziri-karel-svartsenberg-ile-korusti\\\/#article\",\"isPartOf\":{\"@id\":\"https:\\\/\\\/qtmm.org\\\/qt\\\/meclis-reisi-mustafa-cemilev-cehiya-tis-isleri-naziri-karel-svartsenberg-ile-korusti\\\/\"},\"author\":{\"name\":\"Developer\",\"@id\":\"https:\\\/\\\/qtmm.org\\\/qt\\\/#\\\/schema\\\/person\\\/de562469f971dec226ac06e60bbf74a7\"},\"headline\":\"Meclis reisi Mustafa Cemilev \u00c7ehiya T\u0131\u015f i\u015fleri naziri Karel \u015evartsenberg ile k\u00f6r\u00fc\u015fti\",\"datePublished\":\"2013-04-28T19:26:00+00:00\",\"dateModified\":\"2022-01-23T19:28:28+00:00\",\"mainEntityOfPage\":{\"@id\":\"https:\\\/\\\/qtmm.org\\\/qt\\\/meclis-reisi-mustafa-cemilev-cehiya-tis-isleri-naziri-karel-svartsenberg-ile-korusti\\\/\"},\"wordCount\":629,\"commentCount\":0,\"publisher\":{\"@id\":\"https:\\\/\\\/qtmm.org\\\/qt\\\/#organization\"},\"image\":{\"@id\":\"https:\\\/\\\/qtmm.org\\\/qt\\\/meclis-reisi-mustafa-cemilev-cehiya-tis-isleri-naziri-karel-svartsenberg-ile-korusti\\\/#primaryimage\"},\"thumbnailUrl\":\"https:\\\/\\\/qtmm.org\\\/wp-content\\\/uploads\\\/2022\\\/01\\\/3_76.jpeg\",\"articleSection\":[\"Haberler\"],\"inLanguage\":\"qt\",\"potentialAction\":[{\"@type\":\"CommentAction\",\"name\":\"Comment\",\"target\":[\"https:\\\/\\\/qtmm.org\\\/qt\\\/meclis-reisi-mustafa-cemilev-cehiya-tis-isleri-naziri-karel-svartsenberg-ile-korusti\\\/#respond\"]}]},{\"@type\":\"WebPage\",\"@id\":\"https:\\\/\\\/qtmm.org\\\/qt\\\/meclis-reisi-mustafa-cemilev-cehiya-tis-isleri-naziri-karel-svartsenberg-ile-korusti\\\/\",\"url\":\"https:\\\/\\\/qtmm.org\\\/qt\\\/meclis-reisi-mustafa-cemilev-cehiya-tis-isleri-naziri-karel-svartsenberg-ile-korusti\\\/\",\"name\":\"Meclis reisi Mustafa Cemilev \u00c7ehiya T\u0131\u015f i\u015fleri naziri Karel \u015evartsenberg ile k\u00f6r\u00fc\u015fti - \u041c\u0435\u0434\u0436\u043b\u0456\u0441\",\"isPartOf\":{\"@id\":\"https:\\\/\\\/qtmm.org\\\/qt\\\/#website\"},\"primaryImageOfPage\":{\"@id\":\"https:\\\/\\\/qtmm.org\\\/qt\\\/meclis-reisi-mustafa-cemilev-cehiya-tis-isleri-naziri-karel-svartsenberg-ile-korusti\\\/#primaryimage\"},\"image\":{\"@id\":\"https:\\\/\\\/qtmm.org\\\/qt\\\/meclis-reisi-mustafa-cemilev-cehiya-tis-isleri-naziri-karel-svartsenberg-ile-korusti\\\/#primaryimage\"},\"thumbnailUrl\":\"https:\\\/\\\/qtmm.org\\\/wp-content\\\/uploads\\\/2022\\\/01\\\/3_76.jpeg\",\"datePublished\":\"2013-04-28T19:26:00+00:00\",\"dateModified\":\"2022-01-23T19:28:28+00:00\",\"breadcrumb\":{\"@id\":\"https:\\\/\\\/qtmm.org\\\/qt\\\/meclis-reisi-mustafa-cemilev-cehiya-tis-isleri-naziri-karel-svartsenberg-ile-korusti\\\/#breadcrumb\"},\"inLanguage\":\"qt\",\"potentialAction\":[{\"@type\":\"ReadAction\",\"target\":[\"https:\\\/\\\/qtmm.org\\\/qt\\\/meclis-reisi-mustafa-cemilev-cehiya-tis-isleri-naziri-karel-svartsenberg-ile-korusti\\\/\"]}]},{\"@type\":\"ImageObject\",\"inLanguage\":\"qt\",\"@id\":\"https:\\\/\\\/qtmm.org\\\/qt\\\/meclis-reisi-mustafa-cemilev-cehiya-tis-isleri-naziri-karel-svartsenberg-ile-korusti\\\/#primaryimage\",\"url\":\"https:\\\/\\\/qtmm.org\\\/wp-content\\\/uploads\\\/2022\\\/01\\\/3_76.jpeg\",\"contentUrl\":\"https:\\\/\\\/qtmm.org\\\/wp-content\\\/uploads\\\/2022\\\/01\\\/3_76.jpeg\",\"width\":650,\"height\":400},{\"@type\":\"BreadcrumbList\",\"@id\":\"https:\\\/\\\/qtmm.org\\\/qt\\\/meclis-reisi-mustafa-cemilev-cehiya-tis-isleri-naziri-karel-svartsenberg-ile-korusti\\\/#breadcrumb\",\"itemListElement\":[{\"@type\":\"ListItem\",\"position\":1,\"name\":\"\u0413\u043e\u043b\u043e\u0432\u043d\u0430\",\"item\":\"https:\\\/\\\/qtmm.org\\\/qt\\\/\"},{\"@type\":\"ListItem\",\"position\":2,\"name\":\"Meclis reisi Mustafa Cemilev \u00c7ehiya T\u0131\u015f i\u015fleri naziri Karel \u015evartsenberg ile k\u00f6r\u00fc\u015fti\"}]},{\"@type\":\"WebSite\",\"@id\":\"https:\\\/\\\/qtmm.org\\\/qt\\\/#website\",\"url\":\"https:\\\/\\\/qtmm.org\\\/qt\\\/\",\"name\":\"\u041c\u0435\u0434\u0436\u043b\u0456\u0441\",\"description\":\"\",\"publisher\":{\"@id\":\"https:\\\/\\\/qtmm.org\\\/qt\\\/#organization\"},\"potentialAction\":[{\"@type\":\"SearchAction\",\"target\":{\"@type\":\"EntryPoint\",\"urlTemplate\":\"https:\\\/\\\/qtmm.org\\\/qt\\\/?s={search_term_string}\"},\"query-input\":{\"@type\":\"PropertyValueSpecification\",\"valueRequired\":true,\"valueName\":\"search_term_string\"}}],\"inLanguage\":\"qt\"},{\"@type\":\"Organization\",\"@id\":\"https:\\\/\\\/qtmm.org\\\/qt\\\/#organization\",\"name\":\"\u041c\u0435\u0434\u0436\u043b\u0456\u0441\",\"url\":\"https:\\\/\\\/qtmm.org\\\/qt\\\/\",\"logo\":{\"@type\":\"ImageObject\",\"inLanguage\":\"qt\",\"@id\":\"https:\\\/\\\/qtmm.org\\\/qt\\\/#\\\/schema\\\/logo\\\/image\\\/\",\"url\":\"https:\\\/\\\/qtmm.org\\\/wp-content\\\/uploads\\\/2024\\\/12\\\/ua-mejlis-logo-rgb.svg\",\"contentUrl\":\"https:\\\/\\\/qtmm.org\\\/wp-content\\\/uploads\\\/2024\\\/12\\\/ua-mejlis-logo-rgb.svg\",\"caption\":\"\u041c\u0435\u0434\u0436\u043b\u0456\u0441\"},\"image\":{\"@id\":\"https:\\\/\\\/qtmm.org\\\/qt\\\/#\\\/schema\\\/logo\\\/image\\\/\"},\"sameAs\":[\"https:\\\/\\\/www.facebook.com\\\/qtmm.info\\\/\"]},{\"@type\":\"Person\",\"@id\":\"https:\\\/\\\/qtmm.org\\\/qt\\\/#\\\/schema\\\/person\\\/de562469f971dec226ac06e60bbf74a7\",\"name\":\"Developer\",\"image\":{\"@type\":\"ImageObject\",\"inLanguage\":\"qt\",\"@id\":\"https:\\\/\\\/secure.gravatar.com\\\/avatar\\\/392b4cc8fbfeb00b39dfeeab4ee6edded39ffd48e25858637e4765810300227e?s=96&d=mm&r=g\",\"url\":\"https:\\\/\\\/secure.gravatar.com\\\/avatar\\\/392b4cc8fbfeb00b39dfeeab4ee6edded39ffd48e25858637e4765810300227e?s=96&d=mm&r=g\",\"contentUrl\":\"https:\\\/\\\/secure.gravatar.com\\\/avatar\\\/392b4cc8fbfeb00b39dfeeab4ee6edded39ffd48e25858637e4765810300227e?s=96&d=mm&r=g\",\"caption\":\"Developer\"},\"url\":\"https:\\\/\\\/qtmm.org\\\/qt\\\/author\\\/Developer\\\/\"}]}<\/script>\n<!-- \/ Yoast SEO plugin. -->","yoast_head_json":{"title":"Meclis reisi Mustafa Cemilev \u00c7ehiya T\u0131\u015f i\u015fleri naziri Karel \u015evartsenberg ile k\u00f6r\u00fc\u015fti - \u041c\u0435\u0434\u0436\u043b\u0456\u0441","robots":{"index":"index","follow":"follow","max-snippet":"max-snippet:-1","max-image-preview":"max-image-preview:large","max-video-preview":"max-video-preview:-1"},"canonical":"https:\/\/qtmm.org\/qt\/meclis-reisi-mustafa-cemilev-cehiya-tis-isleri-naziri-karel-svartsenberg-ile-korusti\/","og_locale":"en_US","og_type":"article","og_title":"Meclis reisi Mustafa Cemilev \u00c7ehiya T\u0131\u015f i\u015fleri naziri Karel \u015evartsenberg ile k\u00f6r\u00fc\u015fti - \u041c\u0435\u0434\u0436\u043b\u0456\u0441","og_description":"2013 senesi aprel 25 k\u00fcn\u00fc Meclis reisi Mustafa Cemilev Karel \u015evartsenberg ile k\u00f6r\u00fc\u015fti. K\u00f6r\u00fc\u015f\u00fcvde \u00c7ehiya T\u0131\u015f i\u015fleri nazirligini\u00f1 hadimleri: Avropa siyaseti sektsiyas\u0131n\u0131\u00f1 direktor\u0131 Yaroslav K\u00fcrf\u00fcrst, &#8220;Avropa ortaql\u0131\u011f\u0131&#8221;n\u0131\u00f1 mahsus avaleler boyunca el\u00e7isi P\u00f6tr Mari\u00e7, Avropa Birligini\u00f1 Ukraina boyunca Departamentini\u00f1 hadimi Milan Ekkert, departament direktor\u0131n\u0131\u00f1 muavini Yakub Skalnik, \u00c7ehiyan\u0131\u00f1 Ukrainadaki El\u00e7iligini\u00f1 siyasiy meseleler boyunca mesleat\u00e7\u0131s\u0131 L\u00fcbo\u015f Veselu [&hellip;]","og_url":"https:\/\/qtmm.org\/qt\/meclis-reisi-mustafa-cemilev-cehiya-tis-isleri-naziri-karel-svartsenberg-ile-korusti\/","og_site_name":"\u041c\u0435\u0434\u0436\u043b\u0456\u0441","article_publisher":"https:\/\/www.facebook.com\/qtmm.info\/","article_published_time":"2013-04-28T19:26:00+00:00","article_modified_time":"2022-01-23T19:28:28+00:00","og_image":[{"width":650,"height":400,"url":"https:\/\/qtmm.org\/wp-content\/uploads\/2022\/01\/3_76.jpeg","type":"image\/jpeg"}],"author":"Developer","twitter_card":"summary_large_image","twitter_misc":{"Written by":"Developer","Est. reading time":"3 minutes"},"schema":{"@context":"https:\/\/schema.org","@graph":[{"@type":"Article","@id":"https:\/\/qtmm.org\/qt\/meclis-reisi-mustafa-cemilev-cehiya-tis-isleri-naziri-karel-svartsenberg-ile-korusti\/#article","isPartOf":{"@id":"https:\/\/qtmm.org\/qt\/meclis-reisi-mustafa-cemilev-cehiya-tis-isleri-naziri-karel-svartsenberg-ile-korusti\/"},"author":{"name":"Developer","@id":"https:\/\/qtmm.org\/qt\/#\/schema\/person\/de562469f971dec226ac06e60bbf74a7"},"headline":"Meclis reisi Mustafa Cemilev \u00c7ehiya T\u0131\u015f i\u015fleri naziri Karel \u015evartsenberg ile k\u00f6r\u00fc\u015fti","datePublished":"2013-04-28T19:26:00+00:00","dateModified":"2022-01-23T19:28:28+00:00","mainEntityOfPage":{"@id":"https:\/\/qtmm.org\/qt\/meclis-reisi-mustafa-cemilev-cehiya-tis-isleri-naziri-karel-svartsenberg-ile-korusti\/"},"wordCount":629,"commentCount":0,"publisher":{"@id":"https:\/\/qtmm.org\/qt\/#organization"},"image":{"@id":"https:\/\/qtmm.org\/qt\/meclis-reisi-mustafa-cemilev-cehiya-tis-isleri-naziri-karel-svartsenberg-ile-korusti\/#primaryimage"},"thumbnailUrl":"https:\/\/qtmm.org\/wp-content\/uploads\/2022\/01\/3_76.jpeg","articleSection":["Haberler"],"inLanguage":"qt","potentialAction":[{"@type":"CommentAction","name":"Comment","target":["https:\/\/qtmm.org\/qt\/meclis-reisi-mustafa-cemilev-cehiya-tis-isleri-naziri-karel-svartsenberg-ile-korusti\/#respond"]}]},{"@type":"WebPage","@id":"https:\/\/qtmm.org\/qt\/meclis-reisi-mustafa-cemilev-cehiya-tis-isleri-naziri-karel-svartsenberg-ile-korusti\/","url":"https:\/\/qtmm.org\/qt\/meclis-reisi-mustafa-cemilev-cehiya-tis-isleri-naziri-karel-svartsenberg-ile-korusti\/","name":"Meclis reisi Mustafa Cemilev \u00c7ehiya T\u0131\u015f i\u015fleri naziri Karel \u015evartsenberg ile k\u00f6r\u00fc\u015fti - \u041c\u0435\u0434\u0436\u043b\u0456\u0441","isPartOf":{"@id":"https:\/\/qtmm.org\/qt\/#website"},"primaryImageOfPage":{"@id":"https:\/\/qtmm.org\/qt\/meclis-reisi-mustafa-cemilev-cehiya-tis-isleri-naziri-karel-svartsenberg-ile-korusti\/#primaryimage"},"image":{"@id":"https:\/\/qtmm.org\/qt\/meclis-reisi-mustafa-cemilev-cehiya-tis-isleri-naziri-karel-svartsenberg-ile-korusti\/#primaryimage"},"thumbnailUrl":"https:\/\/qtmm.org\/wp-content\/uploads\/2022\/01\/3_76.jpeg","datePublished":"2013-04-28T19:26:00+00:00","dateModified":"2022-01-23T19:28:28+00:00","breadcrumb":{"@id":"https:\/\/qtmm.org\/qt\/meclis-reisi-mustafa-cemilev-cehiya-tis-isleri-naziri-karel-svartsenberg-ile-korusti\/#breadcrumb"},"inLanguage":"qt","potentialAction":[{"@type":"ReadAction","target":["https:\/\/qtmm.org\/qt\/meclis-reisi-mustafa-cemilev-cehiya-tis-isleri-naziri-karel-svartsenberg-ile-korusti\/"]}]},{"@type":"ImageObject","inLanguage":"qt","@id":"https:\/\/qtmm.org\/qt\/meclis-reisi-mustafa-cemilev-cehiya-tis-isleri-naziri-karel-svartsenberg-ile-korusti\/#primaryimage","url":"https:\/\/qtmm.org\/wp-content\/uploads\/2022\/01\/3_76.jpeg","contentUrl":"https:\/\/qtmm.org\/wp-content\/uploads\/2022\/01\/3_76.jpeg","width":650,"height":400},{"@type":"BreadcrumbList","@id":"https:\/\/qtmm.org\/qt\/meclis-reisi-mustafa-cemilev-cehiya-tis-isleri-naziri-karel-svartsenberg-ile-korusti\/#breadcrumb","itemListElement":[{"@type":"ListItem","position":1,"name":"\u0413\u043e\u043b\u043e\u0432\u043d\u0430","item":"https:\/\/qtmm.org\/qt\/"},{"@type":"ListItem","position":2,"name":"Meclis reisi Mustafa Cemilev \u00c7ehiya T\u0131\u015f i\u015fleri naziri Karel \u015evartsenberg ile k\u00f6r\u00fc\u015fti"}]},{"@type":"WebSite","@id":"https:\/\/qtmm.org\/qt\/#website","url":"https:\/\/qtmm.org\/qt\/","name":"\u041c\u0435\u0434\u0436\u043b\u0456\u0441","description":"","publisher":{"@id":"https:\/\/qtmm.org\/qt\/#organization"},"potentialAction":[{"@type":"SearchAction","target":{"@type":"EntryPoint","urlTemplate":"https:\/\/qtmm.org\/qt\/?s={search_term_string}"},"query-input":{"@type":"PropertyValueSpecification","valueRequired":true,"valueName":"search_term_string"}}],"inLanguage":"qt"},{"@type":"Organization","@id":"https:\/\/qtmm.org\/qt\/#organization","name":"\u041c\u0435\u0434\u0436\u043b\u0456\u0441","url":"https:\/\/qtmm.org\/qt\/","logo":{"@type":"ImageObject","inLanguage":"qt","@id":"https:\/\/qtmm.org\/qt\/#\/schema\/logo\/image\/","url":"https:\/\/qtmm.org\/wp-content\/uploads\/2024\/12\/ua-mejlis-logo-rgb.svg","contentUrl":"https:\/\/qtmm.org\/wp-content\/uploads\/2024\/12\/ua-mejlis-logo-rgb.svg","caption":"\u041c\u0435\u0434\u0436\u043b\u0456\u0441"},"image":{"@id":"https:\/\/qtmm.org\/qt\/#\/schema\/logo\/image\/"},"sameAs":["https:\/\/www.facebook.com\/qtmm.info\/"]},{"@type":"Person","@id":"https:\/\/qtmm.org\/qt\/#\/schema\/person\/de562469f971dec226ac06e60bbf74a7","name":"Developer","image":{"@type":"ImageObject","inLanguage":"qt","@id":"https:\/\/secure.gravatar.com\/avatar\/392b4cc8fbfeb00b39dfeeab4ee6edded39ffd48e25858637e4765810300227e?s=96&d=mm&r=g","url":"https:\/\/secure.gravatar.com\/avatar\/392b4cc8fbfeb00b39dfeeab4ee6edded39ffd48e25858637e4765810300227e?s=96&d=mm&r=g","contentUrl":"https:\/\/secure.gravatar.com\/avatar\/392b4cc8fbfeb00b39dfeeab4ee6edded39ffd48e25858637e4765810300227e?s=96&d=mm&r=g","caption":"Developer"},"url":"https:\/\/qtmm.org\/qt\/author\/Developer\/"}]}},"_links":{"self":[{"href":"https:\/\/qtmm.org\/qt\/wp-json\/wp\/v2\/posts\/36641","targetHints":{"allow":["GET"]}}],"collection":[{"href":"https:\/\/qtmm.org\/qt\/wp-json\/wp\/v2\/posts"}],"about":[{"href":"https:\/\/qtmm.org\/qt\/wp-json\/wp\/v2\/types\/post"}],"author":[{"embeddable":true,"href":"https:\/\/qtmm.org\/qt\/wp-json\/wp\/v2\/users\/1"}],"replies":[{"embeddable":true,"href":"https:\/\/qtmm.org\/qt\/wp-json\/wp\/v2\/comments?post=36641"}],"version-history":[{"count":1,"href":"https:\/\/qtmm.org\/qt\/wp-json\/wp\/v2\/posts\/36641\/revisions"}],"predecessor-version":[{"id":36658,"href":"https:\/\/qtmm.org\/qt\/wp-json\/wp\/v2\/posts\/36641\/revisions\/36658"}],"wp:featuredmedia":[{"embeddable":true,"href":"https:\/\/qtmm.org\/qt\/wp-json\/wp\/v2\/media\/36650"}],"wp:attachment":[{"href":"https:\/\/qtmm.org\/qt\/wp-json\/wp\/v2\/media?parent=36641"}],"wp:term":[{"taxonomy":"category","embeddable":true,"href":"https:\/\/qtmm.org\/qt\/wp-json\/wp\/v2\/categories?post=36641"},{"taxonomy":"post_tag","embeddable":true,"href":"https:\/\/qtmm.org\/qt\/wp-json\/wp\/v2\/tags?post=36641"}],"curies":[{"name":"wp","href":"https:\/\/api.w.org\/{rel}","templated":true}]}}