




{"id":36639,"date":"2013-04-28T22:26:00","date_gmt":"2013-04-28T19:26:00","guid":{"rendered":"http:\/\/qtmm.org\/?p=36639"},"modified":"2022-01-23T22:26:35","modified_gmt":"2022-01-23T19:26:35","slug":"meclis-reisi-mustafa-cemilevnin-praga-frankfurt-mayn-kerpen-ve-kolnge-ziyareti-yekunlendi","status":"publish","type":"post","link":"https:\/\/qtmm.org\/qt\/meclis-reisi-mustafa-cemilevnin-praga-frankfurt-mayn-kerpen-ve-kolnge-ziyareti-yekunlendi\/","title":{"rendered":"Meclis reisi Mustafa Cemilevni\u00f1 Praga, Frankfurt-Mayn, Kerpen ve K\u00f6lnge ziyareti yek\u00fcnlendi"},"content":{"rendered":"\n<p>2013 senesi aprel 24-26 k\u00fcnleri Meclis reisi Mustafa Cemilev \u00c7ehiya ve Almaniyada i\u015f ziyaretinen bulund\u0131. Aprel 24 k\u00fcn\u00fc Praga\u011fa kelgeninen M. Cemilev &#8220;Azatl\u0131q&#8221; radios\u0131na davet etildi. Anda o, radion\u0131\u00f1 ukrain muarririyeti direktor\u0131 Mihail Mihalisko ve on\u0131\u00f1 muavini Nataliya \u00c7urikova ile k\u00f6r\u00fc\u015fti. M. Cemilev ukrain, rus, tatar-ba\u015fq\u0131rt, \u015fimaliy kavkaz ve azerbaycan h\u0131zmetlerine intervy\u00fc berdi .<\/p>\n\n\n\n<p>Aprel 25 k\u00fcn\u00fc Meclis reisi \u00c7ehiya Cumhuriyeti T\u0131\u015f i\u015fleri naziri Karel \u015evartsenberg ile k\u00f6r\u00fc\u015fti.<\/p>\n\n\n\n<p>Ayn\u0131 \u015fu k\u00fcn\u00fc \u00c7ehiya Parlamentini\u00f1 Senat\u0131nda belli \u00e7eh jurnalisti ve uquqqoruy\u0131c\u0131s\u0131, senator Yaromir \u015etetina ile k\u00f6r\u00fc\u015fti. Aq\u015fam Praga Seyahat\u00e7\u0131lar klub\u0131nda ise \u00e7eh cemaat\u00e7\u0131l\u0131\u011f\u0131nen k\u00f6r\u00fc\u015fti. Bu tedbirni &#8220;NAVYCHOD&#8221; mecmuas\u0131n\u0131\u00f1 muarriri \u0130vana Skalova ve &#8220;\u015earq-Avropa programmas\u0131&#8221; Demokratiyan\u0131 inki\u015faf et\u00fcv ve insan aqlar\u0131n\u0131 qor\u00e7alav merkezini\u00f1 hadimi Aljbeta Hmelarova te\u015fkil\u00e2tland\u0131rd\u0131lar.<br><br>Aprel 26-da Almaniyan\u0131\u00f1 Frankfurt-Mayn \u015feerinde Meclis reisi Almaniya T\u00fcrkler federatsiyas\u0131n\u0131\u00f1 ba\u015f k\u00e2tibi \u015eent\u00fcrk Do\u011fruel, so\u00f1ra Kerpende musulman d\u00fcnyas\u0131n\u0131\u00f1 belli erbab\u0131, Almaniya musulmanlar\u0131n\u0131\u00f1 liderlerinden biri, \u0130sl\u00e2m Cemiyetleri Milliy Merkezini\u00f1 ba\u015f k\u00e2tibi \u00d6guz \u00dc\u00e7\u00fcnci ile k\u00f6r\u00fc\u015fti.<br><br>\u015eu k\u00fcnni\u00f1 ekinci yar\u0131s\u0131nda K\u00f6lnde Meclis reisi \u011earbiy Avropa q\u0131r\u0131mtatarlar\u0131n\u0131\u00f1 medeniyet ve yard\u0131mla\u015fma cemiyetini\u00f1 reisi Rafet Qaranl\u0131q ve Meclisni\u00f1 Almaniyadaki temsilcisi Ahmet Ozay te\u015fkil\u00e2tland\u0131r\u011fan k\u00f6r\u00fc\u015f\u00fcvde i\u015ftirak etti. Aq\u015fam Almaniyadaki q\u0131r\u0131mtatar diasporas\u0131 Meclis reisi Mustafa Cemilevni\u00f1 \u015ferefine bergen yemekte Almaniyadaki 20 b\u00fcy\u00fck t\u00fcrk ve musulman cemiyetlerini\u00f1 yolba\u015f\u00e7\u0131lar\u0131 bulund\u0131lar.<br><br>Mustafa Cemilevnen beraber bu ziyarette Meclis t\u0131\u015fq\u0131 al\u00e2qalar b\u00f6l\u00fcgini\u00f1 ba\u015f\u0131 Ali Hamzin. Kiyevdeki q\u0131r\u0131mtatarlar cemiyetini\u00f1 ba\u015f\u0131 Aslan \u00d6mer Q\u0131r\u0131ml\u0131 ve Qurultay delegat\u0131 Rustem \u00dcmerov bulund\u0131lar.<\/p>\n","protected":false},"excerpt":{"rendered":"<p>2013 senesi aprel 24-26 k\u00fcnleri Meclis reisi Mustafa Cemilev \u00c7ehiya ve Almaniyada i\u015f ziyaretinen bulund\u0131. Aprel 24 k\u00fcn\u00fc Praga\u011fa kelgeninen M. Cemilev &#8220;Azatl\u0131q&#8221; radios\u0131na davet etildi. Anda o, radion\u0131\u00f1 ukrain muarririyeti direktor\u0131 Mihail Mihalisko ve on\u0131\u00f1 muavini Nataliya \u00c7urikova ile k\u00f6r\u00fc\u015fti. M. Cemilev ukrain, rus, tatar-ba\u015fq\u0131rt, \u015fimaliy kavkaz ve azerbaycan h\u0131zmetlerine intervy\u00fc berdi . Aprel [&hellip;]<\/p>\n","protected":false},"author":1,"featured_media":0,"comment_status":"open","ping_status":"open","sticky":false,"template":"","format":"standard","meta":{"inline_featured_image":false,"footnotes":""},"categories":[265],"tags":[],"class_list":["post-36639","post","type-post","status-publish","format-standard","hentry","category-haberler"],"acf":[],"yoast_head":"<!-- This site is optimized with the Yoast SEO plugin v27.4 - https:\/\/yoast.com\/product\/yoast-seo-wordpress\/ -->\n<title>Meclis reisi Mustafa Cemilevni\u00f1 Praga, Frankfurt-Mayn, Kerpen ve K\u00f6lnge ziyareti yek\u00fcnlendi - \u041c\u0435\u0434\u0436\u043b\u0456\u0441<\/title>\n<meta name=\"robots\" content=\"index, follow, max-snippet:-1, max-image-preview:large, max-video-preview:-1\" \/>\n<link rel=\"canonical\" href=\"https:\/\/qtmm.org\/qt\/meclis-reisi-mustafa-cemilevnin-praga-frankfurt-mayn-kerpen-ve-kolnge-ziyareti-yekunlendi\/\" \/>\n<meta property=\"og:locale\" content=\"en_US\" \/>\n<meta property=\"og:type\" content=\"article\" \/>\n<meta property=\"og:title\" content=\"Meclis reisi Mustafa Cemilevni\u00f1 Praga, Frankfurt-Mayn, Kerpen ve K\u00f6lnge ziyareti yek\u00fcnlendi - \u041c\u0435\u0434\u0436\u043b\u0456\u0441\" \/>\n<meta property=\"og:description\" content=\"2013 senesi aprel 24-26 k\u00fcnleri Meclis reisi Mustafa Cemilev \u00c7ehiya ve Almaniyada i\u015f ziyaretinen bulund\u0131. Aprel 24 k\u00fcn\u00fc Praga\u011fa kelgeninen M. Cemilev &#8220;Azatl\u0131q&#8221; radios\u0131na davet etildi. Anda o, radion\u0131\u00f1 ukrain muarririyeti direktor\u0131 Mihail Mihalisko ve on\u0131\u00f1 muavini Nataliya \u00c7urikova ile k\u00f6r\u00fc\u015fti. M. Cemilev ukrain, rus, tatar-ba\u015fq\u0131rt, \u015fimaliy kavkaz ve azerbaycan h\u0131zmetlerine intervy\u00fc berdi . Aprel [&hellip;]\" \/>\n<meta property=\"og:url\" content=\"https:\/\/qtmm.org\/qt\/meclis-reisi-mustafa-cemilevnin-praga-frankfurt-mayn-kerpen-ve-kolnge-ziyareti-yekunlendi\/\" \/>\n<meta property=\"og:site_name\" content=\"\u041c\u0435\u0434\u0436\u043b\u0456\u0441\" \/>\n<meta property=\"article:publisher\" content=\"https:\/\/www.facebook.com\/qtmm.info\/\" \/>\n<meta property=\"article:published_time\" content=\"2013-04-28T19:26:00+00:00\" \/>\n<meta property=\"article:modified_time\" content=\"2022-01-23T19:26:35+00:00\" \/>\n<meta name=\"author\" content=\"Developer\" \/>\n<meta name=\"twitter:card\" content=\"summary_large_image\" \/>\n<meta name=\"twitter:label1\" content=\"Written by\" \/>\n\t<meta name=\"twitter:data1\" content=\"Developer\" \/>\n\t<meta name=\"twitter:label2\" content=\"Est. reading time\" \/>\n\t<meta name=\"twitter:data2\" content=\"1 minute\" \/>\n<script type=\"application\/ld+json\" class=\"yoast-schema-graph\">{\"@context\":\"https:\\\/\\\/schema.org\",\"@graph\":[{\"@type\":\"Article\",\"@id\":\"https:\\\/\\\/qtmm.org\\\/qt\\\/meclis-reisi-mustafa-cemilevnin-praga-frankfurt-mayn-kerpen-ve-kolnge-ziyareti-yekunlendi\\\/#article\",\"isPartOf\":{\"@id\":\"https:\\\/\\\/qtmm.org\\\/qt\\\/meclis-reisi-mustafa-cemilevnin-praga-frankfurt-mayn-kerpen-ve-kolnge-ziyareti-yekunlendi\\\/\"},\"author\":{\"name\":\"Developer\",\"@id\":\"https:\\\/\\\/qtmm.org\\\/qt\\\/#\\\/schema\\\/person\\\/de562469f971dec226ac06e60bbf74a7\"},\"headline\":\"Meclis reisi Mustafa Cemilevni\u00f1 Praga, Frankfurt-Mayn, Kerpen ve K\u00f6lnge ziyareti yek\u00fcnlendi\",\"datePublished\":\"2013-04-28T19:26:00+00:00\",\"dateModified\":\"2022-01-23T19:26:35+00:00\",\"mainEntityOfPage\":{\"@id\":\"https:\\\/\\\/qtmm.org\\\/qt\\\/meclis-reisi-mustafa-cemilevnin-praga-frankfurt-mayn-kerpen-ve-kolnge-ziyareti-yekunlendi\\\/\"},\"wordCount\":311,\"commentCount\":0,\"publisher\":{\"@id\":\"https:\\\/\\\/qtmm.org\\\/qt\\\/#organization\"},\"articleSection\":[\"Haberler\"],\"inLanguage\":\"qt\",\"potentialAction\":[{\"@type\":\"CommentAction\",\"name\":\"Comment\",\"target\":[\"https:\\\/\\\/qtmm.org\\\/qt\\\/meclis-reisi-mustafa-cemilevnin-praga-frankfurt-mayn-kerpen-ve-kolnge-ziyareti-yekunlendi\\\/#respond\"]}]},{\"@type\":\"WebPage\",\"@id\":\"https:\\\/\\\/qtmm.org\\\/qt\\\/meclis-reisi-mustafa-cemilevnin-praga-frankfurt-mayn-kerpen-ve-kolnge-ziyareti-yekunlendi\\\/\",\"url\":\"https:\\\/\\\/qtmm.org\\\/qt\\\/meclis-reisi-mustafa-cemilevnin-praga-frankfurt-mayn-kerpen-ve-kolnge-ziyareti-yekunlendi\\\/\",\"name\":\"Meclis reisi Mustafa Cemilevni\u00f1 Praga, Frankfurt-Mayn, Kerpen ve K\u00f6lnge ziyareti yek\u00fcnlendi - \u041c\u0435\u0434\u0436\u043b\u0456\u0441\",\"isPartOf\":{\"@id\":\"https:\\\/\\\/qtmm.org\\\/qt\\\/#website\"},\"datePublished\":\"2013-04-28T19:26:00+00:00\",\"dateModified\":\"2022-01-23T19:26:35+00:00\",\"breadcrumb\":{\"@id\":\"https:\\\/\\\/qtmm.org\\\/qt\\\/meclis-reisi-mustafa-cemilevnin-praga-frankfurt-mayn-kerpen-ve-kolnge-ziyareti-yekunlendi\\\/#breadcrumb\"},\"inLanguage\":\"qt\",\"potentialAction\":[{\"@type\":\"ReadAction\",\"target\":[\"https:\\\/\\\/qtmm.org\\\/qt\\\/meclis-reisi-mustafa-cemilevnin-praga-frankfurt-mayn-kerpen-ve-kolnge-ziyareti-yekunlendi\\\/\"]}]},{\"@type\":\"BreadcrumbList\",\"@id\":\"https:\\\/\\\/qtmm.org\\\/qt\\\/meclis-reisi-mustafa-cemilevnin-praga-frankfurt-mayn-kerpen-ve-kolnge-ziyareti-yekunlendi\\\/#breadcrumb\",\"itemListElement\":[{\"@type\":\"ListItem\",\"position\":1,\"name\":\"\u0413\u043e\u043b\u043e\u0432\u043d\u0430\",\"item\":\"https:\\\/\\\/qtmm.org\\\/qt\\\/\"},{\"@type\":\"ListItem\",\"position\":2,\"name\":\"Meclis reisi Mustafa Cemilevni\u00f1 Praga, Frankfurt-Mayn, Kerpen ve K\u00f6lnge ziyareti yek\u00fcnlendi\"}]},{\"@type\":\"WebSite\",\"@id\":\"https:\\\/\\\/qtmm.org\\\/qt\\\/#website\",\"url\":\"https:\\\/\\\/qtmm.org\\\/qt\\\/\",\"name\":\"\u041c\u0435\u0434\u0436\u043b\u0456\u0441\",\"description\":\"\",\"publisher\":{\"@id\":\"https:\\\/\\\/qtmm.org\\\/qt\\\/#organization\"},\"potentialAction\":[{\"@type\":\"SearchAction\",\"target\":{\"@type\":\"EntryPoint\",\"urlTemplate\":\"https:\\\/\\\/qtmm.org\\\/qt\\\/?s={search_term_string}\"},\"query-input\":{\"@type\":\"PropertyValueSpecification\",\"valueRequired\":true,\"valueName\":\"search_term_string\"}}],\"inLanguage\":\"qt\"},{\"@type\":\"Organization\",\"@id\":\"https:\\\/\\\/qtmm.org\\\/qt\\\/#organization\",\"name\":\"\u041c\u0435\u0434\u0436\u043b\u0456\u0441\",\"url\":\"https:\\\/\\\/qtmm.org\\\/qt\\\/\",\"logo\":{\"@type\":\"ImageObject\",\"inLanguage\":\"qt\",\"@id\":\"https:\\\/\\\/qtmm.org\\\/qt\\\/#\\\/schema\\\/logo\\\/image\\\/\",\"url\":\"https:\\\/\\\/qtmm.org\\\/wp-content\\\/uploads\\\/2024\\\/12\\\/ua-mejlis-logo-rgb.svg\",\"contentUrl\":\"https:\\\/\\\/qtmm.org\\\/wp-content\\\/uploads\\\/2024\\\/12\\\/ua-mejlis-logo-rgb.svg\",\"caption\":\"\u041c\u0435\u0434\u0436\u043b\u0456\u0441\"},\"image\":{\"@id\":\"https:\\\/\\\/qtmm.org\\\/qt\\\/#\\\/schema\\\/logo\\\/image\\\/\"},\"sameAs\":[\"https:\\\/\\\/www.facebook.com\\\/qtmm.info\\\/\"]},{\"@type\":\"Person\",\"@id\":\"https:\\\/\\\/qtmm.org\\\/qt\\\/#\\\/schema\\\/person\\\/de562469f971dec226ac06e60bbf74a7\",\"name\":\"Developer\",\"image\":{\"@type\":\"ImageObject\",\"inLanguage\":\"qt\",\"@id\":\"https:\\\/\\\/secure.gravatar.com\\\/avatar\\\/392b4cc8fbfeb00b39dfeeab4ee6edded39ffd48e25858637e4765810300227e?s=96&d=mm&r=g\",\"url\":\"https:\\\/\\\/secure.gravatar.com\\\/avatar\\\/392b4cc8fbfeb00b39dfeeab4ee6edded39ffd48e25858637e4765810300227e?s=96&d=mm&r=g\",\"contentUrl\":\"https:\\\/\\\/secure.gravatar.com\\\/avatar\\\/392b4cc8fbfeb00b39dfeeab4ee6edded39ffd48e25858637e4765810300227e?s=96&d=mm&r=g\",\"caption\":\"Developer\"},\"url\":\"https:\\\/\\\/qtmm.org\\\/qt\\\/author\\\/Developer\\\/\"}]}<\/script>\n<!-- \/ Yoast SEO plugin. -->","yoast_head_json":{"title":"Meclis reisi Mustafa Cemilevni\u00f1 Praga, Frankfurt-Mayn, Kerpen ve K\u00f6lnge ziyareti yek\u00fcnlendi - \u041c\u0435\u0434\u0436\u043b\u0456\u0441","robots":{"index":"index","follow":"follow","max-snippet":"max-snippet:-1","max-image-preview":"max-image-preview:large","max-video-preview":"max-video-preview:-1"},"canonical":"https:\/\/qtmm.org\/qt\/meclis-reisi-mustafa-cemilevnin-praga-frankfurt-mayn-kerpen-ve-kolnge-ziyareti-yekunlendi\/","og_locale":"en_US","og_type":"article","og_title":"Meclis reisi Mustafa Cemilevni\u00f1 Praga, Frankfurt-Mayn, Kerpen ve K\u00f6lnge ziyareti yek\u00fcnlendi - \u041c\u0435\u0434\u0436\u043b\u0456\u0441","og_description":"2013 senesi aprel 24-26 k\u00fcnleri Meclis reisi Mustafa Cemilev \u00c7ehiya ve Almaniyada i\u015f ziyaretinen bulund\u0131. Aprel 24 k\u00fcn\u00fc Praga\u011fa kelgeninen M. Cemilev &#8220;Azatl\u0131q&#8221; radios\u0131na davet etildi. Anda o, radion\u0131\u00f1 ukrain muarririyeti direktor\u0131 Mihail Mihalisko ve on\u0131\u00f1 muavini Nataliya \u00c7urikova ile k\u00f6r\u00fc\u015fti. M. Cemilev ukrain, rus, tatar-ba\u015fq\u0131rt, \u015fimaliy kavkaz ve azerbaycan h\u0131zmetlerine intervy\u00fc berdi . Aprel [&hellip;]","og_url":"https:\/\/qtmm.org\/qt\/meclis-reisi-mustafa-cemilevnin-praga-frankfurt-mayn-kerpen-ve-kolnge-ziyareti-yekunlendi\/","og_site_name":"\u041c\u0435\u0434\u0436\u043b\u0456\u0441","article_publisher":"https:\/\/www.facebook.com\/qtmm.info\/","article_published_time":"2013-04-28T19:26:00+00:00","article_modified_time":"2022-01-23T19:26:35+00:00","author":"Developer","twitter_card":"summary_large_image","twitter_misc":{"Written by":"Developer","Est. reading time":"1 minute"},"schema":{"@context":"https:\/\/schema.org","@graph":[{"@type":"Article","@id":"https:\/\/qtmm.org\/qt\/meclis-reisi-mustafa-cemilevnin-praga-frankfurt-mayn-kerpen-ve-kolnge-ziyareti-yekunlendi\/#article","isPartOf":{"@id":"https:\/\/qtmm.org\/qt\/meclis-reisi-mustafa-cemilevnin-praga-frankfurt-mayn-kerpen-ve-kolnge-ziyareti-yekunlendi\/"},"author":{"name":"Developer","@id":"https:\/\/qtmm.org\/qt\/#\/schema\/person\/de562469f971dec226ac06e60bbf74a7"},"headline":"Meclis reisi Mustafa Cemilevni\u00f1 Praga, Frankfurt-Mayn, Kerpen ve K\u00f6lnge ziyareti yek\u00fcnlendi","datePublished":"2013-04-28T19:26:00+00:00","dateModified":"2022-01-23T19:26:35+00:00","mainEntityOfPage":{"@id":"https:\/\/qtmm.org\/qt\/meclis-reisi-mustafa-cemilevnin-praga-frankfurt-mayn-kerpen-ve-kolnge-ziyareti-yekunlendi\/"},"wordCount":311,"commentCount":0,"publisher":{"@id":"https:\/\/qtmm.org\/qt\/#organization"},"articleSection":["Haberler"],"inLanguage":"qt","potentialAction":[{"@type":"CommentAction","name":"Comment","target":["https:\/\/qtmm.org\/qt\/meclis-reisi-mustafa-cemilevnin-praga-frankfurt-mayn-kerpen-ve-kolnge-ziyareti-yekunlendi\/#respond"]}]},{"@type":"WebPage","@id":"https:\/\/qtmm.org\/qt\/meclis-reisi-mustafa-cemilevnin-praga-frankfurt-mayn-kerpen-ve-kolnge-ziyareti-yekunlendi\/","url":"https:\/\/qtmm.org\/qt\/meclis-reisi-mustafa-cemilevnin-praga-frankfurt-mayn-kerpen-ve-kolnge-ziyareti-yekunlendi\/","name":"Meclis reisi Mustafa Cemilevni\u00f1 Praga, Frankfurt-Mayn, Kerpen ve K\u00f6lnge ziyareti yek\u00fcnlendi - \u041c\u0435\u0434\u0436\u043b\u0456\u0441","isPartOf":{"@id":"https:\/\/qtmm.org\/qt\/#website"},"datePublished":"2013-04-28T19:26:00+00:00","dateModified":"2022-01-23T19:26:35+00:00","breadcrumb":{"@id":"https:\/\/qtmm.org\/qt\/meclis-reisi-mustafa-cemilevnin-praga-frankfurt-mayn-kerpen-ve-kolnge-ziyareti-yekunlendi\/#breadcrumb"},"inLanguage":"qt","potentialAction":[{"@type":"ReadAction","target":["https:\/\/qtmm.org\/qt\/meclis-reisi-mustafa-cemilevnin-praga-frankfurt-mayn-kerpen-ve-kolnge-ziyareti-yekunlendi\/"]}]},{"@type":"BreadcrumbList","@id":"https:\/\/qtmm.org\/qt\/meclis-reisi-mustafa-cemilevnin-praga-frankfurt-mayn-kerpen-ve-kolnge-ziyareti-yekunlendi\/#breadcrumb","itemListElement":[{"@type":"ListItem","position":1,"name":"\u0413\u043e\u043b\u043e\u0432\u043d\u0430","item":"https:\/\/qtmm.org\/qt\/"},{"@type":"ListItem","position":2,"name":"Meclis reisi Mustafa Cemilevni\u00f1 Praga, Frankfurt-Mayn, Kerpen ve K\u00f6lnge ziyareti yek\u00fcnlendi"}]},{"@type":"WebSite","@id":"https:\/\/qtmm.org\/qt\/#website","url":"https:\/\/qtmm.org\/qt\/","name":"\u041c\u0435\u0434\u0436\u043b\u0456\u0441","description":"","publisher":{"@id":"https:\/\/qtmm.org\/qt\/#organization"},"potentialAction":[{"@type":"SearchAction","target":{"@type":"EntryPoint","urlTemplate":"https:\/\/qtmm.org\/qt\/?s={search_term_string}"},"query-input":{"@type":"PropertyValueSpecification","valueRequired":true,"valueName":"search_term_string"}}],"inLanguage":"qt"},{"@type":"Organization","@id":"https:\/\/qtmm.org\/qt\/#organization","name":"\u041c\u0435\u0434\u0436\u043b\u0456\u0441","url":"https:\/\/qtmm.org\/qt\/","logo":{"@type":"ImageObject","inLanguage":"qt","@id":"https:\/\/qtmm.org\/qt\/#\/schema\/logo\/image\/","url":"https:\/\/qtmm.org\/wp-content\/uploads\/2024\/12\/ua-mejlis-logo-rgb.svg","contentUrl":"https:\/\/qtmm.org\/wp-content\/uploads\/2024\/12\/ua-mejlis-logo-rgb.svg","caption":"\u041c\u0435\u0434\u0436\u043b\u0456\u0441"},"image":{"@id":"https:\/\/qtmm.org\/qt\/#\/schema\/logo\/image\/"},"sameAs":["https:\/\/www.facebook.com\/qtmm.info\/"]},{"@type":"Person","@id":"https:\/\/qtmm.org\/qt\/#\/schema\/person\/de562469f971dec226ac06e60bbf74a7","name":"Developer","image":{"@type":"ImageObject","inLanguage":"qt","@id":"https:\/\/secure.gravatar.com\/avatar\/392b4cc8fbfeb00b39dfeeab4ee6edded39ffd48e25858637e4765810300227e?s=96&d=mm&r=g","url":"https:\/\/secure.gravatar.com\/avatar\/392b4cc8fbfeb00b39dfeeab4ee6edded39ffd48e25858637e4765810300227e?s=96&d=mm&r=g","contentUrl":"https:\/\/secure.gravatar.com\/avatar\/392b4cc8fbfeb00b39dfeeab4ee6edded39ffd48e25858637e4765810300227e?s=96&d=mm&r=g","caption":"Developer"},"url":"https:\/\/qtmm.org\/qt\/author\/Developer\/"}]}},"_links":{"self":[{"href":"https:\/\/qtmm.org\/qt\/wp-json\/wp\/v2\/posts\/36639","targetHints":{"allow":["GET"]}}],"collection":[{"href":"https:\/\/qtmm.org\/qt\/wp-json\/wp\/v2\/posts"}],"about":[{"href":"https:\/\/qtmm.org\/qt\/wp-json\/wp\/v2\/types\/post"}],"author":[{"embeddable":true,"href":"https:\/\/qtmm.org\/qt\/wp-json\/wp\/v2\/users\/1"}],"replies":[{"embeddable":true,"href":"https:\/\/qtmm.org\/qt\/wp-json\/wp\/v2\/comments?post=36639"}],"version-history":[{"count":1,"href":"https:\/\/qtmm.org\/qt\/wp-json\/wp\/v2\/posts\/36639\/revisions"}],"predecessor-version":[{"id":36640,"href":"https:\/\/qtmm.org\/qt\/wp-json\/wp\/v2\/posts\/36639\/revisions\/36640"}],"wp:attachment":[{"href":"https:\/\/qtmm.org\/qt\/wp-json\/wp\/v2\/media?parent=36639"}],"wp:term":[{"taxonomy":"category","embeddable":true,"href":"https:\/\/qtmm.org\/qt\/wp-json\/wp\/v2\/categories?post=36639"},{"taxonomy":"post_tag","embeddable":true,"href":"https:\/\/qtmm.org\/qt\/wp-json\/wp\/v2\/tags?post=36639"}],"curies":[{"name":"wp","href":"https:\/\/api.w.org\/{rel}","templated":true}]}}