




{"id":36637,"date":"2013-04-26T22:25:00","date_gmt":"2013-04-26T19:25:00","guid":{"rendered":"http:\/\/qtmm.org\/?p=36637"},"modified":"2022-01-23T22:26:00","modified_gmt":"2022-01-23T19:26:00","slug":"acele-iske-seytan-qarisir","status":"publish","type":"post","link":"https:\/\/qtmm.org\/qt\/acele-iske-seytan-qarisir\/","title":{"rendered":"Acele i\u015fke \u015feytan qar\u0131\u015f\u0131r!"},"content":{"rendered":"\n<p>Eki y\u0131ldan berli ke\u00e7irilmekte ol\u011fan B\u00fct\u00fcnq\u0131r\u0131m &#8220;H\u0131d\u0131rlez&#8221; bayram\u0131 Q\u0131r\u0131mda \u00e7e\u015fit medeniyet ve milletlerge mens\u00fcp insanlarn\u0131 birle\u015ftirgen \u015fe\u00f1 bir bayram nam\u0131n\u0131 qazand\u0131.<\/p>\n\n\n\n<p>Vasiliy Cart\u0131 imzas\u0131nen qabul etilgen Q\u0131r\u0131m Nazirler \u015furas\u0131n\u0131\u00f1 2011 senesi aprel 18 \u2116172 &#8220;H\u0131d\u0131rlez&#8221; q\u0131r\u0131mtatar milliy bayram\u0131na az\u0131rl\u0131q tedbirleri boyunca qarar\u0131 Ukraina Prezidentini\u00f1 o zamanda Q\u0131r\u0131mdaki daimiy temsilcisi ol\u011fan Vladimir Yatsuba, Meclis reisi ve Q\u0131r\u0131m musulmanlar\u0131n\u0131\u00f1 m\u00fcftisi Emirali Ablayev beraberlikte aq\u0131l tan\u0131\u015fqan, fikir payla\u015fqan so\u00f1 peyda ol\u011fan edi.<\/p>\n\n\n\n<p>Zaten, Q\u0131r\u0131m o zaman uzun m\u00fcddet s\u00fcrgen depression vaziyetten \u00e7\u0131q\u0131p, ya\u00f1\u0131 areketler bosa\u011fas\u0131na ad\u0131m att\u0131. Konsultatsiyalar neticesinde bir maqsad &#8211; yar\u0131madada ya\u015fa\u011fan \u00e7e\u015fit millet, din mens\u00fcplerini\u00f1 \u00f6zara i\u015fan\u00e7, say\u011f\u0131s\u0131n\u0131 pekitmek, q\u0131r\u0131mtatar halq\u0131n\u0131\u00f1 medeniyeti, adeti ve ananelerini k\u00fctleviyle\u015ftirmek i\u00e7\u00fcn Q\u0131r\u0131mda er sene &#8220;H\u0131d\u0131rlez&#8221; bayram\u0131n\u0131 ke\u00e7irmek qararla\u015ft\u0131r\u0131ld\u0131.<\/p>\n\n\n\n<p>Aradan eki y\u0131l ke\u00e7ti ve endi Nazirler \u015furas\u0131n\u0131\u00f1 ya\u00f1\u0131 yolba\u015f\u00e7\u0131lar\u0131 evel al\u0131n\u011fan qararlarn\u0131 silip ta\u015flap, q\u0131r\u0131mtatarlar\u011fa ve olarnen beraber er keske endi ananege \u00e7evirilmekte ol\u011fan Ba\u011f\u00e7asaray-Aqmescit yolun\u0131\u00f1 25-nci kilometrinde ke\u00e7irilgen B\u00fct\u00fcnq\u0131r\u0131m bayram\u0131n\u0131 Aqmescit ve Aqmescit rayon\u0131, Sudaq ve Kezlevde ke\u00e7irilgen par\u00e7a-par\u00e7a bayramlar\u011fa b\u00f6ldiler. Em \u015fun\u0131 da qayd etmeli ki, q\u0131r\u0131mtatarlarn\u0131\u00f1 kendilerini\u00f1 fikirini soramaq Q\u0131r\u0131m Nazirler \u015furas\u0131n\u0131\u00f1 aq\u0131l\u0131na bile kelmey ve bu endi \u00e7irkin bir adet t\u00fcs\u00fcni ald\u0131.<\/p>\n\n\n\n<p>Q\u0131r\u0131mtatarlarda &#8220;Acele i\u015fke \u015feytan qar\u0131\u015f\u0131r&#8221; degen ikmetli ibare bar. Q\u0131r\u0131m \u00e7inovnikleri ayn\u0131 \u015fu tarzda i\u015f tut\u0131p, \u015feytan\u011fa uyd\u0131lar. \u00c7\u00fcnki evel-ezelden H\u0131d\u0131rlez bayram\u0131 may\u0131sn\u0131\u00f1 birinci aftas\u0131nda qayd etile tur\u011fan. Bizni ise tam\u0131rlar\u0131m\u0131z, adetlerimizni unutt\u0131rma\u011fa t\u0131r\u0131\u015f\u0131p, bayramn\u0131 may\u0131s 10,11,12 k\u00fcnlerine ke\u00e7irdiler.<\/p>\n\n\n\n<p>Amma \u015fun\u0131 da qayd etmeli ki, ayn\u0131 \u015fu k\u00fcnler \u2014 yani may\u0131s 10,11 ve 12 k\u00fcnleri q\u0131r\u0131mtatar halq\u0131n\u0131\u00f1 tarih\u0131nda qanl\u0131 iz qald\u0131rd\u0131lar. 1944 senesi may\u0131s 10-da Stalinni\u00f1 masas\u0131na Devlet Mudafaa Komitetini\u00f1 &#8220;Q\u0131r\u0131mtatarlar aqq\u0131nda&#8221; Ferman\u0131 qoyuld\u0131. May\u0131s 11-de ise Stalin bu Fermann\u0131 imzalad\u0131, may\u0131s 12 Q\u0131r\u0131mda q\u0131r\u0131mtatarlarn\u0131 s\u00fcrg\u00fcn etmek aktsiyas\u0131na az\u0131rl\u0131q yek\u00fcnlendi.<\/p>\n\n\n\n<p>B\u00f6yle tarihiy faktlarn\u0131 Q\u0131r\u0131m yolba\u015f\u00e7\u0131lar\u0131n\u0131\u00f1 bilmemesi m\u00fcmk\u00fcn degil. Q\u0131r\u0131mtatarlar\u0131na H\u0131d\u0131rlez bayram\u0131n\u0131 ayn\u0131 \u015fu qara k\u00fcnlerde qayd etmekni tevsiye eterek, olar s\u00fcrg\u00fcnlikni\u00f1 bi\u00f1lernen qurbanlar\u0131n\u0131\u00f1 hat\u0131ras\u0131n\u0131 aqaret etkenlerinden \u011fayr\u0131 q\u0131r\u0131mtatarlarn\u0131\u00f1 \u00f6zlerini ve qom\u015fular\u0131n\u0131 da bu masharal\u0131qqa celp eteler. As\u0131l\u0131nda, biz q\u0131r\u0131mtatarlar\u011fa may\u0131s 18-ni\u00f1 sebep\u00e7isi ol\u011fan matem k\u00fcnlerni oyun ve y\u0131rlarnen qayd etmekni teklif eteler.<\/p>\n\n\n\n<p>B\u00fct\u00fcn bulardan qa\u00e7\u0131nmaq m\u00fcmk\u00fcn olur edi, eger de Q\u0131r\u0131m Nazirler \u015furas\u0131 \u00f6z siyasiy menfaatlar\u0131n\u0131 t\u00fc\u015f\u00fcnmeden Meclis ve M\u00fcftiyat eki sene evelsi a\u00f1la\u015f\u0131p ke\u00e7irgen bayram tertibini bozma\u011fan olsalar. Amma Meclis ve M\u00fcftiyatnen aq\u0131l tan\u0131\u015fmaq yerine olar diger din vekillerini\u00f1 bergen aq\u0131l\u0131na k\u00f6re i\u015f tutmaqn\u0131 \u00fcst\u00fcn sayd\u0131lar. Akimiyet ve q\u0131r\u0131mtatar halq\u0131 aras\u0131na \u015f\u0131na qaqmaq i\u015fine akimiyetke h\u0131zmet etken siyaset\u00e7iler de \u00f6z isselerini qo\u015ft\u0131lar. Neticede Q\u0131r\u0131mda qapa-qar\u015f\u0131l\u0131qn\u0131\u00f1 ya\u00f1\u0131 basq\u0131\u00e7\u0131 ba\u015fland\u0131.<\/p>\n\n\n\n<p>Bug\u00fcnde-bug\u00fcn endi a\u00e7\u0131q k\u00f6r\u00fcle ki, s\u00fcrg\u00fcnlikte el\u00e2k ol\u011fan yaq\u0131nlar\u0131n\u0131\u00f1 hat\u0131ras\u0131n\u0131 muqaytl\u0131qnen saqla\u011fan q\u0131r\u0131mtatarlarn\u0131\u00f1 \u00e7oqlu\u011f\u0131 H\u0131d\u0131rlez bayram\u0131n\u0131 akimiyet tevsiye etken may\u0131s 10,11 ve 12 k\u00fcnlerinde degil de Meclis te\u015fkil etken may\u0131s 6 k\u00fcn\u00fcnde qayd etecek. H\u0131d\u0131rlez bayram\u0131nda i\u015ftirak etmek istegini endi yetek\u00e7i icadiy kollektivler, halq ustalar\u0131, sport\u00e7\u0131lar, Camala, Enver \u0130zmaylov ve Femi Mustafayev kibi sana y\u0131ld\u0131zlar\u0131 bildirdiler.<\/p>\n\n\n\n<p>Q\u0131r\u0131mtatar halq\u0131n\u0131\u00f1 as\u0131rl\u0131q ananelerini\u00f1 ba\u011f\u0131n\u0131 kimse \u00fczip olamaz. Evel-ezelden ol\u011fan\u0131 kibi H\u0131d\u0131r ve \u0130lyas azizler Q\u0131r\u0131mn\u0131\u00f1 c\u00fcmert topra\u011f\u0131nda k\u00f6r\u00fc\u015fip, insanlar\u011fa nomay bereket \u00fcm\u00fcdini ba\u011f\u0131\u015flarlar. Ve kene qadimiy Ba\u011f\u00e7asaray civar\u0131nda Q\u0131r\u0131mn\u0131\u00f1 birligi ve bar\u0131\u015f\u0131ql\u0131\u011f\u0131n\u0131 se\u00e7ken on bi\u00f1lernen q\u0131r\u0131mtatarlar k\u00f6r\u00fc\u015firler\u00fc<\/p>\n\n\n\n<p><em><strong>Refat \u00c7ubarov,<br>Q\u0131r\u0131mtatar halq\u0131 Meclisi reisini\u00f1 birinci muavini.<\/strong><\/em><\/p>\n","protected":false},"excerpt":{"rendered":"<p>Eki y\u0131ldan berli ke\u00e7irilmekte ol\u011fan B\u00fct\u00fcnq\u0131r\u0131m &#8220;H\u0131d\u0131rlez&#8221; bayram\u0131 Q\u0131r\u0131mda \u00e7e\u015fit medeniyet ve milletlerge mens\u00fcp insanlarn\u0131 birle\u015ftirgen \u015fe\u00f1 bir bayram nam\u0131n\u0131 qazand\u0131. Vasiliy Cart\u0131 imzas\u0131nen qabul etilgen Q\u0131r\u0131m Nazirler \u015furas\u0131n\u0131\u00f1 2011 senesi aprel 18 \u2116172 &#8220;H\u0131d\u0131rlez&#8221; q\u0131r\u0131mtatar milliy bayram\u0131na az\u0131rl\u0131q tedbirleri boyunca qarar\u0131 Ukraina Prezidentini\u00f1 o zamanda Q\u0131r\u0131mdaki daimiy temsilcisi ol\u011fan Vladimir Yatsuba, Meclis reisi ve [&hellip;]<\/p>\n","protected":false},"author":1,"featured_media":0,"comment_status":"open","ping_status":"open","sticky":false,"template":"","format":"standard","meta":{"inline_featured_image":false,"footnotes":""},"categories":[265],"tags":[],"class_list":["post-36637","post","type-post","status-publish","format-standard","hentry","category-haberler"],"acf":[],"yoast_head":"<!-- This site is optimized with the Yoast SEO plugin v27.4 - https:\/\/yoast.com\/product\/yoast-seo-wordpress\/ -->\n<title>Acele i\u015fke \u015feytan qar\u0131\u015f\u0131r! - \u041c\u0435\u0434\u0436\u043b\u0456\u0441<\/title>\n<meta name=\"robots\" content=\"index, follow, max-snippet:-1, max-image-preview:large, max-video-preview:-1\" \/>\n<link rel=\"canonical\" href=\"https:\/\/qtmm.org\/qt\/acele-iske-seytan-qarisir\/\" \/>\n<meta property=\"og:locale\" content=\"en_US\" \/>\n<meta property=\"og:type\" content=\"article\" \/>\n<meta property=\"og:title\" content=\"Acele i\u015fke \u015feytan qar\u0131\u015f\u0131r! - \u041c\u0435\u0434\u0436\u043b\u0456\u0441\" \/>\n<meta property=\"og:description\" content=\"Eki y\u0131ldan berli ke\u00e7irilmekte ol\u011fan B\u00fct\u00fcnq\u0131r\u0131m &#8220;H\u0131d\u0131rlez&#8221; bayram\u0131 Q\u0131r\u0131mda \u00e7e\u015fit medeniyet ve milletlerge mens\u00fcp insanlarn\u0131 birle\u015ftirgen \u015fe\u00f1 bir bayram nam\u0131n\u0131 qazand\u0131. Vasiliy Cart\u0131 imzas\u0131nen qabul etilgen Q\u0131r\u0131m Nazirler \u015furas\u0131n\u0131\u00f1 2011 senesi aprel 18 \u2116172 &#8220;H\u0131d\u0131rlez&#8221; q\u0131r\u0131mtatar milliy bayram\u0131na az\u0131rl\u0131q tedbirleri boyunca qarar\u0131 Ukraina Prezidentini\u00f1 o zamanda Q\u0131r\u0131mdaki daimiy temsilcisi ol\u011fan Vladimir Yatsuba, Meclis reisi ve [&hellip;]\" \/>\n<meta property=\"og:url\" content=\"https:\/\/qtmm.org\/qt\/acele-iske-seytan-qarisir\/\" \/>\n<meta property=\"og:site_name\" content=\"\u041c\u0435\u0434\u0436\u043b\u0456\u0441\" \/>\n<meta property=\"article:publisher\" content=\"https:\/\/www.facebook.com\/qtmm.info\/\" \/>\n<meta property=\"article:published_time\" content=\"2013-04-26T19:25:00+00:00\" \/>\n<meta property=\"article:modified_time\" content=\"2022-01-23T19:26:00+00:00\" \/>\n<meta name=\"author\" content=\"Developer\" \/>\n<meta name=\"twitter:card\" content=\"summary_large_image\" \/>\n<meta name=\"twitter:label1\" content=\"Written by\" \/>\n\t<meta name=\"twitter:data1\" content=\"Developer\" \/>\n\t<meta name=\"twitter:label2\" content=\"Est. reading time\" \/>\n\t<meta name=\"twitter:data2\" content=\"4 minutes\" \/>\n<script type=\"application\/ld+json\" class=\"yoast-schema-graph\">{\"@context\":\"https:\\\/\\\/schema.org\",\"@graph\":[{\"@type\":\"Article\",\"@id\":\"https:\\\/\\\/qtmm.org\\\/qt\\\/acele-iske-seytan-qarisir\\\/#article\",\"isPartOf\":{\"@id\":\"https:\\\/\\\/qtmm.org\\\/qt\\\/acele-iske-seytan-qarisir\\\/\"},\"author\":{\"name\":\"Developer\",\"@id\":\"https:\\\/\\\/qtmm.org\\\/qt\\\/#\\\/schema\\\/person\\\/de562469f971dec226ac06e60bbf74a7\"},\"headline\":\"Acele i\u015fke \u015feytan qar\u0131\u015f\u0131r!\",\"datePublished\":\"2013-04-26T19:25:00+00:00\",\"dateModified\":\"2022-01-23T19:26:00+00:00\",\"mainEntityOfPage\":{\"@id\":\"https:\\\/\\\/qtmm.org\\\/qt\\\/acele-iske-seytan-qarisir\\\/\"},\"wordCount\":772,\"commentCount\":0,\"publisher\":{\"@id\":\"https:\\\/\\\/qtmm.org\\\/qt\\\/#organization\"},\"articleSection\":[\"Haberler\"],\"inLanguage\":\"qt\",\"potentialAction\":[{\"@type\":\"CommentAction\",\"name\":\"Comment\",\"target\":[\"https:\\\/\\\/qtmm.org\\\/qt\\\/acele-iske-seytan-qarisir\\\/#respond\"]}]},{\"@type\":\"WebPage\",\"@id\":\"https:\\\/\\\/qtmm.org\\\/qt\\\/acele-iske-seytan-qarisir\\\/\",\"url\":\"https:\\\/\\\/qtmm.org\\\/qt\\\/acele-iske-seytan-qarisir\\\/\",\"name\":\"Acele i\u015fke \u015feytan qar\u0131\u015f\u0131r! - \u041c\u0435\u0434\u0436\u043b\u0456\u0441\",\"isPartOf\":{\"@id\":\"https:\\\/\\\/qtmm.org\\\/qt\\\/#website\"},\"datePublished\":\"2013-04-26T19:25:00+00:00\",\"dateModified\":\"2022-01-23T19:26:00+00:00\",\"breadcrumb\":{\"@id\":\"https:\\\/\\\/qtmm.org\\\/qt\\\/acele-iske-seytan-qarisir\\\/#breadcrumb\"},\"inLanguage\":\"qt\",\"potentialAction\":[{\"@type\":\"ReadAction\",\"target\":[\"https:\\\/\\\/qtmm.org\\\/qt\\\/acele-iske-seytan-qarisir\\\/\"]}]},{\"@type\":\"BreadcrumbList\",\"@id\":\"https:\\\/\\\/qtmm.org\\\/qt\\\/acele-iske-seytan-qarisir\\\/#breadcrumb\",\"itemListElement\":[{\"@type\":\"ListItem\",\"position\":1,\"name\":\"\u0413\u043e\u043b\u043e\u0432\u043d\u0430\",\"item\":\"https:\\\/\\\/qtmm.org\\\/qt\\\/\"},{\"@type\":\"ListItem\",\"position\":2,\"name\":\"Acele i\u015fke \u015feytan qar\u0131\u015f\u0131r!\"}]},{\"@type\":\"WebSite\",\"@id\":\"https:\\\/\\\/qtmm.org\\\/qt\\\/#website\",\"url\":\"https:\\\/\\\/qtmm.org\\\/qt\\\/\",\"name\":\"\u041c\u0435\u0434\u0436\u043b\u0456\u0441\",\"description\":\"\",\"publisher\":{\"@id\":\"https:\\\/\\\/qtmm.org\\\/qt\\\/#organization\"},\"potentialAction\":[{\"@type\":\"SearchAction\",\"target\":{\"@type\":\"EntryPoint\",\"urlTemplate\":\"https:\\\/\\\/qtmm.org\\\/qt\\\/?s={search_term_string}\"},\"query-input\":{\"@type\":\"PropertyValueSpecification\",\"valueRequired\":true,\"valueName\":\"search_term_string\"}}],\"inLanguage\":\"qt\"},{\"@type\":\"Organization\",\"@id\":\"https:\\\/\\\/qtmm.org\\\/qt\\\/#organization\",\"name\":\"\u041c\u0435\u0434\u0436\u043b\u0456\u0441\",\"url\":\"https:\\\/\\\/qtmm.org\\\/qt\\\/\",\"logo\":{\"@type\":\"ImageObject\",\"inLanguage\":\"qt\",\"@id\":\"https:\\\/\\\/qtmm.org\\\/qt\\\/#\\\/schema\\\/logo\\\/image\\\/\",\"url\":\"https:\\\/\\\/qtmm.org\\\/wp-content\\\/uploads\\\/2024\\\/12\\\/ua-mejlis-logo-rgb.svg\",\"contentUrl\":\"https:\\\/\\\/qtmm.org\\\/wp-content\\\/uploads\\\/2024\\\/12\\\/ua-mejlis-logo-rgb.svg\",\"caption\":\"\u041c\u0435\u0434\u0436\u043b\u0456\u0441\"},\"image\":{\"@id\":\"https:\\\/\\\/qtmm.org\\\/qt\\\/#\\\/schema\\\/logo\\\/image\\\/\"},\"sameAs\":[\"https:\\\/\\\/www.facebook.com\\\/qtmm.info\\\/\"]},{\"@type\":\"Person\",\"@id\":\"https:\\\/\\\/qtmm.org\\\/qt\\\/#\\\/schema\\\/person\\\/de562469f971dec226ac06e60bbf74a7\",\"name\":\"Developer\",\"image\":{\"@type\":\"ImageObject\",\"inLanguage\":\"qt\",\"@id\":\"https:\\\/\\\/secure.gravatar.com\\\/avatar\\\/392b4cc8fbfeb00b39dfeeab4ee6edded39ffd48e25858637e4765810300227e?s=96&d=mm&r=g\",\"url\":\"https:\\\/\\\/secure.gravatar.com\\\/avatar\\\/392b4cc8fbfeb00b39dfeeab4ee6edded39ffd48e25858637e4765810300227e?s=96&d=mm&r=g\",\"contentUrl\":\"https:\\\/\\\/secure.gravatar.com\\\/avatar\\\/392b4cc8fbfeb00b39dfeeab4ee6edded39ffd48e25858637e4765810300227e?s=96&d=mm&r=g\",\"caption\":\"Developer\"},\"url\":\"https:\\\/\\\/qtmm.org\\\/qt\\\/author\\\/Developer\\\/\"}]}<\/script>\n<!-- \/ Yoast SEO plugin. -->","yoast_head_json":{"title":"Acele i\u015fke \u015feytan qar\u0131\u015f\u0131r! - \u041c\u0435\u0434\u0436\u043b\u0456\u0441","robots":{"index":"index","follow":"follow","max-snippet":"max-snippet:-1","max-image-preview":"max-image-preview:large","max-video-preview":"max-video-preview:-1"},"canonical":"https:\/\/qtmm.org\/qt\/acele-iske-seytan-qarisir\/","og_locale":"en_US","og_type":"article","og_title":"Acele i\u015fke \u015feytan qar\u0131\u015f\u0131r! - \u041c\u0435\u0434\u0436\u043b\u0456\u0441","og_description":"Eki y\u0131ldan berli ke\u00e7irilmekte ol\u011fan B\u00fct\u00fcnq\u0131r\u0131m &#8220;H\u0131d\u0131rlez&#8221; bayram\u0131 Q\u0131r\u0131mda \u00e7e\u015fit medeniyet ve milletlerge mens\u00fcp insanlarn\u0131 birle\u015ftirgen \u015fe\u00f1 bir bayram nam\u0131n\u0131 qazand\u0131. Vasiliy Cart\u0131 imzas\u0131nen qabul etilgen Q\u0131r\u0131m Nazirler \u015furas\u0131n\u0131\u00f1 2011 senesi aprel 18 \u2116172 &#8220;H\u0131d\u0131rlez&#8221; q\u0131r\u0131mtatar milliy bayram\u0131na az\u0131rl\u0131q tedbirleri boyunca qarar\u0131 Ukraina Prezidentini\u00f1 o zamanda Q\u0131r\u0131mdaki daimiy temsilcisi ol\u011fan Vladimir Yatsuba, Meclis reisi ve [&hellip;]","og_url":"https:\/\/qtmm.org\/qt\/acele-iske-seytan-qarisir\/","og_site_name":"\u041c\u0435\u0434\u0436\u043b\u0456\u0441","article_publisher":"https:\/\/www.facebook.com\/qtmm.info\/","article_published_time":"2013-04-26T19:25:00+00:00","article_modified_time":"2022-01-23T19:26:00+00:00","author":"Developer","twitter_card":"summary_large_image","twitter_misc":{"Written by":"Developer","Est. reading time":"4 minutes"},"schema":{"@context":"https:\/\/schema.org","@graph":[{"@type":"Article","@id":"https:\/\/qtmm.org\/qt\/acele-iske-seytan-qarisir\/#article","isPartOf":{"@id":"https:\/\/qtmm.org\/qt\/acele-iske-seytan-qarisir\/"},"author":{"name":"Developer","@id":"https:\/\/qtmm.org\/qt\/#\/schema\/person\/de562469f971dec226ac06e60bbf74a7"},"headline":"Acele i\u015fke \u015feytan qar\u0131\u015f\u0131r!","datePublished":"2013-04-26T19:25:00+00:00","dateModified":"2022-01-23T19:26:00+00:00","mainEntityOfPage":{"@id":"https:\/\/qtmm.org\/qt\/acele-iske-seytan-qarisir\/"},"wordCount":772,"commentCount":0,"publisher":{"@id":"https:\/\/qtmm.org\/qt\/#organization"},"articleSection":["Haberler"],"inLanguage":"qt","potentialAction":[{"@type":"CommentAction","name":"Comment","target":["https:\/\/qtmm.org\/qt\/acele-iske-seytan-qarisir\/#respond"]}]},{"@type":"WebPage","@id":"https:\/\/qtmm.org\/qt\/acele-iske-seytan-qarisir\/","url":"https:\/\/qtmm.org\/qt\/acele-iske-seytan-qarisir\/","name":"Acele i\u015fke \u015feytan qar\u0131\u015f\u0131r! - \u041c\u0435\u0434\u0436\u043b\u0456\u0441","isPartOf":{"@id":"https:\/\/qtmm.org\/qt\/#website"},"datePublished":"2013-04-26T19:25:00+00:00","dateModified":"2022-01-23T19:26:00+00:00","breadcrumb":{"@id":"https:\/\/qtmm.org\/qt\/acele-iske-seytan-qarisir\/#breadcrumb"},"inLanguage":"qt","potentialAction":[{"@type":"ReadAction","target":["https:\/\/qtmm.org\/qt\/acele-iske-seytan-qarisir\/"]}]},{"@type":"BreadcrumbList","@id":"https:\/\/qtmm.org\/qt\/acele-iske-seytan-qarisir\/#breadcrumb","itemListElement":[{"@type":"ListItem","position":1,"name":"\u0413\u043e\u043b\u043e\u0432\u043d\u0430","item":"https:\/\/qtmm.org\/qt\/"},{"@type":"ListItem","position":2,"name":"Acele i\u015fke \u015feytan qar\u0131\u015f\u0131r!"}]},{"@type":"WebSite","@id":"https:\/\/qtmm.org\/qt\/#website","url":"https:\/\/qtmm.org\/qt\/","name":"\u041c\u0435\u0434\u0436\u043b\u0456\u0441","description":"","publisher":{"@id":"https:\/\/qtmm.org\/qt\/#organization"},"potentialAction":[{"@type":"SearchAction","target":{"@type":"EntryPoint","urlTemplate":"https:\/\/qtmm.org\/qt\/?s={search_term_string}"},"query-input":{"@type":"PropertyValueSpecification","valueRequired":true,"valueName":"search_term_string"}}],"inLanguage":"qt"},{"@type":"Organization","@id":"https:\/\/qtmm.org\/qt\/#organization","name":"\u041c\u0435\u0434\u0436\u043b\u0456\u0441","url":"https:\/\/qtmm.org\/qt\/","logo":{"@type":"ImageObject","inLanguage":"qt","@id":"https:\/\/qtmm.org\/qt\/#\/schema\/logo\/image\/","url":"https:\/\/qtmm.org\/wp-content\/uploads\/2024\/12\/ua-mejlis-logo-rgb.svg","contentUrl":"https:\/\/qtmm.org\/wp-content\/uploads\/2024\/12\/ua-mejlis-logo-rgb.svg","caption":"\u041c\u0435\u0434\u0436\u043b\u0456\u0441"},"image":{"@id":"https:\/\/qtmm.org\/qt\/#\/schema\/logo\/image\/"},"sameAs":["https:\/\/www.facebook.com\/qtmm.info\/"]},{"@type":"Person","@id":"https:\/\/qtmm.org\/qt\/#\/schema\/person\/de562469f971dec226ac06e60bbf74a7","name":"Developer","image":{"@type":"ImageObject","inLanguage":"qt","@id":"https:\/\/secure.gravatar.com\/avatar\/392b4cc8fbfeb00b39dfeeab4ee6edded39ffd48e25858637e4765810300227e?s=96&d=mm&r=g","url":"https:\/\/secure.gravatar.com\/avatar\/392b4cc8fbfeb00b39dfeeab4ee6edded39ffd48e25858637e4765810300227e?s=96&d=mm&r=g","contentUrl":"https:\/\/secure.gravatar.com\/avatar\/392b4cc8fbfeb00b39dfeeab4ee6edded39ffd48e25858637e4765810300227e?s=96&d=mm&r=g","caption":"Developer"},"url":"https:\/\/qtmm.org\/qt\/author\/Developer\/"}]}},"_links":{"self":[{"href":"https:\/\/qtmm.org\/qt\/wp-json\/wp\/v2\/posts\/36637","targetHints":{"allow":["GET"]}}],"collection":[{"href":"https:\/\/qtmm.org\/qt\/wp-json\/wp\/v2\/posts"}],"about":[{"href":"https:\/\/qtmm.org\/qt\/wp-json\/wp\/v2\/types\/post"}],"author":[{"embeddable":true,"href":"https:\/\/qtmm.org\/qt\/wp-json\/wp\/v2\/users\/1"}],"replies":[{"embeddable":true,"href":"https:\/\/qtmm.org\/qt\/wp-json\/wp\/v2\/comments?post=36637"}],"version-history":[{"count":1,"href":"https:\/\/qtmm.org\/qt\/wp-json\/wp\/v2\/posts\/36637\/revisions"}],"predecessor-version":[{"id":36638,"href":"https:\/\/qtmm.org\/qt\/wp-json\/wp\/v2\/posts\/36637\/revisions\/36638"}],"wp:attachment":[{"href":"https:\/\/qtmm.org\/qt\/wp-json\/wp\/v2\/media?parent=36637"}],"wp:term":[{"taxonomy":"category","embeddable":true,"href":"https:\/\/qtmm.org\/qt\/wp-json\/wp\/v2\/categories?post=36637"},{"taxonomy":"post_tag","embeddable":true,"href":"https:\/\/qtmm.org\/qt\/wp-json\/wp\/v2\/tags?post=36637"}],"curies":[{"name":"wp","href":"https:\/\/api.w.org\/{rel}","templated":true}]}}