




{"id":36635,"date":"2013-04-25T22:24:00","date_gmt":"2013-04-25T19:24:00","guid":{"rendered":"http:\/\/qtmm.org\/?p=36635"},"modified":"2022-01-23T22:25:15","modified_gmt":"2022-01-23T19:25:15","slug":"ukraina-akimiyeti-qirimtatarlar-meselesi-boyunca-halqara-forumdan-saqinami","status":"publish","type":"post","link":"https:\/\/qtmm.org\/qt\/ukraina-akimiyeti-qirimtatarlar-meselesi-boyunca-halqara-forumdan-saqinami\/","title":{"rendered":"Ukraina akimiyeti Q\u0131r\u0131mtatarlar meselesi boyunca halqara forumdan saq\u0131nam\u0131?"},"content":{"rendered":"\n<p><strong>Q\u0131r\u0131mtatar halq\u0131n\u0131\u00f1 \u00f6z Vatan\u0131nda aqlar\u0131n\u0131 \u011fayr\u0131dan tiklev, Ukrainada on\u0131\u00f1 inki\u015faf\u0131 ve tel\u00fckesizligini teminlev meseleleri boyunca halqara forumda i\u015ftirak etmek teklifinen Milliy Meclis muracaat ettigi taraflardan bun\u0131 tek Ukraina akimiyeti red etti.\u00a0Bu aqta aprel 24-26 k\u00fcnleri Pragada i\u015f ziyaretinen bulun\u011fan\u00a0Meclis reisi Mustafa Cemilev\u00a0<a rel=\"noreferrer noopener\" href=\"http:\/\/www.radiosvoboda.org\/content\/article\/24967594.html\" target=\"_blank\">Svoboda Radios\u0131na<\/a>\u00a0bergen intervy\u00fcs\u0131nda aytt\u0131.<\/strong><\/p>\n\n\n\n<p>&#8211; Ke\u00e7ken sene sent\u00e2br 18-de Ukrainada diplomatlarnen ol\u011fan k\u00f6r\u00fc\u015f\u00fcvde q\u0131r\u0131mtatar halq\u0131n\u0131\u00f1 meselelerini \u00f6grenecek bir qa\u00e7 ekspert gruppalar\u0131n\u0131 meydan\u011fa ketirmek qarar\u0131 al\u0131n\u011fan edi. BMT ve OSCE alt\u0131 ekspert gruppas\u0131 bir qa\u00e7 ay devam\u0131nda \u00e7al\u0131\u015f\u0131p, ingliz tilinde 150 saifede yaz\u0131l\u011fan \u00f6z esabatlar\u0131n\u0131 berdiler.<\/p>\n\n\n\n<p>Bun\u0131\u00f1 kibi de OSCE Milletlerni\u00f1 i\u015fleri boyunca aliy komissariat halqara forumn\u0131\u00f1 y\u00f6neli\u015flerini i\u015flep \u00e7\u0131qt\u0131. Bu aqta biz Kiyevde Avropa Birligini\u00f1 komissar\u0131 \u015etefan F\u00fcle ile de qonu\u015fqan edik. On\u0131\u00f1 fikrince forumn\u0131 bu sene ke\u00e7irmekni\u00f1 imk\u00e2n\u0131 olmaz, amma q\u0131r\u0131mtatar meselelerini Viktor Pin\u00e7ukn\u0131\u00f1 fond\u0131 Yaltada ke\u00e7irgen Avropa strategiyas\u0131 ke\u00e7irgen t\u00f6gerek massa etraf\u0131nda muzakere etmeke m\u00fcmk\u00fcn olur. Ve \u015fu tedbirde forum ke\u00e7irilecek k\u00fcn belgilenecek.<\/p>\n\n\n\n<p>L\u00e2kin esas mesele \u015funda kiUkraina bu forumda i\u015ftirak etecekmi-yoqm\u0131, degen sualgen biz ne Ukraina akimiyeti, ne de Prezidentten tam cevap al\u0131p olamad\u0131q. Bir qa\u00e7 nazirliklerden Halqara forum ke\u00e7irmezden evel belli qanunlar, programmalar qabul etmek kerek degen kinayeli cevaplar ald\u0131q. As\u0131l\u0131nda ayt\u0131l\u011fan laflarda ne mant\u0131q bar, ne mana. Ya biz de halqara forumn\u0131 ayn\u0131 \u015fu meselelerni \u00e7ezmek maqsad\u0131nda te\u015fkil etemiz de! Olar ise ba\u015fta meselelerni \u00e7ezmek kerek de, so\u00f1ra forum ke\u00e7irmek m\u00fcmk\u00fcn, deyler.<\/p>\n\n\n\n<p><em><strong>&#8211; Fevral ay\u0131nda Q\u0131r\u0131m \u00fck\u00fcmetini\u00f1 ba\u015f\u0131 Anatoliy Mogil\u00f6v bu\u00f1a alternativ olaraq Q\u0131r\u0131mdaki b\u00fct\u00fcn halqlarn\u0131\u00f1 ve \u015fu s\u0131rada s\u00fcrg\u00fcn etilgen halqlarn\u0131\u00f1 forum\u0131n\u0131 ke\u00e7irmek teklifinen \u00e7\u0131qt\u0131. Meseleni\u00f1 b\u00f6yle qoyulmas\u0131na nas\u0131l baqas\u0131\u00f1\u0131z?<\/strong><\/em><\/p>\n\n\n\n<p>&#8211; Bu insan er bir areketini Meclisni\u00f1 z\u0131t\u0131na basmaq maqsad\u0131nen yapa. Bu elbetteki absurd. \u00c7\u00fcnki o nas\u0131ld\u0131r bir festival ke\u00e7irmek istey. Em \u015fu yerde, s\u00fcrg\u00fcnlikke yal\u0131\u00f1\u0131z q\u0131r\u0131mtatarlar degil, ba\u015fqalar da o\u011frat\u0131ld\u0131lar, dep qo\u015fa. Bizim ba\u015fqalar\u0131na nisbeten i\u00e7 qar\u015f\u0131l\u0131\u011f\u0131m\u0131z yoqt\u0131r. Amma Q\u0131r\u0131mdan s\u00fcrg\u00fcn etilgenlerni\u00f1 98,6% q\u0131r\u0131mtatarlar\u0131 edi de! \u015eun\u0131\u00f1 i\u00e7\u00fcn de q\u0131r\u0131mtatarlarn\u0131\u00f1 meselesi \u2013 ba\u015f meseledir, demege aql\u0131m\u0131z.<\/p>\n\n\n\n<p><em><strong>&#8211; Bug\u00fcnde-bug\u00fcn, Bostondaki patlavlardan so\u00f1 al\u0131n\u011fan mal\u00fcmatlar\u011fa k\u00f6re bun\u0131 \u00e7e\u00e7en mitlletine mens\u00fcp musulman a\u011fa-qarda\u015f yapqan\u0131 belgilendik\u00e7e kene musulman radikal gen\u00e7leri mevzus\u0131 k\u00f6terile. Sizge bu mevzudaki suallerge s\u0131q cevap bermek kerek olam\u0131?<\/strong><\/em><\/p>\n\n\n\n<p>&#8211; Ukrainada olduq\u00e7a toplu ya\u015fa\u011fan musulmanlar q\u0131r\u0131mtatarlar\u0131d\u0131r. \u015eu sebepten musulmanlarn\u0131\u00f1 keyflerine dair suallerni \u00e7oq e\u015fitem. &#8220;Hizb ut-Tahrir&#8221;, vahhabiyler kibi ananeviy olma\u011fan aq\u0131nt\u0131lar peyda ol\u011fan\u0131, akimiyet olarn\u0131 q\u0131r\u0131mtatar halq\u0131n\u0131 b\u00f6lmek i\u00e7\u00fcn qullan\u011fan\u0131n\u0131 men a\u00e7\u0131qtan-a\u00e7\u0131q aytam. Din meseleleri boyunca idare olarn\u0131 i\u00e7 bir manias\u0131z cedvelge ala. Olar\u011fa atta, eger M\u00fcftiyattan ba\u011f\u0131ms\u0131z olsa\u00f1\u0131z daa tezce qayd etermiz, dep s\u00f6z bereler. B\u00f6yle meraql\u0131 siyaset, i\u015fte. Bun\u0131\u00f1 aqibeti nas\u0131l olaca\u011f\u0131 ise olarn\u0131 asl\u0131 da raats\u0131zlamay.<\/p>\n","protected":false},"excerpt":{"rendered":"<p>Q\u0131r\u0131mtatar halq\u0131n\u0131\u00f1 \u00f6z Vatan\u0131nda aqlar\u0131n\u0131 \u011fayr\u0131dan tiklev, Ukrainada on\u0131\u00f1 inki\u015faf\u0131 ve tel\u00fckesizligini teminlev meseleleri boyunca halqara forumda i\u015ftirak etmek teklifinen Milliy Meclis muracaat ettigi taraflardan bun\u0131 tek Ukraina akimiyeti red etti.\u00a0Bu aqta aprel 24-26 k\u00fcnleri Pragada i\u015f ziyaretinen bulun\u011fan\u00a0Meclis reisi Mustafa Cemilev\u00a0Svoboda Radios\u0131na\u00a0bergen intervy\u00fcs\u0131nda aytt\u0131. &#8211; Ke\u00e7ken sene sent\u00e2br 18-de Ukrainada diplomatlarnen ol\u011fan k\u00f6r\u00fc\u015f\u00fcvde q\u0131r\u0131mtatar [&hellip;]<\/p>\n","protected":false},"author":1,"featured_media":0,"comment_status":"open","ping_status":"open","sticky":false,"template":"","format":"standard","meta":{"inline_featured_image":false,"footnotes":""},"categories":[265],"tags":[],"class_list":["post-36635","post","type-post","status-publish","format-standard","hentry","category-haberler"],"acf":[],"yoast_head":"<!-- This site is optimized with the Yoast SEO plugin v27.4 - https:\/\/yoast.com\/product\/yoast-seo-wordpress\/ -->\n<title>Ukraina akimiyeti Q\u0131r\u0131mtatarlar meselesi boyunca halqara forumdan saq\u0131nam\u0131? - \u041c\u0435\u0434\u0436\u043b\u0456\u0441<\/title>\n<meta name=\"robots\" content=\"index, follow, max-snippet:-1, max-image-preview:large, max-video-preview:-1\" \/>\n<link rel=\"canonical\" href=\"https:\/\/qtmm.org\/qt\/ukraina-akimiyeti-qirimtatarlar-meselesi-boyunca-halqara-forumdan-saqinami\/\" \/>\n<meta property=\"og:locale\" content=\"en_US\" \/>\n<meta property=\"og:type\" content=\"article\" \/>\n<meta property=\"og:title\" content=\"Ukraina akimiyeti Q\u0131r\u0131mtatarlar meselesi boyunca halqara forumdan saq\u0131nam\u0131? - \u041c\u0435\u0434\u0436\u043b\u0456\u0441\" \/>\n<meta property=\"og:description\" content=\"Q\u0131r\u0131mtatar halq\u0131n\u0131\u00f1 \u00f6z Vatan\u0131nda aqlar\u0131n\u0131 \u011fayr\u0131dan tiklev, Ukrainada on\u0131\u00f1 inki\u015faf\u0131 ve tel\u00fckesizligini teminlev meseleleri boyunca halqara forumda i\u015ftirak etmek teklifinen Milliy Meclis muracaat ettigi taraflardan bun\u0131 tek Ukraina akimiyeti red etti.\u00a0Bu aqta aprel 24-26 k\u00fcnleri Pragada i\u015f ziyaretinen bulun\u011fan\u00a0Meclis reisi Mustafa Cemilev\u00a0Svoboda Radios\u0131na\u00a0bergen intervy\u00fcs\u0131nda aytt\u0131. &#8211; Ke\u00e7ken sene sent\u00e2br 18-de Ukrainada diplomatlarnen ol\u011fan k\u00f6r\u00fc\u015f\u00fcvde q\u0131r\u0131mtatar [&hellip;]\" \/>\n<meta property=\"og:url\" content=\"https:\/\/qtmm.org\/qt\/ukraina-akimiyeti-qirimtatarlar-meselesi-boyunca-halqara-forumdan-saqinami\/\" \/>\n<meta property=\"og:site_name\" content=\"\u041c\u0435\u0434\u0436\u043b\u0456\u0441\" \/>\n<meta property=\"article:publisher\" content=\"https:\/\/www.facebook.com\/qtmm.info\/\" \/>\n<meta property=\"article:published_time\" content=\"2013-04-25T19:24:00+00:00\" \/>\n<meta property=\"article:modified_time\" content=\"2022-01-23T19:25:15+00:00\" \/>\n<meta name=\"author\" content=\"Developer\" \/>\n<meta name=\"twitter:card\" content=\"summary_large_image\" \/>\n<meta name=\"twitter:label1\" content=\"Written by\" \/>\n\t<meta name=\"twitter:data1\" content=\"Developer\" \/>\n\t<meta name=\"twitter:label2\" content=\"Est. reading time\" \/>\n\t<meta name=\"twitter:data2\" content=\"3 minutes\" \/>\n<script type=\"application\/ld+json\" class=\"yoast-schema-graph\">{\"@context\":\"https:\\\/\\\/schema.org\",\"@graph\":[{\"@type\":\"Article\",\"@id\":\"https:\\\/\\\/qtmm.org\\\/qt\\\/ukraina-akimiyeti-qirimtatarlar-meselesi-boyunca-halqara-forumdan-saqinami\\\/#article\",\"isPartOf\":{\"@id\":\"https:\\\/\\\/qtmm.org\\\/qt\\\/ukraina-akimiyeti-qirimtatarlar-meselesi-boyunca-halqara-forumdan-saqinami\\\/\"},\"author\":{\"name\":\"Developer\",\"@id\":\"https:\\\/\\\/qtmm.org\\\/qt\\\/#\\\/schema\\\/person\\\/de562469f971dec226ac06e60bbf74a7\"},\"headline\":\"Ukraina akimiyeti Q\u0131r\u0131mtatarlar meselesi boyunca halqara forumdan saq\u0131nam\u0131?\",\"datePublished\":\"2013-04-25T19:24:00+00:00\",\"dateModified\":\"2022-01-23T19:25:15+00:00\",\"mainEntityOfPage\":{\"@id\":\"https:\\\/\\\/qtmm.org\\\/qt\\\/ukraina-akimiyeti-qirimtatarlar-meselesi-boyunca-halqara-forumdan-saqinami\\\/\"},\"wordCount\":583,\"commentCount\":0,\"publisher\":{\"@id\":\"https:\\\/\\\/qtmm.org\\\/qt\\\/#organization\"},\"articleSection\":[\"Haberler\"],\"inLanguage\":\"qt\",\"potentialAction\":[{\"@type\":\"CommentAction\",\"name\":\"Comment\",\"target\":[\"https:\\\/\\\/qtmm.org\\\/qt\\\/ukraina-akimiyeti-qirimtatarlar-meselesi-boyunca-halqara-forumdan-saqinami\\\/#respond\"]}]},{\"@type\":\"WebPage\",\"@id\":\"https:\\\/\\\/qtmm.org\\\/qt\\\/ukraina-akimiyeti-qirimtatarlar-meselesi-boyunca-halqara-forumdan-saqinami\\\/\",\"url\":\"https:\\\/\\\/qtmm.org\\\/qt\\\/ukraina-akimiyeti-qirimtatarlar-meselesi-boyunca-halqara-forumdan-saqinami\\\/\",\"name\":\"Ukraina akimiyeti Q\u0131r\u0131mtatarlar meselesi boyunca halqara forumdan saq\u0131nam\u0131? - \u041c\u0435\u0434\u0436\u043b\u0456\u0441\",\"isPartOf\":{\"@id\":\"https:\\\/\\\/qtmm.org\\\/qt\\\/#website\"},\"datePublished\":\"2013-04-25T19:24:00+00:00\",\"dateModified\":\"2022-01-23T19:25:15+00:00\",\"breadcrumb\":{\"@id\":\"https:\\\/\\\/qtmm.org\\\/qt\\\/ukraina-akimiyeti-qirimtatarlar-meselesi-boyunca-halqara-forumdan-saqinami\\\/#breadcrumb\"},\"inLanguage\":\"qt\",\"potentialAction\":[{\"@type\":\"ReadAction\",\"target\":[\"https:\\\/\\\/qtmm.org\\\/qt\\\/ukraina-akimiyeti-qirimtatarlar-meselesi-boyunca-halqara-forumdan-saqinami\\\/\"]}]},{\"@type\":\"BreadcrumbList\",\"@id\":\"https:\\\/\\\/qtmm.org\\\/qt\\\/ukraina-akimiyeti-qirimtatarlar-meselesi-boyunca-halqara-forumdan-saqinami\\\/#breadcrumb\",\"itemListElement\":[{\"@type\":\"ListItem\",\"position\":1,\"name\":\"\u0413\u043e\u043b\u043e\u0432\u043d\u0430\",\"item\":\"https:\\\/\\\/qtmm.org\\\/qt\\\/\"},{\"@type\":\"ListItem\",\"position\":2,\"name\":\"Ukraina akimiyeti Q\u0131r\u0131mtatarlar meselesi boyunca halqara forumdan saq\u0131nam\u0131?\"}]},{\"@type\":\"WebSite\",\"@id\":\"https:\\\/\\\/qtmm.org\\\/qt\\\/#website\",\"url\":\"https:\\\/\\\/qtmm.org\\\/qt\\\/\",\"name\":\"\u041c\u0435\u0434\u0436\u043b\u0456\u0441\",\"description\":\"\",\"publisher\":{\"@id\":\"https:\\\/\\\/qtmm.org\\\/qt\\\/#organization\"},\"potentialAction\":[{\"@type\":\"SearchAction\",\"target\":{\"@type\":\"EntryPoint\",\"urlTemplate\":\"https:\\\/\\\/qtmm.org\\\/qt\\\/?s={search_term_string}\"},\"query-input\":{\"@type\":\"PropertyValueSpecification\",\"valueRequired\":true,\"valueName\":\"search_term_string\"}}],\"inLanguage\":\"qt\"},{\"@type\":\"Organization\",\"@id\":\"https:\\\/\\\/qtmm.org\\\/qt\\\/#organization\",\"name\":\"\u041c\u0435\u0434\u0436\u043b\u0456\u0441\",\"url\":\"https:\\\/\\\/qtmm.org\\\/qt\\\/\",\"logo\":{\"@type\":\"ImageObject\",\"inLanguage\":\"qt\",\"@id\":\"https:\\\/\\\/qtmm.org\\\/qt\\\/#\\\/schema\\\/logo\\\/image\\\/\",\"url\":\"https:\\\/\\\/qtmm.org\\\/wp-content\\\/uploads\\\/2024\\\/12\\\/ua-mejlis-logo-rgb.svg\",\"contentUrl\":\"https:\\\/\\\/qtmm.org\\\/wp-content\\\/uploads\\\/2024\\\/12\\\/ua-mejlis-logo-rgb.svg\",\"caption\":\"\u041c\u0435\u0434\u0436\u043b\u0456\u0441\"},\"image\":{\"@id\":\"https:\\\/\\\/qtmm.org\\\/qt\\\/#\\\/schema\\\/logo\\\/image\\\/\"},\"sameAs\":[\"https:\\\/\\\/www.facebook.com\\\/qtmm.info\\\/\"]},{\"@type\":\"Person\",\"@id\":\"https:\\\/\\\/qtmm.org\\\/qt\\\/#\\\/schema\\\/person\\\/de562469f971dec226ac06e60bbf74a7\",\"name\":\"Developer\",\"image\":{\"@type\":\"ImageObject\",\"inLanguage\":\"qt\",\"@id\":\"https:\\\/\\\/secure.gravatar.com\\\/avatar\\\/392b4cc8fbfeb00b39dfeeab4ee6edded39ffd48e25858637e4765810300227e?s=96&d=mm&r=g\",\"url\":\"https:\\\/\\\/secure.gravatar.com\\\/avatar\\\/392b4cc8fbfeb00b39dfeeab4ee6edded39ffd48e25858637e4765810300227e?s=96&d=mm&r=g\",\"contentUrl\":\"https:\\\/\\\/secure.gravatar.com\\\/avatar\\\/392b4cc8fbfeb00b39dfeeab4ee6edded39ffd48e25858637e4765810300227e?s=96&d=mm&r=g\",\"caption\":\"Developer\"},\"url\":\"https:\\\/\\\/qtmm.org\\\/qt\\\/author\\\/Developer\\\/\"}]}<\/script>\n<!-- \/ Yoast SEO plugin. -->","yoast_head_json":{"title":"Ukraina akimiyeti Q\u0131r\u0131mtatarlar meselesi boyunca halqara forumdan saq\u0131nam\u0131? - \u041c\u0435\u0434\u0436\u043b\u0456\u0441","robots":{"index":"index","follow":"follow","max-snippet":"max-snippet:-1","max-image-preview":"max-image-preview:large","max-video-preview":"max-video-preview:-1"},"canonical":"https:\/\/qtmm.org\/qt\/ukraina-akimiyeti-qirimtatarlar-meselesi-boyunca-halqara-forumdan-saqinami\/","og_locale":"en_US","og_type":"article","og_title":"Ukraina akimiyeti Q\u0131r\u0131mtatarlar meselesi boyunca halqara forumdan saq\u0131nam\u0131? - \u041c\u0435\u0434\u0436\u043b\u0456\u0441","og_description":"Q\u0131r\u0131mtatar halq\u0131n\u0131\u00f1 \u00f6z Vatan\u0131nda aqlar\u0131n\u0131 \u011fayr\u0131dan tiklev, Ukrainada on\u0131\u00f1 inki\u015faf\u0131 ve tel\u00fckesizligini teminlev meseleleri boyunca halqara forumda i\u015ftirak etmek teklifinen Milliy Meclis muracaat ettigi taraflardan bun\u0131 tek Ukraina akimiyeti red etti.\u00a0Bu aqta aprel 24-26 k\u00fcnleri Pragada i\u015f ziyaretinen bulun\u011fan\u00a0Meclis reisi Mustafa Cemilev\u00a0Svoboda Radios\u0131na\u00a0bergen intervy\u00fcs\u0131nda aytt\u0131. &#8211; Ke\u00e7ken sene sent\u00e2br 18-de Ukrainada diplomatlarnen ol\u011fan k\u00f6r\u00fc\u015f\u00fcvde q\u0131r\u0131mtatar [&hellip;]","og_url":"https:\/\/qtmm.org\/qt\/ukraina-akimiyeti-qirimtatarlar-meselesi-boyunca-halqara-forumdan-saqinami\/","og_site_name":"\u041c\u0435\u0434\u0436\u043b\u0456\u0441","article_publisher":"https:\/\/www.facebook.com\/qtmm.info\/","article_published_time":"2013-04-25T19:24:00+00:00","article_modified_time":"2022-01-23T19:25:15+00:00","author":"Developer","twitter_card":"summary_large_image","twitter_misc":{"Written by":"Developer","Est. reading time":"3 minutes"},"schema":{"@context":"https:\/\/schema.org","@graph":[{"@type":"Article","@id":"https:\/\/qtmm.org\/qt\/ukraina-akimiyeti-qirimtatarlar-meselesi-boyunca-halqara-forumdan-saqinami\/#article","isPartOf":{"@id":"https:\/\/qtmm.org\/qt\/ukraina-akimiyeti-qirimtatarlar-meselesi-boyunca-halqara-forumdan-saqinami\/"},"author":{"name":"Developer","@id":"https:\/\/qtmm.org\/qt\/#\/schema\/person\/de562469f971dec226ac06e60bbf74a7"},"headline":"Ukraina akimiyeti Q\u0131r\u0131mtatarlar meselesi boyunca halqara forumdan saq\u0131nam\u0131?","datePublished":"2013-04-25T19:24:00+00:00","dateModified":"2022-01-23T19:25:15+00:00","mainEntityOfPage":{"@id":"https:\/\/qtmm.org\/qt\/ukraina-akimiyeti-qirimtatarlar-meselesi-boyunca-halqara-forumdan-saqinami\/"},"wordCount":583,"commentCount":0,"publisher":{"@id":"https:\/\/qtmm.org\/qt\/#organization"},"articleSection":["Haberler"],"inLanguage":"qt","potentialAction":[{"@type":"CommentAction","name":"Comment","target":["https:\/\/qtmm.org\/qt\/ukraina-akimiyeti-qirimtatarlar-meselesi-boyunca-halqara-forumdan-saqinami\/#respond"]}]},{"@type":"WebPage","@id":"https:\/\/qtmm.org\/qt\/ukraina-akimiyeti-qirimtatarlar-meselesi-boyunca-halqara-forumdan-saqinami\/","url":"https:\/\/qtmm.org\/qt\/ukraina-akimiyeti-qirimtatarlar-meselesi-boyunca-halqara-forumdan-saqinami\/","name":"Ukraina akimiyeti Q\u0131r\u0131mtatarlar meselesi boyunca halqara forumdan saq\u0131nam\u0131? - \u041c\u0435\u0434\u0436\u043b\u0456\u0441","isPartOf":{"@id":"https:\/\/qtmm.org\/qt\/#website"},"datePublished":"2013-04-25T19:24:00+00:00","dateModified":"2022-01-23T19:25:15+00:00","breadcrumb":{"@id":"https:\/\/qtmm.org\/qt\/ukraina-akimiyeti-qirimtatarlar-meselesi-boyunca-halqara-forumdan-saqinami\/#breadcrumb"},"inLanguage":"qt","potentialAction":[{"@type":"ReadAction","target":["https:\/\/qtmm.org\/qt\/ukraina-akimiyeti-qirimtatarlar-meselesi-boyunca-halqara-forumdan-saqinami\/"]}]},{"@type":"BreadcrumbList","@id":"https:\/\/qtmm.org\/qt\/ukraina-akimiyeti-qirimtatarlar-meselesi-boyunca-halqara-forumdan-saqinami\/#breadcrumb","itemListElement":[{"@type":"ListItem","position":1,"name":"\u0413\u043e\u043b\u043e\u0432\u043d\u0430","item":"https:\/\/qtmm.org\/qt\/"},{"@type":"ListItem","position":2,"name":"Ukraina akimiyeti Q\u0131r\u0131mtatarlar meselesi boyunca halqara forumdan saq\u0131nam\u0131?"}]},{"@type":"WebSite","@id":"https:\/\/qtmm.org\/qt\/#website","url":"https:\/\/qtmm.org\/qt\/","name":"\u041c\u0435\u0434\u0436\u043b\u0456\u0441","description":"","publisher":{"@id":"https:\/\/qtmm.org\/qt\/#organization"},"potentialAction":[{"@type":"SearchAction","target":{"@type":"EntryPoint","urlTemplate":"https:\/\/qtmm.org\/qt\/?s={search_term_string}"},"query-input":{"@type":"PropertyValueSpecification","valueRequired":true,"valueName":"search_term_string"}}],"inLanguage":"qt"},{"@type":"Organization","@id":"https:\/\/qtmm.org\/qt\/#organization","name":"\u041c\u0435\u0434\u0436\u043b\u0456\u0441","url":"https:\/\/qtmm.org\/qt\/","logo":{"@type":"ImageObject","inLanguage":"qt","@id":"https:\/\/qtmm.org\/qt\/#\/schema\/logo\/image\/","url":"https:\/\/qtmm.org\/wp-content\/uploads\/2024\/12\/ua-mejlis-logo-rgb.svg","contentUrl":"https:\/\/qtmm.org\/wp-content\/uploads\/2024\/12\/ua-mejlis-logo-rgb.svg","caption":"\u041c\u0435\u0434\u0436\u043b\u0456\u0441"},"image":{"@id":"https:\/\/qtmm.org\/qt\/#\/schema\/logo\/image\/"},"sameAs":["https:\/\/www.facebook.com\/qtmm.info\/"]},{"@type":"Person","@id":"https:\/\/qtmm.org\/qt\/#\/schema\/person\/de562469f971dec226ac06e60bbf74a7","name":"Developer","image":{"@type":"ImageObject","inLanguage":"qt","@id":"https:\/\/secure.gravatar.com\/avatar\/392b4cc8fbfeb00b39dfeeab4ee6edded39ffd48e25858637e4765810300227e?s=96&d=mm&r=g","url":"https:\/\/secure.gravatar.com\/avatar\/392b4cc8fbfeb00b39dfeeab4ee6edded39ffd48e25858637e4765810300227e?s=96&d=mm&r=g","contentUrl":"https:\/\/secure.gravatar.com\/avatar\/392b4cc8fbfeb00b39dfeeab4ee6edded39ffd48e25858637e4765810300227e?s=96&d=mm&r=g","caption":"Developer"},"url":"https:\/\/qtmm.org\/qt\/author\/Developer\/"}]}},"_links":{"self":[{"href":"https:\/\/qtmm.org\/qt\/wp-json\/wp\/v2\/posts\/36635","targetHints":{"allow":["GET"]}}],"collection":[{"href":"https:\/\/qtmm.org\/qt\/wp-json\/wp\/v2\/posts"}],"about":[{"href":"https:\/\/qtmm.org\/qt\/wp-json\/wp\/v2\/types\/post"}],"author":[{"embeddable":true,"href":"https:\/\/qtmm.org\/qt\/wp-json\/wp\/v2\/users\/1"}],"replies":[{"embeddable":true,"href":"https:\/\/qtmm.org\/qt\/wp-json\/wp\/v2\/comments?post=36635"}],"version-history":[{"count":1,"href":"https:\/\/qtmm.org\/qt\/wp-json\/wp\/v2\/posts\/36635\/revisions"}],"predecessor-version":[{"id":36636,"href":"https:\/\/qtmm.org\/qt\/wp-json\/wp\/v2\/posts\/36635\/revisions\/36636"}],"wp:attachment":[{"href":"https:\/\/qtmm.org\/qt\/wp-json\/wp\/v2\/media?parent=36635"}],"wp:term":[{"taxonomy":"category","embeddable":true,"href":"https:\/\/qtmm.org\/qt\/wp-json\/wp\/v2\/categories?post=36635"},{"taxonomy":"post_tag","embeddable":true,"href":"https:\/\/qtmm.org\/qt\/wp-json\/wp\/v2\/tags?post=36635"}],"curies":[{"name":"wp","href":"https:\/\/api.w.org\/{rel}","templated":true}]}}