




{"id":36633,"date":"2013-04-24T22:23:00","date_gmt":"2013-04-24T19:23:00","guid":{"rendered":"http:\/\/qtmm.org\/?p=36633"},"modified":"2022-01-23T22:24:22","modified_gmt":"2022-01-23T19:24:22","slug":"2013-senesi-aprel-27-28-kunleri-qirimtatar-halqi-6-cagirilis-qurultayina-delegatlar-saylavi-baslana","status":"publish","type":"post","link":"https:\/\/qtmm.org\/qt\/2013-senesi-aprel-27-28-kunleri-qirimtatar-halqi-6-cagirilis-qurultayina-delegatlar-saylavi-baslana\/","title":{"rendered":"2013 senesi aprel 27-28 k\u00fcnleri Q\u0131r\u0131mtatar halq\u0131 6 \u00e7a\u011f\u0131r\u0131l\u0131\u015f Qurultay\u0131na delegatlar saylav\u0131 ba\u015flana"},"content":{"rendered":"\n<p>Q\u0131r\u0131mtatar halq\u0131 6 \u00e7a\u011f\u0131r\u0131l\u0131\u015f Qurultay\u0131na delegatlarn\u0131 saylav boyunca Merkeziy saylav komissiyayas\u0131n\u0131\u00f1 reisi Zair Smedl\u00e2yevni\u00f1 bildirgenine k\u00f6re 2013 senesi aprel 27-28 k\u00fcnleri Q\u0131r\u0131mn\u0131\u00f1 yedi region\u0131 &#8211; Ba\u011f\u00e7asaray, Qurman, Aqme\u00e7et, Qarasuvbazar, Cank\u00f6y, \u0130\u00e7ki ve Aqyarda saylavc\u0131lar 6 \u00e7a\u011f\u0131r\u0131l\u0131\u015f Qurultay\u011fa ya\u00f1\u0131 delegatlarn\u0131 saylaycaqlar.<\/p>\n\n\n\n<figure class=\"wp-block-table\"><table><tbody><tr><td><strong>\u2116 p\/p<\/strong><\/td><td><strong>region<\/strong><\/td><td><strong>saylav daireler say\u0131s\u0131<\/strong><\/td><td><strong>saylav k\u00fcn\u00fc<\/strong><\/td><td><strong>kvotalar say\u0131s\u0131<\/strong><\/td><\/tr><tr><td>1<\/td><td>Ba\u011f\u00e7asaray<\/td><td>5<\/td><td><strong>&nbsp;aprel 27<\/strong><\/td><td>17<\/td><\/tr><tr><td>2<\/td><td>Qurman<\/td><td>2<\/td><td><strong>&nbsp;aprel 27<\/strong><\/td><td>12<\/td><\/tr><tr><td>3<\/td><td>Aqme\u00e7it<\/td><td>1<\/td><td><strong>&nbsp;aprel 27<\/strong><\/td><td>3<\/td><\/tr><tr><td>4<\/td><td>Qarasuvbazar<\/td><td>1<\/td><td><strong>&nbsp;aprel 28<\/strong><\/td><td>16<\/td><\/tr><tr><td>5<\/td><td>Cank\u00f6y<\/td><td>2<\/td><td><strong>&nbsp;aprel 28<\/strong><\/td><td>16<\/td><\/tr><tr><td>6<\/td><td>\u0130\u00e7ki<\/td><td>1<\/td><td><strong>&nbsp;aprel 28<\/strong><\/td><td>6<\/td><\/tr><tr><td>7<\/td><td>Aqyar<\/td><td>1<\/td><td><strong>&nbsp;aprel 28<\/strong><\/td><td>3<\/td><\/tr><\/tbody><\/table><\/figure>\n\n\n\n<p>Hat\u0131rlatam\u0131z ki, qabul etilgen Saylav nizamnamesine k\u00f6re milliy qurultay\u011fa delegatlar umumiy, musaviy, do\u011frudan-do\u011fru gizli rey ber\u00fcv yolunen saylan\u0131p, ilk defa saylav keti\u015fat\u0131n\u0131 halqara nezaret\u00e7iler k\u00f6zetecekler.<\/p>\n","protected":false},"excerpt":{"rendered":"<p>Q\u0131r\u0131mtatar halq\u0131 6 \u00e7a\u011f\u0131r\u0131l\u0131\u015f Qurultay\u0131na delegatlarn\u0131 saylav boyunca Merkeziy saylav komissiyayas\u0131n\u0131\u00f1 reisi Zair Smedl\u00e2yevni\u00f1 bildirgenine k\u00f6re 2013 senesi aprel 27-28 k\u00fcnleri Q\u0131r\u0131mn\u0131\u00f1 yedi region\u0131 &#8211; Ba\u011f\u00e7asaray, Qurman, Aqme\u00e7et, Qarasuvbazar, Cank\u00f6y, \u0130\u00e7ki ve Aqyarda saylavc\u0131lar 6 \u00e7a\u011f\u0131r\u0131l\u0131\u015f Qurultay\u011fa ya\u00f1\u0131 delegatlarn\u0131 saylaycaqlar. \u2116 p\/p region saylav daireler say\u0131s\u0131 saylav k\u00fcn\u00fc kvotalar say\u0131s\u0131 1 Ba\u011f\u00e7asaray 5 &nbsp;aprel 27 [&hellip;]<\/p>\n","protected":false},"author":1,"featured_media":0,"comment_status":"open","ping_status":"open","sticky":false,"template":"","format":"standard","meta":{"inline_featured_image":false,"footnotes":""},"categories":[265],"tags":[],"class_list":["post-36633","post","type-post","status-publish","format-standard","hentry","category-haberler"],"acf":[],"yoast_head":"<!-- This site is optimized with the Yoast SEO plugin v27.4 - https:\/\/yoast.com\/product\/yoast-seo-wordpress\/ -->\n<title>2013 senesi aprel 27-28 k\u00fcnleri Q\u0131r\u0131mtatar halq\u0131 6 \u00e7a\u011f\u0131r\u0131l\u0131\u015f Qurultay\u0131na delegatlar saylav\u0131 ba\u015flana - \u041c\u0435\u0434\u0436\u043b\u0456\u0441<\/title>\n<meta name=\"robots\" content=\"index, follow, max-snippet:-1, max-image-preview:large, max-video-preview:-1\" \/>\n<link rel=\"canonical\" href=\"https:\/\/qtmm.org\/qt\/2013-senesi-aprel-27-28-kunleri-qirimtatar-halqi-6-cagirilis-qurultayina-delegatlar-saylavi-baslana\/\" \/>\n<meta property=\"og:locale\" content=\"en_US\" \/>\n<meta property=\"og:type\" content=\"article\" \/>\n<meta property=\"og:title\" content=\"2013 senesi aprel 27-28 k\u00fcnleri Q\u0131r\u0131mtatar halq\u0131 6 \u00e7a\u011f\u0131r\u0131l\u0131\u015f Qurultay\u0131na delegatlar saylav\u0131 ba\u015flana - \u041c\u0435\u0434\u0436\u043b\u0456\u0441\" \/>\n<meta property=\"og:description\" content=\"Q\u0131r\u0131mtatar halq\u0131 6 \u00e7a\u011f\u0131r\u0131l\u0131\u015f Qurultay\u0131na delegatlarn\u0131 saylav boyunca Merkeziy saylav komissiyayas\u0131n\u0131\u00f1 reisi Zair Smedl\u00e2yevni\u00f1 bildirgenine k\u00f6re 2013 senesi aprel 27-28 k\u00fcnleri Q\u0131r\u0131mn\u0131\u00f1 yedi region\u0131 &#8211; Ba\u011f\u00e7asaray, Qurman, Aqme\u00e7et, Qarasuvbazar, Cank\u00f6y, \u0130\u00e7ki ve Aqyarda saylavc\u0131lar 6 \u00e7a\u011f\u0131r\u0131l\u0131\u015f Qurultay\u011fa ya\u00f1\u0131 delegatlarn\u0131 saylaycaqlar. \u2116 p\/p region saylav daireler say\u0131s\u0131 saylav k\u00fcn\u00fc kvotalar say\u0131s\u0131 1 Ba\u011f\u00e7asaray 5 &nbsp;aprel 27 [&hellip;]\" \/>\n<meta property=\"og:url\" content=\"https:\/\/qtmm.org\/qt\/2013-senesi-aprel-27-28-kunleri-qirimtatar-halqi-6-cagirilis-qurultayina-delegatlar-saylavi-baslana\/\" \/>\n<meta property=\"og:site_name\" content=\"\u041c\u0435\u0434\u0436\u043b\u0456\u0441\" \/>\n<meta property=\"article:publisher\" content=\"https:\/\/www.facebook.com\/qtmm.info\/\" \/>\n<meta property=\"article:published_time\" content=\"2013-04-24T19:23:00+00:00\" \/>\n<meta property=\"article:modified_time\" content=\"2022-01-23T19:24:22+00:00\" \/>\n<meta name=\"author\" content=\"Developer\" \/>\n<meta name=\"twitter:card\" content=\"summary_large_image\" \/>\n<meta name=\"twitter:label1\" content=\"Written by\" \/>\n\t<meta name=\"twitter:data1\" content=\"Developer\" \/>\n\t<meta name=\"twitter:label2\" content=\"Est. reading time\" \/>\n\t<meta name=\"twitter:data2\" content=\"1 minute\" \/>\n<script type=\"application\/ld+json\" class=\"yoast-schema-graph\">{\"@context\":\"https:\\\/\\\/schema.org\",\"@graph\":[{\"@type\":\"Article\",\"@id\":\"https:\\\/\\\/qtmm.org\\\/qt\\\/2013-senesi-aprel-27-28-kunleri-qirimtatar-halqi-6-cagirilis-qurultayina-delegatlar-saylavi-baslana\\\/#article\",\"isPartOf\":{\"@id\":\"https:\\\/\\\/qtmm.org\\\/qt\\\/2013-senesi-aprel-27-28-kunleri-qirimtatar-halqi-6-cagirilis-qurultayina-delegatlar-saylavi-baslana\\\/\"},\"author\":{\"name\":\"Developer\",\"@id\":\"https:\\\/\\\/qtmm.org\\\/qt\\\/#\\\/schema\\\/person\\\/de562469f971dec226ac06e60bbf74a7\"},\"headline\":\"2013 senesi aprel 27-28 k\u00fcnleri Q\u0131r\u0131mtatar halq\u0131 6 \u00e7a\u011f\u0131r\u0131l\u0131\u015f Qurultay\u0131na delegatlar saylav\u0131 ba\u015flana\",\"datePublished\":\"2013-04-24T19:23:00+00:00\",\"dateModified\":\"2022-01-23T19:24:22+00:00\",\"mainEntityOfPage\":{\"@id\":\"https:\\\/\\\/qtmm.org\\\/qt\\\/2013-senesi-aprel-27-28-kunleri-qirimtatar-halqi-6-cagirilis-qurultayina-delegatlar-saylavi-baslana\\\/\"},\"wordCount\":147,\"commentCount\":0,\"publisher\":{\"@id\":\"https:\\\/\\\/qtmm.org\\\/qt\\\/#organization\"},\"articleSection\":[\"Haberler\"],\"inLanguage\":\"qt\",\"potentialAction\":[{\"@type\":\"CommentAction\",\"name\":\"Comment\",\"target\":[\"https:\\\/\\\/qtmm.org\\\/qt\\\/2013-senesi-aprel-27-28-kunleri-qirimtatar-halqi-6-cagirilis-qurultayina-delegatlar-saylavi-baslana\\\/#respond\"]}]},{\"@type\":\"WebPage\",\"@id\":\"https:\\\/\\\/qtmm.org\\\/qt\\\/2013-senesi-aprel-27-28-kunleri-qirimtatar-halqi-6-cagirilis-qurultayina-delegatlar-saylavi-baslana\\\/\",\"url\":\"https:\\\/\\\/qtmm.org\\\/qt\\\/2013-senesi-aprel-27-28-kunleri-qirimtatar-halqi-6-cagirilis-qurultayina-delegatlar-saylavi-baslana\\\/\",\"name\":\"2013 senesi aprel 27-28 k\u00fcnleri Q\u0131r\u0131mtatar halq\u0131 6 \u00e7a\u011f\u0131r\u0131l\u0131\u015f Qurultay\u0131na delegatlar saylav\u0131 ba\u015flana - \u041c\u0435\u0434\u0436\u043b\u0456\u0441\",\"isPartOf\":{\"@id\":\"https:\\\/\\\/qtmm.org\\\/qt\\\/#website\"},\"datePublished\":\"2013-04-24T19:23:00+00:00\",\"dateModified\":\"2022-01-23T19:24:22+00:00\",\"breadcrumb\":{\"@id\":\"https:\\\/\\\/qtmm.org\\\/qt\\\/2013-senesi-aprel-27-28-kunleri-qirimtatar-halqi-6-cagirilis-qurultayina-delegatlar-saylavi-baslana\\\/#breadcrumb\"},\"inLanguage\":\"qt\",\"potentialAction\":[{\"@type\":\"ReadAction\",\"target\":[\"https:\\\/\\\/qtmm.org\\\/qt\\\/2013-senesi-aprel-27-28-kunleri-qirimtatar-halqi-6-cagirilis-qurultayina-delegatlar-saylavi-baslana\\\/\"]}]},{\"@type\":\"BreadcrumbList\",\"@id\":\"https:\\\/\\\/qtmm.org\\\/qt\\\/2013-senesi-aprel-27-28-kunleri-qirimtatar-halqi-6-cagirilis-qurultayina-delegatlar-saylavi-baslana\\\/#breadcrumb\",\"itemListElement\":[{\"@type\":\"ListItem\",\"position\":1,\"name\":\"\u0413\u043e\u043b\u043e\u0432\u043d\u0430\",\"item\":\"https:\\\/\\\/qtmm.org\\\/qt\\\/\"},{\"@type\":\"ListItem\",\"position\":2,\"name\":\"2013 senesi aprel 27-28 k\u00fcnleri Q\u0131r\u0131mtatar halq\u0131 6 \u00e7a\u011f\u0131r\u0131l\u0131\u015f Qurultay\u0131na delegatlar saylav\u0131 ba\u015flana\"}]},{\"@type\":\"WebSite\",\"@id\":\"https:\\\/\\\/qtmm.org\\\/qt\\\/#website\",\"url\":\"https:\\\/\\\/qtmm.org\\\/qt\\\/\",\"name\":\"\u041c\u0435\u0434\u0436\u043b\u0456\u0441\",\"description\":\"\",\"publisher\":{\"@id\":\"https:\\\/\\\/qtmm.org\\\/qt\\\/#organization\"},\"potentialAction\":[{\"@type\":\"SearchAction\",\"target\":{\"@type\":\"EntryPoint\",\"urlTemplate\":\"https:\\\/\\\/qtmm.org\\\/qt\\\/?s={search_term_string}\"},\"query-input\":{\"@type\":\"PropertyValueSpecification\",\"valueRequired\":true,\"valueName\":\"search_term_string\"}}],\"inLanguage\":\"qt\"},{\"@type\":\"Organization\",\"@id\":\"https:\\\/\\\/qtmm.org\\\/qt\\\/#organization\",\"name\":\"\u041c\u0435\u0434\u0436\u043b\u0456\u0441\",\"url\":\"https:\\\/\\\/qtmm.org\\\/qt\\\/\",\"logo\":{\"@type\":\"ImageObject\",\"inLanguage\":\"qt\",\"@id\":\"https:\\\/\\\/qtmm.org\\\/qt\\\/#\\\/schema\\\/logo\\\/image\\\/\",\"url\":\"https:\\\/\\\/qtmm.org\\\/wp-content\\\/uploads\\\/2024\\\/12\\\/ua-mejlis-logo-rgb.svg\",\"contentUrl\":\"https:\\\/\\\/qtmm.org\\\/wp-content\\\/uploads\\\/2024\\\/12\\\/ua-mejlis-logo-rgb.svg\",\"caption\":\"\u041c\u0435\u0434\u0436\u043b\u0456\u0441\"},\"image\":{\"@id\":\"https:\\\/\\\/qtmm.org\\\/qt\\\/#\\\/schema\\\/logo\\\/image\\\/\"},\"sameAs\":[\"https:\\\/\\\/www.facebook.com\\\/qtmm.info\\\/\"]},{\"@type\":\"Person\",\"@id\":\"https:\\\/\\\/qtmm.org\\\/qt\\\/#\\\/schema\\\/person\\\/de562469f971dec226ac06e60bbf74a7\",\"name\":\"Developer\",\"image\":{\"@type\":\"ImageObject\",\"inLanguage\":\"qt\",\"@id\":\"https:\\\/\\\/secure.gravatar.com\\\/avatar\\\/392b4cc8fbfeb00b39dfeeab4ee6edded39ffd48e25858637e4765810300227e?s=96&d=mm&r=g\",\"url\":\"https:\\\/\\\/secure.gravatar.com\\\/avatar\\\/392b4cc8fbfeb00b39dfeeab4ee6edded39ffd48e25858637e4765810300227e?s=96&d=mm&r=g\",\"contentUrl\":\"https:\\\/\\\/secure.gravatar.com\\\/avatar\\\/392b4cc8fbfeb00b39dfeeab4ee6edded39ffd48e25858637e4765810300227e?s=96&d=mm&r=g\",\"caption\":\"Developer\"},\"url\":\"https:\\\/\\\/qtmm.org\\\/qt\\\/author\\\/Developer\\\/\"}]}<\/script>\n<!-- \/ Yoast SEO plugin. -->","yoast_head_json":{"title":"2013 senesi aprel 27-28 k\u00fcnleri Q\u0131r\u0131mtatar halq\u0131 6 \u00e7a\u011f\u0131r\u0131l\u0131\u015f Qurultay\u0131na delegatlar saylav\u0131 ba\u015flana - \u041c\u0435\u0434\u0436\u043b\u0456\u0441","robots":{"index":"index","follow":"follow","max-snippet":"max-snippet:-1","max-image-preview":"max-image-preview:large","max-video-preview":"max-video-preview:-1"},"canonical":"https:\/\/qtmm.org\/qt\/2013-senesi-aprel-27-28-kunleri-qirimtatar-halqi-6-cagirilis-qurultayina-delegatlar-saylavi-baslana\/","og_locale":"en_US","og_type":"article","og_title":"2013 senesi aprel 27-28 k\u00fcnleri Q\u0131r\u0131mtatar halq\u0131 6 \u00e7a\u011f\u0131r\u0131l\u0131\u015f Qurultay\u0131na delegatlar saylav\u0131 ba\u015flana - \u041c\u0435\u0434\u0436\u043b\u0456\u0441","og_description":"Q\u0131r\u0131mtatar halq\u0131 6 \u00e7a\u011f\u0131r\u0131l\u0131\u015f Qurultay\u0131na delegatlarn\u0131 saylav boyunca Merkeziy saylav komissiyayas\u0131n\u0131\u00f1 reisi Zair Smedl\u00e2yevni\u00f1 bildirgenine k\u00f6re 2013 senesi aprel 27-28 k\u00fcnleri Q\u0131r\u0131mn\u0131\u00f1 yedi region\u0131 &#8211; Ba\u011f\u00e7asaray, Qurman, Aqme\u00e7et, Qarasuvbazar, Cank\u00f6y, \u0130\u00e7ki ve Aqyarda saylavc\u0131lar 6 \u00e7a\u011f\u0131r\u0131l\u0131\u015f Qurultay\u011fa ya\u00f1\u0131 delegatlarn\u0131 saylaycaqlar. \u2116 p\/p region saylav daireler say\u0131s\u0131 saylav k\u00fcn\u00fc kvotalar say\u0131s\u0131 1 Ba\u011f\u00e7asaray 5 &nbsp;aprel 27 [&hellip;]","og_url":"https:\/\/qtmm.org\/qt\/2013-senesi-aprel-27-28-kunleri-qirimtatar-halqi-6-cagirilis-qurultayina-delegatlar-saylavi-baslana\/","og_site_name":"\u041c\u0435\u0434\u0436\u043b\u0456\u0441","article_publisher":"https:\/\/www.facebook.com\/qtmm.info\/","article_published_time":"2013-04-24T19:23:00+00:00","article_modified_time":"2022-01-23T19:24:22+00:00","author":"Developer","twitter_card":"summary_large_image","twitter_misc":{"Written by":"Developer","Est. reading time":"1 minute"},"schema":{"@context":"https:\/\/schema.org","@graph":[{"@type":"Article","@id":"https:\/\/qtmm.org\/qt\/2013-senesi-aprel-27-28-kunleri-qirimtatar-halqi-6-cagirilis-qurultayina-delegatlar-saylavi-baslana\/#article","isPartOf":{"@id":"https:\/\/qtmm.org\/qt\/2013-senesi-aprel-27-28-kunleri-qirimtatar-halqi-6-cagirilis-qurultayina-delegatlar-saylavi-baslana\/"},"author":{"name":"Developer","@id":"https:\/\/qtmm.org\/qt\/#\/schema\/person\/de562469f971dec226ac06e60bbf74a7"},"headline":"2013 senesi aprel 27-28 k\u00fcnleri Q\u0131r\u0131mtatar halq\u0131 6 \u00e7a\u011f\u0131r\u0131l\u0131\u015f Qurultay\u0131na delegatlar saylav\u0131 ba\u015flana","datePublished":"2013-04-24T19:23:00+00:00","dateModified":"2022-01-23T19:24:22+00:00","mainEntityOfPage":{"@id":"https:\/\/qtmm.org\/qt\/2013-senesi-aprel-27-28-kunleri-qirimtatar-halqi-6-cagirilis-qurultayina-delegatlar-saylavi-baslana\/"},"wordCount":147,"commentCount":0,"publisher":{"@id":"https:\/\/qtmm.org\/qt\/#organization"},"articleSection":["Haberler"],"inLanguage":"qt","potentialAction":[{"@type":"CommentAction","name":"Comment","target":["https:\/\/qtmm.org\/qt\/2013-senesi-aprel-27-28-kunleri-qirimtatar-halqi-6-cagirilis-qurultayina-delegatlar-saylavi-baslana\/#respond"]}]},{"@type":"WebPage","@id":"https:\/\/qtmm.org\/qt\/2013-senesi-aprel-27-28-kunleri-qirimtatar-halqi-6-cagirilis-qurultayina-delegatlar-saylavi-baslana\/","url":"https:\/\/qtmm.org\/qt\/2013-senesi-aprel-27-28-kunleri-qirimtatar-halqi-6-cagirilis-qurultayina-delegatlar-saylavi-baslana\/","name":"2013 senesi aprel 27-28 k\u00fcnleri Q\u0131r\u0131mtatar halq\u0131 6 \u00e7a\u011f\u0131r\u0131l\u0131\u015f Qurultay\u0131na delegatlar saylav\u0131 ba\u015flana - \u041c\u0435\u0434\u0436\u043b\u0456\u0441","isPartOf":{"@id":"https:\/\/qtmm.org\/qt\/#website"},"datePublished":"2013-04-24T19:23:00+00:00","dateModified":"2022-01-23T19:24:22+00:00","breadcrumb":{"@id":"https:\/\/qtmm.org\/qt\/2013-senesi-aprel-27-28-kunleri-qirimtatar-halqi-6-cagirilis-qurultayina-delegatlar-saylavi-baslana\/#breadcrumb"},"inLanguage":"qt","potentialAction":[{"@type":"ReadAction","target":["https:\/\/qtmm.org\/qt\/2013-senesi-aprel-27-28-kunleri-qirimtatar-halqi-6-cagirilis-qurultayina-delegatlar-saylavi-baslana\/"]}]},{"@type":"BreadcrumbList","@id":"https:\/\/qtmm.org\/qt\/2013-senesi-aprel-27-28-kunleri-qirimtatar-halqi-6-cagirilis-qurultayina-delegatlar-saylavi-baslana\/#breadcrumb","itemListElement":[{"@type":"ListItem","position":1,"name":"\u0413\u043e\u043b\u043e\u0432\u043d\u0430","item":"https:\/\/qtmm.org\/qt\/"},{"@type":"ListItem","position":2,"name":"2013 senesi aprel 27-28 k\u00fcnleri Q\u0131r\u0131mtatar halq\u0131 6 \u00e7a\u011f\u0131r\u0131l\u0131\u015f Qurultay\u0131na delegatlar saylav\u0131 ba\u015flana"}]},{"@type":"WebSite","@id":"https:\/\/qtmm.org\/qt\/#website","url":"https:\/\/qtmm.org\/qt\/","name":"\u041c\u0435\u0434\u0436\u043b\u0456\u0441","description":"","publisher":{"@id":"https:\/\/qtmm.org\/qt\/#organization"},"potentialAction":[{"@type":"SearchAction","target":{"@type":"EntryPoint","urlTemplate":"https:\/\/qtmm.org\/qt\/?s={search_term_string}"},"query-input":{"@type":"PropertyValueSpecification","valueRequired":true,"valueName":"search_term_string"}}],"inLanguage":"qt"},{"@type":"Organization","@id":"https:\/\/qtmm.org\/qt\/#organization","name":"\u041c\u0435\u0434\u0436\u043b\u0456\u0441","url":"https:\/\/qtmm.org\/qt\/","logo":{"@type":"ImageObject","inLanguage":"qt","@id":"https:\/\/qtmm.org\/qt\/#\/schema\/logo\/image\/","url":"https:\/\/qtmm.org\/wp-content\/uploads\/2024\/12\/ua-mejlis-logo-rgb.svg","contentUrl":"https:\/\/qtmm.org\/wp-content\/uploads\/2024\/12\/ua-mejlis-logo-rgb.svg","caption":"\u041c\u0435\u0434\u0436\u043b\u0456\u0441"},"image":{"@id":"https:\/\/qtmm.org\/qt\/#\/schema\/logo\/image\/"},"sameAs":["https:\/\/www.facebook.com\/qtmm.info\/"]},{"@type":"Person","@id":"https:\/\/qtmm.org\/qt\/#\/schema\/person\/de562469f971dec226ac06e60bbf74a7","name":"Developer","image":{"@type":"ImageObject","inLanguage":"qt","@id":"https:\/\/secure.gravatar.com\/avatar\/392b4cc8fbfeb00b39dfeeab4ee6edded39ffd48e25858637e4765810300227e?s=96&d=mm&r=g","url":"https:\/\/secure.gravatar.com\/avatar\/392b4cc8fbfeb00b39dfeeab4ee6edded39ffd48e25858637e4765810300227e?s=96&d=mm&r=g","contentUrl":"https:\/\/secure.gravatar.com\/avatar\/392b4cc8fbfeb00b39dfeeab4ee6edded39ffd48e25858637e4765810300227e?s=96&d=mm&r=g","caption":"Developer"},"url":"https:\/\/qtmm.org\/qt\/author\/Developer\/"}]}},"_links":{"self":[{"href":"https:\/\/qtmm.org\/qt\/wp-json\/wp\/v2\/posts\/36633","targetHints":{"allow":["GET"]}}],"collection":[{"href":"https:\/\/qtmm.org\/qt\/wp-json\/wp\/v2\/posts"}],"about":[{"href":"https:\/\/qtmm.org\/qt\/wp-json\/wp\/v2\/types\/post"}],"author":[{"embeddable":true,"href":"https:\/\/qtmm.org\/qt\/wp-json\/wp\/v2\/users\/1"}],"replies":[{"embeddable":true,"href":"https:\/\/qtmm.org\/qt\/wp-json\/wp\/v2\/comments?post=36633"}],"version-history":[{"count":1,"href":"https:\/\/qtmm.org\/qt\/wp-json\/wp\/v2\/posts\/36633\/revisions"}],"predecessor-version":[{"id":36634,"href":"https:\/\/qtmm.org\/qt\/wp-json\/wp\/v2\/posts\/36633\/revisions\/36634"}],"wp:attachment":[{"href":"https:\/\/qtmm.org\/qt\/wp-json\/wp\/v2\/media?parent=36633"}],"wp:term":[{"taxonomy":"category","embeddable":true,"href":"https:\/\/qtmm.org\/qt\/wp-json\/wp\/v2\/categories?post=36633"},{"taxonomy":"post_tag","embeddable":true,"href":"https:\/\/qtmm.org\/qt\/wp-json\/wp\/v2\/tags?post=36633"}],"curies":[{"name":"wp","href":"https:\/\/api.w.org\/{rel}","templated":true}]}}