




{"id":36629,"date":"2013-04-22T22:21:00","date_gmt":"2013-04-22T19:21:00","guid":{"rendered":"http:\/\/qtmm.org\/?p=36629"},"modified":"2022-01-23T22:22:30","modified_gmt":"2022-01-23T19:22:30","slug":"remzi-ilyasov-qadinlarimiznin-milliy-terbiyesi-irade-cesareti-ve-vatanperverlikleri-sayesinde-halqimiz-surgunlikte-sag-qalip-vatanga-qaytti","status":"publish","type":"post","link":"https:\/\/qtmm.org\/qt\/remzi-ilyasov-qadinlarimiznin-milliy-terbiyesi-irade-cesareti-ve-vatanperverlikleri-sayesinde-halqimiz-surgunlikte-sag-qalip-vatanga-qaytti\/","title":{"rendered":"Remzi \u0130lyasov: \u00abQad\u0131nlar\u0131m\u0131zn\u0131\u00f1 milliy terbiyesi, irade, cesareti ve vatanperverlikleri sayesinde Halq\u0131m\u0131z s\u00fcrg\u00fcnlikte sa\u011f qal\u0131p, Vatan\u011fa qaytt\u0131\u00bb"},"content":{"rendered":"\n<p>Kitapn\u0131\u00f1 2-nci c\u0131lt\u0131nda \u00f6zlerini milliy areket, sanat, ilim ve edebiyatqa ba\u011f\u0131\u015fla\u011fan q\u0131r\u0131mtatar qad\u0131nlar\u0131 aqq\u0131nda ik\u00e2ye etile. Olarn\u0131\u00f1 aras\u0131nda Saniye Ametova, G\u00fclizar Yunusova, Zenife Komurci, G\u00fclizar Abdullayeva, Mil\u00e2ra Settarova, Alyana Osmanova, Zarema Asanova, \u015eefiqa Haliqova, Safure Kacametova, Sevil L\u00e2tif-zade, Ay\u015fe \u00c7abanova, Elmira \u00c7erkezova, Aksana Amet-Mustafa, Naciye Ametova, Dil\u00e2ra Qurtametova, Zure Pinka, Elvira Emir, Safiye Eminova, Emine Bekirova, Hatice Mamutova, Leyl\u00e2 Kad\u0131rova, G\u00fclnara Memetova, Lentara Halilova, rahmetli Zeynep L\u00fcmanova, rahmetli Cevaire Mecitova ve rahmetli Zeynep Appazova bar.<\/p>\n\n\n\n<p>Kitapn\u0131\u00f1 m\u00fcellifi Lentara Halilovan\u0131\u00f1 aytqan\u0131na k\u00f6re ne\u015fir 1000 nushada bas\u0131l\u0131p, Q\u0131r\u0131mn\u0131\u00f1 k\u00fct\u00fcphane, mektep ve universitetlerine da\u011f\u0131t\u0131lacaq. Tan\u0131t\u0131m tedbiri 2-nci c\u0131lt az\u0131rlanmas\u0131n\u0131\u00f1 te\u015febb\u00fcs\u00e7isi Q\u0131r\u0131mtatar qad\u0131nlar birle\u015fmesini\u00f1 reisi Safinar Cemilevan\u0131\u00f1 qoltutuv\u0131nda \u00f6tkerildi.<\/p>\n\n\n\n<p>Tedbirde \u00e7\u0131q\u0131\u015fta bulun\u011fan Milliy Meclis reisini\u00f1 muavini Remzi \u0130lyasov, &#8220;Kr\u0131m&#8221; hayriye fond\u0131n\u0131\u00f1 direktor\u0131 Riza \u015eevqiyev, Meclis prezidium\u0131n\u0131\u00f1 azas\u0131, milliy areket i\u015ftirak\u00e7isi Zevcet Qurt\u00fcmerov tedbir te\u015fkil\u00e2t\u00e7\u0131lar\u0131na minnetdarl\u0131q s\u00f6zlerinen muracaat etti.<\/p>\n\n\n\n<p>Kitapn\u0131\u00f1 qaramanlar\u0131na Meclis reisi Mustafa Cemilev ad\u0131ndan Fahriy yarl\u0131qlar berildi, Q\u0131r\u0131mtatar qad\u0131nlar birle\u015fmesini\u00f1 reisi Safinar Cemileva ise er bir qad\u0131n\u011fa bah\u015f\u0131\u015f ve \u00e7e\u00e7ekler berdi.<\/p>\n\n\n\n<p>&#8220;Bu &#8211; &#8220;Q\u0131r\u0131mn\u0131\u00f1 sad\u0131q q\u0131zlar\u0131&#8221; t\u00fcrk\u00fcmini\u00f1 2-nci kitab\u0131d\u0131r. Birincisi 2004 senesi \u00e7\u0131qqan edi, &#8211; dedi Lentara Halilova.- Kitapta Q\u0131r\u0131m i\u00e7\u00fcn milliy k\u00fcre\u015fte i\u015ftirak etken qad\u0131nlar aqq\u0131nda laf y\u00fcrsetile. \u0130nanam ki, ya\u015f nesil bu kitapn\u0131 oqup, analar\u0131, bitalar\u0131ndan ibret al\u0131rlar&#8221;.<br><br>Lentara Halilova q\u0131r\u0131mtatar qad\u0131nlar\u0131na ba\u011f\u0131\u015flan\u011fan bu t\u00fcrk\u00fcmni\u00f1 m\u0131tlaqa devam\u0131 olaca\u011f\u0131na i\u015fan\u011fan\u0131n\u0131 qayd etti. &#8220;Men kitapn\u0131\u00f1 \u011fayesi i\u00e7\u00fcn Safinar Cemileva\u011fa te\u015fekk\u00fcr bildirmek isteyim. Ayn\u0131 bu qad\u0131n b\u00f6yle kitap az\u0131rlamaqn\u0131 teklif etti, men ise jurnalist olaraq \u011fayeni ker\u00e7ekle\u015ftirdim. Tabiiy ki, e\u00f1 b\u00fcy\u00fck minnetdarl\u0131\u011f\u0131mn\u0131 Meclis reisi Mustafa Cemilev ve T\u00fcrkiyeni\u00f1 Ukrainadaki el\u00e7iliginde medeniyet meseleleri boyunca atta\u015fesi Berat Y\u0131ld\u0131z\u011fa bildirmekni borcum, dep sayam&#8221;, &#8211; dedi kitap m\u00fcellifi.<br><br>Meclis reisini\u00f1 muavini Remzi \u0130lyasov kitap \u00fczerinde \u00e7al\u0131\u015fqanlarn\u0131\u00f1 episine te\u015fekk\u00fcr s\u00f6zlerini ayt\u0131p, qad\u0131nlar\u0131m\u0131zn\u0131\u00f1 milliy terbiyesi, irade, cesareti ve vatanperverlikleri sayesinde halq\u0131m\u0131z s\u00fcrg\u00fcnlikte sa\u011f qal\u0131p, Vatan\u011fa qaytt\u0131, dedi.<\/p>\n\n\n\n<p>&#8220;S\u00fcrg\u00fcnlikten qaytqan\u0131m\u0131zn\u0131\u00f1 ilk y\u0131llar\u0131nda erkekler i\u015f q\u0131d\u0131rd\u0131lar, ev qurd\u0131lar, haqlar\u0131m\u0131zn\u0131\u00f1 tiklenmesi i\u00e7\u00fcn areket ettiler, b\u00fct\u00fcn bu vaq\u0131tta siz olarn\u0131\u00f1 yanlar\u0131nda edi\u00f1iz, sizi\u00f1 nazik omuzlar\u0131\u00f1\u0131z\u011fa \u011fayet a\u011f\u0131r vazife y\u00fcklendi, &#8211; dedi Meclis reisini\u00f1 muavini Remzi \u0130ls\u00e2ov. &#8211; Siz balalar\u0131m\u0131zn\u0131 milliy ruh ve adetlerimiz m\u00fcitinde terbiyelemege t\u0131r\u0131\u015ft\u0131\u00f1\u0131z&#8221;.<\/p>\n","protected":false},"excerpt":{"rendered":"<p>Kitapn\u0131\u00f1 2-nci c\u0131lt\u0131nda \u00f6zlerini milliy areket, sanat, ilim ve edebiyatqa ba\u011f\u0131\u015fla\u011fan q\u0131r\u0131mtatar qad\u0131nlar\u0131 aqq\u0131nda ik\u00e2ye etile. Olarn\u0131\u00f1 aras\u0131nda Saniye Ametova, G\u00fclizar Yunusova, Zenife Komurci, G\u00fclizar Abdullayeva, Mil\u00e2ra Settarova, Alyana Osmanova, Zarema Asanova, \u015eefiqa Haliqova, Safure Kacametova, Sevil L\u00e2tif-zade, Ay\u015fe \u00c7abanova, Elmira \u00c7erkezova, Aksana Amet-Mustafa, Naciye Ametova, Dil\u00e2ra Qurtametova, Zure Pinka, Elvira Emir, Safiye Eminova, Emine [&hellip;]<\/p>\n","protected":false},"author":1,"featured_media":0,"comment_status":"open","ping_status":"open","sticky":false,"template":"","format":"standard","meta":{"inline_featured_image":false,"footnotes":""},"categories":[265],"tags":[],"class_list":["post-36629","post","type-post","status-publish","format-standard","hentry","category-haberler"],"acf":[],"yoast_head":"<!-- This site is optimized with the Yoast SEO plugin v27.4 - https:\/\/yoast.com\/product\/yoast-seo-wordpress\/ -->\n<title>Remzi \u0130lyasov: \u00abQad\u0131nlar\u0131m\u0131zn\u0131\u00f1 milliy terbiyesi, irade, cesareti ve vatanperverlikleri sayesinde Halq\u0131m\u0131z s\u00fcrg\u00fcnlikte sa\u011f qal\u0131p, Vatan\u011fa qaytt\u0131\u00bb - \u041c\u0435\u0434\u0436\u043b\u0456\u0441<\/title>\n<meta name=\"robots\" content=\"index, follow, max-snippet:-1, max-image-preview:large, max-video-preview:-1\" \/>\n<link rel=\"canonical\" href=\"https:\/\/qtmm.org\/qt\/remzi-ilyasov-qadinlarimiznin-milliy-terbiyesi-irade-cesareti-ve-vatanperverlikleri-sayesinde-halqimiz-surgunlikte-sag-qalip-vatanga-qaytti\/\" \/>\n<meta property=\"og:locale\" content=\"en_US\" \/>\n<meta property=\"og:type\" content=\"article\" \/>\n<meta property=\"og:title\" content=\"Remzi \u0130lyasov: \u00abQad\u0131nlar\u0131m\u0131zn\u0131\u00f1 milliy terbiyesi, irade, cesareti ve vatanperverlikleri sayesinde Halq\u0131m\u0131z s\u00fcrg\u00fcnlikte sa\u011f qal\u0131p, Vatan\u011fa qaytt\u0131\u00bb - \u041c\u0435\u0434\u0436\u043b\u0456\u0441\" \/>\n<meta property=\"og:description\" content=\"Kitapn\u0131\u00f1 2-nci c\u0131lt\u0131nda \u00f6zlerini milliy areket, sanat, ilim ve edebiyatqa ba\u011f\u0131\u015fla\u011fan q\u0131r\u0131mtatar qad\u0131nlar\u0131 aqq\u0131nda ik\u00e2ye etile. Olarn\u0131\u00f1 aras\u0131nda Saniye Ametova, G\u00fclizar Yunusova, Zenife Komurci, G\u00fclizar Abdullayeva, Mil\u00e2ra Settarova, Alyana Osmanova, Zarema Asanova, \u015eefiqa Haliqova, Safure Kacametova, Sevil L\u00e2tif-zade, Ay\u015fe \u00c7abanova, Elmira \u00c7erkezova, Aksana Amet-Mustafa, Naciye Ametova, Dil\u00e2ra Qurtametova, Zure Pinka, Elvira Emir, Safiye Eminova, Emine [&hellip;]\" \/>\n<meta property=\"og:url\" content=\"https:\/\/qtmm.org\/qt\/remzi-ilyasov-qadinlarimiznin-milliy-terbiyesi-irade-cesareti-ve-vatanperverlikleri-sayesinde-halqimiz-surgunlikte-sag-qalip-vatanga-qaytti\/\" \/>\n<meta property=\"og:site_name\" content=\"\u041c\u0435\u0434\u0436\u043b\u0456\u0441\" \/>\n<meta property=\"article:publisher\" content=\"https:\/\/www.facebook.com\/qtmm.info\/\" \/>\n<meta property=\"article:published_time\" content=\"2013-04-22T19:21:00+00:00\" \/>\n<meta property=\"article:modified_time\" content=\"2022-01-23T19:22:30+00:00\" \/>\n<meta name=\"author\" content=\"Developer\" \/>\n<meta name=\"twitter:card\" content=\"summary_large_image\" \/>\n<meta name=\"twitter:label1\" content=\"Written by\" \/>\n\t<meta name=\"twitter:data1\" content=\"Developer\" \/>\n\t<meta name=\"twitter:label2\" content=\"Est. reading time\" \/>\n\t<meta name=\"twitter:data2\" content=\"2 minutes\" \/>\n<script type=\"application\/ld+json\" class=\"yoast-schema-graph\">{\"@context\":\"https:\\\/\\\/schema.org\",\"@graph\":[{\"@type\":\"Article\",\"@id\":\"https:\\\/\\\/qtmm.org\\\/qt\\\/remzi-ilyasov-qadinlarimiznin-milliy-terbiyesi-irade-cesareti-ve-vatanperverlikleri-sayesinde-halqimiz-surgunlikte-sag-qalip-vatanga-qaytti\\\/#article\",\"isPartOf\":{\"@id\":\"https:\\\/\\\/qtmm.org\\\/qt\\\/remzi-ilyasov-qadinlarimiznin-milliy-terbiyesi-irade-cesareti-ve-vatanperverlikleri-sayesinde-halqimiz-surgunlikte-sag-qalip-vatanga-qaytti\\\/\"},\"author\":{\"name\":\"Developer\",\"@id\":\"https:\\\/\\\/qtmm.org\\\/qt\\\/#\\\/schema\\\/person\\\/de562469f971dec226ac06e60bbf74a7\"},\"headline\":\"Remzi \u0130lyasov: \u00abQad\u0131nlar\u0131m\u0131zn\u0131\u00f1 milliy terbiyesi, irade, cesareti ve vatanperverlikleri sayesinde Halq\u0131m\u0131z s\u00fcrg\u00fcnlikte sa\u011f qal\u0131p, Vatan\u011fa qaytt\u0131\u00bb\",\"datePublished\":\"2013-04-22T19:21:00+00:00\",\"dateModified\":\"2022-01-23T19:22:30+00:00\",\"mainEntityOfPage\":{\"@id\":\"https:\\\/\\\/qtmm.org\\\/qt\\\/remzi-ilyasov-qadinlarimiznin-milliy-terbiyesi-irade-cesareti-ve-vatanperverlikleri-sayesinde-halqimiz-surgunlikte-sag-qalip-vatanga-qaytti\\\/\"},\"wordCount\":518,\"commentCount\":0,\"publisher\":{\"@id\":\"https:\\\/\\\/qtmm.org\\\/qt\\\/#organization\"},\"articleSection\":[\"Haberler\"],\"inLanguage\":\"qt\",\"potentialAction\":[{\"@type\":\"CommentAction\",\"name\":\"Comment\",\"target\":[\"https:\\\/\\\/qtmm.org\\\/qt\\\/remzi-ilyasov-qadinlarimiznin-milliy-terbiyesi-irade-cesareti-ve-vatanperverlikleri-sayesinde-halqimiz-surgunlikte-sag-qalip-vatanga-qaytti\\\/#respond\"]}]},{\"@type\":\"WebPage\",\"@id\":\"https:\\\/\\\/qtmm.org\\\/qt\\\/remzi-ilyasov-qadinlarimiznin-milliy-terbiyesi-irade-cesareti-ve-vatanperverlikleri-sayesinde-halqimiz-surgunlikte-sag-qalip-vatanga-qaytti\\\/\",\"url\":\"https:\\\/\\\/qtmm.org\\\/qt\\\/remzi-ilyasov-qadinlarimiznin-milliy-terbiyesi-irade-cesareti-ve-vatanperverlikleri-sayesinde-halqimiz-surgunlikte-sag-qalip-vatanga-qaytti\\\/\",\"name\":\"Remzi \u0130lyasov: \u00abQad\u0131nlar\u0131m\u0131zn\u0131\u00f1 milliy terbiyesi, irade, cesareti ve vatanperverlikleri sayesinde Halq\u0131m\u0131z s\u00fcrg\u00fcnlikte sa\u011f qal\u0131p, Vatan\u011fa qaytt\u0131\u00bb - \u041c\u0435\u0434\u0436\u043b\u0456\u0441\",\"isPartOf\":{\"@id\":\"https:\\\/\\\/qtmm.org\\\/qt\\\/#website\"},\"datePublished\":\"2013-04-22T19:21:00+00:00\",\"dateModified\":\"2022-01-23T19:22:30+00:00\",\"breadcrumb\":{\"@id\":\"https:\\\/\\\/qtmm.org\\\/qt\\\/remzi-ilyasov-qadinlarimiznin-milliy-terbiyesi-irade-cesareti-ve-vatanperverlikleri-sayesinde-halqimiz-surgunlikte-sag-qalip-vatanga-qaytti\\\/#breadcrumb\"},\"inLanguage\":\"qt\",\"potentialAction\":[{\"@type\":\"ReadAction\",\"target\":[\"https:\\\/\\\/qtmm.org\\\/qt\\\/remzi-ilyasov-qadinlarimiznin-milliy-terbiyesi-irade-cesareti-ve-vatanperverlikleri-sayesinde-halqimiz-surgunlikte-sag-qalip-vatanga-qaytti\\\/\"]}]},{\"@type\":\"BreadcrumbList\",\"@id\":\"https:\\\/\\\/qtmm.org\\\/qt\\\/remzi-ilyasov-qadinlarimiznin-milliy-terbiyesi-irade-cesareti-ve-vatanperverlikleri-sayesinde-halqimiz-surgunlikte-sag-qalip-vatanga-qaytti\\\/#breadcrumb\",\"itemListElement\":[{\"@type\":\"ListItem\",\"position\":1,\"name\":\"\u0413\u043e\u043b\u043e\u0432\u043d\u0430\",\"item\":\"https:\\\/\\\/qtmm.org\\\/qt\\\/\"},{\"@type\":\"ListItem\",\"position\":2,\"name\":\"Remzi \u0130lyasov: \u00abQad\u0131nlar\u0131m\u0131zn\u0131\u00f1 milliy terbiyesi, irade, cesareti ve vatanperverlikleri sayesinde Halq\u0131m\u0131z s\u00fcrg\u00fcnlikte sa\u011f qal\u0131p, Vatan\u011fa qaytt\u0131\u00bb\"}]},{\"@type\":\"WebSite\",\"@id\":\"https:\\\/\\\/qtmm.org\\\/qt\\\/#website\",\"url\":\"https:\\\/\\\/qtmm.org\\\/qt\\\/\",\"name\":\"\u041c\u0435\u0434\u0436\u043b\u0456\u0441\",\"description\":\"\",\"publisher\":{\"@id\":\"https:\\\/\\\/qtmm.org\\\/qt\\\/#organization\"},\"potentialAction\":[{\"@type\":\"SearchAction\",\"target\":{\"@type\":\"EntryPoint\",\"urlTemplate\":\"https:\\\/\\\/qtmm.org\\\/qt\\\/?s={search_term_string}\"},\"query-input\":{\"@type\":\"PropertyValueSpecification\",\"valueRequired\":true,\"valueName\":\"search_term_string\"}}],\"inLanguage\":\"qt\"},{\"@type\":\"Organization\",\"@id\":\"https:\\\/\\\/qtmm.org\\\/qt\\\/#organization\",\"name\":\"\u041c\u0435\u0434\u0436\u043b\u0456\u0441\",\"url\":\"https:\\\/\\\/qtmm.org\\\/qt\\\/\",\"logo\":{\"@type\":\"ImageObject\",\"inLanguage\":\"qt\",\"@id\":\"https:\\\/\\\/qtmm.org\\\/qt\\\/#\\\/schema\\\/logo\\\/image\\\/\",\"url\":\"https:\\\/\\\/qtmm.org\\\/wp-content\\\/uploads\\\/2024\\\/12\\\/ua-mejlis-logo-rgb.svg\",\"contentUrl\":\"https:\\\/\\\/qtmm.org\\\/wp-content\\\/uploads\\\/2024\\\/12\\\/ua-mejlis-logo-rgb.svg\",\"caption\":\"\u041c\u0435\u0434\u0436\u043b\u0456\u0441\"},\"image\":{\"@id\":\"https:\\\/\\\/qtmm.org\\\/qt\\\/#\\\/schema\\\/logo\\\/image\\\/\"},\"sameAs\":[\"https:\\\/\\\/www.facebook.com\\\/qtmm.info\\\/\"]},{\"@type\":\"Person\",\"@id\":\"https:\\\/\\\/qtmm.org\\\/qt\\\/#\\\/schema\\\/person\\\/de562469f971dec226ac06e60bbf74a7\",\"name\":\"Developer\",\"image\":{\"@type\":\"ImageObject\",\"inLanguage\":\"qt\",\"@id\":\"https:\\\/\\\/secure.gravatar.com\\\/avatar\\\/392b4cc8fbfeb00b39dfeeab4ee6edded39ffd48e25858637e4765810300227e?s=96&d=mm&r=g\",\"url\":\"https:\\\/\\\/secure.gravatar.com\\\/avatar\\\/392b4cc8fbfeb00b39dfeeab4ee6edded39ffd48e25858637e4765810300227e?s=96&d=mm&r=g\",\"contentUrl\":\"https:\\\/\\\/secure.gravatar.com\\\/avatar\\\/392b4cc8fbfeb00b39dfeeab4ee6edded39ffd48e25858637e4765810300227e?s=96&d=mm&r=g\",\"caption\":\"Developer\"},\"url\":\"https:\\\/\\\/qtmm.org\\\/qt\\\/author\\\/Developer\\\/\"}]}<\/script>\n<!-- \/ Yoast SEO plugin. -->","yoast_head_json":{"title":"Remzi \u0130lyasov: \u00abQad\u0131nlar\u0131m\u0131zn\u0131\u00f1 milliy terbiyesi, irade, cesareti ve vatanperverlikleri sayesinde Halq\u0131m\u0131z s\u00fcrg\u00fcnlikte sa\u011f qal\u0131p, Vatan\u011fa qaytt\u0131\u00bb - \u041c\u0435\u0434\u0436\u043b\u0456\u0441","robots":{"index":"index","follow":"follow","max-snippet":"max-snippet:-1","max-image-preview":"max-image-preview:large","max-video-preview":"max-video-preview:-1"},"canonical":"https:\/\/qtmm.org\/qt\/remzi-ilyasov-qadinlarimiznin-milliy-terbiyesi-irade-cesareti-ve-vatanperverlikleri-sayesinde-halqimiz-surgunlikte-sag-qalip-vatanga-qaytti\/","og_locale":"en_US","og_type":"article","og_title":"Remzi \u0130lyasov: \u00abQad\u0131nlar\u0131m\u0131zn\u0131\u00f1 milliy terbiyesi, irade, cesareti ve vatanperverlikleri sayesinde Halq\u0131m\u0131z s\u00fcrg\u00fcnlikte sa\u011f qal\u0131p, Vatan\u011fa qaytt\u0131\u00bb - \u041c\u0435\u0434\u0436\u043b\u0456\u0441","og_description":"Kitapn\u0131\u00f1 2-nci c\u0131lt\u0131nda \u00f6zlerini milliy areket, sanat, ilim ve edebiyatqa ba\u011f\u0131\u015fla\u011fan q\u0131r\u0131mtatar qad\u0131nlar\u0131 aqq\u0131nda ik\u00e2ye etile. Olarn\u0131\u00f1 aras\u0131nda Saniye Ametova, G\u00fclizar Yunusova, Zenife Komurci, G\u00fclizar Abdullayeva, Mil\u00e2ra Settarova, Alyana Osmanova, Zarema Asanova, \u015eefiqa Haliqova, Safure Kacametova, Sevil L\u00e2tif-zade, Ay\u015fe \u00c7abanova, Elmira \u00c7erkezova, Aksana Amet-Mustafa, Naciye Ametova, Dil\u00e2ra Qurtametova, Zure Pinka, Elvira Emir, Safiye Eminova, Emine [&hellip;]","og_url":"https:\/\/qtmm.org\/qt\/remzi-ilyasov-qadinlarimiznin-milliy-terbiyesi-irade-cesareti-ve-vatanperverlikleri-sayesinde-halqimiz-surgunlikte-sag-qalip-vatanga-qaytti\/","og_site_name":"\u041c\u0435\u0434\u0436\u043b\u0456\u0441","article_publisher":"https:\/\/www.facebook.com\/qtmm.info\/","article_published_time":"2013-04-22T19:21:00+00:00","article_modified_time":"2022-01-23T19:22:30+00:00","author":"Developer","twitter_card":"summary_large_image","twitter_misc":{"Written by":"Developer","Est. reading time":"2 minutes"},"schema":{"@context":"https:\/\/schema.org","@graph":[{"@type":"Article","@id":"https:\/\/qtmm.org\/qt\/remzi-ilyasov-qadinlarimiznin-milliy-terbiyesi-irade-cesareti-ve-vatanperverlikleri-sayesinde-halqimiz-surgunlikte-sag-qalip-vatanga-qaytti\/#article","isPartOf":{"@id":"https:\/\/qtmm.org\/qt\/remzi-ilyasov-qadinlarimiznin-milliy-terbiyesi-irade-cesareti-ve-vatanperverlikleri-sayesinde-halqimiz-surgunlikte-sag-qalip-vatanga-qaytti\/"},"author":{"name":"Developer","@id":"https:\/\/qtmm.org\/qt\/#\/schema\/person\/de562469f971dec226ac06e60bbf74a7"},"headline":"Remzi \u0130lyasov: \u00abQad\u0131nlar\u0131m\u0131zn\u0131\u00f1 milliy terbiyesi, irade, cesareti ve vatanperverlikleri sayesinde Halq\u0131m\u0131z s\u00fcrg\u00fcnlikte sa\u011f qal\u0131p, Vatan\u011fa qaytt\u0131\u00bb","datePublished":"2013-04-22T19:21:00+00:00","dateModified":"2022-01-23T19:22:30+00:00","mainEntityOfPage":{"@id":"https:\/\/qtmm.org\/qt\/remzi-ilyasov-qadinlarimiznin-milliy-terbiyesi-irade-cesareti-ve-vatanperverlikleri-sayesinde-halqimiz-surgunlikte-sag-qalip-vatanga-qaytti\/"},"wordCount":518,"commentCount":0,"publisher":{"@id":"https:\/\/qtmm.org\/qt\/#organization"},"articleSection":["Haberler"],"inLanguage":"qt","potentialAction":[{"@type":"CommentAction","name":"Comment","target":["https:\/\/qtmm.org\/qt\/remzi-ilyasov-qadinlarimiznin-milliy-terbiyesi-irade-cesareti-ve-vatanperverlikleri-sayesinde-halqimiz-surgunlikte-sag-qalip-vatanga-qaytti\/#respond"]}]},{"@type":"WebPage","@id":"https:\/\/qtmm.org\/qt\/remzi-ilyasov-qadinlarimiznin-milliy-terbiyesi-irade-cesareti-ve-vatanperverlikleri-sayesinde-halqimiz-surgunlikte-sag-qalip-vatanga-qaytti\/","url":"https:\/\/qtmm.org\/qt\/remzi-ilyasov-qadinlarimiznin-milliy-terbiyesi-irade-cesareti-ve-vatanperverlikleri-sayesinde-halqimiz-surgunlikte-sag-qalip-vatanga-qaytti\/","name":"Remzi \u0130lyasov: \u00abQad\u0131nlar\u0131m\u0131zn\u0131\u00f1 milliy terbiyesi, irade, cesareti ve vatanperverlikleri sayesinde Halq\u0131m\u0131z s\u00fcrg\u00fcnlikte sa\u011f qal\u0131p, Vatan\u011fa qaytt\u0131\u00bb - \u041c\u0435\u0434\u0436\u043b\u0456\u0441","isPartOf":{"@id":"https:\/\/qtmm.org\/qt\/#website"},"datePublished":"2013-04-22T19:21:00+00:00","dateModified":"2022-01-23T19:22:30+00:00","breadcrumb":{"@id":"https:\/\/qtmm.org\/qt\/remzi-ilyasov-qadinlarimiznin-milliy-terbiyesi-irade-cesareti-ve-vatanperverlikleri-sayesinde-halqimiz-surgunlikte-sag-qalip-vatanga-qaytti\/#breadcrumb"},"inLanguage":"qt","potentialAction":[{"@type":"ReadAction","target":["https:\/\/qtmm.org\/qt\/remzi-ilyasov-qadinlarimiznin-milliy-terbiyesi-irade-cesareti-ve-vatanperverlikleri-sayesinde-halqimiz-surgunlikte-sag-qalip-vatanga-qaytti\/"]}]},{"@type":"BreadcrumbList","@id":"https:\/\/qtmm.org\/qt\/remzi-ilyasov-qadinlarimiznin-milliy-terbiyesi-irade-cesareti-ve-vatanperverlikleri-sayesinde-halqimiz-surgunlikte-sag-qalip-vatanga-qaytti\/#breadcrumb","itemListElement":[{"@type":"ListItem","position":1,"name":"\u0413\u043e\u043b\u043e\u0432\u043d\u0430","item":"https:\/\/qtmm.org\/qt\/"},{"@type":"ListItem","position":2,"name":"Remzi \u0130lyasov: \u00abQad\u0131nlar\u0131m\u0131zn\u0131\u00f1 milliy terbiyesi, irade, cesareti ve vatanperverlikleri sayesinde Halq\u0131m\u0131z s\u00fcrg\u00fcnlikte sa\u011f qal\u0131p, Vatan\u011fa qaytt\u0131\u00bb"}]},{"@type":"WebSite","@id":"https:\/\/qtmm.org\/qt\/#website","url":"https:\/\/qtmm.org\/qt\/","name":"\u041c\u0435\u0434\u0436\u043b\u0456\u0441","description":"","publisher":{"@id":"https:\/\/qtmm.org\/qt\/#organization"},"potentialAction":[{"@type":"SearchAction","target":{"@type":"EntryPoint","urlTemplate":"https:\/\/qtmm.org\/qt\/?s={search_term_string}"},"query-input":{"@type":"PropertyValueSpecification","valueRequired":true,"valueName":"search_term_string"}}],"inLanguage":"qt"},{"@type":"Organization","@id":"https:\/\/qtmm.org\/qt\/#organization","name":"\u041c\u0435\u0434\u0436\u043b\u0456\u0441","url":"https:\/\/qtmm.org\/qt\/","logo":{"@type":"ImageObject","inLanguage":"qt","@id":"https:\/\/qtmm.org\/qt\/#\/schema\/logo\/image\/","url":"https:\/\/qtmm.org\/wp-content\/uploads\/2024\/12\/ua-mejlis-logo-rgb.svg","contentUrl":"https:\/\/qtmm.org\/wp-content\/uploads\/2024\/12\/ua-mejlis-logo-rgb.svg","caption":"\u041c\u0435\u0434\u0436\u043b\u0456\u0441"},"image":{"@id":"https:\/\/qtmm.org\/qt\/#\/schema\/logo\/image\/"},"sameAs":["https:\/\/www.facebook.com\/qtmm.info\/"]},{"@type":"Person","@id":"https:\/\/qtmm.org\/qt\/#\/schema\/person\/de562469f971dec226ac06e60bbf74a7","name":"Developer","image":{"@type":"ImageObject","inLanguage":"qt","@id":"https:\/\/secure.gravatar.com\/avatar\/392b4cc8fbfeb00b39dfeeab4ee6edded39ffd48e25858637e4765810300227e?s=96&d=mm&r=g","url":"https:\/\/secure.gravatar.com\/avatar\/392b4cc8fbfeb00b39dfeeab4ee6edded39ffd48e25858637e4765810300227e?s=96&d=mm&r=g","contentUrl":"https:\/\/secure.gravatar.com\/avatar\/392b4cc8fbfeb00b39dfeeab4ee6edded39ffd48e25858637e4765810300227e?s=96&d=mm&r=g","caption":"Developer"},"url":"https:\/\/qtmm.org\/qt\/author\/Developer\/"}]}},"_links":{"self":[{"href":"https:\/\/qtmm.org\/qt\/wp-json\/wp\/v2\/posts\/36629","targetHints":{"allow":["GET"]}}],"collection":[{"href":"https:\/\/qtmm.org\/qt\/wp-json\/wp\/v2\/posts"}],"about":[{"href":"https:\/\/qtmm.org\/qt\/wp-json\/wp\/v2\/types\/post"}],"author":[{"embeddable":true,"href":"https:\/\/qtmm.org\/qt\/wp-json\/wp\/v2\/users\/1"}],"replies":[{"embeddable":true,"href":"https:\/\/qtmm.org\/qt\/wp-json\/wp\/v2\/comments?post=36629"}],"version-history":[{"count":1,"href":"https:\/\/qtmm.org\/qt\/wp-json\/wp\/v2\/posts\/36629\/revisions"}],"predecessor-version":[{"id":36630,"href":"https:\/\/qtmm.org\/qt\/wp-json\/wp\/v2\/posts\/36629\/revisions\/36630"}],"wp:attachment":[{"href":"https:\/\/qtmm.org\/qt\/wp-json\/wp\/v2\/media?parent=36629"}],"wp:term":[{"taxonomy":"category","embeddable":true,"href":"https:\/\/qtmm.org\/qt\/wp-json\/wp\/v2\/categories?post=36629"},{"taxonomy":"post_tag","embeddable":true,"href":"https:\/\/qtmm.org\/qt\/wp-json\/wp\/v2\/tags?post=36629"}],"curies":[{"name":"wp","href":"https:\/\/api.w.org\/{rel}","templated":true}]}}