




{"id":36627,"date":"2013-04-19T18:44:00","date_gmt":"2013-04-19T15:44:00","guid":{"rendered":"http:\/\/qtmm.org\/?p=36627"},"modified":"2022-01-23T18:45:25","modified_gmt":"2022-01-23T15:45:25","slug":"novoalekseyevka-qasabasinda-qirimtatar-tili-regional-til-olaraq-tanildi","status":"publish","type":"post","link":"https:\/\/qtmm.org\/qt\/novoalekseyevka-qasabasinda-qirimtatar-tili-regional-til-olaraq-tanildi\/","title":{"rendered":"Novoalekseyevka qasabas\u0131nda q\u0131r\u0131mtatar tili regional til olaraq tan\u0131ld\u0131"},"content":{"rendered":"\n<p>Herson vil\u00e2yetini\u00f1 Geni\u00e7esk rayon\u0131ndaki Novoalekseyevka qasabas\u0131nda aprel 19 k\u00fcn\u00fc ol\u0131p ke\u00e7ken qasaba \u015furas\u0131n\u0131\u00f1 topla\u015fuv\u0131nda q\u0131r\u0131mtatar tiline regional til status\u0131n\u0131 bermek qarar\u0131 al\u0131nd\u0131.<\/p>\n\n\n\n<p>&#8220;QHA&#8221; informatsion agentligi\u00a0bildirgenine k\u00f6re bu aqta Herson vil\u00e2yetinde regional meclis reisi Asan Aliyev haber etti.<\/p>\n\n\n\n<p>Topla\u015fuvda bulun\u011fan 22 deputatn\u0131\u00f1 18-i qarar\u011fa qoltut\u0131p, 2 adam bitaraf qal\u011fanlar. B\u00f6yleliknen Novoalekseyevkada bug\u00fcnden itibaren q\u0131r\u0131mtatar tili regional til status\u0131na maliktir. Asan Aliyevni\u00f1 aytqan\u0131na k\u00f6re bu meselege qoltutmaq i\u00e7\u00fcn topla\u015fuv\u011fa pek \u00e7oq q\u0131r\u0131mtatar, \u015fu c\u00fcmleden qartlar, kelgen.<\/p>\n\n\n\n<p>&#8220;Bug\u00fcn Novoalekseyevkada y\u00fcz bergen vaqia q\u0131r\u0131mtatar halq\u0131n\u0131\u00f1 tarih\u0131nda qal\u0131r. Sessiyan\u0131 qasaba \u015furas\u0131n\u0131\u00f1 reisi Aleksandr Burkovskiy ba\u015flad\u0131. So\u00f1ra \u00e7\u0131q\u0131\u015fta bulun\u011fan Geni\u00e7esk rayon devlet memuriyetini\u00f1 reisi Seytumer Nimetullayev q\u0131r\u0131mtatar tili status\u0131 aqq\u0131nda ayt\u0131p, deputatlardan bu qarar\u011fa qoltutmalar\u0131n\u0131 rica etti.<\/p>\n\n\n\n<p>On\u0131\u00f1 s\u00f6zlerinden so\u00f1 deputatlar \u00e7\u0131q\u0131p \u00f6z fikirlerini ifade ettiler. Ba\u015fta ciddiy bir qapa-qar\u015f\u0131l\u0131q bar edi&#8221;, &#8211; tarif etti Asan Aliyev. On\u0131\u00f1 kendisi de \u00f6z \u00e7\u0131q\u0131\u015f\u0131nda deputatlar\u011fa tilni\u00f1 halq i\u00e7\u00fcn emiyetini a\u00f1latma\u011fa t\u0131r\u0131\u015fqan.<\/p>\n\n\n\n<p>&#8220;Nutq\u0131mda Geni\u00e7esk rayon\u0131nda pek \u00e7oq millet vekilleri bar\u0131\u015f\u0131q i\u00e7inde ya\u015fa\u011fanlar\u0131n\u0131, q\u0131r\u0131mtatar tili \u011fay\u0131p oluv tel\u00fckesi alt\u0131nda bulun\u011fan tiller cedveline kirsetilgenini aytt\u0131m&#8221;, &#8211; dep qayd etti Asanov.<\/p>\n\n\n\n<p>&#8220;Qararn\u0131\u00f1 al\u0131nmas\u0131 balalar ba\u011f\u00e7as\u0131nda q\u0131r\u0131mtatar gruppalar\u0131n\u0131 a\u00e7maq i\u00e7\u00fcn qanuniy temel yarat\u0131r, bun\u0131\u00f1 kibi de mektepte q\u0131r\u0131mtatar tili derslerini artt\u0131rmaqn\u0131 rica etecekmiz&#8221;, &#8211; dedi Asanov.<\/p>\n","protected":false},"excerpt":{"rendered":"<p>Herson vil\u00e2yetini\u00f1 Geni\u00e7esk rayon\u0131ndaki Novoalekseyevka qasabas\u0131nda aprel 19 k\u00fcn\u00fc ol\u0131p ke\u00e7ken qasaba \u015furas\u0131n\u0131\u00f1 topla\u015fuv\u0131nda q\u0131r\u0131mtatar tiline regional til status\u0131n\u0131 bermek qarar\u0131 al\u0131nd\u0131. &#8220;QHA&#8221; informatsion agentligi\u00a0bildirgenine k\u00f6re bu aqta Herson vil\u00e2yetinde regional meclis reisi Asan Aliyev haber etti. Topla\u015fuvda bulun\u011fan 22 deputatn\u0131\u00f1 18-i qarar\u011fa qoltut\u0131p, 2 adam bitaraf qal\u011fanlar. B\u00f6yleliknen Novoalekseyevkada bug\u00fcnden itibaren q\u0131r\u0131mtatar tili regional [&hellip;]<\/p>\n","protected":false},"author":1,"featured_media":0,"comment_status":"open","ping_status":"open","sticky":false,"template":"","format":"standard","meta":{"inline_featured_image":false,"footnotes":""},"categories":[265],"tags":[],"class_list":["post-36627","post","type-post","status-publish","format-standard","hentry","category-haberler"],"acf":[],"yoast_head":"<!-- This site is optimized with the Yoast SEO plugin v27.4 - https:\/\/yoast.com\/product\/yoast-seo-wordpress\/ -->\n<title>Novoalekseyevka qasabas\u0131nda q\u0131r\u0131mtatar tili regional til olaraq tan\u0131ld\u0131 - \u041c\u0435\u0434\u0436\u043b\u0456\u0441<\/title>\n<meta name=\"robots\" content=\"index, follow, max-snippet:-1, max-image-preview:large, max-video-preview:-1\" \/>\n<link rel=\"canonical\" href=\"https:\/\/qtmm.org\/qt\/novoalekseyevka-qasabasinda-qirimtatar-tili-regional-til-olaraq-tanildi\/\" \/>\n<meta property=\"og:locale\" content=\"en_US\" \/>\n<meta property=\"og:type\" content=\"article\" \/>\n<meta property=\"og:title\" content=\"Novoalekseyevka qasabas\u0131nda q\u0131r\u0131mtatar tili regional til olaraq tan\u0131ld\u0131 - \u041c\u0435\u0434\u0436\u043b\u0456\u0441\" \/>\n<meta property=\"og:description\" content=\"Herson vil\u00e2yetini\u00f1 Geni\u00e7esk rayon\u0131ndaki Novoalekseyevka qasabas\u0131nda aprel 19 k\u00fcn\u00fc ol\u0131p ke\u00e7ken qasaba \u015furas\u0131n\u0131\u00f1 topla\u015fuv\u0131nda q\u0131r\u0131mtatar tiline regional til status\u0131n\u0131 bermek qarar\u0131 al\u0131nd\u0131. &#8220;QHA&#8221; informatsion agentligi\u00a0bildirgenine k\u00f6re bu aqta Herson vil\u00e2yetinde regional meclis reisi Asan Aliyev haber etti. Topla\u015fuvda bulun\u011fan 22 deputatn\u0131\u00f1 18-i qarar\u011fa qoltut\u0131p, 2 adam bitaraf qal\u011fanlar. B\u00f6yleliknen Novoalekseyevkada bug\u00fcnden itibaren q\u0131r\u0131mtatar tili regional [&hellip;]\" \/>\n<meta property=\"og:url\" content=\"https:\/\/qtmm.org\/qt\/novoalekseyevka-qasabasinda-qirimtatar-tili-regional-til-olaraq-tanildi\/\" \/>\n<meta property=\"og:site_name\" content=\"\u041c\u0435\u0434\u0436\u043b\u0456\u0441\" \/>\n<meta property=\"article:publisher\" content=\"https:\/\/www.facebook.com\/qtmm.info\/\" \/>\n<meta property=\"article:published_time\" content=\"2013-04-19T15:44:00+00:00\" \/>\n<meta property=\"article:modified_time\" content=\"2022-01-23T15:45:25+00:00\" \/>\n<meta name=\"author\" content=\"Developer\" \/>\n<meta name=\"twitter:card\" content=\"summary_large_image\" \/>\n<meta name=\"twitter:label1\" content=\"Written by\" \/>\n\t<meta name=\"twitter:data1\" content=\"Developer\" \/>\n\t<meta name=\"twitter:label2\" content=\"Est. reading time\" \/>\n\t<meta name=\"twitter:data2\" content=\"1 minute\" \/>\n<script type=\"application\/ld+json\" class=\"yoast-schema-graph\">{\"@context\":\"https:\\\/\\\/schema.org\",\"@graph\":[{\"@type\":\"Article\",\"@id\":\"https:\\\/\\\/qtmm.org\\\/qt\\\/novoalekseyevka-qasabasinda-qirimtatar-tili-regional-til-olaraq-tanildi\\\/#article\",\"isPartOf\":{\"@id\":\"https:\\\/\\\/qtmm.org\\\/qt\\\/novoalekseyevka-qasabasinda-qirimtatar-tili-regional-til-olaraq-tanildi\\\/\"},\"author\":{\"name\":\"Developer\",\"@id\":\"https:\\\/\\\/qtmm.org\\\/qt\\\/#\\\/schema\\\/person\\\/de562469f971dec226ac06e60bbf74a7\"},\"headline\":\"Novoalekseyevka qasabas\u0131nda q\u0131r\u0131mtatar tili regional til olaraq tan\u0131ld\u0131\",\"datePublished\":\"2013-04-19T15:44:00+00:00\",\"dateModified\":\"2022-01-23T15:45:25+00:00\",\"mainEntityOfPage\":{\"@id\":\"https:\\\/\\\/qtmm.org\\\/qt\\\/novoalekseyevka-qasabasinda-qirimtatar-tili-regional-til-olaraq-tanildi\\\/\"},\"wordCount\":295,\"commentCount\":0,\"publisher\":{\"@id\":\"https:\\\/\\\/qtmm.org\\\/qt\\\/#organization\"},\"articleSection\":[\"Haberler\"],\"inLanguage\":\"qt\",\"potentialAction\":[{\"@type\":\"CommentAction\",\"name\":\"Comment\",\"target\":[\"https:\\\/\\\/qtmm.org\\\/qt\\\/novoalekseyevka-qasabasinda-qirimtatar-tili-regional-til-olaraq-tanildi\\\/#respond\"]}]},{\"@type\":\"WebPage\",\"@id\":\"https:\\\/\\\/qtmm.org\\\/qt\\\/novoalekseyevka-qasabasinda-qirimtatar-tili-regional-til-olaraq-tanildi\\\/\",\"url\":\"https:\\\/\\\/qtmm.org\\\/qt\\\/novoalekseyevka-qasabasinda-qirimtatar-tili-regional-til-olaraq-tanildi\\\/\",\"name\":\"Novoalekseyevka qasabas\u0131nda q\u0131r\u0131mtatar tili regional til olaraq tan\u0131ld\u0131 - \u041c\u0435\u0434\u0436\u043b\u0456\u0441\",\"isPartOf\":{\"@id\":\"https:\\\/\\\/qtmm.org\\\/qt\\\/#website\"},\"datePublished\":\"2013-04-19T15:44:00+00:00\",\"dateModified\":\"2022-01-23T15:45:25+00:00\",\"breadcrumb\":{\"@id\":\"https:\\\/\\\/qtmm.org\\\/qt\\\/novoalekseyevka-qasabasinda-qirimtatar-tili-regional-til-olaraq-tanildi\\\/#breadcrumb\"},\"inLanguage\":\"qt\",\"potentialAction\":[{\"@type\":\"ReadAction\",\"target\":[\"https:\\\/\\\/qtmm.org\\\/qt\\\/novoalekseyevka-qasabasinda-qirimtatar-tili-regional-til-olaraq-tanildi\\\/\"]}]},{\"@type\":\"BreadcrumbList\",\"@id\":\"https:\\\/\\\/qtmm.org\\\/qt\\\/novoalekseyevka-qasabasinda-qirimtatar-tili-regional-til-olaraq-tanildi\\\/#breadcrumb\",\"itemListElement\":[{\"@type\":\"ListItem\",\"position\":1,\"name\":\"\u0413\u043e\u043b\u043e\u0432\u043d\u0430\",\"item\":\"https:\\\/\\\/qtmm.org\\\/qt\\\/\"},{\"@type\":\"ListItem\",\"position\":2,\"name\":\"Novoalekseyevka qasabas\u0131nda q\u0131r\u0131mtatar tili regional til olaraq tan\u0131ld\u0131\"}]},{\"@type\":\"WebSite\",\"@id\":\"https:\\\/\\\/qtmm.org\\\/qt\\\/#website\",\"url\":\"https:\\\/\\\/qtmm.org\\\/qt\\\/\",\"name\":\"\u041c\u0435\u0434\u0436\u043b\u0456\u0441\",\"description\":\"\",\"publisher\":{\"@id\":\"https:\\\/\\\/qtmm.org\\\/qt\\\/#organization\"},\"potentialAction\":[{\"@type\":\"SearchAction\",\"target\":{\"@type\":\"EntryPoint\",\"urlTemplate\":\"https:\\\/\\\/qtmm.org\\\/qt\\\/?s={search_term_string}\"},\"query-input\":{\"@type\":\"PropertyValueSpecification\",\"valueRequired\":true,\"valueName\":\"search_term_string\"}}],\"inLanguage\":\"qt\"},{\"@type\":\"Organization\",\"@id\":\"https:\\\/\\\/qtmm.org\\\/qt\\\/#organization\",\"name\":\"\u041c\u0435\u0434\u0436\u043b\u0456\u0441\",\"url\":\"https:\\\/\\\/qtmm.org\\\/qt\\\/\",\"logo\":{\"@type\":\"ImageObject\",\"inLanguage\":\"qt\",\"@id\":\"https:\\\/\\\/qtmm.org\\\/qt\\\/#\\\/schema\\\/logo\\\/image\\\/\",\"url\":\"https:\\\/\\\/qtmm.org\\\/wp-content\\\/uploads\\\/2024\\\/12\\\/ua-mejlis-logo-rgb.svg\",\"contentUrl\":\"https:\\\/\\\/qtmm.org\\\/wp-content\\\/uploads\\\/2024\\\/12\\\/ua-mejlis-logo-rgb.svg\",\"caption\":\"\u041c\u0435\u0434\u0436\u043b\u0456\u0441\"},\"image\":{\"@id\":\"https:\\\/\\\/qtmm.org\\\/qt\\\/#\\\/schema\\\/logo\\\/image\\\/\"},\"sameAs\":[\"https:\\\/\\\/www.facebook.com\\\/qtmm.info\\\/\"]},{\"@type\":\"Person\",\"@id\":\"https:\\\/\\\/qtmm.org\\\/qt\\\/#\\\/schema\\\/person\\\/de562469f971dec226ac06e60bbf74a7\",\"name\":\"Developer\",\"image\":{\"@type\":\"ImageObject\",\"inLanguage\":\"qt\",\"@id\":\"https:\\\/\\\/secure.gravatar.com\\\/avatar\\\/392b4cc8fbfeb00b39dfeeab4ee6edded39ffd48e25858637e4765810300227e?s=96&d=mm&r=g\",\"url\":\"https:\\\/\\\/secure.gravatar.com\\\/avatar\\\/392b4cc8fbfeb00b39dfeeab4ee6edded39ffd48e25858637e4765810300227e?s=96&d=mm&r=g\",\"contentUrl\":\"https:\\\/\\\/secure.gravatar.com\\\/avatar\\\/392b4cc8fbfeb00b39dfeeab4ee6edded39ffd48e25858637e4765810300227e?s=96&d=mm&r=g\",\"caption\":\"Developer\"},\"url\":\"https:\\\/\\\/qtmm.org\\\/qt\\\/author\\\/Developer\\\/\"}]}<\/script>\n<!-- \/ Yoast SEO plugin. -->","yoast_head_json":{"title":"Novoalekseyevka qasabas\u0131nda q\u0131r\u0131mtatar tili regional til olaraq tan\u0131ld\u0131 - \u041c\u0435\u0434\u0436\u043b\u0456\u0441","robots":{"index":"index","follow":"follow","max-snippet":"max-snippet:-1","max-image-preview":"max-image-preview:large","max-video-preview":"max-video-preview:-1"},"canonical":"https:\/\/qtmm.org\/qt\/novoalekseyevka-qasabasinda-qirimtatar-tili-regional-til-olaraq-tanildi\/","og_locale":"en_US","og_type":"article","og_title":"Novoalekseyevka qasabas\u0131nda q\u0131r\u0131mtatar tili regional til olaraq tan\u0131ld\u0131 - \u041c\u0435\u0434\u0436\u043b\u0456\u0441","og_description":"Herson vil\u00e2yetini\u00f1 Geni\u00e7esk rayon\u0131ndaki Novoalekseyevka qasabas\u0131nda aprel 19 k\u00fcn\u00fc ol\u0131p ke\u00e7ken qasaba \u015furas\u0131n\u0131\u00f1 topla\u015fuv\u0131nda q\u0131r\u0131mtatar tiline regional til status\u0131n\u0131 bermek qarar\u0131 al\u0131nd\u0131. &#8220;QHA&#8221; informatsion agentligi\u00a0bildirgenine k\u00f6re bu aqta Herson vil\u00e2yetinde regional meclis reisi Asan Aliyev haber etti. Topla\u015fuvda bulun\u011fan 22 deputatn\u0131\u00f1 18-i qarar\u011fa qoltut\u0131p, 2 adam bitaraf qal\u011fanlar. B\u00f6yleliknen Novoalekseyevkada bug\u00fcnden itibaren q\u0131r\u0131mtatar tili regional [&hellip;]","og_url":"https:\/\/qtmm.org\/qt\/novoalekseyevka-qasabasinda-qirimtatar-tili-regional-til-olaraq-tanildi\/","og_site_name":"\u041c\u0435\u0434\u0436\u043b\u0456\u0441","article_publisher":"https:\/\/www.facebook.com\/qtmm.info\/","article_published_time":"2013-04-19T15:44:00+00:00","article_modified_time":"2022-01-23T15:45:25+00:00","author":"Developer","twitter_card":"summary_large_image","twitter_misc":{"Written by":"Developer","Est. reading time":"1 minute"},"schema":{"@context":"https:\/\/schema.org","@graph":[{"@type":"Article","@id":"https:\/\/qtmm.org\/qt\/novoalekseyevka-qasabasinda-qirimtatar-tili-regional-til-olaraq-tanildi\/#article","isPartOf":{"@id":"https:\/\/qtmm.org\/qt\/novoalekseyevka-qasabasinda-qirimtatar-tili-regional-til-olaraq-tanildi\/"},"author":{"name":"Developer","@id":"https:\/\/qtmm.org\/qt\/#\/schema\/person\/de562469f971dec226ac06e60bbf74a7"},"headline":"Novoalekseyevka qasabas\u0131nda q\u0131r\u0131mtatar tili regional til olaraq tan\u0131ld\u0131","datePublished":"2013-04-19T15:44:00+00:00","dateModified":"2022-01-23T15:45:25+00:00","mainEntityOfPage":{"@id":"https:\/\/qtmm.org\/qt\/novoalekseyevka-qasabasinda-qirimtatar-tili-regional-til-olaraq-tanildi\/"},"wordCount":295,"commentCount":0,"publisher":{"@id":"https:\/\/qtmm.org\/qt\/#organization"},"articleSection":["Haberler"],"inLanguage":"qt","potentialAction":[{"@type":"CommentAction","name":"Comment","target":["https:\/\/qtmm.org\/qt\/novoalekseyevka-qasabasinda-qirimtatar-tili-regional-til-olaraq-tanildi\/#respond"]}]},{"@type":"WebPage","@id":"https:\/\/qtmm.org\/qt\/novoalekseyevka-qasabasinda-qirimtatar-tili-regional-til-olaraq-tanildi\/","url":"https:\/\/qtmm.org\/qt\/novoalekseyevka-qasabasinda-qirimtatar-tili-regional-til-olaraq-tanildi\/","name":"Novoalekseyevka qasabas\u0131nda q\u0131r\u0131mtatar tili regional til olaraq tan\u0131ld\u0131 - \u041c\u0435\u0434\u0436\u043b\u0456\u0441","isPartOf":{"@id":"https:\/\/qtmm.org\/qt\/#website"},"datePublished":"2013-04-19T15:44:00+00:00","dateModified":"2022-01-23T15:45:25+00:00","breadcrumb":{"@id":"https:\/\/qtmm.org\/qt\/novoalekseyevka-qasabasinda-qirimtatar-tili-regional-til-olaraq-tanildi\/#breadcrumb"},"inLanguage":"qt","potentialAction":[{"@type":"ReadAction","target":["https:\/\/qtmm.org\/qt\/novoalekseyevka-qasabasinda-qirimtatar-tili-regional-til-olaraq-tanildi\/"]}]},{"@type":"BreadcrumbList","@id":"https:\/\/qtmm.org\/qt\/novoalekseyevka-qasabasinda-qirimtatar-tili-regional-til-olaraq-tanildi\/#breadcrumb","itemListElement":[{"@type":"ListItem","position":1,"name":"\u0413\u043e\u043b\u043e\u0432\u043d\u0430","item":"https:\/\/qtmm.org\/qt\/"},{"@type":"ListItem","position":2,"name":"Novoalekseyevka qasabas\u0131nda q\u0131r\u0131mtatar tili regional til olaraq tan\u0131ld\u0131"}]},{"@type":"WebSite","@id":"https:\/\/qtmm.org\/qt\/#website","url":"https:\/\/qtmm.org\/qt\/","name":"\u041c\u0435\u0434\u0436\u043b\u0456\u0441","description":"","publisher":{"@id":"https:\/\/qtmm.org\/qt\/#organization"},"potentialAction":[{"@type":"SearchAction","target":{"@type":"EntryPoint","urlTemplate":"https:\/\/qtmm.org\/qt\/?s={search_term_string}"},"query-input":{"@type":"PropertyValueSpecification","valueRequired":true,"valueName":"search_term_string"}}],"inLanguage":"qt"},{"@type":"Organization","@id":"https:\/\/qtmm.org\/qt\/#organization","name":"\u041c\u0435\u0434\u0436\u043b\u0456\u0441","url":"https:\/\/qtmm.org\/qt\/","logo":{"@type":"ImageObject","inLanguage":"qt","@id":"https:\/\/qtmm.org\/qt\/#\/schema\/logo\/image\/","url":"https:\/\/qtmm.org\/wp-content\/uploads\/2024\/12\/ua-mejlis-logo-rgb.svg","contentUrl":"https:\/\/qtmm.org\/wp-content\/uploads\/2024\/12\/ua-mejlis-logo-rgb.svg","caption":"\u041c\u0435\u0434\u0436\u043b\u0456\u0441"},"image":{"@id":"https:\/\/qtmm.org\/qt\/#\/schema\/logo\/image\/"},"sameAs":["https:\/\/www.facebook.com\/qtmm.info\/"]},{"@type":"Person","@id":"https:\/\/qtmm.org\/qt\/#\/schema\/person\/de562469f971dec226ac06e60bbf74a7","name":"Developer","image":{"@type":"ImageObject","inLanguage":"qt","@id":"https:\/\/secure.gravatar.com\/avatar\/392b4cc8fbfeb00b39dfeeab4ee6edded39ffd48e25858637e4765810300227e?s=96&d=mm&r=g","url":"https:\/\/secure.gravatar.com\/avatar\/392b4cc8fbfeb00b39dfeeab4ee6edded39ffd48e25858637e4765810300227e?s=96&d=mm&r=g","contentUrl":"https:\/\/secure.gravatar.com\/avatar\/392b4cc8fbfeb00b39dfeeab4ee6edded39ffd48e25858637e4765810300227e?s=96&d=mm&r=g","caption":"Developer"},"url":"https:\/\/qtmm.org\/qt\/author\/Developer\/"}]}},"_links":{"self":[{"href":"https:\/\/qtmm.org\/qt\/wp-json\/wp\/v2\/posts\/36627","targetHints":{"allow":["GET"]}}],"collection":[{"href":"https:\/\/qtmm.org\/qt\/wp-json\/wp\/v2\/posts"}],"about":[{"href":"https:\/\/qtmm.org\/qt\/wp-json\/wp\/v2\/types\/post"}],"author":[{"embeddable":true,"href":"https:\/\/qtmm.org\/qt\/wp-json\/wp\/v2\/users\/1"}],"replies":[{"embeddable":true,"href":"https:\/\/qtmm.org\/qt\/wp-json\/wp\/v2\/comments?post=36627"}],"version-history":[{"count":1,"href":"https:\/\/qtmm.org\/qt\/wp-json\/wp\/v2\/posts\/36627\/revisions"}],"predecessor-version":[{"id":36628,"href":"https:\/\/qtmm.org\/qt\/wp-json\/wp\/v2\/posts\/36627\/revisions\/36628"}],"wp:attachment":[{"href":"https:\/\/qtmm.org\/qt\/wp-json\/wp\/v2\/media?parent=36627"}],"wp:term":[{"taxonomy":"category","embeddable":true,"href":"https:\/\/qtmm.org\/qt\/wp-json\/wp\/v2\/categories?post=36627"},{"taxonomy":"post_tag","embeddable":true,"href":"https:\/\/qtmm.org\/qt\/wp-json\/wp\/v2\/tags?post=36627"}],"curies":[{"name":"wp","href":"https:\/\/api.w.org\/{rel}","templated":true}]}}