




{"id":36619,"date":"2013-04-18T18:43:00","date_gmt":"2013-04-18T15:43:00","guid":{"rendered":"http:\/\/qtmm.org\/?p=36619"},"modified":"2022-01-23T18:43:57","modified_gmt":"2022-01-23T15:43:57","slug":"meclis-reisi-ukraina-yuqari-surasinin-poloniya-cumhuriyeti-ile-parlamentlerara-alaqalar-boyunca-deputat-gruppasinin-tesis-toplasuvinda-istirak-etti","status":"publish","type":"post","link":"https:\/\/qtmm.org\/qt\/meclis-reisi-ukraina-yuqari-surasinin-poloniya-cumhuriyeti-ile-parlamentlerara-alaqalar-boyunca-deputat-gruppasinin-tesis-toplasuvinda-istirak-etti\/","title":{"rendered":"Meclis reisi Ukraina Yuqar\u0131 \u015euras\u0131n\u0131\u00f1 Poloniya Cumhuriyeti ile parlamentlerara al\u00e2qalar boyunca deputat gruppas\u0131n\u0131\u00f1 tesis topla\u015fuv\u0131nda i\u015ftirak etti"},"content":{"rendered":"\n<p>Meclis reisi Ukraina Yuqar\u0131 \u015euras\u0131n\u0131\u00f1 Poloniya Cumhuriyeti ile parlamentlerara al\u00e2qalar boyunca deputat gruppas\u0131n\u0131\u00f1 tesis topla\u015fuv\u0131nda i\u015ftirak etti<\/p>\n\n\n\n<p>Topla\u015fuv i\u015ftirak\u00e7ileri Ukraina ve Poloniya aras\u0131ndaki munasebetlerge dair m\u00fcim meselelerni muzakere ettiler.<br><br>Aprel 16 k\u00fcn\u00fc Ukraina Yuqar\u0131 \u015euras\u0131nda Ukraina Yuqar\u0131 \u015euras\u0131n\u0131\u00f1 Poloniya Cumhuriyeti ile parlamentlerara al\u00e2qalar boyunca deputat gruppas\u0131n\u0131\u00f1 tesis topla\u015fuv\u0131 ol\u0131p ke\u00e7ti.<\/p>\n\n\n\n<p>Topla\u015fuv i\u015ftirak\u00e7ileri Poloniya ve Ukraina aras\u0131ndaki ba\u011flar, deputat gruppas\u0131n\u0131\u00f1 i\u015f plan\u0131n\u0131 muzakere etip, qabul ettiler.<br><br>\u015eun\u0131 hat\u0131rlatmal\u0131 ki, Q\u0131r\u0131mtatar halq\u0131 Meclisini\u00f1 reisi Mustafa Cemilev T\u00fcrkiye, Poloniya ve Amerika Qo\u015fma \u015etatlar\u0131nen al\u00e2qalar boyunca parlamentlerara gruppalar\u0131n\u0131\u00f1 erk\u00e2n\u0131na da kirdi.<\/p>\n","protected":false},"excerpt":{"rendered":"<p>Meclis reisi Ukraina Yuqar\u0131 \u015euras\u0131n\u0131\u00f1 Poloniya Cumhuriyeti ile parlamentlerara al\u00e2qalar boyunca deputat gruppas\u0131n\u0131\u00f1 tesis topla\u015fuv\u0131nda i\u015ftirak etti Topla\u015fuv i\u015ftirak\u00e7ileri Ukraina ve Poloniya aras\u0131ndaki munasebetlerge dair m\u00fcim meselelerni muzakere ettiler. Aprel 16 k\u00fcn\u00fc Ukraina Yuqar\u0131 \u015euras\u0131nda Ukraina Yuqar\u0131 \u015euras\u0131n\u0131\u00f1 Poloniya Cumhuriyeti ile parlamentlerara al\u00e2qalar boyunca deputat gruppas\u0131n\u0131\u00f1 tesis topla\u015fuv\u0131 ol\u0131p ke\u00e7ti. Topla\u015fuv i\u015ftirak\u00e7ileri Poloniya ve Ukraina [&hellip;]<\/p>\n","protected":false},"author":1,"featured_media":0,"comment_status":"open","ping_status":"open","sticky":false,"template":"","format":"standard","meta":{"inline_featured_image":false,"footnotes":""},"categories":[265],"tags":[],"class_list":["post-36619","post","type-post","status-publish","format-standard","hentry","category-haberler"],"acf":[],"yoast_head":"<!-- This site is optimized with the Yoast SEO plugin v27.4 - https:\/\/yoast.com\/product\/yoast-seo-wordpress\/ -->\n<title>Meclis reisi Ukraina Yuqar\u0131 \u015euras\u0131n\u0131\u00f1 Poloniya Cumhuriyeti ile parlamentlerara al\u00e2qalar boyunca deputat gruppas\u0131n\u0131\u00f1 tesis topla\u015fuv\u0131nda i\u015ftirak etti - \u041c\u0435\u0434\u0436\u043b\u0456\u0441<\/title>\n<meta name=\"robots\" content=\"index, follow, max-snippet:-1, max-image-preview:large, max-video-preview:-1\" \/>\n<link rel=\"canonical\" href=\"https:\/\/qtmm.org\/qt\/meclis-reisi-ukraina-yuqari-surasinin-poloniya-cumhuriyeti-ile-parlamentlerara-alaqalar-boyunca-deputat-gruppasinin-tesis-toplasuvinda-istirak-etti\/\" \/>\n<meta property=\"og:locale\" content=\"en_US\" \/>\n<meta property=\"og:type\" content=\"article\" \/>\n<meta property=\"og:title\" content=\"Meclis reisi Ukraina Yuqar\u0131 \u015euras\u0131n\u0131\u00f1 Poloniya Cumhuriyeti ile parlamentlerara al\u00e2qalar boyunca deputat gruppas\u0131n\u0131\u00f1 tesis topla\u015fuv\u0131nda i\u015ftirak etti - \u041c\u0435\u0434\u0436\u043b\u0456\u0441\" \/>\n<meta property=\"og:description\" content=\"Meclis reisi Ukraina Yuqar\u0131 \u015euras\u0131n\u0131\u00f1 Poloniya Cumhuriyeti ile parlamentlerara al\u00e2qalar boyunca deputat gruppas\u0131n\u0131\u00f1 tesis topla\u015fuv\u0131nda i\u015ftirak etti Topla\u015fuv i\u015ftirak\u00e7ileri Ukraina ve Poloniya aras\u0131ndaki munasebetlerge dair m\u00fcim meselelerni muzakere ettiler. Aprel 16 k\u00fcn\u00fc Ukraina Yuqar\u0131 \u015euras\u0131nda Ukraina Yuqar\u0131 \u015euras\u0131n\u0131\u00f1 Poloniya Cumhuriyeti ile parlamentlerara al\u00e2qalar boyunca deputat gruppas\u0131n\u0131\u00f1 tesis topla\u015fuv\u0131 ol\u0131p ke\u00e7ti. Topla\u015fuv i\u015ftirak\u00e7ileri Poloniya ve Ukraina [&hellip;]\" \/>\n<meta property=\"og:url\" content=\"https:\/\/qtmm.org\/qt\/meclis-reisi-ukraina-yuqari-surasinin-poloniya-cumhuriyeti-ile-parlamentlerara-alaqalar-boyunca-deputat-gruppasinin-tesis-toplasuvinda-istirak-etti\/\" \/>\n<meta property=\"og:site_name\" content=\"\u041c\u0435\u0434\u0436\u043b\u0456\u0441\" \/>\n<meta property=\"article:publisher\" content=\"https:\/\/www.facebook.com\/qtmm.info\/\" \/>\n<meta property=\"article:published_time\" content=\"2013-04-18T15:43:00+00:00\" \/>\n<meta property=\"article:modified_time\" content=\"2022-01-23T15:43:57+00:00\" \/>\n<meta name=\"author\" content=\"Developer\" \/>\n<meta name=\"twitter:card\" content=\"summary_large_image\" \/>\n<meta name=\"twitter:label1\" content=\"Written by\" \/>\n\t<meta name=\"twitter:data1\" content=\"Developer\" \/>\n\t<meta name=\"twitter:label2\" content=\"Est. reading time\" \/>\n\t<meta name=\"twitter:data2\" content=\"1 minute\" \/>\n<script type=\"application\/ld+json\" class=\"yoast-schema-graph\">{\"@context\":\"https:\\\/\\\/schema.org\",\"@graph\":[{\"@type\":\"Article\",\"@id\":\"https:\\\/\\\/qtmm.org\\\/qt\\\/meclis-reisi-ukraina-yuqari-surasinin-poloniya-cumhuriyeti-ile-parlamentlerara-alaqalar-boyunca-deputat-gruppasinin-tesis-toplasuvinda-istirak-etti\\\/#article\",\"isPartOf\":{\"@id\":\"https:\\\/\\\/qtmm.org\\\/qt\\\/meclis-reisi-ukraina-yuqari-surasinin-poloniya-cumhuriyeti-ile-parlamentlerara-alaqalar-boyunca-deputat-gruppasinin-tesis-toplasuvinda-istirak-etti\\\/\"},\"author\":{\"name\":\"Developer\",\"@id\":\"https:\\\/\\\/qtmm.org\\\/qt\\\/#\\\/schema\\\/person\\\/de562469f971dec226ac06e60bbf74a7\"},\"headline\":\"Meclis reisi Ukraina Yuqar\u0131 \u015euras\u0131n\u0131\u00f1 Poloniya Cumhuriyeti ile parlamentlerara al\u00e2qalar boyunca deputat gruppas\u0131n\u0131\u00f1 tesis topla\u015fuv\u0131nda i\u015ftirak etti\",\"datePublished\":\"2013-04-18T15:43:00+00:00\",\"dateModified\":\"2022-01-23T15:43:57+00:00\",\"mainEntityOfPage\":{\"@id\":\"https:\\\/\\\/qtmm.org\\\/qt\\\/meclis-reisi-ukraina-yuqari-surasinin-poloniya-cumhuriyeti-ile-parlamentlerara-alaqalar-boyunca-deputat-gruppasinin-tesis-toplasuvinda-istirak-etti\\\/\"},\"wordCount\":145,\"commentCount\":0,\"publisher\":{\"@id\":\"https:\\\/\\\/qtmm.org\\\/qt\\\/#organization\"},\"articleSection\":[\"Haberler\"],\"inLanguage\":\"qt\",\"potentialAction\":[{\"@type\":\"CommentAction\",\"name\":\"Comment\",\"target\":[\"https:\\\/\\\/qtmm.org\\\/qt\\\/meclis-reisi-ukraina-yuqari-surasinin-poloniya-cumhuriyeti-ile-parlamentlerara-alaqalar-boyunca-deputat-gruppasinin-tesis-toplasuvinda-istirak-etti\\\/#respond\"]}]},{\"@type\":\"WebPage\",\"@id\":\"https:\\\/\\\/qtmm.org\\\/qt\\\/meclis-reisi-ukraina-yuqari-surasinin-poloniya-cumhuriyeti-ile-parlamentlerara-alaqalar-boyunca-deputat-gruppasinin-tesis-toplasuvinda-istirak-etti\\\/\",\"url\":\"https:\\\/\\\/qtmm.org\\\/qt\\\/meclis-reisi-ukraina-yuqari-surasinin-poloniya-cumhuriyeti-ile-parlamentlerara-alaqalar-boyunca-deputat-gruppasinin-tesis-toplasuvinda-istirak-etti\\\/\",\"name\":\"Meclis reisi Ukraina Yuqar\u0131 \u015euras\u0131n\u0131\u00f1 Poloniya Cumhuriyeti ile parlamentlerara al\u00e2qalar boyunca deputat gruppas\u0131n\u0131\u00f1 tesis topla\u015fuv\u0131nda i\u015ftirak etti - \u041c\u0435\u0434\u0436\u043b\u0456\u0441\",\"isPartOf\":{\"@id\":\"https:\\\/\\\/qtmm.org\\\/qt\\\/#website\"},\"datePublished\":\"2013-04-18T15:43:00+00:00\",\"dateModified\":\"2022-01-23T15:43:57+00:00\",\"breadcrumb\":{\"@id\":\"https:\\\/\\\/qtmm.org\\\/qt\\\/meclis-reisi-ukraina-yuqari-surasinin-poloniya-cumhuriyeti-ile-parlamentlerara-alaqalar-boyunca-deputat-gruppasinin-tesis-toplasuvinda-istirak-etti\\\/#breadcrumb\"},\"inLanguage\":\"qt\",\"potentialAction\":[{\"@type\":\"ReadAction\",\"target\":[\"https:\\\/\\\/qtmm.org\\\/qt\\\/meclis-reisi-ukraina-yuqari-surasinin-poloniya-cumhuriyeti-ile-parlamentlerara-alaqalar-boyunca-deputat-gruppasinin-tesis-toplasuvinda-istirak-etti\\\/\"]}]},{\"@type\":\"BreadcrumbList\",\"@id\":\"https:\\\/\\\/qtmm.org\\\/qt\\\/meclis-reisi-ukraina-yuqari-surasinin-poloniya-cumhuriyeti-ile-parlamentlerara-alaqalar-boyunca-deputat-gruppasinin-tesis-toplasuvinda-istirak-etti\\\/#breadcrumb\",\"itemListElement\":[{\"@type\":\"ListItem\",\"position\":1,\"name\":\"\u0413\u043e\u043b\u043e\u0432\u043d\u0430\",\"item\":\"https:\\\/\\\/qtmm.org\\\/qt\\\/\"},{\"@type\":\"ListItem\",\"position\":2,\"name\":\"Meclis reisi Ukraina Yuqar\u0131 \u015euras\u0131n\u0131\u00f1 Poloniya Cumhuriyeti ile parlamentlerara al\u00e2qalar boyunca deputat gruppas\u0131n\u0131\u00f1 tesis topla\u015fuv\u0131nda i\u015ftirak etti\"}]},{\"@type\":\"WebSite\",\"@id\":\"https:\\\/\\\/qtmm.org\\\/qt\\\/#website\",\"url\":\"https:\\\/\\\/qtmm.org\\\/qt\\\/\",\"name\":\"\u041c\u0435\u0434\u0436\u043b\u0456\u0441\",\"description\":\"\",\"publisher\":{\"@id\":\"https:\\\/\\\/qtmm.org\\\/qt\\\/#organization\"},\"potentialAction\":[{\"@type\":\"SearchAction\",\"target\":{\"@type\":\"EntryPoint\",\"urlTemplate\":\"https:\\\/\\\/qtmm.org\\\/qt\\\/?s={search_term_string}\"},\"query-input\":{\"@type\":\"PropertyValueSpecification\",\"valueRequired\":true,\"valueName\":\"search_term_string\"}}],\"inLanguage\":\"qt\"},{\"@type\":\"Organization\",\"@id\":\"https:\\\/\\\/qtmm.org\\\/qt\\\/#organization\",\"name\":\"\u041c\u0435\u0434\u0436\u043b\u0456\u0441\",\"url\":\"https:\\\/\\\/qtmm.org\\\/qt\\\/\",\"logo\":{\"@type\":\"ImageObject\",\"inLanguage\":\"qt\",\"@id\":\"https:\\\/\\\/qtmm.org\\\/qt\\\/#\\\/schema\\\/logo\\\/image\\\/\",\"url\":\"https:\\\/\\\/qtmm.org\\\/wp-content\\\/uploads\\\/2024\\\/12\\\/ua-mejlis-logo-rgb.svg\",\"contentUrl\":\"https:\\\/\\\/qtmm.org\\\/wp-content\\\/uploads\\\/2024\\\/12\\\/ua-mejlis-logo-rgb.svg\",\"caption\":\"\u041c\u0435\u0434\u0436\u043b\u0456\u0441\"},\"image\":{\"@id\":\"https:\\\/\\\/qtmm.org\\\/qt\\\/#\\\/schema\\\/logo\\\/image\\\/\"},\"sameAs\":[\"https:\\\/\\\/www.facebook.com\\\/qtmm.info\\\/\"]},{\"@type\":\"Person\",\"@id\":\"https:\\\/\\\/qtmm.org\\\/qt\\\/#\\\/schema\\\/person\\\/de562469f971dec226ac06e60bbf74a7\",\"name\":\"Developer\",\"image\":{\"@type\":\"ImageObject\",\"inLanguage\":\"qt\",\"@id\":\"https:\\\/\\\/secure.gravatar.com\\\/avatar\\\/392b4cc8fbfeb00b39dfeeab4ee6edded39ffd48e25858637e4765810300227e?s=96&d=mm&r=g\",\"url\":\"https:\\\/\\\/secure.gravatar.com\\\/avatar\\\/392b4cc8fbfeb00b39dfeeab4ee6edded39ffd48e25858637e4765810300227e?s=96&d=mm&r=g\",\"contentUrl\":\"https:\\\/\\\/secure.gravatar.com\\\/avatar\\\/392b4cc8fbfeb00b39dfeeab4ee6edded39ffd48e25858637e4765810300227e?s=96&d=mm&r=g\",\"caption\":\"Developer\"},\"url\":\"https:\\\/\\\/qtmm.org\\\/qt\\\/author\\\/Developer\\\/\"}]}<\/script>\n<!-- \/ Yoast SEO plugin. -->","yoast_head_json":{"title":"Meclis reisi Ukraina Yuqar\u0131 \u015euras\u0131n\u0131\u00f1 Poloniya Cumhuriyeti ile parlamentlerara al\u00e2qalar boyunca deputat gruppas\u0131n\u0131\u00f1 tesis topla\u015fuv\u0131nda i\u015ftirak etti - \u041c\u0435\u0434\u0436\u043b\u0456\u0441","robots":{"index":"index","follow":"follow","max-snippet":"max-snippet:-1","max-image-preview":"max-image-preview:large","max-video-preview":"max-video-preview:-1"},"canonical":"https:\/\/qtmm.org\/qt\/meclis-reisi-ukraina-yuqari-surasinin-poloniya-cumhuriyeti-ile-parlamentlerara-alaqalar-boyunca-deputat-gruppasinin-tesis-toplasuvinda-istirak-etti\/","og_locale":"en_US","og_type":"article","og_title":"Meclis reisi Ukraina Yuqar\u0131 \u015euras\u0131n\u0131\u00f1 Poloniya Cumhuriyeti ile parlamentlerara al\u00e2qalar boyunca deputat gruppas\u0131n\u0131\u00f1 tesis topla\u015fuv\u0131nda i\u015ftirak etti - \u041c\u0435\u0434\u0436\u043b\u0456\u0441","og_description":"Meclis reisi Ukraina Yuqar\u0131 \u015euras\u0131n\u0131\u00f1 Poloniya Cumhuriyeti ile parlamentlerara al\u00e2qalar boyunca deputat gruppas\u0131n\u0131\u00f1 tesis topla\u015fuv\u0131nda i\u015ftirak etti Topla\u015fuv i\u015ftirak\u00e7ileri Ukraina ve Poloniya aras\u0131ndaki munasebetlerge dair m\u00fcim meselelerni muzakere ettiler. Aprel 16 k\u00fcn\u00fc Ukraina Yuqar\u0131 \u015euras\u0131nda Ukraina Yuqar\u0131 \u015euras\u0131n\u0131\u00f1 Poloniya Cumhuriyeti ile parlamentlerara al\u00e2qalar boyunca deputat gruppas\u0131n\u0131\u00f1 tesis topla\u015fuv\u0131 ol\u0131p ke\u00e7ti. Topla\u015fuv i\u015ftirak\u00e7ileri Poloniya ve Ukraina [&hellip;]","og_url":"https:\/\/qtmm.org\/qt\/meclis-reisi-ukraina-yuqari-surasinin-poloniya-cumhuriyeti-ile-parlamentlerara-alaqalar-boyunca-deputat-gruppasinin-tesis-toplasuvinda-istirak-etti\/","og_site_name":"\u041c\u0435\u0434\u0436\u043b\u0456\u0441","article_publisher":"https:\/\/www.facebook.com\/qtmm.info\/","article_published_time":"2013-04-18T15:43:00+00:00","article_modified_time":"2022-01-23T15:43:57+00:00","author":"Developer","twitter_card":"summary_large_image","twitter_misc":{"Written by":"Developer","Est. reading time":"1 minute"},"schema":{"@context":"https:\/\/schema.org","@graph":[{"@type":"Article","@id":"https:\/\/qtmm.org\/qt\/meclis-reisi-ukraina-yuqari-surasinin-poloniya-cumhuriyeti-ile-parlamentlerara-alaqalar-boyunca-deputat-gruppasinin-tesis-toplasuvinda-istirak-etti\/#article","isPartOf":{"@id":"https:\/\/qtmm.org\/qt\/meclis-reisi-ukraina-yuqari-surasinin-poloniya-cumhuriyeti-ile-parlamentlerara-alaqalar-boyunca-deputat-gruppasinin-tesis-toplasuvinda-istirak-etti\/"},"author":{"name":"Developer","@id":"https:\/\/qtmm.org\/qt\/#\/schema\/person\/de562469f971dec226ac06e60bbf74a7"},"headline":"Meclis reisi Ukraina Yuqar\u0131 \u015euras\u0131n\u0131\u00f1 Poloniya Cumhuriyeti ile parlamentlerara al\u00e2qalar boyunca deputat gruppas\u0131n\u0131\u00f1 tesis topla\u015fuv\u0131nda i\u015ftirak etti","datePublished":"2013-04-18T15:43:00+00:00","dateModified":"2022-01-23T15:43:57+00:00","mainEntityOfPage":{"@id":"https:\/\/qtmm.org\/qt\/meclis-reisi-ukraina-yuqari-surasinin-poloniya-cumhuriyeti-ile-parlamentlerara-alaqalar-boyunca-deputat-gruppasinin-tesis-toplasuvinda-istirak-etti\/"},"wordCount":145,"commentCount":0,"publisher":{"@id":"https:\/\/qtmm.org\/qt\/#organization"},"articleSection":["Haberler"],"inLanguage":"qt","potentialAction":[{"@type":"CommentAction","name":"Comment","target":["https:\/\/qtmm.org\/qt\/meclis-reisi-ukraina-yuqari-surasinin-poloniya-cumhuriyeti-ile-parlamentlerara-alaqalar-boyunca-deputat-gruppasinin-tesis-toplasuvinda-istirak-etti\/#respond"]}]},{"@type":"WebPage","@id":"https:\/\/qtmm.org\/qt\/meclis-reisi-ukraina-yuqari-surasinin-poloniya-cumhuriyeti-ile-parlamentlerara-alaqalar-boyunca-deputat-gruppasinin-tesis-toplasuvinda-istirak-etti\/","url":"https:\/\/qtmm.org\/qt\/meclis-reisi-ukraina-yuqari-surasinin-poloniya-cumhuriyeti-ile-parlamentlerara-alaqalar-boyunca-deputat-gruppasinin-tesis-toplasuvinda-istirak-etti\/","name":"Meclis reisi Ukraina Yuqar\u0131 \u015euras\u0131n\u0131\u00f1 Poloniya Cumhuriyeti ile parlamentlerara al\u00e2qalar boyunca deputat gruppas\u0131n\u0131\u00f1 tesis topla\u015fuv\u0131nda i\u015ftirak etti - \u041c\u0435\u0434\u0436\u043b\u0456\u0441","isPartOf":{"@id":"https:\/\/qtmm.org\/qt\/#website"},"datePublished":"2013-04-18T15:43:00+00:00","dateModified":"2022-01-23T15:43:57+00:00","breadcrumb":{"@id":"https:\/\/qtmm.org\/qt\/meclis-reisi-ukraina-yuqari-surasinin-poloniya-cumhuriyeti-ile-parlamentlerara-alaqalar-boyunca-deputat-gruppasinin-tesis-toplasuvinda-istirak-etti\/#breadcrumb"},"inLanguage":"qt","potentialAction":[{"@type":"ReadAction","target":["https:\/\/qtmm.org\/qt\/meclis-reisi-ukraina-yuqari-surasinin-poloniya-cumhuriyeti-ile-parlamentlerara-alaqalar-boyunca-deputat-gruppasinin-tesis-toplasuvinda-istirak-etti\/"]}]},{"@type":"BreadcrumbList","@id":"https:\/\/qtmm.org\/qt\/meclis-reisi-ukraina-yuqari-surasinin-poloniya-cumhuriyeti-ile-parlamentlerara-alaqalar-boyunca-deputat-gruppasinin-tesis-toplasuvinda-istirak-etti\/#breadcrumb","itemListElement":[{"@type":"ListItem","position":1,"name":"\u0413\u043e\u043b\u043e\u0432\u043d\u0430","item":"https:\/\/qtmm.org\/qt\/"},{"@type":"ListItem","position":2,"name":"Meclis reisi Ukraina Yuqar\u0131 \u015euras\u0131n\u0131\u00f1 Poloniya Cumhuriyeti ile parlamentlerara al\u00e2qalar boyunca deputat gruppas\u0131n\u0131\u00f1 tesis topla\u015fuv\u0131nda i\u015ftirak etti"}]},{"@type":"WebSite","@id":"https:\/\/qtmm.org\/qt\/#website","url":"https:\/\/qtmm.org\/qt\/","name":"\u041c\u0435\u0434\u0436\u043b\u0456\u0441","description":"","publisher":{"@id":"https:\/\/qtmm.org\/qt\/#organization"},"potentialAction":[{"@type":"SearchAction","target":{"@type":"EntryPoint","urlTemplate":"https:\/\/qtmm.org\/qt\/?s={search_term_string}"},"query-input":{"@type":"PropertyValueSpecification","valueRequired":true,"valueName":"search_term_string"}}],"inLanguage":"qt"},{"@type":"Organization","@id":"https:\/\/qtmm.org\/qt\/#organization","name":"\u041c\u0435\u0434\u0436\u043b\u0456\u0441","url":"https:\/\/qtmm.org\/qt\/","logo":{"@type":"ImageObject","inLanguage":"qt","@id":"https:\/\/qtmm.org\/qt\/#\/schema\/logo\/image\/","url":"https:\/\/qtmm.org\/wp-content\/uploads\/2024\/12\/ua-mejlis-logo-rgb.svg","contentUrl":"https:\/\/qtmm.org\/wp-content\/uploads\/2024\/12\/ua-mejlis-logo-rgb.svg","caption":"\u041c\u0435\u0434\u0436\u043b\u0456\u0441"},"image":{"@id":"https:\/\/qtmm.org\/qt\/#\/schema\/logo\/image\/"},"sameAs":["https:\/\/www.facebook.com\/qtmm.info\/"]},{"@type":"Person","@id":"https:\/\/qtmm.org\/qt\/#\/schema\/person\/de562469f971dec226ac06e60bbf74a7","name":"Developer","image":{"@type":"ImageObject","inLanguage":"qt","@id":"https:\/\/secure.gravatar.com\/avatar\/392b4cc8fbfeb00b39dfeeab4ee6edded39ffd48e25858637e4765810300227e?s=96&d=mm&r=g","url":"https:\/\/secure.gravatar.com\/avatar\/392b4cc8fbfeb00b39dfeeab4ee6edded39ffd48e25858637e4765810300227e?s=96&d=mm&r=g","contentUrl":"https:\/\/secure.gravatar.com\/avatar\/392b4cc8fbfeb00b39dfeeab4ee6edded39ffd48e25858637e4765810300227e?s=96&d=mm&r=g","caption":"Developer"},"url":"https:\/\/qtmm.org\/qt\/author\/Developer\/"}]}},"_links":{"self":[{"href":"https:\/\/qtmm.org\/qt\/wp-json\/wp\/v2\/posts\/36619","targetHints":{"allow":["GET"]}}],"collection":[{"href":"https:\/\/qtmm.org\/qt\/wp-json\/wp\/v2\/posts"}],"about":[{"href":"https:\/\/qtmm.org\/qt\/wp-json\/wp\/v2\/types\/post"}],"author":[{"embeddable":true,"href":"https:\/\/qtmm.org\/qt\/wp-json\/wp\/v2\/users\/1"}],"replies":[{"embeddable":true,"href":"https:\/\/qtmm.org\/qt\/wp-json\/wp\/v2\/comments?post=36619"}],"version-history":[{"count":1,"href":"https:\/\/qtmm.org\/qt\/wp-json\/wp\/v2\/posts\/36619\/revisions"}],"predecessor-version":[{"id":36620,"href":"https:\/\/qtmm.org\/qt\/wp-json\/wp\/v2\/posts\/36619\/revisions\/36620"}],"wp:attachment":[{"href":"https:\/\/qtmm.org\/qt\/wp-json\/wp\/v2\/media?parent=36619"}],"wp:term":[{"taxonomy":"category","embeddable":true,"href":"https:\/\/qtmm.org\/qt\/wp-json\/wp\/v2\/categories?post=36619"},{"taxonomy":"post_tag","embeddable":true,"href":"https:\/\/qtmm.org\/qt\/wp-json\/wp\/v2\/tags?post=36619"}],"curies":[{"name":"wp","href":"https:\/\/api.w.org\/{rel}","templated":true}]}}