




{"id":36617,"date":"2013-04-17T18:42:00","date_gmt":"2013-04-17T15:42:00","guid":{"rendered":"http:\/\/qtmm.org\/?p=36617"},"modified":"2022-01-23T18:43:27","modified_gmt":"2022-01-23T15:43:27","slug":"meclis-reisi-mustafa-cemilev-amerika-prezidenti-barak-obamaga-bostondaki-terakt-munasebetinen-taziye-bildirdi","status":"publish","type":"post","link":"https:\/\/qtmm.org\/qt\/meclis-reisi-mustafa-cemilev-amerika-prezidenti-barak-obamaga-bostondaki-terakt-munasebetinen-taziye-bildirdi\/","title":{"rendered":"Meclis reisi Mustafa Cemilev Amerika Prezidenti Barak Obama\u011fa Bostondaki terakt munasebetinen taziye bildirdi"},"content":{"rendered":"\n<p class=\"has-text-align-right\"><strong>AMER\u0130KA QO\u015eMA \u015eTATLARINI\u00d1 PREZ\u0130DENT\u0130<br>BARAK OBAMA\u011eA<\/strong><\/p>\n\n\n\n<p class=\"has-text-align-center\"><strong>PREZ\u0130DENT AL\u0130Y CENAPLARI!<\/strong><\/p>\n\n\n\n<p>Bostonda y\u00fcz bergen terrorist aktlar\u0131 aqibetinde insan qurbanlar\u0131 aqq\u0131nda facial\u0131 haberni Q\u0131r\u0131mda b\u00fcy\u00fck keder ile ald\u0131q.<\/p>\n\n\n\n<p>20-nci as\u0131rda \u015fiddetli cezalar\u011fa ve 1944 senesi bi\u00f1lernen insanlarn\u0131\u00f1 ba\u015f\u0131na yetken s\u00fcrg\u00fcnlikke o\u011frat\u0131l\u011fan q\u0131r\u0131mtatarlar er angi ve nas\u0131l olmas\u0131n sebep ve izaatlarnen aqlan\u0131lma\u011fa t\u0131r\u0131\u015f\u0131l\u011fan zulum ve basq\u0131n\u0131 keskin qaralamaqta.<\/p>\n\n\n\n<p>Aprel 15 k\u00fcn\u00fc sadece Amerikada degil de, b\u00fct\u00fcn d\u00fcnyada Boston marafon\u0131 dep tan\u0131l\u011fan sport bayram\u0131 vaqt\u0131nda yap\u0131l\u011fan terrorist akt, on\u0131\u00f1 te\u015fkil\u00e2t\u00e7\u0131lar\u0131n\u0131\u00f1 al\u00e7aql\u0131\u011f\u0131 ve munaf\u0131ql\u0131\u011f\u0131n\u0131 k\u00f6stere.<\/p>\n\n\n\n<p>Musaade\u00f1iznen Q\u0131r\u0131mtatar halq\u0131 ve on\u0131\u00f1 toluvek\u00e2letli organ\u0131 ol\u011fan Mecis ad\u0131ndan ve \u015fahsen kendi ad\u0131mdan Sizge ve el\u00e2k ol\u011fanlarn\u0131\u00f1 yaq\u0131nlar\u0131na teren taziyelerimni bildirmege, yaralan\u011fanlar\u011fa ise tez vaq\u0131tta t\u00fczelmelerini isteyim.<\/p>\n\n\n\n<p>Eminim ki, Amerika Qo\u015fma \u015etatlar\u0131n\u0131\u00f1 halq\u0131 bu s\u0131navdan o\u00f1a has \u011furur ve mes\u00fclietliknen ke\u00e7er.<\/p>\n\n\n\n<p><strong>Mustafa Cemilev,<br>Q\u0131r\u0131mtatar halq\u0131 Meclisini\u00f1 reisi<\/strong><\/p>\n","protected":false},"excerpt":{"rendered":"<p>AMER\u0130KA QO\u015eMA \u015eTATLARINI\u00d1 PREZ\u0130DENT\u0130BARAK OBAMA\u011eA PREZ\u0130DENT AL\u0130Y CENAPLARI! Bostonda y\u00fcz bergen terrorist aktlar\u0131 aqibetinde insan qurbanlar\u0131 aqq\u0131nda facial\u0131 haberni Q\u0131r\u0131mda b\u00fcy\u00fck keder ile ald\u0131q. 20-nci as\u0131rda \u015fiddetli cezalar\u011fa ve 1944 senesi bi\u00f1lernen insanlarn\u0131\u00f1 ba\u015f\u0131na yetken s\u00fcrg\u00fcnlikke o\u011frat\u0131l\u011fan q\u0131r\u0131mtatarlar er angi ve nas\u0131l olmas\u0131n sebep ve izaatlarnen aqlan\u0131lma\u011fa t\u0131r\u0131\u015f\u0131l\u011fan zulum ve basq\u0131n\u0131 keskin qaralamaqta. Aprel 15 [&hellip;]<\/p>\n","protected":false},"author":1,"featured_media":0,"comment_status":"open","ping_status":"open","sticky":false,"template":"","format":"standard","meta":{"inline_featured_image":false,"footnotes":""},"categories":[265],"tags":[],"class_list":["post-36617","post","type-post","status-publish","format-standard","hentry","category-haberler"],"acf":[],"yoast_head":"<!-- This site is optimized with the Yoast SEO plugin v27.4 - https:\/\/yoast.com\/product\/yoast-seo-wordpress\/ -->\n<title>Meclis reisi Mustafa Cemilev Amerika Prezidenti Barak Obama\u011fa Bostondaki terakt munasebetinen taziye bildirdi - \u041c\u0435\u0434\u0436\u043b\u0456\u0441<\/title>\n<meta name=\"robots\" content=\"index, follow, max-snippet:-1, max-image-preview:large, max-video-preview:-1\" \/>\n<link rel=\"canonical\" href=\"https:\/\/qtmm.org\/qt\/meclis-reisi-mustafa-cemilev-amerika-prezidenti-barak-obamaga-bostondaki-terakt-munasebetinen-taziye-bildirdi\/\" \/>\n<meta property=\"og:locale\" content=\"en_US\" \/>\n<meta property=\"og:type\" content=\"article\" \/>\n<meta property=\"og:title\" content=\"Meclis reisi Mustafa Cemilev Amerika Prezidenti Barak Obama\u011fa Bostondaki terakt munasebetinen taziye bildirdi - \u041c\u0435\u0434\u0436\u043b\u0456\u0441\" \/>\n<meta property=\"og:description\" content=\"AMER\u0130KA QO\u015eMA \u015eTATLARINI\u00d1 PREZ\u0130DENT\u0130BARAK OBAMA\u011eA PREZ\u0130DENT AL\u0130Y CENAPLARI! Bostonda y\u00fcz bergen terrorist aktlar\u0131 aqibetinde insan qurbanlar\u0131 aqq\u0131nda facial\u0131 haberni Q\u0131r\u0131mda b\u00fcy\u00fck keder ile ald\u0131q. 20-nci as\u0131rda \u015fiddetli cezalar\u011fa ve 1944 senesi bi\u00f1lernen insanlarn\u0131\u00f1 ba\u015f\u0131na yetken s\u00fcrg\u00fcnlikke o\u011frat\u0131l\u011fan q\u0131r\u0131mtatarlar er angi ve nas\u0131l olmas\u0131n sebep ve izaatlarnen aqlan\u0131lma\u011fa t\u0131r\u0131\u015f\u0131l\u011fan zulum ve basq\u0131n\u0131 keskin qaralamaqta. Aprel 15 [&hellip;]\" \/>\n<meta property=\"og:url\" content=\"https:\/\/qtmm.org\/qt\/meclis-reisi-mustafa-cemilev-amerika-prezidenti-barak-obamaga-bostondaki-terakt-munasebetinen-taziye-bildirdi\/\" \/>\n<meta property=\"og:site_name\" content=\"\u041c\u0435\u0434\u0436\u043b\u0456\u0441\" \/>\n<meta property=\"article:publisher\" content=\"https:\/\/www.facebook.com\/qtmm.info\/\" \/>\n<meta property=\"article:published_time\" content=\"2013-04-17T15:42:00+00:00\" \/>\n<meta property=\"article:modified_time\" content=\"2022-01-23T15:43:27+00:00\" \/>\n<meta name=\"author\" content=\"Developer\" \/>\n<meta name=\"twitter:card\" content=\"summary_large_image\" \/>\n<meta name=\"twitter:label1\" content=\"Written by\" \/>\n\t<meta name=\"twitter:data1\" content=\"Developer\" \/>\n\t<meta name=\"twitter:label2\" content=\"Est. reading time\" \/>\n\t<meta name=\"twitter:data2\" content=\"1 minute\" \/>\n<script type=\"application\/ld+json\" class=\"yoast-schema-graph\">{\"@context\":\"https:\\\/\\\/schema.org\",\"@graph\":[{\"@type\":\"Article\",\"@id\":\"https:\\\/\\\/qtmm.org\\\/qt\\\/meclis-reisi-mustafa-cemilev-amerika-prezidenti-barak-obamaga-bostondaki-terakt-munasebetinen-taziye-bildirdi\\\/#article\",\"isPartOf\":{\"@id\":\"https:\\\/\\\/qtmm.org\\\/qt\\\/meclis-reisi-mustafa-cemilev-amerika-prezidenti-barak-obamaga-bostondaki-terakt-munasebetinen-taziye-bildirdi\\\/\"},\"author\":{\"name\":\"Developer\",\"@id\":\"https:\\\/\\\/qtmm.org\\\/qt\\\/#\\\/schema\\\/person\\\/de562469f971dec226ac06e60bbf74a7\"},\"headline\":\"Meclis reisi Mustafa Cemilev Amerika Prezidenti Barak Obama\u011fa Bostondaki terakt munasebetinen taziye bildirdi\",\"datePublished\":\"2013-04-17T15:42:00+00:00\",\"dateModified\":\"2022-01-23T15:43:27+00:00\",\"mainEntityOfPage\":{\"@id\":\"https:\\\/\\\/qtmm.org\\\/qt\\\/meclis-reisi-mustafa-cemilev-amerika-prezidenti-barak-obamaga-bostondaki-terakt-munasebetinen-taziye-bildirdi\\\/\"},\"wordCount\":211,\"commentCount\":0,\"publisher\":{\"@id\":\"https:\\\/\\\/qtmm.org\\\/qt\\\/#organization\"},\"articleSection\":[\"Haberler\"],\"inLanguage\":\"qt\",\"potentialAction\":[{\"@type\":\"CommentAction\",\"name\":\"Comment\",\"target\":[\"https:\\\/\\\/qtmm.org\\\/qt\\\/meclis-reisi-mustafa-cemilev-amerika-prezidenti-barak-obamaga-bostondaki-terakt-munasebetinen-taziye-bildirdi\\\/#respond\"]}]},{\"@type\":\"WebPage\",\"@id\":\"https:\\\/\\\/qtmm.org\\\/qt\\\/meclis-reisi-mustafa-cemilev-amerika-prezidenti-barak-obamaga-bostondaki-terakt-munasebetinen-taziye-bildirdi\\\/\",\"url\":\"https:\\\/\\\/qtmm.org\\\/qt\\\/meclis-reisi-mustafa-cemilev-amerika-prezidenti-barak-obamaga-bostondaki-terakt-munasebetinen-taziye-bildirdi\\\/\",\"name\":\"Meclis reisi Mustafa Cemilev Amerika Prezidenti Barak Obama\u011fa Bostondaki terakt munasebetinen taziye bildirdi - \u041c\u0435\u0434\u0436\u043b\u0456\u0441\",\"isPartOf\":{\"@id\":\"https:\\\/\\\/qtmm.org\\\/qt\\\/#website\"},\"datePublished\":\"2013-04-17T15:42:00+00:00\",\"dateModified\":\"2022-01-23T15:43:27+00:00\",\"breadcrumb\":{\"@id\":\"https:\\\/\\\/qtmm.org\\\/qt\\\/meclis-reisi-mustafa-cemilev-amerika-prezidenti-barak-obamaga-bostondaki-terakt-munasebetinen-taziye-bildirdi\\\/#breadcrumb\"},\"inLanguage\":\"qt\",\"potentialAction\":[{\"@type\":\"ReadAction\",\"target\":[\"https:\\\/\\\/qtmm.org\\\/qt\\\/meclis-reisi-mustafa-cemilev-amerika-prezidenti-barak-obamaga-bostondaki-terakt-munasebetinen-taziye-bildirdi\\\/\"]}]},{\"@type\":\"BreadcrumbList\",\"@id\":\"https:\\\/\\\/qtmm.org\\\/qt\\\/meclis-reisi-mustafa-cemilev-amerika-prezidenti-barak-obamaga-bostondaki-terakt-munasebetinen-taziye-bildirdi\\\/#breadcrumb\",\"itemListElement\":[{\"@type\":\"ListItem\",\"position\":1,\"name\":\"\u0413\u043e\u043b\u043e\u0432\u043d\u0430\",\"item\":\"https:\\\/\\\/qtmm.org\\\/qt\\\/\"},{\"@type\":\"ListItem\",\"position\":2,\"name\":\"Meclis reisi Mustafa Cemilev Amerika Prezidenti Barak Obama\u011fa Bostondaki terakt munasebetinen taziye bildirdi\"}]},{\"@type\":\"WebSite\",\"@id\":\"https:\\\/\\\/qtmm.org\\\/qt\\\/#website\",\"url\":\"https:\\\/\\\/qtmm.org\\\/qt\\\/\",\"name\":\"\u041c\u0435\u0434\u0436\u043b\u0456\u0441\",\"description\":\"\",\"publisher\":{\"@id\":\"https:\\\/\\\/qtmm.org\\\/qt\\\/#organization\"},\"potentialAction\":[{\"@type\":\"SearchAction\",\"target\":{\"@type\":\"EntryPoint\",\"urlTemplate\":\"https:\\\/\\\/qtmm.org\\\/qt\\\/?s={search_term_string}\"},\"query-input\":{\"@type\":\"PropertyValueSpecification\",\"valueRequired\":true,\"valueName\":\"search_term_string\"}}],\"inLanguage\":\"qt\"},{\"@type\":\"Organization\",\"@id\":\"https:\\\/\\\/qtmm.org\\\/qt\\\/#organization\",\"name\":\"\u041c\u0435\u0434\u0436\u043b\u0456\u0441\",\"url\":\"https:\\\/\\\/qtmm.org\\\/qt\\\/\",\"logo\":{\"@type\":\"ImageObject\",\"inLanguage\":\"qt\",\"@id\":\"https:\\\/\\\/qtmm.org\\\/qt\\\/#\\\/schema\\\/logo\\\/image\\\/\",\"url\":\"https:\\\/\\\/qtmm.org\\\/wp-content\\\/uploads\\\/2024\\\/12\\\/ua-mejlis-logo-rgb.svg\",\"contentUrl\":\"https:\\\/\\\/qtmm.org\\\/wp-content\\\/uploads\\\/2024\\\/12\\\/ua-mejlis-logo-rgb.svg\",\"caption\":\"\u041c\u0435\u0434\u0436\u043b\u0456\u0441\"},\"image\":{\"@id\":\"https:\\\/\\\/qtmm.org\\\/qt\\\/#\\\/schema\\\/logo\\\/image\\\/\"},\"sameAs\":[\"https:\\\/\\\/www.facebook.com\\\/qtmm.info\\\/\"]},{\"@type\":\"Person\",\"@id\":\"https:\\\/\\\/qtmm.org\\\/qt\\\/#\\\/schema\\\/person\\\/de562469f971dec226ac06e60bbf74a7\",\"name\":\"Developer\",\"image\":{\"@type\":\"ImageObject\",\"inLanguage\":\"qt\",\"@id\":\"https:\\\/\\\/secure.gravatar.com\\\/avatar\\\/392b4cc8fbfeb00b39dfeeab4ee6edded39ffd48e25858637e4765810300227e?s=96&d=mm&r=g\",\"url\":\"https:\\\/\\\/secure.gravatar.com\\\/avatar\\\/392b4cc8fbfeb00b39dfeeab4ee6edded39ffd48e25858637e4765810300227e?s=96&d=mm&r=g\",\"contentUrl\":\"https:\\\/\\\/secure.gravatar.com\\\/avatar\\\/392b4cc8fbfeb00b39dfeeab4ee6edded39ffd48e25858637e4765810300227e?s=96&d=mm&r=g\",\"caption\":\"Developer\"},\"url\":\"https:\\\/\\\/qtmm.org\\\/qt\\\/author\\\/Developer\\\/\"}]}<\/script>\n<!-- \/ Yoast SEO plugin. -->","yoast_head_json":{"title":"Meclis reisi Mustafa Cemilev Amerika Prezidenti Barak Obama\u011fa Bostondaki terakt munasebetinen taziye bildirdi - \u041c\u0435\u0434\u0436\u043b\u0456\u0441","robots":{"index":"index","follow":"follow","max-snippet":"max-snippet:-1","max-image-preview":"max-image-preview:large","max-video-preview":"max-video-preview:-1"},"canonical":"https:\/\/qtmm.org\/qt\/meclis-reisi-mustafa-cemilev-amerika-prezidenti-barak-obamaga-bostondaki-terakt-munasebetinen-taziye-bildirdi\/","og_locale":"en_US","og_type":"article","og_title":"Meclis reisi Mustafa Cemilev Amerika Prezidenti Barak Obama\u011fa Bostondaki terakt munasebetinen taziye bildirdi - \u041c\u0435\u0434\u0436\u043b\u0456\u0441","og_description":"AMER\u0130KA QO\u015eMA \u015eTATLARINI\u00d1 PREZ\u0130DENT\u0130BARAK OBAMA\u011eA PREZ\u0130DENT AL\u0130Y CENAPLARI! Bostonda y\u00fcz bergen terrorist aktlar\u0131 aqibetinde insan qurbanlar\u0131 aqq\u0131nda facial\u0131 haberni Q\u0131r\u0131mda b\u00fcy\u00fck keder ile ald\u0131q. 20-nci as\u0131rda \u015fiddetli cezalar\u011fa ve 1944 senesi bi\u00f1lernen insanlarn\u0131\u00f1 ba\u015f\u0131na yetken s\u00fcrg\u00fcnlikke o\u011frat\u0131l\u011fan q\u0131r\u0131mtatarlar er angi ve nas\u0131l olmas\u0131n sebep ve izaatlarnen aqlan\u0131lma\u011fa t\u0131r\u0131\u015f\u0131l\u011fan zulum ve basq\u0131n\u0131 keskin qaralamaqta. Aprel 15 [&hellip;]","og_url":"https:\/\/qtmm.org\/qt\/meclis-reisi-mustafa-cemilev-amerika-prezidenti-barak-obamaga-bostondaki-terakt-munasebetinen-taziye-bildirdi\/","og_site_name":"\u041c\u0435\u0434\u0436\u043b\u0456\u0441","article_publisher":"https:\/\/www.facebook.com\/qtmm.info\/","article_published_time":"2013-04-17T15:42:00+00:00","article_modified_time":"2022-01-23T15:43:27+00:00","author":"Developer","twitter_card":"summary_large_image","twitter_misc":{"Written by":"Developer","Est. reading time":"1 minute"},"schema":{"@context":"https:\/\/schema.org","@graph":[{"@type":"Article","@id":"https:\/\/qtmm.org\/qt\/meclis-reisi-mustafa-cemilev-amerika-prezidenti-barak-obamaga-bostondaki-terakt-munasebetinen-taziye-bildirdi\/#article","isPartOf":{"@id":"https:\/\/qtmm.org\/qt\/meclis-reisi-mustafa-cemilev-amerika-prezidenti-barak-obamaga-bostondaki-terakt-munasebetinen-taziye-bildirdi\/"},"author":{"name":"Developer","@id":"https:\/\/qtmm.org\/qt\/#\/schema\/person\/de562469f971dec226ac06e60bbf74a7"},"headline":"Meclis reisi Mustafa Cemilev Amerika Prezidenti Barak Obama\u011fa Bostondaki terakt munasebetinen taziye bildirdi","datePublished":"2013-04-17T15:42:00+00:00","dateModified":"2022-01-23T15:43:27+00:00","mainEntityOfPage":{"@id":"https:\/\/qtmm.org\/qt\/meclis-reisi-mustafa-cemilev-amerika-prezidenti-barak-obamaga-bostondaki-terakt-munasebetinen-taziye-bildirdi\/"},"wordCount":211,"commentCount":0,"publisher":{"@id":"https:\/\/qtmm.org\/qt\/#organization"},"articleSection":["Haberler"],"inLanguage":"qt","potentialAction":[{"@type":"CommentAction","name":"Comment","target":["https:\/\/qtmm.org\/qt\/meclis-reisi-mustafa-cemilev-amerika-prezidenti-barak-obamaga-bostondaki-terakt-munasebetinen-taziye-bildirdi\/#respond"]}]},{"@type":"WebPage","@id":"https:\/\/qtmm.org\/qt\/meclis-reisi-mustafa-cemilev-amerika-prezidenti-barak-obamaga-bostondaki-terakt-munasebetinen-taziye-bildirdi\/","url":"https:\/\/qtmm.org\/qt\/meclis-reisi-mustafa-cemilev-amerika-prezidenti-barak-obamaga-bostondaki-terakt-munasebetinen-taziye-bildirdi\/","name":"Meclis reisi Mustafa Cemilev Amerika Prezidenti Barak Obama\u011fa Bostondaki terakt munasebetinen taziye bildirdi - \u041c\u0435\u0434\u0436\u043b\u0456\u0441","isPartOf":{"@id":"https:\/\/qtmm.org\/qt\/#website"},"datePublished":"2013-04-17T15:42:00+00:00","dateModified":"2022-01-23T15:43:27+00:00","breadcrumb":{"@id":"https:\/\/qtmm.org\/qt\/meclis-reisi-mustafa-cemilev-amerika-prezidenti-barak-obamaga-bostondaki-terakt-munasebetinen-taziye-bildirdi\/#breadcrumb"},"inLanguage":"qt","potentialAction":[{"@type":"ReadAction","target":["https:\/\/qtmm.org\/qt\/meclis-reisi-mustafa-cemilev-amerika-prezidenti-barak-obamaga-bostondaki-terakt-munasebetinen-taziye-bildirdi\/"]}]},{"@type":"BreadcrumbList","@id":"https:\/\/qtmm.org\/qt\/meclis-reisi-mustafa-cemilev-amerika-prezidenti-barak-obamaga-bostondaki-terakt-munasebetinen-taziye-bildirdi\/#breadcrumb","itemListElement":[{"@type":"ListItem","position":1,"name":"\u0413\u043e\u043b\u043e\u0432\u043d\u0430","item":"https:\/\/qtmm.org\/qt\/"},{"@type":"ListItem","position":2,"name":"Meclis reisi Mustafa Cemilev Amerika Prezidenti Barak Obama\u011fa Bostondaki terakt munasebetinen taziye bildirdi"}]},{"@type":"WebSite","@id":"https:\/\/qtmm.org\/qt\/#website","url":"https:\/\/qtmm.org\/qt\/","name":"\u041c\u0435\u0434\u0436\u043b\u0456\u0441","description":"","publisher":{"@id":"https:\/\/qtmm.org\/qt\/#organization"},"potentialAction":[{"@type":"SearchAction","target":{"@type":"EntryPoint","urlTemplate":"https:\/\/qtmm.org\/qt\/?s={search_term_string}"},"query-input":{"@type":"PropertyValueSpecification","valueRequired":true,"valueName":"search_term_string"}}],"inLanguage":"qt"},{"@type":"Organization","@id":"https:\/\/qtmm.org\/qt\/#organization","name":"\u041c\u0435\u0434\u0436\u043b\u0456\u0441","url":"https:\/\/qtmm.org\/qt\/","logo":{"@type":"ImageObject","inLanguage":"qt","@id":"https:\/\/qtmm.org\/qt\/#\/schema\/logo\/image\/","url":"https:\/\/qtmm.org\/wp-content\/uploads\/2024\/12\/ua-mejlis-logo-rgb.svg","contentUrl":"https:\/\/qtmm.org\/wp-content\/uploads\/2024\/12\/ua-mejlis-logo-rgb.svg","caption":"\u041c\u0435\u0434\u0436\u043b\u0456\u0441"},"image":{"@id":"https:\/\/qtmm.org\/qt\/#\/schema\/logo\/image\/"},"sameAs":["https:\/\/www.facebook.com\/qtmm.info\/"]},{"@type":"Person","@id":"https:\/\/qtmm.org\/qt\/#\/schema\/person\/de562469f971dec226ac06e60bbf74a7","name":"Developer","image":{"@type":"ImageObject","inLanguage":"qt","@id":"https:\/\/secure.gravatar.com\/avatar\/392b4cc8fbfeb00b39dfeeab4ee6edded39ffd48e25858637e4765810300227e?s=96&d=mm&r=g","url":"https:\/\/secure.gravatar.com\/avatar\/392b4cc8fbfeb00b39dfeeab4ee6edded39ffd48e25858637e4765810300227e?s=96&d=mm&r=g","contentUrl":"https:\/\/secure.gravatar.com\/avatar\/392b4cc8fbfeb00b39dfeeab4ee6edded39ffd48e25858637e4765810300227e?s=96&d=mm&r=g","caption":"Developer"},"url":"https:\/\/qtmm.org\/qt\/author\/Developer\/"}]}},"_links":{"self":[{"href":"https:\/\/qtmm.org\/qt\/wp-json\/wp\/v2\/posts\/36617","targetHints":{"allow":["GET"]}}],"collection":[{"href":"https:\/\/qtmm.org\/qt\/wp-json\/wp\/v2\/posts"}],"about":[{"href":"https:\/\/qtmm.org\/qt\/wp-json\/wp\/v2\/types\/post"}],"author":[{"embeddable":true,"href":"https:\/\/qtmm.org\/qt\/wp-json\/wp\/v2\/users\/1"}],"replies":[{"embeddable":true,"href":"https:\/\/qtmm.org\/qt\/wp-json\/wp\/v2\/comments?post=36617"}],"version-history":[{"count":1,"href":"https:\/\/qtmm.org\/qt\/wp-json\/wp\/v2\/posts\/36617\/revisions"}],"predecessor-version":[{"id":36618,"href":"https:\/\/qtmm.org\/qt\/wp-json\/wp\/v2\/posts\/36617\/revisions\/36618"}],"wp:attachment":[{"href":"https:\/\/qtmm.org\/qt\/wp-json\/wp\/v2\/media?parent=36617"}],"wp:term":[{"taxonomy":"category","embeddable":true,"href":"https:\/\/qtmm.org\/qt\/wp-json\/wp\/v2\/categories?post=36617"},{"taxonomy":"post_tag","embeddable":true,"href":"https:\/\/qtmm.org\/qt\/wp-json\/wp\/v2\/tags?post=36617"}],"curies":[{"name":"wp","href":"https:\/\/api.w.org\/{rel}","templated":true}]}}